{"id":906359,"date":"2016-09-08T04:52:47","date_gmt":"2016-09-08T03:52:47","guid":{"rendered":"http:\/\/www.eldigitaldeasturias.com\/noticias\/?p=906359"},"modified":"2016-09-08T04:52:47","modified_gmt":"2016-09-08T03:52:47","slug":"lopez-vilaboa-rechaza-las-criticas-de-la-oposicion-a-las-unidades-de-gestion-clinica","status":"publish","type":"post","link":"https:\/\/www.eldigitaldeasturias.com\/noticias\/lopez-vilaboa-rechaza-las-criticas-de-la-oposicion-a-las-unidades-de-gestion-clinica\/","title":{"rendered":"L\u00f3pez Vilaboa rechaza las cr\u00edticas de la oposici\u00f3n a las unidades de gesti\u00f3n cl\u00ednica"},"content":{"rendered":"<p><img loading=\"lazy\" decoding=\"async\" class=\"alignleft size-medium wp-image-799662\" src=\"https:\/\/www.eldigitaldeasturias.com\/noticias\/wp-content\/uploads\/2015\/08\/HOSPITAL-360x235.jpg\" alt=\"HOSPITAL\" width=\"360\" height=\"235\" srcset=\"https:\/\/www.eldigitaldeasturias.com\/noticias\/wp-content\/uploads\/2015\/08\/HOSPITAL-360x235.jpg 360w, https:\/\/www.eldigitaldeasturias.com\/noticias\/wp-content\/uploads\/2015\/08\/HOSPITAL-768x502.jpg 768w, https:\/\/www.eldigitaldeasturias.com\/noticias\/wp-content\/uploads\/2015\/08\/HOSPITAL-650x425.jpg 650w, https:\/\/www.eldigitaldeasturias.com\/noticias\/wp-content\/uploads\/2015\/08\/HOSPITAL.jpg 800w\" sizes=\"auto, (max-width: 360px) 100vw, 360px\" \/>El Grupo Parlamentario Popular ha rechazado este mi\u00e9rcoles las cr\u00edticas de los partidos en la oposici\u00f3n a las unidades de gesti\u00f3n cl\u00ednica del Servicio de Salud de Castilla y Le\u00f3n y se ha preguntado d\u00f3nde est\u00e1 la privatizaci\u00f3n cuando el modelo de la Consejer\u00eda de Sanidad, que tambi\u00e9n se aplica en Asturias o Andaluc\u00eda, persigue \u00abtodo lo contrario\u00bb.<\/p>\n<p>As\u00ed lo ha asegurado el procurador &#8216;popular&#8217; Jos\u00e9 M\u00e1ximo L\u00f3pez Vilaboa en su argumentaci\u00f3n en contra a una PNL del Grupo Podemos &#8211;ha sido secundada por el resto de los partidos&#8211; que han reclamado derogar el Decreto de las unidades de gesti\u00f3n cl\u00ednica e iniciar un proceso de participaci\u00f3n para la elaboraci\u00f3n de un modelo consensuado entre los profesionales y la Administraci\u00f3n en aras a un pacto regional para la gesti\u00f3n de la sanidad p\u00fablica.<\/p>\n<p>El PP ha rechazado los \u00abargumentos inciertos\u00bb y las \u00abdescaradas mentiras\u00bb de los otros grupos en su oposici\u00f3n frontal a las unidades de gesti\u00f3n cl\u00ednica por \u00abperjuicios ideol\u00f3gicos\u00bb y \u00abfantasmas de privatizaci\u00f3n\u00bb que no existen. L\u00f3pez Vilaboa ha recordado que en los actuales planes anuales de gesti\u00f3n de los hospitales ya se fijan criterios econ\u00f3micos y ha calificado de \u00abradicalmente falso\u00bb que se vayan a modificar derechos laborales.<\/p>\n<p>El procurador &#8216;popular&#8217; ha lamentado las cr\u00edticas de la oposici\u00f3n sobre que las unidades de gesti\u00f3n cl\u00ednica se convertir\u00e1n en peque\u00f1os reinos de taifas o en cortijos, algo que, en su opini\u00f3n, dice muy poco de su consideraci\u00f3n a los profesionales a los que, seg\u00fan ha explicado, la Consejer\u00eda quiere involucrar m\u00e1s.<\/p>\n<p>Desde las filas proponentes, la procuradora de Podemos Isabel Mu\u00f1oz ha reclamado una sanidad de todos y para todos y ha reconocido la importancia de implicar a los profesionales sanitarios pero de forma menos jer\u00e1rquica y m\u00e1s horizontal, por lo que ha insistido en la necesidad de iniciar un nuevo proceso participativo para alcanzar un modelo de consenso.<\/p>\n<p>\u00abMiedo me da\u00bb, ha exclamado Mu\u00f1oz, quien ha augurado que con las unidades de gesti\u00f3n cl\u00ednica todas las malas pr\u00e1cticas que se dan ahora en los hospitales se van a ver multiplicadas por diez.<\/p>\n<p>Por su parte, la socialista Mercedes Mart\u00edn ha aclarado al PP que los centros sanitarios no se gestionan en estos momentos desde la anarqu\u00eda. \u00abHay un sinf\u00edn de problemas pero est\u00e1n obsesionados por las unidades de gesti\u00f3n cl\u00ednica\u00bb, ha ironizado la socialista, que ha recordado que la verdadera preocupaci\u00f3n de los pacientes pasa por no esperar un a\u00f1o para una ecograf\u00eda y por que se gestione con eficiencia y eficacia. \u00abQu\u00e9 trampa encierra esto\u00bb, se ha preguntado Mart\u00edn, quien ha considerado \u00abinaceptable\u00bb anteponer el dinero a la calidad asistencial.<\/p>\n<p>En el caso de Ciudadanos, el procurador Manuel Mitadiel ha dado el visto bueno a la propuesta de Podemos en pro al di\u00e1logo, a la participaci\u00f3n y al consenso si bien ha lamentado la falta de objetividad en este debate al dudar de la \u00abfe absoluta\u00bb de la Administraci\u00f3n sobre la efectividad de las unidades de gesti\u00f3n cl\u00ednica y tambi\u00e9n de los que las consideran \u00abla fuente de todos los males\u00bb.<\/p>\n<p>Dicho esto, ha considerado que el Decreto que regula las unidades de gesti\u00f3n cl\u00ednica no re\u00fane todas las condiciones necesarias y tiene \u00abmuchos defectos\u00bb por lo que ha evidenciado la contestaci\u00f3n del sector y la poca participaci\u00f3n que ofrece el sistema.<\/p>\n<p>Desde el Grupo Mixto, su portavoz, Jos\u00e9 Sarri\u00f3n, de IU, se ha mostrado radicalmente en contra de las unidades de gesti\u00f3n cl\u00ednica en l\u00ednea con lo que defienden los sindicatos, ha recordado, ante su deriva privatizadora que antepone criterios econ\u00f3micos en un servicio central como el sanitario.<\/p>\n<p>Sarri\u00f3n tambi\u00e9n ha afeado la falta de di\u00e1logo en la implantaci\u00f3n de estas unidades de gesti\u00f3n cl\u00ednica y ha avanzado que IU mantendr\u00e1 un \u00absistem\u00e1tico rechazo\u00bb a este modelo.<\/p>\n<p>Finalmente, el leonesista Luis Mariano Santos ha reconocido el derecho de cualquier gobierno a autoorganizarse pero ha cargado contra la \u00ablucha sin cuartel\u00bb entre las normas y los profesionales. Tambi\u00e9n ha compartido la advertencia de que el objetivo de esta nueva estructura es la rentabilidad, por encima de las personas, y ha aconsejado una redefinici\u00f3n del modelo.<\/p>\n<p>&nbsp;<\/p>\n<p>&nbsp;<\/p>\n","protected":false},"excerpt":{"rendered":"<p>El Grupo Parlamentario Popular ha rechazado este mi\u00e9rcoles las cr\u00edticas de los partidos en la oposici\u00f3n a las unidades de gesti\u00f3n cl\u00ednica del Servicio de Salud de Castilla y Le\u00f3n y se ha preguntado d\u00f3nde est\u00e1 la privatizaci\u00f3n cuando el modelo de la Consejer\u00eda de Sanidad, que tambi\u00e9n se aplica en Asturias o Andaluc\u00eda, persigue [&hellip;]<\/p>\n","protected":false},"author":1,"featured_media":799662,"comment_status":"closed","ping_status":"closed","sticky":false,"template":"","format":"standard","meta":{"footnotes":""},"categories":[28],"tags":[],"class_list":["post-906359","post","type-post","status-publish","format-standard","has-post-thumbnail","hentry","category-sociedad"],"aioseo_notices":[],"aioseo_head":"\n\t\t<!-- All in One SEO Pro 4.9.6.2 - aioseo.com -->\n\t<meta name=\"description\" content=\"El Grupo Parlamentario Popular ha rechazado este mi\u00e9rcoles las cr\u00edticas de los partidos en la oposici\u00f3n a las unidades de gesti\u00f3n cl\u00ednica del Servicio de Salud de Castilla y Le\u00f3n y se ha preguntado d\u00f3nde est\u00e1 la privatizaci\u00f3n cuando el modelo de la Consejer\u00eda de Sanidad, que tambi\u00e9n se aplica en Asturias o Andaluc\u00eda, persigue\" \/>\n\t<meta name=\"robots\" content=\"max-image-preview:large\" \/>\n\t<meta name=\"author\" content=\"El Digital de Asturias\"\/>\n\t<meta name=\"google-site-verification\" content=\"UA-38556648-1\" \/>\n\t<meta name=\"msvalidate.01\" content=\"7dfe9f3f1b24437ab69f4f2559babe99\" \/>\n\t<meta name=\"keywords\" content=\"sociedad\" \/>\n\t<link rel=\"canonical\" href=\"https:\/\/www.eldigitaldeasturias.com\/noticias\/lopez-vilaboa-rechaza-las-criticas-de-la-oposicion-a-las-unidades-de-gestion-clinica\/\" \/>\n\t<meta name=\"generator\" content=\"All in One SEO Pro (AIOSEO) 4.9.6.2\" \/>\n\t\t<meta property=\"og:locale\" content=\"es_ES\" \/>\n\t\t<meta property=\"og:site_name\" content=\"El Digital de Asturias\" \/>\n\t\t<meta property=\"og:type\" content=\"article\" \/>\n\t\t<meta property=\"og:title\" content=\"L\u00f3pez Vilaboa rechaza las cr\u00edticas de la oposici\u00f3n a las unidades de gesti\u00f3n cl\u00ednica - El Digital de Asturias\" \/>\n\t\t<meta property=\"og:description\" content=\"El Grupo Parlamentario Popular ha rechazado este mi\u00e9rcoles las cr\u00edticas de los partidos en la oposici\u00f3n a las unidades de gesti\u00f3n cl\u00ednica del Servicio de Salud de Castilla y Le\u00f3n y se ha preguntado d\u00f3nde est\u00e1 la privatizaci\u00f3n cuando el modelo de la Consejer\u00eda de Sanidad, que tambi\u00e9n se aplica en Asturias o Andaluc\u00eda, persigue\" \/>\n\t\t<meta property=\"og:url\" content=\"https:\/\/www.eldigitaldeasturias.com\/noticias\/lopez-vilaboa-rechaza-las-criticas-de-la-oposicion-a-las-unidades-de-gestion-clinica\/\" \/>\n\t\t<meta property=\"og:image\" content=\"https:\/\/www.eldigitaldeasturias.com\/noticias\/wp-content\/uploads\/2015\/08\/HOSPITAL.jpg\" \/>\n\t\t<meta property=\"og:image:secure_url\" content=\"https:\/\/www.eldigitaldeasturias.com\/noticias\/wp-content\/uploads\/2015\/08\/HOSPITAL.jpg\" \/>\n\t\t<meta property=\"og:image:width\" content=\"800\" \/>\n\t\t<meta property=\"og:image:height\" content=\"523\" \/>\n\t\t<meta property=\"article:tag\" content=\"sociedad\" \/>\n\t\t<meta property=\"article:published_time\" content=\"2016-09-08T03:52:47+00:00\" \/>\n\t\t<meta property=\"article:modified_time\" content=\"2016-09-08T03:52:47+00:00\" \/>\n\t\t<meta property=\"article:publisher\" content=\"https:\/\/facebook.com\/eldigitaldeasturias\" \/>\n\t\t<meta name=\"twitter:card\" content=\"summary_large_image\" \/>\n\t\t<meta name=\"twitter:title\" content=\"L\u00f3pez Vilaboa rechaza las cr\u00edticas de la oposici\u00f3n a las unidades de gesti\u00f3n cl\u00ednica - El Digital de Asturias\" \/>\n\t\t<meta name=\"twitter:description\" content=\"El Grupo Parlamentario Popular ha rechazado este mi\u00e9rcoles las cr\u00edticas de los partidos en la oposici\u00f3n a las unidades de gesti\u00f3n cl\u00ednica del Servicio de Salud de Castilla y Le\u00f3n y se ha preguntado d\u00f3nde est\u00e1 la privatizaci\u00f3n cuando el modelo de la Consejer\u00eda de Sanidad, que tambi\u00e9n se aplica en Asturias o Andaluc\u00eda, persigue\" \/>\n\t\t<meta name=\"twitter:image\" content=\"https:\/\/www.eldigitaldeasturias.com\/noticias\/wp-content\/uploads\/2015\/08\/HOSPITAL.jpg\" \/>\n\t\t<meta name=\"twitter:label1\" content=\"Escrito por\" \/>\n\t\t<meta name=\"twitter:data1\" content=\"El Digital de Asturias\" \/>\n\t\t<meta name=\"twitter:label2\" content=\"Tiempo de lectura estimado\" \/>\n\t\t<meta name=\"twitter:data2\" content=\"4 minutos\" \/>\n\t\t<script type=\"application\/ld+json\" class=\"aioseo-schema\">\n\t\t\t{\"@context\":\"https:\\\/\\\/schema.org\",\"@graph\":[{\"@type\":\"BlogPosting\",\"@id\":\"https:\\\/\\\/www.eldigitaldeasturias.com\\\/noticias\\\/lopez-vilaboa-rechaza-las-criticas-de-la-oposicion-a-las-unidades-de-gestion-clinica\\\/#blogposting\",\"name\":\"L\\u00f3pez Vilaboa rechaza las cr\\u00edticas de la oposici\\u00f3n a las unidades de gesti\\u00f3n cl\\u00ednica - El Digital de Asturias\",\"headline\":\"L\\u00f3pez Vilaboa rechaza las cr\\u00edticas de la oposici\\u00f3n a las unidades de gesti\\u00f3n cl\\u00ednica\",\"author\":{\"@id\":\"https:\\\/\\\/www.eldigitaldeasturias.com\\\/noticias\\\/author\\\/admin\\\/#author\"},\"publisher\":{\"@id\":\"https:\\\/\\\/www.eldigitaldeasturias.com\\\/noticias\\\/#organization\"},\"image\":{\"@type\":\"ImageObject\",\"url\":\"https:\\\/\\\/www.eldigitaldeasturias.com\\\/noticias\\\/wp-content\\\/uploads\\\/2015\\\/08\\\/HOSPITAL.jpg\",\"width\":800,\"height\":523},\"datePublished\":\"2016-09-08T04:52:47+02:00\",\"dateModified\":\"2016-09-08T04:52:47+02:00\",\"inLanguage\":\"es-ES\",\"mainEntityOfPage\":{\"@id\":\"https:\\\/\\\/www.eldigitaldeasturias.com\\\/noticias\\\/lopez-vilaboa-rechaza-las-criticas-de-la-oposicion-a-las-unidades-de-gestion-clinica\\\/#webpage\"},\"isPartOf\":{\"@id\":\"https:\\\/\\\/www.eldigitaldeasturias.com\\\/noticias\\\/lopez-vilaboa-rechaza-las-criticas-de-la-oposicion-a-las-unidades-de-gestion-clinica\\\/#webpage\"},\"articleSection\":\"Sociedad\"},{\"@type\":\"BreadcrumbList\",\"@id\":\"https:\\\/\\\/www.eldigitaldeasturias.com\\\/noticias\\\/lopez-vilaboa-rechaza-las-criticas-de-la-oposicion-a-las-unidades-de-gestion-clinica\\\/#breadcrumblist\",\"itemListElement\":[{\"@type\":\"ListItem\",\"@id\":\"https:\\\/\\\/www.eldigitaldeasturias.com\\\/noticias#listItem\",\"position\":1,\"name\":\"Home\",\"item\":\"https:\\\/\\\/www.eldigitaldeasturias.com\\\/noticias\",\"nextItem\":{\"@type\":\"ListItem\",\"@id\":\"https:\\\/\\\/www.eldigitaldeasturias.com\\\/noticias\\\/category\\\/sociedad\\\/#listItem\",\"name\":\"Sociedad\"}},{\"@type\":\"ListItem\",\"@id\":\"https:\\\/\\\/www.eldigitaldeasturias.com\\\/noticias\\\/category\\\/sociedad\\\/#listItem\",\"position\":2,\"name\":\"Sociedad\",\"item\":\"https:\\\/\\\/www.eldigitaldeasturias.com\\\/noticias\\\/category\\\/sociedad\\\/\",\"nextItem\":{\"@type\":\"ListItem\",\"@id\":\"https:\\\/\\\/www.eldigitaldeasturias.com\\\/noticias\\\/lopez-vilaboa-rechaza-las-criticas-de-la-oposicion-a-las-unidades-de-gestion-clinica\\\/#listItem\",\"name\":\"L\\u00f3pez Vilaboa rechaza las cr\\u00edticas de la oposici\\u00f3n a las unidades de gesti\\u00f3n cl\\u00ednica\"},\"previousItem\":{\"@type\":\"ListItem\",\"@id\":\"https:\\\/\\\/www.eldigitaldeasturias.com\\\/noticias#listItem\",\"name\":\"Home\"}},{\"@type\":\"ListItem\",\"@id\":\"https:\\\/\\\/www.eldigitaldeasturias.com\\\/noticias\\\/lopez-vilaboa-rechaza-las-criticas-de-la-oposicion-a-las-unidades-de-gestion-clinica\\\/#listItem\",\"position\":3,\"name\":\"L\\u00f3pez Vilaboa rechaza las cr\\u00edticas de la oposici\\u00f3n a las unidades de gesti\\u00f3n cl\\u00ednica\",\"previousItem\":{\"@type\":\"ListItem\",\"@id\":\"https:\\\/\\\/www.eldigitaldeasturias.com\\\/noticias\\\/category\\\/sociedad\\\/#listItem\",\"name\":\"Sociedad\"}}]},{\"@type\":\"Organization\",\"@id\":\"https:\\\/\\\/www.eldigitaldeasturias.com\\\/noticias\\\/#organization\",\"name\":\"El Digital de Asturias\",\"description\":\"Hemeroteca\",\"url\":\"https:\\\/\\\/www.eldigitaldeasturias.com\\\/noticias\\\/\",\"email\":\"info@eldigitaldeasturias.com\",\"telephone\":\"+34652131393\",\"logo\":{\"@type\":\"ImageObject\",\"url\":\"https:\\\/\\\/www.eldigitaldeasturias.com\\\/noticias\\\/wp-content\\\/uploads\\\/2020\\\/12\\\/EDA.jpg\",\"@id\":\"https:\\\/\\\/www.eldigitaldeasturias.com\\\/noticias\\\/lopez-vilaboa-rechaza-las-criticas-de-la-oposicion-a-las-unidades-de-gestion-clinica\\\/#organizationLogo\",\"width\":649,\"height\":297},\"image\":{\"@id\":\"https:\\\/\\\/www.eldigitaldeasturias.com\\\/noticias\\\/lopez-vilaboa-rechaza-las-criticas-de-la-oposicion-a-las-unidades-de-gestion-clinica\\\/#organizationLogo\"},\"sameAs\":[\"https:\\\/\\\/facebook.com\\\/eldigitaldeasturias\",\"https:\\\/\\\/www.youtube.com\\\/channel\\\/UCZP-2wLEB9Rv6erhFmqVnvg\"],\"address\":{\"@id\":\"https:\\\/\\\/www.eldigitaldeasturias.com\\\/noticias\\\/#postaladdress\",\"@type\":\"PostalAddress\",\"streetAddress\":\"san antonio 4,\",\"postalCode\":\"33430\",\"addressLocality\":\"Cand\\u00e1s\",\"addressRegion\":\"Asturias\",\"addressCountry\":\"ES\"}},{\"@type\":\"Person\",\"@id\":\"https:\\\/\\\/www.eldigitaldeasturias.com\\\/noticias\\\/author\\\/admin\\\/#author\",\"url\":\"https:\\\/\\\/www.eldigitaldeasturias.com\\\/noticias\\\/author\\\/admin\\\/\",\"name\":\"El Digital de Asturias\",\"image\":{\"@type\":\"ImageObject\",\"@id\":\"https:\\\/\\\/www.eldigitaldeasturias.com\\\/noticias\\\/lopez-vilaboa-rechaza-las-criticas-de-la-oposicion-a-las-unidades-de-gestion-clinica\\\/#authorImage\",\"url\":\"https:\\\/\\\/www.eldigitaldeasturias.com\\\/noticias\\\/wp-content\\\/litespeed\\\/avatar\\\/18677e78aa0546b92d9dbf31ec7d7668.jpg?ver=1777290358\",\"width\":96,\"height\":96,\"caption\":\"El Digital de Asturias\"}},{\"@type\":\"WebPage\",\"@id\":\"https:\\\/\\\/www.eldigitaldeasturias.com\\\/noticias\\\/lopez-vilaboa-rechaza-las-criticas-de-la-oposicion-a-las-unidades-de-gestion-clinica\\\/#webpage\",\"url\":\"https:\\\/\\\/www.eldigitaldeasturias.com\\\/noticias\\\/lopez-vilaboa-rechaza-las-criticas-de-la-oposicion-a-las-unidades-de-gestion-clinica\\\/\",\"name\":\"L\\u00f3pez Vilaboa rechaza las cr\\u00edticas de la oposici\\u00f3n a las unidades de gesti\\u00f3n cl\\u00ednica - El Digital de Asturias\",\"description\":\"El Grupo Parlamentario Popular ha rechazado este mi\\u00e9rcoles las cr\\u00edticas de los partidos en la oposici\\u00f3n a las unidades de gesti\\u00f3n cl\\u00ednica del Servicio de Salud de Castilla y Le\\u00f3n y se ha preguntado d\\u00f3nde est\\u00e1 la privatizaci\\u00f3n cuando el modelo de la Consejer\\u00eda de Sanidad, que tambi\\u00e9n se aplica en Asturias o Andaluc\\u00eda, persigue\",\"inLanguage\":\"es-ES\",\"isPartOf\":{\"@id\":\"https:\\\/\\\/www.eldigitaldeasturias.com\\\/noticias\\\/#website\"},\"breadcrumb\":{\"@id\":\"https:\\\/\\\/www.eldigitaldeasturias.com\\\/noticias\\\/lopez-vilaboa-rechaza-las-criticas-de-la-oposicion-a-las-unidades-de-gestion-clinica\\\/#breadcrumblist\"},\"author\":{\"@id\":\"https:\\\/\\\/www.eldigitaldeasturias.com\\\/noticias\\\/author\\\/admin\\\/#author\"},\"creator\":{\"@id\":\"https:\\\/\\\/www.eldigitaldeasturias.com\\\/noticias\\\/author\\\/admin\\\/#author\"},\"image\":{\"@type\":\"ImageObject\",\"url\":\"https:\\\/\\\/www.eldigitaldeasturias.com\\\/noticias\\\/wp-content\\\/uploads\\\/2015\\\/08\\\/HOSPITAL.jpg\",\"@id\":\"https:\\\/\\\/www.eldigitaldeasturias.com\\\/noticias\\\/lopez-vilaboa-rechaza-las-criticas-de-la-oposicion-a-las-unidades-de-gestion-clinica\\\/#mainImage\",\"width\":800,\"height\":523},\"primaryImageOfPage\":{\"@id\":\"https:\\\/\\\/www.eldigitaldeasturias.com\\\/noticias\\\/lopez-vilaboa-rechaza-las-criticas-de-la-oposicion-a-las-unidades-de-gestion-clinica\\\/#mainImage\"},\"datePublished\":\"2016-09-08T04:52:47+02:00\",\"dateModified\":\"2016-09-08T04:52:47+02:00\"},{\"@type\":\"WebSite\",\"@id\":\"https:\\\/\\\/www.eldigitaldeasturias.com\\\/noticias\\\/#website\",\"url\":\"https:\\\/\\\/www.eldigitaldeasturias.com\\\/noticias\\\/\",\"name\":\"El Digital de Asturias - Diario de actualidad y noticias\",\"alternateName\":\"El Digital de Asturias - Diario de actualidad y noticias\",\"description\":\"Hemeroteca\",\"inLanguage\":\"es-ES\",\"publisher\":{\"@id\":\"https:\\\/\\\/www.eldigitaldeasturias.com\\\/noticias\\\/#organization\"}}]}\n\t\t<\/script>\n\t\t<!-- All in One SEO Pro -->\r\n\t\t<title>L\u00f3pez Vilaboa rechaza las cr\u00edticas de la oposici\u00f3n a las unidades de gesti\u00f3n cl\u00ednica - El Digital de Asturias<\/title>\n\n","aioseo_head_json":{"title":"L\u00f3pez Vilaboa rechaza las cr\u00edticas de la oposici\u00f3n a las unidades de gesti\u00f3n cl\u00ednica - El Digital de Asturias","description":"El Grupo Parlamentario Popular ha rechazado este mi\u00e9rcoles las cr\u00edticas de los partidos en la oposici\u00f3n a las unidades de gesti\u00f3n cl\u00ednica del Servicio de Salud de Castilla y Le\u00f3n y se ha preguntado d\u00f3nde est\u00e1 la privatizaci\u00f3n cuando el modelo de la Consejer\u00eda de Sanidad, que tambi\u00e9n se aplica en Asturias o Andaluc\u00eda, persigue","canonical_url":"https:\/\/www.eldigitaldeasturias.com\/noticias\/lopez-vilaboa-rechaza-las-criticas-de-la-oposicion-a-las-unidades-de-gestion-clinica\/","robots":"max-image-preview:large","keywords":"sociedad","webmasterTools":{"google-site-verification":"UA-38556648-1","msvalidate.01":"7dfe9f3f1b24437ab69f4f2559babe99","miscellaneous":""},"schema":{"@context":"https:\/\/schema.org","@graph":[{"@type":"BlogPosting","@id":"https:\/\/www.eldigitaldeasturias.com\/noticias\/lopez-vilaboa-rechaza-las-criticas-de-la-oposicion-a-las-unidades-de-gestion-clinica\/#blogposting","name":"L\u00f3pez Vilaboa rechaza las cr\u00edticas de la oposici\u00f3n a las unidades de gesti\u00f3n cl\u00ednica - El Digital de Asturias","headline":"L\u00f3pez Vilaboa rechaza las cr\u00edticas de la oposici\u00f3n a las unidades de gesti\u00f3n cl\u00ednica","author":{"@id":"https:\/\/www.eldigitaldeasturias.com\/noticias\/author\/admin\/#author"},"publisher":{"@id":"https:\/\/www.eldigitaldeasturias.com\/noticias\/#organization"},"image":{"@type":"ImageObject","url":"https:\/\/www.eldigitaldeasturias.com\/noticias\/wp-content\/uploads\/2015\/08\/HOSPITAL.jpg","width":800,"height":523},"datePublished":"2016-09-08T04:52:47+02:00","dateModified":"2016-09-08T04:52:47+02:00","inLanguage":"es-ES","mainEntityOfPage":{"@id":"https:\/\/www.eldigitaldeasturias.com\/noticias\/lopez-vilaboa-rechaza-las-criticas-de-la-oposicion-a-las-unidades-de-gestion-clinica\/#webpage"},"isPartOf":{"@id":"https:\/\/www.eldigitaldeasturias.com\/noticias\/lopez-vilaboa-rechaza-las-criticas-de-la-oposicion-a-las-unidades-de-gestion-clinica\/#webpage"},"articleSection":"Sociedad"},{"@type":"BreadcrumbList","@id":"https:\/\/www.eldigitaldeasturias.com\/noticias\/lopez-vilaboa-rechaza-las-criticas-de-la-oposicion-a-las-unidades-de-gestion-clinica\/#breadcrumblist","itemListElement":[{"@type":"ListItem","@id":"https:\/\/www.eldigitaldeasturias.com\/noticias#listItem","position":1,"name":"Home","item":"https:\/\/www.eldigitaldeasturias.com\/noticias","nextItem":{"@type":"ListItem","@id":"https:\/\/www.eldigitaldeasturias.com\/noticias\/category\/sociedad\/#listItem","name":"Sociedad"}},{"@type":"ListItem","@id":"https:\/\/www.eldigitaldeasturias.com\/noticias\/category\/sociedad\/#listItem","position":2,"name":"Sociedad","item":"https:\/\/www.eldigitaldeasturias.com\/noticias\/category\/sociedad\/","nextItem":{"@type":"ListItem","@id":"https:\/\/www.eldigitaldeasturias.com\/noticias\/lopez-vilaboa-rechaza-las-criticas-de-la-oposicion-a-las-unidades-de-gestion-clinica\/#listItem","name":"L\u00f3pez Vilaboa rechaza las cr\u00edticas de la oposici\u00f3n a las unidades de gesti\u00f3n cl\u00ednica"},"previousItem":{"@type":"ListItem","@id":"https:\/\/www.eldigitaldeasturias.com\/noticias#listItem","name":"Home"}},{"@type":"ListItem","@id":"https:\/\/www.eldigitaldeasturias.com\/noticias\/lopez-vilaboa-rechaza-las-criticas-de-la-oposicion-a-las-unidades-de-gestion-clinica\/#listItem","position":3,"name":"L\u00f3pez Vilaboa rechaza las cr\u00edticas de la oposici\u00f3n a las unidades de gesti\u00f3n cl\u00ednica","previousItem":{"@type":"ListItem","@id":"https:\/\/www.eldigitaldeasturias.com\/noticias\/category\/sociedad\/#listItem","name":"Sociedad"}}]},{"@type":"Organization","@id":"https:\/\/www.eldigitaldeasturias.com\/noticias\/#organization","name":"El Digital de Asturias","description":"Hemeroteca","url":"https:\/\/www.eldigitaldeasturias.com\/noticias\/","email":"info@eldigitaldeasturias.com","telephone":"+34652131393","logo":{"@type":"ImageObject","url":"https:\/\/www.eldigitaldeasturias.com\/noticias\/wp-content\/uploads\/2020\/12\/EDA.jpg","@id":"https:\/\/www.eldigitaldeasturias.com\/noticias\/lopez-vilaboa-rechaza-las-criticas-de-la-oposicion-a-las-unidades-de-gestion-clinica\/#organizationLogo","width":649,"height":297},"image":{"@id":"https:\/\/www.eldigitaldeasturias.com\/noticias\/lopez-vilaboa-rechaza-las-criticas-de-la-oposicion-a-las-unidades-de-gestion-clinica\/#organizationLogo"},"sameAs":["https:\/\/facebook.com\/eldigitaldeasturias","https:\/\/www.youtube.com\/channel\/UCZP-2wLEB9Rv6erhFmqVnvg"],"address":{"@id":"https:\/\/www.eldigitaldeasturias.com\/noticias\/#postaladdress","@type":"PostalAddress","streetAddress":"san antonio 4,","postalCode":"33430","addressLocality":"Cand\u00e1s","addressRegion":"Asturias","addressCountry":"ES"}},{"@type":"Person","@id":"https:\/\/www.eldigitaldeasturias.com\/noticias\/author\/admin\/#author","url":"https:\/\/www.eldigitaldeasturias.com\/noticias\/author\/admin\/","name":"El Digital de Asturias","image":{"@type":"ImageObject","@id":"https:\/\/www.eldigitaldeasturias.com\/noticias\/lopez-vilaboa-rechaza-las-criticas-de-la-oposicion-a-las-unidades-de-gestion-clinica\/#authorImage","url":"https:\/\/www.eldigitaldeasturias.com\/noticias\/wp-content\/litespeed\/avatar\/18677e78aa0546b92d9dbf31ec7d7668.jpg?ver=1777290358","width":96,"height":96,"caption":"El Digital de Asturias"}},{"@type":"WebPage","@id":"https:\/\/www.eldigitaldeasturias.com\/noticias\/lopez-vilaboa-rechaza-las-criticas-de-la-oposicion-a-las-unidades-de-gestion-clinica\/#webpage","url":"https:\/\/www.eldigitaldeasturias.com\/noticias\/lopez-vilaboa-rechaza-las-criticas-de-la-oposicion-a-las-unidades-de-gestion-clinica\/","name":"L\u00f3pez Vilaboa rechaza las cr\u00edticas de la oposici\u00f3n a las unidades de gesti\u00f3n cl\u00ednica - El Digital de Asturias","description":"El Grupo Parlamentario Popular ha rechazado este mi\u00e9rcoles las cr\u00edticas de los partidos en la oposici\u00f3n a las unidades de gesti\u00f3n cl\u00ednica del Servicio de Salud de Castilla y Le\u00f3n y se ha preguntado d\u00f3nde est\u00e1 la privatizaci\u00f3n cuando el modelo de la Consejer\u00eda de Sanidad, que tambi\u00e9n se aplica en Asturias o Andaluc\u00eda, persigue","inLanguage":"es-ES","isPartOf":{"@id":"https:\/\/www.eldigitaldeasturias.com\/noticias\/#website"},"breadcrumb":{"@id":"https:\/\/www.eldigitaldeasturias.com\/noticias\/lopez-vilaboa-rechaza-las-criticas-de-la-oposicion-a-las-unidades-de-gestion-clinica\/#breadcrumblist"},"author":{"@id":"https:\/\/www.eldigitaldeasturias.com\/noticias\/author\/admin\/#author"},"creator":{"@id":"https:\/\/www.eldigitaldeasturias.com\/noticias\/author\/admin\/#author"},"image":{"@type":"ImageObject","url":"https:\/\/www.eldigitaldeasturias.com\/noticias\/wp-content\/uploads\/2015\/08\/HOSPITAL.jpg","@id":"https:\/\/www.eldigitaldeasturias.com\/noticias\/lopez-vilaboa-rechaza-las-criticas-de-la-oposicion-a-las-unidades-de-gestion-clinica\/#mainImage","width":800,"height":523},"primaryImageOfPage":{"@id":"https:\/\/www.eldigitaldeasturias.com\/noticias\/lopez-vilaboa-rechaza-las-criticas-de-la-oposicion-a-las-unidades-de-gestion-clinica\/#mainImage"},"datePublished":"2016-09-08T04:52:47+02:00","dateModified":"2016-09-08T04:52:47+02:00"},{"@type":"WebSite","@id":"https:\/\/www.eldigitaldeasturias.com\/noticias\/#website","url":"https:\/\/www.eldigitaldeasturias.com\/noticias\/","name":"El Digital de Asturias - Diario de actualidad y noticias","alternateName":"El Digital de Asturias - Diario de actualidad y noticias","description":"Hemeroteca","inLanguage":"es-ES","publisher":{"@id":"https:\/\/www.eldigitaldeasturias.com\/noticias\/#organization"}}]},"og:locale":"es_ES","og:site_name":"El Digital de Asturias","og:type":"article","og:title":"L\u00f3pez Vilaboa rechaza las cr\u00edticas de la oposici\u00f3n a las unidades de gesti\u00f3n cl\u00ednica - El Digital de Asturias","og:description":"El Grupo Parlamentario Popular ha rechazado este mi\u00e9rcoles las cr\u00edticas de los partidos en la oposici\u00f3n a las unidades de gesti\u00f3n cl\u00ednica del Servicio de Salud de Castilla y Le\u00f3n y se ha preguntado d\u00f3nde est\u00e1 la privatizaci\u00f3n cuando el modelo de la Consejer\u00eda de Sanidad, que tambi\u00e9n se aplica en Asturias o Andaluc\u00eda, persigue","og:url":"https:\/\/www.eldigitaldeasturias.com\/noticias\/lopez-vilaboa-rechaza-las-criticas-de-la-oposicion-a-las-unidades-de-gestion-clinica\/","og:image":"https:\/\/www.eldigitaldeasturias.com\/noticias\/wp-content\/uploads\/2015\/08\/HOSPITAL.jpg","og:image:secure_url":"https:\/\/www.eldigitaldeasturias.com\/noticias\/wp-content\/uploads\/2015\/08\/HOSPITAL.jpg","og:image:width":800,"og:image:height":523,"article:tag":["sociedad"],"article:published_time":"2016-09-08T03:52:47+00:00","article:modified_time":"2016-09-08T03:52:47+00:00","article:publisher":"https:\/\/facebook.com\/eldigitaldeasturias","twitter:card":"summary_large_image","twitter:title":"L\u00f3pez Vilaboa rechaza las cr\u00edticas de la oposici\u00f3n a las unidades de gesti\u00f3n cl\u00ednica - El Digital de Asturias","twitter:description":"El Grupo Parlamentario Popular ha rechazado este mi\u00e9rcoles las cr\u00edticas de los partidos en la oposici\u00f3n a las unidades de gesti\u00f3n cl\u00ednica del Servicio de Salud de Castilla y Le\u00f3n y se ha preguntado d\u00f3nde est\u00e1 la privatizaci\u00f3n cuando el modelo de la Consejer\u00eda de Sanidad, que tambi\u00e9n se aplica en Asturias o Andaluc\u00eda, persigue","twitter:image":"https:\/\/www.eldigitaldeasturias.com\/noticias\/wp-content\/uploads\/2015\/08\/HOSPITAL.jpg","twitter:label1":"Escrito por","twitter:data1":"El Digital de Asturias","twitter:label2":"Tiempo de lectura estimado","twitter:data2":"4 minutos"},"aioseo_meta_data":{"post_id":"906359","title":null,"description":null,"keywords":null,"keyphrases":null,"primary_term":null,"canonical_url":null,"og_title":null,"og_description":null,"og_object_type":"default","og_image_type":"default","og_image_url":null,"og_image_width":null,"og_image_height":null,"og_image_custom_url":null,"og_image_custom_fields":null,"og_video":null,"og_custom_url":null,"og_article_section":null,"og_article_tags":null,"twitter_use_og":false,"twitter_card":"default","twitter_image_type":"default","twitter_image_url":null,"twitter_image_custom_url":null,"twitter_image_custom_fields":null,"twitter_title":null,"twitter_description":null,"schema":{"blockGraphs":[],"customGraphs":[],"default":{"data":{"Article":[],"Course":[],"Dataset":[],"FAQPage":[],"Movie":[],"Person":[],"Product":[],"ProductReview":[],"Car":[],"Recipe":[],"Service":[],"SoftwareApplication":[],"WebPage":[]},"graphName":"","isEnabled":true},"graphs":[],"defaultGraph":"","defaultPostTypeGraph":""},"schema_type":null,"schema_type_options":null,"pillar_content":false,"robots_default":true,"robots_noindex":false,"robots_noarchive":false,"robots_nosnippet":false,"robots_nofollow":false,"robots_noimageindex":false,"robots_noodp":false,"robots_notranslate":false,"robots_max_snippet":null,"robots_max_videopreview":null,"robots_max_imagepreview":"large","priority":null,"frequency":null,"local_seo":null,"seo_analyzer_scan_date":"2025-11-30 08:46:20","breadcrumb_settings":null,"limit_modified_date":false,"open_ai":null,"ai":null,"created":"2020-12-21 14:01:55","updated":"2025-11-30 08:46:20"},"aioseo_breadcrumb":"<div class=\"aioseo-breadcrumbs\"><span class=\"aioseo-breadcrumb\">\n\t<a href=\"https:\/\/www.eldigitaldeasturias.com\/noticias\" title=\"Home\">Home<\/a>\n<\/span><span class=\"aioseo-breadcrumb-separator\">\u2013<\/span><span class=\"aioseo-breadcrumb\">\n\t<a href=\"https:\/\/www.eldigitaldeasturias.com\/noticias\/category\/sociedad\/\" title=\"Sociedad\">Sociedad<\/a>\n<\/span><span class=\"aioseo-breadcrumb-separator\">\u2013<\/span><span class=\"aioseo-breadcrumb\">\n\t<a href=\"https:\/\/www.eldigitaldeasturias.com\/noticias\/lopez-vilaboa-rechaza-las-criticas-de-la-oposicion-a-las-unidades-de-gestion-clinica\/\" title=\"L\u00f3pez Vilaboa rechaza las cr\u00edticas de la oposici\u00f3n a las unidades de gesti\u00f3n cl\u00ednica\">L\u00f3pez Vilaboa rechaza las cr\u00edticas de la oposici\u00f3n a las unidades de gesti\u00f3n cl\u00ednica<\/a>\n<\/span><\/div>","aioseo_breadcrumb_json":[{"label":"Home","link":"https:\/\/www.eldigitaldeasturias.com\/noticias"},{"label":"Sociedad","link":"https:\/\/www.eldigitaldeasturias.com\/noticias\/category\/sociedad\/"},{"label":"L\u00f3pez Vilaboa rechaza las cr\u00edticas de la oposici\u00f3n a las unidades de gesti\u00f3n cl\u00ednica","link":"https:\/\/www.eldigitaldeasturias.com\/noticias\/lopez-vilaboa-rechaza-las-criticas-de-la-oposicion-a-las-unidades-de-gestion-clinica\/"}],"_links":{"self":[{"href":"https:\/\/www.eldigitaldeasturias.com\/noticias\/wp-json\/wp\/v2\/posts\/906359","targetHints":{"allow":["GET"]}}],"collection":[{"href":"https:\/\/www.eldigitaldeasturias.com\/noticias\/wp-json\/wp\/v2\/posts"}],"about":[{"href":"https:\/\/www.eldigitaldeasturias.com\/noticias\/wp-json\/wp\/v2\/types\/post"}],"author":[{"embeddable":true,"href":"https:\/\/www.eldigitaldeasturias.com\/noticias\/wp-json\/wp\/v2\/users\/1"}],"replies":[{"embeddable":true,"href":"https:\/\/www.eldigitaldeasturias.com\/noticias\/wp-json\/wp\/v2\/comments?post=906359"}],"version-history":[{"count":0,"href":"https:\/\/www.eldigitaldeasturias.com\/noticias\/wp-json\/wp\/v2\/posts\/906359\/revisions"}],"wp:featuredmedia":[{"embeddable":true,"href":"https:\/\/www.eldigitaldeasturias.com\/noticias\/wp-json\/wp\/v2\/media\/799662"}],"wp:attachment":[{"href":"https:\/\/www.eldigitaldeasturias.com\/noticias\/wp-json\/wp\/v2\/media?parent=906359"}],"wp:term":[{"taxonomy":"category","embeddable":true,"href":"https:\/\/www.eldigitaldeasturias.com\/noticias\/wp-json\/wp\/v2\/categories?post=906359"},{"taxonomy":"post_tag","embeddable":true,"href":"https:\/\/www.eldigitaldeasturias.com\/noticias\/wp-json\/wp\/v2\/tags?post=906359"}],"curies":[{"name":"wp","href":"https:\/\/api.w.org\/{rel}","templated":true}]}}