{"id":906353,"date":"2016-09-08T04:46:16","date_gmt":"2016-09-08T03:46:16","guid":{"rendered":"http:\/\/www.eldigitaldeasturias.com\/noticias\/?p=906353"},"modified":"2016-09-08T04:46:16","modified_gmt":"2016-09-08T03:46:16","slug":"la-escritora-isabel-bono-galardonada-con-el-premio-de-novela-cafe-gijon-2016","status":"publish","type":"post","link":"https:\/\/www.eldigitaldeasturias.com\/noticias\/la-escritora-isabel-bono-galardonada-con-el-premio-de-novela-cafe-gijon-2016\/","title":{"rendered":"La escritora Isabel Bono galardonada con el Premio de Novela Caf\u00e9 Gij\u00f3n 2016"},"content":{"rendered":"<p><img loading=\"lazy\" decoding=\"async\" class=\"alignleft size-medium wp-image-906354\" src=\"https:\/\/www.eldigitaldeasturias.com\/noticias\/wp-content\/uploads\/2016\/09\/fotonoticia_20160907141412_800-360x270.jpg\" alt=\"fotonoticia_20160907141412_800\" width=\"360\" height=\"270\" srcset=\"https:\/\/www.eldigitaldeasturias.com\/noticias\/wp-content\/uploads\/2016\/09\/fotonoticia_20160907141412_800-360x270.jpg 360w, https:\/\/www.eldigitaldeasturias.com\/noticias\/wp-content\/uploads\/2016\/09\/fotonoticia_20160907141412_800-768x576.jpg 768w, https:\/\/www.eldigitaldeasturias.com\/noticias\/wp-content\/uploads\/2016\/09\/fotonoticia_20160907141412_800-650x488.jpg 650w, https:\/\/www.eldigitaldeasturias.com\/noticias\/wp-content\/uploads\/2016\/09\/fotonoticia_20160907141412_800-125x95.jpg 125w, https:\/\/www.eldigitaldeasturias.com\/noticias\/wp-content\/uploads\/2016\/09\/fotonoticia_20160907141412_800-100x75.jpg 100w, https:\/\/www.eldigitaldeasturias.com\/noticias\/wp-content\/uploads\/2016\/09\/fotonoticia_20160907141412_800.jpg 800w\" sizes=\"auto, (max-width: 360px) 100vw, 360px\" \/>La escritora Isabel Bono ha sido la ganadora de la 66\u00aa edici\u00f3n del Premio de Novela Caf\u00e9 Gij\u00f3n 2016 con su obra una &#8216;Una casa en Bleturge&#8217;, un libro sobre \u00abla soledad y el dolor\u00bb de una familia tras la muerte prematura de un hijo.<\/p>\n<p>En esta edici\u00f3n ha repetido el jurado de la edici\u00f3n anterior, compuesto por Mercedes Monmany, Antonio Colinas, Marcos Giralt Torrente, Jos\u00e9 Mar\u00eda Guelbenzu y Rosa Reg\u00e1s, \u00e9sta \u00faltima en calidad de presidenta. Actuando como secretaria ha estado Patricia Men\u00e9ndez Benavente.<\/p>\n<p>El jurado, ha destacado de la obra \u00abno solo la indudable calidad literaria\u00bb, sino tambi\u00e9n el car\u00e1cter \u00absumamente original y exigente\u00bb de la obra. Seg\u00fan ha relatado Reg\u00e1s, encargada de anunciar el premio, Bono \u00abha sabido elegir el tono de cada uno de los personajes de esta tragedia familiar expresando los sentimientos que les unen y les separan\u00bb.<\/p>\n<p>\u00abCada una de las voces es cre\u00edble. Cada una de las situaciones que viven, cada una de las man\u00edas que los dominan y cada uno de los miedos que padecen, son del todo veros\u00edmiles. La disecci\u00f3n, a veces cortante, es tan perfecta que resulta tierna, cruel y realmente emocionante\u00bb, ha se\u00f1alado.<\/p>\n<p><strong>LA PRIMERA NOVELA DE BONO<\/strong><\/p>\n<p>&#8216;Una casa en Bleturge&#8217; es la primera novela de Bono en la que narra la historia de un matrimonio que ha perdido un hijo y tambi\u00e9n tiene una hija \u00abque parece que estorba\u00bb. El fallecimiento prematuro del hijo es el eje sobre el cual gira toda la vida de este n\u00facleo familiar que se gasta: la hija se siente culpable y su padre se lo recuerda, mientras que el matrimonio carga con su culpa cada uno por su lado \u00abcon una soledad inmensa\u00bb.<\/p>\n<p>Bleturge &#8211;nombre ficticio&#8211; es una casa en la que la madre de la familia, ama de casa, se refugia para buscar esa paz y soledad que su vida no le permite.<\/p>\n<p>\u00abYo quer\u00eda tocar la soledad y el dolor, porque nunca se gastan\u00bb, ha explicado Bono sobre su libro. \u00abEmocionada\u00bb tras saber que hab\u00eda recibido el premio entre unos 800 candidatos que se presentaron, ha destacado como cualidades de su obra que \u00abes cortita y si entras no te aburres\u00bb.<\/p>\n<p>Adem\u00e1s, ha explicado que est\u00e1 escrito cada cap\u00edtulo de manera que \u00abcada uno fuera una historia casi independiente\u00bb. As\u00ed, el lector puede ir leyendo su obra por cap\u00edtulos completando una historia y \u00abretomarlo con el paso del tiempo\u00bb.<\/p>\n<p><strong>UNA HISTORIA \u00abN\u00d3RDICA\u00bb<\/strong><\/p>\n<p>Bono ha contado que escribi\u00f3 su primer cuento con 7 a\u00f1os a pesar de que en el colegio \u00abodiaba\u00bb la literatura y acab\u00f3 estudiando ciencia. Sin embargo, con el tiempo \u00ablleg\u00f3 la poes\u00eda\u00bb y en 2008 la idea de esta novela ahora premiada. \u00abComenc\u00e9 a leer autores n\u00f3rdicos y me sent\u00ed c\u00f3moda y empec\u00e9 a escribir como si fuera n\u00f3rdica\u00bb, ha bromeado la escritora.<\/p>\n<p>El empuj\u00f3n para acabarla se lo dio, precisamente, el anuncio de la convocatoria del Premio de Novela Caf\u00e9 Gij\u00f3n, del que se enter\u00f3 durante un viaje a Madrid.<\/p>\n<p>Sobre su estilo, Bono ha apuntado que \u00abse nota\u00bb que no es fil\u00f3loga, aunque le gustar\u00eda \u00abque en un futuro se notara\u00bb. Del mismo modo, ha indicado que se inspira en lo que ve y que si presencia una escena que le gusta comienza a \u00abescribir en la cabeza\u00bb.<\/p>\n<p><strong>20.000 EUROS DE PREMIO<\/strong><\/p>\n<p>&#8216;Una casa en Bleturge&#8217; ser\u00e1 publicada por Siruela a principios del pr\u00f3ximo a\u00f1o. Esta ser\u00e1 la novena vez que esta editorial se encargue de esta tarea despu\u00e9s de la publicaci\u00f3n de &#8216;El cuarto de las estrellas&#8217;, de Jos\u00e9 Antonio Garriga Vela; &#8216;Madre m\u00eda, que est\u00e1s en los infiernos&#8217;, de Carmen Jim\u00e9nez o &#8216;El juego sigue sin m\u00ed&#8217;, de Mart\u00edn Casariego, entre otras obras ganadoras en las ediciones anteriores.<\/p>\n<p>Este certamen literario es uno de los m\u00e1s antiguos del panorama nacional y cuenta con una dotaci\u00f3n econ\u00f3mica de 20.000 euros. El Premio de Novela Caf\u00e9 Gij\u00f3n fue instituido en 1949 como r\u00e9plica del prestigioso Premio Nadal que se convocaba en Barcelona. La idea provino del actor Fernando Fern\u00e1n G\u00f3mez y un grupo de amigos con los que compart\u00eda tertulia en el caf\u00e9 del Paseo de Recoletos, entre los que se encontraban Camilo Jos\u00e9 Cela, Jos\u00e9 Garc\u00eda Nieto, Manuel Aleixandre, Eduardo Haro Tecglen.<\/p>\n<p>El ganador del a\u00f1o pasado fue Miguel \u00c1ngel Gonz\u00e1lez por &#8216;Todos los miedos&#8217;. Desde 1989, el Ayuntamiento de Gij\u00f3n es el encargado del patrocinio y la organizaci\u00f3n de este premio, que cuenta en su n\u00f3mina de ganadores con autores de la talla de Carmen Mart\u00edn Gaite, Eduardo Mendicutti, Luis Mateo D\u00edez, Luis del Val, Fernando Qui\u00f1ones, Jos\u00e9 Carlos Somoza, L\u00e1zaro Covadlo o Fernando Luis Chivite.<\/p>\n<p>&nbsp;<\/p>\n","protected":false},"excerpt":{"rendered":"<p>La escritora Isabel Bono ha sido la ganadora de la 66\u00aa edici\u00f3n del Premio de Novela Caf\u00e9 Gij\u00f3n 2016 con su obra una &#8216;Una casa en Bleturge&#8217;, un libro sobre \u00abla soledad y el dolor\u00bb de una familia tras la muerte prematura de un hijo. En esta edici\u00f3n ha repetido el jurado de la edici\u00f3n [&hellip;]<\/p>\n","protected":false},"author":1,"featured_media":906354,"comment_status":"closed","ping_status":"closed","sticky":false,"template":"","format":"standard","meta":{"footnotes":""},"categories":[50],"tags":[],"class_list":["post-906353","post","type-post","status-publish","format-standard","has-post-thumbnail","hentry","category-revista-de-ocio"],"aioseo_notices":[],"aioseo_head":"\n\t\t<!-- All in One SEO Pro 4.9.6.2 - aioseo.com -->\n\t<meta name=\"description\" content=\"La escritora Isabel Bono ha sido la ganadora de la 66\u00aa edici\u00f3n del Premio de Novela Caf\u00e9 Gij\u00f3n 2016 con su obra una &#039;Una casa en Bleturge&#039;, un libro sobre &quot;la soledad y el dolor&quot; de una familia tras la muerte prematura de un hijo. En esta edici\u00f3n ha repetido el jurado de la edici\u00f3n\" \/>\n\t<meta name=\"robots\" content=\"max-image-preview:large\" \/>\n\t<meta name=\"author\" content=\"El Digital de Asturias\"\/>\n\t<meta name=\"google-site-verification\" content=\"UA-38556648-1\" \/>\n\t<meta name=\"msvalidate.01\" content=\"7dfe9f3f1b24437ab69f4f2559babe99\" \/>\n\t<meta name=\"keywords\" content=\"revista de ocio\" \/>\n\t<link rel=\"canonical\" href=\"https:\/\/www.eldigitaldeasturias.com\/noticias\/la-escritora-isabel-bono-galardonada-con-el-premio-de-novela-cafe-gijon-2016\/\" \/>\n\t<meta name=\"generator\" content=\"All in One SEO Pro (AIOSEO) 4.9.6.2\" \/>\n\t\t<meta property=\"og:locale\" content=\"es_ES\" \/>\n\t\t<meta property=\"og:site_name\" content=\"El Digital de Asturias\" \/>\n\t\t<meta property=\"og:type\" content=\"article\" \/>\n\t\t<meta property=\"og:title\" content=\"La escritora Isabel Bono galardonada con el Premio de Novela Caf\u00e9 Gij\u00f3n 2016 - El Digital de Asturias\" \/>\n\t\t<meta property=\"og:description\" content=\"La escritora Isabel Bono ha sido la ganadora de la 66\u00aa edici\u00f3n del Premio de Novela Caf\u00e9 Gij\u00f3n 2016 con su obra una &#039;Una casa en Bleturge&#039;, un libro sobre &quot;la soledad y el dolor&quot; de una familia tras la muerte prematura de un hijo. En esta edici\u00f3n ha repetido el jurado de la edici\u00f3n\" \/>\n\t\t<meta property=\"og:url\" content=\"https:\/\/www.eldigitaldeasturias.com\/noticias\/la-escritora-isabel-bono-galardonada-con-el-premio-de-novela-cafe-gijon-2016\/\" \/>\n\t\t<meta property=\"og:image\" content=\"https:\/\/www.eldigitaldeasturias.com\/noticias\/wp-content\/uploads\/2016\/09\/fotonoticia_20160907141412_800.jpg\" \/>\n\t\t<meta property=\"og:image:secure_url\" content=\"https:\/\/www.eldigitaldeasturias.com\/noticias\/wp-content\/uploads\/2016\/09\/fotonoticia_20160907141412_800.jpg\" \/>\n\t\t<meta property=\"og:image:width\" content=\"800\" \/>\n\t\t<meta property=\"og:image:height\" content=\"600\" \/>\n\t\t<meta property=\"article:tag\" content=\"revista de ocio\" \/>\n\t\t<meta property=\"article:published_time\" content=\"2016-09-08T03:46:16+00:00\" \/>\n\t\t<meta property=\"article:modified_time\" content=\"2016-09-08T03:46:16+00:00\" \/>\n\t\t<meta property=\"article:publisher\" content=\"https:\/\/facebook.com\/eldigitaldeasturias\" \/>\n\t\t<meta name=\"twitter:card\" content=\"summary_large_image\" \/>\n\t\t<meta name=\"twitter:title\" content=\"La escritora Isabel Bono galardonada con el Premio de Novela Caf\u00e9 Gij\u00f3n 2016 - El Digital de Asturias\" \/>\n\t\t<meta name=\"twitter:description\" content=\"La escritora Isabel Bono ha sido la ganadora de la 66\u00aa edici\u00f3n del Premio de Novela Caf\u00e9 Gij\u00f3n 2016 con su obra una &#039;Una casa en Bleturge&#039;, un libro sobre &quot;la soledad y el dolor&quot; de una familia tras la muerte prematura de un hijo. En esta edici\u00f3n ha repetido el jurado de la edici\u00f3n\" \/>\n\t\t<meta name=\"twitter:image\" content=\"https:\/\/www.eldigitaldeasturias.com\/noticias\/wp-content\/uploads\/2016\/09\/fotonoticia_20160907141412_800.jpg\" \/>\n\t\t<meta name=\"twitter:label1\" content=\"Escrito por\" \/>\n\t\t<meta name=\"twitter:data1\" content=\"El Digital de Asturias\" \/>\n\t\t<meta name=\"twitter:label2\" content=\"Tiempo de lectura estimado\" \/>\n\t\t<meta name=\"twitter:data2\" content=\"4 minutos\" \/>\n\t\t<script type=\"application\/ld+json\" class=\"aioseo-schema\">\n\t\t\t{\"@context\":\"https:\\\/\\\/schema.org\",\"@graph\":[{\"@type\":\"BlogPosting\",\"@id\":\"https:\\\/\\\/www.eldigitaldeasturias.com\\\/noticias\\\/la-escritora-isabel-bono-galardonada-con-el-premio-de-novela-cafe-gijon-2016\\\/#blogposting\",\"name\":\"La escritora Isabel Bono galardonada con el Premio de Novela Caf\\u00e9 Gij\\u00f3n 2016 - El Digital de Asturias\",\"headline\":\"La escritora Isabel Bono galardonada con el Premio de Novela Caf\\u00e9 Gij\\u00f3n 2016\",\"author\":{\"@id\":\"https:\\\/\\\/www.eldigitaldeasturias.com\\\/noticias\\\/author\\\/admin\\\/#author\"},\"publisher\":{\"@id\":\"https:\\\/\\\/www.eldigitaldeasturias.com\\\/noticias\\\/#organization\"},\"image\":{\"@type\":\"ImageObject\",\"url\":\"https:\\\/\\\/www.eldigitaldeasturias.com\\\/noticias\\\/wp-content\\\/uploads\\\/2016\\\/09\\\/fotonoticia_20160907141412_800.jpg\",\"width\":800,\"height\":600},\"datePublished\":\"2016-09-08T04:46:16+02:00\",\"dateModified\":\"2016-09-08T04:46:16+02:00\",\"inLanguage\":\"es-ES\",\"mainEntityOfPage\":{\"@id\":\"https:\\\/\\\/www.eldigitaldeasturias.com\\\/noticias\\\/la-escritora-isabel-bono-galardonada-con-el-premio-de-novela-cafe-gijon-2016\\\/#webpage\"},\"isPartOf\":{\"@id\":\"https:\\\/\\\/www.eldigitaldeasturias.com\\\/noticias\\\/la-escritora-isabel-bono-galardonada-con-el-premio-de-novela-cafe-gijon-2016\\\/#webpage\"},\"articleSection\":\"Revista de Ocio\"},{\"@type\":\"BreadcrumbList\",\"@id\":\"https:\\\/\\\/www.eldigitaldeasturias.com\\\/noticias\\\/la-escritora-isabel-bono-galardonada-con-el-premio-de-novela-cafe-gijon-2016\\\/#breadcrumblist\",\"itemListElement\":[{\"@type\":\"ListItem\",\"@id\":\"https:\\\/\\\/www.eldigitaldeasturias.com\\\/noticias#listItem\",\"position\":1,\"name\":\"Home\",\"item\":\"https:\\\/\\\/www.eldigitaldeasturias.com\\\/noticias\",\"nextItem\":{\"@type\":\"ListItem\",\"@id\":\"https:\\\/\\\/www.eldigitaldeasturias.com\\\/noticias\\\/category\\\/revista-de-ocio\\\/#listItem\",\"name\":\"Revista de Ocio\"}},{\"@type\":\"ListItem\",\"@id\":\"https:\\\/\\\/www.eldigitaldeasturias.com\\\/noticias\\\/category\\\/revista-de-ocio\\\/#listItem\",\"position\":2,\"name\":\"Revista de Ocio\",\"item\":\"https:\\\/\\\/www.eldigitaldeasturias.com\\\/noticias\\\/category\\\/revista-de-ocio\\\/\",\"nextItem\":{\"@type\":\"ListItem\",\"@id\":\"https:\\\/\\\/www.eldigitaldeasturias.com\\\/noticias\\\/la-escritora-isabel-bono-galardonada-con-el-premio-de-novela-cafe-gijon-2016\\\/#listItem\",\"name\":\"La escritora Isabel Bono galardonada con el Premio de Novela Caf\\u00e9 Gij\\u00f3n 2016\"},\"previousItem\":{\"@type\":\"ListItem\",\"@id\":\"https:\\\/\\\/www.eldigitaldeasturias.com\\\/noticias#listItem\",\"name\":\"Home\"}},{\"@type\":\"ListItem\",\"@id\":\"https:\\\/\\\/www.eldigitaldeasturias.com\\\/noticias\\\/la-escritora-isabel-bono-galardonada-con-el-premio-de-novela-cafe-gijon-2016\\\/#listItem\",\"position\":3,\"name\":\"La escritora Isabel Bono galardonada con el Premio de Novela Caf\\u00e9 Gij\\u00f3n 2016\",\"previousItem\":{\"@type\":\"ListItem\",\"@id\":\"https:\\\/\\\/www.eldigitaldeasturias.com\\\/noticias\\\/category\\\/revista-de-ocio\\\/#listItem\",\"name\":\"Revista de Ocio\"}}]},{\"@type\":\"Organization\",\"@id\":\"https:\\\/\\\/www.eldigitaldeasturias.com\\\/noticias\\\/#organization\",\"name\":\"El Digital de Asturias\",\"description\":\"Hemeroteca\",\"url\":\"https:\\\/\\\/www.eldigitaldeasturias.com\\\/noticias\\\/\",\"email\":\"info@eldigitaldeasturias.com\",\"telephone\":\"+34652131393\",\"logo\":{\"@type\":\"ImageObject\",\"url\":\"https:\\\/\\\/www.eldigitaldeasturias.com\\\/noticias\\\/wp-content\\\/uploads\\\/2020\\\/12\\\/EDA.jpg\",\"@id\":\"https:\\\/\\\/www.eldigitaldeasturias.com\\\/noticias\\\/la-escritora-isabel-bono-galardonada-con-el-premio-de-novela-cafe-gijon-2016\\\/#organizationLogo\",\"width\":649,\"height\":297},\"image\":{\"@id\":\"https:\\\/\\\/www.eldigitaldeasturias.com\\\/noticias\\\/la-escritora-isabel-bono-galardonada-con-el-premio-de-novela-cafe-gijon-2016\\\/#organizationLogo\"},\"sameAs\":[\"https:\\\/\\\/facebook.com\\\/eldigitaldeasturias\",\"https:\\\/\\\/www.youtube.com\\\/channel\\\/UCZP-2wLEB9Rv6erhFmqVnvg\"],\"address\":{\"@id\":\"https:\\\/\\\/www.eldigitaldeasturias.com\\\/noticias\\\/#postaladdress\",\"@type\":\"PostalAddress\",\"streetAddress\":\"san antonio 4,\",\"postalCode\":\"33430\",\"addressLocality\":\"Cand\\u00e1s\",\"addressRegion\":\"Asturias\",\"addressCountry\":\"ES\"}},{\"@type\":\"Person\",\"@id\":\"https:\\\/\\\/www.eldigitaldeasturias.com\\\/noticias\\\/author\\\/admin\\\/#author\",\"url\":\"https:\\\/\\\/www.eldigitaldeasturias.com\\\/noticias\\\/author\\\/admin\\\/\",\"name\":\"El Digital de Asturias\",\"image\":{\"@type\":\"ImageObject\",\"@id\":\"https:\\\/\\\/www.eldigitaldeasturias.com\\\/noticias\\\/la-escritora-isabel-bono-galardonada-con-el-premio-de-novela-cafe-gijon-2016\\\/#authorImage\",\"url\":\"https:\\\/\\\/www.eldigitaldeasturias.com\\\/noticias\\\/wp-content\\\/litespeed\\\/avatar\\\/18677e78aa0546b92d9dbf31ec7d7668.jpg?ver=1777290358\",\"width\":96,\"height\":96,\"caption\":\"El Digital de Asturias\"}},{\"@type\":\"WebPage\",\"@id\":\"https:\\\/\\\/www.eldigitaldeasturias.com\\\/noticias\\\/la-escritora-isabel-bono-galardonada-con-el-premio-de-novela-cafe-gijon-2016\\\/#webpage\",\"url\":\"https:\\\/\\\/www.eldigitaldeasturias.com\\\/noticias\\\/la-escritora-isabel-bono-galardonada-con-el-premio-de-novela-cafe-gijon-2016\\\/\",\"name\":\"La escritora Isabel Bono galardonada con el Premio de Novela Caf\\u00e9 Gij\\u00f3n 2016 - El Digital de Asturias\",\"description\":\"La escritora Isabel Bono ha sido la ganadora de la 66\\u00aa edici\\u00f3n del Premio de Novela Caf\\u00e9 Gij\\u00f3n 2016 con su obra una 'Una casa en Bleturge', un libro sobre \\\"la soledad y el dolor\\\" de una familia tras la muerte prematura de un hijo. En esta edici\\u00f3n ha repetido el jurado de la edici\\u00f3n\",\"inLanguage\":\"es-ES\",\"isPartOf\":{\"@id\":\"https:\\\/\\\/www.eldigitaldeasturias.com\\\/noticias\\\/#website\"},\"breadcrumb\":{\"@id\":\"https:\\\/\\\/www.eldigitaldeasturias.com\\\/noticias\\\/la-escritora-isabel-bono-galardonada-con-el-premio-de-novela-cafe-gijon-2016\\\/#breadcrumblist\"},\"author\":{\"@id\":\"https:\\\/\\\/www.eldigitaldeasturias.com\\\/noticias\\\/author\\\/admin\\\/#author\"},\"creator\":{\"@id\":\"https:\\\/\\\/www.eldigitaldeasturias.com\\\/noticias\\\/author\\\/admin\\\/#author\"},\"image\":{\"@type\":\"ImageObject\",\"url\":\"https:\\\/\\\/www.eldigitaldeasturias.com\\\/noticias\\\/wp-content\\\/uploads\\\/2016\\\/09\\\/fotonoticia_20160907141412_800.jpg\",\"@id\":\"https:\\\/\\\/www.eldigitaldeasturias.com\\\/noticias\\\/la-escritora-isabel-bono-galardonada-con-el-premio-de-novela-cafe-gijon-2016\\\/#mainImage\",\"width\":800,\"height\":600},\"primaryImageOfPage\":{\"@id\":\"https:\\\/\\\/www.eldigitaldeasturias.com\\\/noticias\\\/la-escritora-isabel-bono-galardonada-con-el-premio-de-novela-cafe-gijon-2016\\\/#mainImage\"},\"datePublished\":\"2016-09-08T04:46:16+02:00\",\"dateModified\":\"2016-09-08T04:46:16+02:00\"},{\"@type\":\"WebSite\",\"@id\":\"https:\\\/\\\/www.eldigitaldeasturias.com\\\/noticias\\\/#website\",\"url\":\"https:\\\/\\\/www.eldigitaldeasturias.com\\\/noticias\\\/\",\"name\":\"El Digital de Asturias - Diario de actualidad y noticias\",\"alternateName\":\"El Digital de Asturias - Diario de actualidad y noticias\",\"description\":\"Hemeroteca\",\"inLanguage\":\"es-ES\",\"publisher\":{\"@id\":\"https:\\\/\\\/www.eldigitaldeasturias.com\\\/noticias\\\/#organization\"}}]}\n\t\t<\/script>\n\t\t<!-- All in One SEO Pro -->\r\n\t\t<title>La escritora Isabel Bono galardonada con el Premio de Novela Caf\u00e9 Gij\u00f3n 2016 - El Digital de Asturias<\/title>\n\n","aioseo_head_json":{"title":"La escritora Isabel Bono galardonada con el Premio de Novela Caf\u00e9 Gij\u00f3n 2016 - El Digital de Asturias","description":"La escritora Isabel Bono ha sido la ganadora de la 66\u00aa edici\u00f3n del Premio de Novela Caf\u00e9 Gij\u00f3n 2016 con su obra una 'Una casa en Bleturge', un libro sobre \"la soledad y el dolor\" de una familia tras la muerte prematura de un hijo. En esta edici\u00f3n ha repetido el jurado de la edici\u00f3n","canonical_url":"https:\/\/www.eldigitaldeasturias.com\/noticias\/la-escritora-isabel-bono-galardonada-con-el-premio-de-novela-cafe-gijon-2016\/","robots":"max-image-preview:large","keywords":"revista de ocio","webmasterTools":{"google-site-verification":"UA-38556648-1","msvalidate.01":"7dfe9f3f1b24437ab69f4f2559babe99","miscellaneous":""},"schema":{"@context":"https:\/\/schema.org","@graph":[{"@type":"BlogPosting","@id":"https:\/\/www.eldigitaldeasturias.com\/noticias\/la-escritora-isabel-bono-galardonada-con-el-premio-de-novela-cafe-gijon-2016\/#blogposting","name":"La escritora Isabel Bono galardonada con el Premio de Novela Caf\u00e9 Gij\u00f3n 2016 - El Digital de Asturias","headline":"La escritora Isabel Bono galardonada con el Premio de Novela Caf\u00e9 Gij\u00f3n 2016","author":{"@id":"https:\/\/www.eldigitaldeasturias.com\/noticias\/author\/admin\/#author"},"publisher":{"@id":"https:\/\/www.eldigitaldeasturias.com\/noticias\/#organization"},"image":{"@type":"ImageObject","url":"https:\/\/www.eldigitaldeasturias.com\/noticias\/wp-content\/uploads\/2016\/09\/fotonoticia_20160907141412_800.jpg","width":800,"height":600},"datePublished":"2016-09-08T04:46:16+02:00","dateModified":"2016-09-08T04:46:16+02:00","inLanguage":"es-ES","mainEntityOfPage":{"@id":"https:\/\/www.eldigitaldeasturias.com\/noticias\/la-escritora-isabel-bono-galardonada-con-el-premio-de-novela-cafe-gijon-2016\/#webpage"},"isPartOf":{"@id":"https:\/\/www.eldigitaldeasturias.com\/noticias\/la-escritora-isabel-bono-galardonada-con-el-premio-de-novela-cafe-gijon-2016\/#webpage"},"articleSection":"Revista de Ocio"},{"@type":"BreadcrumbList","@id":"https:\/\/www.eldigitaldeasturias.com\/noticias\/la-escritora-isabel-bono-galardonada-con-el-premio-de-novela-cafe-gijon-2016\/#breadcrumblist","itemListElement":[{"@type":"ListItem","@id":"https:\/\/www.eldigitaldeasturias.com\/noticias#listItem","position":1,"name":"Home","item":"https:\/\/www.eldigitaldeasturias.com\/noticias","nextItem":{"@type":"ListItem","@id":"https:\/\/www.eldigitaldeasturias.com\/noticias\/category\/revista-de-ocio\/#listItem","name":"Revista de Ocio"}},{"@type":"ListItem","@id":"https:\/\/www.eldigitaldeasturias.com\/noticias\/category\/revista-de-ocio\/#listItem","position":2,"name":"Revista de Ocio","item":"https:\/\/www.eldigitaldeasturias.com\/noticias\/category\/revista-de-ocio\/","nextItem":{"@type":"ListItem","@id":"https:\/\/www.eldigitaldeasturias.com\/noticias\/la-escritora-isabel-bono-galardonada-con-el-premio-de-novela-cafe-gijon-2016\/#listItem","name":"La escritora Isabel Bono galardonada con el Premio de Novela Caf\u00e9 Gij\u00f3n 2016"},"previousItem":{"@type":"ListItem","@id":"https:\/\/www.eldigitaldeasturias.com\/noticias#listItem","name":"Home"}},{"@type":"ListItem","@id":"https:\/\/www.eldigitaldeasturias.com\/noticias\/la-escritora-isabel-bono-galardonada-con-el-premio-de-novela-cafe-gijon-2016\/#listItem","position":3,"name":"La escritora Isabel Bono galardonada con el Premio de Novela Caf\u00e9 Gij\u00f3n 2016","previousItem":{"@type":"ListItem","@id":"https:\/\/www.eldigitaldeasturias.com\/noticias\/category\/revista-de-ocio\/#listItem","name":"Revista de Ocio"}}]},{"@type":"Organization","@id":"https:\/\/www.eldigitaldeasturias.com\/noticias\/#organization","name":"El Digital de Asturias","description":"Hemeroteca","url":"https:\/\/www.eldigitaldeasturias.com\/noticias\/","email":"info@eldigitaldeasturias.com","telephone":"+34652131393","logo":{"@type":"ImageObject","url":"https:\/\/www.eldigitaldeasturias.com\/noticias\/wp-content\/uploads\/2020\/12\/EDA.jpg","@id":"https:\/\/www.eldigitaldeasturias.com\/noticias\/la-escritora-isabel-bono-galardonada-con-el-premio-de-novela-cafe-gijon-2016\/#organizationLogo","width":649,"height":297},"image":{"@id":"https:\/\/www.eldigitaldeasturias.com\/noticias\/la-escritora-isabel-bono-galardonada-con-el-premio-de-novela-cafe-gijon-2016\/#organizationLogo"},"sameAs":["https:\/\/facebook.com\/eldigitaldeasturias","https:\/\/www.youtube.com\/channel\/UCZP-2wLEB9Rv6erhFmqVnvg"],"address":{"@id":"https:\/\/www.eldigitaldeasturias.com\/noticias\/#postaladdress","@type":"PostalAddress","streetAddress":"san antonio 4,","postalCode":"33430","addressLocality":"Cand\u00e1s","addressRegion":"Asturias","addressCountry":"ES"}},{"@type":"Person","@id":"https:\/\/www.eldigitaldeasturias.com\/noticias\/author\/admin\/#author","url":"https:\/\/www.eldigitaldeasturias.com\/noticias\/author\/admin\/","name":"El Digital de Asturias","image":{"@type":"ImageObject","@id":"https:\/\/www.eldigitaldeasturias.com\/noticias\/la-escritora-isabel-bono-galardonada-con-el-premio-de-novela-cafe-gijon-2016\/#authorImage","url":"https:\/\/www.eldigitaldeasturias.com\/noticias\/wp-content\/litespeed\/avatar\/18677e78aa0546b92d9dbf31ec7d7668.jpg?ver=1777290358","width":96,"height":96,"caption":"El Digital de Asturias"}},{"@type":"WebPage","@id":"https:\/\/www.eldigitaldeasturias.com\/noticias\/la-escritora-isabel-bono-galardonada-con-el-premio-de-novela-cafe-gijon-2016\/#webpage","url":"https:\/\/www.eldigitaldeasturias.com\/noticias\/la-escritora-isabel-bono-galardonada-con-el-premio-de-novela-cafe-gijon-2016\/","name":"La escritora Isabel Bono galardonada con el Premio de Novela Caf\u00e9 Gij\u00f3n 2016 - El Digital de Asturias","description":"La escritora Isabel Bono ha sido la ganadora de la 66\u00aa edici\u00f3n del Premio de Novela Caf\u00e9 Gij\u00f3n 2016 con su obra una 'Una casa en Bleturge', un libro sobre \"la soledad y el dolor\" de una familia tras la muerte prematura de un hijo. En esta edici\u00f3n ha repetido el jurado de la edici\u00f3n","inLanguage":"es-ES","isPartOf":{"@id":"https:\/\/www.eldigitaldeasturias.com\/noticias\/#website"},"breadcrumb":{"@id":"https:\/\/www.eldigitaldeasturias.com\/noticias\/la-escritora-isabel-bono-galardonada-con-el-premio-de-novela-cafe-gijon-2016\/#breadcrumblist"},"author":{"@id":"https:\/\/www.eldigitaldeasturias.com\/noticias\/author\/admin\/#author"},"creator":{"@id":"https:\/\/www.eldigitaldeasturias.com\/noticias\/author\/admin\/#author"},"image":{"@type":"ImageObject","url":"https:\/\/www.eldigitaldeasturias.com\/noticias\/wp-content\/uploads\/2016\/09\/fotonoticia_20160907141412_800.jpg","@id":"https:\/\/www.eldigitaldeasturias.com\/noticias\/la-escritora-isabel-bono-galardonada-con-el-premio-de-novela-cafe-gijon-2016\/#mainImage","width":800,"height":600},"primaryImageOfPage":{"@id":"https:\/\/www.eldigitaldeasturias.com\/noticias\/la-escritora-isabel-bono-galardonada-con-el-premio-de-novela-cafe-gijon-2016\/#mainImage"},"datePublished":"2016-09-08T04:46:16+02:00","dateModified":"2016-09-08T04:46:16+02:00"},{"@type":"WebSite","@id":"https:\/\/www.eldigitaldeasturias.com\/noticias\/#website","url":"https:\/\/www.eldigitaldeasturias.com\/noticias\/","name":"El Digital de Asturias - Diario de actualidad y noticias","alternateName":"El Digital de Asturias - Diario de actualidad y noticias","description":"Hemeroteca","inLanguage":"es-ES","publisher":{"@id":"https:\/\/www.eldigitaldeasturias.com\/noticias\/#organization"}}]},"og:locale":"es_ES","og:site_name":"El Digital de Asturias","og:type":"article","og:title":"La escritora Isabel Bono galardonada con el Premio de Novela Caf\u00e9 Gij\u00f3n 2016 - El Digital de Asturias","og:description":"La escritora Isabel Bono ha sido la ganadora de la 66\u00aa edici\u00f3n del Premio de Novela Caf\u00e9 Gij\u00f3n 2016 con su obra una 'Una casa en Bleturge', un libro sobre &quot;la soledad y el dolor&quot; de una familia tras la muerte prematura de un hijo. En esta edici\u00f3n ha repetido el jurado de la edici\u00f3n","og:url":"https:\/\/www.eldigitaldeasturias.com\/noticias\/la-escritora-isabel-bono-galardonada-con-el-premio-de-novela-cafe-gijon-2016\/","og:image":"https:\/\/www.eldigitaldeasturias.com\/noticias\/wp-content\/uploads\/2016\/09\/fotonoticia_20160907141412_800.jpg","og:image:secure_url":"https:\/\/www.eldigitaldeasturias.com\/noticias\/wp-content\/uploads\/2016\/09\/fotonoticia_20160907141412_800.jpg","og:image:width":800,"og:image:height":600,"article:tag":["revista de ocio"],"article:published_time":"2016-09-08T03:46:16+00:00","article:modified_time":"2016-09-08T03:46:16+00:00","article:publisher":"https:\/\/facebook.com\/eldigitaldeasturias","twitter:card":"summary_large_image","twitter:title":"La escritora Isabel Bono galardonada con el Premio de Novela Caf\u00e9 Gij\u00f3n 2016 - El Digital de Asturias","twitter:description":"La escritora Isabel Bono ha sido la ganadora de la 66\u00aa edici\u00f3n del Premio de Novela Caf\u00e9 Gij\u00f3n 2016 con su obra una 'Una casa en Bleturge', un libro sobre &quot;la soledad y el dolor&quot; de una familia tras la muerte prematura de un hijo. En esta edici\u00f3n ha repetido el jurado de la edici\u00f3n","twitter:image":"https:\/\/www.eldigitaldeasturias.com\/noticias\/wp-content\/uploads\/2016\/09\/fotonoticia_20160907141412_800.jpg","twitter:label1":"Escrito por","twitter:data1":"El Digital de Asturias","twitter:label2":"Tiempo de lectura estimado","twitter:data2":"4 minutos"},"aioseo_meta_data":{"post_id":"906353","title":null,"description":null,"keywords":null,"keyphrases":null,"primary_term":null,"canonical_url":null,"og_title":null,"og_description":null,"og_object_type":"default","og_image_type":"default","og_image_url":null,"og_image_width":null,"og_image_height":null,"og_image_custom_url":null,"og_image_custom_fields":null,"og_video":null,"og_custom_url":null,"og_article_section":null,"og_article_tags":null,"twitter_use_og":false,"twitter_card":"default","twitter_image_type":"default","twitter_image_url":null,"twitter_image_custom_url":null,"twitter_image_custom_fields":null,"twitter_title":null,"twitter_description":null,"schema":{"blockGraphs":[],"customGraphs":[],"default":{"data":{"Article":[],"Course":[],"Dataset":[],"FAQPage":[],"Movie":[],"Person":[],"Product":[],"ProductReview":[],"Car":[],"Recipe":[],"Service":[],"SoftwareApplication":[],"WebPage":[]},"graphName":"","isEnabled":true},"graphs":[],"defaultGraph":"","defaultPostTypeGraph":""},"schema_type":null,"schema_type_options":null,"pillar_content":false,"robots_default":true,"robots_noindex":false,"robots_noarchive":false,"robots_nosnippet":false,"robots_nofollow":false,"robots_noimageindex":false,"robots_noodp":false,"robots_notranslate":false,"robots_max_snippet":null,"robots_max_videopreview":null,"robots_max_imagepreview":"large","priority":null,"frequency":null,"local_seo":null,"seo_analyzer_scan_date":"2025-11-30 08:44:14","breadcrumb_settings":null,"limit_modified_date":false,"open_ai":null,"ai":null,"created":"2020-12-21 14:01:55","updated":"2025-11-30 08:44:14"},"aioseo_breadcrumb":"<div class=\"aioseo-breadcrumbs\"><span class=\"aioseo-breadcrumb\">\n\t<a href=\"https:\/\/www.eldigitaldeasturias.com\/noticias\" title=\"Home\">Home<\/a>\n<\/span><span class=\"aioseo-breadcrumb-separator\">\u2013<\/span><span class=\"aioseo-breadcrumb\">\n\t<a href=\"https:\/\/www.eldigitaldeasturias.com\/noticias\/category\/revista-de-ocio\/\" title=\"Revista de Ocio\">Revista de Ocio<\/a>\n<\/span><span class=\"aioseo-breadcrumb-separator\">\u2013<\/span><span class=\"aioseo-breadcrumb\">\n\t<a href=\"https:\/\/www.eldigitaldeasturias.com\/noticias\/la-escritora-isabel-bono-galardonada-con-el-premio-de-novela-cafe-gijon-2016\/\" title=\"La escritora Isabel Bono galardonada con el Premio de Novela Caf\u00e9 Gij\u00f3n 2016\">La escritora Isabel Bono galardonada con el Premio de Novela Caf\u00e9 Gij\u00f3n 2016<\/a>\n<\/span><\/div>","aioseo_breadcrumb_json":[{"label":"Home","link":"https:\/\/www.eldigitaldeasturias.com\/noticias"},{"label":"Revista de Ocio","link":"https:\/\/www.eldigitaldeasturias.com\/noticias\/category\/revista-de-ocio\/"},{"label":"La escritora Isabel Bono galardonada con el Premio de Novela Caf\u00e9 Gij\u00f3n 2016","link":"https:\/\/www.eldigitaldeasturias.com\/noticias\/la-escritora-isabel-bono-galardonada-con-el-premio-de-novela-cafe-gijon-2016\/"}],"_links":{"self":[{"href":"https:\/\/www.eldigitaldeasturias.com\/noticias\/wp-json\/wp\/v2\/posts\/906353","targetHints":{"allow":["GET"]}}],"collection":[{"href":"https:\/\/www.eldigitaldeasturias.com\/noticias\/wp-json\/wp\/v2\/posts"}],"about":[{"href":"https:\/\/www.eldigitaldeasturias.com\/noticias\/wp-json\/wp\/v2\/types\/post"}],"author":[{"embeddable":true,"href":"https:\/\/www.eldigitaldeasturias.com\/noticias\/wp-json\/wp\/v2\/users\/1"}],"replies":[{"embeddable":true,"href":"https:\/\/www.eldigitaldeasturias.com\/noticias\/wp-json\/wp\/v2\/comments?post=906353"}],"version-history":[{"count":0,"href":"https:\/\/www.eldigitaldeasturias.com\/noticias\/wp-json\/wp\/v2\/posts\/906353\/revisions"}],"wp:featuredmedia":[{"embeddable":true,"href":"https:\/\/www.eldigitaldeasturias.com\/noticias\/wp-json\/wp\/v2\/media\/906354"}],"wp:attachment":[{"href":"https:\/\/www.eldigitaldeasturias.com\/noticias\/wp-json\/wp\/v2\/media?parent=906353"}],"wp:term":[{"taxonomy":"category","embeddable":true,"href":"https:\/\/www.eldigitaldeasturias.com\/noticias\/wp-json\/wp\/v2\/categories?post=906353"},{"taxonomy":"post_tag","embeddable":true,"href":"https:\/\/www.eldigitaldeasturias.com\/noticias\/wp-json\/wp\/v2\/tags?post=906353"}],"curies":[{"name":"wp","href":"https:\/\/api.w.org\/{rel}","templated":true}]}}