{"id":906350,"date":"2016-09-08T04:43:53","date_gmt":"2016-09-08T03:43:53","guid":{"rendered":"http:\/\/www.eldigitaldeasturias.com\/noticias\/?p=906350"},"modified":"2016-09-08T04:43:53","modified_gmt":"2016-09-08T03:43:53","slug":"xixon-si-puede-pide-que-se-expulse-de-el-molinon-a-los-que-insultaron-a-inaki-williams","status":"publish","type":"post","link":"https:\/\/www.eldigitaldeasturias.com\/noticias\/xixon-si-puede-pide-que-se-expulse-de-el-molinon-a-los-que-insultaron-a-inaki-williams\/","title":{"rendered":"Xix\u00f3n S\u00ed Puede pide que se expulse de El Molin\u00f3n a los que insultaron a I\u00f1aki Williams"},"content":{"rendered":"<p><img loading=\"lazy\" decoding=\"async\" class=\"alignleft size-medium wp-image-906351\" src=\"https:\/\/www.eldigitaldeasturias.com\/noticias\/wp-content\/uploads\/2016\/09\/fotonoticia_20160907140440_800-240x320.jpg\" alt=\"fotonoticia_20160907140440_800\" width=\"240\" height=\"320\" srcset=\"https:\/\/www.eldigitaldeasturias.com\/noticias\/wp-content\/uploads\/2016\/09\/fotonoticia_20160907140440_800-240x320.jpg 240w, https:\/\/www.eldigitaldeasturias.com\/noticias\/wp-content\/uploads\/2016\/09\/fotonoticia_20160907140440_800-768x1024.jpg 768w, https:\/\/www.eldigitaldeasturias.com\/noticias\/wp-content\/uploads\/2016\/09\/fotonoticia_20160907140440_800-487x650.jpg 487w, https:\/\/www.eldigitaldeasturias.com\/noticias\/wp-content\/uploads\/2016\/09\/fotonoticia_20160907140440_800.jpg 800w\" sizes=\"auto, (max-width: 240px) 100vw, 240px\" \/>El portavoz del Grupo Municipal de Xix\u00f3n S\u00ed Puede (XSP) en el Ayuntamiento de Gij\u00f3n, Mario Su\u00e1rez, propondr\u00e1 para su debate en el pr\u00f3ximo Pleno una Declaraci\u00f3n Institucional en la que el Gobierno local solicite al presidente del Consejo de Administraci\u00f3n del Sporting de Gij\u00f3n la localizaci\u00f3n y expulsi\u00f3n de todos las personas que hayan participado de los insultos racistas al jugador del Athletic de Bilbao I\u00f1aki Williams el pasado 21 de agosto, teniendo en cuenta la titularidad municipal del estado de El Molin\u00f3n.<\/p>\n<p>Su\u00e1rez, en rueda de prensa en el Consistorio, ha confiado en contar en la Junta de Portavoces del pr\u00f3ximo viernes con el apoyo del resto de grupos municipales a esta Declaraci\u00f3n Institucional, por la que tambi\u00e9n se pedir\u00eda al club tolerancia &#8216;cero&#8217; ante estos insultos racistas, homof\u00f3bicos o machistas. Unido a ello, Su\u00e1rez ha lamentado que 20 d\u00edas despu\u00e9s de los insultos a Williams, no se ha tomado ninguna decisi\u00f3n por parte del Sporting, y ha reiterado que el estadio es municipal.<\/p>\n<p>Adem\u00e1s, se propone que el Patronato Deportivo Municipal promueva entre todos los clubes de la ciudad la firma de un c\u00f3digo \u00e9tico de tolerancia &#8216;cero&#8217; ante este tipo de conductas y que estos, as\u00ed como los monitores, impidan insultos de cualquier tipo del p\u00fablico a los jugadores, llegando incluso a la expulsi\u00f3n de los que los profieran.<\/p>\n<p>A esto ha a\u00f1adido la puesta en marcha de la &#8216;tarjeta negra&#8217; en el \u00e1mbito escolar, como la que existe en Vizcaya, para frenar actitudes racistas, machistas u hom\u00f3fobas en los campos de juego. Esta tarjeta, en primera instancia sera informativa pero si se repite la actitud racista, machista u hom\u00f3foba dar\u00e1 lugar a la suspensi\u00f3n de la actividad. Ser\u00e1 despu\u00e9s el Comit\u00e9 de competici\u00f3n quien imponga la sanci\u00f3n correspondiente.<\/p>\n<p>&nbsp;<\/p>\n<p>&nbsp;<\/p>\n","protected":false},"excerpt":{"rendered":"<p>El portavoz del Grupo Municipal de Xix\u00f3n S\u00ed Puede (XSP) en el Ayuntamiento de Gij\u00f3n, Mario Su\u00e1rez, propondr\u00e1 para su debate en el pr\u00f3ximo Pleno una Declaraci\u00f3n Institucional en la que el Gobierno local solicite al presidente del Consejo de Administraci\u00f3n del Sporting de Gij\u00f3n la localizaci\u00f3n y expulsi\u00f3n de todos las personas que hayan [&hellip;]<\/p>\n","protected":false},"author":1,"featured_media":906351,"comment_status":"closed","ping_status":"closed","sticky":false,"template":"","format":"standard","meta":{"footnotes":""},"categories":[12],"tags":[],"class_list":["post-906350","post","type-post","status-publish","format-standard","has-post-thumbnail","hentry","category-actualidad-asturias"],"aioseo_notices":[],"aioseo_head":"\n\t\t<!-- All in One SEO Pro 4.9.6.2 - aioseo.com -->\n\t<meta name=\"description\" content=\"El portavoz del Grupo Municipal de Xix\u00f3n S\u00ed Puede (XSP) en el Ayuntamiento de Gij\u00f3n, Mario Su\u00e1rez, propondr\u00e1 para su debate en el pr\u00f3ximo Pleno una Declaraci\u00f3n Institucional en la que el Gobierno local solicite al presidente del Consejo de Administraci\u00f3n del Sporting de Gij\u00f3n la localizaci\u00f3n y expulsi\u00f3n de todos las personas que hayan\" \/>\n\t<meta name=\"robots\" content=\"max-image-preview:large\" \/>\n\t<meta name=\"author\" content=\"El Digital de Asturias\"\/>\n\t<meta name=\"google-site-verification\" content=\"UA-38556648-1\" \/>\n\t<meta name=\"msvalidate.01\" content=\"7dfe9f3f1b24437ab69f4f2559babe99\" \/>\n\t<meta name=\"keywords\" content=\"actualidad asturias\" \/>\n\t<link rel=\"canonical\" href=\"https:\/\/www.eldigitaldeasturias.com\/noticias\/xixon-si-puede-pide-que-se-expulse-de-el-molinon-a-los-que-insultaron-a-inaki-williams\/\" \/>\n\t<meta name=\"generator\" content=\"All in One SEO Pro (AIOSEO) 4.9.6.2\" \/>\n\t\t<meta property=\"og:locale\" content=\"es_ES\" \/>\n\t\t<meta property=\"og:site_name\" content=\"El Digital de Asturias\" \/>\n\t\t<meta property=\"og:type\" content=\"article\" \/>\n\t\t<meta property=\"og:title\" content=\"Xix\u00f3n S\u00ed Puede pide que se expulse de El Molin\u00f3n a los que insultaron a I\u00f1aki Williams - El Digital de Asturias\" \/>\n\t\t<meta property=\"og:description\" content=\"El portavoz del Grupo Municipal de Xix\u00f3n S\u00ed Puede (XSP) en el Ayuntamiento de Gij\u00f3n, Mario Su\u00e1rez, propondr\u00e1 para su debate en el pr\u00f3ximo Pleno una Declaraci\u00f3n Institucional en la que el Gobierno local solicite al presidente del Consejo de Administraci\u00f3n del Sporting de Gij\u00f3n la localizaci\u00f3n y expulsi\u00f3n de todos las personas que hayan\" \/>\n\t\t<meta property=\"og:url\" content=\"https:\/\/www.eldigitaldeasturias.com\/noticias\/xixon-si-puede-pide-que-se-expulse-de-el-molinon-a-los-que-insultaron-a-inaki-williams\/\" \/>\n\t\t<meta property=\"og:image\" content=\"https:\/\/www.eldigitaldeasturias.com\/noticias\/wp-content\/uploads\/2016\/09\/fotonoticia_20160907140440_800.jpg\" \/>\n\t\t<meta property=\"og:image:secure_url\" content=\"https:\/\/www.eldigitaldeasturias.com\/noticias\/wp-content\/uploads\/2016\/09\/fotonoticia_20160907140440_800.jpg\" \/>\n\t\t<meta property=\"og:image:width\" content=\"800\" \/>\n\t\t<meta property=\"og:image:height\" content=\"1067\" \/>\n\t\t<meta property=\"article:tag\" content=\"actualidad asturias\" \/>\n\t\t<meta property=\"article:published_time\" content=\"2016-09-08T03:43:53+00:00\" \/>\n\t\t<meta property=\"article:modified_time\" content=\"2016-09-08T03:43:53+00:00\" \/>\n\t\t<meta property=\"article:publisher\" content=\"https:\/\/facebook.com\/eldigitaldeasturias\" \/>\n\t\t<meta name=\"twitter:card\" content=\"summary_large_image\" \/>\n\t\t<meta name=\"twitter:title\" content=\"Xix\u00f3n S\u00ed Puede pide que se expulse de El Molin\u00f3n a los que insultaron a I\u00f1aki Williams - El Digital de Asturias\" \/>\n\t\t<meta name=\"twitter:description\" content=\"El portavoz del Grupo Municipal de Xix\u00f3n S\u00ed Puede (XSP) en el Ayuntamiento de Gij\u00f3n, Mario Su\u00e1rez, propondr\u00e1 para su debate en el pr\u00f3ximo Pleno una Declaraci\u00f3n Institucional en la que el Gobierno local solicite al presidente del Consejo de Administraci\u00f3n del Sporting de Gij\u00f3n la localizaci\u00f3n y expulsi\u00f3n de todos las personas que hayan\" \/>\n\t\t<meta name=\"twitter:image\" content=\"https:\/\/www.eldigitaldeasturias.com\/noticias\/wp-content\/uploads\/2016\/09\/fotonoticia_20160907140440_800.jpg\" \/>\n\t\t<meta name=\"twitter:label1\" content=\"Escrito por\" \/>\n\t\t<meta name=\"twitter:data1\" content=\"El Digital de Asturias\" \/>\n\t\t<meta name=\"twitter:label2\" content=\"Tiempo de lectura estimado\" \/>\n\t\t<meta name=\"twitter:data2\" content=\"2 minutos\" \/>\n\t\t<script type=\"application\/ld+json\" class=\"aioseo-schema\">\n\t\t\t{\"@context\":\"https:\\\/\\\/schema.org\",\"@graph\":[{\"@type\":\"BlogPosting\",\"@id\":\"https:\\\/\\\/www.eldigitaldeasturias.com\\\/noticias\\\/xixon-si-puede-pide-que-se-expulse-de-el-molinon-a-los-que-insultaron-a-inaki-williams\\\/#blogposting\",\"name\":\"Xix\\u00f3n S\\u00ed Puede pide que se expulse de El Molin\\u00f3n a los que insultaron a I\\u00f1aki Williams - El Digital de Asturias\",\"headline\":\"Xix\\u00f3n S\\u00ed Puede pide que se expulse de El Molin\\u00f3n a los que insultaron a I\\u00f1aki Williams\",\"author\":{\"@id\":\"https:\\\/\\\/www.eldigitaldeasturias.com\\\/noticias\\\/author\\\/admin\\\/#author\"},\"publisher\":{\"@id\":\"https:\\\/\\\/www.eldigitaldeasturias.com\\\/noticias\\\/#organization\"},\"image\":{\"@type\":\"ImageObject\",\"url\":\"https:\\\/\\\/www.eldigitaldeasturias.com\\\/noticias\\\/wp-content\\\/uploads\\\/2016\\\/09\\\/fotonoticia_20160907140440_800.jpg\",\"width\":800,\"height\":1067},\"datePublished\":\"2016-09-08T04:43:53+02:00\",\"dateModified\":\"2016-09-08T04:43:53+02:00\",\"inLanguage\":\"es-ES\",\"mainEntityOfPage\":{\"@id\":\"https:\\\/\\\/www.eldigitaldeasturias.com\\\/noticias\\\/xixon-si-puede-pide-que-se-expulse-de-el-molinon-a-los-que-insultaron-a-inaki-williams\\\/#webpage\"},\"isPartOf\":{\"@id\":\"https:\\\/\\\/www.eldigitaldeasturias.com\\\/noticias\\\/xixon-si-puede-pide-que-se-expulse-de-el-molinon-a-los-que-insultaron-a-inaki-williams\\\/#webpage\"},\"articleSection\":\"Actualidad Asturias\"},{\"@type\":\"BreadcrumbList\",\"@id\":\"https:\\\/\\\/www.eldigitaldeasturias.com\\\/noticias\\\/xixon-si-puede-pide-que-se-expulse-de-el-molinon-a-los-que-insultaron-a-inaki-williams\\\/#breadcrumblist\",\"itemListElement\":[{\"@type\":\"ListItem\",\"@id\":\"https:\\\/\\\/www.eldigitaldeasturias.com\\\/noticias#listItem\",\"position\":1,\"name\":\"Home\",\"item\":\"https:\\\/\\\/www.eldigitaldeasturias.com\\\/noticias\",\"nextItem\":{\"@type\":\"ListItem\",\"@id\":\"https:\\\/\\\/www.eldigitaldeasturias.com\\\/noticias\\\/category\\\/actualidad-asturias\\\/#listItem\",\"name\":\"Actualidad Asturias\"}},{\"@type\":\"ListItem\",\"@id\":\"https:\\\/\\\/www.eldigitaldeasturias.com\\\/noticias\\\/category\\\/actualidad-asturias\\\/#listItem\",\"position\":2,\"name\":\"Actualidad Asturias\",\"item\":\"https:\\\/\\\/www.eldigitaldeasturias.com\\\/noticias\\\/category\\\/actualidad-asturias\\\/\",\"nextItem\":{\"@type\":\"ListItem\",\"@id\":\"https:\\\/\\\/www.eldigitaldeasturias.com\\\/noticias\\\/xixon-si-puede-pide-que-se-expulse-de-el-molinon-a-los-que-insultaron-a-inaki-williams\\\/#listItem\",\"name\":\"Xix\\u00f3n S\\u00ed Puede pide que se expulse de El Molin\\u00f3n a los que insultaron a I\\u00f1aki Williams\"},\"previousItem\":{\"@type\":\"ListItem\",\"@id\":\"https:\\\/\\\/www.eldigitaldeasturias.com\\\/noticias#listItem\",\"name\":\"Home\"}},{\"@type\":\"ListItem\",\"@id\":\"https:\\\/\\\/www.eldigitaldeasturias.com\\\/noticias\\\/xixon-si-puede-pide-que-se-expulse-de-el-molinon-a-los-que-insultaron-a-inaki-williams\\\/#listItem\",\"position\":3,\"name\":\"Xix\\u00f3n S\\u00ed Puede pide que se expulse de El Molin\\u00f3n a los que insultaron a I\\u00f1aki Williams\",\"previousItem\":{\"@type\":\"ListItem\",\"@id\":\"https:\\\/\\\/www.eldigitaldeasturias.com\\\/noticias\\\/category\\\/actualidad-asturias\\\/#listItem\",\"name\":\"Actualidad Asturias\"}}]},{\"@type\":\"Organization\",\"@id\":\"https:\\\/\\\/www.eldigitaldeasturias.com\\\/noticias\\\/#organization\",\"name\":\"El Digital de Asturias\",\"description\":\"Hemeroteca\",\"url\":\"https:\\\/\\\/www.eldigitaldeasturias.com\\\/noticias\\\/\",\"email\":\"info@eldigitaldeasturias.com\",\"telephone\":\"+34652131393\",\"logo\":{\"@type\":\"ImageObject\",\"url\":\"https:\\\/\\\/www.eldigitaldeasturias.com\\\/noticias\\\/wp-content\\\/uploads\\\/2020\\\/12\\\/EDA.jpg\",\"@id\":\"https:\\\/\\\/www.eldigitaldeasturias.com\\\/noticias\\\/xixon-si-puede-pide-que-se-expulse-de-el-molinon-a-los-que-insultaron-a-inaki-williams\\\/#organizationLogo\",\"width\":649,\"height\":297},\"image\":{\"@id\":\"https:\\\/\\\/www.eldigitaldeasturias.com\\\/noticias\\\/xixon-si-puede-pide-que-se-expulse-de-el-molinon-a-los-que-insultaron-a-inaki-williams\\\/#organizationLogo\"},\"sameAs\":[\"https:\\\/\\\/facebook.com\\\/eldigitaldeasturias\",\"https:\\\/\\\/www.youtube.com\\\/channel\\\/UCZP-2wLEB9Rv6erhFmqVnvg\"],\"address\":{\"@id\":\"https:\\\/\\\/www.eldigitaldeasturias.com\\\/noticias\\\/#postaladdress\",\"@type\":\"PostalAddress\",\"streetAddress\":\"san antonio 4,\",\"postalCode\":\"33430\",\"addressLocality\":\"Cand\\u00e1s\",\"addressRegion\":\"Asturias\",\"addressCountry\":\"ES\"}},{\"@type\":\"Person\",\"@id\":\"https:\\\/\\\/www.eldigitaldeasturias.com\\\/noticias\\\/author\\\/admin\\\/#author\",\"url\":\"https:\\\/\\\/www.eldigitaldeasturias.com\\\/noticias\\\/author\\\/admin\\\/\",\"name\":\"El Digital de Asturias\",\"image\":{\"@type\":\"ImageObject\",\"@id\":\"https:\\\/\\\/www.eldigitaldeasturias.com\\\/noticias\\\/xixon-si-puede-pide-que-se-expulse-de-el-molinon-a-los-que-insultaron-a-inaki-williams\\\/#authorImage\",\"url\":\"https:\\\/\\\/www.eldigitaldeasturias.com\\\/noticias\\\/wp-content\\\/litespeed\\\/avatar\\\/18677e78aa0546b92d9dbf31ec7d7668.jpg?ver=1777290358\",\"width\":96,\"height\":96,\"caption\":\"El Digital de Asturias\"}},{\"@type\":\"WebPage\",\"@id\":\"https:\\\/\\\/www.eldigitaldeasturias.com\\\/noticias\\\/xixon-si-puede-pide-que-se-expulse-de-el-molinon-a-los-que-insultaron-a-inaki-williams\\\/#webpage\",\"url\":\"https:\\\/\\\/www.eldigitaldeasturias.com\\\/noticias\\\/xixon-si-puede-pide-que-se-expulse-de-el-molinon-a-los-que-insultaron-a-inaki-williams\\\/\",\"name\":\"Xix\\u00f3n S\\u00ed Puede pide que se expulse de El Molin\\u00f3n a los que insultaron a I\\u00f1aki Williams - El Digital de Asturias\",\"description\":\"El portavoz del Grupo Municipal de Xix\\u00f3n S\\u00ed Puede (XSP) en el Ayuntamiento de Gij\\u00f3n, Mario Su\\u00e1rez, propondr\\u00e1 para su debate en el pr\\u00f3ximo Pleno una Declaraci\\u00f3n Institucional en la que el Gobierno local solicite al presidente del Consejo de Administraci\\u00f3n del Sporting de Gij\\u00f3n la localizaci\\u00f3n y expulsi\\u00f3n de todos las personas que hayan\",\"inLanguage\":\"es-ES\",\"isPartOf\":{\"@id\":\"https:\\\/\\\/www.eldigitaldeasturias.com\\\/noticias\\\/#website\"},\"breadcrumb\":{\"@id\":\"https:\\\/\\\/www.eldigitaldeasturias.com\\\/noticias\\\/xixon-si-puede-pide-que-se-expulse-de-el-molinon-a-los-que-insultaron-a-inaki-williams\\\/#breadcrumblist\"},\"author\":{\"@id\":\"https:\\\/\\\/www.eldigitaldeasturias.com\\\/noticias\\\/author\\\/admin\\\/#author\"},\"creator\":{\"@id\":\"https:\\\/\\\/www.eldigitaldeasturias.com\\\/noticias\\\/author\\\/admin\\\/#author\"},\"image\":{\"@type\":\"ImageObject\",\"url\":\"https:\\\/\\\/www.eldigitaldeasturias.com\\\/noticias\\\/wp-content\\\/uploads\\\/2016\\\/09\\\/fotonoticia_20160907140440_800.jpg\",\"@id\":\"https:\\\/\\\/www.eldigitaldeasturias.com\\\/noticias\\\/xixon-si-puede-pide-que-se-expulse-de-el-molinon-a-los-que-insultaron-a-inaki-williams\\\/#mainImage\",\"width\":800,\"height\":1067},\"primaryImageOfPage\":{\"@id\":\"https:\\\/\\\/www.eldigitaldeasturias.com\\\/noticias\\\/xixon-si-puede-pide-que-se-expulse-de-el-molinon-a-los-que-insultaron-a-inaki-williams\\\/#mainImage\"},\"datePublished\":\"2016-09-08T04:43:53+02:00\",\"dateModified\":\"2016-09-08T04:43:53+02:00\"},{\"@type\":\"WebSite\",\"@id\":\"https:\\\/\\\/www.eldigitaldeasturias.com\\\/noticias\\\/#website\",\"url\":\"https:\\\/\\\/www.eldigitaldeasturias.com\\\/noticias\\\/\",\"name\":\"El Digital de Asturias - Diario de actualidad y noticias\",\"alternateName\":\"El Digital de Asturias - Diario de actualidad y noticias\",\"description\":\"Hemeroteca\",\"inLanguage\":\"es-ES\",\"publisher\":{\"@id\":\"https:\\\/\\\/www.eldigitaldeasturias.com\\\/noticias\\\/#organization\"}}]}\n\t\t<\/script>\n\t\t<!-- All in One SEO Pro -->\r\n\t\t<title>Xix\u00f3n S\u00ed Puede pide que se expulse de El Molin\u00f3n a los que insultaron a I\u00f1aki Williams - El Digital de Asturias<\/title>\n\n","aioseo_head_json":{"title":"Xix\u00f3n S\u00ed Puede pide que se expulse de El Molin\u00f3n a los que insultaron a I\u00f1aki Williams - El Digital de Asturias","description":"El portavoz del Grupo Municipal de Xix\u00f3n S\u00ed Puede (XSP) en el Ayuntamiento de Gij\u00f3n, Mario Su\u00e1rez, propondr\u00e1 para su debate en el pr\u00f3ximo Pleno una Declaraci\u00f3n Institucional en la que el Gobierno local solicite al presidente del Consejo de Administraci\u00f3n del Sporting de Gij\u00f3n la localizaci\u00f3n y expulsi\u00f3n de todos las personas que hayan","canonical_url":"https:\/\/www.eldigitaldeasturias.com\/noticias\/xixon-si-puede-pide-que-se-expulse-de-el-molinon-a-los-que-insultaron-a-inaki-williams\/","robots":"max-image-preview:large","keywords":"actualidad asturias","webmasterTools":{"google-site-verification":"UA-38556648-1","msvalidate.01":"7dfe9f3f1b24437ab69f4f2559babe99","miscellaneous":""},"schema":{"@context":"https:\/\/schema.org","@graph":[{"@type":"BlogPosting","@id":"https:\/\/www.eldigitaldeasturias.com\/noticias\/xixon-si-puede-pide-que-se-expulse-de-el-molinon-a-los-que-insultaron-a-inaki-williams\/#blogposting","name":"Xix\u00f3n S\u00ed Puede pide que se expulse de El Molin\u00f3n a los que insultaron a I\u00f1aki Williams - El Digital de Asturias","headline":"Xix\u00f3n S\u00ed Puede pide que se expulse de El Molin\u00f3n a los que insultaron a I\u00f1aki Williams","author":{"@id":"https:\/\/www.eldigitaldeasturias.com\/noticias\/author\/admin\/#author"},"publisher":{"@id":"https:\/\/www.eldigitaldeasturias.com\/noticias\/#organization"},"image":{"@type":"ImageObject","url":"https:\/\/www.eldigitaldeasturias.com\/noticias\/wp-content\/uploads\/2016\/09\/fotonoticia_20160907140440_800.jpg","width":800,"height":1067},"datePublished":"2016-09-08T04:43:53+02:00","dateModified":"2016-09-08T04:43:53+02:00","inLanguage":"es-ES","mainEntityOfPage":{"@id":"https:\/\/www.eldigitaldeasturias.com\/noticias\/xixon-si-puede-pide-que-se-expulse-de-el-molinon-a-los-que-insultaron-a-inaki-williams\/#webpage"},"isPartOf":{"@id":"https:\/\/www.eldigitaldeasturias.com\/noticias\/xixon-si-puede-pide-que-se-expulse-de-el-molinon-a-los-que-insultaron-a-inaki-williams\/#webpage"},"articleSection":"Actualidad Asturias"},{"@type":"BreadcrumbList","@id":"https:\/\/www.eldigitaldeasturias.com\/noticias\/xixon-si-puede-pide-que-se-expulse-de-el-molinon-a-los-que-insultaron-a-inaki-williams\/#breadcrumblist","itemListElement":[{"@type":"ListItem","@id":"https:\/\/www.eldigitaldeasturias.com\/noticias#listItem","position":1,"name":"Home","item":"https:\/\/www.eldigitaldeasturias.com\/noticias","nextItem":{"@type":"ListItem","@id":"https:\/\/www.eldigitaldeasturias.com\/noticias\/category\/actualidad-asturias\/#listItem","name":"Actualidad Asturias"}},{"@type":"ListItem","@id":"https:\/\/www.eldigitaldeasturias.com\/noticias\/category\/actualidad-asturias\/#listItem","position":2,"name":"Actualidad Asturias","item":"https:\/\/www.eldigitaldeasturias.com\/noticias\/category\/actualidad-asturias\/","nextItem":{"@type":"ListItem","@id":"https:\/\/www.eldigitaldeasturias.com\/noticias\/xixon-si-puede-pide-que-se-expulse-de-el-molinon-a-los-que-insultaron-a-inaki-williams\/#listItem","name":"Xix\u00f3n S\u00ed Puede pide que se expulse de El Molin\u00f3n a los que insultaron a I\u00f1aki Williams"},"previousItem":{"@type":"ListItem","@id":"https:\/\/www.eldigitaldeasturias.com\/noticias#listItem","name":"Home"}},{"@type":"ListItem","@id":"https:\/\/www.eldigitaldeasturias.com\/noticias\/xixon-si-puede-pide-que-se-expulse-de-el-molinon-a-los-que-insultaron-a-inaki-williams\/#listItem","position":3,"name":"Xix\u00f3n S\u00ed Puede pide que se expulse de El Molin\u00f3n a los que insultaron a I\u00f1aki Williams","previousItem":{"@type":"ListItem","@id":"https:\/\/www.eldigitaldeasturias.com\/noticias\/category\/actualidad-asturias\/#listItem","name":"Actualidad Asturias"}}]},{"@type":"Organization","@id":"https:\/\/www.eldigitaldeasturias.com\/noticias\/#organization","name":"El Digital de Asturias","description":"Hemeroteca","url":"https:\/\/www.eldigitaldeasturias.com\/noticias\/","email":"info@eldigitaldeasturias.com","telephone":"+34652131393","logo":{"@type":"ImageObject","url":"https:\/\/www.eldigitaldeasturias.com\/noticias\/wp-content\/uploads\/2020\/12\/EDA.jpg","@id":"https:\/\/www.eldigitaldeasturias.com\/noticias\/xixon-si-puede-pide-que-se-expulse-de-el-molinon-a-los-que-insultaron-a-inaki-williams\/#organizationLogo","width":649,"height":297},"image":{"@id":"https:\/\/www.eldigitaldeasturias.com\/noticias\/xixon-si-puede-pide-que-se-expulse-de-el-molinon-a-los-que-insultaron-a-inaki-williams\/#organizationLogo"},"sameAs":["https:\/\/facebook.com\/eldigitaldeasturias","https:\/\/www.youtube.com\/channel\/UCZP-2wLEB9Rv6erhFmqVnvg"],"address":{"@id":"https:\/\/www.eldigitaldeasturias.com\/noticias\/#postaladdress","@type":"PostalAddress","streetAddress":"san antonio 4,","postalCode":"33430","addressLocality":"Cand\u00e1s","addressRegion":"Asturias","addressCountry":"ES"}},{"@type":"Person","@id":"https:\/\/www.eldigitaldeasturias.com\/noticias\/author\/admin\/#author","url":"https:\/\/www.eldigitaldeasturias.com\/noticias\/author\/admin\/","name":"El Digital de Asturias","image":{"@type":"ImageObject","@id":"https:\/\/www.eldigitaldeasturias.com\/noticias\/xixon-si-puede-pide-que-se-expulse-de-el-molinon-a-los-que-insultaron-a-inaki-williams\/#authorImage","url":"https:\/\/www.eldigitaldeasturias.com\/noticias\/wp-content\/litespeed\/avatar\/18677e78aa0546b92d9dbf31ec7d7668.jpg?ver=1777290358","width":96,"height":96,"caption":"El Digital de Asturias"}},{"@type":"WebPage","@id":"https:\/\/www.eldigitaldeasturias.com\/noticias\/xixon-si-puede-pide-que-se-expulse-de-el-molinon-a-los-que-insultaron-a-inaki-williams\/#webpage","url":"https:\/\/www.eldigitaldeasturias.com\/noticias\/xixon-si-puede-pide-que-se-expulse-de-el-molinon-a-los-que-insultaron-a-inaki-williams\/","name":"Xix\u00f3n S\u00ed Puede pide que se expulse de El Molin\u00f3n a los que insultaron a I\u00f1aki Williams - El Digital de Asturias","description":"El portavoz del Grupo Municipal de Xix\u00f3n S\u00ed Puede (XSP) en el Ayuntamiento de Gij\u00f3n, Mario Su\u00e1rez, propondr\u00e1 para su debate en el pr\u00f3ximo Pleno una Declaraci\u00f3n Institucional en la que el Gobierno local solicite al presidente del Consejo de Administraci\u00f3n del Sporting de Gij\u00f3n la localizaci\u00f3n y expulsi\u00f3n de todos las personas que hayan","inLanguage":"es-ES","isPartOf":{"@id":"https:\/\/www.eldigitaldeasturias.com\/noticias\/#website"},"breadcrumb":{"@id":"https:\/\/www.eldigitaldeasturias.com\/noticias\/xixon-si-puede-pide-que-se-expulse-de-el-molinon-a-los-que-insultaron-a-inaki-williams\/#breadcrumblist"},"author":{"@id":"https:\/\/www.eldigitaldeasturias.com\/noticias\/author\/admin\/#author"},"creator":{"@id":"https:\/\/www.eldigitaldeasturias.com\/noticias\/author\/admin\/#author"},"image":{"@type":"ImageObject","url":"https:\/\/www.eldigitaldeasturias.com\/noticias\/wp-content\/uploads\/2016\/09\/fotonoticia_20160907140440_800.jpg","@id":"https:\/\/www.eldigitaldeasturias.com\/noticias\/xixon-si-puede-pide-que-se-expulse-de-el-molinon-a-los-que-insultaron-a-inaki-williams\/#mainImage","width":800,"height":1067},"primaryImageOfPage":{"@id":"https:\/\/www.eldigitaldeasturias.com\/noticias\/xixon-si-puede-pide-que-se-expulse-de-el-molinon-a-los-que-insultaron-a-inaki-williams\/#mainImage"},"datePublished":"2016-09-08T04:43:53+02:00","dateModified":"2016-09-08T04:43:53+02:00"},{"@type":"WebSite","@id":"https:\/\/www.eldigitaldeasturias.com\/noticias\/#website","url":"https:\/\/www.eldigitaldeasturias.com\/noticias\/","name":"El Digital de Asturias - Diario de actualidad y noticias","alternateName":"El Digital de Asturias - Diario de actualidad y noticias","description":"Hemeroteca","inLanguage":"es-ES","publisher":{"@id":"https:\/\/www.eldigitaldeasturias.com\/noticias\/#organization"}}]},"og:locale":"es_ES","og:site_name":"El Digital de Asturias","og:type":"article","og:title":"Xix\u00f3n S\u00ed Puede pide que se expulse de El Molin\u00f3n a los que insultaron a I\u00f1aki Williams - El Digital de Asturias","og:description":"El portavoz del Grupo Municipal de Xix\u00f3n S\u00ed Puede (XSP) en el Ayuntamiento de Gij\u00f3n, Mario Su\u00e1rez, propondr\u00e1 para su debate en el pr\u00f3ximo Pleno una Declaraci\u00f3n Institucional en la que el Gobierno local solicite al presidente del Consejo de Administraci\u00f3n del Sporting de Gij\u00f3n la localizaci\u00f3n y expulsi\u00f3n de todos las personas que hayan","og:url":"https:\/\/www.eldigitaldeasturias.com\/noticias\/xixon-si-puede-pide-que-se-expulse-de-el-molinon-a-los-que-insultaron-a-inaki-williams\/","og:image":"https:\/\/www.eldigitaldeasturias.com\/noticias\/wp-content\/uploads\/2016\/09\/fotonoticia_20160907140440_800.jpg","og:image:secure_url":"https:\/\/www.eldigitaldeasturias.com\/noticias\/wp-content\/uploads\/2016\/09\/fotonoticia_20160907140440_800.jpg","og:image:width":800,"og:image:height":1067,"article:tag":["actualidad asturias"],"article:published_time":"2016-09-08T03:43:53+00:00","article:modified_time":"2016-09-08T03:43:53+00:00","article:publisher":"https:\/\/facebook.com\/eldigitaldeasturias","twitter:card":"summary_large_image","twitter:title":"Xix\u00f3n S\u00ed Puede pide que se expulse de El Molin\u00f3n a los que insultaron a I\u00f1aki Williams - El Digital de Asturias","twitter:description":"El portavoz del Grupo Municipal de Xix\u00f3n S\u00ed Puede (XSP) en el Ayuntamiento de Gij\u00f3n, Mario Su\u00e1rez, propondr\u00e1 para su debate en el pr\u00f3ximo Pleno una Declaraci\u00f3n Institucional en la que el Gobierno local solicite al presidente del Consejo de Administraci\u00f3n del Sporting de Gij\u00f3n la localizaci\u00f3n y expulsi\u00f3n de todos las personas que hayan","twitter:image":"https:\/\/www.eldigitaldeasturias.com\/noticias\/wp-content\/uploads\/2016\/09\/fotonoticia_20160907140440_800.jpg","twitter:label1":"Escrito por","twitter:data1":"El Digital de Asturias","twitter:label2":"Tiempo de lectura estimado","twitter:data2":"2 minutos"},"aioseo_meta_data":{"post_id":"906350","title":null,"description":null,"keywords":null,"keyphrases":null,"primary_term":null,"canonical_url":null,"og_title":null,"og_description":null,"og_object_type":"default","og_image_type":"default","og_image_url":null,"og_image_width":null,"og_image_height":null,"og_image_custom_url":null,"og_image_custom_fields":null,"og_video":null,"og_custom_url":null,"og_article_section":null,"og_article_tags":null,"twitter_use_og":false,"twitter_card":"default","twitter_image_type":"default","twitter_image_url":null,"twitter_image_custom_url":null,"twitter_image_custom_fields":null,"twitter_title":null,"twitter_description":null,"schema":{"blockGraphs":[],"customGraphs":[],"default":{"data":{"Article":[],"Course":[],"Dataset":[],"FAQPage":[],"Movie":[],"Person":[],"Product":[],"ProductReview":[],"Car":[],"Recipe":[],"Service":[],"SoftwareApplication":[],"WebPage":[]},"graphName":"","isEnabled":true},"graphs":[],"defaultGraph":"","defaultPostTypeGraph":""},"schema_type":null,"schema_type_options":null,"pillar_content":false,"robots_default":true,"robots_noindex":false,"robots_noarchive":false,"robots_nosnippet":false,"robots_nofollow":false,"robots_noimageindex":false,"robots_noodp":false,"robots_notranslate":false,"robots_max_snippet":null,"robots_max_videopreview":null,"robots_max_imagepreview":"large","priority":null,"frequency":null,"local_seo":null,"seo_analyzer_scan_date":"2025-11-30 08:44:13","breadcrumb_settings":null,"limit_modified_date":false,"open_ai":null,"ai":null,"created":"2020-12-21 14:01:55","updated":"2025-11-30 08:44:13"},"aioseo_breadcrumb":"<div class=\"aioseo-breadcrumbs\"><span class=\"aioseo-breadcrumb\">\n\t<a href=\"https:\/\/www.eldigitaldeasturias.com\/noticias\" title=\"Home\">Home<\/a>\n<\/span><span class=\"aioseo-breadcrumb-separator\">\u2013<\/span><span class=\"aioseo-breadcrumb\">\n\t<a href=\"https:\/\/www.eldigitaldeasturias.com\/noticias\/category\/actualidad-asturias\/\" title=\"Actualidad Asturias\">Actualidad Asturias<\/a>\n<\/span><span class=\"aioseo-breadcrumb-separator\">\u2013<\/span><span class=\"aioseo-breadcrumb\">\n\t<a href=\"https:\/\/www.eldigitaldeasturias.com\/noticias\/xixon-si-puede-pide-que-se-expulse-de-el-molinon-a-los-que-insultaron-a-inaki-williams\/\" title=\"Xix\u00f3n S\u00ed Puede pide que se expulse de El Molin\u00f3n a los que insultaron a I\u00f1aki Williams\">Xix\u00f3n S\u00ed Puede pide que se expulse de El Molin\u00f3n a los que insultaron a I\u00f1aki Williams<\/a>\n<\/span><\/div>","aioseo_breadcrumb_json":[{"label":"Home","link":"https:\/\/www.eldigitaldeasturias.com\/noticias"},{"label":"Actualidad Asturias","link":"https:\/\/www.eldigitaldeasturias.com\/noticias\/category\/actualidad-asturias\/"},{"label":"Xix\u00f3n S\u00ed Puede pide que se expulse de El Molin\u00f3n a los que insultaron a I\u00f1aki Williams","link":"https:\/\/www.eldigitaldeasturias.com\/noticias\/xixon-si-puede-pide-que-se-expulse-de-el-molinon-a-los-que-insultaron-a-inaki-williams\/"}],"_links":{"self":[{"href":"https:\/\/www.eldigitaldeasturias.com\/noticias\/wp-json\/wp\/v2\/posts\/906350","targetHints":{"allow":["GET"]}}],"collection":[{"href":"https:\/\/www.eldigitaldeasturias.com\/noticias\/wp-json\/wp\/v2\/posts"}],"about":[{"href":"https:\/\/www.eldigitaldeasturias.com\/noticias\/wp-json\/wp\/v2\/types\/post"}],"author":[{"embeddable":true,"href":"https:\/\/www.eldigitaldeasturias.com\/noticias\/wp-json\/wp\/v2\/users\/1"}],"replies":[{"embeddable":true,"href":"https:\/\/www.eldigitaldeasturias.com\/noticias\/wp-json\/wp\/v2\/comments?post=906350"}],"version-history":[{"count":0,"href":"https:\/\/www.eldigitaldeasturias.com\/noticias\/wp-json\/wp\/v2\/posts\/906350\/revisions"}],"wp:featuredmedia":[{"embeddable":true,"href":"https:\/\/www.eldigitaldeasturias.com\/noticias\/wp-json\/wp\/v2\/media\/906351"}],"wp:attachment":[{"href":"https:\/\/www.eldigitaldeasturias.com\/noticias\/wp-json\/wp\/v2\/media?parent=906350"}],"wp:term":[{"taxonomy":"category","embeddable":true,"href":"https:\/\/www.eldigitaldeasturias.com\/noticias\/wp-json\/wp\/v2\/categories?post=906350"},{"taxonomy":"post_tag","embeddable":true,"href":"https:\/\/www.eldigitaldeasturias.com\/noticias\/wp-json\/wp\/v2\/tags?post=906350"}],"curies":[{"name":"wp","href":"https:\/\/api.w.org\/{rel}","templated":true}]}}