{"id":906344,"date":"2016-09-08T04:31:05","date_gmt":"2016-09-08T03:31:05","guid":{"rendered":"http:\/\/www.eldigitaldeasturias.com\/noticias\/?p=906344"},"modified":"2016-09-08T04:31:05","modified_gmt":"2016-09-08T03:31:05","slug":"foro-reconoce-que-el-ayuntamiento-de-gijon-esta-rozando-su-techo-de-gasto","status":"publish","type":"post","link":"https:\/\/www.eldigitaldeasturias.com\/noticias\/foro-reconoce-que-el-ayuntamiento-de-gijon-esta-rozando-su-techo-de-gasto\/","title":{"rendered":"Foro reconoce que el Ayuntamiento de Gij\u00f3n est\u00e1 rozando su techo de gasto"},"content":{"rendered":"<p><img loading=\"lazy\" decoding=\"async\" class=\"alignleft size-medium wp-image-906345\" src=\"https:\/\/www.eldigitaldeasturias.com\/noticias\/wp-content\/uploads\/2016\/09\/fotonoticia_20160907134741_800-240x320.jpg\" alt=\"fotonoticia_20160907134741_800\" width=\"240\" height=\"320\" srcset=\"https:\/\/www.eldigitaldeasturias.com\/noticias\/wp-content\/uploads\/2016\/09\/fotonoticia_20160907134741_800-240x320.jpg 240w, https:\/\/www.eldigitaldeasturias.com\/noticias\/wp-content\/uploads\/2016\/09\/fotonoticia_20160907134741_800-768x1024.jpg 768w, https:\/\/www.eldigitaldeasturias.com\/noticias\/wp-content\/uploads\/2016\/09\/fotonoticia_20160907134741_800-487x650.jpg 487w, https:\/\/www.eldigitaldeasturias.com\/noticias\/wp-content\/uploads\/2016\/09\/fotonoticia_20160907134741_800.jpg 800w\" sizes=\"auto, (max-width: 240px) 100vw, 240px\" \/>El Gobierno local de Gij\u00f3n ha reconocido este mi\u00e9rcoles que se est\u00e1 rozando el techo de gasto de 2016 tanto del Ayuntamiento como de los organismos aut\u00f3nomos, lo que seg\u00fan la oposici\u00f3n compromete inversiones y programas ya acordados, como pas\u00f3 con la no contrataci\u00f3n ya de una educadora social en la Fundaci\u00f3n Municipal de Servicios Sociales.<\/p>\n<p>As\u00ed lo ha explicado, en rueda de prensa tras la Comisi\u00f3n de Hacienda, la edil socialista Marina Pineda, quien ha se\u00f1alado que una vez rectificados los datos de 2014, se ha constatado que en 2015 s\u00ed parece que se cumpli\u00f3 con un margen de poco m\u00e1s de tres millones de euros el techo de gasto, aunque no fue as\u00ed en los tres organismos aut\u00f3nomos, Fundaci\u00f3n Municipal de Servicios Sociales (FMSS), Fundaci\u00f3n Municipal de Cultura (FMC) y Patronato Deportivo Municipal (PDM), as\u00ed como en Divertia y la Empresa Municipal de la Vivienda (Emvisa).<\/p>\n<p>Y si bien ha visto una \u00abbuena noticia\u00bb que no sea necesario elaborar un Plan Econ\u00f3mico y Financiero y estar &#8216;tutelados&#8217; por el Principado, ha incidido en que sigue preocupando que el bajo nivel de gasto va llevando cada a\u00f1o a un l\u00edmite menor para el presupuesto del a\u00f1o siguiente.<\/p>\n<p>En concreto, el gasto computable en 2015 fue de 193.640.413,57 euros, cuando el techo de gasto era de 196.842.980,66 euros, es decir, se cumpli\u00f3 por 3.202.567,09 euros. Esto hace que para 2016 el techo de gasto sea de 197.125.941 euros. De hecho, la FMSS ya ha superado la regla de gasto con los gastos comprometidos que tiene a d\u00eda de hoy, por lo que ha abogado por que el Gobierno debe definir prioridades. Pineda tambi\u00e9n ha llamado la atenci\u00f3n sobre el bajo grado de ejecuci\u00f3n presupuestaria del primer semestre del a\u00f1o.<\/p>\n<p>En cuanto al informe morosidad del \u00faltimo trimestre, ha mostrado su preocupaci\u00f3n por que el plazo cada vez se vaya incrementado. A este respecto, aunque est\u00e9 en 50,47 d\u00edas, por debajo del l\u00edmite de 60, ha incidido en que en el trimestre pasado era de 48,14 d\u00edas.<\/p>\n<p>Asimismo, en la Comisi\u00f3n de Hacienda y a preguntas del PSOE, el Gobierno local de Foro estudiar\u00e1 c\u00f3mo van a reflejar el compromiso adquirido de la asistencia jur\u00eddica para posibles afectados de ayudas a fachadas de barrios degradados que han visto mermadas o suprimidas prestaciones sociales por este motivo.<\/p>\n<p>Est\u00e1 pendiente a\u00fan el que Foro d\u00e9 respuesta a las aportaciones de los grupos a la l\u00ednea de ayudas para este fin, mientras que a\u00fan se desconoce si podr\u00e1n optar a la reclamaci\u00f3n patrimonial quien se haya visto perjudicado en el IRPF.<\/p>\n<p><strong>IMPROVISACI\u00d3N Y DESGOBIERNO<\/strong><\/p>\n<p>Por otro lado, a la Comisi\u00f3n de Hacienda se ha referido tambi\u00e9n la concejala de IU Ana Casta\u00f1o, quien ha lamentado que en el Ayuntamiento est\u00e9n \u00abasentados en la improvisaci\u00f3n y del desgobierno\u00bb.<\/p>\n<p>En cuanto al grado de ejecuci\u00f3n del presupuesto del primer semestre de este a\u00f1o, ha expresado su temor a que Foro, a partir de ahora, se escude en la superaci\u00f3n del techo de gasto para no realizar cualquier proyecto previsto que no quiera. Sobre todo ha llamado la atenci\u00f3n sobre lo que pueda pasar en la Fundaci\u00f3n Municipal de Servicios Sociales si se supera ese techo de gasto.<\/p>\n<p>En la Comisi\u00f3n de Hacienda, asimismo, se ha aprobado la modificaci\u00f3n presupuestaria para Divertia, con la abstenci\u00f3n de los grupos de la izquierda y voto favorable de Foro, PP y Ciudadanos, y por unanimidad otras dos relativas a unos avales urban\u00edsticos y a una subvenci\u00f3n del Principado para los planes de empleo.<\/p>\n<p>Por otro lado, ha se\u00f1alado que se convocar\u00e1 para el pr\u00f3ximo lunes o martes la Comisi\u00f3n Extraordinaria de Hacienda para que el remanente de 2015, en torno a once millones de euros, se destine al pago de la deuda en su mayor parte, y un mill\u00f3n para la compra de La Quinta La Vega. En este caso, IU se ha mostrado en contra de que se destine en casi su totalidad, sino que propondr\u00e1 en el Pleno que una buena parte se dedique a proyectos financieramente sostenibles.<\/p>\n<p>Asimismo, se ha mostrado molesta con que la solicitud de compatibilidad de empleados del Ayuntamiento llegue a la Comisi\u00f3n con informes contradictorios y el Equipo de Gobierno no sepa dar una respuesta. No se ha llegado a un acuerdo e ir\u00e1 a Pleno.<\/p>\n<p>&nbsp;<\/p>\n","protected":false},"excerpt":{"rendered":"<p>El Gobierno local de Gij\u00f3n ha reconocido este mi\u00e9rcoles que se est\u00e1 rozando el techo de gasto de 2016 tanto del Ayuntamiento como de los organismos aut\u00f3nomos, lo que seg\u00fan la oposici\u00f3n compromete inversiones y programas ya acordados, como pas\u00f3 con la no contrataci\u00f3n ya de una educadora social en la Fundaci\u00f3n Municipal de Servicios [&hellip;]<\/p>\n","protected":false},"author":1,"featured_media":906345,"comment_status":"closed","ping_status":"closed","sticky":false,"template":"","format":"standard","meta":{"footnotes":""},"categories":[12],"tags":[],"class_list":["post-906344","post","type-post","status-publish","format-standard","has-post-thumbnail","hentry","category-actualidad-asturias"],"aioseo_notices":[],"aioseo_head":"\n\t\t<!-- All in One SEO Pro 4.9.6.2 - aioseo.com -->\n\t<meta name=\"description\" content=\"El Gobierno local de Gij\u00f3n ha reconocido este mi\u00e9rcoles que se est\u00e1 rozando el techo de gasto de 2016 tanto del Ayuntamiento como de los organismos aut\u00f3nomos, lo que seg\u00fan la oposici\u00f3n compromete inversiones y programas ya acordados, como pas\u00f3 con la no contrataci\u00f3n ya de una educadora social en la Fundaci\u00f3n Municipal de Servicios\" \/>\n\t<meta name=\"robots\" content=\"max-image-preview:large\" \/>\n\t<meta name=\"author\" content=\"El Digital de Asturias\"\/>\n\t<meta name=\"google-site-verification\" content=\"UA-38556648-1\" \/>\n\t<meta name=\"msvalidate.01\" content=\"7dfe9f3f1b24437ab69f4f2559babe99\" \/>\n\t<meta name=\"keywords\" content=\"actualidad asturias\" \/>\n\t<link rel=\"canonical\" href=\"https:\/\/www.eldigitaldeasturias.com\/noticias\/foro-reconoce-que-el-ayuntamiento-de-gijon-esta-rozando-su-techo-de-gasto\/\" \/>\n\t<meta name=\"generator\" content=\"All in One SEO Pro (AIOSEO) 4.9.6.2\" \/>\n\t\t<meta property=\"og:locale\" content=\"es_ES\" \/>\n\t\t<meta property=\"og:site_name\" content=\"El Digital de Asturias\" \/>\n\t\t<meta property=\"og:type\" content=\"article\" \/>\n\t\t<meta property=\"og:title\" content=\"Foro reconoce que el Ayuntamiento de Gij\u00f3n est\u00e1 rozando su techo de gasto - El Digital de Asturias\" \/>\n\t\t<meta property=\"og:description\" content=\"El Gobierno local de Gij\u00f3n ha reconocido este mi\u00e9rcoles que se est\u00e1 rozando el techo de gasto de 2016 tanto del Ayuntamiento como de los organismos aut\u00f3nomos, lo que seg\u00fan la oposici\u00f3n compromete inversiones y programas ya acordados, como pas\u00f3 con la no contrataci\u00f3n ya de una educadora social en la Fundaci\u00f3n Municipal de Servicios\" \/>\n\t\t<meta property=\"og:url\" content=\"https:\/\/www.eldigitaldeasturias.com\/noticias\/foro-reconoce-que-el-ayuntamiento-de-gijon-esta-rozando-su-techo-de-gasto\/\" \/>\n\t\t<meta property=\"og:image\" content=\"https:\/\/www.eldigitaldeasturias.com\/noticias\/wp-content\/uploads\/2016\/09\/fotonoticia_20160907134741_800.jpg\" \/>\n\t\t<meta property=\"og:image:secure_url\" content=\"https:\/\/www.eldigitaldeasturias.com\/noticias\/wp-content\/uploads\/2016\/09\/fotonoticia_20160907134741_800.jpg\" \/>\n\t\t<meta property=\"og:image:width\" content=\"800\" \/>\n\t\t<meta property=\"og:image:height\" content=\"1067\" \/>\n\t\t<meta property=\"article:tag\" content=\"actualidad asturias\" \/>\n\t\t<meta property=\"article:published_time\" content=\"2016-09-08T03:31:05+00:00\" \/>\n\t\t<meta property=\"article:modified_time\" content=\"2016-09-08T03:31:05+00:00\" \/>\n\t\t<meta property=\"article:publisher\" content=\"https:\/\/facebook.com\/eldigitaldeasturias\" \/>\n\t\t<meta name=\"twitter:card\" content=\"summary_large_image\" \/>\n\t\t<meta name=\"twitter:title\" content=\"Foro reconoce que el Ayuntamiento de Gij\u00f3n est\u00e1 rozando su techo de gasto - El Digital de Asturias\" \/>\n\t\t<meta name=\"twitter:description\" content=\"El Gobierno local de Gij\u00f3n ha reconocido este mi\u00e9rcoles que se est\u00e1 rozando el techo de gasto de 2016 tanto del Ayuntamiento como de los organismos aut\u00f3nomos, lo que seg\u00fan la oposici\u00f3n compromete inversiones y programas ya acordados, como pas\u00f3 con la no contrataci\u00f3n ya de una educadora social en la Fundaci\u00f3n Municipal de Servicios\" \/>\n\t\t<meta name=\"twitter:image\" content=\"https:\/\/www.eldigitaldeasturias.com\/noticias\/wp-content\/uploads\/2016\/09\/fotonoticia_20160907134741_800.jpg\" \/>\n\t\t<meta name=\"twitter:label1\" content=\"Escrito por\" \/>\n\t\t<meta name=\"twitter:data1\" content=\"El Digital de Asturias\" \/>\n\t\t<meta name=\"twitter:label2\" content=\"Tiempo de lectura estimado\" \/>\n\t\t<meta name=\"twitter:data2\" content=\"4 minutos\" \/>\n\t\t<script type=\"application\/ld+json\" class=\"aioseo-schema\">\n\t\t\t{\"@context\":\"https:\\\/\\\/schema.org\",\"@graph\":[{\"@type\":\"BlogPosting\",\"@id\":\"https:\\\/\\\/www.eldigitaldeasturias.com\\\/noticias\\\/foro-reconoce-que-el-ayuntamiento-de-gijon-esta-rozando-su-techo-de-gasto\\\/#blogposting\",\"name\":\"Foro reconoce que el Ayuntamiento de Gij\\u00f3n est\\u00e1 rozando su techo de gasto - El Digital de Asturias\",\"headline\":\"Foro reconoce que el Ayuntamiento de Gij\\u00f3n est\\u00e1 rozando su techo de gasto\",\"author\":{\"@id\":\"https:\\\/\\\/www.eldigitaldeasturias.com\\\/noticias\\\/author\\\/admin\\\/#author\"},\"publisher\":{\"@id\":\"https:\\\/\\\/www.eldigitaldeasturias.com\\\/noticias\\\/#organization\"},\"image\":{\"@type\":\"ImageObject\",\"url\":\"https:\\\/\\\/www.eldigitaldeasturias.com\\\/noticias\\\/wp-content\\\/uploads\\\/2016\\\/09\\\/fotonoticia_20160907134741_800.jpg\",\"width\":800,\"height\":1067},\"datePublished\":\"2016-09-08T04:31:05+02:00\",\"dateModified\":\"2016-09-08T04:31:05+02:00\",\"inLanguage\":\"es-ES\",\"mainEntityOfPage\":{\"@id\":\"https:\\\/\\\/www.eldigitaldeasturias.com\\\/noticias\\\/foro-reconoce-que-el-ayuntamiento-de-gijon-esta-rozando-su-techo-de-gasto\\\/#webpage\"},\"isPartOf\":{\"@id\":\"https:\\\/\\\/www.eldigitaldeasturias.com\\\/noticias\\\/foro-reconoce-que-el-ayuntamiento-de-gijon-esta-rozando-su-techo-de-gasto\\\/#webpage\"},\"articleSection\":\"Actualidad Asturias\"},{\"@type\":\"BreadcrumbList\",\"@id\":\"https:\\\/\\\/www.eldigitaldeasturias.com\\\/noticias\\\/foro-reconoce-que-el-ayuntamiento-de-gijon-esta-rozando-su-techo-de-gasto\\\/#breadcrumblist\",\"itemListElement\":[{\"@type\":\"ListItem\",\"@id\":\"https:\\\/\\\/www.eldigitaldeasturias.com\\\/noticias#listItem\",\"position\":1,\"name\":\"Home\",\"item\":\"https:\\\/\\\/www.eldigitaldeasturias.com\\\/noticias\",\"nextItem\":{\"@type\":\"ListItem\",\"@id\":\"https:\\\/\\\/www.eldigitaldeasturias.com\\\/noticias\\\/category\\\/actualidad-asturias\\\/#listItem\",\"name\":\"Actualidad Asturias\"}},{\"@type\":\"ListItem\",\"@id\":\"https:\\\/\\\/www.eldigitaldeasturias.com\\\/noticias\\\/category\\\/actualidad-asturias\\\/#listItem\",\"position\":2,\"name\":\"Actualidad Asturias\",\"item\":\"https:\\\/\\\/www.eldigitaldeasturias.com\\\/noticias\\\/category\\\/actualidad-asturias\\\/\",\"nextItem\":{\"@type\":\"ListItem\",\"@id\":\"https:\\\/\\\/www.eldigitaldeasturias.com\\\/noticias\\\/foro-reconoce-que-el-ayuntamiento-de-gijon-esta-rozando-su-techo-de-gasto\\\/#listItem\",\"name\":\"Foro reconoce que el Ayuntamiento de Gij\\u00f3n est\\u00e1 rozando su techo de gasto\"},\"previousItem\":{\"@type\":\"ListItem\",\"@id\":\"https:\\\/\\\/www.eldigitaldeasturias.com\\\/noticias#listItem\",\"name\":\"Home\"}},{\"@type\":\"ListItem\",\"@id\":\"https:\\\/\\\/www.eldigitaldeasturias.com\\\/noticias\\\/foro-reconoce-que-el-ayuntamiento-de-gijon-esta-rozando-su-techo-de-gasto\\\/#listItem\",\"position\":3,\"name\":\"Foro reconoce que el Ayuntamiento de Gij\\u00f3n est\\u00e1 rozando su techo de gasto\",\"previousItem\":{\"@type\":\"ListItem\",\"@id\":\"https:\\\/\\\/www.eldigitaldeasturias.com\\\/noticias\\\/category\\\/actualidad-asturias\\\/#listItem\",\"name\":\"Actualidad Asturias\"}}]},{\"@type\":\"Organization\",\"@id\":\"https:\\\/\\\/www.eldigitaldeasturias.com\\\/noticias\\\/#organization\",\"name\":\"El Digital de Asturias\",\"description\":\"Hemeroteca\",\"url\":\"https:\\\/\\\/www.eldigitaldeasturias.com\\\/noticias\\\/\",\"email\":\"info@eldigitaldeasturias.com\",\"telephone\":\"+34652131393\",\"logo\":{\"@type\":\"ImageObject\",\"url\":\"https:\\\/\\\/www.eldigitaldeasturias.com\\\/noticias\\\/wp-content\\\/uploads\\\/2020\\\/12\\\/EDA.jpg\",\"@id\":\"https:\\\/\\\/www.eldigitaldeasturias.com\\\/noticias\\\/foro-reconoce-que-el-ayuntamiento-de-gijon-esta-rozando-su-techo-de-gasto\\\/#organizationLogo\",\"width\":649,\"height\":297},\"image\":{\"@id\":\"https:\\\/\\\/www.eldigitaldeasturias.com\\\/noticias\\\/foro-reconoce-que-el-ayuntamiento-de-gijon-esta-rozando-su-techo-de-gasto\\\/#organizationLogo\"},\"sameAs\":[\"https:\\\/\\\/facebook.com\\\/eldigitaldeasturias\",\"https:\\\/\\\/www.youtube.com\\\/channel\\\/UCZP-2wLEB9Rv6erhFmqVnvg\"],\"address\":{\"@id\":\"https:\\\/\\\/www.eldigitaldeasturias.com\\\/noticias\\\/#postaladdress\",\"@type\":\"PostalAddress\",\"streetAddress\":\"san antonio 4,\",\"postalCode\":\"33430\",\"addressLocality\":\"Cand\\u00e1s\",\"addressRegion\":\"Asturias\",\"addressCountry\":\"ES\"}},{\"@type\":\"Person\",\"@id\":\"https:\\\/\\\/www.eldigitaldeasturias.com\\\/noticias\\\/author\\\/admin\\\/#author\",\"url\":\"https:\\\/\\\/www.eldigitaldeasturias.com\\\/noticias\\\/author\\\/admin\\\/\",\"name\":\"El Digital de Asturias\",\"image\":{\"@type\":\"ImageObject\",\"@id\":\"https:\\\/\\\/www.eldigitaldeasturias.com\\\/noticias\\\/foro-reconoce-que-el-ayuntamiento-de-gijon-esta-rozando-su-techo-de-gasto\\\/#authorImage\",\"url\":\"https:\\\/\\\/www.eldigitaldeasturias.com\\\/noticias\\\/wp-content\\\/litespeed\\\/avatar\\\/18677e78aa0546b92d9dbf31ec7d7668.jpg?ver=1777290358\",\"width\":96,\"height\":96,\"caption\":\"El Digital de Asturias\"}},{\"@type\":\"WebPage\",\"@id\":\"https:\\\/\\\/www.eldigitaldeasturias.com\\\/noticias\\\/foro-reconoce-que-el-ayuntamiento-de-gijon-esta-rozando-su-techo-de-gasto\\\/#webpage\",\"url\":\"https:\\\/\\\/www.eldigitaldeasturias.com\\\/noticias\\\/foro-reconoce-que-el-ayuntamiento-de-gijon-esta-rozando-su-techo-de-gasto\\\/\",\"name\":\"Foro reconoce que el Ayuntamiento de Gij\\u00f3n est\\u00e1 rozando su techo de gasto - El Digital de Asturias\",\"description\":\"El Gobierno local de Gij\\u00f3n ha reconocido este mi\\u00e9rcoles que se est\\u00e1 rozando el techo de gasto de 2016 tanto del Ayuntamiento como de los organismos aut\\u00f3nomos, lo que seg\\u00fan la oposici\\u00f3n compromete inversiones y programas ya acordados, como pas\\u00f3 con la no contrataci\\u00f3n ya de una educadora social en la Fundaci\\u00f3n Municipal de Servicios\",\"inLanguage\":\"es-ES\",\"isPartOf\":{\"@id\":\"https:\\\/\\\/www.eldigitaldeasturias.com\\\/noticias\\\/#website\"},\"breadcrumb\":{\"@id\":\"https:\\\/\\\/www.eldigitaldeasturias.com\\\/noticias\\\/foro-reconoce-que-el-ayuntamiento-de-gijon-esta-rozando-su-techo-de-gasto\\\/#breadcrumblist\"},\"author\":{\"@id\":\"https:\\\/\\\/www.eldigitaldeasturias.com\\\/noticias\\\/author\\\/admin\\\/#author\"},\"creator\":{\"@id\":\"https:\\\/\\\/www.eldigitaldeasturias.com\\\/noticias\\\/author\\\/admin\\\/#author\"},\"image\":{\"@type\":\"ImageObject\",\"url\":\"https:\\\/\\\/www.eldigitaldeasturias.com\\\/noticias\\\/wp-content\\\/uploads\\\/2016\\\/09\\\/fotonoticia_20160907134741_800.jpg\",\"@id\":\"https:\\\/\\\/www.eldigitaldeasturias.com\\\/noticias\\\/foro-reconoce-que-el-ayuntamiento-de-gijon-esta-rozando-su-techo-de-gasto\\\/#mainImage\",\"width\":800,\"height\":1067},\"primaryImageOfPage\":{\"@id\":\"https:\\\/\\\/www.eldigitaldeasturias.com\\\/noticias\\\/foro-reconoce-que-el-ayuntamiento-de-gijon-esta-rozando-su-techo-de-gasto\\\/#mainImage\"},\"datePublished\":\"2016-09-08T04:31:05+02:00\",\"dateModified\":\"2016-09-08T04:31:05+02:00\"},{\"@type\":\"WebSite\",\"@id\":\"https:\\\/\\\/www.eldigitaldeasturias.com\\\/noticias\\\/#website\",\"url\":\"https:\\\/\\\/www.eldigitaldeasturias.com\\\/noticias\\\/\",\"name\":\"El Digital de Asturias - Diario de actualidad y noticias\",\"alternateName\":\"El Digital de Asturias - Diario de actualidad y noticias\",\"description\":\"Hemeroteca\",\"inLanguage\":\"es-ES\",\"publisher\":{\"@id\":\"https:\\\/\\\/www.eldigitaldeasturias.com\\\/noticias\\\/#organization\"}}]}\n\t\t<\/script>\n\t\t<!-- All in One SEO Pro -->\r\n\t\t<title>Foro reconoce que el Ayuntamiento de Gij\u00f3n est\u00e1 rozando su techo de gasto - El Digital de Asturias<\/title>\n\n","aioseo_head_json":{"title":"Foro reconoce que el Ayuntamiento de Gij\u00f3n est\u00e1 rozando su techo de gasto - El Digital de Asturias","description":"El Gobierno local de Gij\u00f3n ha reconocido este mi\u00e9rcoles que se est\u00e1 rozando el techo de gasto de 2016 tanto del Ayuntamiento como de los organismos aut\u00f3nomos, lo que seg\u00fan la oposici\u00f3n compromete inversiones y programas ya acordados, como pas\u00f3 con la no contrataci\u00f3n ya de una educadora social en la Fundaci\u00f3n Municipal de Servicios","canonical_url":"https:\/\/www.eldigitaldeasturias.com\/noticias\/foro-reconoce-que-el-ayuntamiento-de-gijon-esta-rozando-su-techo-de-gasto\/","robots":"max-image-preview:large","keywords":"actualidad asturias","webmasterTools":{"google-site-verification":"UA-38556648-1","msvalidate.01":"7dfe9f3f1b24437ab69f4f2559babe99","miscellaneous":""},"schema":{"@context":"https:\/\/schema.org","@graph":[{"@type":"BlogPosting","@id":"https:\/\/www.eldigitaldeasturias.com\/noticias\/foro-reconoce-que-el-ayuntamiento-de-gijon-esta-rozando-su-techo-de-gasto\/#blogposting","name":"Foro reconoce que el Ayuntamiento de Gij\u00f3n est\u00e1 rozando su techo de gasto - El Digital de Asturias","headline":"Foro reconoce que el Ayuntamiento de Gij\u00f3n est\u00e1 rozando su techo de gasto","author":{"@id":"https:\/\/www.eldigitaldeasturias.com\/noticias\/author\/admin\/#author"},"publisher":{"@id":"https:\/\/www.eldigitaldeasturias.com\/noticias\/#organization"},"image":{"@type":"ImageObject","url":"https:\/\/www.eldigitaldeasturias.com\/noticias\/wp-content\/uploads\/2016\/09\/fotonoticia_20160907134741_800.jpg","width":800,"height":1067},"datePublished":"2016-09-08T04:31:05+02:00","dateModified":"2016-09-08T04:31:05+02:00","inLanguage":"es-ES","mainEntityOfPage":{"@id":"https:\/\/www.eldigitaldeasturias.com\/noticias\/foro-reconoce-que-el-ayuntamiento-de-gijon-esta-rozando-su-techo-de-gasto\/#webpage"},"isPartOf":{"@id":"https:\/\/www.eldigitaldeasturias.com\/noticias\/foro-reconoce-que-el-ayuntamiento-de-gijon-esta-rozando-su-techo-de-gasto\/#webpage"},"articleSection":"Actualidad Asturias"},{"@type":"BreadcrumbList","@id":"https:\/\/www.eldigitaldeasturias.com\/noticias\/foro-reconoce-que-el-ayuntamiento-de-gijon-esta-rozando-su-techo-de-gasto\/#breadcrumblist","itemListElement":[{"@type":"ListItem","@id":"https:\/\/www.eldigitaldeasturias.com\/noticias#listItem","position":1,"name":"Home","item":"https:\/\/www.eldigitaldeasturias.com\/noticias","nextItem":{"@type":"ListItem","@id":"https:\/\/www.eldigitaldeasturias.com\/noticias\/category\/actualidad-asturias\/#listItem","name":"Actualidad Asturias"}},{"@type":"ListItem","@id":"https:\/\/www.eldigitaldeasturias.com\/noticias\/category\/actualidad-asturias\/#listItem","position":2,"name":"Actualidad Asturias","item":"https:\/\/www.eldigitaldeasturias.com\/noticias\/category\/actualidad-asturias\/","nextItem":{"@type":"ListItem","@id":"https:\/\/www.eldigitaldeasturias.com\/noticias\/foro-reconoce-que-el-ayuntamiento-de-gijon-esta-rozando-su-techo-de-gasto\/#listItem","name":"Foro reconoce que el Ayuntamiento de Gij\u00f3n est\u00e1 rozando su techo de gasto"},"previousItem":{"@type":"ListItem","@id":"https:\/\/www.eldigitaldeasturias.com\/noticias#listItem","name":"Home"}},{"@type":"ListItem","@id":"https:\/\/www.eldigitaldeasturias.com\/noticias\/foro-reconoce-que-el-ayuntamiento-de-gijon-esta-rozando-su-techo-de-gasto\/#listItem","position":3,"name":"Foro reconoce que el Ayuntamiento de Gij\u00f3n est\u00e1 rozando su techo de gasto","previousItem":{"@type":"ListItem","@id":"https:\/\/www.eldigitaldeasturias.com\/noticias\/category\/actualidad-asturias\/#listItem","name":"Actualidad Asturias"}}]},{"@type":"Organization","@id":"https:\/\/www.eldigitaldeasturias.com\/noticias\/#organization","name":"El Digital de Asturias","description":"Hemeroteca","url":"https:\/\/www.eldigitaldeasturias.com\/noticias\/","email":"info@eldigitaldeasturias.com","telephone":"+34652131393","logo":{"@type":"ImageObject","url":"https:\/\/www.eldigitaldeasturias.com\/noticias\/wp-content\/uploads\/2020\/12\/EDA.jpg","@id":"https:\/\/www.eldigitaldeasturias.com\/noticias\/foro-reconoce-que-el-ayuntamiento-de-gijon-esta-rozando-su-techo-de-gasto\/#organizationLogo","width":649,"height":297},"image":{"@id":"https:\/\/www.eldigitaldeasturias.com\/noticias\/foro-reconoce-que-el-ayuntamiento-de-gijon-esta-rozando-su-techo-de-gasto\/#organizationLogo"},"sameAs":["https:\/\/facebook.com\/eldigitaldeasturias","https:\/\/www.youtube.com\/channel\/UCZP-2wLEB9Rv6erhFmqVnvg"],"address":{"@id":"https:\/\/www.eldigitaldeasturias.com\/noticias\/#postaladdress","@type":"PostalAddress","streetAddress":"san antonio 4,","postalCode":"33430","addressLocality":"Cand\u00e1s","addressRegion":"Asturias","addressCountry":"ES"}},{"@type":"Person","@id":"https:\/\/www.eldigitaldeasturias.com\/noticias\/author\/admin\/#author","url":"https:\/\/www.eldigitaldeasturias.com\/noticias\/author\/admin\/","name":"El Digital de Asturias","image":{"@type":"ImageObject","@id":"https:\/\/www.eldigitaldeasturias.com\/noticias\/foro-reconoce-que-el-ayuntamiento-de-gijon-esta-rozando-su-techo-de-gasto\/#authorImage","url":"https:\/\/www.eldigitaldeasturias.com\/noticias\/wp-content\/litespeed\/avatar\/18677e78aa0546b92d9dbf31ec7d7668.jpg?ver=1777290358","width":96,"height":96,"caption":"El Digital de Asturias"}},{"@type":"WebPage","@id":"https:\/\/www.eldigitaldeasturias.com\/noticias\/foro-reconoce-que-el-ayuntamiento-de-gijon-esta-rozando-su-techo-de-gasto\/#webpage","url":"https:\/\/www.eldigitaldeasturias.com\/noticias\/foro-reconoce-que-el-ayuntamiento-de-gijon-esta-rozando-su-techo-de-gasto\/","name":"Foro reconoce que el Ayuntamiento de Gij\u00f3n est\u00e1 rozando su techo de gasto - El Digital de Asturias","description":"El Gobierno local de Gij\u00f3n ha reconocido este mi\u00e9rcoles que se est\u00e1 rozando el techo de gasto de 2016 tanto del Ayuntamiento como de los organismos aut\u00f3nomos, lo que seg\u00fan la oposici\u00f3n compromete inversiones y programas ya acordados, como pas\u00f3 con la no contrataci\u00f3n ya de una educadora social en la Fundaci\u00f3n Municipal de Servicios","inLanguage":"es-ES","isPartOf":{"@id":"https:\/\/www.eldigitaldeasturias.com\/noticias\/#website"},"breadcrumb":{"@id":"https:\/\/www.eldigitaldeasturias.com\/noticias\/foro-reconoce-que-el-ayuntamiento-de-gijon-esta-rozando-su-techo-de-gasto\/#breadcrumblist"},"author":{"@id":"https:\/\/www.eldigitaldeasturias.com\/noticias\/author\/admin\/#author"},"creator":{"@id":"https:\/\/www.eldigitaldeasturias.com\/noticias\/author\/admin\/#author"},"image":{"@type":"ImageObject","url":"https:\/\/www.eldigitaldeasturias.com\/noticias\/wp-content\/uploads\/2016\/09\/fotonoticia_20160907134741_800.jpg","@id":"https:\/\/www.eldigitaldeasturias.com\/noticias\/foro-reconoce-que-el-ayuntamiento-de-gijon-esta-rozando-su-techo-de-gasto\/#mainImage","width":800,"height":1067},"primaryImageOfPage":{"@id":"https:\/\/www.eldigitaldeasturias.com\/noticias\/foro-reconoce-que-el-ayuntamiento-de-gijon-esta-rozando-su-techo-de-gasto\/#mainImage"},"datePublished":"2016-09-08T04:31:05+02:00","dateModified":"2016-09-08T04:31:05+02:00"},{"@type":"WebSite","@id":"https:\/\/www.eldigitaldeasturias.com\/noticias\/#website","url":"https:\/\/www.eldigitaldeasturias.com\/noticias\/","name":"El Digital de Asturias - Diario de actualidad y noticias","alternateName":"El Digital de Asturias - Diario de actualidad y noticias","description":"Hemeroteca","inLanguage":"es-ES","publisher":{"@id":"https:\/\/www.eldigitaldeasturias.com\/noticias\/#organization"}}]},"og:locale":"es_ES","og:site_name":"El Digital de Asturias","og:type":"article","og:title":"Foro reconoce que el Ayuntamiento de Gij\u00f3n est\u00e1 rozando su techo de gasto - El Digital de Asturias","og:description":"El Gobierno local de Gij\u00f3n ha reconocido este mi\u00e9rcoles que se est\u00e1 rozando el techo de gasto de 2016 tanto del Ayuntamiento como de los organismos aut\u00f3nomos, lo que seg\u00fan la oposici\u00f3n compromete inversiones y programas ya acordados, como pas\u00f3 con la no contrataci\u00f3n ya de una educadora social en la Fundaci\u00f3n Municipal de Servicios","og:url":"https:\/\/www.eldigitaldeasturias.com\/noticias\/foro-reconoce-que-el-ayuntamiento-de-gijon-esta-rozando-su-techo-de-gasto\/","og:image":"https:\/\/www.eldigitaldeasturias.com\/noticias\/wp-content\/uploads\/2016\/09\/fotonoticia_20160907134741_800.jpg","og:image:secure_url":"https:\/\/www.eldigitaldeasturias.com\/noticias\/wp-content\/uploads\/2016\/09\/fotonoticia_20160907134741_800.jpg","og:image:width":800,"og:image:height":1067,"article:tag":["actualidad asturias"],"article:published_time":"2016-09-08T03:31:05+00:00","article:modified_time":"2016-09-08T03:31:05+00:00","article:publisher":"https:\/\/facebook.com\/eldigitaldeasturias","twitter:card":"summary_large_image","twitter:title":"Foro reconoce que el Ayuntamiento de Gij\u00f3n est\u00e1 rozando su techo de gasto - El Digital de Asturias","twitter:description":"El Gobierno local de Gij\u00f3n ha reconocido este mi\u00e9rcoles que se est\u00e1 rozando el techo de gasto de 2016 tanto del Ayuntamiento como de los organismos aut\u00f3nomos, lo que seg\u00fan la oposici\u00f3n compromete inversiones y programas ya acordados, como pas\u00f3 con la no contrataci\u00f3n ya de una educadora social en la Fundaci\u00f3n Municipal de Servicios","twitter:image":"https:\/\/www.eldigitaldeasturias.com\/noticias\/wp-content\/uploads\/2016\/09\/fotonoticia_20160907134741_800.jpg","twitter:label1":"Escrito por","twitter:data1":"El Digital de Asturias","twitter:label2":"Tiempo de lectura estimado","twitter:data2":"4 minutos"},"aioseo_meta_data":{"post_id":"906344","title":null,"description":null,"keywords":null,"keyphrases":null,"primary_term":null,"canonical_url":null,"og_title":null,"og_description":null,"og_object_type":"default","og_image_type":"default","og_image_url":null,"og_image_width":null,"og_image_height":null,"og_image_custom_url":null,"og_image_custom_fields":null,"og_video":null,"og_custom_url":null,"og_article_section":null,"og_article_tags":null,"twitter_use_og":false,"twitter_card":"default","twitter_image_type":"default","twitter_image_url":null,"twitter_image_custom_url":null,"twitter_image_custom_fields":null,"twitter_title":null,"twitter_description":null,"schema":{"blockGraphs":[],"customGraphs":[],"default":{"data":{"Article":[],"Course":[],"Dataset":[],"FAQPage":[],"Movie":[],"Person":[],"Product":[],"ProductReview":[],"Car":[],"Recipe":[],"Service":[],"SoftwareApplication":[],"WebPage":[]},"graphName":"","isEnabled":true},"graphs":[],"defaultGraph":"","defaultPostTypeGraph":""},"schema_type":null,"schema_type_options":null,"pillar_content":false,"robots_default":true,"robots_noindex":false,"robots_noarchive":false,"robots_nosnippet":false,"robots_nofollow":false,"robots_noimageindex":false,"robots_noodp":false,"robots_notranslate":false,"robots_max_snippet":null,"robots_max_videopreview":null,"robots_max_imagepreview":"large","priority":null,"frequency":null,"local_seo":null,"seo_analyzer_scan_date":"2025-11-30 08:42:13","breadcrumb_settings":null,"limit_modified_date":false,"open_ai":null,"ai":null,"created":"2020-12-21 14:01:55","updated":"2025-11-30 08:42:13"},"aioseo_breadcrumb":"<div class=\"aioseo-breadcrumbs\"><span class=\"aioseo-breadcrumb\">\n\t<a href=\"https:\/\/www.eldigitaldeasturias.com\/noticias\" title=\"Home\">Home<\/a>\n<\/span><span class=\"aioseo-breadcrumb-separator\">\u2013<\/span><span class=\"aioseo-breadcrumb\">\n\t<a href=\"https:\/\/www.eldigitaldeasturias.com\/noticias\/category\/actualidad-asturias\/\" title=\"Actualidad Asturias\">Actualidad Asturias<\/a>\n<\/span><span class=\"aioseo-breadcrumb-separator\">\u2013<\/span><span class=\"aioseo-breadcrumb\">\n\t<a href=\"https:\/\/www.eldigitaldeasturias.com\/noticias\/foro-reconoce-que-el-ayuntamiento-de-gijon-esta-rozando-su-techo-de-gasto\/\" title=\"Foro reconoce que el Ayuntamiento de Gij\u00f3n est\u00e1 rozando su techo de gasto\">Foro reconoce que el Ayuntamiento de Gij\u00f3n est\u00e1 rozando su techo de gasto<\/a>\n<\/span><\/div>","aioseo_breadcrumb_json":[{"label":"Home","link":"https:\/\/www.eldigitaldeasturias.com\/noticias"},{"label":"Actualidad Asturias","link":"https:\/\/www.eldigitaldeasturias.com\/noticias\/category\/actualidad-asturias\/"},{"label":"Foro reconoce que el Ayuntamiento de Gij\u00f3n est\u00e1 rozando su techo de gasto","link":"https:\/\/www.eldigitaldeasturias.com\/noticias\/foro-reconoce-que-el-ayuntamiento-de-gijon-esta-rozando-su-techo-de-gasto\/"}],"_links":{"self":[{"href":"https:\/\/www.eldigitaldeasturias.com\/noticias\/wp-json\/wp\/v2\/posts\/906344","targetHints":{"allow":["GET"]}}],"collection":[{"href":"https:\/\/www.eldigitaldeasturias.com\/noticias\/wp-json\/wp\/v2\/posts"}],"about":[{"href":"https:\/\/www.eldigitaldeasturias.com\/noticias\/wp-json\/wp\/v2\/types\/post"}],"author":[{"embeddable":true,"href":"https:\/\/www.eldigitaldeasturias.com\/noticias\/wp-json\/wp\/v2\/users\/1"}],"replies":[{"embeddable":true,"href":"https:\/\/www.eldigitaldeasturias.com\/noticias\/wp-json\/wp\/v2\/comments?post=906344"}],"version-history":[{"count":0,"href":"https:\/\/www.eldigitaldeasturias.com\/noticias\/wp-json\/wp\/v2\/posts\/906344\/revisions"}],"wp:featuredmedia":[{"embeddable":true,"href":"https:\/\/www.eldigitaldeasturias.com\/noticias\/wp-json\/wp\/v2\/media\/906345"}],"wp:attachment":[{"href":"https:\/\/www.eldigitaldeasturias.com\/noticias\/wp-json\/wp\/v2\/media?parent=906344"}],"wp:term":[{"taxonomy":"category","embeddable":true,"href":"https:\/\/www.eldigitaldeasturias.com\/noticias\/wp-json\/wp\/v2\/categories?post=906344"},{"taxonomy":"post_tag","embeddable":true,"href":"https:\/\/www.eldigitaldeasturias.com\/noticias\/wp-json\/wp\/v2\/tags?post=906344"}],"curies":[{"name":"wp","href":"https:\/\/api.w.org\/{rel}","templated":true}]}}