{"id":906338,"date":"2016-09-08T04:23:57","date_gmt":"2016-09-08T03:23:57","guid":{"rendered":"http:\/\/www.eldigitaldeasturias.com\/noticias\/?p=906338"},"modified":"2016-09-08T04:23:57","modified_gmt":"2016-09-08T03:23:57","slug":"uno-de-cada-cuatro-asturianos-se-considera-adicto-al-telefono-movil","status":"publish","type":"post","link":"https:\/\/www.eldigitaldeasturias.com\/noticias\/uno-de-cada-cuatro-asturianos-se-considera-adicto-al-telefono-movil\/","title":{"rendered":"Uno de cada cuatro asturianos se considera adicto al tel\u00e9fono m\u00f3vil"},"content":{"rendered":"<p><img loading=\"lazy\" decoding=\"async\" class=\"alignleft size-medium wp-image-906339\" src=\"https:\/\/www.eldigitaldeasturias.com\/noticias\/wp-content\/uploads\/2016\/09\/fotonoticia_20160907132435_800-360x240.jpg\" alt=\"fotonoticia_20160907132435_800\" width=\"360\" height=\"240\" srcset=\"https:\/\/www.eldigitaldeasturias.com\/noticias\/wp-content\/uploads\/2016\/09\/fotonoticia_20160907132435_800-360x240.jpg 360w, https:\/\/www.eldigitaldeasturias.com\/noticias\/wp-content\/uploads\/2016\/09\/fotonoticia_20160907132435_800-768x512.jpg 768w, https:\/\/www.eldigitaldeasturias.com\/noticias\/wp-content\/uploads\/2016\/09\/fotonoticia_20160907132435_800-650x433.jpg 650w, https:\/\/www.eldigitaldeasturias.com\/noticias\/wp-content\/uploads\/2016\/09\/fotonoticia_20160907132435_800-84x55.jpg 84w, https:\/\/www.eldigitaldeasturias.com\/noticias\/wp-content\/uploads\/2016\/09\/fotonoticia_20160907132435_800-49x32.jpg 49w, https:\/\/www.eldigitaldeasturias.com\/noticias\/wp-content\/uploads\/2016\/09\/fotonoticia_20160907132435_800.jpg 800w\" sizes=\"auto, (max-width: 360px) 100vw, 360px\" \/>El 24,4 por ciento de los asturianos se considera adicto al tel\u00e9fono m\u00f3vil, seg\u00fan el III Estudio de Comparaci\u00f3n Online hacia el Ahorro Inteligente, de Rastreator.com. Esta cifra sit\u00faa al Principado de Asturias como la segunda comunidad con m\u00e1s adictos tras el Pa\u00eds Vasco.<\/p>\n<p>En el estudio, se ha constatado que en toda Espa\u00f1a, m\u00e1s de la mitad de la poblaci\u00f3n (56%) usa de forma activa el m\u00f3vil al menos 3 horas al d\u00eda, la media de uso es 4,24 horas diarias, y el 17,7% de encuestados se considera adicto.<\/p>\n<p>Al preguntarse a los encuestados de cada autonom\u00eda si se consideran adictos al m\u00f3vil, el Pa\u00eds Vasco lidera la tabla con un 28%, por delante de Asturias (24,4%), Castilla-La Mancha (22,7%), Comunidad Valenciana (19,5%) y Comunidad de Madrid (19,4%).<\/p>\n<p>A continuaci\u00f3n est\u00e1n Catalu\u00f1a (18,3%), Andaluc\u00eda (18,2%), Castilla y Le\u00f3n (16,5%), Baleares (16%), Extremadura (15%), Murcia (12,5%), Galicia (10,5%), Canarias (10,3%) y Arag\u00f3n (8,9%).<\/p>\n<p>&nbsp;<\/p>\n","protected":false},"excerpt":{"rendered":"<p>El 24,4 por ciento de los asturianos se considera adicto al tel\u00e9fono m\u00f3vil, seg\u00fan el III Estudio de Comparaci\u00f3n Online hacia el Ahorro Inteligente, de Rastreator.com. Esta cifra sit\u00faa al Principado de Asturias como la segunda comunidad con m\u00e1s adictos tras el Pa\u00eds Vasco. En el estudio, se ha constatado que en toda Espa\u00f1a, m\u00e1s [&hellip;]<\/p>\n","protected":false},"author":1,"featured_media":906339,"comment_status":"closed","ping_status":"closed","sticky":false,"template":"","format":"standard","meta":{"footnotes":""},"categories":[12],"tags":[],"class_list":["post-906338","post","type-post","status-publish","format-standard","has-post-thumbnail","hentry","category-actualidad-asturias"],"aioseo_notices":[],"aioseo_head":"\n\t\t<!-- All in One SEO Pro 4.9.6.2 - aioseo.com -->\n\t<meta name=\"description\" content=\"El 24,4 por ciento de los asturianos se considera adicto al tel\u00e9fono m\u00f3vil, seg\u00fan el III Estudio de Comparaci\u00f3n Online hacia el Ahorro Inteligente, de Rastreator.com. Esta cifra sit\u00faa al Principado de Asturias como la segunda comunidad con m\u00e1s adictos tras el Pa\u00eds Vasco. En el estudio, se ha constatado que en toda Espa\u00f1a, m\u00e1s\" \/>\n\t<meta name=\"robots\" content=\"max-image-preview:large\" \/>\n\t<meta name=\"author\" content=\"El Digital de Asturias\"\/>\n\t<meta name=\"google-site-verification\" content=\"UA-38556648-1\" \/>\n\t<meta name=\"msvalidate.01\" content=\"7dfe9f3f1b24437ab69f4f2559babe99\" \/>\n\t<meta name=\"keywords\" content=\"actualidad asturias\" \/>\n\t<link rel=\"canonical\" href=\"https:\/\/www.eldigitaldeasturias.com\/noticias\/uno-de-cada-cuatro-asturianos-se-considera-adicto-al-telefono-movil\/\" \/>\n\t<meta name=\"generator\" content=\"All in One SEO Pro (AIOSEO) 4.9.6.2\" \/>\n\t\t<meta property=\"og:locale\" content=\"es_ES\" \/>\n\t\t<meta property=\"og:site_name\" content=\"El Digital de Asturias\" \/>\n\t\t<meta property=\"og:type\" content=\"article\" \/>\n\t\t<meta property=\"og:title\" content=\"Uno de cada cuatro asturianos se considera adicto al tel\u00e9fono m\u00f3vil - El Digital de Asturias\" \/>\n\t\t<meta property=\"og:description\" content=\"El 24,4 por ciento de los asturianos se considera adicto al tel\u00e9fono m\u00f3vil, seg\u00fan el III Estudio de Comparaci\u00f3n Online hacia el Ahorro Inteligente, de Rastreator.com. Esta cifra sit\u00faa al Principado de Asturias como la segunda comunidad con m\u00e1s adictos tras el Pa\u00eds Vasco. En el estudio, se ha constatado que en toda Espa\u00f1a, m\u00e1s\" \/>\n\t\t<meta property=\"og:url\" content=\"https:\/\/www.eldigitaldeasturias.com\/noticias\/uno-de-cada-cuatro-asturianos-se-considera-adicto-al-telefono-movil\/\" \/>\n\t\t<meta property=\"og:image\" content=\"https:\/\/www.eldigitaldeasturias.com\/noticias\/wp-content\/uploads\/2016\/09\/fotonoticia_20160907132435_800.jpg\" \/>\n\t\t<meta property=\"og:image:secure_url\" content=\"https:\/\/www.eldigitaldeasturias.com\/noticias\/wp-content\/uploads\/2016\/09\/fotonoticia_20160907132435_800.jpg\" \/>\n\t\t<meta property=\"og:image:width\" content=\"800\" \/>\n\t\t<meta property=\"og:image:height\" content=\"533\" \/>\n\t\t<meta property=\"article:tag\" content=\"actualidad asturias\" \/>\n\t\t<meta property=\"article:published_time\" content=\"2016-09-08T03:23:57+00:00\" \/>\n\t\t<meta property=\"article:modified_time\" content=\"2016-09-08T03:23:57+00:00\" \/>\n\t\t<meta property=\"article:publisher\" content=\"https:\/\/facebook.com\/eldigitaldeasturias\" \/>\n\t\t<meta name=\"twitter:card\" content=\"summary_large_image\" \/>\n\t\t<meta name=\"twitter:title\" content=\"Uno de cada cuatro asturianos se considera adicto al tel\u00e9fono m\u00f3vil - El Digital de Asturias\" \/>\n\t\t<meta name=\"twitter:description\" content=\"El 24,4 por ciento de los asturianos se considera adicto al tel\u00e9fono m\u00f3vil, seg\u00fan el III Estudio de Comparaci\u00f3n Online hacia el Ahorro Inteligente, de Rastreator.com. Esta cifra sit\u00faa al Principado de Asturias como la segunda comunidad con m\u00e1s adictos tras el Pa\u00eds Vasco. En el estudio, se ha constatado que en toda Espa\u00f1a, m\u00e1s\" \/>\n\t\t<meta name=\"twitter:image\" content=\"https:\/\/www.eldigitaldeasturias.com\/noticias\/wp-content\/uploads\/2016\/09\/fotonoticia_20160907132435_800.jpg\" \/>\n\t\t<meta name=\"twitter:label1\" content=\"Escrito por\" \/>\n\t\t<meta name=\"twitter:data1\" content=\"El Digital de Asturias\" \/>\n\t\t<meta name=\"twitter:label2\" content=\"Tiempo de lectura estimado\" \/>\n\t\t<meta name=\"twitter:data2\" content=\"1 minuto\" \/>\n\t\t<script type=\"application\/ld+json\" class=\"aioseo-schema\">\n\t\t\t{\"@context\":\"https:\\\/\\\/schema.org\",\"@graph\":[{\"@type\":\"BlogPosting\",\"@id\":\"https:\\\/\\\/www.eldigitaldeasturias.com\\\/noticias\\\/uno-de-cada-cuatro-asturianos-se-considera-adicto-al-telefono-movil\\\/#blogposting\",\"name\":\"Uno de cada cuatro asturianos se considera adicto al tel\\u00e9fono m\\u00f3vil - El Digital de Asturias\",\"headline\":\"Uno de cada cuatro asturianos se considera adicto al tel\\u00e9fono m\\u00f3vil\",\"author\":{\"@id\":\"https:\\\/\\\/www.eldigitaldeasturias.com\\\/noticias\\\/author\\\/admin\\\/#author\"},\"publisher\":{\"@id\":\"https:\\\/\\\/www.eldigitaldeasturias.com\\\/noticias\\\/#organization\"},\"image\":{\"@type\":\"ImageObject\",\"url\":\"https:\\\/\\\/www.eldigitaldeasturias.com\\\/noticias\\\/wp-content\\\/uploads\\\/2016\\\/09\\\/fotonoticia_20160907132435_800.jpg\",\"width\":800,\"height\":533},\"datePublished\":\"2016-09-08T04:23:57+02:00\",\"dateModified\":\"2016-09-08T04:23:57+02:00\",\"inLanguage\":\"es-ES\",\"mainEntityOfPage\":{\"@id\":\"https:\\\/\\\/www.eldigitaldeasturias.com\\\/noticias\\\/uno-de-cada-cuatro-asturianos-se-considera-adicto-al-telefono-movil\\\/#webpage\"},\"isPartOf\":{\"@id\":\"https:\\\/\\\/www.eldigitaldeasturias.com\\\/noticias\\\/uno-de-cada-cuatro-asturianos-se-considera-adicto-al-telefono-movil\\\/#webpage\"},\"articleSection\":\"Actualidad Asturias\"},{\"@type\":\"BreadcrumbList\",\"@id\":\"https:\\\/\\\/www.eldigitaldeasturias.com\\\/noticias\\\/uno-de-cada-cuatro-asturianos-se-considera-adicto-al-telefono-movil\\\/#breadcrumblist\",\"itemListElement\":[{\"@type\":\"ListItem\",\"@id\":\"https:\\\/\\\/www.eldigitaldeasturias.com\\\/noticias#listItem\",\"position\":1,\"name\":\"Home\",\"item\":\"https:\\\/\\\/www.eldigitaldeasturias.com\\\/noticias\",\"nextItem\":{\"@type\":\"ListItem\",\"@id\":\"https:\\\/\\\/www.eldigitaldeasturias.com\\\/noticias\\\/category\\\/actualidad-asturias\\\/#listItem\",\"name\":\"Actualidad Asturias\"}},{\"@type\":\"ListItem\",\"@id\":\"https:\\\/\\\/www.eldigitaldeasturias.com\\\/noticias\\\/category\\\/actualidad-asturias\\\/#listItem\",\"position\":2,\"name\":\"Actualidad Asturias\",\"item\":\"https:\\\/\\\/www.eldigitaldeasturias.com\\\/noticias\\\/category\\\/actualidad-asturias\\\/\",\"nextItem\":{\"@type\":\"ListItem\",\"@id\":\"https:\\\/\\\/www.eldigitaldeasturias.com\\\/noticias\\\/uno-de-cada-cuatro-asturianos-se-considera-adicto-al-telefono-movil\\\/#listItem\",\"name\":\"Uno de cada cuatro asturianos se considera adicto al tel\\u00e9fono m\\u00f3vil\"},\"previousItem\":{\"@type\":\"ListItem\",\"@id\":\"https:\\\/\\\/www.eldigitaldeasturias.com\\\/noticias#listItem\",\"name\":\"Home\"}},{\"@type\":\"ListItem\",\"@id\":\"https:\\\/\\\/www.eldigitaldeasturias.com\\\/noticias\\\/uno-de-cada-cuatro-asturianos-se-considera-adicto-al-telefono-movil\\\/#listItem\",\"position\":3,\"name\":\"Uno de cada cuatro asturianos se considera adicto al tel\\u00e9fono m\\u00f3vil\",\"previousItem\":{\"@type\":\"ListItem\",\"@id\":\"https:\\\/\\\/www.eldigitaldeasturias.com\\\/noticias\\\/category\\\/actualidad-asturias\\\/#listItem\",\"name\":\"Actualidad Asturias\"}}]},{\"@type\":\"Organization\",\"@id\":\"https:\\\/\\\/www.eldigitaldeasturias.com\\\/noticias\\\/#organization\",\"name\":\"El Digital de Asturias\",\"description\":\"Hemeroteca\",\"url\":\"https:\\\/\\\/www.eldigitaldeasturias.com\\\/noticias\\\/\",\"email\":\"info@eldigitaldeasturias.com\",\"telephone\":\"+34652131393\",\"logo\":{\"@type\":\"ImageObject\",\"url\":\"https:\\\/\\\/www.eldigitaldeasturias.com\\\/noticias\\\/wp-content\\\/uploads\\\/2020\\\/12\\\/EDA.jpg\",\"@id\":\"https:\\\/\\\/www.eldigitaldeasturias.com\\\/noticias\\\/uno-de-cada-cuatro-asturianos-se-considera-adicto-al-telefono-movil\\\/#organizationLogo\",\"width\":649,\"height\":297},\"image\":{\"@id\":\"https:\\\/\\\/www.eldigitaldeasturias.com\\\/noticias\\\/uno-de-cada-cuatro-asturianos-se-considera-adicto-al-telefono-movil\\\/#organizationLogo\"},\"sameAs\":[\"https:\\\/\\\/facebook.com\\\/eldigitaldeasturias\",\"https:\\\/\\\/www.youtube.com\\\/channel\\\/UCZP-2wLEB9Rv6erhFmqVnvg\"],\"address\":{\"@id\":\"https:\\\/\\\/www.eldigitaldeasturias.com\\\/noticias\\\/#postaladdress\",\"@type\":\"PostalAddress\",\"streetAddress\":\"san antonio 4,\",\"postalCode\":\"33430\",\"addressLocality\":\"Cand\\u00e1s\",\"addressRegion\":\"Asturias\",\"addressCountry\":\"ES\"}},{\"@type\":\"Person\",\"@id\":\"https:\\\/\\\/www.eldigitaldeasturias.com\\\/noticias\\\/author\\\/admin\\\/#author\",\"url\":\"https:\\\/\\\/www.eldigitaldeasturias.com\\\/noticias\\\/author\\\/admin\\\/\",\"name\":\"El Digital de Asturias\",\"image\":{\"@type\":\"ImageObject\",\"@id\":\"https:\\\/\\\/www.eldigitaldeasturias.com\\\/noticias\\\/uno-de-cada-cuatro-asturianos-se-considera-adicto-al-telefono-movil\\\/#authorImage\",\"url\":\"https:\\\/\\\/www.eldigitaldeasturias.com\\\/noticias\\\/wp-content\\\/litespeed\\\/avatar\\\/18677e78aa0546b92d9dbf31ec7d7668.jpg?ver=1777290358\",\"width\":96,\"height\":96,\"caption\":\"El Digital de Asturias\"}},{\"@type\":\"WebPage\",\"@id\":\"https:\\\/\\\/www.eldigitaldeasturias.com\\\/noticias\\\/uno-de-cada-cuatro-asturianos-se-considera-adicto-al-telefono-movil\\\/#webpage\",\"url\":\"https:\\\/\\\/www.eldigitaldeasturias.com\\\/noticias\\\/uno-de-cada-cuatro-asturianos-se-considera-adicto-al-telefono-movil\\\/\",\"name\":\"Uno de cada cuatro asturianos se considera adicto al tel\\u00e9fono m\\u00f3vil - El Digital de Asturias\",\"description\":\"El 24,4 por ciento de los asturianos se considera adicto al tel\\u00e9fono m\\u00f3vil, seg\\u00fan el III Estudio de Comparaci\\u00f3n Online hacia el Ahorro Inteligente, de Rastreator.com. Esta cifra sit\\u00faa al Principado de Asturias como la segunda comunidad con m\\u00e1s adictos tras el Pa\\u00eds Vasco. En el estudio, se ha constatado que en toda Espa\\u00f1a, m\\u00e1s\",\"inLanguage\":\"es-ES\",\"isPartOf\":{\"@id\":\"https:\\\/\\\/www.eldigitaldeasturias.com\\\/noticias\\\/#website\"},\"breadcrumb\":{\"@id\":\"https:\\\/\\\/www.eldigitaldeasturias.com\\\/noticias\\\/uno-de-cada-cuatro-asturianos-se-considera-adicto-al-telefono-movil\\\/#breadcrumblist\"},\"author\":{\"@id\":\"https:\\\/\\\/www.eldigitaldeasturias.com\\\/noticias\\\/author\\\/admin\\\/#author\"},\"creator\":{\"@id\":\"https:\\\/\\\/www.eldigitaldeasturias.com\\\/noticias\\\/author\\\/admin\\\/#author\"},\"image\":{\"@type\":\"ImageObject\",\"url\":\"https:\\\/\\\/www.eldigitaldeasturias.com\\\/noticias\\\/wp-content\\\/uploads\\\/2016\\\/09\\\/fotonoticia_20160907132435_800.jpg\",\"@id\":\"https:\\\/\\\/www.eldigitaldeasturias.com\\\/noticias\\\/uno-de-cada-cuatro-asturianos-se-considera-adicto-al-telefono-movil\\\/#mainImage\",\"width\":800,\"height\":533},\"primaryImageOfPage\":{\"@id\":\"https:\\\/\\\/www.eldigitaldeasturias.com\\\/noticias\\\/uno-de-cada-cuatro-asturianos-se-considera-adicto-al-telefono-movil\\\/#mainImage\"},\"datePublished\":\"2016-09-08T04:23:57+02:00\",\"dateModified\":\"2016-09-08T04:23:57+02:00\"},{\"@type\":\"WebSite\",\"@id\":\"https:\\\/\\\/www.eldigitaldeasturias.com\\\/noticias\\\/#website\",\"url\":\"https:\\\/\\\/www.eldigitaldeasturias.com\\\/noticias\\\/\",\"name\":\"El Digital de Asturias - Diario de actualidad y noticias\",\"alternateName\":\"El Digital de Asturias - Diario de actualidad y noticias\",\"description\":\"Hemeroteca\",\"inLanguage\":\"es-ES\",\"publisher\":{\"@id\":\"https:\\\/\\\/www.eldigitaldeasturias.com\\\/noticias\\\/#organization\"}}]}\n\t\t<\/script>\n\t\t<!-- All in One SEO Pro -->\r\n\t\t<title>Uno de cada cuatro asturianos se considera adicto al tel\u00e9fono m\u00f3vil - El Digital de Asturias<\/title>\n\n","aioseo_head_json":{"title":"Uno de cada cuatro asturianos se considera adicto al tel\u00e9fono m\u00f3vil - El Digital de Asturias","description":"El 24,4 por ciento de los asturianos se considera adicto al tel\u00e9fono m\u00f3vil, seg\u00fan el III Estudio de Comparaci\u00f3n Online hacia el Ahorro Inteligente, de Rastreator.com. Esta cifra sit\u00faa al Principado de Asturias como la segunda comunidad con m\u00e1s adictos tras el Pa\u00eds Vasco. En el estudio, se ha constatado que en toda Espa\u00f1a, m\u00e1s","canonical_url":"https:\/\/www.eldigitaldeasturias.com\/noticias\/uno-de-cada-cuatro-asturianos-se-considera-adicto-al-telefono-movil\/","robots":"max-image-preview:large","keywords":"actualidad asturias","webmasterTools":{"google-site-verification":"UA-38556648-1","msvalidate.01":"7dfe9f3f1b24437ab69f4f2559babe99","miscellaneous":""},"schema":{"@context":"https:\/\/schema.org","@graph":[{"@type":"BlogPosting","@id":"https:\/\/www.eldigitaldeasturias.com\/noticias\/uno-de-cada-cuatro-asturianos-se-considera-adicto-al-telefono-movil\/#blogposting","name":"Uno de cada cuatro asturianos se considera adicto al tel\u00e9fono m\u00f3vil - El Digital de Asturias","headline":"Uno de cada cuatro asturianos se considera adicto al tel\u00e9fono m\u00f3vil","author":{"@id":"https:\/\/www.eldigitaldeasturias.com\/noticias\/author\/admin\/#author"},"publisher":{"@id":"https:\/\/www.eldigitaldeasturias.com\/noticias\/#organization"},"image":{"@type":"ImageObject","url":"https:\/\/www.eldigitaldeasturias.com\/noticias\/wp-content\/uploads\/2016\/09\/fotonoticia_20160907132435_800.jpg","width":800,"height":533},"datePublished":"2016-09-08T04:23:57+02:00","dateModified":"2016-09-08T04:23:57+02:00","inLanguage":"es-ES","mainEntityOfPage":{"@id":"https:\/\/www.eldigitaldeasturias.com\/noticias\/uno-de-cada-cuatro-asturianos-se-considera-adicto-al-telefono-movil\/#webpage"},"isPartOf":{"@id":"https:\/\/www.eldigitaldeasturias.com\/noticias\/uno-de-cada-cuatro-asturianos-se-considera-adicto-al-telefono-movil\/#webpage"},"articleSection":"Actualidad Asturias"},{"@type":"BreadcrumbList","@id":"https:\/\/www.eldigitaldeasturias.com\/noticias\/uno-de-cada-cuatro-asturianos-se-considera-adicto-al-telefono-movil\/#breadcrumblist","itemListElement":[{"@type":"ListItem","@id":"https:\/\/www.eldigitaldeasturias.com\/noticias#listItem","position":1,"name":"Home","item":"https:\/\/www.eldigitaldeasturias.com\/noticias","nextItem":{"@type":"ListItem","@id":"https:\/\/www.eldigitaldeasturias.com\/noticias\/category\/actualidad-asturias\/#listItem","name":"Actualidad Asturias"}},{"@type":"ListItem","@id":"https:\/\/www.eldigitaldeasturias.com\/noticias\/category\/actualidad-asturias\/#listItem","position":2,"name":"Actualidad Asturias","item":"https:\/\/www.eldigitaldeasturias.com\/noticias\/category\/actualidad-asturias\/","nextItem":{"@type":"ListItem","@id":"https:\/\/www.eldigitaldeasturias.com\/noticias\/uno-de-cada-cuatro-asturianos-se-considera-adicto-al-telefono-movil\/#listItem","name":"Uno de cada cuatro asturianos se considera adicto al tel\u00e9fono m\u00f3vil"},"previousItem":{"@type":"ListItem","@id":"https:\/\/www.eldigitaldeasturias.com\/noticias#listItem","name":"Home"}},{"@type":"ListItem","@id":"https:\/\/www.eldigitaldeasturias.com\/noticias\/uno-de-cada-cuatro-asturianos-se-considera-adicto-al-telefono-movil\/#listItem","position":3,"name":"Uno de cada cuatro asturianos se considera adicto al tel\u00e9fono m\u00f3vil","previousItem":{"@type":"ListItem","@id":"https:\/\/www.eldigitaldeasturias.com\/noticias\/category\/actualidad-asturias\/#listItem","name":"Actualidad Asturias"}}]},{"@type":"Organization","@id":"https:\/\/www.eldigitaldeasturias.com\/noticias\/#organization","name":"El Digital de Asturias","description":"Hemeroteca","url":"https:\/\/www.eldigitaldeasturias.com\/noticias\/","email":"info@eldigitaldeasturias.com","telephone":"+34652131393","logo":{"@type":"ImageObject","url":"https:\/\/www.eldigitaldeasturias.com\/noticias\/wp-content\/uploads\/2020\/12\/EDA.jpg","@id":"https:\/\/www.eldigitaldeasturias.com\/noticias\/uno-de-cada-cuatro-asturianos-se-considera-adicto-al-telefono-movil\/#organizationLogo","width":649,"height":297},"image":{"@id":"https:\/\/www.eldigitaldeasturias.com\/noticias\/uno-de-cada-cuatro-asturianos-se-considera-adicto-al-telefono-movil\/#organizationLogo"},"sameAs":["https:\/\/facebook.com\/eldigitaldeasturias","https:\/\/www.youtube.com\/channel\/UCZP-2wLEB9Rv6erhFmqVnvg"],"address":{"@id":"https:\/\/www.eldigitaldeasturias.com\/noticias\/#postaladdress","@type":"PostalAddress","streetAddress":"san antonio 4,","postalCode":"33430","addressLocality":"Cand\u00e1s","addressRegion":"Asturias","addressCountry":"ES"}},{"@type":"Person","@id":"https:\/\/www.eldigitaldeasturias.com\/noticias\/author\/admin\/#author","url":"https:\/\/www.eldigitaldeasturias.com\/noticias\/author\/admin\/","name":"El Digital de Asturias","image":{"@type":"ImageObject","@id":"https:\/\/www.eldigitaldeasturias.com\/noticias\/uno-de-cada-cuatro-asturianos-se-considera-adicto-al-telefono-movil\/#authorImage","url":"https:\/\/www.eldigitaldeasturias.com\/noticias\/wp-content\/litespeed\/avatar\/18677e78aa0546b92d9dbf31ec7d7668.jpg?ver=1777290358","width":96,"height":96,"caption":"El Digital de Asturias"}},{"@type":"WebPage","@id":"https:\/\/www.eldigitaldeasturias.com\/noticias\/uno-de-cada-cuatro-asturianos-se-considera-adicto-al-telefono-movil\/#webpage","url":"https:\/\/www.eldigitaldeasturias.com\/noticias\/uno-de-cada-cuatro-asturianos-se-considera-adicto-al-telefono-movil\/","name":"Uno de cada cuatro asturianos se considera adicto al tel\u00e9fono m\u00f3vil - El Digital de Asturias","description":"El 24,4 por ciento de los asturianos se considera adicto al tel\u00e9fono m\u00f3vil, seg\u00fan el III Estudio de Comparaci\u00f3n Online hacia el Ahorro Inteligente, de Rastreator.com. Esta cifra sit\u00faa al Principado de Asturias como la segunda comunidad con m\u00e1s adictos tras el Pa\u00eds Vasco. En el estudio, se ha constatado que en toda Espa\u00f1a, m\u00e1s","inLanguage":"es-ES","isPartOf":{"@id":"https:\/\/www.eldigitaldeasturias.com\/noticias\/#website"},"breadcrumb":{"@id":"https:\/\/www.eldigitaldeasturias.com\/noticias\/uno-de-cada-cuatro-asturianos-se-considera-adicto-al-telefono-movil\/#breadcrumblist"},"author":{"@id":"https:\/\/www.eldigitaldeasturias.com\/noticias\/author\/admin\/#author"},"creator":{"@id":"https:\/\/www.eldigitaldeasturias.com\/noticias\/author\/admin\/#author"},"image":{"@type":"ImageObject","url":"https:\/\/www.eldigitaldeasturias.com\/noticias\/wp-content\/uploads\/2016\/09\/fotonoticia_20160907132435_800.jpg","@id":"https:\/\/www.eldigitaldeasturias.com\/noticias\/uno-de-cada-cuatro-asturianos-se-considera-adicto-al-telefono-movil\/#mainImage","width":800,"height":533},"primaryImageOfPage":{"@id":"https:\/\/www.eldigitaldeasturias.com\/noticias\/uno-de-cada-cuatro-asturianos-se-considera-adicto-al-telefono-movil\/#mainImage"},"datePublished":"2016-09-08T04:23:57+02:00","dateModified":"2016-09-08T04:23:57+02:00"},{"@type":"WebSite","@id":"https:\/\/www.eldigitaldeasturias.com\/noticias\/#website","url":"https:\/\/www.eldigitaldeasturias.com\/noticias\/","name":"El Digital de Asturias - Diario de actualidad y noticias","alternateName":"El Digital de Asturias - Diario de actualidad y noticias","description":"Hemeroteca","inLanguage":"es-ES","publisher":{"@id":"https:\/\/www.eldigitaldeasturias.com\/noticias\/#organization"}}]},"og:locale":"es_ES","og:site_name":"El Digital de Asturias","og:type":"article","og:title":"Uno de cada cuatro asturianos se considera adicto al tel\u00e9fono m\u00f3vil - El Digital de Asturias","og:description":"El 24,4 por ciento de los asturianos se considera adicto al tel\u00e9fono m\u00f3vil, seg\u00fan el III Estudio de Comparaci\u00f3n Online hacia el Ahorro Inteligente, de Rastreator.com. Esta cifra sit\u00faa al Principado de Asturias como la segunda comunidad con m\u00e1s adictos tras el Pa\u00eds Vasco. En el estudio, se ha constatado que en toda Espa\u00f1a, m\u00e1s","og:url":"https:\/\/www.eldigitaldeasturias.com\/noticias\/uno-de-cada-cuatro-asturianos-se-considera-adicto-al-telefono-movil\/","og:image":"https:\/\/www.eldigitaldeasturias.com\/noticias\/wp-content\/uploads\/2016\/09\/fotonoticia_20160907132435_800.jpg","og:image:secure_url":"https:\/\/www.eldigitaldeasturias.com\/noticias\/wp-content\/uploads\/2016\/09\/fotonoticia_20160907132435_800.jpg","og:image:width":800,"og:image:height":533,"article:tag":["actualidad asturias"],"article:published_time":"2016-09-08T03:23:57+00:00","article:modified_time":"2016-09-08T03:23:57+00:00","article:publisher":"https:\/\/facebook.com\/eldigitaldeasturias","twitter:card":"summary_large_image","twitter:title":"Uno de cada cuatro asturianos se considera adicto al tel\u00e9fono m\u00f3vil - El Digital de Asturias","twitter:description":"El 24,4 por ciento de los asturianos se considera adicto al tel\u00e9fono m\u00f3vil, seg\u00fan el III Estudio de Comparaci\u00f3n Online hacia el Ahorro Inteligente, de Rastreator.com. Esta cifra sit\u00faa al Principado de Asturias como la segunda comunidad con m\u00e1s adictos tras el Pa\u00eds Vasco. En el estudio, se ha constatado que en toda Espa\u00f1a, m\u00e1s","twitter:image":"https:\/\/www.eldigitaldeasturias.com\/noticias\/wp-content\/uploads\/2016\/09\/fotonoticia_20160907132435_800.jpg","twitter:label1":"Escrito por","twitter:data1":"El Digital de Asturias","twitter:label2":"Tiempo de lectura estimado","twitter:data2":"1 minuto"},"aioseo_meta_data":{"post_id":"906338","title":null,"description":null,"keywords":null,"keyphrases":null,"primary_term":null,"canonical_url":null,"og_title":null,"og_description":null,"og_object_type":"default","og_image_type":"default","og_image_url":null,"og_image_width":null,"og_image_height":null,"og_image_custom_url":null,"og_image_custom_fields":null,"og_video":null,"og_custom_url":null,"og_article_section":null,"og_article_tags":null,"twitter_use_og":false,"twitter_card":"default","twitter_image_type":"default","twitter_image_url":null,"twitter_image_custom_url":null,"twitter_image_custom_fields":null,"twitter_title":null,"twitter_description":null,"schema":{"blockGraphs":[],"customGraphs":[],"default":{"data":{"Article":[],"Course":[],"Dataset":[],"FAQPage":[],"Movie":[],"Person":[],"Product":[],"ProductReview":[],"Car":[],"Recipe":[],"Service":[],"SoftwareApplication":[],"WebPage":[]},"graphName":"","isEnabled":true},"graphs":[],"defaultGraph":"","defaultPostTypeGraph":""},"schema_type":null,"schema_type_options":null,"pillar_content":false,"robots_default":true,"robots_noindex":false,"robots_noarchive":false,"robots_nosnippet":false,"robots_nofollow":false,"robots_noimageindex":false,"robots_noodp":false,"robots_notranslate":false,"robots_max_snippet":null,"robots_max_videopreview":null,"robots_max_imagepreview":"large","priority":null,"frequency":null,"local_seo":null,"seo_analyzer_scan_date":"2025-11-30 08:42:11","breadcrumb_settings":null,"limit_modified_date":false,"open_ai":null,"ai":null,"created":"2020-12-21 14:01:55","updated":"2025-11-30 08:42:11"},"aioseo_breadcrumb":"<div class=\"aioseo-breadcrumbs\"><span class=\"aioseo-breadcrumb\">\n\t<a href=\"https:\/\/www.eldigitaldeasturias.com\/noticias\" title=\"Home\">Home<\/a>\n<\/span><span class=\"aioseo-breadcrumb-separator\">\u2013<\/span><span class=\"aioseo-breadcrumb\">\n\t<a href=\"https:\/\/www.eldigitaldeasturias.com\/noticias\/category\/actualidad-asturias\/\" title=\"Actualidad Asturias\">Actualidad Asturias<\/a>\n<\/span><span class=\"aioseo-breadcrumb-separator\">\u2013<\/span><span class=\"aioseo-breadcrumb\">\n\t<a href=\"https:\/\/www.eldigitaldeasturias.com\/noticias\/uno-de-cada-cuatro-asturianos-se-considera-adicto-al-telefono-movil\/\" title=\"Uno de cada cuatro asturianos se considera adicto al tel\u00e9fono m\u00f3vil\">Uno de cada cuatro asturianos se considera adicto al tel\u00e9fono m\u00f3vil<\/a>\n<\/span><\/div>","aioseo_breadcrumb_json":[{"label":"Home","link":"https:\/\/www.eldigitaldeasturias.com\/noticias"},{"label":"Actualidad Asturias","link":"https:\/\/www.eldigitaldeasturias.com\/noticias\/category\/actualidad-asturias\/"},{"label":"Uno de cada cuatro asturianos se considera adicto al tel\u00e9fono m\u00f3vil","link":"https:\/\/www.eldigitaldeasturias.com\/noticias\/uno-de-cada-cuatro-asturianos-se-considera-adicto-al-telefono-movil\/"}],"_links":{"self":[{"href":"https:\/\/www.eldigitaldeasturias.com\/noticias\/wp-json\/wp\/v2\/posts\/906338","targetHints":{"allow":["GET"]}}],"collection":[{"href":"https:\/\/www.eldigitaldeasturias.com\/noticias\/wp-json\/wp\/v2\/posts"}],"about":[{"href":"https:\/\/www.eldigitaldeasturias.com\/noticias\/wp-json\/wp\/v2\/types\/post"}],"author":[{"embeddable":true,"href":"https:\/\/www.eldigitaldeasturias.com\/noticias\/wp-json\/wp\/v2\/users\/1"}],"replies":[{"embeddable":true,"href":"https:\/\/www.eldigitaldeasturias.com\/noticias\/wp-json\/wp\/v2\/comments?post=906338"}],"version-history":[{"count":0,"href":"https:\/\/www.eldigitaldeasturias.com\/noticias\/wp-json\/wp\/v2\/posts\/906338\/revisions"}],"wp:featuredmedia":[{"embeddable":true,"href":"https:\/\/www.eldigitaldeasturias.com\/noticias\/wp-json\/wp\/v2\/media\/906339"}],"wp:attachment":[{"href":"https:\/\/www.eldigitaldeasturias.com\/noticias\/wp-json\/wp\/v2\/media?parent=906338"}],"wp:term":[{"taxonomy":"category","embeddable":true,"href":"https:\/\/www.eldigitaldeasturias.com\/noticias\/wp-json\/wp\/v2\/categories?post=906338"},{"taxonomy":"post_tag","embeddable":true,"href":"https:\/\/www.eldigitaldeasturias.com\/noticias\/wp-json\/wp\/v2\/tags?post=906338"}],"curies":[{"name":"wp","href":"https:\/\/api.w.org\/{rel}","templated":true}]}}