{"id":906335,"date":"2016-09-08T04:22:26","date_gmt":"2016-09-08T03:22:26","guid":{"rendered":"http:\/\/www.eldigitaldeasturias.com\/noticias\/?p=906335"},"modified":"2016-09-08T05:34:09","modified_gmt":"2016-09-08T04:34:09","slug":"la-policia-local-de-oviedo-aumenta-su-plantilla","status":"publish","type":"post","link":"https:\/\/www.eldigitaldeasturias.com\/noticias\/la-policia-local-de-oviedo-aumenta-su-plantilla\/","title":{"rendered":"La Polic\u00eda Local de Oviedo aumenta su plantilla"},"content":{"rendered":"<p><img loading=\"lazy\" decoding=\"async\" class=\"alignleft size-medium wp-image-906336\" src=\"https:\/\/www.eldigitaldeasturias.com\/noticias\/wp-content\/uploads\/2016\/09\/fotonoticia_20160907131727_800-360x240.jpg\" alt=\"fotonoticia_20160907131727_800\" width=\"360\" height=\"240\" srcset=\"https:\/\/www.eldigitaldeasturias.com\/noticias\/wp-content\/uploads\/2016\/09\/fotonoticia_20160907131727_800-360x240.jpg 360w, https:\/\/www.eldigitaldeasturias.com\/noticias\/wp-content\/uploads\/2016\/09\/fotonoticia_20160907131727_800-768x512.jpg 768w, https:\/\/www.eldigitaldeasturias.com\/noticias\/wp-content\/uploads\/2016\/09\/fotonoticia_20160907131727_800-650x433.jpg 650w, https:\/\/www.eldigitaldeasturias.com\/noticias\/wp-content\/uploads\/2016\/09\/fotonoticia_20160907131727_800-84x55.jpg 84w, https:\/\/www.eldigitaldeasturias.com\/noticias\/wp-content\/uploads\/2016\/09\/fotonoticia_20160907131727_800-49x32.jpg 49w, https:\/\/www.eldigitaldeasturias.com\/noticias\/wp-content\/uploads\/2016\/09\/fotonoticia_20160907131727_800.jpg 800w\" sizes=\"auto, (max-width: 360px) 100vw, 360px\" \/>La plantilla de La Polic\u00eda Local de Oviedo se ha incrementado hasta \u00abpr\u00e1cticamente\u00bb los 300 agentes tras la incorporaci\u00f3n de 12 nuevos agentes, dos femeninos y diez masculinos, que han recibido sus identificaciones de manos del Alcalde, Wenceslao L\u00f3pez (PSOE).<\/p>\n<p>Junto al regidor, han dado la bienvenida a los nuevos agentes que se incorporan al Ayuntamiento de Oviedo; el concejal de Personal, Iv\u00e1n Alv\u00e1rez (IU), el concejal de Seguridad Ciudadana, Ricardo Fern\u00e1ndez (PSOE) y el concejal de Empleo, Rub\u00e9n Ros\u00f3n (Somos). La toma de posesi\u00f3n oficial de su cargo tuvo lugar en el sal\u00f3n de Plenos del Consistorio.<\/p>\n<p>Ricardo Fern\u00e1ndez ha manifestado ante los medios que esta incorporaci\u00f3n es muy importante \u00abtanto para el Ayuntamiento como para su concejal\u00eda\u00bb. Asimismo, el concejal de Seguridad Ciudadana ha anunciado que est\u00e1 \u00abpr\u00e1cticamente finalizada\u00bb la \u00abconvocatoria de las pr\u00f3ximas diez plazas\u00bb de agente local que \u00abest\u00e1 a punto de salir\u00bb.<\/p>\n<p>No obstante, Fern\u00e1ndez ha se\u00f1alado que aunque la plantilla de la Polic\u00eda Local se haya situado sobre los 300 agentes, incluyendo los mandos, \u00abtodav\u00eda\u00bb se encuentra por debajo de los \u00abratios normales\u00bb para una ciudad como Oviedo que tiene \u00ab220.000 habitantes\u00bb. Ene se sentido ha apuntado que la cifra deseable ser\u00eda de alrededor de los \u00ab320, 330 agentes\u00bb.<\/p>\n<p>En sus discursos de bienvenida, los miembros del Equipo de Gobierno han coincidido en se\u00f1alar la \u00abimportancia\u00bb de la incorporaci\u00f3n de nuevos funcionarios municipales a un Ayuntamiento que anda escaso de personal.<\/p>\n<p>Iv\u00e1n \u00c1lvarez, ha mostrado su \u00aborgullo\u00bb porque se hayan adjudicado esta plazas de \u00abempleo estable\u00bb. Por su lado, Rub\u00e9n Ros\u00f3n, ha expresado que le \u00abprestaba\u00bb ver \u00abcaras j\u00f3venes\u00bb como las de los nuevos agentes que tiene \u00abtodo un recorrido vital dentro del \u00abAyuntamiento\u00bb.<\/p>\n<p>El Alcalde, Wenceslao L\u00f3pez, ha coincidido con el concejal de Empelo en se\u00f1alar la juventud de los nuevos polic\u00edas en un cuerpo que cuenta con \u00abuna media de edad bastante alta\u00bb y ha destacado de esta manera que no s\u00f3lo es importante \u00abla cantidad, sino tambi\u00e9n la calidad\u00bb de estas incorporaciones.<\/p>\n<p>Asimismo, ha emplazado a los nuevos polic\u00eda a \u00abno ser noticia\u00bb ya que la prueba de que realizan bien su trabajo es que \u00abno se note\u00bb. En esa misma l\u00ednea, Ricardo Fern\u00e1ndez, les ha recomendado actuar con \u00abautoridad y no autoritarismo\u00bb porque debe realizar la labor \u00abm\u00e1s delicada\u00bb y \u00abmenos amable del poder pol\u00edtico\u00bb, como es la aplicaci\u00f3n del \u00abpoder coercitivo\u00bb.<\/p>\n<p>&nbsp;<\/p>\n<p>&nbsp;<\/p>\n","protected":false},"excerpt":{"rendered":"<p>La plantilla de La Polic\u00eda Local de Oviedo se ha incrementado hasta \u00abpr\u00e1cticamente\u00bb los 300 agentes tras la incorporaci\u00f3n de 12 nuevos agentes, dos femeninos y diez masculinos, que han recibido sus identificaciones de manos del Alcalde, Wenceslao L\u00f3pez (PSOE). Junto al regidor, han dado la bienvenida a los nuevos agentes que se incorporan al [&hellip;]<\/p>\n","protected":false},"author":1,"featured_media":906336,"comment_status":"closed","ping_status":"closed","sticky":false,"template":"","format":"standard","meta":{"footnotes":""},"categories":[12],"tags":[],"class_list":["post-906335","post","type-post","status-publish","format-standard","has-post-thumbnail","hentry","category-actualidad-asturias"],"aioseo_notices":[],"aioseo_head":"\n\t\t<!-- All in One SEO Pro 4.9.6.2 - aioseo.com -->\n\t<meta name=\"description\" content=\"La plantilla de La Polic\u00eda Local de Oviedo se ha incrementado hasta &quot;pr\u00e1cticamente&quot; los 300 agentes tras la incorporaci\u00f3n de 12 nuevos agentes, dos femeninos y diez masculinos, que han recibido sus identificaciones de manos del Alcalde, Wenceslao L\u00f3pez (PSOE). Junto al regidor, han dado la bienvenida a los nuevos agentes que se incorporan al\" \/>\n\t<meta name=\"robots\" content=\"max-image-preview:large\" \/>\n\t<meta name=\"author\" content=\"El Digital de Asturias\"\/>\n\t<meta name=\"google-site-verification\" content=\"UA-38556648-1\" \/>\n\t<meta name=\"msvalidate.01\" content=\"7dfe9f3f1b24437ab69f4f2559babe99\" \/>\n\t<meta name=\"keywords\" content=\"actualidad asturias\" \/>\n\t<link rel=\"canonical\" href=\"https:\/\/www.eldigitaldeasturias.com\/noticias\/la-policia-local-de-oviedo-aumenta-su-plantilla\/\" \/>\n\t<meta name=\"generator\" content=\"All in One SEO Pro (AIOSEO) 4.9.6.2\" \/>\n\t\t<meta property=\"og:locale\" content=\"es_ES\" \/>\n\t\t<meta property=\"og:site_name\" content=\"El Digital de Asturias\" \/>\n\t\t<meta property=\"og:type\" content=\"article\" \/>\n\t\t<meta property=\"og:title\" content=\"La Polic\u00eda Local de Oviedo aumenta su plantilla - El Digital de Asturias\" \/>\n\t\t<meta property=\"og:description\" content=\"La plantilla de La Polic\u00eda Local de Oviedo se ha incrementado hasta &quot;pr\u00e1cticamente&quot; los 300 agentes tras la incorporaci\u00f3n de 12 nuevos agentes, dos femeninos y diez masculinos, que han recibido sus identificaciones de manos del Alcalde, Wenceslao L\u00f3pez (PSOE). Junto al regidor, han dado la bienvenida a los nuevos agentes que se incorporan al\" \/>\n\t\t<meta property=\"og:url\" content=\"https:\/\/www.eldigitaldeasturias.com\/noticias\/la-policia-local-de-oviedo-aumenta-su-plantilla\/\" \/>\n\t\t<meta property=\"og:image\" content=\"https:\/\/www.eldigitaldeasturias.com\/noticias\/wp-content\/uploads\/2016\/09\/fotonoticia_20160907131727_800.jpg\" \/>\n\t\t<meta property=\"og:image:secure_url\" content=\"https:\/\/www.eldigitaldeasturias.com\/noticias\/wp-content\/uploads\/2016\/09\/fotonoticia_20160907131727_800.jpg\" \/>\n\t\t<meta property=\"og:image:width\" content=\"800\" \/>\n\t\t<meta property=\"og:image:height\" content=\"533\" \/>\n\t\t<meta property=\"article:tag\" content=\"actualidad asturias\" \/>\n\t\t<meta property=\"article:published_time\" content=\"2016-09-08T03:22:26+00:00\" \/>\n\t\t<meta property=\"article:modified_time\" content=\"2016-09-08T04:34:09+00:00\" \/>\n\t\t<meta property=\"article:publisher\" content=\"https:\/\/facebook.com\/eldigitaldeasturias\" \/>\n\t\t<meta name=\"twitter:card\" content=\"summary_large_image\" \/>\n\t\t<meta name=\"twitter:title\" content=\"La Polic\u00eda Local de Oviedo aumenta su plantilla - El Digital de Asturias\" \/>\n\t\t<meta name=\"twitter:description\" content=\"La plantilla de La Polic\u00eda Local de Oviedo se ha incrementado hasta &quot;pr\u00e1cticamente&quot; los 300 agentes tras la incorporaci\u00f3n de 12 nuevos agentes, dos femeninos y diez masculinos, que han recibido sus identificaciones de manos del Alcalde, Wenceslao L\u00f3pez (PSOE). Junto al regidor, han dado la bienvenida a los nuevos agentes que se incorporan al\" \/>\n\t\t<meta name=\"twitter:image\" content=\"https:\/\/www.eldigitaldeasturias.com\/noticias\/wp-content\/uploads\/2016\/09\/fotonoticia_20160907131727_800.jpg\" \/>\n\t\t<meta name=\"twitter:label1\" content=\"Escrito por\" \/>\n\t\t<meta name=\"twitter:data1\" content=\"El Digital de Asturias\" \/>\n\t\t<meta name=\"twitter:label2\" content=\"Tiempo de lectura estimado\" \/>\n\t\t<meta name=\"twitter:data2\" content=\"2 minutos\" \/>\n\t\t<script type=\"application\/ld+json\" class=\"aioseo-schema\">\n\t\t\t{\"@context\":\"https:\\\/\\\/schema.org\",\"@graph\":[{\"@type\":\"BlogPosting\",\"@id\":\"https:\\\/\\\/www.eldigitaldeasturias.com\\\/noticias\\\/la-policia-local-de-oviedo-aumenta-su-plantilla\\\/#blogposting\",\"name\":\"La Polic\\u00eda Local de Oviedo aumenta su plantilla - El Digital de Asturias\",\"headline\":\"La Polic\\u00eda Local de Oviedo aumenta su plantilla\",\"author\":{\"@id\":\"https:\\\/\\\/www.eldigitaldeasturias.com\\\/noticias\\\/author\\\/admin\\\/#author\"},\"publisher\":{\"@id\":\"https:\\\/\\\/www.eldigitaldeasturias.com\\\/noticias\\\/#organization\"},\"image\":{\"@type\":\"ImageObject\",\"url\":\"https:\\\/\\\/www.eldigitaldeasturias.com\\\/noticias\\\/wp-content\\\/uploads\\\/2016\\\/09\\\/fotonoticia_20160907131727_800.jpg\",\"width\":800,\"height\":533},\"datePublished\":\"2016-09-08T04:22:26+02:00\",\"dateModified\":\"2016-09-08T05:34:09+02:00\",\"inLanguage\":\"es-ES\",\"mainEntityOfPage\":{\"@id\":\"https:\\\/\\\/www.eldigitaldeasturias.com\\\/noticias\\\/la-policia-local-de-oviedo-aumenta-su-plantilla\\\/#webpage\"},\"isPartOf\":{\"@id\":\"https:\\\/\\\/www.eldigitaldeasturias.com\\\/noticias\\\/la-policia-local-de-oviedo-aumenta-su-plantilla\\\/#webpage\"},\"articleSection\":\"Actualidad Asturias\"},{\"@type\":\"BreadcrumbList\",\"@id\":\"https:\\\/\\\/www.eldigitaldeasturias.com\\\/noticias\\\/la-policia-local-de-oviedo-aumenta-su-plantilla\\\/#breadcrumblist\",\"itemListElement\":[{\"@type\":\"ListItem\",\"@id\":\"https:\\\/\\\/www.eldigitaldeasturias.com\\\/noticias#listItem\",\"position\":1,\"name\":\"Home\",\"item\":\"https:\\\/\\\/www.eldigitaldeasturias.com\\\/noticias\",\"nextItem\":{\"@type\":\"ListItem\",\"@id\":\"https:\\\/\\\/www.eldigitaldeasturias.com\\\/noticias\\\/category\\\/actualidad-asturias\\\/#listItem\",\"name\":\"Actualidad Asturias\"}},{\"@type\":\"ListItem\",\"@id\":\"https:\\\/\\\/www.eldigitaldeasturias.com\\\/noticias\\\/category\\\/actualidad-asturias\\\/#listItem\",\"position\":2,\"name\":\"Actualidad Asturias\",\"item\":\"https:\\\/\\\/www.eldigitaldeasturias.com\\\/noticias\\\/category\\\/actualidad-asturias\\\/\",\"nextItem\":{\"@type\":\"ListItem\",\"@id\":\"https:\\\/\\\/www.eldigitaldeasturias.com\\\/noticias\\\/la-policia-local-de-oviedo-aumenta-su-plantilla\\\/#listItem\",\"name\":\"La Polic\\u00eda Local de Oviedo aumenta su plantilla\"},\"previousItem\":{\"@type\":\"ListItem\",\"@id\":\"https:\\\/\\\/www.eldigitaldeasturias.com\\\/noticias#listItem\",\"name\":\"Home\"}},{\"@type\":\"ListItem\",\"@id\":\"https:\\\/\\\/www.eldigitaldeasturias.com\\\/noticias\\\/la-policia-local-de-oviedo-aumenta-su-plantilla\\\/#listItem\",\"position\":3,\"name\":\"La Polic\\u00eda Local de Oviedo aumenta su plantilla\",\"previousItem\":{\"@type\":\"ListItem\",\"@id\":\"https:\\\/\\\/www.eldigitaldeasturias.com\\\/noticias\\\/category\\\/actualidad-asturias\\\/#listItem\",\"name\":\"Actualidad Asturias\"}}]},{\"@type\":\"Organization\",\"@id\":\"https:\\\/\\\/www.eldigitaldeasturias.com\\\/noticias\\\/#organization\",\"name\":\"El Digital de Asturias\",\"description\":\"Hemeroteca\",\"url\":\"https:\\\/\\\/www.eldigitaldeasturias.com\\\/noticias\\\/\",\"email\":\"info@eldigitaldeasturias.com\",\"telephone\":\"+34652131393\",\"logo\":{\"@type\":\"ImageObject\",\"url\":\"https:\\\/\\\/www.eldigitaldeasturias.com\\\/noticias\\\/wp-content\\\/uploads\\\/2020\\\/12\\\/EDA.jpg\",\"@id\":\"https:\\\/\\\/www.eldigitaldeasturias.com\\\/noticias\\\/la-policia-local-de-oviedo-aumenta-su-plantilla\\\/#organizationLogo\",\"width\":649,\"height\":297},\"image\":{\"@id\":\"https:\\\/\\\/www.eldigitaldeasturias.com\\\/noticias\\\/la-policia-local-de-oviedo-aumenta-su-plantilla\\\/#organizationLogo\"},\"sameAs\":[\"https:\\\/\\\/facebook.com\\\/eldigitaldeasturias\",\"https:\\\/\\\/www.youtube.com\\\/channel\\\/UCZP-2wLEB9Rv6erhFmqVnvg\"],\"address\":{\"@id\":\"https:\\\/\\\/www.eldigitaldeasturias.com\\\/noticias\\\/#postaladdress\",\"@type\":\"PostalAddress\",\"streetAddress\":\"san antonio 4,\",\"postalCode\":\"33430\",\"addressLocality\":\"Cand\\u00e1s\",\"addressRegion\":\"Asturias\",\"addressCountry\":\"ES\"}},{\"@type\":\"Person\",\"@id\":\"https:\\\/\\\/www.eldigitaldeasturias.com\\\/noticias\\\/author\\\/admin\\\/#author\",\"url\":\"https:\\\/\\\/www.eldigitaldeasturias.com\\\/noticias\\\/author\\\/admin\\\/\",\"name\":\"El Digital de Asturias\",\"image\":{\"@type\":\"ImageObject\",\"@id\":\"https:\\\/\\\/www.eldigitaldeasturias.com\\\/noticias\\\/la-policia-local-de-oviedo-aumenta-su-plantilla\\\/#authorImage\",\"url\":\"https:\\\/\\\/www.eldigitaldeasturias.com\\\/noticias\\\/wp-content\\\/litespeed\\\/avatar\\\/18677e78aa0546b92d9dbf31ec7d7668.jpg?ver=1777290358\",\"width\":96,\"height\":96,\"caption\":\"El Digital de Asturias\"}},{\"@type\":\"WebPage\",\"@id\":\"https:\\\/\\\/www.eldigitaldeasturias.com\\\/noticias\\\/la-policia-local-de-oviedo-aumenta-su-plantilla\\\/#webpage\",\"url\":\"https:\\\/\\\/www.eldigitaldeasturias.com\\\/noticias\\\/la-policia-local-de-oviedo-aumenta-su-plantilla\\\/\",\"name\":\"La Polic\\u00eda Local de Oviedo aumenta su plantilla - El Digital de Asturias\",\"description\":\"La plantilla de La Polic\\u00eda Local de Oviedo se ha incrementado hasta \\\"pr\\u00e1cticamente\\\" los 300 agentes tras la incorporaci\\u00f3n de 12 nuevos agentes, dos femeninos y diez masculinos, que han recibido sus identificaciones de manos del Alcalde, Wenceslao L\\u00f3pez (PSOE). Junto al regidor, han dado la bienvenida a los nuevos agentes que se incorporan al\",\"inLanguage\":\"es-ES\",\"isPartOf\":{\"@id\":\"https:\\\/\\\/www.eldigitaldeasturias.com\\\/noticias\\\/#website\"},\"breadcrumb\":{\"@id\":\"https:\\\/\\\/www.eldigitaldeasturias.com\\\/noticias\\\/la-policia-local-de-oviedo-aumenta-su-plantilla\\\/#breadcrumblist\"},\"author\":{\"@id\":\"https:\\\/\\\/www.eldigitaldeasturias.com\\\/noticias\\\/author\\\/admin\\\/#author\"},\"creator\":{\"@id\":\"https:\\\/\\\/www.eldigitaldeasturias.com\\\/noticias\\\/author\\\/admin\\\/#author\"},\"image\":{\"@type\":\"ImageObject\",\"url\":\"https:\\\/\\\/www.eldigitaldeasturias.com\\\/noticias\\\/wp-content\\\/uploads\\\/2016\\\/09\\\/fotonoticia_20160907131727_800.jpg\",\"@id\":\"https:\\\/\\\/www.eldigitaldeasturias.com\\\/noticias\\\/la-policia-local-de-oviedo-aumenta-su-plantilla\\\/#mainImage\",\"width\":800,\"height\":533},\"primaryImageOfPage\":{\"@id\":\"https:\\\/\\\/www.eldigitaldeasturias.com\\\/noticias\\\/la-policia-local-de-oviedo-aumenta-su-plantilla\\\/#mainImage\"},\"datePublished\":\"2016-09-08T04:22:26+02:00\",\"dateModified\":\"2016-09-08T05:34:09+02:00\"},{\"@type\":\"WebSite\",\"@id\":\"https:\\\/\\\/www.eldigitaldeasturias.com\\\/noticias\\\/#website\",\"url\":\"https:\\\/\\\/www.eldigitaldeasturias.com\\\/noticias\\\/\",\"name\":\"El Digital de Asturias - Diario de actualidad y noticias\",\"alternateName\":\"El Digital de Asturias - Diario de actualidad y noticias\",\"description\":\"Hemeroteca\",\"inLanguage\":\"es-ES\",\"publisher\":{\"@id\":\"https:\\\/\\\/www.eldigitaldeasturias.com\\\/noticias\\\/#organization\"}}]}\n\t\t<\/script>\n\t\t<!-- All in One SEO Pro -->\r\n\t\t<title>La Polic\u00eda Local de Oviedo aumenta su plantilla - El Digital de Asturias<\/title>\n\n","aioseo_head_json":{"title":"La Polic\u00eda Local de Oviedo aumenta su plantilla - El Digital de Asturias","description":"La plantilla de La Polic\u00eda Local de Oviedo se ha incrementado hasta \"pr\u00e1cticamente\" los 300 agentes tras la incorporaci\u00f3n de 12 nuevos agentes, dos femeninos y diez masculinos, que han recibido sus identificaciones de manos del Alcalde, Wenceslao L\u00f3pez (PSOE). Junto al regidor, han dado la bienvenida a los nuevos agentes que se incorporan al","canonical_url":"https:\/\/www.eldigitaldeasturias.com\/noticias\/la-policia-local-de-oviedo-aumenta-su-plantilla\/","robots":"max-image-preview:large","keywords":"actualidad asturias","webmasterTools":{"google-site-verification":"UA-38556648-1","msvalidate.01":"7dfe9f3f1b24437ab69f4f2559babe99","miscellaneous":""},"schema":{"@context":"https:\/\/schema.org","@graph":[{"@type":"BlogPosting","@id":"https:\/\/www.eldigitaldeasturias.com\/noticias\/la-policia-local-de-oviedo-aumenta-su-plantilla\/#blogposting","name":"La Polic\u00eda Local de Oviedo aumenta su plantilla - El Digital de Asturias","headline":"La Polic\u00eda Local de Oviedo aumenta su plantilla","author":{"@id":"https:\/\/www.eldigitaldeasturias.com\/noticias\/author\/admin\/#author"},"publisher":{"@id":"https:\/\/www.eldigitaldeasturias.com\/noticias\/#organization"},"image":{"@type":"ImageObject","url":"https:\/\/www.eldigitaldeasturias.com\/noticias\/wp-content\/uploads\/2016\/09\/fotonoticia_20160907131727_800.jpg","width":800,"height":533},"datePublished":"2016-09-08T04:22:26+02:00","dateModified":"2016-09-08T05:34:09+02:00","inLanguage":"es-ES","mainEntityOfPage":{"@id":"https:\/\/www.eldigitaldeasturias.com\/noticias\/la-policia-local-de-oviedo-aumenta-su-plantilla\/#webpage"},"isPartOf":{"@id":"https:\/\/www.eldigitaldeasturias.com\/noticias\/la-policia-local-de-oviedo-aumenta-su-plantilla\/#webpage"},"articleSection":"Actualidad Asturias"},{"@type":"BreadcrumbList","@id":"https:\/\/www.eldigitaldeasturias.com\/noticias\/la-policia-local-de-oviedo-aumenta-su-plantilla\/#breadcrumblist","itemListElement":[{"@type":"ListItem","@id":"https:\/\/www.eldigitaldeasturias.com\/noticias#listItem","position":1,"name":"Home","item":"https:\/\/www.eldigitaldeasturias.com\/noticias","nextItem":{"@type":"ListItem","@id":"https:\/\/www.eldigitaldeasturias.com\/noticias\/category\/actualidad-asturias\/#listItem","name":"Actualidad Asturias"}},{"@type":"ListItem","@id":"https:\/\/www.eldigitaldeasturias.com\/noticias\/category\/actualidad-asturias\/#listItem","position":2,"name":"Actualidad Asturias","item":"https:\/\/www.eldigitaldeasturias.com\/noticias\/category\/actualidad-asturias\/","nextItem":{"@type":"ListItem","@id":"https:\/\/www.eldigitaldeasturias.com\/noticias\/la-policia-local-de-oviedo-aumenta-su-plantilla\/#listItem","name":"La Polic\u00eda Local de Oviedo aumenta su plantilla"},"previousItem":{"@type":"ListItem","@id":"https:\/\/www.eldigitaldeasturias.com\/noticias#listItem","name":"Home"}},{"@type":"ListItem","@id":"https:\/\/www.eldigitaldeasturias.com\/noticias\/la-policia-local-de-oviedo-aumenta-su-plantilla\/#listItem","position":3,"name":"La Polic\u00eda Local de Oviedo aumenta su plantilla","previousItem":{"@type":"ListItem","@id":"https:\/\/www.eldigitaldeasturias.com\/noticias\/category\/actualidad-asturias\/#listItem","name":"Actualidad Asturias"}}]},{"@type":"Organization","@id":"https:\/\/www.eldigitaldeasturias.com\/noticias\/#organization","name":"El Digital de Asturias","description":"Hemeroteca","url":"https:\/\/www.eldigitaldeasturias.com\/noticias\/","email":"info@eldigitaldeasturias.com","telephone":"+34652131393","logo":{"@type":"ImageObject","url":"https:\/\/www.eldigitaldeasturias.com\/noticias\/wp-content\/uploads\/2020\/12\/EDA.jpg","@id":"https:\/\/www.eldigitaldeasturias.com\/noticias\/la-policia-local-de-oviedo-aumenta-su-plantilla\/#organizationLogo","width":649,"height":297},"image":{"@id":"https:\/\/www.eldigitaldeasturias.com\/noticias\/la-policia-local-de-oviedo-aumenta-su-plantilla\/#organizationLogo"},"sameAs":["https:\/\/facebook.com\/eldigitaldeasturias","https:\/\/www.youtube.com\/channel\/UCZP-2wLEB9Rv6erhFmqVnvg"],"address":{"@id":"https:\/\/www.eldigitaldeasturias.com\/noticias\/#postaladdress","@type":"PostalAddress","streetAddress":"san antonio 4,","postalCode":"33430","addressLocality":"Cand\u00e1s","addressRegion":"Asturias","addressCountry":"ES"}},{"@type":"Person","@id":"https:\/\/www.eldigitaldeasturias.com\/noticias\/author\/admin\/#author","url":"https:\/\/www.eldigitaldeasturias.com\/noticias\/author\/admin\/","name":"El Digital de Asturias","image":{"@type":"ImageObject","@id":"https:\/\/www.eldigitaldeasturias.com\/noticias\/la-policia-local-de-oviedo-aumenta-su-plantilla\/#authorImage","url":"https:\/\/www.eldigitaldeasturias.com\/noticias\/wp-content\/litespeed\/avatar\/18677e78aa0546b92d9dbf31ec7d7668.jpg?ver=1777290358","width":96,"height":96,"caption":"El Digital de Asturias"}},{"@type":"WebPage","@id":"https:\/\/www.eldigitaldeasturias.com\/noticias\/la-policia-local-de-oviedo-aumenta-su-plantilla\/#webpage","url":"https:\/\/www.eldigitaldeasturias.com\/noticias\/la-policia-local-de-oviedo-aumenta-su-plantilla\/","name":"La Polic\u00eda Local de Oviedo aumenta su plantilla - El Digital de Asturias","description":"La plantilla de La Polic\u00eda Local de Oviedo se ha incrementado hasta \"pr\u00e1cticamente\" los 300 agentes tras la incorporaci\u00f3n de 12 nuevos agentes, dos femeninos y diez masculinos, que han recibido sus identificaciones de manos del Alcalde, Wenceslao L\u00f3pez (PSOE). Junto al regidor, han dado la bienvenida a los nuevos agentes que se incorporan al","inLanguage":"es-ES","isPartOf":{"@id":"https:\/\/www.eldigitaldeasturias.com\/noticias\/#website"},"breadcrumb":{"@id":"https:\/\/www.eldigitaldeasturias.com\/noticias\/la-policia-local-de-oviedo-aumenta-su-plantilla\/#breadcrumblist"},"author":{"@id":"https:\/\/www.eldigitaldeasturias.com\/noticias\/author\/admin\/#author"},"creator":{"@id":"https:\/\/www.eldigitaldeasturias.com\/noticias\/author\/admin\/#author"},"image":{"@type":"ImageObject","url":"https:\/\/www.eldigitaldeasturias.com\/noticias\/wp-content\/uploads\/2016\/09\/fotonoticia_20160907131727_800.jpg","@id":"https:\/\/www.eldigitaldeasturias.com\/noticias\/la-policia-local-de-oviedo-aumenta-su-plantilla\/#mainImage","width":800,"height":533},"primaryImageOfPage":{"@id":"https:\/\/www.eldigitaldeasturias.com\/noticias\/la-policia-local-de-oviedo-aumenta-su-plantilla\/#mainImage"},"datePublished":"2016-09-08T04:22:26+02:00","dateModified":"2016-09-08T05:34:09+02:00"},{"@type":"WebSite","@id":"https:\/\/www.eldigitaldeasturias.com\/noticias\/#website","url":"https:\/\/www.eldigitaldeasturias.com\/noticias\/","name":"El Digital de Asturias - Diario de actualidad y noticias","alternateName":"El Digital de Asturias - Diario de actualidad y noticias","description":"Hemeroteca","inLanguage":"es-ES","publisher":{"@id":"https:\/\/www.eldigitaldeasturias.com\/noticias\/#organization"}}]},"og:locale":"es_ES","og:site_name":"El Digital de Asturias","og:type":"article","og:title":"La Polic\u00eda Local de Oviedo aumenta su plantilla - El Digital de Asturias","og:description":"La plantilla de La Polic\u00eda Local de Oviedo se ha incrementado hasta &quot;pr\u00e1cticamente&quot; los 300 agentes tras la incorporaci\u00f3n de 12 nuevos agentes, dos femeninos y diez masculinos, que han recibido sus identificaciones de manos del Alcalde, Wenceslao L\u00f3pez (PSOE). Junto al regidor, han dado la bienvenida a los nuevos agentes que se incorporan al","og:url":"https:\/\/www.eldigitaldeasturias.com\/noticias\/la-policia-local-de-oviedo-aumenta-su-plantilla\/","og:image":"https:\/\/www.eldigitaldeasturias.com\/noticias\/wp-content\/uploads\/2016\/09\/fotonoticia_20160907131727_800.jpg","og:image:secure_url":"https:\/\/www.eldigitaldeasturias.com\/noticias\/wp-content\/uploads\/2016\/09\/fotonoticia_20160907131727_800.jpg","og:image:width":800,"og:image:height":533,"article:tag":["actualidad asturias"],"article:published_time":"2016-09-08T03:22:26+00:00","article:modified_time":"2016-09-08T04:34:09+00:00","article:publisher":"https:\/\/facebook.com\/eldigitaldeasturias","twitter:card":"summary_large_image","twitter:title":"La Polic\u00eda Local de Oviedo aumenta su plantilla - El Digital de Asturias","twitter:description":"La plantilla de La Polic\u00eda Local de Oviedo se ha incrementado hasta &quot;pr\u00e1cticamente&quot; los 300 agentes tras la incorporaci\u00f3n de 12 nuevos agentes, dos femeninos y diez masculinos, que han recibido sus identificaciones de manos del Alcalde, Wenceslao L\u00f3pez (PSOE). Junto al regidor, han dado la bienvenida a los nuevos agentes que se incorporan al","twitter:image":"https:\/\/www.eldigitaldeasturias.com\/noticias\/wp-content\/uploads\/2016\/09\/fotonoticia_20160907131727_800.jpg","twitter:label1":"Escrito por","twitter:data1":"El Digital de Asturias","twitter:label2":"Tiempo de lectura estimado","twitter:data2":"2 minutos"},"aioseo_meta_data":{"post_id":"906335","title":null,"description":null,"keywords":null,"keyphrases":null,"primary_term":null,"canonical_url":null,"og_title":null,"og_description":null,"og_object_type":"default","og_image_type":"default","og_image_url":null,"og_image_width":null,"og_image_height":null,"og_image_custom_url":null,"og_image_custom_fields":null,"og_video":null,"og_custom_url":null,"og_article_section":null,"og_article_tags":null,"twitter_use_og":false,"twitter_card":"default","twitter_image_type":"default","twitter_image_url":null,"twitter_image_custom_url":null,"twitter_image_custom_fields":null,"twitter_title":null,"twitter_description":null,"schema":{"blockGraphs":[],"customGraphs":[],"default":{"data":{"Article":[],"Course":[],"Dataset":[],"FAQPage":[],"Movie":[],"Person":[],"Product":[],"ProductReview":[],"Car":[],"Recipe":[],"Service":[],"SoftwareApplication":[],"WebPage":[]},"graphName":"","isEnabled":true},"graphs":[],"defaultGraph":"","defaultPostTypeGraph":""},"schema_type":null,"schema_type_options":null,"pillar_content":false,"robots_default":true,"robots_noindex":false,"robots_noarchive":false,"robots_nosnippet":false,"robots_nofollow":false,"robots_noimageindex":false,"robots_noodp":false,"robots_notranslate":false,"robots_max_snippet":null,"robots_max_videopreview":null,"robots_max_imagepreview":"large","priority":null,"frequency":null,"local_seo":null,"seo_analyzer_scan_date":"2025-11-30 08:42:11","breadcrumb_settings":null,"limit_modified_date":false,"open_ai":null,"ai":null,"created":"2020-12-21 14:01:55","updated":"2025-11-30 08:42:11"},"aioseo_breadcrumb":"<div class=\"aioseo-breadcrumbs\"><span class=\"aioseo-breadcrumb\">\n\t<a href=\"https:\/\/www.eldigitaldeasturias.com\/noticias\" title=\"Home\">Home<\/a>\n<\/span><span class=\"aioseo-breadcrumb-separator\">\u2013<\/span><span class=\"aioseo-breadcrumb\">\n\t<a href=\"https:\/\/www.eldigitaldeasturias.com\/noticias\/category\/actualidad-asturias\/\" title=\"Actualidad Asturias\">Actualidad Asturias<\/a>\n<\/span><span class=\"aioseo-breadcrumb-separator\">\u2013<\/span><span class=\"aioseo-breadcrumb\">\n\t<a href=\"https:\/\/www.eldigitaldeasturias.com\/noticias\/la-policia-local-de-oviedo-aumenta-su-plantilla\/\" title=\"La Polic\u00eda Local de Oviedo aumenta su plantilla\">La Polic\u00eda Local de Oviedo aumenta su plantilla<\/a>\n<\/span><\/div>","aioseo_breadcrumb_json":[{"label":"Home","link":"https:\/\/www.eldigitaldeasturias.com\/noticias"},{"label":"Actualidad Asturias","link":"https:\/\/www.eldigitaldeasturias.com\/noticias\/category\/actualidad-asturias\/"},{"label":"La Polic\u00eda Local de Oviedo aumenta su plantilla","link":"https:\/\/www.eldigitaldeasturias.com\/noticias\/la-policia-local-de-oviedo-aumenta-su-plantilla\/"}],"_links":{"self":[{"href":"https:\/\/www.eldigitaldeasturias.com\/noticias\/wp-json\/wp\/v2\/posts\/906335","targetHints":{"allow":["GET"]}}],"collection":[{"href":"https:\/\/www.eldigitaldeasturias.com\/noticias\/wp-json\/wp\/v2\/posts"}],"about":[{"href":"https:\/\/www.eldigitaldeasturias.com\/noticias\/wp-json\/wp\/v2\/types\/post"}],"author":[{"embeddable":true,"href":"https:\/\/www.eldigitaldeasturias.com\/noticias\/wp-json\/wp\/v2\/users\/1"}],"replies":[{"embeddable":true,"href":"https:\/\/www.eldigitaldeasturias.com\/noticias\/wp-json\/wp\/v2\/comments?post=906335"}],"version-history":[{"count":0,"href":"https:\/\/www.eldigitaldeasturias.com\/noticias\/wp-json\/wp\/v2\/posts\/906335\/revisions"}],"wp:featuredmedia":[{"embeddable":true,"href":"https:\/\/www.eldigitaldeasturias.com\/noticias\/wp-json\/wp\/v2\/media\/906336"}],"wp:attachment":[{"href":"https:\/\/www.eldigitaldeasturias.com\/noticias\/wp-json\/wp\/v2\/media?parent=906335"}],"wp:term":[{"taxonomy":"category","embeddable":true,"href":"https:\/\/www.eldigitaldeasturias.com\/noticias\/wp-json\/wp\/v2\/categories?post=906335"},{"taxonomy":"post_tag","embeddable":true,"href":"https:\/\/www.eldigitaldeasturias.com\/noticias\/wp-json\/wp\/v2\/tags?post=906335"}],"curies":[{"name":"wp","href":"https:\/\/api.w.org\/{rel}","templated":true}]}}