{"id":906303,"date":"2016-09-07T21:26:54","date_gmt":"2016-09-07T20:26:54","guid":{"rendered":"http:\/\/www.eldigitaldeasturias.com\/noticias\/?p=906303"},"modified":"2016-09-07T21:26:54","modified_gmt":"2016-09-07T20:26:54","slug":"el-era-contara-con-el-instituto-adolfo-posada-para-la-seleccion-de-personal","status":"publish","type":"post","link":"https:\/\/www.eldigitaldeasturias.com\/noticias\/el-era-contara-con-el-instituto-adolfo-posada-para-la-seleccion-de-personal\/","title":{"rendered":"El ERA contar\u00e1 con el Instituto Adolfo Posada para la selecci\u00f3n de personal"},"content":{"rendered":"<p><img loading=\"lazy\" decoding=\"async\" class=\"alignleft size-medium wp-image-906304\" src=\"https:\/\/www.eldigitaldeasturias.com\/noticias\/wp-content\/uploads\/2016\/09\/fotonoticia_20160907125934_800-360x236.jpg\" alt=\"fotonoticia_20160907125934_800\" width=\"360\" height=\"236\" srcset=\"https:\/\/www.eldigitaldeasturias.com\/noticias\/wp-content\/uploads\/2016\/09\/fotonoticia_20160907125934_800-360x236.jpg 360w, https:\/\/www.eldigitaldeasturias.com\/noticias\/wp-content\/uploads\/2016\/09\/fotonoticia_20160907125934_800-768x504.jpg 768w, https:\/\/www.eldigitaldeasturias.com\/noticias\/wp-content\/uploads\/2016\/09\/fotonoticia_20160907125934_800-650x427.jpg 650w, https:\/\/www.eldigitaldeasturias.com\/noticias\/wp-content\/uploads\/2016\/09\/fotonoticia_20160907125934_800-84x55.jpg 84w, https:\/\/www.eldigitaldeasturias.com\/noticias\/wp-content\/uploads\/2016\/09\/fotonoticia_20160907125934_800-49x32.jpg 49w, https:\/\/www.eldigitaldeasturias.com\/noticias\/wp-content\/uploads\/2016\/09\/fotonoticia_20160907125934_800-460x300.jpg 460w, https:\/\/www.eldigitaldeasturias.com\/noticias\/wp-content\/uploads\/2016\/09\/fotonoticia_20160907125934_800.jpg 800w\" sizes=\"auto, (max-width: 360px) 100vw, 360px\" \/>El Consejo de Gobierno del Principado de Asturias ha aprobado este mi\u00e9rcoles un convenio de colaboraci\u00f3n entre el organismo aut\u00f3nomo Establecimientos Residenciales de Asturias (ERA) y el Instituto Asturiano de Administraci\u00f3n P\u00fablica Adolfo Posada para la gesti\u00f3n de los procesos selectivos de plazas vacantes de personal laboral que se incluyan en la oferta de empleo de este a\u00f1o.<\/p>\n<p>Seg\u00fan ha explicado el consejero de Presidencia, Guillermo Mart\u00ednez, el Instituto tambi\u00e9n asumir\u00e1 la gesti\u00f3n de las bolsas de empleo de personal que permitan cubrir las necesidades de urgencia del ERA, cuando las listas temporales actuales y las derivadas de la Oferta P\u00fablica de Empleo del a\u00f1o 2016 presenten un d\u00e9ficit.<\/p>\n<p>El ERA contribuir\u00e1 a su financiaci\u00f3n por importe de 35.000 euros y para este a\u00f1o se desarrollar\u00e1n los procedimientos necesarios para la obtenci\u00f3n de una bolsa de empleo de personal laboral con car\u00e1cter temporal y con la categor\u00eda de auxiliar de enfermer\u00eda.<\/p>\n<p>&nbsp;<\/p>\n","protected":false},"excerpt":{"rendered":"<p>El Consejo de Gobierno del Principado de Asturias ha aprobado este mi\u00e9rcoles un convenio de colaboraci\u00f3n entre el organismo aut\u00f3nomo Establecimientos Residenciales de Asturias (ERA) y el Instituto Asturiano de Administraci\u00f3n P\u00fablica Adolfo Posada para la gesti\u00f3n de los procesos selectivos de plazas vacantes de personal laboral que se incluyan en la oferta de empleo [&hellip;]<\/p>\n","protected":false},"author":1,"featured_media":906304,"comment_status":"closed","ping_status":"closed","sticky":false,"template":"","format":"standard","meta":{"footnotes":""},"categories":[12],"tags":[],"class_list":["post-906303","post","type-post","status-publish","format-standard","has-post-thumbnail","hentry","category-actualidad-asturias"],"aioseo_notices":[],"aioseo_head":"\n\t\t<!-- All in One SEO Pro 4.9.6.2 - aioseo.com -->\n\t<meta name=\"description\" content=\"El Consejo de Gobierno del Principado de Asturias ha aprobado este mi\u00e9rcoles un convenio de colaboraci\u00f3n entre el organismo aut\u00f3nomo Establecimientos Residenciales de Asturias (ERA) y el Instituto Asturiano de Administraci\u00f3n P\u00fablica Adolfo Posada para la gesti\u00f3n de los procesos selectivos de plazas vacantes de personal laboral que se incluyan en la oferta de empleo\" \/>\n\t<meta name=\"robots\" content=\"max-image-preview:large\" \/>\n\t<meta name=\"author\" content=\"El Digital de Asturias\"\/>\n\t<meta name=\"google-site-verification\" content=\"UA-38556648-1\" \/>\n\t<meta name=\"msvalidate.01\" content=\"7dfe9f3f1b24437ab69f4f2559babe99\" \/>\n\t<meta name=\"keywords\" content=\"actualidad asturias\" \/>\n\t<link rel=\"canonical\" href=\"https:\/\/www.eldigitaldeasturias.com\/noticias\/el-era-contara-con-el-instituto-adolfo-posada-para-la-seleccion-de-personal\/\" \/>\n\t<meta name=\"generator\" content=\"All in One SEO Pro (AIOSEO) 4.9.6.2\" \/>\n\t\t<meta property=\"og:locale\" content=\"es_ES\" \/>\n\t\t<meta property=\"og:site_name\" content=\"El Digital de Asturias\" \/>\n\t\t<meta property=\"og:type\" content=\"article\" \/>\n\t\t<meta property=\"og:title\" content=\"El ERA contar\u00e1 con el Instituto Adolfo Posada para la selecci\u00f3n de personal - El Digital de Asturias\" \/>\n\t\t<meta property=\"og:description\" content=\"El Consejo de Gobierno del Principado de Asturias ha aprobado este mi\u00e9rcoles un convenio de colaboraci\u00f3n entre el organismo aut\u00f3nomo Establecimientos Residenciales de Asturias (ERA) y el Instituto Asturiano de Administraci\u00f3n P\u00fablica Adolfo Posada para la gesti\u00f3n de los procesos selectivos de plazas vacantes de personal laboral que se incluyan en la oferta de empleo\" \/>\n\t\t<meta property=\"og:url\" content=\"https:\/\/www.eldigitaldeasturias.com\/noticias\/el-era-contara-con-el-instituto-adolfo-posada-para-la-seleccion-de-personal\/\" \/>\n\t\t<meta property=\"og:image\" content=\"https:\/\/www.eldigitaldeasturias.com\/noticias\/wp-content\/uploads\/2016\/09\/fotonoticia_20160907125934_800.jpg\" \/>\n\t\t<meta property=\"og:image:secure_url\" content=\"https:\/\/www.eldigitaldeasturias.com\/noticias\/wp-content\/uploads\/2016\/09\/fotonoticia_20160907125934_800.jpg\" \/>\n\t\t<meta property=\"og:image:width\" content=\"800\" \/>\n\t\t<meta property=\"og:image:height\" content=\"525\" \/>\n\t\t<meta property=\"article:tag\" content=\"actualidad asturias\" \/>\n\t\t<meta property=\"article:published_time\" content=\"2016-09-07T20:26:54+00:00\" \/>\n\t\t<meta property=\"article:modified_time\" content=\"2016-09-07T20:26:54+00:00\" \/>\n\t\t<meta property=\"article:publisher\" content=\"https:\/\/facebook.com\/eldigitaldeasturias\" \/>\n\t\t<meta name=\"twitter:card\" content=\"summary_large_image\" \/>\n\t\t<meta name=\"twitter:title\" content=\"El ERA contar\u00e1 con el Instituto Adolfo Posada para la selecci\u00f3n de personal - El Digital de Asturias\" \/>\n\t\t<meta name=\"twitter:description\" content=\"El Consejo de Gobierno del Principado de Asturias ha aprobado este mi\u00e9rcoles un convenio de colaboraci\u00f3n entre el organismo aut\u00f3nomo Establecimientos Residenciales de Asturias (ERA) y el Instituto Asturiano de Administraci\u00f3n P\u00fablica Adolfo Posada para la gesti\u00f3n de los procesos selectivos de plazas vacantes de personal laboral que se incluyan en la oferta de empleo\" \/>\n\t\t<meta name=\"twitter:image\" content=\"https:\/\/www.eldigitaldeasturias.com\/noticias\/wp-content\/uploads\/2016\/09\/fotonoticia_20160907125934_800.jpg\" \/>\n\t\t<meta name=\"twitter:label1\" content=\"Escrito por\" \/>\n\t\t<meta name=\"twitter:data1\" content=\"El Digital de Asturias\" \/>\n\t\t<meta name=\"twitter:label2\" content=\"Tiempo de lectura estimado\" \/>\n\t\t<meta name=\"twitter:data2\" content=\"1 minuto\" \/>\n\t\t<script type=\"application\/ld+json\" class=\"aioseo-schema\">\n\t\t\t{\"@context\":\"https:\\\/\\\/schema.org\",\"@graph\":[{\"@type\":\"BlogPosting\",\"@id\":\"https:\\\/\\\/www.eldigitaldeasturias.com\\\/noticias\\\/el-era-contara-con-el-instituto-adolfo-posada-para-la-seleccion-de-personal\\\/#blogposting\",\"name\":\"El ERA contar\\u00e1 con el Instituto Adolfo Posada para la selecci\\u00f3n de personal - El Digital de Asturias\",\"headline\":\"El ERA contar\\u00e1 con el Instituto Adolfo Posada para la selecci\\u00f3n de personal\",\"author\":{\"@id\":\"https:\\\/\\\/www.eldigitaldeasturias.com\\\/noticias\\\/author\\\/admin\\\/#author\"},\"publisher\":{\"@id\":\"https:\\\/\\\/www.eldigitaldeasturias.com\\\/noticias\\\/#organization\"},\"image\":{\"@type\":\"ImageObject\",\"url\":\"https:\\\/\\\/www.eldigitaldeasturias.com\\\/noticias\\\/wp-content\\\/uploads\\\/2016\\\/09\\\/fotonoticia_20160907125934_800.jpg\",\"width\":800,\"height\":525},\"datePublished\":\"2016-09-07T21:26:54+02:00\",\"dateModified\":\"2016-09-07T21:26:54+02:00\",\"inLanguage\":\"es-ES\",\"mainEntityOfPage\":{\"@id\":\"https:\\\/\\\/www.eldigitaldeasturias.com\\\/noticias\\\/el-era-contara-con-el-instituto-adolfo-posada-para-la-seleccion-de-personal\\\/#webpage\"},\"isPartOf\":{\"@id\":\"https:\\\/\\\/www.eldigitaldeasturias.com\\\/noticias\\\/el-era-contara-con-el-instituto-adolfo-posada-para-la-seleccion-de-personal\\\/#webpage\"},\"articleSection\":\"Actualidad Asturias\"},{\"@type\":\"BreadcrumbList\",\"@id\":\"https:\\\/\\\/www.eldigitaldeasturias.com\\\/noticias\\\/el-era-contara-con-el-instituto-adolfo-posada-para-la-seleccion-de-personal\\\/#breadcrumblist\",\"itemListElement\":[{\"@type\":\"ListItem\",\"@id\":\"https:\\\/\\\/www.eldigitaldeasturias.com\\\/noticias#listItem\",\"position\":1,\"name\":\"Home\",\"item\":\"https:\\\/\\\/www.eldigitaldeasturias.com\\\/noticias\",\"nextItem\":{\"@type\":\"ListItem\",\"@id\":\"https:\\\/\\\/www.eldigitaldeasturias.com\\\/noticias\\\/category\\\/actualidad-asturias\\\/#listItem\",\"name\":\"Actualidad Asturias\"}},{\"@type\":\"ListItem\",\"@id\":\"https:\\\/\\\/www.eldigitaldeasturias.com\\\/noticias\\\/category\\\/actualidad-asturias\\\/#listItem\",\"position\":2,\"name\":\"Actualidad Asturias\",\"item\":\"https:\\\/\\\/www.eldigitaldeasturias.com\\\/noticias\\\/category\\\/actualidad-asturias\\\/\",\"nextItem\":{\"@type\":\"ListItem\",\"@id\":\"https:\\\/\\\/www.eldigitaldeasturias.com\\\/noticias\\\/el-era-contara-con-el-instituto-adolfo-posada-para-la-seleccion-de-personal\\\/#listItem\",\"name\":\"El ERA contar\\u00e1 con el Instituto Adolfo Posada para la selecci\\u00f3n de personal\"},\"previousItem\":{\"@type\":\"ListItem\",\"@id\":\"https:\\\/\\\/www.eldigitaldeasturias.com\\\/noticias#listItem\",\"name\":\"Home\"}},{\"@type\":\"ListItem\",\"@id\":\"https:\\\/\\\/www.eldigitaldeasturias.com\\\/noticias\\\/el-era-contara-con-el-instituto-adolfo-posada-para-la-seleccion-de-personal\\\/#listItem\",\"position\":3,\"name\":\"El ERA contar\\u00e1 con el Instituto Adolfo Posada para la selecci\\u00f3n de personal\",\"previousItem\":{\"@type\":\"ListItem\",\"@id\":\"https:\\\/\\\/www.eldigitaldeasturias.com\\\/noticias\\\/category\\\/actualidad-asturias\\\/#listItem\",\"name\":\"Actualidad Asturias\"}}]},{\"@type\":\"Organization\",\"@id\":\"https:\\\/\\\/www.eldigitaldeasturias.com\\\/noticias\\\/#organization\",\"name\":\"El Digital de Asturias\",\"description\":\"Hemeroteca\",\"url\":\"https:\\\/\\\/www.eldigitaldeasturias.com\\\/noticias\\\/\",\"email\":\"info@eldigitaldeasturias.com\",\"telephone\":\"+34652131393\",\"logo\":{\"@type\":\"ImageObject\",\"url\":\"https:\\\/\\\/www.eldigitaldeasturias.com\\\/noticias\\\/wp-content\\\/uploads\\\/2020\\\/12\\\/EDA.jpg\",\"@id\":\"https:\\\/\\\/www.eldigitaldeasturias.com\\\/noticias\\\/el-era-contara-con-el-instituto-adolfo-posada-para-la-seleccion-de-personal\\\/#organizationLogo\",\"width\":649,\"height\":297},\"image\":{\"@id\":\"https:\\\/\\\/www.eldigitaldeasturias.com\\\/noticias\\\/el-era-contara-con-el-instituto-adolfo-posada-para-la-seleccion-de-personal\\\/#organizationLogo\"},\"sameAs\":[\"https:\\\/\\\/facebook.com\\\/eldigitaldeasturias\",\"https:\\\/\\\/www.youtube.com\\\/channel\\\/UCZP-2wLEB9Rv6erhFmqVnvg\"],\"address\":{\"@id\":\"https:\\\/\\\/www.eldigitaldeasturias.com\\\/noticias\\\/#postaladdress\",\"@type\":\"PostalAddress\",\"streetAddress\":\"san antonio 4,\",\"postalCode\":\"33430\",\"addressLocality\":\"Cand\\u00e1s\",\"addressRegion\":\"Asturias\",\"addressCountry\":\"ES\"}},{\"@type\":\"Person\",\"@id\":\"https:\\\/\\\/www.eldigitaldeasturias.com\\\/noticias\\\/author\\\/admin\\\/#author\",\"url\":\"https:\\\/\\\/www.eldigitaldeasturias.com\\\/noticias\\\/author\\\/admin\\\/\",\"name\":\"El Digital de Asturias\",\"image\":{\"@type\":\"ImageObject\",\"@id\":\"https:\\\/\\\/www.eldigitaldeasturias.com\\\/noticias\\\/el-era-contara-con-el-instituto-adolfo-posada-para-la-seleccion-de-personal\\\/#authorImage\",\"url\":\"https:\\\/\\\/www.eldigitaldeasturias.com\\\/noticias\\\/wp-content\\\/litespeed\\\/avatar\\\/18677e78aa0546b92d9dbf31ec7d7668.jpg?ver=1777290358\",\"width\":96,\"height\":96,\"caption\":\"El Digital de Asturias\"}},{\"@type\":\"WebPage\",\"@id\":\"https:\\\/\\\/www.eldigitaldeasturias.com\\\/noticias\\\/el-era-contara-con-el-instituto-adolfo-posada-para-la-seleccion-de-personal\\\/#webpage\",\"url\":\"https:\\\/\\\/www.eldigitaldeasturias.com\\\/noticias\\\/el-era-contara-con-el-instituto-adolfo-posada-para-la-seleccion-de-personal\\\/\",\"name\":\"El ERA contar\\u00e1 con el Instituto Adolfo Posada para la selecci\\u00f3n de personal - El Digital de Asturias\",\"description\":\"El Consejo de Gobierno del Principado de Asturias ha aprobado este mi\\u00e9rcoles un convenio de colaboraci\\u00f3n entre el organismo aut\\u00f3nomo Establecimientos Residenciales de Asturias (ERA) y el Instituto Asturiano de Administraci\\u00f3n P\\u00fablica Adolfo Posada para la gesti\\u00f3n de los procesos selectivos de plazas vacantes de personal laboral que se incluyan en la oferta de empleo\",\"inLanguage\":\"es-ES\",\"isPartOf\":{\"@id\":\"https:\\\/\\\/www.eldigitaldeasturias.com\\\/noticias\\\/#website\"},\"breadcrumb\":{\"@id\":\"https:\\\/\\\/www.eldigitaldeasturias.com\\\/noticias\\\/el-era-contara-con-el-instituto-adolfo-posada-para-la-seleccion-de-personal\\\/#breadcrumblist\"},\"author\":{\"@id\":\"https:\\\/\\\/www.eldigitaldeasturias.com\\\/noticias\\\/author\\\/admin\\\/#author\"},\"creator\":{\"@id\":\"https:\\\/\\\/www.eldigitaldeasturias.com\\\/noticias\\\/author\\\/admin\\\/#author\"},\"image\":{\"@type\":\"ImageObject\",\"url\":\"https:\\\/\\\/www.eldigitaldeasturias.com\\\/noticias\\\/wp-content\\\/uploads\\\/2016\\\/09\\\/fotonoticia_20160907125934_800.jpg\",\"@id\":\"https:\\\/\\\/www.eldigitaldeasturias.com\\\/noticias\\\/el-era-contara-con-el-instituto-adolfo-posada-para-la-seleccion-de-personal\\\/#mainImage\",\"width\":800,\"height\":525},\"primaryImageOfPage\":{\"@id\":\"https:\\\/\\\/www.eldigitaldeasturias.com\\\/noticias\\\/el-era-contara-con-el-instituto-adolfo-posada-para-la-seleccion-de-personal\\\/#mainImage\"},\"datePublished\":\"2016-09-07T21:26:54+02:00\",\"dateModified\":\"2016-09-07T21:26:54+02:00\"},{\"@type\":\"WebSite\",\"@id\":\"https:\\\/\\\/www.eldigitaldeasturias.com\\\/noticias\\\/#website\",\"url\":\"https:\\\/\\\/www.eldigitaldeasturias.com\\\/noticias\\\/\",\"name\":\"El Digital de Asturias - Diario de actualidad y noticias\",\"alternateName\":\"El Digital de Asturias - Diario de actualidad y noticias\",\"description\":\"Hemeroteca\",\"inLanguage\":\"es-ES\",\"publisher\":{\"@id\":\"https:\\\/\\\/www.eldigitaldeasturias.com\\\/noticias\\\/#organization\"}}]}\n\t\t<\/script>\n\t\t<!-- All in One SEO Pro -->\r\n\t\t<title>El ERA contar\u00e1 con el Instituto Adolfo Posada para la selecci\u00f3n de personal - El Digital de Asturias<\/title>\n\n","aioseo_head_json":{"title":"El ERA contar\u00e1 con el Instituto Adolfo Posada para la selecci\u00f3n de personal - El Digital de Asturias","description":"El Consejo de Gobierno del Principado de Asturias ha aprobado este mi\u00e9rcoles un convenio de colaboraci\u00f3n entre el organismo aut\u00f3nomo Establecimientos Residenciales de Asturias (ERA) y el Instituto Asturiano de Administraci\u00f3n P\u00fablica Adolfo Posada para la gesti\u00f3n de los procesos selectivos de plazas vacantes de personal laboral que se incluyan en la oferta de empleo","canonical_url":"https:\/\/www.eldigitaldeasturias.com\/noticias\/el-era-contara-con-el-instituto-adolfo-posada-para-la-seleccion-de-personal\/","robots":"max-image-preview:large","keywords":"actualidad asturias","webmasterTools":{"google-site-verification":"UA-38556648-1","msvalidate.01":"7dfe9f3f1b24437ab69f4f2559babe99","miscellaneous":""},"schema":{"@context":"https:\/\/schema.org","@graph":[{"@type":"BlogPosting","@id":"https:\/\/www.eldigitaldeasturias.com\/noticias\/el-era-contara-con-el-instituto-adolfo-posada-para-la-seleccion-de-personal\/#blogposting","name":"El ERA contar\u00e1 con el Instituto Adolfo Posada para la selecci\u00f3n de personal - El Digital de Asturias","headline":"El ERA contar\u00e1 con el Instituto Adolfo Posada para la selecci\u00f3n de personal","author":{"@id":"https:\/\/www.eldigitaldeasturias.com\/noticias\/author\/admin\/#author"},"publisher":{"@id":"https:\/\/www.eldigitaldeasturias.com\/noticias\/#organization"},"image":{"@type":"ImageObject","url":"https:\/\/www.eldigitaldeasturias.com\/noticias\/wp-content\/uploads\/2016\/09\/fotonoticia_20160907125934_800.jpg","width":800,"height":525},"datePublished":"2016-09-07T21:26:54+02:00","dateModified":"2016-09-07T21:26:54+02:00","inLanguage":"es-ES","mainEntityOfPage":{"@id":"https:\/\/www.eldigitaldeasturias.com\/noticias\/el-era-contara-con-el-instituto-adolfo-posada-para-la-seleccion-de-personal\/#webpage"},"isPartOf":{"@id":"https:\/\/www.eldigitaldeasturias.com\/noticias\/el-era-contara-con-el-instituto-adolfo-posada-para-la-seleccion-de-personal\/#webpage"},"articleSection":"Actualidad Asturias"},{"@type":"BreadcrumbList","@id":"https:\/\/www.eldigitaldeasturias.com\/noticias\/el-era-contara-con-el-instituto-adolfo-posada-para-la-seleccion-de-personal\/#breadcrumblist","itemListElement":[{"@type":"ListItem","@id":"https:\/\/www.eldigitaldeasturias.com\/noticias#listItem","position":1,"name":"Home","item":"https:\/\/www.eldigitaldeasturias.com\/noticias","nextItem":{"@type":"ListItem","@id":"https:\/\/www.eldigitaldeasturias.com\/noticias\/category\/actualidad-asturias\/#listItem","name":"Actualidad Asturias"}},{"@type":"ListItem","@id":"https:\/\/www.eldigitaldeasturias.com\/noticias\/category\/actualidad-asturias\/#listItem","position":2,"name":"Actualidad Asturias","item":"https:\/\/www.eldigitaldeasturias.com\/noticias\/category\/actualidad-asturias\/","nextItem":{"@type":"ListItem","@id":"https:\/\/www.eldigitaldeasturias.com\/noticias\/el-era-contara-con-el-instituto-adolfo-posada-para-la-seleccion-de-personal\/#listItem","name":"El ERA contar\u00e1 con el Instituto Adolfo Posada para la selecci\u00f3n de personal"},"previousItem":{"@type":"ListItem","@id":"https:\/\/www.eldigitaldeasturias.com\/noticias#listItem","name":"Home"}},{"@type":"ListItem","@id":"https:\/\/www.eldigitaldeasturias.com\/noticias\/el-era-contara-con-el-instituto-adolfo-posada-para-la-seleccion-de-personal\/#listItem","position":3,"name":"El ERA contar\u00e1 con el Instituto Adolfo Posada para la selecci\u00f3n de personal","previousItem":{"@type":"ListItem","@id":"https:\/\/www.eldigitaldeasturias.com\/noticias\/category\/actualidad-asturias\/#listItem","name":"Actualidad Asturias"}}]},{"@type":"Organization","@id":"https:\/\/www.eldigitaldeasturias.com\/noticias\/#organization","name":"El Digital de Asturias","description":"Hemeroteca","url":"https:\/\/www.eldigitaldeasturias.com\/noticias\/","email":"info@eldigitaldeasturias.com","telephone":"+34652131393","logo":{"@type":"ImageObject","url":"https:\/\/www.eldigitaldeasturias.com\/noticias\/wp-content\/uploads\/2020\/12\/EDA.jpg","@id":"https:\/\/www.eldigitaldeasturias.com\/noticias\/el-era-contara-con-el-instituto-adolfo-posada-para-la-seleccion-de-personal\/#organizationLogo","width":649,"height":297},"image":{"@id":"https:\/\/www.eldigitaldeasturias.com\/noticias\/el-era-contara-con-el-instituto-adolfo-posada-para-la-seleccion-de-personal\/#organizationLogo"},"sameAs":["https:\/\/facebook.com\/eldigitaldeasturias","https:\/\/www.youtube.com\/channel\/UCZP-2wLEB9Rv6erhFmqVnvg"],"address":{"@id":"https:\/\/www.eldigitaldeasturias.com\/noticias\/#postaladdress","@type":"PostalAddress","streetAddress":"san antonio 4,","postalCode":"33430","addressLocality":"Cand\u00e1s","addressRegion":"Asturias","addressCountry":"ES"}},{"@type":"Person","@id":"https:\/\/www.eldigitaldeasturias.com\/noticias\/author\/admin\/#author","url":"https:\/\/www.eldigitaldeasturias.com\/noticias\/author\/admin\/","name":"El Digital de Asturias","image":{"@type":"ImageObject","@id":"https:\/\/www.eldigitaldeasturias.com\/noticias\/el-era-contara-con-el-instituto-adolfo-posada-para-la-seleccion-de-personal\/#authorImage","url":"https:\/\/www.eldigitaldeasturias.com\/noticias\/wp-content\/litespeed\/avatar\/18677e78aa0546b92d9dbf31ec7d7668.jpg?ver=1777290358","width":96,"height":96,"caption":"El Digital de Asturias"}},{"@type":"WebPage","@id":"https:\/\/www.eldigitaldeasturias.com\/noticias\/el-era-contara-con-el-instituto-adolfo-posada-para-la-seleccion-de-personal\/#webpage","url":"https:\/\/www.eldigitaldeasturias.com\/noticias\/el-era-contara-con-el-instituto-adolfo-posada-para-la-seleccion-de-personal\/","name":"El ERA contar\u00e1 con el Instituto Adolfo Posada para la selecci\u00f3n de personal - El Digital de Asturias","description":"El Consejo de Gobierno del Principado de Asturias ha aprobado este mi\u00e9rcoles un convenio de colaboraci\u00f3n entre el organismo aut\u00f3nomo Establecimientos Residenciales de Asturias (ERA) y el Instituto Asturiano de Administraci\u00f3n P\u00fablica Adolfo Posada para la gesti\u00f3n de los procesos selectivos de plazas vacantes de personal laboral que se incluyan en la oferta de empleo","inLanguage":"es-ES","isPartOf":{"@id":"https:\/\/www.eldigitaldeasturias.com\/noticias\/#website"},"breadcrumb":{"@id":"https:\/\/www.eldigitaldeasturias.com\/noticias\/el-era-contara-con-el-instituto-adolfo-posada-para-la-seleccion-de-personal\/#breadcrumblist"},"author":{"@id":"https:\/\/www.eldigitaldeasturias.com\/noticias\/author\/admin\/#author"},"creator":{"@id":"https:\/\/www.eldigitaldeasturias.com\/noticias\/author\/admin\/#author"},"image":{"@type":"ImageObject","url":"https:\/\/www.eldigitaldeasturias.com\/noticias\/wp-content\/uploads\/2016\/09\/fotonoticia_20160907125934_800.jpg","@id":"https:\/\/www.eldigitaldeasturias.com\/noticias\/el-era-contara-con-el-instituto-adolfo-posada-para-la-seleccion-de-personal\/#mainImage","width":800,"height":525},"primaryImageOfPage":{"@id":"https:\/\/www.eldigitaldeasturias.com\/noticias\/el-era-contara-con-el-instituto-adolfo-posada-para-la-seleccion-de-personal\/#mainImage"},"datePublished":"2016-09-07T21:26:54+02:00","dateModified":"2016-09-07T21:26:54+02:00"},{"@type":"WebSite","@id":"https:\/\/www.eldigitaldeasturias.com\/noticias\/#website","url":"https:\/\/www.eldigitaldeasturias.com\/noticias\/","name":"El Digital de Asturias - Diario de actualidad y noticias","alternateName":"El Digital de Asturias - Diario de actualidad y noticias","description":"Hemeroteca","inLanguage":"es-ES","publisher":{"@id":"https:\/\/www.eldigitaldeasturias.com\/noticias\/#organization"}}]},"og:locale":"es_ES","og:site_name":"El Digital de Asturias","og:type":"article","og:title":"El ERA contar\u00e1 con el Instituto Adolfo Posada para la selecci\u00f3n de personal - El Digital de Asturias","og:description":"El Consejo de Gobierno del Principado de Asturias ha aprobado este mi\u00e9rcoles un convenio de colaboraci\u00f3n entre el organismo aut\u00f3nomo Establecimientos Residenciales de Asturias (ERA) y el Instituto Asturiano de Administraci\u00f3n P\u00fablica Adolfo Posada para la gesti\u00f3n de los procesos selectivos de plazas vacantes de personal laboral que se incluyan en la oferta de empleo","og:url":"https:\/\/www.eldigitaldeasturias.com\/noticias\/el-era-contara-con-el-instituto-adolfo-posada-para-la-seleccion-de-personal\/","og:image":"https:\/\/www.eldigitaldeasturias.com\/noticias\/wp-content\/uploads\/2016\/09\/fotonoticia_20160907125934_800.jpg","og:image:secure_url":"https:\/\/www.eldigitaldeasturias.com\/noticias\/wp-content\/uploads\/2016\/09\/fotonoticia_20160907125934_800.jpg","og:image:width":800,"og:image:height":525,"article:tag":["actualidad asturias"],"article:published_time":"2016-09-07T20:26:54+00:00","article:modified_time":"2016-09-07T20:26:54+00:00","article:publisher":"https:\/\/facebook.com\/eldigitaldeasturias","twitter:card":"summary_large_image","twitter:title":"El ERA contar\u00e1 con el Instituto Adolfo Posada para la selecci\u00f3n de personal - El Digital de Asturias","twitter:description":"El Consejo de Gobierno del Principado de Asturias ha aprobado este mi\u00e9rcoles un convenio de colaboraci\u00f3n entre el organismo aut\u00f3nomo Establecimientos Residenciales de Asturias (ERA) y el Instituto Asturiano de Administraci\u00f3n P\u00fablica Adolfo Posada para la gesti\u00f3n de los procesos selectivos de plazas vacantes de personal laboral que se incluyan en la oferta de empleo","twitter:image":"https:\/\/www.eldigitaldeasturias.com\/noticias\/wp-content\/uploads\/2016\/09\/fotonoticia_20160907125934_800.jpg","twitter:label1":"Escrito por","twitter:data1":"El Digital de Asturias","twitter:label2":"Tiempo de lectura estimado","twitter:data2":"1 minuto"},"aioseo_meta_data":{"post_id":"906303","title":null,"description":null,"keywords":null,"keyphrases":null,"primary_term":null,"canonical_url":null,"og_title":null,"og_description":null,"og_object_type":"default","og_image_type":"default","og_image_url":null,"og_image_width":null,"og_image_height":null,"og_image_custom_url":null,"og_image_custom_fields":null,"og_video":null,"og_custom_url":null,"og_article_section":null,"og_article_tags":null,"twitter_use_og":false,"twitter_card":"default","twitter_image_type":"default","twitter_image_url":null,"twitter_image_custom_url":null,"twitter_image_custom_fields":null,"twitter_title":null,"twitter_description":null,"schema":{"blockGraphs":[],"customGraphs":[],"default":{"data":{"Article":[],"Course":[],"Dataset":[],"FAQPage":[],"Movie":[],"Person":[],"Product":[],"ProductReview":[],"Car":[],"Recipe":[],"Service":[],"SoftwareApplication":[],"WebPage":[]},"graphName":"","isEnabled":true},"graphs":[],"defaultGraph":"","defaultPostTypeGraph":""},"schema_type":null,"schema_type_options":null,"pillar_content":false,"robots_default":true,"robots_noindex":false,"robots_noarchive":false,"robots_nosnippet":false,"robots_nofollow":false,"robots_noimageindex":false,"robots_noodp":false,"robots_notranslate":false,"robots_max_snippet":null,"robots_max_videopreview":null,"robots_max_imagepreview":"large","priority":null,"frequency":null,"local_seo":null,"seo_analyzer_scan_date":"2025-11-30 08:33:10","breadcrumb_settings":null,"limit_modified_date":false,"open_ai":null,"ai":null,"created":"2020-12-21 14:01:56","updated":"2025-11-30 08:33:10"},"aioseo_breadcrumb":"<div class=\"aioseo-breadcrumbs\"><span class=\"aioseo-breadcrumb\">\n\t<a href=\"https:\/\/www.eldigitaldeasturias.com\/noticias\" title=\"Home\">Home<\/a>\n<\/span><span class=\"aioseo-breadcrumb-separator\">\u2013<\/span><span class=\"aioseo-breadcrumb\">\n\t<a href=\"https:\/\/www.eldigitaldeasturias.com\/noticias\/category\/actualidad-asturias\/\" title=\"Actualidad Asturias\">Actualidad Asturias<\/a>\n<\/span><span class=\"aioseo-breadcrumb-separator\">\u2013<\/span><span class=\"aioseo-breadcrumb\">\n\t<a href=\"https:\/\/www.eldigitaldeasturias.com\/noticias\/el-era-contara-con-el-instituto-adolfo-posada-para-la-seleccion-de-personal\/\" title=\"El ERA contar\u00e1 con el Instituto Adolfo Posada para la selecci\u00f3n de personal\">El ERA contar\u00e1 con el Instituto Adolfo Posada para la selecci\u00f3n de personal<\/a>\n<\/span><\/div>","aioseo_breadcrumb_json":[{"label":"Home","link":"https:\/\/www.eldigitaldeasturias.com\/noticias"},{"label":"Actualidad Asturias","link":"https:\/\/www.eldigitaldeasturias.com\/noticias\/category\/actualidad-asturias\/"},{"label":"El ERA contar\u00e1 con el Instituto Adolfo Posada para la selecci\u00f3n de personal","link":"https:\/\/www.eldigitaldeasturias.com\/noticias\/el-era-contara-con-el-instituto-adolfo-posada-para-la-seleccion-de-personal\/"}],"_links":{"self":[{"href":"https:\/\/www.eldigitaldeasturias.com\/noticias\/wp-json\/wp\/v2\/posts\/906303","targetHints":{"allow":["GET"]}}],"collection":[{"href":"https:\/\/www.eldigitaldeasturias.com\/noticias\/wp-json\/wp\/v2\/posts"}],"about":[{"href":"https:\/\/www.eldigitaldeasturias.com\/noticias\/wp-json\/wp\/v2\/types\/post"}],"author":[{"embeddable":true,"href":"https:\/\/www.eldigitaldeasturias.com\/noticias\/wp-json\/wp\/v2\/users\/1"}],"replies":[{"embeddable":true,"href":"https:\/\/www.eldigitaldeasturias.com\/noticias\/wp-json\/wp\/v2\/comments?post=906303"}],"version-history":[{"count":0,"href":"https:\/\/www.eldigitaldeasturias.com\/noticias\/wp-json\/wp\/v2\/posts\/906303\/revisions"}],"wp:featuredmedia":[{"embeddable":true,"href":"https:\/\/www.eldigitaldeasturias.com\/noticias\/wp-json\/wp\/v2\/media\/906304"}],"wp:attachment":[{"href":"https:\/\/www.eldigitaldeasturias.com\/noticias\/wp-json\/wp\/v2\/media?parent=906303"}],"wp:term":[{"taxonomy":"category","embeddable":true,"href":"https:\/\/www.eldigitaldeasturias.com\/noticias\/wp-json\/wp\/v2\/categories?post=906303"},{"taxonomy":"post_tag","embeddable":true,"href":"https:\/\/www.eldigitaldeasturias.com\/noticias\/wp-json\/wp\/v2\/tags?post=906303"}],"curies":[{"name":"wp","href":"https:\/\/api.w.org\/{rel}","templated":true}]}}