{"id":906287,"date":"2016-09-07T14:44:05","date_gmt":"2016-09-07T13:44:05","guid":{"rendered":"http:\/\/www.eldigitaldeasturias.com\/noticias\/?p=906287"},"modified":"2016-09-07T14:44:05","modified_gmt":"2016-09-07T13:44:05","slug":"la-comarca-de-los-oscos-pueblo-ejemplar-de-asturias-2016","status":"publish","type":"post","link":"https:\/\/www.eldigitaldeasturias.com\/noticias\/la-comarca-de-los-oscos-pueblo-ejemplar-de-asturias-2016\/","title":{"rendered":"La comarca de Los Oscos, Pueblo Ejemplar de Asturias 2016"},"content":{"rendered":"<p><img loading=\"lazy\" decoding=\"async\" class=\"alignleft size-medium wp-image-906288\" src=\"https:\/\/www.eldigitaldeasturias.com\/noticias\/wp-content\/uploads\/2016\/09\/oscos-360x208.jpg\" alt=\"oscos\" width=\"360\" height=\"208\" srcset=\"https:\/\/www.eldigitaldeasturias.com\/noticias\/wp-content\/uploads\/2016\/09\/oscos-360x208.jpg 360w, https:\/\/www.eldigitaldeasturias.com\/noticias\/wp-content\/uploads\/2016\/09\/oscos-650x375.jpg 650w, https:\/\/www.eldigitaldeasturias.com\/noticias\/wp-content\/uploads\/2016\/09\/oscos.jpg 748w\" sizes=\"auto, (max-width: 360px) 100vw, 360px\" \/>La comarca de Los Oscos ha sido seleccionada este mi\u00e9rcoles como el Pueblo Ejemplar de Asturias 2016 por haber articulado los vecinos, en las \u00faltimas tres d\u00e9cadas, un plan colectivo que combina equilibradamente tradici\u00f3n y modernidad, \u00abaunando la conservaci\u00f3n de la naturaleza y el patrimonio cultural con el desarrollo econ\u00f3mico basado en la ganader\u00eda y el turismo rural\u00bb.<\/p>\n<p>El jurado ha estado integrado por Jes\u00fas Arango Fern\u00e1ndez, Fernando Beltr\u00e1n Fern\u00e1ndez, Fernando Delgado \u00c1lvarez, Luis Felipe Fern\u00e1ndez Garc\u00eda, Manuel Garc\u00eda Linares, Adolfo Garc\u00eda Mart\u00ednez, Andr\u00e9s Giraldo \u00c1lvarez, Alberto Gonz\u00e1lez Men\u00e9ndez, Jaime Izquierdo Vallina, Cristina Jerez Prado, Juaco L\u00f3pez \u00c1lvarez, Jos\u00e9 Luis P\u00e9rez de Castro, Marta P\u00e9rez P\u00e9rez, Ignacio Quintana Pedr\u00f3s, Rosa Roces Garc\u00eda, Ram\u00f3n Rodr\u00edguez \u00c1lvarez, Trinidad Rodr\u00edguez D\u00edez, Carmen Ruiz-Tilve Arias, V\u00edctor Manuel V\u00e1zquez Fern\u00e1ndez, Manuel Villa-Cellino Torre, Antonio Virgili Rodr\u00edguez, presidido por Francisco Rodr\u00edguez Garc\u00eda y actuando de secretario Adolfo Barthe Aza.<\/p>\n<p>En la lectura del fallo, el jurado considera a la comarca de Los Oscos un ejemplo a destacar, especialmente en este tiempo de crisis del medio rural en Asturias.<\/p>\n<p>La comarca de Los Oscos est\u00e1 formada por los concejos occidentales de San Mart\u00edn de Oscos, Santa Eulalia de Oscos y Villanueva de Oscos.<\/p>\n<p>Enclavada en un paraje de media monta\u00f1a, la comarca guarda vestigios de haber sido ocupada desde antiguo -numerosos t\u00famulos que dieron paso a la cultura castre\u00f1a- y tiene una personalidad hist\u00f3rica propia acreditada desde la Edad Media, donde ya figura su divisi\u00f3n administrativa reflejada en tres parroquias: San Mart\u00edn, Santa Eulalia y Santa Eufemia.<\/p>\n<p>Esta \u00faltima, donada por Alfonso VII al monasterio de SantaMar\u00eda, fundado en el siglo XII, fue el germen del coto de Villanueva, antecedentedel actual municipio.<\/p>\n<p>En la actualidad, Los Oscos cuenta con unos 1.370 vecinosrepartidos entre los tres concejos, que forman parte de la Reserva de la BiosferaOscos-Eo y Tierras de Bur\u00f3n, declarada por la UNESCO en 2007.<\/p>\n<p><strong>LA COMARCA<\/strong><\/p>\n<p>con un origen eminentemente agrario, el territorio de Los Oscos se vio beneficiado por la oferta de carb\u00f3n vegetal, la fuerza hidr\u00e1ulica y los yacimientos de hierro para experimentar un auge industrial, sobre todo del laboreo del hierro, al inicio de la Edad Moderna.<\/p>\n<p>El desarrollo econ\u00f3mico propici\u00f3 trasformaciones sustanciales, como la ampliaci\u00f3n de casas y nuevas construcciones, reedificaci\u00f3n de los templos y el blasonado de muchas casas, as\u00ed como la instauraci\u00f3n de escuelas en Samart\u00edn y Santalla.<\/p>\n<p>A mediados del siglo XIX, la industria del hierro empez\u00f3 a acusar el agotamiento de los bosques y el traslado tecnol\u00f3gico al carb\u00f3n de piedra, lo que supuso un ocaso econ\u00f3mico que favoreci\u00f3 que la comarca se sumara a la corriente migratoria regional hacia Am\u00e9rica.<\/p>\n<p>A comienzos del siglo XX, las forjas solo funcionaban para el consumo local y la econom\u00eda era b\u00e1sicamente agropecuaria, lo que contribuy\u00f3 a acentuar el flujo migratorio, adem\u00e1s de la carencia de carreteras, l\u00edneas de transporte regular o saneamiento.<\/p>\n<p>No fue hasta los a\u00f1os 80, cuando Los Oscos contaron con planes espec\u00edficos de desarrollo, que comenzaron con la mejora de carreteras e, incluso, con la construcci\u00f3n de una que comunicara Samart\u00edn y Santalla, capitales unidas hasta entonces por un camino de herradura.<\/p>\n<p>La inversi\u00f3n en infraestructuras y la dotaci\u00f3n de servicios permitieron fijar poblaci\u00f3n y los fondos europeos y las directivas comunitarias en materia agraria impulsaron la modernizaci\u00f3n de las explotaciones ganaderas de la comarca.<\/p>\n<p>El turismo tambi\u00e9n empez\u00f3 a formar parte del despegue econ\u00f3mico de la zona, impulsando la recuperaci\u00f3n de abundante patrimonio etnogr\u00e1fico y cultural, la dotaci\u00f3n de museos y la rehabilitaci\u00f3n respetuosa de casas para su uso como alojamientos rurales.<\/p>\n<p>La cultura tradicional arraigada en valores como la colaboraci\u00f3n y ayuda mutua -en forma de sextaferias, cam\u00edos, mallegas, esfollos, matanza, rapa das bestias, etc.- ha favorecido el asociacionismo en la comarca.<\/p>\n<p>Ejemplo de ellos son la asociaci\u00f3n de empresarios tur\u00edsticos que agrupa a los establecimientos de los tres concejos, tres asociaciones de mayores que colaboran entre s\u00ed, cinco asociaciones culturales, dos de mujeres, tres juveniles y tres de caza.<\/p>\n<p><strong>EL GALARD\u00d3N<\/strong><\/p>\n<p>El Premio al Pueblo Ejemplar de Asturias se ha constituido a lo largo de sus ediciones en una de las actividades de la Fundaci\u00f3n de m\u00e1s amplia y mejor acogida dentro del Principado, al estar destinado a galardonar \u00abal pueblo, aldea, n\u00facleo de poblaci\u00f3n, espacio paisaj\u00edstico o grupo humano del Principado de Asturias que haya destacado de modo notable en la defensa y conservaci\u00f3n de su entorno natural, ambiental, de su patrimonio hist\u00f3rico, cultural o art\u00edstico, en iniciativas de impulso econ\u00f3mico y social o en la realizaci\u00f3n de obras comunales u otras manifestaciones de solidaridad sobresalientes\u00bb.<\/p>\n<p>Este galard\u00f3n se convoc\u00f3 por primera vez en 1990, al cumplirse el d\u00e9cimo aniversario de la Fundaci\u00f3n, y tiene una naturaleza y car\u00e1cter diferentes a los Premios Princesa de Asturias. Su dotaci\u00f3n econ\u00f3mica es de 25.000 euros y en esta edici\u00f3n concurr\u00edan un total de 20 candidaturas.<\/p>\n<p>&nbsp;<\/p>\n<p>&nbsp;<\/p>\n","protected":false},"excerpt":{"rendered":"<p>La comarca de Los Oscos ha sido seleccionada este mi\u00e9rcoles como el Pueblo Ejemplar de Asturias 2016 por haber articulado los vecinos, en las \u00faltimas tres d\u00e9cadas, un plan colectivo que combina equilibradamente tradici\u00f3n y modernidad, \u00abaunando la conservaci\u00f3n de la naturaleza y el patrimonio cultural con el desarrollo econ\u00f3mico basado en la ganader\u00eda y [&hellip;]<\/p>\n","protected":false},"author":1,"featured_media":906288,"comment_status":"closed","ping_status":"closed","sticky":false,"template":"","format":"standard","meta":{"footnotes":""},"categories":[12],"tags":[],"class_list":["post-906287","post","type-post","status-publish","format-standard","has-post-thumbnail","hentry","category-actualidad-asturias"],"aioseo_notices":[],"aioseo_head":"\n\t\t<!-- All in One SEO Pro 4.9.6.2 - aioseo.com -->\n\t<meta name=\"description\" content=\"La comarca de Los Oscos ha sido seleccionada este mi\u00e9rcoles como el Pueblo Ejemplar de Asturias 2016 por haber articulado los vecinos, en las \u00faltimas tres d\u00e9cadas, un plan colectivo que combina equilibradamente tradici\u00f3n y modernidad, &quot;aunando la conservaci\u00f3n de la naturaleza y el patrimonio cultural con el desarrollo econ\u00f3mico basado en la ganader\u00eda y\" \/>\n\t<meta name=\"robots\" content=\"max-image-preview:large\" \/>\n\t<meta name=\"author\" content=\"El Digital de Asturias\"\/>\n\t<meta name=\"google-site-verification\" content=\"UA-38556648-1\" \/>\n\t<meta name=\"msvalidate.01\" content=\"7dfe9f3f1b24437ab69f4f2559babe99\" \/>\n\t<meta name=\"keywords\" content=\"actualidad asturias\" \/>\n\t<link rel=\"canonical\" href=\"https:\/\/www.eldigitaldeasturias.com\/noticias\/la-comarca-de-los-oscos-pueblo-ejemplar-de-asturias-2016\/\" \/>\n\t<meta name=\"generator\" content=\"All in One SEO Pro (AIOSEO) 4.9.6.2\" \/>\n\t\t<meta property=\"og:locale\" content=\"es_ES\" \/>\n\t\t<meta property=\"og:site_name\" content=\"El Digital de Asturias\" \/>\n\t\t<meta property=\"og:type\" content=\"article\" \/>\n\t\t<meta property=\"og:title\" content=\"La comarca de Los Oscos, Pueblo Ejemplar de Asturias 2016 - El Digital de Asturias\" \/>\n\t\t<meta property=\"og:description\" content=\"La comarca de Los Oscos ha sido seleccionada este mi\u00e9rcoles como el Pueblo Ejemplar de Asturias 2016 por haber articulado los vecinos, en las \u00faltimas tres d\u00e9cadas, un plan colectivo que combina equilibradamente tradici\u00f3n y modernidad, &quot;aunando la conservaci\u00f3n de la naturaleza y el patrimonio cultural con el desarrollo econ\u00f3mico basado en la ganader\u00eda y\" \/>\n\t\t<meta property=\"og:url\" content=\"https:\/\/www.eldigitaldeasturias.com\/noticias\/la-comarca-de-los-oscos-pueblo-ejemplar-de-asturias-2016\/\" \/>\n\t\t<meta property=\"og:image\" content=\"https:\/\/www.eldigitaldeasturias.com\/noticias\/wp-content\/uploads\/2016\/09\/oscos.jpg\" \/>\n\t\t<meta property=\"og:image:secure_url\" content=\"https:\/\/www.eldigitaldeasturias.com\/noticias\/wp-content\/uploads\/2016\/09\/oscos.jpg\" \/>\n\t\t<meta property=\"og:image:width\" content=\"748\" \/>\n\t\t<meta property=\"og:image:height\" content=\"432\" \/>\n\t\t<meta property=\"article:tag\" content=\"actualidad asturias\" \/>\n\t\t<meta property=\"article:published_time\" content=\"2016-09-07T13:44:05+00:00\" \/>\n\t\t<meta property=\"article:modified_time\" content=\"2016-09-07T13:44:05+00:00\" \/>\n\t\t<meta property=\"article:publisher\" content=\"https:\/\/facebook.com\/eldigitaldeasturias\" \/>\n\t\t<meta name=\"twitter:card\" content=\"summary_large_image\" \/>\n\t\t<meta name=\"twitter:title\" content=\"La comarca de Los Oscos, Pueblo Ejemplar de Asturias 2016 - El Digital de Asturias\" \/>\n\t\t<meta name=\"twitter:description\" content=\"La comarca de Los Oscos ha sido seleccionada este mi\u00e9rcoles como el Pueblo Ejemplar de Asturias 2016 por haber articulado los vecinos, en las \u00faltimas tres d\u00e9cadas, un plan colectivo que combina equilibradamente tradici\u00f3n y modernidad, &quot;aunando la conservaci\u00f3n de la naturaleza y el patrimonio cultural con el desarrollo econ\u00f3mico basado en la ganader\u00eda y\" \/>\n\t\t<meta name=\"twitter:image\" content=\"https:\/\/www.eldigitaldeasturias.com\/noticias\/wp-content\/uploads\/2016\/09\/oscos.jpg\" \/>\n\t\t<meta name=\"twitter:label1\" content=\"Escrito por\" \/>\n\t\t<meta name=\"twitter:data1\" content=\"El Digital de Asturias\" \/>\n\t\t<meta name=\"twitter:label2\" content=\"Tiempo de lectura estimado\" \/>\n\t\t<meta name=\"twitter:data2\" content=\"4 minutos\" \/>\n\t\t<script type=\"application\/ld+json\" class=\"aioseo-schema\">\n\t\t\t{\"@context\":\"https:\\\/\\\/schema.org\",\"@graph\":[{\"@type\":\"BlogPosting\",\"@id\":\"https:\\\/\\\/www.eldigitaldeasturias.com\\\/noticias\\\/la-comarca-de-los-oscos-pueblo-ejemplar-de-asturias-2016\\\/#blogposting\",\"name\":\"La comarca de Los Oscos, Pueblo Ejemplar de Asturias 2016 - El Digital de Asturias\",\"headline\":\"La comarca de Los Oscos, Pueblo Ejemplar de Asturias 2016\",\"author\":{\"@id\":\"https:\\\/\\\/www.eldigitaldeasturias.com\\\/noticias\\\/author\\\/admin\\\/#author\"},\"publisher\":{\"@id\":\"https:\\\/\\\/www.eldigitaldeasturias.com\\\/noticias\\\/#organization\"},\"image\":{\"@type\":\"ImageObject\",\"url\":\"https:\\\/\\\/www.eldigitaldeasturias.com\\\/noticias\\\/wp-content\\\/uploads\\\/2016\\\/09\\\/oscos.jpg\",\"width\":748,\"height\":432},\"datePublished\":\"2016-09-07T14:44:05+02:00\",\"dateModified\":\"2016-09-07T14:44:05+02:00\",\"inLanguage\":\"es-ES\",\"mainEntityOfPage\":{\"@id\":\"https:\\\/\\\/www.eldigitaldeasturias.com\\\/noticias\\\/la-comarca-de-los-oscos-pueblo-ejemplar-de-asturias-2016\\\/#webpage\"},\"isPartOf\":{\"@id\":\"https:\\\/\\\/www.eldigitaldeasturias.com\\\/noticias\\\/la-comarca-de-los-oscos-pueblo-ejemplar-de-asturias-2016\\\/#webpage\"},\"articleSection\":\"Actualidad Asturias\"},{\"@type\":\"BreadcrumbList\",\"@id\":\"https:\\\/\\\/www.eldigitaldeasturias.com\\\/noticias\\\/la-comarca-de-los-oscos-pueblo-ejemplar-de-asturias-2016\\\/#breadcrumblist\",\"itemListElement\":[{\"@type\":\"ListItem\",\"@id\":\"https:\\\/\\\/www.eldigitaldeasturias.com\\\/noticias#listItem\",\"position\":1,\"name\":\"Home\",\"item\":\"https:\\\/\\\/www.eldigitaldeasturias.com\\\/noticias\",\"nextItem\":{\"@type\":\"ListItem\",\"@id\":\"https:\\\/\\\/www.eldigitaldeasturias.com\\\/noticias\\\/category\\\/actualidad-asturias\\\/#listItem\",\"name\":\"Actualidad Asturias\"}},{\"@type\":\"ListItem\",\"@id\":\"https:\\\/\\\/www.eldigitaldeasturias.com\\\/noticias\\\/category\\\/actualidad-asturias\\\/#listItem\",\"position\":2,\"name\":\"Actualidad Asturias\",\"item\":\"https:\\\/\\\/www.eldigitaldeasturias.com\\\/noticias\\\/category\\\/actualidad-asturias\\\/\",\"nextItem\":{\"@type\":\"ListItem\",\"@id\":\"https:\\\/\\\/www.eldigitaldeasturias.com\\\/noticias\\\/la-comarca-de-los-oscos-pueblo-ejemplar-de-asturias-2016\\\/#listItem\",\"name\":\"La comarca de Los Oscos, Pueblo Ejemplar de Asturias 2016\"},\"previousItem\":{\"@type\":\"ListItem\",\"@id\":\"https:\\\/\\\/www.eldigitaldeasturias.com\\\/noticias#listItem\",\"name\":\"Home\"}},{\"@type\":\"ListItem\",\"@id\":\"https:\\\/\\\/www.eldigitaldeasturias.com\\\/noticias\\\/la-comarca-de-los-oscos-pueblo-ejemplar-de-asturias-2016\\\/#listItem\",\"position\":3,\"name\":\"La comarca de Los Oscos, Pueblo Ejemplar de Asturias 2016\",\"previousItem\":{\"@type\":\"ListItem\",\"@id\":\"https:\\\/\\\/www.eldigitaldeasturias.com\\\/noticias\\\/category\\\/actualidad-asturias\\\/#listItem\",\"name\":\"Actualidad Asturias\"}}]},{\"@type\":\"Organization\",\"@id\":\"https:\\\/\\\/www.eldigitaldeasturias.com\\\/noticias\\\/#organization\",\"name\":\"El Digital de Asturias\",\"description\":\"Hemeroteca\",\"url\":\"https:\\\/\\\/www.eldigitaldeasturias.com\\\/noticias\\\/\",\"email\":\"info@eldigitaldeasturias.com\",\"telephone\":\"+34652131393\",\"logo\":{\"@type\":\"ImageObject\",\"url\":\"https:\\\/\\\/www.eldigitaldeasturias.com\\\/noticias\\\/wp-content\\\/uploads\\\/2020\\\/12\\\/EDA.jpg\",\"@id\":\"https:\\\/\\\/www.eldigitaldeasturias.com\\\/noticias\\\/la-comarca-de-los-oscos-pueblo-ejemplar-de-asturias-2016\\\/#organizationLogo\",\"width\":649,\"height\":297},\"image\":{\"@id\":\"https:\\\/\\\/www.eldigitaldeasturias.com\\\/noticias\\\/la-comarca-de-los-oscos-pueblo-ejemplar-de-asturias-2016\\\/#organizationLogo\"},\"sameAs\":[\"https:\\\/\\\/facebook.com\\\/eldigitaldeasturias\",\"https:\\\/\\\/www.youtube.com\\\/channel\\\/UCZP-2wLEB9Rv6erhFmqVnvg\"],\"address\":{\"@id\":\"https:\\\/\\\/www.eldigitaldeasturias.com\\\/noticias\\\/#postaladdress\",\"@type\":\"PostalAddress\",\"streetAddress\":\"san antonio 4,\",\"postalCode\":\"33430\",\"addressLocality\":\"Cand\\u00e1s\",\"addressRegion\":\"Asturias\",\"addressCountry\":\"ES\"}},{\"@type\":\"Person\",\"@id\":\"https:\\\/\\\/www.eldigitaldeasturias.com\\\/noticias\\\/author\\\/admin\\\/#author\",\"url\":\"https:\\\/\\\/www.eldigitaldeasturias.com\\\/noticias\\\/author\\\/admin\\\/\",\"name\":\"El Digital de Asturias\",\"image\":{\"@type\":\"ImageObject\",\"@id\":\"https:\\\/\\\/www.eldigitaldeasturias.com\\\/noticias\\\/la-comarca-de-los-oscos-pueblo-ejemplar-de-asturias-2016\\\/#authorImage\",\"url\":\"https:\\\/\\\/www.eldigitaldeasturias.com\\\/noticias\\\/wp-content\\\/litespeed\\\/avatar\\\/18677e78aa0546b92d9dbf31ec7d7668.jpg?ver=1777290358\",\"width\":96,\"height\":96,\"caption\":\"El Digital de Asturias\"}},{\"@type\":\"WebPage\",\"@id\":\"https:\\\/\\\/www.eldigitaldeasturias.com\\\/noticias\\\/la-comarca-de-los-oscos-pueblo-ejemplar-de-asturias-2016\\\/#webpage\",\"url\":\"https:\\\/\\\/www.eldigitaldeasturias.com\\\/noticias\\\/la-comarca-de-los-oscos-pueblo-ejemplar-de-asturias-2016\\\/\",\"name\":\"La comarca de Los Oscos, Pueblo Ejemplar de Asturias 2016 - El Digital de Asturias\",\"description\":\"La comarca de Los Oscos ha sido seleccionada este mi\\u00e9rcoles como el Pueblo Ejemplar de Asturias 2016 por haber articulado los vecinos, en las \\u00faltimas tres d\\u00e9cadas, un plan colectivo que combina equilibradamente tradici\\u00f3n y modernidad, \\\"aunando la conservaci\\u00f3n de la naturaleza y el patrimonio cultural con el desarrollo econ\\u00f3mico basado en la ganader\\u00eda y\",\"inLanguage\":\"es-ES\",\"isPartOf\":{\"@id\":\"https:\\\/\\\/www.eldigitaldeasturias.com\\\/noticias\\\/#website\"},\"breadcrumb\":{\"@id\":\"https:\\\/\\\/www.eldigitaldeasturias.com\\\/noticias\\\/la-comarca-de-los-oscos-pueblo-ejemplar-de-asturias-2016\\\/#breadcrumblist\"},\"author\":{\"@id\":\"https:\\\/\\\/www.eldigitaldeasturias.com\\\/noticias\\\/author\\\/admin\\\/#author\"},\"creator\":{\"@id\":\"https:\\\/\\\/www.eldigitaldeasturias.com\\\/noticias\\\/author\\\/admin\\\/#author\"},\"image\":{\"@type\":\"ImageObject\",\"url\":\"https:\\\/\\\/www.eldigitaldeasturias.com\\\/noticias\\\/wp-content\\\/uploads\\\/2016\\\/09\\\/oscos.jpg\",\"@id\":\"https:\\\/\\\/www.eldigitaldeasturias.com\\\/noticias\\\/la-comarca-de-los-oscos-pueblo-ejemplar-de-asturias-2016\\\/#mainImage\",\"width\":748,\"height\":432},\"primaryImageOfPage\":{\"@id\":\"https:\\\/\\\/www.eldigitaldeasturias.com\\\/noticias\\\/la-comarca-de-los-oscos-pueblo-ejemplar-de-asturias-2016\\\/#mainImage\"},\"datePublished\":\"2016-09-07T14:44:05+02:00\",\"dateModified\":\"2016-09-07T14:44:05+02:00\"},{\"@type\":\"WebSite\",\"@id\":\"https:\\\/\\\/www.eldigitaldeasturias.com\\\/noticias\\\/#website\",\"url\":\"https:\\\/\\\/www.eldigitaldeasturias.com\\\/noticias\\\/\",\"name\":\"El Digital de Asturias - Diario de actualidad y noticias\",\"alternateName\":\"El Digital de Asturias - Diario de actualidad y noticias\",\"description\":\"Hemeroteca\",\"inLanguage\":\"es-ES\",\"publisher\":{\"@id\":\"https:\\\/\\\/www.eldigitaldeasturias.com\\\/noticias\\\/#organization\"}}]}\n\t\t<\/script>\n\t\t<!-- All in One SEO Pro -->\r\n\t\t<title>La comarca de Los Oscos, Pueblo Ejemplar de Asturias 2016 - El Digital de Asturias<\/title>\n\n","aioseo_head_json":{"title":"La comarca de Los Oscos, Pueblo Ejemplar de Asturias 2016 - El Digital de Asturias","description":"La comarca de Los Oscos ha sido seleccionada este mi\u00e9rcoles como el Pueblo Ejemplar de Asturias 2016 por haber articulado los vecinos, en las \u00faltimas tres d\u00e9cadas, un plan colectivo que combina equilibradamente tradici\u00f3n y modernidad, \"aunando la conservaci\u00f3n de la naturaleza y el patrimonio cultural con el desarrollo econ\u00f3mico basado en la ganader\u00eda y","canonical_url":"https:\/\/www.eldigitaldeasturias.com\/noticias\/la-comarca-de-los-oscos-pueblo-ejemplar-de-asturias-2016\/","robots":"max-image-preview:large","keywords":"actualidad asturias","webmasterTools":{"google-site-verification":"UA-38556648-1","msvalidate.01":"7dfe9f3f1b24437ab69f4f2559babe99","miscellaneous":""},"schema":{"@context":"https:\/\/schema.org","@graph":[{"@type":"BlogPosting","@id":"https:\/\/www.eldigitaldeasturias.com\/noticias\/la-comarca-de-los-oscos-pueblo-ejemplar-de-asturias-2016\/#blogposting","name":"La comarca de Los Oscos, Pueblo Ejemplar de Asturias 2016 - El Digital de Asturias","headline":"La comarca de Los Oscos, Pueblo Ejemplar de Asturias 2016","author":{"@id":"https:\/\/www.eldigitaldeasturias.com\/noticias\/author\/admin\/#author"},"publisher":{"@id":"https:\/\/www.eldigitaldeasturias.com\/noticias\/#organization"},"image":{"@type":"ImageObject","url":"https:\/\/www.eldigitaldeasturias.com\/noticias\/wp-content\/uploads\/2016\/09\/oscos.jpg","width":748,"height":432},"datePublished":"2016-09-07T14:44:05+02:00","dateModified":"2016-09-07T14:44:05+02:00","inLanguage":"es-ES","mainEntityOfPage":{"@id":"https:\/\/www.eldigitaldeasturias.com\/noticias\/la-comarca-de-los-oscos-pueblo-ejemplar-de-asturias-2016\/#webpage"},"isPartOf":{"@id":"https:\/\/www.eldigitaldeasturias.com\/noticias\/la-comarca-de-los-oscos-pueblo-ejemplar-de-asturias-2016\/#webpage"},"articleSection":"Actualidad Asturias"},{"@type":"BreadcrumbList","@id":"https:\/\/www.eldigitaldeasturias.com\/noticias\/la-comarca-de-los-oscos-pueblo-ejemplar-de-asturias-2016\/#breadcrumblist","itemListElement":[{"@type":"ListItem","@id":"https:\/\/www.eldigitaldeasturias.com\/noticias#listItem","position":1,"name":"Home","item":"https:\/\/www.eldigitaldeasturias.com\/noticias","nextItem":{"@type":"ListItem","@id":"https:\/\/www.eldigitaldeasturias.com\/noticias\/category\/actualidad-asturias\/#listItem","name":"Actualidad Asturias"}},{"@type":"ListItem","@id":"https:\/\/www.eldigitaldeasturias.com\/noticias\/category\/actualidad-asturias\/#listItem","position":2,"name":"Actualidad Asturias","item":"https:\/\/www.eldigitaldeasturias.com\/noticias\/category\/actualidad-asturias\/","nextItem":{"@type":"ListItem","@id":"https:\/\/www.eldigitaldeasturias.com\/noticias\/la-comarca-de-los-oscos-pueblo-ejemplar-de-asturias-2016\/#listItem","name":"La comarca de Los Oscos, Pueblo Ejemplar de Asturias 2016"},"previousItem":{"@type":"ListItem","@id":"https:\/\/www.eldigitaldeasturias.com\/noticias#listItem","name":"Home"}},{"@type":"ListItem","@id":"https:\/\/www.eldigitaldeasturias.com\/noticias\/la-comarca-de-los-oscos-pueblo-ejemplar-de-asturias-2016\/#listItem","position":3,"name":"La comarca de Los Oscos, Pueblo Ejemplar de Asturias 2016","previousItem":{"@type":"ListItem","@id":"https:\/\/www.eldigitaldeasturias.com\/noticias\/category\/actualidad-asturias\/#listItem","name":"Actualidad Asturias"}}]},{"@type":"Organization","@id":"https:\/\/www.eldigitaldeasturias.com\/noticias\/#organization","name":"El Digital de Asturias","description":"Hemeroteca","url":"https:\/\/www.eldigitaldeasturias.com\/noticias\/","email":"info@eldigitaldeasturias.com","telephone":"+34652131393","logo":{"@type":"ImageObject","url":"https:\/\/www.eldigitaldeasturias.com\/noticias\/wp-content\/uploads\/2020\/12\/EDA.jpg","@id":"https:\/\/www.eldigitaldeasturias.com\/noticias\/la-comarca-de-los-oscos-pueblo-ejemplar-de-asturias-2016\/#organizationLogo","width":649,"height":297},"image":{"@id":"https:\/\/www.eldigitaldeasturias.com\/noticias\/la-comarca-de-los-oscos-pueblo-ejemplar-de-asturias-2016\/#organizationLogo"},"sameAs":["https:\/\/facebook.com\/eldigitaldeasturias","https:\/\/www.youtube.com\/channel\/UCZP-2wLEB9Rv6erhFmqVnvg"],"address":{"@id":"https:\/\/www.eldigitaldeasturias.com\/noticias\/#postaladdress","@type":"PostalAddress","streetAddress":"san antonio 4,","postalCode":"33430","addressLocality":"Cand\u00e1s","addressRegion":"Asturias","addressCountry":"ES"}},{"@type":"Person","@id":"https:\/\/www.eldigitaldeasturias.com\/noticias\/author\/admin\/#author","url":"https:\/\/www.eldigitaldeasturias.com\/noticias\/author\/admin\/","name":"El Digital de Asturias","image":{"@type":"ImageObject","@id":"https:\/\/www.eldigitaldeasturias.com\/noticias\/la-comarca-de-los-oscos-pueblo-ejemplar-de-asturias-2016\/#authorImage","url":"https:\/\/www.eldigitaldeasturias.com\/noticias\/wp-content\/litespeed\/avatar\/18677e78aa0546b92d9dbf31ec7d7668.jpg?ver=1777290358","width":96,"height":96,"caption":"El Digital de Asturias"}},{"@type":"WebPage","@id":"https:\/\/www.eldigitaldeasturias.com\/noticias\/la-comarca-de-los-oscos-pueblo-ejemplar-de-asturias-2016\/#webpage","url":"https:\/\/www.eldigitaldeasturias.com\/noticias\/la-comarca-de-los-oscos-pueblo-ejemplar-de-asturias-2016\/","name":"La comarca de Los Oscos, Pueblo Ejemplar de Asturias 2016 - El Digital de Asturias","description":"La comarca de Los Oscos ha sido seleccionada este mi\u00e9rcoles como el Pueblo Ejemplar de Asturias 2016 por haber articulado los vecinos, en las \u00faltimas tres d\u00e9cadas, un plan colectivo que combina equilibradamente tradici\u00f3n y modernidad, \"aunando la conservaci\u00f3n de la naturaleza y el patrimonio cultural con el desarrollo econ\u00f3mico basado en la ganader\u00eda y","inLanguage":"es-ES","isPartOf":{"@id":"https:\/\/www.eldigitaldeasturias.com\/noticias\/#website"},"breadcrumb":{"@id":"https:\/\/www.eldigitaldeasturias.com\/noticias\/la-comarca-de-los-oscos-pueblo-ejemplar-de-asturias-2016\/#breadcrumblist"},"author":{"@id":"https:\/\/www.eldigitaldeasturias.com\/noticias\/author\/admin\/#author"},"creator":{"@id":"https:\/\/www.eldigitaldeasturias.com\/noticias\/author\/admin\/#author"},"image":{"@type":"ImageObject","url":"https:\/\/www.eldigitaldeasturias.com\/noticias\/wp-content\/uploads\/2016\/09\/oscos.jpg","@id":"https:\/\/www.eldigitaldeasturias.com\/noticias\/la-comarca-de-los-oscos-pueblo-ejemplar-de-asturias-2016\/#mainImage","width":748,"height":432},"primaryImageOfPage":{"@id":"https:\/\/www.eldigitaldeasturias.com\/noticias\/la-comarca-de-los-oscos-pueblo-ejemplar-de-asturias-2016\/#mainImage"},"datePublished":"2016-09-07T14:44:05+02:00","dateModified":"2016-09-07T14:44:05+02:00"},{"@type":"WebSite","@id":"https:\/\/www.eldigitaldeasturias.com\/noticias\/#website","url":"https:\/\/www.eldigitaldeasturias.com\/noticias\/","name":"El Digital de Asturias - Diario de actualidad y noticias","alternateName":"El Digital de Asturias - Diario de actualidad y noticias","description":"Hemeroteca","inLanguage":"es-ES","publisher":{"@id":"https:\/\/www.eldigitaldeasturias.com\/noticias\/#organization"}}]},"og:locale":"es_ES","og:site_name":"El Digital de Asturias","og:type":"article","og:title":"La comarca de Los Oscos, Pueblo Ejemplar de Asturias 2016 - El Digital de Asturias","og:description":"La comarca de Los Oscos ha sido seleccionada este mi\u00e9rcoles como el Pueblo Ejemplar de Asturias 2016 por haber articulado los vecinos, en las \u00faltimas tres d\u00e9cadas, un plan colectivo que combina equilibradamente tradici\u00f3n y modernidad, &quot;aunando la conservaci\u00f3n de la naturaleza y el patrimonio cultural con el desarrollo econ\u00f3mico basado en la ganader\u00eda y","og:url":"https:\/\/www.eldigitaldeasturias.com\/noticias\/la-comarca-de-los-oscos-pueblo-ejemplar-de-asturias-2016\/","og:image":"https:\/\/www.eldigitaldeasturias.com\/noticias\/wp-content\/uploads\/2016\/09\/oscos.jpg","og:image:secure_url":"https:\/\/www.eldigitaldeasturias.com\/noticias\/wp-content\/uploads\/2016\/09\/oscos.jpg","og:image:width":748,"og:image:height":432,"article:tag":["actualidad asturias"],"article:published_time":"2016-09-07T13:44:05+00:00","article:modified_time":"2016-09-07T13:44:05+00:00","article:publisher":"https:\/\/facebook.com\/eldigitaldeasturias","twitter:card":"summary_large_image","twitter:title":"La comarca de Los Oscos, Pueblo Ejemplar de Asturias 2016 - El Digital de Asturias","twitter:description":"La comarca de Los Oscos ha sido seleccionada este mi\u00e9rcoles como el Pueblo Ejemplar de Asturias 2016 por haber articulado los vecinos, en las \u00faltimas tres d\u00e9cadas, un plan colectivo que combina equilibradamente tradici\u00f3n y modernidad, &quot;aunando la conservaci\u00f3n de la naturaleza y el patrimonio cultural con el desarrollo econ\u00f3mico basado en la ganader\u00eda y","twitter:image":"https:\/\/www.eldigitaldeasturias.com\/noticias\/wp-content\/uploads\/2016\/09\/oscos.jpg","twitter:label1":"Escrito por","twitter:data1":"El Digital de Asturias","twitter:label2":"Tiempo de lectura estimado","twitter:data2":"4 minutos"},"aioseo_meta_data":{"post_id":"906287","title":null,"description":null,"keywords":null,"keyphrases":null,"primary_term":null,"canonical_url":null,"og_title":null,"og_description":null,"og_object_type":"default","og_image_type":"default","og_image_url":null,"og_image_width":null,"og_image_height":null,"og_image_custom_url":null,"og_image_custom_fields":null,"og_video":null,"og_custom_url":null,"og_article_section":null,"og_article_tags":null,"twitter_use_og":false,"twitter_card":"default","twitter_image_type":"default","twitter_image_url":null,"twitter_image_custom_url":null,"twitter_image_custom_fields":null,"twitter_title":null,"twitter_description":null,"schema":{"blockGraphs":[],"customGraphs":[],"default":{"data":{"Article":[],"Course":[],"Dataset":[],"FAQPage":[],"Movie":[],"Person":[],"Product":[],"ProductReview":[],"Car":[],"Recipe":[],"Service":[],"SoftwareApplication":[],"WebPage":[]},"graphName":"","isEnabled":true},"graphs":[],"defaultGraph":"","defaultPostTypeGraph":""},"schema_type":null,"schema_type_options":null,"pillar_content":false,"robots_default":true,"robots_noindex":false,"robots_noarchive":false,"robots_nosnippet":false,"robots_nofollow":false,"robots_noimageindex":false,"robots_noodp":false,"robots_notranslate":false,"robots_max_snippet":null,"robots_max_videopreview":null,"robots_max_imagepreview":"large","priority":null,"frequency":null,"local_seo":null,"seo_analyzer_scan_date":"2025-11-30 08:31:18","breadcrumb_settings":null,"limit_modified_date":false,"open_ai":null,"ai":null,"created":"2020-12-21 12:47:15","updated":"2025-11-30 08:31:18"},"aioseo_breadcrumb":"<div class=\"aioseo-breadcrumbs\"><span class=\"aioseo-breadcrumb\">\n\t<a href=\"https:\/\/www.eldigitaldeasturias.com\/noticias\" title=\"Home\">Home<\/a>\n<\/span><span class=\"aioseo-breadcrumb-separator\">\u2013<\/span><span class=\"aioseo-breadcrumb\">\n\t<a href=\"https:\/\/www.eldigitaldeasturias.com\/noticias\/category\/actualidad-asturias\/\" title=\"Actualidad Asturias\">Actualidad Asturias<\/a>\n<\/span><span class=\"aioseo-breadcrumb-separator\">\u2013<\/span><span class=\"aioseo-breadcrumb\">\n\t<a href=\"https:\/\/www.eldigitaldeasturias.com\/noticias\/la-comarca-de-los-oscos-pueblo-ejemplar-de-asturias-2016\/\" title=\"La comarca de Los Oscos, Pueblo Ejemplar de Asturias 2016\">La comarca de Los Oscos, Pueblo Ejemplar de Asturias 2016<\/a>\n<\/span><\/div>","aioseo_breadcrumb_json":[{"label":"Home","link":"https:\/\/www.eldigitaldeasturias.com\/noticias"},{"label":"Actualidad Asturias","link":"https:\/\/www.eldigitaldeasturias.com\/noticias\/category\/actualidad-asturias\/"},{"label":"La comarca de Los Oscos, Pueblo Ejemplar de Asturias 2016","link":"https:\/\/www.eldigitaldeasturias.com\/noticias\/la-comarca-de-los-oscos-pueblo-ejemplar-de-asturias-2016\/"}],"_links":{"self":[{"href":"https:\/\/www.eldigitaldeasturias.com\/noticias\/wp-json\/wp\/v2\/posts\/906287","targetHints":{"allow":["GET"]}}],"collection":[{"href":"https:\/\/www.eldigitaldeasturias.com\/noticias\/wp-json\/wp\/v2\/posts"}],"about":[{"href":"https:\/\/www.eldigitaldeasturias.com\/noticias\/wp-json\/wp\/v2\/types\/post"}],"author":[{"embeddable":true,"href":"https:\/\/www.eldigitaldeasturias.com\/noticias\/wp-json\/wp\/v2\/users\/1"}],"replies":[{"embeddable":true,"href":"https:\/\/www.eldigitaldeasturias.com\/noticias\/wp-json\/wp\/v2\/comments?post=906287"}],"version-history":[{"count":0,"href":"https:\/\/www.eldigitaldeasturias.com\/noticias\/wp-json\/wp\/v2\/posts\/906287\/revisions"}],"wp:featuredmedia":[{"embeddable":true,"href":"https:\/\/www.eldigitaldeasturias.com\/noticias\/wp-json\/wp\/v2\/media\/906288"}],"wp:attachment":[{"href":"https:\/\/www.eldigitaldeasturias.com\/noticias\/wp-json\/wp\/v2\/media?parent=906287"}],"wp:term":[{"taxonomy":"category","embeddable":true,"href":"https:\/\/www.eldigitaldeasturias.com\/noticias\/wp-json\/wp\/v2\/categories?post=906287"},{"taxonomy":"post_tag","embeddable":true,"href":"https:\/\/www.eldigitaldeasturias.com\/noticias\/wp-json\/wp\/v2\/tags?post=906287"}],"curies":[{"name":"wp","href":"https:\/\/api.w.org\/{rel}","templated":true}]}}