{"id":906274,"date":"2016-09-07T13:37:19","date_gmt":"2016-09-07T12:37:19","guid":{"rendered":"http:\/\/www.eldigitaldeasturias.com\/noticias\/?p=906274"},"modified":"2016-09-07T13:37:19","modified_gmt":"2016-09-07T12:37:19","slug":"cesar-gonzalez-foro-no-tiene-ni-proyecto-ni-partida-presupuestaria-ni-calendario","status":"publish","type":"post","link":"https:\/\/www.eldigitaldeasturias.com\/noticias\/cesar-gonzalez-foro-no-tiene-ni-proyecto-ni-partida-presupuestaria-ni-calendario\/","title":{"rendered":"C\u00e9sar Gonz\u00e1lez: \u201cForo no tiene ni proyecto, ni partida presupuestaria ni calendario\u201d"},"content":{"rendered":"<p><img loading=\"lazy\" decoding=\"async\" class=\"alignleft size-medium wp-image-906275\" src=\"https:\/\/www.eldigitaldeasturias.com\/noticias\/wp-content\/uploads\/2016\/09\/fotonoticia_20160907123847_800-240x320.jpg\" alt=\"fotonoticia_20160907123847_800\" width=\"240\" height=\"320\" srcset=\"https:\/\/www.eldigitaldeasturias.com\/noticias\/wp-content\/uploads\/2016\/09\/fotonoticia_20160907123847_800-240x320.jpg 240w, https:\/\/www.eldigitaldeasturias.com\/noticias\/wp-content\/uploads\/2016\/09\/fotonoticia_20160907123847_800-768x1024.jpg 768w, https:\/\/www.eldigitaldeasturias.com\/noticias\/wp-content\/uploads\/2016\/09\/fotonoticia_20160907123847_800-487x650.jpg 487w, https:\/\/www.eldigitaldeasturias.com\/noticias\/wp-content\/uploads\/2016\/09\/fotonoticia_20160907123847_800.jpg 800w\" sizes=\"auto, (max-width: 240px) 100vw, 240px\" \/>El concejal del PSOE en el Ayuntamiento de Gij\u00f3n C\u00e9sar Gonz\u00e1lez ha criticado este mi\u00e9rcoles que el Gobierno local no tiene \u00abni proyecto, ni partida presupuestaria ni calendario\u00bb para la reparaci\u00f3n del emisario de Pe\u00f1arrubia. Incluso ha indicado que no est\u00e1 garantizado que sea Tragsa quien realice la redacci\u00f3n del proyecto aunque s\u00ed se prev\u00e9 que lo ejecute.<\/p>\n<p>As\u00ed lo ha indicado, en rueda de prensa en el Consistorio posterior a la Comisi\u00f3n de Medio Ambiente. Gonz\u00e1lez ha lamentado la ausencia de la alcaldesa en la citada Comisi\u00f3n, as\u00ed como de la directora de este \u00e1rea, para que ofreciera informaci\u00f3n acerca de la mancha aparecida en el mar a la altura de Pe\u00f1arrubia el pasado domingo y que llev\u00f3 a cerrar la playa de la \u00d1ora.<\/p>\n<p>Para \u00e9l, el hecho de que hayan aparecido esas algas rojas, composici\u00f3n en gran parte de la mancha, puede tener relaci\u00f3n con las aguas sin depurar que se vierten en esa zona. Unas manchas que, seg\u00fan Foro, se est\u00e1n diluyendo y de las que no queda apenas ni rastro.<\/p>\n<p>Unido a ello, ha instado al Gobierno local a ser m\u00e1s activo y unirse al Principado en reclamar al Ministerio de Medio Ambiente una soluci\u00f3n al problema de la depuraci\u00f3n de las aguas, tras la anulaci\u00f3n judicial de la estaci\u00f3n depuradora de la zona Este. No le vale al edil, seg\u00fan \u00e9l, lo dicho por el concejal de Foro Esteban Aparicio de que al haber un Gobierno en funciones no tiene mucho sentido ir a reclamar nada.<\/p>\n<p>&nbsp;<\/p>\n","protected":false},"excerpt":{"rendered":"<p>El concejal del PSOE en el Ayuntamiento de Gij\u00f3n C\u00e9sar Gonz\u00e1lez ha criticado este mi\u00e9rcoles que el Gobierno local no tiene \u00abni proyecto, ni partida presupuestaria ni calendario\u00bb para la reparaci\u00f3n del emisario de Pe\u00f1arrubia. Incluso ha indicado que no est\u00e1 garantizado que sea Tragsa quien realice la redacci\u00f3n del proyecto aunque s\u00ed se prev\u00e9 [&hellip;]<\/p>\n","protected":false},"author":1,"featured_media":906275,"comment_status":"closed","ping_status":"closed","sticky":false,"template":"","format":"standard","meta":{"footnotes":""},"categories":[12],"tags":[],"class_list":["post-906274","post","type-post","status-publish","format-standard","has-post-thumbnail","hentry","category-actualidad-asturias"],"aioseo_notices":[],"aioseo_head":"\n\t\t<!-- All in One SEO Pro 4.9.6.2 - aioseo.com -->\n\t<meta name=\"description\" content=\"El concejal del PSOE en el Ayuntamiento de Gij\u00f3n C\u00e9sar Gonz\u00e1lez ha criticado este mi\u00e9rcoles que el Gobierno local no tiene &quot;ni proyecto, ni partida presupuestaria ni calendario&quot; para la reparaci\u00f3n del emisario de Pe\u00f1arrubia. Incluso ha indicado que no est\u00e1 garantizado que sea Tragsa quien realice la redacci\u00f3n del proyecto aunque s\u00ed se prev\u00e9\" \/>\n\t<meta name=\"robots\" content=\"max-image-preview:large\" \/>\n\t<meta name=\"author\" content=\"El Digital de Asturias\"\/>\n\t<meta name=\"google-site-verification\" content=\"UA-38556648-1\" \/>\n\t<meta name=\"msvalidate.01\" content=\"7dfe9f3f1b24437ab69f4f2559babe99\" \/>\n\t<meta name=\"keywords\" content=\"actualidad asturias\" \/>\n\t<link rel=\"canonical\" href=\"https:\/\/www.eldigitaldeasturias.com\/noticias\/cesar-gonzalez-foro-no-tiene-ni-proyecto-ni-partida-presupuestaria-ni-calendario\/\" \/>\n\t<meta name=\"generator\" content=\"All in One SEO Pro (AIOSEO) 4.9.6.2\" \/>\n\t\t<meta property=\"og:locale\" content=\"es_ES\" \/>\n\t\t<meta property=\"og:site_name\" content=\"El Digital de Asturias\" \/>\n\t\t<meta property=\"og:type\" content=\"article\" \/>\n\t\t<meta property=\"og:title\" content=\"C\u00e9sar Gonz\u00e1lez: \u201cForo no tiene ni proyecto, ni partida presupuestaria ni calendario\u201d - El Digital de Asturias\" \/>\n\t\t<meta property=\"og:description\" content=\"El concejal del PSOE en el Ayuntamiento de Gij\u00f3n C\u00e9sar Gonz\u00e1lez ha criticado este mi\u00e9rcoles que el Gobierno local no tiene &quot;ni proyecto, ni partida presupuestaria ni calendario&quot; para la reparaci\u00f3n del emisario de Pe\u00f1arrubia. Incluso ha indicado que no est\u00e1 garantizado que sea Tragsa quien realice la redacci\u00f3n del proyecto aunque s\u00ed se prev\u00e9\" \/>\n\t\t<meta property=\"og:url\" content=\"https:\/\/www.eldigitaldeasturias.com\/noticias\/cesar-gonzalez-foro-no-tiene-ni-proyecto-ni-partida-presupuestaria-ni-calendario\/\" \/>\n\t\t<meta property=\"og:image\" content=\"https:\/\/www.eldigitaldeasturias.com\/noticias\/wp-content\/uploads\/2016\/09\/fotonoticia_20160907123847_800.jpg\" \/>\n\t\t<meta property=\"og:image:secure_url\" content=\"https:\/\/www.eldigitaldeasturias.com\/noticias\/wp-content\/uploads\/2016\/09\/fotonoticia_20160907123847_800.jpg\" \/>\n\t\t<meta property=\"og:image:width\" content=\"800\" \/>\n\t\t<meta property=\"og:image:height\" content=\"1067\" \/>\n\t\t<meta property=\"article:tag\" content=\"actualidad asturias\" \/>\n\t\t<meta property=\"article:published_time\" content=\"2016-09-07T12:37:19+00:00\" \/>\n\t\t<meta property=\"article:modified_time\" content=\"2016-09-07T12:37:19+00:00\" \/>\n\t\t<meta property=\"article:publisher\" content=\"https:\/\/facebook.com\/eldigitaldeasturias\" \/>\n\t\t<meta name=\"twitter:card\" content=\"summary_large_image\" \/>\n\t\t<meta name=\"twitter:title\" content=\"C\u00e9sar Gonz\u00e1lez: \u201cForo no tiene ni proyecto, ni partida presupuestaria ni calendario\u201d - El Digital de Asturias\" \/>\n\t\t<meta name=\"twitter:description\" content=\"El concejal del PSOE en el Ayuntamiento de Gij\u00f3n C\u00e9sar Gonz\u00e1lez ha criticado este mi\u00e9rcoles que el Gobierno local no tiene &quot;ni proyecto, ni partida presupuestaria ni calendario&quot; para la reparaci\u00f3n del emisario de Pe\u00f1arrubia. Incluso ha indicado que no est\u00e1 garantizado que sea Tragsa quien realice la redacci\u00f3n del proyecto aunque s\u00ed se prev\u00e9\" \/>\n\t\t<meta name=\"twitter:image\" content=\"https:\/\/www.eldigitaldeasturias.com\/noticias\/wp-content\/uploads\/2016\/09\/fotonoticia_20160907123847_800.jpg\" \/>\n\t\t<meta name=\"twitter:label1\" content=\"Escrito por\" \/>\n\t\t<meta name=\"twitter:data1\" content=\"El Digital de Asturias\" \/>\n\t\t<meta name=\"twitter:label2\" content=\"Tiempo de lectura estimado\" \/>\n\t\t<meta name=\"twitter:data2\" content=\"1 minuto\" \/>\n\t\t<script type=\"application\/ld+json\" class=\"aioseo-schema\">\n\t\t\t{\"@context\":\"https:\\\/\\\/schema.org\",\"@graph\":[{\"@type\":\"BlogPosting\",\"@id\":\"https:\\\/\\\/www.eldigitaldeasturias.com\\\/noticias\\\/cesar-gonzalez-foro-no-tiene-ni-proyecto-ni-partida-presupuestaria-ni-calendario\\\/#blogposting\",\"name\":\"C\\u00e9sar Gonz\\u00e1lez: \\u201cForo no tiene ni proyecto, ni partida presupuestaria ni calendario\\u201d - El Digital de Asturias\",\"headline\":\"C\\u00e9sar Gonz\\u00e1lez: \\u201cForo no tiene ni proyecto, ni partida presupuestaria ni calendario\\u201d\",\"author\":{\"@id\":\"https:\\\/\\\/www.eldigitaldeasturias.com\\\/noticias\\\/author\\\/admin\\\/#author\"},\"publisher\":{\"@id\":\"https:\\\/\\\/www.eldigitaldeasturias.com\\\/noticias\\\/#organization\"},\"image\":{\"@type\":\"ImageObject\",\"url\":\"https:\\\/\\\/www.eldigitaldeasturias.com\\\/noticias\\\/wp-content\\\/uploads\\\/2016\\\/09\\\/fotonoticia_20160907123847_800.jpg\",\"width\":800,\"height\":1067},\"datePublished\":\"2016-09-07T13:37:19+02:00\",\"dateModified\":\"2016-09-07T13:37:19+02:00\",\"inLanguage\":\"es-ES\",\"mainEntityOfPage\":{\"@id\":\"https:\\\/\\\/www.eldigitaldeasturias.com\\\/noticias\\\/cesar-gonzalez-foro-no-tiene-ni-proyecto-ni-partida-presupuestaria-ni-calendario\\\/#webpage\"},\"isPartOf\":{\"@id\":\"https:\\\/\\\/www.eldigitaldeasturias.com\\\/noticias\\\/cesar-gonzalez-foro-no-tiene-ni-proyecto-ni-partida-presupuestaria-ni-calendario\\\/#webpage\"},\"articleSection\":\"Actualidad Asturias\"},{\"@type\":\"BreadcrumbList\",\"@id\":\"https:\\\/\\\/www.eldigitaldeasturias.com\\\/noticias\\\/cesar-gonzalez-foro-no-tiene-ni-proyecto-ni-partida-presupuestaria-ni-calendario\\\/#breadcrumblist\",\"itemListElement\":[{\"@type\":\"ListItem\",\"@id\":\"https:\\\/\\\/www.eldigitaldeasturias.com\\\/noticias#listItem\",\"position\":1,\"name\":\"Home\",\"item\":\"https:\\\/\\\/www.eldigitaldeasturias.com\\\/noticias\",\"nextItem\":{\"@type\":\"ListItem\",\"@id\":\"https:\\\/\\\/www.eldigitaldeasturias.com\\\/noticias\\\/category\\\/actualidad-asturias\\\/#listItem\",\"name\":\"Actualidad Asturias\"}},{\"@type\":\"ListItem\",\"@id\":\"https:\\\/\\\/www.eldigitaldeasturias.com\\\/noticias\\\/category\\\/actualidad-asturias\\\/#listItem\",\"position\":2,\"name\":\"Actualidad Asturias\",\"item\":\"https:\\\/\\\/www.eldigitaldeasturias.com\\\/noticias\\\/category\\\/actualidad-asturias\\\/\",\"nextItem\":{\"@type\":\"ListItem\",\"@id\":\"https:\\\/\\\/www.eldigitaldeasturias.com\\\/noticias\\\/cesar-gonzalez-foro-no-tiene-ni-proyecto-ni-partida-presupuestaria-ni-calendario\\\/#listItem\",\"name\":\"C\\u00e9sar Gonz\\u00e1lez: \\u201cForo no tiene ni proyecto, ni partida presupuestaria ni calendario\\u201d\"},\"previousItem\":{\"@type\":\"ListItem\",\"@id\":\"https:\\\/\\\/www.eldigitaldeasturias.com\\\/noticias#listItem\",\"name\":\"Home\"}},{\"@type\":\"ListItem\",\"@id\":\"https:\\\/\\\/www.eldigitaldeasturias.com\\\/noticias\\\/cesar-gonzalez-foro-no-tiene-ni-proyecto-ni-partida-presupuestaria-ni-calendario\\\/#listItem\",\"position\":3,\"name\":\"C\\u00e9sar Gonz\\u00e1lez: \\u201cForo no tiene ni proyecto, ni partida presupuestaria ni calendario\\u201d\",\"previousItem\":{\"@type\":\"ListItem\",\"@id\":\"https:\\\/\\\/www.eldigitaldeasturias.com\\\/noticias\\\/category\\\/actualidad-asturias\\\/#listItem\",\"name\":\"Actualidad Asturias\"}}]},{\"@type\":\"Organization\",\"@id\":\"https:\\\/\\\/www.eldigitaldeasturias.com\\\/noticias\\\/#organization\",\"name\":\"El Digital de Asturias\",\"description\":\"Hemeroteca\",\"url\":\"https:\\\/\\\/www.eldigitaldeasturias.com\\\/noticias\\\/\",\"email\":\"info@eldigitaldeasturias.com\",\"telephone\":\"+34652131393\",\"logo\":{\"@type\":\"ImageObject\",\"url\":\"https:\\\/\\\/www.eldigitaldeasturias.com\\\/noticias\\\/wp-content\\\/uploads\\\/2020\\\/12\\\/EDA.jpg\",\"@id\":\"https:\\\/\\\/www.eldigitaldeasturias.com\\\/noticias\\\/cesar-gonzalez-foro-no-tiene-ni-proyecto-ni-partida-presupuestaria-ni-calendario\\\/#organizationLogo\",\"width\":649,\"height\":297},\"image\":{\"@id\":\"https:\\\/\\\/www.eldigitaldeasturias.com\\\/noticias\\\/cesar-gonzalez-foro-no-tiene-ni-proyecto-ni-partida-presupuestaria-ni-calendario\\\/#organizationLogo\"},\"sameAs\":[\"https:\\\/\\\/facebook.com\\\/eldigitaldeasturias\",\"https:\\\/\\\/www.youtube.com\\\/channel\\\/UCZP-2wLEB9Rv6erhFmqVnvg\"],\"address\":{\"@id\":\"https:\\\/\\\/www.eldigitaldeasturias.com\\\/noticias\\\/#postaladdress\",\"@type\":\"PostalAddress\",\"streetAddress\":\"san antonio 4,\",\"postalCode\":\"33430\",\"addressLocality\":\"Cand\\u00e1s\",\"addressRegion\":\"Asturias\",\"addressCountry\":\"ES\"}},{\"@type\":\"Person\",\"@id\":\"https:\\\/\\\/www.eldigitaldeasturias.com\\\/noticias\\\/author\\\/admin\\\/#author\",\"url\":\"https:\\\/\\\/www.eldigitaldeasturias.com\\\/noticias\\\/author\\\/admin\\\/\",\"name\":\"El Digital de Asturias\",\"image\":{\"@type\":\"ImageObject\",\"@id\":\"https:\\\/\\\/www.eldigitaldeasturias.com\\\/noticias\\\/cesar-gonzalez-foro-no-tiene-ni-proyecto-ni-partida-presupuestaria-ni-calendario\\\/#authorImage\",\"url\":\"https:\\\/\\\/www.eldigitaldeasturias.com\\\/noticias\\\/wp-content\\\/litespeed\\\/avatar\\\/18677e78aa0546b92d9dbf31ec7d7668.jpg?ver=1777290358\",\"width\":96,\"height\":96,\"caption\":\"El Digital de Asturias\"}},{\"@type\":\"WebPage\",\"@id\":\"https:\\\/\\\/www.eldigitaldeasturias.com\\\/noticias\\\/cesar-gonzalez-foro-no-tiene-ni-proyecto-ni-partida-presupuestaria-ni-calendario\\\/#webpage\",\"url\":\"https:\\\/\\\/www.eldigitaldeasturias.com\\\/noticias\\\/cesar-gonzalez-foro-no-tiene-ni-proyecto-ni-partida-presupuestaria-ni-calendario\\\/\",\"name\":\"C\\u00e9sar Gonz\\u00e1lez: \\u201cForo no tiene ni proyecto, ni partida presupuestaria ni calendario\\u201d - El Digital de Asturias\",\"description\":\"El concejal del PSOE en el Ayuntamiento de Gij\\u00f3n C\\u00e9sar Gonz\\u00e1lez ha criticado este mi\\u00e9rcoles que el Gobierno local no tiene \\\"ni proyecto, ni partida presupuestaria ni calendario\\\" para la reparaci\\u00f3n del emisario de Pe\\u00f1arrubia. Incluso ha indicado que no est\\u00e1 garantizado que sea Tragsa quien realice la redacci\\u00f3n del proyecto aunque s\\u00ed se prev\\u00e9\",\"inLanguage\":\"es-ES\",\"isPartOf\":{\"@id\":\"https:\\\/\\\/www.eldigitaldeasturias.com\\\/noticias\\\/#website\"},\"breadcrumb\":{\"@id\":\"https:\\\/\\\/www.eldigitaldeasturias.com\\\/noticias\\\/cesar-gonzalez-foro-no-tiene-ni-proyecto-ni-partida-presupuestaria-ni-calendario\\\/#breadcrumblist\"},\"author\":{\"@id\":\"https:\\\/\\\/www.eldigitaldeasturias.com\\\/noticias\\\/author\\\/admin\\\/#author\"},\"creator\":{\"@id\":\"https:\\\/\\\/www.eldigitaldeasturias.com\\\/noticias\\\/author\\\/admin\\\/#author\"},\"image\":{\"@type\":\"ImageObject\",\"url\":\"https:\\\/\\\/www.eldigitaldeasturias.com\\\/noticias\\\/wp-content\\\/uploads\\\/2016\\\/09\\\/fotonoticia_20160907123847_800.jpg\",\"@id\":\"https:\\\/\\\/www.eldigitaldeasturias.com\\\/noticias\\\/cesar-gonzalez-foro-no-tiene-ni-proyecto-ni-partida-presupuestaria-ni-calendario\\\/#mainImage\",\"width\":800,\"height\":1067},\"primaryImageOfPage\":{\"@id\":\"https:\\\/\\\/www.eldigitaldeasturias.com\\\/noticias\\\/cesar-gonzalez-foro-no-tiene-ni-proyecto-ni-partida-presupuestaria-ni-calendario\\\/#mainImage\"},\"datePublished\":\"2016-09-07T13:37:19+02:00\",\"dateModified\":\"2016-09-07T13:37:19+02:00\"},{\"@type\":\"WebSite\",\"@id\":\"https:\\\/\\\/www.eldigitaldeasturias.com\\\/noticias\\\/#website\",\"url\":\"https:\\\/\\\/www.eldigitaldeasturias.com\\\/noticias\\\/\",\"name\":\"El Digital de Asturias - Diario de actualidad y noticias\",\"alternateName\":\"El Digital de Asturias - Diario de actualidad y noticias\",\"description\":\"Hemeroteca\",\"inLanguage\":\"es-ES\",\"publisher\":{\"@id\":\"https:\\\/\\\/www.eldigitaldeasturias.com\\\/noticias\\\/#organization\"}}]}\n\t\t<\/script>\n\t\t<!-- All in One SEO Pro -->\r\n\t\t<title>C\u00e9sar Gonz\u00e1lez: \u201cForo no tiene ni proyecto, ni partida presupuestaria ni calendario\u201d - El Digital de Asturias<\/title>\n\n","aioseo_head_json":{"title":"C\u00e9sar Gonz\u00e1lez: \u201cForo no tiene ni proyecto, ni partida presupuestaria ni calendario\u201d - El Digital de Asturias","description":"El concejal del PSOE en el Ayuntamiento de Gij\u00f3n C\u00e9sar Gonz\u00e1lez ha criticado este mi\u00e9rcoles que el Gobierno local no tiene \"ni proyecto, ni partida presupuestaria ni calendario\" para la reparaci\u00f3n del emisario de Pe\u00f1arrubia. Incluso ha indicado que no est\u00e1 garantizado que sea Tragsa quien realice la redacci\u00f3n del proyecto aunque s\u00ed se prev\u00e9","canonical_url":"https:\/\/www.eldigitaldeasturias.com\/noticias\/cesar-gonzalez-foro-no-tiene-ni-proyecto-ni-partida-presupuestaria-ni-calendario\/","robots":"max-image-preview:large","keywords":"actualidad asturias","webmasterTools":{"google-site-verification":"UA-38556648-1","msvalidate.01":"7dfe9f3f1b24437ab69f4f2559babe99","miscellaneous":""},"schema":{"@context":"https:\/\/schema.org","@graph":[{"@type":"BlogPosting","@id":"https:\/\/www.eldigitaldeasturias.com\/noticias\/cesar-gonzalez-foro-no-tiene-ni-proyecto-ni-partida-presupuestaria-ni-calendario\/#blogposting","name":"C\u00e9sar Gonz\u00e1lez: \u201cForo no tiene ni proyecto, ni partida presupuestaria ni calendario\u201d - El Digital de Asturias","headline":"C\u00e9sar Gonz\u00e1lez: \u201cForo no tiene ni proyecto, ni partida presupuestaria ni calendario\u201d","author":{"@id":"https:\/\/www.eldigitaldeasturias.com\/noticias\/author\/admin\/#author"},"publisher":{"@id":"https:\/\/www.eldigitaldeasturias.com\/noticias\/#organization"},"image":{"@type":"ImageObject","url":"https:\/\/www.eldigitaldeasturias.com\/noticias\/wp-content\/uploads\/2016\/09\/fotonoticia_20160907123847_800.jpg","width":800,"height":1067},"datePublished":"2016-09-07T13:37:19+02:00","dateModified":"2016-09-07T13:37:19+02:00","inLanguage":"es-ES","mainEntityOfPage":{"@id":"https:\/\/www.eldigitaldeasturias.com\/noticias\/cesar-gonzalez-foro-no-tiene-ni-proyecto-ni-partida-presupuestaria-ni-calendario\/#webpage"},"isPartOf":{"@id":"https:\/\/www.eldigitaldeasturias.com\/noticias\/cesar-gonzalez-foro-no-tiene-ni-proyecto-ni-partida-presupuestaria-ni-calendario\/#webpage"},"articleSection":"Actualidad Asturias"},{"@type":"BreadcrumbList","@id":"https:\/\/www.eldigitaldeasturias.com\/noticias\/cesar-gonzalez-foro-no-tiene-ni-proyecto-ni-partida-presupuestaria-ni-calendario\/#breadcrumblist","itemListElement":[{"@type":"ListItem","@id":"https:\/\/www.eldigitaldeasturias.com\/noticias#listItem","position":1,"name":"Home","item":"https:\/\/www.eldigitaldeasturias.com\/noticias","nextItem":{"@type":"ListItem","@id":"https:\/\/www.eldigitaldeasturias.com\/noticias\/category\/actualidad-asturias\/#listItem","name":"Actualidad Asturias"}},{"@type":"ListItem","@id":"https:\/\/www.eldigitaldeasturias.com\/noticias\/category\/actualidad-asturias\/#listItem","position":2,"name":"Actualidad Asturias","item":"https:\/\/www.eldigitaldeasturias.com\/noticias\/category\/actualidad-asturias\/","nextItem":{"@type":"ListItem","@id":"https:\/\/www.eldigitaldeasturias.com\/noticias\/cesar-gonzalez-foro-no-tiene-ni-proyecto-ni-partida-presupuestaria-ni-calendario\/#listItem","name":"C\u00e9sar Gonz\u00e1lez: \u201cForo no tiene ni proyecto, ni partida presupuestaria ni calendario\u201d"},"previousItem":{"@type":"ListItem","@id":"https:\/\/www.eldigitaldeasturias.com\/noticias#listItem","name":"Home"}},{"@type":"ListItem","@id":"https:\/\/www.eldigitaldeasturias.com\/noticias\/cesar-gonzalez-foro-no-tiene-ni-proyecto-ni-partida-presupuestaria-ni-calendario\/#listItem","position":3,"name":"C\u00e9sar Gonz\u00e1lez: \u201cForo no tiene ni proyecto, ni partida presupuestaria ni calendario\u201d","previousItem":{"@type":"ListItem","@id":"https:\/\/www.eldigitaldeasturias.com\/noticias\/category\/actualidad-asturias\/#listItem","name":"Actualidad Asturias"}}]},{"@type":"Organization","@id":"https:\/\/www.eldigitaldeasturias.com\/noticias\/#organization","name":"El Digital de Asturias","description":"Hemeroteca","url":"https:\/\/www.eldigitaldeasturias.com\/noticias\/","email":"info@eldigitaldeasturias.com","telephone":"+34652131393","logo":{"@type":"ImageObject","url":"https:\/\/www.eldigitaldeasturias.com\/noticias\/wp-content\/uploads\/2020\/12\/EDA.jpg","@id":"https:\/\/www.eldigitaldeasturias.com\/noticias\/cesar-gonzalez-foro-no-tiene-ni-proyecto-ni-partida-presupuestaria-ni-calendario\/#organizationLogo","width":649,"height":297},"image":{"@id":"https:\/\/www.eldigitaldeasturias.com\/noticias\/cesar-gonzalez-foro-no-tiene-ni-proyecto-ni-partida-presupuestaria-ni-calendario\/#organizationLogo"},"sameAs":["https:\/\/facebook.com\/eldigitaldeasturias","https:\/\/www.youtube.com\/channel\/UCZP-2wLEB9Rv6erhFmqVnvg"],"address":{"@id":"https:\/\/www.eldigitaldeasturias.com\/noticias\/#postaladdress","@type":"PostalAddress","streetAddress":"san antonio 4,","postalCode":"33430","addressLocality":"Cand\u00e1s","addressRegion":"Asturias","addressCountry":"ES"}},{"@type":"Person","@id":"https:\/\/www.eldigitaldeasturias.com\/noticias\/author\/admin\/#author","url":"https:\/\/www.eldigitaldeasturias.com\/noticias\/author\/admin\/","name":"El Digital de Asturias","image":{"@type":"ImageObject","@id":"https:\/\/www.eldigitaldeasturias.com\/noticias\/cesar-gonzalez-foro-no-tiene-ni-proyecto-ni-partida-presupuestaria-ni-calendario\/#authorImage","url":"https:\/\/www.eldigitaldeasturias.com\/noticias\/wp-content\/litespeed\/avatar\/18677e78aa0546b92d9dbf31ec7d7668.jpg?ver=1777290358","width":96,"height":96,"caption":"El Digital de Asturias"}},{"@type":"WebPage","@id":"https:\/\/www.eldigitaldeasturias.com\/noticias\/cesar-gonzalez-foro-no-tiene-ni-proyecto-ni-partida-presupuestaria-ni-calendario\/#webpage","url":"https:\/\/www.eldigitaldeasturias.com\/noticias\/cesar-gonzalez-foro-no-tiene-ni-proyecto-ni-partida-presupuestaria-ni-calendario\/","name":"C\u00e9sar Gonz\u00e1lez: \u201cForo no tiene ni proyecto, ni partida presupuestaria ni calendario\u201d - El Digital de Asturias","description":"El concejal del PSOE en el Ayuntamiento de Gij\u00f3n C\u00e9sar Gonz\u00e1lez ha criticado este mi\u00e9rcoles que el Gobierno local no tiene \"ni proyecto, ni partida presupuestaria ni calendario\" para la reparaci\u00f3n del emisario de Pe\u00f1arrubia. Incluso ha indicado que no est\u00e1 garantizado que sea Tragsa quien realice la redacci\u00f3n del proyecto aunque s\u00ed se prev\u00e9","inLanguage":"es-ES","isPartOf":{"@id":"https:\/\/www.eldigitaldeasturias.com\/noticias\/#website"},"breadcrumb":{"@id":"https:\/\/www.eldigitaldeasturias.com\/noticias\/cesar-gonzalez-foro-no-tiene-ni-proyecto-ni-partida-presupuestaria-ni-calendario\/#breadcrumblist"},"author":{"@id":"https:\/\/www.eldigitaldeasturias.com\/noticias\/author\/admin\/#author"},"creator":{"@id":"https:\/\/www.eldigitaldeasturias.com\/noticias\/author\/admin\/#author"},"image":{"@type":"ImageObject","url":"https:\/\/www.eldigitaldeasturias.com\/noticias\/wp-content\/uploads\/2016\/09\/fotonoticia_20160907123847_800.jpg","@id":"https:\/\/www.eldigitaldeasturias.com\/noticias\/cesar-gonzalez-foro-no-tiene-ni-proyecto-ni-partida-presupuestaria-ni-calendario\/#mainImage","width":800,"height":1067},"primaryImageOfPage":{"@id":"https:\/\/www.eldigitaldeasturias.com\/noticias\/cesar-gonzalez-foro-no-tiene-ni-proyecto-ni-partida-presupuestaria-ni-calendario\/#mainImage"},"datePublished":"2016-09-07T13:37:19+02:00","dateModified":"2016-09-07T13:37:19+02:00"},{"@type":"WebSite","@id":"https:\/\/www.eldigitaldeasturias.com\/noticias\/#website","url":"https:\/\/www.eldigitaldeasturias.com\/noticias\/","name":"El Digital de Asturias - Diario de actualidad y noticias","alternateName":"El Digital de Asturias - Diario de actualidad y noticias","description":"Hemeroteca","inLanguage":"es-ES","publisher":{"@id":"https:\/\/www.eldigitaldeasturias.com\/noticias\/#organization"}}]},"og:locale":"es_ES","og:site_name":"El Digital de Asturias","og:type":"article","og:title":"C\u00e9sar Gonz\u00e1lez: \u201cForo no tiene ni proyecto, ni partida presupuestaria ni calendario\u201d - El Digital de Asturias","og:description":"El concejal del PSOE en el Ayuntamiento de Gij\u00f3n C\u00e9sar Gonz\u00e1lez ha criticado este mi\u00e9rcoles que el Gobierno local no tiene &quot;ni proyecto, ni partida presupuestaria ni calendario&quot; para la reparaci\u00f3n del emisario de Pe\u00f1arrubia. Incluso ha indicado que no est\u00e1 garantizado que sea Tragsa quien realice la redacci\u00f3n del proyecto aunque s\u00ed se prev\u00e9","og:url":"https:\/\/www.eldigitaldeasturias.com\/noticias\/cesar-gonzalez-foro-no-tiene-ni-proyecto-ni-partida-presupuestaria-ni-calendario\/","og:image":"https:\/\/www.eldigitaldeasturias.com\/noticias\/wp-content\/uploads\/2016\/09\/fotonoticia_20160907123847_800.jpg","og:image:secure_url":"https:\/\/www.eldigitaldeasturias.com\/noticias\/wp-content\/uploads\/2016\/09\/fotonoticia_20160907123847_800.jpg","og:image:width":800,"og:image:height":1067,"article:tag":["actualidad asturias"],"article:published_time":"2016-09-07T12:37:19+00:00","article:modified_time":"2016-09-07T12:37:19+00:00","article:publisher":"https:\/\/facebook.com\/eldigitaldeasturias","twitter:card":"summary_large_image","twitter:title":"C\u00e9sar Gonz\u00e1lez: \u201cForo no tiene ni proyecto, ni partida presupuestaria ni calendario\u201d - El Digital de Asturias","twitter:description":"El concejal del PSOE en el Ayuntamiento de Gij\u00f3n C\u00e9sar Gonz\u00e1lez ha criticado este mi\u00e9rcoles que el Gobierno local no tiene &quot;ni proyecto, ni partida presupuestaria ni calendario&quot; para la reparaci\u00f3n del emisario de Pe\u00f1arrubia. Incluso ha indicado que no est\u00e1 garantizado que sea Tragsa quien realice la redacci\u00f3n del proyecto aunque s\u00ed se prev\u00e9","twitter:image":"https:\/\/www.eldigitaldeasturias.com\/noticias\/wp-content\/uploads\/2016\/09\/fotonoticia_20160907123847_800.jpg","twitter:label1":"Escrito por","twitter:data1":"El Digital de Asturias","twitter:label2":"Tiempo de lectura estimado","twitter:data2":"1 minuto"},"aioseo_meta_data":{"post_id":"906274","title":null,"description":null,"keywords":null,"keyphrases":null,"primary_term":null,"canonical_url":null,"og_title":null,"og_description":null,"og_object_type":"default","og_image_type":"default","og_image_url":null,"og_image_width":null,"og_image_height":null,"og_image_custom_url":null,"og_image_custom_fields":null,"og_video":null,"og_custom_url":null,"og_article_section":null,"og_article_tags":null,"twitter_use_og":false,"twitter_card":"default","twitter_image_type":"default","twitter_image_url":null,"twitter_image_custom_url":null,"twitter_image_custom_fields":null,"twitter_title":null,"twitter_description":null,"schema":{"blockGraphs":[],"customGraphs":[],"default":{"data":{"Article":[],"Course":[],"Dataset":[],"FAQPage":[],"Movie":[],"Person":[],"Product":[],"ProductReview":[],"Car":[],"Recipe":[],"Service":[],"SoftwareApplication":[],"WebPage":[]},"graphName":"","isEnabled":true},"graphs":[],"defaultGraph":"","defaultPostTypeGraph":""},"schema_type":null,"schema_type_options":null,"pillar_content":false,"robots_default":true,"robots_noindex":false,"robots_noarchive":false,"robots_nosnippet":false,"robots_nofollow":false,"robots_noimageindex":false,"robots_noodp":false,"robots_notranslate":false,"robots_max_snippet":null,"robots_max_videopreview":null,"robots_max_imagepreview":"large","priority":null,"frequency":null,"local_seo":null,"seo_analyzer_scan_date":"2025-11-30 08:29:16","breadcrumb_settings":null,"limit_modified_date":false,"open_ai":null,"ai":null,"created":"2020-12-21 14:01:56","updated":"2025-11-30 08:29:16"},"aioseo_breadcrumb":"<div class=\"aioseo-breadcrumbs\"><span class=\"aioseo-breadcrumb\">\n\t<a href=\"https:\/\/www.eldigitaldeasturias.com\/noticias\" title=\"Home\">Home<\/a>\n<\/span><span class=\"aioseo-breadcrumb-separator\">\u2013<\/span><span class=\"aioseo-breadcrumb\">\n\t<a href=\"https:\/\/www.eldigitaldeasturias.com\/noticias\/category\/actualidad-asturias\/\" title=\"Actualidad Asturias\">Actualidad Asturias<\/a>\n<\/span><span class=\"aioseo-breadcrumb-separator\">\u2013<\/span><span class=\"aioseo-breadcrumb\">\n\t<a href=\"https:\/\/www.eldigitaldeasturias.com\/noticias\/cesar-gonzalez-foro-no-tiene-ni-proyecto-ni-partida-presupuestaria-ni-calendario\/\" title=\"C\u00e9sar Gonz\u00e1lez: \u201cForo no tiene ni proyecto, ni partida presupuestaria ni calendario\u201d\">C\u00e9sar Gonz\u00e1lez: \u201cForo no tiene ni proyecto, ni partida presupuestaria ni calendario\u201d<\/a>\n<\/span><\/div>","aioseo_breadcrumb_json":[{"label":"Home","link":"https:\/\/www.eldigitaldeasturias.com\/noticias"},{"label":"Actualidad Asturias","link":"https:\/\/www.eldigitaldeasturias.com\/noticias\/category\/actualidad-asturias\/"},{"label":"C\u00e9sar Gonz\u00e1lez: \u201cForo no tiene ni proyecto, ni partida presupuestaria ni calendario\u201d","link":"https:\/\/www.eldigitaldeasturias.com\/noticias\/cesar-gonzalez-foro-no-tiene-ni-proyecto-ni-partida-presupuestaria-ni-calendario\/"}],"_links":{"self":[{"href":"https:\/\/www.eldigitaldeasturias.com\/noticias\/wp-json\/wp\/v2\/posts\/906274","targetHints":{"allow":["GET"]}}],"collection":[{"href":"https:\/\/www.eldigitaldeasturias.com\/noticias\/wp-json\/wp\/v2\/posts"}],"about":[{"href":"https:\/\/www.eldigitaldeasturias.com\/noticias\/wp-json\/wp\/v2\/types\/post"}],"author":[{"embeddable":true,"href":"https:\/\/www.eldigitaldeasturias.com\/noticias\/wp-json\/wp\/v2\/users\/1"}],"replies":[{"embeddable":true,"href":"https:\/\/www.eldigitaldeasturias.com\/noticias\/wp-json\/wp\/v2\/comments?post=906274"}],"version-history":[{"count":0,"href":"https:\/\/www.eldigitaldeasturias.com\/noticias\/wp-json\/wp\/v2\/posts\/906274\/revisions"}],"wp:featuredmedia":[{"embeddable":true,"href":"https:\/\/www.eldigitaldeasturias.com\/noticias\/wp-json\/wp\/v2\/media\/906275"}],"wp:attachment":[{"href":"https:\/\/www.eldigitaldeasturias.com\/noticias\/wp-json\/wp\/v2\/media?parent=906274"}],"wp:term":[{"taxonomy":"category","embeddable":true,"href":"https:\/\/www.eldigitaldeasturias.com\/noticias\/wp-json\/wp\/v2\/categories?post=906274"},{"taxonomy":"post_tag","embeddable":true,"href":"https:\/\/www.eldigitaldeasturias.com\/noticias\/wp-json\/wp\/v2\/tags?post=906274"}],"curies":[{"name":"wp","href":"https:\/\/api.w.org\/{rel}","templated":true}]}}