{"id":906271,"date":"2016-09-07T13:35:01","date_gmt":"2016-09-07T12:35:01","guid":{"rendered":"http:\/\/www.eldigitaldeasturias.com\/noticias\/?p=906271"},"modified":"2016-09-07T13:35:01","modified_gmt":"2016-09-07T12:35:01","slug":"alberto-nadal-no-podemos-volver-a-dedicar-una-legislatura-energetica-a-recomponer-las-cosas","status":"publish","type":"post","link":"https:\/\/www.eldigitaldeasturias.com\/noticias\/alberto-nadal-no-podemos-volver-a-dedicar-una-legislatura-energetica-a-recomponer-las-cosas\/","title":{"rendered":"Alberto Nadal: \u00abNo podemos volver a dedicar una legislatura energ\u00e9tica a recomponer las cosas\u00bb"},"content":{"rendered":"<p><img loading=\"lazy\" decoding=\"async\" class=\"alignleft size-medium wp-image-906272\" src=\"https:\/\/www.eldigitaldeasturias.com\/noticias\/wp-content\/uploads\/2016\/09\/fotonoticia_20160907115708_800-360x240.jpg\" alt=\"fotonoticia_20160907115708_800\" width=\"360\" height=\"240\" srcset=\"https:\/\/www.eldigitaldeasturias.com\/noticias\/wp-content\/uploads\/2016\/09\/fotonoticia_20160907115708_800-360x240.jpg 360w, https:\/\/www.eldigitaldeasturias.com\/noticias\/wp-content\/uploads\/2016\/09\/fotonoticia_20160907115708_800-768x512.jpg 768w, https:\/\/www.eldigitaldeasturias.com\/noticias\/wp-content\/uploads\/2016\/09\/fotonoticia_20160907115708_800-650x433.jpg 650w, https:\/\/www.eldigitaldeasturias.com\/noticias\/wp-content\/uploads\/2016\/09\/fotonoticia_20160907115708_800-84x55.jpg 84w, https:\/\/www.eldigitaldeasturias.com\/noticias\/wp-content\/uploads\/2016\/09\/fotonoticia_20160907115708_800-49x32.jpg 49w, https:\/\/www.eldigitaldeasturias.com\/noticias\/wp-content\/uploads\/2016\/09\/fotonoticia_20160907115708_800.jpg 800w\" sizes=\"auto, (max-width: 360px) 100vw, 360px\" \/>El secretario de Estado de Energ\u00eda, Alberto Nadal, ha defendido la regulaci\u00f3n sobre autoconsumo dise\u00f1ada por su departamento y ha sostenido que esta actividad no tiene \u00abobst\u00e1culos\u00bb a su desarrollo eficiente, frente a las \u00abdificultades\u00bb relacionadas con el \u00abimpuesto al sol\u00bb a las que alude el reciente acuerdo entre PP y Ciudadanos.<\/p>\n<p>El secretario de Estado ha realizado estas consideraciones tras participar en una conferencia sobre energ\u00eda organizada por &#8216;El Economista&#8217;, en la que ha apelado a la importancia de \u00abno introducir costes innecesarios en el sistema el\u00e9ctrico\u00bb y ha pedido que no se haga \u00abcaso\u00bb a \u00abdeterminadas l\u00edneas propagand\u00edsticas como el &#8216;impuesto al sol&#8217;, que, cuando a la gente le preguntas lo que es, no lo sabe\u00bb.<\/p>\n<p>Al ser preguntado por los periodistas acerca de si su posici\u00f3n contradice el acuerdo entre PP y Ciudadanos para la investidura como presidente del Gobierno de Mariano Rajoy, en el que se alude expresamente al &#8216;impuesto al sol&#8217;, Nadal ha dicho no tener \u00abduda\u00bb de que en la norma actual \u00abno existe ning\u00fan obst\u00e1culo al autoconsumo eficiente\u00bb.<\/p>\n<p>\u00abEl pacto habla de autoconsumo eficiente, para quitar los obst\u00e1culos si los hubiera. Yo no tengo duda de que la regulaci\u00f3n actual no tiene ning\u00fan obst\u00e1culo al autoconsumo eficiente\u00bb, afirm\u00f3 el secretario de Estado.<\/p>\n<p>El pacto el PP y Ciudadanos indica que \u00abse eliminar\u00e1n las dificultades que pudieran existir al autoconsumo el\u00e9ctrico eficiente (coloquialmente conocido como &#8216;impuesto al sol&#8217;) con el fin de promover un marco regulatorio estable y propicio para la generaci\u00f3n a peque\u00f1a escala, promoviendo la reducci\u00f3n de precios\u00bb.<\/p>\n<p>Durante su intervenci\u00f3n en la conferencia, Nadal ha reclamado adem\u00e1s \u00abun pacto de Estado sobre energ\u00eda en el que se a\u00edslen las cuestiones energ\u00e9ticas de las pol\u00edticas\u00bb. Este gran acuerdo y el reto de la transici\u00f3n a las renovables mediante la incorporaci\u00f3n de tecnolog\u00edas limpias lo m\u00e1s competitivas posible deben guiar la pol\u00edtica energ\u00e9tica en el futuro, se\u00f1al\u00f3.<\/p>\n<p><strong>EVITAR \u00abCOSTES INNECESARIOS\u00bb.<\/strong><\/p>\n<p>El secretario de Estado de Energ\u00eda tambi\u00e9n apel\u00f3 a la necesidad de \u00abno introducir costes innecesarios en el sistema el\u00e9ctrico\u00bb y calific\u00f3 de \u00abbarbaridad\u00bb algunas de las decisiones sobre pol\u00edtica energ\u00e9tica tomadas en \u00ab2007 y 2008\u00bb relacionadas con las tecnolog\u00edas &#8216;verdes&#8217;. \u00abNo podemos volver a dedicar una legislatura energ\u00e9tica a recomponer las cosas\u00bb, a\u00f1adi\u00f3.<\/p>\n<p>Para Nadal, las renovables han de introducirse \u00abcuando tienen sentido\u00bb y \u00abpoco a poco\u00bb. \u00abEn el momento en el que la solar sea competitiva, no se preocupen que entrar\u00e1n miles de megavatios de golpe, en masa, y las propias compa\u00f1\u00edas convencionales invertir\u00e1n ingentes cantidades\u00bb, indic\u00f3.<\/p>\n<p>\u00abLas renovables no todav\u00eda m\u00e1s caras\u00bb y su \u00abpunto de equilibrio\u00bb no llegar\u00e1 hasta dentro de \u00abquince o veinte a\u00f1os\u00bb. Mientras, el Gobierno debe abordar \u00ablos objetivos que les corresponden en la lucha contra el cambio clim\u00e1tico, pero solo los que le corresponden\u00bb, a\u00f1adi\u00f3.<\/p>\n<p>&nbsp;<\/p>\n","protected":false},"excerpt":{"rendered":"<p>El secretario de Estado de Energ\u00eda, Alberto Nadal, ha defendido la regulaci\u00f3n sobre autoconsumo dise\u00f1ada por su departamento y ha sostenido que esta actividad no tiene \u00abobst\u00e1culos\u00bb a su desarrollo eficiente, frente a las \u00abdificultades\u00bb relacionadas con el \u00abimpuesto al sol\u00bb a las que alude el reciente acuerdo entre PP y Ciudadanos. El secretario de [&hellip;]<\/p>\n","protected":false},"author":1,"featured_media":906272,"comment_status":"closed","ping_status":"closed","sticky":false,"template":"","format":"standard","meta":{"footnotes":""},"categories":[1],"tags":[],"class_list":["post-906271","post","type-post","status-publish","format-standard","has-post-thumbnail","hentry","category-actualidad"],"aioseo_notices":[],"aioseo_head":"\n\t\t<!-- All in One SEO Pro 4.9.6.2 - aioseo.com -->\n\t<meta name=\"description\" content=\"El secretario de Estado de Energ\u00eda, Alberto Nadal, ha defendido la regulaci\u00f3n sobre autoconsumo dise\u00f1ada por su departamento y ha sostenido que esta actividad no tiene &quot;obst\u00e1culos&quot; a su desarrollo eficiente, frente a las &quot;dificultades&quot; relacionadas con el &quot;impuesto al sol&quot; a las que alude el reciente acuerdo entre PP y Ciudadanos. El secretario de\" \/>\n\t<meta name=\"robots\" content=\"max-image-preview:large\" \/>\n\t<meta name=\"author\" content=\"El Digital de Asturias\"\/>\n\t<meta name=\"google-site-verification\" content=\"UA-38556648-1\" \/>\n\t<meta name=\"msvalidate.01\" content=\"7dfe9f3f1b24437ab69f4f2559babe99\" \/>\n\t<meta name=\"keywords\" content=\"actualidad\" \/>\n\t<link rel=\"canonical\" href=\"https:\/\/www.eldigitaldeasturias.com\/noticias\/alberto-nadal-no-podemos-volver-a-dedicar-una-legislatura-energetica-a-recomponer-las-cosas\/\" \/>\n\t<meta name=\"generator\" content=\"All in One SEO Pro (AIOSEO) 4.9.6.2\" \/>\n\t\t<meta property=\"og:locale\" content=\"es_ES\" \/>\n\t\t<meta property=\"og:site_name\" content=\"El Digital de Asturias\" \/>\n\t\t<meta property=\"og:type\" content=\"article\" \/>\n\t\t<meta property=\"og:title\" content=\"Alberto Nadal: \u00abNo podemos volver a dedicar una legislatura energ\u00e9tica a recomponer las cosas\u00bb - El Digital de Asturias\" \/>\n\t\t<meta property=\"og:description\" content=\"El secretario de Estado de Energ\u00eda, Alberto Nadal, ha defendido la regulaci\u00f3n sobre autoconsumo dise\u00f1ada por su departamento y ha sostenido que esta actividad no tiene &quot;obst\u00e1culos&quot; a su desarrollo eficiente, frente a las &quot;dificultades&quot; relacionadas con el &quot;impuesto al sol&quot; a las que alude el reciente acuerdo entre PP y Ciudadanos. El secretario de\" \/>\n\t\t<meta property=\"og:url\" content=\"https:\/\/www.eldigitaldeasturias.com\/noticias\/alberto-nadal-no-podemos-volver-a-dedicar-una-legislatura-energetica-a-recomponer-las-cosas\/\" \/>\n\t\t<meta property=\"og:image\" content=\"https:\/\/www.eldigitaldeasturias.com\/noticias\/wp-content\/uploads\/2016\/09\/fotonoticia_20160907115708_800.jpg\" \/>\n\t\t<meta property=\"og:image:secure_url\" content=\"https:\/\/www.eldigitaldeasturias.com\/noticias\/wp-content\/uploads\/2016\/09\/fotonoticia_20160907115708_800.jpg\" \/>\n\t\t<meta property=\"og:image:width\" content=\"800\" \/>\n\t\t<meta property=\"og:image:height\" content=\"533\" \/>\n\t\t<meta property=\"article:tag\" content=\"actualidad\" \/>\n\t\t<meta property=\"article:published_time\" content=\"2016-09-07T12:35:01+00:00\" \/>\n\t\t<meta property=\"article:modified_time\" content=\"2016-09-07T12:35:01+00:00\" \/>\n\t\t<meta property=\"article:publisher\" content=\"https:\/\/facebook.com\/eldigitaldeasturias\" \/>\n\t\t<meta name=\"twitter:card\" content=\"summary_large_image\" \/>\n\t\t<meta name=\"twitter:title\" content=\"Alberto Nadal: \u00abNo podemos volver a dedicar una legislatura energ\u00e9tica a recomponer las cosas\u00bb - El Digital de Asturias\" \/>\n\t\t<meta name=\"twitter:description\" content=\"El secretario de Estado de Energ\u00eda, Alberto Nadal, ha defendido la regulaci\u00f3n sobre autoconsumo dise\u00f1ada por su departamento y ha sostenido que esta actividad no tiene &quot;obst\u00e1culos&quot; a su desarrollo eficiente, frente a las &quot;dificultades&quot; relacionadas con el &quot;impuesto al sol&quot; a las que alude el reciente acuerdo entre PP y Ciudadanos. El secretario de\" \/>\n\t\t<meta name=\"twitter:image\" content=\"https:\/\/www.eldigitaldeasturias.com\/noticias\/wp-content\/uploads\/2016\/09\/fotonoticia_20160907115708_800.jpg\" \/>\n\t\t<meta name=\"twitter:label1\" content=\"Escrito por\" \/>\n\t\t<meta name=\"twitter:data1\" content=\"El Digital de Asturias\" \/>\n\t\t<meta name=\"twitter:label2\" content=\"Tiempo de lectura estimado\" \/>\n\t\t<meta name=\"twitter:data2\" content=\"3 minutos\" \/>\n\t\t<script type=\"application\/ld+json\" class=\"aioseo-schema\">\n\t\t\t{\"@context\":\"https:\\\/\\\/schema.org\",\"@graph\":[{\"@type\":\"BlogPosting\",\"@id\":\"https:\\\/\\\/www.eldigitaldeasturias.com\\\/noticias\\\/alberto-nadal-no-podemos-volver-a-dedicar-una-legislatura-energetica-a-recomponer-las-cosas\\\/#blogposting\",\"name\":\"Alberto Nadal: \\u00abNo podemos volver a dedicar una legislatura energ\\u00e9tica a recomponer las cosas\\u00bb - El Digital de Asturias\",\"headline\":\"Alberto Nadal: \\u00abNo podemos volver a dedicar una legislatura energ\\u00e9tica a recomponer las cosas\\u00bb\",\"author\":{\"@id\":\"https:\\\/\\\/www.eldigitaldeasturias.com\\\/noticias\\\/author\\\/admin\\\/#author\"},\"publisher\":{\"@id\":\"https:\\\/\\\/www.eldigitaldeasturias.com\\\/noticias\\\/#organization\"},\"image\":{\"@type\":\"ImageObject\",\"url\":\"https:\\\/\\\/www.eldigitaldeasturias.com\\\/noticias\\\/wp-content\\\/uploads\\\/2016\\\/09\\\/fotonoticia_20160907115708_800.jpg\",\"width\":800,\"height\":533},\"datePublished\":\"2016-09-07T13:35:01+02:00\",\"dateModified\":\"2016-09-07T13:35:01+02:00\",\"inLanguage\":\"es-ES\",\"mainEntityOfPage\":{\"@id\":\"https:\\\/\\\/www.eldigitaldeasturias.com\\\/noticias\\\/alberto-nadal-no-podemos-volver-a-dedicar-una-legislatura-energetica-a-recomponer-las-cosas\\\/#webpage\"},\"isPartOf\":{\"@id\":\"https:\\\/\\\/www.eldigitaldeasturias.com\\\/noticias\\\/alberto-nadal-no-podemos-volver-a-dedicar-una-legislatura-energetica-a-recomponer-las-cosas\\\/#webpage\"},\"articleSection\":\"Actualidad\"},{\"@type\":\"BreadcrumbList\",\"@id\":\"https:\\\/\\\/www.eldigitaldeasturias.com\\\/noticias\\\/alberto-nadal-no-podemos-volver-a-dedicar-una-legislatura-energetica-a-recomponer-las-cosas\\\/#breadcrumblist\",\"itemListElement\":[{\"@type\":\"ListItem\",\"@id\":\"https:\\\/\\\/www.eldigitaldeasturias.com\\\/noticias#listItem\",\"position\":1,\"name\":\"Home\",\"item\":\"https:\\\/\\\/www.eldigitaldeasturias.com\\\/noticias\",\"nextItem\":{\"@type\":\"ListItem\",\"@id\":\"https:\\\/\\\/www.eldigitaldeasturias.com\\\/noticias\\\/category\\\/actualidad\\\/#listItem\",\"name\":\"Actualidad\"}},{\"@type\":\"ListItem\",\"@id\":\"https:\\\/\\\/www.eldigitaldeasturias.com\\\/noticias\\\/category\\\/actualidad\\\/#listItem\",\"position\":2,\"name\":\"Actualidad\",\"item\":\"https:\\\/\\\/www.eldigitaldeasturias.com\\\/noticias\\\/category\\\/actualidad\\\/\",\"nextItem\":{\"@type\":\"ListItem\",\"@id\":\"https:\\\/\\\/www.eldigitaldeasturias.com\\\/noticias\\\/alberto-nadal-no-podemos-volver-a-dedicar-una-legislatura-energetica-a-recomponer-las-cosas\\\/#listItem\",\"name\":\"Alberto Nadal: \\u00abNo podemos volver a dedicar una legislatura energ\\u00e9tica a recomponer las cosas\\u00bb\"},\"previousItem\":{\"@type\":\"ListItem\",\"@id\":\"https:\\\/\\\/www.eldigitaldeasturias.com\\\/noticias#listItem\",\"name\":\"Home\"}},{\"@type\":\"ListItem\",\"@id\":\"https:\\\/\\\/www.eldigitaldeasturias.com\\\/noticias\\\/alberto-nadal-no-podemos-volver-a-dedicar-una-legislatura-energetica-a-recomponer-las-cosas\\\/#listItem\",\"position\":3,\"name\":\"Alberto Nadal: \\u00abNo podemos volver a dedicar una legislatura energ\\u00e9tica a recomponer las cosas\\u00bb\",\"previousItem\":{\"@type\":\"ListItem\",\"@id\":\"https:\\\/\\\/www.eldigitaldeasturias.com\\\/noticias\\\/category\\\/actualidad\\\/#listItem\",\"name\":\"Actualidad\"}}]},{\"@type\":\"Organization\",\"@id\":\"https:\\\/\\\/www.eldigitaldeasturias.com\\\/noticias\\\/#organization\",\"name\":\"El Digital de Asturias\",\"description\":\"Hemeroteca\",\"url\":\"https:\\\/\\\/www.eldigitaldeasturias.com\\\/noticias\\\/\",\"email\":\"info@eldigitaldeasturias.com\",\"telephone\":\"+34652131393\",\"logo\":{\"@type\":\"ImageObject\",\"url\":\"https:\\\/\\\/www.eldigitaldeasturias.com\\\/noticias\\\/wp-content\\\/uploads\\\/2020\\\/12\\\/EDA.jpg\",\"@id\":\"https:\\\/\\\/www.eldigitaldeasturias.com\\\/noticias\\\/alberto-nadal-no-podemos-volver-a-dedicar-una-legislatura-energetica-a-recomponer-las-cosas\\\/#organizationLogo\",\"width\":649,\"height\":297},\"image\":{\"@id\":\"https:\\\/\\\/www.eldigitaldeasturias.com\\\/noticias\\\/alberto-nadal-no-podemos-volver-a-dedicar-una-legislatura-energetica-a-recomponer-las-cosas\\\/#organizationLogo\"},\"sameAs\":[\"https:\\\/\\\/facebook.com\\\/eldigitaldeasturias\",\"https:\\\/\\\/www.youtube.com\\\/channel\\\/UCZP-2wLEB9Rv6erhFmqVnvg\"],\"address\":{\"@id\":\"https:\\\/\\\/www.eldigitaldeasturias.com\\\/noticias\\\/#postaladdress\",\"@type\":\"PostalAddress\",\"streetAddress\":\"san antonio 4,\",\"postalCode\":\"33430\",\"addressLocality\":\"Cand\\u00e1s\",\"addressRegion\":\"Asturias\",\"addressCountry\":\"ES\"}},{\"@type\":\"Person\",\"@id\":\"https:\\\/\\\/www.eldigitaldeasturias.com\\\/noticias\\\/author\\\/admin\\\/#author\",\"url\":\"https:\\\/\\\/www.eldigitaldeasturias.com\\\/noticias\\\/author\\\/admin\\\/\",\"name\":\"El Digital de Asturias\",\"image\":{\"@type\":\"ImageObject\",\"@id\":\"https:\\\/\\\/www.eldigitaldeasturias.com\\\/noticias\\\/alberto-nadal-no-podemos-volver-a-dedicar-una-legislatura-energetica-a-recomponer-las-cosas\\\/#authorImage\",\"url\":\"https:\\\/\\\/www.eldigitaldeasturias.com\\\/noticias\\\/wp-content\\\/litespeed\\\/avatar\\\/18677e78aa0546b92d9dbf31ec7d7668.jpg?ver=1777290358\",\"width\":96,\"height\":96,\"caption\":\"El Digital de Asturias\"}},{\"@type\":\"WebPage\",\"@id\":\"https:\\\/\\\/www.eldigitaldeasturias.com\\\/noticias\\\/alberto-nadal-no-podemos-volver-a-dedicar-una-legislatura-energetica-a-recomponer-las-cosas\\\/#webpage\",\"url\":\"https:\\\/\\\/www.eldigitaldeasturias.com\\\/noticias\\\/alberto-nadal-no-podemos-volver-a-dedicar-una-legislatura-energetica-a-recomponer-las-cosas\\\/\",\"name\":\"Alberto Nadal: \\u00abNo podemos volver a dedicar una legislatura energ\\u00e9tica a recomponer las cosas\\u00bb - El Digital de Asturias\",\"description\":\"El secretario de Estado de Energ\\u00eda, Alberto Nadal, ha defendido la regulaci\\u00f3n sobre autoconsumo dise\\u00f1ada por su departamento y ha sostenido que esta actividad no tiene \\\"obst\\u00e1culos\\\" a su desarrollo eficiente, frente a las \\\"dificultades\\\" relacionadas con el \\\"impuesto al sol\\\" a las que alude el reciente acuerdo entre PP y Ciudadanos. El secretario de\",\"inLanguage\":\"es-ES\",\"isPartOf\":{\"@id\":\"https:\\\/\\\/www.eldigitaldeasturias.com\\\/noticias\\\/#website\"},\"breadcrumb\":{\"@id\":\"https:\\\/\\\/www.eldigitaldeasturias.com\\\/noticias\\\/alberto-nadal-no-podemos-volver-a-dedicar-una-legislatura-energetica-a-recomponer-las-cosas\\\/#breadcrumblist\"},\"author\":{\"@id\":\"https:\\\/\\\/www.eldigitaldeasturias.com\\\/noticias\\\/author\\\/admin\\\/#author\"},\"creator\":{\"@id\":\"https:\\\/\\\/www.eldigitaldeasturias.com\\\/noticias\\\/author\\\/admin\\\/#author\"},\"image\":{\"@type\":\"ImageObject\",\"url\":\"https:\\\/\\\/www.eldigitaldeasturias.com\\\/noticias\\\/wp-content\\\/uploads\\\/2016\\\/09\\\/fotonoticia_20160907115708_800.jpg\",\"@id\":\"https:\\\/\\\/www.eldigitaldeasturias.com\\\/noticias\\\/alberto-nadal-no-podemos-volver-a-dedicar-una-legislatura-energetica-a-recomponer-las-cosas\\\/#mainImage\",\"width\":800,\"height\":533},\"primaryImageOfPage\":{\"@id\":\"https:\\\/\\\/www.eldigitaldeasturias.com\\\/noticias\\\/alberto-nadal-no-podemos-volver-a-dedicar-una-legislatura-energetica-a-recomponer-las-cosas\\\/#mainImage\"},\"datePublished\":\"2016-09-07T13:35:01+02:00\",\"dateModified\":\"2016-09-07T13:35:01+02:00\"},{\"@type\":\"WebSite\",\"@id\":\"https:\\\/\\\/www.eldigitaldeasturias.com\\\/noticias\\\/#website\",\"url\":\"https:\\\/\\\/www.eldigitaldeasturias.com\\\/noticias\\\/\",\"name\":\"El Digital de Asturias - Diario de actualidad y noticias\",\"alternateName\":\"El Digital de Asturias - Diario de actualidad y noticias\",\"description\":\"Hemeroteca\",\"inLanguage\":\"es-ES\",\"publisher\":{\"@id\":\"https:\\\/\\\/www.eldigitaldeasturias.com\\\/noticias\\\/#organization\"}}]}\n\t\t<\/script>\n\t\t<!-- All in One SEO Pro -->\r\n\t\t<title>Alberto Nadal: \u00abNo podemos volver a dedicar una legislatura energ\u00e9tica a recomponer las cosas\u00bb - El Digital de Asturias<\/title>\n\n","aioseo_head_json":{"title":"Alberto Nadal: \u00abNo podemos volver a dedicar una legislatura energ\u00e9tica a recomponer las cosas\u00bb - El Digital de Asturias","description":"El secretario de Estado de Energ\u00eda, Alberto Nadal, ha defendido la regulaci\u00f3n sobre autoconsumo dise\u00f1ada por su departamento y ha sostenido que esta actividad no tiene \"obst\u00e1culos\" a su desarrollo eficiente, frente a las \"dificultades\" relacionadas con el \"impuesto al sol\" a las que alude el reciente acuerdo entre PP y Ciudadanos. El secretario de","canonical_url":"https:\/\/www.eldigitaldeasturias.com\/noticias\/alberto-nadal-no-podemos-volver-a-dedicar-una-legislatura-energetica-a-recomponer-las-cosas\/","robots":"max-image-preview:large","keywords":"actualidad","webmasterTools":{"google-site-verification":"UA-38556648-1","msvalidate.01":"7dfe9f3f1b24437ab69f4f2559babe99","miscellaneous":""},"schema":{"@context":"https:\/\/schema.org","@graph":[{"@type":"BlogPosting","@id":"https:\/\/www.eldigitaldeasturias.com\/noticias\/alberto-nadal-no-podemos-volver-a-dedicar-una-legislatura-energetica-a-recomponer-las-cosas\/#blogposting","name":"Alberto Nadal: \u00abNo podemos volver a dedicar una legislatura energ\u00e9tica a recomponer las cosas\u00bb - El Digital de Asturias","headline":"Alberto Nadal: \u00abNo podemos volver a dedicar una legislatura energ\u00e9tica a recomponer las cosas\u00bb","author":{"@id":"https:\/\/www.eldigitaldeasturias.com\/noticias\/author\/admin\/#author"},"publisher":{"@id":"https:\/\/www.eldigitaldeasturias.com\/noticias\/#organization"},"image":{"@type":"ImageObject","url":"https:\/\/www.eldigitaldeasturias.com\/noticias\/wp-content\/uploads\/2016\/09\/fotonoticia_20160907115708_800.jpg","width":800,"height":533},"datePublished":"2016-09-07T13:35:01+02:00","dateModified":"2016-09-07T13:35:01+02:00","inLanguage":"es-ES","mainEntityOfPage":{"@id":"https:\/\/www.eldigitaldeasturias.com\/noticias\/alberto-nadal-no-podemos-volver-a-dedicar-una-legislatura-energetica-a-recomponer-las-cosas\/#webpage"},"isPartOf":{"@id":"https:\/\/www.eldigitaldeasturias.com\/noticias\/alberto-nadal-no-podemos-volver-a-dedicar-una-legislatura-energetica-a-recomponer-las-cosas\/#webpage"},"articleSection":"Actualidad"},{"@type":"BreadcrumbList","@id":"https:\/\/www.eldigitaldeasturias.com\/noticias\/alberto-nadal-no-podemos-volver-a-dedicar-una-legislatura-energetica-a-recomponer-las-cosas\/#breadcrumblist","itemListElement":[{"@type":"ListItem","@id":"https:\/\/www.eldigitaldeasturias.com\/noticias#listItem","position":1,"name":"Home","item":"https:\/\/www.eldigitaldeasturias.com\/noticias","nextItem":{"@type":"ListItem","@id":"https:\/\/www.eldigitaldeasturias.com\/noticias\/category\/actualidad\/#listItem","name":"Actualidad"}},{"@type":"ListItem","@id":"https:\/\/www.eldigitaldeasturias.com\/noticias\/category\/actualidad\/#listItem","position":2,"name":"Actualidad","item":"https:\/\/www.eldigitaldeasturias.com\/noticias\/category\/actualidad\/","nextItem":{"@type":"ListItem","@id":"https:\/\/www.eldigitaldeasturias.com\/noticias\/alberto-nadal-no-podemos-volver-a-dedicar-una-legislatura-energetica-a-recomponer-las-cosas\/#listItem","name":"Alberto Nadal: \u00abNo podemos volver a dedicar una legislatura energ\u00e9tica a recomponer las cosas\u00bb"},"previousItem":{"@type":"ListItem","@id":"https:\/\/www.eldigitaldeasturias.com\/noticias#listItem","name":"Home"}},{"@type":"ListItem","@id":"https:\/\/www.eldigitaldeasturias.com\/noticias\/alberto-nadal-no-podemos-volver-a-dedicar-una-legislatura-energetica-a-recomponer-las-cosas\/#listItem","position":3,"name":"Alberto Nadal: \u00abNo podemos volver a dedicar una legislatura energ\u00e9tica a recomponer las cosas\u00bb","previousItem":{"@type":"ListItem","@id":"https:\/\/www.eldigitaldeasturias.com\/noticias\/category\/actualidad\/#listItem","name":"Actualidad"}}]},{"@type":"Organization","@id":"https:\/\/www.eldigitaldeasturias.com\/noticias\/#organization","name":"El Digital de Asturias","description":"Hemeroteca","url":"https:\/\/www.eldigitaldeasturias.com\/noticias\/","email":"info@eldigitaldeasturias.com","telephone":"+34652131393","logo":{"@type":"ImageObject","url":"https:\/\/www.eldigitaldeasturias.com\/noticias\/wp-content\/uploads\/2020\/12\/EDA.jpg","@id":"https:\/\/www.eldigitaldeasturias.com\/noticias\/alberto-nadal-no-podemos-volver-a-dedicar-una-legislatura-energetica-a-recomponer-las-cosas\/#organizationLogo","width":649,"height":297},"image":{"@id":"https:\/\/www.eldigitaldeasturias.com\/noticias\/alberto-nadal-no-podemos-volver-a-dedicar-una-legislatura-energetica-a-recomponer-las-cosas\/#organizationLogo"},"sameAs":["https:\/\/facebook.com\/eldigitaldeasturias","https:\/\/www.youtube.com\/channel\/UCZP-2wLEB9Rv6erhFmqVnvg"],"address":{"@id":"https:\/\/www.eldigitaldeasturias.com\/noticias\/#postaladdress","@type":"PostalAddress","streetAddress":"san antonio 4,","postalCode":"33430","addressLocality":"Cand\u00e1s","addressRegion":"Asturias","addressCountry":"ES"}},{"@type":"Person","@id":"https:\/\/www.eldigitaldeasturias.com\/noticias\/author\/admin\/#author","url":"https:\/\/www.eldigitaldeasturias.com\/noticias\/author\/admin\/","name":"El Digital de Asturias","image":{"@type":"ImageObject","@id":"https:\/\/www.eldigitaldeasturias.com\/noticias\/alberto-nadal-no-podemos-volver-a-dedicar-una-legislatura-energetica-a-recomponer-las-cosas\/#authorImage","url":"https:\/\/www.eldigitaldeasturias.com\/noticias\/wp-content\/litespeed\/avatar\/18677e78aa0546b92d9dbf31ec7d7668.jpg?ver=1777290358","width":96,"height":96,"caption":"El Digital de Asturias"}},{"@type":"WebPage","@id":"https:\/\/www.eldigitaldeasturias.com\/noticias\/alberto-nadal-no-podemos-volver-a-dedicar-una-legislatura-energetica-a-recomponer-las-cosas\/#webpage","url":"https:\/\/www.eldigitaldeasturias.com\/noticias\/alberto-nadal-no-podemos-volver-a-dedicar-una-legislatura-energetica-a-recomponer-las-cosas\/","name":"Alberto Nadal: \u00abNo podemos volver a dedicar una legislatura energ\u00e9tica a recomponer las cosas\u00bb - El Digital de Asturias","description":"El secretario de Estado de Energ\u00eda, Alberto Nadal, ha defendido la regulaci\u00f3n sobre autoconsumo dise\u00f1ada por su departamento y ha sostenido que esta actividad no tiene \"obst\u00e1culos\" a su desarrollo eficiente, frente a las \"dificultades\" relacionadas con el \"impuesto al sol\" a las que alude el reciente acuerdo entre PP y Ciudadanos. El secretario de","inLanguage":"es-ES","isPartOf":{"@id":"https:\/\/www.eldigitaldeasturias.com\/noticias\/#website"},"breadcrumb":{"@id":"https:\/\/www.eldigitaldeasturias.com\/noticias\/alberto-nadal-no-podemos-volver-a-dedicar-una-legislatura-energetica-a-recomponer-las-cosas\/#breadcrumblist"},"author":{"@id":"https:\/\/www.eldigitaldeasturias.com\/noticias\/author\/admin\/#author"},"creator":{"@id":"https:\/\/www.eldigitaldeasturias.com\/noticias\/author\/admin\/#author"},"image":{"@type":"ImageObject","url":"https:\/\/www.eldigitaldeasturias.com\/noticias\/wp-content\/uploads\/2016\/09\/fotonoticia_20160907115708_800.jpg","@id":"https:\/\/www.eldigitaldeasturias.com\/noticias\/alberto-nadal-no-podemos-volver-a-dedicar-una-legislatura-energetica-a-recomponer-las-cosas\/#mainImage","width":800,"height":533},"primaryImageOfPage":{"@id":"https:\/\/www.eldigitaldeasturias.com\/noticias\/alberto-nadal-no-podemos-volver-a-dedicar-una-legislatura-energetica-a-recomponer-las-cosas\/#mainImage"},"datePublished":"2016-09-07T13:35:01+02:00","dateModified":"2016-09-07T13:35:01+02:00"},{"@type":"WebSite","@id":"https:\/\/www.eldigitaldeasturias.com\/noticias\/#website","url":"https:\/\/www.eldigitaldeasturias.com\/noticias\/","name":"El Digital de Asturias - Diario de actualidad y noticias","alternateName":"El Digital de Asturias - Diario de actualidad y noticias","description":"Hemeroteca","inLanguage":"es-ES","publisher":{"@id":"https:\/\/www.eldigitaldeasturias.com\/noticias\/#organization"}}]},"og:locale":"es_ES","og:site_name":"El Digital de Asturias","og:type":"article","og:title":"Alberto Nadal: \u00abNo podemos volver a dedicar una legislatura energ\u00e9tica a recomponer las cosas\u00bb - El Digital de Asturias","og:description":"El secretario de Estado de Energ\u00eda, Alberto Nadal, ha defendido la regulaci\u00f3n sobre autoconsumo dise\u00f1ada por su departamento y ha sostenido que esta actividad no tiene &quot;obst\u00e1culos&quot; a su desarrollo eficiente, frente a las &quot;dificultades&quot; relacionadas con el &quot;impuesto al sol&quot; a las que alude el reciente acuerdo entre PP y Ciudadanos. El secretario de","og:url":"https:\/\/www.eldigitaldeasturias.com\/noticias\/alberto-nadal-no-podemos-volver-a-dedicar-una-legislatura-energetica-a-recomponer-las-cosas\/","og:image":"https:\/\/www.eldigitaldeasturias.com\/noticias\/wp-content\/uploads\/2016\/09\/fotonoticia_20160907115708_800.jpg","og:image:secure_url":"https:\/\/www.eldigitaldeasturias.com\/noticias\/wp-content\/uploads\/2016\/09\/fotonoticia_20160907115708_800.jpg","og:image:width":800,"og:image:height":533,"article:tag":["actualidad"],"article:published_time":"2016-09-07T12:35:01+00:00","article:modified_time":"2016-09-07T12:35:01+00:00","article:publisher":"https:\/\/facebook.com\/eldigitaldeasturias","twitter:card":"summary_large_image","twitter:title":"Alberto Nadal: \u00abNo podemos volver a dedicar una legislatura energ\u00e9tica a recomponer las cosas\u00bb - El Digital de Asturias","twitter:description":"El secretario de Estado de Energ\u00eda, Alberto Nadal, ha defendido la regulaci\u00f3n sobre autoconsumo dise\u00f1ada por su departamento y ha sostenido que esta actividad no tiene &quot;obst\u00e1culos&quot; a su desarrollo eficiente, frente a las &quot;dificultades&quot; relacionadas con el &quot;impuesto al sol&quot; a las que alude el reciente acuerdo entre PP y Ciudadanos. El secretario de","twitter:image":"https:\/\/www.eldigitaldeasturias.com\/noticias\/wp-content\/uploads\/2016\/09\/fotonoticia_20160907115708_800.jpg","twitter:label1":"Escrito por","twitter:data1":"El Digital de Asturias","twitter:label2":"Tiempo de lectura estimado","twitter:data2":"3 minutos"},"aioseo_meta_data":{"post_id":"906271","title":null,"description":null,"keywords":null,"keyphrases":null,"primary_term":null,"canonical_url":null,"og_title":null,"og_description":null,"og_object_type":"default","og_image_type":"default","og_image_url":null,"og_image_width":null,"og_image_height":null,"og_image_custom_url":null,"og_image_custom_fields":null,"og_video":null,"og_custom_url":null,"og_article_section":null,"og_article_tags":null,"twitter_use_og":false,"twitter_card":"default","twitter_image_type":"default","twitter_image_url":null,"twitter_image_custom_url":null,"twitter_image_custom_fields":null,"twitter_title":null,"twitter_description":null,"schema":{"blockGraphs":[],"customGraphs":[],"default":{"data":{"Article":[],"Course":[],"Dataset":[],"FAQPage":[],"Movie":[],"Person":[],"Product":[],"ProductReview":[],"Car":[],"Recipe":[],"Service":[],"SoftwareApplication":[],"WebPage":[]},"graphName":"","isEnabled":true},"graphs":[],"defaultGraph":"","defaultPostTypeGraph":""},"schema_type":null,"schema_type_options":null,"pillar_content":false,"robots_default":true,"robots_noindex":false,"robots_noarchive":false,"robots_nosnippet":false,"robots_nofollow":false,"robots_noimageindex":false,"robots_noodp":false,"robots_notranslate":false,"robots_max_snippet":null,"robots_max_videopreview":null,"robots_max_imagepreview":"large","priority":null,"frequency":null,"local_seo":null,"seo_analyzer_scan_date":"2025-11-30 08:26:19","breadcrumb_settings":null,"limit_modified_date":false,"open_ai":null,"ai":null,"created":"2020-12-21 14:01:56","updated":"2025-11-30 08:26:19"},"aioseo_breadcrumb":"<div class=\"aioseo-breadcrumbs\"><span class=\"aioseo-breadcrumb\">\n\t<a href=\"https:\/\/www.eldigitaldeasturias.com\/noticias\" title=\"Home\">Home<\/a>\n<\/span><span class=\"aioseo-breadcrumb-separator\">\u2013<\/span><span class=\"aioseo-breadcrumb\">\n\t<a href=\"https:\/\/www.eldigitaldeasturias.com\/noticias\/category\/actualidad\/\" title=\"Actualidad\">Actualidad<\/a>\n<\/span><span class=\"aioseo-breadcrumb-separator\">\u2013<\/span><span class=\"aioseo-breadcrumb\">\n\t<a href=\"https:\/\/www.eldigitaldeasturias.com\/noticias\/alberto-nadal-no-podemos-volver-a-dedicar-una-legislatura-energetica-a-recomponer-las-cosas\/\" title=\"Alberto Nadal: \u00abNo podemos volver a dedicar una legislatura energ\u00e9tica a recomponer las cosas\u00bb\">Alberto Nadal: \u00abNo podemos volver a dedicar una legislatura energ\u00e9tica a recomponer las cosas\u00bb<\/a>\n<\/span><\/div>","aioseo_breadcrumb_json":[{"label":"Home","link":"https:\/\/www.eldigitaldeasturias.com\/noticias"},{"label":"Actualidad","link":"https:\/\/www.eldigitaldeasturias.com\/noticias\/category\/actualidad\/"},{"label":"Alberto Nadal: \u00abNo podemos volver a dedicar una legislatura energ\u00e9tica a recomponer las cosas\u00bb","link":"https:\/\/www.eldigitaldeasturias.com\/noticias\/alberto-nadal-no-podemos-volver-a-dedicar-una-legislatura-energetica-a-recomponer-las-cosas\/"}],"_links":{"self":[{"href":"https:\/\/www.eldigitaldeasturias.com\/noticias\/wp-json\/wp\/v2\/posts\/906271","targetHints":{"allow":["GET"]}}],"collection":[{"href":"https:\/\/www.eldigitaldeasturias.com\/noticias\/wp-json\/wp\/v2\/posts"}],"about":[{"href":"https:\/\/www.eldigitaldeasturias.com\/noticias\/wp-json\/wp\/v2\/types\/post"}],"author":[{"embeddable":true,"href":"https:\/\/www.eldigitaldeasturias.com\/noticias\/wp-json\/wp\/v2\/users\/1"}],"replies":[{"embeddable":true,"href":"https:\/\/www.eldigitaldeasturias.com\/noticias\/wp-json\/wp\/v2\/comments?post=906271"}],"version-history":[{"count":0,"href":"https:\/\/www.eldigitaldeasturias.com\/noticias\/wp-json\/wp\/v2\/posts\/906271\/revisions"}],"wp:featuredmedia":[{"embeddable":true,"href":"https:\/\/www.eldigitaldeasturias.com\/noticias\/wp-json\/wp\/v2\/media\/906272"}],"wp:attachment":[{"href":"https:\/\/www.eldigitaldeasturias.com\/noticias\/wp-json\/wp\/v2\/media?parent=906271"}],"wp:term":[{"taxonomy":"category","embeddable":true,"href":"https:\/\/www.eldigitaldeasturias.com\/noticias\/wp-json\/wp\/v2\/categories?post=906271"},{"taxonomy":"post_tag","embeddable":true,"href":"https:\/\/www.eldigitaldeasturias.com\/noticias\/wp-json\/wp\/v2\/tags?post=906271"}],"curies":[{"name":"wp","href":"https:\/\/api.w.org\/{rel}","templated":true}]}}