{"id":906268,"date":"2016-09-07T13:32:47","date_gmt":"2016-09-07T12:32:47","guid":{"rendered":"http:\/\/www.eldigitaldeasturias.com\/noticias\/?p=906268"},"modified":"2016-09-07T13:32:47","modified_gmt":"2016-09-07T12:32:47","slug":"pedro-luis-hojas-no-descarta-que-el-conflicto-minero-derive-en-una-gran-movilizacion-general","status":"publish","type":"post","link":"https:\/\/www.eldigitaldeasturias.com\/noticias\/pedro-luis-hojas-no-descarta-que-el-conflicto-minero-derive-en-una-gran-movilizacion-general\/","title":{"rendered":"Pedro Luis Hojas no descarta que el conflicto minero derive en una gran movilizaci\u00f3n general"},"content":{"rendered":"<p><img loading=\"lazy\" decoding=\"async\" class=\"alignleft size-medium wp-image-906269\" src=\"https:\/\/www.eldigitaldeasturias.com\/noticias\/wp-content\/uploads\/2016\/09\/fotonoticia_20160907114819_800-240x320.jpg\" alt=\"fotonoticia_20160907114819_800\" width=\"240\" height=\"320\" srcset=\"https:\/\/www.eldigitaldeasturias.com\/noticias\/wp-content\/uploads\/2016\/09\/fotonoticia_20160907114819_800-240x320.jpg 240w, https:\/\/www.eldigitaldeasturias.com\/noticias\/wp-content\/uploads\/2016\/09\/fotonoticia_20160907114819_800-768x1024.jpg 768w, https:\/\/www.eldigitaldeasturias.com\/noticias\/wp-content\/uploads\/2016\/09\/fotonoticia_20160907114819_800-487x650.jpg 487w, https:\/\/www.eldigitaldeasturias.com\/noticias\/wp-content\/uploads\/2016\/09\/fotonoticia_20160907114819_800.jpg 800w\" sizes=\"auto, (max-width: 240px) 100vw, 240px\" \/>El secretario general de UGT FICA, Pedro Luis Hojas, ha avanzado este mi\u00e9rcoles en Gij\u00f3n que luchar\u00e1n \u00abcon u\u00f1as y dientes\u00bb para evitar que en breve plazo de tiempo nos encontremos con el cierre de las minas, que condenar\u00eda a las Cuencas Mineras a la \u00abdesertizaci\u00f3n\u00bb. Eso s\u00ed, ha advertido de que UGT no se hace responsable de la deriva que puedan tomar las movilizaciones mineras.<\/p>\n<p>\u00abNo lo vamos a consentir\u00bb, ha apuntado, en rueda de prensa en el Centro de Cultura Antiguo Instituto, acompa\u00f1ado del secretario general de UGT en Asturias, Javier Fern\u00e1ndez Lanero, y del secretario general del SOMA-FITAG-UGT, Jos\u00e9 Luis Alperi, tras una reuni\u00f3n previa con responsables de miner\u00eda de este sindicato.<\/p>\n<p>Hojas ha incidido en que desde 2014 no se convoca la Comisi\u00f3n de Seguimiento de los acuerdos del carb\u00f3n, acuerdo marco que regulaba el cierre de las minas hasta 2018 y que, seg\u00fan \u00e9l, el Gobierno est\u00e1 incumpliendo. Algo de lo que ha culpado directamente al ex ministro de Industria y Energ\u00eda, Jos\u00e9 Manuel Soria, al argumentar que este no confiaba en el sector.<\/p>\n<p>\u00abHa ido a por \u00e9l\u00bb, ha sostenido sobre el PP. \u00abNos tiene enfrente\u00bb, ha recalcado, no obstante, sobre la \u00abinacci\u00f3n\u00bb del Gobierno nacional. Asimismo, ha incidido en que pese a las exigencias de Bruselas, el Gobierno central actu\u00f3 en favor de cerrar las minas, cuando deber\u00eda haber apostado por el carb\u00f3n nacional.<\/p>\n<p>Ha llamado la atenci\u00f3n, en este caso, sobre que no se va a dejar de quemar carb\u00f3n, sino que la cuesti\u00f3n ser\u00e1 la procedencia del mismo. En esta l\u00ednea, ha conminado al Gobierno central a respetar el porcentaje de quema de carb\u00f3n aut\u00f3ctono \u00aby si no que tenga la valent\u00eda de dec\u00edrnoslo a la cara\u00bb.<\/p>\n<p>Ha advertido, adem\u00e1s, de que la conflictividad que vive en estos momentos la miner\u00eda puede ser la \u00abpunta del iceberg\u00bb de lo que pueda pasar en otros sectores, al estar llegando la sociedad \u00abal hartazgo\u00bb con el Gobierno central. Es por ello, que no ha descartado que pueda llegar a convocarse una gran movilizaci\u00f3n a nivel general. \u00abYa basta de seguir castigando a los menos favorecidos y a los trabajadores en general\u00bb, ha a\u00f1adido.<\/p>\n<p>Alperi, por su lado, ha acusado al Gobierno del PP de llevar a las empresas mineras \u00abal l\u00edmite\u00bb y ha urgido a convocar la Comisi\u00f3n de Seguimiento de los acuerdos en la que se aborde la quema de carb\u00f3n nacional. En este sentido, ha se\u00f1alado que en este d\u00eda los sindicatos se reun\u00edan en Madrid para coordinar los pasos a seguir.<\/p>\n<p>Seg\u00fan \u00e9l, el Gobierno central puso a la miner\u00eda en niveles de quema de carb\u00f3n que deber\u00edan aplicarse en 2017, como estaba pactado. A este respecto, ha apuntado que en 2015 la quema de carb\u00f3n nacional supuso entre un tres y un cuatro por ciento, cuando en el acuerdo firmado deber\u00eda ser de un 7,5 por ciento.<\/p>\n<p>En cuanto a las exigencias de la UE, ha recordado que el Gobierno puede ejercer su soberan\u00eda en materia energ\u00e9tica. Es m\u00e1s, ha echado en falta un plan energ\u00e9tico como el que tiene Alemania, que ya sabe a partir de 2019 qu\u00e9 cantidad de carb\u00f3n va a producir y cu\u00e1ntos mineros precisa. \u00abFalta voluntad pol\u00edtica\u00bb, ha apuntado sobre Espa\u00f1a. Es m\u00e1s, ha lamentado que Europa \u00abse cruza de brazos\u00bb ante los incumplimientos del acuerdo minero en Espa\u00f1a.<\/p>\n<p>&nbsp;<\/p>\n","protected":false},"excerpt":{"rendered":"<p>El secretario general de UGT FICA, Pedro Luis Hojas, ha avanzado este mi\u00e9rcoles en Gij\u00f3n que luchar\u00e1n \u00abcon u\u00f1as y dientes\u00bb para evitar que en breve plazo de tiempo nos encontremos con el cierre de las minas, que condenar\u00eda a las Cuencas Mineras a la \u00abdesertizaci\u00f3n\u00bb. Eso s\u00ed, ha advertido de que UGT no se [&hellip;]<\/p>\n","protected":false},"author":1,"featured_media":906269,"comment_status":"closed","ping_status":"closed","sticky":false,"template":"","format":"standard","meta":{"footnotes":""},"categories":[12],"tags":[],"class_list":["post-906268","post","type-post","status-publish","format-standard","has-post-thumbnail","hentry","category-actualidad-asturias"],"aioseo_notices":[],"aioseo_head":"\n\t\t<!-- All in One SEO Pro 4.9.6.2 - aioseo.com -->\n\t<meta name=\"description\" content=\"El secretario general de UGT FICA, Pedro Luis Hojas, ha avanzado este mi\u00e9rcoles en Gij\u00f3n que luchar\u00e1n &quot;con u\u00f1as y dientes&quot; para evitar que en breve plazo de tiempo nos encontremos con el cierre de las minas, que condenar\u00eda a las Cuencas Mineras a la &quot;desertizaci\u00f3n&quot;. Eso s\u00ed, ha advertido de que UGT no se\" \/>\n\t<meta name=\"robots\" content=\"max-image-preview:large\" \/>\n\t<meta name=\"author\" content=\"El Digital de Asturias\"\/>\n\t<meta name=\"google-site-verification\" content=\"UA-38556648-1\" \/>\n\t<meta name=\"msvalidate.01\" content=\"7dfe9f3f1b24437ab69f4f2559babe99\" \/>\n\t<meta name=\"keywords\" content=\"actualidad asturias\" \/>\n\t<link rel=\"canonical\" href=\"https:\/\/www.eldigitaldeasturias.com\/noticias\/pedro-luis-hojas-no-descarta-que-el-conflicto-minero-derive-en-una-gran-movilizacion-general\/\" \/>\n\t<meta name=\"generator\" content=\"All in One SEO Pro (AIOSEO) 4.9.6.2\" \/>\n\t\t<meta property=\"og:locale\" content=\"es_ES\" \/>\n\t\t<meta property=\"og:site_name\" content=\"El Digital de Asturias\" \/>\n\t\t<meta property=\"og:type\" content=\"article\" \/>\n\t\t<meta property=\"og:title\" content=\"Pedro Luis Hojas no descarta que el conflicto minero derive en una gran movilizaci\u00f3n general - El Digital de Asturias\" \/>\n\t\t<meta property=\"og:description\" content=\"El secretario general de UGT FICA, Pedro Luis Hojas, ha avanzado este mi\u00e9rcoles en Gij\u00f3n que luchar\u00e1n &quot;con u\u00f1as y dientes&quot; para evitar que en breve plazo de tiempo nos encontremos con el cierre de las minas, que condenar\u00eda a las Cuencas Mineras a la &quot;desertizaci\u00f3n&quot;. Eso s\u00ed, ha advertido de que UGT no se\" \/>\n\t\t<meta property=\"og:url\" content=\"https:\/\/www.eldigitaldeasturias.com\/noticias\/pedro-luis-hojas-no-descarta-que-el-conflicto-minero-derive-en-una-gran-movilizacion-general\/\" \/>\n\t\t<meta property=\"og:image\" content=\"https:\/\/www.eldigitaldeasturias.com\/noticias\/wp-content\/uploads\/2016\/09\/fotonoticia_20160907114819_800.jpg\" \/>\n\t\t<meta property=\"og:image:secure_url\" content=\"https:\/\/www.eldigitaldeasturias.com\/noticias\/wp-content\/uploads\/2016\/09\/fotonoticia_20160907114819_800.jpg\" \/>\n\t\t<meta property=\"og:image:width\" content=\"800\" \/>\n\t\t<meta property=\"og:image:height\" content=\"1067\" \/>\n\t\t<meta property=\"article:tag\" content=\"actualidad asturias\" \/>\n\t\t<meta property=\"article:published_time\" content=\"2016-09-07T12:32:47+00:00\" \/>\n\t\t<meta property=\"article:modified_time\" content=\"2016-09-07T12:32:47+00:00\" \/>\n\t\t<meta property=\"article:publisher\" content=\"https:\/\/facebook.com\/eldigitaldeasturias\" \/>\n\t\t<meta name=\"twitter:card\" content=\"summary_large_image\" \/>\n\t\t<meta name=\"twitter:title\" content=\"Pedro Luis Hojas no descarta que el conflicto minero derive en una gran movilizaci\u00f3n general - El Digital de Asturias\" \/>\n\t\t<meta name=\"twitter:description\" content=\"El secretario general de UGT FICA, Pedro Luis Hojas, ha avanzado este mi\u00e9rcoles en Gij\u00f3n que luchar\u00e1n &quot;con u\u00f1as y dientes&quot; para evitar que en breve plazo de tiempo nos encontremos con el cierre de las minas, que condenar\u00eda a las Cuencas Mineras a la &quot;desertizaci\u00f3n&quot;. Eso s\u00ed, ha advertido de que UGT no se\" \/>\n\t\t<meta name=\"twitter:image\" content=\"https:\/\/www.eldigitaldeasturias.com\/noticias\/wp-content\/uploads\/2016\/09\/fotonoticia_20160907114819_800.jpg\" \/>\n\t\t<meta name=\"twitter:label1\" content=\"Escrito por\" \/>\n\t\t<meta name=\"twitter:data1\" content=\"El Digital de Asturias\" \/>\n\t\t<meta name=\"twitter:label2\" content=\"Tiempo de lectura estimado\" \/>\n\t\t<meta name=\"twitter:data2\" content=\"3 minutos\" \/>\n\t\t<script type=\"application\/ld+json\" class=\"aioseo-schema\">\n\t\t\t{\"@context\":\"https:\\\/\\\/schema.org\",\"@graph\":[{\"@type\":\"BlogPosting\",\"@id\":\"https:\\\/\\\/www.eldigitaldeasturias.com\\\/noticias\\\/pedro-luis-hojas-no-descarta-que-el-conflicto-minero-derive-en-una-gran-movilizacion-general\\\/#blogposting\",\"name\":\"Pedro Luis Hojas no descarta que el conflicto minero derive en una gran movilizaci\\u00f3n general - El Digital de Asturias\",\"headline\":\"Pedro Luis Hojas no descarta que el conflicto minero derive en una gran movilizaci\\u00f3n general\",\"author\":{\"@id\":\"https:\\\/\\\/www.eldigitaldeasturias.com\\\/noticias\\\/author\\\/admin\\\/#author\"},\"publisher\":{\"@id\":\"https:\\\/\\\/www.eldigitaldeasturias.com\\\/noticias\\\/#organization\"},\"image\":{\"@type\":\"ImageObject\",\"url\":\"https:\\\/\\\/www.eldigitaldeasturias.com\\\/noticias\\\/wp-content\\\/uploads\\\/2016\\\/09\\\/fotonoticia_20160907114819_800.jpg\",\"width\":800,\"height\":1067},\"datePublished\":\"2016-09-07T13:32:47+02:00\",\"dateModified\":\"2016-09-07T13:32:47+02:00\",\"inLanguage\":\"es-ES\",\"mainEntityOfPage\":{\"@id\":\"https:\\\/\\\/www.eldigitaldeasturias.com\\\/noticias\\\/pedro-luis-hojas-no-descarta-que-el-conflicto-minero-derive-en-una-gran-movilizacion-general\\\/#webpage\"},\"isPartOf\":{\"@id\":\"https:\\\/\\\/www.eldigitaldeasturias.com\\\/noticias\\\/pedro-luis-hojas-no-descarta-que-el-conflicto-minero-derive-en-una-gran-movilizacion-general\\\/#webpage\"},\"articleSection\":\"Actualidad Asturias\"},{\"@type\":\"BreadcrumbList\",\"@id\":\"https:\\\/\\\/www.eldigitaldeasturias.com\\\/noticias\\\/pedro-luis-hojas-no-descarta-que-el-conflicto-minero-derive-en-una-gran-movilizacion-general\\\/#breadcrumblist\",\"itemListElement\":[{\"@type\":\"ListItem\",\"@id\":\"https:\\\/\\\/www.eldigitaldeasturias.com\\\/noticias#listItem\",\"position\":1,\"name\":\"Home\",\"item\":\"https:\\\/\\\/www.eldigitaldeasturias.com\\\/noticias\",\"nextItem\":{\"@type\":\"ListItem\",\"@id\":\"https:\\\/\\\/www.eldigitaldeasturias.com\\\/noticias\\\/category\\\/actualidad-asturias\\\/#listItem\",\"name\":\"Actualidad Asturias\"}},{\"@type\":\"ListItem\",\"@id\":\"https:\\\/\\\/www.eldigitaldeasturias.com\\\/noticias\\\/category\\\/actualidad-asturias\\\/#listItem\",\"position\":2,\"name\":\"Actualidad Asturias\",\"item\":\"https:\\\/\\\/www.eldigitaldeasturias.com\\\/noticias\\\/category\\\/actualidad-asturias\\\/\",\"nextItem\":{\"@type\":\"ListItem\",\"@id\":\"https:\\\/\\\/www.eldigitaldeasturias.com\\\/noticias\\\/pedro-luis-hojas-no-descarta-que-el-conflicto-minero-derive-en-una-gran-movilizacion-general\\\/#listItem\",\"name\":\"Pedro Luis Hojas no descarta que el conflicto minero derive en una gran movilizaci\\u00f3n general\"},\"previousItem\":{\"@type\":\"ListItem\",\"@id\":\"https:\\\/\\\/www.eldigitaldeasturias.com\\\/noticias#listItem\",\"name\":\"Home\"}},{\"@type\":\"ListItem\",\"@id\":\"https:\\\/\\\/www.eldigitaldeasturias.com\\\/noticias\\\/pedro-luis-hojas-no-descarta-que-el-conflicto-minero-derive-en-una-gran-movilizacion-general\\\/#listItem\",\"position\":3,\"name\":\"Pedro Luis Hojas no descarta que el conflicto minero derive en una gran movilizaci\\u00f3n general\",\"previousItem\":{\"@type\":\"ListItem\",\"@id\":\"https:\\\/\\\/www.eldigitaldeasturias.com\\\/noticias\\\/category\\\/actualidad-asturias\\\/#listItem\",\"name\":\"Actualidad Asturias\"}}]},{\"@type\":\"Organization\",\"@id\":\"https:\\\/\\\/www.eldigitaldeasturias.com\\\/noticias\\\/#organization\",\"name\":\"El Digital de Asturias\",\"description\":\"Hemeroteca\",\"url\":\"https:\\\/\\\/www.eldigitaldeasturias.com\\\/noticias\\\/\",\"email\":\"info@eldigitaldeasturias.com\",\"telephone\":\"+34652131393\",\"logo\":{\"@type\":\"ImageObject\",\"url\":\"https:\\\/\\\/www.eldigitaldeasturias.com\\\/noticias\\\/wp-content\\\/uploads\\\/2020\\\/12\\\/EDA.jpg\",\"@id\":\"https:\\\/\\\/www.eldigitaldeasturias.com\\\/noticias\\\/pedro-luis-hojas-no-descarta-que-el-conflicto-minero-derive-en-una-gran-movilizacion-general\\\/#organizationLogo\",\"width\":649,\"height\":297},\"image\":{\"@id\":\"https:\\\/\\\/www.eldigitaldeasturias.com\\\/noticias\\\/pedro-luis-hojas-no-descarta-que-el-conflicto-minero-derive-en-una-gran-movilizacion-general\\\/#organizationLogo\"},\"sameAs\":[\"https:\\\/\\\/facebook.com\\\/eldigitaldeasturias\",\"https:\\\/\\\/www.youtube.com\\\/channel\\\/UCZP-2wLEB9Rv6erhFmqVnvg\"],\"address\":{\"@id\":\"https:\\\/\\\/www.eldigitaldeasturias.com\\\/noticias\\\/#postaladdress\",\"@type\":\"PostalAddress\",\"streetAddress\":\"san antonio 4,\",\"postalCode\":\"33430\",\"addressLocality\":\"Cand\\u00e1s\",\"addressRegion\":\"Asturias\",\"addressCountry\":\"ES\"}},{\"@type\":\"Person\",\"@id\":\"https:\\\/\\\/www.eldigitaldeasturias.com\\\/noticias\\\/author\\\/admin\\\/#author\",\"url\":\"https:\\\/\\\/www.eldigitaldeasturias.com\\\/noticias\\\/author\\\/admin\\\/\",\"name\":\"El Digital de Asturias\",\"image\":{\"@type\":\"ImageObject\",\"@id\":\"https:\\\/\\\/www.eldigitaldeasturias.com\\\/noticias\\\/pedro-luis-hojas-no-descarta-que-el-conflicto-minero-derive-en-una-gran-movilizacion-general\\\/#authorImage\",\"url\":\"https:\\\/\\\/www.eldigitaldeasturias.com\\\/noticias\\\/wp-content\\\/litespeed\\\/avatar\\\/18677e78aa0546b92d9dbf31ec7d7668.jpg?ver=1777290358\",\"width\":96,\"height\":96,\"caption\":\"El Digital de Asturias\"}},{\"@type\":\"WebPage\",\"@id\":\"https:\\\/\\\/www.eldigitaldeasturias.com\\\/noticias\\\/pedro-luis-hojas-no-descarta-que-el-conflicto-minero-derive-en-una-gran-movilizacion-general\\\/#webpage\",\"url\":\"https:\\\/\\\/www.eldigitaldeasturias.com\\\/noticias\\\/pedro-luis-hojas-no-descarta-que-el-conflicto-minero-derive-en-una-gran-movilizacion-general\\\/\",\"name\":\"Pedro Luis Hojas no descarta que el conflicto minero derive en una gran movilizaci\\u00f3n general - El Digital de Asturias\",\"description\":\"El secretario general de UGT FICA, Pedro Luis Hojas, ha avanzado este mi\\u00e9rcoles en Gij\\u00f3n que luchar\\u00e1n \\\"con u\\u00f1as y dientes\\\" para evitar que en breve plazo de tiempo nos encontremos con el cierre de las minas, que condenar\\u00eda a las Cuencas Mineras a la \\\"desertizaci\\u00f3n\\\". Eso s\\u00ed, ha advertido de que UGT no se\",\"inLanguage\":\"es-ES\",\"isPartOf\":{\"@id\":\"https:\\\/\\\/www.eldigitaldeasturias.com\\\/noticias\\\/#website\"},\"breadcrumb\":{\"@id\":\"https:\\\/\\\/www.eldigitaldeasturias.com\\\/noticias\\\/pedro-luis-hojas-no-descarta-que-el-conflicto-minero-derive-en-una-gran-movilizacion-general\\\/#breadcrumblist\"},\"author\":{\"@id\":\"https:\\\/\\\/www.eldigitaldeasturias.com\\\/noticias\\\/author\\\/admin\\\/#author\"},\"creator\":{\"@id\":\"https:\\\/\\\/www.eldigitaldeasturias.com\\\/noticias\\\/author\\\/admin\\\/#author\"},\"image\":{\"@type\":\"ImageObject\",\"url\":\"https:\\\/\\\/www.eldigitaldeasturias.com\\\/noticias\\\/wp-content\\\/uploads\\\/2016\\\/09\\\/fotonoticia_20160907114819_800.jpg\",\"@id\":\"https:\\\/\\\/www.eldigitaldeasturias.com\\\/noticias\\\/pedro-luis-hojas-no-descarta-que-el-conflicto-minero-derive-en-una-gran-movilizacion-general\\\/#mainImage\",\"width\":800,\"height\":1067},\"primaryImageOfPage\":{\"@id\":\"https:\\\/\\\/www.eldigitaldeasturias.com\\\/noticias\\\/pedro-luis-hojas-no-descarta-que-el-conflicto-minero-derive-en-una-gran-movilizacion-general\\\/#mainImage\"},\"datePublished\":\"2016-09-07T13:32:47+02:00\",\"dateModified\":\"2016-09-07T13:32:47+02:00\"},{\"@type\":\"WebSite\",\"@id\":\"https:\\\/\\\/www.eldigitaldeasturias.com\\\/noticias\\\/#website\",\"url\":\"https:\\\/\\\/www.eldigitaldeasturias.com\\\/noticias\\\/\",\"name\":\"El Digital de Asturias - Diario de actualidad y noticias\",\"alternateName\":\"El Digital de Asturias - Diario de actualidad y noticias\",\"description\":\"Hemeroteca\",\"inLanguage\":\"es-ES\",\"publisher\":{\"@id\":\"https:\\\/\\\/www.eldigitaldeasturias.com\\\/noticias\\\/#organization\"}}]}\n\t\t<\/script>\n\t\t<!-- All in One SEO Pro -->\r\n\t\t<title>Pedro Luis Hojas no descarta que el conflicto minero derive en una gran movilizaci\u00f3n general - El Digital de Asturias<\/title>\n\n","aioseo_head_json":{"title":"Pedro Luis Hojas no descarta que el conflicto minero derive en una gran movilizaci\u00f3n general - El Digital de Asturias","description":"El secretario general de UGT FICA, Pedro Luis Hojas, ha avanzado este mi\u00e9rcoles en Gij\u00f3n que luchar\u00e1n \"con u\u00f1as y dientes\" para evitar que en breve plazo de tiempo nos encontremos con el cierre de las minas, que condenar\u00eda a las Cuencas Mineras a la \"desertizaci\u00f3n\". Eso s\u00ed, ha advertido de que UGT no se","canonical_url":"https:\/\/www.eldigitaldeasturias.com\/noticias\/pedro-luis-hojas-no-descarta-que-el-conflicto-minero-derive-en-una-gran-movilizacion-general\/","robots":"max-image-preview:large","keywords":"actualidad asturias","webmasterTools":{"google-site-verification":"UA-38556648-1","msvalidate.01":"7dfe9f3f1b24437ab69f4f2559babe99","miscellaneous":""},"schema":{"@context":"https:\/\/schema.org","@graph":[{"@type":"BlogPosting","@id":"https:\/\/www.eldigitaldeasturias.com\/noticias\/pedro-luis-hojas-no-descarta-que-el-conflicto-minero-derive-en-una-gran-movilizacion-general\/#blogposting","name":"Pedro Luis Hojas no descarta que el conflicto minero derive en una gran movilizaci\u00f3n general - El Digital de Asturias","headline":"Pedro Luis Hojas no descarta que el conflicto minero derive en una gran movilizaci\u00f3n general","author":{"@id":"https:\/\/www.eldigitaldeasturias.com\/noticias\/author\/admin\/#author"},"publisher":{"@id":"https:\/\/www.eldigitaldeasturias.com\/noticias\/#organization"},"image":{"@type":"ImageObject","url":"https:\/\/www.eldigitaldeasturias.com\/noticias\/wp-content\/uploads\/2016\/09\/fotonoticia_20160907114819_800.jpg","width":800,"height":1067},"datePublished":"2016-09-07T13:32:47+02:00","dateModified":"2016-09-07T13:32:47+02:00","inLanguage":"es-ES","mainEntityOfPage":{"@id":"https:\/\/www.eldigitaldeasturias.com\/noticias\/pedro-luis-hojas-no-descarta-que-el-conflicto-minero-derive-en-una-gran-movilizacion-general\/#webpage"},"isPartOf":{"@id":"https:\/\/www.eldigitaldeasturias.com\/noticias\/pedro-luis-hojas-no-descarta-que-el-conflicto-minero-derive-en-una-gran-movilizacion-general\/#webpage"},"articleSection":"Actualidad Asturias"},{"@type":"BreadcrumbList","@id":"https:\/\/www.eldigitaldeasturias.com\/noticias\/pedro-luis-hojas-no-descarta-que-el-conflicto-minero-derive-en-una-gran-movilizacion-general\/#breadcrumblist","itemListElement":[{"@type":"ListItem","@id":"https:\/\/www.eldigitaldeasturias.com\/noticias#listItem","position":1,"name":"Home","item":"https:\/\/www.eldigitaldeasturias.com\/noticias","nextItem":{"@type":"ListItem","@id":"https:\/\/www.eldigitaldeasturias.com\/noticias\/category\/actualidad-asturias\/#listItem","name":"Actualidad Asturias"}},{"@type":"ListItem","@id":"https:\/\/www.eldigitaldeasturias.com\/noticias\/category\/actualidad-asturias\/#listItem","position":2,"name":"Actualidad Asturias","item":"https:\/\/www.eldigitaldeasturias.com\/noticias\/category\/actualidad-asturias\/","nextItem":{"@type":"ListItem","@id":"https:\/\/www.eldigitaldeasturias.com\/noticias\/pedro-luis-hojas-no-descarta-que-el-conflicto-minero-derive-en-una-gran-movilizacion-general\/#listItem","name":"Pedro Luis Hojas no descarta que el conflicto minero derive en una gran movilizaci\u00f3n general"},"previousItem":{"@type":"ListItem","@id":"https:\/\/www.eldigitaldeasturias.com\/noticias#listItem","name":"Home"}},{"@type":"ListItem","@id":"https:\/\/www.eldigitaldeasturias.com\/noticias\/pedro-luis-hojas-no-descarta-que-el-conflicto-minero-derive-en-una-gran-movilizacion-general\/#listItem","position":3,"name":"Pedro Luis Hojas no descarta que el conflicto minero derive en una gran movilizaci\u00f3n general","previousItem":{"@type":"ListItem","@id":"https:\/\/www.eldigitaldeasturias.com\/noticias\/category\/actualidad-asturias\/#listItem","name":"Actualidad Asturias"}}]},{"@type":"Organization","@id":"https:\/\/www.eldigitaldeasturias.com\/noticias\/#organization","name":"El Digital de Asturias","description":"Hemeroteca","url":"https:\/\/www.eldigitaldeasturias.com\/noticias\/","email":"info@eldigitaldeasturias.com","telephone":"+34652131393","logo":{"@type":"ImageObject","url":"https:\/\/www.eldigitaldeasturias.com\/noticias\/wp-content\/uploads\/2020\/12\/EDA.jpg","@id":"https:\/\/www.eldigitaldeasturias.com\/noticias\/pedro-luis-hojas-no-descarta-que-el-conflicto-minero-derive-en-una-gran-movilizacion-general\/#organizationLogo","width":649,"height":297},"image":{"@id":"https:\/\/www.eldigitaldeasturias.com\/noticias\/pedro-luis-hojas-no-descarta-que-el-conflicto-minero-derive-en-una-gran-movilizacion-general\/#organizationLogo"},"sameAs":["https:\/\/facebook.com\/eldigitaldeasturias","https:\/\/www.youtube.com\/channel\/UCZP-2wLEB9Rv6erhFmqVnvg"],"address":{"@id":"https:\/\/www.eldigitaldeasturias.com\/noticias\/#postaladdress","@type":"PostalAddress","streetAddress":"san antonio 4,","postalCode":"33430","addressLocality":"Cand\u00e1s","addressRegion":"Asturias","addressCountry":"ES"}},{"@type":"Person","@id":"https:\/\/www.eldigitaldeasturias.com\/noticias\/author\/admin\/#author","url":"https:\/\/www.eldigitaldeasturias.com\/noticias\/author\/admin\/","name":"El Digital de Asturias","image":{"@type":"ImageObject","@id":"https:\/\/www.eldigitaldeasturias.com\/noticias\/pedro-luis-hojas-no-descarta-que-el-conflicto-minero-derive-en-una-gran-movilizacion-general\/#authorImage","url":"https:\/\/www.eldigitaldeasturias.com\/noticias\/wp-content\/litespeed\/avatar\/18677e78aa0546b92d9dbf31ec7d7668.jpg?ver=1777290358","width":96,"height":96,"caption":"El Digital de Asturias"}},{"@type":"WebPage","@id":"https:\/\/www.eldigitaldeasturias.com\/noticias\/pedro-luis-hojas-no-descarta-que-el-conflicto-minero-derive-en-una-gran-movilizacion-general\/#webpage","url":"https:\/\/www.eldigitaldeasturias.com\/noticias\/pedro-luis-hojas-no-descarta-que-el-conflicto-minero-derive-en-una-gran-movilizacion-general\/","name":"Pedro Luis Hojas no descarta que el conflicto minero derive en una gran movilizaci\u00f3n general - El Digital de Asturias","description":"El secretario general de UGT FICA, Pedro Luis Hojas, ha avanzado este mi\u00e9rcoles en Gij\u00f3n que luchar\u00e1n \"con u\u00f1as y dientes\" para evitar que en breve plazo de tiempo nos encontremos con el cierre de las minas, que condenar\u00eda a las Cuencas Mineras a la \"desertizaci\u00f3n\". Eso s\u00ed, ha advertido de que UGT no se","inLanguage":"es-ES","isPartOf":{"@id":"https:\/\/www.eldigitaldeasturias.com\/noticias\/#website"},"breadcrumb":{"@id":"https:\/\/www.eldigitaldeasturias.com\/noticias\/pedro-luis-hojas-no-descarta-que-el-conflicto-minero-derive-en-una-gran-movilizacion-general\/#breadcrumblist"},"author":{"@id":"https:\/\/www.eldigitaldeasturias.com\/noticias\/author\/admin\/#author"},"creator":{"@id":"https:\/\/www.eldigitaldeasturias.com\/noticias\/author\/admin\/#author"},"image":{"@type":"ImageObject","url":"https:\/\/www.eldigitaldeasturias.com\/noticias\/wp-content\/uploads\/2016\/09\/fotonoticia_20160907114819_800.jpg","@id":"https:\/\/www.eldigitaldeasturias.com\/noticias\/pedro-luis-hojas-no-descarta-que-el-conflicto-minero-derive-en-una-gran-movilizacion-general\/#mainImage","width":800,"height":1067},"primaryImageOfPage":{"@id":"https:\/\/www.eldigitaldeasturias.com\/noticias\/pedro-luis-hojas-no-descarta-que-el-conflicto-minero-derive-en-una-gran-movilizacion-general\/#mainImage"},"datePublished":"2016-09-07T13:32:47+02:00","dateModified":"2016-09-07T13:32:47+02:00"},{"@type":"WebSite","@id":"https:\/\/www.eldigitaldeasturias.com\/noticias\/#website","url":"https:\/\/www.eldigitaldeasturias.com\/noticias\/","name":"El Digital de Asturias - Diario de actualidad y noticias","alternateName":"El Digital de Asturias - Diario de actualidad y noticias","description":"Hemeroteca","inLanguage":"es-ES","publisher":{"@id":"https:\/\/www.eldigitaldeasturias.com\/noticias\/#organization"}}]},"og:locale":"es_ES","og:site_name":"El Digital de Asturias","og:type":"article","og:title":"Pedro Luis Hojas no descarta que el conflicto minero derive en una gran movilizaci\u00f3n general - El Digital de Asturias","og:description":"El secretario general de UGT FICA, Pedro Luis Hojas, ha avanzado este mi\u00e9rcoles en Gij\u00f3n que luchar\u00e1n &quot;con u\u00f1as y dientes&quot; para evitar que en breve plazo de tiempo nos encontremos con el cierre de las minas, que condenar\u00eda a las Cuencas Mineras a la &quot;desertizaci\u00f3n&quot;. Eso s\u00ed, ha advertido de que UGT no se","og:url":"https:\/\/www.eldigitaldeasturias.com\/noticias\/pedro-luis-hojas-no-descarta-que-el-conflicto-minero-derive-en-una-gran-movilizacion-general\/","og:image":"https:\/\/www.eldigitaldeasturias.com\/noticias\/wp-content\/uploads\/2016\/09\/fotonoticia_20160907114819_800.jpg","og:image:secure_url":"https:\/\/www.eldigitaldeasturias.com\/noticias\/wp-content\/uploads\/2016\/09\/fotonoticia_20160907114819_800.jpg","og:image:width":800,"og:image:height":1067,"article:tag":["actualidad asturias"],"article:published_time":"2016-09-07T12:32:47+00:00","article:modified_time":"2016-09-07T12:32:47+00:00","article:publisher":"https:\/\/facebook.com\/eldigitaldeasturias","twitter:card":"summary_large_image","twitter:title":"Pedro Luis Hojas no descarta que el conflicto minero derive en una gran movilizaci\u00f3n general - El Digital de Asturias","twitter:description":"El secretario general de UGT FICA, Pedro Luis Hojas, ha avanzado este mi\u00e9rcoles en Gij\u00f3n que luchar\u00e1n &quot;con u\u00f1as y dientes&quot; para evitar que en breve plazo de tiempo nos encontremos con el cierre de las minas, que condenar\u00eda a las Cuencas Mineras a la &quot;desertizaci\u00f3n&quot;. Eso s\u00ed, ha advertido de que UGT no se","twitter:image":"https:\/\/www.eldigitaldeasturias.com\/noticias\/wp-content\/uploads\/2016\/09\/fotonoticia_20160907114819_800.jpg","twitter:label1":"Escrito por","twitter:data1":"El Digital de Asturias","twitter:label2":"Tiempo de lectura estimado","twitter:data2":"3 minutos"},"aioseo_meta_data":{"post_id":"906268","title":null,"description":null,"keywords":null,"keyphrases":null,"primary_term":null,"canonical_url":null,"og_title":null,"og_description":null,"og_object_type":"default","og_image_type":"default","og_image_url":null,"og_image_width":null,"og_image_height":null,"og_image_custom_url":null,"og_image_custom_fields":null,"og_video":null,"og_custom_url":null,"og_article_section":null,"og_article_tags":null,"twitter_use_og":false,"twitter_card":"default","twitter_image_type":"default","twitter_image_url":null,"twitter_image_custom_url":null,"twitter_image_custom_fields":null,"twitter_title":null,"twitter_description":null,"schema":{"blockGraphs":[],"customGraphs":[],"default":{"data":{"Article":[],"Course":[],"Dataset":[],"FAQPage":[],"Movie":[],"Person":[],"Product":[],"ProductReview":[],"Car":[],"Recipe":[],"Service":[],"SoftwareApplication":[],"WebPage":[]},"graphName":"","isEnabled":true},"graphs":[],"defaultGraph":"","defaultPostTypeGraph":""},"schema_type":null,"schema_type_options":null,"pillar_content":false,"robots_default":true,"robots_noindex":false,"robots_noarchive":false,"robots_nosnippet":false,"robots_nofollow":false,"robots_noimageindex":false,"robots_noodp":false,"robots_notranslate":false,"robots_max_snippet":null,"robots_max_videopreview":null,"robots_max_imagepreview":"large","priority":null,"frequency":null,"local_seo":null,"seo_analyzer_scan_date":"2025-11-30 08:26:18","breadcrumb_settings":null,"limit_modified_date":false,"open_ai":null,"ai":null,"created":"2020-12-21 14:01:56","updated":"2025-11-30 08:26:18"},"aioseo_breadcrumb":"<div class=\"aioseo-breadcrumbs\"><span class=\"aioseo-breadcrumb\">\n\t<a href=\"https:\/\/www.eldigitaldeasturias.com\/noticias\" title=\"Home\">Home<\/a>\n<\/span><span class=\"aioseo-breadcrumb-separator\">\u2013<\/span><span class=\"aioseo-breadcrumb\">\n\t<a href=\"https:\/\/www.eldigitaldeasturias.com\/noticias\/category\/actualidad-asturias\/\" title=\"Actualidad Asturias\">Actualidad Asturias<\/a>\n<\/span><span class=\"aioseo-breadcrumb-separator\">\u2013<\/span><span class=\"aioseo-breadcrumb\">\n\t<a href=\"https:\/\/www.eldigitaldeasturias.com\/noticias\/pedro-luis-hojas-no-descarta-que-el-conflicto-minero-derive-en-una-gran-movilizacion-general\/\" title=\"Pedro Luis Hojas no descarta que el conflicto minero derive en una gran movilizaci\u00f3n general\">Pedro Luis Hojas no descarta que el conflicto minero derive en una gran movilizaci\u00f3n general<\/a>\n<\/span><\/div>","aioseo_breadcrumb_json":[{"label":"Home","link":"https:\/\/www.eldigitaldeasturias.com\/noticias"},{"label":"Actualidad Asturias","link":"https:\/\/www.eldigitaldeasturias.com\/noticias\/category\/actualidad-asturias\/"},{"label":"Pedro Luis Hojas no descarta que el conflicto minero derive en una gran movilizaci\u00f3n general","link":"https:\/\/www.eldigitaldeasturias.com\/noticias\/pedro-luis-hojas-no-descarta-que-el-conflicto-minero-derive-en-una-gran-movilizacion-general\/"}],"_links":{"self":[{"href":"https:\/\/www.eldigitaldeasturias.com\/noticias\/wp-json\/wp\/v2\/posts\/906268","targetHints":{"allow":["GET"]}}],"collection":[{"href":"https:\/\/www.eldigitaldeasturias.com\/noticias\/wp-json\/wp\/v2\/posts"}],"about":[{"href":"https:\/\/www.eldigitaldeasturias.com\/noticias\/wp-json\/wp\/v2\/types\/post"}],"author":[{"embeddable":true,"href":"https:\/\/www.eldigitaldeasturias.com\/noticias\/wp-json\/wp\/v2\/users\/1"}],"replies":[{"embeddable":true,"href":"https:\/\/www.eldigitaldeasturias.com\/noticias\/wp-json\/wp\/v2\/comments?post=906268"}],"version-history":[{"count":0,"href":"https:\/\/www.eldigitaldeasturias.com\/noticias\/wp-json\/wp\/v2\/posts\/906268\/revisions"}],"wp:featuredmedia":[{"embeddable":true,"href":"https:\/\/www.eldigitaldeasturias.com\/noticias\/wp-json\/wp\/v2\/media\/906269"}],"wp:attachment":[{"href":"https:\/\/www.eldigitaldeasturias.com\/noticias\/wp-json\/wp\/v2\/media?parent=906268"}],"wp:term":[{"taxonomy":"category","embeddable":true,"href":"https:\/\/www.eldigitaldeasturias.com\/noticias\/wp-json\/wp\/v2\/categories?post=906268"},{"taxonomy":"post_tag","embeddable":true,"href":"https:\/\/www.eldigitaldeasturias.com\/noticias\/wp-json\/wp\/v2\/tags?post=906268"}],"curies":[{"name":"wp","href":"https:\/\/api.w.org\/{rel}","templated":true}]}}