{"id":906262,"date":"2016-09-07T13:29:35","date_gmt":"2016-09-07T12:29:35","guid":{"rendered":"http:\/\/www.eldigitaldeasturias.com\/noticias\/?p=906262"},"modified":"2016-09-07T13:29:35","modified_gmt":"2016-09-07T12:29:35","slug":"la-llingua-asturiana-ya-tien-el-so-sitiu-na-clasificacion-del-proyectu-cldr","status":"publish","type":"post","link":"https:\/\/www.eldigitaldeasturias.com\/noticias\/la-llingua-asturiana-ya-tien-el-so-sitiu-na-clasificacion-del-proyectu-cldr\/","title":{"rendered":"La llingua asturiana y\u00e1 tien el so sitiu na clasificaci\u00f3n del proyectu CLDR"},"content":{"rendered":"<p><img loading=\"lazy\" decoding=\"async\" class=\"alignleft size-medium wp-image-906263\" src=\"https:\/\/www.eldigitaldeasturias.com\/noticias\/wp-content\/uploads\/2016\/09\/fotonoticia_20160907113134_800-360x269.jpg\" alt=\"fotonoticia_20160907113134_800\" width=\"360\" height=\"269\" srcset=\"https:\/\/www.eldigitaldeasturias.com\/noticias\/wp-content\/uploads\/2016\/09\/fotonoticia_20160907113134_800-360x269.jpg 360w, https:\/\/www.eldigitaldeasturias.com\/noticias\/wp-content\/uploads\/2016\/09\/fotonoticia_20160907113134_800-768x574.jpg 768w, https:\/\/www.eldigitaldeasturias.com\/noticias\/wp-content\/uploads\/2016\/09\/fotonoticia_20160907113134_800-650x486.jpg 650w, https:\/\/www.eldigitaldeasturias.com\/noticias\/wp-content\/uploads\/2016\/09\/fotonoticia_20160907113134_800-100x75.jpg 100w, https:\/\/www.eldigitaldeasturias.com\/noticias\/wp-content\/uploads\/2016\/09\/fotonoticia_20160907113134_800.jpg 800w\" sizes=\"auto, (max-width: 360px) 100vw, 360px\" \/>La llingua asturiana y\u00e1 tien el so sitiu na clasificaci\u00f3n del proyectu CLDR (Common Locale Data Repository), cre\u00e1u pa la ordenaci\u00f3n de datos lling\u00fc\u00edsticos, qu&#8217;apurre informaci\u00f3n de toles lling\u00fces pal so usu n&#8217;aplicaciones inform\u00e1tiques.<\/p>\n<p>Asina lo informa l&#8217;asociaci\u00f3n ensin \u00e1nimu d&#8217;arriquecimientu Softastur, que dende va dellos a\u00f1os trabaya nel espardimientu de la &#8216;llingua&#8217; n&#8217;aplicaciones inform\u00e1tiques, ya internet y nes nueves tecnolox\u00edes.<\/p>\n<p>El rexistru CLDR contien la informaci\u00f3n espec\u00edfica rexonal ( &#8216;locale&#8217;) que los sistemes operativos apurran a les aplicaciones y que dexa tener una informaci\u00f3n coherente en distintes plataformes y aplicaciones. Angua\u00f1o, como esplica Softastur, \u00abye la infraestructura qu&#8217;usen Google, Libreoffice, Apple, Windows, IBM, Twittery otres empreses na so software\u00bb. Tr\u00e1tase, con \u00e9ses de \u00abuna ficha de la configuraci\u00f3n de la llingua en cuesti\u00f3n\u00bb.<\/p>\n<p>Ente lo datos incluy\u00edos en CLDR t\u00e1n siguientes: Nome de la llingua, territoriu, nomes del d\u00eda de la selmana, mes, a\u00f1u, periodu del d\u00eda completo y embriv\u00edo, nomes de los fusos horarios, partes xeogr\u00e1fiques, les divises, patrones de fecha y d&#8217;hora, conxuntos de calteres usaos pa la escritura de la llingua, etc.<\/p>\n<p>Esti factor, seg\u00fan Softastur, \u00abesto uniformiza una gran cantid\u00e1 de t\u00e9rminos, como por casu los nomes de capitales o pa\u00edses\u00bb. Con \u00e9ses esplica Softastur que la llingua asturiana ta incluyida en Windows y tami\u00e9n nos iphone. Eso s\u00ed, matiza qu&#8217;ello \u00abnun quier dicir que Windows o iphone vaigan tar traduc\u00edos na nuesa llingua\u00bb. \u00abEso depende de les compa\u00f1\u00edes. Pero ye un primer pasu pa otres munches coses\u00bb, esplica l&#8217;asociaci\u00f3n.<\/p>\n<p>&nbsp;<\/p>\n<p>&nbsp;<\/p>\n","protected":false},"excerpt":{"rendered":"<p>La llingua asturiana y\u00e1 tien el so sitiu na clasificaci\u00f3n del proyectu CLDR (Common Locale Data Repository), cre\u00e1u pa la ordenaci\u00f3n de datos lling\u00fc\u00edsticos, qu&#8217;apurre informaci\u00f3n de toles lling\u00fces pal so usu n&#8217;aplicaciones inform\u00e1tiques. Asina lo informa l&#8217;asociaci\u00f3n ensin \u00e1nimu d&#8217;arriquecimientu Softastur, que dende va dellos a\u00f1os trabaya nel espardimientu de la &#8216;llingua&#8217; n&#8217;aplicaciones inform\u00e1tiques, [&hellip;]<\/p>\n","protected":false},"author":1,"featured_media":906263,"comment_status":"closed","ping_status":"closed","sticky":false,"template":"","format":"standard","meta":{"footnotes":""},"categories":[12],"tags":[],"class_list":["post-906262","post","type-post","status-publish","format-standard","has-post-thumbnail","hentry","category-actualidad-asturias"],"aioseo_notices":[],"aioseo_head":"\n\t\t<!-- All in One SEO Pro 4.9.6.2 - aioseo.com -->\n\t<meta name=\"description\" content=\"La llingua asturiana y\u00e1 tien el so sitiu na clasificaci\u00f3n del proyectu CLDR (Common Locale Data Repository), cre\u00e1u pa la ordenaci\u00f3n de datos lling\u00fc\u00edsticos, qu&#039;apurre informaci\u00f3n de toles lling\u00fces pal so usu n&#039;aplicaciones inform\u00e1tiques. Asina lo informa l&#039;asociaci\u00f3n ensin \u00e1nimu d&#039;arriquecimientu Softastur, que dende va dellos a\u00f1os trabaya nel espardimientu de la &#039;llingua&#039; n&#039;aplicaciones inform\u00e1tiques,\" \/>\n\t<meta name=\"robots\" content=\"max-image-preview:large\" \/>\n\t<meta name=\"author\" content=\"El Digital de Asturias\"\/>\n\t<meta name=\"google-site-verification\" content=\"UA-38556648-1\" \/>\n\t<meta name=\"msvalidate.01\" content=\"7dfe9f3f1b24437ab69f4f2559babe99\" \/>\n\t<meta name=\"keywords\" content=\"actualidad asturias\" \/>\n\t<link rel=\"canonical\" href=\"https:\/\/www.eldigitaldeasturias.com\/noticias\/la-llingua-asturiana-ya-tien-el-so-sitiu-na-clasificacion-del-proyectu-cldr\/\" \/>\n\t<meta name=\"generator\" content=\"All in One SEO Pro (AIOSEO) 4.9.6.2\" \/>\n\t\t<meta property=\"og:locale\" content=\"es_ES\" \/>\n\t\t<meta property=\"og:site_name\" content=\"El Digital de Asturias\" \/>\n\t\t<meta property=\"og:type\" content=\"article\" \/>\n\t\t<meta property=\"og:title\" content=\"La llingua asturiana y\u00e1 tien el so sitiu na clasificaci\u00f3n del proyectu CLDR - El Digital de Asturias\" \/>\n\t\t<meta property=\"og:description\" content=\"La llingua asturiana y\u00e1 tien el so sitiu na clasificaci\u00f3n del proyectu CLDR (Common Locale Data Repository), cre\u00e1u pa la ordenaci\u00f3n de datos lling\u00fc\u00edsticos, qu&#039;apurre informaci\u00f3n de toles lling\u00fces pal so usu n&#039;aplicaciones inform\u00e1tiques. Asina lo informa l&#039;asociaci\u00f3n ensin \u00e1nimu d&#039;arriquecimientu Softastur, que dende va dellos a\u00f1os trabaya nel espardimientu de la &#039;llingua&#039; n&#039;aplicaciones inform\u00e1tiques,\" \/>\n\t\t<meta property=\"og:url\" content=\"https:\/\/www.eldigitaldeasturias.com\/noticias\/la-llingua-asturiana-ya-tien-el-so-sitiu-na-clasificacion-del-proyectu-cldr\/\" \/>\n\t\t<meta property=\"og:image\" content=\"https:\/\/www.eldigitaldeasturias.com\/noticias\/wp-content\/uploads\/2016\/09\/fotonoticia_20160907113134_800.jpg\" \/>\n\t\t<meta property=\"og:image:secure_url\" content=\"https:\/\/www.eldigitaldeasturias.com\/noticias\/wp-content\/uploads\/2016\/09\/fotonoticia_20160907113134_800.jpg\" \/>\n\t\t<meta property=\"og:image:width\" content=\"800\" \/>\n\t\t<meta property=\"og:image:height\" content=\"598\" \/>\n\t\t<meta property=\"article:tag\" content=\"actualidad asturias\" \/>\n\t\t<meta property=\"article:published_time\" content=\"2016-09-07T12:29:35+00:00\" \/>\n\t\t<meta property=\"article:modified_time\" content=\"2016-09-07T12:29:35+00:00\" \/>\n\t\t<meta property=\"article:publisher\" content=\"https:\/\/facebook.com\/eldigitaldeasturias\" \/>\n\t\t<meta name=\"twitter:card\" content=\"summary_large_image\" \/>\n\t\t<meta name=\"twitter:title\" content=\"La llingua asturiana y\u00e1 tien el so sitiu na clasificaci\u00f3n del proyectu CLDR - El Digital de Asturias\" \/>\n\t\t<meta name=\"twitter:description\" content=\"La llingua asturiana y\u00e1 tien el so sitiu na clasificaci\u00f3n del proyectu CLDR (Common Locale Data Repository), cre\u00e1u pa la ordenaci\u00f3n de datos lling\u00fc\u00edsticos, qu&#039;apurre informaci\u00f3n de toles lling\u00fces pal so usu n&#039;aplicaciones inform\u00e1tiques. Asina lo informa l&#039;asociaci\u00f3n ensin \u00e1nimu d&#039;arriquecimientu Softastur, que dende va dellos a\u00f1os trabaya nel espardimientu de la &#039;llingua&#039; n&#039;aplicaciones inform\u00e1tiques,\" \/>\n\t\t<meta name=\"twitter:image\" content=\"https:\/\/www.eldigitaldeasturias.com\/noticias\/wp-content\/uploads\/2016\/09\/fotonoticia_20160907113134_800.jpg\" \/>\n\t\t<meta name=\"twitter:label1\" content=\"Escrito por\" \/>\n\t\t<meta name=\"twitter:data1\" content=\"El Digital de Asturias\" \/>\n\t\t<meta name=\"twitter:label2\" content=\"Tiempo de lectura estimado\" \/>\n\t\t<meta name=\"twitter:data2\" content=\"1 minuto\" \/>\n\t\t<script type=\"application\/ld+json\" class=\"aioseo-schema\">\n\t\t\t{\"@context\":\"https:\\\/\\\/schema.org\",\"@graph\":[{\"@type\":\"BlogPosting\",\"@id\":\"https:\\\/\\\/www.eldigitaldeasturias.com\\\/noticias\\\/la-llingua-asturiana-ya-tien-el-so-sitiu-na-clasificacion-del-proyectu-cldr\\\/#blogposting\",\"name\":\"La llingua asturiana y\\u00e1 tien el so sitiu na clasificaci\\u00f3n del proyectu CLDR - El Digital de Asturias\",\"headline\":\"La llingua asturiana y\\u00e1 tien el so sitiu na clasificaci\\u00f3n del proyectu CLDR\",\"author\":{\"@id\":\"https:\\\/\\\/www.eldigitaldeasturias.com\\\/noticias\\\/author\\\/admin\\\/#author\"},\"publisher\":{\"@id\":\"https:\\\/\\\/www.eldigitaldeasturias.com\\\/noticias\\\/#organization\"},\"image\":{\"@type\":\"ImageObject\",\"url\":\"https:\\\/\\\/www.eldigitaldeasturias.com\\\/noticias\\\/wp-content\\\/uploads\\\/2016\\\/09\\\/fotonoticia_20160907113134_800.jpg\",\"width\":800,\"height\":598},\"datePublished\":\"2016-09-07T13:29:35+02:00\",\"dateModified\":\"2016-09-07T13:29:35+02:00\",\"inLanguage\":\"es-ES\",\"mainEntityOfPage\":{\"@id\":\"https:\\\/\\\/www.eldigitaldeasturias.com\\\/noticias\\\/la-llingua-asturiana-ya-tien-el-so-sitiu-na-clasificacion-del-proyectu-cldr\\\/#webpage\"},\"isPartOf\":{\"@id\":\"https:\\\/\\\/www.eldigitaldeasturias.com\\\/noticias\\\/la-llingua-asturiana-ya-tien-el-so-sitiu-na-clasificacion-del-proyectu-cldr\\\/#webpage\"},\"articleSection\":\"Actualidad Asturias\"},{\"@type\":\"BreadcrumbList\",\"@id\":\"https:\\\/\\\/www.eldigitaldeasturias.com\\\/noticias\\\/la-llingua-asturiana-ya-tien-el-so-sitiu-na-clasificacion-del-proyectu-cldr\\\/#breadcrumblist\",\"itemListElement\":[{\"@type\":\"ListItem\",\"@id\":\"https:\\\/\\\/www.eldigitaldeasturias.com\\\/noticias#listItem\",\"position\":1,\"name\":\"Home\",\"item\":\"https:\\\/\\\/www.eldigitaldeasturias.com\\\/noticias\",\"nextItem\":{\"@type\":\"ListItem\",\"@id\":\"https:\\\/\\\/www.eldigitaldeasturias.com\\\/noticias\\\/category\\\/actualidad-asturias\\\/#listItem\",\"name\":\"Actualidad Asturias\"}},{\"@type\":\"ListItem\",\"@id\":\"https:\\\/\\\/www.eldigitaldeasturias.com\\\/noticias\\\/category\\\/actualidad-asturias\\\/#listItem\",\"position\":2,\"name\":\"Actualidad Asturias\",\"item\":\"https:\\\/\\\/www.eldigitaldeasturias.com\\\/noticias\\\/category\\\/actualidad-asturias\\\/\",\"nextItem\":{\"@type\":\"ListItem\",\"@id\":\"https:\\\/\\\/www.eldigitaldeasturias.com\\\/noticias\\\/la-llingua-asturiana-ya-tien-el-so-sitiu-na-clasificacion-del-proyectu-cldr\\\/#listItem\",\"name\":\"La llingua asturiana y\\u00e1 tien el so sitiu na clasificaci\\u00f3n del proyectu CLDR\"},\"previousItem\":{\"@type\":\"ListItem\",\"@id\":\"https:\\\/\\\/www.eldigitaldeasturias.com\\\/noticias#listItem\",\"name\":\"Home\"}},{\"@type\":\"ListItem\",\"@id\":\"https:\\\/\\\/www.eldigitaldeasturias.com\\\/noticias\\\/la-llingua-asturiana-ya-tien-el-so-sitiu-na-clasificacion-del-proyectu-cldr\\\/#listItem\",\"position\":3,\"name\":\"La llingua asturiana y\\u00e1 tien el so sitiu na clasificaci\\u00f3n del proyectu CLDR\",\"previousItem\":{\"@type\":\"ListItem\",\"@id\":\"https:\\\/\\\/www.eldigitaldeasturias.com\\\/noticias\\\/category\\\/actualidad-asturias\\\/#listItem\",\"name\":\"Actualidad Asturias\"}}]},{\"@type\":\"Organization\",\"@id\":\"https:\\\/\\\/www.eldigitaldeasturias.com\\\/noticias\\\/#organization\",\"name\":\"El Digital de Asturias\",\"description\":\"Hemeroteca\",\"url\":\"https:\\\/\\\/www.eldigitaldeasturias.com\\\/noticias\\\/\",\"email\":\"info@eldigitaldeasturias.com\",\"telephone\":\"+34652131393\",\"logo\":{\"@type\":\"ImageObject\",\"url\":\"https:\\\/\\\/www.eldigitaldeasturias.com\\\/noticias\\\/wp-content\\\/uploads\\\/2020\\\/12\\\/EDA.jpg\",\"@id\":\"https:\\\/\\\/www.eldigitaldeasturias.com\\\/noticias\\\/la-llingua-asturiana-ya-tien-el-so-sitiu-na-clasificacion-del-proyectu-cldr\\\/#organizationLogo\",\"width\":649,\"height\":297},\"image\":{\"@id\":\"https:\\\/\\\/www.eldigitaldeasturias.com\\\/noticias\\\/la-llingua-asturiana-ya-tien-el-so-sitiu-na-clasificacion-del-proyectu-cldr\\\/#organizationLogo\"},\"sameAs\":[\"https:\\\/\\\/facebook.com\\\/eldigitaldeasturias\",\"https:\\\/\\\/www.youtube.com\\\/channel\\\/UCZP-2wLEB9Rv6erhFmqVnvg\"],\"address\":{\"@id\":\"https:\\\/\\\/www.eldigitaldeasturias.com\\\/noticias\\\/#postaladdress\",\"@type\":\"PostalAddress\",\"streetAddress\":\"san antonio 4,\",\"postalCode\":\"33430\",\"addressLocality\":\"Cand\\u00e1s\",\"addressRegion\":\"Asturias\",\"addressCountry\":\"ES\"}},{\"@type\":\"Person\",\"@id\":\"https:\\\/\\\/www.eldigitaldeasturias.com\\\/noticias\\\/author\\\/admin\\\/#author\",\"url\":\"https:\\\/\\\/www.eldigitaldeasturias.com\\\/noticias\\\/author\\\/admin\\\/\",\"name\":\"El Digital de Asturias\",\"image\":{\"@type\":\"ImageObject\",\"@id\":\"https:\\\/\\\/www.eldigitaldeasturias.com\\\/noticias\\\/la-llingua-asturiana-ya-tien-el-so-sitiu-na-clasificacion-del-proyectu-cldr\\\/#authorImage\",\"url\":\"https:\\\/\\\/www.eldigitaldeasturias.com\\\/noticias\\\/wp-content\\\/litespeed\\\/avatar\\\/18677e78aa0546b92d9dbf31ec7d7668.jpg?ver=1777290358\",\"width\":96,\"height\":96,\"caption\":\"El Digital de Asturias\"}},{\"@type\":\"WebPage\",\"@id\":\"https:\\\/\\\/www.eldigitaldeasturias.com\\\/noticias\\\/la-llingua-asturiana-ya-tien-el-so-sitiu-na-clasificacion-del-proyectu-cldr\\\/#webpage\",\"url\":\"https:\\\/\\\/www.eldigitaldeasturias.com\\\/noticias\\\/la-llingua-asturiana-ya-tien-el-so-sitiu-na-clasificacion-del-proyectu-cldr\\\/\",\"name\":\"La llingua asturiana y\\u00e1 tien el so sitiu na clasificaci\\u00f3n del proyectu CLDR - El Digital de Asturias\",\"description\":\"La llingua asturiana y\\u00e1 tien el so sitiu na clasificaci\\u00f3n del proyectu CLDR (Common Locale Data Repository), cre\\u00e1u pa la ordenaci\\u00f3n de datos lling\\u00fc\\u00edsticos, qu'apurre informaci\\u00f3n de toles lling\\u00fces pal so usu n'aplicaciones inform\\u00e1tiques. Asina lo informa l'asociaci\\u00f3n ensin \\u00e1nimu d'arriquecimientu Softastur, que dende va dellos a\\u00f1os trabaya nel espardimientu de la 'llingua' n'aplicaciones inform\\u00e1tiques,\",\"inLanguage\":\"es-ES\",\"isPartOf\":{\"@id\":\"https:\\\/\\\/www.eldigitaldeasturias.com\\\/noticias\\\/#website\"},\"breadcrumb\":{\"@id\":\"https:\\\/\\\/www.eldigitaldeasturias.com\\\/noticias\\\/la-llingua-asturiana-ya-tien-el-so-sitiu-na-clasificacion-del-proyectu-cldr\\\/#breadcrumblist\"},\"author\":{\"@id\":\"https:\\\/\\\/www.eldigitaldeasturias.com\\\/noticias\\\/author\\\/admin\\\/#author\"},\"creator\":{\"@id\":\"https:\\\/\\\/www.eldigitaldeasturias.com\\\/noticias\\\/author\\\/admin\\\/#author\"},\"image\":{\"@type\":\"ImageObject\",\"url\":\"https:\\\/\\\/www.eldigitaldeasturias.com\\\/noticias\\\/wp-content\\\/uploads\\\/2016\\\/09\\\/fotonoticia_20160907113134_800.jpg\",\"@id\":\"https:\\\/\\\/www.eldigitaldeasturias.com\\\/noticias\\\/la-llingua-asturiana-ya-tien-el-so-sitiu-na-clasificacion-del-proyectu-cldr\\\/#mainImage\",\"width\":800,\"height\":598},\"primaryImageOfPage\":{\"@id\":\"https:\\\/\\\/www.eldigitaldeasturias.com\\\/noticias\\\/la-llingua-asturiana-ya-tien-el-so-sitiu-na-clasificacion-del-proyectu-cldr\\\/#mainImage\"},\"datePublished\":\"2016-09-07T13:29:35+02:00\",\"dateModified\":\"2016-09-07T13:29:35+02:00\"},{\"@type\":\"WebSite\",\"@id\":\"https:\\\/\\\/www.eldigitaldeasturias.com\\\/noticias\\\/#website\",\"url\":\"https:\\\/\\\/www.eldigitaldeasturias.com\\\/noticias\\\/\",\"name\":\"El Digital de Asturias - Diario de actualidad y noticias\",\"alternateName\":\"El Digital de Asturias - Diario de actualidad y noticias\",\"description\":\"Hemeroteca\",\"inLanguage\":\"es-ES\",\"publisher\":{\"@id\":\"https:\\\/\\\/www.eldigitaldeasturias.com\\\/noticias\\\/#organization\"}}]}\n\t\t<\/script>\n\t\t<!-- All in One SEO Pro -->\r\n\t\t<title>La llingua asturiana y\u00e1 tien el so sitiu na clasificaci\u00f3n del proyectu CLDR - El Digital de Asturias<\/title>\n\n","aioseo_head_json":{"title":"La llingua asturiana y\u00e1 tien el so sitiu na clasificaci\u00f3n del proyectu CLDR - El Digital de Asturias","description":"La llingua asturiana y\u00e1 tien el so sitiu na clasificaci\u00f3n del proyectu CLDR (Common Locale Data Repository), cre\u00e1u pa la ordenaci\u00f3n de datos lling\u00fc\u00edsticos, qu'apurre informaci\u00f3n de toles lling\u00fces pal so usu n'aplicaciones inform\u00e1tiques. Asina lo informa l'asociaci\u00f3n ensin \u00e1nimu d'arriquecimientu Softastur, que dende va dellos a\u00f1os trabaya nel espardimientu de la 'llingua' n'aplicaciones inform\u00e1tiques,","canonical_url":"https:\/\/www.eldigitaldeasturias.com\/noticias\/la-llingua-asturiana-ya-tien-el-so-sitiu-na-clasificacion-del-proyectu-cldr\/","robots":"max-image-preview:large","keywords":"actualidad asturias","webmasterTools":{"google-site-verification":"UA-38556648-1","msvalidate.01":"7dfe9f3f1b24437ab69f4f2559babe99","miscellaneous":""},"schema":{"@context":"https:\/\/schema.org","@graph":[{"@type":"BlogPosting","@id":"https:\/\/www.eldigitaldeasturias.com\/noticias\/la-llingua-asturiana-ya-tien-el-so-sitiu-na-clasificacion-del-proyectu-cldr\/#blogposting","name":"La llingua asturiana y\u00e1 tien el so sitiu na clasificaci\u00f3n del proyectu CLDR - El Digital de Asturias","headline":"La llingua asturiana y\u00e1 tien el so sitiu na clasificaci\u00f3n del proyectu CLDR","author":{"@id":"https:\/\/www.eldigitaldeasturias.com\/noticias\/author\/admin\/#author"},"publisher":{"@id":"https:\/\/www.eldigitaldeasturias.com\/noticias\/#organization"},"image":{"@type":"ImageObject","url":"https:\/\/www.eldigitaldeasturias.com\/noticias\/wp-content\/uploads\/2016\/09\/fotonoticia_20160907113134_800.jpg","width":800,"height":598},"datePublished":"2016-09-07T13:29:35+02:00","dateModified":"2016-09-07T13:29:35+02:00","inLanguage":"es-ES","mainEntityOfPage":{"@id":"https:\/\/www.eldigitaldeasturias.com\/noticias\/la-llingua-asturiana-ya-tien-el-so-sitiu-na-clasificacion-del-proyectu-cldr\/#webpage"},"isPartOf":{"@id":"https:\/\/www.eldigitaldeasturias.com\/noticias\/la-llingua-asturiana-ya-tien-el-so-sitiu-na-clasificacion-del-proyectu-cldr\/#webpage"},"articleSection":"Actualidad Asturias"},{"@type":"BreadcrumbList","@id":"https:\/\/www.eldigitaldeasturias.com\/noticias\/la-llingua-asturiana-ya-tien-el-so-sitiu-na-clasificacion-del-proyectu-cldr\/#breadcrumblist","itemListElement":[{"@type":"ListItem","@id":"https:\/\/www.eldigitaldeasturias.com\/noticias#listItem","position":1,"name":"Home","item":"https:\/\/www.eldigitaldeasturias.com\/noticias","nextItem":{"@type":"ListItem","@id":"https:\/\/www.eldigitaldeasturias.com\/noticias\/category\/actualidad-asturias\/#listItem","name":"Actualidad Asturias"}},{"@type":"ListItem","@id":"https:\/\/www.eldigitaldeasturias.com\/noticias\/category\/actualidad-asturias\/#listItem","position":2,"name":"Actualidad Asturias","item":"https:\/\/www.eldigitaldeasturias.com\/noticias\/category\/actualidad-asturias\/","nextItem":{"@type":"ListItem","@id":"https:\/\/www.eldigitaldeasturias.com\/noticias\/la-llingua-asturiana-ya-tien-el-so-sitiu-na-clasificacion-del-proyectu-cldr\/#listItem","name":"La llingua asturiana y\u00e1 tien el so sitiu na clasificaci\u00f3n del proyectu CLDR"},"previousItem":{"@type":"ListItem","@id":"https:\/\/www.eldigitaldeasturias.com\/noticias#listItem","name":"Home"}},{"@type":"ListItem","@id":"https:\/\/www.eldigitaldeasturias.com\/noticias\/la-llingua-asturiana-ya-tien-el-so-sitiu-na-clasificacion-del-proyectu-cldr\/#listItem","position":3,"name":"La llingua asturiana y\u00e1 tien el so sitiu na clasificaci\u00f3n del proyectu CLDR","previousItem":{"@type":"ListItem","@id":"https:\/\/www.eldigitaldeasturias.com\/noticias\/category\/actualidad-asturias\/#listItem","name":"Actualidad Asturias"}}]},{"@type":"Organization","@id":"https:\/\/www.eldigitaldeasturias.com\/noticias\/#organization","name":"El Digital de Asturias","description":"Hemeroteca","url":"https:\/\/www.eldigitaldeasturias.com\/noticias\/","email":"info@eldigitaldeasturias.com","telephone":"+34652131393","logo":{"@type":"ImageObject","url":"https:\/\/www.eldigitaldeasturias.com\/noticias\/wp-content\/uploads\/2020\/12\/EDA.jpg","@id":"https:\/\/www.eldigitaldeasturias.com\/noticias\/la-llingua-asturiana-ya-tien-el-so-sitiu-na-clasificacion-del-proyectu-cldr\/#organizationLogo","width":649,"height":297},"image":{"@id":"https:\/\/www.eldigitaldeasturias.com\/noticias\/la-llingua-asturiana-ya-tien-el-so-sitiu-na-clasificacion-del-proyectu-cldr\/#organizationLogo"},"sameAs":["https:\/\/facebook.com\/eldigitaldeasturias","https:\/\/www.youtube.com\/channel\/UCZP-2wLEB9Rv6erhFmqVnvg"],"address":{"@id":"https:\/\/www.eldigitaldeasturias.com\/noticias\/#postaladdress","@type":"PostalAddress","streetAddress":"san antonio 4,","postalCode":"33430","addressLocality":"Cand\u00e1s","addressRegion":"Asturias","addressCountry":"ES"}},{"@type":"Person","@id":"https:\/\/www.eldigitaldeasturias.com\/noticias\/author\/admin\/#author","url":"https:\/\/www.eldigitaldeasturias.com\/noticias\/author\/admin\/","name":"El Digital de Asturias","image":{"@type":"ImageObject","@id":"https:\/\/www.eldigitaldeasturias.com\/noticias\/la-llingua-asturiana-ya-tien-el-so-sitiu-na-clasificacion-del-proyectu-cldr\/#authorImage","url":"https:\/\/www.eldigitaldeasturias.com\/noticias\/wp-content\/litespeed\/avatar\/18677e78aa0546b92d9dbf31ec7d7668.jpg?ver=1777290358","width":96,"height":96,"caption":"El Digital de Asturias"}},{"@type":"WebPage","@id":"https:\/\/www.eldigitaldeasturias.com\/noticias\/la-llingua-asturiana-ya-tien-el-so-sitiu-na-clasificacion-del-proyectu-cldr\/#webpage","url":"https:\/\/www.eldigitaldeasturias.com\/noticias\/la-llingua-asturiana-ya-tien-el-so-sitiu-na-clasificacion-del-proyectu-cldr\/","name":"La llingua asturiana y\u00e1 tien el so sitiu na clasificaci\u00f3n del proyectu CLDR - El Digital de Asturias","description":"La llingua asturiana y\u00e1 tien el so sitiu na clasificaci\u00f3n del proyectu CLDR (Common Locale Data Repository), cre\u00e1u pa la ordenaci\u00f3n de datos lling\u00fc\u00edsticos, qu'apurre informaci\u00f3n de toles lling\u00fces pal so usu n'aplicaciones inform\u00e1tiques. Asina lo informa l'asociaci\u00f3n ensin \u00e1nimu d'arriquecimientu Softastur, que dende va dellos a\u00f1os trabaya nel espardimientu de la 'llingua' n'aplicaciones inform\u00e1tiques,","inLanguage":"es-ES","isPartOf":{"@id":"https:\/\/www.eldigitaldeasturias.com\/noticias\/#website"},"breadcrumb":{"@id":"https:\/\/www.eldigitaldeasturias.com\/noticias\/la-llingua-asturiana-ya-tien-el-so-sitiu-na-clasificacion-del-proyectu-cldr\/#breadcrumblist"},"author":{"@id":"https:\/\/www.eldigitaldeasturias.com\/noticias\/author\/admin\/#author"},"creator":{"@id":"https:\/\/www.eldigitaldeasturias.com\/noticias\/author\/admin\/#author"},"image":{"@type":"ImageObject","url":"https:\/\/www.eldigitaldeasturias.com\/noticias\/wp-content\/uploads\/2016\/09\/fotonoticia_20160907113134_800.jpg","@id":"https:\/\/www.eldigitaldeasturias.com\/noticias\/la-llingua-asturiana-ya-tien-el-so-sitiu-na-clasificacion-del-proyectu-cldr\/#mainImage","width":800,"height":598},"primaryImageOfPage":{"@id":"https:\/\/www.eldigitaldeasturias.com\/noticias\/la-llingua-asturiana-ya-tien-el-so-sitiu-na-clasificacion-del-proyectu-cldr\/#mainImage"},"datePublished":"2016-09-07T13:29:35+02:00","dateModified":"2016-09-07T13:29:35+02:00"},{"@type":"WebSite","@id":"https:\/\/www.eldigitaldeasturias.com\/noticias\/#website","url":"https:\/\/www.eldigitaldeasturias.com\/noticias\/","name":"El Digital de Asturias - Diario de actualidad y noticias","alternateName":"El Digital de Asturias - Diario de actualidad y noticias","description":"Hemeroteca","inLanguage":"es-ES","publisher":{"@id":"https:\/\/www.eldigitaldeasturias.com\/noticias\/#organization"}}]},"og:locale":"es_ES","og:site_name":"El Digital de Asturias","og:type":"article","og:title":"La llingua asturiana y\u00e1 tien el so sitiu na clasificaci\u00f3n del proyectu CLDR - El Digital de Asturias","og:description":"La llingua asturiana y\u00e1 tien el so sitiu na clasificaci\u00f3n del proyectu CLDR (Common Locale Data Repository), cre\u00e1u pa la ordenaci\u00f3n de datos lling\u00fc\u00edsticos, qu'apurre informaci\u00f3n de toles lling\u00fces pal so usu n'aplicaciones inform\u00e1tiques. Asina lo informa l'asociaci\u00f3n ensin \u00e1nimu d'arriquecimientu Softastur, que dende va dellos a\u00f1os trabaya nel espardimientu de la 'llingua' n'aplicaciones inform\u00e1tiques,","og:url":"https:\/\/www.eldigitaldeasturias.com\/noticias\/la-llingua-asturiana-ya-tien-el-so-sitiu-na-clasificacion-del-proyectu-cldr\/","og:image":"https:\/\/www.eldigitaldeasturias.com\/noticias\/wp-content\/uploads\/2016\/09\/fotonoticia_20160907113134_800.jpg","og:image:secure_url":"https:\/\/www.eldigitaldeasturias.com\/noticias\/wp-content\/uploads\/2016\/09\/fotonoticia_20160907113134_800.jpg","og:image:width":800,"og:image:height":598,"article:tag":["actualidad asturias"],"article:published_time":"2016-09-07T12:29:35+00:00","article:modified_time":"2016-09-07T12:29:35+00:00","article:publisher":"https:\/\/facebook.com\/eldigitaldeasturias","twitter:card":"summary_large_image","twitter:title":"La llingua asturiana y\u00e1 tien el so sitiu na clasificaci\u00f3n del proyectu CLDR - El Digital de Asturias","twitter:description":"La llingua asturiana y\u00e1 tien el so sitiu na clasificaci\u00f3n del proyectu CLDR (Common Locale Data Repository), cre\u00e1u pa la ordenaci\u00f3n de datos lling\u00fc\u00edsticos, qu'apurre informaci\u00f3n de toles lling\u00fces pal so usu n'aplicaciones inform\u00e1tiques. Asina lo informa l'asociaci\u00f3n ensin \u00e1nimu d'arriquecimientu Softastur, que dende va dellos a\u00f1os trabaya nel espardimientu de la 'llingua' n'aplicaciones inform\u00e1tiques,","twitter:image":"https:\/\/www.eldigitaldeasturias.com\/noticias\/wp-content\/uploads\/2016\/09\/fotonoticia_20160907113134_800.jpg","twitter:label1":"Escrito por","twitter:data1":"El Digital de Asturias","twitter:label2":"Tiempo de lectura estimado","twitter:data2":"1 minuto"},"aioseo_meta_data":{"post_id":"906262","title":null,"description":null,"keywords":null,"keyphrases":null,"primary_term":null,"canonical_url":null,"og_title":null,"og_description":null,"og_object_type":"default","og_image_type":"default","og_image_url":null,"og_image_width":null,"og_image_height":null,"og_image_custom_url":null,"og_image_custom_fields":null,"og_video":null,"og_custom_url":null,"og_article_section":null,"og_article_tags":null,"twitter_use_og":false,"twitter_card":"default","twitter_image_type":"default","twitter_image_url":null,"twitter_image_custom_url":null,"twitter_image_custom_fields":null,"twitter_title":null,"twitter_description":null,"schema":{"blockGraphs":[],"customGraphs":[],"default":{"data":{"Article":[],"Course":[],"Dataset":[],"FAQPage":[],"Movie":[],"Person":[],"Product":[],"ProductReview":[],"Car":[],"Recipe":[],"Service":[],"SoftwareApplication":[],"WebPage":[]},"graphName":"","isEnabled":true},"graphs":[],"defaultGraph":"","defaultPostTypeGraph":""},"schema_type":null,"schema_type_options":null,"pillar_content":false,"robots_default":true,"robots_noindex":false,"robots_noarchive":false,"robots_nosnippet":false,"robots_nofollow":false,"robots_noimageindex":false,"robots_noodp":false,"robots_notranslate":false,"robots_max_snippet":null,"robots_max_videopreview":null,"robots_max_imagepreview":"large","priority":null,"frequency":null,"local_seo":null,"seo_analyzer_scan_date":"2025-11-30 08:26:17","breadcrumb_settings":null,"limit_modified_date":false,"open_ai":null,"ai":null,"created":"2020-12-21 14:01:56","updated":"2025-11-30 08:26:17"},"aioseo_breadcrumb":"<div class=\"aioseo-breadcrumbs\"><span class=\"aioseo-breadcrumb\">\n\t<a href=\"https:\/\/www.eldigitaldeasturias.com\/noticias\" title=\"Home\">Home<\/a>\n<\/span><span class=\"aioseo-breadcrumb-separator\">\u2013<\/span><span class=\"aioseo-breadcrumb\">\n\t<a href=\"https:\/\/www.eldigitaldeasturias.com\/noticias\/category\/actualidad-asturias\/\" title=\"Actualidad Asturias\">Actualidad Asturias<\/a>\n<\/span><span class=\"aioseo-breadcrumb-separator\">\u2013<\/span><span class=\"aioseo-breadcrumb\">\n\t<a href=\"https:\/\/www.eldigitaldeasturias.com\/noticias\/la-llingua-asturiana-ya-tien-el-so-sitiu-na-clasificacion-del-proyectu-cldr\/\" title=\"La llingua asturiana y\u00e1 tien el so sitiu na clasificaci\u00f3n del proyectu CLDR\">La llingua asturiana y\u00e1 tien el so sitiu na clasificaci\u00f3n del proyectu CLDR<\/a>\n<\/span><\/div>","aioseo_breadcrumb_json":[{"label":"Home","link":"https:\/\/www.eldigitaldeasturias.com\/noticias"},{"label":"Actualidad Asturias","link":"https:\/\/www.eldigitaldeasturias.com\/noticias\/category\/actualidad-asturias\/"},{"label":"La llingua asturiana y\u00e1 tien el so sitiu na clasificaci\u00f3n del proyectu CLDR","link":"https:\/\/www.eldigitaldeasturias.com\/noticias\/la-llingua-asturiana-ya-tien-el-so-sitiu-na-clasificacion-del-proyectu-cldr\/"}],"_links":{"self":[{"href":"https:\/\/www.eldigitaldeasturias.com\/noticias\/wp-json\/wp\/v2\/posts\/906262","targetHints":{"allow":["GET"]}}],"collection":[{"href":"https:\/\/www.eldigitaldeasturias.com\/noticias\/wp-json\/wp\/v2\/posts"}],"about":[{"href":"https:\/\/www.eldigitaldeasturias.com\/noticias\/wp-json\/wp\/v2\/types\/post"}],"author":[{"embeddable":true,"href":"https:\/\/www.eldigitaldeasturias.com\/noticias\/wp-json\/wp\/v2\/users\/1"}],"replies":[{"embeddable":true,"href":"https:\/\/www.eldigitaldeasturias.com\/noticias\/wp-json\/wp\/v2\/comments?post=906262"}],"version-history":[{"count":0,"href":"https:\/\/www.eldigitaldeasturias.com\/noticias\/wp-json\/wp\/v2\/posts\/906262\/revisions"}],"wp:featuredmedia":[{"embeddable":true,"href":"https:\/\/www.eldigitaldeasturias.com\/noticias\/wp-json\/wp\/v2\/media\/906263"}],"wp:attachment":[{"href":"https:\/\/www.eldigitaldeasturias.com\/noticias\/wp-json\/wp\/v2\/media?parent=906262"}],"wp:term":[{"taxonomy":"category","embeddable":true,"href":"https:\/\/www.eldigitaldeasturias.com\/noticias\/wp-json\/wp\/v2\/categories?post=906262"},{"taxonomy":"post_tag","embeddable":true,"href":"https:\/\/www.eldigitaldeasturias.com\/noticias\/wp-json\/wp\/v2\/tags?post=906262"}],"curies":[{"name":"wp","href":"https:\/\/api.w.org\/{rel}","templated":true}]}}