{"id":906257,"date":"2016-09-07T13:25:28","date_gmt":"2016-09-07T12:25:28","guid":{"rendered":"http:\/\/www.eldigitaldeasturias.com\/noticias\/?p=906257"},"modified":"2016-09-07T13:25:28","modified_gmt":"2016-09-07T12:25:28","slug":"las-nuevas-crias-de-urogallo-permaneceran-en-sobrescobio","status":"publish","type":"post","link":"https:\/\/www.eldigitaldeasturias.com\/noticias\/las-nuevas-crias-de-urogallo-permaneceran-en-sobrescobio\/","title":{"rendered":"Las nuevas cr\u00edas de urogallo permanecer\u00e1n en Sobrescobio"},"content":{"rendered":"<p><img loading=\"lazy\" decoding=\"async\" class=\"alignleft size-medium wp-image-906258\" src=\"https:\/\/www.eldigitaldeasturias.com\/noticias\/wp-content\/uploads\/2016\/09\/fotonoticia_20160907110148_800-360x270.jpg\" alt=\"fotonoticia_20160907110148_800\" width=\"360\" height=\"270\" srcset=\"https:\/\/www.eldigitaldeasturias.com\/noticias\/wp-content\/uploads\/2016\/09\/fotonoticia_20160907110148_800-360x270.jpg 360w, https:\/\/www.eldigitaldeasturias.com\/noticias\/wp-content\/uploads\/2016\/09\/fotonoticia_20160907110148_800-768x576.jpg 768w, https:\/\/www.eldigitaldeasturias.com\/noticias\/wp-content\/uploads\/2016\/09\/fotonoticia_20160907110148_800-650x488.jpg 650w, https:\/\/www.eldigitaldeasturias.com\/noticias\/wp-content\/uploads\/2016\/09\/fotonoticia_20160907110148_800-125x95.jpg 125w, https:\/\/www.eldigitaldeasturias.com\/noticias\/wp-content\/uploads\/2016\/09\/fotonoticia_20160907110148_800-100x75.jpg 100w, https:\/\/www.eldigitaldeasturias.com\/noticias\/wp-content\/uploads\/2016\/09\/fotonoticia_20160907110148_800.jpg 800w\" sizes=\"auto, (max-width: 360px) 100vw, 360px\" \/>El equipo del proyecto &#8216;LIFE+ Urogallo cant\u00e1brico&#8217; ha decidido que los juveniles de urogallo cant\u00e1brico, nacidos en cautividad hace un par de meses, permanezcan en el centro de cr\u00eda de Sobrescobio con el objetivo de reforzar el plantel de reproductores.<\/p>\n<p>As\u00ed lo han explicado en una nota desde este proyecto europeo que coordina la Fundaci\u00f3n Biodiversidad del Ministerio de Agricultura, Alimentaci\u00f3n y Medio Ambiente, que tiene el objetivo de frenar el declive de esta subespecie emblem\u00e1tica en peligro de extinci\u00f3n.<\/p>\n<p>Esta medida ha descartado la reintroducci\u00f3n al medio natural de los nuevos juveniles durante este oto\u00f1o ya que el equipo del proyecto ha considerado \u00abprioritario\u00bb renovar el \u00abstock reproductor\u00bb del centro para obtener una poblaci\u00f3n amplia de ejemplares en pr\u00f3ximas campa\u00f1as de cr\u00eda y contar as\u00ed con un n\u00famero m\u00e1s elevado de individuos para futuras sueltas.<\/p>\n<p>\u00abCreemos que es la opci\u00f3n m\u00e1s acertada para el futuro del Programa de Cr\u00eda en Cautividad ya que permitir\u00e1 rejuvenecer el stock cautivo y aumentar las posibilidades de cruce y variabilidad gen\u00e9tica para poder dispersar ejemplares a otros centros\u00bb, se\u00f1ala el director del proyecto LIFE+ Urogallo cant\u00e1brico y subdirector de la Fundaci\u00f3n Biodiversidad, Ignacio Torres.<\/p>\n<p>En concreto, se unir\u00e1n al conjunto de reproductores tres machos y cinco hembras de urogallo cant\u00e1brico. Dos de ellos -un macho y una hembra- proceden de la retirada parcial de una puesta del medio silvestre, lo que permitir\u00e1 aumentar la variabilidad gen\u00e9tica de los individuos nacidos en cautividad.<\/p>\n<p>&nbsp;<\/p>\n<p>&nbsp;<\/p>\n","protected":false},"excerpt":{"rendered":"<p>El equipo del proyecto &#8216;LIFE+ Urogallo cant\u00e1brico&#8217; ha decidido que los juveniles de urogallo cant\u00e1brico, nacidos en cautividad hace un par de meses, permanezcan en el centro de cr\u00eda de Sobrescobio con el objetivo de reforzar el plantel de reproductores. As\u00ed lo han explicado en una nota desde este proyecto europeo que coordina la Fundaci\u00f3n [&hellip;]<\/p>\n","protected":false},"author":1,"featured_media":906258,"comment_status":"closed","ping_status":"closed","sticky":false,"template":"","format":"standard","meta":{"footnotes":""},"categories":[28],"tags":[],"class_list":["post-906257","post","type-post","status-publish","format-standard","has-post-thumbnail","hentry","category-sociedad"],"aioseo_notices":[],"aioseo_head":"\n\t\t<!-- All in One SEO Pro 4.9.6.2 - aioseo.com -->\n\t<meta name=\"description\" content=\"El equipo del proyecto &#039;LIFE+ Urogallo cant\u00e1brico&#039; ha decidido que los juveniles de urogallo cant\u00e1brico, nacidos en cautividad hace un par de meses, permanezcan en el centro de cr\u00eda de Sobrescobio con el objetivo de reforzar el plantel de reproductores. As\u00ed lo han explicado en una nota desde este proyecto europeo que coordina la Fundaci\u00f3n\" \/>\n\t<meta name=\"robots\" content=\"max-image-preview:large\" \/>\n\t<meta name=\"author\" content=\"El Digital de Asturias\"\/>\n\t<meta name=\"google-site-verification\" content=\"UA-38556648-1\" \/>\n\t<meta name=\"msvalidate.01\" content=\"7dfe9f3f1b24437ab69f4f2559babe99\" \/>\n\t<meta name=\"keywords\" content=\"sociedad\" \/>\n\t<link rel=\"canonical\" href=\"https:\/\/www.eldigitaldeasturias.com\/noticias\/las-nuevas-crias-de-urogallo-permaneceran-en-sobrescobio\/\" \/>\n\t<meta name=\"generator\" content=\"All in One SEO Pro (AIOSEO) 4.9.6.2\" \/>\n\t\t<meta property=\"og:locale\" content=\"es_ES\" \/>\n\t\t<meta property=\"og:site_name\" content=\"El Digital de Asturias\" \/>\n\t\t<meta property=\"og:type\" content=\"article\" \/>\n\t\t<meta property=\"og:title\" content=\"Las nuevas cr\u00edas de urogallo permanecer\u00e1n en Sobrescobio - El Digital de Asturias\" \/>\n\t\t<meta property=\"og:description\" content=\"El equipo del proyecto &#039;LIFE+ Urogallo cant\u00e1brico&#039; ha decidido que los juveniles de urogallo cant\u00e1brico, nacidos en cautividad hace un par de meses, permanezcan en el centro de cr\u00eda de Sobrescobio con el objetivo de reforzar el plantel de reproductores. As\u00ed lo han explicado en una nota desde este proyecto europeo que coordina la Fundaci\u00f3n\" \/>\n\t\t<meta property=\"og:url\" content=\"https:\/\/www.eldigitaldeasturias.com\/noticias\/las-nuevas-crias-de-urogallo-permaneceran-en-sobrescobio\/\" \/>\n\t\t<meta property=\"og:image\" content=\"https:\/\/www.eldigitaldeasturias.com\/noticias\/wp-content\/uploads\/2016\/09\/fotonoticia_20160907110148_800.jpg\" \/>\n\t\t<meta property=\"og:image:secure_url\" content=\"https:\/\/www.eldigitaldeasturias.com\/noticias\/wp-content\/uploads\/2016\/09\/fotonoticia_20160907110148_800.jpg\" \/>\n\t\t<meta property=\"og:image:width\" content=\"800\" \/>\n\t\t<meta property=\"og:image:height\" content=\"600\" \/>\n\t\t<meta property=\"article:tag\" content=\"sociedad\" \/>\n\t\t<meta property=\"article:published_time\" content=\"2016-09-07T12:25:28+00:00\" \/>\n\t\t<meta property=\"article:modified_time\" content=\"2016-09-07T12:25:28+00:00\" \/>\n\t\t<meta property=\"article:publisher\" content=\"https:\/\/facebook.com\/eldigitaldeasturias\" \/>\n\t\t<meta name=\"twitter:card\" content=\"summary_large_image\" \/>\n\t\t<meta name=\"twitter:title\" content=\"Las nuevas cr\u00edas de urogallo permanecer\u00e1n en Sobrescobio - El Digital de Asturias\" \/>\n\t\t<meta name=\"twitter:description\" content=\"El equipo del proyecto &#039;LIFE+ Urogallo cant\u00e1brico&#039; ha decidido que los juveniles de urogallo cant\u00e1brico, nacidos en cautividad hace un par de meses, permanezcan en el centro de cr\u00eda de Sobrescobio con el objetivo de reforzar el plantel de reproductores. As\u00ed lo han explicado en una nota desde este proyecto europeo que coordina la Fundaci\u00f3n\" \/>\n\t\t<meta name=\"twitter:image\" content=\"https:\/\/www.eldigitaldeasturias.com\/noticias\/wp-content\/uploads\/2016\/09\/fotonoticia_20160907110148_800.jpg\" \/>\n\t\t<meta name=\"twitter:label1\" content=\"Escrito por\" \/>\n\t\t<meta name=\"twitter:data1\" content=\"El Digital de Asturias\" \/>\n\t\t<meta name=\"twitter:label2\" content=\"Tiempo de lectura estimado\" \/>\n\t\t<meta name=\"twitter:data2\" content=\"1 minuto\" \/>\n\t\t<script type=\"application\/ld+json\" class=\"aioseo-schema\">\n\t\t\t{\"@context\":\"https:\\\/\\\/schema.org\",\"@graph\":[{\"@type\":\"BlogPosting\",\"@id\":\"https:\\\/\\\/www.eldigitaldeasturias.com\\\/noticias\\\/las-nuevas-crias-de-urogallo-permaneceran-en-sobrescobio\\\/#blogposting\",\"name\":\"Las nuevas cr\\u00edas de urogallo permanecer\\u00e1n en Sobrescobio - El Digital de Asturias\",\"headline\":\"Las nuevas cr\\u00edas de urogallo permanecer\\u00e1n en Sobrescobio\",\"author\":{\"@id\":\"https:\\\/\\\/www.eldigitaldeasturias.com\\\/noticias\\\/author\\\/admin\\\/#author\"},\"publisher\":{\"@id\":\"https:\\\/\\\/www.eldigitaldeasturias.com\\\/noticias\\\/#organization\"},\"image\":{\"@type\":\"ImageObject\",\"url\":\"https:\\\/\\\/www.eldigitaldeasturias.com\\\/noticias\\\/wp-content\\\/uploads\\\/2016\\\/09\\\/fotonoticia_20160907110148_800.jpg\",\"width\":800,\"height\":600},\"datePublished\":\"2016-09-07T13:25:28+02:00\",\"dateModified\":\"2016-09-07T13:25:28+02:00\",\"inLanguage\":\"es-ES\",\"mainEntityOfPage\":{\"@id\":\"https:\\\/\\\/www.eldigitaldeasturias.com\\\/noticias\\\/las-nuevas-crias-de-urogallo-permaneceran-en-sobrescobio\\\/#webpage\"},\"isPartOf\":{\"@id\":\"https:\\\/\\\/www.eldigitaldeasturias.com\\\/noticias\\\/las-nuevas-crias-de-urogallo-permaneceran-en-sobrescobio\\\/#webpage\"},\"articleSection\":\"Sociedad\"},{\"@type\":\"BreadcrumbList\",\"@id\":\"https:\\\/\\\/www.eldigitaldeasturias.com\\\/noticias\\\/las-nuevas-crias-de-urogallo-permaneceran-en-sobrescobio\\\/#breadcrumblist\",\"itemListElement\":[{\"@type\":\"ListItem\",\"@id\":\"https:\\\/\\\/www.eldigitaldeasturias.com\\\/noticias#listItem\",\"position\":1,\"name\":\"Home\",\"item\":\"https:\\\/\\\/www.eldigitaldeasturias.com\\\/noticias\",\"nextItem\":{\"@type\":\"ListItem\",\"@id\":\"https:\\\/\\\/www.eldigitaldeasturias.com\\\/noticias\\\/category\\\/sociedad\\\/#listItem\",\"name\":\"Sociedad\"}},{\"@type\":\"ListItem\",\"@id\":\"https:\\\/\\\/www.eldigitaldeasturias.com\\\/noticias\\\/category\\\/sociedad\\\/#listItem\",\"position\":2,\"name\":\"Sociedad\",\"item\":\"https:\\\/\\\/www.eldigitaldeasturias.com\\\/noticias\\\/category\\\/sociedad\\\/\",\"nextItem\":{\"@type\":\"ListItem\",\"@id\":\"https:\\\/\\\/www.eldigitaldeasturias.com\\\/noticias\\\/las-nuevas-crias-de-urogallo-permaneceran-en-sobrescobio\\\/#listItem\",\"name\":\"Las nuevas cr\\u00edas de urogallo permanecer\\u00e1n en Sobrescobio\"},\"previousItem\":{\"@type\":\"ListItem\",\"@id\":\"https:\\\/\\\/www.eldigitaldeasturias.com\\\/noticias#listItem\",\"name\":\"Home\"}},{\"@type\":\"ListItem\",\"@id\":\"https:\\\/\\\/www.eldigitaldeasturias.com\\\/noticias\\\/las-nuevas-crias-de-urogallo-permaneceran-en-sobrescobio\\\/#listItem\",\"position\":3,\"name\":\"Las nuevas cr\\u00edas de urogallo permanecer\\u00e1n en Sobrescobio\",\"previousItem\":{\"@type\":\"ListItem\",\"@id\":\"https:\\\/\\\/www.eldigitaldeasturias.com\\\/noticias\\\/category\\\/sociedad\\\/#listItem\",\"name\":\"Sociedad\"}}]},{\"@type\":\"Organization\",\"@id\":\"https:\\\/\\\/www.eldigitaldeasturias.com\\\/noticias\\\/#organization\",\"name\":\"El Digital de Asturias\",\"description\":\"Hemeroteca\",\"url\":\"https:\\\/\\\/www.eldigitaldeasturias.com\\\/noticias\\\/\",\"email\":\"info@eldigitaldeasturias.com\",\"telephone\":\"+34652131393\",\"logo\":{\"@type\":\"ImageObject\",\"url\":\"https:\\\/\\\/www.eldigitaldeasturias.com\\\/noticias\\\/wp-content\\\/uploads\\\/2020\\\/12\\\/EDA.jpg\",\"@id\":\"https:\\\/\\\/www.eldigitaldeasturias.com\\\/noticias\\\/las-nuevas-crias-de-urogallo-permaneceran-en-sobrescobio\\\/#organizationLogo\",\"width\":649,\"height\":297},\"image\":{\"@id\":\"https:\\\/\\\/www.eldigitaldeasturias.com\\\/noticias\\\/las-nuevas-crias-de-urogallo-permaneceran-en-sobrescobio\\\/#organizationLogo\"},\"sameAs\":[\"https:\\\/\\\/facebook.com\\\/eldigitaldeasturias\",\"https:\\\/\\\/www.youtube.com\\\/channel\\\/UCZP-2wLEB9Rv6erhFmqVnvg\"],\"address\":{\"@id\":\"https:\\\/\\\/www.eldigitaldeasturias.com\\\/noticias\\\/#postaladdress\",\"@type\":\"PostalAddress\",\"streetAddress\":\"san antonio 4,\",\"postalCode\":\"33430\",\"addressLocality\":\"Cand\\u00e1s\",\"addressRegion\":\"Asturias\",\"addressCountry\":\"ES\"}},{\"@type\":\"Person\",\"@id\":\"https:\\\/\\\/www.eldigitaldeasturias.com\\\/noticias\\\/author\\\/admin\\\/#author\",\"url\":\"https:\\\/\\\/www.eldigitaldeasturias.com\\\/noticias\\\/author\\\/admin\\\/\",\"name\":\"El Digital de Asturias\",\"image\":{\"@type\":\"ImageObject\",\"@id\":\"https:\\\/\\\/www.eldigitaldeasturias.com\\\/noticias\\\/las-nuevas-crias-de-urogallo-permaneceran-en-sobrescobio\\\/#authorImage\",\"url\":\"https:\\\/\\\/www.eldigitaldeasturias.com\\\/noticias\\\/wp-content\\\/litespeed\\\/avatar\\\/18677e78aa0546b92d9dbf31ec7d7668.jpg?ver=1777290358\",\"width\":96,\"height\":96,\"caption\":\"El Digital de Asturias\"}},{\"@type\":\"WebPage\",\"@id\":\"https:\\\/\\\/www.eldigitaldeasturias.com\\\/noticias\\\/las-nuevas-crias-de-urogallo-permaneceran-en-sobrescobio\\\/#webpage\",\"url\":\"https:\\\/\\\/www.eldigitaldeasturias.com\\\/noticias\\\/las-nuevas-crias-de-urogallo-permaneceran-en-sobrescobio\\\/\",\"name\":\"Las nuevas cr\\u00edas de urogallo permanecer\\u00e1n en Sobrescobio - El Digital de Asturias\",\"description\":\"El equipo del proyecto 'LIFE+ Urogallo cant\\u00e1brico' ha decidido que los juveniles de urogallo cant\\u00e1brico, nacidos en cautividad hace un par de meses, permanezcan en el centro de cr\\u00eda de Sobrescobio con el objetivo de reforzar el plantel de reproductores. As\\u00ed lo han explicado en una nota desde este proyecto europeo que coordina la Fundaci\\u00f3n\",\"inLanguage\":\"es-ES\",\"isPartOf\":{\"@id\":\"https:\\\/\\\/www.eldigitaldeasturias.com\\\/noticias\\\/#website\"},\"breadcrumb\":{\"@id\":\"https:\\\/\\\/www.eldigitaldeasturias.com\\\/noticias\\\/las-nuevas-crias-de-urogallo-permaneceran-en-sobrescobio\\\/#breadcrumblist\"},\"author\":{\"@id\":\"https:\\\/\\\/www.eldigitaldeasturias.com\\\/noticias\\\/author\\\/admin\\\/#author\"},\"creator\":{\"@id\":\"https:\\\/\\\/www.eldigitaldeasturias.com\\\/noticias\\\/author\\\/admin\\\/#author\"},\"image\":{\"@type\":\"ImageObject\",\"url\":\"https:\\\/\\\/www.eldigitaldeasturias.com\\\/noticias\\\/wp-content\\\/uploads\\\/2016\\\/09\\\/fotonoticia_20160907110148_800.jpg\",\"@id\":\"https:\\\/\\\/www.eldigitaldeasturias.com\\\/noticias\\\/las-nuevas-crias-de-urogallo-permaneceran-en-sobrescobio\\\/#mainImage\",\"width\":800,\"height\":600},\"primaryImageOfPage\":{\"@id\":\"https:\\\/\\\/www.eldigitaldeasturias.com\\\/noticias\\\/las-nuevas-crias-de-urogallo-permaneceran-en-sobrescobio\\\/#mainImage\"},\"datePublished\":\"2016-09-07T13:25:28+02:00\",\"dateModified\":\"2016-09-07T13:25:28+02:00\"},{\"@type\":\"WebSite\",\"@id\":\"https:\\\/\\\/www.eldigitaldeasturias.com\\\/noticias\\\/#website\",\"url\":\"https:\\\/\\\/www.eldigitaldeasturias.com\\\/noticias\\\/\",\"name\":\"El Digital de Asturias - Diario de actualidad y noticias\",\"alternateName\":\"El Digital de Asturias - Diario de actualidad y noticias\",\"description\":\"Hemeroteca\",\"inLanguage\":\"es-ES\",\"publisher\":{\"@id\":\"https:\\\/\\\/www.eldigitaldeasturias.com\\\/noticias\\\/#organization\"}}]}\n\t\t<\/script>\n\t\t<!-- All in One SEO Pro -->\r\n\t\t<title>Las nuevas cr\u00edas de urogallo permanecer\u00e1n en Sobrescobio - El Digital de Asturias<\/title>\n\n","aioseo_head_json":{"title":"Las nuevas cr\u00edas de urogallo permanecer\u00e1n en Sobrescobio - El Digital de Asturias","description":"El equipo del proyecto 'LIFE+ Urogallo cant\u00e1brico' ha decidido que los juveniles de urogallo cant\u00e1brico, nacidos en cautividad hace un par de meses, permanezcan en el centro de cr\u00eda de Sobrescobio con el objetivo de reforzar el plantel de reproductores. As\u00ed lo han explicado en una nota desde este proyecto europeo que coordina la Fundaci\u00f3n","canonical_url":"https:\/\/www.eldigitaldeasturias.com\/noticias\/las-nuevas-crias-de-urogallo-permaneceran-en-sobrescobio\/","robots":"max-image-preview:large","keywords":"sociedad","webmasterTools":{"google-site-verification":"UA-38556648-1","msvalidate.01":"7dfe9f3f1b24437ab69f4f2559babe99","miscellaneous":""},"schema":{"@context":"https:\/\/schema.org","@graph":[{"@type":"BlogPosting","@id":"https:\/\/www.eldigitaldeasturias.com\/noticias\/las-nuevas-crias-de-urogallo-permaneceran-en-sobrescobio\/#blogposting","name":"Las nuevas cr\u00edas de urogallo permanecer\u00e1n en Sobrescobio - El Digital de Asturias","headline":"Las nuevas cr\u00edas de urogallo permanecer\u00e1n en Sobrescobio","author":{"@id":"https:\/\/www.eldigitaldeasturias.com\/noticias\/author\/admin\/#author"},"publisher":{"@id":"https:\/\/www.eldigitaldeasturias.com\/noticias\/#organization"},"image":{"@type":"ImageObject","url":"https:\/\/www.eldigitaldeasturias.com\/noticias\/wp-content\/uploads\/2016\/09\/fotonoticia_20160907110148_800.jpg","width":800,"height":600},"datePublished":"2016-09-07T13:25:28+02:00","dateModified":"2016-09-07T13:25:28+02:00","inLanguage":"es-ES","mainEntityOfPage":{"@id":"https:\/\/www.eldigitaldeasturias.com\/noticias\/las-nuevas-crias-de-urogallo-permaneceran-en-sobrescobio\/#webpage"},"isPartOf":{"@id":"https:\/\/www.eldigitaldeasturias.com\/noticias\/las-nuevas-crias-de-urogallo-permaneceran-en-sobrescobio\/#webpage"},"articleSection":"Sociedad"},{"@type":"BreadcrumbList","@id":"https:\/\/www.eldigitaldeasturias.com\/noticias\/las-nuevas-crias-de-urogallo-permaneceran-en-sobrescobio\/#breadcrumblist","itemListElement":[{"@type":"ListItem","@id":"https:\/\/www.eldigitaldeasturias.com\/noticias#listItem","position":1,"name":"Home","item":"https:\/\/www.eldigitaldeasturias.com\/noticias","nextItem":{"@type":"ListItem","@id":"https:\/\/www.eldigitaldeasturias.com\/noticias\/category\/sociedad\/#listItem","name":"Sociedad"}},{"@type":"ListItem","@id":"https:\/\/www.eldigitaldeasturias.com\/noticias\/category\/sociedad\/#listItem","position":2,"name":"Sociedad","item":"https:\/\/www.eldigitaldeasturias.com\/noticias\/category\/sociedad\/","nextItem":{"@type":"ListItem","@id":"https:\/\/www.eldigitaldeasturias.com\/noticias\/las-nuevas-crias-de-urogallo-permaneceran-en-sobrescobio\/#listItem","name":"Las nuevas cr\u00edas de urogallo permanecer\u00e1n en Sobrescobio"},"previousItem":{"@type":"ListItem","@id":"https:\/\/www.eldigitaldeasturias.com\/noticias#listItem","name":"Home"}},{"@type":"ListItem","@id":"https:\/\/www.eldigitaldeasturias.com\/noticias\/las-nuevas-crias-de-urogallo-permaneceran-en-sobrescobio\/#listItem","position":3,"name":"Las nuevas cr\u00edas de urogallo permanecer\u00e1n en Sobrescobio","previousItem":{"@type":"ListItem","@id":"https:\/\/www.eldigitaldeasturias.com\/noticias\/category\/sociedad\/#listItem","name":"Sociedad"}}]},{"@type":"Organization","@id":"https:\/\/www.eldigitaldeasturias.com\/noticias\/#organization","name":"El Digital de Asturias","description":"Hemeroteca","url":"https:\/\/www.eldigitaldeasturias.com\/noticias\/","email":"info@eldigitaldeasturias.com","telephone":"+34652131393","logo":{"@type":"ImageObject","url":"https:\/\/www.eldigitaldeasturias.com\/noticias\/wp-content\/uploads\/2020\/12\/EDA.jpg","@id":"https:\/\/www.eldigitaldeasturias.com\/noticias\/las-nuevas-crias-de-urogallo-permaneceran-en-sobrescobio\/#organizationLogo","width":649,"height":297},"image":{"@id":"https:\/\/www.eldigitaldeasturias.com\/noticias\/las-nuevas-crias-de-urogallo-permaneceran-en-sobrescobio\/#organizationLogo"},"sameAs":["https:\/\/facebook.com\/eldigitaldeasturias","https:\/\/www.youtube.com\/channel\/UCZP-2wLEB9Rv6erhFmqVnvg"],"address":{"@id":"https:\/\/www.eldigitaldeasturias.com\/noticias\/#postaladdress","@type":"PostalAddress","streetAddress":"san antonio 4,","postalCode":"33430","addressLocality":"Cand\u00e1s","addressRegion":"Asturias","addressCountry":"ES"}},{"@type":"Person","@id":"https:\/\/www.eldigitaldeasturias.com\/noticias\/author\/admin\/#author","url":"https:\/\/www.eldigitaldeasturias.com\/noticias\/author\/admin\/","name":"El Digital de Asturias","image":{"@type":"ImageObject","@id":"https:\/\/www.eldigitaldeasturias.com\/noticias\/las-nuevas-crias-de-urogallo-permaneceran-en-sobrescobio\/#authorImage","url":"https:\/\/www.eldigitaldeasturias.com\/noticias\/wp-content\/litespeed\/avatar\/18677e78aa0546b92d9dbf31ec7d7668.jpg?ver=1777290358","width":96,"height":96,"caption":"El Digital de Asturias"}},{"@type":"WebPage","@id":"https:\/\/www.eldigitaldeasturias.com\/noticias\/las-nuevas-crias-de-urogallo-permaneceran-en-sobrescobio\/#webpage","url":"https:\/\/www.eldigitaldeasturias.com\/noticias\/las-nuevas-crias-de-urogallo-permaneceran-en-sobrescobio\/","name":"Las nuevas cr\u00edas de urogallo permanecer\u00e1n en Sobrescobio - El Digital de Asturias","description":"El equipo del proyecto 'LIFE+ Urogallo cant\u00e1brico' ha decidido que los juveniles de urogallo cant\u00e1brico, nacidos en cautividad hace un par de meses, permanezcan en el centro de cr\u00eda de Sobrescobio con el objetivo de reforzar el plantel de reproductores. As\u00ed lo han explicado en una nota desde este proyecto europeo que coordina la Fundaci\u00f3n","inLanguage":"es-ES","isPartOf":{"@id":"https:\/\/www.eldigitaldeasturias.com\/noticias\/#website"},"breadcrumb":{"@id":"https:\/\/www.eldigitaldeasturias.com\/noticias\/las-nuevas-crias-de-urogallo-permaneceran-en-sobrescobio\/#breadcrumblist"},"author":{"@id":"https:\/\/www.eldigitaldeasturias.com\/noticias\/author\/admin\/#author"},"creator":{"@id":"https:\/\/www.eldigitaldeasturias.com\/noticias\/author\/admin\/#author"},"image":{"@type":"ImageObject","url":"https:\/\/www.eldigitaldeasturias.com\/noticias\/wp-content\/uploads\/2016\/09\/fotonoticia_20160907110148_800.jpg","@id":"https:\/\/www.eldigitaldeasturias.com\/noticias\/las-nuevas-crias-de-urogallo-permaneceran-en-sobrescobio\/#mainImage","width":800,"height":600},"primaryImageOfPage":{"@id":"https:\/\/www.eldigitaldeasturias.com\/noticias\/las-nuevas-crias-de-urogallo-permaneceran-en-sobrescobio\/#mainImage"},"datePublished":"2016-09-07T13:25:28+02:00","dateModified":"2016-09-07T13:25:28+02:00"},{"@type":"WebSite","@id":"https:\/\/www.eldigitaldeasturias.com\/noticias\/#website","url":"https:\/\/www.eldigitaldeasturias.com\/noticias\/","name":"El Digital de Asturias - Diario de actualidad y noticias","alternateName":"El Digital de Asturias - Diario de actualidad y noticias","description":"Hemeroteca","inLanguage":"es-ES","publisher":{"@id":"https:\/\/www.eldigitaldeasturias.com\/noticias\/#organization"}}]},"og:locale":"es_ES","og:site_name":"El Digital de Asturias","og:type":"article","og:title":"Las nuevas cr\u00edas de urogallo permanecer\u00e1n en Sobrescobio - El Digital de Asturias","og:description":"El equipo del proyecto 'LIFE+ Urogallo cant\u00e1brico' ha decidido que los juveniles de urogallo cant\u00e1brico, nacidos en cautividad hace un par de meses, permanezcan en el centro de cr\u00eda de Sobrescobio con el objetivo de reforzar el plantel de reproductores. As\u00ed lo han explicado en una nota desde este proyecto europeo que coordina la Fundaci\u00f3n","og:url":"https:\/\/www.eldigitaldeasturias.com\/noticias\/las-nuevas-crias-de-urogallo-permaneceran-en-sobrescobio\/","og:image":"https:\/\/www.eldigitaldeasturias.com\/noticias\/wp-content\/uploads\/2016\/09\/fotonoticia_20160907110148_800.jpg","og:image:secure_url":"https:\/\/www.eldigitaldeasturias.com\/noticias\/wp-content\/uploads\/2016\/09\/fotonoticia_20160907110148_800.jpg","og:image:width":800,"og:image:height":600,"article:tag":["sociedad"],"article:published_time":"2016-09-07T12:25:28+00:00","article:modified_time":"2016-09-07T12:25:28+00:00","article:publisher":"https:\/\/facebook.com\/eldigitaldeasturias","twitter:card":"summary_large_image","twitter:title":"Las nuevas cr\u00edas de urogallo permanecer\u00e1n en Sobrescobio - El Digital de Asturias","twitter:description":"El equipo del proyecto 'LIFE+ Urogallo cant\u00e1brico' ha decidido que los juveniles de urogallo cant\u00e1brico, nacidos en cautividad hace un par de meses, permanezcan en el centro de cr\u00eda de Sobrescobio con el objetivo de reforzar el plantel de reproductores. As\u00ed lo han explicado en una nota desde este proyecto europeo que coordina la Fundaci\u00f3n","twitter:image":"https:\/\/www.eldigitaldeasturias.com\/noticias\/wp-content\/uploads\/2016\/09\/fotonoticia_20160907110148_800.jpg","twitter:label1":"Escrito por","twitter:data1":"El Digital de Asturias","twitter:label2":"Tiempo de lectura estimado","twitter:data2":"1 minuto"},"aioseo_meta_data":{"post_id":"906257","title":null,"description":null,"keywords":null,"keyphrases":null,"primary_term":null,"canonical_url":null,"og_title":null,"og_description":null,"og_object_type":"default","og_image_type":"default","og_image_url":null,"og_image_width":null,"og_image_height":null,"og_image_custom_url":null,"og_image_custom_fields":null,"og_video":null,"og_custom_url":null,"og_article_section":null,"og_article_tags":null,"twitter_use_og":false,"twitter_card":"default","twitter_image_type":"default","twitter_image_url":null,"twitter_image_custom_url":null,"twitter_image_custom_fields":null,"twitter_title":null,"twitter_description":null,"schema":{"blockGraphs":[],"customGraphs":[],"default":{"data":{"Article":[],"Course":[],"Dataset":[],"FAQPage":[],"Movie":[],"Person":[],"Product":[],"ProductReview":[],"Car":[],"Recipe":[],"Service":[],"SoftwareApplication":[],"WebPage":[]},"graphName":"","isEnabled":true},"graphs":[],"defaultGraph":"","defaultPostTypeGraph":""},"schema_type":null,"schema_type_options":null,"pillar_content":false,"robots_default":true,"robots_noindex":false,"robots_noarchive":false,"robots_nosnippet":false,"robots_nofollow":false,"robots_noimageindex":false,"robots_noodp":false,"robots_notranslate":false,"robots_max_snippet":null,"robots_max_videopreview":null,"robots_max_imagepreview":"large","priority":null,"frequency":null,"local_seo":null,"seo_analyzer_scan_date":"2025-11-30 08:24:39","breadcrumb_settings":null,"limit_modified_date":false,"open_ai":null,"ai":null,"created":"2020-12-21 14:01:56","updated":"2025-11-30 08:24:39"},"aioseo_breadcrumb":"<div class=\"aioseo-breadcrumbs\"><span class=\"aioseo-breadcrumb\">\n\t<a href=\"https:\/\/www.eldigitaldeasturias.com\/noticias\" title=\"Home\">Home<\/a>\n<\/span><span class=\"aioseo-breadcrumb-separator\">\u2013<\/span><span class=\"aioseo-breadcrumb\">\n\t<a href=\"https:\/\/www.eldigitaldeasturias.com\/noticias\/category\/sociedad\/\" title=\"Sociedad\">Sociedad<\/a>\n<\/span><span class=\"aioseo-breadcrumb-separator\">\u2013<\/span><span class=\"aioseo-breadcrumb\">\n\t<a href=\"https:\/\/www.eldigitaldeasturias.com\/noticias\/las-nuevas-crias-de-urogallo-permaneceran-en-sobrescobio\/\" title=\"Las nuevas cr\u00edas de urogallo permanecer\u00e1n en Sobrescobio\">Las nuevas cr\u00edas de urogallo permanecer\u00e1n en Sobrescobio<\/a>\n<\/span><\/div>","aioseo_breadcrumb_json":[{"label":"Home","link":"https:\/\/www.eldigitaldeasturias.com\/noticias"},{"label":"Sociedad","link":"https:\/\/www.eldigitaldeasturias.com\/noticias\/category\/sociedad\/"},{"label":"Las nuevas cr\u00edas de urogallo permanecer\u00e1n en Sobrescobio","link":"https:\/\/www.eldigitaldeasturias.com\/noticias\/las-nuevas-crias-de-urogallo-permaneceran-en-sobrescobio\/"}],"_links":{"self":[{"href":"https:\/\/www.eldigitaldeasturias.com\/noticias\/wp-json\/wp\/v2\/posts\/906257","targetHints":{"allow":["GET"]}}],"collection":[{"href":"https:\/\/www.eldigitaldeasturias.com\/noticias\/wp-json\/wp\/v2\/posts"}],"about":[{"href":"https:\/\/www.eldigitaldeasturias.com\/noticias\/wp-json\/wp\/v2\/types\/post"}],"author":[{"embeddable":true,"href":"https:\/\/www.eldigitaldeasturias.com\/noticias\/wp-json\/wp\/v2\/users\/1"}],"replies":[{"embeddable":true,"href":"https:\/\/www.eldigitaldeasturias.com\/noticias\/wp-json\/wp\/v2\/comments?post=906257"}],"version-history":[{"count":0,"href":"https:\/\/www.eldigitaldeasturias.com\/noticias\/wp-json\/wp\/v2\/posts\/906257\/revisions"}],"wp:featuredmedia":[{"embeddable":true,"href":"https:\/\/www.eldigitaldeasturias.com\/noticias\/wp-json\/wp\/v2\/media\/906258"}],"wp:attachment":[{"href":"https:\/\/www.eldigitaldeasturias.com\/noticias\/wp-json\/wp\/v2\/media?parent=906257"}],"wp:term":[{"taxonomy":"category","embeddable":true,"href":"https:\/\/www.eldigitaldeasturias.com\/noticias\/wp-json\/wp\/v2\/categories?post=906257"},{"taxonomy":"post_tag","embeddable":true,"href":"https:\/\/www.eldigitaldeasturias.com\/noticias\/wp-json\/wp\/v2\/tags?post=906257"}],"curies":[{"name":"wp","href":"https:\/\/api.w.org\/{rel}","templated":true}]}}