{"id":906255,"date":"2016-09-07T13:22:12","date_gmt":"2016-09-07T12:22:12","guid":{"rendered":"http:\/\/www.eldigitaldeasturias.com\/noticias\/?p=906255"},"modified":"2016-09-07T13:22:12","modified_gmt":"2016-09-07T12:22:12","slug":"el-oktoberoviedo-abre-sus-puertas","status":"publish","type":"post","link":"https:\/\/www.eldigitaldeasturias.com\/noticias\/el-oktoberoviedo-abre-sus-puertas\/","title":{"rendered":"El &#8216;OktoberOviedo&#8217; abre sus puertas"},"content":{"rendered":"<p><img loading=\"lazy\" decoding=\"async\" class=\"alignleft size-medium wp-image-672157\" src=\"https:\/\/www.eldigitaldeasturias.com\/noticias\/wp-content\/uploads\/2014\/11\/Aromas-de-la-cerveza-360x240.jpg\" alt=\"Aromas-de-la-cerveza\" width=\"360\" height=\"240\" srcset=\"https:\/\/www.eldigitaldeasturias.com\/noticias\/wp-content\/uploads\/2014\/11\/Aromas-de-la-cerveza-360x240.jpg 360w, https:\/\/www.eldigitaldeasturias.com\/noticias\/wp-content\/uploads\/2014\/11\/Aromas-de-la-cerveza-220x146.jpg 220w, https:\/\/www.eldigitaldeasturias.com\/noticias\/wp-content\/uploads\/2014\/11\/Aromas-de-la-cerveza.jpg 570w\" sizes=\"auto, (max-width: 360px) 100vw, 360px\" \/>El Festival de la Cerveza &#8216;OktoberOviedo&#8217; comienza este mi\u00e9rcoles, 7 de septiembre, en la plaza del Concey\u00edn del barrio de la Corredoria. Esta primera edici\u00f3n del evento en la capital asturiana tendr\u00e1 sus puertas abiertas hasta el pr\u00f3ximo domingo, 11 de septiembre.<\/p>\n<p>Los organizadores del festival tiene previsto que se \u00abtiren\u00bb m\u00e1s de 10.000 litros de las 13 variedades diferentes de cerveza que se ofertar\u00e1n en este &#8216;OktoberFest&#8217; al m\u00e1s puro estilo teut\u00f3n.<\/p>\n<p>Ocho establecimientos de la ciudad contar\u00e1n con un puesto en la carpa que ese ha instalado en La Corredoria. Estos bares y cervecer\u00edas ovetense son: Al Alba, Casa Gonz\u00e1lez S\u00faarez, Chelsea caf\u00e9 Lounge, Clandestina Bhar, El Desv\u00e1n, La Competencia, Las Tablas del Campill\u00edn y Varyarte.<\/p>\n<p>Adem\u00e1s, habr\u00e1 otro puesto donde se ofertar\u00e1n cerveza sin alcohol y refrescos. En estos cuatro d\u00edas habr\u00e1 gastronom\u00eda tradicional alemana, m\u00fasica, actividades infantiles y una cantidad ingente de cerveza.<\/p>\n<p>El horario de &#8216;OktoberOviedo&#8217; ser\u00e1 de las 19.00 horas de la tarde a la 1.00 de la noche. El precio de las pintas estar\u00e1 entre los 3,5 y 5 euros y los litros, a entre 5 y 8 euros.<\/p>\n<p>Durante la presentaci\u00f3n del evento la semana pasada, el concejal de Turismo, Rub\u00e9n Ros\u00f3n, lo defini\u00f3 como un \u00abmagn\u00edfico pre\u00e1mbulo de las fiestas de San Mateo 2016\u00bb que comienzan la pr\u00f3xima semana en la capital asturiana.<\/p>\n<p>&nbsp;<\/p>\n","protected":false},"excerpt":{"rendered":"<p>El Festival de la Cerveza &#8216;OktoberOviedo&#8217; comienza este mi\u00e9rcoles, 7 de septiembre, en la plaza del Concey\u00edn del barrio de la Corredoria. Esta primera edici\u00f3n del evento en la capital asturiana tendr\u00e1 sus puertas abiertas hasta el pr\u00f3ximo domingo, 11 de septiembre. Los organizadores del festival tiene previsto que se \u00abtiren\u00bb m\u00e1s de 10.000 litros [&hellip;]<\/p>\n","protected":false},"author":1,"featured_media":672157,"comment_status":"closed","ping_status":"closed","sticky":false,"template":"","format":"standard","meta":{"footnotes":""},"categories":[50],"tags":[],"class_list":["post-906255","post","type-post","status-publish","format-standard","has-post-thumbnail","hentry","category-revista-de-ocio"],"aioseo_notices":[],"aioseo_head":"\n\t\t<!-- All in One SEO Pro 4.9.6.2 - aioseo.com -->\n\t<meta name=\"description\" content=\"El Festival de la Cerveza &#039;OktoberOviedo&#039; comienza este mi\u00e9rcoles, 7 de septiembre, en la plaza del Concey\u00edn del barrio de la Corredoria. Esta primera edici\u00f3n del evento en la capital asturiana tendr\u00e1 sus puertas abiertas hasta el pr\u00f3ximo domingo, 11 de septiembre. Los organizadores del festival tiene previsto que se &quot;tiren&quot; m\u00e1s de 10.000 litros\" \/>\n\t<meta name=\"robots\" content=\"max-image-preview:large\" \/>\n\t<meta name=\"author\" content=\"El Digital de Asturias\"\/>\n\t<meta name=\"google-site-verification\" content=\"UA-38556648-1\" \/>\n\t<meta name=\"msvalidate.01\" content=\"7dfe9f3f1b24437ab69f4f2559babe99\" \/>\n\t<meta name=\"keywords\" content=\"revista de ocio\" \/>\n\t<link rel=\"canonical\" href=\"https:\/\/www.eldigitaldeasturias.com\/noticias\/el-oktoberoviedo-abre-sus-puertas\/\" \/>\n\t<meta name=\"generator\" content=\"All in One SEO Pro (AIOSEO) 4.9.6.2\" \/>\n\t\t<meta property=\"og:locale\" content=\"es_ES\" \/>\n\t\t<meta property=\"og:site_name\" content=\"El Digital de Asturias\" \/>\n\t\t<meta property=\"og:type\" content=\"article\" \/>\n\t\t<meta property=\"og:title\" content=\"El \u2018OktoberOviedo\u2019 abre sus puertas - El Digital de Asturias\" \/>\n\t\t<meta property=\"og:description\" content=\"El Festival de la Cerveza &#039;OktoberOviedo&#039; comienza este mi\u00e9rcoles, 7 de septiembre, en la plaza del Concey\u00edn del barrio de la Corredoria. Esta primera edici\u00f3n del evento en la capital asturiana tendr\u00e1 sus puertas abiertas hasta el pr\u00f3ximo domingo, 11 de septiembre. Los organizadores del festival tiene previsto que se &quot;tiren&quot; m\u00e1s de 10.000 litros\" \/>\n\t\t<meta property=\"og:url\" content=\"https:\/\/www.eldigitaldeasturias.com\/noticias\/el-oktoberoviedo-abre-sus-puertas\/\" \/>\n\t\t<meta property=\"og:image\" content=\"https:\/\/www.eldigitaldeasturias.com\/noticias\/wp-content\/uploads\/2014\/11\/Aromas-de-la-cerveza.jpg\" \/>\n\t\t<meta property=\"og:image:secure_url\" content=\"https:\/\/www.eldigitaldeasturias.com\/noticias\/wp-content\/uploads\/2014\/11\/Aromas-de-la-cerveza.jpg\" \/>\n\t\t<meta property=\"og:image:width\" content=\"570\" \/>\n\t\t<meta property=\"og:image:height\" content=\"380\" \/>\n\t\t<meta property=\"article:tag\" content=\"revista de ocio\" \/>\n\t\t<meta property=\"article:published_time\" content=\"2016-09-07T12:22:12+00:00\" \/>\n\t\t<meta property=\"article:modified_time\" content=\"2016-09-07T12:22:12+00:00\" \/>\n\t\t<meta property=\"article:publisher\" content=\"https:\/\/facebook.com\/eldigitaldeasturias\" \/>\n\t\t<meta name=\"twitter:card\" content=\"summary_large_image\" \/>\n\t\t<meta name=\"twitter:title\" content=\"El \u2018OktoberOviedo\u2019 abre sus puertas - El Digital de Asturias\" \/>\n\t\t<meta name=\"twitter:description\" content=\"El Festival de la Cerveza &#039;OktoberOviedo&#039; comienza este mi\u00e9rcoles, 7 de septiembre, en la plaza del Concey\u00edn del barrio de la Corredoria. Esta primera edici\u00f3n del evento en la capital asturiana tendr\u00e1 sus puertas abiertas hasta el pr\u00f3ximo domingo, 11 de septiembre. Los organizadores del festival tiene previsto que se &quot;tiren&quot; m\u00e1s de 10.000 litros\" \/>\n\t\t<meta name=\"twitter:image\" content=\"https:\/\/www.eldigitaldeasturias.com\/noticias\/wp-content\/uploads\/2014\/11\/Aromas-de-la-cerveza.jpg\" \/>\n\t\t<meta name=\"twitter:label1\" content=\"Escrito por\" \/>\n\t\t<meta name=\"twitter:data1\" content=\"El Digital de Asturias\" \/>\n\t\t<meta name=\"twitter:label2\" content=\"Tiempo de lectura estimado\" \/>\n\t\t<meta name=\"twitter:data2\" content=\"1 minuto\" \/>\n\t\t<script type=\"application\/ld+json\" class=\"aioseo-schema\">\n\t\t\t{\"@context\":\"https:\\\/\\\/schema.org\",\"@graph\":[{\"@type\":\"BlogPosting\",\"@id\":\"https:\\\/\\\/www.eldigitaldeasturias.com\\\/noticias\\\/el-oktoberoviedo-abre-sus-puertas\\\/#blogposting\",\"name\":\"El \\u2018OktoberOviedo\\u2019 abre sus puertas - El Digital de Asturias\",\"headline\":\"El &#8216;OktoberOviedo&#8217; abre sus puertas\",\"author\":{\"@id\":\"https:\\\/\\\/www.eldigitaldeasturias.com\\\/noticias\\\/author\\\/admin\\\/#author\"},\"publisher\":{\"@id\":\"https:\\\/\\\/www.eldigitaldeasturias.com\\\/noticias\\\/#organization\"},\"image\":{\"@type\":\"ImageObject\",\"url\":\"https:\\\/\\\/www.eldigitaldeasturias.com\\\/noticias\\\/wp-content\\\/uploads\\\/2014\\\/11\\\/Aromas-de-la-cerveza.jpg\",\"width\":570,\"height\":380},\"datePublished\":\"2016-09-07T13:22:12+02:00\",\"dateModified\":\"2016-09-07T13:22:12+02:00\",\"inLanguage\":\"es-ES\",\"mainEntityOfPage\":{\"@id\":\"https:\\\/\\\/www.eldigitaldeasturias.com\\\/noticias\\\/el-oktoberoviedo-abre-sus-puertas\\\/#webpage\"},\"isPartOf\":{\"@id\":\"https:\\\/\\\/www.eldigitaldeasturias.com\\\/noticias\\\/el-oktoberoviedo-abre-sus-puertas\\\/#webpage\"},\"articleSection\":\"Revista de Ocio\"},{\"@type\":\"BreadcrumbList\",\"@id\":\"https:\\\/\\\/www.eldigitaldeasturias.com\\\/noticias\\\/el-oktoberoviedo-abre-sus-puertas\\\/#breadcrumblist\",\"itemListElement\":[{\"@type\":\"ListItem\",\"@id\":\"https:\\\/\\\/www.eldigitaldeasturias.com\\\/noticias#listItem\",\"position\":1,\"name\":\"Home\",\"item\":\"https:\\\/\\\/www.eldigitaldeasturias.com\\\/noticias\",\"nextItem\":{\"@type\":\"ListItem\",\"@id\":\"https:\\\/\\\/www.eldigitaldeasturias.com\\\/noticias\\\/category\\\/revista-de-ocio\\\/#listItem\",\"name\":\"Revista de Ocio\"}},{\"@type\":\"ListItem\",\"@id\":\"https:\\\/\\\/www.eldigitaldeasturias.com\\\/noticias\\\/category\\\/revista-de-ocio\\\/#listItem\",\"position\":2,\"name\":\"Revista de Ocio\",\"item\":\"https:\\\/\\\/www.eldigitaldeasturias.com\\\/noticias\\\/category\\\/revista-de-ocio\\\/\",\"nextItem\":{\"@type\":\"ListItem\",\"@id\":\"https:\\\/\\\/www.eldigitaldeasturias.com\\\/noticias\\\/el-oktoberoviedo-abre-sus-puertas\\\/#listItem\",\"name\":\"El &#8216;OktoberOviedo&#8217; abre sus puertas\"},\"previousItem\":{\"@type\":\"ListItem\",\"@id\":\"https:\\\/\\\/www.eldigitaldeasturias.com\\\/noticias#listItem\",\"name\":\"Home\"}},{\"@type\":\"ListItem\",\"@id\":\"https:\\\/\\\/www.eldigitaldeasturias.com\\\/noticias\\\/el-oktoberoviedo-abre-sus-puertas\\\/#listItem\",\"position\":3,\"name\":\"El &#8216;OktoberOviedo&#8217; abre sus puertas\",\"previousItem\":{\"@type\":\"ListItem\",\"@id\":\"https:\\\/\\\/www.eldigitaldeasturias.com\\\/noticias\\\/category\\\/revista-de-ocio\\\/#listItem\",\"name\":\"Revista de Ocio\"}}]},{\"@type\":\"Organization\",\"@id\":\"https:\\\/\\\/www.eldigitaldeasturias.com\\\/noticias\\\/#organization\",\"name\":\"El Digital de Asturias\",\"description\":\"Hemeroteca\",\"url\":\"https:\\\/\\\/www.eldigitaldeasturias.com\\\/noticias\\\/\",\"email\":\"info@eldigitaldeasturias.com\",\"telephone\":\"+34652131393\",\"logo\":{\"@type\":\"ImageObject\",\"url\":\"https:\\\/\\\/www.eldigitaldeasturias.com\\\/noticias\\\/wp-content\\\/uploads\\\/2020\\\/12\\\/EDA.jpg\",\"@id\":\"https:\\\/\\\/www.eldigitaldeasturias.com\\\/noticias\\\/el-oktoberoviedo-abre-sus-puertas\\\/#organizationLogo\",\"width\":649,\"height\":297},\"image\":{\"@id\":\"https:\\\/\\\/www.eldigitaldeasturias.com\\\/noticias\\\/el-oktoberoviedo-abre-sus-puertas\\\/#organizationLogo\"},\"sameAs\":[\"https:\\\/\\\/facebook.com\\\/eldigitaldeasturias\",\"https:\\\/\\\/www.youtube.com\\\/channel\\\/UCZP-2wLEB9Rv6erhFmqVnvg\"],\"address\":{\"@id\":\"https:\\\/\\\/www.eldigitaldeasturias.com\\\/noticias\\\/#postaladdress\",\"@type\":\"PostalAddress\",\"streetAddress\":\"san antonio 4,\",\"postalCode\":\"33430\",\"addressLocality\":\"Cand\\u00e1s\",\"addressRegion\":\"Asturias\",\"addressCountry\":\"ES\"}},{\"@type\":\"Person\",\"@id\":\"https:\\\/\\\/www.eldigitaldeasturias.com\\\/noticias\\\/author\\\/admin\\\/#author\",\"url\":\"https:\\\/\\\/www.eldigitaldeasturias.com\\\/noticias\\\/author\\\/admin\\\/\",\"name\":\"El Digital de Asturias\",\"image\":{\"@type\":\"ImageObject\",\"@id\":\"https:\\\/\\\/www.eldigitaldeasturias.com\\\/noticias\\\/el-oktoberoviedo-abre-sus-puertas\\\/#authorImage\",\"url\":\"https:\\\/\\\/www.eldigitaldeasturias.com\\\/noticias\\\/wp-content\\\/litespeed\\\/avatar\\\/18677e78aa0546b92d9dbf31ec7d7668.jpg?ver=1777290358\",\"width\":96,\"height\":96,\"caption\":\"El Digital de Asturias\"}},{\"@type\":\"WebPage\",\"@id\":\"https:\\\/\\\/www.eldigitaldeasturias.com\\\/noticias\\\/el-oktoberoviedo-abre-sus-puertas\\\/#webpage\",\"url\":\"https:\\\/\\\/www.eldigitaldeasturias.com\\\/noticias\\\/el-oktoberoviedo-abre-sus-puertas\\\/\",\"name\":\"El \\u2018OktoberOviedo\\u2019 abre sus puertas - El Digital de Asturias\",\"description\":\"El Festival de la Cerveza 'OktoberOviedo' comienza este mi\\u00e9rcoles, 7 de septiembre, en la plaza del Concey\\u00edn del barrio de la Corredoria. Esta primera edici\\u00f3n del evento en la capital asturiana tendr\\u00e1 sus puertas abiertas hasta el pr\\u00f3ximo domingo, 11 de septiembre. Los organizadores del festival tiene previsto que se \\\"tiren\\\" m\\u00e1s de 10.000 litros\",\"inLanguage\":\"es-ES\",\"isPartOf\":{\"@id\":\"https:\\\/\\\/www.eldigitaldeasturias.com\\\/noticias\\\/#website\"},\"breadcrumb\":{\"@id\":\"https:\\\/\\\/www.eldigitaldeasturias.com\\\/noticias\\\/el-oktoberoviedo-abre-sus-puertas\\\/#breadcrumblist\"},\"author\":{\"@id\":\"https:\\\/\\\/www.eldigitaldeasturias.com\\\/noticias\\\/author\\\/admin\\\/#author\"},\"creator\":{\"@id\":\"https:\\\/\\\/www.eldigitaldeasturias.com\\\/noticias\\\/author\\\/admin\\\/#author\"},\"image\":{\"@type\":\"ImageObject\",\"url\":\"https:\\\/\\\/www.eldigitaldeasturias.com\\\/noticias\\\/wp-content\\\/uploads\\\/2014\\\/11\\\/Aromas-de-la-cerveza.jpg\",\"@id\":\"https:\\\/\\\/www.eldigitaldeasturias.com\\\/noticias\\\/el-oktoberoviedo-abre-sus-puertas\\\/#mainImage\",\"width\":570,\"height\":380},\"primaryImageOfPage\":{\"@id\":\"https:\\\/\\\/www.eldigitaldeasturias.com\\\/noticias\\\/el-oktoberoviedo-abre-sus-puertas\\\/#mainImage\"},\"datePublished\":\"2016-09-07T13:22:12+02:00\",\"dateModified\":\"2016-09-07T13:22:12+02:00\"},{\"@type\":\"WebSite\",\"@id\":\"https:\\\/\\\/www.eldigitaldeasturias.com\\\/noticias\\\/#website\",\"url\":\"https:\\\/\\\/www.eldigitaldeasturias.com\\\/noticias\\\/\",\"name\":\"El Digital de Asturias - Diario de actualidad y noticias\",\"alternateName\":\"El Digital de Asturias - Diario de actualidad y noticias\",\"description\":\"Hemeroteca\",\"inLanguage\":\"es-ES\",\"publisher\":{\"@id\":\"https:\\\/\\\/www.eldigitaldeasturias.com\\\/noticias\\\/#organization\"}}]}\n\t\t<\/script>\n\t\t<!-- All in One SEO Pro -->\r\n\t\t<title>El \u2018OktoberOviedo\u2019 abre sus puertas - El Digital de Asturias<\/title>\n\n","aioseo_head_json":{"title":"El \u2018OktoberOviedo\u2019 abre sus puertas - El Digital de Asturias","description":"El Festival de la Cerveza 'OktoberOviedo' comienza este mi\u00e9rcoles, 7 de septiembre, en la plaza del Concey\u00edn del barrio de la Corredoria. Esta primera edici\u00f3n del evento en la capital asturiana tendr\u00e1 sus puertas abiertas hasta el pr\u00f3ximo domingo, 11 de septiembre. Los organizadores del festival tiene previsto que se \"tiren\" m\u00e1s de 10.000 litros","canonical_url":"https:\/\/www.eldigitaldeasturias.com\/noticias\/el-oktoberoviedo-abre-sus-puertas\/","robots":"max-image-preview:large","keywords":"revista de ocio","webmasterTools":{"google-site-verification":"UA-38556648-1","msvalidate.01":"7dfe9f3f1b24437ab69f4f2559babe99","miscellaneous":""},"schema":{"@context":"https:\/\/schema.org","@graph":[{"@type":"BlogPosting","@id":"https:\/\/www.eldigitaldeasturias.com\/noticias\/el-oktoberoviedo-abre-sus-puertas\/#blogposting","name":"El \u2018OktoberOviedo\u2019 abre sus puertas - El Digital de Asturias","headline":"El &#8216;OktoberOviedo&#8217; abre sus puertas","author":{"@id":"https:\/\/www.eldigitaldeasturias.com\/noticias\/author\/admin\/#author"},"publisher":{"@id":"https:\/\/www.eldigitaldeasturias.com\/noticias\/#organization"},"image":{"@type":"ImageObject","url":"https:\/\/www.eldigitaldeasturias.com\/noticias\/wp-content\/uploads\/2014\/11\/Aromas-de-la-cerveza.jpg","width":570,"height":380},"datePublished":"2016-09-07T13:22:12+02:00","dateModified":"2016-09-07T13:22:12+02:00","inLanguage":"es-ES","mainEntityOfPage":{"@id":"https:\/\/www.eldigitaldeasturias.com\/noticias\/el-oktoberoviedo-abre-sus-puertas\/#webpage"},"isPartOf":{"@id":"https:\/\/www.eldigitaldeasturias.com\/noticias\/el-oktoberoviedo-abre-sus-puertas\/#webpage"},"articleSection":"Revista de Ocio"},{"@type":"BreadcrumbList","@id":"https:\/\/www.eldigitaldeasturias.com\/noticias\/el-oktoberoviedo-abre-sus-puertas\/#breadcrumblist","itemListElement":[{"@type":"ListItem","@id":"https:\/\/www.eldigitaldeasturias.com\/noticias#listItem","position":1,"name":"Home","item":"https:\/\/www.eldigitaldeasturias.com\/noticias","nextItem":{"@type":"ListItem","@id":"https:\/\/www.eldigitaldeasturias.com\/noticias\/category\/revista-de-ocio\/#listItem","name":"Revista de Ocio"}},{"@type":"ListItem","@id":"https:\/\/www.eldigitaldeasturias.com\/noticias\/category\/revista-de-ocio\/#listItem","position":2,"name":"Revista de Ocio","item":"https:\/\/www.eldigitaldeasturias.com\/noticias\/category\/revista-de-ocio\/","nextItem":{"@type":"ListItem","@id":"https:\/\/www.eldigitaldeasturias.com\/noticias\/el-oktoberoviedo-abre-sus-puertas\/#listItem","name":"El &#8216;OktoberOviedo&#8217; abre sus puertas"},"previousItem":{"@type":"ListItem","@id":"https:\/\/www.eldigitaldeasturias.com\/noticias#listItem","name":"Home"}},{"@type":"ListItem","@id":"https:\/\/www.eldigitaldeasturias.com\/noticias\/el-oktoberoviedo-abre-sus-puertas\/#listItem","position":3,"name":"El &#8216;OktoberOviedo&#8217; abre sus puertas","previousItem":{"@type":"ListItem","@id":"https:\/\/www.eldigitaldeasturias.com\/noticias\/category\/revista-de-ocio\/#listItem","name":"Revista de Ocio"}}]},{"@type":"Organization","@id":"https:\/\/www.eldigitaldeasturias.com\/noticias\/#organization","name":"El Digital de Asturias","description":"Hemeroteca","url":"https:\/\/www.eldigitaldeasturias.com\/noticias\/","email":"info@eldigitaldeasturias.com","telephone":"+34652131393","logo":{"@type":"ImageObject","url":"https:\/\/www.eldigitaldeasturias.com\/noticias\/wp-content\/uploads\/2020\/12\/EDA.jpg","@id":"https:\/\/www.eldigitaldeasturias.com\/noticias\/el-oktoberoviedo-abre-sus-puertas\/#organizationLogo","width":649,"height":297},"image":{"@id":"https:\/\/www.eldigitaldeasturias.com\/noticias\/el-oktoberoviedo-abre-sus-puertas\/#organizationLogo"},"sameAs":["https:\/\/facebook.com\/eldigitaldeasturias","https:\/\/www.youtube.com\/channel\/UCZP-2wLEB9Rv6erhFmqVnvg"],"address":{"@id":"https:\/\/www.eldigitaldeasturias.com\/noticias\/#postaladdress","@type":"PostalAddress","streetAddress":"san antonio 4,","postalCode":"33430","addressLocality":"Cand\u00e1s","addressRegion":"Asturias","addressCountry":"ES"}},{"@type":"Person","@id":"https:\/\/www.eldigitaldeasturias.com\/noticias\/author\/admin\/#author","url":"https:\/\/www.eldigitaldeasturias.com\/noticias\/author\/admin\/","name":"El Digital de Asturias","image":{"@type":"ImageObject","@id":"https:\/\/www.eldigitaldeasturias.com\/noticias\/el-oktoberoviedo-abre-sus-puertas\/#authorImage","url":"https:\/\/www.eldigitaldeasturias.com\/noticias\/wp-content\/litespeed\/avatar\/18677e78aa0546b92d9dbf31ec7d7668.jpg?ver=1777290358","width":96,"height":96,"caption":"El Digital de Asturias"}},{"@type":"WebPage","@id":"https:\/\/www.eldigitaldeasturias.com\/noticias\/el-oktoberoviedo-abre-sus-puertas\/#webpage","url":"https:\/\/www.eldigitaldeasturias.com\/noticias\/el-oktoberoviedo-abre-sus-puertas\/","name":"El \u2018OktoberOviedo\u2019 abre sus puertas - El Digital de Asturias","description":"El Festival de la Cerveza 'OktoberOviedo' comienza este mi\u00e9rcoles, 7 de septiembre, en la plaza del Concey\u00edn del barrio de la Corredoria. Esta primera edici\u00f3n del evento en la capital asturiana tendr\u00e1 sus puertas abiertas hasta el pr\u00f3ximo domingo, 11 de septiembre. Los organizadores del festival tiene previsto que se \"tiren\" m\u00e1s de 10.000 litros","inLanguage":"es-ES","isPartOf":{"@id":"https:\/\/www.eldigitaldeasturias.com\/noticias\/#website"},"breadcrumb":{"@id":"https:\/\/www.eldigitaldeasturias.com\/noticias\/el-oktoberoviedo-abre-sus-puertas\/#breadcrumblist"},"author":{"@id":"https:\/\/www.eldigitaldeasturias.com\/noticias\/author\/admin\/#author"},"creator":{"@id":"https:\/\/www.eldigitaldeasturias.com\/noticias\/author\/admin\/#author"},"image":{"@type":"ImageObject","url":"https:\/\/www.eldigitaldeasturias.com\/noticias\/wp-content\/uploads\/2014\/11\/Aromas-de-la-cerveza.jpg","@id":"https:\/\/www.eldigitaldeasturias.com\/noticias\/el-oktoberoviedo-abre-sus-puertas\/#mainImage","width":570,"height":380},"primaryImageOfPage":{"@id":"https:\/\/www.eldigitaldeasturias.com\/noticias\/el-oktoberoviedo-abre-sus-puertas\/#mainImage"},"datePublished":"2016-09-07T13:22:12+02:00","dateModified":"2016-09-07T13:22:12+02:00"},{"@type":"WebSite","@id":"https:\/\/www.eldigitaldeasturias.com\/noticias\/#website","url":"https:\/\/www.eldigitaldeasturias.com\/noticias\/","name":"El Digital de Asturias - Diario de actualidad y noticias","alternateName":"El Digital de Asturias - Diario de actualidad y noticias","description":"Hemeroteca","inLanguage":"es-ES","publisher":{"@id":"https:\/\/www.eldigitaldeasturias.com\/noticias\/#organization"}}]},"og:locale":"es_ES","og:site_name":"El Digital de Asturias","og:type":"article","og:title":"El \u2018OktoberOviedo\u2019 abre sus puertas - El Digital de Asturias","og:description":"El Festival de la Cerveza 'OktoberOviedo' comienza este mi\u00e9rcoles, 7 de septiembre, en la plaza del Concey\u00edn del barrio de la Corredoria. Esta primera edici\u00f3n del evento en la capital asturiana tendr\u00e1 sus puertas abiertas hasta el pr\u00f3ximo domingo, 11 de septiembre. Los organizadores del festival tiene previsto que se &quot;tiren&quot; m\u00e1s de 10.000 litros","og:url":"https:\/\/www.eldigitaldeasturias.com\/noticias\/el-oktoberoviedo-abre-sus-puertas\/","og:image":"https:\/\/www.eldigitaldeasturias.com\/noticias\/wp-content\/uploads\/2014\/11\/Aromas-de-la-cerveza.jpg","og:image:secure_url":"https:\/\/www.eldigitaldeasturias.com\/noticias\/wp-content\/uploads\/2014\/11\/Aromas-de-la-cerveza.jpg","og:image:width":570,"og:image:height":380,"article:tag":["revista de ocio"],"article:published_time":"2016-09-07T12:22:12+00:00","article:modified_time":"2016-09-07T12:22:12+00:00","article:publisher":"https:\/\/facebook.com\/eldigitaldeasturias","twitter:card":"summary_large_image","twitter:title":"El \u2018OktoberOviedo\u2019 abre sus puertas - El Digital de Asturias","twitter:description":"El Festival de la Cerveza 'OktoberOviedo' comienza este mi\u00e9rcoles, 7 de septiembre, en la plaza del Concey\u00edn del barrio de la Corredoria. Esta primera edici\u00f3n del evento en la capital asturiana tendr\u00e1 sus puertas abiertas hasta el pr\u00f3ximo domingo, 11 de septiembre. Los organizadores del festival tiene previsto que se &quot;tiren&quot; m\u00e1s de 10.000 litros","twitter:image":"https:\/\/www.eldigitaldeasturias.com\/noticias\/wp-content\/uploads\/2014\/11\/Aromas-de-la-cerveza.jpg","twitter:label1":"Escrito por","twitter:data1":"El Digital de Asturias","twitter:label2":"Tiempo de lectura estimado","twitter:data2":"1 minuto"},"aioseo_meta_data":{"post_id":"906255","title":null,"description":null,"keywords":null,"keyphrases":null,"primary_term":null,"canonical_url":null,"og_title":null,"og_description":null,"og_object_type":"default","og_image_type":"default","og_image_url":null,"og_image_width":null,"og_image_height":null,"og_image_custom_url":null,"og_image_custom_fields":null,"og_video":null,"og_custom_url":null,"og_article_section":null,"og_article_tags":null,"twitter_use_og":false,"twitter_card":"default","twitter_image_type":"default","twitter_image_url":null,"twitter_image_custom_url":null,"twitter_image_custom_fields":null,"twitter_title":null,"twitter_description":null,"schema":{"blockGraphs":[],"customGraphs":[],"default":{"data":{"Article":[],"Course":[],"Dataset":[],"FAQPage":[],"Movie":[],"Person":[],"Product":[],"ProductReview":[],"Car":[],"Recipe":[],"Service":[],"SoftwareApplication":[],"WebPage":[]},"graphName":"","isEnabled":true},"graphs":[],"defaultGraph":"","defaultPostTypeGraph":""},"schema_type":null,"schema_type_options":null,"pillar_content":false,"robots_default":true,"robots_noindex":false,"robots_noarchive":false,"robots_nosnippet":false,"robots_nofollow":false,"robots_noimageindex":false,"robots_noodp":false,"robots_notranslate":false,"robots_max_snippet":null,"robots_max_videopreview":null,"robots_max_imagepreview":"large","priority":null,"frequency":null,"local_seo":null,"seo_analyzer_scan_date":"2025-11-30 08:24:39","breadcrumb_settings":null,"limit_modified_date":false,"open_ai":null,"ai":null,"created":"2020-12-21 14:01:56","updated":"2025-11-30 08:24:39"},"aioseo_breadcrumb":"<div class=\"aioseo-breadcrumbs\"><span class=\"aioseo-breadcrumb\">\n\t<a href=\"https:\/\/www.eldigitaldeasturias.com\/noticias\" title=\"Home\">Home<\/a>\n<\/span><span class=\"aioseo-breadcrumb-separator\">\u2013<\/span><span class=\"aioseo-breadcrumb\">\n\t<a href=\"https:\/\/www.eldigitaldeasturias.com\/noticias\/category\/revista-de-ocio\/\" title=\"Revista de Ocio\">Revista de Ocio<\/a>\n<\/span><span class=\"aioseo-breadcrumb-separator\">\u2013<\/span><span class=\"aioseo-breadcrumb\">\n\t<a href=\"https:\/\/www.eldigitaldeasturias.com\/noticias\/el-oktoberoviedo-abre-sus-puertas\/\" title=\"El \u2018OktoberOviedo\u2019 abre sus puertas\">El \u2018OktoberOviedo\u2019 abre sus puertas<\/a>\n<\/span><\/div>","aioseo_breadcrumb_json":[{"label":"Home","link":"https:\/\/www.eldigitaldeasturias.com\/noticias"},{"label":"Revista de Ocio","link":"https:\/\/www.eldigitaldeasturias.com\/noticias\/category\/revista-de-ocio\/"},{"label":"El &#8216;OktoberOviedo&#8217; abre sus puertas","link":"https:\/\/www.eldigitaldeasturias.com\/noticias\/el-oktoberoviedo-abre-sus-puertas\/"}],"_links":{"self":[{"href":"https:\/\/www.eldigitaldeasturias.com\/noticias\/wp-json\/wp\/v2\/posts\/906255","targetHints":{"allow":["GET"]}}],"collection":[{"href":"https:\/\/www.eldigitaldeasturias.com\/noticias\/wp-json\/wp\/v2\/posts"}],"about":[{"href":"https:\/\/www.eldigitaldeasturias.com\/noticias\/wp-json\/wp\/v2\/types\/post"}],"author":[{"embeddable":true,"href":"https:\/\/www.eldigitaldeasturias.com\/noticias\/wp-json\/wp\/v2\/users\/1"}],"replies":[{"embeddable":true,"href":"https:\/\/www.eldigitaldeasturias.com\/noticias\/wp-json\/wp\/v2\/comments?post=906255"}],"version-history":[{"count":0,"href":"https:\/\/www.eldigitaldeasturias.com\/noticias\/wp-json\/wp\/v2\/posts\/906255\/revisions"}],"wp:featuredmedia":[{"embeddable":true,"href":"https:\/\/www.eldigitaldeasturias.com\/noticias\/wp-json\/wp\/v2\/media\/672157"}],"wp:attachment":[{"href":"https:\/\/www.eldigitaldeasturias.com\/noticias\/wp-json\/wp\/v2\/media?parent=906255"}],"wp:term":[{"taxonomy":"category","embeddable":true,"href":"https:\/\/www.eldigitaldeasturias.com\/noticias\/wp-json\/wp\/v2\/categories?post=906255"},{"taxonomy":"post_tag","embeddable":true,"href":"https:\/\/www.eldigitaldeasturias.com\/noticias\/wp-json\/wp\/v2\/tags?post=906255"}],"curies":[{"name":"wp","href":"https:\/\/api.w.org\/{rel}","templated":true}]}}