{"id":906252,"date":"2016-09-07T13:20:36","date_gmt":"2016-09-07T12:20:36","guid":{"rendered":"http:\/\/www.eldigitaldeasturias.com\/noticias\/?p=906252"},"modified":"2016-09-07T13:20:36","modified_gmt":"2016-09-07T12:20:36","slug":"el-principado-activa-el-infopa-en-el-suroccidente-asturiano","status":"publish","type":"post","link":"https:\/\/www.eldigitaldeasturias.com\/noticias\/el-principado-activa-el-infopa-en-el-suroccidente-asturiano\/","title":{"rendered":"El Principado activa el Infopa en el suroccidente asturiano"},"content":{"rendered":"<p><img loading=\"lazy\" decoding=\"async\" class=\"alignleft size-medium wp-image-906253\" src=\"https:\/\/www.eldigitaldeasturias.com\/noticias\/wp-content\/uploads\/2016\/09\/fotonoticia_20160907103243_800-360x296.jpg\" alt=\"fotonoticia_20160907103243_800\" width=\"360\" height=\"296\" srcset=\"https:\/\/www.eldigitaldeasturias.com\/noticias\/wp-content\/uploads\/2016\/09\/fotonoticia_20160907103243_800-360x296.jpg 360w, https:\/\/www.eldigitaldeasturias.com\/noticias\/wp-content\/uploads\/2016\/09\/fotonoticia_20160907103243_800-768x631.jpg 768w, https:\/\/www.eldigitaldeasturias.com\/noticias\/wp-content\/uploads\/2016\/09\/fotonoticia_20160907103243_800-650x534.jpg 650w, https:\/\/www.eldigitaldeasturias.com\/noticias\/wp-content\/uploads\/2016\/09\/fotonoticia_20160907103243_800.jpg 800w\" sizes=\"auto, (max-width: 360px) 100vw, 360px\" \/>El Consejero de Presidencia, Guillermo Mart\u00ednez, ha activado este mi\u00e9rcoles, a las 8.49 horas, el Plan de Emergencia de Protecci\u00f3n Civil por Incendios Forestales en el Principado de Asturias (Infopa) en situaci\u00f3n 0 para el suroccidente asturiano por las altas temperaturas previstas para hoy y el incendio forestal declarado este martes por la tarde en Dega\u00f1a.<\/p>\n<p>En una nota, el Servicio de Emergencias del Principado de Asturias (SEPA) ha explciado que se considera situaci\u00f3n 0, para un \u00e1mbito geogr\u00e1fico determinado, aquella en la que los incendios forestales existentes en dicho \u00e1mbito, requieren para su extinci\u00f3n la aplicaci\u00f3n de procedimientos y protocolos de uso habitual, por lo que no es necesario el concurso de ning\u00fan recurso extraordinario, o la aplicaci\u00f3n de operativos especiales.<\/p>\n<p>Los bomberos del SEPA se encuentran trabajado desde ayer en la extinci\u00f3n del incendio declarado en Dega\u00f1a, que comenz\u00f3 a las 19.53 horas. Desde entonces han trabajado en su extinci\u00f3n efectivos de los parques de Ibias y Cangas del Narcea, adem\u00e1s de un helic\u00f3ptero de bomberos.<\/p>\n<p>En las tareas de extinci\u00f3n de este mi\u00e9rcoles est\u00e1n trabajando en la zona el Jefe de Bomberos de la Zona Suroccidental, bomberos del parque de Cangas del Narcea e Ibias, la Brigada de Refuerzo contra Incendios Forestales (BRIF) de Tineo, dos empresas forestales y tres helic\u00f3pteros (dos de la BRIF y uno de bomberos). Tambi\u00e9n est\u00e1 previsto contar con el helic\u00f3ptero Kamov del Ministerio de Agricultura y Medio Ambiente (MAGRAMA). En las tareas de extinci\u00f3n tambi\u00e9n se cuenta con la colaboraci\u00f3n de la Guarder\u00eda de Medio Ambiente.<\/p>\n<p>&nbsp;<\/p>\n<p>&nbsp;<\/p>\n","protected":false},"excerpt":{"rendered":"<p>El Consejero de Presidencia, Guillermo Mart\u00ednez, ha activado este mi\u00e9rcoles, a las 8.49 horas, el Plan de Emergencia de Protecci\u00f3n Civil por Incendios Forestales en el Principado de Asturias (Infopa) en situaci\u00f3n 0 para el suroccidente asturiano por las altas temperaturas previstas para hoy y el incendio forestal declarado este martes por la tarde en [&hellip;]<\/p>\n","protected":false},"author":1,"featured_media":906253,"comment_status":"closed","ping_status":"closed","sticky":false,"template":"","format":"standard","meta":{"footnotes":""},"categories":[28],"tags":[],"class_list":["post-906252","post","type-post","status-publish","format-standard","has-post-thumbnail","hentry","category-sociedad"],"aioseo_notices":[],"aioseo_head":"\n\t\t<!-- All in One SEO Pro 4.9.6.2 - aioseo.com -->\n\t<meta name=\"description\" content=\"El Consejero de Presidencia, Guillermo Mart\u00ednez, ha activado este mi\u00e9rcoles, a las 8.49 horas, el Plan de Emergencia de Protecci\u00f3n Civil por Incendios Forestales en el Principado de Asturias (Infopa) en situaci\u00f3n 0 para el suroccidente asturiano por las altas temperaturas previstas para hoy y el incendio forestal declarado este martes por la tarde en\" \/>\n\t<meta name=\"robots\" content=\"max-image-preview:large\" \/>\n\t<meta name=\"author\" content=\"El Digital de Asturias\"\/>\n\t<meta name=\"google-site-verification\" content=\"UA-38556648-1\" \/>\n\t<meta name=\"msvalidate.01\" content=\"7dfe9f3f1b24437ab69f4f2559babe99\" \/>\n\t<meta name=\"keywords\" content=\"sociedad\" \/>\n\t<link rel=\"canonical\" href=\"https:\/\/www.eldigitaldeasturias.com\/noticias\/el-principado-activa-el-infopa-en-el-suroccidente-asturiano\/\" \/>\n\t<meta name=\"generator\" content=\"All in One SEO Pro (AIOSEO) 4.9.6.2\" \/>\n\t\t<meta property=\"og:locale\" content=\"es_ES\" \/>\n\t\t<meta property=\"og:site_name\" content=\"El Digital de Asturias\" \/>\n\t\t<meta property=\"og:type\" content=\"article\" \/>\n\t\t<meta property=\"og:title\" content=\"El Principado activa el Infopa en el suroccidente asturiano - El Digital de Asturias\" \/>\n\t\t<meta property=\"og:description\" content=\"El Consejero de Presidencia, Guillermo Mart\u00ednez, ha activado este mi\u00e9rcoles, a las 8.49 horas, el Plan de Emergencia de Protecci\u00f3n Civil por Incendios Forestales en el Principado de Asturias (Infopa) en situaci\u00f3n 0 para el suroccidente asturiano por las altas temperaturas previstas para hoy y el incendio forestal declarado este martes por la tarde en\" \/>\n\t\t<meta property=\"og:url\" content=\"https:\/\/www.eldigitaldeasturias.com\/noticias\/el-principado-activa-el-infopa-en-el-suroccidente-asturiano\/\" \/>\n\t\t<meta property=\"og:image\" content=\"https:\/\/www.eldigitaldeasturias.com\/noticias\/wp-content\/uploads\/2016\/09\/fotonoticia_20160907103243_800.jpg\" \/>\n\t\t<meta property=\"og:image:secure_url\" content=\"https:\/\/www.eldigitaldeasturias.com\/noticias\/wp-content\/uploads\/2016\/09\/fotonoticia_20160907103243_800.jpg\" \/>\n\t\t<meta property=\"og:image:width\" content=\"800\" \/>\n\t\t<meta property=\"og:image:height\" content=\"657\" \/>\n\t\t<meta property=\"article:tag\" content=\"sociedad\" \/>\n\t\t<meta property=\"article:published_time\" content=\"2016-09-07T12:20:36+00:00\" \/>\n\t\t<meta property=\"article:modified_time\" content=\"2016-09-07T12:20:36+00:00\" \/>\n\t\t<meta property=\"article:publisher\" content=\"https:\/\/facebook.com\/eldigitaldeasturias\" \/>\n\t\t<meta name=\"twitter:card\" content=\"summary_large_image\" \/>\n\t\t<meta name=\"twitter:title\" content=\"El Principado activa el Infopa en el suroccidente asturiano - El Digital de Asturias\" \/>\n\t\t<meta name=\"twitter:description\" content=\"El Consejero de Presidencia, Guillermo Mart\u00ednez, ha activado este mi\u00e9rcoles, a las 8.49 horas, el Plan de Emergencia de Protecci\u00f3n Civil por Incendios Forestales en el Principado de Asturias (Infopa) en situaci\u00f3n 0 para el suroccidente asturiano por las altas temperaturas previstas para hoy y el incendio forestal declarado este martes por la tarde en\" \/>\n\t\t<meta name=\"twitter:image\" content=\"https:\/\/www.eldigitaldeasturias.com\/noticias\/wp-content\/uploads\/2016\/09\/fotonoticia_20160907103243_800.jpg\" \/>\n\t\t<meta name=\"twitter:label1\" content=\"Escrito por\" \/>\n\t\t<meta name=\"twitter:data1\" content=\"El Digital de Asturias\" \/>\n\t\t<meta name=\"twitter:label2\" content=\"Tiempo de lectura estimado\" \/>\n\t\t<meta name=\"twitter:data2\" content=\"1 minuto\" \/>\n\t\t<script type=\"application\/ld+json\" class=\"aioseo-schema\">\n\t\t\t{\"@context\":\"https:\\\/\\\/schema.org\",\"@graph\":[{\"@type\":\"BlogPosting\",\"@id\":\"https:\\\/\\\/www.eldigitaldeasturias.com\\\/noticias\\\/el-principado-activa-el-infopa-en-el-suroccidente-asturiano\\\/#blogposting\",\"name\":\"El Principado activa el Infopa en el suroccidente asturiano - El Digital de Asturias\",\"headline\":\"El Principado activa el Infopa en el suroccidente asturiano\",\"author\":{\"@id\":\"https:\\\/\\\/www.eldigitaldeasturias.com\\\/noticias\\\/author\\\/admin\\\/#author\"},\"publisher\":{\"@id\":\"https:\\\/\\\/www.eldigitaldeasturias.com\\\/noticias\\\/#organization\"},\"image\":{\"@type\":\"ImageObject\",\"url\":\"https:\\\/\\\/www.eldigitaldeasturias.com\\\/noticias\\\/wp-content\\\/uploads\\\/2016\\\/09\\\/fotonoticia_20160907103243_800.jpg\",\"width\":800,\"height\":657},\"datePublished\":\"2016-09-07T13:20:36+02:00\",\"dateModified\":\"2016-09-07T13:20:36+02:00\",\"inLanguage\":\"es-ES\",\"mainEntityOfPage\":{\"@id\":\"https:\\\/\\\/www.eldigitaldeasturias.com\\\/noticias\\\/el-principado-activa-el-infopa-en-el-suroccidente-asturiano\\\/#webpage\"},\"isPartOf\":{\"@id\":\"https:\\\/\\\/www.eldigitaldeasturias.com\\\/noticias\\\/el-principado-activa-el-infopa-en-el-suroccidente-asturiano\\\/#webpage\"},\"articleSection\":\"Sociedad\"},{\"@type\":\"BreadcrumbList\",\"@id\":\"https:\\\/\\\/www.eldigitaldeasturias.com\\\/noticias\\\/el-principado-activa-el-infopa-en-el-suroccidente-asturiano\\\/#breadcrumblist\",\"itemListElement\":[{\"@type\":\"ListItem\",\"@id\":\"https:\\\/\\\/www.eldigitaldeasturias.com\\\/noticias#listItem\",\"position\":1,\"name\":\"Home\",\"item\":\"https:\\\/\\\/www.eldigitaldeasturias.com\\\/noticias\",\"nextItem\":{\"@type\":\"ListItem\",\"@id\":\"https:\\\/\\\/www.eldigitaldeasturias.com\\\/noticias\\\/category\\\/sociedad\\\/#listItem\",\"name\":\"Sociedad\"}},{\"@type\":\"ListItem\",\"@id\":\"https:\\\/\\\/www.eldigitaldeasturias.com\\\/noticias\\\/category\\\/sociedad\\\/#listItem\",\"position\":2,\"name\":\"Sociedad\",\"item\":\"https:\\\/\\\/www.eldigitaldeasturias.com\\\/noticias\\\/category\\\/sociedad\\\/\",\"nextItem\":{\"@type\":\"ListItem\",\"@id\":\"https:\\\/\\\/www.eldigitaldeasturias.com\\\/noticias\\\/el-principado-activa-el-infopa-en-el-suroccidente-asturiano\\\/#listItem\",\"name\":\"El Principado activa el Infopa en el suroccidente asturiano\"},\"previousItem\":{\"@type\":\"ListItem\",\"@id\":\"https:\\\/\\\/www.eldigitaldeasturias.com\\\/noticias#listItem\",\"name\":\"Home\"}},{\"@type\":\"ListItem\",\"@id\":\"https:\\\/\\\/www.eldigitaldeasturias.com\\\/noticias\\\/el-principado-activa-el-infopa-en-el-suroccidente-asturiano\\\/#listItem\",\"position\":3,\"name\":\"El Principado activa el Infopa en el suroccidente asturiano\",\"previousItem\":{\"@type\":\"ListItem\",\"@id\":\"https:\\\/\\\/www.eldigitaldeasturias.com\\\/noticias\\\/category\\\/sociedad\\\/#listItem\",\"name\":\"Sociedad\"}}]},{\"@type\":\"Organization\",\"@id\":\"https:\\\/\\\/www.eldigitaldeasturias.com\\\/noticias\\\/#organization\",\"name\":\"El Digital de Asturias\",\"description\":\"Hemeroteca\",\"url\":\"https:\\\/\\\/www.eldigitaldeasturias.com\\\/noticias\\\/\",\"email\":\"info@eldigitaldeasturias.com\",\"telephone\":\"+34652131393\",\"logo\":{\"@type\":\"ImageObject\",\"url\":\"https:\\\/\\\/www.eldigitaldeasturias.com\\\/noticias\\\/wp-content\\\/uploads\\\/2020\\\/12\\\/EDA.jpg\",\"@id\":\"https:\\\/\\\/www.eldigitaldeasturias.com\\\/noticias\\\/el-principado-activa-el-infopa-en-el-suroccidente-asturiano\\\/#organizationLogo\",\"width\":649,\"height\":297},\"image\":{\"@id\":\"https:\\\/\\\/www.eldigitaldeasturias.com\\\/noticias\\\/el-principado-activa-el-infopa-en-el-suroccidente-asturiano\\\/#organizationLogo\"},\"sameAs\":[\"https:\\\/\\\/facebook.com\\\/eldigitaldeasturias\",\"https:\\\/\\\/www.youtube.com\\\/channel\\\/UCZP-2wLEB9Rv6erhFmqVnvg\"],\"address\":{\"@id\":\"https:\\\/\\\/www.eldigitaldeasturias.com\\\/noticias\\\/#postaladdress\",\"@type\":\"PostalAddress\",\"streetAddress\":\"san antonio 4,\",\"postalCode\":\"33430\",\"addressLocality\":\"Cand\\u00e1s\",\"addressRegion\":\"Asturias\",\"addressCountry\":\"ES\"}},{\"@type\":\"Person\",\"@id\":\"https:\\\/\\\/www.eldigitaldeasturias.com\\\/noticias\\\/author\\\/admin\\\/#author\",\"url\":\"https:\\\/\\\/www.eldigitaldeasturias.com\\\/noticias\\\/author\\\/admin\\\/\",\"name\":\"El Digital de Asturias\",\"image\":{\"@type\":\"ImageObject\",\"@id\":\"https:\\\/\\\/www.eldigitaldeasturias.com\\\/noticias\\\/el-principado-activa-el-infopa-en-el-suroccidente-asturiano\\\/#authorImage\",\"url\":\"https:\\\/\\\/www.eldigitaldeasturias.com\\\/noticias\\\/wp-content\\\/litespeed\\\/avatar\\\/18677e78aa0546b92d9dbf31ec7d7668.jpg?ver=1777290358\",\"width\":96,\"height\":96,\"caption\":\"El Digital de Asturias\"}},{\"@type\":\"WebPage\",\"@id\":\"https:\\\/\\\/www.eldigitaldeasturias.com\\\/noticias\\\/el-principado-activa-el-infopa-en-el-suroccidente-asturiano\\\/#webpage\",\"url\":\"https:\\\/\\\/www.eldigitaldeasturias.com\\\/noticias\\\/el-principado-activa-el-infopa-en-el-suroccidente-asturiano\\\/\",\"name\":\"El Principado activa el Infopa en el suroccidente asturiano - El Digital de Asturias\",\"description\":\"El Consejero de Presidencia, Guillermo Mart\\u00ednez, ha activado este mi\\u00e9rcoles, a las 8.49 horas, el Plan de Emergencia de Protecci\\u00f3n Civil por Incendios Forestales en el Principado de Asturias (Infopa) en situaci\\u00f3n 0 para el suroccidente asturiano por las altas temperaturas previstas para hoy y el incendio forestal declarado este martes por la tarde en\",\"inLanguage\":\"es-ES\",\"isPartOf\":{\"@id\":\"https:\\\/\\\/www.eldigitaldeasturias.com\\\/noticias\\\/#website\"},\"breadcrumb\":{\"@id\":\"https:\\\/\\\/www.eldigitaldeasturias.com\\\/noticias\\\/el-principado-activa-el-infopa-en-el-suroccidente-asturiano\\\/#breadcrumblist\"},\"author\":{\"@id\":\"https:\\\/\\\/www.eldigitaldeasturias.com\\\/noticias\\\/author\\\/admin\\\/#author\"},\"creator\":{\"@id\":\"https:\\\/\\\/www.eldigitaldeasturias.com\\\/noticias\\\/author\\\/admin\\\/#author\"},\"image\":{\"@type\":\"ImageObject\",\"url\":\"https:\\\/\\\/www.eldigitaldeasturias.com\\\/noticias\\\/wp-content\\\/uploads\\\/2016\\\/09\\\/fotonoticia_20160907103243_800.jpg\",\"@id\":\"https:\\\/\\\/www.eldigitaldeasturias.com\\\/noticias\\\/el-principado-activa-el-infopa-en-el-suroccidente-asturiano\\\/#mainImage\",\"width\":800,\"height\":657},\"primaryImageOfPage\":{\"@id\":\"https:\\\/\\\/www.eldigitaldeasturias.com\\\/noticias\\\/el-principado-activa-el-infopa-en-el-suroccidente-asturiano\\\/#mainImage\"},\"datePublished\":\"2016-09-07T13:20:36+02:00\",\"dateModified\":\"2016-09-07T13:20:36+02:00\"},{\"@type\":\"WebSite\",\"@id\":\"https:\\\/\\\/www.eldigitaldeasturias.com\\\/noticias\\\/#website\",\"url\":\"https:\\\/\\\/www.eldigitaldeasturias.com\\\/noticias\\\/\",\"name\":\"El Digital de Asturias - Diario de actualidad y noticias\",\"alternateName\":\"El Digital de Asturias - Diario de actualidad y noticias\",\"description\":\"Hemeroteca\",\"inLanguage\":\"es-ES\",\"publisher\":{\"@id\":\"https:\\\/\\\/www.eldigitaldeasturias.com\\\/noticias\\\/#organization\"}}]}\n\t\t<\/script>\n\t\t<!-- All in One SEO Pro -->\r\n\t\t<title>El Principado activa el Infopa en el suroccidente asturiano - El Digital de Asturias<\/title>\n\n","aioseo_head_json":{"title":"El Principado activa el Infopa en el suroccidente asturiano - El Digital de Asturias","description":"El Consejero de Presidencia, Guillermo Mart\u00ednez, ha activado este mi\u00e9rcoles, a las 8.49 horas, el Plan de Emergencia de Protecci\u00f3n Civil por Incendios Forestales en el Principado de Asturias (Infopa) en situaci\u00f3n 0 para el suroccidente asturiano por las altas temperaturas previstas para hoy y el incendio forestal declarado este martes por la tarde en","canonical_url":"https:\/\/www.eldigitaldeasturias.com\/noticias\/el-principado-activa-el-infopa-en-el-suroccidente-asturiano\/","robots":"max-image-preview:large","keywords":"sociedad","webmasterTools":{"google-site-verification":"UA-38556648-1","msvalidate.01":"7dfe9f3f1b24437ab69f4f2559babe99","miscellaneous":""},"schema":{"@context":"https:\/\/schema.org","@graph":[{"@type":"BlogPosting","@id":"https:\/\/www.eldigitaldeasturias.com\/noticias\/el-principado-activa-el-infopa-en-el-suroccidente-asturiano\/#blogposting","name":"El Principado activa el Infopa en el suroccidente asturiano - El Digital de Asturias","headline":"El Principado activa el Infopa en el suroccidente asturiano","author":{"@id":"https:\/\/www.eldigitaldeasturias.com\/noticias\/author\/admin\/#author"},"publisher":{"@id":"https:\/\/www.eldigitaldeasturias.com\/noticias\/#organization"},"image":{"@type":"ImageObject","url":"https:\/\/www.eldigitaldeasturias.com\/noticias\/wp-content\/uploads\/2016\/09\/fotonoticia_20160907103243_800.jpg","width":800,"height":657},"datePublished":"2016-09-07T13:20:36+02:00","dateModified":"2016-09-07T13:20:36+02:00","inLanguage":"es-ES","mainEntityOfPage":{"@id":"https:\/\/www.eldigitaldeasturias.com\/noticias\/el-principado-activa-el-infopa-en-el-suroccidente-asturiano\/#webpage"},"isPartOf":{"@id":"https:\/\/www.eldigitaldeasturias.com\/noticias\/el-principado-activa-el-infopa-en-el-suroccidente-asturiano\/#webpage"},"articleSection":"Sociedad"},{"@type":"BreadcrumbList","@id":"https:\/\/www.eldigitaldeasturias.com\/noticias\/el-principado-activa-el-infopa-en-el-suroccidente-asturiano\/#breadcrumblist","itemListElement":[{"@type":"ListItem","@id":"https:\/\/www.eldigitaldeasturias.com\/noticias#listItem","position":1,"name":"Home","item":"https:\/\/www.eldigitaldeasturias.com\/noticias","nextItem":{"@type":"ListItem","@id":"https:\/\/www.eldigitaldeasturias.com\/noticias\/category\/sociedad\/#listItem","name":"Sociedad"}},{"@type":"ListItem","@id":"https:\/\/www.eldigitaldeasturias.com\/noticias\/category\/sociedad\/#listItem","position":2,"name":"Sociedad","item":"https:\/\/www.eldigitaldeasturias.com\/noticias\/category\/sociedad\/","nextItem":{"@type":"ListItem","@id":"https:\/\/www.eldigitaldeasturias.com\/noticias\/el-principado-activa-el-infopa-en-el-suroccidente-asturiano\/#listItem","name":"El Principado activa el Infopa en el suroccidente asturiano"},"previousItem":{"@type":"ListItem","@id":"https:\/\/www.eldigitaldeasturias.com\/noticias#listItem","name":"Home"}},{"@type":"ListItem","@id":"https:\/\/www.eldigitaldeasturias.com\/noticias\/el-principado-activa-el-infopa-en-el-suroccidente-asturiano\/#listItem","position":3,"name":"El Principado activa el Infopa en el suroccidente asturiano","previousItem":{"@type":"ListItem","@id":"https:\/\/www.eldigitaldeasturias.com\/noticias\/category\/sociedad\/#listItem","name":"Sociedad"}}]},{"@type":"Organization","@id":"https:\/\/www.eldigitaldeasturias.com\/noticias\/#organization","name":"El Digital de Asturias","description":"Hemeroteca","url":"https:\/\/www.eldigitaldeasturias.com\/noticias\/","email":"info@eldigitaldeasturias.com","telephone":"+34652131393","logo":{"@type":"ImageObject","url":"https:\/\/www.eldigitaldeasturias.com\/noticias\/wp-content\/uploads\/2020\/12\/EDA.jpg","@id":"https:\/\/www.eldigitaldeasturias.com\/noticias\/el-principado-activa-el-infopa-en-el-suroccidente-asturiano\/#organizationLogo","width":649,"height":297},"image":{"@id":"https:\/\/www.eldigitaldeasturias.com\/noticias\/el-principado-activa-el-infopa-en-el-suroccidente-asturiano\/#organizationLogo"},"sameAs":["https:\/\/facebook.com\/eldigitaldeasturias","https:\/\/www.youtube.com\/channel\/UCZP-2wLEB9Rv6erhFmqVnvg"],"address":{"@id":"https:\/\/www.eldigitaldeasturias.com\/noticias\/#postaladdress","@type":"PostalAddress","streetAddress":"san antonio 4,","postalCode":"33430","addressLocality":"Cand\u00e1s","addressRegion":"Asturias","addressCountry":"ES"}},{"@type":"Person","@id":"https:\/\/www.eldigitaldeasturias.com\/noticias\/author\/admin\/#author","url":"https:\/\/www.eldigitaldeasturias.com\/noticias\/author\/admin\/","name":"El Digital de Asturias","image":{"@type":"ImageObject","@id":"https:\/\/www.eldigitaldeasturias.com\/noticias\/el-principado-activa-el-infopa-en-el-suroccidente-asturiano\/#authorImage","url":"https:\/\/www.eldigitaldeasturias.com\/noticias\/wp-content\/litespeed\/avatar\/18677e78aa0546b92d9dbf31ec7d7668.jpg?ver=1777290358","width":96,"height":96,"caption":"El Digital de Asturias"}},{"@type":"WebPage","@id":"https:\/\/www.eldigitaldeasturias.com\/noticias\/el-principado-activa-el-infopa-en-el-suroccidente-asturiano\/#webpage","url":"https:\/\/www.eldigitaldeasturias.com\/noticias\/el-principado-activa-el-infopa-en-el-suroccidente-asturiano\/","name":"El Principado activa el Infopa en el suroccidente asturiano - El Digital de Asturias","description":"El Consejero de Presidencia, Guillermo Mart\u00ednez, ha activado este mi\u00e9rcoles, a las 8.49 horas, el Plan de Emergencia de Protecci\u00f3n Civil por Incendios Forestales en el Principado de Asturias (Infopa) en situaci\u00f3n 0 para el suroccidente asturiano por las altas temperaturas previstas para hoy y el incendio forestal declarado este martes por la tarde en","inLanguage":"es-ES","isPartOf":{"@id":"https:\/\/www.eldigitaldeasturias.com\/noticias\/#website"},"breadcrumb":{"@id":"https:\/\/www.eldigitaldeasturias.com\/noticias\/el-principado-activa-el-infopa-en-el-suroccidente-asturiano\/#breadcrumblist"},"author":{"@id":"https:\/\/www.eldigitaldeasturias.com\/noticias\/author\/admin\/#author"},"creator":{"@id":"https:\/\/www.eldigitaldeasturias.com\/noticias\/author\/admin\/#author"},"image":{"@type":"ImageObject","url":"https:\/\/www.eldigitaldeasturias.com\/noticias\/wp-content\/uploads\/2016\/09\/fotonoticia_20160907103243_800.jpg","@id":"https:\/\/www.eldigitaldeasturias.com\/noticias\/el-principado-activa-el-infopa-en-el-suroccidente-asturiano\/#mainImage","width":800,"height":657},"primaryImageOfPage":{"@id":"https:\/\/www.eldigitaldeasturias.com\/noticias\/el-principado-activa-el-infopa-en-el-suroccidente-asturiano\/#mainImage"},"datePublished":"2016-09-07T13:20:36+02:00","dateModified":"2016-09-07T13:20:36+02:00"},{"@type":"WebSite","@id":"https:\/\/www.eldigitaldeasturias.com\/noticias\/#website","url":"https:\/\/www.eldigitaldeasturias.com\/noticias\/","name":"El Digital de Asturias - Diario de actualidad y noticias","alternateName":"El Digital de Asturias - Diario de actualidad y noticias","description":"Hemeroteca","inLanguage":"es-ES","publisher":{"@id":"https:\/\/www.eldigitaldeasturias.com\/noticias\/#organization"}}]},"og:locale":"es_ES","og:site_name":"El Digital de Asturias","og:type":"article","og:title":"El Principado activa el Infopa en el suroccidente asturiano - El Digital de Asturias","og:description":"El Consejero de Presidencia, Guillermo Mart\u00ednez, ha activado este mi\u00e9rcoles, a las 8.49 horas, el Plan de Emergencia de Protecci\u00f3n Civil por Incendios Forestales en el Principado de Asturias (Infopa) en situaci\u00f3n 0 para el suroccidente asturiano por las altas temperaturas previstas para hoy y el incendio forestal declarado este martes por la tarde en","og:url":"https:\/\/www.eldigitaldeasturias.com\/noticias\/el-principado-activa-el-infopa-en-el-suroccidente-asturiano\/","og:image":"https:\/\/www.eldigitaldeasturias.com\/noticias\/wp-content\/uploads\/2016\/09\/fotonoticia_20160907103243_800.jpg","og:image:secure_url":"https:\/\/www.eldigitaldeasturias.com\/noticias\/wp-content\/uploads\/2016\/09\/fotonoticia_20160907103243_800.jpg","og:image:width":800,"og:image:height":657,"article:tag":["sociedad"],"article:published_time":"2016-09-07T12:20:36+00:00","article:modified_time":"2016-09-07T12:20:36+00:00","article:publisher":"https:\/\/facebook.com\/eldigitaldeasturias","twitter:card":"summary_large_image","twitter:title":"El Principado activa el Infopa en el suroccidente asturiano - El Digital de Asturias","twitter:description":"El Consejero de Presidencia, Guillermo Mart\u00ednez, ha activado este mi\u00e9rcoles, a las 8.49 horas, el Plan de Emergencia de Protecci\u00f3n Civil por Incendios Forestales en el Principado de Asturias (Infopa) en situaci\u00f3n 0 para el suroccidente asturiano por las altas temperaturas previstas para hoy y el incendio forestal declarado este martes por la tarde en","twitter:image":"https:\/\/www.eldigitaldeasturias.com\/noticias\/wp-content\/uploads\/2016\/09\/fotonoticia_20160907103243_800.jpg","twitter:label1":"Escrito por","twitter:data1":"El Digital de Asturias","twitter:label2":"Tiempo de lectura estimado","twitter:data2":"1 minuto"},"aioseo_meta_data":{"post_id":"906252","title":null,"description":null,"keywords":null,"keyphrases":null,"primary_term":null,"canonical_url":null,"og_title":null,"og_description":null,"og_object_type":"default","og_image_type":"default","og_image_url":null,"og_image_width":null,"og_image_height":null,"og_image_custom_url":null,"og_image_custom_fields":null,"og_video":null,"og_custom_url":null,"og_article_section":null,"og_article_tags":null,"twitter_use_og":false,"twitter_card":"default","twitter_image_type":"default","twitter_image_url":null,"twitter_image_custom_url":null,"twitter_image_custom_fields":null,"twitter_title":null,"twitter_description":null,"schema":{"blockGraphs":[],"customGraphs":[],"default":{"data":{"Article":[],"Course":[],"Dataset":[],"FAQPage":[],"Movie":[],"Person":[],"Product":[],"ProductReview":[],"Car":[],"Recipe":[],"Service":[],"SoftwareApplication":[],"WebPage":[]},"graphName":"","isEnabled":true},"graphs":[],"defaultGraph":"","defaultPostTypeGraph":""},"schema_type":null,"schema_type_options":null,"pillar_content":false,"robots_default":true,"robots_noindex":false,"robots_noarchive":false,"robots_nosnippet":false,"robots_nofollow":false,"robots_noimageindex":false,"robots_noodp":false,"robots_notranslate":false,"robots_max_snippet":null,"robots_max_videopreview":null,"robots_max_imagepreview":"large","priority":null,"frequency":null,"local_seo":null,"seo_analyzer_scan_date":"2025-11-30 08:24:38","breadcrumb_settings":null,"limit_modified_date":false,"open_ai":null,"ai":null,"created":"2020-12-21 14:01:56","updated":"2025-11-30 08:24:38"},"aioseo_breadcrumb":"<div class=\"aioseo-breadcrumbs\"><span class=\"aioseo-breadcrumb\">\n\t<a href=\"https:\/\/www.eldigitaldeasturias.com\/noticias\" title=\"Home\">Home<\/a>\n<\/span><span class=\"aioseo-breadcrumb-separator\">\u2013<\/span><span class=\"aioseo-breadcrumb\">\n\t<a href=\"https:\/\/www.eldigitaldeasturias.com\/noticias\/category\/sociedad\/\" title=\"Sociedad\">Sociedad<\/a>\n<\/span><span class=\"aioseo-breadcrumb-separator\">\u2013<\/span><span class=\"aioseo-breadcrumb\">\n\t<a href=\"https:\/\/www.eldigitaldeasturias.com\/noticias\/el-principado-activa-el-infopa-en-el-suroccidente-asturiano\/\" title=\"El Principado activa el Infopa en el suroccidente asturiano\">El Principado activa el Infopa en el suroccidente asturiano<\/a>\n<\/span><\/div>","aioseo_breadcrumb_json":[{"label":"Home","link":"https:\/\/www.eldigitaldeasturias.com\/noticias"},{"label":"Sociedad","link":"https:\/\/www.eldigitaldeasturias.com\/noticias\/category\/sociedad\/"},{"label":"El Principado activa el Infopa en el suroccidente asturiano","link":"https:\/\/www.eldigitaldeasturias.com\/noticias\/el-principado-activa-el-infopa-en-el-suroccidente-asturiano\/"}],"_links":{"self":[{"href":"https:\/\/www.eldigitaldeasturias.com\/noticias\/wp-json\/wp\/v2\/posts\/906252","targetHints":{"allow":["GET"]}}],"collection":[{"href":"https:\/\/www.eldigitaldeasturias.com\/noticias\/wp-json\/wp\/v2\/posts"}],"about":[{"href":"https:\/\/www.eldigitaldeasturias.com\/noticias\/wp-json\/wp\/v2\/types\/post"}],"author":[{"embeddable":true,"href":"https:\/\/www.eldigitaldeasturias.com\/noticias\/wp-json\/wp\/v2\/users\/1"}],"replies":[{"embeddable":true,"href":"https:\/\/www.eldigitaldeasturias.com\/noticias\/wp-json\/wp\/v2\/comments?post=906252"}],"version-history":[{"count":0,"href":"https:\/\/www.eldigitaldeasturias.com\/noticias\/wp-json\/wp\/v2\/posts\/906252\/revisions"}],"wp:featuredmedia":[{"embeddable":true,"href":"https:\/\/www.eldigitaldeasturias.com\/noticias\/wp-json\/wp\/v2\/media\/906253"}],"wp:attachment":[{"href":"https:\/\/www.eldigitaldeasturias.com\/noticias\/wp-json\/wp\/v2\/media?parent=906252"}],"wp:term":[{"taxonomy":"category","embeddable":true,"href":"https:\/\/www.eldigitaldeasturias.com\/noticias\/wp-json\/wp\/v2\/categories?post=906252"},{"taxonomy":"post_tag","embeddable":true,"href":"https:\/\/www.eldigitaldeasturias.com\/noticias\/wp-json\/wp\/v2\/tags?post=906252"}],"curies":[{"name":"wp","href":"https:\/\/api.w.org\/{rel}","templated":true}]}}