{"id":906246,"date":"2016-09-07T12:40:16","date_gmt":"2016-09-07T11:40:16","guid":{"rendered":"http:\/\/www.eldigitaldeasturias.com\/noticias\/?p=906246"},"modified":"2016-09-07T12:40:16","modified_gmt":"2016-09-07T11:40:16","slug":"asturias-en-alerta-amarilla-por-altas-temperaturas","status":"publish","type":"post","link":"https:\/\/www.eldigitaldeasturias.com\/noticias\/asturias-en-alerta-amarilla-por-altas-temperaturas\/","title":{"rendered":"Asturias en alerta amarilla por altas temperaturas"},"content":{"rendered":"<p><img loading=\"lazy\" decoding=\"async\" class=\"alignleft size-medium wp-image-906247\" src=\"https:\/\/www.eldigitaldeasturias.com\/noticias\/wp-content\/uploads\/2016\/09\/fotonoticia_20160907094337_800-360x242.jpg\" alt=\"fotonoticia_20160907094337_800\" width=\"360\" height=\"242\" srcset=\"https:\/\/www.eldigitaldeasturias.com\/noticias\/wp-content\/uploads\/2016\/09\/fotonoticia_20160907094337_800-360x242.jpg 360w, https:\/\/www.eldigitaldeasturias.com\/noticias\/wp-content\/uploads\/2016\/09\/fotonoticia_20160907094337_800-768x516.jpg 768w, https:\/\/www.eldigitaldeasturias.com\/noticias\/wp-content\/uploads\/2016\/09\/fotonoticia_20160907094337_800-650x436.jpg 650w, https:\/\/www.eldigitaldeasturias.com\/noticias\/wp-content\/uploads\/2016\/09\/fotonoticia_20160907094337_800-84x55.jpg 84w, https:\/\/www.eldigitaldeasturias.com\/noticias\/wp-content\/uploads\/2016\/09\/fotonoticia_20160907094337_800-260x175.jpg 260w, https:\/\/www.eldigitaldeasturias.com\/noticias\/wp-content\/uploads\/2016\/09\/fotonoticia_20160907094337_800-49x32.jpg 49w, https:\/\/www.eldigitaldeasturias.com\/noticias\/wp-content\/uploads\/2016\/09\/fotonoticia_20160907094337_800.jpg 800w\" sizes=\"auto, (max-width: 360px) 100vw, 360px\" \/>Un total de 32 provincias estar\u00e1n en alerta este mi\u00e9rcoles, 7 de septiembre, por fuerte oleaje de galernas en el Cant\u00e1brico y temperaturas que alcanzar\u00e1n los 41 grados cent\u00edgrados, seg\u00fan el pron\u00f3stico de la Agencia Estatal de Meteorolog\u00eda (AEMET). Aunque las galernas no se prev\u00e9n en Asturias, s\u00ed permanece activo el aviso amarillo por altas temperaturas.<\/p>\n<p>En concreto, C\u00f3rdoba, Granada, Ja\u00e9n, Toledo, \u00c1vila, Badajoz, C\u00e1ceres, Vizcaya y Guip\u00fazcoa estar\u00e1n en alerta naranja (riesgo importante) por altas temperaturas y Huelva, M\u00e1laga, Sevilla, Zaragoza, Cantabria, Albacete, Ciudad Real, Cuenca, Guadalajara, Burgos, Le\u00f3n, Palencia, Salamanca, Segovia, Soria, Valladolid, Zamora, Navarra, La Rioja, \u00c1lava y Asturias estar\u00e1n en alerta amarilla (riesgo). Asimismo, Guip\u00fazcoa, Bizkaia y Cantabria estar\u00e1n en alerta amarilla por oleaje de galernas.<\/p>\n<p>Por otra parte, se prev\u00e9n cielos poco nubosos o despejados en la mayor parte del pa\u00eds, con intervalos nubosos en el norte de Canarias, en el litoral de Galicia, al este de Catalu\u00f1a y en zonas del litoral andaluz. A partir de la tarde se producir\u00e1 un aumento de la nubosidad en Galicia y en el Cant\u00e1brico, sin que se descarten lluvias d\u00e9biles y dispersas, m\u00e1s probables en Asturias. Igualmente, se podr\u00edan formar intervalos nubosos de evoluci\u00f3n diurna en los Sistemas Central e Ib\u00e9rico y al este de ambas mesetas.<\/p>\n<p>Con respecto a las temperaturas, seguir\u00e1n alcanzando valores elevados en el interior e ir\u00e1n en ascenso en el Cant\u00e1brico oriental y Navarra. Del mismo modo, descender\u00e1n en el extremo oeste peninsular y en el \u00e1rea mediterr\u00e1nea. Adem\u00e1s, se podr\u00e1n superar los 40 grados en los valles del Tajo, Guadiana y Guadalquivir y los 36-38 en la Meseta Norte y Cant\u00e1brico oriental. En el resto, pocos cambios.<\/p>\n<p>Finalmente, los vientos soplar\u00e1n del nordeste en Canarias, de componente este en el \u00e1rea mediterr\u00e1nea y de componente oeste en las vertientes atl\u00e1ntica y cant\u00e1brica, con intervalos de fuerte en el Cant\u00e1brico.<\/p>\n<p>&nbsp;<\/p>\n","protected":false},"excerpt":{"rendered":"<p>Un total de 32 provincias estar\u00e1n en alerta este mi\u00e9rcoles, 7 de septiembre, por fuerte oleaje de galernas en el Cant\u00e1brico y temperaturas que alcanzar\u00e1n los 41 grados cent\u00edgrados, seg\u00fan el pron\u00f3stico de la Agencia Estatal de Meteorolog\u00eda (AEMET). Aunque las galernas no se prev\u00e9n en Asturias, s\u00ed permanece activo el aviso amarillo por altas [&hellip;]<\/p>\n","protected":false},"author":1,"featured_media":906247,"comment_status":"closed","ping_status":"closed","sticky":false,"template":"","format":"standard","meta":{"footnotes":""},"categories":[2],"tags":[],"class_list":["post-906246","post","type-post","status-publish","format-standard","has-post-thumbnail","hentry","category-agenda"],"aioseo_notices":[],"aioseo_head":"\n\t\t<!-- All in One SEO Pro 4.9.6.2 - aioseo.com -->\n\t<meta name=\"description\" content=\"Un total de 32 provincias estar\u00e1n en alerta este mi\u00e9rcoles, 7 de septiembre, por fuerte oleaje de galernas en el Cant\u00e1brico y temperaturas que alcanzar\u00e1n los 41 grados cent\u00edgrados, seg\u00fan el pron\u00f3stico de la Agencia Estatal de Meteorolog\u00eda (AEMET). Aunque las galernas no se prev\u00e9n en Asturias, s\u00ed permanece activo el aviso amarillo por altas\" \/>\n\t<meta name=\"robots\" content=\"max-image-preview:large\" \/>\n\t<meta name=\"author\" content=\"El Digital de Asturias\"\/>\n\t<meta name=\"google-site-verification\" content=\"UA-38556648-1\" \/>\n\t<meta name=\"msvalidate.01\" content=\"7dfe9f3f1b24437ab69f4f2559babe99\" \/>\n\t<meta name=\"keywords\" content=\"agenda\" \/>\n\t<link rel=\"canonical\" href=\"https:\/\/www.eldigitaldeasturias.com\/noticias\/asturias-en-alerta-amarilla-por-altas-temperaturas\/\" \/>\n\t<meta name=\"generator\" content=\"All in One SEO Pro (AIOSEO) 4.9.6.2\" \/>\n\t\t<meta property=\"og:locale\" content=\"es_ES\" \/>\n\t\t<meta property=\"og:site_name\" content=\"El Digital de Asturias\" \/>\n\t\t<meta property=\"og:type\" content=\"article\" \/>\n\t\t<meta property=\"og:title\" content=\"Asturias en alerta amarilla por altas temperaturas - El Digital de Asturias\" \/>\n\t\t<meta property=\"og:description\" content=\"Un total de 32 provincias estar\u00e1n en alerta este mi\u00e9rcoles, 7 de septiembre, por fuerte oleaje de galernas en el Cant\u00e1brico y temperaturas que alcanzar\u00e1n los 41 grados cent\u00edgrados, seg\u00fan el pron\u00f3stico de la Agencia Estatal de Meteorolog\u00eda (AEMET). Aunque las galernas no se prev\u00e9n en Asturias, s\u00ed permanece activo el aviso amarillo por altas\" \/>\n\t\t<meta property=\"og:url\" content=\"https:\/\/www.eldigitaldeasturias.com\/noticias\/asturias-en-alerta-amarilla-por-altas-temperaturas\/\" \/>\n\t\t<meta property=\"og:image\" content=\"https:\/\/www.eldigitaldeasturias.com\/noticias\/wp-content\/uploads\/2016\/09\/fotonoticia_20160907094337_800.jpg\" \/>\n\t\t<meta property=\"og:image:secure_url\" content=\"https:\/\/www.eldigitaldeasturias.com\/noticias\/wp-content\/uploads\/2016\/09\/fotonoticia_20160907094337_800.jpg\" \/>\n\t\t<meta property=\"og:image:width\" content=\"800\" \/>\n\t\t<meta property=\"og:image:height\" content=\"537\" \/>\n\t\t<meta property=\"article:tag\" content=\"agenda\" \/>\n\t\t<meta property=\"article:published_time\" content=\"2016-09-07T11:40:16+00:00\" \/>\n\t\t<meta property=\"article:modified_time\" content=\"2016-09-07T11:40:16+00:00\" \/>\n\t\t<meta property=\"article:publisher\" content=\"https:\/\/facebook.com\/eldigitaldeasturias\" \/>\n\t\t<meta name=\"twitter:card\" content=\"summary_large_image\" \/>\n\t\t<meta name=\"twitter:title\" content=\"Asturias en alerta amarilla por altas temperaturas - El Digital de Asturias\" \/>\n\t\t<meta name=\"twitter:description\" content=\"Un total de 32 provincias estar\u00e1n en alerta este mi\u00e9rcoles, 7 de septiembre, por fuerte oleaje de galernas en el Cant\u00e1brico y temperaturas que alcanzar\u00e1n los 41 grados cent\u00edgrados, seg\u00fan el pron\u00f3stico de la Agencia Estatal de Meteorolog\u00eda (AEMET). Aunque las galernas no se prev\u00e9n en Asturias, s\u00ed permanece activo el aviso amarillo por altas\" \/>\n\t\t<meta name=\"twitter:image\" content=\"https:\/\/www.eldigitaldeasturias.com\/noticias\/wp-content\/uploads\/2016\/09\/fotonoticia_20160907094337_800.jpg\" \/>\n\t\t<meta name=\"twitter:label1\" content=\"Escrito por\" \/>\n\t\t<meta name=\"twitter:data1\" content=\"El Digital de Asturias\" \/>\n\t\t<meta name=\"twitter:label2\" content=\"Tiempo de lectura estimado\" \/>\n\t\t<meta name=\"twitter:data2\" content=\"2 minutos\" \/>\n\t\t<script type=\"application\/ld+json\" class=\"aioseo-schema\">\n\t\t\t{\"@context\":\"https:\\\/\\\/schema.org\",\"@graph\":[{\"@type\":\"BlogPosting\",\"@id\":\"https:\\\/\\\/www.eldigitaldeasturias.com\\\/noticias\\\/asturias-en-alerta-amarilla-por-altas-temperaturas\\\/#blogposting\",\"name\":\"Asturias en alerta amarilla por altas temperaturas - El Digital de Asturias\",\"headline\":\"Asturias en alerta amarilla por altas temperaturas\",\"author\":{\"@id\":\"https:\\\/\\\/www.eldigitaldeasturias.com\\\/noticias\\\/author\\\/admin\\\/#author\"},\"publisher\":{\"@id\":\"https:\\\/\\\/www.eldigitaldeasturias.com\\\/noticias\\\/#organization\"},\"image\":{\"@type\":\"ImageObject\",\"url\":\"https:\\\/\\\/www.eldigitaldeasturias.com\\\/noticias\\\/wp-content\\\/uploads\\\/2016\\\/09\\\/fotonoticia_20160907094337_800.jpg\",\"width\":800,\"height\":537},\"datePublished\":\"2016-09-07T12:40:16+02:00\",\"dateModified\":\"2016-09-07T12:40:16+02:00\",\"inLanguage\":\"es-ES\",\"mainEntityOfPage\":{\"@id\":\"https:\\\/\\\/www.eldigitaldeasturias.com\\\/noticias\\\/asturias-en-alerta-amarilla-por-altas-temperaturas\\\/#webpage\"},\"isPartOf\":{\"@id\":\"https:\\\/\\\/www.eldigitaldeasturias.com\\\/noticias\\\/asturias-en-alerta-amarilla-por-altas-temperaturas\\\/#webpage\"},\"articleSection\":\"Agenda\"},{\"@type\":\"BreadcrumbList\",\"@id\":\"https:\\\/\\\/www.eldigitaldeasturias.com\\\/noticias\\\/asturias-en-alerta-amarilla-por-altas-temperaturas\\\/#breadcrumblist\",\"itemListElement\":[{\"@type\":\"ListItem\",\"@id\":\"https:\\\/\\\/www.eldigitaldeasturias.com\\\/noticias#listItem\",\"position\":1,\"name\":\"Home\",\"item\":\"https:\\\/\\\/www.eldigitaldeasturias.com\\\/noticias\",\"nextItem\":{\"@type\":\"ListItem\",\"@id\":\"https:\\\/\\\/www.eldigitaldeasturias.com\\\/noticias\\\/category\\\/agenda\\\/#listItem\",\"name\":\"Agenda\"}},{\"@type\":\"ListItem\",\"@id\":\"https:\\\/\\\/www.eldigitaldeasturias.com\\\/noticias\\\/category\\\/agenda\\\/#listItem\",\"position\":2,\"name\":\"Agenda\",\"item\":\"https:\\\/\\\/www.eldigitaldeasturias.com\\\/noticias\\\/category\\\/agenda\\\/\",\"nextItem\":{\"@type\":\"ListItem\",\"@id\":\"https:\\\/\\\/www.eldigitaldeasturias.com\\\/noticias\\\/asturias-en-alerta-amarilla-por-altas-temperaturas\\\/#listItem\",\"name\":\"Asturias en alerta amarilla por altas temperaturas\"},\"previousItem\":{\"@type\":\"ListItem\",\"@id\":\"https:\\\/\\\/www.eldigitaldeasturias.com\\\/noticias#listItem\",\"name\":\"Home\"}},{\"@type\":\"ListItem\",\"@id\":\"https:\\\/\\\/www.eldigitaldeasturias.com\\\/noticias\\\/asturias-en-alerta-amarilla-por-altas-temperaturas\\\/#listItem\",\"position\":3,\"name\":\"Asturias en alerta amarilla por altas temperaturas\",\"previousItem\":{\"@type\":\"ListItem\",\"@id\":\"https:\\\/\\\/www.eldigitaldeasturias.com\\\/noticias\\\/category\\\/agenda\\\/#listItem\",\"name\":\"Agenda\"}}]},{\"@type\":\"Organization\",\"@id\":\"https:\\\/\\\/www.eldigitaldeasturias.com\\\/noticias\\\/#organization\",\"name\":\"El Digital de Asturias\",\"description\":\"Hemeroteca\",\"url\":\"https:\\\/\\\/www.eldigitaldeasturias.com\\\/noticias\\\/\",\"email\":\"info@eldigitaldeasturias.com\",\"telephone\":\"+34652131393\",\"logo\":{\"@type\":\"ImageObject\",\"url\":\"https:\\\/\\\/www.eldigitaldeasturias.com\\\/noticias\\\/wp-content\\\/uploads\\\/2020\\\/12\\\/EDA.jpg\",\"@id\":\"https:\\\/\\\/www.eldigitaldeasturias.com\\\/noticias\\\/asturias-en-alerta-amarilla-por-altas-temperaturas\\\/#organizationLogo\",\"width\":649,\"height\":297},\"image\":{\"@id\":\"https:\\\/\\\/www.eldigitaldeasturias.com\\\/noticias\\\/asturias-en-alerta-amarilla-por-altas-temperaturas\\\/#organizationLogo\"},\"sameAs\":[\"https:\\\/\\\/facebook.com\\\/eldigitaldeasturias\",\"https:\\\/\\\/www.youtube.com\\\/channel\\\/UCZP-2wLEB9Rv6erhFmqVnvg\"],\"address\":{\"@id\":\"https:\\\/\\\/www.eldigitaldeasturias.com\\\/noticias\\\/#postaladdress\",\"@type\":\"PostalAddress\",\"streetAddress\":\"san antonio 4,\",\"postalCode\":\"33430\",\"addressLocality\":\"Cand\\u00e1s\",\"addressRegion\":\"Asturias\",\"addressCountry\":\"ES\"}},{\"@type\":\"Person\",\"@id\":\"https:\\\/\\\/www.eldigitaldeasturias.com\\\/noticias\\\/author\\\/admin\\\/#author\",\"url\":\"https:\\\/\\\/www.eldigitaldeasturias.com\\\/noticias\\\/author\\\/admin\\\/\",\"name\":\"El Digital de Asturias\",\"image\":{\"@type\":\"ImageObject\",\"@id\":\"https:\\\/\\\/www.eldigitaldeasturias.com\\\/noticias\\\/asturias-en-alerta-amarilla-por-altas-temperaturas\\\/#authorImage\",\"url\":\"https:\\\/\\\/www.eldigitaldeasturias.com\\\/noticias\\\/wp-content\\\/litespeed\\\/avatar\\\/18677e78aa0546b92d9dbf31ec7d7668.jpg?ver=1777290358\",\"width\":96,\"height\":96,\"caption\":\"El Digital de Asturias\"}},{\"@type\":\"WebPage\",\"@id\":\"https:\\\/\\\/www.eldigitaldeasturias.com\\\/noticias\\\/asturias-en-alerta-amarilla-por-altas-temperaturas\\\/#webpage\",\"url\":\"https:\\\/\\\/www.eldigitaldeasturias.com\\\/noticias\\\/asturias-en-alerta-amarilla-por-altas-temperaturas\\\/\",\"name\":\"Asturias en alerta amarilla por altas temperaturas - El Digital de Asturias\",\"description\":\"Un total de 32 provincias estar\\u00e1n en alerta este mi\\u00e9rcoles, 7 de septiembre, por fuerte oleaje de galernas en el Cant\\u00e1brico y temperaturas que alcanzar\\u00e1n los 41 grados cent\\u00edgrados, seg\\u00fan el pron\\u00f3stico de la Agencia Estatal de Meteorolog\\u00eda (AEMET). Aunque las galernas no se prev\\u00e9n en Asturias, s\\u00ed permanece activo el aviso amarillo por altas\",\"inLanguage\":\"es-ES\",\"isPartOf\":{\"@id\":\"https:\\\/\\\/www.eldigitaldeasturias.com\\\/noticias\\\/#website\"},\"breadcrumb\":{\"@id\":\"https:\\\/\\\/www.eldigitaldeasturias.com\\\/noticias\\\/asturias-en-alerta-amarilla-por-altas-temperaturas\\\/#breadcrumblist\"},\"author\":{\"@id\":\"https:\\\/\\\/www.eldigitaldeasturias.com\\\/noticias\\\/author\\\/admin\\\/#author\"},\"creator\":{\"@id\":\"https:\\\/\\\/www.eldigitaldeasturias.com\\\/noticias\\\/author\\\/admin\\\/#author\"},\"image\":{\"@type\":\"ImageObject\",\"url\":\"https:\\\/\\\/www.eldigitaldeasturias.com\\\/noticias\\\/wp-content\\\/uploads\\\/2016\\\/09\\\/fotonoticia_20160907094337_800.jpg\",\"@id\":\"https:\\\/\\\/www.eldigitaldeasturias.com\\\/noticias\\\/asturias-en-alerta-amarilla-por-altas-temperaturas\\\/#mainImage\",\"width\":800,\"height\":537},\"primaryImageOfPage\":{\"@id\":\"https:\\\/\\\/www.eldigitaldeasturias.com\\\/noticias\\\/asturias-en-alerta-amarilla-por-altas-temperaturas\\\/#mainImage\"},\"datePublished\":\"2016-09-07T12:40:16+02:00\",\"dateModified\":\"2016-09-07T12:40:16+02:00\"},{\"@type\":\"WebSite\",\"@id\":\"https:\\\/\\\/www.eldigitaldeasturias.com\\\/noticias\\\/#website\",\"url\":\"https:\\\/\\\/www.eldigitaldeasturias.com\\\/noticias\\\/\",\"name\":\"El Digital de Asturias - Diario de actualidad y noticias\",\"alternateName\":\"El Digital de Asturias - Diario de actualidad y noticias\",\"description\":\"Hemeroteca\",\"inLanguage\":\"es-ES\",\"publisher\":{\"@id\":\"https:\\\/\\\/www.eldigitaldeasturias.com\\\/noticias\\\/#organization\"}}]}\n\t\t<\/script>\n\t\t<!-- All in One SEO Pro -->\r\n\t\t<title>Asturias en alerta amarilla por altas temperaturas - El Digital de Asturias<\/title>\n\n","aioseo_head_json":{"title":"Asturias en alerta amarilla por altas temperaturas - El Digital de Asturias","description":"Un total de 32 provincias estar\u00e1n en alerta este mi\u00e9rcoles, 7 de septiembre, por fuerte oleaje de galernas en el Cant\u00e1brico y temperaturas que alcanzar\u00e1n los 41 grados cent\u00edgrados, seg\u00fan el pron\u00f3stico de la Agencia Estatal de Meteorolog\u00eda (AEMET). Aunque las galernas no se prev\u00e9n en Asturias, s\u00ed permanece activo el aviso amarillo por altas","canonical_url":"https:\/\/www.eldigitaldeasturias.com\/noticias\/asturias-en-alerta-amarilla-por-altas-temperaturas\/","robots":"max-image-preview:large","keywords":"agenda","webmasterTools":{"google-site-verification":"UA-38556648-1","msvalidate.01":"7dfe9f3f1b24437ab69f4f2559babe99","miscellaneous":""},"schema":{"@context":"https:\/\/schema.org","@graph":[{"@type":"BlogPosting","@id":"https:\/\/www.eldigitaldeasturias.com\/noticias\/asturias-en-alerta-amarilla-por-altas-temperaturas\/#blogposting","name":"Asturias en alerta amarilla por altas temperaturas - El Digital de Asturias","headline":"Asturias en alerta amarilla por altas temperaturas","author":{"@id":"https:\/\/www.eldigitaldeasturias.com\/noticias\/author\/admin\/#author"},"publisher":{"@id":"https:\/\/www.eldigitaldeasturias.com\/noticias\/#organization"},"image":{"@type":"ImageObject","url":"https:\/\/www.eldigitaldeasturias.com\/noticias\/wp-content\/uploads\/2016\/09\/fotonoticia_20160907094337_800.jpg","width":800,"height":537},"datePublished":"2016-09-07T12:40:16+02:00","dateModified":"2016-09-07T12:40:16+02:00","inLanguage":"es-ES","mainEntityOfPage":{"@id":"https:\/\/www.eldigitaldeasturias.com\/noticias\/asturias-en-alerta-amarilla-por-altas-temperaturas\/#webpage"},"isPartOf":{"@id":"https:\/\/www.eldigitaldeasturias.com\/noticias\/asturias-en-alerta-amarilla-por-altas-temperaturas\/#webpage"},"articleSection":"Agenda"},{"@type":"BreadcrumbList","@id":"https:\/\/www.eldigitaldeasturias.com\/noticias\/asturias-en-alerta-amarilla-por-altas-temperaturas\/#breadcrumblist","itemListElement":[{"@type":"ListItem","@id":"https:\/\/www.eldigitaldeasturias.com\/noticias#listItem","position":1,"name":"Home","item":"https:\/\/www.eldigitaldeasturias.com\/noticias","nextItem":{"@type":"ListItem","@id":"https:\/\/www.eldigitaldeasturias.com\/noticias\/category\/agenda\/#listItem","name":"Agenda"}},{"@type":"ListItem","@id":"https:\/\/www.eldigitaldeasturias.com\/noticias\/category\/agenda\/#listItem","position":2,"name":"Agenda","item":"https:\/\/www.eldigitaldeasturias.com\/noticias\/category\/agenda\/","nextItem":{"@type":"ListItem","@id":"https:\/\/www.eldigitaldeasturias.com\/noticias\/asturias-en-alerta-amarilla-por-altas-temperaturas\/#listItem","name":"Asturias en alerta amarilla por altas temperaturas"},"previousItem":{"@type":"ListItem","@id":"https:\/\/www.eldigitaldeasturias.com\/noticias#listItem","name":"Home"}},{"@type":"ListItem","@id":"https:\/\/www.eldigitaldeasturias.com\/noticias\/asturias-en-alerta-amarilla-por-altas-temperaturas\/#listItem","position":3,"name":"Asturias en alerta amarilla por altas temperaturas","previousItem":{"@type":"ListItem","@id":"https:\/\/www.eldigitaldeasturias.com\/noticias\/category\/agenda\/#listItem","name":"Agenda"}}]},{"@type":"Organization","@id":"https:\/\/www.eldigitaldeasturias.com\/noticias\/#organization","name":"El Digital de Asturias","description":"Hemeroteca","url":"https:\/\/www.eldigitaldeasturias.com\/noticias\/","email":"info@eldigitaldeasturias.com","telephone":"+34652131393","logo":{"@type":"ImageObject","url":"https:\/\/www.eldigitaldeasturias.com\/noticias\/wp-content\/uploads\/2020\/12\/EDA.jpg","@id":"https:\/\/www.eldigitaldeasturias.com\/noticias\/asturias-en-alerta-amarilla-por-altas-temperaturas\/#organizationLogo","width":649,"height":297},"image":{"@id":"https:\/\/www.eldigitaldeasturias.com\/noticias\/asturias-en-alerta-amarilla-por-altas-temperaturas\/#organizationLogo"},"sameAs":["https:\/\/facebook.com\/eldigitaldeasturias","https:\/\/www.youtube.com\/channel\/UCZP-2wLEB9Rv6erhFmqVnvg"],"address":{"@id":"https:\/\/www.eldigitaldeasturias.com\/noticias\/#postaladdress","@type":"PostalAddress","streetAddress":"san antonio 4,","postalCode":"33430","addressLocality":"Cand\u00e1s","addressRegion":"Asturias","addressCountry":"ES"}},{"@type":"Person","@id":"https:\/\/www.eldigitaldeasturias.com\/noticias\/author\/admin\/#author","url":"https:\/\/www.eldigitaldeasturias.com\/noticias\/author\/admin\/","name":"El Digital de Asturias","image":{"@type":"ImageObject","@id":"https:\/\/www.eldigitaldeasturias.com\/noticias\/asturias-en-alerta-amarilla-por-altas-temperaturas\/#authorImage","url":"https:\/\/www.eldigitaldeasturias.com\/noticias\/wp-content\/litespeed\/avatar\/18677e78aa0546b92d9dbf31ec7d7668.jpg?ver=1777290358","width":96,"height":96,"caption":"El Digital de Asturias"}},{"@type":"WebPage","@id":"https:\/\/www.eldigitaldeasturias.com\/noticias\/asturias-en-alerta-amarilla-por-altas-temperaturas\/#webpage","url":"https:\/\/www.eldigitaldeasturias.com\/noticias\/asturias-en-alerta-amarilla-por-altas-temperaturas\/","name":"Asturias en alerta amarilla por altas temperaturas - El Digital de Asturias","description":"Un total de 32 provincias estar\u00e1n en alerta este mi\u00e9rcoles, 7 de septiembre, por fuerte oleaje de galernas en el Cant\u00e1brico y temperaturas que alcanzar\u00e1n los 41 grados cent\u00edgrados, seg\u00fan el pron\u00f3stico de la Agencia Estatal de Meteorolog\u00eda (AEMET). Aunque las galernas no se prev\u00e9n en Asturias, s\u00ed permanece activo el aviso amarillo por altas","inLanguage":"es-ES","isPartOf":{"@id":"https:\/\/www.eldigitaldeasturias.com\/noticias\/#website"},"breadcrumb":{"@id":"https:\/\/www.eldigitaldeasturias.com\/noticias\/asturias-en-alerta-amarilla-por-altas-temperaturas\/#breadcrumblist"},"author":{"@id":"https:\/\/www.eldigitaldeasturias.com\/noticias\/author\/admin\/#author"},"creator":{"@id":"https:\/\/www.eldigitaldeasturias.com\/noticias\/author\/admin\/#author"},"image":{"@type":"ImageObject","url":"https:\/\/www.eldigitaldeasturias.com\/noticias\/wp-content\/uploads\/2016\/09\/fotonoticia_20160907094337_800.jpg","@id":"https:\/\/www.eldigitaldeasturias.com\/noticias\/asturias-en-alerta-amarilla-por-altas-temperaturas\/#mainImage","width":800,"height":537},"primaryImageOfPage":{"@id":"https:\/\/www.eldigitaldeasturias.com\/noticias\/asturias-en-alerta-amarilla-por-altas-temperaturas\/#mainImage"},"datePublished":"2016-09-07T12:40:16+02:00","dateModified":"2016-09-07T12:40:16+02:00"},{"@type":"WebSite","@id":"https:\/\/www.eldigitaldeasturias.com\/noticias\/#website","url":"https:\/\/www.eldigitaldeasturias.com\/noticias\/","name":"El Digital de Asturias - Diario de actualidad y noticias","alternateName":"El Digital de Asturias - Diario de actualidad y noticias","description":"Hemeroteca","inLanguage":"es-ES","publisher":{"@id":"https:\/\/www.eldigitaldeasturias.com\/noticias\/#organization"}}]},"og:locale":"es_ES","og:site_name":"El Digital de Asturias","og:type":"article","og:title":"Asturias en alerta amarilla por altas temperaturas - El Digital de Asturias","og:description":"Un total de 32 provincias estar\u00e1n en alerta este mi\u00e9rcoles, 7 de septiembre, por fuerte oleaje de galernas en el Cant\u00e1brico y temperaturas que alcanzar\u00e1n los 41 grados cent\u00edgrados, seg\u00fan el pron\u00f3stico de la Agencia Estatal de Meteorolog\u00eda (AEMET). Aunque las galernas no se prev\u00e9n en Asturias, s\u00ed permanece activo el aviso amarillo por altas","og:url":"https:\/\/www.eldigitaldeasturias.com\/noticias\/asturias-en-alerta-amarilla-por-altas-temperaturas\/","og:image":"https:\/\/www.eldigitaldeasturias.com\/noticias\/wp-content\/uploads\/2016\/09\/fotonoticia_20160907094337_800.jpg","og:image:secure_url":"https:\/\/www.eldigitaldeasturias.com\/noticias\/wp-content\/uploads\/2016\/09\/fotonoticia_20160907094337_800.jpg","og:image:width":800,"og:image:height":537,"article:tag":["agenda"],"article:published_time":"2016-09-07T11:40:16+00:00","article:modified_time":"2016-09-07T11:40:16+00:00","article:publisher":"https:\/\/facebook.com\/eldigitaldeasturias","twitter:card":"summary_large_image","twitter:title":"Asturias en alerta amarilla por altas temperaturas - El Digital de Asturias","twitter:description":"Un total de 32 provincias estar\u00e1n en alerta este mi\u00e9rcoles, 7 de septiembre, por fuerte oleaje de galernas en el Cant\u00e1brico y temperaturas que alcanzar\u00e1n los 41 grados cent\u00edgrados, seg\u00fan el pron\u00f3stico de la Agencia Estatal de Meteorolog\u00eda (AEMET). Aunque las galernas no se prev\u00e9n en Asturias, s\u00ed permanece activo el aviso amarillo por altas","twitter:image":"https:\/\/www.eldigitaldeasturias.com\/noticias\/wp-content\/uploads\/2016\/09\/fotonoticia_20160907094337_800.jpg","twitter:label1":"Escrito por","twitter:data1":"El Digital de Asturias","twitter:label2":"Tiempo de lectura estimado","twitter:data2":"2 minutos"},"aioseo_meta_data":{"post_id":"906246","title":null,"description":null,"keywords":null,"keyphrases":null,"primary_term":null,"canonical_url":null,"og_title":null,"og_description":null,"og_object_type":"default","og_image_type":"default","og_image_url":null,"og_image_width":null,"og_image_height":null,"og_image_custom_url":null,"og_image_custom_fields":null,"og_video":null,"og_custom_url":null,"og_article_section":null,"og_article_tags":null,"twitter_use_og":false,"twitter_card":"default","twitter_image_type":"default","twitter_image_url":null,"twitter_image_custom_url":null,"twitter_image_custom_fields":null,"twitter_title":null,"twitter_description":null,"schema":{"blockGraphs":[],"customGraphs":[],"default":{"data":{"Article":[],"Course":[],"Dataset":[],"FAQPage":[],"Movie":[],"Person":[],"Product":[],"ProductReview":[],"Car":[],"Recipe":[],"Service":[],"SoftwareApplication":[],"WebPage":[]},"graphName":"","isEnabled":true},"graphs":[],"defaultGraph":"","defaultPostTypeGraph":""},"schema_type":null,"schema_type_options":null,"pillar_content":false,"robots_default":true,"robots_noindex":false,"robots_noarchive":false,"robots_nosnippet":false,"robots_nofollow":false,"robots_noimageindex":false,"robots_noodp":false,"robots_notranslate":false,"robots_max_snippet":null,"robots_max_videopreview":null,"robots_max_imagepreview":"large","priority":null,"frequency":null,"local_seo":null,"seo_analyzer_scan_date":"2025-11-30 08:22:17","breadcrumb_settings":null,"limit_modified_date":false,"open_ai":null,"ai":null,"created":"2020-12-21 13:34:21","updated":"2025-11-30 08:22:17"},"aioseo_breadcrumb":"<div class=\"aioseo-breadcrumbs\"><span class=\"aioseo-breadcrumb\">\n\t<a href=\"https:\/\/www.eldigitaldeasturias.com\/noticias\" title=\"Home\">Home<\/a>\n<\/span><span class=\"aioseo-breadcrumb-separator\">\u2013<\/span><span class=\"aioseo-breadcrumb\">\n\t<a href=\"https:\/\/www.eldigitaldeasturias.com\/noticias\/category\/agenda\/\" title=\"Agenda\">Agenda<\/a>\n<\/span><span class=\"aioseo-breadcrumb-separator\">\u2013<\/span><span class=\"aioseo-breadcrumb\">\n\t<a href=\"https:\/\/www.eldigitaldeasturias.com\/noticias\/asturias-en-alerta-amarilla-por-altas-temperaturas\/\" title=\"Asturias en alerta amarilla por altas temperaturas\">Asturias en alerta amarilla por altas temperaturas<\/a>\n<\/span><\/div>","aioseo_breadcrumb_json":[{"label":"Home","link":"https:\/\/www.eldigitaldeasturias.com\/noticias"},{"label":"Agenda","link":"https:\/\/www.eldigitaldeasturias.com\/noticias\/category\/agenda\/"},{"label":"Asturias en alerta amarilla por altas temperaturas","link":"https:\/\/www.eldigitaldeasturias.com\/noticias\/asturias-en-alerta-amarilla-por-altas-temperaturas\/"}],"_links":{"self":[{"href":"https:\/\/www.eldigitaldeasturias.com\/noticias\/wp-json\/wp\/v2\/posts\/906246","targetHints":{"allow":["GET"]}}],"collection":[{"href":"https:\/\/www.eldigitaldeasturias.com\/noticias\/wp-json\/wp\/v2\/posts"}],"about":[{"href":"https:\/\/www.eldigitaldeasturias.com\/noticias\/wp-json\/wp\/v2\/types\/post"}],"author":[{"embeddable":true,"href":"https:\/\/www.eldigitaldeasturias.com\/noticias\/wp-json\/wp\/v2\/users\/1"}],"replies":[{"embeddable":true,"href":"https:\/\/www.eldigitaldeasturias.com\/noticias\/wp-json\/wp\/v2\/comments?post=906246"}],"version-history":[{"count":0,"href":"https:\/\/www.eldigitaldeasturias.com\/noticias\/wp-json\/wp\/v2\/posts\/906246\/revisions"}],"wp:featuredmedia":[{"embeddable":true,"href":"https:\/\/www.eldigitaldeasturias.com\/noticias\/wp-json\/wp\/v2\/media\/906247"}],"wp:attachment":[{"href":"https:\/\/www.eldigitaldeasturias.com\/noticias\/wp-json\/wp\/v2\/media?parent=906246"}],"wp:term":[{"taxonomy":"category","embeddable":true,"href":"https:\/\/www.eldigitaldeasturias.com\/noticias\/wp-json\/wp\/v2\/categories?post=906246"},{"taxonomy":"post_tag","embeddable":true,"href":"https:\/\/www.eldigitaldeasturias.com\/noticias\/wp-json\/wp\/v2\/tags?post=906246"}],"curies":[{"name":"wp","href":"https:\/\/api.w.org\/{rel}","templated":true}]}}