{"id":906243,"date":"2016-09-07T12:38:40","date_gmt":"2016-09-07T11:38:40","guid":{"rendered":"http:\/\/www.eldigitaldeasturias.com\/noticias\/?p=906243"},"modified":"2016-09-07T12:38:40","modified_gmt":"2016-09-07T11:38:40","slug":"el-patronato-de-picos-de-europa-se-reune-en-santander","status":"publish","type":"post","link":"https:\/\/www.eldigitaldeasturias.com\/noticias\/el-patronato-de-picos-de-europa-se-reune-en-santander\/","title":{"rendered":"El Patronato de Picos de Europa se re\u00fane en Santander"},"content":{"rendered":"<p><img loading=\"lazy\" decoding=\"async\" class=\"alignleft size-medium wp-image-906244\" src=\"https:\/\/www.eldigitaldeasturias.com\/noticias\/wp-content\/uploads\/2016\/09\/fotonoticia_20160907091530_800-360x245.jpg\" alt=\"fotonoticia_20160907091530_800\" width=\"360\" height=\"245\" srcset=\"https:\/\/www.eldigitaldeasturias.com\/noticias\/wp-content\/uploads\/2016\/09\/fotonoticia_20160907091530_800-360x245.jpg 360w, https:\/\/www.eldigitaldeasturias.com\/noticias\/wp-content\/uploads\/2016\/09\/fotonoticia_20160907091530_800-768x522.jpg 768w, https:\/\/www.eldigitaldeasturias.com\/noticias\/wp-content\/uploads\/2016\/09\/fotonoticia_20160907091530_800-650x442.jpg 650w, https:\/\/www.eldigitaldeasturias.com\/noticias\/wp-content\/uploads\/2016\/09\/fotonoticia_20160907091530_800-49x32.jpg 49w, https:\/\/www.eldigitaldeasturias.com\/noticias\/wp-content\/uploads\/2016\/09\/fotonoticia_20160907091530_800-210x144.jpg 210w, https:\/\/www.eldigitaldeasturias.com\/noticias\/wp-content\/uploads\/2016\/09\/fotonoticia_20160907091530_800.jpg 800w\" sizes=\"auto, (max-width: 360px) 100vw, 360px\" \/>El Patronato del Parque Natural de Picos de Europa celebrar\u00e1 este mi\u00e9rcoles una reuni\u00f3n en Santander con la que se iniciar\u00e1 el proceso de participaci\u00f3n p\u00fablica en la elaboraci\u00f3n del Plan Rector de Uso y Gesti\u00f3n (PRUG) del parque.<\/p>\n<p>La reuni\u00f3n estar\u00e1 presidida por el consejero de Medio Rural, Pesca y Alimentaci\u00f3n, Jes\u00fas Oria, en su calidad de presidente de turno del \u00d3rgano de Gesti\u00f3n del Parque, y contar\u00e1 con la asistencia de delegaciones de Castilla y Le\u00f3n y Asturias.<\/p>\n<p>El encuentro tendr\u00e1 lugar a las 10.30 horas, en la sede de la Consejer\u00eda, y contar\u00e1 con la asistencia de los directores generales del \u00e1rea de ambas comunidades, Jos\u00e9 \u00c1ngel Arranz y Manuel Calvo, as\u00ed como de su hom\u00f3logo c\u00e1ntabro, el director general del Medio Natural, Antonio Lucio.<\/p>\n<p>En acto que se celebra en Santander supone el inicio del proceso de participaci\u00f3n p\u00fablica en la elaboraci\u00f3n del Plan Rector de Gesti\u00f3n y Uso, y durante el mismo se expondr\u00e1n los objetivos, fases y plazos de dicho proceso.<\/p>\n<p>Los planes rectores de uso y gesti\u00f3n son las herramientas t\u00e9cnicas que articulan las directrices de gesti\u00f3n y conservaci\u00f3n de un parque nacional.<\/p>\n<p>Entre otras cosas, fijan la zonificaci\u00f3n y las normas generales para el uso p\u00fablico, siendo fundamentales para asegurar la compatibilidad entre la conservaci\u00f3n de la biodiversidad, objetivo prioritario de los parques nacionales, y el desarrollo sostenible de esos territorios.<\/p>\n<p>El Parque Nacional de Picos de Europa result\u00f3 de la ampliaci\u00f3n en 1995 del Parque Nacional de la Monta\u00f1a de Covadonga, que fue creado en 1918 y fue el primer Parque Nacional de Espa\u00f1a.<\/p>\n<p>Este espacio carece de un Plan Rector de Uso y Gest\u00f3n desde 2005 cuando el que se hab\u00eda aprobado en 2002 fue suspendido en 2005 por una sentencia del Tribunal Supremo.<\/p>\n<p>Cuando en 2011 se produjo el traspaso de las competencias en la gesti\u00f3n ordinaria y habitual del Parque Nacional de los Picos de Europa desde el Estado a las tres comunidades aut\u00f3nomas sobre las que se asienta el parque (Castilla y Le\u00f3n, Asturias y Cantabria), la redacci\u00f3n y aprobaci\u00f3n de un nuevo texto normativo ha estado entre los objetivos principales de los gobiernos auton\u00f3micos.<\/p>\n<p>&nbsp;<\/p>\n","protected":false},"excerpt":{"rendered":"<p>El Patronato del Parque Natural de Picos de Europa celebrar\u00e1 este mi\u00e9rcoles una reuni\u00f3n en Santander con la que se iniciar\u00e1 el proceso de participaci\u00f3n p\u00fablica en la elaboraci\u00f3n del Plan Rector de Uso y Gesti\u00f3n (PRUG) del parque. La reuni\u00f3n estar\u00e1 presidida por el consejero de Medio Rural, Pesca y Alimentaci\u00f3n, Jes\u00fas Oria, en [&hellip;]<\/p>\n","protected":false},"author":1,"featured_media":906244,"comment_status":"closed","ping_status":"closed","sticky":false,"template":"","format":"standard","meta":{"footnotes":""},"categories":[12],"tags":[],"class_list":["post-906243","post","type-post","status-publish","format-standard","has-post-thumbnail","hentry","category-actualidad-asturias"],"aioseo_notices":[],"aioseo_head":"\n\t\t<!-- All in One SEO Pro 4.9.6.2 - aioseo.com -->\n\t<meta name=\"description\" content=\"El Patronato del Parque Natural de Picos de Europa celebrar\u00e1 este mi\u00e9rcoles una reuni\u00f3n en Santander con la que se iniciar\u00e1 el proceso de participaci\u00f3n p\u00fablica en la elaboraci\u00f3n del Plan Rector de Uso y Gesti\u00f3n (PRUG) del parque. La reuni\u00f3n estar\u00e1 presidida por el consejero de Medio Rural, Pesca y Alimentaci\u00f3n, Jes\u00fas Oria, en\" \/>\n\t<meta name=\"robots\" content=\"max-image-preview:large\" \/>\n\t<meta name=\"author\" content=\"El Digital de Asturias\"\/>\n\t<meta name=\"google-site-verification\" content=\"UA-38556648-1\" \/>\n\t<meta name=\"msvalidate.01\" content=\"7dfe9f3f1b24437ab69f4f2559babe99\" \/>\n\t<meta name=\"keywords\" content=\"actualidad asturias\" \/>\n\t<link rel=\"canonical\" href=\"https:\/\/www.eldigitaldeasturias.com\/noticias\/el-patronato-de-picos-de-europa-se-reune-en-santander\/\" \/>\n\t<meta name=\"generator\" content=\"All in One SEO Pro (AIOSEO) 4.9.6.2\" \/>\n\t\t<meta property=\"og:locale\" content=\"es_ES\" \/>\n\t\t<meta property=\"og:site_name\" content=\"El Digital de Asturias\" \/>\n\t\t<meta property=\"og:type\" content=\"article\" \/>\n\t\t<meta property=\"og:title\" content=\"El Patronato de Picos de Europa se re\u00fane en Santander - El Digital de Asturias\" \/>\n\t\t<meta property=\"og:description\" content=\"El Patronato del Parque Natural de Picos de Europa celebrar\u00e1 este mi\u00e9rcoles una reuni\u00f3n en Santander con la que se iniciar\u00e1 el proceso de participaci\u00f3n p\u00fablica en la elaboraci\u00f3n del Plan Rector de Uso y Gesti\u00f3n (PRUG) del parque. La reuni\u00f3n estar\u00e1 presidida por el consejero de Medio Rural, Pesca y Alimentaci\u00f3n, Jes\u00fas Oria, en\" \/>\n\t\t<meta property=\"og:url\" content=\"https:\/\/www.eldigitaldeasturias.com\/noticias\/el-patronato-de-picos-de-europa-se-reune-en-santander\/\" \/>\n\t\t<meta property=\"og:image\" content=\"https:\/\/www.eldigitaldeasturias.com\/noticias\/wp-content\/uploads\/2016\/09\/fotonoticia_20160907091530_800.jpg\" \/>\n\t\t<meta property=\"og:image:secure_url\" content=\"https:\/\/www.eldigitaldeasturias.com\/noticias\/wp-content\/uploads\/2016\/09\/fotonoticia_20160907091530_800.jpg\" \/>\n\t\t<meta property=\"og:image:width\" content=\"800\" \/>\n\t\t<meta property=\"og:image:height\" content=\"544\" \/>\n\t\t<meta property=\"article:tag\" content=\"actualidad asturias\" \/>\n\t\t<meta property=\"article:published_time\" content=\"2016-09-07T11:38:40+00:00\" \/>\n\t\t<meta property=\"article:modified_time\" content=\"2016-09-07T11:38:40+00:00\" \/>\n\t\t<meta property=\"article:publisher\" content=\"https:\/\/facebook.com\/eldigitaldeasturias\" \/>\n\t\t<meta name=\"twitter:card\" content=\"summary_large_image\" \/>\n\t\t<meta name=\"twitter:title\" content=\"El Patronato de Picos de Europa se re\u00fane en Santander - El Digital de Asturias\" \/>\n\t\t<meta name=\"twitter:description\" content=\"El Patronato del Parque Natural de Picos de Europa celebrar\u00e1 este mi\u00e9rcoles una reuni\u00f3n en Santander con la que se iniciar\u00e1 el proceso de participaci\u00f3n p\u00fablica en la elaboraci\u00f3n del Plan Rector de Uso y Gesti\u00f3n (PRUG) del parque. La reuni\u00f3n estar\u00e1 presidida por el consejero de Medio Rural, Pesca y Alimentaci\u00f3n, Jes\u00fas Oria, en\" \/>\n\t\t<meta name=\"twitter:image\" content=\"https:\/\/www.eldigitaldeasturias.com\/noticias\/wp-content\/uploads\/2016\/09\/fotonoticia_20160907091530_800.jpg\" \/>\n\t\t<meta name=\"twitter:label1\" content=\"Escrito por\" \/>\n\t\t<meta name=\"twitter:data1\" content=\"El Digital de Asturias\" \/>\n\t\t<meta name=\"twitter:label2\" content=\"Tiempo de lectura estimado\" \/>\n\t\t<meta name=\"twitter:data2\" content=\"2 minutos\" \/>\n\t\t<script type=\"application\/ld+json\" class=\"aioseo-schema\">\n\t\t\t{\"@context\":\"https:\\\/\\\/schema.org\",\"@graph\":[{\"@type\":\"BlogPosting\",\"@id\":\"https:\\\/\\\/www.eldigitaldeasturias.com\\\/noticias\\\/el-patronato-de-picos-de-europa-se-reune-en-santander\\\/#blogposting\",\"name\":\"El Patronato de Picos de Europa se re\\u00fane en Santander - El Digital de Asturias\",\"headline\":\"El Patronato de Picos de Europa se re\\u00fane en Santander\",\"author\":{\"@id\":\"https:\\\/\\\/www.eldigitaldeasturias.com\\\/noticias\\\/author\\\/admin\\\/#author\"},\"publisher\":{\"@id\":\"https:\\\/\\\/www.eldigitaldeasturias.com\\\/noticias\\\/#organization\"},\"image\":{\"@type\":\"ImageObject\",\"url\":\"https:\\\/\\\/www.eldigitaldeasturias.com\\\/noticias\\\/wp-content\\\/uploads\\\/2016\\\/09\\\/fotonoticia_20160907091530_800.jpg\",\"width\":800,\"height\":544},\"datePublished\":\"2016-09-07T12:38:40+02:00\",\"dateModified\":\"2016-09-07T12:38:40+02:00\",\"inLanguage\":\"es-ES\",\"mainEntityOfPage\":{\"@id\":\"https:\\\/\\\/www.eldigitaldeasturias.com\\\/noticias\\\/el-patronato-de-picos-de-europa-se-reune-en-santander\\\/#webpage\"},\"isPartOf\":{\"@id\":\"https:\\\/\\\/www.eldigitaldeasturias.com\\\/noticias\\\/el-patronato-de-picos-de-europa-se-reune-en-santander\\\/#webpage\"},\"articleSection\":\"Actualidad Asturias\"},{\"@type\":\"BreadcrumbList\",\"@id\":\"https:\\\/\\\/www.eldigitaldeasturias.com\\\/noticias\\\/el-patronato-de-picos-de-europa-se-reune-en-santander\\\/#breadcrumblist\",\"itemListElement\":[{\"@type\":\"ListItem\",\"@id\":\"https:\\\/\\\/www.eldigitaldeasturias.com\\\/noticias#listItem\",\"position\":1,\"name\":\"Home\",\"item\":\"https:\\\/\\\/www.eldigitaldeasturias.com\\\/noticias\",\"nextItem\":{\"@type\":\"ListItem\",\"@id\":\"https:\\\/\\\/www.eldigitaldeasturias.com\\\/noticias\\\/category\\\/actualidad-asturias\\\/#listItem\",\"name\":\"Actualidad Asturias\"}},{\"@type\":\"ListItem\",\"@id\":\"https:\\\/\\\/www.eldigitaldeasturias.com\\\/noticias\\\/category\\\/actualidad-asturias\\\/#listItem\",\"position\":2,\"name\":\"Actualidad Asturias\",\"item\":\"https:\\\/\\\/www.eldigitaldeasturias.com\\\/noticias\\\/category\\\/actualidad-asturias\\\/\",\"nextItem\":{\"@type\":\"ListItem\",\"@id\":\"https:\\\/\\\/www.eldigitaldeasturias.com\\\/noticias\\\/el-patronato-de-picos-de-europa-se-reune-en-santander\\\/#listItem\",\"name\":\"El Patronato de Picos de Europa se re\\u00fane en Santander\"},\"previousItem\":{\"@type\":\"ListItem\",\"@id\":\"https:\\\/\\\/www.eldigitaldeasturias.com\\\/noticias#listItem\",\"name\":\"Home\"}},{\"@type\":\"ListItem\",\"@id\":\"https:\\\/\\\/www.eldigitaldeasturias.com\\\/noticias\\\/el-patronato-de-picos-de-europa-se-reune-en-santander\\\/#listItem\",\"position\":3,\"name\":\"El Patronato de Picos de Europa se re\\u00fane en Santander\",\"previousItem\":{\"@type\":\"ListItem\",\"@id\":\"https:\\\/\\\/www.eldigitaldeasturias.com\\\/noticias\\\/category\\\/actualidad-asturias\\\/#listItem\",\"name\":\"Actualidad Asturias\"}}]},{\"@type\":\"Organization\",\"@id\":\"https:\\\/\\\/www.eldigitaldeasturias.com\\\/noticias\\\/#organization\",\"name\":\"El Digital de Asturias\",\"description\":\"Hemeroteca\",\"url\":\"https:\\\/\\\/www.eldigitaldeasturias.com\\\/noticias\\\/\",\"email\":\"info@eldigitaldeasturias.com\",\"telephone\":\"+34652131393\",\"logo\":{\"@type\":\"ImageObject\",\"url\":\"https:\\\/\\\/www.eldigitaldeasturias.com\\\/noticias\\\/wp-content\\\/uploads\\\/2020\\\/12\\\/EDA.jpg\",\"@id\":\"https:\\\/\\\/www.eldigitaldeasturias.com\\\/noticias\\\/el-patronato-de-picos-de-europa-se-reune-en-santander\\\/#organizationLogo\",\"width\":649,\"height\":297},\"image\":{\"@id\":\"https:\\\/\\\/www.eldigitaldeasturias.com\\\/noticias\\\/el-patronato-de-picos-de-europa-se-reune-en-santander\\\/#organizationLogo\"},\"sameAs\":[\"https:\\\/\\\/facebook.com\\\/eldigitaldeasturias\",\"https:\\\/\\\/www.youtube.com\\\/channel\\\/UCZP-2wLEB9Rv6erhFmqVnvg\"],\"address\":{\"@id\":\"https:\\\/\\\/www.eldigitaldeasturias.com\\\/noticias\\\/#postaladdress\",\"@type\":\"PostalAddress\",\"streetAddress\":\"san antonio 4,\",\"postalCode\":\"33430\",\"addressLocality\":\"Cand\\u00e1s\",\"addressRegion\":\"Asturias\",\"addressCountry\":\"ES\"}},{\"@type\":\"Person\",\"@id\":\"https:\\\/\\\/www.eldigitaldeasturias.com\\\/noticias\\\/author\\\/admin\\\/#author\",\"url\":\"https:\\\/\\\/www.eldigitaldeasturias.com\\\/noticias\\\/author\\\/admin\\\/\",\"name\":\"El Digital de Asturias\",\"image\":{\"@type\":\"ImageObject\",\"@id\":\"https:\\\/\\\/www.eldigitaldeasturias.com\\\/noticias\\\/el-patronato-de-picos-de-europa-se-reune-en-santander\\\/#authorImage\",\"url\":\"https:\\\/\\\/www.eldigitaldeasturias.com\\\/noticias\\\/wp-content\\\/litespeed\\\/avatar\\\/18677e78aa0546b92d9dbf31ec7d7668.jpg?ver=1777290358\",\"width\":96,\"height\":96,\"caption\":\"El Digital de Asturias\"}},{\"@type\":\"WebPage\",\"@id\":\"https:\\\/\\\/www.eldigitaldeasturias.com\\\/noticias\\\/el-patronato-de-picos-de-europa-se-reune-en-santander\\\/#webpage\",\"url\":\"https:\\\/\\\/www.eldigitaldeasturias.com\\\/noticias\\\/el-patronato-de-picos-de-europa-se-reune-en-santander\\\/\",\"name\":\"El Patronato de Picos de Europa se re\\u00fane en Santander - El Digital de Asturias\",\"description\":\"El Patronato del Parque Natural de Picos de Europa celebrar\\u00e1 este mi\\u00e9rcoles una reuni\\u00f3n en Santander con la que se iniciar\\u00e1 el proceso de participaci\\u00f3n p\\u00fablica en la elaboraci\\u00f3n del Plan Rector de Uso y Gesti\\u00f3n (PRUG) del parque. La reuni\\u00f3n estar\\u00e1 presidida por el consejero de Medio Rural, Pesca y Alimentaci\\u00f3n, Jes\\u00fas Oria, en\",\"inLanguage\":\"es-ES\",\"isPartOf\":{\"@id\":\"https:\\\/\\\/www.eldigitaldeasturias.com\\\/noticias\\\/#website\"},\"breadcrumb\":{\"@id\":\"https:\\\/\\\/www.eldigitaldeasturias.com\\\/noticias\\\/el-patronato-de-picos-de-europa-se-reune-en-santander\\\/#breadcrumblist\"},\"author\":{\"@id\":\"https:\\\/\\\/www.eldigitaldeasturias.com\\\/noticias\\\/author\\\/admin\\\/#author\"},\"creator\":{\"@id\":\"https:\\\/\\\/www.eldigitaldeasturias.com\\\/noticias\\\/author\\\/admin\\\/#author\"},\"image\":{\"@type\":\"ImageObject\",\"url\":\"https:\\\/\\\/www.eldigitaldeasturias.com\\\/noticias\\\/wp-content\\\/uploads\\\/2016\\\/09\\\/fotonoticia_20160907091530_800.jpg\",\"@id\":\"https:\\\/\\\/www.eldigitaldeasturias.com\\\/noticias\\\/el-patronato-de-picos-de-europa-se-reune-en-santander\\\/#mainImage\",\"width\":800,\"height\":544},\"primaryImageOfPage\":{\"@id\":\"https:\\\/\\\/www.eldigitaldeasturias.com\\\/noticias\\\/el-patronato-de-picos-de-europa-se-reune-en-santander\\\/#mainImage\"},\"datePublished\":\"2016-09-07T12:38:40+02:00\",\"dateModified\":\"2016-09-07T12:38:40+02:00\"},{\"@type\":\"WebSite\",\"@id\":\"https:\\\/\\\/www.eldigitaldeasturias.com\\\/noticias\\\/#website\",\"url\":\"https:\\\/\\\/www.eldigitaldeasturias.com\\\/noticias\\\/\",\"name\":\"El Digital de Asturias - Diario de actualidad y noticias\",\"alternateName\":\"El Digital de Asturias - Diario de actualidad y noticias\",\"description\":\"Hemeroteca\",\"inLanguage\":\"es-ES\",\"publisher\":{\"@id\":\"https:\\\/\\\/www.eldigitaldeasturias.com\\\/noticias\\\/#organization\"}}]}\n\t\t<\/script>\n\t\t<!-- All in One SEO Pro -->\r\n\t\t<title>El Patronato de Picos de Europa se re\u00fane en Santander - El Digital de Asturias<\/title>\n\n","aioseo_head_json":{"title":"El Patronato de Picos de Europa se re\u00fane en Santander - El Digital de Asturias","description":"El Patronato del Parque Natural de Picos de Europa celebrar\u00e1 este mi\u00e9rcoles una reuni\u00f3n en Santander con la que se iniciar\u00e1 el proceso de participaci\u00f3n p\u00fablica en la elaboraci\u00f3n del Plan Rector de Uso y Gesti\u00f3n (PRUG) del parque. La reuni\u00f3n estar\u00e1 presidida por el consejero de Medio Rural, Pesca y Alimentaci\u00f3n, Jes\u00fas Oria, en","canonical_url":"https:\/\/www.eldigitaldeasturias.com\/noticias\/el-patronato-de-picos-de-europa-se-reune-en-santander\/","robots":"max-image-preview:large","keywords":"actualidad asturias","webmasterTools":{"google-site-verification":"UA-38556648-1","msvalidate.01":"7dfe9f3f1b24437ab69f4f2559babe99","miscellaneous":""},"schema":{"@context":"https:\/\/schema.org","@graph":[{"@type":"BlogPosting","@id":"https:\/\/www.eldigitaldeasturias.com\/noticias\/el-patronato-de-picos-de-europa-se-reune-en-santander\/#blogposting","name":"El Patronato de Picos de Europa se re\u00fane en Santander - El Digital de Asturias","headline":"El Patronato de Picos de Europa se re\u00fane en Santander","author":{"@id":"https:\/\/www.eldigitaldeasturias.com\/noticias\/author\/admin\/#author"},"publisher":{"@id":"https:\/\/www.eldigitaldeasturias.com\/noticias\/#organization"},"image":{"@type":"ImageObject","url":"https:\/\/www.eldigitaldeasturias.com\/noticias\/wp-content\/uploads\/2016\/09\/fotonoticia_20160907091530_800.jpg","width":800,"height":544},"datePublished":"2016-09-07T12:38:40+02:00","dateModified":"2016-09-07T12:38:40+02:00","inLanguage":"es-ES","mainEntityOfPage":{"@id":"https:\/\/www.eldigitaldeasturias.com\/noticias\/el-patronato-de-picos-de-europa-se-reune-en-santander\/#webpage"},"isPartOf":{"@id":"https:\/\/www.eldigitaldeasturias.com\/noticias\/el-patronato-de-picos-de-europa-se-reune-en-santander\/#webpage"},"articleSection":"Actualidad Asturias"},{"@type":"BreadcrumbList","@id":"https:\/\/www.eldigitaldeasturias.com\/noticias\/el-patronato-de-picos-de-europa-se-reune-en-santander\/#breadcrumblist","itemListElement":[{"@type":"ListItem","@id":"https:\/\/www.eldigitaldeasturias.com\/noticias#listItem","position":1,"name":"Home","item":"https:\/\/www.eldigitaldeasturias.com\/noticias","nextItem":{"@type":"ListItem","@id":"https:\/\/www.eldigitaldeasturias.com\/noticias\/category\/actualidad-asturias\/#listItem","name":"Actualidad Asturias"}},{"@type":"ListItem","@id":"https:\/\/www.eldigitaldeasturias.com\/noticias\/category\/actualidad-asturias\/#listItem","position":2,"name":"Actualidad Asturias","item":"https:\/\/www.eldigitaldeasturias.com\/noticias\/category\/actualidad-asturias\/","nextItem":{"@type":"ListItem","@id":"https:\/\/www.eldigitaldeasturias.com\/noticias\/el-patronato-de-picos-de-europa-se-reune-en-santander\/#listItem","name":"El Patronato de Picos de Europa se re\u00fane en Santander"},"previousItem":{"@type":"ListItem","@id":"https:\/\/www.eldigitaldeasturias.com\/noticias#listItem","name":"Home"}},{"@type":"ListItem","@id":"https:\/\/www.eldigitaldeasturias.com\/noticias\/el-patronato-de-picos-de-europa-se-reune-en-santander\/#listItem","position":3,"name":"El Patronato de Picos de Europa se re\u00fane en Santander","previousItem":{"@type":"ListItem","@id":"https:\/\/www.eldigitaldeasturias.com\/noticias\/category\/actualidad-asturias\/#listItem","name":"Actualidad Asturias"}}]},{"@type":"Organization","@id":"https:\/\/www.eldigitaldeasturias.com\/noticias\/#organization","name":"El Digital de Asturias","description":"Hemeroteca","url":"https:\/\/www.eldigitaldeasturias.com\/noticias\/","email":"info@eldigitaldeasturias.com","telephone":"+34652131393","logo":{"@type":"ImageObject","url":"https:\/\/www.eldigitaldeasturias.com\/noticias\/wp-content\/uploads\/2020\/12\/EDA.jpg","@id":"https:\/\/www.eldigitaldeasturias.com\/noticias\/el-patronato-de-picos-de-europa-se-reune-en-santander\/#organizationLogo","width":649,"height":297},"image":{"@id":"https:\/\/www.eldigitaldeasturias.com\/noticias\/el-patronato-de-picos-de-europa-se-reune-en-santander\/#organizationLogo"},"sameAs":["https:\/\/facebook.com\/eldigitaldeasturias","https:\/\/www.youtube.com\/channel\/UCZP-2wLEB9Rv6erhFmqVnvg"],"address":{"@id":"https:\/\/www.eldigitaldeasturias.com\/noticias\/#postaladdress","@type":"PostalAddress","streetAddress":"san antonio 4,","postalCode":"33430","addressLocality":"Cand\u00e1s","addressRegion":"Asturias","addressCountry":"ES"}},{"@type":"Person","@id":"https:\/\/www.eldigitaldeasturias.com\/noticias\/author\/admin\/#author","url":"https:\/\/www.eldigitaldeasturias.com\/noticias\/author\/admin\/","name":"El Digital de Asturias","image":{"@type":"ImageObject","@id":"https:\/\/www.eldigitaldeasturias.com\/noticias\/el-patronato-de-picos-de-europa-se-reune-en-santander\/#authorImage","url":"https:\/\/www.eldigitaldeasturias.com\/noticias\/wp-content\/litespeed\/avatar\/18677e78aa0546b92d9dbf31ec7d7668.jpg?ver=1777290358","width":96,"height":96,"caption":"El Digital de Asturias"}},{"@type":"WebPage","@id":"https:\/\/www.eldigitaldeasturias.com\/noticias\/el-patronato-de-picos-de-europa-se-reune-en-santander\/#webpage","url":"https:\/\/www.eldigitaldeasturias.com\/noticias\/el-patronato-de-picos-de-europa-se-reune-en-santander\/","name":"El Patronato de Picos de Europa se re\u00fane en Santander - El Digital de Asturias","description":"El Patronato del Parque Natural de Picos de Europa celebrar\u00e1 este mi\u00e9rcoles una reuni\u00f3n en Santander con la que se iniciar\u00e1 el proceso de participaci\u00f3n p\u00fablica en la elaboraci\u00f3n del Plan Rector de Uso y Gesti\u00f3n (PRUG) del parque. La reuni\u00f3n estar\u00e1 presidida por el consejero de Medio Rural, Pesca y Alimentaci\u00f3n, Jes\u00fas Oria, en","inLanguage":"es-ES","isPartOf":{"@id":"https:\/\/www.eldigitaldeasturias.com\/noticias\/#website"},"breadcrumb":{"@id":"https:\/\/www.eldigitaldeasturias.com\/noticias\/el-patronato-de-picos-de-europa-se-reune-en-santander\/#breadcrumblist"},"author":{"@id":"https:\/\/www.eldigitaldeasturias.com\/noticias\/author\/admin\/#author"},"creator":{"@id":"https:\/\/www.eldigitaldeasturias.com\/noticias\/author\/admin\/#author"},"image":{"@type":"ImageObject","url":"https:\/\/www.eldigitaldeasturias.com\/noticias\/wp-content\/uploads\/2016\/09\/fotonoticia_20160907091530_800.jpg","@id":"https:\/\/www.eldigitaldeasturias.com\/noticias\/el-patronato-de-picos-de-europa-se-reune-en-santander\/#mainImage","width":800,"height":544},"primaryImageOfPage":{"@id":"https:\/\/www.eldigitaldeasturias.com\/noticias\/el-patronato-de-picos-de-europa-se-reune-en-santander\/#mainImage"},"datePublished":"2016-09-07T12:38:40+02:00","dateModified":"2016-09-07T12:38:40+02:00"},{"@type":"WebSite","@id":"https:\/\/www.eldigitaldeasturias.com\/noticias\/#website","url":"https:\/\/www.eldigitaldeasturias.com\/noticias\/","name":"El Digital de Asturias - Diario de actualidad y noticias","alternateName":"El Digital de Asturias - Diario de actualidad y noticias","description":"Hemeroteca","inLanguage":"es-ES","publisher":{"@id":"https:\/\/www.eldigitaldeasturias.com\/noticias\/#organization"}}]},"og:locale":"es_ES","og:site_name":"El Digital de Asturias","og:type":"article","og:title":"El Patronato de Picos de Europa se re\u00fane en Santander - El Digital de Asturias","og:description":"El Patronato del Parque Natural de Picos de Europa celebrar\u00e1 este mi\u00e9rcoles una reuni\u00f3n en Santander con la que se iniciar\u00e1 el proceso de participaci\u00f3n p\u00fablica en la elaboraci\u00f3n del Plan Rector de Uso y Gesti\u00f3n (PRUG) del parque. La reuni\u00f3n estar\u00e1 presidida por el consejero de Medio Rural, Pesca y Alimentaci\u00f3n, Jes\u00fas Oria, en","og:url":"https:\/\/www.eldigitaldeasturias.com\/noticias\/el-patronato-de-picos-de-europa-se-reune-en-santander\/","og:image":"https:\/\/www.eldigitaldeasturias.com\/noticias\/wp-content\/uploads\/2016\/09\/fotonoticia_20160907091530_800.jpg","og:image:secure_url":"https:\/\/www.eldigitaldeasturias.com\/noticias\/wp-content\/uploads\/2016\/09\/fotonoticia_20160907091530_800.jpg","og:image:width":800,"og:image:height":544,"article:tag":["actualidad asturias"],"article:published_time":"2016-09-07T11:38:40+00:00","article:modified_time":"2016-09-07T11:38:40+00:00","article:publisher":"https:\/\/facebook.com\/eldigitaldeasturias","twitter:card":"summary_large_image","twitter:title":"El Patronato de Picos de Europa se re\u00fane en Santander - El Digital de Asturias","twitter:description":"El Patronato del Parque Natural de Picos de Europa celebrar\u00e1 este mi\u00e9rcoles una reuni\u00f3n en Santander con la que se iniciar\u00e1 el proceso de participaci\u00f3n p\u00fablica en la elaboraci\u00f3n del Plan Rector de Uso y Gesti\u00f3n (PRUG) del parque. La reuni\u00f3n estar\u00e1 presidida por el consejero de Medio Rural, Pesca y Alimentaci\u00f3n, Jes\u00fas Oria, en","twitter:image":"https:\/\/www.eldigitaldeasturias.com\/noticias\/wp-content\/uploads\/2016\/09\/fotonoticia_20160907091530_800.jpg","twitter:label1":"Escrito por","twitter:data1":"El Digital de Asturias","twitter:label2":"Tiempo de lectura estimado","twitter:data2":"2 minutos"},"aioseo_meta_data":{"post_id":"906243","title":null,"description":null,"keywords":null,"keyphrases":null,"primary_term":null,"canonical_url":null,"og_title":null,"og_description":null,"og_object_type":"default","og_image_type":"default","og_image_url":null,"og_image_width":null,"og_image_height":null,"og_image_custom_url":null,"og_image_custom_fields":null,"og_video":null,"og_custom_url":null,"og_article_section":null,"og_article_tags":null,"twitter_use_og":false,"twitter_card":"default","twitter_image_type":"default","twitter_image_url":null,"twitter_image_custom_url":null,"twitter_image_custom_fields":null,"twitter_title":null,"twitter_description":null,"schema":{"blockGraphs":[],"customGraphs":[],"default":{"data":{"Article":[],"Course":[],"Dataset":[],"FAQPage":[],"Movie":[],"Person":[],"Product":[],"ProductReview":[],"Car":[],"Recipe":[],"Service":[],"SoftwareApplication":[],"WebPage":[]},"graphName":"","isEnabled":true},"graphs":[],"defaultGraph":"","defaultPostTypeGraph":""},"schema_type":null,"schema_type_options":null,"pillar_content":false,"robots_default":true,"robots_noindex":false,"robots_noarchive":false,"robots_nosnippet":false,"robots_nofollow":false,"robots_noimageindex":false,"robots_noodp":false,"robots_notranslate":false,"robots_max_snippet":null,"robots_max_videopreview":null,"robots_max_imagepreview":"large","priority":null,"frequency":null,"local_seo":null,"seo_analyzer_scan_date":"2025-11-30 08:22:16","breadcrumb_settings":null,"limit_modified_date":false,"open_ai":null,"ai":null,"created":"2020-12-21 14:01:57","updated":"2025-11-30 08:22:16"},"aioseo_breadcrumb":"<div class=\"aioseo-breadcrumbs\"><span class=\"aioseo-breadcrumb\">\n\t<a href=\"https:\/\/www.eldigitaldeasturias.com\/noticias\" title=\"Home\">Home<\/a>\n<\/span><span class=\"aioseo-breadcrumb-separator\">\u2013<\/span><span class=\"aioseo-breadcrumb\">\n\t<a href=\"https:\/\/www.eldigitaldeasturias.com\/noticias\/category\/actualidad-asturias\/\" title=\"Actualidad Asturias\">Actualidad Asturias<\/a>\n<\/span><span class=\"aioseo-breadcrumb-separator\">\u2013<\/span><span class=\"aioseo-breadcrumb\">\n\t<a href=\"https:\/\/www.eldigitaldeasturias.com\/noticias\/el-patronato-de-picos-de-europa-se-reune-en-santander\/\" title=\"El Patronato de Picos de Europa se re\u00fane en Santander\">El Patronato de Picos de Europa se re\u00fane en Santander<\/a>\n<\/span><\/div>","aioseo_breadcrumb_json":[{"label":"Home","link":"https:\/\/www.eldigitaldeasturias.com\/noticias"},{"label":"Actualidad Asturias","link":"https:\/\/www.eldigitaldeasturias.com\/noticias\/category\/actualidad-asturias\/"},{"label":"El Patronato de Picos de Europa se re\u00fane en Santander","link":"https:\/\/www.eldigitaldeasturias.com\/noticias\/el-patronato-de-picos-de-europa-se-reune-en-santander\/"}],"_links":{"self":[{"href":"https:\/\/www.eldigitaldeasturias.com\/noticias\/wp-json\/wp\/v2\/posts\/906243","targetHints":{"allow":["GET"]}}],"collection":[{"href":"https:\/\/www.eldigitaldeasturias.com\/noticias\/wp-json\/wp\/v2\/posts"}],"about":[{"href":"https:\/\/www.eldigitaldeasturias.com\/noticias\/wp-json\/wp\/v2\/types\/post"}],"author":[{"embeddable":true,"href":"https:\/\/www.eldigitaldeasturias.com\/noticias\/wp-json\/wp\/v2\/users\/1"}],"replies":[{"embeddable":true,"href":"https:\/\/www.eldigitaldeasturias.com\/noticias\/wp-json\/wp\/v2\/comments?post=906243"}],"version-history":[{"count":0,"href":"https:\/\/www.eldigitaldeasturias.com\/noticias\/wp-json\/wp\/v2\/posts\/906243\/revisions"}],"wp:featuredmedia":[{"embeddable":true,"href":"https:\/\/www.eldigitaldeasturias.com\/noticias\/wp-json\/wp\/v2\/media\/906244"}],"wp:attachment":[{"href":"https:\/\/www.eldigitaldeasturias.com\/noticias\/wp-json\/wp\/v2\/media?parent=906243"}],"wp:term":[{"taxonomy":"category","embeddable":true,"href":"https:\/\/www.eldigitaldeasturias.com\/noticias\/wp-json\/wp\/v2\/categories?post=906243"},{"taxonomy":"post_tag","embeddable":true,"href":"https:\/\/www.eldigitaldeasturias.com\/noticias\/wp-json\/wp\/v2\/tags?post=906243"}],"curies":[{"name":"wp","href":"https:\/\/api.w.org\/{rel}","templated":true}]}}