{"id":906241,"date":"2016-09-07T12:37:17","date_gmt":"2016-09-07T11:37:17","guid":{"rendered":"http:\/\/www.eldigitaldeasturias.com\/noticias\/?p=906241"},"modified":"2016-09-07T12:37:17","modified_gmt":"2016-09-07T11:37:17","slug":"el-pueblu-exemplar-dasturies-2016-va-ser-escoyiu-esti-miercoles","status":"publish","type":"post","link":"https:\/\/www.eldigitaldeasturias.com\/noticias\/el-pueblu-exemplar-dasturies-2016-va-ser-escoyiu-esti-miercoles\/","title":{"rendered":"El Pueblu Exemplar d&#8217;Asturies 2016 va ser escoy\u00edu esti mi\u00e9rcoles"},"content":{"rendered":"<p><img loading=\"lazy\" decoding=\"async\" class=\"alignleft size-medium wp-image-789262\" src=\"https:\/\/www.eldigitaldeasturias.com\/noticias\/wp-content\/uploads\/2015\/06\/cudillero-360x270.jpg\" alt=\"cudillero\" width=\"360\" height=\"270\" srcset=\"https:\/\/www.eldigitaldeasturias.com\/noticias\/wp-content\/uploads\/2015\/06\/cudillero-360x270.jpg 360w, https:\/\/www.eldigitaldeasturias.com\/noticias\/wp-content\/uploads\/2015\/06\/cudillero-650x488.jpg 650w, https:\/\/www.eldigitaldeasturias.com\/noticias\/wp-content\/uploads\/2015\/06\/cudillero-100x75.jpg 100w, https:\/\/www.eldigitaldeasturias.com\/noticias\/wp-content\/uploads\/2015\/06\/cudillero.jpg 800w\" sizes=\"auto, (max-width: 360px) 100vw, 360px\" \/>El Hotel de la Reconquista d&#8217;Uvi\u00e9u va acoyer esti mi\u00e9rcoles la xunta del xur\u00e1u encarg\u00e1u de conceder el Premiu al Pueblu Exemplar d&#8217;Asturies 2016 nel so ventiavu s\u00e9ptima edici\u00f3n. Los miembros del xur\u00e1u van empezar los sos deliberaciones a les 9.30 hores, darr\u00e9u dempu\u00e9s de la semeya de familia, y van faer p\u00fablicu&#8217;l fallu a les 14.00 hores nel mesmu hotel.<\/p>\n<p>Nuna nota, dende la Fundaci\u00f3n Princesa d&#8217;Asturies destacaron qu&#8217;esti galard\u00f3n convirti\u00f3se nuna de les actividaes de la Fundaci\u00f3n de m\u00e1s amplia y meyor acoyida dientro del Princip\u00e1u.<\/p>\n<p>Esti premiu ta destin\u00e1u a galardonar \u00abal pueblu, aldega, n\u00facleu de poblaci\u00f3n, espaciu paisax\u00edsticu o grupu humanu del Princip\u00e1u d&#8217;Asturies que destacara de manera notable na defensa y caltenimientu de la so redolada natural, ambiental, del so patrimoniu hist\u00f3ricu, cultural o art\u00edsticu, n&#8217;iniciatives d&#8217;impulsu econ\u00f3micu y social o na realizaci\u00f3n d&#8217;obres comunales o otres manifestaciones de solidaridad sobresalientes\u00bb.<\/p>\n<p>Una ventena de pueblos y asociaciones asturianes t\u00e1n nomaos al premiu d&#8217;angua\u00f1o. Ente ellos atopen les localidaes de Pore\u00f1u (Villaviciosa), Valdesoto (Siero), Ponga, la contorna de los Oscos o asociaciones como&#8217;l Centru Asturianu d&#8217;Uvi\u00e9u o l&#8217;Asociaci\u00f3n Amigos de Cuideiru&#8217;.<\/p>\n<p>&nbsp;<\/p>\n<p>&nbsp;<\/p>\n","protected":false},"excerpt":{"rendered":"<p>El Hotel de la Reconquista d&#8217;Uvi\u00e9u va acoyer esti mi\u00e9rcoles la xunta del xur\u00e1u encarg\u00e1u de conceder el Premiu al Pueblu Exemplar d&#8217;Asturies 2016 nel so ventiavu s\u00e9ptima edici\u00f3n. Los miembros del xur\u00e1u van empezar los sos deliberaciones a les 9.30 hores, darr\u00e9u dempu\u00e9s de la semeya de familia, y van faer p\u00fablicu&#8217;l fallu a [&hellip;]<\/p>\n","protected":false},"author":1,"featured_media":789262,"comment_status":"closed","ping_status":"closed","sticky":false,"template":"","format":"standard","meta":{"footnotes":""},"categories":[12],"tags":[],"class_list":["post-906241","post","type-post","status-publish","format-standard","has-post-thumbnail","hentry","category-actualidad-asturias"],"aioseo_notices":[],"aioseo_head":"\n\t\t<!-- All in One SEO Pro 4.9.6.2 - aioseo.com -->\n\t<meta name=\"description\" content=\"El Hotel de la Reconquista d&#039;Uvi\u00e9u va acoyer esti mi\u00e9rcoles la xunta del xur\u00e1u encarg\u00e1u de conceder el Premiu al Pueblu Exemplar d&#039;Asturies 2016 nel so ventiavu s\u00e9ptima edici\u00f3n. Los miembros del xur\u00e1u van empezar los sos deliberaciones a les 9.30 hores, darr\u00e9u dempu\u00e9s de la semeya de familia, y van faer p\u00fablicu&#039;l fallu a\" \/>\n\t<meta name=\"robots\" content=\"max-image-preview:large\" \/>\n\t<meta name=\"author\" content=\"El Digital de Asturias\"\/>\n\t<meta name=\"google-site-verification\" content=\"UA-38556648-1\" \/>\n\t<meta name=\"msvalidate.01\" content=\"7dfe9f3f1b24437ab69f4f2559babe99\" \/>\n\t<meta name=\"keywords\" content=\"actualidad asturias\" \/>\n\t<link rel=\"canonical\" href=\"https:\/\/www.eldigitaldeasturias.com\/noticias\/el-pueblu-exemplar-dasturies-2016-va-ser-escoyiu-esti-miercoles\/\" \/>\n\t<meta name=\"generator\" content=\"All in One SEO Pro (AIOSEO) 4.9.6.2\" \/>\n\t\t<meta property=\"og:locale\" content=\"es_ES\" \/>\n\t\t<meta property=\"og:site_name\" content=\"El Digital de Asturias\" \/>\n\t\t<meta property=\"og:type\" content=\"article\" \/>\n\t\t<meta property=\"og:title\" content=\"El Pueblu Exemplar d\u2019Asturies 2016 va ser escoy\u00edu esti mi\u00e9rcoles - El Digital de Asturias\" \/>\n\t\t<meta property=\"og:description\" content=\"El Hotel de la Reconquista d&#039;Uvi\u00e9u va acoyer esti mi\u00e9rcoles la xunta del xur\u00e1u encarg\u00e1u de conceder el Premiu al Pueblu Exemplar d&#039;Asturies 2016 nel so ventiavu s\u00e9ptima edici\u00f3n. Los miembros del xur\u00e1u van empezar los sos deliberaciones a les 9.30 hores, darr\u00e9u dempu\u00e9s de la semeya de familia, y van faer p\u00fablicu&#039;l fallu a\" \/>\n\t\t<meta property=\"og:url\" content=\"https:\/\/www.eldigitaldeasturias.com\/noticias\/el-pueblu-exemplar-dasturies-2016-va-ser-escoyiu-esti-miercoles\/\" \/>\n\t\t<meta property=\"og:image\" content=\"https:\/\/www.eldigitaldeasturias.com\/noticias\/wp-content\/uploads\/2015\/06\/cudillero.jpg\" \/>\n\t\t<meta property=\"og:image:secure_url\" content=\"https:\/\/www.eldigitaldeasturias.com\/noticias\/wp-content\/uploads\/2015\/06\/cudillero.jpg\" \/>\n\t\t<meta property=\"og:image:width\" content=\"800\" \/>\n\t\t<meta property=\"og:image:height\" content=\"601\" \/>\n\t\t<meta property=\"article:tag\" content=\"actualidad asturias\" \/>\n\t\t<meta property=\"article:published_time\" content=\"2016-09-07T11:37:17+00:00\" \/>\n\t\t<meta property=\"article:modified_time\" content=\"2016-09-07T11:37:17+00:00\" \/>\n\t\t<meta property=\"article:publisher\" content=\"https:\/\/facebook.com\/eldigitaldeasturias\" \/>\n\t\t<meta name=\"twitter:card\" content=\"summary_large_image\" \/>\n\t\t<meta name=\"twitter:title\" content=\"El Pueblu Exemplar d\u2019Asturies 2016 va ser escoy\u00edu esti mi\u00e9rcoles - El Digital de Asturias\" \/>\n\t\t<meta name=\"twitter:description\" content=\"El Hotel de la Reconquista d&#039;Uvi\u00e9u va acoyer esti mi\u00e9rcoles la xunta del xur\u00e1u encarg\u00e1u de conceder el Premiu al Pueblu Exemplar d&#039;Asturies 2016 nel so ventiavu s\u00e9ptima edici\u00f3n. Los miembros del xur\u00e1u van empezar los sos deliberaciones a les 9.30 hores, darr\u00e9u dempu\u00e9s de la semeya de familia, y van faer p\u00fablicu&#039;l fallu a\" \/>\n\t\t<meta name=\"twitter:image\" content=\"https:\/\/www.eldigitaldeasturias.com\/noticias\/wp-content\/uploads\/2015\/06\/cudillero.jpg\" \/>\n\t\t<meta name=\"twitter:label1\" content=\"Escrito por\" \/>\n\t\t<meta name=\"twitter:data1\" content=\"El Digital de Asturias\" \/>\n\t\t<meta name=\"twitter:label2\" content=\"Tiempo de lectura estimado\" \/>\n\t\t<meta name=\"twitter:data2\" content=\"1 minuto\" \/>\n\t\t<script type=\"application\/ld+json\" class=\"aioseo-schema\">\n\t\t\t{\"@context\":\"https:\\\/\\\/schema.org\",\"@graph\":[{\"@type\":\"BlogPosting\",\"@id\":\"https:\\\/\\\/www.eldigitaldeasturias.com\\\/noticias\\\/el-pueblu-exemplar-dasturies-2016-va-ser-escoyiu-esti-miercoles\\\/#blogposting\",\"name\":\"El Pueblu Exemplar d\\u2019Asturies 2016 va ser escoy\\u00edu esti mi\\u00e9rcoles - El Digital de Asturias\",\"headline\":\"El Pueblu Exemplar d&#8217;Asturies 2016 va ser escoy\\u00edu esti mi\\u00e9rcoles\",\"author\":{\"@id\":\"https:\\\/\\\/www.eldigitaldeasturias.com\\\/noticias\\\/author\\\/admin\\\/#author\"},\"publisher\":{\"@id\":\"https:\\\/\\\/www.eldigitaldeasturias.com\\\/noticias\\\/#organization\"},\"image\":{\"@type\":\"ImageObject\",\"url\":\"https:\\\/\\\/www.eldigitaldeasturias.com\\\/noticias\\\/wp-content\\\/uploads\\\/2015\\\/06\\\/cudillero.jpg\",\"width\":800,\"height\":601},\"datePublished\":\"2016-09-07T12:37:17+02:00\",\"dateModified\":\"2016-09-07T12:37:17+02:00\",\"inLanguage\":\"es-ES\",\"mainEntityOfPage\":{\"@id\":\"https:\\\/\\\/www.eldigitaldeasturias.com\\\/noticias\\\/el-pueblu-exemplar-dasturies-2016-va-ser-escoyiu-esti-miercoles\\\/#webpage\"},\"isPartOf\":{\"@id\":\"https:\\\/\\\/www.eldigitaldeasturias.com\\\/noticias\\\/el-pueblu-exemplar-dasturies-2016-va-ser-escoyiu-esti-miercoles\\\/#webpage\"},\"articleSection\":\"Actualidad Asturias\"},{\"@type\":\"BreadcrumbList\",\"@id\":\"https:\\\/\\\/www.eldigitaldeasturias.com\\\/noticias\\\/el-pueblu-exemplar-dasturies-2016-va-ser-escoyiu-esti-miercoles\\\/#breadcrumblist\",\"itemListElement\":[{\"@type\":\"ListItem\",\"@id\":\"https:\\\/\\\/www.eldigitaldeasturias.com\\\/noticias#listItem\",\"position\":1,\"name\":\"Home\",\"item\":\"https:\\\/\\\/www.eldigitaldeasturias.com\\\/noticias\",\"nextItem\":{\"@type\":\"ListItem\",\"@id\":\"https:\\\/\\\/www.eldigitaldeasturias.com\\\/noticias\\\/category\\\/actualidad-asturias\\\/#listItem\",\"name\":\"Actualidad Asturias\"}},{\"@type\":\"ListItem\",\"@id\":\"https:\\\/\\\/www.eldigitaldeasturias.com\\\/noticias\\\/category\\\/actualidad-asturias\\\/#listItem\",\"position\":2,\"name\":\"Actualidad Asturias\",\"item\":\"https:\\\/\\\/www.eldigitaldeasturias.com\\\/noticias\\\/category\\\/actualidad-asturias\\\/\",\"nextItem\":{\"@type\":\"ListItem\",\"@id\":\"https:\\\/\\\/www.eldigitaldeasturias.com\\\/noticias\\\/el-pueblu-exemplar-dasturies-2016-va-ser-escoyiu-esti-miercoles\\\/#listItem\",\"name\":\"El Pueblu Exemplar d&#8217;Asturies 2016 va ser escoy\\u00edu esti mi\\u00e9rcoles\"},\"previousItem\":{\"@type\":\"ListItem\",\"@id\":\"https:\\\/\\\/www.eldigitaldeasturias.com\\\/noticias#listItem\",\"name\":\"Home\"}},{\"@type\":\"ListItem\",\"@id\":\"https:\\\/\\\/www.eldigitaldeasturias.com\\\/noticias\\\/el-pueblu-exemplar-dasturies-2016-va-ser-escoyiu-esti-miercoles\\\/#listItem\",\"position\":3,\"name\":\"El Pueblu Exemplar d&#8217;Asturies 2016 va ser escoy\\u00edu esti mi\\u00e9rcoles\",\"previousItem\":{\"@type\":\"ListItem\",\"@id\":\"https:\\\/\\\/www.eldigitaldeasturias.com\\\/noticias\\\/category\\\/actualidad-asturias\\\/#listItem\",\"name\":\"Actualidad Asturias\"}}]},{\"@type\":\"Organization\",\"@id\":\"https:\\\/\\\/www.eldigitaldeasturias.com\\\/noticias\\\/#organization\",\"name\":\"El Digital de Asturias\",\"description\":\"Hemeroteca\",\"url\":\"https:\\\/\\\/www.eldigitaldeasturias.com\\\/noticias\\\/\",\"email\":\"info@eldigitaldeasturias.com\",\"telephone\":\"+34652131393\",\"logo\":{\"@type\":\"ImageObject\",\"url\":\"https:\\\/\\\/www.eldigitaldeasturias.com\\\/noticias\\\/wp-content\\\/uploads\\\/2020\\\/12\\\/EDA.jpg\",\"@id\":\"https:\\\/\\\/www.eldigitaldeasturias.com\\\/noticias\\\/el-pueblu-exemplar-dasturies-2016-va-ser-escoyiu-esti-miercoles\\\/#organizationLogo\",\"width\":649,\"height\":297},\"image\":{\"@id\":\"https:\\\/\\\/www.eldigitaldeasturias.com\\\/noticias\\\/el-pueblu-exemplar-dasturies-2016-va-ser-escoyiu-esti-miercoles\\\/#organizationLogo\"},\"sameAs\":[\"https:\\\/\\\/facebook.com\\\/eldigitaldeasturias\",\"https:\\\/\\\/www.youtube.com\\\/channel\\\/UCZP-2wLEB9Rv6erhFmqVnvg\"],\"address\":{\"@id\":\"https:\\\/\\\/www.eldigitaldeasturias.com\\\/noticias\\\/#postaladdress\",\"@type\":\"PostalAddress\",\"streetAddress\":\"san antonio 4,\",\"postalCode\":\"33430\",\"addressLocality\":\"Cand\\u00e1s\",\"addressRegion\":\"Asturias\",\"addressCountry\":\"ES\"}},{\"@type\":\"Person\",\"@id\":\"https:\\\/\\\/www.eldigitaldeasturias.com\\\/noticias\\\/author\\\/admin\\\/#author\",\"url\":\"https:\\\/\\\/www.eldigitaldeasturias.com\\\/noticias\\\/author\\\/admin\\\/\",\"name\":\"El Digital de Asturias\",\"image\":{\"@type\":\"ImageObject\",\"@id\":\"https:\\\/\\\/www.eldigitaldeasturias.com\\\/noticias\\\/el-pueblu-exemplar-dasturies-2016-va-ser-escoyiu-esti-miercoles\\\/#authorImage\",\"url\":\"https:\\\/\\\/www.eldigitaldeasturias.com\\\/noticias\\\/wp-content\\\/litespeed\\\/avatar\\\/18677e78aa0546b92d9dbf31ec7d7668.jpg?ver=1777290358\",\"width\":96,\"height\":96,\"caption\":\"El Digital de Asturias\"}},{\"@type\":\"WebPage\",\"@id\":\"https:\\\/\\\/www.eldigitaldeasturias.com\\\/noticias\\\/el-pueblu-exemplar-dasturies-2016-va-ser-escoyiu-esti-miercoles\\\/#webpage\",\"url\":\"https:\\\/\\\/www.eldigitaldeasturias.com\\\/noticias\\\/el-pueblu-exemplar-dasturies-2016-va-ser-escoyiu-esti-miercoles\\\/\",\"name\":\"El Pueblu Exemplar d\\u2019Asturies 2016 va ser escoy\\u00edu esti mi\\u00e9rcoles - El Digital de Asturias\",\"description\":\"El Hotel de la Reconquista d'Uvi\\u00e9u va acoyer esti mi\\u00e9rcoles la xunta del xur\\u00e1u encarg\\u00e1u de conceder el Premiu al Pueblu Exemplar d'Asturies 2016 nel so ventiavu s\\u00e9ptima edici\\u00f3n. Los miembros del xur\\u00e1u van empezar los sos deliberaciones a les 9.30 hores, darr\\u00e9u dempu\\u00e9s de la semeya de familia, y van faer p\\u00fablicu'l fallu a\",\"inLanguage\":\"es-ES\",\"isPartOf\":{\"@id\":\"https:\\\/\\\/www.eldigitaldeasturias.com\\\/noticias\\\/#website\"},\"breadcrumb\":{\"@id\":\"https:\\\/\\\/www.eldigitaldeasturias.com\\\/noticias\\\/el-pueblu-exemplar-dasturies-2016-va-ser-escoyiu-esti-miercoles\\\/#breadcrumblist\"},\"author\":{\"@id\":\"https:\\\/\\\/www.eldigitaldeasturias.com\\\/noticias\\\/author\\\/admin\\\/#author\"},\"creator\":{\"@id\":\"https:\\\/\\\/www.eldigitaldeasturias.com\\\/noticias\\\/author\\\/admin\\\/#author\"},\"image\":{\"@type\":\"ImageObject\",\"url\":\"https:\\\/\\\/www.eldigitaldeasturias.com\\\/noticias\\\/wp-content\\\/uploads\\\/2015\\\/06\\\/cudillero.jpg\",\"@id\":\"https:\\\/\\\/www.eldigitaldeasturias.com\\\/noticias\\\/el-pueblu-exemplar-dasturies-2016-va-ser-escoyiu-esti-miercoles\\\/#mainImage\",\"width\":800,\"height\":601},\"primaryImageOfPage\":{\"@id\":\"https:\\\/\\\/www.eldigitaldeasturias.com\\\/noticias\\\/el-pueblu-exemplar-dasturies-2016-va-ser-escoyiu-esti-miercoles\\\/#mainImage\"},\"datePublished\":\"2016-09-07T12:37:17+02:00\",\"dateModified\":\"2016-09-07T12:37:17+02:00\"},{\"@type\":\"WebSite\",\"@id\":\"https:\\\/\\\/www.eldigitaldeasturias.com\\\/noticias\\\/#website\",\"url\":\"https:\\\/\\\/www.eldigitaldeasturias.com\\\/noticias\\\/\",\"name\":\"El Digital de Asturias - Diario de actualidad y noticias\",\"alternateName\":\"El Digital de Asturias - Diario de actualidad y noticias\",\"description\":\"Hemeroteca\",\"inLanguage\":\"es-ES\",\"publisher\":{\"@id\":\"https:\\\/\\\/www.eldigitaldeasturias.com\\\/noticias\\\/#organization\"}}]}\n\t\t<\/script>\n\t\t<!-- All in One SEO Pro -->\r\n\t\t<title>El Pueblu Exemplar d\u2019Asturies 2016 va ser escoy\u00edu esti mi\u00e9rcoles - El Digital de Asturias<\/title>\n\n","aioseo_head_json":{"title":"El Pueblu Exemplar d\u2019Asturies 2016 va ser escoy\u00edu esti mi\u00e9rcoles - El Digital de Asturias","description":"El Hotel de la Reconquista d'Uvi\u00e9u va acoyer esti mi\u00e9rcoles la xunta del xur\u00e1u encarg\u00e1u de conceder el Premiu al Pueblu Exemplar d'Asturies 2016 nel so ventiavu s\u00e9ptima edici\u00f3n. Los miembros del xur\u00e1u van empezar los sos deliberaciones a les 9.30 hores, darr\u00e9u dempu\u00e9s de la semeya de familia, y van faer p\u00fablicu'l fallu a","canonical_url":"https:\/\/www.eldigitaldeasturias.com\/noticias\/el-pueblu-exemplar-dasturies-2016-va-ser-escoyiu-esti-miercoles\/","robots":"max-image-preview:large","keywords":"actualidad asturias","webmasterTools":{"google-site-verification":"UA-38556648-1","msvalidate.01":"7dfe9f3f1b24437ab69f4f2559babe99","miscellaneous":""},"schema":{"@context":"https:\/\/schema.org","@graph":[{"@type":"BlogPosting","@id":"https:\/\/www.eldigitaldeasturias.com\/noticias\/el-pueblu-exemplar-dasturies-2016-va-ser-escoyiu-esti-miercoles\/#blogposting","name":"El Pueblu Exemplar d\u2019Asturies 2016 va ser escoy\u00edu esti mi\u00e9rcoles - El Digital de Asturias","headline":"El Pueblu Exemplar d&#8217;Asturies 2016 va ser escoy\u00edu esti mi\u00e9rcoles","author":{"@id":"https:\/\/www.eldigitaldeasturias.com\/noticias\/author\/admin\/#author"},"publisher":{"@id":"https:\/\/www.eldigitaldeasturias.com\/noticias\/#organization"},"image":{"@type":"ImageObject","url":"https:\/\/www.eldigitaldeasturias.com\/noticias\/wp-content\/uploads\/2015\/06\/cudillero.jpg","width":800,"height":601},"datePublished":"2016-09-07T12:37:17+02:00","dateModified":"2016-09-07T12:37:17+02:00","inLanguage":"es-ES","mainEntityOfPage":{"@id":"https:\/\/www.eldigitaldeasturias.com\/noticias\/el-pueblu-exemplar-dasturies-2016-va-ser-escoyiu-esti-miercoles\/#webpage"},"isPartOf":{"@id":"https:\/\/www.eldigitaldeasturias.com\/noticias\/el-pueblu-exemplar-dasturies-2016-va-ser-escoyiu-esti-miercoles\/#webpage"},"articleSection":"Actualidad Asturias"},{"@type":"BreadcrumbList","@id":"https:\/\/www.eldigitaldeasturias.com\/noticias\/el-pueblu-exemplar-dasturies-2016-va-ser-escoyiu-esti-miercoles\/#breadcrumblist","itemListElement":[{"@type":"ListItem","@id":"https:\/\/www.eldigitaldeasturias.com\/noticias#listItem","position":1,"name":"Home","item":"https:\/\/www.eldigitaldeasturias.com\/noticias","nextItem":{"@type":"ListItem","@id":"https:\/\/www.eldigitaldeasturias.com\/noticias\/category\/actualidad-asturias\/#listItem","name":"Actualidad Asturias"}},{"@type":"ListItem","@id":"https:\/\/www.eldigitaldeasturias.com\/noticias\/category\/actualidad-asturias\/#listItem","position":2,"name":"Actualidad Asturias","item":"https:\/\/www.eldigitaldeasturias.com\/noticias\/category\/actualidad-asturias\/","nextItem":{"@type":"ListItem","@id":"https:\/\/www.eldigitaldeasturias.com\/noticias\/el-pueblu-exemplar-dasturies-2016-va-ser-escoyiu-esti-miercoles\/#listItem","name":"El Pueblu Exemplar d&#8217;Asturies 2016 va ser escoy\u00edu esti mi\u00e9rcoles"},"previousItem":{"@type":"ListItem","@id":"https:\/\/www.eldigitaldeasturias.com\/noticias#listItem","name":"Home"}},{"@type":"ListItem","@id":"https:\/\/www.eldigitaldeasturias.com\/noticias\/el-pueblu-exemplar-dasturies-2016-va-ser-escoyiu-esti-miercoles\/#listItem","position":3,"name":"El Pueblu Exemplar d&#8217;Asturies 2016 va ser escoy\u00edu esti mi\u00e9rcoles","previousItem":{"@type":"ListItem","@id":"https:\/\/www.eldigitaldeasturias.com\/noticias\/category\/actualidad-asturias\/#listItem","name":"Actualidad Asturias"}}]},{"@type":"Organization","@id":"https:\/\/www.eldigitaldeasturias.com\/noticias\/#organization","name":"El Digital de Asturias","description":"Hemeroteca","url":"https:\/\/www.eldigitaldeasturias.com\/noticias\/","email":"info@eldigitaldeasturias.com","telephone":"+34652131393","logo":{"@type":"ImageObject","url":"https:\/\/www.eldigitaldeasturias.com\/noticias\/wp-content\/uploads\/2020\/12\/EDA.jpg","@id":"https:\/\/www.eldigitaldeasturias.com\/noticias\/el-pueblu-exemplar-dasturies-2016-va-ser-escoyiu-esti-miercoles\/#organizationLogo","width":649,"height":297},"image":{"@id":"https:\/\/www.eldigitaldeasturias.com\/noticias\/el-pueblu-exemplar-dasturies-2016-va-ser-escoyiu-esti-miercoles\/#organizationLogo"},"sameAs":["https:\/\/facebook.com\/eldigitaldeasturias","https:\/\/www.youtube.com\/channel\/UCZP-2wLEB9Rv6erhFmqVnvg"],"address":{"@id":"https:\/\/www.eldigitaldeasturias.com\/noticias\/#postaladdress","@type":"PostalAddress","streetAddress":"san antonio 4,","postalCode":"33430","addressLocality":"Cand\u00e1s","addressRegion":"Asturias","addressCountry":"ES"}},{"@type":"Person","@id":"https:\/\/www.eldigitaldeasturias.com\/noticias\/author\/admin\/#author","url":"https:\/\/www.eldigitaldeasturias.com\/noticias\/author\/admin\/","name":"El Digital de Asturias","image":{"@type":"ImageObject","@id":"https:\/\/www.eldigitaldeasturias.com\/noticias\/el-pueblu-exemplar-dasturies-2016-va-ser-escoyiu-esti-miercoles\/#authorImage","url":"https:\/\/www.eldigitaldeasturias.com\/noticias\/wp-content\/litespeed\/avatar\/18677e78aa0546b92d9dbf31ec7d7668.jpg?ver=1777290358","width":96,"height":96,"caption":"El Digital de Asturias"}},{"@type":"WebPage","@id":"https:\/\/www.eldigitaldeasturias.com\/noticias\/el-pueblu-exemplar-dasturies-2016-va-ser-escoyiu-esti-miercoles\/#webpage","url":"https:\/\/www.eldigitaldeasturias.com\/noticias\/el-pueblu-exemplar-dasturies-2016-va-ser-escoyiu-esti-miercoles\/","name":"El Pueblu Exemplar d\u2019Asturies 2016 va ser escoy\u00edu esti mi\u00e9rcoles - El Digital de Asturias","description":"El Hotel de la Reconquista d'Uvi\u00e9u va acoyer esti mi\u00e9rcoles la xunta del xur\u00e1u encarg\u00e1u de conceder el Premiu al Pueblu Exemplar d'Asturies 2016 nel so ventiavu s\u00e9ptima edici\u00f3n. Los miembros del xur\u00e1u van empezar los sos deliberaciones a les 9.30 hores, darr\u00e9u dempu\u00e9s de la semeya de familia, y van faer p\u00fablicu'l fallu a","inLanguage":"es-ES","isPartOf":{"@id":"https:\/\/www.eldigitaldeasturias.com\/noticias\/#website"},"breadcrumb":{"@id":"https:\/\/www.eldigitaldeasturias.com\/noticias\/el-pueblu-exemplar-dasturies-2016-va-ser-escoyiu-esti-miercoles\/#breadcrumblist"},"author":{"@id":"https:\/\/www.eldigitaldeasturias.com\/noticias\/author\/admin\/#author"},"creator":{"@id":"https:\/\/www.eldigitaldeasturias.com\/noticias\/author\/admin\/#author"},"image":{"@type":"ImageObject","url":"https:\/\/www.eldigitaldeasturias.com\/noticias\/wp-content\/uploads\/2015\/06\/cudillero.jpg","@id":"https:\/\/www.eldigitaldeasturias.com\/noticias\/el-pueblu-exemplar-dasturies-2016-va-ser-escoyiu-esti-miercoles\/#mainImage","width":800,"height":601},"primaryImageOfPage":{"@id":"https:\/\/www.eldigitaldeasturias.com\/noticias\/el-pueblu-exemplar-dasturies-2016-va-ser-escoyiu-esti-miercoles\/#mainImage"},"datePublished":"2016-09-07T12:37:17+02:00","dateModified":"2016-09-07T12:37:17+02:00"},{"@type":"WebSite","@id":"https:\/\/www.eldigitaldeasturias.com\/noticias\/#website","url":"https:\/\/www.eldigitaldeasturias.com\/noticias\/","name":"El Digital de Asturias - Diario de actualidad y noticias","alternateName":"El Digital de Asturias - Diario de actualidad y noticias","description":"Hemeroteca","inLanguage":"es-ES","publisher":{"@id":"https:\/\/www.eldigitaldeasturias.com\/noticias\/#organization"}}]},"og:locale":"es_ES","og:site_name":"El Digital de Asturias","og:type":"article","og:title":"El Pueblu Exemplar d\u2019Asturies 2016 va ser escoy\u00edu esti mi\u00e9rcoles - El Digital de Asturias","og:description":"El Hotel de la Reconquista d'Uvi\u00e9u va acoyer esti mi\u00e9rcoles la xunta del xur\u00e1u encarg\u00e1u de conceder el Premiu al Pueblu Exemplar d'Asturies 2016 nel so ventiavu s\u00e9ptima edici\u00f3n. Los miembros del xur\u00e1u van empezar los sos deliberaciones a les 9.30 hores, darr\u00e9u dempu\u00e9s de la semeya de familia, y van faer p\u00fablicu'l fallu a","og:url":"https:\/\/www.eldigitaldeasturias.com\/noticias\/el-pueblu-exemplar-dasturies-2016-va-ser-escoyiu-esti-miercoles\/","og:image":"https:\/\/www.eldigitaldeasturias.com\/noticias\/wp-content\/uploads\/2015\/06\/cudillero.jpg","og:image:secure_url":"https:\/\/www.eldigitaldeasturias.com\/noticias\/wp-content\/uploads\/2015\/06\/cudillero.jpg","og:image:width":800,"og:image:height":601,"article:tag":["actualidad asturias"],"article:published_time":"2016-09-07T11:37:17+00:00","article:modified_time":"2016-09-07T11:37:17+00:00","article:publisher":"https:\/\/facebook.com\/eldigitaldeasturias","twitter:card":"summary_large_image","twitter:title":"El Pueblu Exemplar d\u2019Asturies 2016 va ser escoy\u00edu esti mi\u00e9rcoles - El Digital de Asturias","twitter:description":"El Hotel de la Reconquista d'Uvi\u00e9u va acoyer esti mi\u00e9rcoles la xunta del xur\u00e1u encarg\u00e1u de conceder el Premiu al Pueblu Exemplar d'Asturies 2016 nel so ventiavu s\u00e9ptima edici\u00f3n. Los miembros del xur\u00e1u van empezar los sos deliberaciones a les 9.30 hores, darr\u00e9u dempu\u00e9s de la semeya de familia, y van faer p\u00fablicu'l fallu a","twitter:image":"https:\/\/www.eldigitaldeasturias.com\/noticias\/wp-content\/uploads\/2015\/06\/cudillero.jpg","twitter:label1":"Escrito por","twitter:data1":"El Digital de Asturias","twitter:label2":"Tiempo de lectura estimado","twitter:data2":"1 minuto"},"aioseo_meta_data":{"post_id":"906241","title":null,"description":null,"keywords":null,"keyphrases":null,"primary_term":null,"canonical_url":null,"og_title":null,"og_description":null,"og_object_type":"default","og_image_type":"default","og_image_url":null,"og_image_width":null,"og_image_height":null,"og_image_custom_url":null,"og_image_custom_fields":null,"og_video":null,"og_custom_url":null,"og_article_section":null,"og_article_tags":null,"twitter_use_og":false,"twitter_card":"default","twitter_image_type":"default","twitter_image_url":null,"twitter_image_custom_url":null,"twitter_image_custom_fields":null,"twitter_title":null,"twitter_description":null,"schema":{"blockGraphs":[],"customGraphs":[],"default":{"data":{"Article":[],"Course":[],"Dataset":[],"FAQPage":[],"Movie":[],"Person":[],"Product":[],"ProductReview":[],"Car":[],"Recipe":[],"Service":[],"SoftwareApplication":[],"WebPage":[]},"graphName":"","isEnabled":true},"graphs":[],"defaultGraph":"","defaultPostTypeGraph":""},"schema_type":null,"schema_type_options":null,"pillar_content":false,"robots_default":true,"robots_noindex":false,"robots_noarchive":false,"robots_nosnippet":false,"robots_nofollow":false,"robots_noimageindex":false,"robots_noodp":false,"robots_notranslate":false,"robots_max_snippet":null,"robots_max_videopreview":null,"robots_max_imagepreview":"large","priority":null,"frequency":null,"local_seo":null,"seo_analyzer_scan_date":"2025-11-30 08:22:16","breadcrumb_settings":null,"limit_modified_date":false,"open_ai":null,"ai":null,"created":"2020-12-21 14:01:57","updated":"2025-11-30 08:22:16"},"aioseo_breadcrumb":"<div class=\"aioseo-breadcrumbs\"><span class=\"aioseo-breadcrumb\">\n\t<a href=\"https:\/\/www.eldigitaldeasturias.com\/noticias\" title=\"Home\">Home<\/a>\n<\/span><span class=\"aioseo-breadcrumb-separator\">\u2013<\/span><span class=\"aioseo-breadcrumb\">\n\t<a href=\"https:\/\/www.eldigitaldeasturias.com\/noticias\/category\/actualidad-asturias\/\" title=\"Actualidad Asturias\">Actualidad Asturias<\/a>\n<\/span><span class=\"aioseo-breadcrumb-separator\">\u2013<\/span><span class=\"aioseo-breadcrumb\">\n\t<a href=\"https:\/\/www.eldigitaldeasturias.com\/noticias\/el-pueblu-exemplar-dasturies-2016-va-ser-escoyiu-esti-miercoles\/\" title=\"El Pueblu Exemplar d\u2019Asturies 2016 va ser escoy\u00edu esti mi\u00e9rcoles\">El Pueblu Exemplar d\u2019Asturies 2016 va ser escoy\u00edu esti mi\u00e9rcoles<\/a>\n<\/span><\/div>","aioseo_breadcrumb_json":[{"label":"Home","link":"https:\/\/www.eldigitaldeasturias.com\/noticias"},{"label":"Actualidad Asturias","link":"https:\/\/www.eldigitaldeasturias.com\/noticias\/category\/actualidad-asturias\/"},{"label":"El Pueblu Exemplar d&#8217;Asturies 2016 va ser escoy\u00edu esti mi\u00e9rcoles","link":"https:\/\/www.eldigitaldeasturias.com\/noticias\/el-pueblu-exemplar-dasturies-2016-va-ser-escoyiu-esti-miercoles\/"}],"_links":{"self":[{"href":"https:\/\/www.eldigitaldeasturias.com\/noticias\/wp-json\/wp\/v2\/posts\/906241","targetHints":{"allow":["GET"]}}],"collection":[{"href":"https:\/\/www.eldigitaldeasturias.com\/noticias\/wp-json\/wp\/v2\/posts"}],"about":[{"href":"https:\/\/www.eldigitaldeasturias.com\/noticias\/wp-json\/wp\/v2\/types\/post"}],"author":[{"embeddable":true,"href":"https:\/\/www.eldigitaldeasturias.com\/noticias\/wp-json\/wp\/v2\/users\/1"}],"replies":[{"embeddable":true,"href":"https:\/\/www.eldigitaldeasturias.com\/noticias\/wp-json\/wp\/v2\/comments?post=906241"}],"version-history":[{"count":0,"href":"https:\/\/www.eldigitaldeasturias.com\/noticias\/wp-json\/wp\/v2\/posts\/906241\/revisions"}],"wp:featuredmedia":[{"embeddable":true,"href":"https:\/\/www.eldigitaldeasturias.com\/noticias\/wp-json\/wp\/v2\/media\/789262"}],"wp:attachment":[{"href":"https:\/\/www.eldigitaldeasturias.com\/noticias\/wp-json\/wp\/v2\/media?parent=906241"}],"wp:term":[{"taxonomy":"category","embeddable":true,"href":"https:\/\/www.eldigitaldeasturias.com\/noticias\/wp-json\/wp\/v2\/categories?post=906241"},{"taxonomy":"post_tag","embeddable":true,"href":"https:\/\/www.eldigitaldeasturias.com\/noticias\/wp-json\/wp\/v2\/tags?post=906241"}],"curies":[{"name":"wp","href":"https:\/\/api.w.org\/{rel}","templated":true}]}}