{"id":906235,"date":"2016-09-07T12:22:27","date_gmt":"2016-09-07T11:22:27","guid":{"rendered":"http:\/\/www.eldigitaldeasturias.com\/noticias\/?p=906235"},"modified":"2016-09-07T12:28:17","modified_gmt":"2016-09-07T11:28:17","slug":"julieta-seleccionada-para-representar-a-espana-en-los-oscar","status":"publish","type":"post","link":"https:\/\/www.eldigitaldeasturias.com\/noticias\/julieta-seleccionada-para-representar-a-espana-en-los-oscar\/","title":{"rendered":"Julieta, seleccionada para representar a Espa\u00f1a en los Oscar"},"content":{"rendered":"<p>La Academia de Cine ha elegido Julieta, de Pedro Almod\u00f3var, como representante espa\u00f1ola en la 89 edici\u00f3n de los Premios Oscar, que tendr\u00e1 lugar el 26 de febrero de 2017. El actor Miki Esparb\u00e9 ha dado a conocer esta ma\u00f1ana, en presencia de la presidenta en funciones Yvonne Blake y la notario Eva Sanz del Real, la decisi\u00f3n de los acad\u00e9micos.<\/p>\n<p>La cinta basada libremente en tres relatos de Alice Munro, Destino, Pronto y Silencio, cuenta la historia de Julieta, \u00abun relato de mujeres sobre el dolor, la culpa y la p\u00e9rdida\u00bb. Protagonizada por Emma Su\u00e1rez, Adriana Ugarte, Daniel Grao, Inma Cuesta, Michelle Jenner y Rossy de Palma se estrenar\u00e1 en EE. UU. el pr\u00f3ximo 21 de diciembre.<\/p>\n<p><img loading=\"lazy\" decoding=\"async\" class=\" size-large wp-image-906236 aligncenter\" src=\"https:\/\/www.eldigitaldeasturias.com\/noticias\/wp-content\/uploads\/2016\/09\/IMG_8864-650x410.jpg\" alt=\"IMG_8864\" width=\"650\" height=\"410\" srcset=\"https:\/\/www.eldigitaldeasturias.com\/noticias\/wp-content\/uploads\/2016\/09\/IMG_8864-650x410.jpg 650w, https:\/\/www.eldigitaldeasturias.com\/noticias\/wp-content\/uploads\/2016\/09\/IMG_8864-360x227.jpg 360w, https:\/\/www.eldigitaldeasturias.com\/noticias\/wp-content\/uploads\/2016\/09\/IMG_8864-49x32.jpg 49w, https:\/\/www.eldigitaldeasturias.com\/noticias\/wp-content\/uploads\/2016\/09\/IMG_8864.jpg 670w\" sizes=\"auto, (max-width: 650px) 100vw, 650px\" \/><\/p>\n","protected":false},"excerpt":{"rendered":"<p>La Academia de Cine ha elegido Julieta, de Pedro Almod\u00f3var, como representante espa\u00f1ola en la 89 edici\u00f3n de los Premios Oscar, que tendr\u00e1 lugar el 26 de febrero de 2017. El actor Miki Esparb\u00e9 ha dado a conocer esta ma\u00f1ana, en presencia de la presidenta en funciones Yvonne Blake y la notario Eva Sanz del [&hellip;]<\/p>\n","protected":false},"author":1,"featured_media":906236,"comment_status":"closed","ping_status":"closed","sticky":false,"template":"","format":"standard","meta":{"footnotes":""},"categories":[50],"tags":[],"class_list":["post-906235","post","type-post","status-publish","format-standard","has-post-thumbnail","hentry","category-revista-de-ocio"],"aioseo_notices":[],"aioseo_head":"\n\t\t<!-- All in One SEO Pro 4.9.6.2 - aioseo.com -->\n\t<meta name=\"description\" content=\"La Academia de Cine ha elegido Julieta, de Pedro Almod\u00f3var, como representante espa\u00f1ola en la 89 edici\u00f3n de los Premios Oscar, que tendr\u00e1 lugar el 26 de febrero de 2017. El actor Miki Esparb\u00e9 ha dado a conocer esta ma\u00f1ana, en presencia de la presidenta en funciones Yvonne Blake y la notario Eva Sanz del\" \/>\n\t<meta name=\"robots\" content=\"max-image-preview:large\" \/>\n\t<meta name=\"author\" content=\"El Digital de Asturias\"\/>\n\t<meta name=\"google-site-verification\" content=\"UA-38556648-1\" \/>\n\t<meta name=\"msvalidate.01\" content=\"7dfe9f3f1b24437ab69f4f2559babe99\" \/>\n\t<meta name=\"keywords\" content=\"revista de ocio\" \/>\n\t<link rel=\"canonical\" href=\"https:\/\/www.eldigitaldeasturias.com\/noticias\/julieta-seleccionada-para-representar-a-espana-en-los-oscar\/\" \/>\n\t<meta name=\"generator\" content=\"All in One SEO Pro (AIOSEO) 4.9.6.2\" \/>\n\t\t<meta property=\"og:locale\" content=\"es_ES\" \/>\n\t\t<meta property=\"og:site_name\" content=\"El Digital de Asturias\" \/>\n\t\t<meta property=\"og:type\" content=\"article\" \/>\n\t\t<meta property=\"og:title\" content=\"Julieta, seleccionada para representar a Espa\u00f1a en los Oscar - El Digital de Asturias\" \/>\n\t\t<meta property=\"og:description\" content=\"La Academia de Cine ha elegido Julieta, de Pedro Almod\u00f3var, como representante espa\u00f1ola en la 89 edici\u00f3n de los Premios Oscar, que tendr\u00e1 lugar el 26 de febrero de 2017. El actor Miki Esparb\u00e9 ha dado a conocer esta ma\u00f1ana, en presencia de la presidenta en funciones Yvonne Blake y la notario Eva Sanz del\" \/>\n\t\t<meta property=\"og:url\" content=\"https:\/\/www.eldigitaldeasturias.com\/noticias\/julieta-seleccionada-para-representar-a-espana-en-los-oscar\/\" \/>\n\t\t<meta property=\"og:image\" content=\"https:\/\/www.eldigitaldeasturias.com\/noticias\/wp-content\/uploads\/2016\/09\/IMG_8864.jpg\" \/>\n\t\t<meta property=\"og:image:secure_url\" content=\"https:\/\/www.eldigitaldeasturias.com\/noticias\/wp-content\/uploads\/2016\/09\/IMG_8864.jpg\" \/>\n\t\t<meta property=\"og:image:width\" content=\"670\" \/>\n\t\t<meta property=\"og:image:height\" content=\"423\" \/>\n\t\t<meta property=\"article:tag\" content=\"revista de ocio\" \/>\n\t\t<meta property=\"article:published_time\" content=\"2016-09-07T11:22:27+00:00\" \/>\n\t\t<meta property=\"article:modified_time\" content=\"2016-09-07T11:28:17+00:00\" \/>\n\t\t<meta property=\"article:publisher\" content=\"https:\/\/facebook.com\/eldigitaldeasturias\" \/>\n\t\t<meta name=\"twitter:card\" content=\"summary_large_image\" \/>\n\t\t<meta name=\"twitter:title\" content=\"Julieta, seleccionada para representar a Espa\u00f1a en los Oscar - El Digital de Asturias\" \/>\n\t\t<meta name=\"twitter:description\" content=\"La Academia de Cine ha elegido Julieta, de Pedro Almod\u00f3var, como representante espa\u00f1ola en la 89 edici\u00f3n de los Premios Oscar, que tendr\u00e1 lugar el 26 de febrero de 2017. El actor Miki Esparb\u00e9 ha dado a conocer esta ma\u00f1ana, en presencia de la presidenta en funciones Yvonne Blake y la notario Eva Sanz del\" \/>\n\t\t<meta name=\"twitter:image\" content=\"https:\/\/www.eldigitaldeasturias.com\/noticias\/wp-content\/uploads\/2016\/09\/IMG_8864.jpg\" \/>\n\t\t<meta name=\"twitter:label1\" content=\"Escrito por\" \/>\n\t\t<meta name=\"twitter:data1\" content=\"El Digital de Asturias\" \/>\n\t\t<meta name=\"twitter:label2\" content=\"Tiempo de lectura estimado\" \/>\n\t\t<meta name=\"twitter:data2\" content=\"1 minuto\" \/>\n\t\t<script type=\"application\/ld+json\" class=\"aioseo-schema\">\n\t\t\t{\"@context\":\"https:\\\/\\\/schema.org\",\"@graph\":[{\"@type\":\"BlogPosting\",\"@id\":\"https:\\\/\\\/www.eldigitaldeasturias.com\\\/noticias\\\/julieta-seleccionada-para-representar-a-espana-en-los-oscar\\\/#blogposting\",\"name\":\"Julieta, seleccionada para representar a Espa\\u00f1a en los Oscar - El Digital de Asturias\",\"headline\":\"Julieta, seleccionada para representar a Espa\\u00f1a en los Oscar\",\"author\":{\"@id\":\"https:\\\/\\\/www.eldigitaldeasturias.com\\\/noticias\\\/author\\\/admin\\\/#author\"},\"publisher\":{\"@id\":\"https:\\\/\\\/www.eldigitaldeasturias.com\\\/noticias\\\/#organization\"},\"image\":{\"@type\":\"ImageObject\",\"url\":\"https:\\\/\\\/www.eldigitaldeasturias.com\\\/noticias\\\/wp-content\\\/uploads\\\/2016\\\/09\\\/IMG_8864.jpg\",\"width\":670,\"height\":423},\"datePublished\":\"2016-09-07T12:22:27+02:00\",\"dateModified\":\"2016-09-07T12:28:17+02:00\",\"inLanguage\":\"es-ES\",\"mainEntityOfPage\":{\"@id\":\"https:\\\/\\\/www.eldigitaldeasturias.com\\\/noticias\\\/julieta-seleccionada-para-representar-a-espana-en-los-oscar\\\/#webpage\"},\"isPartOf\":{\"@id\":\"https:\\\/\\\/www.eldigitaldeasturias.com\\\/noticias\\\/julieta-seleccionada-para-representar-a-espana-en-los-oscar\\\/#webpage\"},\"articleSection\":\"Revista de Ocio\"},{\"@type\":\"BreadcrumbList\",\"@id\":\"https:\\\/\\\/www.eldigitaldeasturias.com\\\/noticias\\\/julieta-seleccionada-para-representar-a-espana-en-los-oscar\\\/#breadcrumblist\",\"itemListElement\":[{\"@type\":\"ListItem\",\"@id\":\"https:\\\/\\\/www.eldigitaldeasturias.com\\\/noticias#listItem\",\"position\":1,\"name\":\"Home\",\"item\":\"https:\\\/\\\/www.eldigitaldeasturias.com\\\/noticias\",\"nextItem\":{\"@type\":\"ListItem\",\"@id\":\"https:\\\/\\\/www.eldigitaldeasturias.com\\\/noticias\\\/category\\\/revista-de-ocio\\\/#listItem\",\"name\":\"Revista de Ocio\"}},{\"@type\":\"ListItem\",\"@id\":\"https:\\\/\\\/www.eldigitaldeasturias.com\\\/noticias\\\/category\\\/revista-de-ocio\\\/#listItem\",\"position\":2,\"name\":\"Revista de Ocio\",\"item\":\"https:\\\/\\\/www.eldigitaldeasturias.com\\\/noticias\\\/category\\\/revista-de-ocio\\\/\",\"nextItem\":{\"@type\":\"ListItem\",\"@id\":\"https:\\\/\\\/www.eldigitaldeasturias.com\\\/noticias\\\/julieta-seleccionada-para-representar-a-espana-en-los-oscar\\\/#listItem\",\"name\":\"Julieta, seleccionada para representar a Espa\\u00f1a en los Oscar\"},\"previousItem\":{\"@type\":\"ListItem\",\"@id\":\"https:\\\/\\\/www.eldigitaldeasturias.com\\\/noticias#listItem\",\"name\":\"Home\"}},{\"@type\":\"ListItem\",\"@id\":\"https:\\\/\\\/www.eldigitaldeasturias.com\\\/noticias\\\/julieta-seleccionada-para-representar-a-espana-en-los-oscar\\\/#listItem\",\"position\":3,\"name\":\"Julieta, seleccionada para representar a Espa\\u00f1a en los Oscar\",\"previousItem\":{\"@type\":\"ListItem\",\"@id\":\"https:\\\/\\\/www.eldigitaldeasturias.com\\\/noticias\\\/category\\\/revista-de-ocio\\\/#listItem\",\"name\":\"Revista de Ocio\"}}]},{\"@type\":\"Organization\",\"@id\":\"https:\\\/\\\/www.eldigitaldeasturias.com\\\/noticias\\\/#organization\",\"name\":\"El Digital de Asturias\",\"description\":\"Hemeroteca\",\"url\":\"https:\\\/\\\/www.eldigitaldeasturias.com\\\/noticias\\\/\",\"email\":\"info@eldigitaldeasturias.com\",\"telephone\":\"+34652131393\",\"logo\":{\"@type\":\"ImageObject\",\"url\":\"https:\\\/\\\/www.eldigitaldeasturias.com\\\/noticias\\\/wp-content\\\/uploads\\\/2020\\\/12\\\/EDA.jpg\",\"@id\":\"https:\\\/\\\/www.eldigitaldeasturias.com\\\/noticias\\\/julieta-seleccionada-para-representar-a-espana-en-los-oscar\\\/#organizationLogo\",\"width\":649,\"height\":297},\"image\":{\"@id\":\"https:\\\/\\\/www.eldigitaldeasturias.com\\\/noticias\\\/julieta-seleccionada-para-representar-a-espana-en-los-oscar\\\/#organizationLogo\"},\"sameAs\":[\"https:\\\/\\\/facebook.com\\\/eldigitaldeasturias\",\"https:\\\/\\\/www.youtube.com\\\/channel\\\/UCZP-2wLEB9Rv6erhFmqVnvg\"],\"address\":{\"@id\":\"https:\\\/\\\/www.eldigitaldeasturias.com\\\/noticias\\\/#postaladdress\",\"@type\":\"PostalAddress\",\"streetAddress\":\"san antonio 4,\",\"postalCode\":\"33430\",\"addressLocality\":\"Cand\\u00e1s\",\"addressRegion\":\"Asturias\",\"addressCountry\":\"ES\"}},{\"@type\":\"Person\",\"@id\":\"https:\\\/\\\/www.eldigitaldeasturias.com\\\/noticias\\\/author\\\/admin\\\/#author\",\"url\":\"https:\\\/\\\/www.eldigitaldeasturias.com\\\/noticias\\\/author\\\/admin\\\/\",\"name\":\"El Digital de Asturias\",\"image\":{\"@type\":\"ImageObject\",\"@id\":\"https:\\\/\\\/www.eldigitaldeasturias.com\\\/noticias\\\/julieta-seleccionada-para-representar-a-espana-en-los-oscar\\\/#authorImage\",\"url\":\"https:\\\/\\\/www.eldigitaldeasturias.com\\\/noticias\\\/wp-content\\\/litespeed\\\/avatar\\\/18677e78aa0546b92d9dbf31ec7d7668.jpg?ver=1777290358\",\"width\":96,\"height\":96,\"caption\":\"El Digital de Asturias\"}},{\"@type\":\"WebPage\",\"@id\":\"https:\\\/\\\/www.eldigitaldeasturias.com\\\/noticias\\\/julieta-seleccionada-para-representar-a-espana-en-los-oscar\\\/#webpage\",\"url\":\"https:\\\/\\\/www.eldigitaldeasturias.com\\\/noticias\\\/julieta-seleccionada-para-representar-a-espana-en-los-oscar\\\/\",\"name\":\"Julieta, seleccionada para representar a Espa\\u00f1a en los Oscar - El Digital de Asturias\",\"description\":\"La Academia de Cine ha elegido Julieta, de Pedro Almod\\u00f3var, como representante espa\\u00f1ola en la 89 edici\\u00f3n de los Premios Oscar, que tendr\\u00e1 lugar el 26 de febrero de 2017. El actor Miki Esparb\\u00e9 ha dado a conocer esta ma\\u00f1ana, en presencia de la presidenta en funciones Yvonne Blake y la notario Eva Sanz del\",\"inLanguage\":\"es-ES\",\"isPartOf\":{\"@id\":\"https:\\\/\\\/www.eldigitaldeasturias.com\\\/noticias\\\/#website\"},\"breadcrumb\":{\"@id\":\"https:\\\/\\\/www.eldigitaldeasturias.com\\\/noticias\\\/julieta-seleccionada-para-representar-a-espana-en-los-oscar\\\/#breadcrumblist\"},\"author\":{\"@id\":\"https:\\\/\\\/www.eldigitaldeasturias.com\\\/noticias\\\/author\\\/admin\\\/#author\"},\"creator\":{\"@id\":\"https:\\\/\\\/www.eldigitaldeasturias.com\\\/noticias\\\/author\\\/admin\\\/#author\"},\"image\":{\"@type\":\"ImageObject\",\"url\":\"https:\\\/\\\/www.eldigitaldeasturias.com\\\/noticias\\\/wp-content\\\/uploads\\\/2016\\\/09\\\/IMG_8864.jpg\",\"@id\":\"https:\\\/\\\/www.eldigitaldeasturias.com\\\/noticias\\\/julieta-seleccionada-para-representar-a-espana-en-los-oscar\\\/#mainImage\",\"width\":670,\"height\":423},\"primaryImageOfPage\":{\"@id\":\"https:\\\/\\\/www.eldigitaldeasturias.com\\\/noticias\\\/julieta-seleccionada-para-representar-a-espana-en-los-oscar\\\/#mainImage\"},\"datePublished\":\"2016-09-07T12:22:27+02:00\",\"dateModified\":\"2016-09-07T12:28:17+02:00\"},{\"@type\":\"WebSite\",\"@id\":\"https:\\\/\\\/www.eldigitaldeasturias.com\\\/noticias\\\/#website\",\"url\":\"https:\\\/\\\/www.eldigitaldeasturias.com\\\/noticias\\\/\",\"name\":\"El Digital de Asturias - Diario de actualidad y noticias\",\"alternateName\":\"El Digital de Asturias - Diario de actualidad y noticias\",\"description\":\"Hemeroteca\",\"inLanguage\":\"es-ES\",\"publisher\":{\"@id\":\"https:\\\/\\\/www.eldigitaldeasturias.com\\\/noticias\\\/#organization\"}}]}\n\t\t<\/script>\n\t\t<!-- All in One SEO Pro -->\r\n\t\t<title>Julieta, seleccionada para representar a Espa\u00f1a en los Oscar - El Digital de Asturias<\/title>\n\n","aioseo_head_json":{"title":"Julieta, seleccionada para representar a Espa\u00f1a en los Oscar - El Digital de Asturias","description":"La Academia de Cine ha elegido Julieta, de Pedro Almod\u00f3var, como representante espa\u00f1ola en la 89 edici\u00f3n de los Premios Oscar, que tendr\u00e1 lugar el 26 de febrero de 2017. El actor Miki Esparb\u00e9 ha dado a conocer esta ma\u00f1ana, en presencia de la presidenta en funciones Yvonne Blake y la notario Eva Sanz del","canonical_url":"https:\/\/www.eldigitaldeasturias.com\/noticias\/julieta-seleccionada-para-representar-a-espana-en-los-oscar\/","robots":"max-image-preview:large","keywords":"revista de ocio","webmasterTools":{"google-site-verification":"UA-38556648-1","msvalidate.01":"7dfe9f3f1b24437ab69f4f2559babe99","miscellaneous":""},"schema":{"@context":"https:\/\/schema.org","@graph":[{"@type":"BlogPosting","@id":"https:\/\/www.eldigitaldeasturias.com\/noticias\/julieta-seleccionada-para-representar-a-espana-en-los-oscar\/#blogposting","name":"Julieta, seleccionada para representar a Espa\u00f1a en los Oscar - El Digital de Asturias","headline":"Julieta, seleccionada para representar a Espa\u00f1a en los Oscar","author":{"@id":"https:\/\/www.eldigitaldeasturias.com\/noticias\/author\/admin\/#author"},"publisher":{"@id":"https:\/\/www.eldigitaldeasturias.com\/noticias\/#organization"},"image":{"@type":"ImageObject","url":"https:\/\/www.eldigitaldeasturias.com\/noticias\/wp-content\/uploads\/2016\/09\/IMG_8864.jpg","width":670,"height":423},"datePublished":"2016-09-07T12:22:27+02:00","dateModified":"2016-09-07T12:28:17+02:00","inLanguage":"es-ES","mainEntityOfPage":{"@id":"https:\/\/www.eldigitaldeasturias.com\/noticias\/julieta-seleccionada-para-representar-a-espana-en-los-oscar\/#webpage"},"isPartOf":{"@id":"https:\/\/www.eldigitaldeasturias.com\/noticias\/julieta-seleccionada-para-representar-a-espana-en-los-oscar\/#webpage"},"articleSection":"Revista de Ocio"},{"@type":"BreadcrumbList","@id":"https:\/\/www.eldigitaldeasturias.com\/noticias\/julieta-seleccionada-para-representar-a-espana-en-los-oscar\/#breadcrumblist","itemListElement":[{"@type":"ListItem","@id":"https:\/\/www.eldigitaldeasturias.com\/noticias#listItem","position":1,"name":"Home","item":"https:\/\/www.eldigitaldeasturias.com\/noticias","nextItem":{"@type":"ListItem","@id":"https:\/\/www.eldigitaldeasturias.com\/noticias\/category\/revista-de-ocio\/#listItem","name":"Revista de Ocio"}},{"@type":"ListItem","@id":"https:\/\/www.eldigitaldeasturias.com\/noticias\/category\/revista-de-ocio\/#listItem","position":2,"name":"Revista de Ocio","item":"https:\/\/www.eldigitaldeasturias.com\/noticias\/category\/revista-de-ocio\/","nextItem":{"@type":"ListItem","@id":"https:\/\/www.eldigitaldeasturias.com\/noticias\/julieta-seleccionada-para-representar-a-espana-en-los-oscar\/#listItem","name":"Julieta, seleccionada para representar a Espa\u00f1a en los Oscar"},"previousItem":{"@type":"ListItem","@id":"https:\/\/www.eldigitaldeasturias.com\/noticias#listItem","name":"Home"}},{"@type":"ListItem","@id":"https:\/\/www.eldigitaldeasturias.com\/noticias\/julieta-seleccionada-para-representar-a-espana-en-los-oscar\/#listItem","position":3,"name":"Julieta, seleccionada para representar a Espa\u00f1a en los Oscar","previousItem":{"@type":"ListItem","@id":"https:\/\/www.eldigitaldeasturias.com\/noticias\/category\/revista-de-ocio\/#listItem","name":"Revista de Ocio"}}]},{"@type":"Organization","@id":"https:\/\/www.eldigitaldeasturias.com\/noticias\/#organization","name":"El Digital de Asturias","description":"Hemeroteca","url":"https:\/\/www.eldigitaldeasturias.com\/noticias\/","email":"info@eldigitaldeasturias.com","telephone":"+34652131393","logo":{"@type":"ImageObject","url":"https:\/\/www.eldigitaldeasturias.com\/noticias\/wp-content\/uploads\/2020\/12\/EDA.jpg","@id":"https:\/\/www.eldigitaldeasturias.com\/noticias\/julieta-seleccionada-para-representar-a-espana-en-los-oscar\/#organizationLogo","width":649,"height":297},"image":{"@id":"https:\/\/www.eldigitaldeasturias.com\/noticias\/julieta-seleccionada-para-representar-a-espana-en-los-oscar\/#organizationLogo"},"sameAs":["https:\/\/facebook.com\/eldigitaldeasturias","https:\/\/www.youtube.com\/channel\/UCZP-2wLEB9Rv6erhFmqVnvg"],"address":{"@id":"https:\/\/www.eldigitaldeasturias.com\/noticias\/#postaladdress","@type":"PostalAddress","streetAddress":"san antonio 4,","postalCode":"33430","addressLocality":"Cand\u00e1s","addressRegion":"Asturias","addressCountry":"ES"}},{"@type":"Person","@id":"https:\/\/www.eldigitaldeasturias.com\/noticias\/author\/admin\/#author","url":"https:\/\/www.eldigitaldeasturias.com\/noticias\/author\/admin\/","name":"El Digital de Asturias","image":{"@type":"ImageObject","@id":"https:\/\/www.eldigitaldeasturias.com\/noticias\/julieta-seleccionada-para-representar-a-espana-en-los-oscar\/#authorImage","url":"https:\/\/www.eldigitaldeasturias.com\/noticias\/wp-content\/litespeed\/avatar\/18677e78aa0546b92d9dbf31ec7d7668.jpg?ver=1777290358","width":96,"height":96,"caption":"El Digital de Asturias"}},{"@type":"WebPage","@id":"https:\/\/www.eldigitaldeasturias.com\/noticias\/julieta-seleccionada-para-representar-a-espana-en-los-oscar\/#webpage","url":"https:\/\/www.eldigitaldeasturias.com\/noticias\/julieta-seleccionada-para-representar-a-espana-en-los-oscar\/","name":"Julieta, seleccionada para representar a Espa\u00f1a en los Oscar - El Digital de Asturias","description":"La Academia de Cine ha elegido Julieta, de Pedro Almod\u00f3var, como representante espa\u00f1ola en la 89 edici\u00f3n de los Premios Oscar, que tendr\u00e1 lugar el 26 de febrero de 2017. El actor Miki Esparb\u00e9 ha dado a conocer esta ma\u00f1ana, en presencia de la presidenta en funciones Yvonne Blake y la notario Eva Sanz del","inLanguage":"es-ES","isPartOf":{"@id":"https:\/\/www.eldigitaldeasturias.com\/noticias\/#website"},"breadcrumb":{"@id":"https:\/\/www.eldigitaldeasturias.com\/noticias\/julieta-seleccionada-para-representar-a-espana-en-los-oscar\/#breadcrumblist"},"author":{"@id":"https:\/\/www.eldigitaldeasturias.com\/noticias\/author\/admin\/#author"},"creator":{"@id":"https:\/\/www.eldigitaldeasturias.com\/noticias\/author\/admin\/#author"},"image":{"@type":"ImageObject","url":"https:\/\/www.eldigitaldeasturias.com\/noticias\/wp-content\/uploads\/2016\/09\/IMG_8864.jpg","@id":"https:\/\/www.eldigitaldeasturias.com\/noticias\/julieta-seleccionada-para-representar-a-espana-en-los-oscar\/#mainImage","width":670,"height":423},"primaryImageOfPage":{"@id":"https:\/\/www.eldigitaldeasturias.com\/noticias\/julieta-seleccionada-para-representar-a-espana-en-los-oscar\/#mainImage"},"datePublished":"2016-09-07T12:22:27+02:00","dateModified":"2016-09-07T12:28:17+02:00"},{"@type":"WebSite","@id":"https:\/\/www.eldigitaldeasturias.com\/noticias\/#website","url":"https:\/\/www.eldigitaldeasturias.com\/noticias\/","name":"El Digital de Asturias - Diario de actualidad y noticias","alternateName":"El Digital de Asturias - Diario de actualidad y noticias","description":"Hemeroteca","inLanguage":"es-ES","publisher":{"@id":"https:\/\/www.eldigitaldeasturias.com\/noticias\/#organization"}}]},"og:locale":"es_ES","og:site_name":"El Digital de Asturias","og:type":"article","og:title":"Julieta, seleccionada para representar a Espa\u00f1a en los Oscar - El Digital de Asturias","og:description":"La Academia de Cine ha elegido Julieta, de Pedro Almod\u00f3var, como representante espa\u00f1ola en la 89 edici\u00f3n de los Premios Oscar, que tendr\u00e1 lugar el 26 de febrero de 2017. El actor Miki Esparb\u00e9 ha dado a conocer esta ma\u00f1ana, en presencia de la presidenta en funciones Yvonne Blake y la notario Eva Sanz del","og:url":"https:\/\/www.eldigitaldeasturias.com\/noticias\/julieta-seleccionada-para-representar-a-espana-en-los-oscar\/","og:image":"https:\/\/www.eldigitaldeasturias.com\/noticias\/wp-content\/uploads\/2016\/09\/IMG_8864.jpg","og:image:secure_url":"https:\/\/www.eldigitaldeasturias.com\/noticias\/wp-content\/uploads\/2016\/09\/IMG_8864.jpg","og:image:width":670,"og:image:height":423,"article:tag":["revista de ocio"],"article:published_time":"2016-09-07T11:22:27+00:00","article:modified_time":"2016-09-07T11:28:17+00:00","article:publisher":"https:\/\/facebook.com\/eldigitaldeasturias","twitter:card":"summary_large_image","twitter:title":"Julieta, seleccionada para representar a Espa\u00f1a en los Oscar - El Digital de Asturias","twitter:description":"La Academia de Cine ha elegido Julieta, de Pedro Almod\u00f3var, como representante espa\u00f1ola en la 89 edici\u00f3n de los Premios Oscar, que tendr\u00e1 lugar el 26 de febrero de 2017. El actor Miki Esparb\u00e9 ha dado a conocer esta ma\u00f1ana, en presencia de la presidenta en funciones Yvonne Blake y la notario Eva Sanz del","twitter:image":"https:\/\/www.eldigitaldeasturias.com\/noticias\/wp-content\/uploads\/2016\/09\/IMG_8864.jpg","twitter:label1":"Escrito por","twitter:data1":"El Digital de Asturias","twitter:label2":"Tiempo de lectura estimado","twitter:data2":"1 minuto"},"aioseo_meta_data":{"post_id":"906235","title":null,"description":null,"keywords":null,"keyphrases":null,"primary_term":null,"canonical_url":null,"og_title":null,"og_description":null,"og_object_type":"default","og_image_type":"default","og_image_url":null,"og_image_width":null,"og_image_height":null,"og_image_custom_url":null,"og_image_custom_fields":null,"og_video":null,"og_custom_url":null,"og_article_section":null,"og_article_tags":null,"twitter_use_og":false,"twitter_card":"default","twitter_image_type":"default","twitter_image_url":null,"twitter_image_custom_url":null,"twitter_image_custom_fields":null,"twitter_title":null,"twitter_description":null,"schema":{"blockGraphs":[],"customGraphs":[],"default":{"data":{"Article":[],"Course":[],"Dataset":[],"FAQPage":[],"Movie":[],"Person":[],"Product":[],"ProductReview":[],"Car":[],"Recipe":[],"Service":[],"SoftwareApplication":[],"WebPage":[]},"graphName":"","isEnabled":true},"graphs":[],"defaultGraph":"","defaultPostTypeGraph":""},"schema_type":null,"schema_type_options":null,"pillar_content":false,"robots_default":true,"robots_noindex":false,"robots_noarchive":false,"robots_nosnippet":false,"robots_nofollow":false,"robots_noimageindex":false,"robots_noodp":false,"robots_notranslate":false,"robots_max_snippet":null,"robots_max_videopreview":null,"robots_max_imagepreview":"large","priority":null,"frequency":null,"local_seo":null,"seo_analyzer_scan_date":"2025-11-30 08:20:23","breadcrumb_settings":null,"limit_modified_date":false,"open_ai":null,"ai":null,"created":"2020-12-21 11:27:45","updated":"2025-11-30 08:20:23"},"aioseo_breadcrumb":"<div class=\"aioseo-breadcrumbs\"><span class=\"aioseo-breadcrumb\">\n\t<a href=\"https:\/\/www.eldigitaldeasturias.com\/noticias\" title=\"Home\">Home<\/a>\n<\/span><span class=\"aioseo-breadcrumb-separator\">\u2013<\/span><span class=\"aioseo-breadcrumb\">\n\t<a href=\"https:\/\/www.eldigitaldeasturias.com\/noticias\/category\/revista-de-ocio\/\" title=\"Revista de Ocio\">Revista de Ocio<\/a>\n<\/span><span class=\"aioseo-breadcrumb-separator\">\u2013<\/span><span class=\"aioseo-breadcrumb\">\n\t<a href=\"https:\/\/www.eldigitaldeasturias.com\/noticias\/julieta-seleccionada-para-representar-a-espana-en-los-oscar\/\" title=\"Julieta, seleccionada para representar a Espa\u00f1a en los Oscar\">Julieta, seleccionada para representar a Espa\u00f1a en los Oscar<\/a>\n<\/span><\/div>","aioseo_breadcrumb_json":[{"label":"Home","link":"https:\/\/www.eldigitaldeasturias.com\/noticias"},{"label":"Revista de Ocio","link":"https:\/\/www.eldigitaldeasturias.com\/noticias\/category\/revista-de-ocio\/"},{"label":"Julieta, seleccionada para representar a Espa\u00f1a en los Oscar","link":"https:\/\/www.eldigitaldeasturias.com\/noticias\/julieta-seleccionada-para-representar-a-espana-en-los-oscar\/"}],"_links":{"self":[{"href":"https:\/\/www.eldigitaldeasturias.com\/noticias\/wp-json\/wp\/v2\/posts\/906235","targetHints":{"allow":["GET"]}}],"collection":[{"href":"https:\/\/www.eldigitaldeasturias.com\/noticias\/wp-json\/wp\/v2\/posts"}],"about":[{"href":"https:\/\/www.eldigitaldeasturias.com\/noticias\/wp-json\/wp\/v2\/types\/post"}],"author":[{"embeddable":true,"href":"https:\/\/www.eldigitaldeasturias.com\/noticias\/wp-json\/wp\/v2\/users\/1"}],"replies":[{"embeddable":true,"href":"https:\/\/www.eldigitaldeasturias.com\/noticias\/wp-json\/wp\/v2\/comments?post=906235"}],"version-history":[{"count":0,"href":"https:\/\/www.eldigitaldeasturias.com\/noticias\/wp-json\/wp\/v2\/posts\/906235\/revisions"}],"wp:featuredmedia":[{"embeddable":true,"href":"https:\/\/www.eldigitaldeasturias.com\/noticias\/wp-json\/wp\/v2\/media\/906236"}],"wp:attachment":[{"href":"https:\/\/www.eldigitaldeasturias.com\/noticias\/wp-json\/wp\/v2\/media?parent=906235"}],"wp:term":[{"taxonomy":"category","embeddable":true,"href":"https:\/\/www.eldigitaldeasturias.com\/noticias\/wp-json\/wp\/v2\/categories?post=906235"},{"taxonomy":"post_tag","embeddable":true,"href":"https:\/\/www.eldigitaldeasturias.com\/noticias\/wp-json\/wp\/v2\/tags?post=906235"}],"curies":[{"name":"wp","href":"https:\/\/api.w.org\/{rel}","templated":true}]}}