{"id":906226,"date":"2016-09-07T01:02:43","date_gmt":"2016-09-07T00:02:43","guid":{"rendered":"http:\/\/www.eldigitaldeasturias.com\/noticias\/?p=906226"},"modified":"2016-09-07T01:02:43","modified_gmt":"2016-09-07T00:02:43","slug":"septiembre-un-mes-para-hacer-crecer-el-negocio","status":"publish","type":"post","link":"https:\/\/www.eldigitaldeasturias.com\/noticias\/septiembre-un-mes-para-hacer-crecer-el-negocio\/","title":{"rendered":"Septiembre, un mes para hacer crecer el negocio"},"content":{"rendered":"<p><img loading=\"lazy\" decoding=\"async\" class=\"alignleft size-medium wp-image-906227\" src=\"https:\/\/www.eldigitaldeasturias.com\/noticias\/wp-content\/uploads\/2016\/09\/aplicacion-practica-360x203.jpg\" alt=\"aplicacion-practica\" width=\"360\" height=\"203\" srcset=\"https:\/\/www.eldigitaldeasturias.com\/noticias\/wp-content\/uploads\/2016\/09\/aplicacion-practica-360x203.jpg 360w, https:\/\/www.eldigitaldeasturias.com\/noticias\/wp-content\/uploads\/2016\/09\/aplicacion-practica-650x366.jpg 650w, https:\/\/www.eldigitaldeasturias.com\/noticias\/wp-content\/uploads\/2016\/09\/aplicacion-practica.jpg 720w\" sizes=\"auto, (max-width: 360px) 100vw, 360px\" \/>Muchos emprendedores toman el inicio del mes de septiembre como un punto de inflexi\u00f3n para marcar nuevos retos en el negocio. \u00bfEst\u00e1s en una fase en la que quieres que tu negocio crezca? Es recomendable que dividas cada a\u00f1o en cuatro trimestres para estructurar tu plan de negocio en cuatro secciones. En Empresariados, dan estos cinco consejos \u00fatiles que se pueden practicar a partir de ahora.<\/p>\n<p><strong>Cu\u00e1l es el punto de partida<\/strong><\/p>\n<p>Para llegar al punto deseado es importante que definas cu\u00e1l es el marco presente de la empresa con los datos m\u00e1s objetivos posibles. La verdadera evoluci\u00f3n surge a partir de una situaci\u00f3n presente realista del mapa de tu empresa.<\/p>\n<p><strong>Objetivo SMART<\/strong><\/p>\n<p>Para concretar la hoja de ruta a seguir en el negocio aseg\u00farate de que el objetivo sigue el criterio SMART. Este acr\u00f3nimo re\u00fane la esencia de los siguientes criterios: espec\u00edfico, medible, realista y alcanzable. Estos son los valores que tiene que cumplir un objetivo constructivo.<\/p>\n<p><strong>Invertir en innovaci\u00f3n<\/strong><\/p>\n<p>El presupuesto de una empresa debe estar orientado a la la inversi\u00f3n en distintos \u00e1mbitos. Uno de los m\u00e1s importantes es la innovaci\u00f3n que es inherente al propio crecimiento empresarial.<\/p>\n<p><strong>Invierte en marketing de contenidos<\/strong><\/p>\n<p>Esta es una de las mejores herramientas de marketing para mejorar el posicionamiento del negocio a trav\u00e9s de contenidos interesantes. Una de las ventajas de este contenido es que resulta f\u00e1cilmente compartido en las redes sociales.<\/p>\n<p><strong>Fomenta el outsourcing<\/strong><\/p>\n<p>Puedes externalizar algunos servicios, por ejemplo, los recursos humanos del negocio. O los servicios de inform\u00e1tica. Estos servicios no solo resultan m\u00e1s econ\u00f3micos sino que incluso, mejoran la gesti\u00f3n.<\/p>\n<p><strong>Aplicaci\u00f3n pr\u00e1ctica de la teor\u00eda<\/strong><\/p>\n<p>Esta es una condici\u00f3n esencial para la evoluci\u00f3n de un negocio. Es decir, aplica en la experiencia la informaci\u00f3n te\u00f3rica. Un negocio avanza cuando consigues dar una direcci\u00f3n eficaz a tus mejores ideas.<\/p>\n<p><em>El contenido de este comunicado fue publicado primero en la web de Empresariados<\/em><\/p>\n<p>FUENTE COMUNICAE<\/p>\n","protected":false},"excerpt":{"rendered":"<p>Muchos emprendedores toman el inicio del mes de septiembre como un punto de inflexi\u00f3n para marcar nuevos retos en el negocio. \u00bfEst\u00e1s en una fase en la que quieres que tu negocio crezca? Es recomendable que dividas cada a\u00f1o en cuatro trimestres para estructurar tu plan de negocio en cuatro secciones. En Empresariados, dan estos [&hellip;]<\/p>\n","protected":false},"author":1,"featured_media":906227,"comment_status":"closed","ping_status":"closed","sticky":false,"template":"","format":"standard","meta":{"footnotes":""},"categories":[1],"tags":[],"class_list":["post-906226","post","type-post","status-publish","format-standard","has-post-thumbnail","hentry","category-actualidad"],"aioseo_notices":[],"aioseo_head":"\n\t\t<!-- All in One SEO Pro 4.9.6.2 - aioseo.com -->\n\t<meta name=\"description\" content=\"Muchos emprendedores toman el inicio del mes de septiembre como un punto de inflexi\u00f3n para marcar nuevos retos en el negocio. \u00bfEst\u00e1s en una fase en la que quieres que tu negocio crezca? Es recomendable que dividas cada a\u00f1o en cuatro trimestres para estructurar tu plan de negocio en cuatro secciones. En Empresariados, dan estos\" \/>\n\t<meta name=\"robots\" content=\"max-image-preview:large\" \/>\n\t<meta name=\"author\" content=\"El Digital de Asturias\"\/>\n\t<meta name=\"google-site-verification\" content=\"UA-38556648-1\" \/>\n\t<meta name=\"msvalidate.01\" content=\"7dfe9f3f1b24437ab69f4f2559babe99\" \/>\n\t<meta name=\"keywords\" content=\"actualidad\" \/>\n\t<link rel=\"canonical\" href=\"https:\/\/www.eldigitaldeasturias.com\/noticias\/septiembre-un-mes-para-hacer-crecer-el-negocio\/\" \/>\n\t<meta name=\"generator\" content=\"All in One SEO Pro (AIOSEO) 4.9.6.2\" \/>\n\t\t<meta property=\"og:locale\" content=\"es_ES\" \/>\n\t\t<meta property=\"og:site_name\" content=\"El Digital de Asturias\" \/>\n\t\t<meta property=\"og:type\" content=\"article\" \/>\n\t\t<meta property=\"og:title\" content=\"Septiembre, un mes para hacer crecer el negocio - El Digital de Asturias\" \/>\n\t\t<meta property=\"og:description\" content=\"Muchos emprendedores toman el inicio del mes de septiembre como un punto de inflexi\u00f3n para marcar nuevos retos en el negocio. \u00bfEst\u00e1s en una fase en la que quieres que tu negocio crezca? Es recomendable que dividas cada a\u00f1o en cuatro trimestres para estructurar tu plan de negocio en cuatro secciones. En Empresariados, dan estos\" \/>\n\t\t<meta property=\"og:url\" content=\"https:\/\/www.eldigitaldeasturias.com\/noticias\/septiembre-un-mes-para-hacer-crecer-el-negocio\/\" \/>\n\t\t<meta property=\"og:image\" content=\"https:\/\/www.eldigitaldeasturias.com\/noticias\/wp-content\/uploads\/2016\/09\/aplicacion-practica.jpg\" \/>\n\t\t<meta property=\"og:image:secure_url\" content=\"https:\/\/www.eldigitaldeasturias.com\/noticias\/wp-content\/uploads\/2016\/09\/aplicacion-practica.jpg\" \/>\n\t\t<meta property=\"og:image:width\" content=\"720\" \/>\n\t\t<meta property=\"og:image:height\" content=\"405\" \/>\n\t\t<meta property=\"article:tag\" content=\"actualidad\" \/>\n\t\t<meta property=\"article:published_time\" content=\"2016-09-07T00:02:43+00:00\" \/>\n\t\t<meta property=\"article:modified_time\" content=\"2016-09-07T00:02:43+00:00\" \/>\n\t\t<meta property=\"article:publisher\" content=\"https:\/\/facebook.com\/eldigitaldeasturias\" \/>\n\t\t<meta name=\"twitter:card\" content=\"summary_large_image\" \/>\n\t\t<meta name=\"twitter:title\" content=\"Septiembre, un mes para hacer crecer el negocio - El Digital de Asturias\" \/>\n\t\t<meta name=\"twitter:description\" content=\"Muchos emprendedores toman el inicio del mes de septiembre como un punto de inflexi\u00f3n para marcar nuevos retos en el negocio. \u00bfEst\u00e1s en una fase en la que quieres que tu negocio crezca? Es recomendable que dividas cada a\u00f1o en cuatro trimestres para estructurar tu plan de negocio en cuatro secciones. En Empresariados, dan estos\" \/>\n\t\t<meta name=\"twitter:image\" content=\"https:\/\/www.eldigitaldeasturias.com\/noticias\/wp-content\/uploads\/2016\/09\/aplicacion-practica.jpg\" \/>\n\t\t<meta name=\"twitter:label1\" content=\"Escrito por\" \/>\n\t\t<meta name=\"twitter:data1\" content=\"El Digital de Asturias\" \/>\n\t\t<meta name=\"twitter:label2\" content=\"Tiempo de lectura estimado\" \/>\n\t\t<meta name=\"twitter:data2\" content=\"2 minutos\" \/>\n\t\t<script type=\"application\/ld+json\" class=\"aioseo-schema\">\n\t\t\t{\"@context\":\"https:\\\/\\\/schema.org\",\"@graph\":[{\"@type\":\"BlogPosting\",\"@id\":\"https:\\\/\\\/www.eldigitaldeasturias.com\\\/noticias\\\/septiembre-un-mes-para-hacer-crecer-el-negocio\\\/#blogposting\",\"name\":\"Septiembre, un mes para hacer crecer el negocio - El Digital de Asturias\",\"headline\":\"Septiembre, un mes para hacer crecer el negocio\",\"author\":{\"@id\":\"https:\\\/\\\/www.eldigitaldeasturias.com\\\/noticias\\\/author\\\/admin\\\/#author\"},\"publisher\":{\"@id\":\"https:\\\/\\\/www.eldigitaldeasturias.com\\\/noticias\\\/#organization\"},\"image\":{\"@type\":\"ImageObject\",\"url\":\"https:\\\/\\\/www.eldigitaldeasturias.com\\\/noticias\\\/wp-content\\\/uploads\\\/2016\\\/09\\\/aplicacion-practica.jpg\",\"width\":720,\"height\":405},\"datePublished\":\"2016-09-07T01:02:43+02:00\",\"dateModified\":\"2016-09-07T01:02:43+02:00\",\"inLanguage\":\"es-ES\",\"mainEntityOfPage\":{\"@id\":\"https:\\\/\\\/www.eldigitaldeasturias.com\\\/noticias\\\/septiembre-un-mes-para-hacer-crecer-el-negocio\\\/#webpage\"},\"isPartOf\":{\"@id\":\"https:\\\/\\\/www.eldigitaldeasturias.com\\\/noticias\\\/septiembre-un-mes-para-hacer-crecer-el-negocio\\\/#webpage\"},\"articleSection\":\"Actualidad\"},{\"@type\":\"BreadcrumbList\",\"@id\":\"https:\\\/\\\/www.eldigitaldeasturias.com\\\/noticias\\\/septiembre-un-mes-para-hacer-crecer-el-negocio\\\/#breadcrumblist\",\"itemListElement\":[{\"@type\":\"ListItem\",\"@id\":\"https:\\\/\\\/www.eldigitaldeasturias.com\\\/noticias#listItem\",\"position\":1,\"name\":\"Home\",\"item\":\"https:\\\/\\\/www.eldigitaldeasturias.com\\\/noticias\",\"nextItem\":{\"@type\":\"ListItem\",\"@id\":\"https:\\\/\\\/www.eldigitaldeasturias.com\\\/noticias\\\/category\\\/actualidad\\\/#listItem\",\"name\":\"Actualidad\"}},{\"@type\":\"ListItem\",\"@id\":\"https:\\\/\\\/www.eldigitaldeasturias.com\\\/noticias\\\/category\\\/actualidad\\\/#listItem\",\"position\":2,\"name\":\"Actualidad\",\"item\":\"https:\\\/\\\/www.eldigitaldeasturias.com\\\/noticias\\\/category\\\/actualidad\\\/\",\"nextItem\":{\"@type\":\"ListItem\",\"@id\":\"https:\\\/\\\/www.eldigitaldeasturias.com\\\/noticias\\\/septiembre-un-mes-para-hacer-crecer-el-negocio\\\/#listItem\",\"name\":\"Septiembre, un mes para hacer crecer el negocio\"},\"previousItem\":{\"@type\":\"ListItem\",\"@id\":\"https:\\\/\\\/www.eldigitaldeasturias.com\\\/noticias#listItem\",\"name\":\"Home\"}},{\"@type\":\"ListItem\",\"@id\":\"https:\\\/\\\/www.eldigitaldeasturias.com\\\/noticias\\\/septiembre-un-mes-para-hacer-crecer-el-negocio\\\/#listItem\",\"position\":3,\"name\":\"Septiembre, un mes para hacer crecer el negocio\",\"previousItem\":{\"@type\":\"ListItem\",\"@id\":\"https:\\\/\\\/www.eldigitaldeasturias.com\\\/noticias\\\/category\\\/actualidad\\\/#listItem\",\"name\":\"Actualidad\"}}]},{\"@type\":\"Organization\",\"@id\":\"https:\\\/\\\/www.eldigitaldeasturias.com\\\/noticias\\\/#organization\",\"name\":\"El Digital de Asturias\",\"description\":\"Hemeroteca\",\"url\":\"https:\\\/\\\/www.eldigitaldeasturias.com\\\/noticias\\\/\",\"email\":\"info@eldigitaldeasturias.com\",\"telephone\":\"+34652131393\",\"logo\":{\"@type\":\"ImageObject\",\"url\":\"https:\\\/\\\/www.eldigitaldeasturias.com\\\/noticias\\\/wp-content\\\/uploads\\\/2020\\\/12\\\/EDA.jpg\",\"@id\":\"https:\\\/\\\/www.eldigitaldeasturias.com\\\/noticias\\\/septiembre-un-mes-para-hacer-crecer-el-negocio\\\/#organizationLogo\",\"width\":649,\"height\":297},\"image\":{\"@id\":\"https:\\\/\\\/www.eldigitaldeasturias.com\\\/noticias\\\/septiembre-un-mes-para-hacer-crecer-el-negocio\\\/#organizationLogo\"},\"sameAs\":[\"https:\\\/\\\/facebook.com\\\/eldigitaldeasturias\",\"https:\\\/\\\/www.youtube.com\\\/channel\\\/UCZP-2wLEB9Rv6erhFmqVnvg\"],\"address\":{\"@id\":\"https:\\\/\\\/www.eldigitaldeasturias.com\\\/noticias\\\/#postaladdress\",\"@type\":\"PostalAddress\",\"streetAddress\":\"san antonio 4,\",\"postalCode\":\"33430\",\"addressLocality\":\"Cand\\u00e1s\",\"addressRegion\":\"Asturias\",\"addressCountry\":\"ES\"}},{\"@type\":\"Person\",\"@id\":\"https:\\\/\\\/www.eldigitaldeasturias.com\\\/noticias\\\/author\\\/admin\\\/#author\",\"url\":\"https:\\\/\\\/www.eldigitaldeasturias.com\\\/noticias\\\/author\\\/admin\\\/\",\"name\":\"El Digital de Asturias\",\"image\":{\"@type\":\"ImageObject\",\"@id\":\"https:\\\/\\\/www.eldigitaldeasturias.com\\\/noticias\\\/septiembre-un-mes-para-hacer-crecer-el-negocio\\\/#authorImage\",\"url\":\"https:\\\/\\\/www.eldigitaldeasturias.com\\\/noticias\\\/wp-content\\\/litespeed\\\/avatar\\\/18677e78aa0546b92d9dbf31ec7d7668.jpg?ver=1777290358\",\"width\":96,\"height\":96,\"caption\":\"El Digital de Asturias\"}},{\"@type\":\"WebPage\",\"@id\":\"https:\\\/\\\/www.eldigitaldeasturias.com\\\/noticias\\\/septiembre-un-mes-para-hacer-crecer-el-negocio\\\/#webpage\",\"url\":\"https:\\\/\\\/www.eldigitaldeasturias.com\\\/noticias\\\/septiembre-un-mes-para-hacer-crecer-el-negocio\\\/\",\"name\":\"Septiembre, un mes para hacer crecer el negocio - El Digital de Asturias\",\"description\":\"Muchos emprendedores toman el inicio del mes de septiembre como un punto de inflexi\\u00f3n para marcar nuevos retos en el negocio. \\u00bfEst\\u00e1s en una fase en la que quieres que tu negocio crezca? Es recomendable que dividas cada a\\u00f1o en cuatro trimestres para estructurar tu plan de negocio en cuatro secciones. En Empresariados, dan estos\",\"inLanguage\":\"es-ES\",\"isPartOf\":{\"@id\":\"https:\\\/\\\/www.eldigitaldeasturias.com\\\/noticias\\\/#website\"},\"breadcrumb\":{\"@id\":\"https:\\\/\\\/www.eldigitaldeasturias.com\\\/noticias\\\/septiembre-un-mes-para-hacer-crecer-el-negocio\\\/#breadcrumblist\"},\"author\":{\"@id\":\"https:\\\/\\\/www.eldigitaldeasturias.com\\\/noticias\\\/author\\\/admin\\\/#author\"},\"creator\":{\"@id\":\"https:\\\/\\\/www.eldigitaldeasturias.com\\\/noticias\\\/author\\\/admin\\\/#author\"},\"image\":{\"@type\":\"ImageObject\",\"url\":\"https:\\\/\\\/www.eldigitaldeasturias.com\\\/noticias\\\/wp-content\\\/uploads\\\/2016\\\/09\\\/aplicacion-practica.jpg\",\"@id\":\"https:\\\/\\\/www.eldigitaldeasturias.com\\\/noticias\\\/septiembre-un-mes-para-hacer-crecer-el-negocio\\\/#mainImage\",\"width\":720,\"height\":405},\"primaryImageOfPage\":{\"@id\":\"https:\\\/\\\/www.eldigitaldeasturias.com\\\/noticias\\\/septiembre-un-mes-para-hacer-crecer-el-negocio\\\/#mainImage\"},\"datePublished\":\"2016-09-07T01:02:43+02:00\",\"dateModified\":\"2016-09-07T01:02:43+02:00\"},{\"@type\":\"WebSite\",\"@id\":\"https:\\\/\\\/www.eldigitaldeasturias.com\\\/noticias\\\/#website\",\"url\":\"https:\\\/\\\/www.eldigitaldeasturias.com\\\/noticias\\\/\",\"name\":\"El Digital de Asturias - Diario de actualidad y noticias\",\"alternateName\":\"El Digital de Asturias - Diario de actualidad y noticias\",\"description\":\"Hemeroteca\",\"inLanguage\":\"es-ES\",\"publisher\":{\"@id\":\"https:\\\/\\\/www.eldigitaldeasturias.com\\\/noticias\\\/#organization\"}}]}\n\t\t<\/script>\n\t\t<!-- All in One SEO Pro -->\r\n\t\t<title>Septiembre, un mes para hacer crecer el negocio - El Digital de Asturias<\/title>\n\n","aioseo_head_json":{"title":"Septiembre, un mes para hacer crecer el negocio - El Digital de Asturias","description":"Muchos emprendedores toman el inicio del mes de septiembre como un punto de inflexi\u00f3n para marcar nuevos retos en el negocio. \u00bfEst\u00e1s en una fase en la que quieres que tu negocio crezca? Es recomendable que dividas cada a\u00f1o en cuatro trimestres para estructurar tu plan de negocio en cuatro secciones. En Empresariados, dan estos","canonical_url":"https:\/\/www.eldigitaldeasturias.com\/noticias\/septiembre-un-mes-para-hacer-crecer-el-negocio\/","robots":"max-image-preview:large","keywords":"actualidad","webmasterTools":{"google-site-verification":"UA-38556648-1","msvalidate.01":"7dfe9f3f1b24437ab69f4f2559babe99","miscellaneous":""},"schema":{"@context":"https:\/\/schema.org","@graph":[{"@type":"BlogPosting","@id":"https:\/\/www.eldigitaldeasturias.com\/noticias\/septiembre-un-mes-para-hacer-crecer-el-negocio\/#blogposting","name":"Septiembre, un mes para hacer crecer el negocio - El Digital de Asturias","headline":"Septiembre, un mes para hacer crecer el negocio","author":{"@id":"https:\/\/www.eldigitaldeasturias.com\/noticias\/author\/admin\/#author"},"publisher":{"@id":"https:\/\/www.eldigitaldeasturias.com\/noticias\/#organization"},"image":{"@type":"ImageObject","url":"https:\/\/www.eldigitaldeasturias.com\/noticias\/wp-content\/uploads\/2016\/09\/aplicacion-practica.jpg","width":720,"height":405},"datePublished":"2016-09-07T01:02:43+02:00","dateModified":"2016-09-07T01:02:43+02:00","inLanguage":"es-ES","mainEntityOfPage":{"@id":"https:\/\/www.eldigitaldeasturias.com\/noticias\/septiembre-un-mes-para-hacer-crecer-el-negocio\/#webpage"},"isPartOf":{"@id":"https:\/\/www.eldigitaldeasturias.com\/noticias\/septiembre-un-mes-para-hacer-crecer-el-negocio\/#webpage"},"articleSection":"Actualidad"},{"@type":"BreadcrumbList","@id":"https:\/\/www.eldigitaldeasturias.com\/noticias\/septiembre-un-mes-para-hacer-crecer-el-negocio\/#breadcrumblist","itemListElement":[{"@type":"ListItem","@id":"https:\/\/www.eldigitaldeasturias.com\/noticias#listItem","position":1,"name":"Home","item":"https:\/\/www.eldigitaldeasturias.com\/noticias","nextItem":{"@type":"ListItem","@id":"https:\/\/www.eldigitaldeasturias.com\/noticias\/category\/actualidad\/#listItem","name":"Actualidad"}},{"@type":"ListItem","@id":"https:\/\/www.eldigitaldeasturias.com\/noticias\/category\/actualidad\/#listItem","position":2,"name":"Actualidad","item":"https:\/\/www.eldigitaldeasturias.com\/noticias\/category\/actualidad\/","nextItem":{"@type":"ListItem","@id":"https:\/\/www.eldigitaldeasturias.com\/noticias\/septiembre-un-mes-para-hacer-crecer-el-negocio\/#listItem","name":"Septiembre, un mes para hacer crecer el negocio"},"previousItem":{"@type":"ListItem","@id":"https:\/\/www.eldigitaldeasturias.com\/noticias#listItem","name":"Home"}},{"@type":"ListItem","@id":"https:\/\/www.eldigitaldeasturias.com\/noticias\/septiembre-un-mes-para-hacer-crecer-el-negocio\/#listItem","position":3,"name":"Septiembre, un mes para hacer crecer el negocio","previousItem":{"@type":"ListItem","@id":"https:\/\/www.eldigitaldeasturias.com\/noticias\/category\/actualidad\/#listItem","name":"Actualidad"}}]},{"@type":"Organization","@id":"https:\/\/www.eldigitaldeasturias.com\/noticias\/#organization","name":"El Digital de Asturias","description":"Hemeroteca","url":"https:\/\/www.eldigitaldeasturias.com\/noticias\/","email":"info@eldigitaldeasturias.com","telephone":"+34652131393","logo":{"@type":"ImageObject","url":"https:\/\/www.eldigitaldeasturias.com\/noticias\/wp-content\/uploads\/2020\/12\/EDA.jpg","@id":"https:\/\/www.eldigitaldeasturias.com\/noticias\/septiembre-un-mes-para-hacer-crecer-el-negocio\/#organizationLogo","width":649,"height":297},"image":{"@id":"https:\/\/www.eldigitaldeasturias.com\/noticias\/septiembre-un-mes-para-hacer-crecer-el-negocio\/#organizationLogo"},"sameAs":["https:\/\/facebook.com\/eldigitaldeasturias","https:\/\/www.youtube.com\/channel\/UCZP-2wLEB9Rv6erhFmqVnvg"],"address":{"@id":"https:\/\/www.eldigitaldeasturias.com\/noticias\/#postaladdress","@type":"PostalAddress","streetAddress":"san antonio 4,","postalCode":"33430","addressLocality":"Cand\u00e1s","addressRegion":"Asturias","addressCountry":"ES"}},{"@type":"Person","@id":"https:\/\/www.eldigitaldeasturias.com\/noticias\/author\/admin\/#author","url":"https:\/\/www.eldigitaldeasturias.com\/noticias\/author\/admin\/","name":"El Digital de Asturias","image":{"@type":"ImageObject","@id":"https:\/\/www.eldigitaldeasturias.com\/noticias\/septiembre-un-mes-para-hacer-crecer-el-negocio\/#authorImage","url":"https:\/\/www.eldigitaldeasturias.com\/noticias\/wp-content\/litespeed\/avatar\/18677e78aa0546b92d9dbf31ec7d7668.jpg?ver=1777290358","width":96,"height":96,"caption":"El Digital de Asturias"}},{"@type":"WebPage","@id":"https:\/\/www.eldigitaldeasturias.com\/noticias\/septiembre-un-mes-para-hacer-crecer-el-negocio\/#webpage","url":"https:\/\/www.eldigitaldeasturias.com\/noticias\/septiembre-un-mes-para-hacer-crecer-el-negocio\/","name":"Septiembre, un mes para hacer crecer el negocio - El Digital de Asturias","description":"Muchos emprendedores toman el inicio del mes de septiembre como un punto de inflexi\u00f3n para marcar nuevos retos en el negocio. \u00bfEst\u00e1s en una fase en la que quieres que tu negocio crezca? Es recomendable que dividas cada a\u00f1o en cuatro trimestres para estructurar tu plan de negocio en cuatro secciones. En Empresariados, dan estos","inLanguage":"es-ES","isPartOf":{"@id":"https:\/\/www.eldigitaldeasturias.com\/noticias\/#website"},"breadcrumb":{"@id":"https:\/\/www.eldigitaldeasturias.com\/noticias\/septiembre-un-mes-para-hacer-crecer-el-negocio\/#breadcrumblist"},"author":{"@id":"https:\/\/www.eldigitaldeasturias.com\/noticias\/author\/admin\/#author"},"creator":{"@id":"https:\/\/www.eldigitaldeasturias.com\/noticias\/author\/admin\/#author"},"image":{"@type":"ImageObject","url":"https:\/\/www.eldigitaldeasturias.com\/noticias\/wp-content\/uploads\/2016\/09\/aplicacion-practica.jpg","@id":"https:\/\/www.eldigitaldeasturias.com\/noticias\/septiembre-un-mes-para-hacer-crecer-el-negocio\/#mainImage","width":720,"height":405},"primaryImageOfPage":{"@id":"https:\/\/www.eldigitaldeasturias.com\/noticias\/septiembre-un-mes-para-hacer-crecer-el-negocio\/#mainImage"},"datePublished":"2016-09-07T01:02:43+02:00","dateModified":"2016-09-07T01:02:43+02:00"},{"@type":"WebSite","@id":"https:\/\/www.eldigitaldeasturias.com\/noticias\/#website","url":"https:\/\/www.eldigitaldeasturias.com\/noticias\/","name":"El Digital de Asturias - Diario de actualidad y noticias","alternateName":"El Digital de Asturias - Diario de actualidad y noticias","description":"Hemeroteca","inLanguage":"es-ES","publisher":{"@id":"https:\/\/www.eldigitaldeasturias.com\/noticias\/#organization"}}]},"og:locale":"es_ES","og:site_name":"El Digital de Asturias","og:type":"article","og:title":"Septiembre, un mes para hacer crecer el negocio - El Digital de Asturias","og:description":"Muchos emprendedores toman el inicio del mes de septiembre como un punto de inflexi\u00f3n para marcar nuevos retos en el negocio. \u00bfEst\u00e1s en una fase en la que quieres que tu negocio crezca? Es recomendable que dividas cada a\u00f1o en cuatro trimestres para estructurar tu plan de negocio en cuatro secciones. En Empresariados, dan estos","og:url":"https:\/\/www.eldigitaldeasturias.com\/noticias\/septiembre-un-mes-para-hacer-crecer-el-negocio\/","og:image":"https:\/\/www.eldigitaldeasturias.com\/noticias\/wp-content\/uploads\/2016\/09\/aplicacion-practica.jpg","og:image:secure_url":"https:\/\/www.eldigitaldeasturias.com\/noticias\/wp-content\/uploads\/2016\/09\/aplicacion-practica.jpg","og:image:width":720,"og:image:height":405,"article:tag":["actualidad"],"article:published_time":"2016-09-07T00:02:43+00:00","article:modified_time":"2016-09-07T00:02:43+00:00","article:publisher":"https:\/\/facebook.com\/eldigitaldeasturias","twitter:card":"summary_large_image","twitter:title":"Septiembre, un mes para hacer crecer el negocio - El Digital de Asturias","twitter:description":"Muchos emprendedores toman el inicio del mes de septiembre como un punto de inflexi\u00f3n para marcar nuevos retos en el negocio. \u00bfEst\u00e1s en una fase en la que quieres que tu negocio crezca? Es recomendable que dividas cada a\u00f1o en cuatro trimestres para estructurar tu plan de negocio en cuatro secciones. En Empresariados, dan estos","twitter:image":"https:\/\/www.eldigitaldeasturias.com\/noticias\/wp-content\/uploads\/2016\/09\/aplicacion-practica.jpg","twitter:label1":"Escrito por","twitter:data1":"El Digital de Asturias","twitter:label2":"Tiempo de lectura estimado","twitter:data2":"2 minutos"},"aioseo_meta_data":{"post_id":"906226","title":null,"description":null,"keywords":null,"keyphrases":null,"primary_term":null,"canonical_url":null,"og_title":null,"og_description":null,"og_object_type":"default","og_image_type":"default","og_image_url":null,"og_image_width":null,"og_image_height":null,"og_image_custom_url":null,"og_image_custom_fields":null,"og_video":null,"og_custom_url":null,"og_article_section":null,"og_article_tags":null,"twitter_use_og":false,"twitter_card":"default","twitter_image_type":"default","twitter_image_url":null,"twitter_image_custom_url":null,"twitter_image_custom_fields":null,"twitter_title":null,"twitter_description":null,"schema":{"blockGraphs":[],"customGraphs":[],"default":{"data":{"Article":[],"Course":[],"Dataset":[],"FAQPage":[],"Movie":[],"Person":[],"Product":[],"ProductReview":[],"Car":[],"Recipe":[],"Service":[],"SoftwareApplication":[],"WebPage":[]},"graphName":"","isEnabled":true},"graphs":[],"defaultGraph":"","defaultPostTypeGraph":""},"schema_type":null,"schema_type_options":null,"pillar_content":false,"robots_default":true,"robots_noindex":false,"robots_noarchive":false,"robots_nosnippet":false,"robots_nofollow":false,"robots_noimageindex":false,"robots_noodp":false,"robots_notranslate":false,"robots_max_snippet":null,"robots_max_videopreview":null,"robots_max_imagepreview":"large","priority":null,"frequency":null,"local_seo":null,"seo_analyzer_scan_date":"2025-11-30 08:18:23","breadcrumb_settings":null,"limit_modified_date":false,"open_ai":null,"ai":null,"created":"2020-12-21 14:01:57","updated":"2025-11-30 08:18:23"},"aioseo_breadcrumb":"<div class=\"aioseo-breadcrumbs\"><span class=\"aioseo-breadcrumb\">\n\t<a href=\"https:\/\/www.eldigitaldeasturias.com\/noticias\" title=\"Home\">Home<\/a>\n<\/span><span class=\"aioseo-breadcrumb-separator\">\u2013<\/span><span class=\"aioseo-breadcrumb\">\n\t<a href=\"https:\/\/www.eldigitaldeasturias.com\/noticias\/category\/actualidad\/\" title=\"Actualidad\">Actualidad<\/a>\n<\/span><span class=\"aioseo-breadcrumb-separator\">\u2013<\/span><span class=\"aioseo-breadcrumb\">\n\t<a href=\"https:\/\/www.eldigitaldeasturias.com\/noticias\/septiembre-un-mes-para-hacer-crecer-el-negocio\/\" title=\"Septiembre, un mes para hacer crecer el negocio\">Septiembre, un mes para hacer crecer el negocio<\/a>\n<\/span><\/div>","aioseo_breadcrumb_json":[{"label":"Home","link":"https:\/\/www.eldigitaldeasturias.com\/noticias"},{"label":"Actualidad","link":"https:\/\/www.eldigitaldeasturias.com\/noticias\/category\/actualidad\/"},{"label":"Septiembre, un mes para hacer crecer el negocio","link":"https:\/\/www.eldigitaldeasturias.com\/noticias\/septiembre-un-mes-para-hacer-crecer-el-negocio\/"}],"_links":{"self":[{"href":"https:\/\/www.eldigitaldeasturias.com\/noticias\/wp-json\/wp\/v2\/posts\/906226","targetHints":{"allow":["GET"]}}],"collection":[{"href":"https:\/\/www.eldigitaldeasturias.com\/noticias\/wp-json\/wp\/v2\/posts"}],"about":[{"href":"https:\/\/www.eldigitaldeasturias.com\/noticias\/wp-json\/wp\/v2\/types\/post"}],"author":[{"embeddable":true,"href":"https:\/\/www.eldigitaldeasturias.com\/noticias\/wp-json\/wp\/v2\/users\/1"}],"replies":[{"embeddable":true,"href":"https:\/\/www.eldigitaldeasturias.com\/noticias\/wp-json\/wp\/v2\/comments?post=906226"}],"version-history":[{"count":0,"href":"https:\/\/www.eldigitaldeasturias.com\/noticias\/wp-json\/wp\/v2\/posts\/906226\/revisions"}],"wp:featuredmedia":[{"embeddable":true,"href":"https:\/\/www.eldigitaldeasturias.com\/noticias\/wp-json\/wp\/v2\/media\/906227"}],"wp:attachment":[{"href":"https:\/\/www.eldigitaldeasturias.com\/noticias\/wp-json\/wp\/v2\/media?parent=906226"}],"wp:term":[{"taxonomy":"category","embeddable":true,"href":"https:\/\/www.eldigitaldeasturias.com\/noticias\/wp-json\/wp\/v2\/categories?post=906226"},{"taxonomy":"post_tag","embeddable":true,"href":"https:\/\/www.eldigitaldeasturias.com\/noticias\/wp-json\/wp\/v2\/tags?post=906226"}],"curies":[{"name":"wp","href":"https:\/\/api.w.org\/{rel}","templated":true}]}}