{"id":906216,"date":"2016-09-07T00:28:18","date_gmt":"2016-09-06T23:28:18","guid":{"rendered":"http:\/\/www.eldigitaldeasturias.com\/noticias\/?p=906216"},"modified":"2016-09-07T00:28:18","modified_gmt":"2016-09-06T23:28:18","slug":"ingresado-en-el-huca-un-marinero-tras-sufrir-un-accidente-laboral","status":"publish","type":"post","link":"https:\/\/www.eldigitaldeasturias.com\/noticias\/ingresado-en-el-huca-un-marinero-tras-sufrir-un-accidente-laboral\/","title":{"rendered":"Ingresado en el HUCA un marinero tras sufrir un accidente laboral"},"content":{"rendered":"<p><img loading=\"lazy\" decoding=\"async\" class=\"alignleft size-medium wp-image-900063\" src=\"https:\/\/www.eldigitaldeasturias.com\/noticias\/wp-content\/uploads\/2016\/07\/HUCA-360x204.jpg\" alt=\"HUCA\" width=\"360\" height=\"204\" srcset=\"https:\/\/www.eldigitaldeasturias.com\/noticias\/wp-content\/uploads\/2016\/07\/HUCA-360x204.jpg 360w, https:\/\/www.eldigitaldeasturias.com\/noticias\/wp-content\/uploads\/2016\/07\/HUCA-480x272.jpg 480w, https:\/\/www.eldigitaldeasturias.com\/noticias\/wp-content\/uploads\/2016\/07\/HUCA-768x435.jpg 768w, https:\/\/www.eldigitaldeasturias.com\/noticias\/wp-content\/uploads\/2016\/07\/HUCA-690x391.jpg 690w, https:\/\/www.eldigitaldeasturias.com\/noticias\/wp-content\/uploads\/2016\/07\/HUCA-20x11.jpg 20w, https:\/\/www.eldigitaldeasturias.com\/noticias\/wp-content\/uploads\/2016\/07\/HUCA.jpg 800w\" sizes=\"auto, (max-width: 360px) 100vw, 360px\" \/>Uno de los tripulantes de un barco ubicado en Avil\u00e9s ha tenido que ser trasladado al Hospital Universitario Central de Asturias tras sufrir un accidente laboral y destrozar uno de los brazos.<\/p>\n<p>Seg\u00fan los datos facilitados por el Servicio de Atenci\u00f3n M\u00e9dica Urgente (SAMU), en el primer caso el hombre presentaba un cuadro de &#8216;mano catastr\u00f3fica&#8217;.<\/p>\n<p>El Centro de Coordinaci\u00f3n de Emergencias recibi\u00f3 el aviso del primer accidente laboral a las 13.32 horas. La llamada la realiz\u00f3 la Autoridad Portuaria. En el aviso se explic\u00f3 que un tripulante de un barco presentaba un brazo destrozado. De inmediato se inform\u00f3 al SAMU que moviliz\u00f3 a la UVI-M\u00f3vil de Avil\u00e9s. Seg\u00fan las primeras versiones, al afectado le hab\u00eda ca\u00eddo una pieza en una mano y \u00e9sta estaba catastr\u00f3fica.<\/p>\n<p>&nbsp;<\/p>\n<p>&nbsp;<\/p>\n","protected":false},"excerpt":{"rendered":"<p>Uno de los tripulantes de un barco ubicado en Avil\u00e9s ha tenido que ser trasladado al Hospital Universitario Central de Asturias tras sufrir un accidente laboral y destrozar uno de los brazos. Seg\u00fan los datos facilitados por el Servicio de Atenci\u00f3n M\u00e9dica Urgente (SAMU), en el primer caso el hombre presentaba un cuadro de &#8216;mano [&hellip;]<\/p>\n","protected":false},"author":1,"featured_media":900063,"comment_status":"closed","ping_status":"closed","sticky":false,"template":"","format":"standard","meta":{"footnotes":""},"categories":[5],"tags":[],"class_list":["post-906216","post","type-post","status-publish","format-standard","has-post-thumbnail","hentry","category-sucesos"],"aioseo_notices":[],"aioseo_head":"\n\t\t<!-- All in One SEO Pro 4.9.6.2 - aioseo.com -->\n\t<meta name=\"description\" content=\"Uno de los tripulantes de un barco ubicado en Avil\u00e9s ha tenido que ser trasladado al Hospital Universitario Central de Asturias tras sufrir un accidente laboral y destrozar uno de los brazos. Seg\u00fan los datos facilitados por el Servicio de Atenci\u00f3n M\u00e9dica Urgente (SAMU), en el primer caso el hombre presentaba un cuadro de &#039;mano\" \/>\n\t<meta name=\"robots\" content=\"max-image-preview:large\" \/>\n\t<meta name=\"author\" content=\"El Digital de Asturias\"\/>\n\t<meta name=\"google-site-verification\" content=\"UA-38556648-1\" \/>\n\t<meta name=\"msvalidate.01\" content=\"7dfe9f3f1b24437ab69f4f2559babe99\" \/>\n\t<meta name=\"keywords\" content=\"sucesos\" \/>\n\t<link rel=\"canonical\" href=\"https:\/\/www.eldigitaldeasturias.com\/noticias\/ingresado-en-el-huca-un-marinero-tras-sufrir-un-accidente-laboral\/\" \/>\n\t<meta name=\"generator\" content=\"All in One SEO Pro (AIOSEO) 4.9.6.2\" \/>\n\t\t<meta property=\"og:locale\" content=\"es_ES\" \/>\n\t\t<meta property=\"og:site_name\" content=\"El Digital de Asturias\" \/>\n\t\t<meta property=\"og:type\" content=\"article\" \/>\n\t\t<meta property=\"og:title\" content=\"Ingresado en el HUCA un marinero tras sufrir un accidente laboral - El Digital de Asturias\" \/>\n\t\t<meta property=\"og:description\" content=\"Uno de los tripulantes de un barco ubicado en Avil\u00e9s ha tenido que ser trasladado al Hospital Universitario Central de Asturias tras sufrir un accidente laboral y destrozar uno de los brazos. Seg\u00fan los datos facilitados por el Servicio de Atenci\u00f3n M\u00e9dica Urgente (SAMU), en el primer caso el hombre presentaba un cuadro de &#039;mano\" \/>\n\t\t<meta property=\"og:url\" content=\"https:\/\/www.eldigitaldeasturias.com\/noticias\/ingresado-en-el-huca-un-marinero-tras-sufrir-un-accidente-laboral\/\" \/>\n\t\t<meta property=\"og:image\" content=\"https:\/\/www.eldigitaldeasturias.com\/noticias\/wp-content\/uploads\/2016\/07\/HUCA.jpg\" \/>\n\t\t<meta property=\"og:image:secure_url\" content=\"https:\/\/www.eldigitaldeasturias.com\/noticias\/wp-content\/uploads\/2016\/07\/HUCA.jpg\" \/>\n\t\t<meta property=\"og:image:width\" content=\"800\" \/>\n\t\t<meta property=\"og:image:height\" content=\"453\" \/>\n\t\t<meta property=\"article:tag\" content=\"sucesos\" \/>\n\t\t<meta property=\"article:published_time\" content=\"2016-09-06T23:28:18+00:00\" \/>\n\t\t<meta property=\"article:modified_time\" content=\"2016-09-06T23:28:18+00:00\" \/>\n\t\t<meta property=\"article:publisher\" content=\"https:\/\/facebook.com\/eldigitaldeasturias\" \/>\n\t\t<meta name=\"twitter:card\" content=\"summary_large_image\" \/>\n\t\t<meta name=\"twitter:title\" content=\"Ingresado en el HUCA un marinero tras sufrir un accidente laboral - El Digital de Asturias\" \/>\n\t\t<meta name=\"twitter:description\" content=\"Uno de los tripulantes de un barco ubicado en Avil\u00e9s ha tenido que ser trasladado al Hospital Universitario Central de Asturias tras sufrir un accidente laboral y destrozar uno de los brazos. Seg\u00fan los datos facilitados por el Servicio de Atenci\u00f3n M\u00e9dica Urgente (SAMU), en el primer caso el hombre presentaba un cuadro de &#039;mano\" \/>\n\t\t<meta name=\"twitter:image\" content=\"https:\/\/www.eldigitaldeasturias.com\/noticias\/wp-content\/uploads\/2016\/07\/HUCA.jpg\" \/>\n\t\t<meta name=\"twitter:label1\" content=\"Escrito por\" \/>\n\t\t<meta name=\"twitter:data1\" content=\"El Digital de Asturias\" \/>\n\t\t<meta name=\"twitter:label2\" content=\"Tiempo de lectura estimado\" \/>\n\t\t<meta name=\"twitter:data2\" content=\"1 minuto\" \/>\n\t\t<script type=\"application\/ld+json\" class=\"aioseo-schema\">\n\t\t\t{\"@context\":\"https:\\\/\\\/schema.org\",\"@graph\":[{\"@type\":\"BlogPosting\",\"@id\":\"https:\\\/\\\/www.eldigitaldeasturias.com\\\/noticias\\\/ingresado-en-el-huca-un-marinero-tras-sufrir-un-accidente-laboral\\\/#blogposting\",\"name\":\"Ingresado en el HUCA un marinero tras sufrir un accidente laboral - El Digital de Asturias\",\"headline\":\"Ingresado en el HUCA un marinero tras sufrir un accidente laboral\",\"author\":{\"@id\":\"https:\\\/\\\/www.eldigitaldeasturias.com\\\/noticias\\\/author\\\/admin\\\/#author\"},\"publisher\":{\"@id\":\"https:\\\/\\\/www.eldigitaldeasturias.com\\\/noticias\\\/#organization\"},\"image\":{\"@type\":\"ImageObject\",\"url\":\"https:\\\/\\\/www.eldigitaldeasturias.com\\\/noticias\\\/wp-content\\\/uploads\\\/2016\\\/07\\\/HUCA.jpg\",\"width\":800,\"height\":453},\"datePublished\":\"2016-09-07T00:28:18+02:00\",\"dateModified\":\"2016-09-07T00:28:18+02:00\",\"inLanguage\":\"es-ES\",\"mainEntityOfPage\":{\"@id\":\"https:\\\/\\\/www.eldigitaldeasturias.com\\\/noticias\\\/ingresado-en-el-huca-un-marinero-tras-sufrir-un-accidente-laboral\\\/#webpage\"},\"isPartOf\":{\"@id\":\"https:\\\/\\\/www.eldigitaldeasturias.com\\\/noticias\\\/ingresado-en-el-huca-un-marinero-tras-sufrir-un-accidente-laboral\\\/#webpage\"},\"articleSection\":\"Sucesos\"},{\"@type\":\"BreadcrumbList\",\"@id\":\"https:\\\/\\\/www.eldigitaldeasturias.com\\\/noticias\\\/ingresado-en-el-huca-un-marinero-tras-sufrir-un-accidente-laboral\\\/#breadcrumblist\",\"itemListElement\":[{\"@type\":\"ListItem\",\"@id\":\"https:\\\/\\\/www.eldigitaldeasturias.com\\\/noticias#listItem\",\"position\":1,\"name\":\"Home\",\"item\":\"https:\\\/\\\/www.eldigitaldeasturias.com\\\/noticias\",\"nextItem\":{\"@type\":\"ListItem\",\"@id\":\"https:\\\/\\\/www.eldigitaldeasturias.com\\\/noticias\\\/category\\\/sucesos\\\/#listItem\",\"name\":\"Sucesos\"}},{\"@type\":\"ListItem\",\"@id\":\"https:\\\/\\\/www.eldigitaldeasturias.com\\\/noticias\\\/category\\\/sucesos\\\/#listItem\",\"position\":2,\"name\":\"Sucesos\",\"item\":\"https:\\\/\\\/www.eldigitaldeasturias.com\\\/noticias\\\/category\\\/sucesos\\\/\",\"nextItem\":{\"@type\":\"ListItem\",\"@id\":\"https:\\\/\\\/www.eldigitaldeasturias.com\\\/noticias\\\/ingresado-en-el-huca-un-marinero-tras-sufrir-un-accidente-laboral\\\/#listItem\",\"name\":\"Ingresado en el HUCA un marinero tras sufrir un accidente laboral\"},\"previousItem\":{\"@type\":\"ListItem\",\"@id\":\"https:\\\/\\\/www.eldigitaldeasturias.com\\\/noticias#listItem\",\"name\":\"Home\"}},{\"@type\":\"ListItem\",\"@id\":\"https:\\\/\\\/www.eldigitaldeasturias.com\\\/noticias\\\/ingresado-en-el-huca-un-marinero-tras-sufrir-un-accidente-laboral\\\/#listItem\",\"position\":3,\"name\":\"Ingresado en el HUCA un marinero tras sufrir un accidente laboral\",\"previousItem\":{\"@type\":\"ListItem\",\"@id\":\"https:\\\/\\\/www.eldigitaldeasturias.com\\\/noticias\\\/category\\\/sucesos\\\/#listItem\",\"name\":\"Sucesos\"}}]},{\"@type\":\"Organization\",\"@id\":\"https:\\\/\\\/www.eldigitaldeasturias.com\\\/noticias\\\/#organization\",\"name\":\"El Digital de Asturias\",\"description\":\"Hemeroteca\",\"url\":\"https:\\\/\\\/www.eldigitaldeasturias.com\\\/noticias\\\/\",\"email\":\"info@eldigitaldeasturias.com\",\"telephone\":\"+34652131393\",\"logo\":{\"@type\":\"ImageObject\",\"url\":\"https:\\\/\\\/www.eldigitaldeasturias.com\\\/noticias\\\/wp-content\\\/uploads\\\/2020\\\/12\\\/EDA.jpg\",\"@id\":\"https:\\\/\\\/www.eldigitaldeasturias.com\\\/noticias\\\/ingresado-en-el-huca-un-marinero-tras-sufrir-un-accidente-laboral\\\/#organizationLogo\",\"width\":649,\"height\":297},\"image\":{\"@id\":\"https:\\\/\\\/www.eldigitaldeasturias.com\\\/noticias\\\/ingresado-en-el-huca-un-marinero-tras-sufrir-un-accidente-laboral\\\/#organizationLogo\"},\"sameAs\":[\"https:\\\/\\\/facebook.com\\\/eldigitaldeasturias\",\"https:\\\/\\\/www.youtube.com\\\/channel\\\/UCZP-2wLEB9Rv6erhFmqVnvg\"],\"address\":{\"@id\":\"https:\\\/\\\/www.eldigitaldeasturias.com\\\/noticias\\\/#postaladdress\",\"@type\":\"PostalAddress\",\"streetAddress\":\"san antonio 4,\",\"postalCode\":\"33430\",\"addressLocality\":\"Cand\\u00e1s\",\"addressRegion\":\"Asturias\",\"addressCountry\":\"ES\"}},{\"@type\":\"Person\",\"@id\":\"https:\\\/\\\/www.eldigitaldeasturias.com\\\/noticias\\\/author\\\/admin\\\/#author\",\"url\":\"https:\\\/\\\/www.eldigitaldeasturias.com\\\/noticias\\\/author\\\/admin\\\/\",\"name\":\"El Digital de Asturias\",\"image\":{\"@type\":\"ImageObject\",\"@id\":\"https:\\\/\\\/www.eldigitaldeasturias.com\\\/noticias\\\/ingresado-en-el-huca-un-marinero-tras-sufrir-un-accidente-laboral\\\/#authorImage\",\"url\":\"https:\\\/\\\/www.eldigitaldeasturias.com\\\/noticias\\\/wp-content\\\/litespeed\\\/avatar\\\/18677e78aa0546b92d9dbf31ec7d7668.jpg?ver=1777290358\",\"width\":96,\"height\":96,\"caption\":\"El Digital de Asturias\"}},{\"@type\":\"WebPage\",\"@id\":\"https:\\\/\\\/www.eldigitaldeasturias.com\\\/noticias\\\/ingresado-en-el-huca-un-marinero-tras-sufrir-un-accidente-laboral\\\/#webpage\",\"url\":\"https:\\\/\\\/www.eldigitaldeasturias.com\\\/noticias\\\/ingresado-en-el-huca-un-marinero-tras-sufrir-un-accidente-laboral\\\/\",\"name\":\"Ingresado en el HUCA un marinero tras sufrir un accidente laboral - El Digital de Asturias\",\"description\":\"Uno de los tripulantes de un barco ubicado en Avil\\u00e9s ha tenido que ser trasladado al Hospital Universitario Central de Asturias tras sufrir un accidente laboral y destrozar uno de los brazos. Seg\\u00fan los datos facilitados por el Servicio de Atenci\\u00f3n M\\u00e9dica Urgente (SAMU), en el primer caso el hombre presentaba un cuadro de 'mano\",\"inLanguage\":\"es-ES\",\"isPartOf\":{\"@id\":\"https:\\\/\\\/www.eldigitaldeasturias.com\\\/noticias\\\/#website\"},\"breadcrumb\":{\"@id\":\"https:\\\/\\\/www.eldigitaldeasturias.com\\\/noticias\\\/ingresado-en-el-huca-un-marinero-tras-sufrir-un-accidente-laboral\\\/#breadcrumblist\"},\"author\":{\"@id\":\"https:\\\/\\\/www.eldigitaldeasturias.com\\\/noticias\\\/author\\\/admin\\\/#author\"},\"creator\":{\"@id\":\"https:\\\/\\\/www.eldigitaldeasturias.com\\\/noticias\\\/author\\\/admin\\\/#author\"},\"image\":{\"@type\":\"ImageObject\",\"url\":\"https:\\\/\\\/www.eldigitaldeasturias.com\\\/noticias\\\/wp-content\\\/uploads\\\/2016\\\/07\\\/HUCA.jpg\",\"@id\":\"https:\\\/\\\/www.eldigitaldeasturias.com\\\/noticias\\\/ingresado-en-el-huca-un-marinero-tras-sufrir-un-accidente-laboral\\\/#mainImage\",\"width\":800,\"height\":453},\"primaryImageOfPage\":{\"@id\":\"https:\\\/\\\/www.eldigitaldeasturias.com\\\/noticias\\\/ingresado-en-el-huca-un-marinero-tras-sufrir-un-accidente-laboral\\\/#mainImage\"},\"datePublished\":\"2016-09-07T00:28:18+02:00\",\"dateModified\":\"2016-09-07T00:28:18+02:00\"},{\"@type\":\"WebSite\",\"@id\":\"https:\\\/\\\/www.eldigitaldeasturias.com\\\/noticias\\\/#website\",\"url\":\"https:\\\/\\\/www.eldigitaldeasturias.com\\\/noticias\\\/\",\"name\":\"El Digital de Asturias - Diario de actualidad y noticias\",\"alternateName\":\"El Digital de Asturias - Diario de actualidad y noticias\",\"description\":\"Hemeroteca\",\"inLanguage\":\"es-ES\",\"publisher\":{\"@id\":\"https:\\\/\\\/www.eldigitaldeasturias.com\\\/noticias\\\/#organization\"}}]}\n\t\t<\/script>\n\t\t<!-- All in One SEO Pro -->\r\n\t\t<title>Ingresado en el HUCA un marinero tras sufrir un accidente laboral - El Digital de Asturias<\/title>\n\n","aioseo_head_json":{"title":"Ingresado en el HUCA un marinero tras sufrir un accidente laboral - El Digital de Asturias","description":"Uno de los tripulantes de un barco ubicado en Avil\u00e9s ha tenido que ser trasladado al Hospital Universitario Central de Asturias tras sufrir un accidente laboral y destrozar uno de los brazos. Seg\u00fan los datos facilitados por el Servicio de Atenci\u00f3n M\u00e9dica Urgente (SAMU), en el primer caso el hombre presentaba un cuadro de 'mano","canonical_url":"https:\/\/www.eldigitaldeasturias.com\/noticias\/ingresado-en-el-huca-un-marinero-tras-sufrir-un-accidente-laboral\/","robots":"max-image-preview:large","keywords":"sucesos","webmasterTools":{"google-site-verification":"UA-38556648-1","msvalidate.01":"7dfe9f3f1b24437ab69f4f2559babe99","miscellaneous":""},"schema":{"@context":"https:\/\/schema.org","@graph":[{"@type":"BlogPosting","@id":"https:\/\/www.eldigitaldeasturias.com\/noticias\/ingresado-en-el-huca-un-marinero-tras-sufrir-un-accidente-laboral\/#blogposting","name":"Ingresado en el HUCA un marinero tras sufrir un accidente laboral - El Digital de Asturias","headline":"Ingresado en el HUCA un marinero tras sufrir un accidente laboral","author":{"@id":"https:\/\/www.eldigitaldeasturias.com\/noticias\/author\/admin\/#author"},"publisher":{"@id":"https:\/\/www.eldigitaldeasturias.com\/noticias\/#organization"},"image":{"@type":"ImageObject","url":"https:\/\/www.eldigitaldeasturias.com\/noticias\/wp-content\/uploads\/2016\/07\/HUCA.jpg","width":800,"height":453},"datePublished":"2016-09-07T00:28:18+02:00","dateModified":"2016-09-07T00:28:18+02:00","inLanguage":"es-ES","mainEntityOfPage":{"@id":"https:\/\/www.eldigitaldeasturias.com\/noticias\/ingresado-en-el-huca-un-marinero-tras-sufrir-un-accidente-laboral\/#webpage"},"isPartOf":{"@id":"https:\/\/www.eldigitaldeasturias.com\/noticias\/ingresado-en-el-huca-un-marinero-tras-sufrir-un-accidente-laboral\/#webpage"},"articleSection":"Sucesos"},{"@type":"BreadcrumbList","@id":"https:\/\/www.eldigitaldeasturias.com\/noticias\/ingresado-en-el-huca-un-marinero-tras-sufrir-un-accidente-laboral\/#breadcrumblist","itemListElement":[{"@type":"ListItem","@id":"https:\/\/www.eldigitaldeasturias.com\/noticias#listItem","position":1,"name":"Home","item":"https:\/\/www.eldigitaldeasturias.com\/noticias","nextItem":{"@type":"ListItem","@id":"https:\/\/www.eldigitaldeasturias.com\/noticias\/category\/sucesos\/#listItem","name":"Sucesos"}},{"@type":"ListItem","@id":"https:\/\/www.eldigitaldeasturias.com\/noticias\/category\/sucesos\/#listItem","position":2,"name":"Sucesos","item":"https:\/\/www.eldigitaldeasturias.com\/noticias\/category\/sucesos\/","nextItem":{"@type":"ListItem","@id":"https:\/\/www.eldigitaldeasturias.com\/noticias\/ingresado-en-el-huca-un-marinero-tras-sufrir-un-accidente-laboral\/#listItem","name":"Ingresado en el HUCA un marinero tras sufrir un accidente laboral"},"previousItem":{"@type":"ListItem","@id":"https:\/\/www.eldigitaldeasturias.com\/noticias#listItem","name":"Home"}},{"@type":"ListItem","@id":"https:\/\/www.eldigitaldeasturias.com\/noticias\/ingresado-en-el-huca-un-marinero-tras-sufrir-un-accidente-laboral\/#listItem","position":3,"name":"Ingresado en el HUCA un marinero tras sufrir un accidente laboral","previousItem":{"@type":"ListItem","@id":"https:\/\/www.eldigitaldeasturias.com\/noticias\/category\/sucesos\/#listItem","name":"Sucesos"}}]},{"@type":"Organization","@id":"https:\/\/www.eldigitaldeasturias.com\/noticias\/#organization","name":"El Digital de Asturias","description":"Hemeroteca","url":"https:\/\/www.eldigitaldeasturias.com\/noticias\/","email":"info@eldigitaldeasturias.com","telephone":"+34652131393","logo":{"@type":"ImageObject","url":"https:\/\/www.eldigitaldeasturias.com\/noticias\/wp-content\/uploads\/2020\/12\/EDA.jpg","@id":"https:\/\/www.eldigitaldeasturias.com\/noticias\/ingresado-en-el-huca-un-marinero-tras-sufrir-un-accidente-laboral\/#organizationLogo","width":649,"height":297},"image":{"@id":"https:\/\/www.eldigitaldeasturias.com\/noticias\/ingresado-en-el-huca-un-marinero-tras-sufrir-un-accidente-laboral\/#organizationLogo"},"sameAs":["https:\/\/facebook.com\/eldigitaldeasturias","https:\/\/www.youtube.com\/channel\/UCZP-2wLEB9Rv6erhFmqVnvg"],"address":{"@id":"https:\/\/www.eldigitaldeasturias.com\/noticias\/#postaladdress","@type":"PostalAddress","streetAddress":"san antonio 4,","postalCode":"33430","addressLocality":"Cand\u00e1s","addressRegion":"Asturias","addressCountry":"ES"}},{"@type":"Person","@id":"https:\/\/www.eldigitaldeasturias.com\/noticias\/author\/admin\/#author","url":"https:\/\/www.eldigitaldeasturias.com\/noticias\/author\/admin\/","name":"El Digital de Asturias","image":{"@type":"ImageObject","@id":"https:\/\/www.eldigitaldeasturias.com\/noticias\/ingresado-en-el-huca-un-marinero-tras-sufrir-un-accidente-laboral\/#authorImage","url":"https:\/\/www.eldigitaldeasturias.com\/noticias\/wp-content\/litespeed\/avatar\/18677e78aa0546b92d9dbf31ec7d7668.jpg?ver=1777290358","width":96,"height":96,"caption":"El Digital de Asturias"}},{"@type":"WebPage","@id":"https:\/\/www.eldigitaldeasturias.com\/noticias\/ingresado-en-el-huca-un-marinero-tras-sufrir-un-accidente-laboral\/#webpage","url":"https:\/\/www.eldigitaldeasturias.com\/noticias\/ingresado-en-el-huca-un-marinero-tras-sufrir-un-accidente-laboral\/","name":"Ingresado en el HUCA un marinero tras sufrir un accidente laboral - El Digital de Asturias","description":"Uno de los tripulantes de un barco ubicado en Avil\u00e9s ha tenido que ser trasladado al Hospital Universitario Central de Asturias tras sufrir un accidente laboral y destrozar uno de los brazos. Seg\u00fan los datos facilitados por el Servicio de Atenci\u00f3n M\u00e9dica Urgente (SAMU), en el primer caso el hombre presentaba un cuadro de 'mano","inLanguage":"es-ES","isPartOf":{"@id":"https:\/\/www.eldigitaldeasturias.com\/noticias\/#website"},"breadcrumb":{"@id":"https:\/\/www.eldigitaldeasturias.com\/noticias\/ingresado-en-el-huca-un-marinero-tras-sufrir-un-accidente-laboral\/#breadcrumblist"},"author":{"@id":"https:\/\/www.eldigitaldeasturias.com\/noticias\/author\/admin\/#author"},"creator":{"@id":"https:\/\/www.eldigitaldeasturias.com\/noticias\/author\/admin\/#author"},"image":{"@type":"ImageObject","url":"https:\/\/www.eldigitaldeasturias.com\/noticias\/wp-content\/uploads\/2016\/07\/HUCA.jpg","@id":"https:\/\/www.eldigitaldeasturias.com\/noticias\/ingresado-en-el-huca-un-marinero-tras-sufrir-un-accidente-laboral\/#mainImage","width":800,"height":453},"primaryImageOfPage":{"@id":"https:\/\/www.eldigitaldeasturias.com\/noticias\/ingresado-en-el-huca-un-marinero-tras-sufrir-un-accidente-laboral\/#mainImage"},"datePublished":"2016-09-07T00:28:18+02:00","dateModified":"2016-09-07T00:28:18+02:00"},{"@type":"WebSite","@id":"https:\/\/www.eldigitaldeasturias.com\/noticias\/#website","url":"https:\/\/www.eldigitaldeasturias.com\/noticias\/","name":"El Digital de Asturias - Diario de actualidad y noticias","alternateName":"El Digital de Asturias - Diario de actualidad y noticias","description":"Hemeroteca","inLanguage":"es-ES","publisher":{"@id":"https:\/\/www.eldigitaldeasturias.com\/noticias\/#organization"}}]},"og:locale":"es_ES","og:site_name":"El Digital de Asturias","og:type":"article","og:title":"Ingresado en el HUCA un marinero tras sufrir un accidente laboral - El Digital de Asturias","og:description":"Uno de los tripulantes de un barco ubicado en Avil\u00e9s ha tenido que ser trasladado al Hospital Universitario Central de Asturias tras sufrir un accidente laboral y destrozar uno de los brazos. Seg\u00fan los datos facilitados por el Servicio de Atenci\u00f3n M\u00e9dica Urgente (SAMU), en el primer caso el hombre presentaba un cuadro de 'mano","og:url":"https:\/\/www.eldigitaldeasturias.com\/noticias\/ingresado-en-el-huca-un-marinero-tras-sufrir-un-accidente-laboral\/","og:image":"https:\/\/www.eldigitaldeasturias.com\/noticias\/wp-content\/uploads\/2016\/07\/HUCA.jpg","og:image:secure_url":"https:\/\/www.eldigitaldeasturias.com\/noticias\/wp-content\/uploads\/2016\/07\/HUCA.jpg","og:image:width":800,"og:image:height":453,"article:tag":["sucesos"],"article:published_time":"2016-09-06T23:28:18+00:00","article:modified_time":"2016-09-06T23:28:18+00:00","article:publisher":"https:\/\/facebook.com\/eldigitaldeasturias","twitter:card":"summary_large_image","twitter:title":"Ingresado en el HUCA un marinero tras sufrir un accidente laboral - El Digital de Asturias","twitter:description":"Uno de los tripulantes de un barco ubicado en Avil\u00e9s ha tenido que ser trasladado al Hospital Universitario Central de Asturias tras sufrir un accidente laboral y destrozar uno de los brazos. Seg\u00fan los datos facilitados por el Servicio de Atenci\u00f3n M\u00e9dica Urgente (SAMU), en el primer caso el hombre presentaba un cuadro de 'mano","twitter:image":"https:\/\/www.eldigitaldeasturias.com\/noticias\/wp-content\/uploads\/2016\/07\/HUCA.jpg","twitter:label1":"Escrito por","twitter:data1":"El Digital de Asturias","twitter:label2":"Tiempo de lectura estimado","twitter:data2":"1 minuto"},"aioseo_meta_data":{"post_id":"906216","title":null,"description":null,"keywords":null,"keyphrases":null,"primary_term":null,"canonical_url":null,"og_title":null,"og_description":null,"og_object_type":"default","og_image_type":"default","og_image_url":null,"og_image_width":null,"og_image_height":null,"og_image_custom_url":null,"og_image_custom_fields":null,"og_video":null,"og_custom_url":null,"og_article_section":null,"og_article_tags":null,"twitter_use_og":false,"twitter_card":"default","twitter_image_type":"default","twitter_image_url":null,"twitter_image_custom_url":null,"twitter_image_custom_fields":null,"twitter_title":null,"twitter_description":null,"schema":{"blockGraphs":[],"customGraphs":[],"default":{"data":{"Article":[],"Course":[],"Dataset":[],"FAQPage":[],"Movie":[],"Person":[],"Product":[],"ProductReview":[],"Car":[],"Recipe":[],"Service":[],"SoftwareApplication":[],"WebPage":[]},"graphName":"","isEnabled":true},"graphs":[],"defaultGraph":"","defaultPostTypeGraph":""},"schema_type":null,"schema_type_options":null,"pillar_content":false,"robots_default":true,"robots_noindex":false,"robots_noarchive":false,"robots_nosnippet":false,"robots_nofollow":false,"robots_noimageindex":false,"robots_noodp":false,"robots_notranslate":false,"robots_max_snippet":null,"robots_max_videopreview":null,"robots_max_imagepreview":"large","priority":null,"frequency":null,"local_seo":null,"seo_analyzer_scan_date":"2025-11-30 08:15:18","breadcrumb_settings":null,"limit_modified_date":false,"open_ai":null,"ai":null,"created":"2020-12-21 12:55:14","updated":"2025-11-30 08:15:18"},"aioseo_breadcrumb":"<div class=\"aioseo-breadcrumbs\"><span class=\"aioseo-breadcrumb\">\n\t<a href=\"https:\/\/www.eldigitaldeasturias.com\/noticias\" title=\"Home\">Home<\/a>\n<\/span><span class=\"aioseo-breadcrumb-separator\">\u2013<\/span><span class=\"aioseo-breadcrumb\">\n\t<a href=\"https:\/\/www.eldigitaldeasturias.com\/noticias\/category\/sucesos\/\" title=\"Sucesos\">Sucesos<\/a>\n<\/span><span class=\"aioseo-breadcrumb-separator\">\u2013<\/span><span class=\"aioseo-breadcrumb\">\n\t<a href=\"https:\/\/www.eldigitaldeasturias.com\/noticias\/ingresado-en-el-huca-un-marinero-tras-sufrir-un-accidente-laboral\/\" title=\"Ingresado en el HUCA un marinero tras sufrir un accidente laboral\">Ingresado en el HUCA un marinero tras sufrir un accidente laboral<\/a>\n<\/span><\/div>","aioseo_breadcrumb_json":[{"label":"Home","link":"https:\/\/www.eldigitaldeasturias.com\/noticias"},{"label":"Sucesos","link":"https:\/\/www.eldigitaldeasturias.com\/noticias\/category\/sucesos\/"},{"label":"Ingresado en el HUCA un marinero tras sufrir un accidente laboral","link":"https:\/\/www.eldigitaldeasturias.com\/noticias\/ingresado-en-el-huca-un-marinero-tras-sufrir-un-accidente-laboral\/"}],"_links":{"self":[{"href":"https:\/\/www.eldigitaldeasturias.com\/noticias\/wp-json\/wp\/v2\/posts\/906216","targetHints":{"allow":["GET"]}}],"collection":[{"href":"https:\/\/www.eldigitaldeasturias.com\/noticias\/wp-json\/wp\/v2\/posts"}],"about":[{"href":"https:\/\/www.eldigitaldeasturias.com\/noticias\/wp-json\/wp\/v2\/types\/post"}],"author":[{"embeddable":true,"href":"https:\/\/www.eldigitaldeasturias.com\/noticias\/wp-json\/wp\/v2\/users\/1"}],"replies":[{"embeddable":true,"href":"https:\/\/www.eldigitaldeasturias.com\/noticias\/wp-json\/wp\/v2\/comments?post=906216"}],"version-history":[{"count":0,"href":"https:\/\/www.eldigitaldeasturias.com\/noticias\/wp-json\/wp\/v2\/posts\/906216\/revisions"}],"wp:featuredmedia":[{"embeddable":true,"href":"https:\/\/www.eldigitaldeasturias.com\/noticias\/wp-json\/wp\/v2\/media\/900063"}],"wp:attachment":[{"href":"https:\/\/www.eldigitaldeasturias.com\/noticias\/wp-json\/wp\/v2\/media?parent=906216"}],"wp:term":[{"taxonomy":"category","embeddable":true,"href":"https:\/\/www.eldigitaldeasturias.com\/noticias\/wp-json\/wp\/v2\/categories?post=906216"},{"taxonomy":"post_tag","embeddable":true,"href":"https:\/\/www.eldigitaldeasturias.com\/noticias\/wp-json\/wp\/v2\/tags?post=906216"}],"curies":[{"name":"wp","href":"https:\/\/api.w.org\/{rel}","templated":true}]}}