{"id":906211,"date":"2016-09-07T00:20:36","date_gmt":"2016-09-06T23:20:36","guid":{"rendered":"http:\/\/www.eldigitaldeasturias.com\/noticias\/?p=906211"},"modified":"2016-09-07T00:20:36","modified_gmt":"2016-09-06T23:20:36","slug":"oblanca-repetira-como-portavoz-en-la-comision-de-industria-comercio-y-turismo","status":"publish","type":"post","link":"https:\/\/www.eldigitaldeasturias.com\/noticias\/oblanca-repetira-como-portavoz-en-la-comision-de-industria-comercio-y-turismo\/","title":{"rendered":"Oblanca repetir\u00e1 como portavoz en la Comisi\u00f3n de Industria, Comercio y Turismo"},"content":{"rendered":"<p><img loading=\"lazy\" decoding=\"async\" class=\"alignleft size-medium wp-image-791625\" src=\"https:\/\/www.eldigitaldeasturias.com\/noticias\/wp-content\/uploads\/2015\/06\/congreso-360x240.jpg\" alt=\"congreso\" width=\"360\" height=\"240\" srcset=\"https:\/\/www.eldigitaldeasturias.com\/noticias\/wp-content\/uploads\/2015\/06\/congreso-360x240.jpg 360w, https:\/\/www.eldigitaldeasturias.com\/noticias\/wp-content\/uploads\/2015\/06\/congreso-768x512.jpg 768w, https:\/\/www.eldigitaldeasturias.com\/noticias\/wp-content\/uploads\/2015\/06\/congreso-650x433.jpg 650w, https:\/\/www.eldigitaldeasturias.com\/noticias\/wp-content\/uploads\/2015\/06\/congreso.jpg 800w\" sizes=\"auto, (max-width: 360px) 100vw, 360px\" \/>La diputada de EH Bildu, Marian Beitialarrangoitia, repetir\u00e1 como portavoz del Grupo Mixto en la Comisi\u00f3n Constitucional del Congreso, una de las que tienen m\u00e1s peso en la C\u00e1mara Baja, mientras que el diputado de la antigua Converg\u00e8ncia Jordi Xucl\u00e0 ser\u00e1 la voz de este heterog\u00e9neo grupo en la Comisi\u00f3n de Econom\u00eda y Competividad, un puesto que en la anterior legislatura ocup\u00f3 el coordinador federal de IU, Alberto Garz\u00f3n, ahora en el grupo de Unidos Podemos.<\/p>\n<p>Seg\u00fan han explicado a Europa Press fuentes del Grupo Mixto, los siete partidos que integran este conglomerado han pactado ya qu\u00e9 formaciones ostentar\u00e1n las portavoc\u00edas titulares en las comisiones parlamentarias de car\u00e1cter legislativo que funcionar\u00e1n en la XII Legislatura, aunque a\u00fan han de perfilar c\u00f3mo se reparten las portavoc\u00edas adjuntas y qui\u00e9n ocupa estos puestos en las Mixtas (Congreso-Senado) y el resto de las no legislativas.<\/p>\n<p>La diferencia fundamental respecto a la anterior legislatura ha sido el desembarco en el Mixto de ocho diputados de la antigua Converg\u00e8ncia, ahora Partit Dem\u00f2crata Catal\u00e0, y la salida de los representantes de Izquierda Unida, que en esta nueva etapa se sientan con sus socios de Podemos.<\/p>\n<p><strong>CDC HASTA NUEVE PORTAVOC\u00cdAS<\/strong><\/p>\n<p>Como formaci\u00f3n mayoritaria dentro del Mixto, los nacionalistas catalanes se han hecho con un total de nueve portavoc\u00edas: Econom\u00eda y Competitividad (Jordi Xucl\u00e0), Hacienda y Administraciones P\u00fablicas (Ferran Bel), Justicia (Lourdes Ciur\u00f3), Interior (Sergi Miquel), Defensa (Miriam Nogueras) y Peticiones (Antoni Postius). Por su parte, el portavoz de la antigua CDC, Francesc Homs, se har\u00e1 cargo de la Comisi\u00f3n del Estatuto del Diputado, que se ocupa de autorizar las actividades extraparlamentarias de sus se\u00f1or\u00edas, mientras que Carles Campuzano de las de Cultura y Reglamento.<\/p>\n<p>De su lado, Comprom\u00eds, que cuenta con cuatro diputados, tendr\u00e1 la titularidad en las comisiones de Fomento, Agricultura, Igualdad y Cooperaci\u00f3n Internacional, mientras que Bildu, con dos esca\u00f1os, adem\u00e1s de Constitucional, ser\u00e1 portavoz en Educaci\u00f3n.<\/p>\n<p><strong>UPN PRESUPUESTOS Y EXTERIORES<\/strong><\/p>\n<p>Los dos diputados de Uni\u00f3n del Pueblo Navarro se har\u00e1n cargo respectivamente de Presupuestos (\u00cd\u00f1igo Alli) y de Asuntos Exteriores (Carlos Salvador), mientras que la diputada de Coalici\u00f3n Canaria, Ana Oramas, seguir\u00e1 como portavoz en Empleo.<\/p>\n<p>Por su parte, el parlamentario de Nueva Canarias, Pedro Quevedo, continuar\u00e1 ocup\u00e1ndose de Sanidad y Servicios Sociales y el representante de Foro Asturias, Isidro Mart\u00ednez Oblanca, repetir\u00e1 como portavoz en la Comisi\u00f3n de Industria, Comercio y Turismo.<\/p>\n<p>&nbsp;<\/p>\n<p>&nbsp;<\/p>\n","protected":false},"excerpt":{"rendered":"<p>La diputada de EH Bildu, Marian Beitialarrangoitia, repetir\u00e1 como portavoz del Grupo Mixto en la Comisi\u00f3n Constitucional del Congreso, una de las que tienen m\u00e1s peso en la C\u00e1mara Baja, mientras que el diputado de la antigua Converg\u00e8ncia Jordi Xucl\u00e0 ser\u00e1 la voz de este heterog\u00e9neo grupo en la Comisi\u00f3n de Econom\u00eda y Competividad, un [&hellip;]<\/p>\n","protected":false},"author":1,"featured_media":791625,"comment_status":"closed","ping_status":"closed","sticky":false,"template":"","format":"standard","meta":{"footnotes":""},"categories":[1],"tags":[],"class_list":["post-906211","post","type-post","status-publish","format-standard","has-post-thumbnail","hentry","category-actualidad"],"aioseo_notices":[],"aioseo_head":"\n\t\t<!-- All in One SEO Pro 4.9.6.2 - aioseo.com -->\n\t<meta name=\"description\" content=\"La diputada de EH Bildu, Marian Beitialarrangoitia, repetir\u00e1 como portavoz del Grupo Mixto en la Comisi\u00f3n Constitucional del Congreso, una de las que tienen m\u00e1s peso en la C\u00e1mara Baja, mientras que el diputado de la antigua Converg\u00e8ncia Jordi Xucl\u00e0 ser\u00e1 la voz de este heterog\u00e9neo grupo en la Comisi\u00f3n de Econom\u00eda y Competividad, un\" \/>\n\t<meta name=\"robots\" content=\"max-image-preview:large\" \/>\n\t<meta name=\"author\" content=\"El Digital de Asturias\"\/>\n\t<meta name=\"google-site-verification\" content=\"UA-38556648-1\" \/>\n\t<meta name=\"msvalidate.01\" content=\"7dfe9f3f1b24437ab69f4f2559babe99\" \/>\n\t<meta name=\"keywords\" content=\"actualidad\" \/>\n\t<link rel=\"canonical\" href=\"https:\/\/www.eldigitaldeasturias.com\/noticias\/oblanca-repetira-como-portavoz-en-la-comision-de-industria-comercio-y-turismo\/\" \/>\n\t<meta name=\"generator\" content=\"All in One SEO Pro (AIOSEO) 4.9.6.2\" \/>\n\t\t<meta property=\"og:locale\" content=\"es_ES\" \/>\n\t\t<meta property=\"og:site_name\" content=\"El Digital de Asturias\" \/>\n\t\t<meta property=\"og:type\" content=\"article\" \/>\n\t\t<meta property=\"og:title\" content=\"Oblanca repetir\u00e1 como portavoz en la Comisi\u00f3n de Industria, Comercio y Turismo - El Digital de Asturias\" \/>\n\t\t<meta property=\"og:description\" content=\"La diputada de EH Bildu, Marian Beitialarrangoitia, repetir\u00e1 como portavoz del Grupo Mixto en la Comisi\u00f3n Constitucional del Congreso, una de las que tienen m\u00e1s peso en la C\u00e1mara Baja, mientras que el diputado de la antigua Converg\u00e8ncia Jordi Xucl\u00e0 ser\u00e1 la voz de este heterog\u00e9neo grupo en la Comisi\u00f3n de Econom\u00eda y Competividad, un\" \/>\n\t\t<meta property=\"og:url\" content=\"https:\/\/www.eldigitaldeasturias.com\/noticias\/oblanca-repetira-como-portavoz-en-la-comision-de-industria-comercio-y-turismo\/\" \/>\n\t\t<meta property=\"og:image\" content=\"https:\/\/www.eldigitaldeasturias.com\/noticias\/wp-content\/uploads\/2015\/06\/congreso.jpg\" \/>\n\t\t<meta property=\"og:image:secure_url\" content=\"https:\/\/www.eldigitaldeasturias.com\/noticias\/wp-content\/uploads\/2015\/06\/congreso.jpg\" \/>\n\t\t<meta property=\"og:image:width\" content=\"800\" \/>\n\t\t<meta property=\"og:image:height\" content=\"533\" \/>\n\t\t<meta property=\"article:tag\" content=\"actualidad\" \/>\n\t\t<meta property=\"article:published_time\" content=\"2016-09-06T23:20:36+00:00\" \/>\n\t\t<meta property=\"article:modified_time\" content=\"2016-09-06T23:20:36+00:00\" \/>\n\t\t<meta property=\"article:publisher\" content=\"https:\/\/facebook.com\/eldigitaldeasturias\" \/>\n\t\t<meta name=\"twitter:card\" content=\"summary_large_image\" \/>\n\t\t<meta name=\"twitter:title\" content=\"Oblanca repetir\u00e1 como portavoz en la Comisi\u00f3n de Industria, Comercio y Turismo - El Digital de Asturias\" \/>\n\t\t<meta name=\"twitter:description\" content=\"La diputada de EH Bildu, Marian Beitialarrangoitia, repetir\u00e1 como portavoz del Grupo Mixto en la Comisi\u00f3n Constitucional del Congreso, una de las que tienen m\u00e1s peso en la C\u00e1mara Baja, mientras que el diputado de la antigua Converg\u00e8ncia Jordi Xucl\u00e0 ser\u00e1 la voz de este heterog\u00e9neo grupo en la Comisi\u00f3n de Econom\u00eda y Competividad, un\" \/>\n\t\t<meta name=\"twitter:image\" content=\"https:\/\/www.eldigitaldeasturias.com\/noticias\/wp-content\/uploads\/2015\/06\/congreso.jpg\" \/>\n\t\t<meta name=\"twitter:label1\" content=\"Escrito por\" \/>\n\t\t<meta name=\"twitter:data1\" content=\"El Digital de Asturias\" \/>\n\t\t<meta name=\"twitter:label2\" content=\"Tiempo de lectura estimado\" \/>\n\t\t<meta name=\"twitter:data2\" content=\"2 minutos\" \/>\n\t\t<script type=\"application\/ld+json\" class=\"aioseo-schema\">\n\t\t\t{\"@context\":\"https:\\\/\\\/schema.org\",\"@graph\":[{\"@type\":\"BlogPosting\",\"@id\":\"https:\\\/\\\/www.eldigitaldeasturias.com\\\/noticias\\\/oblanca-repetira-como-portavoz-en-la-comision-de-industria-comercio-y-turismo\\\/#blogposting\",\"name\":\"Oblanca repetir\\u00e1 como portavoz en la Comisi\\u00f3n de Industria, Comercio y Turismo - El Digital de Asturias\",\"headline\":\"Oblanca repetir\\u00e1 como portavoz en la Comisi\\u00f3n de Industria, Comercio y Turismo\",\"author\":{\"@id\":\"https:\\\/\\\/www.eldigitaldeasturias.com\\\/noticias\\\/author\\\/admin\\\/#author\"},\"publisher\":{\"@id\":\"https:\\\/\\\/www.eldigitaldeasturias.com\\\/noticias\\\/#organization\"},\"image\":{\"@type\":\"ImageObject\",\"url\":\"https:\\\/\\\/www.eldigitaldeasturias.com\\\/noticias\\\/wp-content\\\/uploads\\\/2015\\\/06\\\/congreso.jpg\",\"width\":800,\"height\":533},\"datePublished\":\"2016-09-07T00:20:36+02:00\",\"dateModified\":\"2016-09-07T00:20:36+02:00\",\"inLanguage\":\"es-ES\",\"mainEntityOfPage\":{\"@id\":\"https:\\\/\\\/www.eldigitaldeasturias.com\\\/noticias\\\/oblanca-repetira-como-portavoz-en-la-comision-de-industria-comercio-y-turismo\\\/#webpage\"},\"isPartOf\":{\"@id\":\"https:\\\/\\\/www.eldigitaldeasturias.com\\\/noticias\\\/oblanca-repetira-como-portavoz-en-la-comision-de-industria-comercio-y-turismo\\\/#webpage\"},\"articleSection\":\"Actualidad\"},{\"@type\":\"BreadcrumbList\",\"@id\":\"https:\\\/\\\/www.eldigitaldeasturias.com\\\/noticias\\\/oblanca-repetira-como-portavoz-en-la-comision-de-industria-comercio-y-turismo\\\/#breadcrumblist\",\"itemListElement\":[{\"@type\":\"ListItem\",\"@id\":\"https:\\\/\\\/www.eldigitaldeasturias.com\\\/noticias#listItem\",\"position\":1,\"name\":\"Home\",\"item\":\"https:\\\/\\\/www.eldigitaldeasturias.com\\\/noticias\",\"nextItem\":{\"@type\":\"ListItem\",\"@id\":\"https:\\\/\\\/www.eldigitaldeasturias.com\\\/noticias\\\/category\\\/actualidad\\\/#listItem\",\"name\":\"Actualidad\"}},{\"@type\":\"ListItem\",\"@id\":\"https:\\\/\\\/www.eldigitaldeasturias.com\\\/noticias\\\/category\\\/actualidad\\\/#listItem\",\"position\":2,\"name\":\"Actualidad\",\"item\":\"https:\\\/\\\/www.eldigitaldeasturias.com\\\/noticias\\\/category\\\/actualidad\\\/\",\"nextItem\":{\"@type\":\"ListItem\",\"@id\":\"https:\\\/\\\/www.eldigitaldeasturias.com\\\/noticias\\\/oblanca-repetira-como-portavoz-en-la-comision-de-industria-comercio-y-turismo\\\/#listItem\",\"name\":\"Oblanca repetir\\u00e1 como portavoz en la Comisi\\u00f3n de Industria, Comercio y Turismo\"},\"previousItem\":{\"@type\":\"ListItem\",\"@id\":\"https:\\\/\\\/www.eldigitaldeasturias.com\\\/noticias#listItem\",\"name\":\"Home\"}},{\"@type\":\"ListItem\",\"@id\":\"https:\\\/\\\/www.eldigitaldeasturias.com\\\/noticias\\\/oblanca-repetira-como-portavoz-en-la-comision-de-industria-comercio-y-turismo\\\/#listItem\",\"position\":3,\"name\":\"Oblanca repetir\\u00e1 como portavoz en la Comisi\\u00f3n de Industria, Comercio y Turismo\",\"previousItem\":{\"@type\":\"ListItem\",\"@id\":\"https:\\\/\\\/www.eldigitaldeasturias.com\\\/noticias\\\/category\\\/actualidad\\\/#listItem\",\"name\":\"Actualidad\"}}]},{\"@type\":\"Organization\",\"@id\":\"https:\\\/\\\/www.eldigitaldeasturias.com\\\/noticias\\\/#organization\",\"name\":\"El Digital de Asturias\",\"description\":\"Hemeroteca\",\"url\":\"https:\\\/\\\/www.eldigitaldeasturias.com\\\/noticias\\\/\",\"email\":\"info@eldigitaldeasturias.com\",\"telephone\":\"+34652131393\",\"logo\":{\"@type\":\"ImageObject\",\"url\":\"https:\\\/\\\/www.eldigitaldeasturias.com\\\/noticias\\\/wp-content\\\/uploads\\\/2020\\\/12\\\/EDA.jpg\",\"@id\":\"https:\\\/\\\/www.eldigitaldeasturias.com\\\/noticias\\\/oblanca-repetira-como-portavoz-en-la-comision-de-industria-comercio-y-turismo\\\/#organizationLogo\",\"width\":649,\"height\":297},\"image\":{\"@id\":\"https:\\\/\\\/www.eldigitaldeasturias.com\\\/noticias\\\/oblanca-repetira-como-portavoz-en-la-comision-de-industria-comercio-y-turismo\\\/#organizationLogo\"},\"sameAs\":[\"https:\\\/\\\/facebook.com\\\/eldigitaldeasturias\",\"https:\\\/\\\/www.youtube.com\\\/channel\\\/UCZP-2wLEB9Rv6erhFmqVnvg\"],\"address\":{\"@id\":\"https:\\\/\\\/www.eldigitaldeasturias.com\\\/noticias\\\/#postaladdress\",\"@type\":\"PostalAddress\",\"streetAddress\":\"san antonio 4,\",\"postalCode\":\"33430\",\"addressLocality\":\"Cand\\u00e1s\",\"addressRegion\":\"Asturias\",\"addressCountry\":\"ES\"}},{\"@type\":\"Person\",\"@id\":\"https:\\\/\\\/www.eldigitaldeasturias.com\\\/noticias\\\/author\\\/admin\\\/#author\",\"url\":\"https:\\\/\\\/www.eldigitaldeasturias.com\\\/noticias\\\/author\\\/admin\\\/\",\"name\":\"El Digital de Asturias\",\"image\":{\"@type\":\"ImageObject\",\"@id\":\"https:\\\/\\\/www.eldigitaldeasturias.com\\\/noticias\\\/oblanca-repetira-como-portavoz-en-la-comision-de-industria-comercio-y-turismo\\\/#authorImage\",\"url\":\"https:\\\/\\\/www.eldigitaldeasturias.com\\\/noticias\\\/wp-content\\\/litespeed\\\/avatar\\\/18677e78aa0546b92d9dbf31ec7d7668.jpg?ver=1777290358\",\"width\":96,\"height\":96,\"caption\":\"El Digital de Asturias\"}},{\"@type\":\"WebPage\",\"@id\":\"https:\\\/\\\/www.eldigitaldeasturias.com\\\/noticias\\\/oblanca-repetira-como-portavoz-en-la-comision-de-industria-comercio-y-turismo\\\/#webpage\",\"url\":\"https:\\\/\\\/www.eldigitaldeasturias.com\\\/noticias\\\/oblanca-repetira-como-portavoz-en-la-comision-de-industria-comercio-y-turismo\\\/\",\"name\":\"Oblanca repetir\\u00e1 como portavoz en la Comisi\\u00f3n de Industria, Comercio y Turismo - El Digital de Asturias\",\"description\":\"La diputada de EH Bildu, Marian Beitialarrangoitia, repetir\\u00e1 como portavoz del Grupo Mixto en la Comisi\\u00f3n Constitucional del Congreso, una de las que tienen m\\u00e1s peso en la C\\u00e1mara Baja, mientras que el diputado de la antigua Converg\\u00e8ncia Jordi Xucl\\u00e0 ser\\u00e1 la voz de este heterog\\u00e9neo grupo en la Comisi\\u00f3n de Econom\\u00eda y Competividad, un\",\"inLanguage\":\"es-ES\",\"isPartOf\":{\"@id\":\"https:\\\/\\\/www.eldigitaldeasturias.com\\\/noticias\\\/#website\"},\"breadcrumb\":{\"@id\":\"https:\\\/\\\/www.eldigitaldeasturias.com\\\/noticias\\\/oblanca-repetira-como-portavoz-en-la-comision-de-industria-comercio-y-turismo\\\/#breadcrumblist\"},\"author\":{\"@id\":\"https:\\\/\\\/www.eldigitaldeasturias.com\\\/noticias\\\/author\\\/admin\\\/#author\"},\"creator\":{\"@id\":\"https:\\\/\\\/www.eldigitaldeasturias.com\\\/noticias\\\/author\\\/admin\\\/#author\"},\"image\":{\"@type\":\"ImageObject\",\"url\":\"https:\\\/\\\/www.eldigitaldeasturias.com\\\/noticias\\\/wp-content\\\/uploads\\\/2015\\\/06\\\/congreso.jpg\",\"@id\":\"https:\\\/\\\/www.eldigitaldeasturias.com\\\/noticias\\\/oblanca-repetira-como-portavoz-en-la-comision-de-industria-comercio-y-turismo\\\/#mainImage\",\"width\":800,\"height\":533},\"primaryImageOfPage\":{\"@id\":\"https:\\\/\\\/www.eldigitaldeasturias.com\\\/noticias\\\/oblanca-repetira-como-portavoz-en-la-comision-de-industria-comercio-y-turismo\\\/#mainImage\"},\"datePublished\":\"2016-09-07T00:20:36+02:00\",\"dateModified\":\"2016-09-07T00:20:36+02:00\"},{\"@type\":\"WebSite\",\"@id\":\"https:\\\/\\\/www.eldigitaldeasturias.com\\\/noticias\\\/#website\",\"url\":\"https:\\\/\\\/www.eldigitaldeasturias.com\\\/noticias\\\/\",\"name\":\"El Digital de Asturias - Diario de actualidad y noticias\",\"alternateName\":\"El Digital de Asturias - Diario de actualidad y noticias\",\"description\":\"Hemeroteca\",\"inLanguage\":\"es-ES\",\"publisher\":{\"@id\":\"https:\\\/\\\/www.eldigitaldeasturias.com\\\/noticias\\\/#organization\"}}]}\n\t\t<\/script>\n\t\t<!-- All in One SEO Pro -->\r\n\t\t<title>Oblanca repetir\u00e1 como portavoz en la Comisi\u00f3n de Industria, Comercio y Turismo - El Digital de Asturias<\/title>\n\n","aioseo_head_json":{"title":"Oblanca repetir\u00e1 como portavoz en la Comisi\u00f3n de Industria, Comercio y Turismo - El Digital de Asturias","description":"La diputada de EH Bildu, Marian Beitialarrangoitia, repetir\u00e1 como portavoz del Grupo Mixto en la Comisi\u00f3n Constitucional del Congreso, una de las que tienen m\u00e1s peso en la C\u00e1mara Baja, mientras que el diputado de la antigua Converg\u00e8ncia Jordi Xucl\u00e0 ser\u00e1 la voz de este heterog\u00e9neo grupo en la Comisi\u00f3n de Econom\u00eda y Competividad, un","canonical_url":"https:\/\/www.eldigitaldeasturias.com\/noticias\/oblanca-repetira-como-portavoz-en-la-comision-de-industria-comercio-y-turismo\/","robots":"max-image-preview:large","keywords":"actualidad","webmasterTools":{"google-site-verification":"UA-38556648-1","msvalidate.01":"7dfe9f3f1b24437ab69f4f2559babe99","miscellaneous":""},"schema":{"@context":"https:\/\/schema.org","@graph":[{"@type":"BlogPosting","@id":"https:\/\/www.eldigitaldeasturias.com\/noticias\/oblanca-repetira-como-portavoz-en-la-comision-de-industria-comercio-y-turismo\/#blogposting","name":"Oblanca repetir\u00e1 como portavoz en la Comisi\u00f3n de Industria, Comercio y Turismo - El Digital de Asturias","headline":"Oblanca repetir\u00e1 como portavoz en la Comisi\u00f3n de Industria, Comercio y Turismo","author":{"@id":"https:\/\/www.eldigitaldeasturias.com\/noticias\/author\/admin\/#author"},"publisher":{"@id":"https:\/\/www.eldigitaldeasturias.com\/noticias\/#organization"},"image":{"@type":"ImageObject","url":"https:\/\/www.eldigitaldeasturias.com\/noticias\/wp-content\/uploads\/2015\/06\/congreso.jpg","width":800,"height":533},"datePublished":"2016-09-07T00:20:36+02:00","dateModified":"2016-09-07T00:20:36+02:00","inLanguage":"es-ES","mainEntityOfPage":{"@id":"https:\/\/www.eldigitaldeasturias.com\/noticias\/oblanca-repetira-como-portavoz-en-la-comision-de-industria-comercio-y-turismo\/#webpage"},"isPartOf":{"@id":"https:\/\/www.eldigitaldeasturias.com\/noticias\/oblanca-repetira-como-portavoz-en-la-comision-de-industria-comercio-y-turismo\/#webpage"},"articleSection":"Actualidad"},{"@type":"BreadcrumbList","@id":"https:\/\/www.eldigitaldeasturias.com\/noticias\/oblanca-repetira-como-portavoz-en-la-comision-de-industria-comercio-y-turismo\/#breadcrumblist","itemListElement":[{"@type":"ListItem","@id":"https:\/\/www.eldigitaldeasturias.com\/noticias#listItem","position":1,"name":"Home","item":"https:\/\/www.eldigitaldeasturias.com\/noticias","nextItem":{"@type":"ListItem","@id":"https:\/\/www.eldigitaldeasturias.com\/noticias\/category\/actualidad\/#listItem","name":"Actualidad"}},{"@type":"ListItem","@id":"https:\/\/www.eldigitaldeasturias.com\/noticias\/category\/actualidad\/#listItem","position":2,"name":"Actualidad","item":"https:\/\/www.eldigitaldeasturias.com\/noticias\/category\/actualidad\/","nextItem":{"@type":"ListItem","@id":"https:\/\/www.eldigitaldeasturias.com\/noticias\/oblanca-repetira-como-portavoz-en-la-comision-de-industria-comercio-y-turismo\/#listItem","name":"Oblanca repetir\u00e1 como portavoz en la Comisi\u00f3n de Industria, Comercio y Turismo"},"previousItem":{"@type":"ListItem","@id":"https:\/\/www.eldigitaldeasturias.com\/noticias#listItem","name":"Home"}},{"@type":"ListItem","@id":"https:\/\/www.eldigitaldeasturias.com\/noticias\/oblanca-repetira-como-portavoz-en-la-comision-de-industria-comercio-y-turismo\/#listItem","position":3,"name":"Oblanca repetir\u00e1 como portavoz en la Comisi\u00f3n de Industria, Comercio y Turismo","previousItem":{"@type":"ListItem","@id":"https:\/\/www.eldigitaldeasturias.com\/noticias\/category\/actualidad\/#listItem","name":"Actualidad"}}]},{"@type":"Organization","@id":"https:\/\/www.eldigitaldeasturias.com\/noticias\/#organization","name":"El Digital de Asturias","description":"Hemeroteca","url":"https:\/\/www.eldigitaldeasturias.com\/noticias\/","email":"info@eldigitaldeasturias.com","telephone":"+34652131393","logo":{"@type":"ImageObject","url":"https:\/\/www.eldigitaldeasturias.com\/noticias\/wp-content\/uploads\/2020\/12\/EDA.jpg","@id":"https:\/\/www.eldigitaldeasturias.com\/noticias\/oblanca-repetira-como-portavoz-en-la-comision-de-industria-comercio-y-turismo\/#organizationLogo","width":649,"height":297},"image":{"@id":"https:\/\/www.eldigitaldeasturias.com\/noticias\/oblanca-repetira-como-portavoz-en-la-comision-de-industria-comercio-y-turismo\/#organizationLogo"},"sameAs":["https:\/\/facebook.com\/eldigitaldeasturias","https:\/\/www.youtube.com\/channel\/UCZP-2wLEB9Rv6erhFmqVnvg"],"address":{"@id":"https:\/\/www.eldigitaldeasturias.com\/noticias\/#postaladdress","@type":"PostalAddress","streetAddress":"san antonio 4,","postalCode":"33430","addressLocality":"Cand\u00e1s","addressRegion":"Asturias","addressCountry":"ES"}},{"@type":"Person","@id":"https:\/\/www.eldigitaldeasturias.com\/noticias\/author\/admin\/#author","url":"https:\/\/www.eldigitaldeasturias.com\/noticias\/author\/admin\/","name":"El Digital de Asturias","image":{"@type":"ImageObject","@id":"https:\/\/www.eldigitaldeasturias.com\/noticias\/oblanca-repetira-como-portavoz-en-la-comision-de-industria-comercio-y-turismo\/#authorImage","url":"https:\/\/www.eldigitaldeasturias.com\/noticias\/wp-content\/litespeed\/avatar\/18677e78aa0546b92d9dbf31ec7d7668.jpg?ver=1777290358","width":96,"height":96,"caption":"El Digital de Asturias"}},{"@type":"WebPage","@id":"https:\/\/www.eldigitaldeasturias.com\/noticias\/oblanca-repetira-como-portavoz-en-la-comision-de-industria-comercio-y-turismo\/#webpage","url":"https:\/\/www.eldigitaldeasturias.com\/noticias\/oblanca-repetira-como-portavoz-en-la-comision-de-industria-comercio-y-turismo\/","name":"Oblanca repetir\u00e1 como portavoz en la Comisi\u00f3n de Industria, Comercio y Turismo - El Digital de Asturias","description":"La diputada de EH Bildu, Marian Beitialarrangoitia, repetir\u00e1 como portavoz del Grupo Mixto en la Comisi\u00f3n Constitucional del Congreso, una de las que tienen m\u00e1s peso en la C\u00e1mara Baja, mientras que el diputado de la antigua Converg\u00e8ncia Jordi Xucl\u00e0 ser\u00e1 la voz de este heterog\u00e9neo grupo en la Comisi\u00f3n de Econom\u00eda y Competividad, un","inLanguage":"es-ES","isPartOf":{"@id":"https:\/\/www.eldigitaldeasturias.com\/noticias\/#website"},"breadcrumb":{"@id":"https:\/\/www.eldigitaldeasturias.com\/noticias\/oblanca-repetira-como-portavoz-en-la-comision-de-industria-comercio-y-turismo\/#breadcrumblist"},"author":{"@id":"https:\/\/www.eldigitaldeasturias.com\/noticias\/author\/admin\/#author"},"creator":{"@id":"https:\/\/www.eldigitaldeasturias.com\/noticias\/author\/admin\/#author"},"image":{"@type":"ImageObject","url":"https:\/\/www.eldigitaldeasturias.com\/noticias\/wp-content\/uploads\/2015\/06\/congreso.jpg","@id":"https:\/\/www.eldigitaldeasturias.com\/noticias\/oblanca-repetira-como-portavoz-en-la-comision-de-industria-comercio-y-turismo\/#mainImage","width":800,"height":533},"primaryImageOfPage":{"@id":"https:\/\/www.eldigitaldeasturias.com\/noticias\/oblanca-repetira-como-portavoz-en-la-comision-de-industria-comercio-y-turismo\/#mainImage"},"datePublished":"2016-09-07T00:20:36+02:00","dateModified":"2016-09-07T00:20:36+02:00"},{"@type":"WebSite","@id":"https:\/\/www.eldigitaldeasturias.com\/noticias\/#website","url":"https:\/\/www.eldigitaldeasturias.com\/noticias\/","name":"El Digital de Asturias - Diario de actualidad y noticias","alternateName":"El Digital de Asturias - Diario de actualidad y noticias","description":"Hemeroteca","inLanguage":"es-ES","publisher":{"@id":"https:\/\/www.eldigitaldeasturias.com\/noticias\/#organization"}}]},"og:locale":"es_ES","og:site_name":"El Digital de Asturias","og:type":"article","og:title":"Oblanca repetir\u00e1 como portavoz en la Comisi\u00f3n de Industria, Comercio y Turismo - El Digital de Asturias","og:description":"La diputada de EH Bildu, Marian Beitialarrangoitia, repetir\u00e1 como portavoz del Grupo Mixto en la Comisi\u00f3n Constitucional del Congreso, una de las que tienen m\u00e1s peso en la C\u00e1mara Baja, mientras que el diputado de la antigua Converg\u00e8ncia Jordi Xucl\u00e0 ser\u00e1 la voz de este heterog\u00e9neo grupo en la Comisi\u00f3n de Econom\u00eda y Competividad, un","og:url":"https:\/\/www.eldigitaldeasturias.com\/noticias\/oblanca-repetira-como-portavoz-en-la-comision-de-industria-comercio-y-turismo\/","og:image":"https:\/\/www.eldigitaldeasturias.com\/noticias\/wp-content\/uploads\/2015\/06\/congreso.jpg","og:image:secure_url":"https:\/\/www.eldigitaldeasturias.com\/noticias\/wp-content\/uploads\/2015\/06\/congreso.jpg","og:image:width":800,"og:image:height":533,"article:tag":["actualidad"],"article:published_time":"2016-09-06T23:20:36+00:00","article:modified_time":"2016-09-06T23:20:36+00:00","article:publisher":"https:\/\/facebook.com\/eldigitaldeasturias","twitter:card":"summary_large_image","twitter:title":"Oblanca repetir\u00e1 como portavoz en la Comisi\u00f3n de Industria, Comercio y Turismo - El Digital de Asturias","twitter:description":"La diputada de EH Bildu, Marian Beitialarrangoitia, repetir\u00e1 como portavoz del Grupo Mixto en la Comisi\u00f3n Constitucional del Congreso, una de las que tienen m\u00e1s peso en la C\u00e1mara Baja, mientras que el diputado de la antigua Converg\u00e8ncia Jordi Xucl\u00e0 ser\u00e1 la voz de este heterog\u00e9neo grupo en la Comisi\u00f3n de Econom\u00eda y Competividad, un","twitter:image":"https:\/\/www.eldigitaldeasturias.com\/noticias\/wp-content\/uploads\/2015\/06\/congreso.jpg","twitter:label1":"Escrito por","twitter:data1":"El Digital de Asturias","twitter:label2":"Tiempo de lectura estimado","twitter:data2":"2 minutos"},"aioseo_meta_data":{"post_id":"906211","title":null,"description":null,"keywords":null,"keyphrases":null,"primary_term":null,"canonical_url":null,"og_title":null,"og_description":null,"og_object_type":"default","og_image_type":"default","og_image_url":null,"og_image_width":null,"og_image_height":null,"og_image_custom_url":null,"og_image_custom_fields":null,"og_video":null,"og_custom_url":null,"og_article_section":null,"og_article_tags":null,"twitter_use_og":false,"twitter_card":"default","twitter_image_type":"default","twitter_image_url":null,"twitter_image_custom_url":null,"twitter_image_custom_fields":null,"twitter_title":null,"twitter_description":null,"schema":{"blockGraphs":[],"customGraphs":[],"default":{"data":{"Article":[],"Course":[],"Dataset":[],"FAQPage":[],"Movie":[],"Person":[],"Product":[],"ProductReview":[],"Car":[],"Recipe":[],"Service":[],"SoftwareApplication":[],"WebPage":[]},"graphName":"","isEnabled":true},"graphs":[],"defaultGraph":"","defaultPostTypeGraph":""},"schema_type":null,"schema_type_options":null,"pillar_content":false,"robots_default":true,"robots_noindex":false,"robots_noarchive":false,"robots_nosnippet":false,"robots_nofollow":false,"robots_noimageindex":false,"robots_noodp":false,"robots_notranslate":false,"robots_max_snippet":null,"robots_max_videopreview":null,"robots_max_imagepreview":"large","priority":null,"frequency":null,"local_seo":null,"seo_analyzer_scan_date":"2025-11-30 08:15:17","breadcrumb_settings":null,"limit_modified_date":false,"open_ai":null,"ai":null,"created":"2020-12-21 14:01:57","updated":"2025-11-30 08:15:17"},"aioseo_breadcrumb":"<div class=\"aioseo-breadcrumbs\"><span class=\"aioseo-breadcrumb\">\n\t<a href=\"https:\/\/www.eldigitaldeasturias.com\/noticias\" title=\"Home\">Home<\/a>\n<\/span><span class=\"aioseo-breadcrumb-separator\">\u2013<\/span><span class=\"aioseo-breadcrumb\">\n\t<a href=\"https:\/\/www.eldigitaldeasturias.com\/noticias\/category\/actualidad\/\" title=\"Actualidad\">Actualidad<\/a>\n<\/span><span class=\"aioseo-breadcrumb-separator\">\u2013<\/span><span class=\"aioseo-breadcrumb\">\n\t<a href=\"https:\/\/www.eldigitaldeasturias.com\/noticias\/oblanca-repetira-como-portavoz-en-la-comision-de-industria-comercio-y-turismo\/\" title=\"Oblanca repetir\u00e1 como portavoz en la Comisi\u00f3n de Industria, Comercio y Turismo\">Oblanca repetir\u00e1 como portavoz en la Comisi\u00f3n de Industria, Comercio y Turismo<\/a>\n<\/span><\/div>","aioseo_breadcrumb_json":[{"label":"Home","link":"https:\/\/www.eldigitaldeasturias.com\/noticias"},{"label":"Actualidad","link":"https:\/\/www.eldigitaldeasturias.com\/noticias\/category\/actualidad\/"},{"label":"Oblanca repetir\u00e1 como portavoz en la Comisi\u00f3n de Industria, Comercio y Turismo","link":"https:\/\/www.eldigitaldeasturias.com\/noticias\/oblanca-repetira-como-portavoz-en-la-comision-de-industria-comercio-y-turismo\/"}],"_links":{"self":[{"href":"https:\/\/www.eldigitaldeasturias.com\/noticias\/wp-json\/wp\/v2\/posts\/906211","targetHints":{"allow":["GET"]}}],"collection":[{"href":"https:\/\/www.eldigitaldeasturias.com\/noticias\/wp-json\/wp\/v2\/posts"}],"about":[{"href":"https:\/\/www.eldigitaldeasturias.com\/noticias\/wp-json\/wp\/v2\/types\/post"}],"author":[{"embeddable":true,"href":"https:\/\/www.eldigitaldeasturias.com\/noticias\/wp-json\/wp\/v2\/users\/1"}],"replies":[{"embeddable":true,"href":"https:\/\/www.eldigitaldeasturias.com\/noticias\/wp-json\/wp\/v2\/comments?post=906211"}],"version-history":[{"count":0,"href":"https:\/\/www.eldigitaldeasturias.com\/noticias\/wp-json\/wp\/v2\/posts\/906211\/revisions"}],"wp:featuredmedia":[{"embeddable":true,"href":"https:\/\/www.eldigitaldeasturias.com\/noticias\/wp-json\/wp\/v2\/media\/791625"}],"wp:attachment":[{"href":"https:\/\/www.eldigitaldeasturias.com\/noticias\/wp-json\/wp\/v2\/media?parent=906211"}],"wp:term":[{"taxonomy":"category","embeddable":true,"href":"https:\/\/www.eldigitaldeasturias.com\/noticias\/wp-json\/wp\/v2\/categories?post=906211"},{"taxonomy":"post_tag","embeddable":true,"href":"https:\/\/www.eldigitaldeasturias.com\/noticias\/wp-json\/wp\/v2\/tags?post=906211"}],"curies":[{"name":"wp","href":"https:\/\/api.w.org\/{rel}","templated":true}]}}