{"id":906209,"date":"2016-09-07T00:18:25","date_gmt":"2016-09-06T23:18:25","guid":{"rendered":"http:\/\/www.eldigitaldeasturias.com\/noticias\/?p=906209"},"modified":"2016-09-07T00:18:25","modified_gmt":"2016-09-06T23:18:25","slug":"el-pleno-de-oviedo-aprueba-la-modificacion-de-la-ordenanza-de-terrazas","status":"publish","type":"post","link":"https:\/\/www.eldigitaldeasturias.com\/noticias\/el-pleno-de-oviedo-aprueba-la-modificacion-de-la-ordenanza-de-terrazas\/","title":{"rendered":"El Pleno de Oviedo aprueba la modificaci\u00f3n de la ordenanza de terrazas"},"content":{"rendered":"<p><img loading=\"lazy\" decoding=\"async\" class=\"alignleft size-medium wp-image-776091\" src=\"https:\/\/www.eldigitaldeasturias.com\/noticias\/wp-content\/uploads\/2015\/04\/oviedo-360x260.jpg\" alt=\"oviedo\" width=\"360\" height=\"260\" srcset=\"https:\/\/www.eldigitaldeasturias.com\/noticias\/wp-content\/uploads\/2015\/04\/oviedo-360x260.jpg 360w, https:\/\/www.eldigitaldeasturias.com\/noticias\/wp-content\/uploads\/2015\/04\/oviedo-416x300.jpg 416w, https:\/\/www.eldigitaldeasturias.com\/noticias\/wp-content\/uploads\/2015\/04\/oviedo-768x554.jpg 768w, https:\/\/www.eldigitaldeasturias.com\/noticias\/wp-content\/uploads\/2015\/04\/oviedo-666x480.jpg 666w, https:\/\/www.eldigitaldeasturias.com\/noticias\/wp-content\/uploads\/2015\/04\/oviedo-20x14.jpg 20w, https:\/\/www.eldigitaldeasturias.com\/noticias\/wp-content\/uploads\/2015\/04\/oviedo.jpg 800w\" sizes=\"auto, (max-width: 360px) 100vw, 360px\" \/>El Pleno Municipal de este martes, 6 de septiembre, ha aprobado la modificaci\u00f3n de la Ordenanza General de Terrazas con el voto a favor de los miembros de la coalici\u00f3n de Gobierno formada por PSOE, Somos e Izquierda Unida y la abstenci\u00f3n de los ediles del Partido Popular y Ciudadanos.<\/p>\n<p>Tanto el portavoz de Ciudadanos, Luis Pacho, como la edil del PP, Cristina Fern\u00e1ndez, han criticado al equipo de Gobierno que en la elaboraci\u00f3n de las modificaciones de esta ordenanza ha destacado la transparencia y la participaci\u00f3n de un proceso en el que al final se ha procedido a decidir unas modificaciones sin contar con el consenso de los agentes sociales afectados por la ordenanza.<\/p>\n<p>Luis Pacho, ha dudado de la \u00abaplicabilidad\u00bb de una de las modificaciones que plantea el uso de las plazas de aparcamiento de zona azul y blanca como terrazas y ha expresado que las propuestas del tripartito sobre transparencia son \u00abmedidas de fogueo, propaganda y postureo\u00bb.<\/p>\n<p>Por su lado, la edil del PP Cristina Fern\u00e1ndez ha criticado que se lleve a cabo la modificaci\u00f3n de una ordenanza que genera \u00abgran controversia\u00bb y que fue aprobada por unanimidad. Adem\u00e1s ha se\u00f1alado el \u00absecretismo\u00bb y la \u00abpremura\u00bbcon el que ha actuado el tripartito que \u00abtras hacer como que toda la ciudadan\u00eda ha participado\u00bb de un proceso en el que al final han aprobado \u00ablo que les interesaba\u00bb anunciando en rueda de prensa tres modificaciones a la ordenanza cuando al final se proponen una decena.<\/p>\n<p>El concejal de Urbanismo, Ignacio Fern\u00e1ndez del P\u00e1ramo, ha se\u00f1alado la dificultad de realizar estos \u00abcambios\u00bb en una ordenanza que intenta regir el uso del espacio p\u00fablico y ha justificado la premura con la que se han tramitado estas modificaciones porque era \u00ababsurdo\u00bb obligar a los hosteleros a aplicar una ordenanza a pricipio del pr\u00f3ximo a\u00f1o para que \u00abdos o tres meses despu\u00e9s\u00bb deban \u00abvolver adaptarse\u00bb a los cambios que adopte la nueva ordenanza de terrazas.<\/p>\n<p>La supresi\u00f3n de dos de las diez modificaciones qyeu ha opalnteado el grupo municipal de Ciudadanos ha sido rechazada con os votos en contra de los tres partidos de la coalici\u00f3n de Gobierno y la abstenci\u00f3n de los ediles del PP.<\/p>\n<p><strong>CUENTA GENERAL DE 2015<\/strong><\/p>\n<p>Por otro lado, el pelno ha aprobado por unanimidad la Cuenta General de 2015. El portavoz de Ciudadanos, Luis Pacho, ha felicitado a los trabajadores del Ayuntamiento por la realizaci\u00f3n de las cuentas, pero ha se\u00f1alado que \u00abaprobar la cuenta\u00bb no significa \u00abaprobar la gesti\u00f3n\u00bb del equipo de Gobierno.<\/p>\n<p>El edil del Partido Popular del Partido Popular, Eduardo Rodr\u00edguez, tambi\u00e9n ha felicitado los t\u00e9cnicos municipales por su labor, pero ha criticado al gobierno del tripartito (PSOE, Somos e IU) que los c\u00e1lculos sobre la recaudaci\u00f3n de impuestos, como el del IBI que ha sido dos millones inferior a los estimados, \u00abno se han cumplido\u00bb y ha alertado sobre el peligro de que los gastos del Ayuntamiento \u00abse cubran\u00bb a trav\u00e9s de \u00abcr\u00e9ditos bancarios\u00bb .<\/p>\n<p>Asimismo, ha se\u00f1alado que no se puede acusar por parte del actual Gobierno al PP de haber aumentado \u00abla presi\u00f3n fiscal a los vecinos\u00bb durante sus a\u00f1os de gobierno cuando las cifras recaudadas \u00abse mantienen\u00bb en las cuentas de 2015.<\/p>\n<p>El Concejal de Econom\u00eda y Empleo, Ruben Ros\u00f3n (Somos) ha respondido al edil popular que esta cuenta general ven\u00eda incluida en los presupuestos de 2015 que aprob\u00f3 el PP. Adem\u00e1s, ha destacado que los c\u00e1lculos sobre recaudaci\u00f3n \u00abno tienen nada que ver\u00bb con el actual Gobierno y ha se\u00f1alo al PP que los ve\u00eda \u00abconfusos\u00bb ya que estaban \u00abatacando su propia cuenta general\u00bb.<\/p>\n<p>En ese sentido, ha acusado al PP de no haber reclamado los impuestos que aprobaban en unas \u00abordenanzas que sub\u00edan las imposiciones a todos los ovetenses\u00bb porque \u00abdesmantelaron\u00bb un ayuntamiento que \u00aben 1991 m\u00e1s funcionarios que en 2016\u00bb lo que hace \u00abimposible\u00bb que se pudieran recaudar estos impuestos.<\/p>\n<p>Eduardo Rodr\u00edguez, ha replicado que no estaba \u00abacusando de nada\u00bb sino que estaba aalertando sobre el \u00abretroceso\u00bb que se va producir en el objetivo de conseguir \u00abla deuda cero\u00bb del Ayuntamiento y las \u00abconsecuencias\u00bb de sentencias cmo la del Tribunal Supremo sobre Villa Magdalena y los \u00abcr\u00e9ditos\u00bb solicitados desde el Consistorio que van a producir un \u00abalejamiento de la senda de reducci\u00f3n de deuda\u00bb.<\/p>\n<p>A este punto, Ruben Ros\u00f3n ha respondido de manera dura se\u00f1alndo que \u00abtiene bemoles\u00bb que le haya tocado al edil \u00abdar la cara\u00bb por aquellos que \u00abtienen mucho que esconder\u00bb&#8211; en referencia al portavoz &#8216;popular&#8217; y anterior alcalde, Agust\u00edn Iglesias Caunedo&#8211; por el \u00abgrandisimo negocio para vuestros amigos en Villa Magdalena o en el Calatrava\u00bb.<\/p>\n<p>&nbsp;<\/p>\n","protected":false},"excerpt":{"rendered":"<p>El Pleno Municipal de este martes, 6 de septiembre, ha aprobado la modificaci\u00f3n de la Ordenanza General de Terrazas con el voto a favor de los miembros de la coalici\u00f3n de Gobierno formada por PSOE, Somos e Izquierda Unida y la abstenci\u00f3n de los ediles del Partido Popular y Ciudadanos. Tanto el portavoz de Ciudadanos, [&hellip;]<\/p>\n","protected":false},"author":1,"featured_media":674639,"comment_status":"closed","ping_status":"closed","sticky":false,"template":"","format":"standard","meta":{"footnotes":""},"categories":[12],"tags":[],"class_list":["post-906209","post","type-post","status-publish","format-standard","has-post-thumbnail","hentry","category-actualidad-asturias"],"aioseo_notices":[],"aioseo_head":"\n\t\t<!-- All in One SEO Pro 4.9.6.2 - aioseo.com -->\n\t<meta name=\"description\" content=\"El Pleno Municipal de este martes, 6 de septiembre, ha aprobado la modificaci\u00f3n de la Ordenanza General de Terrazas con el voto a favor de los miembros de la coalici\u00f3n de Gobierno formada por PSOE, Somos e Izquierda Unida y la abstenci\u00f3n de los ediles del Partido Popular y Ciudadanos. Tanto el portavoz de Ciudadanos,\" \/>\n\t<meta name=\"robots\" content=\"max-image-preview:large\" \/>\n\t<meta name=\"author\" content=\"El Digital de Asturias\"\/>\n\t<meta name=\"google-site-verification\" content=\"UA-38556648-1\" \/>\n\t<meta name=\"msvalidate.01\" content=\"7dfe9f3f1b24437ab69f4f2559babe99\" \/>\n\t<meta name=\"keywords\" content=\"actualidad asturias\" \/>\n\t<link rel=\"canonical\" href=\"https:\/\/www.eldigitaldeasturias.com\/noticias\/el-pleno-de-oviedo-aprueba-la-modificacion-de-la-ordenanza-de-terrazas\/\" \/>\n\t<meta name=\"generator\" content=\"All in One SEO Pro (AIOSEO) 4.9.6.2\" \/>\n\t\t<meta property=\"og:locale\" content=\"es_ES\" \/>\n\t\t<meta property=\"og:site_name\" content=\"El Digital de Asturias\" \/>\n\t\t<meta property=\"og:type\" content=\"article\" \/>\n\t\t<meta property=\"og:title\" content=\"El Pleno de Oviedo aprueba la modificaci\u00f3n de la ordenanza de terrazas - El Digital de Asturias\" \/>\n\t\t<meta property=\"og:description\" content=\"El Pleno Municipal de este martes, 6 de septiembre, ha aprobado la modificaci\u00f3n de la Ordenanza General de Terrazas con el voto a favor de los miembros de la coalici\u00f3n de Gobierno formada por PSOE, Somos e Izquierda Unida y la abstenci\u00f3n de los ediles del Partido Popular y Ciudadanos. Tanto el portavoz de Ciudadanos,\" \/>\n\t\t<meta property=\"og:url\" content=\"https:\/\/www.eldigitaldeasturias.com\/noticias\/el-pleno-de-oviedo-aprueba-la-modificacion-de-la-ordenanza-de-terrazas\/\" \/>\n\t\t<meta property=\"og:image\" content=\"https:\/\/www.eldigitaldeasturias.com\/noticias\/wp-content\/uploads\/2014\/11\/oviedo.jpg\" \/>\n\t\t<meta property=\"og:image:secure_url\" content=\"https:\/\/www.eldigitaldeasturias.com\/noticias\/wp-content\/uploads\/2014\/11\/oviedo.jpg\" \/>\n\t\t<meta property=\"og:image:width\" content=\"800\" \/>\n\t\t<meta property=\"og:image:height\" content=\"600\" \/>\n\t\t<meta property=\"article:tag\" content=\"actualidad asturias\" \/>\n\t\t<meta property=\"article:published_time\" content=\"2016-09-06T23:18:25+00:00\" \/>\n\t\t<meta property=\"article:modified_time\" content=\"2016-09-06T23:18:25+00:00\" \/>\n\t\t<meta property=\"article:publisher\" content=\"https:\/\/facebook.com\/eldigitaldeasturias\" \/>\n\t\t<meta name=\"twitter:card\" content=\"summary_large_image\" \/>\n\t\t<meta name=\"twitter:title\" content=\"El Pleno de Oviedo aprueba la modificaci\u00f3n de la ordenanza de terrazas - El Digital de Asturias\" \/>\n\t\t<meta name=\"twitter:description\" content=\"El Pleno Municipal de este martes, 6 de septiembre, ha aprobado la modificaci\u00f3n de la Ordenanza General de Terrazas con el voto a favor de los miembros de la coalici\u00f3n de Gobierno formada por PSOE, Somos e Izquierda Unida y la abstenci\u00f3n de los ediles del Partido Popular y Ciudadanos. Tanto el portavoz de Ciudadanos,\" \/>\n\t\t<meta name=\"twitter:image\" content=\"https:\/\/www.eldigitaldeasturias.com\/noticias\/wp-content\/uploads\/2014\/11\/oviedo.jpg\" \/>\n\t\t<meta name=\"twitter:label1\" content=\"Escrito por\" \/>\n\t\t<meta name=\"twitter:data1\" content=\"El Digital de Asturias\" \/>\n\t\t<meta name=\"twitter:label2\" content=\"Tiempo de lectura estimado\" \/>\n\t\t<meta name=\"twitter:data2\" content=\"4 minutos\" \/>\n\t\t<script type=\"application\/ld+json\" class=\"aioseo-schema\">\n\t\t\t{\"@context\":\"https:\\\/\\\/schema.org\",\"@graph\":[{\"@type\":\"BlogPosting\",\"@id\":\"https:\\\/\\\/www.eldigitaldeasturias.com\\\/noticias\\\/el-pleno-de-oviedo-aprueba-la-modificacion-de-la-ordenanza-de-terrazas\\\/#blogposting\",\"name\":\"El Pleno de Oviedo aprueba la modificaci\\u00f3n de la ordenanza de terrazas - El Digital de Asturias\",\"headline\":\"El Pleno de Oviedo aprueba la modificaci\\u00f3n de la ordenanza de terrazas\",\"author\":{\"@id\":\"https:\\\/\\\/www.eldigitaldeasturias.com\\\/noticias\\\/author\\\/admin\\\/#author\"},\"publisher\":{\"@id\":\"https:\\\/\\\/www.eldigitaldeasturias.com\\\/noticias\\\/#organization\"},\"image\":{\"@type\":\"ImageObject\",\"url\":\"https:\\\/\\\/www.eldigitaldeasturias.com\\\/noticias\\\/wp-content\\\/uploads\\\/2014\\\/11\\\/oviedo.jpg\",\"width\":800,\"height\":600},\"datePublished\":\"2016-09-07T00:18:25+02:00\",\"dateModified\":\"2016-09-07T00:18:25+02:00\",\"inLanguage\":\"es-ES\",\"mainEntityOfPage\":{\"@id\":\"https:\\\/\\\/www.eldigitaldeasturias.com\\\/noticias\\\/el-pleno-de-oviedo-aprueba-la-modificacion-de-la-ordenanza-de-terrazas\\\/#webpage\"},\"isPartOf\":{\"@id\":\"https:\\\/\\\/www.eldigitaldeasturias.com\\\/noticias\\\/el-pleno-de-oviedo-aprueba-la-modificacion-de-la-ordenanza-de-terrazas\\\/#webpage\"},\"articleSection\":\"Actualidad Asturias\"},{\"@type\":\"BreadcrumbList\",\"@id\":\"https:\\\/\\\/www.eldigitaldeasturias.com\\\/noticias\\\/el-pleno-de-oviedo-aprueba-la-modificacion-de-la-ordenanza-de-terrazas\\\/#breadcrumblist\",\"itemListElement\":[{\"@type\":\"ListItem\",\"@id\":\"https:\\\/\\\/www.eldigitaldeasturias.com\\\/noticias#listItem\",\"position\":1,\"name\":\"Home\",\"item\":\"https:\\\/\\\/www.eldigitaldeasturias.com\\\/noticias\",\"nextItem\":{\"@type\":\"ListItem\",\"@id\":\"https:\\\/\\\/www.eldigitaldeasturias.com\\\/noticias\\\/category\\\/actualidad-asturias\\\/#listItem\",\"name\":\"Actualidad Asturias\"}},{\"@type\":\"ListItem\",\"@id\":\"https:\\\/\\\/www.eldigitaldeasturias.com\\\/noticias\\\/category\\\/actualidad-asturias\\\/#listItem\",\"position\":2,\"name\":\"Actualidad Asturias\",\"item\":\"https:\\\/\\\/www.eldigitaldeasturias.com\\\/noticias\\\/category\\\/actualidad-asturias\\\/\",\"nextItem\":{\"@type\":\"ListItem\",\"@id\":\"https:\\\/\\\/www.eldigitaldeasturias.com\\\/noticias\\\/el-pleno-de-oviedo-aprueba-la-modificacion-de-la-ordenanza-de-terrazas\\\/#listItem\",\"name\":\"El Pleno de Oviedo aprueba la modificaci\\u00f3n de la ordenanza de terrazas\"},\"previousItem\":{\"@type\":\"ListItem\",\"@id\":\"https:\\\/\\\/www.eldigitaldeasturias.com\\\/noticias#listItem\",\"name\":\"Home\"}},{\"@type\":\"ListItem\",\"@id\":\"https:\\\/\\\/www.eldigitaldeasturias.com\\\/noticias\\\/el-pleno-de-oviedo-aprueba-la-modificacion-de-la-ordenanza-de-terrazas\\\/#listItem\",\"position\":3,\"name\":\"El Pleno de Oviedo aprueba la modificaci\\u00f3n de la ordenanza de terrazas\",\"previousItem\":{\"@type\":\"ListItem\",\"@id\":\"https:\\\/\\\/www.eldigitaldeasturias.com\\\/noticias\\\/category\\\/actualidad-asturias\\\/#listItem\",\"name\":\"Actualidad Asturias\"}}]},{\"@type\":\"Organization\",\"@id\":\"https:\\\/\\\/www.eldigitaldeasturias.com\\\/noticias\\\/#organization\",\"name\":\"El Digital de Asturias\",\"description\":\"Hemeroteca\",\"url\":\"https:\\\/\\\/www.eldigitaldeasturias.com\\\/noticias\\\/\",\"email\":\"info@eldigitaldeasturias.com\",\"telephone\":\"+34652131393\",\"logo\":{\"@type\":\"ImageObject\",\"url\":\"https:\\\/\\\/www.eldigitaldeasturias.com\\\/noticias\\\/wp-content\\\/uploads\\\/2020\\\/12\\\/EDA.jpg\",\"@id\":\"https:\\\/\\\/www.eldigitaldeasturias.com\\\/noticias\\\/el-pleno-de-oviedo-aprueba-la-modificacion-de-la-ordenanza-de-terrazas\\\/#organizationLogo\",\"width\":649,\"height\":297},\"image\":{\"@id\":\"https:\\\/\\\/www.eldigitaldeasturias.com\\\/noticias\\\/el-pleno-de-oviedo-aprueba-la-modificacion-de-la-ordenanza-de-terrazas\\\/#organizationLogo\"},\"sameAs\":[\"https:\\\/\\\/facebook.com\\\/eldigitaldeasturias\",\"https:\\\/\\\/www.youtube.com\\\/channel\\\/UCZP-2wLEB9Rv6erhFmqVnvg\"],\"address\":{\"@id\":\"https:\\\/\\\/www.eldigitaldeasturias.com\\\/noticias\\\/#postaladdress\",\"@type\":\"PostalAddress\",\"streetAddress\":\"san antonio 4,\",\"postalCode\":\"33430\",\"addressLocality\":\"Cand\\u00e1s\",\"addressRegion\":\"Asturias\",\"addressCountry\":\"ES\"}},{\"@type\":\"Person\",\"@id\":\"https:\\\/\\\/www.eldigitaldeasturias.com\\\/noticias\\\/author\\\/admin\\\/#author\",\"url\":\"https:\\\/\\\/www.eldigitaldeasturias.com\\\/noticias\\\/author\\\/admin\\\/\",\"name\":\"El Digital de Asturias\",\"image\":{\"@type\":\"ImageObject\",\"@id\":\"https:\\\/\\\/www.eldigitaldeasturias.com\\\/noticias\\\/el-pleno-de-oviedo-aprueba-la-modificacion-de-la-ordenanza-de-terrazas\\\/#authorImage\",\"url\":\"https:\\\/\\\/www.eldigitaldeasturias.com\\\/noticias\\\/wp-content\\\/litespeed\\\/avatar\\\/18677e78aa0546b92d9dbf31ec7d7668.jpg?ver=1777290358\",\"width\":96,\"height\":96,\"caption\":\"El Digital de Asturias\"}},{\"@type\":\"WebPage\",\"@id\":\"https:\\\/\\\/www.eldigitaldeasturias.com\\\/noticias\\\/el-pleno-de-oviedo-aprueba-la-modificacion-de-la-ordenanza-de-terrazas\\\/#webpage\",\"url\":\"https:\\\/\\\/www.eldigitaldeasturias.com\\\/noticias\\\/el-pleno-de-oviedo-aprueba-la-modificacion-de-la-ordenanza-de-terrazas\\\/\",\"name\":\"El Pleno de Oviedo aprueba la modificaci\\u00f3n de la ordenanza de terrazas - El Digital de Asturias\",\"description\":\"El Pleno Municipal de este martes, 6 de septiembre, ha aprobado la modificaci\\u00f3n de la Ordenanza General de Terrazas con el voto a favor de los miembros de la coalici\\u00f3n de Gobierno formada por PSOE, Somos e Izquierda Unida y la abstenci\\u00f3n de los ediles del Partido Popular y Ciudadanos. Tanto el portavoz de Ciudadanos,\",\"inLanguage\":\"es-ES\",\"isPartOf\":{\"@id\":\"https:\\\/\\\/www.eldigitaldeasturias.com\\\/noticias\\\/#website\"},\"breadcrumb\":{\"@id\":\"https:\\\/\\\/www.eldigitaldeasturias.com\\\/noticias\\\/el-pleno-de-oviedo-aprueba-la-modificacion-de-la-ordenanza-de-terrazas\\\/#breadcrumblist\"},\"author\":{\"@id\":\"https:\\\/\\\/www.eldigitaldeasturias.com\\\/noticias\\\/author\\\/admin\\\/#author\"},\"creator\":{\"@id\":\"https:\\\/\\\/www.eldigitaldeasturias.com\\\/noticias\\\/author\\\/admin\\\/#author\"},\"image\":{\"@type\":\"ImageObject\",\"url\":\"https:\\\/\\\/www.eldigitaldeasturias.com\\\/noticias\\\/wp-content\\\/uploads\\\/2014\\\/11\\\/oviedo.jpg\",\"@id\":\"https:\\\/\\\/www.eldigitaldeasturias.com\\\/noticias\\\/el-pleno-de-oviedo-aprueba-la-modificacion-de-la-ordenanza-de-terrazas\\\/#mainImage\",\"width\":800,\"height\":600},\"primaryImageOfPage\":{\"@id\":\"https:\\\/\\\/www.eldigitaldeasturias.com\\\/noticias\\\/el-pleno-de-oviedo-aprueba-la-modificacion-de-la-ordenanza-de-terrazas\\\/#mainImage\"},\"datePublished\":\"2016-09-07T00:18:25+02:00\",\"dateModified\":\"2016-09-07T00:18:25+02:00\"},{\"@type\":\"WebSite\",\"@id\":\"https:\\\/\\\/www.eldigitaldeasturias.com\\\/noticias\\\/#website\",\"url\":\"https:\\\/\\\/www.eldigitaldeasturias.com\\\/noticias\\\/\",\"name\":\"El Digital de Asturias - Diario de actualidad y noticias\",\"alternateName\":\"El Digital de Asturias - Diario de actualidad y noticias\",\"description\":\"Hemeroteca\",\"inLanguage\":\"es-ES\",\"publisher\":{\"@id\":\"https:\\\/\\\/www.eldigitaldeasturias.com\\\/noticias\\\/#organization\"}}]}\n\t\t<\/script>\n\t\t<!-- All in One SEO Pro -->\r\n\t\t<title>El Pleno de Oviedo aprueba la modificaci\u00f3n de la ordenanza de terrazas - El Digital de Asturias<\/title>\n\n","aioseo_head_json":{"title":"El Pleno de Oviedo aprueba la modificaci\u00f3n de la ordenanza de terrazas - El Digital de Asturias","description":"El Pleno Municipal de este martes, 6 de septiembre, ha aprobado la modificaci\u00f3n de la Ordenanza General de Terrazas con el voto a favor de los miembros de la coalici\u00f3n de Gobierno formada por PSOE, Somos e Izquierda Unida y la abstenci\u00f3n de los ediles del Partido Popular y Ciudadanos. Tanto el portavoz de Ciudadanos,","canonical_url":"https:\/\/www.eldigitaldeasturias.com\/noticias\/el-pleno-de-oviedo-aprueba-la-modificacion-de-la-ordenanza-de-terrazas\/","robots":"max-image-preview:large","keywords":"actualidad asturias","webmasterTools":{"google-site-verification":"UA-38556648-1","msvalidate.01":"7dfe9f3f1b24437ab69f4f2559babe99","miscellaneous":""},"schema":{"@context":"https:\/\/schema.org","@graph":[{"@type":"BlogPosting","@id":"https:\/\/www.eldigitaldeasturias.com\/noticias\/el-pleno-de-oviedo-aprueba-la-modificacion-de-la-ordenanza-de-terrazas\/#blogposting","name":"El Pleno de Oviedo aprueba la modificaci\u00f3n de la ordenanza de terrazas - El Digital de Asturias","headline":"El Pleno de Oviedo aprueba la modificaci\u00f3n de la ordenanza de terrazas","author":{"@id":"https:\/\/www.eldigitaldeasturias.com\/noticias\/author\/admin\/#author"},"publisher":{"@id":"https:\/\/www.eldigitaldeasturias.com\/noticias\/#organization"},"image":{"@type":"ImageObject","url":"https:\/\/www.eldigitaldeasturias.com\/noticias\/wp-content\/uploads\/2014\/11\/oviedo.jpg","width":800,"height":600},"datePublished":"2016-09-07T00:18:25+02:00","dateModified":"2016-09-07T00:18:25+02:00","inLanguage":"es-ES","mainEntityOfPage":{"@id":"https:\/\/www.eldigitaldeasturias.com\/noticias\/el-pleno-de-oviedo-aprueba-la-modificacion-de-la-ordenanza-de-terrazas\/#webpage"},"isPartOf":{"@id":"https:\/\/www.eldigitaldeasturias.com\/noticias\/el-pleno-de-oviedo-aprueba-la-modificacion-de-la-ordenanza-de-terrazas\/#webpage"},"articleSection":"Actualidad Asturias"},{"@type":"BreadcrumbList","@id":"https:\/\/www.eldigitaldeasturias.com\/noticias\/el-pleno-de-oviedo-aprueba-la-modificacion-de-la-ordenanza-de-terrazas\/#breadcrumblist","itemListElement":[{"@type":"ListItem","@id":"https:\/\/www.eldigitaldeasturias.com\/noticias#listItem","position":1,"name":"Home","item":"https:\/\/www.eldigitaldeasturias.com\/noticias","nextItem":{"@type":"ListItem","@id":"https:\/\/www.eldigitaldeasturias.com\/noticias\/category\/actualidad-asturias\/#listItem","name":"Actualidad Asturias"}},{"@type":"ListItem","@id":"https:\/\/www.eldigitaldeasturias.com\/noticias\/category\/actualidad-asturias\/#listItem","position":2,"name":"Actualidad Asturias","item":"https:\/\/www.eldigitaldeasturias.com\/noticias\/category\/actualidad-asturias\/","nextItem":{"@type":"ListItem","@id":"https:\/\/www.eldigitaldeasturias.com\/noticias\/el-pleno-de-oviedo-aprueba-la-modificacion-de-la-ordenanza-de-terrazas\/#listItem","name":"El Pleno de Oviedo aprueba la modificaci\u00f3n de la ordenanza de terrazas"},"previousItem":{"@type":"ListItem","@id":"https:\/\/www.eldigitaldeasturias.com\/noticias#listItem","name":"Home"}},{"@type":"ListItem","@id":"https:\/\/www.eldigitaldeasturias.com\/noticias\/el-pleno-de-oviedo-aprueba-la-modificacion-de-la-ordenanza-de-terrazas\/#listItem","position":3,"name":"El Pleno de Oviedo aprueba la modificaci\u00f3n de la ordenanza de terrazas","previousItem":{"@type":"ListItem","@id":"https:\/\/www.eldigitaldeasturias.com\/noticias\/category\/actualidad-asturias\/#listItem","name":"Actualidad Asturias"}}]},{"@type":"Organization","@id":"https:\/\/www.eldigitaldeasturias.com\/noticias\/#organization","name":"El Digital de Asturias","description":"Hemeroteca","url":"https:\/\/www.eldigitaldeasturias.com\/noticias\/","email":"info@eldigitaldeasturias.com","telephone":"+34652131393","logo":{"@type":"ImageObject","url":"https:\/\/www.eldigitaldeasturias.com\/noticias\/wp-content\/uploads\/2020\/12\/EDA.jpg","@id":"https:\/\/www.eldigitaldeasturias.com\/noticias\/el-pleno-de-oviedo-aprueba-la-modificacion-de-la-ordenanza-de-terrazas\/#organizationLogo","width":649,"height":297},"image":{"@id":"https:\/\/www.eldigitaldeasturias.com\/noticias\/el-pleno-de-oviedo-aprueba-la-modificacion-de-la-ordenanza-de-terrazas\/#organizationLogo"},"sameAs":["https:\/\/facebook.com\/eldigitaldeasturias","https:\/\/www.youtube.com\/channel\/UCZP-2wLEB9Rv6erhFmqVnvg"],"address":{"@id":"https:\/\/www.eldigitaldeasturias.com\/noticias\/#postaladdress","@type":"PostalAddress","streetAddress":"san antonio 4,","postalCode":"33430","addressLocality":"Cand\u00e1s","addressRegion":"Asturias","addressCountry":"ES"}},{"@type":"Person","@id":"https:\/\/www.eldigitaldeasturias.com\/noticias\/author\/admin\/#author","url":"https:\/\/www.eldigitaldeasturias.com\/noticias\/author\/admin\/","name":"El Digital de Asturias","image":{"@type":"ImageObject","@id":"https:\/\/www.eldigitaldeasturias.com\/noticias\/el-pleno-de-oviedo-aprueba-la-modificacion-de-la-ordenanza-de-terrazas\/#authorImage","url":"https:\/\/www.eldigitaldeasturias.com\/noticias\/wp-content\/litespeed\/avatar\/18677e78aa0546b92d9dbf31ec7d7668.jpg?ver=1777290358","width":96,"height":96,"caption":"El Digital de Asturias"}},{"@type":"WebPage","@id":"https:\/\/www.eldigitaldeasturias.com\/noticias\/el-pleno-de-oviedo-aprueba-la-modificacion-de-la-ordenanza-de-terrazas\/#webpage","url":"https:\/\/www.eldigitaldeasturias.com\/noticias\/el-pleno-de-oviedo-aprueba-la-modificacion-de-la-ordenanza-de-terrazas\/","name":"El Pleno de Oviedo aprueba la modificaci\u00f3n de la ordenanza de terrazas - El Digital de Asturias","description":"El Pleno Municipal de este martes, 6 de septiembre, ha aprobado la modificaci\u00f3n de la Ordenanza General de Terrazas con el voto a favor de los miembros de la coalici\u00f3n de Gobierno formada por PSOE, Somos e Izquierda Unida y la abstenci\u00f3n de los ediles del Partido Popular y Ciudadanos. Tanto el portavoz de Ciudadanos,","inLanguage":"es-ES","isPartOf":{"@id":"https:\/\/www.eldigitaldeasturias.com\/noticias\/#website"},"breadcrumb":{"@id":"https:\/\/www.eldigitaldeasturias.com\/noticias\/el-pleno-de-oviedo-aprueba-la-modificacion-de-la-ordenanza-de-terrazas\/#breadcrumblist"},"author":{"@id":"https:\/\/www.eldigitaldeasturias.com\/noticias\/author\/admin\/#author"},"creator":{"@id":"https:\/\/www.eldigitaldeasturias.com\/noticias\/author\/admin\/#author"},"image":{"@type":"ImageObject","url":"https:\/\/www.eldigitaldeasturias.com\/noticias\/wp-content\/uploads\/2014\/11\/oviedo.jpg","@id":"https:\/\/www.eldigitaldeasturias.com\/noticias\/el-pleno-de-oviedo-aprueba-la-modificacion-de-la-ordenanza-de-terrazas\/#mainImage","width":800,"height":600},"primaryImageOfPage":{"@id":"https:\/\/www.eldigitaldeasturias.com\/noticias\/el-pleno-de-oviedo-aprueba-la-modificacion-de-la-ordenanza-de-terrazas\/#mainImage"},"datePublished":"2016-09-07T00:18:25+02:00","dateModified":"2016-09-07T00:18:25+02:00"},{"@type":"WebSite","@id":"https:\/\/www.eldigitaldeasturias.com\/noticias\/#website","url":"https:\/\/www.eldigitaldeasturias.com\/noticias\/","name":"El Digital de Asturias - Diario de actualidad y noticias","alternateName":"El Digital de Asturias - Diario de actualidad y noticias","description":"Hemeroteca","inLanguage":"es-ES","publisher":{"@id":"https:\/\/www.eldigitaldeasturias.com\/noticias\/#organization"}}]},"og:locale":"es_ES","og:site_name":"El Digital de Asturias","og:type":"article","og:title":"El Pleno de Oviedo aprueba la modificaci\u00f3n de la ordenanza de terrazas - El Digital de Asturias","og:description":"El Pleno Municipal de este martes, 6 de septiembre, ha aprobado la modificaci\u00f3n de la Ordenanza General de Terrazas con el voto a favor de los miembros de la coalici\u00f3n de Gobierno formada por PSOE, Somos e Izquierda Unida y la abstenci\u00f3n de los ediles del Partido Popular y Ciudadanos. Tanto el portavoz de Ciudadanos,","og:url":"https:\/\/www.eldigitaldeasturias.com\/noticias\/el-pleno-de-oviedo-aprueba-la-modificacion-de-la-ordenanza-de-terrazas\/","og:image":"https:\/\/www.eldigitaldeasturias.com\/noticias\/wp-content\/uploads\/2014\/11\/oviedo.jpg","og:image:secure_url":"https:\/\/www.eldigitaldeasturias.com\/noticias\/wp-content\/uploads\/2014\/11\/oviedo.jpg","og:image:width":800,"og:image:height":600,"article:tag":["actualidad asturias"],"article:published_time":"2016-09-06T23:18:25+00:00","article:modified_time":"2016-09-06T23:18:25+00:00","article:publisher":"https:\/\/facebook.com\/eldigitaldeasturias","twitter:card":"summary_large_image","twitter:title":"El Pleno de Oviedo aprueba la modificaci\u00f3n de la ordenanza de terrazas - El Digital de Asturias","twitter:description":"El Pleno Municipal de este martes, 6 de septiembre, ha aprobado la modificaci\u00f3n de la Ordenanza General de Terrazas con el voto a favor de los miembros de la coalici\u00f3n de Gobierno formada por PSOE, Somos e Izquierda Unida y la abstenci\u00f3n de los ediles del Partido Popular y Ciudadanos. Tanto el portavoz de Ciudadanos,","twitter:image":"https:\/\/www.eldigitaldeasturias.com\/noticias\/wp-content\/uploads\/2014\/11\/oviedo.jpg","twitter:label1":"Escrito por","twitter:data1":"El Digital de Asturias","twitter:label2":"Tiempo de lectura estimado","twitter:data2":"4 minutos"},"aioseo_meta_data":{"post_id":"906209","title":null,"description":null,"keywords":null,"keyphrases":null,"primary_term":null,"canonical_url":null,"og_title":null,"og_description":null,"og_object_type":"default","og_image_type":"default","og_image_url":null,"og_image_width":null,"og_image_height":null,"og_image_custom_url":null,"og_image_custom_fields":null,"og_video":null,"og_custom_url":null,"og_article_section":null,"og_article_tags":null,"twitter_use_og":false,"twitter_card":"default","twitter_image_type":"default","twitter_image_url":null,"twitter_image_custom_url":null,"twitter_image_custom_fields":null,"twitter_title":null,"twitter_description":null,"schema":{"blockGraphs":[],"customGraphs":[],"default":{"data":{"Article":[],"Course":[],"Dataset":[],"FAQPage":[],"Movie":[],"Person":[],"Product":[],"ProductReview":[],"Car":[],"Recipe":[],"Service":[],"SoftwareApplication":[],"WebPage":[]},"graphName":"","isEnabled":true},"graphs":[],"defaultGraph":"","defaultPostTypeGraph":""},"schema_type":null,"schema_type_options":null,"pillar_content":false,"robots_default":true,"robots_noindex":false,"robots_noarchive":false,"robots_nosnippet":false,"robots_nofollow":false,"robots_noimageindex":false,"robots_noodp":false,"robots_notranslate":false,"robots_max_snippet":null,"robots_max_videopreview":null,"robots_max_imagepreview":"large","priority":null,"frequency":null,"local_seo":null,"seo_analyzer_scan_date":"2025-11-30 08:15:16","breadcrumb_settings":null,"limit_modified_date":false,"open_ai":null,"ai":null,"created":"2020-12-21 14:01:57","updated":"2025-11-30 08:15:16"},"aioseo_breadcrumb":"<div class=\"aioseo-breadcrumbs\"><span class=\"aioseo-breadcrumb\">\n\t<a href=\"https:\/\/www.eldigitaldeasturias.com\/noticias\" title=\"Home\">Home<\/a>\n<\/span><span class=\"aioseo-breadcrumb-separator\">\u2013<\/span><span class=\"aioseo-breadcrumb\">\n\t<a href=\"https:\/\/www.eldigitaldeasturias.com\/noticias\/category\/actualidad-asturias\/\" title=\"Actualidad Asturias\">Actualidad Asturias<\/a>\n<\/span><span class=\"aioseo-breadcrumb-separator\">\u2013<\/span><span class=\"aioseo-breadcrumb\">\n\t<a href=\"https:\/\/www.eldigitaldeasturias.com\/noticias\/el-pleno-de-oviedo-aprueba-la-modificacion-de-la-ordenanza-de-terrazas\/\" title=\"El Pleno de Oviedo aprueba la modificaci\u00f3n de la ordenanza de terrazas\">El Pleno de Oviedo aprueba la modificaci\u00f3n de la ordenanza de terrazas<\/a>\n<\/span><\/div>","aioseo_breadcrumb_json":[{"label":"Home","link":"https:\/\/www.eldigitaldeasturias.com\/noticias"},{"label":"Actualidad Asturias","link":"https:\/\/www.eldigitaldeasturias.com\/noticias\/category\/actualidad-asturias\/"},{"label":"El Pleno de Oviedo aprueba la modificaci\u00f3n de la ordenanza de terrazas","link":"https:\/\/www.eldigitaldeasturias.com\/noticias\/el-pleno-de-oviedo-aprueba-la-modificacion-de-la-ordenanza-de-terrazas\/"}],"_links":{"self":[{"href":"https:\/\/www.eldigitaldeasturias.com\/noticias\/wp-json\/wp\/v2\/posts\/906209","targetHints":{"allow":["GET"]}}],"collection":[{"href":"https:\/\/www.eldigitaldeasturias.com\/noticias\/wp-json\/wp\/v2\/posts"}],"about":[{"href":"https:\/\/www.eldigitaldeasturias.com\/noticias\/wp-json\/wp\/v2\/types\/post"}],"author":[{"embeddable":true,"href":"https:\/\/www.eldigitaldeasturias.com\/noticias\/wp-json\/wp\/v2\/users\/1"}],"replies":[{"embeddable":true,"href":"https:\/\/www.eldigitaldeasturias.com\/noticias\/wp-json\/wp\/v2\/comments?post=906209"}],"version-history":[{"count":0,"href":"https:\/\/www.eldigitaldeasturias.com\/noticias\/wp-json\/wp\/v2\/posts\/906209\/revisions"}],"wp:featuredmedia":[{"embeddable":true,"href":"https:\/\/www.eldigitaldeasturias.com\/noticias\/wp-json\/wp\/v2\/media\/674639"}],"wp:attachment":[{"href":"https:\/\/www.eldigitaldeasturias.com\/noticias\/wp-json\/wp\/v2\/media?parent=906209"}],"wp:term":[{"taxonomy":"category","embeddable":true,"href":"https:\/\/www.eldigitaldeasturias.com\/noticias\/wp-json\/wp\/v2\/categories?post=906209"},{"taxonomy":"post_tag","embeddable":true,"href":"https:\/\/www.eldigitaldeasturias.com\/noticias\/wp-json\/wp\/v2\/tags?post=906209"}],"curies":[{"name":"wp","href":"https:\/\/api.w.org\/{rel}","templated":true}]}}