{"id":906205,"date":"2016-09-07T00:14:23","date_gmt":"2016-09-06T23:14:23","guid":{"rendered":"http:\/\/www.eldigitaldeasturias.com\/noticias\/?p=906205"},"modified":"2016-09-07T00:14:23","modified_gmt":"2016-09-06T23:14:23","slug":"arcelor-activara-proximamente-el-traslado-de-los-trabajadores-de-zumarraga-a-asturias","status":"publish","type":"post","link":"https:\/\/www.eldigitaldeasturias.com\/noticias\/arcelor-activara-proximamente-el-traslado-de-los-trabajadores-de-zumarraga-a-asturias\/","title":{"rendered":"Arcelor activar\u00e1 pr\u00f3ximamente el traslado de los trabajadores de Zumarraga a Asturias"},"content":{"rendered":"<p><img loading=\"lazy\" decoding=\"async\" class=\"alignleft size-medium wp-image-773761\" src=\"https:\/\/www.eldigitaldeasturias.com\/noticias\/wp-content\/uploads\/2015\/03\/acero-360x279.jpg\" alt=\"acero\" width=\"360\" height=\"279\" \/>La direcci\u00f3n de Arcelor Mittal activar\u00e1 en los pr\u00f3ximos d\u00edas el proceso para que los trabajadores de Arcelor Zumarraga (Gipuzkoa) que aceptaron el traslado a Asturias comiencen a incorporarse, \u00abde manera progresiva\u00bb, a sus nuevos puestos, en las factor\u00edas de Avil\u00e9s y Gij\u00f3n, aunque todav\u00eda no hay una fecha definida para ello.<\/p>\n<p>Seg\u00fan han informado fuentes de Arcelor Mittal a Europa Press, todav\u00eda no se ha comunicado a los trabajadores cu\u00e1ndo ser\u00e1n reincorporados a las factor\u00edas asturianas, ya que el proceso \u00abno est\u00e1 definido al cien por cien\u00bb, por lo que \u00abno hay a\u00fan fecha de reincorporaci\u00f3n\u00bb, ni tampoco se ha decidido en qu\u00e9 plantas ser\u00e1n recolocados.<\/p>\n<p>Durante este mes de agosto, los operarios han estado de vacaciones y el centro de formaci\u00f3n que les prepara para sus nuevos desempe\u00f1os ha funcionado \u00aba medio gas\u00bb. Las mismas fuentes han apuntado que se analizar\u00e1 con el comit\u00e9 de empresa de Avil\u00e9s y Gij\u00f3n el proceso de incorporaci\u00f3n, para ver \u00abpuesto a puesto d\u00f3nde ir\u00edan\u00bb los trabajadores.<\/p>\n<p>Asimismo, se abordar\u00e1 la \u00abreducci\u00f3n de procesos de externalizaci\u00f3n de contratas\u00bb, para que se pueda dar la incorporaci\u00f3n de estos 85 operarios procedentes de Zumarraga, que no se incorporar\u00e1n \u00abde golpe\u00bb. Al respecto, la direcci\u00f3n de Arcelor Mittal ha indicado que a algunos operarios es \u00abm\u00e1s f\u00e1cil\u00bb incorporarlos.<\/p>\n<p>Finalmente, Arcelor ha puntualizado que no hay una fecha tope para la incorporaci\u00f3n de estos trabajadores, que est\u00e1n en Expediente de Regulaci\u00f3n Temporal de Empleo (ERTE) hasta el 31 de diciembre. De los 323 operarios de Arcelor Zumarraga, un total de 290 optaron el pasado mes de julio por las bajas incentivadas, tras el cese de la producci\u00f3n de la f\u00e1brica, en la que \u00fanicamente han quedado ocho trabajadores encargados de la gesti\u00f3n de chatarra.<\/p>\n<p>&nbsp;<\/p>\n","protected":false},"excerpt":{"rendered":"<p>La direcci\u00f3n de Arcelor Mittal activar\u00e1 en los pr\u00f3ximos d\u00edas el proceso para que los trabajadores de Arcelor Zumarraga (Gipuzkoa) que aceptaron el traslado a Asturias comiencen a incorporarse, \u00abde manera progresiva\u00bb, a sus nuevos puestos, en las factor\u00edas de Avil\u00e9s y Gij\u00f3n, aunque todav\u00eda no hay una fecha definida para ello. Seg\u00fan han informado [&hellip;]<\/p>\n","protected":false},"author":1,"featured_media":498503,"comment_status":"closed","ping_status":"closed","sticky":false,"template":"","format":"standard","meta":{"footnotes":""},"categories":[1],"tags":[],"class_list":["post-906205","post","type-post","status-publish","format-standard","has-post-thumbnail","hentry","category-actualidad"],"aioseo_notices":[],"aioseo_head":"\n\t\t<!-- All in One SEO Pro 4.9.6.2 - aioseo.com -->\n\t<meta name=\"description\" content=\"La direcci\u00f3n de Arcelor Mittal activar\u00e1 en los pr\u00f3ximos d\u00edas el proceso para que los trabajadores de Arcelor Zumarraga (Gipuzkoa) que aceptaron el traslado a Asturias comiencen a incorporarse, &quot;de manera progresiva&quot;, a sus nuevos puestos, en las factor\u00edas de Avil\u00e9s y Gij\u00f3n, aunque todav\u00eda no hay una fecha definida para ello. Seg\u00fan han informado\" \/>\n\t<meta name=\"robots\" content=\"max-image-preview:large\" \/>\n\t<meta name=\"author\" content=\"El Digital de Asturias\"\/>\n\t<meta name=\"google-site-verification\" content=\"UA-38556648-1\" \/>\n\t<meta name=\"msvalidate.01\" content=\"7dfe9f3f1b24437ab69f4f2559babe99\" \/>\n\t<meta name=\"keywords\" content=\"actualidad\" \/>\n\t<link rel=\"canonical\" href=\"https:\/\/www.eldigitaldeasturias.com\/noticias\/arcelor-activara-proximamente-el-traslado-de-los-trabajadores-de-zumarraga-a-asturias\/\" \/>\n\t<meta name=\"generator\" content=\"All in One SEO Pro (AIOSEO) 4.9.6.2\" \/>\n\t\t<meta property=\"og:locale\" content=\"es_ES\" \/>\n\t\t<meta property=\"og:site_name\" content=\"El Digital de Asturias\" \/>\n\t\t<meta property=\"og:type\" content=\"article\" \/>\n\t\t<meta property=\"og:title\" content=\"Arcelor activar\u00e1 pr\u00f3ximamente el traslado de los trabajadores de Zumarraga a Asturias - El Digital de Asturias\" \/>\n\t\t<meta property=\"og:description\" content=\"La direcci\u00f3n de Arcelor Mittal activar\u00e1 en los pr\u00f3ximos d\u00edas el proceso para que los trabajadores de Arcelor Zumarraga (Gipuzkoa) que aceptaron el traslado a Asturias comiencen a incorporarse, &quot;de manera progresiva&quot;, a sus nuevos puestos, en las factor\u00edas de Avil\u00e9s y Gij\u00f3n, aunque todav\u00eda no hay una fecha definida para ello. Seg\u00fan han informado\" \/>\n\t\t<meta property=\"og:url\" content=\"https:\/\/www.eldigitaldeasturias.com\/noticias\/arcelor-activara-proximamente-el-traslado-de-los-trabajadores-de-zumarraga-a-asturias\/\" \/>\n\t\t<meta property=\"og:image\" content=\"https:\/\/www.eldigitaldeasturias.com\/noticias\/wp-content\/uploads\/2014\/03\/acero.jpg\" \/>\n\t\t<meta property=\"og:image:secure_url\" content=\"https:\/\/www.eldigitaldeasturias.com\/noticias\/wp-content\/uploads\/2014\/03\/acero.jpg\" \/>\n\t\t<meta property=\"og:image:width\" content=\"800\" \/>\n\t\t<meta property=\"og:image:height\" content=\"620\" \/>\n\t\t<meta property=\"article:tag\" content=\"actualidad\" \/>\n\t\t<meta property=\"article:published_time\" content=\"2016-09-06T23:14:23+00:00\" \/>\n\t\t<meta property=\"article:modified_time\" content=\"2016-09-06T23:14:23+00:00\" \/>\n\t\t<meta property=\"article:publisher\" content=\"https:\/\/facebook.com\/eldigitaldeasturias\" \/>\n\t\t<meta name=\"twitter:card\" content=\"summary_large_image\" \/>\n\t\t<meta name=\"twitter:title\" content=\"Arcelor activar\u00e1 pr\u00f3ximamente el traslado de los trabajadores de Zumarraga a Asturias - El Digital de Asturias\" \/>\n\t\t<meta name=\"twitter:description\" content=\"La direcci\u00f3n de Arcelor Mittal activar\u00e1 en los pr\u00f3ximos d\u00edas el proceso para que los trabajadores de Arcelor Zumarraga (Gipuzkoa) que aceptaron el traslado a Asturias comiencen a incorporarse, &quot;de manera progresiva&quot;, a sus nuevos puestos, en las factor\u00edas de Avil\u00e9s y Gij\u00f3n, aunque todav\u00eda no hay una fecha definida para ello. Seg\u00fan han informado\" \/>\n\t\t<meta name=\"twitter:image\" content=\"https:\/\/www.eldigitaldeasturias.com\/noticias\/wp-content\/uploads\/2014\/03\/acero.jpg\" \/>\n\t\t<meta name=\"twitter:label1\" content=\"Escrito por\" \/>\n\t\t<meta name=\"twitter:data1\" content=\"El Digital de Asturias\" \/>\n\t\t<meta name=\"twitter:label2\" content=\"Tiempo de lectura estimado\" \/>\n\t\t<meta name=\"twitter:data2\" content=\"2 minutos\" \/>\n\t\t<script type=\"application\/ld+json\" class=\"aioseo-schema\">\n\t\t\t{\"@context\":\"https:\\\/\\\/schema.org\",\"@graph\":[{\"@type\":\"BlogPosting\",\"@id\":\"https:\\\/\\\/www.eldigitaldeasturias.com\\\/noticias\\\/arcelor-activara-proximamente-el-traslado-de-los-trabajadores-de-zumarraga-a-asturias\\\/#blogposting\",\"name\":\"Arcelor activar\\u00e1 pr\\u00f3ximamente el traslado de los trabajadores de Zumarraga a Asturias - El Digital de Asturias\",\"headline\":\"Arcelor activar\\u00e1 pr\\u00f3ximamente el traslado de los trabajadores de Zumarraga a Asturias\",\"author\":{\"@id\":\"https:\\\/\\\/www.eldigitaldeasturias.com\\\/noticias\\\/author\\\/admin\\\/#author\"},\"publisher\":{\"@id\":\"https:\\\/\\\/www.eldigitaldeasturias.com\\\/noticias\\\/#organization\"},\"image\":{\"@type\":\"ImageObject\",\"url\":\"https:\\\/\\\/www.eldigitaldeasturias.com\\\/noticias\\\/wp-content\\\/uploads\\\/2014\\\/03\\\/acero.jpg\",\"width\":800,\"height\":620},\"datePublished\":\"2016-09-07T00:14:23+02:00\",\"dateModified\":\"2016-09-07T00:14:23+02:00\",\"inLanguage\":\"es-ES\",\"mainEntityOfPage\":{\"@id\":\"https:\\\/\\\/www.eldigitaldeasturias.com\\\/noticias\\\/arcelor-activara-proximamente-el-traslado-de-los-trabajadores-de-zumarraga-a-asturias\\\/#webpage\"},\"isPartOf\":{\"@id\":\"https:\\\/\\\/www.eldigitaldeasturias.com\\\/noticias\\\/arcelor-activara-proximamente-el-traslado-de-los-trabajadores-de-zumarraga-a-asturias\\\/#webpage\"},\"articleSection\":\"Actualidad\"},{\"@type\":\"BreadcrumbList\",\"@id\":\"https:\\\/\\\/www.eldigitaldeasturias.com\\\/noticias\\\/arcelor-activara-proximamente-el-traslado-de-los-trabajadores-de-zumarraga-a-asturias\\\/#breadcrumblist\",\"itemListElement\":[{\"@type\":\"ListItem\",\"@id\":\"https:\\\/\\\/www.eldigitaldeasturias.com\\\/noticias#listItem\",\"position\":1,\"name\":\"Home\",\"item\":\"https:\\\/\\\/www.eldigitaldeasturias.com\\\/noticias\",\"nextItem\":{\"@type\":\"ListItem\",\"@id\":\"https:\\\/\\\/www.eldigitaldeasturias.com\\\/noticias\\\/category\\\/actualidad\\\/#listItem\",\"name\":\"Actualidad\"}},{\"@type\":\"ListItem\",\"@id\":\"https:\\\/\\\/www.eldigitaldeasturias.com\\\/noticias\\\/category\\\/actualidad\\\/#listItem\",\"position\":2,\"name\":\"Actualidad\",\"item\":\"https:\\\/\\\/www.eldigitaldeasturias.com\\\/noticias\\\/category\\\/actualidad\\\/\",\"nextItem\":{\"@type\":\"ListItem\",\"@id\":\"https:\\\/\\\/www.eldigitaldeasturias.com\\\/noticias\\\/arcelor-activara-proximamente-el-traslado-de-los-trabajadores-de-zumarraga-a-asturias\\\/#listItem\",\"name\":\"Arcelor activar\\u00e1 pr\\u00f3ximamente el traslado de los trabajadores de Zumarraga a Asturias\"},\"previousItem\":{\"@type\":\"ListItem\",\"@id\":\"https:\\\/\\\/www.eldigitaldeasturias.com\\\/noticias#listItem\",\"name\":\"Home\"}},{\"@type\":\"ListItem\",\"@id\":\"https:\\\/\\\/www.eldigitaldeasturias.com\\\/noticias\\\/arcelor-activara-proximamente-el-traslado-de-los-trabajadores-de-zumarraga-a-asturias\\\/#listItem\",\"position\":3,\"name\":\"Arcelor activar\\u00e1 pr\\u00f3ximamente el traslado de los trabajadores de Zumarraga a Asturias\",\"previousItem\":{\"@type\":\"ListItem\",\"@id\":\"https:\\\/\\\/www.eldigitaldeasturias.com\\\/noticias\\\/category\\\/actualidad\\\/#listItem\",\"name\":\"Actualidad\"}}]},{\"@type\":\"Organization\",\"@id\":\"https:\\\/\\\/www.eldigitaldeasturias.com\\\/noticias\\\/#organization\",\"name\":\"El Digital de Asturias\",\"description\":\"Hemeroteca\",\"url\":\"https:\\\/\\\/www.eldigitaldeasturias.com\\\/noticias\\\/\",\"email\":\"info@eldigitaldeasturias.com\",\"telephone\":\"+34652131393\",\"logo\":{\"@type\":\"ImageObject\",\"url\":\"https:\\\/\\\/www.eldigitaldeasturias.com\\\/noticias\\\/wp-content\\\/uploads\\\/2020\\\/12\\\/EDA.jpg\",\"@id\":\"https:\\\/\\\/www.eldigitaldeasturias.com\\\/noticias\\\/arcelor-activara-proximamente-el-traslado-de-los-trabajadores-de-zumarraga-a-asturias\\\/#organizationLogo\",\"width\":649,\"height\":297},\"image\":{\"@id\":\"https:\\\/\\\/www.eldigitaldeasturias.com\\\/noticias\\\/arcelor-activara-proximamente-el-traslado-de-los-trabajadores-de-zumarraga-a-asturias\\\/#organizationLogo\"},\"sameAs\":[\"https:\\\/\\\/facebook.com\\\/eldigitaldeasturias\",\"https:\\\/\\\/www.youtube.com\\\/channel\\\/UCZP-2wLEB9Rv6erhFmqVnvg\"],\"address\":{\"@id\":\"https:\\\/\\\/www.eldigitaldeasturias.com\\\/noticias\\\/#postaladdress\",\"@type\":\"PostalAddress\",\"streetAddress\":\"san antonio 4,\",\"postalCode\":\"33430\",\"addressLocality\":\"Cand\\u00e1s\",\"addressRegion\":\"Asturias\",\"addressCountry\":\"ES\"}},{\"@type\":\"Person\",\"@id\":\"https:\\\/\\\/www.eldigitaldeasturias.com\\\/noticias\\\/author\\\/admin\\\/#author\",\"url\":\"https:\\\/\\\/www.eldigitaldeasturias.com\\\/noticias\\\/author\\\/admin\\\/\",\"name\":\"El Digital de Asturias\",\"image\":{\"@type\":\"ImageObject\",\"@id\":\"https:\\\/\\\/www.eldigitaldeasturias.com\\\/noticias\\\/arcelor-activara-proximamente-el-traslado-de-los-trabajadores-de-zumarraga-a-asturias\\\/#authorImage\",\"url\":\"https:\\\/\\\/www.eldigitaldeasturias.com\\\/noticias\\\/wp-content\\\/litespeed\\\/avatar\\\/18677e78aa0546b92d9dbf31ec7d7668.jpg?ver=1777290358\",\"width\":96,\"height\":96,\"caption\":\"El Digital de Asturias\"}},{\"@type\":\"WebPage\",\"@id\":\"https:\\\/\\\/www.eldigitaldeasturias.com\\\/noticias\\\/arcelor-activara-proximamente-el-traslado-de-los-trabajadores-de-zumarraga-a-asturias\\\/#webpage\",\"url\":\"https:\\\/\\\/www.eldigitaldeasturias.com\\\/noticias\\\/arcelor-activara-proximamente-el-traslado-de-los-trabajadores-de-zumarraga-a-asturias\\\/\",\"name\":\"Arcelor activar\\u00e1 pr\\u00f3ximamente el traslado de los trabajadores de Zumarraga a Asturias - El Digital de Asturias\",\"description\":\"La direcci\\u00f3n de Arcelor Mittal activar\\u00e1 en los pr\\u00f3ximos d\\u00edas el proceso para que los trabajadores de Arcelor Zumarraga (Gipuzkoa) que aceptaron el traslado a Asturias comiencen a incorporarse, \\\"de manera progresiva\\\", a sus nuevos puestos, en las factor\\u00edas de Avil\\u00e9s y Gij\\u00f3n, aunque todav\\u00eda no hay una fecha definida para ello. Seg\\u00fan han informado\",\"inLanguage\":\"es-ES\",\"isPartOf\":{\"@id\":\"https:\\\/\\\/www.eldigitaldeasturias.com\\\/noticias\\\/#website\"},\"breadcrumb\":{\"@id\":\"https:\\\/\\\/www.eldigitaldeasturias.com\\\/noticias\\\/arcelor-activara-proximamente-el-traslado-de-los-trabajadores-de-zumarraga-a-asturias\\\/#breadcrumblist\"},\"author\":{\"@id\":\"https:\\\/\\\/www.eldigitaldeasturias.com\\\/noticias\\\/author\\\/admin\\\/#author\"},\"creator\":{\"@id\":\"https:\\\/\\\/www.eldigitaldeasturias.com\\\/noticias\\\/author\\\/admin\\\/#author\"},\"image\":{\"@type\":\"ImageObject\",\"url\":\"https:\\\/\\\/www.eldigitaldeasturias.com\\\/noticias\\\/wp-content\\\/uploads\\\/2014\\\/03\\\/acero.jpg\",\"@id\":\"https:\\\/\\\/www.eldigitaldeasturias.com\\\/noticias\\\/arcelor-activara-proximamente-el-traslado-de-los-trabajadores-de-zumarraga-a-asturias\\\/#mainImage\",\"width\":800,\"height\":620},\"primaryImageOfPage\":{\"@id\":\"https:\\\/\\\/www.eldigitaldeasturias.com\\\/noticias\\\/arcelor-activara-proximamente-el-traslado-de-los-trabajadores-de-zumarraga-a-asturias\\\/#mainImage\"},\"datePublished\":\"2016-09-07T00:14:23+02:00\",\"dateModified\":\"2016-09-07T00:14:23+02:00\"},{\"@type\":\"WebSite\",\"@id\":\"https:\\\/\\\/www.eldigitaldeasturias.com\\\/noticias\\\/#website\",\"url\":\"https:\\\/\\\/www.eldigitaldeasturias.com\\\/noticias\\\/\",\"name\":\"El Digital de Asturias - Diario de actualidad y noticias\",\"alternateName\":\"El Digital de Asturias - Diario de actualidad y noticias\",\"description\":\"Hemeroteca\",\"inLanguage\":\"es-ES\",\"publisher\":{\"@id\":\"https:\\\/\\\/www.eldigitaldeasturias.com\\\/noticias\\\/#organization\"}}]}\n\t\t<\/script>\n\t\t<!-- All in One SEO Pro -->\r\n\t\t<title>Arcelor activar\u00e1 pr\u00f3ximamente el traslado de los trabajadores de Zumarraga a Asturias - El Digital de Asturias<\/title>\n\n","aioseo_head_json":{"title":"Arcelor activar\u00e1 pr\u00f3ximamente el traslado de los trabajadores de Zumarraga a Asturias - El Digital de Asturias","description":"La direcci\u00f3n de Arcelor Mittal activar\u00e1 en los pr\u00f3ximos d\u00edas el proceso para que los trabajadores de Arcelor Zumarraga (Gipuzkoa) que aceptaron el traslado a Asturias comiencen a incorporarse, \"de manera progresiva\", a sus nuevos puestos, en las factor\u00edas de Avil\u00e9s y Gij\u00f3n, aunque todav\u00eda no hay una fecha definida para ello. Seg\u00fan han informado","canonical_url":"https:\/\/www.eldigitaldeasturias.com\/noticias\/arcelor-activara-proximamente-el-traslado-de-los-trabajadores-de-zumarraga-a-asturias\/","robots":"max-image-preview:large","keywords":"actualidad","webmasterTools":{"google-site-verification":"UA-38556648-1","msvalidate.01":"7dfe9f3f1b24437ab69f4f2559babe99","miscellaneous":""},"schema":{"@context":"https:\/\/schema.org","@graph":[{"@type":"BlogPosting","@id":"https:\/\/www.eldigitaldeasturias.com\/noticias\/arcelor-activara-proximamente-el-traslado-de-los-trabajadores-de-zumarraga-a-asturias\/#blogposting","name":"Arcelor activar\u00e1 pr\u00f3ximamente el traslado de los trabajadores de Zumarraga a Asturias - El Digital de Asturias","headline":"Arcelor activar\u00e1 pr\u00f3ximamente el traslado de los trabajadores de Zumarraga a Asturias","author":{"@id":"https:\/\/www.eldigitaldeasturias.com\/noticias\/author\/admin\/#author"},"publisher":{"@id":"https:\/\/www.eldigitaldeasturias.com\/noticias\/#organization"},"image":{"@type":"ImageObject","url":"https:\/\/www.eldigitaldeasturias.com\/noticias\/wp-content\/uploads\/2014\/03\/acero.jpg","width":800,"height":620},"datePublished":"2016-09-07T00:14:23+02:00","dateModified":"2016-09-07T00:14:23+02:00","inLanguage":"es-ES","mainEntityOfPage":{"@id":"https:\/\/www.eldigitaldeasturias.com\/noticias\/arcelor-activara-proximamente-el-traslado-de-los-trabajadores-de-zumarraga-a-asturias\/#webpage"},"isPartOf":{"@id":"https:\/\/www.eldigitaldeasturias.com\/noticias\/arcelor-activara-proximamente-el-traslado-de-los-trabajadores-de-zumarraga-a-asturias\/#webpage"},"articleSection":"Actualidad"},{"@type":"BreadcrumbList","@id":"https:\/\/www.eldigitaldeasturias.com\/noticias\/arcelor-activara-proximamente-el-traslado-de-los-trabajadores-de-zumarraga-a-asturias\/#breadcrumblist","itemListElement":[{"@type":"ListItem","@id":"https:\/\/www.eldigitaldeasturias.com\/noticias#listItem","position":1,"name":"Home","item":"https:\/\/www.eldigitaldeasturias.com\/noticias","nextItem":{"@type":"ListItem","@id":"https:\/\/www.eldigitaldeasturias.com\/noticias\/category\/actualidad\/#listItem","name":"Actualidad"}},{"@type":"ListItem","@id":"https:\/\/www.eldigitaldeasturias.com\/noticias\/category\/actualidad\/#listItem","position":2,"name":"Actualidad","item":"https:\/\/www.eldigitaldeasturias.com\/noticias\/category\/actualidad\/","nextItem":{"@type":"ListItem","@id":"https:\/\/www.eldigitaldeasturias.com\/noticias\/arcelor-activara-proximamente-el-traslado-de-los-trabajadores-de-zumarraga-a-asturias\/#listItem","name":"Arcelor activar\u00e1 pr\u00f3ximamente el traslado de los trabajadores de Zumarraga a Asturias"},"previousItem":{"@type":"ListItem","@id":"https:\/\/www.eldigitaldeasturias.com\/noticias#listItem","name":"Home"}},{"@type":"ListItem","@id":"https:\/\/www.eldigitaldeasturias.com\/noticias\/arcelor-activara-proximamente-el-traslado-de-los-trabajadores-de-zumarraga-a-asturias\/#listItem","position":3,"name":"Arcelor activar\u00e1 pr\u00f3ximamente el traslado de los trabajadores de Zumarraga a Asturias","previousItem":{"@type":"ListItem","@id":"https:\/\/www.eldigitaldeasturias.com\/noticias\/category\/actualidad\/#listItem","name":"Actualidad"}}]},{"@type":"Organization","@id":"https:\/\/www.eldigitaldeasturias.com\/noticias\/#organization","name":"El Digital de Asturias","description":"Hemeroteca","url":"https:\/\/www.eldigitaldeasturias.com\/noticias\/","email":"info@eldigitaldeasturias.com","telephone":"+34652131393","logo":{"@type":"ImageObject","url":"https:\/\/www.eldigitaldeasturias.com\/noticias\/wp-content\/uploads\/2020\/12\/EDA.jpg","@id":"https:\/\/www.eldigitaldeasturias.com\/noticias\/arcelor-activara-proximamente-el-traslado-de-los-trabajadores-de-zumarraga-a-asturias\/#organizationLogo","width":649,"height":297},"image":{"@id":"https:\/\/www.eldigitaldeasturias.com\/noticias\/arcelor-activara-proximamente-el-traslado-de-los-trabajadores-de-zumarraga-a-asturias\/#organizationLogo"},"sameAs":["https:\/\/facebook.com\/eldigitaldeasturias","https:\/\/www.youtube.com\/channel\/UCZP-2wLEB9Rv6erhFmqVnvg"],"address":{"@id":"https:\/\/www.eldigitaldeasturias.com\/noticias\/#postaladdress","@type":"PostalAddress","streetAddress":"san antonio 4,","postalCode":"33430","addressLocality":"Cand\u00e1s","addressRegion":"Asturias","addressCountry":"ES"}},{"@type":"Person","@id":"https:\/\/www.eldigitaldeasturias.com\/noticias\/author\/admin\/#author","url":"https:\/\/www.eldigitaldeasturias.com\/noticias\/author\/admin\/","name":"El Digital de Asturias","image":{"@type":"ImageObject","@id":"https:\/\/www.eldigitaldeasturias.com\/noticias\/arcelor-activara-proximamente-el-traslado-de-los-trabajadores-de-zumarraga-a-asturias\/#authorImage","url":"https:\/\/www.eldigitaldeasturias.com\/noticias\/wp-content\/litespeed\/avatar\/18677e78aa0546b92d9dbf31ec7d7668.jpg?ver=1777290358","width":96,"height":96,"caption":"El Digital de Asturias"}},{"@type":"WebPage","@id":"https:\/\/www.eldigitaldeasturias.com\/noticias\/arcelor-activara-proximamente-el-traslado-de-los-trabajadores-de-zumarraga-a-asturias\/#webpage","url":"https:\/\/www.eldigitaldeasturias.com\/noticias\/arcelor-activara-proximamente-el-traslado-de-los-trabajadores-de-zumarraga-a-asturias\/","name":"Arcelor activar\u00e1 pr\u00f3ximamente el traslado de los trabajadores de Zumarraga a Asturias - El Digital de Asturias","description":"La direcci\u00f3n de Arcelor Mittal activar\u00e1 en los pr\u00f3ximos d\u00edas el proceso para que los trabajadores de Arcelor Zumarraga (Gipuzkoa) que aceptaron el traslado a Asturias comiencen a incorporarse, \"de manera progresiva\", a sus nuevos puestos, en las factor\u00edas de Avil\u00e9s y Gij\u00f3n, aunque todav\u00eda no hay una fecha definida para ello. Seg\u00fan han informado","inLanguage":"es-ES","isPartOf":{"@id":"https:\/\/www.eldigitaldeasturias.com\/noticias\/#website"},"breadcrumb":{"@id":"https:\/\/www.eldigitaldeasturias.com\/noticias\/arcelor-activara-proximamente-el-traslado-de-los-trabajadores-de-zumarraga-a-asturias\/#breadcrumblist"},"author":{"@id":"https:\/\/www.eldigitaldeasturias.com\/noticias\/author\/admin\/#author"},"creator":{"@id":"https:\/\/www.eldigitaldeasturias.com\/noticias\/author\/admin\/#author"},"image":{"@type":"ImageObject","url":"https:\/\/www.eldigitaldeasturias.com\/noticias\/wp-content\/uploads\/2014\/03\/acero.jpg","@id":"https:\/\/www.eldigitaldeasturias.com\/noticias\/arcelor-activara-proximamente-el-traslado-de-los-trabajadores-de-zumarraga-a-asturias\/#mainImage","width":800,"height":620},"primaryImageOfPage":{"@id":"https:\/\/www.eldigitaldeasturias.com\/noticias\/arcelor-activara-proximamente-el-traslado-de-los-trabajadores-de-zumarraga-a-asturias\/#mainImage"},"datePublished":"2016-09-07T00:14:23+02:00","dateModified":"2016-09-07T00:14:23+02:00"},{"@type":"WebSite","@id":"https:\/\/www.eldigitaldeasturias.com\/noticias\/#website","url":"https:\/\/www.eldigitaldeasturias.com\/noticias\/","name":"El Digital de Asturias - Diario de actualidad y noticias","alternateName":"El Digital de Asturias - Diario de actualidad y noticias","description":"Hemeroteca","inLanguage":"es-ES","publisher":{"@id":"https:\/\/www.eldigitaldeasturias.com\/noticias\/#organization"}}]},"og:locale":"es_ES","og:site_name":"El Digital de Asturias","og:type":"article","og:title":"Arcelor activar\u00e1 pr\u00f3ximamente el traslado de los trabajadores de Zumarraga a Asturias - El Digital de Asturias","og:description":"La direcci\u00f3n de Arcelor Mittal activar\u00e1 en los pr\u00f3ximos d\u00edas el proceso para que los trabajadores de Arcelor Zumarraga (Gipuzkoa) que aceptaron el traslado a Asturias comiencen a incorporarse, &quot;de manera progresiva&quot;, a sus nuevos puestos, en las factor\u00edas de Avil\u00e9s y Gij\u00f3n, aunque todav\u00eda no hay una fecha definida para ello. Seg\u00fan han informado","og:url":"https:\/\/www.eldigitaldeasturias.com\/noticias\/arcelor-activara-proximamente-el-traslado-de-los-trabajadores-de-zumarraga-a-asturias\/","og:image":"https:\/\/www.eldigitaldeasturias.com\/noticias\/wp-content\/uploads\/2014\/03\/acero.jpg","og:image:secure_url":"https:\/\/www.eldigitaldeasturias.com\/noticias\/wp-content\/uploads\/2014\/03\/acero.jpg","og:image:width":800,"og:image:height":620,"article:tag":["actualidad"],"article:published_time":"2016-09-06T23:14:23+00:00","article:modified_time":"2016-09-06T23:14:23+00:00","article:publisher":"https:\/\/facebook.com\/eldigitaldeasturias","twitter:card":"summary_large_image","twitter:title":"Arcelor activar\u00e1 pr\u00f3ximamente el traslado de los trabajadores de Zumarraga a Asturias - El Digital de Asturias","twitter:description":"La direcci\u00f3n de Arcelor Mittal activar\u00e1 en los pr\u00f3ximos d\u00edas el proceso para que los trabajadores de Arcelor Zumarraga (Gipuzkoa) que aceptaron el traslado a Asturias comiencen a incorporarse, &quot;de manera progresiva&quot;, a sus nuevos puestos, en las factor\u00edas de Avil\u00e9s y Gij\u00f3n, aunque todav\u00eda no hay una fecha definida para ello. Seg\u00fan han informado","twitter:image":"https:\/\/www.eldigitaldeasturias.com\/noticias\/wp-content\/uploads\/2014\/03\/acero.jpg","twitter:label1":"Escrito por","twitter:data1":"El Digital de Asturias","twitter:label2":"Tiempo de lectura estimado","twitter:data2":"2 minutos"},"aioseo_meta_data":{"post_id":"906205","title":null,"description":null,"keywords":null,"keyphrases":null,"primary_term":null,"canonical_url":null,"og_title":null,"og_description":null,"og_object_type":"default","og_image_type":"default","og_image_url":null,"og_image_width":null,"og_image_height":null,"og_image_custom_url":null,"og_image_custom_fields":null,"og_video":null,"og_custom_url":null,"og_article_section":null,"og_article_tags":null,"twitter_use_og":false,"twitter_card":"default","twitter_image_type":"default","twitter_image_url":null,"twitter_image_custom_url":null,"twitter_image_custom_fields":null,"twitter_title":null,"twitter_description":null,"schema":{"blockGraphs":[],"customGraphs":[],"default":{"data":{"Article":[],"Course":[],"Dataset":[],"FAQPage":[],"Movie":[],"Person":[],"Product":[],"ProductReview":[],"Car":[],"Recipe":[],"Service":[],"SoftwareApplication":[],"WebPage":[]},"graphName":"","isEnabled":true},"graphs":[],"defaultGraph":"","defaultPostTypeGraph":""},"schema_type":null,"schema_type_options":null,"pillar_content":false,"robots_default":true,"robots_noindex":false,"robots_noarchive":false,"robots_nosnippet":false,"robots_nofollow":false,"robots_noimageindex":false,"robots_noodp":false,"robots_notranslate":false,"robots_max_snippet":null,"robots_max_videopreview":null,"robots_max_imagepreview":"large","priority":null,"frequency":null,"local_seo":null,"seo_analyzer_scan_date":"2025-11-30 08:13:16","breadcrumb_settings":null,"limit_modified_date":false,"open_ai":null,"ai":null,"created":"2020-12-21 14:01:57","updated":"2025-11-30 08:13:16"},"aioseo_breadcrumb":"<div class=\"aioseo-breadcrumbs\"><span class=\"aioseo-breadcrumb\">\n\t<a href=\"https:\/\/www.eldigitaldeasturias.com\/noticias\" title=\"Home\">Home<\/a>\n<\/span><span class=\"aioseo-breadcrumb-separator\">\u2013<\/span><span class=\"aioseo-breadcrumb\">\n\t<a href=\"https:\/\/www.eldigitaldeasturias.com\/noticias\/category\/actualidad\/\" title=\"Actualidad\">Actualidad<\/a>\n<\/span><span class=\"aioseo-breadcrumb-separator\">\u2013<\/span><span class=\"aioseo-breadcrumb\">\n\t<a href=\"https:\/\/www.eldigitaldeasturias.com\/noticias\/arcelor-activara-proximamente-el-traslado-de-los-trabajadores-de-zumarraga-a-asturias\/\" title=\"Arcelor activar\u00e1 pr\u00f3ximamente el traslado de los trabajadores de Zumarraga a Asturias\">Arcelor activar\u00e1 pr\u00f3ximamente el traslado de los trabajadores de Zumarraga a Asturias<\/a>\n<\/span><\/div>","aioseo_breadcrumb_json":[{"label":"Home","link":"https:\/\/www.eldigitaldeasturias.com\/noticias"},{"label":"Actualidad","link":"https:\/\/www.eldigitaldeasturias.com\/noticias\/category\/actualidad\/"},{"label":"Arcelor activar\u00e1 pr\u00f3ximamente el traslado de los trabajadores de Zumarraga a Asturias","link":"https:\/\/www.eldigitaldeasturias.com\/noticias\/arcelor-activara-proximamente-el-traslado-de-los-trabajadores-de-zumarraga-a-asturias\/"}],"_links":{"self":[{"href":"https:\/\/www.eldigitaldeasturias.com\/noticias\/wp-json\/wp\/v2\/posts\/906205","targetHints":{"allow":["GET"]}}],"collection":[{"href":"https:\/\/www.eldigitaldeasturias.com\/noticias\/wp-json\/wp\/v2\/posts"}],"about":[{"href":"https:\/\/www.eldigitaldeasturias.com\/noticias\/wp-json\/wp\/v2\/types\/post"}],"author":[{"embeddable":true,"href":"https:\/\/www.eldigitaldeasturias.com\/noticias\/wp-json\/wp\/v2\/users\/1"}],"replies":[{"embeddable":true,"href":"https:\/\/www.eldigitaldeasturias.com\/noticias\/wp-json\/wp\/v2\/comments?post=906205"}],"version-history":[{"count":0,"href":"https:\/\/www.eldigitaldeasturias.com\/noticias\/wp-json\/wp\/v2\/posts\/906205\/revisions"}],"wp:featuredmedia":[{"embeddable":true,"href":"https:\/\/www.eldigitaldeasturias.com\/noticias\/wp-json\/wp\/v2\/media\/498503"}],"wp:attachment":[{"href":"https:\/\/www.eldigitaldeasturias.com\/noticias\/wp-json\/wp\/v2\/media?parent=906205"}],"wp:term":[{"taxonomy":"category","embeddable":true,"href":"https:\/\/www.eldigitaldeasturias.com\/noticias\/wp-json\/wp\/v2\/categories?post=906205"},{"taxonomy":"post_tag","embeddable":true,"href":"https:\/\/www.eldigitaldeasturias.com\/noticias\/wp-json\/wp\/v2\/tags?post=906205"}],"curies":[{"name":"wp","href":"https:\/\/api.w.org\/{rel}","templated":true}]}}