{"id":906200,"date":"2016-09-07T00:09:59","date_gmt":"2016-09-06T23:09:59","guid":{"rendered":"http:\/\/www.eldigitaldeasturias.com\/noticias\/?p=906200"},"modified":"2016-09-07T00:09:59","modified_gmt":"2016-09-06T23:09:59","slug":"edp-sera-el-principal-patrocinador-del-medio-maraton-de-la-mujer-en-madrid","status":"publish","type":"post","link":"https:\/\/www.eldigitaldeasturias.com\/noticias\/edp-sera-el-principal-patrocinador-del-medio-maraton-de-la-mujer-en-madrid\/","title":{"rendered":"EDP ser\u00e1 el principal patrocinador del Medio Marat\u00f3n de la Mujer en Madrid"},"content":{"rendered":"<p><img loading=\"lazy\" decoding=\"async\" class=\"alignleft size-medium wp-image-906201\" src=\"https:\/\/www.eldigitaldeasturias.com\/noticias\/wp-content\/uploads\/2016\/09\/fotonoticia_20160906175719_800-360x240.jpg\" alt=\"fotonoticia_20160906175719_800\" width=\"360\" height=\"240\" srcset=\"https:\/\/www.eldigitaldeasturias.com\/noticias\/wp-content\/uploads\/2016\/09\/fotonoticia_20160906175719_800-360x240.jpg 360w, https:\/\/www.eldigitaldeasturias.com\/noticias\/wp-content\/uploads\/2016\/09\/fotonoticia_20160906175719_800-768x513.jpg 768w, https:\/\/www.eldigitaldeasturias.com\/noticias\/wp-content\/uploads\/2016\/09\/fotonoticia_20160906175719_800-650x434.jpg 650w, https:\/\/www.eldigitaldeasturias.com\/noticias\/wp-content\/uploads\/2016\/09\/fotonoticia_20160906175719_800-84x55.jpg 84w, https:\/\/www.eldigitaldeasturias.com\/noticias\/wp-content\/uploads\/2016\/09\/fotonoticia_20160906175719_800-49x32.jpg 49w, https:\/\/www.eldigitaldeasturias.com\/noticias\/wp-content\/uploads\/2016\/09\/fotonoticia_20160906175719_800.jpg 800w\" sizes=\"auto, (max-width: 360px) 100vw, 360px\" \/>La compa\u00f1\u00eda EDP ha sido presentada este martes en la sede del Consejo Superior de Deportes como el principal patrocinador del Medio Marat\u00f3n de la Mujer, que se celebrar\u00e1 en Madrid el pr\u00f3ximo 23 de octubre.<\/p>\n<p>La presentaci\u00f3n ha sido conducida por la deportista ol\u00edmpica Sara \u00c1lvarez, subdirectora de Sport Life, que valor\u00f3 positivamente el recorrido de esta prueba. \u00abEs una gu\u00eda de lo que no hay que perderse cuando visitas Madrid, como su espectacular salida en Paseo del Prado, el paso por Castellana, Puerta de Alcal\u00e1, Sol, Bail\u00e9n, Ronda de Toledo y la meta en Matadero Madrid\u00bb, ha explicado, seg\u00fan ha explicado EDP a trav\u00e9s de una nota de prensa.<\/p>\n<p>La maratoniana Azucena D\u00edaz, representante espa\u00f1ola en R\u00edo 2016, coment\u00f3 que este medio marat\u00f3n supone un \u00abextra de motivaci\u00f3n para recuperarme despu\u00e9s de los Juegos Ol\u00edmpicos\u00bb. Azucena buscar\u00e1 lograr una buena marca en las calles madrile\u00f1as.<\/p>\n<p>Asimismo, la campeona de Espa\u00f1a de Paratriatl\u00f3n, Eva Moral, tambi\u00e9n estar\u00e1 en la l\u00ednea de salida. \u00abMe hace mucha ilusi\u00f3n competir en Madrid, despu\u00e9s de ver c\u00f3mo los atletas en silla de ruedas compiten al m\u00e1ximo en muchas de las ciudades del mundo que he podido visitar. La pendiente favorable del circuito invita a los atletas a volar, bajaremos a tope, sin dejarnos nada\u00bb, afirm\u00f3.<\/p>\n<p>Entre las personalidades que acudieron al acto en el CSD en Madrid, estuvieron el consejero director general corporativo y comercial de EDP Espa\u00f1a, Javier S\u00e1enz de Jubera, Jos\u00e9 Mar\u00eda Odriozola (presidente de la Real Federaci\u00f3n Espa\u00f1ola de Atletismo), Javier Odriozola (Director General de Deportes del ayuntamiento de Madrid), y Mar\u00eda Wandosell, Consejera Delegada de Motorpress Ib\u00e9rica.<\/p>\n<p>\u00abCuando salgo a correr fuera de Espa\u00f1a, observo como el n\u00famero de chicas es superior al de los hombres, y tambi\u00e9n mucho m\u00e1s j\u00f3venes que aqu\u00ed. Para EDP esta es una forma de apoyar significativamente el deporte femenino\u00bb, asegur\u00f3 Javier S\u00e1enz de Jubera.<\/p>\n<p>El Edp Medio Marat\u00f3n de la Mujer de Madrid est\u00e1 organizado por Sport Life junto a Komodo Comunicaci\u00f3n, con la colaboraci\u00f3n con el Ayuntamiento de Madrid. Estar\u00e1 incluido en el Calendario Internacional de la Real Federaci\u00f3n Espa\u00f1ola de Atletismo.<\/p>\n<p>&nbsp;<\/p>\n","protected":false},"excerpt":{"rendered":"<p>La compa\u00f1\u00eda EDP ha sido presentada este martes en la sede del Consejo Superior de Deportes como el principal patrocinador del Medio Marat\u00f3n de la Mujer, que se celebrar\u00e1 en Madrid el pr\u00f3ximo 23 de octubre. La presentaci\u00f3n ha sido conducida por la deportista ol\u00edmpica Sara \u00c1lvarez, subdirectora de Sport Life, que valor\u00f3 positivamente el [&hellip;]<\/p>\n","protected":false},"author":1,"featured_media":906201,"comment_status":"closed","ping_status":"closed","sticky":false,"template":"","format":"standard","meta":{"footnotes":""},"categories":[1],"tags":[],"class_list":["post-906200","post","type-post","status-publish","format-standard","has-post-thumbnail","hentry","category-actualidad"],"aioseo_notices":[],"aioseo_head":"\n\t\t<!-- All in One SEO Pro 4.9.6.2 - aioseo.com -->\n\t<meta name=\"description\" content=\"La compa\u00f1\u00eda EDP ha sido presentada este martes en la sede del Consejo Superior de Deportes como el principal patrocinador del Medio Marat\u00f3n de la Mujer, que se celebrar\u00e1 en Madrid el pr\u00f3ximo 23 de octubre. La presentaci\u00f3n ha sido conducida por la deportista ol\u00edmpica Sara \u00c1lvarez, subdirectora de Sport Life, que valor\u00f3 positivamente el\" \/>\n\t<meta name=\"robots\" content=\"max-image-preview:large\" \/>\n\t<meta name=\"author\" content=\"El Digital de Asturias\"\/>\n\t<meta name=\"google-site-verification\" content=\"UA-38556648-1\" \/>\n\t<meta name=\"msvalidate.01\" content=\"7dfe9f3f1b24437ab69f4f2559babe99\" \/>\n\t<meta name=\"keywords\" content=\"actualidad\" \/>\n\t<link rel=\"canonical\" href=\"https:\/\/www.eldigitaldeasturias.com\/noticias\/edp-sera-el-principal-patrocinador-del-medio-maraton-de-la-mujer-en-madrid\/\" \/>\n\t<meta name=\"generator\" content=\"All in One SEO Pro (AIOSEO) 4.9.6.2\" \/>\n\t\t<meta property=\"og:locale\" content=\"es_ES\" \/>\n\t\t<meta property=\"og:site_name\" content=\"El Digital de Asturias\" \/>\n\t\t<meta property=\"og:type\" content=\"article\" \/>\n\t\t<meta property=\"og:title\" content=\"EDP ser\u00e1 el principal patrocinador del Medio Marat\u00f3n de la Mujer en Madrid - El Digital de Asturias\" \/>\n\t\t<meta property=\"og:description\" content=\"La compa\u00f1\u00eda EDP ha sido presentada este martes en la sede del Consejo Superior de Deportes como el principal patrocinador del Medio Marat\u00f3n de la Mujer, que se celebrar\u00e1 en Madrid el pr\u00f3ximo 23 de octubre. La presentaci\u00f3n ha sido conducida por la deportista ol\u00edmpica Sara \u00c1lvarez, subdirectora de Sport Life, que valor\u00f3 positivamente el\" \/>\n\t\t<meta property=\"og:url\" content=\"https:\/\/www.eldigitaldeasturias.com\/noticias\/edp-sera-el-principal-patrocinador-del-medio-maraton-de-la-mujer-en-madrid\/\" \/>\n\t\t<meta property=\"og:image\" content=\"https:\/\/www.eldigitaldeasturias.com\/noticias\/wp-content\/uploads\/2016\/09\/fotonoticia_20160906175719_800.jpg\" \/>\n\t\t<meta property=\"og:image:secure_url\" content=\"https:\/\/www.eldigitaldeasturias.com\/noticias\/wp-content\/uploads\/2016\/09\/fotonoticia_20160906175719_800.jpg\" \/>\n\t\t<meta property=\"og:image:width\" content=\"800\" \/>\n\t\t<meta property=\"og:image:height\" content=\"534\" \/>\n\t\t<meta property=\"article:tag\" content=\"actualidad\" \/>\n\t\t<meta property=\"article:published_time\" content=\"2016-09-06T23:09:59+00:00\" \/>\n\t\t<meta property=\"article:modified_time\" content=\"2016-09-06T23:09:59+00:00\" \/>\n\t\t<meta property=\"article:publisher\" content=\"https:\/\/facebook.com\/eldigitaldeasturias\" \/>\n\t\t<meta name=\"twitter:card\" content=\"summary_large_image\" \/>\n\t\t<meta name=\"twitter:title\" content=\"EDP ser\u00e1 el principal patrocinador del Medio Marat\u00f3n de la Mujer en Madrid - El Digital de Asturias\" \/>\n\t\t<meta name=\"twitter:description\" content=\"La compa\u00f1\u00eda EDP ha sido presentada este martes en la sede del Consejo Superior de Deportes como el principal patrocinador del Medio Marat\u00f3n de la Mujer, que se celebrar\u00e1 en Madrid el pr\u00f3ximo 23 de octubre. La presentaci\u00f3n ha sido conducida por la deportista ol\u00edmpica Sara \u00c1lvarez, subdirectora de Sport Life, que valor\u00f3 positivamente el\" \/>\n\t\t<meta name=\"twitter:image\" content=\"https:\/\/www.eldigitaldeasturias.com\/noticias\/wp-content\/uploads\/2016\/09\/fotonoticia_20160906175719_800.jpg\" \/>\n\t\t<meta name=\"twitter:label1\" content=\"Escrito por\" \/>\n\t\t<meta name=\"twitter:data1\" content=\"El Digital de Asturias\" \/>\n\t\t<meta name=\"twitter:label2\" content=\"Tiempo de lectura estimado\" \/>\n\t\t<meta name=\"twitter:data2\" content=\"2 minutos\" \/>\n\t\t<script type=\"application\/ld+json\" class=\"aioseo-schema\">\n\t\t\t{\"@context\":\"https:\\\/\\\/schema.org\",\"@graph\":[{\"@type\":\"BlogPosting\",\"@id\":\"https:\\\/\\\/www.eldigitaldeasturias.com\\\/noticias\\\/edp-sera-el-principal-patrocinador-del-medio-maraton-de-la-mujer-en-madrid\\\/#blogposting\",\"name\":\"EDP ser\\u00e1 el principal patrocinador del Medio Marat\\u00f3n de la Mujer en Madrid - El Digital de Asturias\",\"headline\":\"EDP ser\\u00e1 el principal patrocinador del Medio Marat\\u00f3n de la Mujer en Madrid\",\"author\":{\"@id\":\"https:\\\/\\\/www.eldigitaldeasturias.com\\\/noticias\\\/author\\\/admin\\\/#author\"},\"publisher\":{\"@id\":\"https:\\\/\\\/www.eldigitaldeasturias.com\\\/noticias\\\/#organization\"},\"image\":{\"@type\":\"ImageObject\",\"url\":\"https:\\\/\\\/www.eldigitaldeasturias.com\\\/noticias\\\/wp-content\\\/uploads\\\/2016\\\/09\\\/fotonoticia_20160906175719_800.jpg\",\"width\":800,\"height\":534},\"datePublished\":\"2016-09-07T00:09:59+02:00\",\"dateModified\":\"2016-09-07T00:09:59+02:00\",\"inLanguage\":\"es-ES\",\"mainEntityOfPage\":{\"@id\":\"https:\\\/\\\/www.eldigitaldeasturias.com\\\/noticias\\\/edp-sera-el-principal-patrocinador-del-medio-maraton-de-la-mujer-en-madrid\\\/#webpage\"},\"isPartOf\":{\"@id\":\"https:\\\/\\\/www.eldigitaldeasturias.com\\\/noticias\\\/edp-sera-el-principal-patrocinador-del-medio-maraton-de-la-mujer-en-madrid\\\/#webpage\"},\"articleSection\":\"Actualidad\"},{\"@type\":\"BreadcrumbList\",\"@id\":\"https:\\\/\\\/www.eldigitaldeasturias.com\\\/noticias\\\/edp-sera-el-principal-patrocinador-del-medio-maraton-de-la-mujer-en-madrid\\\/#breadcrumblist\",\"itemListElement\":[{\"@type\":\"ListItem\",\"@id\":\"https:\\\/\\\/www.eldigitaldeasturias.com\\\/noticias#listItem\",\"position\":1,\"name\":\"Home\",\"item\":\"https:\\\/\\\/www.eldigitaldeasturias.com\\\/noticias\",\"nextItem\":{\"@type\":\"ListItem\",\"@id\":\"https:\\\/\\\/www.eldigitaldeasturias.com\\\/noticias\\\/category\\\/actualidad\\\/#listItem\",\"name\":\"Actualidad\"}},{\"@type\":\"ListItem\",\"@id\":\"https:\\\/\\\/www.eldigitaldeasturias.com\\\/noticias\\\/category\\\/actualidad\\\/#listItem\",\"position\":2,\"name\":\"Actualidad\",\"item\":\"https:\\\/\\\/www.eldigitaldeasturias.com\\\/noticias\\\/category\\\/actualidad\\\/\",\"nextItem\":{\"@type\":\"ListItem\",\"@id\":\"https:\\\/\\\/www.eldigitaldeasturias.com\\\/noticias\\\/edp-sera-el-principal-patrocinador-del-medio-maraton-de-la-mujer-en-madrid\\\/#listItem\",\"name\":\"EDP ser\\u00e1 el principal patrocinador del Medio Marat\\u00f3n de la Mujer en Madrid\"},\"previousItem\":{\"@type\":\"ListItem\",\"@id\":\"https:\\\/\\\/www.eldigitaldeasturias.com\\\/noticias#listItem\",\"name\":\"Home\"}},{\"@type\":\"ListItem\",\"@id\":\"https:\\\/\\\/www.eldigitaldeasturias.com\\\/noticias\\\/edp-sera-el-principal-patrocinador-del-medio-maraton-de-la-mujer-en-madrid\\\/#listItem\",\"position\":3,\"name\":\"EDP ser\\u00e1 el principal patrocinador del Medio Marat\\u00f3n de la Mujer en Madrid\",\"previousItem\":{\"@type\":\"ListItem\",\"@id\":\"https:\\\/\\\/www.eldigitaldeasturias.com\\\/noticias\\\/category\\\/actualidad\\\/#listItem\",\"name\":\"Actualidad\"}}]},{\"@type\":\"Organization\",\"@id\":\"https:\\\/\\\/www.eldigitaldeasturias.com\\\/noticias\\\/#organization\",\"name\":\"El Digital de Asturias\",\"description\":\"Hemeroteca\",\"url\":\"https:\\\/\\\/www.eldigitaldeasturias.com\\\/noticias\\\/\",\"email\":\"info@eldigitaldeasturias.com\",\"telephone\":\"+34652131393\",\"logo\":{\"@type\":\"ImageObject\",\"url\":\"https:\\\/\\\/www.eldigitaldeasturias.com\\\/noticias\\\/wp-content\\\/uploads\\\/2020\\\/12\\\/EDA.jpg\",\"@id\":\"https:\\\/\\\/www.eldigitaldeasturias.com\\\/noticias\\\/edp-sera-el-principal-patrocinador-del-medio-maraton-de-la-mujer-en-madrid\\\/#organizationLogo\",\"width\":649,\"height\":297},\"image\":{\"@id\":\"https:\\\/\\\/www.eldigitaldeasturias.com\\\/noticias\\\/edp-sera-el-principal-patrocinador-del-medio-maraton-de-la-mujer-en-madrid\\\/#organizationLogo\"},\"sameAs\":[\"https:\\\/\\\/facebook.com\\\/eldigitaldeasturias\",\"https:\\\/\\\/www.youtube.com\\\/channel\\\/UCZP-2wLEB9Rv6erhFmqVnvg\"],\"address\":{\"@id\":\"https:\\\/\\\/www.eldigitaldeasturias.com\\\/noticias\\\/#postaladdress\",\"@type\":\"PostalAddress\",\"streetAddress\":\"san antonio 4,\",\"postalCode\":\"33430\",\"addressLocality\":\"Cand\\u00e1s\",\"addressRegion\":\"Asturias\",\"addressCountry\":\"ES\"}},{\"@type\":\"Person\",\"@id\":\"https:\\\/\\\/www.eldigitaldeasturias.com\\\/noticias\\\/author\\\/admin\\\/#author\",\"url\":\"https:\\\/\\\/www.eldigitaldeasturias.com\\\/noticias\\\/author\\\/admin\\\/\",\"name\":\"El Digital de Asturias\",\"image\":{\"@type\":\"ImageObject\",\"@id\":\"https:\\\/\\\/www.eldigitaldeasturias.com\\\/noticias\\\/edp-sera-el-principal-patrocinador-del-medio-maraton-de-la-mujer-en-madrid\\\/#authorImage\",\"url\":\"https:\\\/\\\/www.eldigitaldeasturias.com\\\/noticias\\\/wp-content\\\/litespeed\\\/avatar\\\/18677e78aa0546b92d9dbf31ec7d7668.jpg?ver=1777290358\",\"width\":96,\"height\":96,\"caption\":\"El Digital de Asturias\"}},{\"@type\":\"WebPage\",\"@id\":\"https:\\\/\\\/www.eldigitaldeasturias.com\\\/noticias\\\/edp-sera-el-principal-patrocinador-del-medio-maraton-de-la-mujer-en-madrid\\\/#webpage\",\"url\":\"https:\\\/\\\/www.eldigitaldeasturias.com\\\/noticias\\\/edp-sera-el-principal-patrocinador-del-medio-maraton-de-la-mujer-en-madrid\\\/\",\"name\":\"EDP ser\\u00e1 el principal patrocinador del Medio Marat\\u00f3n de la Mujer en Madrid - El Digital de Asturias\",\"description\":\"La compa\\u00f1\\u00eda EDP ha sido presentada este martes en la sede del Consejo Superior de Deportes como el principal patrocinador del Medio Marat\\u00f3n de la Mujer, que se celebrar\\u00e1 en Madrid el pr\\u00f3ximo 23 de octubre. La presentaci\\u00f3n ha sido conducida por la deportista ol\\u00edmpica Sara \\u00c1lvarez, subdirectora de Sport Life, que valor\\u00f3 positivamente el\",\"inLanguage\":\"es-ES\",\"isPartOf\":{\"@id\":\"https:\\\/\\\/www.eldigitaldeasturias.com\\\/noticias\\\/#website\"},\"breadcrumb\":{\"@id\":\"https:\\\/\\\/www.eldigitaldeasturias.com\\\/noticias\\\/edp-sera-el-principal-patrocinador-del-medio-maraton-de-la-mujer-en-madrid\\\/#breadcrumblist\"},\"author\":{\"@id\":\"https:\\\/\\\/www.eldigitaldeasturias.com\\\/noticias\\\/author\\\/admin\\\/#author\"},\"creator\":{\"@id\":\"https:\\\/\\\/www.eldigitaldeasturias.com\\\/noticias\\\/author\\\/admin\\\/#author\"},\"image\":{\"@type\":\"ImageObject\",\"url\":\"https:\\\/\\\/www.eldigitaldeasturias.com\\\/noticias\\\/wp-content\\\/uploads\\\/2016\\\/09\\\/fotonoticia_20160906175719_800.jpg\",\"@id\":\"https:\\\/\\\/www.eldigitaldeasturias.com\\\/noticias\\\/edp-sera-el-principal-patrocinador-del-medio-maraton-de-la-mujer-en-madrid\\\/#mainImage\",\"width\":800,\"height\":534},\"primaryImageOfPage\":{\"@id\":\"https:\\\/\\\/www.eldigitaldeasturias.com\\\/noticias\\\/edp-sera-el-principal-patrocinador-del-medio-maraton-de-la-mujer-en-madrid\\\/#mainImage\"},\"datePublished\":\"2016-09-07T00:09:59+02:00\",\"dateModified\":\"2016-09-07T00:09:59+02:00\"},{\"@type\":\"WebSite\",\"@id\":\"https:\\\/\\\/www.eldigitaldeasturias.com\\\/noticias\\\/#website\",\"url\":\"https:\\\/\\\/www.eldigitaldeasturias.com\\\/noticias\\\/\",\"name\":\"El Digital de Asturias - Diario de actualidad y noticias\",\"alternateName\":\"El Digital de Asturias - Diario de actualidad y noticias\",\"description\":\"Hemeroteca\",\"inLanguage\":\"es-ES\",\"publisher\":{\"@id\":\"https:\\\/\\\/www.eldigitaldeasturias.com\\\/noticias\\\/#organization\"}}]}\n\t\t<\/script>\n\t\t<!-- All in One SEO Pro -->\r\n\t\t<title>EDP ser\u00e1 el principal patrocinador del Medio Marat\u00f3n de la Mujer en Madrid - El Digital de Asturias<\/title>\n\n","aioseo_head_json":{"title":"EDP ser\u00e1 el principal patrocinador del Medio Marat\u00f3n de la Mujer en Madrid - El Digital de Asturias","description":"La compa\u00f1\u00eda EDP ha sido presentada este martes en la sede del Consejo Superior de Deportes como el principal patrocinador del Medio Marat\u00f3n de la Mujer, que se celebrar\u00e1 en Madrid el pr\u00f3ximo 23 de octubre. La presentaci\u00f3n ha sido conducida por la deportista ol\u00edmpica Sara \u00c1lvarez, subdirectora de Sport Life, que valor\u00f3 positivamente el","canonical_url":"https:\/\/www.eldigitaldeasturias.com\/noticias\/edp-sera-el-principal-patrocinador-del-medio-maraton-de-la-mujer-en-madrid\/","robots":"max-image-preview:large","keywords":"actualidad","webmasterTools":{"google-site-verification":"UA-38556648-1","msvalidate.01":"7dfe9f3f1b24437ab69f4f2559babe99","miscellaneous":""},"schema":{"@context":"https:\/\/schema.org","@graph":[{"@type":"BlogPosting","@id":"https:\/\/www.eldigitaldeasturias.com\/noticias\/edp-sera-el-principal-patrocinador-del-medio-maraton-de-la-mujer-en-madrid\/#blogposting","name":"EDP ser\u00e1 el principal patrocinador del Medio Marat\u00f3n de la Mujer en Madrid - El Digital de Asturias","headline":"EDP ser\u00e1 el principal patrocinador del Medio Marat\u00f3n de la Mujer en Madrid","author":{"@id":"https:\/\/www.eldigitaldeasturias.com\/noticias\/author\/admin\/#author"},"publisher":{"@id":"https:\/\/www.eldigitaldeasturias.com\/noticias\/#organization"},"image":{"@type":"ImageObject","url":"https:\/\/www.eldigitaldeasturias.com\/noticias\/wp-content\/uploads\/2016\/09\/fotonoticia_20160906175719_800.jpg","width":800,"height":534},"datePublished":"2016-09-07T00:09:59+02:00","dateModified":"2016-09-07T00:09:59+02:00","inLanguage":"es-ES","mainEntityOfPage":{"@id":"https:\/\/www.eldigitaldeasturias.com\/noticias\/edp-sera-el-principal-patrocinador-del-medio-maraton-de-la-mujer-en-madrid\/#webpage"},"isPartOf":{"@id":"https:\/\/www.eldigitaldeasturias.com\/noticias\/edp-sera-el-principal-patrocinador-del-medio-maraton-de-la-mujer-en-madrid\/#webpage"},"articleSection":"Actualidad"},{"@type":"BreadcrumbList","@id":"https:\/\/www.eldigitaldeasturias.com\/noticias\/edp-sera-el-principal-patrocinador-del-medio-maraton-de-la-mujer-en-madrid\/#breadcrumblist","itemListElement":[{"@type":"ListItem","@id":"https:\/\/www.eldigitaldeasturias.com\/noticias#listItem","position":1,"name":"Home","item":"https:\/\/www.eldigitaldeasturias.com\/noticias","nextItem":{"@type":"ListItem","@id":"https:\/\/www.eldigitaldeasturias.com\/noticias\/category\/actualidad\/#listItem","name":"Actualidad"}},{"@type":"ListItem","@id":"https:\/\/www.eldigitaldeasturias.com\/noticias\/category\/actualidad\/#listItem","position":2,"name":"Actualidad","item":"https:\/\/www.eldigitaldeasturias.com\/noticias\/category\/actualidad\/","nextItem":{"@type":"ListItem","@id":"https:\/\/www.eldigitaldeasturias.com\/noticias\/edp-sera-el-principal-patrocinador-del-medio-maraton-de-la-mujer-en-madrid\/#listItem","name":"EDP ser\u00e1 el principal patrocinador del Medio Marat\u00f3n de la Mujer en Madrid"},"previousItem":{"@type":"ListItem","@id":"https:\/\/www.eldigitaldeasturias.com\/noticias#listItem","name":"Home"}},{"@type":"ListItem","@id":"https:\/\/www.eldigitaldeasturias.com\/noticias\/edp-sera-el-principal-patrocinador-del-medio-maraton-de-la-mujer-en-madrid\/#listItem","position":3,"name":"EDP ser\u00e1 el principal patrocinador del Medio Marat\u00f3n de la Mujer en Madrid","previousItem":{"@type":"ListItem","@id":"https:\/\/www.eldigitaldeasturias.com\/noticias\/category\/actualidad\/#listItem","name":"Actualidad"}}]},{"@type":"Organization","@id":"https:\/\/www.eldigitaldeasturias.com\/noticias\/#organization","name":"El Digital de Asturias","description":"Hemeroteca","url":"https:\/\/www.eldigitaldeasturias.com\/noticias\/","email":"info@eldigitaldeasturias.com","telephone":"+34652131393","logo":{"@type":"ImageObject","url":"https:\/\/www.eldigitaldeasturias.com\/noticias\/wp-content\/uploads\/2020\/12\/EDA.jpg","@id":"https:\/\/www.eldigitaldeasturias.com\/noticias\/edp-sera-el-principal-patrocinador-del-medio-maraton-de-la-mujer-en-madrid\/#organizationLogo","width":649,"height":297},"image":{"@id":"https:\/\/www.eldigitaldeasturias.com\/noticias\/edp-sera-el-principal-patrocinador-del-medio-maraton-de-la-mujer-en-madrid\/#organizationLogo"},"sameAs":["https:\/\/facebook.com\/eldigitaldeasturias","https:\/\/www.youtube.com\/channel\/UCZP-2wLEB9Rv6erhFmqVnvg"],"address":{"@id":"https:\/\/www.eldigitaldeasturias.com\/noticias\/#postaladdress","@type":"PostalAddress","streetAddress":"san antonio 4,","postalCode":"33430","addressLocality":"Cand\u00e1s","addressRegion":"Asturias","addressCountry":"ES"}},{"@type":"Person","@id":"https:\/\/www.eldigitaldeasturias.com\/noticias\/author\/admin\/#author","url":"https:\/\/www.eldigitaldeasturias.com\/noticias\/author\/admin\/","name":"El Digital de Asturias","image":{"@type":"ImageObject","@id":"https:\/\/www.eldigitaldeasturias.com\/noticias\/edp-sera-el-principal-patrocinador-del-medio-maraton-de-la-mujer-en-madrid\/#authorImage","url":"https:\/\/www.eldigitaldeasturias.com\/noticias\/wp-content\/litespeed\/avatar\/18677e78aa0546b92d9dbf31ec7d7668.jpg?ver=1777290358","width":96,"height":96,"caption":"El Digital de Asturias"}},{"@type":"WebPage","@id":"https:\/\/www.eldigitaldeasturias.com\/noticias\/edp-sera-el-principal-patrocinador-del-medio-maraton-de-la-mujer-en-madrid\/#webpage","url":"https:\/\/www.eldigitaldeasturias.com\/noticias\/edp-sera-el-principal-patrocinador-del-medio-maraton-de-la-mujer-en-madrid\/","name":"EDP ser\u00e1 el principal patrocinador del Medio Marat\u00f3n de la Mujer en Madrid - El Digital de Asturias","description":"La compa\u00f1\u00eda EDP ha sido presentada este martes en la sede del Consejo Superior de Deportes como el principal patrocinador del Medio Marat\u00f3n de la Mujer, que se celebrar\u00e1 en Madrid el pr\u00f3ximo 23 de octubre. La presentaci\u00f3n ha sido conducida por la deportista ol\u00edmpica Sara \u00c1lvarez, subdirectora de Sport Life, que valor\u00f3 positivamente el","inLanguage":"es-ES","isPartOf":{"@id":"https:\/\/www.eldigitaldeasturias.com\/noticias\/#website"},"breadcrumb":{"@id":"https:\/\/www.eldigitaldeasturias.com\/noticias\/edp-sera-el-principal-patrocinador-del-medio-maraton-de-la-mujer-en-madrid\/#breadcrumblist"},"author":{"@id":"https:\/\/www.eldigitaldeasturias.com\/noticias\/author\/admin\/#author"},"creator":{"@id":"https:\/\/www.eldigitaldeasturias.com\/noticias\/author\/admin\/#author"},"image":{"@type":"ImageObject","url":"https:\/\/www.eldigitaldeasturias.com\/noticias\/wp-content\/uploads\/2016\/09\/fotonoticia_20160906175719_800.jpg","@id":"https:\/\/www.eldigitaldeasturias.com\/noticias\/edp-sera-el-principal-patrocinador-del-medio-maraton-de-la-mujer-en-madrid\/#mainImage","width":800,"height":534},"primaryImageOfPage":{"@id":"https:\/\/www.eldigitaldeasturias.com\/noticias\/edp-sera-el-principal-patrocinador-del-medio-maraton-de-la-mujer-en-madrid\/#mainImage"},"datePublished":"2016-09-07T00:09:59+02:00","dateModified":"2016-09-07T00:09:59+02:00"},{"@type":"WebSite","@id":"https:\/\/www.eldigitaldeasturias.com\/noticias\/#website","url":"https:\/\/www.eldigitaldeasturias.com\/noticias\/","name":"El Digital de Asturias - Diario de actualidad y noticias","alternateName":"El Digital de Asturias - Diario de actualidad y noticias","description":"Hemeroteca","inLanguage":"es-ES","publisher":{"@id":"https:\/\/www.eldigitaldeasturias.com\/noticias\/#organization"}}]},"og:locale":"es_ES","og:site_name":"El Digital de Asturias","og:type":"article","og:title":"EDP ser\u00e1 el principal patrocinador del Medio Marat\u00f3n de la Mujer en Madrid - El Digital de Asturias","og:description":"La compa\u00f1\u00eda EDP ha sido presentada este martes en la sede del Consejo Superior de Deportes como el principal patrocinador del Medio Marat\u00f3n de la Mujer, que se celebrar\u00e1 en Madrid el pr\u00f3ximo 23 de octubre. La presentaci\u00f3n ha sido conducida por la deportista ol\u00edmpica Sara \u00c1lvarez, subdirectora de Sport Life, que valor\u00f3 positivamente el","og:url":"https:\/\/www.eldigitaldeasturias.com\/noticias\/edp-sera-el-principal-patrocinador-del-medio-maraton-de-la-mujer-en-madrid\/","og:image":"https:\/\/www.eldigitaldeasturias.com\/noticias\/wp-content\/uploads\/2016\/09\/fotonoticia_20160906175719_800.jpg","og:image:secure_url":"https:\/\/www.eldigitaldeasturias.com\/noticias\/wp-content\/uploads\/2016\/09\/fotonoticia_20160906175719_800.jpg","og:image:width":800,"og:image:height":534,"article:tag":["actualidad"],"article:published_time":"2016-09-06T23:09:59+00:00","article:modified_time":"2016-09-06T23:09:59+00:00","article:publisher":"https:\/\/facebook.com\/eldigitaldeasturias","twitter:card":"summary_large_image","twitter:title":"EDP ser\u00e1 el principal patrocinador del Medio Marat\u00f3n de la Mujer en Madrid - El Digital de Asturias","twitter:description":"La compa\u00f1\u00eda EDP ha sido presentada este martes en la sede del Consejo Superior de Deportes como el principal patrocinador del Medio Marat\u00f3n de la Mujer, que se celebrar\u00e1 en Madrid el pr\u00f3ximo 23 de octubre. La presentaci\u00f3n ha sido conducida por la deportista ol\u00edmpica Sara \u00c1lvarez, subdirectora de Sport Life, que valor\u00f3 positivamente el","twitter:image":"https:\/\/www.eldigitaldeasturias.com\/noticias\/wp-content\/uploads\/2016\/09\/fotonoticia_20160906175719_800.jpg","twitter:label1":"Escrito por","twitter:data1":"El Digital de Asturias","twitter:label2":"Tiempo de lectura estimado","twitter:data2":"2 minutos"},"aioseo_meta_data":{"post_id":"906200","title":null,"description":null,"keywords":null,"keyphrases":null,"primary_term":null,"canonical_url":null,"og_title":null,"og_description":null,"og_object_type":"default","og_image_type":"default","og_image_url":null,"og_image_width":null,"og_image_height":null,"og_image_custom_url":null,"og_image_custom_fields":null,"og_video":null,"og_custom_url":null,"og_article_section":null,"og_article_tags":null,"twitter_use_og":false,"twitter_card":"default","twitter_image_type":"default","twitter_image_url":null,"twitter_image_custom_url":null,"twitter_image_custom_fields":null,"twitter_title":null,"twitter_description":null,"schema":{"blockGraphs":[],"customGraphs":[],"default":{"data":{"Article":[],"Course":[],"Dataset":[],"FAQPage":[],"Movie":[],"Person":[],"Product":[],"ProductReview":[],"Car":[],"Recipe":[],"Service":[],"SoftwareApplication":[],"WebPage":[]},"graphName":"","isEnabled":true},"graphs":[],"defaultGraph":"","defaultPostTypeGraph":""},"schema_type":null,"schema_type_options":null,"pillar_content":false,"robots_default":true,"robots_noindex":false,"robots_noarchive":false,"robots_nosnippet":false,"robots_nofollow":false,"robots_noimageindex":false,"robots_noodp":false,"robots_notranslate":false,"robots_max_snippet":null,"robots_max_videopreview":null,"robots_max_imagepreview":"large","priority":null,"frequency":null,"local_seo":null,"seo_analyzer_scan_date":"2025-11-30 08:13:15","breadcrumb_settings":null,"limit_modified_date":false,"open_ai":null,"ai":null,"created":"2020-12-21 14:01:57","updated":"2025-11-30 08:13:15"},"aioseo_breadcrumb":"<div class=\"aioseo-breadcrumbs\"><span class=\"aioseo-breadcrumb\">\n\t<a href=\"https:\/\/www.eldigitaldeasturias.com\/noticias\" title=\"Home\">Home<\/a>\n<\/span><span class=\"aioseo-breadcrumb-separator\">\u2013<\/span><span class=\"aioseo-breadcrumb\">\n\t<a href=\"https:\/\/www.eldigitaldeasturias.com\/noticias\/category\/actualidad\/\" title=\"Actualidad\">Actualidad<\/a>\n<\/span><span class=\"aioseo-breadcrumb-separator\">\u2013<\/span><span class=\"aioseo-breadcrumb\">\n\t<a href=\"https:\/\/www.eldigitaldeasturias.com\/noticias\/edp-sera-el-principal-patrocinador-del-medio-maraton-de-la-mujer-en-madrid\/\" title=\"EDP ser\u00e1 el principal patrocinador del Medio Marat\u00f3n de la Mujer en Madrid\">EDP ser\u00e1 el principal patrocinador del Medio Marat\u00f3n de la Mujer en Madrid<\/a>\n<\/span><\/div>","aioseo_breadcrumb_json":[{"label":"Home","link":"https:\/\/www.eldigitaldeasturias.com\/noticias"},{"label":"Actualidad","link":"https:\/\/www.eldigitaldeasturias.com\/noticias\/category\/actualidad\/"},{"label":"EDP ser\u00e1 el principal patrocinador del Medio Marat\u00f3n de la Mujer en Madrid","link":"https:\/\/www.eldigitaldeasturias.com\/noticias\/edp-sera-el-principal-patrocinador-del-medio-maraton-de-la-mujer-en-madrid\/"}],"_links":{"self":[{"href":"https:\/\/www.eldigitaldeasturias.com\/noticias\/wp-json\/wp\/v2\/posts\/906200","targetHints":{"allow":["GET"]}}],"collection":[{"href":"https:\/\/www.eldigitaldeasturias.com\/noticias\/wp-json\/wp\/v2\/posts"}],"about":[{"href":"https:\/\/www.eldigitaldeasturias.com\/noticias\/wp-json\/wp\/v2\/types\/post"}],"author":[{"embeddable":true,"href":"https:\/\/www.eldigitaldeasturias.com\/noticias\/wp-json\/wp\/v2\/users\/1"}],"replies":[{"embeddable":true,"href":"https:\/\/www.eldigitaldeasturias.com\/noticias\/wp-json\/wp\/v2\/comments?post=906200"}],"version-history":[{"count":0,"href":"https:\/\/www.eldigitaldeasturias.com\/noticias\/wp-json\/wp\/v2\/posts\/906200\/revisions"}],"wp:featuredmedia":[{"embeddable":true,"href":"https:\/\/www.eldigitaldeasturias.com\/noticias\/wp-json\/wp\/v2\/media\/906201"}],"wp:attachment":[{"href":"https:\/\/www.eldigitaldeasturias.com\/noticias\/wp-json\/wp\/v2\/media?parent=906200"}],"wp:term":[{"taxonomy":"category","embeddable":true,"href":"https:\/\/www.eldigitaldeasturias.com\/noticias\/wp-json\/wp\/v2\/categories?post=906200"},{"taxonomy":"post_tag","embeddable":true,"href":"https:\/\/www.eldigitaldeasturias.com\/noticias\/wp-json\/wp\/v2\/tags?post=906200"}],"curies":[{"name":"wp","href":"https:\/\/api.w.org\/{rel}","templated":true}]}}