{"id":906195,"date":"2016-09-07T00:06:40","date_gmt":"2016-09-06T23:06:40","guid":{"rendered":"http:\/\/www.eldigitaldeasturias.com\/noticias\/?p=906195"},"modified":"2016-09-07T00:06:40","modified_gmt":"2016-09-06T23:06:40","slug":"el-presidente-de-aldeas-infantiles-agradece-el-princesa-de-asturias-de-la-concordia","status":"publish","type":"post","link":"https:\/\/www.eldigitaldeasturias.com\/noticias\/el-presidente-de-aldeas-infantiles-agradece-el-princesa-de-asturias-de-la-concordia\/","title":{"rendered":"El presidente de Aldeas Infantiles agradece el Princesa de Asturias de la Concordia"},"content":{"rendered":"<p><img loading=\"lazy\" decoding=\"async\" class=\"alignleft size-medium wp-image-906131\" src=\"https:\/\/www.eldigitaldeasturias.com\/noticias\/wp-content\/uploads\/2016\/09\/fotonoticia_20160906131814_800-360x240.jpg\" alt=\"fotonoticia_20160906131814_800\" width=\"360\" height=\"240\" srcset=\"https:\/\/www.eldigitaldeasturias.com\/noticias\/wp-content\/uploads\/2016\/09\/fotonoticia_20160906131814_800-360x240.jpg 360w, https:\/\/www.eldigitaldeasturias.com\/noticias\/wp-content\/uploads\/2016\/09\/fotonoticia_20160906131814_800-768x512.jpg 768w, https:\/\/www.eldigitaldeasturias.com\/noticias\/wp-content\/uploads\/2016\/09\/fotonoticia_20160906131814_800-650x433.jpg 650w, https:\/\/www.eldigitaldeasturias.com\/noticias\/wp-content\/uploads\/2016\/09\/fotonoticia_20160906131814_800-84x55.jpg 84w, https:\/\/www.eldigitaldeasturias.com\/noticias\/wp-content\/uploads\/2016\/09\/fotonoticia_20160906131814_800-49x32.jpg 49w, https:\/\/www.eldigitaldeasturias.com\/noticias\/wp-content\/uploads\/2016\/09\/fotonoticia_20160906131814_800.jpg 800w\" sizes=\"auto, (max-width: 360px) 100vw, 360px\" \/>Siddhartha Kaul, presidente mundial de Aldeas Infantiles SOS, organizaci\u00f3n que ha sido galardonada este martes con el Premio Princesa de Asturias de la Concordia 2016, ha agradecido la distinci\u00f3n y ha se\u00f1alado la necesidad de \u00abun movimiento global para asegurar que todos los ni\u00f1os puedan crecer con amor y respeto\u00bb.<\/p>\n<p>Kaul se ha pronunciado en esos t\u00e9rminos en unas declaraciones que han sido divulgadas por las Fundaci\u00f3n Princesa de Asturias. \u00abNos sentimos honrados de que Aldeas Infantiles SOS haya sido galardonada con el Premio Princesa de Asturias de la Concordia 2016\u00bb, ha se\u00f1alado.<\/p>\n<p>\u00abEl desaf\u00edo es enorme en un mundo en el que a millones de ni\u00f1os y j\u00f3venes se les niegan sus derechos universalmente aceptados tanto a la atenci\u00f3n como a la protecci\u00f3n\u00bb, ha a\u00f1adido Kaul, que considera que el premio refleja no s\u00f3lo el papel de Aldeas Infantiles SOS en 134 pa\u00edses y territorios, sino tambi\u00e9n la necesidad del \u00abmovimiento global\u00bb antes mencionado.<\/p>\n<p>&nbsp;<\/p>\n","protected":false},"excerpt":{"rendered":"<p>Siddhartha Kaul, presidente mundial de Aldeas Infantiles SOS, organizaci\u00f3n que ha sido galardonada este martes con el Premio Princesa de Asturias de la Concordia 2016, ha agradecido la distinci\u00f3n y ha se\u00f1alado la necesidad de \u00abun movimiento global para asegurar que todos los ni\u00f1os puedan crecer con amor y respeto\u00bb. Kaul se ha pronunciado en [&hellip;]<\/p>\n","protected":false},"author":1,"featured_media":906131,"comment_status":"closed","ping_status":"closed","sticky":false,"template":"","format":"standard","meta":{"footnotes":""},"categories":[12],"tags":[],"class_list":["post-906195","post","type-post","status-publish","format-standard","has-post-thumbnail","hentry","category-actualidad-asturias"],"aioseo_notices":[],"aioseo_head":"\n\t\t<!-- All in One SEO Pro 4.9.6.2 - aioseo.com -->\n\t<meta name=\"description\" content=\"Siddhartha Kaul, presidente mundial de Aldeas Infantiles SOS, organizaci\u00f3n que ha sido galardonada este martes con el Premio Princesa de Asturias de la Concordia 2016, ha agradecido la distinci\u00f3n y ha se\u00f1alado la necesidad de &quot;un movimiento global para asegurar que todos los ni\u00f1os puedan crecer con amor y respeto&quot;. Kaul se ha pronunciado en\" \/>\n\t<meta name=\"robots\" content=\"max-image-preview:large\" \/>\n\t<meta name=\"author\" content=\"El Digital de Asturias\"\/>\n\t<meta name=\"google-site-verification\" content=\"UA-38556648-1\" \/>\n\t<meta name=\"msvalidate.01\" content=\"7dfe9f3f1b24437ab69f4f2559babe99\" \/>\n\t<meta name=\"keywords\" content=\"actualidad asturias\" \/>\n\t<link rel=\"canonical\" href=\"https:\/\/www.eldigitaldeasturias.com\/noticias\/el-presidente-de-aldeas-infantiles-agradece-el-princesa-de-asturias-de-la-concordia\/\" \/>\n\t<meta name=\"generator\" content=\"All in One SEO Pro (AIOSEO) 4.9.6.2\" \/>\n\t\t<meta property=\"og:locale\" content=\"es_ES\" \/>\n\t\t<meta property=\"og:site_name\" content=\"El Digital de Asturias\" \/>\n\t\t<meta property=\"og:type\" content=\"article\" \/>\n\t\t<meta property=\"og:title\" content=\"El presidente de Aldeas Infantiles agradece el Princesa de Asturias de la Concordia - El Digital de Asturias\" \/>\n\t\t<meta property=\"og:description\" content=\"Siddhartha Kaul, presidente mundial de Aldeas Infantiles SOS, organizaci\u00f3n que ha sido galardonada este martes con el Premio Princesa de Asturias de la Concordia 2016, ha agradecido la distinci\u00f3n y ha se\u00f1alado la necesidad de &quot;un movimiento global para asegurar que todos los ni\u00f1os puedan crecer con amor y respeto&quot;. Kaul se ha pronunciado en\" \/>\n\t\t<meta property=\"og:url\" content=\"https:\/\/www.eldigitaldeasturias.com\/noticias\/el-presidente-de-aldeas-infantiles-agradece-el-princesa-de-asturias-de-la-concordia\/\" \/>\n\t\t<meta property=\"og:image\" content=\"https:\/\/www.eldigitaldeasturias.com\/noticias\/wp-content\/uploads\/2016\/09\/fotonoticia_20160906131814_800.jpg\" \/>\n\t\t<meta property=\"og:image:secure_url\" content=\"https:\/\/www.eldigitaldeasturias.com\/noticias\/wp-content\/uploads\/2016\/09\/fotonoticia_20160906131814_800.jpg\" \/>\n\t\t<meta property=\"og:image:width\" content=\"800\" \/>\n\t\t<meta property=\"og:image:height\" content=\"533\" \/>\n\t\t<meta property=\"article:tag\" content=\"actualidad asturias\" \/>\n\t\t<meta property=\"article:published_time\" content=\"2016-09-06T23:06:40+00:00\" \/>\n\t\t<meta property=\"article:modified_time\" content=\"2016-09-06T23:06:40+00:00\" \/>\n\t\t<meta property=\"article:publisher\" content=\"https:\/\/facebook.com\/eldigitaldeasturias\" \/>\n\t\t<meta name=\"twitter:card\" content=\"summary_large_image\" \/>\n\t\t<meta name=\"twitter:title\" content=\"El presidente de Aldeas Infantiles agradece el Princesa de Asturias de la Concordia - El Digital de Asturias\" \/>\n\t\t<meta name=\"twitter:description\" content=\"Siddhartha Kaul, presidente mundial de Aldeas Infantiles SOS, organizaci\u00f3n que ha sido galardonada este martes con el Premio Princesa de Asturias de la Concordia 2016, ha agradecido la distinci\u00f3n y ha se\u00f1alado la necesidad de &quot;un movimiento global para asegurar que todos los ni\u00f1os puedan crecer con amor y respeto&quot;. Kaul se ha pronunciado en\" \/>\n\t\t<meta name=\"twitter:image\" content=\"https:\/\/www.eldigitaldeasturias.com\/noticias\/wp-content\/uploads\/2016\/09\/fotonoticia_20160906131814_800.jpg\" \/>\n\t\t<meta name=\"twitter:label1\" content=\"Escrito por\" \/>\n\t\t<meta name=\"twitter:data1\" content=\"El Digital de Asturias\" \/>\n\t\t<meta name=\"twitter:label2\" content=\"Tiempo de lectura estimado\" \/>\n\t\t<meta name=\"twitter:data2\" content=\"1 minuto\" \/>\n\t\t<script type=\"application\/ld+json\" class=\"aioseo-schema\">\n\t\t\t{\"@context\":\"https:\\\/\\\/schema.org\",\"@graph\":[{\"@type\":\"BlogPosting\",\"@id\":\"https:\\\/\\\/www.eldigitaldeasturias.com\\\/noticias\\\/el-presidente-de-aldeas-infantiles-agradece-el-princesa-de-asturias-de-la-concordia\\\/#blogposting\",\"name\":\"El presidente de Aldeas Infantiles agradece el Princesa de Asturias de la Concordia - El Digital de Asturias\",\"headline\":\"El presidente de Aldeas Infantiles agradece el Princesa de Asturias de la Concordia\",\"author\":{\"@id\":\"https:\\\/\\\/www.eldigitaldeasturias.com\\\/noticias\\\/author\\\/admin\\\/#author\"},\"publisher\":{\"@id\":\"https:\\\/\\\/www.eldigitaldeasturias.com\\\/noticias\\\/#organization\"},\"image\":{\"@type\":\"ImageObject\",\"url\":\"https:\\\/\\\/www.eldigitaldeasturias.com\\\/noticias\\\/wp-content\\\/uploads\\\/2016\\\/09\\\/fotonoticia_20160906131814_800.jpg\",\"width\":800,\"height\":533},\"datePublished\":\"2016-09-07T00:06:40+02:00\",\"dateModified\":\"2016-09-07T00:06:40+02:00\",\"inLanguage\":\"es-ES\",\"mainEntityOfPage\":{\"@id\":\"https:\\\/\\\/www.eldigitaldeasturias.com\\\/noticias\\\/el-presidente-de-aldeas-infantiles-agradece-el-princesa-de-asturias-de-la-concordia\\\/#webpage\"},\"isPartOf\":{\"@id\":\"https:\\\/\\\/www.eldigitaldeasturias.com\\\/noticias\\\/el-presidente-de-aldeas-infantiles-agradece-el-princesa-de-asturias-de-la-concordia\\\/#webpage\"},\"articleSection\":\"Actualidad Asturias\"},{\"@type\":\"BreadcrumbList\",\"@id\":\"https:\\\/\\\/www.eldigitaldeasturias.com\\\/noticias\\\/el-presidente-de-aldeas-infantiles-agradece-el-princesa-de-asturias-de-la-concordia\\\/#breadcrumblist\",\"itemListElement\":[{\"@type\":\"ListItem\",\"@id\":\"https:\\\/\\\/www.eldigitaldeasturias.com\\\/noticias#listItem\",\"position\":1,\"name\":\"Home\",\"item\":\"https:\\\/\\\/www.eldigitaldeasturias.com\\\/noticias\",\"nextItem\":{\"@type\":\"ListItem\",\"@id\":\"https:\\\/\\\/www.eldigitaldeasturias.com\\\/noticias\\\/category\\\/actualidad-asturias\\\/#listItem\",\"name\":\"Actualidad Asturias\"}},{\"@type\":\"ListItem\",\"@id\":\"https:\\\/\\\/www.eldigitaldeasturias.com\\\/noticias\\\/category\\\/actualidad-asturias\\\/#listItem\",\"position\":2,\"name\":\"Actualidad Asturias\",\"item\":\"https:\\\/\\\/www.eldigitaldeasturias.com\\\/noticias\\\/category\\\/actualidad-asturias\\\/\",\"nextItem\":{\"@type\":\"ListItem\",\"@id\":\"https:\\\/\\\/www.eldigitaldeasturias.com\\\/noticias\\\/el-presidente-de-aldeas-infantiles-agradece-el-princesa-de-asturias-de-la-concordia\\\/#listItem\",\"name\":\"El presidente de Aldeas Infantiles agradece el Princesa de Asturias de la Concordia\"},\"previousItem\":{\"@type\":\"ListItem\",\"@id\":\"https:\\\/\\\/www.eldigitaldeasturias.com\\\/noticias#listItem\",\"name\":\"Home\"}},{\"@type\":\"ListItem\",\"@id\":\"https:\\\/\\\/www.eldigitaldeasturias.com\\\/noticias\\\/el-presidente-de-aldeas-infantiles-agradece-el-princesa-de-asturias-de-la-concordia\\\/#listItem\",\"position\":3,\"name\":\"El presidente de Aldeas Infantiles agradece el Princesa de Asturias de la Concordia\",\"previousItem\":{\"@type\":\"ListItem\",\"@id\":\"https:\\\/\\\/www.eldigitaldeasturias.com\\\/noticias\\\/category\\\/actualidad-asturias\\\/#listItem\",\"name\":\"Actualidad Asturias\"}}]},{\"@type\":\"Organization\",\"@id\":\"https:\\\/\\\/www.eldigitaldeasturias.com\\\/noticias\\\/#organization\",\"name\":\"El Digital de Asturias\",\"description\":\"Hemeroteca\",\"url\":\"https:\\\/\\\/www.eldigitaldeasturias.com\\\/noticias\\\/\",\"email\":\"info@eldigitaldeasturias.com\",\"telephone\":\"+34652131393\",\"logo\":{\"@type\":\"ImageObject\",\"url\":\"https:\\\/\\\/www.eldigitaldeasturias.com\\\/noticias\\\/wp-content\\\/uploads\\\/2020\\\/12\\\/EDA.jpg\",\"@id\":\"https:\\\/\\\/www.eldigitaldeasturias.com\\\/noticias\\\/el-presidente-de-aldeas-infantiles-agradece-el-princesa-de-asturias-de-la-concordia\\\/#organizationLogo\",\"width\":649,\"height\":297},\"image\":{\"@id\":\"https:\\\/\\\/www.eldigitaldeasturias.com\\\/noticias\\\/el-presidente-de-aldeas-infantiles-agradece-el-princesa-de-asturias-de-la-concordia\\\/#organizationLogo\"},\"sameAs\":[\"https:\\\/\\\/facebook.com\\\/eldigitaldeasturias\",\"https:\\\/\\\/www.youtube.com\\\/channel\\\/UCZP-2wLEB9Rv6erhFmqVnvg\"],\"address\":{\"@id\":\"https:\\\/\\\/www.eldigitaldeasturias.com\\\/noticias\\\/#postaladdress\",\"@type\":\"PostalAddress\",\"streetAddress\":\"san antonio 4,\",\"postalCode\":\"33430\",\"addressLocality\":\"Cand\\u00e1s\",\"addressRegion\":\"Asturias\",\"addressCountry\":\"ES\"}},{\"@type\":\"Person\",\"@id\":\"https:\\\/\\\/www.eldigitaldeasturias.com\\\/noticias\\\/author\\\/admin\\\/#author\",\"url\":\"https:\\\/\\\/www.eldigitaldeasturias.com\\\/noticias\\\/author\\\/admin\\\/\",\"name\":\"El Digital de Asturias\",\"image\":{\"@type\":\"ImageObject\",\"@id\":\"https:\\\/\\\/www.eldigitaldeasturias.com\\\/noticias\\\/el-presidente-de-aldeas-infantiles-agradece-el-princesa-de-asturias-de-la-concordia\\\/#authorImage\",\"url\":\"https:\\\/\\\/www.eldigitaldeasturias.com\\\/noticias\\\/wp-content\\\/litespeed\\\/avatar\\\/18677e78aa0546b92d9dbf31ec7d7668.jpg?ver=1777290358\",\"width\":96,\"height\":96,\"caption\":\"El Digital de Asturias\"}},{\"@type\":\"WebPage\",\"@id\":\"https:\\\/\\\/www.eldigitaldeasturias.com\\\/noticias\\\/el-presidente-de-aldeas-infantiles-agradece-el-princesa-de-asturias-de-la-concordia\\\/#webpage\",\"url\":\"https:\\\/\\\/www.eldigitaldeasturias.com\\\/noticias\\\/el-presidente-de-aldeas-infantiles-agradece-el-princesa-de-asturias-de-la-concordia\\\/\",\"name\":\"El presidente de Aldeas Infantiles agradece el Princesa de Asturias de la Concordia - El Digital de Asturias\",\"description\":\"Siddhartha Kaul, presidente mundial de Aldeas Infantiles SOS, organizaci\\u00f3n que ha sido galardonada este martes con el Premio Princesa de Asturias de la Concordia 2016, ha agradecido la distinci\\u00f3n y ha se\\u00f1alado la necesidad de \\\"un movimiento global para asegurar que todos los ni\\u00f1os puedan crecer con amor y respeto\\\". Kaul se ha pronunciado en\",\"inLanguage\":\"es-ES\",\"isPartOf\":{\"@id\":\"https:\\\/\\\/www.eldigitaldeasturias.com\\\/noticias\\\/#website\"},\"breadcrumb\":{\"@id\":\"https:\\\/\\\/www.eldigitaldeasturias.com\\\/noticias\\\/el-presidente-de-aldeas-infantiles-agradece-el-princesa-de-asturias-de-la-concordia\\\/#breadcrumblist\"},\"author\":{\"@id\":\"https:\\\/\\\/www.eldigitaldeasturias.com\\\/noticias\\\/author\\\/admin\\\/#author\"},\"creator\":{\"@id\":\"https:\\\/\\\/www.eldigitaldeasturias.com\\\/noticias\\\/author\\\/admin\\\/#author\"},\"image\":{\"@type\":\"ImageObject\",\"url\":\"https:\\\/\\\/www.eldigitaldeasturias.com\\\/noticias\\\/wp-content\\\/uploads\\\/2016\\\/09\\\/fotonoticia_20160906131814_800.jpg\",\"@id\":\"https:\\\/\\\/www.eldigitaldeasturias.com\\\/noticias\\\/el-presidente-de-aldeas-infantiles-agradece-el-princesa-de-asturias-de-la-concordia\\\/#mainImage\",\"width\":800,\"height\":533},\"primaryImageOfPage\":{\"@id\":\"https:\\\/\\\/www.eldigitaldeasturias.com\\\/noticias\\\/el-presidente-de-aldeas-infantiles-agradece-el-princesa-de-asturias-de-la-concordia\\\/#mainImage\"},\"datePublished\":\"2016-09-07T00:06:40+02:00\",\"dateModified\":\"2016-09-07T00:06:40+02:00\"},{\"@type\":\"WebSite\",\"@id\":\"https:\\\/\\\/www.eldigitaldeasturias.com\\\/noticias\\\/#website\",\"url\":\"https:\\\/\\\/www.eldigitaldeasturias.com\\\/noticias\\\/\",\"name\":\"El Digital de Asturias - Diario de actualidad y noticias\",\"alternateName\":\"El Digital de Asturias - Diario de actualidad y noticias\",\"description\":\"Hemeroteca\",\"inLanguage\":\"es-ES\",\"publisher\":{\"@id\":\"https:\\\/\\\/www.eldigitaldeasturias.com\\\/noticias\\\/#organization\"}}]}\n\t\t<\/script>\n\t\t<!-- All in One SEO Pro -->\r\n\t\t<title>El presidente de Aldeas Infantiles agradece el Princesa de Asturias de la Concordia - El Digital de Asturias<\/title>\n\n","aioseo_head_json":{"title":"El presidente de Aldeas Infantiles agradece el Princesa de Asturias de la Concordia - El Digital de Asturias","description":"Siddhartha Kaul, presidente mundial de Aldeas Infantiles SOS, organizaci\u00f3n que ha sido galardonada este martes con el Premio Princesa de Asturias de la Concordia 2016, ha agradecido la distinci\u00f3n y ha se\u00f1alado la necesidad de \"un movimiento global para asegurar que todos los ni\u00f1os puedan crecer con amor y respeto\". Kaul se ha pronunciado en","canonical_url":"https:\/\/www.eldigitaldeasturias.com\/noticias\/el-presidente-de-aldeas-infantiles-agradece-el-princesa-de-asturias-de-la-concordia\/","robots":"max-image-preview:large","keywords":"actualidad asturias","webmasterTools":{"google-site-verification":"UA-38556648-1","msvalidate.01":"7dfe9f3f1b24437ab69f4f2559babe99","miscellaneous":""},"schema":{"@context":"https:\/\/schema.org","@graph":[{"@type":"BlogPosting","@id":"https:\/\/www.eldigitaldeasturias.com\/noticias\/el-presidente-de-aldeas-infantiles-agradece-el-princesa-de-asturias-de-la-concordia\/#blogposting","name":"El presidente de Aldeas Infantiles agradece el Princesa de Asturias de la Concordia - El Digital de Asturias","headline":"El presidente de Aldeas Infantiles agradece el Princesa de Asturias de la Concordia","author":{"@id":"https:\/\/www.eldigitaldeasturias.com\/noticias\/author\/admin\/#author"},"publisher":{"@id":"https:\/\/www.eldigitaldeasturias.com\/noticias\/#organization"},"image":{"@type":"ImageObject","url":"https:\/\/www.eldigitaldeasturias.com\/noticias\/wp-content\/uploads\/2016\/09\/fotonoticia_20160906131814_800.jpg","width":800,"height":533},"datePublished":"2016-09-07T00:06:40+02:00","dateModified":"2016-09-07T00:06:40+02:00","inLanguage":"es-ES","mainEntityOfPage":{"@id":"https:\/\/www.eldigitaldeasturias.com\/noticias\/el-presidente-de-aldeas-infantiles-agradece-el-princesa-de-asturias-de-la-concordia\/#webpage"},"isPartOf":{"@id":"https:\/\/www.eldigitaldeasturias.com\/noticias\/el-presidente-de-aldeas-infantiles-agradece-el-princesa-de-asturias-de-la-concordia\/#webpage"},"articleSection":"Actualidad Asturias"},{"@type":"BreadcrumbList","@id":"https:\/\/www.eldigitaldeasturias.com\/noticias\/el-presidente-de-aldeas-infantiles-agradece-el-princesa-de-asturias-de-la-concordia\/#breadcrumblist","itemListElement":[{"@type":"ListItem","@id":"https:\/\/www.eldigitaldeasturias.com\/noticias#listItem","position":1,"name":"Home","item":"https:\/\/www.eldigitaldeasturias.com\/noticias","nextItem":{"@type":"ListItem","@id":"https:\/\/www.eldigitaldeasturias.com\/noticias\/category\/actualidad-asturias\/#listItem","name":"Actualidad Asturias"}},{"@type":"ListItem","@id":"https:\/\/www.eldigitaldeasturias.com\/noticias\/category\/actualidad-asturias\/#listItem","position":2,"name":"Actualidad Asturias","item":"https:\/\/www.eldigitaldeasturias.com\/noticias\/category\/actualidad-asturias\/","nextItem":{"@type":"ListItem","@id":"https:\/\/www.eldigitaldeasturias.com\/noticias\/el-presidente-de-aldeas-infantiles-agradece-el-princesa-de-asturias-de-la-concordia\/#listItem","name":"El presidente de Aldeas Infantiles agradece el Princesa de Asturias de la Concordia"},"previousItem":{"@type":"ListItem","@id":"https:\/\/www.eldigitaldeasturias.com\/noticias#listItem","name":"Home"}},{"@type":"ListItem","@id":"https:\/\/www.eldigitaldeasturias.com\/noticias\/el-presidente-de-aldeas-infantiles-agradece-el-princesa-de-asturias-de-la-concordia\/#listItem","position":3,"name":"El presidente de Aldeas Infantiles agradece el Princesa de Asturias de la Concordia","previousItem":{"@type":"ListItem","@id":"https:\/\/www.eldigitaldeasturias.com\/noticias\/category\/actualidad-asturias\/#listItem","name":"Actualidad Asturias"}}]},{"@type":"Organization","@id":"https:\/\/www.eldigitaldeasturias.com\/noticias\/#organization","name":"El Digital de Asturias","description":"Hemeroteca","url":"https:\/\/www.eldigitaldeasturias.com\/noticias\/","email":"info@eldigitaldeasturias.com","telephone":"+34652131393","logo":{"@type":"ImageObject","url":"https:\/\/www.eldigitaldeasturias.com\/noticias\/wp-content\/uploads\/2020\/12\/EDA.jpg","@id":"https:\/\/www.eldigitaldeasturias.com\/noticias\/el-presidente-de-aldeas-infantiles-agradece-el-princesa-de-asturias-de-la-concordia\/#organizationLogo","width":649,"height":297},"image":{"@id":"https:\/\/www.eldigitaldeasturias.com\/noticias\/el-presidente-de-aldeas-infantiles-agradece-el-princesa-de-asturias-de-la-concordia\/#organizationLogo"},"sameAs":["https:\/\/facebook.com\/eldigitaldeasturias","https:\/\/www.youtube.com\/channel\/UCZP-2wLEB9Rv6erhFmqVnvg"],"address":{"@id":"https:\/\/www.eldigitaldeasturias.com\/noticias\/#postaladdress","@type":"PostalAddress","streetAddress":"san antonio 4,","postalCode":"33430","addressLocality":"Cand\u00e1s","addressRegion":"Asturias","addressCountry":"ES"}},{"@type":"Person","@id":"https:\/\/www.eldigitaldeasturias.com\/noticias\/author\/admin\/#author","url":"https:\/\/www.eldigitaldeasturias.com\/noticias\/author\/admin\/","name":"El Digital de Asturias","image":{"@type":"ImageObject","@id":"https:\/\/www.eldigitaldeasturias.com\/noticias\/el-presidente-de-aldeas-infantiles-agradece-el-princesa-de-asturias-de-la-concordia\/#authorImage","url":"https:\/\/www.eldigitaldeasturias.com\/noticias\/wp-content\/litespeed\/avatar\/18677e78aa0546b92d9dbf31ec7d7668.jpg?ver=1777290358","width":96,"height":96,"caption":"El Digital de Asturias"}},{"@type":"WebPage","@id":"https:\/\/www.eldigitaldeasturias.com\/noticias\/el-presidente-de-aldeas-infantiles-agradece-el-princesa-de-asturias-de-la-concordia\/#webpage","url":"https:\/\/www.eldigitaldeasturias.com\/noticias\/el-presidente-de-aldeas-infantiles-agradece-el-princesa-de-asturias-de-la-concordia\/","name":"El presidente de Aldeas Infantiles agradece el Princesa de Asturias de la Concordia - El Digital de Asturias","description":"Siddhartha Kaul, presidente mundial de Aldeas Infantiles SOS, organizaci\u00f3n que ha sido galardonada este martes con el Premio Princesa de Asturias de la Concordia 2016, ha agradecido la distinci\u00f3n y ha se\u00f1alado la necesidad de \"un movimiento global para asegurar que todos los ni\u00f1os puedan crecer con amor y respeto\". Kaul se ha pronunciado en","inLanguage":"es-ES","isPartOf":{"@id":"https:\/\/www.eldigitaldeasturias.com\/noticias\/#website"},"breadcrumb":{"@id":"https:\/\/www.eldigitaldeasturias.com\/noticias\/el-presidente-de-aldeas-infantiles-agradece-el-princesa-de-asturias-de-la-concordia\/#breadcrumblist"},"author":{"@id":"https:\/\/www.eldigitaldeasturias.com\/noticias\/author\/admin\/#author"},"creator":{"@id":"https:\/\/www.eldigitaldeasturias.com\/noticias\/author\/admin\/#author"},"image":{"@type":"ImageObject","url":"https:\/\/www.eldigitaldeasturias.com\/noticias\/wp-content\/uploads\/2016\/09\/fotonoticia_20160906131814_800.jpg","@id":"https:\/\/www.eldigitaldeasturias.com\/noticias\/el-presidente-de-aldeas-infantiles-agradece-el-princesa-de-asturias-de-la-concordia\/#mainImage","width":800,"height":533},"primaryImageOfPage":{"@id":"https:\/\/www.eldigitaldeasturias.com\/noticias\/el-presidente-de-aldeas-infantiles-agradece-el-princesa-de-asturias-de-la-concordia\/#mainImage"},"datePublished":"2016-09-07T00:06:40+02:00","dateModified":"2016-09-07T00:06:40+02:00"},{"@type":"WebSite","@id":"https:\/\/www.eldigitaldeasturias.com\/noticias\/#website","url":"https:\/\/www.eldigitaldeasturias.com\/noticias\/","name":"El Digital de Asturias - Diario de actualidad y noticias","alternateName":"El Digital de Asturias - Diario de actualidad y noticias","description":"Hemeroteca","inLanguage":"es-ES","publisher":{"@id":"https:\/\/www.eldigitaldeasturias.com\/noticias\/#organization"}}]},"og:locale":"es_ES","og:site_name":"El Digital de Asturias","og:type":"article","og:title":"El presidente de Aldeas Infantiles agradece el Princesa de Asturias de la Concordia - El Digital de Asturias","og:description":"Siddhartha Kaul, presidente mundial de Aldeas Infantiles SOS, organizaci\u00f3n que ha sido galardonada este martes con el Premio Princesa de Asturias de la Concordia 2016, ha agradecido la distinci\u00f3n y ha se\u00f1alado la necesidad de &quot;un movimiento global para asegurar que todos los ni\u00f1os puedan crecer con amor y respeto&quot;. Kaul se ha pronunciado en","og:url":"https:\/\/www.eldigitaldeasturias.com\/noticias\/el-presidente-de-aldeas-infantiles-agradece-el-princesa-de-asturias-de-la-concordia\/","og:image":"https:\/\/www.eldigitaldeasturias.com\/noticias\/wp-content\/uploads\/2016\/09\/fotonoticia_20160906131814_800.jpg","og:image:secure_url":"https:\/\/www.eldigitaldeasturias.com\/noticias\/wp-content\/uploads\/2016\/09\/fotonoticia_20160906131814_800.jpg","og:image:width":800,"og:image:height":533,"article:tag":["actualidad asturias"],"article:published_time":"2016-09-06T23:06:40+00:00","article:modified_time":"2016-09-06T23:06:40+00:00","article:publisher":"https:\/\/facebook.com\/eldigitaldeasturias","twitter:card":"summary_large_image","twitter:title":"El presidente de Aldeas Infantiles agradece el Princesa de Asturias de la Concordia - El Digital de Asturias","twitter:description":"Siddhartha Kaul, presidente mundial de Aldeas Infantiles SOS, organizaci\u00f3n que ha sido galardonada este martes con el Premio Princesa de Asturias de la Concordia 2016, ha agradecido la distinci\u00f3n y ha se\u00f1alado la necesidad de &quot;un movimiento global para asegurar que todos los ni\u00f1os puedan crecer con amor y respeto&quot;. Kaul se ha pronunciado en","twitter:image":"https:\/\/www.eldigitaldeasturias.com\/noticias\/wp-content\/uploads\/2016\/09\/fotonoticia_20160906131814_800.jpg","twitter:label1":"Escrito por","twitter:data1":"El Digital de Asturias","twitter:label2":"Tiempo de lectura estimado","twitter:data2":"1 minuto"},"aioseo_meta_data":{"post_id":"906195","title":null,"description":null,"keywords":null,"keyphrases":null,"primary_term":null,"canonical_url":null,"og_title":null,"og_description":null,"og_object_type":"default","og_image_type":"default","og_image_url":null,"og_image_width":null,"og_image_height":null,"og_image_custom_url":null,"og_image_custom_fields":null,"og_video":null,"og_custom_url":null,"og_article_section":null,"og_article_tags":null,"twitter_use_og":false,"twitter_card":"default","twitter_image_type":"default","twitter_image_url":null,"twitter_image_custom_url":null,"twitter_image_custom_fields":null,"twitter_title":null,"twitter_description":null,"schema":{"blockGraphs":[],"customGraphs":[],"default":{"data":{"Article":[],"Course":[],"Dataset":[],"FAQPage":[],"Movie":[],"Person":[],"Product":[],"ProductReview":[],"Car":[],"Recipe":[],"Service":[],"SoftwareApplication":[],"WebPage":[]},"graphName":"","isEnabled":true},"graphs":[],"defaultGraph":"","defaultPostTypeGraph":""},"schema_type":null,"schema_type_options":null,"pillar_content":false,"robots_default":true,"robots_noindex":false,"robots_noarchive":false,"robots_nosnippet":false,"robots_nofollow":false,"robots_noimageindex":false,"robots_noodp":false,"robots_notranslate":false,"robots_max_snippet":null,"robots_max_videopreview":null,"robots_max_imagepreview":"large","priority":null,"frequency":null,"local_seo":null,"seo_analyzer_scan_date":"2025-11-30 08:11:14","breadcrumb_settings":null,"limit_modified_date":false,"open_ai":null,"ai":null,"created":"2020-12-21 14:01:57","updated":"2025-11-30 08:11:14"},"aioseo_breadcrumb":"<div class=\"aioseo-breadcrumbs\"><span class=\"aioseo-breadcrumb\">\n\t<a href=\"https:\/\/www.eldigitaldeasturias.com\/noticias\" title=\"Home\">Home<\/a>\n<\/span><span class=\"aioseo-breadcrumb-separator\">\u2013<\/span><span class=\"aioseo-breadcrumb\">\n\t<a href=\"https:\/\/www.eldigitaldeasturias.com\/noticias\/category\/actualidad-asturias\/\" title=\"Actualidad Asturias\">Actualidad Asturias<\/a>\n<\/span><span class=\"aioseo-breadcrumb-separator\">\u2013<\/span><span class=\"aioseo-breadcrumb\">\n\t<a href=\"https:\/\/www.eldigitaldeasturias.com\/noticias\/el-presidente-de-aldeas-infantiles-agradece-el-princesa-de-asturias-de-la-concordia\/\" title=\"El presidente de Aldeas Infantiles agradece el Princesa de Asturias de la Concordia\">El presidente de Aldeas Infantiles agradece el Princesa de Asturias de la Concordia<\/a>\n<\/span><\/div>","aioseo_breadcrumb_json":[{"label":"Home","link":"https:\/\/www.eldigitaldeasturias.com\/noticias"},{"label":"Actualidad Asturias","link":"https:\/\/www.eldigitaldeasturias.com\/noticias\/category\/actualidad-asturias\/"},{"label":"El presidente de Aldeas Infantiles agradece el Princesa de Asturias de la Concordia","link":"https:\/\/www.eldigitaldeasturias.com\/noticias\/el-presidente-de-aldeas-infantiles-agradece-el-princesa-de-asturias-de-la-concordia\/"}],"_links":{"self":[{"href":"https:\/\/www.eldigitaldeasturias.com\/noticias\/wp-json\/wp\/v2\/posts\/906195","targetHints":{"allow":["GET"]}}],"collection":[{"href":"https:\/\/www.eldigitaldeasturias.com\/noticias\/wp-json\/wp\/v2\/posts"}],"about":[{"href":"https:\/\/www.eldigitaldeasturias.com\/noticias\/wp-json\/wp\/v2\/types\/post"}],"author":[{"embeddable":true,"href":"https:\/\/www.eldigitaldeasturias.com\/noticias\/wp-json\/wp\/v2\/users\/1"}],"replies":[{"embeddable":true,"href":"https:\/\/www.eldigitaldeasturias.com\/noticias\/wp-json\/wp\/v2\/comments?post=906195"}],"version-history":[{"count":0,"href":"https:\/\/www.eldigitaldeasturias.com\/noticias\/wp-json\/wp\/v2\/posts\/906195\/revisions"}],"wp:featuredmedia":[{"embeddable":true,"href":"https:\/\/www.eldigitaldeasturias.com\/noticias\/wp-json\/wp\/v2\/media\/906131"}],"wp:attachment":[{"href":"https:\/\/www.eldigitaldeasturias.com\/noticias\/wp-json\/wp\/v2\/media?parent=906195"}],"wp:term":[{"taxonomy":"category","embeddable":true,"href":"https:\/\/www.eldigitaldeasturias.com\/noticias\/wp-json\/wp\/v2\/categories?post=906195"},{"taxonomy":"post_tag","embeddable":true,"href":"https:\/\/www.eldigitaldeasturias.com\/noticias\/wp-json\/wp\/v2\/tags?post=906195"}],"curies":[{"name":"wp","href":"https:\/\/api.w.org\/{rel}","templated":true}]}}