{"id":906188,"date":"2016-09-06T23:59:56","date_gmt":"2016-09-06T22:59:56","guid":{"rendered":"http:\/\/www.eldigitaldeasturias.com\/noticias\/?p=906188"},"modified":"2016-09-06T23:59:56","modified_gmt":"2016-09-06T22:59:56","slug":"mieres-y-langreo-exigen-al-principado-que-garantice-la-seguridad-juridica-de-los-planes-empleo","status":"publish","type":"post","link":"https:\/\/www.eldigitaldeasturias.com\/noticias\/mieres-y-langreo-exigen-al-principado-que-garantice-la-seguridad-juridica-de-los-planes-empleo\/","title":{"rendered":"Mieres y Langreo exigen al Principado que garantice la seguridad jur\u00eddica de los planes empleo"},"content":{"rendered":"<p><img loading=\"lazy\" decoding=\"async\" class=\"alignleft size-medium wp-image-440528\" src=\"https:\/\/www.eldigitaldeasturias.com\/noticias\/wp-content\/uploads\/2013\/10\/mieres-360x270.jpg\" alt=\"mieres\" width=\"360\" height=\"270\" srcset=\"https:\/\/www.eldigitaldeasturias.com\/noticias\/wp-content\/uploads\/2013\/10\/mieres-360x270.jpg 360w, https:\/\/www.eldigitaldeasturias.com\/noticias\/wp-content\/uploads\/2013\/10\/mieres-650x488.jpg 650w, https:\/\/www.eldigitaldeasturias.com\/noticias\/wp-content\/uploads\/2013\/10\/mieres-100x75.jpg 100w, https:\/\/www.eldigitaldeasturias.com\/noticias\/wp-content\/uploads\/2013\/10\/mieres.jpg 800w\" sizes=\"auto, (max-width: 360px) 100vw, 360px\" \/>Los Ayuntamientos de Mieres y Langreo han exigido este martes al Gobierno del Principado que garantice la seguridad jur\u00eddica de los planes de empleo y han denunciado que sin cambios en la modalidad de contrataci\u00f3n a nivel estatal, \u00abseguir\u00e1 habiendo dudas legales sobre este tipo de contratos\u00bb.<\/p>\n<p>El vicealcalde de Mieres, Manuel \u00c1ngel \u00c1lvarez, y el concejal de Empleo, Juan Ponte, han mantenido una reuni\u00f3n con la concejal de Empleo de Langreo, Vanesa Llaneza, y representantes de la Asociaci\u00f3n de Parados del Valle del Nal\u00f3n (Adepavan) &#8211; para abordar el futuro de los planes de empleo y valorar la posici\u00f3n de los Gobiernos locales ante estas contrataciones.<\/p>\n<p>En este sentido, los Gobiernos de Mieres y Langreo han exigido un cambio en la modalidad de contrataci\u00f3n \u00abporque la actual aboca a los Ayuntamientos a incurrir en fraude de ley\u00bb.<\/p>\n<p>Los concejales de Empleo de Mieres y Langreo han incidido en la necesidad de cambiar la modalidad de contrataci\u00f3n y han alertado \u00abde la inseguridad jur\u00eddica que estos planes de empleo suponen para ambas partes, no solo para las administraciones p\u00fablicas ya que en el caso de los trabajadores, existe una confusi\u00f3n de perfiles profesionales y percepciones salariales que puede llevar a que una persona en un plan de empleo cobre un salario muy inferior al personal laboral del Ayuntamiento por una misma labor\u00bb.<\/p>\n<p>Los Gobiernos de Mieres y Langreo defienden adem\u00e1s \u00abempleos y salarios dignos\u00bb., algo que \u00abno se da en los planes de empleo por varias cuestiones\u00bb. El motivo principal es la reducci\u00f3n de las subvenciones de los fondos europeos para este fin, lo que se suma al hecho de que el Principado \u00abmarca el dinero destinado de la subvenci\u00f3n por cada trabajador\u00bb. El objetivo es, por tanto, la contrataci\u00f3n masiva pero con salarios precarios, algo que se rechaza desde Mieres y Langreo. Una contrataci\u00f3n, adem\u00e1s, que \u00abno logra alcanzar los objetivos fijados, entre ellos el de la inserci\u00f3n laboral\u00bb.<\/p>\n<p>Ambos consistorios lamentan que el Principado vaya a publicar ma\u00f1ana las bases reguladoras \u00absin haberlas consensuado previamente con los Ayuntamientos\u00bb. En este sentido, ambas administraciones ya hab\u00edan enviado varios escritos a la FACC pidiendo recibir informaci\u00f3n detallada sobre las novedades y planteamientos que se hab\u00edan puesto sobre la mesa en la reuni\u00f3n mantenida entre la directora general del SEPEPA, la FACC y representantes sindicales.<\/p>\n<p>Sin embargo, no recibieron ning\u00fan tipo de informaci\u00f3n por lo que las bases reguladoras se publicar\u00e1n \u00absin el amplio consenso que un tema de este calado e importancia requiere y sin las aportaciones directas de los propios Ayuntamientos, que ser\u00edan los responsables de contratar\u00bb.<\/p>\n","protected":false},"excerpt":{"rendered":"<p>Los Ayuntamientos de Mieres y Langreo han exigido este martes al Gobierno del Principado que garantice la seguridad jur\u00eddica de los planes de empleo y han denunciado que sin cambios en la modalidad de contrataci\u00f3n a nivel estatal, \u00abseguir\u00e1 habiendo dudas legales sobre este tipo de contratos\u00bb. El vicealcalde de Mieres, Manuel \u00c1ngel \u00c1lvarez, y [&hellip;]<\/p>\n","protected":false},"author":1,"featured_media":440528,"comment_status":"closed","ping_status":"closed","sticky":false,"template":"","format":"standard","meta":{"footnotes":""},"categories":[12],"tags":[],"class_list":["post-906188","post","type-post","status-publish","format-standard","has-post-thumbnail","hentry","category-actualidad-asturias"],"aioseo_notices":[],"aioseo_head":"\n\t\t<!-- All in One SEO Pro 4.9.6.2 - aioseo.com -->\n\t<meta name=\"description\" content=\"Los Ayuntamientos de Mieres y Langreo han exigido este martes al Gobierno del Principado que garantice la seguridad jur\u00eddica de los planes de empleo y han denunciado que sin cambios en la modalidad de contrataci\u00f3n a nivel estatal, &quot;seguir\u00e1 habiendo dudas legales sobre este tipo de contratos&quot;. El vicealcalde de Mieres, Manuel \u00c1ngel \u00c1lvarez, y\" \/>\n\t<meta name=\"robots\" content=\"max-image-preview:large\" \/>\n\t<meta name=\"author\" content=\"El Digital de Asturias\"\/>\n\t<meta name=\"google-site-verification\" content=\"UA-38556648-1\" \/>\n\t<meta name=\"msvalidate.01\" content=\"7dfe9f3f1b24437ab69f4f2559babe99\" \/>\n\t<meta name=\"keywords\" content=\"actualidad asturias\" \/>\n\t<link rel=\"canonical\" href=\"https:\/\/www.eldigitaldeasturias.com\/noticias\/mieres-y-langreo-exigen-al-principado-que-garantice-la-seguridad-juridica-de-los-planes-empleo\/\" \/>\n\t<meta name=\"generator\" content=\"All in One SEO Pro (AIOSEO) 4.9.6.2\" \/>\n\t\t<meta property=\"og:locale\" content=\"es_ES\" \/>\n\t\t<meta property=\"og:site_name\" content=\"El Digital de Asturias\" \/>\n\t\t<meta property=\"og:type\" content=\"article\" \/>\n\t\t<meta property=\"og:title\" content=\"Mieres y Langreo exigen al Principado que garantice la seguridad jur\u00eddica de los planes empleo - El Digital de Asturias\" \/>\n\t\t<meta property=\"og:description\" content=\"Los Ayuntamientos de Mieres y Langreo han exigido este martes al Gobierno del Principado que garantice la seguridad jur\u00eddica de los planes de empleo y han denunciado que sin cambios en la modalidad de contrataci\u00f3n a nivel estatal, &quot;seguir\u00e1 habiendo dudas legales sobre este tipo de contratos&quot;. El vicealcalde de Mieres, Manuel \u00c1ngel \u00c1lvarez, y\" \/>\n\t\t<meta property=\"og:url\" content=\"https:\/\/www.eldigitaldeasturias.com\/noticias\/mieres-y-langreo-exigen-al-principado-que-garantice-la-seguridad-juridica-de-los-planes-empleo\/\" \/>\n\t\t<meta property=\"og:image\" content=\"https:\/\/www.eldigitaldeasturias.com\/noticias\/wp-content\/uploads\/2013\/10\/mieres.jpg\" \/>\n\t\t<meta property=\"og:image:secure_url\" content=\"https:\/\/www.eldigitaldeasturias.com\/noticias\/wp-content\/uploads\/2013\/10\/mieres.jpg\" \/>\n\t\t<meta property=\"og:image:width\" content=\"800\" \/>\n\t\t<meta property=\"og:image:height\" content=\"600\" \/>\n\t\t<meta property=\"article:tag\" content=\"actualidad asturias\" \/>\n\t\t<meta property=\"article:published_time\" content=\"2016-09-06T22:59:56+00:00\" \/>\n\t\t<meta property=\"article:modified_time\" content=\"2016-09-06T22:59:56+00:00\" \/>\n\t\t<meta property=\"article:publisher\" content=\"https:\/\/facebook.com\/eldigitaldeasturias\" \/>\n\t\t<meta name=\"twitter:card\" content=\"summary_large_image\" \/>\n\t\t<meta name=\"twitter:title\" content=\"Mieres y Langreo exigen al Principado que garantice la seguridad jur\u00eddica de los planes empleo - El Digital de Asturias\" \/>\n\t\t<meta name=\"twitter:description\" content=\"Los Ayuntamientos de Mieres y Langreo han exigido este martes al Gobierno del Principado que garantice la seguridad jur\u00eddica de los planes de empleo y han denunciado que sin cambios en la modalidad de contrataci\u00f3n a nivel estatal, &quot;seguir\u00e1 habiendo dudas legales sobre este tipo de contratos&quot;. El vicealcalde de Mieres, Manuel \u00c1ngel \u00c1lvarez, y\" \/>\n\t\t<meta name=\"twitter:image\" content=\"https:\/\/www.eldigitaldeasturias.com\/noticias\/wp-content\/uploads\/2013\/10\/mieres.jpg\" \/>\n\t\t<meta name=\"twitter:label1\" content=\"Escrito por\" \/>\n\t\t<meta name=\"twitter:data1\" content=\"El Digital de Asturias\" \/>\n\t\t<meta name=\"twitter:label2\" content=\"Tiempo de lectura estimado\" \/>\n\t\t<meta name=\"twitter:data2\" content=\"2 minutos\" \/>\n\t\t<script type=\"application\/ld+json\" class=\"aioseo-schema\">\n\t\t\t{\"@context\":\"https:\\\/\\\/schema.org\",\"@graph\":[{\"@type\":\"BlogPosting\",\"@id\":\"https:\\\/\\\/www.eldigitaldeasturias.com\\\/noticias\\\/mieres-y-langreo-exigen-al-principado-que-garantice-la-seguridad-juridica-de-los-planes-empleo\\\/#blogposting\",\"name\":\"Mieres y Langreo exigen al Principado que garantice la seguridad jur\\u00eddica de los planes empleo - El Digital de Asturias\",\"headline\":\"Mieres y Langreo exigen al Principado que garantice la seguridad jur\\u00eddica de los planes empleo\",\"author\":{\"@id\":\"https:\\\/\\\/www.eldigitaldeasturias.com\\\/noticias\\\/author\\\/admin\\\/#author\"},\"publisher\":{\"@id\":\"https:\\\/\\\/www.eldigitaldeasturias.com\\\/noticias\\\/#organization\"},\"image\":{\"@type\":\"ImageObject\",\"url\":\"https:\\\/\\\/www.eldigitaldeasturias.com\\\/noticias\\\/wp-content\\\/uploads\\\/2013\\\/10\\\/mieres.jpg\",\"width\":800,\"height\":600},\"datePublished\":\"2016-09-06T23:59:56+02:00\",\"dateModified\":\"2016-09-06T23:59:56+02:00\",\"inLanguage\":\"es-ES\",\"mainEntityOfPage\":{\"@id\":\"https:\\\/\\\/www.eldigitaldeasturias.com\\\/noticias\\\/mieres-y-langreo-exigen-al-principado-que-garantice-la-seguridad-juridica-de-los-planes-empleo\\\/#webpage\"},\"isPartOf\":{\"@id\":\"https:\\\/\\\/www.eldigitaldeasturias.com\\\/noticias\\\/mieres-y-langreo-exigen-al-principado-que-garantice-la-seguridad-juridica-de-los-planes-empleo\\\/#webpage\"},\"articleSection\":\"Actualidad Asturias\"},{\"@type\":\"BreadcrumbList\",\"@id\":\"https:\\\/\\\/www.eldigitaldeasturias.com\\\/noticias\\\/mieres-y-langreo-exigen-al-principado-que-garantice-la-seguridad-juridica-de-los-planes-empleo\\\/#breadcrumblist\",\"itemListElement\":[{\"@type\":\"ListItem\",\"@id\":\"https:\\\/\\\/www.eldigitaldeasturias.com\\\/noticias#listItem\",\"position\":1,\"name\":\"Home\",\"item\":\"https:\\\/\\\/www.eldigitaldeasturias.com\\\/noticias\",\"nextItem\":{\"@type\":\"ListItem\",\"@id\":\"https:\\\/\\\/www.eldigitaldeasturias.com\\\/noticias\\\/category\\\/actualidad-asturias\\\/#listItem\",\"name\":\"Actualidad Asturias\"}},{\"@type\":\"ListItem\",\"@id\":\"https:\\\/\\\/www.eldigitaldeasturias.com\\\/noticias\\\/category\\\/actualidad-asturias\\\/#listItem\",\"position\":2,\"name\":\"Actualidad Asturias\",\"item\":\"https:\\\/\\\/www.eldigitaldeasturias.com\\\/noticias\\\/category\\\/actualidad-asturias\\\/\",\"nextItem\":{\"@type\":\"ListItem\",\"@id\":\"https:\\\/\\\/www.eldigitaldeasturias.com\\\/noticias\\\/mieres-y-langreo-exigen-al-principado-que-garantice-la-seguridad-juridica-de-los-planes-empleo\\\/#listItem\",\"name\":\"Mieres y Langreo exigen al Principado que garantice la seguridad jur\\u00eddica de los planes empleo\"},\"previousItem\":{\"@type\":\"ListItem\",\"@id\":\"https:\\\/\\\/www.eldigitaldeasturias.com\\\/noticias#listItem\",\"name\":\"Home\"}},{\"@type\":\"ListItem\",\"@id\":\"https:\\\/\\\/www.eldigitaldeasturias.com\\\/noticias\\\/mieres-y-langreo-exigen-al-principado-que-garantice-la-seguridad-juridica-de-los-planes-empleo\\\/#listItem\",\"position\":3,\"name\":\"Mieres y Langreo exigen al Principado que garantice la seguridad jur\\u00eddica de los planes empleo\",\"previousItem\":{\"@type\":\"ListItem\",\"@id\":\"https:\\\/\\\/www.eldigitaldeasturias.com\\\/noticias\\\/category\\\/actualidad-asturias\\\/#listItem\",\"name\":\"Actualidad Asturias\"}}]},{\"@type\":\"Organization\",\"@id\":\"https:\\\/\\\/www.eldigitaldeasturias.com\\\/noticias\\\/#organization\",\"name\":\"El Digital de Asturias\",\"description\":\"Hemeroteca\",\"url\":\"https:\\\/\\\/www.eldigitaldeasturias.com\\\/noticias\\\/\",\"email\":\"info@eldigitaldeasturias.com\",\"telephone\":\"+34652131393\",\"logo\":{\"@type\":\"ImageObject\",\"url\":\"https:\\\/\\\/www.eldigitaldeasturias.com\\\/noticias\\\/wp-content\\\/uploads\\\/2020\\\/12\\\/EDA.jpg\",\"@id\":\"https:\\\/\\\/www.eldigitaldeasturias.com\\\/noticias\\\/mieres-y-langreo-exigen-al-principado-que-garantice-la-seguridad-juridica-de-los-planes-empleo\\\/#organizationLogo\",\"width\":649,\"height\":297},\"image\":{\"@id\":\"https:\\\/\\\/www.eldigitaldeasturias.com\\\/noticias\\\/mieres-y-langreo-exigen-al-principado-que-garantice-la-seguridad-juridica-de-los-planes-empleo\\\/#organizationLogo\"},\"sameAs\":[\"https:\\\/\\\/facebook.com\\\/eldigitaldeasturias\",\"https:\\\/\\\/www.youtube.com\\\/channel\\\/UCZP-2wLEB9Rv6erhFmqVnvg\"],\"address\":{\"@id\":\"https:\\\/\\\/www.eldigitaldeasturias.com\\\/noticias\\\/#postaladdress\",\"@type\":\"PostalAddress\",\"streetAddress\":\"san antonio 4,\",\"postalCode\":\"33430\",\"addressLocality\":\"Cand\\u00e1s\",\"addressRegion\":\"Asturias\",\"addressCountry\":\"ES\"}},{\"@type\":\"Person\",\"@id\":\"https:\\\/\\\/www.eldigitaldeasturias.com\\\/noticias\\\/author\\\/admin\\\/#author\",\"url\":\"https:\\\/\\\/www.eldigitaldeasturias.com\\\/noticias\\\/author\\\/admin\\\/\",\"name\":\"El Digital de Asturias\",\"image\":{\"@type\":\"ImageObject\",\"@id\":\"https:\\\/\\\/www.eldigitaldeasturias.com\\\/noticias\\\/mieres-y-langreo-exigen-al-principado-que-garantice-la-seguridad-juridica-de-los-planes-empleo\\\/#authorImage\",\"url\":\"https:\\\/\\\/www.eldigitaldeasturias.com\\\/noticias\\\/wp-content\\\/litespeed\\\/avatar\\\/18677e78aa0546b92d9dbf31ec7d7668.jpg?ver=1777290358\",\"width\":96,\"height\":96,\"caption\":\"El Digital de Asturias\"}},{\"@type\":\"WebPage\",\"@id\":\"https:\\\/\\\/www.eldigitaldeasturias.com\\\/noticias\\\/mieres-y-langreo-exigen-al-principado-que-garantice-la-seguridad-juridica-de-los-planes-empleo\\\/#webpage\",\"url\":\"https:\\\/\\\/www.eldigitaldeasturias.com\\\/noticias\\\/mieres-y-langreo-exigen-al-principado-que-garantice-la-seguridad-juridica-de-los-planes-empleo\\\/\",\"name\":\"Mieres y Langreo exigen al Principado que garantice la seguridad jur\\u00eddica de los planes empleo - El Digital de Asturias\",\"description\":\"Los Ayuntamientos de Mieres y Langreo han exigido este martes al Gobierno del Principado que garantice la seguridad jur\\u00eddica de los planes de empleo y han denunciado que sin cambios en la modalidad de contrataci\\u00f3n a nivel estatal, \\\"seguir\\u00e1 habiendo dudas legales sobre este tipo de contratos\\\". El vicealcalde de Mieres, Manuel \\u00c1ngel \\u00c1lvarez, y\",\"inLanguage\":\"es-ES\",\"isPartOf\":{\"@id\":\"https:\\\/\\\/www.eldigitaldeasturias.com\\\/noticias\\\/#website\"},\"breadcrumb\":{\"@id\":\"https:\\\/\\\/www.eldigitaldeasturias.com\\\/noticias\\\/mieres-y-langreo-exigen-al-principado-que-garantice-la-seguridad-juridica-de-los-planes-empleo\\\/#breadcrumblist\"},\"author\":{\"@id\":\"https:\\\/\\\/www.eldigitaldeasturias.com\\\/noticias\\\/author\\\/admin\\\/#author\"},\"creator\":{\"@id\":\"https:\\\/\\\/www.eldigitaldeasturias.com\\\/noticias\\\/author\\\/admin\\\/#author\"},\"image\":{\"@type\":\"ImageObject\",\"url\":\"https:\\\/\\\/www.eldigitaldeasturias.com\\\/noticias\\\/wp-content\\\/uploads\\\/2013\\\/10\\\/mieres.jpg\",\"@id\":\"https:\\\/\\\/www.eldigitaldeasturias.com\\\/noticias\\\/mieres-y-langreo-exigen-al-principado-que-garantice-la-seguridad-juridica-de-los-planes-empleo\\\/#mainImage\",\"width\":800,\"height\":600},\"primaryImageOfPage\":{\"@id\":\"https:\\\/\\\/www.eldigitaldeasturias.com\\\/noticias\\\/mieres-y-langreo-exigen-al-principado-que-garantice-la-seguridad-juridica-de-los-planes-empleo\\\/#mainImage\"},\"datePublished\":\"2016-09-06T23:59:56+02:00\",\"dateModified\":\"2016-09-06T23:59:56+02:00\"},{\"@type\":\"WebSite\",\"@id\":\"https:\\\/\\\/www.eldigitaldeasturias.com\\\/noticias\\\/#website\",\"url\":\"https:\\\/\\\/www.eldigitaldeasturias.com\\\/noticias\\\/\",\"name\":\"El Digital de Asturias - Diario de actualidad y noticias\",\"alternateName\":\"El Digital de Asturias - Diario de actualidad y noticias\",\"description\":\"Hemeroteca\",\"inLanguage\":\"es-ES\",\"publisher\":{\"@id\":\"https:\\\/\\\/www.eldigitaldeasturias.com\\\/noticias\\\/#organization\"}}]}\n\t\t<\/script>\n\t\t<!-- All in One SEO Pro -->\r\n\t\t<title>Mieres y Langreo exigen al Principado que garantice la seguridad jur\u00eddica de los planes empleo - El Digital de Asturias<\/title>\n\n","aioseo_head_json":{"title":"Mieres y Langreo exigen al Principado que garantice la seguridad jur\u00eddica de los planes empleo - El Digital de Asturias","description":"Los Ayuntamientos de Mieres y Langreo han exigido este martes al Gobierno del Principado que garantice la seguridad jur\u00eddica de los planes de empleo y han denunciado que sin cambios en la modalidad de contrataci\u00f3n a nivel estatal, \"seguir\u00e1 habiendo dudas legales sobre este tipo de contratos\". El vicealcalde de Mieres, Manuel \u00c1ngel \u00c1lvarez, y","canonical_url":"https:\/\/www.eldigitaldeasturias.com\/noticias\/mieres-y-langreo-exigen-al-principado-que-garantice-la-seguridad-juridica-de-los-planes-empleo\/","robots":"max-image-preview:large","keywords":"actualidad asturias","webmasterTools":{"google-site-verification":"UA-38556648-1","msvalidate.01":"7dfe9f3f1b24437ab69f4f2559babe99","miscellaneous":""},"schema":{"@context":"https:\/\/schema.org","@graph":[{"@type":"BlogPosting","@id":"https:\/\/www.eldigitaldeasturias.com\/noticias\/mieres-y-langreo-exigen-al-principado-que-garantice-la-seguridad-juridica-de-los-planes-empleo\/#blogposting","name":"Mieres y Langreo exigen al Principado que garantice la seguridad jur\u00eddica de los planes empleo - El Digital de Asturias","headline":"Mieres y Langreo exigen al Principado que garantice la seguridad jur\u00eddica de los planes empleo","author":{"@id":"https:\/\/www.eldigitaldeasturias.com\/noticias\/author\/admin\/#author"},"publisher":{"@id":"https:\/\/www.eldigitaldeasturias.com\/noticias\/#organization"},"image":{"@type":"ImageObject","url":"https:\/\/www.eldigitaldeasturias.com\/noticias\/wp-content\/uploads\/2013\/10\/mieres.jpg","width":800,"height":600},"datePublished":"2016-09-06T23:59:56+02:00","dateModified":"2016-09-06T23:59:56+02:00","inLanguage":"es-ES","mainEntityOfPage":{"@id":"https:\/\/www.eldigitaldeasturias.com\/noticias\/mieres-y-langreo-exigen-al-principado-que-garantice-la-seguridad-juridica-de-los-planes-empleo\/#webpage"},"isPartOf":{"@id":"https:\/\/www.eldigitaldeasturias.com\/noticias\/mieres-y-langreo-exigen-al-principado-que-garantice-la-seguridad-juridica-de-los-planes-empleo\/#webpage"},"articleSection":"Actualidad Asturias"},{"@type":"BreadcrumbList","@id":"https:\/\/www.eldigitaldeasturias.com\/noticias\/mieres-y-langreo-exigen-al-principado-que-garantice-la-seguridad-juridica-de-los-planes-empleo\/#breadcrumblist","itemListElement":[{"@type":"ListItem","@id":"https:\/\/www.eldigitaldeasturias.com\/noticias#listItem","position":1,"name":"Home","item":"https:\/\/www.eldigitaldeasturias.com\/noticias","nextItem":{"@type":"ListItem","@id":"https:\/\/www.eldigitaldeasturias.com\/noticias\/category\/actualidad-asturias\/#listItem","name":"Actualidad Asturias"}},{"@type":"ListItem","@id":"https:\/\/www.eldigitaldeasturias.com\/noticias\/category\/actualidad-asturias\/#listItem","position":2,"name":"Actualidad Asturias","item":"https:\/\/www.eldigitaldeasturias.com\/noticias\/category\/actualidad-asturias\/","nextItem":{"@type":"ListItem","@id":"https:\/\/www.eldigitaldeasturias.com\/noticias\/mieres-y-langreo-exigen-al-principado-que-garantice-la-seguridad-juridica-de-los-planes-empleo\/#listItem","name":"Mieres y Langreo exigen al Principado que garantice la seguridad jur\u00eddica de los planes empleo"},"previousItem":{"@type":"ListItem","@id":"https:\/\/www.eldigitaldeasturias.com\/noticias#listItem","name":"Home"}},{"@type":"ListItem","@id":"https:\/\/www.eldigitaldeasturias.com\/noticias\/mieres-y-langreo-exigen-al-principado-que-garantice-la-seguridad-juridica-de-los-planes-empleo\/#listItem","position":3,"name":"Mieres y Langreo exigen al Principado que garantice la seguridad jur\u00eddica de los planes empleo","previousItem":{"@type":"ListItem","@id":"https:\/\/www.eldigitaldeasturias.com\/noticias\/category\/actualidad-asturias\/#listItem","name":"Actualidad Asturias"}}]},{"@type":"Organization","@id":"https:\/\/www.eldigitaldeasturias.com\/noticias\/#organization","name":"El Digital de Asturias","description":"Hemeroteca","url":"https:\/\/www.eldigitaldeasturias.com\/noticias\/","email":"info@eldigitaldeasturias.com","telephone":"+34652131393","logo":{"@type":"ImageObject","url":"https:\/\/www.eldigitaldeasturias.com\/noticias\/wp-content\/uploads\/2020\/12\/EDA.jpg","@id":"https:\/\/www.eldigitaldeasturias.com\/noticias\/mieres-y-langreo-exigen-al-principado-que-garantice-la-seguridad-juridica-de-los-planes-empleo\/#organizationLogo","width":649,"height":297},"image":{"@id":"https:\/\/www.eldigitaldeasturias.com\/noticias\/mieres-y-langreo-exigen-al-principado-que-garantice-la-seguridad-juridica-de-los-planes-empleo\/#organizationLogo"},"sameAs":["https:\/\/facebook.com\/eldigitaldeasturias","https:\/\/www.youtube.com\/channel\/UCZP-2wLEB9Rv6erhFmqVnvg"],"address":{"@id":"https:\/\/www.eldigitaldeasturias.com\/noticias\/#postaladdress","@type":"PostalAddress","streetAddress":"san antonio 4,","postalCode":"33430","addressLocality":"Cand\u00e1s","addressRegion":"Asturias","addressCountry":"ES"}},{"@type":"Person","@id":"https:\/\/www.eldigitaldeasturias.com\/noticias\/author\/admin\/#author","url":"https:\/\/www.eldigitaldeasturias.com\/noticias\/author\/admin\/","name":"El Digital de Asturias","image":{"@type":"ImageObject","@id":"https:\/\/www.eldigitaldeasturias.com\/noticias\/mieres-y-langreo-exigen-al-principado-que-garantice-la-seguridad-juridica-de-los-planes-empleo\/#authorImage","url":"https:\/\/www.eldigitaldeasturias.com\/noticias\/wp-content\/litespeed\/avatar\/18677e78aa0546b92d9dbf31ec7d7668.jpg?ver=1777290358","width":96,"height":96,"caption":"El Digital de Asturias"}},{"@type":"WebPage","@id":"https:\/\/www.eldigitaldeasturias.com\/noticias\/mieres-y-langreo-exigen-al-principado-que-garantice-la-seguridad-juridica-de-los-planes-empleo\/#webpage","url":"https:\/\/www.eldigitaldeasturias.com\/noticias\/mieres-y-langreo-exigen-al-principado-que-garantice-la-seguridad-juridica-de-los-planes-empleo\/","name":"Mieres y Langreo exigen al Principado que garantice la seguridad jur\u00eddica de los planes empleo - El Digital de Asturias","description":"Los Ayuntamientos de Mieres y Langreo han exigido este martes al Gobierno del Principado que garantice la seguridad jur\u00eddica de los planes de empleo y han denunciado que sin cambios en la modalidad de contrataci\u00f3n a nivel estatal, \"seguir\u00e1 habiendo dudas legales sobre este tipo de contratos\". El vicealcalde de Mieres, Manuel \u00c1ngel \u00c1lvarez, y","inLanguage":"es-ES","isPartOf":{"@id":"https:\/\/www.eldigitaldeasturias.com\/noticias\/#website"},"breadcrumb":{"@id":"https:\/\/www.eldigitaldeasturias.com\/noticias\/mieres-y-langreo-exigen-al-principado-que-garantice-la-seguridad-juridica-de-los-planes-empleo\/#breadcrumblist"},"author":{"@id":"https:\/\/www.eldigitaldeasturias.com\/noticias\/author\/admin\/#author"},"creator":{"@id":"https:\/\/www.eldigitaldeasturias.com\/noticias\/author\/admin\/#author"},"image":{"@type":"ImageObject","url":"https:\/\/www.eldigitaldeasturias.com\/noticias\/wp-content\/uploads\/2013\/10\/mieres.jpg","@id":"https:\/\/www.eldigitaldeasturias.com\/noticias\/mieres-y-langreo-exigen-al-principado-que-garantice-la-seguridad-juridica-de-los-planes-empleo\/#mainImage","width":800,"height":600},"primaryImageOfPage":{"@id":"https:\/\/www.eldigitaldeasturias.com\/noticias\/mieres-y-langreo-exigen-al-principado-que-garantice-la-seguridad-juridica-de-los-planes-empleo\/#mainImage"},"datePublished":"2016-09-06T23:59:56+02:00","dateModified":"2016-09-06T23:59:56+02:00"},{"@type":"WebSite","@id":"https:\/\/www.eldigitaldeasturias.com\/noticias\/#website","url":"https:\/\/www.eldigitaldeasturias.com\/noticias\/","name":"El Digital de Asturias - Diario de actualidad y noticias","alternateName":"El Digital de Asturias - Diario de actualidad y noticias","description":"Hemeroteca","inLanguage":"es-ES","publisher":{"@id":"https:\/\/www.eldigitaldeasturias.com\/noticias\/#organization"}}]},"og:locale":"es_ES","og:site_name":"El Digital de Asturias","og:type":"article","og:title":"Mieres y Langreo exigen al Principado que garantice la seguridad jur\u00eddica de los planes empleo - El Digital de Asturias","og:description":"Los Ayuntamientos de Mieres y Langreo han exigido este martes al Gobierno del Principado que garantice la seguridad jur\u00eddica de los planes de empleo y han denunciado que sin cambios en la modalidad de contrataci\u00f3n a nivel estatal, &quot;seguir\u00e1 habiendo dudas legales sobre este tipo de contratos&quot;. El vicealcalde de Mieres, Manuel \u00c1ngel \u00c1lvarez, y","og:url":"https:\/\/www.eldigitaldeasturias.com\/noticias\/mieres-y-langreo-exigen-al-principado-que-garantice-la-seguridad-juridica-de-los-planes-empleo\/","og:image":"https:\/\/www.eldigitaldeasturias.com\/noticias\/wp-content\/uploads\/2013\/10\/mieres.jpg","og:image:secure_url":"https:\/\/www.eldigitaldeasturias.com\/noticias\/wp-content\/uploads\/2013\/10\/mieres.jpg","og:image:width":800,"og:image:height":600,"article:tag":["actualidad asturias"],"article:published_time":"2016-09-06T22:59:56+00:00","article:modified_time":"2016-09-06T22:59:56+00:00","article:publisher":"https:\/\/facebook.com\/eldigitaldeasturias","twitter:card":"summary_large_image","twitter:title":"Mieres y Langreo exigen al Principado que garantice la seguridad jur\u00eddica de los planes empleo - El Digital de Asturias","twitter:description":"Los Ayuntamientos de Mieres y Langreo han exigido este martes al Gobierno del Principado que garantice la seguridad jur\u00eddica de los planes de empleo y han denunciado que sin cambios en la modalidad de contrataci\u00f3n a nivel estatal, &quot;seguir\u00e1 habiendo dudas legales sobre este tipo de contratos&quot;. El vicealcalde de Mieres, Manuel \u00c1ngel \u00c1lvarez, y","twitter:image":"https:\/\/www.eldigitaldeasturias.com\/noticias\/wp-content\/uploads\/2013\/10\/mieres.jpg","twitter:label1":"Escrito por","twitter:data1":"El Digital de Asturias","twitter:label2":"Tiempo de lectura estimado","twitter:data2":"2 minutos"},"aioseo_meta_data":{"post_id":"906188","title":null,"description":null,"keywords":null,"keyphrases":null,"primary_term":null,"canonical_url":null,"og_title":null,"og_description":null,"og_object_type":"default","og_image_type":"default","og_image_url":null,"og_image_width":null,"og_image_height":null,"og_image_custom_url":null,"og_image_custom_fields":null,"og_video":null,"og_custom_url":null,"og_article_section":null,"og_article_tags":null,"twitter_use_og":false,"twitter_card":"default","twitter_image_type":"default","twitter_image_url":null,"twitter_image_custom_url":null,"twitter_image_custom_fields":null,"twitter_title":null,"twitter_description":null,"schema":{"blockGraphs":[],"customGraphs":[],"default":{"data":{"Article":[],"Course":[],"Dataset":[],"FAQPage":[],"Movie":[],"Person":[],"Product":[],"ProductReview":[],"Car":[],"Recipe":[],"Service":[],"SoftwareApplication":[],"WebPage":[]},"graphName":"","isEnabled":true},"graphs":[],"defaultGraph":"","defaultPostTypeGraph":""},"schema_type":null,"schema_type_options":null,"pillar_content":false,"robots_default":true,"robots_noindex":false,"robots_noarchive":false,"robots_nosnippet":false,"robots_nofollow":false,"robots_noimageindex":false,"robots_noodp":false,"robots_notranslate":false,"robots_max_snippet":null,"robots_max_videopreview":null,"robots_max_imagepreview":"large","priority":null,"frequency":null,"local_seo":null,"seo_analyzer_scan_date":"2025-11-30 08:09:16","breadcrumb_settings":null,"limit_modified_date":false,"open_ai":null,"ai":null,"created":"2020-12-21 14:01:57","updated":"2025-11-30 08:09:16"},"aioseo_breadcrumb":"<div class=\"aioseo-breadcrumbs\"><span class=\"aioseo-breadcrumb\">\n\t<a href=\"https:\/\/www.eldigitaldeasturias.com\/noticias\" title=\"Home\">Home<\/a>\n<\/span><span class=\"aioseo-breadcrumb-separator\">\u2013<\/span><span class=\"aioseo-breadcrumb\">\n\t<a href=\"https:\/\/www.eldigitaldeasturias.com\/noticias\/category\/actualidad-asturias\/\" title=\"Actualidad Asturias\">Actualidad Asturias<\/a>\n<\/span><span class=\"aioseo-breadcrumb-separator\">\u2013<\/span><span class=\"aioseo-breadcrumb\">\n\t<a href=\"https:\/\/www.eldigitaldeasturias.com\/noticias\/mieres-y-langreo-exigen-al-principado-que-garantice-la-seguridad-juridica-de-los-planes-empleo\/\" title=\"Mieres y Langreo exigen al Principado que garantice la seguridad jur\u00eddica de los planes empleo\">Mieres y Langreo exigen al Principado que garantice la seguridad jur\u00eddica de los planes empleo<\/a>\n<\/span><\/div>","aioseo_breadcrumb_json":[{"label":"Home","link":"https:\/\/www.eldigitaldeasturias.com\/noticias"},{"label":"Actualidad Asturias","link":"https:\/\/www.eldigitaldeasturias.com\/noticias\/category\/actualidad-asturias\/"},{"label":"Mieres y Langreo exigen al Principado que garantice la seguridad jur\u00eddica de los planes empleo","link":"https:\/\/www.eldigitaldeasturias.com\/noticias\/mieres-y-langreo-exigen-al-principado-que-garantice-la-seguridad-juridica-de-los-planes-empleo\/"}],"_links":{"self":[{"href":"https:\/\/www.eldigitaldeasturias.com\/noticias\/wp-json\/wp\/v2\/posts\/906188","targetHints":{"allow":["GET"]}}],"collection":[{"href":"https:\/\/www.eldigitaldeasturias.com\/noticias\/wp-json\/wp\/v2\/posts"}],"about":[{"href":"https:\/\/www.eldigitaldeasturias.com\/noticias\/wp-json\/wp\/v2\/types\/post"}],"author":[{"embeddable":true,"href":"https:\/\/www.eldigitaldeasturias.com\/noticias\/wp-json\/wp\/v2\/users\/1"}],"replies":[{"embeddable":true,"href":"https:\/\/www.eldigitaldeasturias.com\/noticias\/wp-json\/wp\/v2\/comments?post=906188"}],"version-history":[{"count":0,"href":"https:\/\/www.eldigitaldeasturias.com\/noticias\/wp-json\/wp\/v2\/posts\/906188\/revisions"}],"wp:featuredmedia":[{"embeddable":true,"href":"https:\/\/www.eldigitaldeasturias.com\/noticias\/wp-json\/wp\/v2\/media\/440528"}],"wp:attachment":[{"href":"https:\/\/www.eldigitaldeasturias.com\/noticias\/wp-json\/wp\/v2\/media?parent=906188"}],"wp:term":[{"taxonomy":"category","embeddable":true,"href":"https:\/\/www.eldigitaldeasturias.com\/noticias\/wp-json\/wp\/v2\/categories?post=906188"},{"taxonomy":"post_tag","embeddable":true,"href":"https:\/\/www.eldigitaldeasturias.com\/noticias\/wp-json\/wp\/v2\/tags?post=906188"}],"curies":[{"name":"wp","href":"https:\/\/api.w.org\/{rel}","templated":true}]}}