{"id":906181,"date":"2016-09-06T23:51:54","date_gmt":"2016-09-06T22:51:54","guid":{"rendered":"http:\/\/www.eldigitaldeasturias.com\/noticias\/?p=906181"},"modified":"2016-09-06T23:51:54","modified_gmt":"2016-09-06T22:51:54","slug":"gijon-preve-contratar-25-serenos-mayores-de-52-anos","status":"publish","type":"post","link":"https:\/\/www.eldigitaldeasturias.com\/noticias\/gijon-preve-contratar-25-serenos-mayores-de-52-anos\/","title":{"rendered":"Gij\u00f3n prev\u00e9 contratar 25 serenos mayores de 52 a\u00f1os"},"content":{"rendered":"<p><img loading=\"lazy\" decoding=\"async\" class=\"alignleft size-medium wp-image-865821\" src=\"https:\/\/www.eldigitaldeasturias.com\/noticias\/wp-content\/uploads\/2016\/03\/gijon-360x203.jpg\" alt=\"gijon\" width=\"360\" height=\"203\" srcset=\"https:\/\/www.eldigitaldeasturias.com\/noticias\/wp-content\/uploads\/2016\/03\/gijon-360x203.jpg 360w, https:\/\/www.eldigitaldeasturias.com\/noticias\/wp-content\/uploads\/2016\/03\/gijon-480x270.jpg 480w, https:\/\/www.eldigitaldeasturias.com\/noticias\/wp-content\/uploads\/2016\/03\/gijon-768x432.jpg 768w, https:\/\/www.eldigitaldeasturias.com\/noticias\/wp-content\/uploads\/2016\/03\/gijon-690x388.jpg 690w, https:\/\/www.eldigitaldeasturias.com\/noticias\/wp-content\/uploads\/2016\/03\/gijon-20x11.jpg 20w, https:\/\/www.eldigitaldeasturias.com\/noticias\/wp-content\/uploads\/2016\/03\/gijon.jpg 800w\" sizes=\"auto, (max-width: 360px) 100vw, 360px\" \/>El portavoz del Gobierno local en el Ayuntamiento de Gij\u00f3n, Fernando Couto (Foro), ha avanzado este martes que la Junta de Gobierno ha autorizado un gasto de 193.000 euros adicionales al convenio de Serenos para la contrataci\u00f3n de 25 personas m\u00e1s, dentro del Plan de Choque, y que sean mayores de 52 a\u00f1os con dificultades econ\u00f3micas.<\/p>\n<p>Tambi\u00e9n ha anunciado, en rueda de prensa en el Consistorio, la concesi\u00f3n de ayudas de 23 ayudas a comunidades de propietarios para la rehabilitaci\u00f3n de fachadas o supresi\u00f3n de barreras arquitect\u00f3nicas por importe global de 1.097.490 euros.<\/p>\n<p>Asimismo, fuera del Orden del D\u00eda, se ha aprobado el nombramiento de Mar\u00eda L\u00f3pez Castro como directora general de Coordinaci\u00f3n de Infraestructuras, del que que era directora de \u00e1rea ya. Tambi\u00e9n se han acordado las bases para secretario de la Junta de Gobierno, de nueva creaci\u00f3n y libre designaci\u00f3n entre funcionarios con movilidad nacional.<\/p>\n<p>Adem\u00e1s, se ha dado luz verde al convenio entre Principado y Ayuntamiento para el Museo del Pueblo de Asturias, por importe de 23.175 euros el primero y otros 23.000 euros el segundo. Tambi\u00e9n el Principado aportar\u00e1 una subvenci\u00f3n para el Festival Internacional de Gij\u00f3n por valor de 37.870 euros, menos que hace a\u00f1os, aunque algo que ha atribuido a \u00abestrecheces presupuestarias\u00bb.<\/p>\n<p>Otros convenios autorizados son con la Asociaci\u00f3n de Empresas Socio-sanitarias del Principado de Asturias (Adesspa) para la celebraci\u00f3n de Norbienestar que hubo el pasado mayo (4.000 euros), con la C\u00e1mara de Comercio para la modernizaci\u00f3n del recinto ferial por 40.000 euros, con Asetra para la realizaci\u00f3n de jornadas (3.000 euros), y con la UNED para la organizaci\u00f3n de cursos (120.000 euros).<\/p>\n<p>A esto se suma el convenio de colaboraci\u00f3n con la Consejer\u00eda de Servicios y Derechos Sociales para el sostenimiento del Centro Municipal de Apoyo a la Integraci\u00f3n de Personas con Discapacidad (CMAI), por importe de 93.000 euros. Tambi\u00e9n se han concedido subvenciones a asociaciones vecinales, 42.000 euros para el funcionamiento de las mismas y 11.000 euros para inversi\u00f3n.<\/p>\n<p>Adem\u00e1s, se ha dado luz verde a los 150.000 euros de m\u00e1s que hay que pagar al Sporting dentro del convenio con el Ayuntamiento, por difundir la imagen de la ciudad en Primera Divisi\u00f3n y no en Segunda. Couto no ha querido opinar sobre posibles cambios del nombre del estadio sugeridos desde la Directiva del club deportivo, aunque ha dicho entender que se trata de poner a El Molin\u00f3n un &#8216;apellido&#8217; para buscar patrocinador como hacen en otros sitios. Ha indicado que el convenio con el Sporting acaba el a\u00f1o que viene, aunque ha avanzado que no ve inconveniente en que siga jugando en El Molin\u00f3n.<\/p>\n<p>&nbsp;<\/p>\n","protected":false},"excerpt":{"rendered":"<p>El portavoz del Gobierno local en el Ayuntamiento de Gij\u00f3n, Fernando Couto (Foro), ha avanzado este martes que la Junta de Gobierno ha autorizado un gasto de 193.000 euros adicionales al convenio de Serenos para la contrataci\u00f3n de 25 personas m\u00e1s, dentro del Plan de Choque, y que sean mayores de 52 a\u00f1os con dificultades [&hellip;]<\/p>\n","protected":false},"author":1,"featured_media":865821,"comment_status":"closed","ping_status":"closed","sticky":false,"template":"","format":"standard","meta":{"footnotes":""},"categories":[12],"tags":[],"class_list":["post-906181","post","type-post","status-publish","format-standard","has-post-thumbnail","hentry","category-actualidad-asturias"],"aioseo_notices":[],"aioseo_head":"\n\t\t<!-- All in One SEO Pro 4.9.6.2 - aioseo.com -->\n\t<meta name=\"description\" content=\"El portavoz del Gobierno local en el Ayuntamiento de Gij\u00f3n, Fernando Couto (Foro), ha avanzado este martes que la Junta de Gobierno ha autorizado un gasto de 193.000 euros adicionales al convenio de Serenos para la contrataci\u00f3n de 25 personas m\u00e1s, dentro del Plan de Choque, y que sean mayores de 52 a\u00f1os con dificultades\" \/>\n\t<meta name=\"robots\" content=\"max-image-preview:large\" \/>\n\t<meta name=\"author\" content=\"El Digital de Asturias\"\/>\n\t<meta name=\"google-site-verification\" content=\"UA-38556648-1\" \/>\n\t<meta name=\"msvalidate.01\" content=\"7dfe9f3f1b24437ab69f4f2559babe99\" \/>\n\t<meta name=\"keywords\" content=\"actualidad asturias\" \/>\n\t<link rel=\"canonical\" href=\"https:\/\/www.eldigitaldeasturias.com\/noticias\/gijon-preve-contratar-25-serenos-mayores-de-52-anos\/\" \/>\n\t<meta name=\"generator\" content=\"All in One SEO Pro (AIOSEO) 4.9.6.2\" \/>\n\t\t<meta property=\"og:locale\" content=\"es_ES\" \/>\n\t\t<meta property=\"og:site_name\" content=\"El Digital de Asturias\" \/>\n\t\t<meta property=\"og:type\" content=\"article\" \/>\n\t\t<meta property=\"og:title\" content=\"Gij\u00f3n prev\u00e9 contratar 25 serenos mayores de 52 a\u00f1os - El Digital de Asturias\" \/>\n\t\t<meta property=\"og:description\" content=\"El portavoz del Gobierno local en el Ayuntamiento de Gij\u00f3n, Fernando Couto (Foro), ha avanzado este martes que la Junta de Gobierno ha autorizado un gasto de 193.000 euros adicionales al convenio de Serenos para la contrataci\u00f3n de 25 personas m\u00e1s, dentro del Plan de Choque, y que sean mayores de 52 a\u00f1os con dificultades\" \/>\n\t\t<meta property=\"og:url\" content=\"https:\/\/www.eldigitaldeasturias.com\/noticias\/gijon-preve-contratar-25-serenos-mayores-de-52-anos\/\" \/>\n\t\t<meta property=\"og:image\" content=\"https:\/\/www.eldigitaldeasturias.com\/noticias\/wp-content\/uploads\/2016\/03\/gijon.jpg\" \/>\n\t\t<meta property=\"og:image:secure_url\" content=\"https:\/\/www.eldigitaldeasturias.com\/noticias\/wp-content\/uploads\/2016\/03\/gijon.jpg\" \/>\n\t\t<meta property=\"og:image:width\" content=\"800\" \/>\n\t\t<meta property=\"og:image:height\" content=\"450\" \/>\n\t\t<meta property=\"article:tag\" content=\"actualidad asturias\" \/>\n\t\t<meta property=\"article:published_time\" content=\"2016-09-06T22:51:54+00:00\" \/>\n\t\t<meta property=\"article:modified_time\" content=\"2016-09-06T22:51:54+00:00\" \/>\n\t\t<meta property=\"article:publisher\" content=\"https:\/\/facebook.com\/eldigitaldeasturias\" \/>\n\t\t<meta name=\"twitter:card\" content=\"summary_large_image\" \/>\n\t\t<meta name=\"twitter:title\" content=\"Gij\u00f3n prev\u00e9 contratar 25 serenos mayores de 52 a\u00f1os - El Digital de Asturias\" \/>\n\t\t<meta name=\"twitter:description\" content=\"El portavoz del Gobierno local en el Ayuntamiento de Gij\u00f3n, Fernando Couto (Foro), ha avanzado este martes que la Junta de Gobierno ha autorizado un gasto de 193.000 euros adicionales al convenio de Serenos para la contrataci\u00f3n de 25 personas m\u00e1s, dentro del Plan de Choque, y que sean mayores de 52 a\u00f1os con dificultades\" \/>\n\t\t<meta name=\"twitter:image\" content=\"https:\/\/www.eldigitaldeasturias.com\/noticias\/wp-content\/uploads\/2016\/03\/gijon.jpg\" \/>\n\t\t<meta name=\"twitter:label1\" content=\"Escrito por\" \/>\n\t\t<meta name=\"twitter:data1\" content=\"El Digital de Asturias\" \/>\n\t\t<meta name=\"twitter:label2\" content=\"Tiempo de lectura estimado\" \/>\n\t\t<meta name=\"twitter:data2\" content=\"2 minutos\" \/>\n\t\t<script type=\"application\/ld+json\" class=\"aioseo-schema\">\n\t\t\t{\"@context\":\"https:\\\/\\\/schema.org\",\"@graph\":[{\"@type\":\"BlogPosting\",\"@id\":\"https:\\\/\\\/www.eldigitaldeasturias.com\\\/noticias\\\/gijon-preve-contratar-25-serenos-mayores-de-52-anos\\\/#blogposting\",\"name\":\"Gij\\u00f3n prev\\u00e9 contratar 25 serenos mayores de 52 a\\u00f1os - El Digital de Asturias\",\"headline\":\"Gij\\u00f3n prev\\u00e9 contratar 25 serenos mayores de 52 a\\u00f1os\",\"author\":{\"@id\":\"https:\\\/\\\/www.eldigitaldeasturias.com\\\/noticias\\\/author\\\/admin\\\/#author\"},\"publisher\":{\"@id\":\"https:\\\/\\\/www.eldigitaldeasturias.com\\\/noticias\\\/#organization\"},\"image\":{\"@type\":\"ImageObject\",\"url\":\"https:\\\/\\\/www.eldigitaldeasturias.com\\\/noticias\\\/wp-content\\\/uploads\\\/2016\\\/03\\\/gijon.jpg\",\"width\":800,\"height\":450},\"datePublished\":\"2016-09-06T23:51:54+02:00\",\"dateModified\":\"2016-09-06T23:51:54+02:00\",\"inLanguage\":\"es-ES\",\"mainEntityOfPage\":{\"@id\":\"https:\\\/\\\/www.eldigitaldeasturias.com\\\/noticias\\\/gijon-preve-contratar-25-serenos-mayores-de-52-anos\\\/#webpage\"},\"isPartOf\":{\"@id\":\"https:\\\/\\\/www.eldigitaldeasturias.com\\\/noticias\\\/gijon-preve-contratar-25-serenos-mayores-de-52-anos\\\/#webpage\"},\"articleSection\":\"Actualidad Asturias\"},{\"@type\":\"BreadcrumbList\",\"@id\":\"https:\\\/\\\/www.eldigitaldeasturias.com\\\/noticias\\\/gijon-preve-contratar-25-serenos-mayores-de-52-anos\\\/#breadcrumblist\",\"itemListElement\":[{\"@type\":\"ListItem\",\"@id\":\"https:\\\/\\\/www.eldigitaldeasturias.com\\\/noticias#listItem\",\"position\":1,\"name\":\"Home\",\"item\":\"https:\\\/\\\/www.eldigitaldeasturias.com\\\/noticias\",\"nextItem\":{\"@type\":\"ListItem\",\"@id\":\"https:\\\/\\\/www.eldigitaldeasturias.com\\\/noticias\\\/category\\\/actualidad-asturias\\\/#listItem\",\"name\":\"Actualidad Asturias\"}},{\"@type\":\"ListItem\",\"@id\":\"https:\\\/\\\/www.eldigitaldeasturias.com\\\/noticias\\\/category\\\/actualidad-asturias\\\/#listItem\",\"position\":2,\"name\":\"Actualidad Asturias\",\"item\":\"https:\\\/\\\/www.eldigitaldeasturias.com\\\/noticias\\\/category\\\/actualidad-asturias\\\/\",\"nextItem\":{\"@type\":\"ListItem\",\"@id\":\"https:\\\/\\\/www.eldigitaldeasturias.com\\\/noticias\\\/gijon-preve-contratar-25-serenos-mayores-de-52-anos\\\/#listItem\",\"name\":\"Gij\\u00f3n prev\\u00e9 contratar 25 serenos mayores de 52 a\\u00f1os\"},\"previousItem\":{\"@type\":\"ListItem\",\"@id\":\"https:\\\/\\\/www.eldigitaldeasturias.com\\\/noticias#listItem\",\"name\":\"Home\"}},{\"@type\":\"ListItem\",\"@id\":\"https:\\\/\\\/www.eldigitaldeasturias.com\\\/noticias\\\/gijon-preve-contratar-25-serenos-mayores-de-52-anos\\\/#listItem\",\"position\":3,\"name\":\"Gij\\u00f3n prev\\u00e9 contratar 25 serenos mayores de 52 a\\u00f1os\",\"previousItem\":{\"@type\":\"ListItem\",\"@id\":\"https:\\\/\\\/www.eldigitaldeasturias.com\\\/noticias\\\/category\\\/actualidad-asturias\\\/#listItem\",\"name\":\"Actualidad Asturias\"}}]},{\"@type\":\"Organization\",\"@id\":\"https:\\\/\\\/www.eldigitaldeasturias.com\\\/noticias\\\/#organization\",\"name\":\"El Digital de Asturias\",\"description\":\"Hemeroteca\",\"url\":\"https:\\\/\\\/www.eldigitaldeasturias.com\\\/noticias\\\/\",\"email\":\"info@eldigitaldeasturias.com\",\"telephone\":\"+34652131393\",\"logo\":{\"@type\":\"ImageObject\",\"url\":\"https:\\\/\\\/www.eldigitaldeasturias.com\\\/noticias\\\/wp-content\\\/uploads\\\/2020\\\/12\\\/EDA.jpg\",\"@id\":\"https:\\\/\\\/www.eldigitaldeasturias.com\\\/noticias\\\/gijon-preve-contratar-25-serenos-mayores-de-52-anos\\\/#organizationLogo\",\"width\":649,\"height\":297},\"image\":{\"@id\":\"https:\\\/\\\/www.eldigitaldeasturias.com\\\/noticias\\\/gijon-preve-contratar-25-serenos-mayores-de-52-anos\\\/#organizationLogo\"},\"sameAs\":[\"https:\\\/\\\/facebook.com\\\/eldigitaldeasturias\",\"https:\\\/\\\/www.youtube.com\\\/channel\\\/UCZP-2wLEB9Rv6erhFmqVnvg\"],\"address\":{\"@id\":\"https:\\\/\\\/www.eldigitaldeasturias.com\\\/noticias\\\/#postaladdress\",\"@type\":\"PostalAddress\",\"streetAddress\":\"san antonio 4,\",\"postalCode\":\"33430\",\"addressLocality\":\"Cand\\u00e1s\",\"addressRegion\":\"Asturias\",\"addressCountry\":\"ES\"}},{\"@type\":\"Person\",\"@id\":\"https:\\\/\\\/www.eldigitaldeasturias.com\\\/noticias\\\/author\\\/admin\\\/#author\",\"url\":\"https:\\\/\\\/www.eldigitaldeasturias.com\\\/noticias\\\/author\\\/admin\\\/\",\"name\":\"El Digital de Asturias\",\"image\":{\"@type\":\"ImageObject\",\"@id\":\"https:\\\/\\\/www.eldigitaldeasturias.com\\\/noticias\\\/gijon-preve-contratar-25-serenos-mayores-de-52-anos\\\/#authorImage\",\"url\":\"https:\\\/\\\/www.eldigitaldeasturias.com\\\/noticias\\\/wp-content\\\/litespeed\\\/avatar\\\/18677e78aa0546b92d9dbf31ec7d7668.jpg?ver=1777290358\",\"width\":96,\"height\":96,\"caption\":\"El Digital de Asturias\"}},{\"@type\":\"WebPage\",\"@id\":\"https:\\\/\\\/www.eldigitaldeasturias.com\\\/noticias\\\/gijon-preve-contratar-25-serenos-mayores-de-52-anos\\\/#webpage\",\"url\":\"https:\\\/\\\/www.eldigitaldeasturias.com\\\/noticias\\\/gijon-preve-contratar-25-serenos-mayores-de-52-anos\\\/\",\"name\":\"Gij\\u00f3n prev\\u00e9 contratar 25 serenos mayores de 52 a\\u00f1os - El Digital de Asturias\",\"description\":\"El portavoz del Gobierno local en el Ayuntamiento de Gij\\u00f3n, Fernando Couto (Foro), ha avanzado este martes que la Junta de Gobierno ha autorizado un gasto de 193.000 euros adicionales al convenio de Serenos para la contrataci\\u00f3n de 25 personas m\\u00e1s, dentro del Plan de Choque, y que sean mayores de 52 a\\u00f1os con dificultades\",\"inLanguage\":\"es-ES\",\"isPartOf\":{\"@id\":\"https:\\\/\\\/www.eldigitaldeasturias.com\\\/noticias\\\/#website\"},\"breadcrumb\":{\"@id\":\"https:\\\/\\\/www.eldigitaldeasturias.com\\\/noticias\\\/gijon-preve-contratar-25-serenos-mayores-de-52-anos\\\/#breadcrumblist\"},\"author\":{\"@id\":\"https:\\\/\\\/www.eldigitaldeasturias.com\\\/noticias\\\/author\\\/admin\\\/#author\"},\"creator\":{\"@id\":\"https:\\\/\\\/www.eldigitaldeasturias.com\\\/noticias\\\/author\\\/admin\\\/#author\"},\"image\":{\"@type\":\"ImageObject\",\"url\":\"https:\\\/\\\/www.eldigitaldeasturias.com\\\/noticias\\\/wp-content\\\/uploads\\\/2016\\\/03\\\/gijon.jpg\",\"@id\":\"https:\\\/\\\/www.eldigitaldeasturias.com\\\/noticias\\\/gijon-preve-contratar-25-serenos-mayores-de-52-anos\\\/#mainImage\",\"width\":800,\"height\":450},\"primaryImageOfPage\":{\"@id\":\"https:\\\/\\\/www.eldigitaldeasturias.com\\\/noticias\\\/gijon-preve-contratar-25-serenos-mayores-de-52-anos\\\/#mainImage\"},\"datePublished\":\"2016-09-06T23:51:54+02:00\",\"dateModified\":\"2016-09-06T23:51:54+02:00\"},{\"@type\":\"WebSite\",\"@id\":\"https:\\\/\\\/www.eldigitaldeasturias.com\\\/noticias\\\/#website\",\"url\":\"https:\\\/\\\/www.eldigitaldeasturias.com\\\/noticias\\\/\",\"name\":\"El Digital de Asturias - Diario de actualidad y noticias\",\"alternateName\":\"El Digital de Asturias - Diario de actualidad y noticias\",\"description\":\"Hemeroteca\",\"inLanguage\":\"es-ES\",\"publisher\":{\"@id\":\"https:\\\/\\\/www.eldigitaldeasturias.com\\\/noticias\\\/#organization\"}}]}\n\t\t<\/script>\n\t\t<!-- All in One SEO Pro -->\r\n\t\t<title>Gij\u00f3n prev\u00e9 contratar 25 serenos mayores de 52 a\u00f1os - El Digital de Asturias<\/title>\n\n","aioseo_head_json":{"title":"Gij\u00f3n prev\u00e9 contratar 25 serenos mayores de 52 a\u00f1os - El Digital de Asturias","description":"El portavoz del Gobierno local en el Ayuntamiento de Gij\u00f3n, Fernando Couto (Foro), ha avanzado este martes que la Junta de Gobierno ha autorizado un gasto de 193.000 euros adicionales al convenio de Serenos para la contrataci\u00f3n de 25 personas m\u00e1s, dentro del Plan de Choque, y que sean mayores de 52 a\u00f1os con dificultades","canonical_url":"https:\/\/www.eldigitaldeasturias.com\/noticias\/gijon-preve-contratar-25-serenos-mayores-de-52-anos\/","robots":"max-image-preview:large","keywords":"actualidad asturias","webmasterTools":{"google-site-verification":"UA-38556648-1","msvalidate.01":"7dfe9f3f1b24437ab69f4f2559babe99","miscellaneous":""},"schema":{"@context":"https:\/\/schema.org","@graph":[{"@type":"BlogPosting","@id":"https:\/\/www.eldigitaldeasturias.com\/noticias\/gijon-preve-contratar-25-serenos-mayores-de-52-anos\/#blogposting","name":"Gij\u00f3n prev\u00e9 contratar 25 serenos mayores de 52 a\u00f1os - El Digital de Asturias","headline":"Gij\u00f3n prev\u00e9 contratar 25 serenos mayores de 52 a\u00f1os","author":{"@id":"https:\/\/www.eldigitaldeasturias.com\/noticias\/author\/admin\/#author"},"publisher":{"@id":"https:\/\/www.eldigitaldeasturias.com\/noticias\/#organization"},"image":{"@type":"ImageObject","url":"https:\/\/www.eldigitaldeasturias.com\/noticias\/wp-content\/uploads\/2016\/03\/gijon.jpg","width":800,"height":450},"datePublished":"2016-09-06T23:51:54+02:00","dateModified":"2016-09-06T23:51:54+02:00","inLanguage":"es-ES","mainEntityOfPage":{"@id":"https:\/\/www.eldigitaldeasturias.com\/noticias\/gijon-preve-contratar-25-serenos-mayores-de-52-anos\/#webpage"},"isPartOf":{"@id":"https:\/\/www.eldigitaldeasturias.com\/noticias\/gijon-preve-contratar-25-serenos-mayores-de-52-anos\/#webpage"},"articleSection":"Actualidad Asturias"},{"@type":"BreadcrumbList","@id":"https:\/\/www.eldigitaldeasturias.com\/noticias\/gijon-preve-contratar-25-serenos-mayores-de-52-anos\/#breadcrumblist","itemListElement":[{"@type":"ListItem","@id":"https:\/\/www.eldigitaldeasturias.com\/noticias#listItem","position":1,"name":"Home","item":"https:\/\/www.eldigitaldeasturias.com\/noticias","nextItem":{"@type":"ListItem","@id":"https:\/\/www.eldigitaldeasturias.com\/noticias\/category\/actualidad-asturias\/#listItem","name":"Actualidad Asturias"}},{"@type":"ListItem","@id":"https:\/\/www.eldigitaldeasturias.com\/noticias\/category\/actualidad-asturias\/#listItem","position":2,"name":"Actualidad Asturias","item":"https:\/\/www.eldigitaldeasturias.com\/noticias\/category\/actualidad-asturias\/","nextItem":{"@type":"ListItem","@id":"https:\/\/www.eldigitaldeasturias.com\/noticias\/gijon-preve-contratar-25-serenos-mayores-de-52-anos\/#listItem","name":"Gij\u00f3n prev\u00e9 contratar 25 serenos mayores de 52 a\u00f1os"},"previousItem":{"@type":"ListItem","@id":"https:\/\/www.eldigitaldeasturias.com\/noticias#listItem","name":"Home"}},{"@type":"ListItem","@id":"https:\/\/www.eldigitaldeasturias.com\/noticias\/gijon-preve-contratar-25-serenos-mayores-de-52-anos\/#listItem","position":3,"name":"Gij\u00f3n prev\u00e9 contratar 25 serenos mayores de 52 a\u00f1os","previousItem":{"@type":"ListItem","@id":"https:\/\/www.eldigitaldeasturias.com\/noticias\/category\/actualidad-asturias\/#listItem","name":"Actualidad Asturias"}}]},{"@type":"Organization","@id":"https:\/\/www.eldigitaldeasturias.com\/noticias\/#organization","name":"El Digital de Asturias","description":"Hemeroteca","url":"https:\/\/www.eldigitaldeasturias.com\/noticias\/","email":"info@eldigitaldeasturias.com","telephone":"+34652131393","logo":{"@type":"ImageObject","url":"https:\/\/www.eldigitaldeasturias.com\/noticias\/wp-content\/uploads\/2020\/12\/EDA.jpg","@id":"https:\/\/www.eldigitaldeasturias.com\/noticias\/gijon-preve-contratar-25-serenos-mayores-de-52-anos\/#organizationLogo","width":649,"height":297},"image":{"@id":"https:\/\/www.eldigitaldeasturias.com\/noticias\/gijon-preve-contratar-25-serenos-mayores-de-52-anos\/#organizationLogo"},"sameAs":["https:\/\/facebook.com\/eldigitaldeasturias","https:\/\/www.youtube.com\/channel\/UCZP-2wLEB9Rv6erhFmqVnvg"],"address":{"@id":"https:\/\/www.eldigitaldeasturias.com\/noticias\/#postaladdress","@type":"PostalAddress","streetAddress":"san antonio 4,","postalCode":"33430","addressLocality":"Cand\u00e1s","addressRegion":"Asturias","addressCountry":"ES"}},{"@type":"Person","@id":"https:\/\/www.eldigitaldeasturias.com\/noticias\/author\/admin\/#author","url":"https:\/\/www.eldigitaldeasturias.com\/noticias\/author\/admin\/","name":"El Digital de Asturias","image":{"@type":"ImageObject","@id":"https:\/\/www.eldigitaldeasturias.com\/noticias\/gijon-preve-contratar-25-serenos-mayores-de-52-anos\/#authorImage","url":"https:\/\/www.eldigitaldeasturias.com\/noticias\/wp-content\/litespeed\/avatar\/18677e78aa0546b92d9dbf31ec7d7668.jpg?ver=1777290358","width":96,"height":96,"caption":"El Digital de Asturias"}},{"@type":"WebPage","@id":"https:\/\/www.eldigitaldeasturias.com\/noticias\/gijon-preve-contratar-25-serenos-mayores-de-52-anos\/#webpage","url":"https:\/\/www.eldigitaldeasturias.com\/noticias\/gijon-preve-contratar-25-serenos-mayores-de-52-anos\/","name":"Gij\u00f3n prev\u00e9 contratar 25 serenos mayores de 52 a\u00f1os - El Digital de Asturias","description":"El portavoz del Gobierno local en el Ayuntamiento de Gij\u00f3n, Fernando Couto (Foro), ha avanzado este martes que la Junta de Gobierno ha autorizado un gasto de 193.000 euros adicionales al convenio de Serenos para la contrataci\u00f3n de 25 personas m\u00e1s, dentro del Plan de Choque, y que sean mayores de 52 a\u00f1os con dificultades","inLanguage":"es-ES","isPartOf":{"@id":"https:\/\/www.eldigitaldeasturias.com\/noticias\/#website"},"breadcrumb":{"@id":"https:\/\/www.eldigitaldeasturias.com\/noticias\/gijon-preve-contratar-25-serenos-mayores-de-52-anos\/#breadcrumblist"},"author":{"@id":"https:\/\/www.eldigitaldeasturias.com\/noticias\/author\/admin\/#author"},"creator":{"@id":"https:\/\/www.eldigitaldeasturias.com\/noticias\/author\/admin\/#author"},"image":{"@type":"ImageObject","url":"https:\/\/www.eldigitaldeasturias.com\/noticias\/wp-content\/uploads\/2016\/03\/gijon.jpg","@id":"https:\/\/www.eldigitaldeasturias.com\/noticias\/gijon-preve-contratar-25-serenos-mayores-de-52-anos\/#mainImage","width":800,"height":450},"primaryImageOfPage":{"@id":"https:\/\/www.eldigitaldeasturias.com\/noticias\/gijon-preve-contratar-25-serenos-mayores-de-52-anos\/#mainImage"},"datePublished":"2016-09-06T23:51:54+02:00","dateModified":"2016-09-06T23:51:54+02:00"},{"@type":"WebSite","@id":"https:\/\/www.eldigitaldeasturias.com\/noticias\/#website","url":"https:\/\/www.eldigitaldeasturias.com\/noticias\/","name":"El Digital de Asturias - Diario de actualidad y noticias","alternateName":"El Digital de Asturias - Diario de actualidad y noticias","description":"Hemeroteca","inLanguage":"es-ES","publisher":{"@id":"https:\/\/www.eldigitaldeasturias.com\/noticias\/#organization"}}]},"og:locale":"es_ES","og:site_name":"El Digital de Asturias","og:type":"article","og:title":"Gij\u00f3n prev\u00e9 contratar 25 serenos mayores de 52 a\u00f1os - El Digital de Asturias","og:description":"El portavoz del Gobierno local en el Ayuntamiento de Gij\u00f3n, Fernando Couto (Foro), ha avanzado este martes que la Junta de Gobierno ha autorizado un gasto de 193.000 euros adicionales al convenio de Serenos para la contrataci\u00f3n de 25 personas m\u00e1s, dentro del Plan de Choque, y que sean mayores de 52 a\u00f1os con dificultades","og:url":"https:\/\/www.eldigitaldeasturias.com\/noticias\/gijon-preve-contratar-25-serenos-mayores-de-52-anos\/","og:image":"https:\/\/www.eldigitaldeasturias.com\/noticias\/wp-content\/uploads\/2016\/03\/gijon.jpg","og:image:secure_url":"https:\/\/www.eldigitaldeasturias.com\/noticias\/wp-content\/uploads\/2016\/03\/gijon.jpg","og:image:width":800,"og:image:height":450,"article:tag":["actualidad asturias"],"article:published_time":"2016-09-06T22:51:54+00:00","article:modified_time":"2016-09-06T22:51:54+00:00","article:publisher":"https:\/\/facebook.com\/eldigitaldeasturias","twitter:card":"summary_large_image","twitter:title":"Gij\u00f3n prev\u00e9 contratar 25 serenos mayores de 52 a\u00f1os - El Digital de Asturias","twitter:description":"El portavoz del Gobierno local en el Ayuntamiento de Gij\u00f3n, Fernando Couto (Foro), ha avanzado este martes que la Junta de Gobierno ha autorizado un gasto de 193.000 euros adicionales al convenio de Serenos para la contrataci\u00f3n de 25 personas m\u00e1s, dentro del Plan de Choque, y que sean mayores de 52 a\u00f1os con dificultades","twitter:image":"https:\/\/www.eldigitaldeasturias.com\/noticias\/wp-content\/uploads\/2016\/03\/gijon.jpg","twitter:label1":"Escrito por","twitter:data1":"El Digital de Asturias","twitter:label2":"Tiempo de lectura estimado","twitter:data2":"2 minutos"},"aioseo_meta_data":{"post_id":"906181","title":null,"description":null,"keywords":null,"keyphrases":null,"primary_term":null,"canonical_url":null,"og_title":null,"og_description":null,"og_object_type":"default","og_image_type":"default","og_image_url":null,"og_image_width":null,"og_image_height":null,"og_image_custom_url":null,"og_image_custom_fields":null,"og_video":null,"og_custom_url":null,"og_article_section":null,"og_article_tags":null,"twitter_use_og":false,"twitter_card":"default","twitter_image_type":"default","twitter_image_url":null,"twitter_image_custom_url":null,"twitter_image_custom_fields":null,"twitter_title":null,"twitter_description":null,"schema":{"blockGraphs":[],"customGraphs":[],"default":{"data":{"Article":[],"Course":[],"Dataset":[],"FAQPage":[],"Movie":[],"Person":[],"Product":[],"ProductReview":[],"Car":[],"Recipe":[],"Service":[],"SoftwareApplication":[],"WebPage":[]},"graphName":"","isEnabled":true},"graphs":[],"defaultGraph":"","defaultPostTypeGraph":""},"schema_type":null,"schema_type_options":null,"pillar_content":false,"robots_default":true,"robots_noindex":false,"robots_noarchive":false,"robots_nosnippet":false,"robots_nofollow":false,"robots_noimageindex":false,"robots_noodp":false,"robots_notranslate":false,"robots_max_snippet":null,"robots_max_videopreview":null,"robots_max_imagepreview":"large","priority":null,"frequency":null,"local_seo":null,"seo_analyzer_scan_date":"2025-11-30 08:09:14","breadcrumb_settings":null,"limit_modified_date":false,"open_ai":null,"ai":null,"created":"2020-12-21 14:01:57","updated":"2025-11-30 08:09:14"},"aioseo_breadcrumb":"<div class=\"aioseo-breadcrumbs\"><span class=\"aioseo-breadcrumb\">\n\t<a href=\"https:\/\/www.eldigitaldeasturias.com\/noticias\" title=\"Home\">Home<\/a>\n<\/span><span class=\"aioseo-breadcrumb-separator\">\u2013<\/span><span class=\"aioseo-breadcrumb\">\n\t<a href=\"https:\/\/www.eldigitaldeasturias.com\/noticias\/category\/actualidad-asturias\/\" title=\"Actualidad Asturias\">Actualidad Asturias<\/a>\n<\/span><span class=\"aioseo-breadcrumb-separator\">\u2013<\/span><span class=\"aioseo-breadcrumb\">\n\t<a href=\"https:\/\/www.eldigitaldeasturias.com\/noticias\/gijon-preve-contratar-25-serenos-mayores-de-52-anos\/\" title=\"Gij\u00f3n prev\u00e9 contratar 25 serenos mayores de 52 a\u00f1os\">Gij\u00f3n prev\u00e9 contratar 25 serenos mayores de 52 a\u00f1os<\/a>\n<\/span><\/div>","aioseo_breadcrumb_json":[{"label":"Home","link":"https:\/\/www.eldigitaldeasturias.com\/noticias"},{"label":"Actualidad Asturias","link":"https:\/\/www.eldigitaldeasturias.com\/noticias\/category\/actualidad-asturias\/"},{"label":"Gij\u00f3n prev\u00e9 contratar 25 serenos mayores de 52 a\u00f1os","link":"https:\/\/www.eldigitaldeasturias.com\/noticias\/gijon-preve-contratar-25-serenos-mayores-de-52-anos\/"}],"_links":{"self":[{"href":"https:\/\/www.eldigitaldeasturias.com\/noticias\/wp-json\/wp\/v2\/posts\/906181","targetHints":{"allow":["GET"]}}],"collection":[{"href":"https:\/\/www.eldigitaldeasturias.com\/noticias\/wp-json\/wp\/v2\/posts"}],"about":[{"href":"https:\/\/www.eldigitaldeasturias.com\/noticias\/wp-json\/wp\/v2\/types\/post"}],"author":[{"embeddable":true,"href":"https:\/\/www.eldigitaldeasturias.com\/noticias\/wp-json\/wp\/v2\/users\/1"}],"replies":[{"embeddable":true,"href":"https:\/\/www.eldigitaldeasturias.com\/noticias\/wp-json\/wp\/v2\/comments?post=906181"}],"version-history":[{"count":0,"href":"https:\/\/www.eldigitaldeasturias.com\/noticias\/wp-json\/wp\/v2\/posts\/906181\/revisions"}],"wp:featuredmedia":[{"embeddable":true,"href":"https:\/\/www.eldigitaldeasturias.com\/noticias\/wp-json\/wp\/v2\/media\/865821"}],"wp:attachment":[{"href":"https:\/\/www.eldigitaldeasturias.com\/noticias\/wp-json\/wp\/v2\/media?parent=906181"}],"wp:term":[{"taxonomy":"category","embeddable":true,"href":"https:\/\/www.eldigitaldeasturias.com\/noticias\/wp-json\/wp\/v2\/categories?post=906181"},{"taxonomy":"post_tag","embeddable":true,"href":"https:\/\/www.eldigitaldeasturias.com\/noticias\/wp-json\/wp\/v2\/tags?post=906181"}],"curies":[{"name":"wp","href":"https:\/\/api.w.org\/{rel}","templated":true}]}}