{"id":906177,"date":"2016-09-06T23:48:47","date_gmt":"2016-09-06T22:48:47","guid":{"rendered":"http:\/\/www.eldigitaldeasturias.com\/noticias\/?p=906177"},"modified":"2016-09-06T23:50:17","modified_gmt":"2016-09-06T22:50:17","slug":"andalucia-es-la-comunidad-que-tiene-bajo-su-tutela-a-mas-ninos-extranjeros-no-acompanados","status":"publish","type":"post","link":"https:\/\/www.eldigitaldeasturias.com\/noticias\/andalucia-es-la-comunidad-que-tiene-bajo-su-tutela-a-mas-ninos-extranjeros-no-acompanados\/","title":{"rendered":"Andaluc\u00eda es la comunidad que tiene bajo su tutela a m\u00e1s ni\u00f1os extranjeros no acompa\u00f1ados"},"content":{"rendered":"<p><img loading=\"lazy\" decoding=\"async\" class=\"alignleft size-medium wp-image-906178\" src=\"https:\/\/www.eldigitaldeasturias.com\/noticias\/wp-content\/uploads\/2016\/09\/fotonoticia_20160906145532_800-360x240.jpg\" alt=\"fotonoticia_20160906145532_800\" width=\"360\" height=\"240\" srcset=\"https:\/\/www.eldigitaldeasturias.com\/noticias\/wp-content\/uploads\/2016\/09\/fotonoticia_20160906145532_800-360x240.jpg 360w, https:\/\/www.eldigitaldeasturias.com\/noticias\/wp-content\/uploads\/2016\/09\/fotonoticia_20160906145532_800-768x512.jpg 768w, https:\/\/www.eldigitaldeasturias.com\/noticias\/wp-content\/uploads\/2016\/09\/fotonoticia_20160906145532_800-650x433.jpg 650w, https:\/\/www.eldigitaldeasturias.com\/noticias\/wp-content\/uploads\/2016\/09\/fotonoticia_20160906145532_800-84x55.jpg 84w, https:\/\/www.eldigitaldeasturias.com\/noticias\/wp-content\/uploads\/2016\/09\/fotonoticia_20160906145532_800-49x32.jpg 49w, https:\/\/www.eldigitaldeasturias.com\/noticias\/wp-content\/uploads\/2016\/09\/fotonoticia_20160906145532_800.jpg 800w\" sizes=\"auto, (max-width: 360px) 100vw, 360px\" \/>Andaluc\u00eda es la comunidad que tiene bajo su tutela a m\u00e1s ni\u00f1os extranjeros no acompa\u00f1ados, un total de 973, seg\u00fan se desprende de la Memoria Anual de la Fiscal\u00eda General del Estado, presentada este martes con motivo del inicio del A\u00f1o Judicial. Asturias, por su parte, tiene 39 ni\u00f1os en estas circunstancias.<\/p>\n<p>La memoria recoge tambi\u00e9n que un total de 414 ni\u00f1os extranjeros que viajaban solos llegaron a las costas espa\u00f1olas el a\u00f1o pasado en pateras o embarcaciones similares, lo que supone un incremento del 85,65 por ciento respecto de 2014, cuando fueron 223, y de hasta el 160 por ciento en comparaci\u00f3n a 2013, con un total de 159.<\/p>\n<p>La cifra que ofrece no incluye a los ni\u00f1os que cruzaron las fronteras sin sus padres por otras v\u00edas, como en los bajos de veh\u00edculos, sino exclusivamente a los que lo hicieron por mar.<\/p>\n<p>Seg\u00fan expone, en el 96,85 por ciento de los casos eran varones y los grupos m\u00e1s amplios proced\u00edan de Argelia (45,41%) y Marruecos (31,4%). El resto de los llegados el a\u00f1o pasado eran nacionales de distintos estados del \u00c1frica subsahariana.<\/p>\n<p>En total, el Registro de Menores Extranjeros No Acompa\u00f1ados, la base de datos nacional donde se inscribe a todos estos ni\u00f1os que no tienen un adulto que se haga cargo de ellos, contaba a 31 de diciembre de 2015 con 3.341 menores (eran 3.419 en 2014), de los que 452 son ni\u00f1as y 2.889 ni\u00f1os, y el grupo m\u00e1s amplio (2.197) tienen nacionalidad marroqu\u00ed.<\/p>\n<p>Esto supone una disminuci\u00f3n del 2,28 por ciento la cifra de ni\u00f1os extranjeros bajo tutela de los servicios de protecci\u00f3n de las comunidades aut\u00f3nomas. El mayor n\u00famero consta en Andaluc\u00eda (973); 759 figuran en Melilla; 375 en Catalu\u00f1a; 321 en el Pa\u00eds Vasco y 305 en Madrid.<\/p>\n<p>Asimismo, figuran 198 ni\u00f1os extranjeros bajo tutela en Ceuta; 105 en la Comunidad Valenciana; 93 en Canarias; 56 en Murcia; 39 en Asturias; 23 en Castilla y Le\u00f3n; 23 en Castilla-La Mancha; 35 en Galicia; 8 en Cantabria; 9 en Extremadura; 7 en Arag\u00f3n; 6 en Baleares; y 6 en Navarra, de acuerdo a los datos del Fiscal de Sala de Extranjer\u00eda.<\/p>\n<p>Precisamente, sobre este Registro de Menores no Acompa\u00f1ados, el informe recuerda a los fiscales que deben \u00abadoptar las medidas oportunas para conocer la informaci\u00f3n registral que pueda existir sobre el afectado\u00bb y afirma que \u00absi no tiene a la vista el documento en que la Polic\u00eda le facilite dicha informaci\u00f3n, debe suspender la tramitaci\u00f3n del expediente, no acordando o dejando sin efecto la realizaci\u00f3n de cualquier tipo de pruebas m\u00e9dicas\u00bb.<\/p>\n<p><strong>M\u00c1S PRUEBAS DE DETERMINACI\u00d3N DE LA EDAD<\/strong><\/p>\n<p>En cuanto a la respuesta a los ni\u00f1os extranjeros que est\u00e1n solos, los fiscales de toda Espa\u00f1a incoaron un total de 2.539 diligencias preprocesales de determinaci\u00f3n de edad para tratar de probar si hab\u00edan o no cumplido los 18 a\u00f1os, lo que supone un incremento del 24,27 por ciento respecto del a\u00f1o anterior.<\/p>\n<p>De estas 2.539 pruebas de determinaci\u00f3n de la edad (una persona puede ser sometida m\u00e1s de una vez a estos ex\u00e1menes si cambia de comunidad aut\u00f3noma), un total de 1.033 dieron como resultado que el afectado s\u00ed que era menor, mientras que en 888 casos se determin\u00f3 que era un adulto. En los 615 casos restantes, las diligencias fueron archivadas por causas como la no comparecencia.<\/p>\n<p>El Defensor del Pueblo viene alertando de que el volumen de pruebas de determinaci\u00f3n de la edad en Espa\u00f1a es demasiado elevado, dado que seg\u00fan la jurisprudencia del Tribunal Supremo no se pueden practicar estos an\u00e1lisis, generalmente radiogr\u00e1ficos pero tambi\u00e9n de examen dental y genital, a menores que porten documentaci\u00f3n original expedida en su pa\u00eds de origen y que acredite la fecha de nacimiento.<\/p>\n<p>Sin embargo, como vienen denunciando organizaciones como Fundaci\u00f3n Ra\u00edces, en la pr\u00e1ctica menores documentados mediante sus embajadas son sometidos a estas pruebas que, tambi\u00e9n seg\u00fan el Defensor del Pueblo, tienen un margen de error de hasta tres a\u00f1os. Esto implica que un joven de 16 puede ser tomado por uno de 18 y expulsado del sistema de protecci\u00f3n de menores.<\/p>\n<p>El informe anual del Fiscal de Sala de Extranjer\u00eda detalla que Melilla concentra el mayor n\u00famero de diligencias de determinaci\u00f3n de la edad realizadas en Espa\u00f1a (25%), seguida a distancia por Almer\u00eda (17,17%), Barcelona (12,52%), Algeciras (10,20%) y Ceuta (5,31%). Murcia, con 129 casos, representa el 5,08% y Las Palmas, con 117, supone el 4,6% que casi duplica a las de Madrid (2,59%). En el Pa\u00eds Vasco se han resuelto 89 expedientes, lo que equivale al 3,50%.<\/p>\n<p>Sin embargo, los resultados difieren. En Las Palmas (64,10%); Almer\u00eda (63,81%); Melilla (59,51%) y Algeciras (57,75%) han prevalecido los decretos de mayor\u00eda de edad. Por el contrario en Murcia (83,87%); Ceuta (71,21%); Barcelona (69,83%); Vizcaya (69,23%); Granada (62,99%) y Madrid (56,25%) son m\u00e1s numerosos los decretos de minor\u00eda de edad. En M\u00e1laga, 66 de los 67 decretos dictados resolv\u00edan que los afectados eran menores.<\/p>\n<p>Seg\u00fan explica el informe, \u00ablos casos conflictivos, ya por haberse combatido indirectamente el decreto del fiscal en la jurisdicci\u00f3n civil ya por haber sido objeto de queja ante la Oficina del Defensor del Pueblo, son muy escasos no superando en ning\u00fan caso el 0,55% del total de expedientes incoados\u00bb. Con todo, recuerda las previsiones de la Ley de Protecci\u00f3n de la Infancia, en la que se establece que \u00abcuando no pueda ser establecida la mayor\u00eda de edad de una persona, ser\u00e1 considerada menor de edad a los efectos de lo previsto en esta ley, en tanto se determina su edad\u00bb.<\/p>\n<p>&nbsp;<\/p>\n<p>&nbsp;<\/p>\n","protected":false},"excerpt":{"rendered":"<p>Andaluc\u00eda es la comunidad que tiene bajo su tutela a m\u00e1s ni\u00f1os extranjeros no acompa\u00f1ados, un total de 973, seg\u00fan se desprende de la Memoria Anual de la Fiscal\u00eda General del Estado, presentada este martes con motivo del inicio del A\u00f1o Judicial. Asturias, por su parte, tiene 39 ni\u00f1os en estas circunstancias. La memoria recoge [&hellip;]<\/p>\n","protected":false},"author":1,"featured_media":906178,"comment_status":"closed","ping_status":"closed","sticky":false,"template":"","format":"standard","meta":{"footnotes":""},"categories":[28],"tags":[],"class_list":["post-906177","post","type-post","status-publish","format-standard","has-post-thumbnail","hentry","category-sociedad"],"aioseo_notices":[],"aioseo_head":"\n\t\t<!-- All in One SEO Pro 4.9.6.2 - aioseo.com -->\n\t<meta name=\"description\" content=\"Andaluc\u00eda es la comunidad que tiene bajo su tutela a m\u00e1s ni\u00f1os extranjeros no acompa\u00f1ados, un total de 973, seg\u00fan se desprende de la Memoria Anual de la Fiscal\u00eda General del Estado, presentada este martes con motivo del inicio del A\u00f1o Judicial. Asturias, por su parte, tiene 39 ni\u00f1os en estas circunstancias. La memoria recoge\" \/>\n\t<meta name=\"robots\" content=\"max-image-preview:large\" \/>\n\t<meta name=\"author\" content=\"El Digital de Asturias\"\/>\n\t<meta name=\"google-site-verification\" content=\"UA-38556648-1\" \/>\n\t<meta name=\"msvalidate.01\" content=\"7dfe9f3f1b24437ab69f4f2559babe99\" \/>\n\t<meta name=\"keywords\" content=\"sociedad\" \/>\n\t<link rel=\"canonical\" href=\"https:\/\/www.eldigitaldeasturias.com\/noticias\/andalucia-es-la-comunidad-que-tiene-bajo-su-tutela-a-mas-ninos-extranjeros-no-acompanados\/\" \/>\n\t<meta name=\"generator\" content=\"All in One SEO Pro (AIOSEO) 4.9.6.2\" \/>\n\t\t<meta property=\"og:locale\" content=\"es_ES\" \/>\n\t\t<meta property=\"og:site_name\" content=\"El Digital de Asturias\" \/>\n\t\t<meta property=\"og:type\" content=\"article\" \/>\n\t\t<meta property=\"og:title\" content=\"Andaluc\u00eda es la comunidad que tiene bajo su tutela a m\u00e1s ni\u00f1os extranjeros no acompa\u00f1ados - El Digital de Asturias\" \/>\n\t\t<meta property=\"og:description\" content=\"Andaluc\u00eda es la comunidad que tiene bajo su tutela a m\u00e1s ni\u00f1os extranjeros no acompa\u00f1ados, un total de 973, seg\u00fan se desprende de la Memoria Anual de la Fiscal\u00eda General del Estado, presentada este martes con motivo del inicio del A\u00f1o Judicial. Asturias, por su parte, tiene 39 ni\u00f1os en estas circunstancias. La memoria recoge\" \/>\n\t\t<meta property=\"og:url\" content=\"https:\/\/www.eldigitaldeasturias.com\/noticias\/andalucia-es-la-comunidad-que-tiene-bajo-su-tutela-a-mas-ninos-extranjeros-no-acompanados\/\" \/>\n\t\t<meta property=\"og:image\" content=\"https:\/\/www.eldigitaldeasturias.com\/noticias\/wp-content\/uploads\/2016\/09\/fotonoticia_20160906145532_800.jpg\" \/>\n\t\t<meta property=\"og:image:secure_url\" content=\"https:\/\/www.eldigitaldeasturias.com\/noticias\/wp-content\/uploads\/2016\/09\/fotonoticia_20160906145532_800.jpg\" \/>\n\t\t<meta property=\"og:image:width\" content=\"800\" \/>\n\t\t<meta property=\"og:image:height\" content=\"533\" \/>\n\t\t<meta property=\"article:tag\" content=\"sociedad\" \/>\n\t\t<meta property=\"article:published_time\" content=\"2016-09-06T22:48:47+00:00\" \/>\n\t\t<meta property=\"article:modified_time\" content=\"2016-09-06T22:50:17+00:00\" \/>\n\t\t<meta property=\"article:publisher\" content=\"https:\/\/facebook.com\/eldigitaldeasturias\" \/>\n\t\t<meta name=\"twitter:card\" content=\"summary_large_image\" \/>\n\t\t<meta name=\"twitter:title\" content=\"Andaluc\u00eda es la comunidad que tiene bajo su tutela a m\u00e1s ni\u00f1os extranjeros no acompa\u00f1ados - El Digital de Asturias\" \/>\n\t\t<meta name=\"twitter:description\" content=\"Andaluc\u00eda es la comunidad que tiene bajo su tutela a m\u00e1s ni\u00f1os extranjeros no acompa\u00f1ados, un total de 973, seg\u00fan se desprende de la Memoria Anual de la Fiscal\u00eda General del Estado, presentada este martes con motivo del inicio del A\u00f1o Judicial. Asturias, por su parte, tiene 39 ni\u00f1os en estas circunstancias. La memoria recoge\" \/>\n\t\t<meta name=\"twitter:image\" content=\"https:\/\/www.eldigitaldeasturias.com\/noticias\/wp-content\/uploads\/2016\/09\/fotonoticia_20160906145532_800.jpg\" \/>\n\t\t<meta name=\"twitter:label1\" content=\"Escrito por\" \/>\n\t\t<meta name=\"twitter:data1\" content=\"El Digital de Asturias\" \/>\n\t\t<meta name=\"twitter:label2\" content=\"Tiempo de lectura estimado\" \/>\n\t\t<meta name=\"twitter:data2\" content=\"5 minutos\" \/>\n\t\t<script type=\"application\/ld+json\" class=\"aioseo-schema\">\n\t\t\t{\"@context\":\"https:\\\/\\\/schema.org\",\"@graph\":[{\"@type\":\"BlogPosting\",\"@id\":\"https:\\\/\\\/www.eldigitaldeasturias.com\\\/noticias\\\/andalucia-es-la-comunidad-que-tiene-bajo-su-tutela-a-mas-ninos-extranjeros-no-acompanados\\\/#blogposting\",\"name\":\"Andaluc\\u00eda es la comunidad que tiene bajo su tutela a m\\u00e1s ni\\u00f1os extranjeros no acompa\\u00f1ados - El Digital de Asturias\",\"headline\":\"Andaluc\\u00eda es la comunidad que tiene bajo su tutela a m\\u00e1s ni\\u00f1os extranjeros no acompa\\u00f1ados\",\"author\":{\"@id\":\"https:\\\/\\\/www.eldigitaldeasturias.com\\\/noticias\\\/author\\\/admin\\\/#author\"},\"publisher\":{\"@id\":\"https:\\\/\\\/www.eldigitaldeasturias.com\\\/noticias\\\/#organization\"},\"image\":{\"@type\":\"ImageObject\",\"url\":\"https:\\\/\\\/www.eldigitaldeasturias.com\\\/noticias\\\/wp-content\\\/uploads\\\/2016\\\/09\\\/fotonoticia_20160906145532_800.jpg\",\"width\":800,\"height\":533},\"datePublished\":\"2016-09-06T23:48:47+02:00\",\"dateModified\":\"2016-09-06T23:50:17+02:00\",\"inLanguage\":\"es-ES\",\"mainEntityOfPage\":{\"@id\":\"https:\\\/\\\/www.eldigitaldeasturias.com\\\/noticias\\\/andalucia-es-la-comunidad-que-tiene-bajo-su-tutela-a-mas-ninos-extranjeros-no-acompanados\\\/#webpage\"},\"isPartOf\":{\"@id\":\"https:\\\/\\\/www.eldigitaldeasturias.com\\\/noticias\\\/andalucia-es-la-comunidad-que-tiene-bajo-su-tutela-a-mas-ninos-extranjeros-no-acompanados\\\/#webpage\"},\"articleSection\":\"Sociedad\"},{\"@type\":\"BreadcrumbList\",\"@id\":\"https:\\\/\\\/www.eldigitaldeasturias.com\\\/noticias\\\/andalucia-es-la-comunidad-que-tiene-bajo-su-tutela-a-mas-ninos-extranjeros-no-acompanados\\\/#breadcrumblist\",\"itemListElement\":[{\"@type\":\"ListItem\",\"@id\":\"https:\\\/\\\/www.eldigitaldeasturias.com\\\/noticias#listItem\",\"position\":1,\"name\":\"Home\",\"item\":\"https:\\\/\\\/www.eldigitaldeasturias.com\\\/noticias\",\"nextItem\":{\"@type\":\"ListItem\",\"@id\":\"https:\\\/\\\/www.eldigitaldeasturias.com\\\/noticias\\\/category\\\/sociedad\\\/#listItem\",\"name\":\"Sociedad\"}},{\"@type\":\"ListItem\",\"@id\":\"https:\\\/\\\/www.eldigitaldeasturias.com\\\/noticias\\\/category\\\/sociedad\\\/#listItem\",\"position\":2,\"name\":\"Sociedad\",\"item\":\"https:\\\/\\\/www.eldigitaldeasturias.com\\\/noticias\\\/category\\\/sociedad\\\/\",\"nextItem\":{\"@type\":\"ListItem\",\"@id\":\"https:\\\/\\\/www.eldigitaldeasturias.com\\\/noticias\\\/andalucia-es-la-comunidad-que-tiene-bajo-su-tutela-a-mas-ninos-extranjeros-no-acompanados\\\/#listItem\",\"name\":\"Andaluc\\u00eda es la comunidad que tiene bajo su tutela a m\\u00e1s ni\\u00f1os extranjeros no acompa\\u00f1ados\"},\"previousItem\":{\"@type\":\"ListItem\",\"@id\":\"https:\\\/\\\/www.eldigitaldeasturias.com\\\/noticias#listItem\",\"name\":\"Home\"}},{\"@type\":\"ListItem\",\"@id\":\"https:\\\/\\\/www.eldigitaldeasturias.com\\\/noticias\\\/andalucia-es-la-comunidad-que-tiene-bajo-su-tutela-a-mas-ninos-extranjeros-no-acompanados\\\/#listItem\",\"position\":3,\"name\":\"Andaluc\\u00eda es la comunidad que tiene bajo su tutela a m\\u00e1s ni\\u00f1os extranjeros no acompa\\u00f1ados\",\"previousItem\":{\"@type\":\"ListItem\",\"@id\":\"https:\\\/\\\/www.eldigitaldeasturias.com\\\/noticias\\\/category\\\/sociedad\\\/#listItem\",\"name\":\"Sociedad\"}}]},{\"@type\":\"Organization\",\"@id\":\"https:\\\/\\\/www.eldigitaldeasturias.com\\\/noticias\\\/#organization\",\"name\":\"El Digital de Asturias\",\"description\":\"Hemeroteca\",\"url\":\"https:\\\/\\\/www.eldigitaldeasturias.com\\\/noticias\\\/\",\"email\":\"info@eldigitaldeasturias.com\",\"telephone\":\"+34652131393\",\"logo\":{\"@type\":\"ImageObject\",\"url\":\"https:\\\/\\\/www.eldigitaldeasturias.com\\\/noticias\\\/wp-content\\\/uploads\\\/2020\\\/12\\\/EDA.jpg\",\"@id\":\"https:\\\/\\\/www.eldigitaldeasturias.com\\\/noticias\\\/andalucia-es-la-comunidad-que-tiene-bajo-su-tutela-a-mas-ninos-extranjeros-no-acompanados\\\/#organizationLogo\",\"width\":649,\"height\":297},\"image\":{\"@id\":\"https:\\\/\\\/www.eldigitaldeasturias.com\\\/noticias\\\/andalucia-es-la-comunidad-que-tiene-bajo-su-tutela-a-mas-ninos-extranjeros-no-acompanados\\\/#organizationLogo\"},\"sameAs\":[\"https:\\\/\\\/facebook.com\\\/eldigitaldeasturias\",\"https:\\\/\\\/www.youtube.com\\\/channel\\\/UCZP-2wLEB9Rv6erhFmqVnvg\"],\"address\":{\"@id\":\"https:\\\/\\\/www.eldigitaldeasturias.com\\\/noticias\\\/#postaladdress\",\"@type\":\"PostalAddress\",\"streetAddress\":\"san antonio 4,\",\"postalCode\":\"33430\",\"addressLocality\":\"Cand\\u00e1s\",\"addressRegion\":\"Asturias\",\"addressCountry\":\"ES\"}},{\"@type\":\"Person\",\"@id\":\"https:\\\/\\\/www.eldigitaldeasturias.com\\\/noticias\\\/author\\\/admin\\\/#author\",\"url\":\"https:\\\/\\\/www.eldigitaldeasturias.com\\\/noticias\\\/author\\\/admin\\\/\",\"name\":\"El Digital de Asturias\",\"image\":{\"@type\":\"ImageObject\",\"@id\":\"https:\\\/\\\/www.eldigitaldeasturias.com\\\/noticias\\\/andalucia-es-la-comunidad-que-tiene-bajo-su-tutela-a-mas-ninos-extranjeros-no-acompanados\\\/#authorImage\",\"url\":\"https:\\\/\\\/www.eldigitaldeasturias.com\\\/noticias\\\/wp-content\\\/litespeed\\\/avatar\\\/18677e78aa0546b92d9dbf31ec7d7668.jpg?ver=1777290358\",\"width\":96,\"height\":96,\"caption\":\"El Digital de Asturias\"}},{\"@type\":\"WebPage\",\"@id\":\"https:\\\/\\\/www.eldigitaldeasturias.com\\\/noticias\\\/andalucia-es-la-comunidad-que-tiene-bajo-su-tutela-a-mas-ninos-extranjeros-no-acompanados\\\/#webpage\",\"url\":\"https:\\\/\\\/www.eldigitaldeasturias.com\\\/noticias\\\/andalucia-es-la-comunidad-que-tiene-bajo-su-tutela-a-mas-ninos-extranjeros-no-acompanados\\\/\",\"name\":\"Andaluc\\u00eda es la comunidad que tiene bajo su tutela a m\\u00e1s ni\\u00f1os extranjeros no acompa\\u00f1ados - El Digital de Asturias\",\"description\":\"Andaluc\\u00eda es la comunidad que tiene bajo su tutela a m\\u00e1s ni\\u00f1os extranjeros no acompa\\u00f1ados, un total de 973, seg\\u00fan se desprende de la Memoria Anual de la Fiscal\\u00eda General del Estado, presentada este martes con motivo del inicio del A\\u00f1o Judicial. Asturias, por su parte, tiene 39 ni\\u00f1os en estas circunstancias. La memoria recoge\",\"inLanguage\":\"es-ES\",\"isPartOf\":{\"@id\":\"https:\\\/\\\/www.eldigitaldeasturias.com\\\/noticias\\\/#website\"},\"breadcrumb\":{\"@id\":\"https:\\\/\\\/www.eldigitaldeasturias.com\\\/noticias\\\/andalucia-es-la-comunidad-que-tiene-bajo-su-tutela-a-mas-ninos-extranjeros-no-acompanados\\\/#breadcrumblist\"},\"author\":{\"@id\":\"https:\\\/\\\/www.eldigitaldeasturias.com\\\/noticias\\\/author\\\/admin\\\/#author\"},\"creator\":{\"@id\":\"https:\\\/\\\/www.eldigitaldeasturias.com\\\/noticias\\\/author\\\/admin\\\/#author\"},\"image\":{\"@type\":\"ImageObject\",\"url\":\"https:\\\/\\\/www.eldigitaldeasturias.com\\\/noticias\\\/wp-content\\\/uploads\\\/2016\\\/09\\\/fotonoticia_20160906145532_800.jpg\",\"@id\":\"https:\\\/\\\/www.eldigitaldeasturias.com\\\/noticias\\\/andalucia-es-la-comunidad-que-tiene-bajo-su-tutela-a-mas-ninos-extranjeros-no-acompanados\\\/#mainImage\",\"width\":800,\"height\":533},\"primaryImageOfPage\":{\"@id\":\"https:\\\/\\\/www.eldigitaldeasturias.com\\\/noticias\\\/andalucia-es-la-comunidad-que-tiene-bajo-su-tutela-a-mas-ninos-extranjeros-no-acompanados\\\/#mainImage\"},\"datePublished\":\"2016-09-06T23:48:47+02:00\",\"dateModified\":\"2016-09-06T23:50:17+02:00\"},{\"@type\":\"WebSite\",\"@id\":\"https:\\\/\\\/www.eldigitaldeasturias.com\\\/noticias\\\/#website\",\"url\":\"https:\\\/\\\/www.eldigitaldeasturias.com\\\/noticias\\\/\",\"name\":\"El Digital de Asturias - Diario de actualidad y noticias\",\"alternateName\":\"El Digital de Asturias - Diario de actualidad y noticias\",\"description\":\"Hemeroteca\",\"inLanguage\":\"es-ES\",\"publisher\":{\"@id\":\"https:\\\/\\\/www.eldigitaldeasturias.com\\\/noticias\\\/#organization\"}}]}\n\t\t<\/script>\n\t\t<!-- All in One SEO Pro -->\r\n\t\t<title>Andaluc\u00eda es la comunidad que tiene bajo su tutela a m\u00e1s ni\u00f1os extranjeros no acompa\u00f1ados - El Digital de Asturias<\/title>\n\n","aioseo_head_json":{"title":"Andaluc\u00eda es la comunidad que tiene bajo su tutela a m\u00e1s ni\u00f1os extranjeros no acompa\u00f1ados - El Digital de Asturias","description":"Andaluc\u00eda es la comunidad que tiene bajo su tutela a m\u00e1s ni\u00f1os extranjeros no acompa\u00f1ados, un total de 973, seg\u00fan se desprende de la Memoria Anual de la Fiscal\u00eda General del Estado, presentada este martes con motivo del inicio del A\u00f1o Judicial. Asturias, por su parte, tiene 39 ni\u00f1os en estas circunstancias. La memoria recoge","canonical_url":"https:\/\/www.eldigitaldeasturias.com\/noticias\/andalucia-es-la-comunidad-que-tiene-bajo-su-tutela-a-mas-ninos-extranjeros-no-acompanados\/","robots":"max-image-preview:large","keywords":"sociedad","webmasterTools":{"google-site-verification":"UA-38556648-1","msvalidate.01":"7dfe9f3f1b24437ab69f4f2559babe99","miscellaneous":""},"schema":{"@context":"https:\/\/schema.org","@graph":[{"@type":"BlogPosting","@id":"https:\/\/www.eldigitaldeasturias.com\/noticias\/andalucia-es-la-comunidad-que-tiene-bajo-su-tutela-a-mas-ninos-extranjeros-no-acompanados\/#blogposting","name":"Andaluc\u00eda es la comunidad que tiene bajo su tutela a m\u00e1s ni\u00f1os extranjeros no acompa\u00f1ados - El Digital de Asturias","headline":"Andaluc\u00eda es la comunidad que tiene bajo su tutela a m\u00e1s ni\u00f1os extranjeros no acompa\u00f1ados","author":{"@id":"https:\/\/www.eldigitaldeasturias.com\/noticias\/author\/admin\/#author"},"publisher":{"@id":"https:\/\/www.eldigitaldeasturias.com\/noticias\/#organization"},"image":{"@type":"ImageObject","url":"https:\/\/www.eldigitaldeasturias.com\/noticias\/wp-content\/uploads\/2016\/09\/fotonoticia_20160906145532_800.jpg","width":800,"height":533},"datePublished":"2016-09-06T23:48:47+02:00","dateModified":"2016-09-06T23:50:17+02:00","inLanguage":"es-ES","mainEntityOfPage":{"@id":"https:\/\/www.eldigitaldeasturias.com\/noticias\/andalucia-es-la-comunidad-que-tiene-bajo-su-tutela-a-mas-ninos-extranjeros-no-acompanados\/#webpage"},"isPartOf":{"@id":"https:\/\/www.eldigitaldeasturias.com\/noticias\/andalucia-es-la-comunidad-que-tiene-bajo-su-tutela-a-mas-ninos-extranjeros-no-acompanados\/#webpage"},"articleSection":"Sociedad"},{"@type":"BreadcrumbList","@id":"https:\/\/www.eldigitaldeasturias.com\/noticias\/andalucia-es-la-comunidad-que-tiene-bajo-su-tutela-a-mas-ninos-extranjeros-no-acompanados\/#breadcrumblist","itemListElement":[{"@type":"ListItem","@id":"https:\/\/www.eldigitaldeasturias.com\/noticias#listItem","position":1,"name":"Home","item":"https:\/\/www.eldigitaldeasturias.com\/noticias","nextItem":{"@type":"ListItem","@id":"https:\/\/www.eldigitaldeasturias.com\/noticias\/category\/sociedad\/#listItem","name":"Sociedad"}},{"@type":"ListItem","@id":"https:\/\/www.eldigitaldeasturias.com\/noticias\/category\/sociedad\/#listItem","position":2,"name":"Sociedad","item":"https:\/\/www.eldigitaldeasturias.com\/noticias\/category\/sociedad\/","nextItem":{"@type":"ListItem","@id":"https:\/\/www.eldigitaldeasturias.com\/noticias\/andalucia-es-la-comunidad-que-tiene-bajo-su-tutela-a-mas-ninos-extranjeros-no-acompanados\/#listItem","name":"Andaluc\u00eda es la comunidad que tiene bajo su tutela a m\u00e1s ni\u00f1os extranjeros no acompa\u00f1ados"},"previousItem":{"@type":"ListItem","@id":"https:\/\/www.eldigitaldeasturias.com\/noticias#listItem","name":"Home"}},{"@type":"ListItem","@id":"https:\/\/www.eldigitaldeasturias.com\/noticias\/andalucia-es-la-comunidad-que-tiene-bajo-su-tutela-a-mas-ninos-extranjeros-no-acompanados\/#listItem","position":3,"name":"Andaluc\u00eda es la comunidad que tiene bajo su tutela a m\u00e1s ni\u00f1os extranjeros no acompa\u00f1ados","previousItem":{"@type":"ListItem","@id":"https:\/\/www.eldigitaldeasturias.com\/noticias\/category\/sociedad\/#listItem","name":"Sociedad"}}]},{"@type":"Organization","@id":"https:\/\/www.eldigitaldeasturias.com\/noticias\/#organization","name":"El Digital de Asturias","description":"Hemeroteca","url":"https:\/\/www.eldigitaldeasturias.com\/noticias\/","email":"info@eldigitaldeasturias.com","telephone":"+34652131393","logo":{"@type":"ImageObject","url":"https:\/\/www.eldigitaldeasturias.com\/noticias\/wp-content\/uploads\/2020\/12\/EDA.jpg","@id":"https:\/\/www.eldigitaldeasturias.com\/noticias\/andalucia-es-la-comunidad-que-tiene-bajo-su-tutela-a-mas-ninos-extranjeros-no-acompanados\/#organizationLogo","width":649,"height":297},"image":{"@id":"https:\/\/www.eldigitaldeasturias.com\/noticias\/andalucia-es-la-comunidad-que-tiene-bajo-su-tutela-a-mas-ninos-extranjeros-no-acompanados\/#organizationLogo"},"sameAs":["https:\/\/facebook.com\/eldigitaldeasturias","https:\/\/www.youtube.com\/channel\/UCZP-2wLEB9Rv6erhFmqVnvg"],"address":{"@id":"https:\/\/www.eldigitaldeasturias.com\/noticias\/#postaladdress","@type":"PostalAddress","streetAddress":"san antonio 4,","postalCode":"33430","addressLocality":"Cand\u00e1s","addressRegion":"Asturias","addressCountry":"ES"}},{"@type":"Person","@id":"https:\/\/www.eldigitaldeasturias.com\/noticias\/author\/admin\/#author","url":"https:\/\/www.eldigitaldeasturias.com\/noticias\/author\/admin\/","name":"El Digital de Asturias","image":{"@type":"ImageObject","@id":"https:\/\/www.eldigitaldeasturias.com\/noticias\/andalucia-es-la-comunidad-que-tiene-bajo-su-tutela-a-mas-ninos-extranjeros-no-acompanados\/#authorImage","url":"https:\/\/www.eldigitaldeasturias.com\/noticias\/wp-content\/litespeed\/avatar\/18677e78aa0546b92d9dbf31ec7d7668.jpg?ver=1777290358","width":96,"height":96,"caption":"El Digital de Asturias"}},{"@type":"WebPage","@id":"https:\/\/www.eldigitaldeasturias.com\/noticias\/andalucia-es-la-comunidad-que-tiene-bajo-su-tutela-a-mas-ninos-extranjeros-no-acompanados\/#webpage","url":"https:\/\/www.eldigitaldeasturias.com\/noticias\/andalucia-es-la-comunidad-que-tiene-bajo-su-tutela-a-mas-ninos-extranjeros-no-acompanados\/","name":"Andaluc\u00eda es la comunidad que tiene bajo su tutela a m\u00e1s ni\u00f1os extranjeros no acompa\u00f1ados - El Digital de Asturias","description":"Andaluc\u00eda es la comunidad que tiene bajo su tutela a m\u00e1s ni\u00f1os extranjeros no acompa\u00f1ados, un total de 973, seg\u00fan se desprende de la Memoria Anual de la Fiscal\u00eda General del Estado, presentada este martes con motivo del inicio del A\u00f1o Judicial. Asturias, por su parte, tiene 39 ni\u00f1os en estas circunstancias. La memoria recoge","inLanguage":"es-ES","isPartOf":{"@id":"https:\/\/www.eldigitaldeasturias.com\/noticias\/#website"},"breadcrumb":{"@id":"https:\/\/www.eldigitaldeasturias.com\/noticias\/andalucia-es-la-comunidad-que-tiene-bajo-su-tutela-a-mas-ninos-extranjeros-no-acompanados\/#breadcrumblist"},"author":{"@id":"https:\/\/www.eldigitaldeasturias.com\/noticias\/author\/admin\/#author"},"creator":{"@id":"https:\/\/www.eldigitaldeasturias.com\/noticias\/author\/admin\/#author"},"image":{"@type":"ImageObject","url":"https:\/\/www.eldigitaldeasturias.com\/noticias\/wp-content\/uploads\/2016\/09\/fotonoticia_20160906145532_800.jpg","@id":"https:\/\/www.eldigitaldeasturias.com\/noticias\/andalucia-es-la-comunidad-que-tiene-bajo-su-tutela-a-mas-ninos-extranjeros-no-acompanados\/#mainImage","width":800,"height":533},"primaryImageOfPage":{"@id":"https:\/\/www.eldigitaldeasturias.com\/noticias\/andalucia-es-la-comunidad-que-tiene-bajo-su-tutela-a-mas-ninos-extranjeros-no-acompanados\/#mainImage"},"datePublished":"2016-09-06T23:48:47+02:00","dateModified":"2016-09-06T23:50:17+02:00"},{"@type":"WebSite","@id":"https:\/\/www.eldigitaldeasturias.com\/noticias\/#website","url":"https:\/\/www.eldigitaldeasturias.com\/noticias\/","name":"El Digital de Asturias - Diario de actualidad y noticias","alternateName":"El Digital de Asturias - Diario de actualidad y noticias","description":"Hemeroteca","inLanguage":"es-ES","publisher":{"@id":"https:\/\/www.eldigitaldeasturias.com\/noticias\/#organization"}}]},"og:locale":"es_ES","og:site_name":"El Digital de Asturias","og:type":"article","og:title":"Andaluc\u00eda es la comunidad que tiene bajo su tutela a m\u00e1s ni\u00f1os extranjeros no acompa\u00f1ados - El Digital de Asturias","og:description":"Andaluc\u00eda es la comunidad que tiene bajo su tutela a m\u00e1s ni\u00f1os extranjeros no acompa\u00f1ados, un total de 973, seg\u00fan se desprende de la Memoria Anual de la Fiscal\u00eda General del Estado, presentada este martes con motivo del inicio del A\u00f1o Judicial. Asturias, por su parte, tiene 39 ni\u00f1os en estas circunstancias. La memoria recoge","og:url":"https:\/\/www.eldigitaldeasturias.com\/noticias\/andalucia-es-la-comunidad-que-tiene-bajo-su-tutela-a-mas-ninos-extranjeros-no-acompanados\/","og:image":"https:\/\/www.eldigitaldeasturias.com\/noticias\/wp-content\/uploads\/2016\/09\/fotonoticia_20160906145532_800.jpg","og:image:secure_url":"https:\/\/www.eldigitaldeasturias.com\/noticias\/wp-content\/uploads\/2016\/09\/fotonoticia_20160906145532_800.jpg","og:image:width":800,"og:image:height":533,"article:tag":["sociedad"],"article:published_time":"2016-09-06T22:48:47+00:00","article:modified_time":"2016-09-06T22:50:17+00:00","article:publisher":"https:\/\/facebook.com\/eldigitaldeasturias","twitter:card":"summary_large_image","twitter:title":"Andaluc\u00eda es la comunidad que tiene bajo su tutela a m\u00e1s ni\u00f1os extranjeros no acompa\u00f1ados - El Digital de Asturias","twitter:description":"Andaluc\u00eda es la comunidad que tiene bajo su tutela a m\u00e1s ni\u00f1os extranjeros no acompa\u00f1ados, un total de 973, seg\u00fan se desprende de la Memoria Anual de la Fiscal\u00eda General del Estado, presentada este martes con motivo del inicio del A\u00f1o Judicial. Asturias, por su parte, tiene 39 ni\u00f1os en estas circunstancias. La memoria recoge","twitter:image":"https:\/\/www.eldigitaldeasturias.com\/noticias\/wp-content\/uploads\/2016\/09\/fotonoticia_20160906145532_800.jpg","twitter:label1":"Escrito por","twitter:data1":"El Digital de Asturias","twitter:label2":"Tiempo de lectura estimado","twitter:data2":"5 minutos"},"aioseo_meta_data":{"post_id":"906177","title":null,"description":null,"keywords":null,"keyphrases":null,"primary_term":null,"canonical_url":null,"og_title":null,"og_description":null,"og_object_type":"default","og_image_type":"default","og_image_url":null,"og_image_width":null,"og_image_height":null,"og_image_custom_url":null,"og_image_custom_fields":null,"og_video":null,"og_custom_url":null,"og_article_section":null,"og_article_tags":null,"twitter_use_og":false,"twitter_card":"default","twitter_image_type":"default","twitter_image_url":null,"twitter_image_custom_url":null,"twitter_image_custom_fields":null,"twitter_title":null,"twitter_description":null,"schema":{"blockGraphs":[],"customGraphs":[],"default":{"data":{"Article":[],"Course":[],"Dataset":[],"FAQPage":[],"Movie":[],"Person":[],"Product":[],"ProductReview":[],"Car":[],"Recipe":[],"Service":[],"SoftwareApplication":[],"WebPage":[]},"graphName":"","isEnabled":true},"graphs":[],"defaultGraph":"","defaultPostTypeGraph":""},"schema_type":null,"schema_type_options":null,"pillar_content":false,"robots_default":true,"robots_noindex":false,"robots_noarchive":false,"robots_nosnippet":false,"robots_nofollow":false,"robots_noimageindex":false,"robots_noodp":false,"robots_notranslate":false,"robots_max_snippet":null,"robots_max_videopreview":null,"robots_max_imagepreview":"large","priority":null,"frequency":null,"local_seo":null,"seo_analyzer_scan_date":"2025-11-30 08:07:12","breadcrumb_settings":null,"limit_modified_date":false,"open_ai":null,"ai":null,"created":"2020-12-21 14:01:57","updated":"2025-11-30 08:07:12"},"aioseo_breadcrumb":"<div class=\"aioseo-breadcrumbs\"><span class=\"aioseo-breadcrumb\">\n\t<a href=\"https:\/\/www.eldigitaldeasturias.com\/noticias\" title=\"Home\">Home<\/a>\n<\/span><span class=\"aioseo-breadcrumb-separator\">\u2013<\/span><span class=\"aioseo-breadcrumb\">\n\t<a href=\"https:\/\/www.eldigitaldeasturias.com\/noticias\/category\/sociedad\/\" title=\"Sociedad\">Sociedad<\/a>\n<\/span><span class=\"aioseo-breadcrumb-separator\">\u2013<\/span><span class=\"aioseo-breadcrumb\">\n\t<a href=\"https:\/\/www.eldigitaldeasturias.com\/noticias\/andalucia-es-la-comunidad-que-tiene-bajo-su-tutela-a-mas-ninos-extranjeros-no-acompanados\/\" title=\"Andaluc\u00eda es la comunidad que tiene bajo su tutela a m\u00e1s ni\u00f1os extranjeros no acompa\u00f1ados\">Andaluc\u00eda es la comunidad que tiene bajo su tutela a m\u00e1s ni\u00f1os extranjeros no acompa\u00f1ados<\/a>\n<\/span><\/div>","aioseo_breadcrumb_json":[{"label":"Home","link":"https:\/\/www.eldigitaldeasturias.com\/noticias"},{"label":"Sociedad","link":"https:\/\/www.eldigitaldeasturias.com\/noticias\/category\/sociedad\/"},{"label":"Andaluc\u00eda es la comunidad que tiene bajo su tutela a m\u00e1s ni\u00f1os extranjeros no acompa\u00f1ados","link":"https:\/\/www.eldigitaldeasturias.com\/noticias\/andalucia-es-la-comunidad-que-tiene-bajo-su-tutela-a-mas-ninos-extranjeros-no-acompanados\/"}],"_links":{"self":[{"href":"https:\/\/www.eldigitaldeasturias.com\/noticias\/wp-json\/wp\/v2\/posts\/906177","targetHints":{"allow":["GET"]}}],"collection":[{"href":"https:\/\/www.eldigitaldeasturias.com\/noticias\/wp-json\/wp\/v2\/posts"}],"about":[{"href":"https:\/\/www.eldigitaldeasturias.com\/noticias\/wp-json\/wp\/v2\/types\/post"}],"author":[{"embeddable":true,"href":"https:\/\/www.eldigitaldeasturias.com\/noticias\/wp-json\/wp\/v2\/users\/1"}],"replies":[{"embeddable":true,"href":"https:\/\/www.eldigitaldeasturias.com\/noticias\/wp-json\/wp\/v2\/comments?post=906177"}],"version-history":[{"count":0,"href":"https:\/\/www.eldigitaldeasturias.com\/noticias\/wp-json\/wp\/v2\/posts\/906177\/revisions"}],"wp:featuredmedia":[{"embeddable":true,"href":"https:\/\/www.eldigitaldeasturias.com\/noticias\/wp-json\/wp\/v2\/media\/906178"}],"wp:attachment":[{"href":"https:\/\/www.eldigitaldeasturias.com\/noticias\/wp-json\/wp\/v2\/media?parent=906177"}],"wp:term":[{"taxonomy":"category","embeddable":true,"href":"https:\/\/www.eldigitaldeasturias.com\/noticias\/wp-json\/wp\/v2\/categories?post=906177"},{"taxonomy":"post_tag","embeddable":true,"href":"https:\/\/www.eldigitaldeasturias.com\/noticias\/wp-json\/wp\/v2\/tags?post=906177"}],"curies":[{"name":"wp","href":"https:\/\/api.w.org\/{rel}","templated":true}]}}