{"id":906172,"date":"2016-09-06T22:51:23","date_gmt":"2016-09-06T21:51:23","guid":{"rendered":"http:\/\/www.eldigitaldeasturias.com\/noticias\/?p=906172"},"modified":"2016-09-06T22:51:23","modified_gmt":"2016-09-06T21:51:23","slug":"antonio-hernando-estamos-haciendo-un-ejercicio-de-responsabilidad","status":"publish","type":"post","link":"https:\/\/www.eldigitaldeasturias.com\/noticias\/antonio-hernando-estamos-haciendo-un-ejercicio-de-responsabilidad\/","title":{"rendered":"Antonio Hernando: \u00abEstamos haciendo un ejercicio de responsabilidad\u00bb"},"content":{"rendered":"<p><img loading=\"lazy\" decoding=\"async\" class=\"alignleft size-medium wp-image-906173\" src=\"https:\/\/www.eldigitaldeasturias.com\/noticias\/wp-content\/uploads\/2016\/09\/fotonoticia_20160906145503_800-213x320.jpg\" alt=\"fotonoticia_20160906145503_800\" width=\"213\" height=\"320\" srcset=\"https:\/\/www.eldigitaldeasturias.com\/noticias\/wp-content\/uploads\/2016\/09\/fotonoticia_20160906145503_800-213x320.jpg 213w, https:\/\/www.eldigitaldeasturias.com\/noticias\/wp-content\/uploads\/2016\/09\/fotonoticia_20160906145503_800-768x1152.jpg 768w, https:\/\/www.eldigitaldeasturias.com\/noticias\/wp-content\/uploads\/2016\/09\/fotonoticia_20160906145503_800-433x650.jpg 433w, https:\/\/www.eldigitaldeasturias.com\/noticias\/wp-content\/uploads\/2016\/09\/fotonoticia_20160906145503_800.jpg 800w\" sizes=\"auto, (max-width: 213px) 100vw, 213px\" \/>El portavoz parlamentario del PSOE en el Congreso, Antonio Hernando, ha replicado este martes a las federaciones que han cuestionado la iniciativa de Pedro S\u00e1nchez de iniciar una ronda de contactos para tratar de desatascar la actual situaci\u00f3n pol\u00edtica que el secretario general actuar\u00e1 \u00abcon la misma responsabilidad\u00bb con la que lo hicieron los distintos barones socialistas tras las elecciones auton\u00f3micas.<\/p>\n<p>De esta forma ha respondido Hernando en rueda de prensa en la C\u00e1mara Baja a federaciones como la andaluza que, por boca de su secretario de Organizaci\u00f3n, Juan Cornejo, ha tachado de \u00abinviable\u00bb el acuerdo a tres bandas entre el PSOE, Podemos y Ciudadanos que pretende &#8216;Ferraz&#8217;, y al presidente aragon\u00e9s, Javier Lamb\u00e1n, quien ha pedido a S\u00e1nchez que deje de \u00abalimentar falsas expectativas\u00bb.<\/p>\n<p><strong>EJERCICIO DE RESPONSABILIDAD<\/strong><\/p>\n<p>El dirigente socialista ha defendido que la propuesta de S\u00e1nchez no s\u00f3lo es una acci\u00f3n \u00abbienintencionada\u00bb sino, adem\u00e1s, \u00abcargada de responsabilidad\u00bb en estos momentos de atasco pol\u00edtico, sobre todo tras la frustrada investidura del candidato &#8216;popular&#8217;, Mariano Rajoy.<\/p>\n<p>Seg\u00fan ha explicado, lo que quiere hacer el PSOE es un \u00abejercicio de responsabilidad\u00bb como lo es dialogar. \u00abTenemos que hablar para desatascar esta situaci\u00f3n y es lo que va a hacer S\u00e1nchez para ver si buscamos una soluci\u00f3n\u00bb, ha dicho.<\/p>\n<p>Hernando asume que va a ser un proceso \u00abdificil\u00edsimo\u00bb pero ha querido dejar claro que \u00ablo que no va a hacer Pedro S\u00e1nchez es sentarse y arrancar hojas de calendario para ver c\u00f3mo llegan unas elecciones que nadie desea\u00bb.<\/p>\n<p><strong>PESE A LAS \u00abENORMES\u00bb DIFICULTADES<\/strong><\/p>\n<p>\u00abEstamos haciendo un ejercicio de responsabilidad a sabiendas de las enormes dificultades que hay y conscientes de que el di\u00e1logo es absolutamente fundamenta\u00bb, ha indicado el portavoz socialista, apuntando que S\u00e1nchez \u00abno est\u00e1 haciendo nada distinto a lo que hicieron los responsables del PSOE de las distintas comunidades aut\u00f3nomas\u00bb tras las \u00faltimas auton\u00f3micas.<\/p>\n<p>Seg\u00fan ha destacado, entonces, como no hab\u00eda mayor\u00edas absolutas, hab\u00eda que hablar \u00abcon la misma responsabilidad\u00bb que, ha insistido, va a ejercer el secretario general de los socialistas en este proceso de di\u00e1logo que ya ha iniciado.<\/p>\n<p>&nbsp;<\/p>\n<p>&nbsp;<\/p>\n","protected":false},"excerpt":{"rendered":"<p>El portavoz parlamentario del PSOE en el Congreso, Antonio Hernando, ha replicado este martes a las federaciones que han cuestionado la iniciativa de Pedro S\u00e1nchez de iniciar una ronda de contactos para tratar de desatascar la actual situaci\u00f3n pol\u00edtica que el secretario general actuar\u00e1 \u00abcon la misma responsabilidad\u00bb con la que lo hicieron los distintos [&hellip;]<\/p>\n","protected":false},"author":1,"featured_media":906173,"comment_status":"closed","ping_status":"closed","sticky":false,"template":"","format":"standard","meta":{"footnotes":""},"categories":[1],"tags":[],"class_list":["post-906172","post","type-post","status-publish","format-standard","has-post-thumbnail","hentry","category-actualidad"],"aioseo_notices":[],"aioseo_head":"\n\t\t<!-- All in One SEO Pro 4.9.6.2 - aioseo.com -->\n\t<meta name=\"description\" content=\"El portavoz parlamentario del PSOE en el Congreso, Antonio Hernando, ha replicado este martes a las federaciones que han cuestionado la iniciativa de Pedro S\u00e1nchez de iniciar una ronda de contactos para tratar de desatascar la actual situaci\u00f3n pol\u00edtica que el secretario general actuar\u00e1 &quot;con la misma responsabilidad&quot; con la que lo hicieron los distintos\" \/>\n\t<meta name=\"robots\" content=\"max-image-preview:large\" \/>\n\t<meta name=\"author\" content=\"El Digital de Asturias\"\/>\n\t<meta name=\"google-site-verification\" content=\"UA-38556648-1\" \/>\n\t<meta name=\"msvalidate.01\" content=\"7dfe9f3f1b24437ab69f4f2559babe99\" \/>\n\t<meta name=\"keywords\" content=\"actualidad\" \/>\n\t<link rel=\"canonical\" href=\"https:\/\/www.eldigitaldeasturias.com\/noticias\/antonio-hernando-estamos-haciendo-un-ejercicio-de-responsabilidad\/\" \/>\n\t<meta name=\"generator\" content=\"All in One SEO Pro (AIOSEO) 4.9.6.2\" \/>\n\t\t<meta property=\"og:locale\" content=\"es_ES\" \/>\n\t\t<meta property=\"og:site_name\" content=\"El Digital de Asturias\" \/>\n\t\t<meta property=\"og:type\" content=\"article\" \/>\n\t\t<meta property=\"og:title\" content=\"Antonio Hernando: \u00abEstamos haciendo un ejercicio de responsabilidad\u00bb - El Digital de Asturias\" \/>\n\t\t<meta property=\"og:description\" content=\"El portavoz parlamentario del PSOE en el Congreso, Antonio Hernando, ha replicado este martes a las federaciones que han cuestionado la iniciativa de Pedro S\u00e1nchez de iniciar una ronda de contactos para tratar de desatascar la actual situaci\u00f3n pol\u00edtica que el secretario general actuar\u00e1 &quot;con la misma responsabilidad&quot; con la que lo hicieron los distintos\" \/>\n\t\t<meta property=\"og:url\" content=\"https:\/\/www.eldigitaldeasturias.com\/noticias\/antonio-hernando-estamos-haciendo-un-ejercicio-de-responsabilidad\/\" \/>\n\t\t<meta property=\"og:image\" content=\"https:\/\/www.eldigitaldeasturias.com\/noticias\/wp-content\/uploads\/2016\/09\/fotonoticia_20160906145503_800.jpg\" \/>\n\t\t<meta property=\"og:image:secure_url\" content=\"https:\/\/www.eldigitaldeasturias.com\/noticias\/wp-content\/uploads\/2016\/09\/fotonoticia_20160906145503_800.jpg\" \/>\n\t\t<meta property=\"og:image:width\" content=\"800\" \/>\n\t\t<meta property=\"og:image:height\" content=\"1200\" \/>\n\t\t<meta property=\"article:tag\" content=\"actualidad\" \/>\n\t\t<meta property=\"article:published_time\" content=\"2016-09-06T21:51:23+00:00\" \/>\n\t\t<meta property=\"article:modified_time\" content=\"2016-09-06T21:51:23+00:00\" \/>\n\t\t<meta property=\"article:publisher\" content=\"https:\/\/facebook.com\/eldigitaldeasturias\" \/>\n\t\t<meta name=\"twitter:card\" content=\"summary_large_image\" \/>\n\t\t<meta name=\"twitter:title\" content=\"Antonio Hernando: \u00abEstamos haciendo un ejercicio de responsabilidad\u00bb - El Digital de Asturias\" \/>\n\t\t<meta name=\"twitter:description\" content=\"El portavoz parlamentario del PSOE en el Congreso, Antonio Hernando, ha replicado este martes a las federaciones que han cuestionado la iniciativa de Pedro S\u00e1nchez de iniciar una ronda de contactos para tratar de desatascar la actual situaci\u00f3n pol\u00edtica que el secretario general actuar\u00e1 &quot;con la misma responsabilidad&quot; con la que lo hicieron los distintos\" \/>\n\t\t<meta name=\"twitter:image\" content=\"https:\/\/www.eldigitaldeasturias.com\/noticias\/wp-content\/uploads\/2016\/09\/fotonoticia_20160906145503_800.jpg\" \/>\n\t\t<meta name=\"twitter:label1\" content=\"Escrito por\" \/>\n\t\t<meta name=\"twitter:data1\" content=\"El Digital de Asturias\" \/>\n\t\t<meta name=\"twitter:label2\" content=\"Tiempo de lectura estimado\" \/>\n\t\t<meta name=\"twitter:data2\" content=\"2 minutos\" \/>\n\t\t<script type=\"application\/ld+json\" class=\"aioseo-schema\">\n\t\t\t{\"@context\":\"https:\\\/\\\/schema.org\",\"@graph\":[{\"@type\":\"BlogPosting\",\"@id\":\"https:\\\/\\\/www.eldigitaldeasturias.com\\\/noticias\\\/antonio-hernando-estamos-haciendo-un-ejercicio-de-responsabilidad\\\/#blogposting\",\"name\":\"Antonio Hernando: \\u00abEstamos haciendo un ejercicio de responsabilidad\\u00bb - El Digital de Asturias\",\"headline\":\"Antonio Hernando: \\u00abEstamos haciendo un ejercicio de responsabilidad\\u00bb\",\"author\":{\"@id\":\"https:\\\/\\\/www.eldigitaldeasturias.com\\\/noticias\\\/author\\\/admin\\\/#author\"},\"publisher\":{\"@id\":\"https:\\\/\\\/www.eldigitaldeasturias.com\\\/noticias\\\/#organization\"},\"image\":{\"@type\":\"ImageObject\",\"url\":\"https:\\\/\\\/www.eldigitaldeasturias.com\\\/noticias\\\/wp-content\\\/uploads\\\/2016\\\/09\\\/fotonoticia_20160906145503_800.jpg\",\"width\":800,\"height\":1200},\"datePublished\":\"2016-09-06T22:51:23+02:00\",\"dateModified\":\"2016-09-06T22:51:23+02:00\",\"inLanguage\":\"es-ES\",\"mainEntityOfPage\":{\"@id\":\"https:\\\/\\\/www.eldigitaldeasturias.com\\\/noticias\\\/antonio-hernando-estamos-haciendo-un-ejercicio-de-responsabilidad\\\/#webpage\"},\"isPartOf\":{\"@id\":\"https:\\\/\\\/www.eldigitaldeasturias.com\\\/noticias\\\/antonio-hernando-estamos-haciendo-un-ejercicio-de-responsabilidad\\\/#webpage\"},\"articleSection\":\"Actualidad\"},{\"@type\":\"BreadcrumbList\",\"@id\":\"https:\\\/\\\/www.eldigitaldeasturias.com\\\/noticias\\\/antonio-hernando-estamos-haciendo-un-ejercicio-de-responsabilidad\\\/#breadcrumblist\",\"itemListElement\":[{\"@type\":\"ListItem\",\"@id\":\"https:\\\/\\\/www.eldigitaldeasturias.com\\\/noticias#listItem\",\"position\":1,\"name\":\"Home\",\"item\":\"https:\\\/\\\/www.eldigitaldeasturias.com\\\/noticias\",\"nextItem\":{\"@type\":\"ListItem\",\"@id\":\"https:\\\/\\\/www.eldigitaldeasturias.com\\\/noticias\\\/category\\\/actualidad\\\/#listItem\",\"name\":\"Actualidad\"}},{\"@type\":\"ListItem\",\"@id\":\"https:\\\/\\\/www.eldigitaldeasturias.com\\\/noticias\\\/category\\\/actualidad\\\/#listItem\",\"position\":2,\"name\":\"Actualidad\",\"item\":\"https:\\\/\\\/www.eldigitaldeasturias.com\\\/noticias\\\/category\\\/actualidad\\\/\",\"nextItem\":{\"@type\":\"ListItem\",\"@id\":\"https:\\\/\\\/www.eldigitaldeasturias.com\\\/noticias\\\/antonio-hernando-estamos-haciendo-un-ejercicio-de-responsabilidad\\\/#listItem\",\"name\":\"Antonio Hernando: \\u00abEstamos haciendo un ejercicio de responsabilidad\\u00bb\"},\"previousItem\":{\"@type\":\"ListItem\",\"@id\":\"https:\\\/\\\/www.eldigitaldeasturias.com\\\/noticias#listItem\",\"name\":\"Home\"}},{\"@type\":\"ListItem\",\"@id\":\"https:\\\/\\\/www.eldigitaldeasturias.com\\\/noticias\\\/antonio-hernando-estamos-haciendo-un-ejercicio-de-responsabilidad\\\/#listItem\",\"position\":3,\"name\":\"Antonio Hernando: \\u00abEstamos haciendo un ejercicio de responsabilidad\\u00bb\",\"previousItem\":{\"@type\":\"ListItem\",\"@id\":\"https:\\\/\\\/www.eldigitaldeasturias.com\\\/noticias\\\/category\\\/actualidad\\\/#listItem\",\"name\":\"Actualidad\"}}]},{\"@type\":\"Organization\",\"@id\":\"https:\\\/\\\/www.eldigitaldeasturias.com\\\/noticias\\\/#organization\",\"name\":\"El Digital de Asturias\",\"description\":\"Hemeroteca\",\"url\":\"https:\\\/\\\/www.eldigitaldeasturias.com\\\/noticias\\\/\",\"email\":\"info@eldigitaldeasturias.com\",\"telephone\":\"+34652131393\",\"logo\":{\"@type\":\"ImageObject\",\"url\":\"https:\\\/\\\/www.eldigitaldeasturias.com\\\/noticias\\\/wp-content\\\/uploads\\\/2020\\\/12\\\/EDA.jpg\",\"@id\":\"https:\\\/\\\/www.eldigitaldeasturias.com\\\/noticias\\\/antonio-hernando-estamos-haciendo-un-ejercicio-de-responsabilidad\\\/#organizationLogo\",\"width\":649,\"height\":297},\"image\":{\"@id\":\"https:\\\/\\\/www.eldigitaldeasturias.com\\\/noticias\\\/antonio-hernando-estamos-haciendo-un-ejercicio-de-responsabilidad\\\/#organizationLogo\"},\"sameAs\":[\"https:\\\/\\\/facebook.com\\\/eldigitaldeasturias\",\"https:\\\/\\\/www.youtube.com\\\/channel\\\/UCZP-2wLEB9Rv6erhFmqVnvg\"],\"address\":{\"@id\":\"https:\\\/\\\/www.eldigitaldeasturias.com\\\/noticias\\\/#postaladdress\",\"@type\":\"PostalAddress\",\"streetAddress\":\"san antonio 4,\",\"postalCode\":\"33430\",\"addressLocality\":\"Cand\\u00e1s\",\"addressRegion\":\"Asturias\",\"addressCountry\":\"ES\"}},{\"@type\":\"Person\",\"@id\":\"https:\\\/\\\/www.eldigitaldeasturias.com\\\/noticias\\\/author\\\/admin\\\/#author\",\"url\":\"https:\\\/\\\/www.eldigitaldeasturias.com\\\/noticias\\\/author\\\/admin\\\/\",\"name\":\"El Digital de Asturias\",\"image\":{\"@type\":\"ImageObject\",\"@id\":\"https:\\\/\\\/www.eldigitaldeasturias.com\\\/noticias\\\/antonio-hernando-estamos-haciendo-un-ejercicio-de-responsabilidad\\\/#authorImage\",\"url\":\"https:\\\/\\\/www.eldigitaldeasturias.com\\\/noticias\\\/wp-content\\\/litespeed\\\/avatar\\\/18677e78aa0546b92d9dbf31ec7d7668.jpg?ver=1777290358\",\"width\":96,\"height\":96,\"caption\":\"El Digital de Asturias\"}},{\"@type\":\"WebPage\",\"@id\":\"https:\\\/\\\/www.eldigitaldeasturias.com\\\/noticias\\\/antonio-hernando-estamos-haciendo-un-ejercicio-de-responsabilidad\\\/#webpage\",\"url\":\"https:\\\/\\\/www.eldigitaldeasturias.com\\\/noticias\\\/antonio-hernando-estamos-haciendo-un-ejercicio-de-responsabilidad\\\/\",\"name\":\"Antonio Hernando: \\u00abEstamos haciendo un ejercicio de responsabilidad\\u00bb - El Digital de Asturias\",\"description\":\"El portavoz parlamentario del PSOE en el Congreso, Antonio Hernando, ha replicado este martes a las federaciones que han cuestionado la iniciativa de Pedro S\\u00e1nchez de iniciar una ronda de contactos para tratar de desatascar la actual situaci\\u00f3n pol\\u00edtica que el secretario general actuar\\u00e1 \\\"con la misma responsabilidad\\\" con la que lo hicieron los distintos\",\"inLanguage\":\"es-ES\",\"isPartOf\":{\"@id\":\"https:\\\/\\\/www.eldigitaldeasturias.com\\\/noticias\\\/#website\"},\"breadcrumb\":{\"@id\":\"https:\\\/\\\/www.eldigitaldeasturias.com\\\/noticias\\\/antonio-hernando-estamos-haciendo-un-ejercicio-de-responsabilidad\\\/#breadcrumblist\"},\"author\":{\"@id\":\"https:\\\/\\\/www.eldigitaldeasturias.com\\\/noticias\\\/author\\\/admin\\\/#author\"},\"creator\":{\"@id\":\"https:\\\/\\\/www.eldigitaldeasturias.com\\\/noticias\\\/author\\\/admin\\\/#author\"},\"image\":{\"@type\":\"ImageObject\",\"url\":\"https:\\\/\\\/www.eldigitaldeasturias.com\\\/noticias\\\/wp-content\\\/uploads\\\/2016\\\/09\\\/fotonoticia_20160906145503_800.jpg\",\"@id\":\"https:\\\/\\\/www.eldigitaldeasturias.com\\\/noticias\\\/antonio-hernando-estamos-haciendo-un-ejercicio-de-responsabilidad\\\/#mainImage\",\"width\":800,\"height\":1200},\"primaryImageOfPage\":{\"@id\":\"https:\\\/\\\/www.eldigitaldeasturias.com\\\/noticias\\\/antonio-hernando-estamos-haciendo-un-ejercicio-de-responsabilidad\\\/#mainImage\"},\"datePublished\":\"2016-09-06T22:51:23+02:00\",\"dateModified\":\"2016-09-06T22:51:23+02:00\"},{\"@type\":\"WebSite\",\"@id\":\"https:\\\/\\\/www.eldigitaldeasturias.com\\\/noticias\\\/#website\",\"url\":\"https:\\\/\\\/www.eldigitaldeasturias.com\\\/noticias\\\/\",\"name\":\"El Digital de Asturias - Diario de actualidad y noticias\",\"alternateName\":\"El Digital de Asturias - Diario de actualidad y noticias\",\"description\":\"Hemeroteca\",\"inLanguage\":\"es-ES\",\"publisher\":{\"@id\":\"https:\\\/\\\/www.eldigitaldeasturias.com\\\/noticias\\\/#organization\"}}]}\n\t\t<\/script>\n\t\t<!-- All in One SEO Pro -->\r\n\t\t<title>Antonio Hernando: \u00abEstamos haciendo un ejercicio de responsabilidad\u00bb - El Digital de Asturias<\/title>\n\n","aioseo_head_json":{"title":"Antonio Hernando: \u00abEstamos haciendo un ejercicio de responsabilidad\u00bb - El Digital de Asturias","description":"El portavoz parlamentario del PSOE en el Congreso, Antonio Hernando, ha replicado este martes a las federaciones que han cuestionado la iniciativa de Pedro S\u00e1nchez de iniciar una ronda de contactos para tratar de desatascar la actual situaci\u00f3n pol\u00edtica que el secretario general actuar\u00e1 \"con la misma responsabilidad\" con la que lo hicieron los distintos","canonical_url":"https:\/\/www.eldigitaldeasturias.com\/noticias\/antonio-hernando-estamos-haciendo-un-ejercicio-de-responsabilidad\/","robots":"max-image-preview:large","keywords":"actualidad","webmasterTools":{"google-site-verification":"UA-38556648-1","msvalidate.01":"7dfe9f3f1b24437ab69f4f2559babe99","miscellaneous":""},"schema":{"@context":"https:\/\/schema.org","@graph":[{"@type":"BlogPosting","@id":"https:\/\/www.eldigitaldeasturias.com\/noticias\/antonio-hernando-estamos-haciendo-un-ejercicio-de-responsabilidad\/#blogposting","name":"Antonio Hernando: \u00abEstamos haciendo un ejercicio de responsabilidad\u00bb - El Digital de Asturias","headline":"Antonio Hernando: \u00abEstamos haciendo un ejercicio de responsabilidad\u00bb","author":{"@id":"https:\/\/www.eldigitaldeasturias.com\/noticias\/author\/admin\/#author"},"publisher":{"@id":"https:\/\/www.eldigitaldeasturias.com\/noticias\/#organization"},"image":{"@type":"ImageObject","url":"https:\/\/www.eldigitaldeasturias.com\/noticias\/wp-content\/uploads\/2016\/09\/fotonoticia_20160906145503_800.jpg","width":800,"height":1200},"datePublished":"2016-09-06T22:51:23+02:00","dateModified":"2016-09-06T22:51:23+02:00","inLanguage":"es-ES","mainEntityOfPage":{"@id":"https:\/\/www.eldigitaldeasturias.com\/noticias\/antonio-hernando-estamos-haciendo-un-ejercicio-de-responsabilidad\/#webpage"},"isPartOf":{"@id":"https:\/\/www.eldigitaldeasturias.com\/noticias\/antonio-hernando-estamos-haciendo-un-ejercicio-de-responsabilidad\/#webpage"},"articleSection":"Actualidad"},{"@type":"BreadcrumbList","@id":"https:\/\/www.eldigitaldeasturias.com\/noticias\/antonio-hernando-estamos-haciendo-un-ejercicio-de-responsabilidad\/#breadcrumblist","itemListElement":[{"@type":"ListItem","@id":"https:\/\/www.eldigitaldeasturias.com\/noticias#listItem","position":1,"name":"Home","item":"https:\/\/www.eldigitaldeasturias.com\/noticias","nextItem":{"@type":"ListItem","@id":"https:\/\/www.eldigitaldeasturias.com\/noticias\/category\/actualidad\/#listItem","name":"Actualidad"}},{"@type":"ListItem","@id":"https:\/\/www.eldigitaldeasturias.com\/noticias\/category\/actualidad\/#listItem","position":2,"name":"Actualidad","item":"https:\/\/www.eldigitaldeasturias.com\/noticias\/category\/actualidad\/","nextItem":{"@type":"ListItem","@id":"https:\/\/www.eldigitaldeasturias.com\/noticias\/antonio-hernando-estamos-haciendo-un-ejercicio-de-responsabilidad\/#listItem","name":"Antonio Hernando: \u00abEstamos haciendo un ejercicio de responsabilidad\u00bb"},"previousItem":{"@type":"ListItem","@id":"https:\/\/www.eldigitaldeasturias.com\/noticias#listItem","name":"Home"}},{"@type":"ListItem","@id":"https:\/\/www.eldigitaldeasturias.com\/noticias\/antonio-hernando-estamos-haciendo-un-ejercicio-de-responsabilidad\/#listItem","position":3,"name":"Antonio Hernando: \u00abEstamos haciendo un ejercicio de responsabilidad\u00bb","previousItem":{"@type":"ListItem","@id":"https:\/\/www.eldigitaldeasturias.com\/noticias\/category\/actualidad\/#listItem","name":"Actualidad"}}]},{"@type":"Organization","@id":"https:\/\/www.eldigitaldeasturias.com\/noticias\/#organization","name":"El Digital de Asturias","description":"Hemeroteca","url":"https:\/\/www.eldigitaldeasturias.com\/noticias\/","email":"info@eldigitaldeasturias.com","telephone":"+34652131393","logo":{"@type":"ImageObject","url":"https:\/\/www.eldigitaldeasturias.com\/noticias\/wp-content\/uploads\/2020\/12\/EDA.jpg","@id":"https:\/\/www.eldigitaldeasturias.com\/noticias\/antonio-hernando-estamos-haciendo-un-ejercicio-de-responsabilidad\/#organizationLogo","width":649,"height":297},"image":{"@id":"https:\/\/www.eldigitaldeasturias.com\/noticias\/antonio-hernando-estamos-haciendo-un-ejercicio-de-responsabilidad\/#organizationLogo"},"sameAs":["https:\/\/facebook.com\/eldigitaldeasturias","https:\/\/www.youtube.com\/channel\/UCZP-2wLEB9Rv6erhFmqVnvg"],"address":{"@id":"https:\/\/www.eldigitaldeasturias.com\/noticias\/#postaladdress","@type":"PostalAddress","streetAddress":"san antonio 4,","postalCode":"33430","addressLocality":"Cand\u00e1s","addressRegion":"Asturias","addressCountry":"ES"}},{"@type":"Person","@id":"https:\/\/www.eldigitaldeasturias.com\/noticias\/author\/admin\/#author","url":"https:\/\/www.eldigitaldeasturias.com\/noticias\/author\/admin\/","name":"El Digital de Asturias","image":{"@type":"ImageObject","@id":"https:\/\/www.eldigitaldeasturias.com\/noticias\/antonio-hernando-estamos-haciendo-un-ejercicio-de-responsabilidad\/#authorImage","url":"https:\/\/www.eldigitaldeasturias.com\/noticias\/wp-content\/litespeed\/avatar\/18677e78aa0546b92d9dbf31ec7d7668.jpg?ver=1777290358","width":96,"height":96,"caption":"El Digital de Asturias"}},{"@type":"WebPage","@id":"https:\/\/www.eldigitaldeasturias.com\/noticias\/antonio-hernando-estamos-haciendo-un-ejercicio-de-responsabilidad\/#webpage","url":"https:\/\/www.eldigitaldeasturias.com\/noticias\/antonio-hernando-estamos-haciendo-un-ejercicio-de-responsabilidad\/","name":"Antonio Hernando: \u00abEstamos haciendo un ejercicio de responsabilidad\u00bb - El Digital de Asturias","description":"El portavoz parlamentario del PSOE en el Congreso, Antonio Hernando, ha replicado este martes a las federaciones que han cuestionado la iniciativa de Pedro S\u00e1nchez de iniciar una ronda de contactos para tratar de desatascar la actual situaci\u00f3n pol\u00edtica que el secretario general actuar\u00e1 \"con la misma responsabilidad\" con la que lo hicieron los distintos","inLanguage":"es-ES","isPartOf":{"@id":"https:\/\/www.eldigitaldeasturias.com\/noticias\/#website"},"breadcrumb":{"@id":"https:\/\/www.eldigitaldeasturias.com\/noticias\/antonio-hernando-estamos-haciendo-un-ejercicio-de-responsabilidad\/#breadcrumblist"},"author":{"@id":"https:\/\/www.eldigitaldeasturias.com\/noticias\/author\/admin\/#author"},"creator":{"@id":"https:\/\/www.eldigitaldeasturias.com\/noticias\/author\/admin\/#author"},"image":{"@type":"ImageObject","url":"https:\/\/www.eldigitaldeasturias.com\/noticias\/wp-content\/uploads\/2016\/09\/fotonoticia_20160906145503_800.jpg","@id":"https:\/\/www.eldigitaldeasturias.com\/noticias\/antonio-hernando-estamos-haciendo-un-ejercicio-de-responsabilidad\/#mainImage","width":800,"height":1200},"primaryImageOfPage":{"@id":"https:\/\/www.eldigitaldeasturias.com\/noticias\/antonio-hernando-estamos-haciendo-un-ejercicio-de-responsabilidad\/#mainImage"},"datePublished":"2016-09-06T22:51:23+02:00","dateModified":"2016-09-06T22:51:23+02:00"},{"@type":"WebSite","@id":"https:\/\/www.eldigitaldeasturias.com\/noticias\/#website","url":"https:\/\/www.eldigitaldeasturias.com\/noticias\/","name":"El Digital de Asturias - Diario de actualidad y noticias","alternateName":"El Digital de Asturias - Diario de actualidad y noticias","description":"Hemeroteca","inLanguage":"es-ES","publisher":{"@id":"https:\/\/www.eldigitaldeasturias.com\/noticias\/#organization"}}]},"og:locale":"es_ES","og:site_name":"El Digital de Asturias","og:type":"article","og:title":"Antonio Hernando: \u00abEstamos haciendo un ejercicio de responsabilidad\u00bb - El Digital de Asturias","og:description":"El portavoz parlamentario del PSOE en el Congreso, Antonio Hernando, ha replicado este martes a las federaciones que han cuestionado la iniciativa de Pedro S\u00e1nchez de iniciar una ronda de contactos para tratar de desatascar la actual situaci\u00f3n pol\u00edtica que el secretario general actuar\u00e1 &quot;con la misma responsabilidad&quot; con la que lo hicieron los distintos","og:url":"https:\/\/www.eldigitaldeasturias.com\/noticias\/antonio-hernando-estamos-haciendo-un-ejercicio-de-responsabilidad\/","og:image":"https:\/\/www.eldigitaldeasturias.com\/noticias\/wp-content\/uploads\/2016\/09\/fotonoticia_20160906145503_800.jpg","og:image:secure_url":"https:\/\/www.eldigitaldeasturias.com\/noticias\/wp-content\/uploads\/2016\/09\/fotonoticia_20160906145503_800.jpg","og:image:width":800,"og:image:height":1200,"article:tag":["actualidad"],"article:published_time":"2016-09-06T21:51:23+00:00","article:modified_time":"2016-09-06T21:51:23+00:00","article:publisher":"https:\/\/facebook.com\/eldigitaldeasturias","twitter:card":"summary_large_image","twitter:title":"Antonio Hernando: \u00abEstamos haciendo un ejercicio de responsabilidad\u00bb - El Digital de Asturias","twitter:description":"El portavoz parlamentario del PSOE en el Congreso, Antonio Hernando, ha replicado este martes a las federaciones que han cuestionado la iniciativa de Pedro S\u00e1nchez de iniciar una ronda de contactos para tratar de desatascar la actual situaci\u00f3n pol\u00edtica que el secretario general actuar\u00e1 &quot;con la misma responsabilidad&quot; con la que lo hicieron los distintos","twitter:image":"https:\/\/www.eldigitaldeasturias.com\/noticias\/wp-content\/uploads\/2016\/09\/fotonoticia_20160906145503_800.jpg","twitter:label1":"Escrito por","twitter:data1":"El Digital de Asturias","twitter:label2":"Tiempo de lectura estimado","twitter:data2":"2 minutos"},"aioseo_meta_data":{"post_id":"906172","title":null,"description":null,"keywords":null,"keyphrases":null,"primary_term":null,"canonical_url":null,"og_title":null,"og_description":null,"og_object_type":"default","og_image_type":"default","og_image_url":null,"og_image_width":null,"og_image_height":null,"og_image_custom_url":null,"og_image_custom_fields":null,"og_video":null,"og_custom_url":null,"og_article_section":null,"og_article_tags":null,"twitter_use_og":false,"twitter_card":"default","twitter_image_type":"default","twitter_image_url":null,"twitter_image_custom_url":null,"twitter_image_custom_fields":null,"twitter_title":null,"twitter_description":null,"schema":{"blockGraphs":[],"customGraphs":[],"default":{"data":{"Article":[],"Course":[],"Dataset":[],"FAQPage":[],"Movie":[],"Person":[],"Product":[],"ProductReview":[],"Car":[],"Recipe":[],"Service":[],"SoftwareApplication":[],"WebPage":[]},"graphName":"","isEnabled":true},"graphs":[],"defaultGraph":"","defaultPostTypeGraph":""},"schema_type":null,"schema_type_options":null,"pillar_content":false,"robots_default":true,"robots_noindex":false,"robots_noarchive":false,"robots_nosnippet":false,"robots_nofollow":false,"robots_noimageindex":false,"robots_noodp":false,"robots_notranslate":false,"robots_max_snippet":null,"robots_max_videopreview":null,"robots_max_imagepreview":"large","priority":null,"frequency":null,"local_seo":null,"seo_analyzer_scan_date":"2025-11-30 08:07:11","breadcrumb_settings":null,"limit_modified_date":false,"open_ai":null,"ai":null,"created":"2020-12-21 14:01:57","updated":"2025-11-30 08:07:11"},"aioseo_breadcrumb":"<div class=\"aioseo-breadcrumbs\"><span class=\"aioseo-breadcrumb\">\n\t<a href=\"https:\/\/www.eldigitaldeasturias.com\/noticias\" title=\"Home\">Home<\/a>\n<\/span><span class=\"aioseo-breadcrumb-separator\">\u2013<\/span><span class=\"aioseo-breadcrumb\">\n\t<a href=\"https:\/\/www.eldigitaldeasturias.com\/noticias\/category\/actualidad\/\" title=\"Actualidad\">Actualidad<\/a>\n<\/span><span class=\"aioseo-breadcrumb-separator\">\u2013<\/span><span class=\"aioseo-breadcrumb\">\n\t<a href=\"https:\/\/www.eldigitaldeasturias.com\/noticias\/antonio-hernando-estamos-haciendo-un-ejercicio-de-responsabilidad\/\" title=\"Antonio Hernando: \u00abEstamos haciendo un ejercicio de responsabilidad\u00bb\">Antonio Hernando: \u00abEstamos haciendo un ejercicio de responsabilidad\u00bb<\/a>\n<\/span><\/div>","aioseo_breadcrumb_json":[{"label":"Home","link":"https:\/\/www.eldigitaldeasturias.com\/noticias"},{"label":"Actualidad","link":"https:\/\/www.eldigitaldeasturias.com\/noticias\/category\/actualidad\/"},{"label":"Antonio Hernando: \u00abEstamos haciendo un ejercicio de responsabilidad\u00bb","link":"https:\/\/www.eldigitaldeasturias.com\/noticias\/antonio-hernando-estamos-haciendo-un-ejercicio-de-responsabilidad\/"}],"_links":{"self":[{"href":"https:\/\/www.eldigitaldeasturias.com\/noticias\/wp-json\/wp\/v2\/posts\/906172","targetHints":{"allow":["GET"]}}],"collection":[{"href":"https:\/\/www.eldigitaldeasturias.com\/noticias\/wp-json\/wp\/v2\/posts"}],"about":[{"href":"https:\/\/www.eldigitaldeasturias.com\/noticias\/wp-json\/wp\/v2\/types\/post"}],"author":[{"embeddable":true,"href":"https:\/\/www.eldigitaldeasturias.com\/noticias\/wp-json\/wp\/v2\/users\/1"}],"replies":[{"embeddable":true,"href":"https:\/\/www.eldigitaldeasturias.com\/noticias\/wp-json\/wp\/v2\/comments?post=906172"}],"version-history":[{"count":0,"href":"https:\/\/www.eldigitaldeasturias.com\/noticias\/wp-json\/wp\/v2\/posts\/906172\/revisions"}],"wp:featuredmedia":[{"embeddable":true,"href":"https:\/\/www.eldigitaldeasturias.com\/noticias\/wp-json\/wp\/v2\/media\/906173"}],"wp:attachment":[{"href":"https:\/\/www.eldigitaldeasturias.com\/noticias\/wp-json\/wp\/v2\/media?parent=906172"}],"wp:term":[{"taxonomy":"category","embeddable":true,"href":"https:\/\/www.eldigitaldeasturias.com\/noticias\/wp-json\/wp\/v2\/categories?post=906172"},{"taxonomy":"post_tag","embeddable":true,"href":"https:\/\/www.eldigitaldeasturias.com\/noticias\/wp-json\/wp\/v2\/tags?post=906172"}],"curies":[{"name":"wp","href":"https:\/\/api.w.org\/{rel}","templated":true}]}}