{"id":906166,"date":"2016-09-06T22:47:05","date_gmt":"2016-09-06T21:47:05","guid":{"rendered":"http:\/\/www.eldigitaldeasturias.com\/noticias\/?p=906166"},"modified":"2016-09-06T22:47:05","modified_gmt":"2016-09-06T21:47:05","slug":"el-tripartito-propone-la-adhesion-de-oviedo-a-la-red-de-municipios-por-el-estado-laico","status":"publish","type":"post","link":"https:\/\/www.eldigitaldeasturias.com\/noticias\/el-tripartito-propone-la-adhesion-de-oviedo-a-la-red-de-municipios-por-el-estado-laico\/","title":{"rendered":"El tripartito propone la adhesi\u00f3n de Oviedo a la Red de Municipios por el Estado Laico"},"content":{"rendered":"<p><img loading=\"lazy\" decoding=\"async\" class=\"alignleft size-medium wp-image-906167\" src=\"https:\/\/www.eldigitaldeasturias.com\/noticias\/wp-content\/uploads\/2016\/09\/fotonoticia_20160906144352_800-360x270.jpg\" alt=\"fotonoticia_20160906144352_800\" width=\"360\" height=\"270\" srcset=\"https:\/\/www.eldigitaldeasturias.com\/noticias\/wp-content\/uploads\/2016\/09\/fotonoticia_20160906144352_800-360x270.jpg 360w, https:\/\/www.eldigitaldeasturias.com\/noticias\/wp-content\/uploads\/2016\/09\/fotonoticia_20160906144352_800-768x576.jpg 768w, https:\/\/www.eldigitaldeasturias.com\/noticias\/wp-content\/uploads\/2016\/09\/fotonoticia_20160906144352_800-650x488.jpg 650w, https:\/\/www.eldigitaldeasturias.com\/noticias\/wp-content\/uploads\/2016\/09\/fotonoticia_20160906144352_800-125x95.jpg 125w, https:\/\/www.eldigitaldeasturias.com\/noticias\/wp-content\/uploads\/2016\/09\/fotonoticia_20160906144352_800-100x75.jpg 100w, https:\/\/www.eldigitaldeasturias.com\/noticias\/wp-content\/uploads\/2016\/09\/fotonoticia_20160906144352_800.jpg 800w\" sizes=\"auto, (max-width: 360px) 100vw, 360px\" \/>Los grupos municipales de Somos, PSOE e IU llevar\u00e1n este martes al pleno la adhesi\u00f3n de Oviedo a la Red de Municipios por el Estado Laico. Asegurando \u00abrespetar todas las creencias religiosas\u00bb han presentado la iniciativa por la que buscan atenerse al principio constitucional de que ninguna confesi\u00f3n tendr\u00e1 car\u00e1cter estatal. Si la moci\u00f3n prospera, Oviedo ser\u00e1 la primera capital de provincia que se suma a la red.<\/p>\n<p>A la rueda de prensa han acudido el concejal del PSOE Diego Vali\u00f1o, la edil de Somos Isabel Bermejo, la concejala de IU Cristina Pont\u00f3n, el presidente de Europa Laica Francisco Delgado y el presidente de Asturias Laica, Jos\u00e9 Luis Iglesias.<\/p>\n<p>Para el edil socialista, la de hoy es \u00abuna buena noticia\u00bb por incluir a Oviedo en la red de ciudades laicas en un pa\u00eds que tiene la laicidad como \u00abuna asignatura pendiente\u00bb. El concejal ha abundado en este argumento, celebrando que la tradicional Romer\u00eda y posterior misa por San Mateo se haya apartado del programa oficial de las fiestas. \u00abHemos querido demostrar que cada uno es libre de acudir a actos religiosos, pero dentro de su esfera personal\u00bb, ha explicado.<\/p>\n<p>Por su parte, la concejala de IU Cristina Pont\u00f3n ha incidido en que la Iglesia \u00abdebe tener su espacio separado del Estado\u00bb. \u00abHay que seguir trabajando para que la Iglesia pague el Impuesto de Bienes Inmuebles en propiedades que no est\u00e9n destinadas al culto\u00bb, ha se\u00f1alado.<\/p>\n<p>Desde Europa Laica su presidente ha aplaudido que el Ayuntamiento haya decidido someter a votaci\u00f3n una moci\u00f3n \u00abcontrovertida\u00bb que ya gener\u00f3 conflictos en otros consistorios. Con esta iniciativa, iniciada en febrero, Europa Laica pretende lograr una \u00abnormalidad democr\u00e1tica\u00bb y \u00abavanzar en que la laicidad es buena para toda la ciudadan\u00eda, tanto creyentes como no\u00bb.<\/p>\n<p>El presidente de Asturias Laica, por su parte, ha puesto el foco en el pago del IBI por parte de la Iglesia. \u00abEs el mayor propietario de bienes inmuebles privado, debe pagar el que m\u00e1s tiene\u00bb, ha asegurado, para despu\u00e9s afirmar que la Iglesia es \u00abuna sociedad privada de creyentes que en este pa\u00eds goza de demasiados privilegios\u00bb.<\/p>\n<p>&nbsp;<\/p>\n<p>&nbsp;<\/p>\n","protected":false},"excerpt":{"rendered":"<p>Los grupos municipales de Somos, PSOE e IU llevar\u00e1n este martes al pleno la adhesi\u00f3n de Oviedo a la Red de Municipios por el Estado Laico. Asegurando \u00abrespetar todas las creencias religiosas\u00bb han presentado la iniciativa por la que buscan atenerse al principio constitucional de que ninguna confesi\u00f3n tendr\u00e1 car\u00e1cter estatal. Si la moci\u00f3n prospera, [&hellip;]<\/p>\n","protected":false},"author":1,"featured_media":906167,"comment_status":"closed","ping_status":"closed","sticky":false,"template":"","format":"standard","meta":{"footnotes":""},"categories":[12],"tags":[],"class_list":["post-906166","post","type-post","status-publish","format-standard","has-post-thumbnail","hentry","category-actualidad-asturias"],"aioseo_notices":[],"aioseo_head":"\n\t\t<!-- All in One SEO Pro 4.9.6.2 - aioseo.com -->\n\t<meta name=\"description\" content=\"Los grupos municipales de Somos, PSOE e IU llevar\u00e1n este martes al pleno la adhesi\u00f3n de Oviedo a la Red de Municipios por el Estado Laico. Asegurando &quot;respetar todas las creencias religiosas&quot; han presentado la iniciativa por la que buscan atenerse al principio constitucional de que ninguna confesi\u00f3n tendr\u00e1 car\u00e1cter estatal. Si la moci\u00f3n prospera,\" \/>\n\t<meta name=\"robots\" content=\"max-image-preview:large\" \/>\n\t<meta name=\"author\" content=\"El Digital de Asturias\"\/>\n\t<meta name=\"google-site-verification\" content=\"UA-38556648-1\" \/>\n\t<meta name=\"msvalidate.01\" content=\"7dfe9f3f1b24437ab69f4f2559babe99\" \/>\n\t<meta name=\"keywords\" content=\"actualidad asturias\" \/>\n\t<link rel=\"canonical\" href=\"https:\/\/www.eldigitaldeasturias.com\/noticias\/el-tripartito-propone-la-adhesion-de-oviedo-a-la-red-de-municipios-por-el-estado-laico\/\" \/>\n\t<meta name=\"generator\" content=\"All in One SEO Pro (AIOSEO) 4.9.6.2\" \/>\n\t\t<meta property=\"og:locale\" content=\"es_ES\" \/>\n\t\t<meta property=\"og:site_name\" content=\"El Digital de Asturias\" \/>\n\t\t<meta property=\"og:type\" content=\"article\" \/>\n\t\t<meta property=\"og:title\" content=\"El tripartito propone la adhesi\u00f3n de Oviedo a la Red de Municipios por el Estado Laico - El Digital de Asturias\" \/>\n\t\t<meta property=\"og:description\" content=\"Los grupos municipales de Somos, PSOE e IU llevar\u00e1n este martes al pleno la adhesi\u00f3n de Oviedo a la Red de Municipios por el Estado Laico. Asegurando &quot;respetar todas las creencias religiosas&quot; han presentado la iniciativa por la que buscan atenerse al principio constitucional de que ninguna confesi\u00f3n tendr\u00e1 car\u00e1cter estatal. Si la moci\u00f3n prospera,\" \/>\n\t\t<meta property=\"og:url\" content=\"https:\/\/www.eldigitaldeasturias.com\/noticias\/el-tripartito-propone-la-adhesion-de-oviedo-a-la-red-de-municipios-por-el-estado-laico\/\" \/>\n\t\t<meta property=\"og:image\" content=\"https:\/\/www.eldigitaldeasturias.com\/noticias\/wp-content\/uploads\/2016\/09\/fotonoticia_20160906144352_800.jpg\" \/>\n\t\t<meta property=\"og:image:secure_url\" content=\"https:\/\/www.eldigitaldeasturias.com\/noticias\/wp-content\/uploads\/2016\/09\/fotonoticia_20160906144352_800.jpg\" \/>\n\t\t<meta property=\"og:image:width\" content=\"800\" \/>\n\t\t<meta property=\"og:image:height\" content=\"600\" \/>\n\t\t<meta property=\"article:tag\" content=\"actualidad asturias\" \/>\n\t\t<meta property=\"article:published_time\" content=\"2016-09-06T21:47:05+00:00\" \/>\n\t\t<meta property=\"article:modified_time\" content=\"2016-09-06T21:47:05+00:00\" \/>\n\t\t<meta property=\"article:publisher\" content=\"https:\/\/facebook.com\/eldigitaldeasturias\" \/>\n\t\t<meta name=\"twitter:card\" content=\"summary_large_image\" \/>\n\t\t<meta name=\"twitter:title\" content=\"El tripartito propone la adhesi\u00f3n de Oviedo a la Red de Municipios por el Estado Laico - El Digital de Asturias\" \/>\n\t\t<meta name=\"twitter:description\" content=\"Los grupos municipales de Somos, PSOE e IU llevar\u00e1n este martes al pleno la adhesi\u00f3n de Oviedo a la Red de Municipios por el Estado Laico. Asegurando &quot;respetar todas las creencias religiosas&quot; han presentado la iniciativa por la que buscan atenerse al principio constitucional de que ninguna confesi\u00f3n tendr\u00e1 car\u00e1cter estatal. Si la moci\u00f3n prospera,\" \/>\n\t\t<meta name=\"twitter:image\" content=\"https:\/\/www.eldigitaldeasturias.com\/noticias\/wp-content\/uploads\/2016\/09\/fotonoticia_20160906144352_800.jpg\" \/>\n\t\t<meta name=\"twitter:label1\" content=\"Escrito por\" \/>\n\t\t<meta name=\"twitter:data1\" content=\"El Digital de Asturias\" \/>\n\t\t<meta name=\"twitter:label2\" content=\"Tiempo de lectura estimado\" \/>\n\t\t<meta name=\"twitter:data2\" content=\"2 minutos\" \/>\n\t\t<script type=\"application\/ld+json\" class=\"aioseo-schema\">\n\t\t\t{\"@context\":\"https:\\\/\\\/schema.org\",\"@graph\":[{\"@type\":\"BlogPosting\",\"@id\":\"https:\\\/\\\/www.eldigitaldeasturias.com\\\/noticias\\\/el-tripartito-propone-la-adhesion-de-oviedo-a-la-red-de-municipios-por-el-estado-laico\\\/#blogposting\",\"name\":\"El tripartito propone la adhesi\\u00f3n de Oviedo a la Red de Municipios por el Estado Laico - El Digital de Asturias\",\"headline\":\"El tripartito propone la adhesi\\u00f3n de Oviedo a la Red de Municipios por el Estado Laico\",\"author\":{\"@id\":\"https:\\\/\\\/www.eldigitaldeasturias.com\\\/noticias\\\/author\\\/admin\\\/#author\"},\"publisher\":{\"@id\":\"https:\\\/\\\/www.eldigitaldeasturias.com\\\/noticias\\\/#organization\"},\"image\":{\"@type\":\"ImageObject\",\"url\":\"https:\\\/\\\/www.eldigitaldeasturias.com\\\/noticias\\\/wp-content\\\/uploads\\\/2016\\\/09\\\/fotonoticia_20160906144352_800.jpg\",\"width\":800,\"height\":600},\"datePublished\":\"2016-09-06T22:47:05+02:00\",\"dateModified\":\"2016-09-06T22:47:05+02:00\",\"inLanguage\":\"es-ES\",\"mainEntityOfPage\":{\"@id\":\"https:\\\/\\\/www.eldigitaldeasturias.com\\\/noticias\\\/el-tripartito-propone-la-adhesion-de-oviedo-a-la-red-de-municipios-por-el-estado-laico\\\/#webpage\"},\"isPartOf\":{\"@id\":\"https:\\\/\\\/www.eldigitaldeasturias.com\\\/noticias\\\/el-tripartito-propone-la-adhesion-de-oviedo-a-la-red-de-municipios-por-el-estado-laico\\\/#webpage\"},\"articleSection\":\"Actualidad Asturias\"},{\"@type\":\"BreadcrumbList\",\"@id\":\"https:\\\/\\\/www.eldigitaldeasturias.com\\\/noticias\\\/el-tripartito-propone-la-adhesion-de-oviedo-a-la-red-de-municipios-por-el-estado-laico\\\/#breadcrumblist\",\"itemListElement\":[{\"@type\":\"ListItem\",\"@id\":\"https:\\\/\\\/www.eldigitaldeasturias.com\\\/noticias#listItem\",\"position\":1,\"name\":\"Home\",\"item\":\"https:\\\/\\\/www.eldigitaldeasturias.com\\\/noticias\",\"nextItem\":{\"@type\":\"ListItem\",\"@id\":\"https:\\\/\\\/www.eldigitaldeasturias.com\\\/noticias\\\/category\\\/actualidad-asturias\\\/#listItem\",\"name\":\"Actualidad Asturias\"}},{\"@type\":\"ListItem\",\"@id\":\"https:\\\/\\\/www.eldigitaldeasturias.com\\\/noticias\\\/category\\\/actualidad-asturias\\\/#listItem\",\"position\":2,\"name\":\"Actualidad Asturias\",\"item\":\"https:\\\/\\\/www.eldigitaldeasturias.com\\\/noticias\\\/category\\\/actualidad-asturias\\\/\",\"nextItem\":{\"@type\":\"ListItem\",\"@id\":\"https:\\\/\\\/www.eldigitaldeasturias.com\\\/noticias\\\/el-tripartito-propone-la-adhesion-de-oviedo-a-la-red-de-municipios-por-el-estado-laico\\\/#listItem\",\"name\":\"El tripartito propone la adhesi\\u00f3n de Oviedo a la Red de Municipios por el Estado Laico\"},\"previousItem\":{\"@type\":\"ListItem\",\"@id\":\"https:\\\/\\\/www.eldigitaldeasturias.com\\\/noticias#listItem\",\"name\":\"Home\"}},{\"@type\":\"ListItem\",\"@id\":\"https:\\\/\\\/www.eldigitaldeasturias.com\\\/noticias\\\/el-tripartito-propone-la-adhesion-de-oviedo-a-la-red-de-municipios-por-el-estado-laico\\\/#listItem\",\"position\":3,\"name\":\"El tripartito propone la adhesi\\u00f3n de Oviedo a la Red de Municipios por el Estado Laico\",\"previousItem\":{\"@type\":\"ListItem\",\"@id\":\"https:\\\/\\\/www.eldigitaldeasturias.com\\\/noticias\\\/category\\\/actualidad-asturias\\\/#listItem\",\"name\":\"Actualidad Asturias\"}}]},{\"@type\":\"Organization\",\"@id\":\"https:\\\/\\\/www.eldigitaldeasturias.com\\\/noticias\\\/#organization\",\"name\":\"El Digital de Asturias\",\"description\":\"Hemeroteca\",\"url\":\"https:\\\/\\\/www.eldigitaldeasturias.com\\\/noticias\\\/\",\"email\":\"info@eldigitaldeasturias.com\",\"telephone\":\"+34652131393\",\"logo\":{\"@type\":\"ImageObject\",\"url\":\"https:\\\/\\\/www.eldigitaldeasturias.com\\\/noticias\\\/wp-content\\\/uploads\\\/2020\\\/12\\\/EDA.jpg\",\"@id\":\"https:\\\/\\\/www.eldigitaldeasturias.com\\\/noticias\\\/el-tripartito-propone-la-adhesion-de-oviedo-a-la-red-de-municipios-por-el-estado-laico\\\/#organizationLogo\",\"width\":649,\"height\":297},\"image\":{\"@id\":\"https:\\\/\\\/www.eldigitaldeasturias.com\\\/noticias\\\/el-tripartito-propone-la-adhesion-de-oviedo-a-la-red-de-municipios-por-el-estado-laico\\\/#organizationLogo\"},\"sameAs\":[\"https:\\\/\\\/facebook.com\\\/eldigitaldeasturias\",\"https:\\\/\\\/www.youtube.com\\\/channel\\\/UCZP-2wLEB9Rv6erhFmqVnvg\"],\"address\":{\"@id\":\"https:\\\/\\\/www.eldigitaldeasturias.com\\\/noticias\\\/#postaladdress\",\"@type\":\"PostalAddress\",\"streetAddress\":\"san antonio 4,\",\"postalCode\":\"33430\",\"addressLocality\":\"Cand\\u00e1s\",\"addressRegion\":\"Asturias\",\"addressCountry\":\"ES\"}},{\"@type\":\"Person\",\"@id\":\"https:\\\/\\\/www.eldigitaldeasturias.com\\\/noticias\\\/author\\\/admin\\\/#author\",\"url\":\"https:\\\/\\\/www.eldigitaldeasturias.com\\\/noticias\\\/author\\\/admin\\\/\",\"name\":\"El Digital de Asturias\",\"image\":{\"@type\":\"ImageObject\",\"@id\":\"https:\\\/\\\/www.eldigitaldeasturias.com\\\/noticias\\\/el-tripartito-propone-la-adhesion-de-oviedo-a-la-red-de-municipios-por-el-estado-laico\\\/#authorImage\",\"url\":\"https:\\\/\\\/www.eldigitaldeasturias.com\\\/noticias\\\/wp-content\\\/litespeed\\\/avatar\\\/18677e78aa0546b92d9dbf31ec7d7668.jpg?ver=1777290358\",\"width\":96,\"height\":96,\"caption\":\"El Digital de Asturias\"}},{\"@type\":\"WebPage\",\"@id\":\"https:\\\/\\\/www.eldigitaldeasturias.com\\\/noticias\\\/el-tripartito-propone-la-adhesion-de-oviedo-a-la-red-de-municipios-por-el-estado-laico\\\/#webpage\",\"url\":\"https:\\\/\\\/www.eldigitaldeasturias.com\\\/noticias\\\/el-tripartito-propone-la-adhesion-de-oviedo-a-la-red-de-municipios-por-el-estado-laico\\\/\",\"name\":\"El tripartito propone la adhesi\\u00f3n de Oviedo a la Red de Municipios por el Estado Laico - El Digital de Asturias\",\"description\":\"Los grupos municipales de Somos, PSOE e IU llevar\\u00e1n este martes al pleno la adhesi\\u00f3n de Oviedo a la Red de Municipios por el Estado Laico. Asegurando \\\"respetar todas las creencias religiosas\\\" han presentado la iniciativa por la que buscan atenerse al principio constitucional de que ninguna confesi\\u00f3n tendr\\u00e1 car\\u00e1cter estatal. Si la moci\\u00f3n prospera,\",\"inLanguage\":\"es-ES\",\"isPartOf\":{\"@id\":\"https:\\\/\\\/www.eldigitaldeasturias.com\\\/noticias\\\/#website\"},\"breadcrumb\":{\"@id\":\"https:\\\/\\\/www.eldigitaldeasturias.com\\\/noticias\\\/el-tripartito-propone-la-adhesion-de-oviedo-a-la-red-de-municipios-por-el-estado-laico\\\/#breadcrumblist\"},\"author\":{\"@id\":\"https:\\\/\\\/www.eldigitaldeasturias.com\\\/noticias\\\/author\\\/admin\\\/#author\"},\"creator\":{\"@id\":\"https:\\\/\\\/www.eldigitaldeasturias.com\\\/noticias\\\/author\\\/admin\\\/#author\"},\"image\":{\"@type\":\"ImageObject\",\"url\":\"https:\\\/\\\/www.eldigitaldeasturias.com\\\/noticias\\\/wp-content\\\/uploads\\\/2016\\\/09\\\/fotonoticia_20160906144352_800.jpg\",\"@id\":\"https:\\\/\\\/www.eldigitaldeasturias.com\\\/noticias\\\/el-tripartito-propone-la-adhesion-de-oviedo-a-la-red-de-municipios-por-el-estado-laico\\\/#mainImage\",\"width\":800,\"height\":600},\"primaryImageOfPage\":{\"@id\":\"https:\\\/\\\/www.eldigitaldeasturias.com\\\/noticias\\\/el-tripartito-propone-la-adhesion-de-oviedo-a-la-red-de-municipios-por-el-estado-laico\\\/#mainImage\"},\"datePublished\":\"2016-09-06T22:47:05+02:00\",\"dateModified\":\"2016-09-06T22:47:05+02:00\"},{\"@type\":\"WebSite\",\"@id\":\"https:\\\/\\\/www.eldigitaldeasturias.com\\\/noticias\\\/#website\",\"url\":\"https:\\\/\\\/www.eldigitaldeasturias.com\\\/noticias\\\/\",\"name\":\"El Digital de Asturias - Diario de actualidad y noticias\",\"alternateName\":\"El Digital de Asturias - Diario de actualidad y noticias\",\"description\":\"Hemeroteca\",\"inLanguage\":\"es-ES\",\"publisher\":{\"@id\":\"https:\\\/\\\/www.eldigitaldeasturias.com\\\/noticias\\\/#organization\"}}]}\n\t\t<\/script>\n\t\t<!-- All in One SEO Pro -->\r\n\t\t<title>El tripartito propone la adhesi\u00f3n de Oviedo a la Red de Municipios por el Estado Laico - El Digital de Asturias<\/title>\n\n","aioseo_head_json":{"title":"El tripartito propone la adhesi\u00f3n de Oviedo a la Red de Municipios por el Estado Laico - El Digital de Asturias","description":"Los grupos municipales de Somos, PSOE e IU llevar\u00e1n este martes al pleno la adhesi\u00f3n de Oviedo a la Red de Municipios por el Estado Laico. Asegurando \"respetar todas las creencias religiosas\" han presentado la iniciativa por la que buscan atenerse al principio constitucional de que ninguna confesi\u00f3n tendr\u00e1 car\u00e1cter estatal. Si la moci\u00f3n prospera,","canonical_url":"https:\/\/www.eldigitaldeasturias.com\/noticias\/el-tripartito-propone-la-adhesion-de-oviedo-a-la-red-de-municipios-por-el-estado-laico\/","robots":"max-image-preview:large","keywords":"actualidad asturias","webmasterTools":{"google-site-verification":"UA-38556648-1","msvalidate.01":"7dfe9f3f1b24437ab69f4f2559babe99","miscellaneous":""},"schema":{"@context":"https:\/\/schema.org","@graph":[{"@type":"BlogPosting","@id":"https:\/\/www.eldigitaldeasturias.com\/noticias\/el-tripartito-propone-la-adhesion-de-oviedo-a-la-red-de-municipios-por-el-estado-laico\/#blogposting","name":"El tripartito propone la adhesi\u00f3n de Oviedo a la Red de Municipios por el Estado Laico - El Digital de Asturias","headline":"El tripartito propone la adhesi\u00f3n de Oviedo a la Red de Municipios por el Estado Laico","author":{"@id":"https:\/\/www.eldigitaldeasturias.com\/noticias\/author\/admin\/#author"},"publisher":{"@id":"https:\/\/www.eldigitaldeasturias.com\/noticias\/#organization"},"image":{"@type":"ImageObject","url":"https:\/\/www.eldigitaldeasturias.com\/noticias\/wp-content\/uploads\/2016\/09\/fotonoticia_20160906144352_800.jpg","width":800,"height":600},"datePublished":"2016-09-06T22:47:05+02:00","dateModified":"2016-09-06T22:47:05+02:00","inLanguage":"es-ES","mainEntityOfPage":{"@id":"https:\/\/www.eldigitaldeasturias.com\/noticias\/el-tripartito-propone-la-adhesion-de-oviedo-a-la-red-de-municipios-por-el-estado-laico\/#webpage"},"isPartOf":{"@id":"https:\/\/www.eldigitaldeasturias.com\/noticias\/el-tripartito-propone-la-adhesion-de-oviedo-a-la-red-de-municipios-por-el-estado-laico\/#webpage"},"articleSection":"Actualidad Asturias"},{"@type":"BreadcrumbList","@id":"https:\/\/www.eldigitaldeasturias.com\/noticias\/el-tripartito-propone-la-adhesion-de-oviedo-a-la-red-de-municipios-por-el-estado-laico\/#breadcrumblist","itemListElement":[{"@type":"ListItem","@id":"https:\/\/www.eldigitaldeasturias.com\/noticias#listItem","position":1,"name":"Home","item":"https:\/\/www.eldigitaldeasturias.com\/noticias","nextItem":{"@type":"ListItem","@id":"https:\/\/www.eldigitaldeasturias.com\/noticias\/category\/actualidad-asturias\/#listItem","name":"Actualidad Asturias"}},{"@type":"ListItem","@id":"https:\/\/www.eldigitaldeasturias.com\/noticias\/category\/actualidad-asturias\/#listItem","position":2,"name":"Actualidad Asturias","item":"https:\/\/www.eldigitaldeasturias.com\/noticias\/category\/actualidad-asturias\/","nextItem":{"@type":"ListItem","@id":"https:\/\/www.eldigitaldeasturias.com\/noticias\/el-tripartito-propone-la-adhesion-de-oviedo-a-la-red-de-municipios-por-el-estado-laico\/#listItem","name":"El tripartito propone la adhesi\u00f3n de Oviedo a la Red de Municipios por el Estado Laico"},"previousItem":{"@type":"ListItem","@id":"https:\/\/www.eldigitaldeasturias.com\/noticias#listItem","name":"Home"}},{"@type":"ListItem","@id":"https:\/\/www.eldigitaldeasturias.com\/noticias\/el-tripartito-propone-la-adhesion-de-oviedo-a-la-red-de-municipios-por-el-estado-laico\/#listItem","position":3,"name":"El tripartito propone la adhesi\u00f3n de Oviedo a la Red de Municipios por el Estado Laico","previousItem":{"@type":"ListItem","@id":"https:\/\/www.eldigitaldeasturias.com\/noticias\/category\/actualidad-asturias\/#listItem","name":"Actualidad Asturias"}}]},{"@type":"Organization","@id":"https:\/\/www.eldigitaldeasturias.com\/noticias\/#organization","name":"El Digital de Asturias","description":"Hemeroteca","url":"https:\/\/www.eldigitaldeasturias.com\/noticias\/","email":"info@eldigitaldeasturias.com","telephone":"+34652131393","logo":{"@type":"ImageObject","url":"https:\/\/www.eldigitaldeasturias.com\/noticias\/wp-content\/uploads\/2020\/12\/EDA.jpg","@id":"https:\/\/www.eldigitaldeasturias.com\/noticias\/el-tripartito-propone-la-adhesion-de-oviedo-a-la-red-de-municipios-por-el-estado-laico\/#organizationLogo","width":649,"height":297},"image":{"@id":"https:\/\/www.eldigitaldeasturias.com\/noticias\/el-tripartito-propone-la-adhesion-de-oviedo-a-la-red-de-municipios-por-el-estado-laico\/#organizationLogo"},"sameAs":["https:\/\/facebook.com\/eldigitaldeasturias","https:\/\/www.youtube.com\/channel\/UCZP-2wLEB9Rv6erhFmqVnvg"],"address":{"@id":"https:\/\/www.eldigitaldeasturias.com\/noticias\/#postaladdress","@type":"PostalAddress","streetAddress":"san antonio 4,","postalCode":"33430","addressLocality":"Cand\u00e1s","addressRegion":"Asturias","addressCountry":"ES"}},{"@type":"Person","@id":"https:\/\/www.eldigitaldeasturias.com\/noticias\/author\/admin\/#author","url":"https:\/\/www.eldigitaldeasturias.com\/noticias\/author\/admin\/","name":"El Digital de Asturias","image":{"@type":"ImageObject","@id":"https:\/\/www.eldigitaldeasturias.com\/noticias\/el-tripartito-propone-la-adhesion-de-oviedo-a-la-red-de-municipios-por-el-estado-laico\/#authorImage","url":"https:\/\/www.eldigitaldeasturias.com\/noticias\/wp-content\/litespeed\/avatar\/18677e78aa0546b92d9dbf31ec7d7668.jpg?ver=1777290358","width":96,"height":96,"caption":"El Digital de Asturias"}},{"@type":"WebPage","@id":"https:\/\/www.eldigitaldeasturias.com\/noticias\/el-tripartito-propone-la-adhesion-de-oviedo-a-la-red-de-municipios-por-el-estado-laico\/#webpage","url":"https:\/\/www.eldigitaldeasturias.com\/noticias\/el-tripartito-propone-la-adhesion-de-oviedo-a-la-red-de-municipios-por-el-estado-laico\/","name":"El tripartito propone la adhesi\u00f3n de Oviedo a la Red de Municipios por el Estado Laico - El Digital de Asturias","description":"Los grupos municipales de Somos, PSOE e IU llevar\u00e1n este martes al pleno la adhesi\u00f3n de Oviedo a la Red de Municipios por el Estado Laico. Asegurando \"respetar todas las creencias religiosas\" han presentado la iniciativa por la que buscan atenerse al principio constitucional de que ninguna confesi\u00f3n tendr\u00e1 car\u00e1cter estatal. Si la moci\u00f3n prospera,","inLanguage":"es-ES","isPartOf":{"@id":"https:\/\/www.eldigitaldeasturias.com\/noticias\/#website"},"breadcrumb":{"@id":"https:\/\/www.eldigitaldeasturias.com\/noticias\/el-tripartito-propone-la-adhesion-de-oviedo-a-la-red-de-municipios-por-el-estado-laico\/#breadcrumblist"},"author":{"@id":"https:\/\/www.eldigitaldeasturias.com\/noticias\/author\/admin\/#author"},"creator":{"@id":"https:\/\/www.eldigitaldeasturias.com\/noticias\/author\/admin\/#author"},"image":{"@type":"ImageObject","url":"https:\/\/www.eldigitaldeasturias.com\/noticias\/wp-content\/uploads\/2016\/09\/fotonoticia_20160906144352_800.jpg","@id":"https:\/\/www.eldigitaldeasturias.com\/noticias\/el-tripartito-propone-la-adhesion-de-oviedo-a-la-red-de-municipios-por-el-estado-laico\/#mainImage","width":800,"height":600},"primaryImageOfPage":{"@id":"https:\/\/www.eldigitaldeasturias.com\/noticias\/el-tripartito-propone-la-adhesion-de-oviedo-a-la-red-de-municipios-por-el-estado-laico\/#mainImage"},"datePublished":"2016-09-06T22:47:05+02:00","dateModified":"2016-09-06T22:47:05+02:00"},{"@type":"WebSite","@id":"https:\/\/www.eldigitaldeasturias.com\/noticias\/#website","url":"https:\/\/www.eldigitaldeasturias.com\/noticias\/","name":"El Digital de Asturias - Diario de actualidad y noticias","alternateName":"El Digital de Asturias - Diario de actualidad y noticias","description":"Hemeroteca","inLanguage":"es-ES","publisher":{"@id":"https:\/\/www.eldigitaldeasturias.com\/noticias\/#organization"}}]},"og:locale":"es_ES","og:site_name":"El Digital de Asturias","og:type":"article","og:title":"El tripartito propone la adhesi\u00f3n de Oviedo a la Red de Municipios por el Estado Laico - El Digital de Asturias","og:description":"Los grupos municipales de Somos, PSOE e IU llevar\u00e1n este martes al pleno la adhesi\u00f3n de Oviedo a la Red de Municipios por el Estado Laico. Asegurando &quot;respetar todas las creencias religiosas&quot; han presentado la iniciativa por la que buscan atenerse al principio constitucional de que ninguna confesi\u00f3n tendr\u00e1 car\u00e1cter estatal. Si la moci\u00f3n prospera,","og:url":"https:\/\/www.eldigitaldeasturias.com\/noticias\/el-tripartito-propone-la-adhesion-de-oviedo-a-la-red-de-municipios-por-el-estado-laico\/","og:image":"https:\/\/www.eldigitaldeasturias.com\/noticias\/wp-content\/uploads\/2016\/09\/fotonoticia_20160906144352_800.jpg","og:image:secure_url":"https:\/\/www.eldigitaldeasturias.com\/noticias\/wp-content\/uploads\/2016\/09\/fotonoticia_20160906144352_800.jpg","og:image:width":800,"og:image:height":600,"article:tag":["actualidad asturias"],"article:published_time":"2016-09-06T21:47:05+00:00","article:modified_time":"2016-09-06T21:47:05+00:00","article:publisher":"https:\/\/facebook.com\/eldigitaldeasturias","twitter:card":"summary_large_image","twitter:title":"El tripartito propone la adhesi\u00f3n de Oviedo a la Red de Municipios por el Estado Laico - El Digital de Asturias","twitter:description":"Los grupos municipales de Somos, PSOE e IU llevar\u00e1n este martes al pleno la adhesi\u00f3n de Oviedo a la Red de Municipios por el Estado Laico. Asegurando &quot;respetar todas las creencias religiosas&quot; han presentado la iniciativa por la que buscan atenerse al principio constitucional de que ninguna confesi\u00f3n tendr\u00e1 car\u00e1cter estatal. Si la moci\u00f3n prospera,","twitter:image":"https:\/\/www.eldigitaldeasturias.com\/noticias\/wp-content\/uploads\/2016\/09\/fotonoticia_20160906144352_800.jpg","twitter:label1":"Escrito por","twitter:data1":"El Digital de Asturias","twitter:label2":"Tiempo de lectura estimado","twitter:data2":"2 minutos"},"aioseo_meta_data":{"post_id":"906166","title":null,"description":null,"keywords":null,"keyphrases":null,"primary_term":null,"canonical_url":null,"og_title":null,"og_description":null,"og_object_type":"default","og_image_type":"default","og_image_url":null,"og_image_width":null,"og_image_height":null,"og_image_custom_url":null,"og_image_custom_fields":null,"og_video":null,"og_custom_url":null,"og_article_section":null,"og_article_tags":null,"twitter_use_og":false,"twitter_card":"default","twitter_image_type":"default","twitter_image_url":null,"twitter_image_custom_url":null,"twitter_image_custom_fields":null,"twitter_title":null,"twitter_description":null,"schema":{"blockGraphs":[],"customGraphs":[],"default":{"data":{"Article":[],"Course":[],"Dataset":[],"FAQPage":[],"Movie":[],"Person":[],"Product":[],"ProductReview":[],"Car":[],"Recipe":[],"Service":[],"SoftwareApplication":[],"WebPage":[]},"graphName":"","isEnabled":true},"graphs":[],"defaultGraph":"","defaultPostTypeGraph":""},"schema_type":null,"schema_type_options":null,"pillar_content":false,"robots_default":true,"robots_noindex":false,"robots_noarchive":false,"robots_nosnippet":false,"robots_nofollow":false,"robots_noimageindex":false,"robots_noodp":false,"robots_notranslate":false,"robots_max_snippet":null,"robots_max_videopreview":null,"robots_max_imagepreview":"large","priority":null,"frequency":null,"local_seo":null,"seo_analyzer_scan_date":"2025-11-30 08:05:18","breadcrumb_settings":null,"limit_modified_date":false,"open_ai":null,"ai":null,"created":"2020-12-21 14:01:57","updated":"2025-11-30 08:05:18"},"aioseo_breadcrumb":"<div class=\"aioseo-breadcrumbs\"><span class=\"aioseo-breadcrumb\">\n\t<a href=\"https:\/\/www.eldigitaldeasturias.com\/noticias\" title=\"Home\">Home<\/a>\n<\/span><span class=\"aioseo-breadcrumb-separator\">\u2013<\/span><span class=\"aioseo-breadcrumb\">\n\t<a href=\"https:\/\/www.eldigitaldeasturias.com\/noticias\/category\/actualidad-asturias\/\" title=\"Actualidad Asturias\">Actualidad Asturias<\/a>\n<\/span><span class=\"aioseo-breadcrumb-separator\">\u2013<\/span><span class=\"aioseo-breadcrumb\">\n\t<a href=\"https:\/\/www.eldigitaldeasturias.com\/noticias\/el-tripartito-propone-la-adhesion-de-oviedo-a-la-red-de-municipios-por-el-estado-laico\/\" title=\"El tripartito propone la adhesi\u00f3n de Oviedo a la Red de Municipios por el Estado Laico\">El tripartito propone la adhesi\u00f3n de Oviedo a la Red de Municipios por el Estado Laico<\/a>\n<\/span><\/div>","aioseo_breadcrumb_json":[{"label":"Home","link":"https:\/\/www.eldigitaldeasturias.com\/noticias"},{"label":"Actualidad Asturias","link":"https:\/\/www.eldigitaldeasturias.com\/noticias\/category\/actualidad-asturias\/"},{"label":"El tripartito propone la adhesi\u00f3n de Oviedo a la Red de Municipios por el Estado Laico","link":"https:\/\/www.eldigitaldeasturias.com\/noticias\/el-tripartito-propone-la-adhesion-de-oviedo-a-la-red-de-municipios-por-el-estado-laico\/"}],"_links":{"self":[{"href":"https:\/\/www.eldigitaldeasturias.com\/noticias\/wp-json\/wp\/v2\/posts\/906166","targetHints":{"allow":["GET"]}}],"collection":[{"href":"https:\/\/www.eldigitaldeasturias.com\/noticias\/wp-json\/wp\/v2\/posts"}],"about":[{"href":"https:\/\/www.eldigitaldeasturias.com\/noticias\/wp-json\/wp\/v2\/types\/post"}],"author":[{"embeddable":true,"href":"https:\/\/www.eldigitaldeasturias.com\/noticias\/wp-json\/wp\/v2\/users\/1"}],"replies":[{"embeddable":true,"href":"https:\/\/www.eldigitaldeasturias.com\/noticias\/wp-json\/wp\/v2\/comments?post=906166"}],"version-history":[{"count":0,"href":"https:\/\/www.eldigitaldeasturias.com\/noticias\/wp-json\/wp\/v2\/posts\/906166\/revisions"}],"wp:featuredmedia":[{"embeddable":true,"href":"https:\/\/www.eldigitaldeasturias.com\/noticias\/wp-json\/wp\/v2\/media\/906167"}],"wp:attachment":[{"href":"https:\/\/www.eldigitaldeasturias.com\/noticias\/wp-json\/wp\/v2\/media?parent=906166"}],"wp:term":[{"taxonomy":"category","embeddable":true,"href":"https:\/\/www.eldigitaldeasturias.com\/noticias\/wp-json\/wp\/v2\/categories?post=906166"},{"taxonomy":"post_tag","embeddable":true,"href":"https:\/\/www.eldigitaldeasturias.com\/noticias\/wp-json\/wp\/v2\/tags?post=906166"}],"curies":[{"name":"wp","href":"https:\/\/api.w.org\/{rel}","templated":true}]}}