{"id":906163,"date":"2016-09-06T22:41:19","date_gmt":"2016-09-06T21:41:19","guid":{"rendered":"http:\/\/www.eldigitaldeasturias.com\/noticias\/?p=906163"},"modified":"2016-09-06T22:41:19","modified_gmt":"2016-09-06T21:41:19","slug":"la-sof-aprueba-el-presupuesto-para-el-desfile-del-dia-de-america","status":"publish","type":"post","link":"https:\/\/www.eldigitaldeasturias.com\/noticias\/la-sof-aprueba-el-presupuesto-para-el-desfile-del-dia-de-america\/","title":{"rendered":"La SOF aprueba el presupuesto para el desfile del D\u00eda de Am\u00e9rica"},"content":{"rendered":"<p><img loading=\"lazy\" decoding=\"async\" class=\"alignleft size-medium wp-image-906164\" src=\"https:\/\/www.eldigitaldeasturias.com\/noticias\/wp-content\/uploads\/2016\/09\/fotonoticia_20160906143505_800-360x270.jpg\" alt=\"fotonoticia_20160906143505_800\" width=\"360\" height=\"270\" srcset=\"https:\/\/www.eldigitaldeasturias.com\/noticias\/wp-content\/uploads\/2016\/09\/fotonoticia_20160906143505_800-360x270.jpg 360w, https:\/\/www.eldigitaldeasturias.com\/noticias\/wp-content\/uploads\/2016\/09\/fotonoticia_20160906143505_800-768x576.jpg 768w, https:\/\/www.eldigitaldeasturias.com\/noticias\/wp-content\/uploads\/2016\/09\/fotonoticia_20160906143505_800-650x488.jpg 650w, https:\/\/www.eldigitaldeasturias.com\/noticias\/wp-content\/uploads\/2016\/09\/fotonoticia_20160906143505_800-125x95.jpg 125w, https:\/\/www.eldigitaldeasturias.com\/noticias\/wp-content\/uploads\/2016\/09\/fotonoticia_20160906143505_800-100x75.jpg 100w, https:\/\/www.eldigitaldeasturias.com\/noticias\/wp-content\/uploads\/2016\/09\/fotonoticia_20160906143505_800.jpg 800w\" sizes=\"auto, (max-width: 360px) 100vw, 360px\" \/>La Junta de la Sociedad Ovetense de Festejos (SOF) ha aprobado este martes en una sesi\u00f3n ordinaria el presupuesto de 152.000 euros destinado al desfile del D\u00eda de Am\u00e9rica en Asturias que se celebra el pr\u00f3ximo 19 de septiembre dentro de la programaci\u00f3n de las Fiestas de San Mateo 2016 en Oviedo.<\/p>\n<p>El presidente de la SOF y concejal de Cultura en el Ayuntamiento de Oviedo, Roberto S\u00e1nchez Ramos, ha explicado a Europa Press que tanto la programaci\u00f3n y el presupuesto del desfile como el resto de contratos menores que se han tratado en la Junta han sido aprobados con el voto en contra del la vocal del Partido Popular, Bel\u00e9n Fern\u00e1ndez Acevedo.<\/p>\n<p>Adem\u00e1s, ha se\u00f1alado que el representante de Ciudadanos, Luis Pacho, ha votado a favor en algunas de las proposiciones y ha optado por la abstenci\u00f3n en otras de la decena de adjudicaciones menores que se aprobaron en la Junta de Gobierno.<\/p>\n<p>Algunas de estas adjudicaciones iban destinadas a servicios o alquiler de sillas para el Desfile del d\u00eda de Am\u00e9rica, los equipos de sonido para las actuaciones de la plaza del Paraguas y de la limpieza y alquiler de los urinarios p\u00fablicos y la contrataci\u00f3n de su servicio de limpieza y mantenimiento.<\/p>\n<p>S\u00e1nchez Ramos ha destacado que el presupuesto del Desfile es similar al del a\u00f1o pasado, pero que este 2016 la programaci\u00f3n \u00abcontara m\u00e1s actividades\u00bb<\/p>\n<p>&nbsp;<\/p>\n<p>&nbsp;<\/p>\n<p>&nbsp;<\/p>\n<p>&nbsp;<\/p>\n","protected":false},"excerpt":{"rendered":"<p>La Junta de la Sociedad Ovetense de Festejos (SOF) ha aprobado este martes en una sesi\u00f3n ordinaria el presupuesto de 152.000 euros destinado al desfile del D\u00eda de Am\u00e9rica en Asturias que se celebra el pr\u00f3ximo 19 de septiembre dentro de la programaci\u00f3n de las Fiestas de San Mateo 2016 en Oviedo. El presidente de [&hellip;]<\/p>\n","protected":false},"author":1,"featured_media":906164,"comment_status":"closed","ping_status":"closed","sticky":false,"template":"","format":"standard","meta":{"footnotes":""},"categories":[12],"tags":[],"class_list":["post-906163","post","type-post","status-publish","format-standard","has-post-thumbnail","hentry","category-actualidad-asturias"],"aioseo_notices":[],"aioseo_head":"\n\t\t<!-- All in One SEO Pro 4.9.6.2 - aioseo.com -->\n\t<meta name=\"description\" content=\"La Junta de la Sociedad Ovetense de Festejos (SOF) ha aprobado este martes en una sesi\u00f3n ordinaria el presupuesto de 152.000 euros destinado al desfile del D\u00eda de Am\u00e9rica en Asturias que se celebra el pr\u00f3ximo 19 de septiembre dentro de la programaci\u00f3n de las Fiestas de San Mateo 2016 en Oviedo. El presidente de\" \/>\n\t<meta name=\"robots\" content=\"max-image-preview:large\" \/>\n\t<meta name=\"author\" content=\"El Digital de Asturias\"\/>\n\t<meta name=\"google-site-verification\" content=\"UA-38556648-1\" \/>\n\t<meta name=\"msvalidate.01\" content=\"7dfe9f3f1b24437ab69f4f2559babe99\" \/>\n\t<meta name=\"keywords\" content=\"actualidad asturias\" \/>\n\t<link rel=\"canonical\" href=\"https:\/\/www.eldigitaldeasturias.com\/noticias\/la-sof-aprueba-el-presupuesto-para-el-desfile-del-dia-de-america\/\" \/>\n\t<meta name=\"generator\" content=\"All in One SEO Pro (AIOSEO) 4.9.6.2\" \/>\n\t\t<meta property=\"og:locale\" content=\"es_ES\" \/>\n\t\t<meta property=\"og:site_name\" content=\"El Digital de Asturias\" \/>\n\t\t<meta property=\"og:type\" content=\"article\" \/>\n\t\t<meta property=\"og:title\" content=\"La SOF aprueba el presupuesto para el desfile del D\u00eda de Am\u00e9rica - El Digital de Asturias\" \/>\n\t\t<meta property=\"og:description\" content=\"La Junta de la Sociedad Ovetense de Festejos (SOF) ha aprobado este martes en una sesi\u00f3n ordinaria el presupuesto de 152.000 euros destinado al desfile del D\u00eda de Am\u00e9rica en Asturias que se celebra el pr\u00f3ximo 19 de septiembre dentro de la programaci\u00f3n de las Fiestas de San Mateo 2016 en Oviedo. El presidente de\" \/>\n\t\t<meta property=\"og:url\" content=\"https:\/\/www.eldigitaldeasturias.com\/noticias\/la-sof-aprueba-el-presupuesto-para-el-desfile-del-dia-de-america\/\" \/>\n\t\t<meta property=\"og:image\" content=\"https:\/\/www.eldigitaldeasturias.com\/noticias\/wp-content\/uploads\/2016\/09\/fotonoticia_20160906143505_800.jpg\" \/>\n\t\t<meta property=\"og:image:secure_url\" content=\"https:\/\/www.eldigitaldeasturias.com\/noticias\/wp-content\/uploads\/2016\/09\/fotonoticia_20160906143505_800.jpg\" \/>\n\t\t<meta property=\"og:image:width\" content=\"800\" \/>\n\t\t<meta property=\"og:image:height\" content=\"600\" \/>\n\t\t<meta property=\"article:tag\" content=\"actualidad asturias\" \/>\n\t\t<meta property=\"article:published_time\" content=\"2016-09-06T21:41:19+00:00\" \/>\n\t\t<meta property=\"article:modified_time\" content=\"2016-09-06T21:41:19+00:00\" \/>\n\t\t<meta property=\"article:publisher\" content=\"https:\/\/facebook.com\/eldigitaldeasturias\" \/>\n\t\t<meta name=\"twitter:card\" content=\"summary_large_image\" \/>\n\t\t<meta name=\"twitter:title\" content=\"La SOF aprueba el presupuesto para el desfile del D\u00eda de Am\u00e9rica - El Digital de Asturias\" \/>\n\t\t<meta name=\"twitter:description\" content=\"La Junta de la Sociedad Ovetense de Festejos (SOF) ha aprobado este martes en una sesi\u00f3n ordinaria el presupuesto de 152.000 euros destinado al desfile del D\u00eda de Am\u00e9rica en Asturias que se celebra el pr\u00f3ximo 19 de septiembre dentro de la programaci\u00f3n de las Fiestas de San Mateo 2016 en Oviedo. El presidente de\" \/>\n\t\t<meta name=\"twitter:image\" content=\"https:\/\/www.eldigitaldeasturias.com\/noticias\/wp-content\/uploads\/2016\/09\/fotonoticia_20160906143505_800.jpg\" \/>\n\t\t<meta name=\"twitter:label1\" content=\"Escrito por\" \/>\n\t\t<meta name=\"twitter:data1\" content=\"El Digital de Asturias\" \/>\n\t\t<meta name=\"twitter:label2\" content=\"Tiempo de lectura estimado\" \/>\n\t\t<meta name=\"twitter:data2\" content=\"1 minuto\" \/>\n\t\t<script type=\"application\/ld+json\" class=\"aioseo-schema\">\n\t\t\t{\"@context\":\"https:\\\/\\\/schema.org\",\"@graph\":[{\"@type\":\"BlogPosting\",\"@id\":\"https:\\\/\\\/www.eldigitaldeasturias.com\\\/noticias\\\/la-sof-aprueba-el-presupuesto-para-el-desfile-del-dia-de-america\\\/#blogposting\",\"name\":\"La SOF aprueba el presupuesto para el desfile del D\\u00eda de Am\\u00e9rica - El Digital de Asturias\",\"headline\":\"La SOF aprueba el presupuesto para el desfile del D\\u00eda de Am\\u00e9rica\",\"author\":{\"@id\":\"https:\\\/\\\/www.eldigitaldeasturias.com\\\/noticias\\\/author\\\/admin\\\/#author\"},\"publisher\":{\"@id\":\"https:\\\/\\\/www.eldigitaldeasturias.com\\\/noticias\\\/#organization\"},\"image\":{\"@type\":\"ImageObject\",\"url\":\"https:\\\/\\\/www.eldigitaldeasturias.com\\\/noticias\\\/wp-content\\\/uploads\\\/2016\\\/09\\\/fotonoticia_20160906143505_800.jpg\",\"width\":800,\"height\":600},\"datePublished\":\"2016-09-06T22:41:19+02:00\",\"dateModified\":\"2016-09-06T22:41:19+02:00\",\"inLanguage\":\"es-ES\",\"mainEntityOfPage\":{\"@id\":\"https:\\\/\\\/www.eldigitaldeasturias.com\\\/noticias\\\/la-sof-aprueba-el-presupuesto-para-el-desfile-del-dia-de-america\\\/#webpage\"},\"isPartOf\":{\"@id\":\"https:\\\/\\\/www.eldigitaldeasturias.com\\\/noticias\\\/la-sof-aprueba-el-presupuesto-para-el-desfile-del-dia-de-america\\\/#webpage\"},\"articleSection\":\"Actualidad Asturias\"},{\"@type\":\"BreadcrumbList\",\"@id\":\"https:\\\/\\\/www.eldigitaldeasturias.com\\\/noticias\\\/la-sof-aprueba-el-presupuesto-para-el-desfile-del-dia-de-america\\\/#breadcrumblist\",\"itemListElement\":[{\"@type\":\"ListItem\",\"@id\":\"https:\\\/\\\/www.eldigitaldeasturias.com\\\/noticias#listItem\",\"position\":1,\"name\":\"Home\",\"item\":\"https:\\\/\\\/www.eldigitaldeasturias.com\\\/noticias\",\"nextItem\":{\"@type\":\"ListItem\",\"@id\":\"https:\\\/\\\/www.eldigitaldeasturias.com\\\/noticias\\\/category\\\/actualidad-asturias\\\/#listItem\",\"name\":\"Actualidad Asturias\"}},{\"@type\":\"ListItem\",\"@id\":\"https:\\\/\\\/www.eldigitaldeasturias.com\\\/noticias\\\/category\\\/actualidad-asturias\\\/#listItem\",\"position\":2,\"name\":\"Actualidad Asturias\",\"item\":\"https:\\\/\\\/www.eldigitaldeasturias.com\\\/noticias\\\/category\\\/actualidad-asturias\\\/\",\"nextItem\":{\"@type\":\"ListItem\",\"@id\":\"https:\\\/\\\/www.eldigitaldeasturias.com\\\/noticias\\\/la-sof-aprueba-el-presupuesto-para-el-desfile-del-dia-de-america\\\/#listItem\",\"name\":\"La SOF aprueba el presupuesto para el desfile del D\\u00eda de Am\\u00e9rica\"},\"previousItem\":{\"@type\":\"ListItem\",\"@id\":\"https:\\\/\\\/www.eldigitaldeasturias.com\\\/noticias#listItem\",\"name\":\"Home\"}},{\"@type\":\"ListItem\",\"@id\":\"https:\\\/\\\/www.eldigitaldeasturias.com\\\/noticias\\\/la-sof-aprueba-el-presupuesto-para-el-desfile-del-dia-de-america\\\/#listItem\",\"position\":3,\"name\":\"La SOF aprueba el presupuesto para el desfile del D\\u00eda de Am\\u00e9rica\",\"previousItem\":{\"@type\":\"ListItem\",\"@id\":\"https:\\\/\\\/www.eldigitaldeasturias.com\\\/noticias\\\/category\\\/actualidad-asturias\\\/#listItem\",\"name\":\"Actualidad Asturias\"}}]},{\"@type\":\"Organization\",\"@id\":\"https:\\\/\\\/www.eldigitaldeasturias.com\\\/noticias\\\/#organization\",\"name\":\"El Digital de Asturias\",\"description\":\"Hemeroteca\",\"url\":\"https:\\\/\\\/www.eldigitaldeasturias.com\\\/noticias\\\/\",\"email\":\"info@eldigitaldeasturias.com\",\"telephone\":\"+34652131393\",\"logo\":{\"@type\":\"ImageObject\",\"url\":\"https:\\\/\\\/www.eldigitaldeasturias.com\\\/noticias\\\/wp-content\\\/uploads\\\/2020\\\/12\\\/EDA.jpg\",\"@id\":\"https:\\\/\\\/www.eldigitaldeasturias.com\\\/noticias\\\/la-sof-aprueba-el-presupuesto-para-el-desfile-del-dia-de-america\\\/#organizationLogo\",\"width\":649,\"height\":297},\"image\":{\"@id\":\"https:\\\/\\\/www.eldigitaldeasturias.com\\\/noticias\\\/la-sof-aprueba-el-presupuesto-para-el-desfile-del-dia-de-america\\\/#organizationLogo\"},\"sameAs\":[\"https:\\\/\\\/facebook.com\\\/eldigitaldeasturias\",\"https:\\\/\\\/www.youtube.com\\\/channel\\\/UCZP-2wLEB9Rv6erhFmqVnvg\"],\"address\":{\"@id\":\"https:\\\/\\\/www.eldigitaldeasturias.com\\\/noticias\\\/#postaladdress\",\"@type\":\"PostalAddress\",\"streetAddress\":\"san antonio 4,\",\"postalCode\":\"33430\",\"addressLocality\":\"Cand\\u00e1s\",\"addressRegion\":\"Asturias\",\"addressCountry\":\"ES\"}},{\"@type\":\"Person\",\"@id\":\"https:\\\/\\\/www.eldigitaldeasturias.com\\\/noticias\\\/author\\\/admin\\\/#author\",\"url\":\"https:\\\/\\\/www.eldigitaldeasturias.com\\\/noticias\\\/author\\\/admin\\\/\",\"name\":\"El Digital de Asturias\",\"image\":{\"@type\":\"ImageObject\",\"@id\":\"https:\\\/\\\/www.eldigitaldeasturias.com\\\/noticias\\\/la-sof-aprueba-el-presupuesto-para-el-desfile-del-dia-de-america\\\/#authorImage\",\"url\":\"https:\\\/\\\/www.eldigitaldeasturias.com\\\/noticias\\\/wp-content\\\/litespeed\\\/avatar\\\/18677e78aa0546b92d9dbf31ec7d7668.jpg?ver=1777290358\",\"width\":96,\"height\":96,\"caption\":\"El Digital de Asturias\"}},{\"@type\":\"WebPage\",\"@id\":\"https:\\\/\\\/www.eldigitaldeasturias.com\\\/noticias\\\/la-sof-aprueba-el-presupuesto-para-el-desfile-del-dia-de-america\\\/#webpage\",\"url\":\"https:\\\/\\\/www.eldigitaldeasturias.com\\\/noticias\\\/la-sof-aprueba-el-presupuesto-para-el-desfile-del-dia-de-america\\\/\",\"name\":\"La SOF aprueba el presupuesto para el desfile del D\\u00eda de Am\\u00e9rica - El Digital de Asturias\",\"description\":\"La Junta de la Sociedad Ovetense de Festejos (SOF) ha aprobado este martes en una sesi\\u00f3n ordinaria el presupuesto de 152.000 euros destinado al desfile del D\\u00eda de Am\\u00e9rica en Asturias que se celebra el pr\\u00f3ximo 19 de septiembre dentro de la programaci\\u00f3n de las Fiestas de San Mateo 2016 en Oviedo. El presidente de\",\"inLanguage\":\"es-ES\",\"isPartOf\":{\"@id\":\"https:\\\/\\\/www.eldigitaldeasturias.com\\\/noticias\\\/#website\"},\"breadcrumb\":{\"@id\":\"https:\\\/\\\/www.eldigitaldeasturias.com\\\/noticias\\\/la-sof-aprueba-el-presupuesto-para-el-desfile-del-dia-de-america\\\/#breadcrumblist\"},\"author\":{\"@id\":\"https:\\\/\\\/www.eldigitaldeasturias.com\\\/noticias\\\/author\\\/admin\\\/#author\"},\"creator\":{\"@id\":\"https:\\\/\\\/www.eldigitaldeasturias.com\\\/noticias\\\/author\\\/admin\\\/#author\"},\"image\":{\"@type\":\"ImageObject\",\"url\":\"https:\\\/\\\/www.eldigitaldeasturias.com\\\/noticias\\\/wp-content\\\/uploads\\\/2016\\\/09\\\/fotonoticia_20160906143505_800.jpg\",\"@id\":\"https:\\\/\\\/www.eldigitaldeasturias.com\\\/noticias\\\/la-sof-aprueba-el-presupuesto-para-el-desfile-del-dia-de-america\\\/#mainImage\",\"width\":800,\"height\":600},\"primaryImageOfPage\":{\"@id\":\"https:\\\/\\\/www.eldigitaldeasturias.com\\\/noticias\\\/la-sof-aprueba-el-presupuesto-para-el-desfile-del-dia-de-america\\\/#mainImage\"},\"datePublished\":\"2016-09-06T22:41:19+02:00\",\"dateModified\":\"2016-09-06T22:41:19+02:00\"},{\"@type\":\"WebSite\",\"@id\":\"https:\\\/\\\/www.eldigitaldeasturias.com\\\/noticias\\\/#website\",\"url\":\"https:\\\/\\\/www.eldigitaldeasturias.com\\\/noticias\\\/\",\"name\":\"El Digital de Asturias - Diario de actualidad y noticias\",\"alternateName\":\"El Digital de Asturias - Diario de actualidad y noticias\",\"description\":\"Hemeroteca\",\"inLanguage\":\"es-ES\",\"publisher\":{\"@id\":\"https:\\\/\\\/www.eldigitaldeasturias.com\\\/noticias\\\/#organization\"}}]}\n\t\t<\/script>\n\t\t<!-- All in One SEO Pro -->\r\n\t\t<title>La SOF aprueba el presupuesto para el desfile del D\u00eda de Am\u00e9rica - El Digital de Asturias<\/title>\n\n","aioseo_head_json":{"title":"La SOF aprueba el presupuesto para el desfile del D\u00eda de Am\u00e9rica - El Digital de Asturias","description":"La Junta de la Sociedad Ovetense de Festejos (SOF) ha aprobado este martes en una sesi\u00f3n ordinaria el presupuesto de 152.000 euros destinado al desfile del D\u00eda de Am\u00e9rica en Asturias que se celebra el pr\u00f3ximo 19 de septiembre dentro de la programaci\u00f3n de las Fiestas de San Mateo 2016 en Oviedo. El presidente de","canonical_url":"https:\/\/www.eldigitaldeasturias.com\/noticias\/la-sof-aprueba-el-presupuesto-para-el-desfile-del-dia-de-america\/","robots":"max-image-preview:large","keywords":"actualidad asturias","webmasterTools":{"google-site-verification":"UA-38556648-1","msvalidate.01":"7dfe9f3f1b24437ab69f4f2559babe99","miscellaneous":""},"schema":{"@context":"https:\/\/schema.org","@graph":[{"@type":"BlogPosting","@id":"https:\/\/www.eldigitaldeasturias.com\/noticias\/la-sof-aprueba-el-presupuesto-para-el-desfile-del-dia-de-america\/#blogposting","name":"La SOF aprueba el presupuesto para el desfile del D\u00eda de Am\u00e9rica - El Digital de Asturias","headline":"La SOF aprueba el presupuesto para el desfile del D\u00eda de Am\u00e9rica","author":{"@id":"https:\/\/www.eldigitaldeasturias.com\/noticias\/author\/admin\/#author"},"publisher":{"@id":"https:\/\/www.eldigitaldeasturias.com\/noticias\/#organization"},"image":{"@type":"ImageObject","url":"https:\/\/www.eldigitaldeasturias.com\/noticias\/wp-content\/uploads\/2016\/09\/fotonoticia_20160906143505_800.jpg","width":800,"height":600},"datePublished":"2016-09-06T22:41:19+02:00","dateModified":"2016-09-06T22:41:19+02:00","inLanguage":"es-ES","mainEntityOfPage":{"@id":"https:\/\/www.eldigitaldeasturias.com\/noticias\/la-sof-aprueba-el-presupuesto-para-el-desfile-del-dia-de-america\/#webpage"},"isPartOf":{"@id":"https:\/\/www.eldigitaldeasturias.com\/noticias\/la-sof-aprueba-el-presupuesto-para-el-desfile-del-dia-de-america\/#webpage"},"articleSection":"Actualidad Asturias"},{"@type":"BreadcrumbList","@id":"https:\/\/www.eldigitaldeasturias.com\/noticias\/la-sof-aprueba-el-presupuesto-para-el-desfile-del-dia-de-america\/#breadcrumblist","itemListElement":[{"@type":"ListItem","@id":"https:\/\/www.eldigitaldeasturias.com\/noticias#listItem","position":1,"name":"Home","item":"https:\/\/www.eldigitaldeasturias.com\/noticias","nextItem":{"@type":"ListItem","@id":"https:\/\/www.eldigitaldeasturias.com\/noticias\/category\/actualidad-asturias\/#listItem","name":"Actualidad Asturias"}},{"@type":"ListItem","@id":"https:\/\/www.eldigitaldeasturias.com\/noticias\/category\/actualidad-asturias\/#listItem","position":2,"name":"Actualidad Asturias","item":"https:\/\/www.eldigitaldeasturias.com\/noticias\/category\/actualidad-asturias\/","nextItem":{"@type":"ListItem","@id":"https:\/\/www.eldigitaldeasturias.com\/noticias\/la-sof-aprueba-el-presupuesto-para-el-desfile-del-dia-de-america\/#listItem","name":"La SOF aprueba el presupuesto para el desfile del D\u00eda de Am\u00e9rica"},"previousItem":{"@type":"ListItem","@id":"https:\/\/www.eldigitaldeasturias.com\/noticias#listItem","name":"Home"}},{"@type":"ListItem","@id":"https:\/\/www.eldigitaldeasturias.com\/noticias\/la-sof-aprueba-el-presupuesto-para-el-desfile-del-dia-de-america\/#listItem","position":3,"name":"La SOF aprueba el presupuesto para el desfile del D\u00eda de Am\u00e9rica","previousItem":{"@type":"ListItem","@id":"https:\/\/www.eldigitaldeasturias.com\/noticias\/category\/actualidad-asturias\/#listItem","name":"Actualidad Asturias"}}]},{"@type":"Organization","@id":"https:\/\/www.eldigitaldeasturias.com\/noticias\/#organization","name":"El Digital de Asturias","description":"Hemeroteca","url":"https:\/\/www.eldigitaldeasturias.com\/noticias\/","email":"info@eldigitaldeasturias.com","telephone":"+34652131393","logo":{"@type":"ImageObject","url":"https:\/\/www.eldigitaldeasturias.com\/noticias\/wp-content\/uploads\/2020\/12\/EDA.jpg","@id":"https:\/\/www.eldigitaldeasturias.com\/noticias\/la-sof-aprueba-el-presupuesto-para-el-desfile-del-dia-de-america\/#organizationLogo","width":649,"height":297},"image":{"@id":"https:\/\/www.eldigitaldeasturias.com\/noticias\/la-sof-aprueba-el-presupuesto-para-el-desfile-del-dia-de-america\/#organizationLogo"},"sameAs":["https:\/\/facebook.com\/eldigitaldeasturias","https:\/\/www.youtube.com\/channel\/UCZP-2wLEB9Rv6erhFmqVnvg"],"address":{"@id":"https:\/\/www.eldigitaldeasturias.com\/noticias\/#postaladdress","@type":"PostalAddress","streetAddress":"san antonio 4,","postalCode":"33430","addressLocality":"Cand\u00e1s","addressRegion":"Asturias","addressCountry":"ES"}},{"@type":"Person","@id":"https:\/\/www.eldigitaldeasturias.com\/noticias\/author\/admin\/#author","url":"https:\/\/www.eldigitaldeasturias.com\/noticias\/author\/admin\/","name":"El Digital de Asturias","image":{"@type":"ImageObject","@id":"https:\/\/www.eldigitaldeasturias.com\/noticias\/la-sof-aprueba-el-presupuesto-para-el-desfile-del-dia-de-america\/#authorImage","url":"https:\/\/www.eldigitaldeasturias.com\/noticias\/wp-content\/litespeed\/avatar\/18677e78aa0546b92d9dbf31ec7d7668.jpg?ver=1777290358","width":96,"height":96,"caption":"El Digital de Asturias"}},{"@type":"WebPage","@id":"https:\/\/www.eldigitaldeasturias.com\/noticias\/la-sof-aprueba-el-presupuesto-para-el-desfile-del-dia-de-america\/#webpage","url":"https:\/\/www.eldigitaldeasturias.com\/noticias\/la-sof-aprueba-el-presupuesto-para-el-desfile-del-dia-de-america\/","name":"La SOF aprueba el presupuesto para el desfile del D\u00eda de Am\u00e9rica - El Digital de Asturias","description":"La Junta de la Sociedad Ovetense de Festejos (SOF) ha aprobado este martes en una sesi\u00f3n ordinaria el presupuesto de 152.000 euros destinado al desfile del D\u00eda de Am\u00e9rica en Asturias que se celebra el pr\u00f3ximo 19 de septiembre dentro de la programaci\u00f3n de las Fiestas de San Mateo 2016 en Oviedo. El presidente de","inLanguage":"es-ES","isPartOf":{"@id":"https:\/\/www.eldigitaldeasturias.com\/noticias\/#website"},"breadcrumb":{"@id":"https:\/\/www.eldigitaldeasturias.com\/noticias\/la-sof-aprueba-el-presupuesto-para-el-desfile-del-dia-de-america\/#breadcrumblist"},"author":{"@id":"https:\/\/www.eldigitaldeasturias.com\/noticias\/author\/admin\/#author"},"creator":{"@id":"https:\/\/www.eldigitaldeasturias.com\/noticias\/author\/admin\/#author"},"image":{"@type":"ImageObject","url":"https:\/\/www.eldigitaldeasturias.com\/noticias\/wp-content\/uploads\/2016\/09\/fotonoticia_20160906143505_800.jpg","@id":"https:\/\/www.eldigitaldeasturias.com\/noticias\/la-sof-aprueba-el-presupuesto-para-el-desfile-del-dia-de-america\/#mainImage","width":800,"height":600},"primaryImageOfPage":{"@id":"https:\/\/www.eldigitaldeasturias.com\/noticias\/la-sof-aprueba-el-presupuesto-para-el-desfile-del-dia-de-america\/#mainImage"},"datePublished":"2016-09-06T22:41:19+02:00","dateModified":"2016-09-06T22:41:19+02:00"},{"@type":"WebSite","@id":"https:\/\/www.eldigitaldeasturias.com\/noticias\/#website","url":"https:\/\/www.eldigitaldeasturias.com\/noticias\/","name":"El Digital de Asturias - Diario de actualidad y noticias","alternateName":"El Digital de Asturias - Diario de actualidad y noticias","description":"Hemeroteca","inLanguage":"es-ES","publisher":{"@id":"https:\/\/www.eldigitaldeasturias.com\/noticias\/#organization"}}]},"og:locale":"es_ES","og:site_name":"El Digital de Asturias","og:type":"article","og:title":"La SOF aprueba el presupuesto para el desfile del D\u00eda de Am\u00e9rica - El Digital de Asturias","og:description":"La Junta de la Sociedad Ovetense de Festejos (SOF) ha aprobado este martes en una sesi\u00f3n ordinaria el presupuesto de 152.000 euros destinado al desfile del D\u00eda de Am\u00e9rica en Asturias que se celebra el pr\u00f3ximo 19 de septiembre dentro de la programaci\u00f3n de las Fiestas de San Mateo 2016 en Oviedo. El presidente de","og:url":"https:\/\/www.eldigitaldeasturias.com\/noticias\/la-sof-aprueba-el-presupuesto-para-el-desfile-del-dia-de-america\/","og:image":"https:\/\/www.eldigitaldeasturias.com\/noticias\/wp-content\/uploads\/2016\/09\/fotonoticia_20160906143505_800.jpg","og:image:secure_url":"https:\/\/www.eldigitaldeasturias.com\/noticias\/wp-content\/uploads\/2016\/09\/fotonoticia_20160906143505_800.jpg","og:image:width":800,"og:image:height":600,"article:tag":["actualidad asturias"],"article:published_time":"2016-09-06T21:41:19+00:00","article:modified_time":"2016-09-06T21:41:19+00:00","article:publisher":"https:\/\/facebook.com\/eldigitaldeasturias","twitter:card":"summary_large_image","twitter:title":"La SOF aprueba el presupuesto para el desfile del D\u00eda de Am\u00e9rica - El Digital de Asturias","twitter:description":"La Junta de la Sociedad Ovetense de Festejos (SOF) ha aprobado este martes en una sesi\u00f3n ordinaria el presupuesto de 152.000 euros destinado al desfile del D\u00eda de Am\u00e9rica en Asturias que se celebra el pr\u00f3ximo 19 de septiembre dentro de la programaci\u00f3n de las Fiestas de San Mateo 2016 en Oviedo. El presidente de","twitter:image":"https:\/\/www.eldigitaldeasturias.com\/noticias\/wp-content\/uploads\/2016\/09\/fotonoticia_20160906143505_800.jpg","twitter:label1":"Escrito por","twitter:data1":"El Digital de Asturias","twitter:label2":"Tiempo de lectura estimado","twitter:data2":"1 minuto"},"aioseo_meta_data":{"post_id":"906163","title":null,"description":null,"keywords":null,"keyphrases":null,"primary_term":null,"canonical_url":null,"og_title":null,"og_description":null,"og_object_type":"default","og_image_type":"default","og_image_url":null,"og_image_width":null,"og_image_height":null,"og_image_custom_url":null,"og_image_custom_fields":null,"og_video":null,"og_custom_url":null,"og_article_section":null,"og_article_tags":null,"twitter_use_og":false,"twitter_card":"default","twitter_image_type":"default","twitter_image_url":null,"twitter_image_custom_url":null,"twitter_image_custom_fields":null,"twitter_title":null,"twitter_description":null,"schema":{"blockGraphs":[],"customGraphs":[],"default":{"data":{"Article":[],"Course":[],"Dataset":[],"FAQPage":[],"Movie":[],"Person":[],"Product":[],"ProductReview":[],"Car":[],"Recipe":[],"Service":[],"SoftwareApplication":[],"WebPage":[]},"graphName":"","isEnabled":true},"graphs":[],"defaultGraph":"","defaultPostTypeGraph":""},"schema_type":null,"schema_type_options":null,"pillar_content":false,"robots_default":true,"robots_noindex":false,"robots_noarchive":false,"robots_nosnippet":false,"robots_nofollow":false,"robots_noimageindex":false,"robots_noodp":false,"robots_notranslate":false,"robots_max_snippet":null,"robots_max_videopreview":null,"robots_max_imagepreview":"large","priority":null,"frequency":null,"local_seo":null,"seo_analyzer_scan_date":"2025-11-30 08:05:17","breadcrumb_settings":null,"limit_modified_date":false,"open_ai":null,"ai":null,"created":"2020-12-21 14:01:57","updated":"2025-11-30 08:05:17"},"aioseo_breadcrumb":"<div class=\"aioseo-breadcrumbs\"><span class=\"aioseo-breadcrumb\">\n\t<a href=\"https:\/\/www.eldigitaldeasturias.com\/noticias\" title=\"Home\">Home<\/a>\n<\/span><span class=\"aioseo-breadcrumb-separator\">\u2013<\/span><span class=\"aioseo-breadcrumb\">\n\t<a href=\"https:\/\/www.eldigitaldeasturias.com\/noticias\/category\/actualidad-asturias\/\" title=\"Actualidad Asturias\">Actualidad Asturias<\/a>\n<\/span><span class=\"aioseo-breadcrumb-separator\">\u2013<\/span><span class=\"aioseo-breadcrumb\">\n\t<a href=\"https:\/\/www.eldigitaldeasturias.com\/noticias\/la-sof-aprueba-el-presupuesto-para-el-desfile-del-dia-de-america\/\" title=\"La SOF aprueba el presupuesto para el desfile del D\u00eda de Am\u00e9rica\">La SOF aprueba el presupuesto para el desfile del D\u00eda de Am\u00e9rica<\/a>\n<\/span><\/div>","aioseo_breadcrumb_json":[{"label":"Home","link":"https:\/\/www.eldigitaldeasturias.com\/noticias"},{"label":"Actualidad Asturias","link":"https:\/\/www.eldigitaldeasturias.com\/noticias\/category\/actualidad-asturias\/"},{"label":"La SOF aprueba el presupuesto para el desfile del D\u00eda de Am\u00e9rica","link":"https:\/\/www.eldigitaldeasturias.com\/noticias\/la-sof-aprueba-el-presupuesto-para-el-desfile-del-dia-de-america\/"}],"_links":{"self":[{"href":"https:\/\/www.eldigitaldeasturias.com\/noticias\/wp-json\/wp\/v2\/posts\/906163","targetHints":{"allow":["GET"]}}],"collection":[{"href":"https:\/\/www.eldigitaldeasturias.com\/noticias\/wp-json\/wp\/v2\/posts"}],"about":[{"href":"https:\/\/www.eldigitaldeasturias.com\/noticias\/wp-json\/wp\/v2\/types\/post"}],"author":[{"embeddable":true,"href":"https:\/\/www.eldigitaldeasturias.com\/noticias\/wp-json\/wp\/v2\/users\/1"}],"replies":[{"embeddable":true,"href":"https:\/\/www.eldigitaldeasturias.com\/noticias\/wp-json\/wp\/v2\/comments?post=906163"}],"version-history":[{"count":0,"href":"https:\/\/www.eldigitaldeasturias.com\/noticias\/wp-json\/wp\/v2\/posts\/906163\/revisions"}],"wp:featuredmedia":[{"embeddable":true,"href":"https:\/\/www.eldigitaldeasturias.com\/noticias\/wp-json\/wp\/v2\/media\/906164"}],"wp:attachment":[{"href":"https:\/\/www.eldigitaldeasturias.com\/noticias\/wp-json\/wp\/v2\/media?parent=906163"}],"wp:term":[{"taxonomy":"category","embeddable":true,"href":"https:\/\/www.eldigitaldeasturias.com\/noticias\/wp-json\/wp\/v2\/categories?post=906163"},{"taxonomy":"post_tag","embeddable":true,"href":"https:\/\/www.eldigitaldeasturias.com\/noticias\/wp-json\/wp\/v2\/tags?post=906163"}],"curies":[{"name":"wp","href":"https:\/\/api.w.org\/{rel}","templated":true}]}}