{"id":906161,"date":"2016-09-06T22:38:14","date_gmt":"2016-09-06T21:38:14","guid":{"rendered":"http:\/\/www.eldigitaldeasturias.com\/noticias\/?p=906161"},"modified":"2016-09-06T22:38:14","modified_gmt":"2016-09-06T21:38:14","slug":"dos-asturianos-detenidos-por-apoderase-de-un-remolque-para-el-transporte-de-caballos","status":"publish","type":"post","link":"https:\/\/www.eldigitaldeasturias.com\/noticias\/dos-asturianos-detenidos-por-apoderase-de-un-remolque-para-el-transporte-de-caballos\/","title":{"rendered":"Dos asturianos detenidos por apoderase de un remolque para el transporte de caballos"},"content":{"rendered":"<p><img loading=\"lazy\" decoding=\"async\" class=\"alignleft size-medium wp-image-708186\" src=\"https:\/\/www.eldigitaldeasturias.com\/noticias\/wp-content\/uploads\/2014\/12\/7764927w-360x195.jpg\" alt=\"guardia civil\" width=\"360\" height=\"195\" srcset=\"https:\/\/www.eldigitaldeasturias.com\/noticias\/wp-content\/uploads\/2014\/12\/7764927w-360x195.jpg 360w, https:\/\/www.eldigitaldeasturias.com\/noticias\/wp-content\/uploads\/2014\/12\/7764927w-480x260.jpg 480w, https:\/\/www.eldigitaldeasturias.com\/noticias\/wp-content\/uploads\/2014\/12\/7764927w-768x416.jpg 768w, https:\/\/www.eldigitaldeasturias.com\/noticias\/wp-content\/uploads\/2014\/12\/7764927w-690x373.jpg 690w, https:\/\/www.eldigitaldeasturias.com\/noticias\/wp-content\/uploads\/2014\/12\/7764927w-20x11.jpg 20w, https:\/\/www.eldigitaldeasturias.com\/noticias\/wp-content\/uploads\/2014\/12\/7764927w.jpg 800w\" sizes=\"auto, (max-width: 360px) 100vw, 360px\" \/>Efectivos del Equipo Roca de la Guardia Civil de Le\u00f3n han detenido a dos asturianos en la localidad de Salas por apoderase en el mes de febrero de un remolque para el transporte de caballos.<\/p>\n<p>En el seno de esta investigaci\u00f3n los agentes detuvieron tambi\u00e9n a tres personas, vecinas de Le\u00f3n, como presuntas autores de la sustracci\u00f3n en el mes de junio de un remolque para el transporte de equinos del interior de una finca situada en la comarca leonesa del Curue\u00f1o.<\/p>\n<p>Tras las gestiones practicadas y dentro de la operaci\u00f3n &#8216;Rocavan&#8217;, la Guardia Civil ha detectado en el mes de agosto que, en un establecimiento de compra venta de veh\u00edculos, se hallaba un remolque de dudosa procedencia que hab\u00eda sido sustra\u00eddo a su leg\u00edtimo propietario en el mes de junio, hecho que motiv\u00f3 la detenci\u00f3n de tres personas vecinas de Le\u00f3n y con edades comprendidas entre los 26 y 30 a\u00f1os.<\/p>\n<p>Tambi\u00e9n durante el transcurso de esta operaci\u00f3n la Guardia Civil ha descubierto en la comarca del Curue\u00f1o la existencia de otro remolque para el transporte de caballos, el cual hab\u00eda sido sustra\u00eddo en la localidad asturiana de Salas en el mes de febrero, procedi\u00e9ndose a la detenci\u00f3n de otras dos personas, tambi\u00e9n vecinas de Le\u00f3n, como supuestas autoras de la sustracci\u00f3n.<\/p>\n<p>Como resultado de la operaci\u00f3n &#8216;Rocavan&#8217; se han recuperado dos remolques para el transporte de caballos valorados en cerca de 10.000 euros y los cuales fueron entregados a sus leg\u00edtimos due\u00f1os.<\/p>\n<p>Los detenidos y las diligencias instruidas han quedado a disposici\u00f3n del Juzgado de Instrucci\u00f3n de Guardia de Le\u00f3n.<\/p>\n<p>&nbsp;<\/p>\n<p>&nbsp;<\/p>\n","protected":false},"excerpt":{"rendered":"<p>Efectivos del Equipo Roca de la Guardia Civil de Le\u00f3n han detenido a dos asturianos en la localidad de Salas por apoderase en el mes de febrero de un remolque para el transporte de caballos. En el seno de esta investigaci\u00f3n los agentes detuvieron tambi\u00e9n a tres personas, vecinas de Le\u00f3n, como presuntas autores de [&hellip;]<\/p>\n","protected":false},"author":1,"featured_media":708186,"comment_status":"closed","ping_status":"closed","sticky":false,"template":"","format":"standard","meta":{"footnotes":""},"categories":[5],"tags":[],"class_list":["post-906161","post","type-post","status-publish","format-standard","has-post-thumbnail","hentry","category-sucesos"],"aioseo_notices":[],"aioseo_head":"\n\t\t<!-- All in One SEO Pro 4.9.6.2 - aioseo.com -->\n\t<meta name=\"description\" content=\"Efectivos del Equipo Roca de la Guardia Civil de Le\u00f3n han detenido a dos asturianos en la localidad de Salas por apoderase en el mes de febrero de un remolque para el transporte de caballos. En el seno de esta investigaci\u00f3n los agentes detuvieron tambi\u00e9n a tres personas, vecinas de Le\u00f3n, como presuntas autores de\" \/>\n\t<meta name=\"robots\" content=\"max-image-preview:large\" \/>\n\t<meta name=\"author\" content=\"El Digital de Asturias\"\/>\n\t<meta name=\"google-site-verification\" content=\"UA-38556648-1\" \/>\n\t<meta name=\"msvalidate.01\" content=\"7dfe9f3f1b24437ab69f4f2559babe99\" \/>\n\t<meta name=\"keywords\" content=\"sucesos\" \/>\n\t<link rel=\"canonical\" href=\"https:\/\/www.eldigitaldeasturias.com\/noticias\/dos-asturianos-detenidos-por-apoderase-de-un-remolque-para-el-transporte-de-caballos\/\" \/>\n\t<meta name=\"generator\" content=\"All in One SEO Pro (AIOSEO) 4.9.6.2\" \/>\n\t\t<meta property=\"og:locale\" content=\"es_ES\" \/>\n\t\t<meta property=\"og:site_name\" content=\"El Digital de Asturias\" \/>\n\t\t<meta property=\"og:type\" content=\"article\" \/>\n\t\t<meta property=\"og:title\" content=\"Dos asturianos detenidos por apoderase de un remolque para el transporte de caballos - El Digital de Asturias\" \/>\n\t\t<meta property=\"og:description\" content=\"Efectivos del Equipo Roca de la Guardia Civil de Le\u00f3n han detenido a dos asturianos en la localidad de Salas por apoderase en el mes de febrero de un remolque para el transporte de caballos. En el seno de esta investigaci\u00f3n los agentes detuvieron tambi\u00e9n a tres personas, vecinas de Le\u00f3n, como presuntas autores de\" \/>\n\t\t<meta property=\"og:url\" content=\"https:\/\/www.eldigitaldeasturias.com\/noticias\/dos-asturianos-detenidos-por-apoderase-de-un-remolque-para-el-transporte-de-caballos\/\" \/>\n\t\t<meta property=\"og:image\" content=\"https:\/\/www.eldigitaldeasturias.com\/noticias\/wp-content\/uploads\/2014\/12\/7764927w.jpg\" \/>\n\t\t<meta property=\"og:image:secure_url\" content=\"https:\/\/www.eldigitaldeasturias.com\/noticias\/wp-content\/uploads\/2014\/12\/7764927w.jpg\" \/>\n\t\t<meta property=\"og:image:width\" content=\"800\" \/>\n\t\t<meta property=\"og:image:height\" content=\"433\" \/>\n\t\t<meta property=\"article:tag\" content=\"sucesos\" \/>\n\t\t<meta property=\"article:published_time\" content=\"2016-09-06T21:38:14+00:00\" \/>\n\t\t<meta property=\"article:modified_time\" content=\"2016-09-06T21:38:14+00:00\" \/>\n\t\t<meta property=\"article:publisher\" content=\"https:\/\/facebook.com\/eldigitaldeasturias\" \/>\n\t\t<meta name=\"twitter:card\" content=\"summary_large_image\" \/>\n\t\t<meta name=\"twitter:title\" content=\"Dos asturianos detenidos por apoderase de un remolque para el transporte de caballos - El Digital de Asturias\" \/>\n\t\t<meta name=\"twitter:description\" content=\"Efectivos del Equipo Roca de la Guardia Civil de Le\u00f3n han detenido a dos asturianos en la localidad de Salas por apoderase en el mes de febrero de un remolque para el transporte de caballos. En el seno de esta investigaci\u00f3n los agentes detuvieron tambi\u00e9n a tres personas, vecinas de Le\u00f3n, como presuntas autores de\" \/>\n\t\t<meta name=\"twitter:image\" content=\"https:\/\/www.eldigitaldeasturias.com\/noticias\/wp-content\/uploads\/2014\/12\/7764927w.jpg\" \/>\n\t\t<meta name=\"twitter:label1\" content=\"Escrito por\" \/>\n\t\t<meta name=\"twitter:data1\" content=\"El Digital de Asturias\" \/>\n\t\t<meta name=\"twitter:label2\" content=\"Tiempo de lectura estimado\" \/>\n\t\t<meta name=\"twitter:data2\" content=\"1 minuto\" \/>\n\t\t<script type=\"application\/ld+json\" class=\"aioseo-schema\">\n\t\t\t{\"@context\":\"https:\\\/\\\/schema.org\",\"@graph\":[{\"@type\":\"BlogPosting\",\"@id\":\"https:\\\/\\\/www.eldigitaldeasturias.com\\\/noticias\\\/dos-asturianos-detenidos-por-apoderase-de-un-remolque-para-el-transporte-de-caballos\\\/#blogposting\",\"name\":\"Dos asturianos detenidos por apoderase de un remolque para el transporte de caballos - El Digital de Asturias\",\"headline\":\"Dos asturianos detenidos por apoderase de un remolque para el transporte de caballos\",\"author\":{\"@id\":\"https:\\\/\\\/www.eldigitaldeasturias.com\\\/noticias\\\/author\\\/admin\\\/#author\"},\"publisher\":{\"@id\":\"https:\\\/\\\/www.eldigitaldeasturias.com\\\/noticias\\\/#organization\"},\"image\":{\"@type\":\"ImageObject\",\"url\":\"https:\\\/\\\/www.eldigitaldeasturias.com\\\/noticias\\\/wp-content\\\/uploads\\\/2014\\\/12\\\/7764927w.jpg\",\"width\":800,\"height\":433},\"datePublished\":\"2016-09-06T22:38:14+02:00\",\"dateModified\":\"2016-09-06T22:38:14+02:00\",\"inLanguage\":\"es-ES\",\"mainEntityOfPage\":{\"@id\":\"https:\\\/\\\/www.eldigitaldeasturias.com\\\/noticias\\\/dos-asturianos-detenidos-por-apoderase-de-un-remolque-para-el-transporte-de-caballos\\\/#webpage\"},\"isPartOf\":{\"@id\":\"https:\\\/\\\/www.eldigitaldeasturias.com\\\/noticias\\\/dos-asturianos-detenidos-por-apoderase-de-un-remolque-para-el-transporte-de-caballos\\\/#webpage\"},\"articleSection\":\"Sucesos\"},{\"@type\":\"BreadcrumbList\",\"@id\":\"https:\\\/\\\/www.eldigitaldeasturias.com\\\/noticias\\\/dos-asturianos-detenidos-por-apoderase-de-un-remolque-para-el-transporte-de-caballos\\\/#breadcrumblist\",\"itemListElement\":[{\"@type\":\"ListItem\",\"@id\":\"https:\\\/\\\/www.eldigitaldeasturias.com\\\/noticias#listItem\",\"position\":1,\"name\":\"Home\",\"item\":\"https:\\\/\\\/www.eldigitaldeasturias.com\\\/noticias\",\"nextItem\":{\"@type\":\"ListItem\",\"@id\":\"https:\\\/\\\/www.eldigitaldeasturias.com\\\/noticias\\\/category\\\/sucesos\\\/#listItem\",\"name\":\"Sucesos\"}},{\"@type\":\"ListItem\",\"@id\":\"https:\\\/\\\/www.eldigitaldeasturias.com\\\/noticias\\\/category\\\/sucesos\\\/#listItem\",\"position\":2,\"name\":\"Sucesos\",\"item\":\"https:\\\/\\\/www.eldigitaldeasturias.com\\\/noticias\\\/category\\\/sucesos\\\/\",\"nextItem\":{\"@type\":\"ListItem\",\"@id\":\"https:\\\/\\\/www.eldigitaldeasturias.com\\\/noticias\\\/dos-asturianos-detenidos-por-apoderase-de-un-remolque-para-el-transporte-de-caballos\\\/#listItem\",\"name\":\"Dos asturianos detenidos por apoderase de un remolque para el transporte de caballos\"},\"previousItem\":{\"@type\":\"ListItem\",\"@id\":\"https:\\\/\\\/www.eldigitaldeasturias.com\\\/noticias#listItem\",\"name\":\"Home\"}},{\"@type\":\"ListItem\",\"@id\":\"https:\\\/\\\/www.eldigitaldeasturias.com\\\/noticias\\\/dos-asturianos-detenidos-por-apoderase-de-un-remolque-para-el-transporte-de-caballos\\\/#listItem\",\"position\":3,\"name\":\"Dos asturianos detenidos por apoderase de un remolque para el transporte de caballos\",\"previousItem\":{\"@type\":\"ListItem\",\"@id\":\"https:\\\/\\\/www.eldigitaldeasturias.com\\\/noticias\\\/category\\\/sucesos\\\/#listItem\",\"name\":\"Sucesos\"}}]},{\"@type\":\"Organization\",\"@id\":\"https:\\\/\\\/www.eldigitaldeasturias.com\\\/noticias\\\/#organization\",\"name\":\"El Digital de Asturias\",\"description\":\"Hemeroteca\",\"url\":\"https:\\\/\\\/www.eldigitaldeasturias.com\\\/noticias\\\/\",\"email\":\"info@eldigitaldeasturias.com\",\"telephone\":\"+34652131393\",\"logo\":{\"@type\":\"ImageObject\",\"url\":\"https:\\\/\\\/www.eldigitaldeasturias.com\\\/noticias\\\/wp-content\\\/uploads\\\/2020\\\/12\\\/EDA.jpg\",\"@id\":\"https:\\\/\\\/www.eldigitaldeasturias.com\\\/noticias\\\/dos-asturianos-detenidos-por-apoderase-de-un-remolque-para-el-transporte-de-caballos\\\/#organizationLogo\",\"width\":649,\"height\":297},\"image\":{\"@id\":\"https:\\\/\\\/www.eldigitaldeasturias.com\\\/noticias\\\/dos-asturianos-detenidos-por-apoderase-de-un-remolque-para-el-transporte-de-caballos\\\/#organizationLogo\"},\"sameAs\":[\"https:\\\/\\\/facebook.com\\\/eldigitaldeasturias\",\"https:\\\/\\\/www.youtube.com\\\/channel\\\/UCZP-2wLEB9Rv6erhFmqVnvg\"],\"address\":{\"@id\":\"https:\\\/\\\/www.eldigitaldeasturias.com\\\/noticias\\\/#postaladdress\",\"@type\":\"PostalAddress\",\"streetAddress\":\"san antonio 4,\",\"postalCode\":\"33430\",\"addressLocality\":\"Cand\\u00e1s\",\"addressRegion\":\"Asturias\",\"addressCountry\":\"ES\"}},{\"@type\":\"Person\",\"@id\":\"https:\\\/\\\/www.eldigitaldeasturias.com\\\/noticias\\\/author\\\/admin\\\/#author\",\"url\":\"https:\\\/\\\/www.eldigitaldeasturias.com\\\/noticias\\\/author\\\/admin\\\/\",\"name\":\"El Digital de Asturias\",\"image\":{\"@type\":\"ImageObject\",\"@id\":\"https:\\\/\\\/www.eldigitaldeasturias.com\\\/noticias\\\/dos-asturianos-detenidos-por-apoderase-de-un-remolque-para-el-transporte-de-caballos\\\/#authorImage\",\"url\":\"https:\\\/\\\/www.eldigitaldeasturias.com\\\/noticias\\\/wp-content\\\/litespeed\\\/avatar\\\/18677e78aa0546b92d9dbf31ec7d7668.jpg?ver=1777290358\",\"width\":96,\"height\":96,\"caption\":\"El Digital de Asturias\"}},{\"@type\":\"WebPage\",\"@id\":\"https:\\\/\\\/www.eldigitaldeasturias.com\\\/noticias\\\/dos-asturianos-detenidos-por-apoderase-de-un-remolque-para-el-transporte-de-caballos\\\/#webpage\",\"url\":\"https:\\\/\\\/www.eldigitaldeasturias.com\\\/noticias\\\/dos-asturianos-detenidos-por-apoderase-de-un-remolque-para-el-transporte-de-caballos\\\/\",\"name\":\"Dos asturianos detenidos por apoderase de un remolque para el transporte de caballos - El Digital de Asturias\",\"description\":\"Efectivos del Equipo Roca de la Guardia Civil de Le\\u00f3n han detenido a dos asturianos en la localidad de Salas por apoderase en el mes de febrero de un remolque para el transporte de caballos. En el seno de esta investigaci\\u00f3n los agentes detuvieron tambi\\u00e9n a tres personas, vecinas de Le\\u00f3n, como presuntas autores de\",\"inLanguage\":\"es-ES\",\"isPartOf\":{\"@id\":\"https:\\\/\\\/www.eldigitaldeasturias.com\\\/noticias\\\/#website\"},\"breadcrumb\":{\"@id\":\"https:\\\/\\\/www.eldigitaldeasturias.com\\\/noticias\\\/dos-asturianos-detenidos-por-apoderase-de-un-remolque-para-el-transporte-de-caballos\\\/#breadcrumblist\"},\"author\":{\"@id\":\"https:\\\/\\\/www.eldigitaldeasturias.com\\\/noticias\\\/author\\\/admin\\\/#author\"},\"creator\":{\"@id\":\"https:\\\/\\\/www.eldigitaldeasturias.com\\\/noticias\\\/author\\\/admin\\\/#author\"},\"image\":{\"@type\":\"ImageObject\",\"url\":\"https:\\\/\\\/www.eldigitaldeasturias.com\\\/noticias\\\/wp-content\\\/uploads\\\/2014\\\/12\\\/7764927w.jpg\",\"@id\":\"https:\\\/\\\/www.eldigitaldeasturias.com\\\/noticias\\\/dos-asturianos-detenidos-por-apoderase-de-un-remolque-para-el-transporte-de-caballos\\\/#mainImage\",\"width\":800,\"height\":433},\"primaryImageOfPage\":{\"@id\":\"https:\\\/\\\/www.eldigitaldeasturias.com\\\/noticias\\\/dos-asturianos-detenidos-por-apoderase-de-un-remolque-para-el-transporte-de-caballos\\\/#mainImage\"},\"datePublished\":\"2016-09-06T22:38:14+02:00\",\"dateModified\":\"2016-09-06T22:38:14+02:00\"},{\"@type\":\"WebSite\",\"@id\":\"https:\\\/\\\/www.eldigitaldeasturias.com\\\/noticias\\\/#website\",\"url\":\"https:\\\/\\\/www.eldigitaldeasturias.com\\\/noticias\\\/\",\"name\":\"El Digital de Asturias - Diario de actualidad y noticias\",\"alternateName\":\"El Digital de Asturias - Diario de actualidad y noticias\",\"description\":\"Hemeroteca\",\"inLanguage\":\"es-ES\",\"publisher\":{\"@id\":\"https:\\\/\\\/www.eldigitaldeasturias.com\\\/noticias\\\/#organization\"}}]}\n\t\t<\/script>\n\t\t<!-- All in One SEO Pro -->\r\n\t\t<title>Dos asturianos detenidos por apoderase de un remolque para el transporte de caballos - El Digital de Asturias<\/title>\n\n","aioseo_head_json":{"title":"Dos asturianos detenidos por apoderase de un remolque para el transporte de caballos - El Digital de Asturias","description":"Efectivos del Equipo Roca de la Guardia Civil de Le\u00f3n han detenido a dos asturianos en la localidad de Salas por apoderase en el mes de febrero de un remolque para el transporte de caballos. En el seno de esta investigaci\u00f3n los agentes detuvieron tambi\u00e9n a tres personas, vecinas de Le\u00f3n, como presuntas autores de","canonical_url":"https:\/\/www.eldigitaldeasturias.com\/noticias\/dos-asturianos-detenidos-por-apoderase-de-un-remolque-para-el-transporte-de-caballos\/","robots":"max-image-preview:large","keywords":"sucesos","webmasterTools":{"google-site-verification":"UA-38556648-1","msvalidate.01":"7dfe9f3f1b24437ab69f4f2559babe99","miscellaneous":""},"schema":{"@context":"https:\/\/schema.org","@graph":[{"@type":"BlogPosting","@id":"https:\/\/www.eldigitaldeasturias.com\/noticias\/dos-asturianos-detenidos-por-apoderase-de-un-remolque-para-el-transporte-de-caballos\/#blogposting","name":"Dos asturianos detenidos por apoderase de un remolque para el transporte de caballos - El Digital de Asturias","headline":"Dos asturianos detenidos por apoderase de un remolque para el transporte de caballos","author":{"@id":"https:\/\/www.eldigitaldeasturias.com\/noticias\/author\/admin\/#author"},"publisher":{"@id":"https:\/\/www.eldigitaldeasturias.com\/noticias\/#organization"},"image":{"@type":"ImageObject","url":"https:\/\/www.eldigitaldeasturias.com\/noticias\/wp-content\/uploads\/2014\/12\/7764927w.jpg","width":800,"height":433},"datePublished":"2016-09-06T22:38:14+02:00","dateModified":"2016-09-06T22:38:14+02:00","inLanguage":"es-ES","mainEntityOfPage":{"@id":"https:\/\/www.eldigitaldeasturias.com\/noticias\/dos-asturianos-detenidos-por-apoderase-de-un-remolque-para-el-transporte-de-caballos\/#webpage"},"isPartOf":{"@id":"https:\/\/www.eldigitaldeasturias.com\/noticias\/dos-asturianos-detenidos-por-apoderase-de-un-remolque-para-el-transporte-de-caballos\/#webpage"},"articleSection":"Sucesos"},{"@type":"BreadcrumbList","@id":"https:\/\/www.eldigitaldeasturias.com\/noticias\/dos-asturianos-detenidos-por-apoderase-de-un-remolque-para-el-transporte-de-caballos\/#breadcrumblist","itemListElement":[{"@type":"ListItem","@id":"https:\/\/www.eldigitaldeasturias.com\/noticias#listItem","position":1,"name":"Home","item":"https:\/\/www.eldigitaldeasturias.com\/noticias","nextItem":{"@type":"ListItem","@id":"https:\/\/www.eldigitaldeasturias.com\/noticias\/category\/sucesos\/#listItem","name":"Sucesos"}},{"@type":"ListItem","@id":"https:\/\/www.eldigitaldeasturias.com\/noticias\/category\/sucesos\/#listItem","position":2,"name":"Sucesos","item":"https:\/\/www.eldigitaldeasturias.com\/noticias\/category\/sucesos\/","nextItem":{"@type":"ListItem","@id":"https:\/\/www.eldigitaldeasturias.com\/noticias\/dos-asturianos-detenidos-por-apoderase-de-un-remolque-para-el-transporte-de-caballos\/#listItem","name":"Dos asturianos detenidos por apoderase de un remolque para el transporte de caballos"},"previousItem":{"@type":"ListItem","@id":"https:\/\/www.eldigitaldeasturias.com\/noticias#listItem","name":"Home"}},{"@type":"ListItem","@id":"https:\/\/www.eldigitaldeasturias.com\/noticias\/dos-asturianos-detenidos-por-apoderase-de-un-remolque-para-el-transporte-de-caballos\/#listItem","position":3,"name":"Dos asturianos detenidos por apoderase de un remolque para el transporte de caballos","previousItem":{"@type":"ListItem","@id":"https:\/\/www.eldigitaldeasturias.com\/noticias\/category\/sucesos\/#listItem","name":"Sucesos"}}]},{"@type":"Organization","@id":"https:\/\/www.eldigitaldeasturias.com\/noticias\/#organization","name":"El Digital de Asturias","description":"Hemeroteca","url":"https:\/\/www.eldigitaldeasturias.com\/noticias\/","email":"info@eldigitaldeasturias.com","telephone":"+34652131393","logo":{"@type":"ImageObject","url":"https:\/\/www.eldigitaldeasturias.com\/noticias\/wp-content\/uploads\/2020\/12\/EDA.jpg","@id":"https:\/\/www.eldigitaldeasturias.com\/noticias\/dos-asturianos-detenidos-por-apoderase-de-un-remolque-para-el-transporte-de-caballos\/#organizationLogo","width":649,"height":297},"image":{"@id":"https:\/\/www.eldigitaldeasturias.com\/noticias\/dos-asturianos-detenidos-por-apoderase-de-un-remolque-para-el-transporte-de-caballos\/#organizationLogo"},"sameAs":["https:\/\/facebook.com\/eldigitaldeasturias","https:\/\/www.youtube.com\/channel\/UCZP-2wLEB9Rv6erhFmqVnvg"],"address":{"@id":"https:\/\/www.eldigitaldeasturias.com\/noticias\/#postaladdress","@type":"PostalAddress","streetAddress":"san antonio 4,","postalCode":"33430","addressLocality":"Cand\u00e1s","addressRegion":"Asturias","addressCountry":"ES"}},{"@type":"Person","@id":"https:\/\/www.eldigitaldeasturias.com\/noticias\/author\/admin\/#author","url":"https:\/\/www.eldigitaldeasturias.com\/noticias\/author\/admin\/","name":"El Digital de Asturias","image":{"@type":"ImageObject","@id":"https:\/\/www.eldigitaldeasturias.com\/noticias\/dos-asturianos-detenidos-por-apoderase-de-un-remolque-para-el-transporte-de-caballos\/#authorImage","url":"https:\/\/www.eldigitaldeasturias.com\/noticias\/wp-content\/litespeed\/avatar\/18677e78aa0546b92d9dbf31ec7d7668.jpg?ver=1777290358","width":96,"height":96,"caption":"El Digital de Asturias"}},{"@type":"WebPage","@id":"https:\/\/www.eldigitaldeasturias.com\/noticias\/dos-asturianos-detenidos-por-apoderase-de-un-remolque-para-el-transporte-de-caballos\/#webpage","url":"https:\/\/www.eldigitaldeasturias.com\/noticias\/dos-asturianos-detenidos-por-apoderase-de-un-remolque-para-el-transporte-de-caballos\/","name":"Dos asturianos detenidos por apoderase de un remolque para el transporte de caballos - El Digital de Asturias","description":"Efectivos del Equipo Roca de la Guardia Civil de Le\u00f3n han detenido a dos asturianos en la localidad de Salas por apoderase en el mes de febrero de un remolque para el transporte de caballos. En el seno de esta investigaci\u00f3n los agentes detuvieron tambi\u00e9n a tres personas, vecinas de Le\u00f3n, como presuntas autores de","inLanguage":"es-ES","isPartOf":{"@id":"https:\/\/www.eldigitaldeasturias.com\/noticias\/#website"},"breadcrumb":{"@id":"https:\/\/www.eldigitaldeasturias.com\/noticias\/dos-asturianos-detenidos-por-apoderase-de-un-remolque-para-el-transporte-de-caballos\/#breadcrumblist"},"author":{"@id":"https:\/\/www.eldigitaldeasturias.com\/noticias\/author\/admin\/#author"},"creator":{"@id":"https:\/\/www.eldigitaldeasturias.com\/noticias\/author\/admin\/#author"},"image":{"@type":"ImageObject","url":"https:\/\/www.eldigitaldeasturias.com\/noticias\/wp-content\/uploads\/2014\/12\/7764927w.jpg","@id":"https:\/\/www.eldigitaldeasturias.com\/noticias\/dos-asturianos-detenidos-por-apoderase-de-un-remolque-para-el-transporte-de-caballos\/#mainImage","width":800,"height":433},"primaryImageOfPage":{"@id":"https:\/\/www.eldigitaldeasturias.com\/noticias\/dos-asturianos-detenidos-por-apoderase-de-un-remolque-para-el-transporte-de-caballos\/#mainImage"},"datePublished":"2016-09-06T22:38:14+02:00","dateModified":"2016-09-06T22:38:14+02:00"},{"@type":"WebSite","@id":"https:\/\/www.eldigitaldeasturias.com\/noticias\/#website","url":"https:\/\/www.eldigitaldeasturias.com\/noticias\/","name":"El Digital de Asturias - Diario de actualidad y noticias","alternateName":"El Digital de Asturias - Diario de actualidad y noticias","description":"Hemeroteca","inLanguage":"es-ES","publisher":{"@id":"https:\/\/www.eldigitaldeasturias.com\/noticias\/#organization"}}]},"og:locale":"es_ES","og:site_name":"El Digital de Asturias","og:type":"article","og:title":"Dos asturianos detenidos por apoderase de un remolque para el transporte de caballos - El Digital de Asturias","og:description":"Efectivos del Equipo Roca de la Guardia Civil de Le\u00f3n han detenido a dos asturianos en la localidad de Salas por apoderase en el mes de febrero de un remolque para el transporte de caballos. En el seno de esta investigaci\u00f3n los agentes detuvieron tambi\u00e9n a tres personas, vecinas de Le\u00f3n, como presuntas autores de","og:url":"https:\/\/www.eldigitaldeasturias.com\/noticias\/dos-asturianos-detenidos-por-apoderase-de-un-remolque-para-el-transporte-de-caballos\/","og:image":"https:\/\/www.eldigitaldeasturias.com\/noticias\/wp-content\/uploads\/2014\/12\/7764927w.jpg","og:image:secure_url":"https:\/\/www.eldigitaldeasturias.com\/noticias\/wp-content\/uploads\/2014\/12\/7764927w.jpg","og:image:width":800,"og:image:height":433,"article:tag":["sucesos"],"article:published_time":"2016-09-06T21:38:14+00:00","article:modified_time":"2016-09-06T21:38:14+00:00","article:publisher":"https:\/\/facebook.com\/eldigitaldeasturias","twitter:card":"summary_large_image","twitter:title":"Dos asturianos detenidos por apoderase de un remolque para el transporte de caballos - El Digital de Asturias","twitter:description":"Efectivos del Equipo Roca de la Guardia Civil de Le\u00f3n han detenido a dos asturianos en la localidad de Salas por apoderase en el mes de febrero de un remolque para el transporte de caballos. En el seno de esta investigaci\u00f3n los agentes detuvieron tambi\u00e9n a tres personas, vecinas de Le\u00f3n, como presuntas autores de","twitter:image":"https:\/\/www.eldigitaldeasturias.com\/noticias\/wp-content\/uploads\/2014\/12\/7764927w.jpg","twitter:label1":"Escrito por","twitter:data1":"El Digital de Asturias","twitter:label2":"Tiempo de lectura estimado","twitter:data2":"1 minuto"},"aioseo_meta_data":{"post_id":"906161","title":null,"description":null,"keywords":null,"keyphrases":null,"primary_term":null,"canonical_url":null,"og_title":null,"og_description":null,"og_object_type":"default","og_image_type":"default","og_image_url":null,"og_image_width":null,"og_image_height":null,"og_image_custom_url":null,"og_image_custom_fields":null,"og_video":null,"og_custom_url":null,"og_article_section":null,"og_article_tags":null,"twitter_use_og":false,"twitter_card":"default","twitter_image_type":"default","twitter_image_url":null,"twitter_image_custom_url":null,"twitter_image_custom_fields":null,"twitter_title":null,"twitter_description":null,"schema":{"blockGraphs":[],"customGraphs":[],"default":{"data":{"Article":[],"Course":[],"Dataset":[],"FAQPage":[],"Movie":[],"Person":[],"Product":[],"ProductReview":[],"Car":[],"Recipe":[],"Service":[],"SoftwareApplication":[],"WebPage":[]},"graphName":"","isEnabled":true},"graphs":[],"defaultGraph":"","defaultPostTypeGraph":""},"schema_type":null,"schema_type_options":null,"pillar_content":false,"robots_default":true,"robots_noindex":false,"robots_noarchive":false,"robots_nosnippet":false,"robots_nofollow":false,"robots_noimageindex":false,"robots_noodp":false,"robots_notranslate":false,"robots_max_snippet":null,"robots_max_videopreview":null,"robots_max_imagepreview":"large","priority":null,"frequency":null,"local_seo":null,"seo_analyzer_scan_date":"2025-11-30 08:05:15","breadcrumb_settings":null,"limit_modified_date":false,"open_ai":null,"ai":null,"created":"2020-12-21 14:01:57","updated":"2025-11-30 08:05:15"},"aioseo_breadcrumb":"<div class=\"aioseo-breadcrumbs\"><span class=\"aioseo-breadcrumb\">\n\t<a href=\"https:\/\/www.eldigitaldeasturias.com\/noticias\" title=\"Home\">Home<\/a>\n<\/span><span class=\"aioseo-breadcrumb-separator\">\u2013<\/span><span class=\"aioseo-breadcrumb\">\n\t<a href=\"https:\/\/www.eldigitaldeasturias.com\/noticias\/category\/sucesos\/\" title=\"Sucesos\">Sucesos<\/a>\n<\/span><span class=\"aioseo-breadcrumb-separator\">\u2013<\/span><span class=\"aioseo-breadcrumb\">\n\t<a href=\"https:\/\/www.eldigitaldeasturias.com\/noticias\/dos-asturianos-detenidos-por-apoderase-de-un-remolque-para-el-transporte-de-caballos\/\" title=\"Dos asturianos detenidos por apoderase de un remolque para el transporte de caballos\">Dos asturianos detenidos por apoderase de un remolque para el transporte de caballos<\/a>\n<\/span><\/div>","aioseo_breadcrumb_json":[{"label":"Home","link":"https:\/\/www.eldigitaldeasturias.com\/noticias"},{"label":"Sucesos","link":"https:\/\/www.eldigitaldeasturias.com\/noticias\/category\/sucesos\/"},{"label":"Dos asturianos detenidos por apoderase de un remolque para el transporte de caballos","link":"https:\/\/www.eldigitaldeasturias.com\/noticias\/dos-asturianos-detenidos-por-apoderase-de-un-remolque-para-el-transporte-de-caballos\/"}],"_links":{"self":[{"href":"https:\/\/www.eldigitaldeasturias.com\/noticias\/wp-json\/wp\/v2\/posts\/906161","targetHints":{"allow":["GET"]}}],"collection":[{"href":"https:\/\/www.eldigitaldeasturias.com\/noticias\/wp-json\/wp\/v2\/posts"}],"about":[{"href":"https:\/\/www.eldigitaldeasturias.com\/noticias\/wp-json\/wp\/v2\/types\/post"}],"author":[{"embeddable":true,"href":"https:\/\/www.eldigitaldeasturias.com\/noticias\/wp-json\/wp\/v2\/users\/1"}],"replies":[{"embeddable":true,"href":"https:\/\/www.eldigitaldeasturias.com\/noticias\/wp-json\/wp\/v2\/comments?post=906161"}],"version-history":[{"count":0,"href":"https:\/\/www.eldigitaldeasturias.com\/noticias\/wp-json\/wp\/v2\/posts\/906161\/revisions"}],"wp:featuredmedia":[{"embeddable":true,"href":"https:\/\/www.eldigitaldeasturias.com\/noticias\/wp-json\/wp\/v2\/media\/708186"}],"wp:attachment":[{"href":"https:\/\/www.eldigitaldeasturias.com\/noticias\/wp-json\/wp\/v2\/media?parent=906161"}],"wp:term":[{"taxonomy":"category","embeddable":true,"href":"https:\/\/www.eldigitaldeasturias.com\/noticias\/wp-json\/wp\/v2\/categories?post=906161"},{"taxonomy":"post_tag","embeddable":true,"href":"https:\/\/www.eldigitaldeasturias.com\/noticias\/wp-json\/wp\/v2\/tags?post=906161"}],"curies":[{"name":"wp","href":"https:\/\/api.w.org\/{rel}","templated":true}]}}