{"id":906158,"date":"2016-09-06T22:36:11","date_gmt":"2016-09-06T21:36:11","guid":{"rendered":"http:\/\/www.eldigitaldeasturias.com\/noticias\/?p=906158"},"modified":"2016-09-06T22:36:11","modified_gmt":"2016-09-06T21:36:11","slug":"otea-hace-su-balance-de-los-festivales-y-eventos-veraniegos","status":"publish","type":"post","link":"https:\/\/www.eldigitaldeasturias.com\/noticias\/otea-hace-su-balance-de-los-festivales-y-eventos-veraniegos\/","title":{"rendered":"Otea hace su balance de los \u201cfestivales y eventos\u201d veraniegos"},"content":{"rendered":"<p><img loading=\"lazy\" decoding=\"async\" class=\"alignleft size-medium wp-image-906159\" src=\"https:\/\/www.eldigitaldeasturias.com\/noticias\/wp-content\/uploads\/2016\/09\/fotonoticia_20160906142228_800-360x270.jpg\" alt=\"fotonoticia_20160906142228_800\" width=\"360\" height=\"270\" srcset=\"https:\/\/www.eldigitaldeasturias.com\/noticias\/wp-content\/uploads\/2016\/09\/fotonoticia_20160906142228_800-360x270.jpg 360w, https:\/\/www.eldigitaldeasturias.com\/noticias\/wp-content\/uploads\/2016\/09\/fotonoticia_20160906142228_800-768x576.jpg 768w, https:\/\/www.eldigitaldeasturias.com\/noticias\/wp-content\/uploads\/2016\/09\/fotonoticia_20160906142228_800-650x488.jpg 650w, https:\/\/www.eldigitaldeasturias.com\/noticias\/wp-content\/uploads\/2016\/09\/fotonoticia_20160906142228_800-125x95.jpg 125w, https:\/\/www.eldigitaldeasturias.com\/noticias\/wp-content\/uploads\/2016\/09\/fotonoticia_20160906142228_800-100x75.jpg 100w, https:\/\/www.eldigitaldeasturias.com\/noticias\/wp-content\/uploads\/2016\/09\/fotonoticia_20160906142228_800.jpg 800w\" sizes=\"auto, (max-width: 360px) 100vw, 360px\" \/>Los presidentes de la Asociaci\u00f3n de Hosteler\u00eda y Turismo en Asturias Jos\u00e9 Luis \u00c1lvarez Almeida y Javier Mart\u00edn han criticado este martes la existencia de \u00abcompetencia desleal\u00bb en los festivales y eventos que se organizan a lo largo del verano en diferentes localidades asturianas.<\/p>\n<p>En la rueda de prensa de presentaci\u00f3n de los datos del verano, han pedido una soluci\u00f3n para esta competencia, sin que ello implique que se dejen de celebrar estos eventos. \u00abNo decimos que no haya que hacer fiestas, pero no puede haber 35.000 personas trabajando todo el a\u00f1o en el sector y que en verano nos salgan los festivales como champi\u00f1ones\u00bb, ha criticado Almeida.<\/p>\n<p>Para Otea, los ayuntamientos, que son quienes autorizan estos eventos, deben consensuar con el sector estas actuaciones para evitar que las mismas perjudiquen a los hosteleros de cada zona y da\u00f1en la calidad que se ofrece a los turistas.<\/p>\n<p>En este punto Almeida se ha referido al festival &#8216;Oktober Oviedo&#8217; que se celebrar\u00e1 en La Corredoria entre ma\u00f1ana y el domingo. \u00abSe toman decisiones sin el conocimiento ni la aprobaci\u00f3n del sector\u00bb, ha criticado. Por contra, ha puesto en valor otros eventos como uno organizado en Villaviciosa, ejemplo de un \u00abevento sostenible y de calidad\u00bb consensuado con los hosteleros.<\/p>\n<p>Por su parte, Javier Mart\u00edn ha lamentado que concentraciones como el festival Metr\u00f3poli o la Semana Negra de Gij\u00f3n \u00abmermen mucho\u00bb la capacidad de venta del resto de establecimientos.<\/p>\n<p>&nbsp;<\/p>\n<p>&nbsp;<\/p>\n","protected":false},"excerpt":{"rendered":"<p>Los presidentes de la Asociaci\u00f3n de Hosteler\u00eda y Turismo en Asturias Jos\u00e9 Luis \u00c1lvarez Almeida y Javier Mart\u00edn han criticado este martes la existencia de \u00abcompetencia desleal\u00bb en los festivales y eventos que se organizan a lo largo del verano en diferentes localidades asturianas. En la rueda de prensa de presentaci\u00f3n de los datos del [&hellip;]<\/p>\n","protected":false},"author":1,"featured_media":906159,"comment_status":"closed","ping_status":"closed","sticky":false,"template":"","format":"standard","meta":{"footnotes":""},"categories":[12],"tags":[],"class_list":["post-906158","post","type-post","status-publish","format-standard","has-post-thumbnail","hentry","category-actualidad-asturias"],"aioseo_notices":[],"aioseo_head":"\n\t\t<!-- All in One SEO Pro 4.9.6.2 - aioseo.com -->\n\t<meta name=\"description\" content=\"Los presidentes de la Asociaci\u00f3n de Hosteler\u00eda y Turismo en Asturias Jos\u00e9 Luis \u00c1lvarez Almeida y Javier Mart\u00edn han criticado este martes la existencia de &quot;competencia desleal&quot; en los festivales y eventos que se organizan a lo largo del verano en diferentes localidades asturianas. En la rueda de prensa de presentaci\u00f3n de los datos del\" \/>\n\t<meta name=\"robots\" content=\"max-image-preview:large\" \/>\n\t<meta name=\"author\" content=\"El Digital de Asturias\"\/>\n\t<meta name=\"google-site-verification\" content=\"UA-38556648-1\" \/>\n\t<meta name=\"msvalidate.01\" content=\"7dfe9f3f1b24437ab69f4f2559babe99\" \/>\n\t<meta name=\"keywords\" content=\"actualidad asturias\" \/>\n\t<link rel=\"canonical\" href=\"https:\/\/www.eldigitaldeasturias.com\/noticias\/otea-hace-su-balance-de-los-festivales-y-eventos-veraniegos\/\" \/>\n\t<meta name=\"generator\" content=\"All in One SEO Pro (AIOSEO) 4.9.6.2\" \/>\n\t\t<meta property=\"og:locale\" content=\"es_ES\" \/>\n\t\t<meta property=\"og:site_name\" content=\"El Digital de Asturias\" \/>\n\t\t<meta property=\"og:type\" content=\"article\" \/>\n\t\t<meta property=\"og:title\" content=\"Otea hace su balance de los \u201cfestivales y eventos\u201d veraniegos - El Digital de Asturias\" \/>\n\t\t<meta property=\"og:description\" content=\"Los presidentes de la Asociaci\u00f3n de Hosteler\u00eda y Turismo en Asturias Jos\u00e9 Luis \u00c1lvarez Almeida y Javier Mart\u00edn han criticado este martes la existencia de &quot;competencia desleal&quot; en los festivales y eventos que se organizan a lo largo del verano en diferentes localidades asturianas. En la rueda de prensa de presentaci\u00f3n de los datos del\" \/>\n\t\t<meta property=\"og:url\" content=\"https:\/\/www.eldigitaldeasturias.com\/noticias\/otea-hace-su-balance-de-los-festivales-y-eventos-veraniegos\/\" \/>\n\t\t<meta property=\"og:image\" content=\"https:\/\/www.eldigitaldeasturias.com\/noticias\/wp-content\/uploads\/2016\/09\/fotonoticia_20160906142228_800.jpg\" \/>\n\t\t<meta property=\"og:image:secure_url\" content=\"https:\/\/www.eldigitaldeasturias.com\/noticias\/wp-content\/uploads\/2016\/09\/fotonoticia_20160906142228_800.jpg\" \/>\n\t\t<meta property=\"og:image:width\" content=\"800\" \/>\n\t\t<meta property=\"og:image:height\" content=\"600\" \/>\n\t\t<meta property=\"article:tag\" content=\"actualidad asturias\" \/>\n\t\t<meta property=\"article:published_time\" content=\"2016-09-06T21:36:11+00:00\" \/>\n\t\t<meta property=\"article:modified_time\" content=\"2016-09-06T21:36:11+00:00\" \/>\n\t\t<meta property=\"article:publisher\" content=\"https:\/\/facebook.com\/eldigitaldeasturias\" \/>\n\t\t<meta name=\"twitter:card\" content=\"summary_large_image\" \/>\n\t\t<meta name=\"twitter:title\" content=\"Otea hace su balance de los \u201cfestivales y eventos\u201d veraniegos - El Digital de Asturias\" \/>\n\t\t<meta name=\"twitter:description\" content=\"Los presidentes de la Asociaci\u00f3n de Hosteler\u00eda y Turismo en Asturias Jos\u00e9 Luis \u00c1lvarez Almeida y Javier Mart\u00edn han criticado este martes la existencia de &quot;competencia desleal&quot; en los festivales y eventos que se organizan a lo largo del verano en diferentes localidades asturianas. En la rueda de prensa de presentaci\u00f3n de los datos del\" \/>\n\t\t<meta name=\"twitter:image\" content=\"https:\/\/www.eldigitaldeasturias.com\/noticias\/wp-content\/uploads\/2016\/09\/fotonoticia_20160906142228_800.jpg\" \/>\n\t\t<meta name=\"twitter:label1\" content=\"Escrito por\" \/>\n\t\t<meta name=\"twitter:data1\" content=\"El Digital de Asturias\" \/>\n\t\t<meta name=\"twitter:label2\" content=\"Tiempo de lectura estimado\" \/>\n\t\t<meta name=\"twitter:data2\" content=\"1 minuto\" \/>\n\t\t<script type=\"application\/ld+json\" class=\"aioseo-schema\">\n\t\t\t{\"@context\":\"https:\\\/\\\/schema.org\",\"@graph\":[{\"@type\":\"BlogPosting\",\"@id\":\"https:\\\/\\\/www.eldigitaldeasturias.com\\\/noticias\\\/otea-hace-su-balance-de-los-festivales-y-eventos-veraniegos\\\/#blogposting\",\"name\":\"Otea hace su balance de los \\u201cfestivales y eventos\\u201d veraniegos - El Digital de Asturias\",\"headline\":\"Otea hace su balance de los \\u201cfestivales y eventos\\u201d veraniegos\",\"author\":{\"@id\":\"https:\\\/\\\/www.eldigitaldeasturias.com\\\/noticias\\\/author\\\/admin\\\/#author\"},\"publisher\":{\"@id\":\"https:\\\/\\\/www.eldigitaldeasturias.com\\\/noticias\\\/#organization\"},\"image\":{\"@type\":\"ImageObject\",\"url\":\"https:\\\/\\\/www.eldigitaldeasturias.com\\\/noticias\\\/wp-content\\\/uploads\\\/2016\\\/09\\\/fotonoticia_20160906142228_800.jpg\",\"width\":800,\"height\":600},\"datePublished\":\"2016-09-06T22:36:11+02:00\",\"dateModified\":\"2016-09-06T22:36:11+02:00\",\"inLanguage\":\"es-ES\",\"mainEntityOfPage\":{\"@id\":\"https:\\\/\\\/www.eldigitaldeasturias.com\\\/noticias\\\/otea-hace-su-balance-de-los-festivales-y-eventos-veraniegos\\\/#webpage\"},\"isPartOf\":{\"@id\":\"https:\\\/\\\/www.eldigitaldeasturias.com\\\/noticias\\\/otea-hace-su-balance-de-los-festivales-y-eventos-veraniegos\\\/#webpage\"},\"articleSection\":\"Actualidad Asturias\"},{\"@type\":\"BreadcrumbList\",\"@id\":\"https:\\\/\\\/www.eldigitaldeasturias.com\\\/noticias\\\/otea-hace-su-balance-de-los-festivales-y-eventos-veraniegos\\\/#breadcrumblist\",\"itemListElement\":[{\"@type\":\"ListItem\",\"@id\":\"https:\\\/\\\/www.eldigitaldeasturias.com\\\/noticias#listItem\",\"position\":1,\"name\":\"Home\",\"item\":\"https:\\\/\\\/www.eldigitaldeasturias.com\\\/noticias\",\"nextItem\":{\"@type\":\"ListItem\",\"@id\":\"https:\\\/\\\/www.eldigitaldeasturias.com\\\/noticias\\\/category\\\/actualidad-asturias\\\/#listItem\",\"name\":\"Actualidad Asturias\"}},{\"@type\":\"ListItem\",\"@id\":\"https:\\\/\\\/www.eldigitaldeasturias.com\\\/noticias\\\/category\\\/actualidad-asturias\\\/#listItem\",\"position\":2,\"name\":\"Actualidad Asturias\",\"item\":\"https:\\\/\\\/www.eldigitaldeasturias.com\\\/noticias\\\/category\\\/actualidad-asturias\\\/\",\"nextItem\":{\"@type\":\"ListItem\",\"@id\":\"https:\\\/\\\/www.eldigitaldeasturias.com\\\/noticias\\\/otea-hace-su-balance-de-los-festivales-y-eventos-veraniegos\\\/#listItem\",\"name\":\"Otea hace su balance de los \\u201cfestivales y eventos\\u201d veraniegos\"},\"previousItem\":{\"@type\":\"ListItem\",\"@id\":\"https:\\\/\\\/www.eldigitaldeasturias.com\\\/noticias#listItem\",\"name\":\"Home\"}},{\"@type\":\"ListItem\",\"@id\":\"https:\\\/\\\/www.eldigitaldeasturias.com\\\/noticias\\\/otea-hace-su-balance-de-los-festivales-y-eventos-veraniegos\\\/#listItem\",\"position\":3,\"name\":\"Otea hace su balance de los \\u201cfestivales y eventos\\u201d veraniegos\",\"previousItem\":{\"@type\":\"ListItem\",\"@id\":\"https:\\\/\\\/www.eldigitaldeasturias.com\\\/noticias\\\/category\\\/actualidad-asturias\\\/#listItem\",\"name\":\"Actualidad Asturias\"}}]},{\"@type\":\"Organization\",\"@id\":\"https:\\\/\\\/www.eldigitaldeasturias.com\\\/noticias\\\/#organization\",\"name\":\"El Digital de Asturias\",\"description\":\"Hemeroteca\",\"url\":\"https:\\\/\\\/www.eldigitaldeasturias.com\\\/noticias\\\/\",\"email\":\"info@eldigitaldeasturias.com\",\"telephone\":\"+34652131393\",\"logo\":{\"@type\":\"ImageObject\",\"url\":\"https:\\\/\\\/www.eldigitaldeasturias.com\\\/noticias\\\/wp-content\\\/uploads\\\/2020\\\/12\\\/EDA.jpg\",\"@id\":\"https:\\\/\\\/www.eldigitaldeasturias.com\\\/noticias\\\/otea-hace-su-balance-de-los-festivales-y-eventos-veraniegos\\\/#organizationLogo\",\"width\":649,\"height\":297},\"image\":{\"@id\":\"https:\\\/\\\/www.eldigitaldeasturias.com\\\/noticias\\\/otea-hace-su-balance-de-los-festivales-y-eventos-veraniegos\\\/#organizationLogo\"},\"sameAs\":[\"https:\\\/\\\/facebook.com\\\/eldigitaldeasturias\",\"https:\\\/\\\/www.youtube.com\\\/channel\\\/UCZP-2wLEB9Rv6erhFmqVnvg\"],\"address\":{\"@id\":\"https:\\\/\\\/www.eldigitaldeasturias.com\\\/noticias\\\/#postaladdress\",\"@type\":\"PostalAddress\",\"streetAddress\":\"san antonio 4,\",\"postalCode\":\"33430\",\"addressLocality\":\"Cand\\u00e1s\",\"addressRegion\":\"Asturias\",\"addressCountry\":\"ES\"}},{\"@type\":\"Person\",\"@id\":\"https:\\\/\\\/www.eldigitaldeasturias.com\\\/noticias\\\/author\\\/admin\\\/#author\",\"url\":\"https:\\\/\\\/www.eldigitaldeasturias.com\\\/noticias\\\/author\\\/admin\\\/\",\"name\":\"El Digital de Asturias\",\"image\":{\"@type\":\"ImageObject\",\"@id\":\"https:\\\/\\\/www.eldigitaldeasturias.com\\\/noticias\\\/otea-hace-su-balance-de-los-festivales-y-eventos-veraniegos\\\/#authorImage\",\"url\":\"https:\\\/\\\/www.eldigitaldeasturias.com\\\/noticias\\\/wp-content\\\/litespeed\\\/avatar\\\/18677e78aa0546b92d9dbf31ec7d7668.jpg?ver=1777290358\",\"width\":96,\"height\":96,\"caption\":\"El Digital de Asturias\"}},{\"@type\":\"WebPage\",\"@id\":\"https:\\\/\\\/www.eldigitaldeasturias.com\\\/noticias\\\/otea-hace-su-balance-de-los-festivales-y-eventos-veraniegos\\\/#webpage\",\"url\":\"https:\\\/\\\/www.eldigitaldeasturias.com\\\/noticias\\\/otea-hace-su-balance-de-los-festivales-y-eventos-veraniegos\\\/\",\"name\":\"Otea hace su balance de los \\u201cfestivales y eventos\\u201d veraniegos - El Digital de Asturias\",\"description\":\"Los presidentes de la Asociaci\\u00f3n de Hosteler\\u00eda y Turismo en Asturias Jos\\u00e9 Luis \\u00c1lvarez Almeida y Javier Mart\\u00edn han criticado este martes la existencia de \\\"competencia desleal\\\" en los festivales y eventos que se organizan a lo largo del verano en diferentes localidades asturianas. En la rueda de prensa de presentaci\\u00f3n de los datos del\",\"inLanguage\":\"es-ES\",\"isPartOf\":{\"@id\":\"https:\\\/\\\/www.eldigitaldeasturias.com\\\/noticias\\\/#website\"},\"breadcrumb\":{\"@id\":\"https:\\\/\\\/www.eldigitaldeasturias.com\\\/noticias\\\/otea-hace-su-balance-de-los-festivales-y-eventos-veraniegos\\\/#breadcrumblist\"},\"author\":{\"@id\":\"https:\\\/\\\/www.eldigitaldeasturias.com\\\/noticias\\\/author\\\/admin\\\/#author\"},\"creator\":{\"@id\":\"https:\\\/\\\/www.eldigitaldeasturias.com\\\/noticias\\\/author\\\/admin\\\/#author\"},\"image\":{\"@type\":\"ImageObject\",\"url\":\"https:\\\/\\\/www.eldigitaldeasturias.com\\\/noticias\\\/wp-content\\\/uploads\\\/2016\\\/09\\\/fotonoticia_20160906142228_800.jpg\",\"@id\":\"https:\\\/\\\/www.eldigitaldeasturias.com\\\/noticias\\\/otea-hace-su-balance-de-los-festivales-y-eventos-veraniegos\\\/#mainImage\",\"width\":800,\"height\":600},\"primaryImageOfPage\":{\"@id\":\"https:\\\/\\\/www.eldigitaldeasturias.com\\\/noticias\\\/otea-hace-su-balance-de-los-festivales-y-eventos-veraniegos\\\/#mainImage\"},\"datePublished\":\"2016-09-06T22:36:11+02:00\",\"dateModified\":\"2016-09-06T22:36:11+02:00\"},{\"@type\":\"WebSite\",\"@id\":\"https:\\\/\\\/www.eldigitaldeasturias.com\\\/noticias\\\/#website\",\"url\":\"https:\\\/\\\/www.eldigitaldeasturias.com\\\/noticias\\\/\",\"name\":\"El Digital de Asturias - Diario de actualidad y noticias\",\"alternateName\":\"El Digital de Asturias - Diario de actualidad y noticias\",\"description\":\"Hemeroteca\",\"inLanguage\":\"es-ES\",\"publisher\":{\"@id\":\"https:\\\/\\\/www.eldigitaldeasturias.com\\\/noticias\\\/#organization\"}}]}\n\t\t<\/script>\n\t\t<!-- All in One SEO Pro -->\r\n\t\t<title>Otea hace su balance de los \u201cfestivales y eventos\u201d veraniegos - El Digital de Asturias<\/title>\n\n","aioseo_head_json":{"title":"Otea hace su balance de los \u201cfestivales y eventos\u201d veraniegos - El Digital de Asturias","description":"Los presidentes de la Asociaci\u00f3n de Hosteler\u00eda y Turismo en Asturias Jos\u00e9 Luis \u00c1lvarez Almeida y Javier Mart\u00edn han criticado este martes la existencia de \"competencia desleal\" en los festivales y eventos que se organizan a lo largo del verano en diferentes localidades asturianas. En la rueda de prensa de presentaci\u00f3n de los datos del","canonical_url":"https:\/\/www.eldigitaldeasturias.com\/noticias\/otea-hace-su-balance-de-los-festivales-y-eventos-veraniegos\/","robots":"max-image-preview:large","keywords":"actualidad asturias","webmasterTools":{"google-site-verification":"UA-38556648-1","msvalidate.01":"7dfe9f3f1b24437ab69f4f2559babe99","miscellaneous":""},"schema":{"@context":"https:\/\/schema.org","@graph":[{"@type":"BlogPosting","@id":"https:\/\/www.eldigitaldeasturias.com\/noticias\/otea-hace-su-balance-de-los-festivales-y-eventos-veraniegos\/#blogposting","name":"Otea hace su balance de los \u201cfestivales y eventos\u201d veraniegos - El Digital de Asturias","headline":"Otea hace su balance de los \u201cfestivales y eventos\u201d veraniegos","author":{"@id":"https:\/\/www.eldigitaldeasturias.com\/noticias\/author\/admin\/#author"},"publisher":{"@id":"https:\/\/www.eldigitaldeasturias.com\/noticias\/#organization"},"image":{"@type":"ImageObject","url":"https:\/\/www.eldigitaldeasturias.com\/noticias\/wp-content\/uploads\/2016\/09\/fotonoticia_20160906142228_800.jpg","width":800,"height":600},"datePublished":"2016-09-06T22:36:11+02:00","dateModified":"2016-09-06T22:36:11+02:00","inLanguage":"es-ES","mainEntityOfPage":{"@id":"https:\/\/www.eldigitaldeasturias.com\/noticias\/otea-hace-su-balance-de-los-festivales-y-eventos-veraniegos\/#webpage"},"isPartOf":{"@id":"https:\/\/www.eldigitaldeasturias.com\/noticias\/otea-hace-su-balance-de-los-festivales-y-eventos-veraniegos\/#webpage"},"articleSection":"Actualidad Asturias"},{"@type":"BreadcrumbList","@id":"https:\/\/www.eldigitaldeasturias.com\/noticias\/otea-hace-su-balance-de-los-festivales-y-eventos-veraniegos\/#breadcrumblist","itemListElement":[{"@type":"ListItem","@id":"https:\/\/www.eldigitaldeasturias.com\/noticias#listItem","position":1,"name":"Home","item":"https:\/\/www.eldigitaldeasturias.com\/noticias","nextItem":{"@type":"ListItem","@id":"https:\/\/www.eldigitaldeasturias.com\/noticias\/category\/actualidad-asturias\/#listItem","name":"Actualidad Asturias"}},{"@type":"ListItem","@id":"https:\/\/www.eldigitaldeasturias.com\/noticias\/category\/actualidad-asturias\/#listItem","position":2,"name":"Actualidad Asturias","item":"https:\/\/www.eldigitaldeasturias.com\/noticias\/category\/actualidad-asturias\/","nextItem":{"@type":"ListItem","@id":"https:\/\/www.eldigitaldeasturias.com\/noticias\/otea-hace-su-balance-de-los-festivales-y-eventos-veraniegos\/#listItem","name":"Otea hace su balance de los \u201cfestivales y eventos\u201d veraniegos"},"previousItem":{"@type":"ListItem","@id":"https:\/\/www.eldigitaldeasturias.com\/noticias#listItem","name":"Home"}},{"@type":"ListItem","@id":"https:\/\/www.eldigitaldeasturias.com\/noticias\/otea-hace-su-balance-de-los-festivales-y-eventos-veraniegos\/#listItem","position":3,"name":"Otea hace su balance de los \u201cfestivales y eventos\u201d veraniegos","previousItem":{"@type":"ListItem","@id":"https:\/\/www.eldigitaldeasturias.com\/noticias\/category\/actualidad-asturias\/#listItem","name":"Actualidad Asturias"}}]},{"@type":"Organization","@id":"https:\/\/www.eldigitaldeasturias.com\/noticias\/#organization","name":"El Digital de Asturias","description":"Hemeroteca","url":"https:\/\/www.eldigitaldeasturias.com\/noticias\/","email":"info@eldigitaldeasturias.com","telephone":"+34652131393","logo":{"@type":"ImageObject","url":"https:\/\/www.eldigitaldeasturias.com\/noticias\/wp-content\/uploads\/2020\/12\/EDA.jpg","@id":"https:\/\/www.eldigitaldeasturias.com\/noticias\/otea-hace-su-balance-de-los-festivales-y-eventos-veraniegos\/#organizationLogo","width":649,"height":297},"image":{"@id":"https:\/\/www.eldigitaldeasturias.com\/noticias\/otea-hace-su-balance-de-los-festivales-y-eventos-veraniegos\/#organizationLogo"},"sameAs":["https:\/\/facebook.com\/eldigitaldeasturias","https:\/\/www.youtube.com\/channel\/UCZP-2wLEB9Rv6erhFmqVnvg"],"address":{"@id":"https:\/\/www.eldigitaldeasturias.com\/noticias\/#postaladdress","@type":"PostalAddress","streetAddress":"san antonio 4,","postalCode":"33430","addressLocality":"Cand\u00e1s","addressRegion":"Asturias","addressCountry":"ES"}},{"@type":"Person","@id":"https:\/\/www.eldigitaldeasturias.com\/noticias\/author\/admin\/#author","url":"https:\/\/www.eldigitaldeasturias.com\/noticias\/author\/admin\/","name":"El Digital de Asturias","image":{"@type":"ImageObject","@id":"https:\/\/www.eldigitaldeasturias.com\/noticias\/otea-hace-su-balance-de-los-festivales-y-eventos-veraniegos\/#authorImage","url":"https:\/\/www.eldigitaldeasturias.com\/noticias\/wp-content\/litespeed\/avatar\/18677e78aa0546b92d9dbf31ec7d7668.jpg?ver=1777290358","width":96,"height":96,"caption":"El Digital de Asturias"}},{"@type":"WebPage","@id":"https:\/\/www.eldigitaldeasturias.com\/noticias\/otea-hace-su-balance-de-los-festivales-y-eventos-veraniegos\/#webpage","url":"https:\/\/www.eldigitaldeasturias.com\/noticias\/otea-hace-su-balance-de-los-festivales-y-eventos-veraniegos\/","name":"Otea hace su balance de los \u201cfestivales y eventos\u201d veraniegos - El Digital de Asturias","description":"Los presidentes de la Asociaci\u00f3n de Hosteler\u00eda y Turismo en Asturias Jos\u00e9 Luis \u00c1lvarez Almeida y Javier Mart\u00edn han criticado este martes la existencia de \"competencia desleal\" en los festivales y eventos que se organizan a lo largo del verano en diferentes localidades asturianas. En la rueda de prensa de presentaci\u00f3n de los datos del","inLanguage":"es-ES","isPartOf":{"@id":"https:\/\/www.eldigitaldeasturias.com\/noticias\/#website"},"breadcrumb":{"@id":"https:\/\/www.eldigitaldeasturias.com\/noticias\/otea-hace-su-balance-de-los-festivales-y-eventos-veraniegos\/#breadcrumblist"},"author":{"@id":"https:\/\/www.eldigitaldeasturias.com\/noticias\/author\/admin\/#author"},"creator":{"@id":"https:\/\/www.eldigitaldeasturias.com\/noticias\/author\/admin\/#author"},"image":{"@type":"ImageObject","url":"https:\/\/www.eldigitaldeasturias.com\/noticias\/wp-content\/uploads\/2016\/09\/fotonoticia_20160906142228_800.jpg","@id":"https:\/\/www.eldigitaldeasturias.com\/noticias\/otea-hace-su-balance-de-los-festivales-y-eventos-veraniegos\/#mainImage","width":800,"height":600},"primaryImageOfPage":{"@id":"https:\/\/www.eldigitaldeasturias.com\/noticias\/otea-hace-su-balance-de-los-festivales-y-eventos-veraniegos\/#mainImage"},"datePublished":"2016-09-06T22:36:11+02:00","dateModified":"2016-09-06T22:36:11+02:00"},{"@type":"WebSite","@id":"https:\/\/www.eldigitaldeasturias.com\/noticias\/#website","url":"https:\/\/www.eldigitaldeasturias.com\/noticias\/","name":"El Digital de Asturias - Diario de actualidad y noticias","alternateName":"El Digital de Asturias - Diario de actualidad y noticias","description":"Hemeroteca","inLanguage":"es-ES","publisher":{"@id":"https:\/\/www.eldigitaldeasturias.com\/noticias\/#organization"}}]},"og:locale":"es_ES","og:site_name":"El Digital de Asturias","og:type":"article","og:title":"Otea hace su balance de los \u201cfestivales y eventos\u201d veraniegos - El Digital de Asturias","og:description":"Los presidentes de la Asociaci\u00f3n de Hosteler\u00eda y Turismo en Asturias Jos\u00e9 Luis \u00c1lvarez Almeida y Javier Mart\u00edn han criticado este martes la existencia de &quot;competencia desleal&quot; en los festivales y eventos que se organizan a lo largo del verano en diferentes localidades asturianas. En la rueda de prensa de presentaci\u00f3n de los datos del","og:url":"https:\/\/www.eldigitaldeasturias.com\/noticias\/otea-hace-su-balance-de-los-festivales-y-eventos-veraniegos\/","og:image":"https:\/\/www.eldigitaldeasturias.com\/noticias\/wp-content\/uploads\/2016\/09\/fotonoticia_20160906142228_800.jpg","og:image:secure_url":"https:\/\/www.eldigitaldeasturias.com\/noticias\/wp-content\/uploads\/2016\/09\/fotonoticia_20160906142228_800.jpg","og:image:width":800,"og:image:height":600,"article:tag":["actualidad asturias"],"article:published_time":"2016-09-06T21:36:11+00:00","article:modified_time":"2016-09-06T21:36:11+00:00","article:publisher":"https:\/\/facebook.com\/eldigitaldeasturias","twitter:card":"summary_large_image","twitter:title":"Otea hace su balance de los \u201cfestivales y eventos\u201d veraniegos - El Digital de Asturias","twitter:description":"Los presidentes de la Asociaci\u00f3n de Hosteler\u00eda y Turismo en Asturias Jos\u00e9 Luis \u00c1lvarez Almeida y Javier Mart\u00edn han criticado este martes la existencia de &quot;competencia desleal&quot; en los festivales y eventos que se organizan a lo largo del verano en diferentes localidades asturianas. En la rueda de prensa de presentaci\u00f3n de los datos del","twitter:image":"https:\/\/www.eldigitaldeasturias.com\/noticias\/wp-content\/uploads\/2016\/09\/fotonoticia_20160906142228_800.jpg","twitter:label1":"Escrito por","twitter:data1":"El Digital de Asturias","twitter:label2":"Tiempo de lectura estimado","twitter:data2":"1 minuto"},"aioseo_meta_data":{"post_id":"906158","title":null,"description":null,"keywords":null,"keyphrases":null,"primary_term":null,"canonical_url":null,"og_title":null,"og_description":null,"og_object_type":"default","og_image_type":"default","og_image_url":null,"og_image_width":null,"og_image_height":null,"og_image_custom_url":null,"og_image_custom_fields":null,"og_video":null,"og_custom_url":null,"og_article_section":null,"og_article_tags":null,"twitter_use_og":false,"twitter_card":"default","twitter_image_type":"default","twitter_image_url":null,"twitter_image_custom_url":null,"twitter_image_custom_fields":null,"twitter_title":null,"twitter_description":null,"schema":{"blockGraphs":[],"customGraphs":[],"default":{"data":{"Article":[],"Course":[],"Dataset":[],"FAQPage":[],"Movie":[],"Person":[],"Product":[],"ProductReview":[],"Car":[],"Recipe":[],"Service":[],"SoftwareApplication":[],"WebPage":[]},"graphName":"","isEnabled":true},"graphs":[],"defaultGraph":"","defaultPostTypeGraph":""},"schema_type":null,"schema_type_options":null,"pillar_content":false,"robots_default":true,"robots_noindex":false,"robots_noarchive":false,"robots_nosnippet":false,"robots_nofollow":false,"robots_noimageindex":false,"robots_noodp":false,"robots_notranslate":false,"robots_max_snippet":null,"robots_max_videopreview":null,"robots_max_imagepreview":"large","priority":null,"frequency":null,"local_seo":null,"seo_analyzer_scan_date":"2025-11-30 08:05:14","breadcrumb_settings":null,"limit_modified_date":false,"open_ai":null,"ai":null,"created":"2020-12-21 14:01:57","updated":"2025-11-30 08:05:14"},"aioseo_breadcrumb":"<div class=\"aioseo-breadcrumbs\"><span class=\"aioseo-breadcrumb\">\n\t<a href=\"https:\/\/www.eldigitaldeasturias.com\/noticias\" title=\"Home\">Home<\/a>\n<\/span><span class=\"aioseo-breadcrumb-separator\">\u2013<\/span><span class=\"aioseo-breadcrumb\">\n\t<a href=\"https:\/\/www.eldigitaldeasturias.com\/noticias\/category\/actualidad-asturias\/\" title=\"Actualidad Asturias\">Actualidad Asturias<\/a>\n<\/span><span class=\"aioseo-breadcrumb-separator\">\u2013<\/span><span class=\"aioseo-breadcrumb\">\n\t<a href=\"https:\/\/www.eldigitaldeasturias.com\/noticias\/otea-hace-su-balance-de-los-festivales-y-eventos-veraniegos\/\" title=\"Otea hace su balance de los \u201cfestivales y eventos\u201d veraniegos\">Otea hace su balance de los \u201cfestivales y eventos\u201d veraniegos<\/a>\n<\/span><\/div>","aioseo_breadcrumb_json":[{"label":"Home","link":"https:\/\/www.eldigitaldeasturias.com\/noticias"},{"label":"Actualidad Asturias","link":"https:\/\/www.eldigitaldeasturias.com\/noticias\/category\/actualidad-asturias\/"},{"label":"Otea hace su balance de los \u201cfestivales y eventos\u201d veraniegos","link":"https:\/\/www.eldigitaldeasturias.com\/noticias\/otea-hace-su-balance-de-los-festivales-y-eventos-veraniegos\/"}],"_links":{"self":[{"href":"https:\/\/www.eldigitaldeasturias.com\/noticias\/wp-json\/wp\/v2\/posts\/906158","targetHints":{"allow":["GET"]}}],"collection":[{"href":"https:\/\/www.eldigitaldeasturias.com\/noticias\/wp-json\/wp\/v2\/posts"}],"about":[{"href":"https:\/\/www.eldigitaldeasturias.com\/noticias\/wp-json\/wp\/v2\/types\/post"}],"author":[{"embeddable":true,"href":"https:\/\/www.eldigitaldeasturias.com\/noticias\/wp-json\/wp\/v2\/users\/1"}],"replies":[{"embeddable":true,"href":"https:\/\/www.eldigitaldeasturias.com\/noticias\/wp-json\/wp\/v2\/comments?post=906158"}],"version-history":[{"count":0,"href":"https:\/\/www.eldigitaldeasturias.com\/noticias\/wp-json\/wp\/v2\/posts\/906158\/revisions"}],"wp:featuredmedia":[{"embeddable":true,"href":"https:\/\/www.eldigitaldeasturias.com\/noticias\/wp-json\/wp\/v2\/media\/906159"}],"wp:attachment":[{"href":"https:\/\/www.eldigitaldeasturias.com\/noticias\/wp-json\/wp\/v2\/media?parent=906158"}],"wp:term":[{"taxonomy":"category","embeddable":true,"href":"https:\/\/www.eldigitaldeasturias.com\/noticias\/wp-json\/wp\/v2\/categories?post=906158"},{"taxonomy":"post_tag","embeddable":true,"href":"https:\/\/www.eldigitaldeasturias.com\/noticias\/wp-json\/wp\/v2\/tags?post=906158"}],"curies":[{"name":"wp","href":"https:\/\/api.w.org\/{rel}","templated":true}]}}