{"id":906150,"date":"2016-09-06T21:29:17","date_gmt":"2016-09-06T20:29:17","guid":{"rendered":"http:\/\/www.eldigitaldeasturias.com\/noticias\/?p=906150"},"modified":"2016-09-06T21:29:17","modified_gmt":"2016-09-06T20:29:17","slug":"la-mesa-de-turismo-de-fade-valora-positivamente-el-verano-2016","status":"publish","type":"post","link":"https:\/\/www.eldigitaldeasturias.com\/noticias\/la-mesa-de-turismo-de-fade-valora-positivamente-el-verano-2016\/","title":{"rendered":"La mesa de turismo de FADE valora positivamente el verano 2016"},"content":{"rendered":"<p><img loading=\"lazy\" decoding=\"async\" class=\"alignleft size-medium wp-image-906151\" src=\"https:\/\/www.eldigitaldeasturias.com\/noticias\/wp-content\/uploads\/2016\/09\/fotonoticia_20160906140554_800-360x270.jpg\" alt=\"fotonoticia_20160906140554_800\" width=\"360\" height=\"270\" srcset=\"https:\/\/www.eldigitaldeasturias.com\/noticias\/wp-content\/uploads\/2016\/09\/fotonoticia_20160906140554_800-360x270.jpg 360w, https:\/\/www.eldigitaldeasturias.com\/noticias\/wp-content\/uploads\/2016\/09\/fotonoticia_20160906140554_800-768x576.jpg 768w, https:\/\/www.eldigitaldeasturias.com\/noticias\/wp-content\/uploads\/2016\/09\/fotonoticia_20160906140554_800-650x488.jpg 650w, https:\/\/www.eldigitaldeasturias.com\/noticias\/wp-content\/uploads\/2016\/09\/fotonoticia_20160906140554_800-125x95.jpg 125w, https:\/\/www.eldigitaldeasturias.com\/noticias\/wp-content\/uploads\/2016\/09\/fotonoticia_20160906140554_800-100x75.jpg 100w, https:\/\/www.eldigitaldeasturias.com\/noticias\/wp-content\/uploads\/2016\/09\/fotonoticia_20160906140554_800.jpg 800w\" sizes=\"auto, (max-width: 360px) 100vw, 360px\" \/>La mesa de turismo de FADE ha presentado este martes en rueda de prensa los datos de ocupaci\u00f3n en los establecimientos asturianos a lo largo de los meses de julio y agosto. Aunque los representantes de los diferentes sectores han coincidido en que ha sido un \u00abbuen verano\u00bb, han reclamado un mayor compromiso de las administraciones locales y regional con el sector.<\/p>\n<p>La mesa ha analizado los datos tanto de ocupaci\u00f3n hotelera como de turismo rural, turismo activo, ocupaci\u00f3n en campings y albergues y restauraci\u00f3n.<\/p>\n<p>En cuanto a la ocupaci\u00f3n hotelera, el presidente de Otea Fernando Corral ha constatado que las expectativas en lo referido a pernoctaciones se han cumplido, con una ocupaci\u00f3n del 74 por ciento en julio y del 90 por ciento en agosto. Se confirma as\u00ed, seg\u00fan Corral, la tendencia iniciada en Semana Santa y en el conjunto del primer cuatrimestre del a\u00f1o.<\/p>\n<p>Sobre el precio y la rentabilidad de los establecimientos hoteleros, Corral ha detallado que se ha recuperado \u00aben torno al 4 por ciento\u00bb del precio despu\u00e9s de \u00abunos a\u00f1os muy duros\u00bb, con lo que ha aumentado la rentabilidad y la estabilidad. Todo ello, ha matizado, \u00absin lanzar mensajes triunfalistas\u00bb.<\/p>\n<p>Si bien el grueso del turismo procede de diferentes partes de Espa\u00f1a, el sector ha detectado un incremento del turismo extranjero, en parte debido a la mejor\u00eda en las conexiones a\u00e9reas con puntos estrat\u00e9gicos de \u00e1mbito internacional como pueden ser Londres o Par\u00eds.<\/p>\n<p>A pesar de ello Corral ha pedido un mayor apoyo del Principado para, de cara a 2020, se produzca una mejora en la creaci\u00f3n del producto tur\u00edstico asturiano. \u00abEs un paso clave a la hora de afrontar el futuro\u00bb, ha se\u00f1alado, para finalizar pidiendo a la consejer\u00eda de Turismo que \u00abcrea de verdad\u00bb en el sector.<\/p>\n<p><strong>LOS CLIENTES CONSUMEN M\u00c1S A LA CARTA, PERO \u00abCON CONTENCI\u00d3N\u00bb<\/strong><\/p>\n<p>En cuanto a los datos referidos a la ocupaci\u00f3n en establecimientos de restauraci\u00f3n, el presidente de Otea Javier Mart\u00edn ha asegurado que se han cubierto las expectativas \u00abcon creces\u00bb, con un incremento del 12 por ciento en el n\u00famero de visitantes y con un aumento del consumo de productos a la carta. Respecto a esto \u00faltimo, ha explicado que siguen predominando los men\u00fas del d\u00eda, lo que evidencia que a\u00fan existe contenci\u00f3n en el gasto.<\/p>\n<p>Por su parte, el presidente de Otea Jos\u00e9 Luis \u00c1lvarez Almeida ha detallado los datos de turismo rural, indicando que la ocupaci\u00f3n se ha incrementado, hasta un 73 por ciento en julio y hasta el 91 por ciento en agosto. Los empresarios del sector han observado adem\u00e1s un incremento de turistas ingleses en el occidente asturiano que se dispon\u00edan a realizar el Camino de Santiago.<\/p>\n<p><strong>EL CAMINO DE SANTIAGO IMPULSA A LOS ALBERGUES ASTURIANOS<\/strong><\/p>\n<p>Para el presidente de la Asociaci\u00f3n de Turismo Activo y Albergues de Asturias (Ataya), Julio Bobes, este tambi\u00e9n ha sido un buen verano, al haber alcanzado los albergues asturianos una ocupaci\u00f3n en torno al 90-95 por ciento gracias al aumento del n\u00famero de peregrinos que realizaron la parte asturiana del Camino de Santiago.<\/p>\n<p>En cuanto a las actividades de turismo activo, en t\u00e9rminos generales el volumen de turistas se ha mantenido estable, siendo la segunda quincena de julio y la primera de agosto las m\u00e1s demandadas. S\u00ed han constatado desde Ataya un descenso de la demanda a partir del 20 de agosto y en fines de semana \u00abclaves\u00bb del verano, debido a la climatolog\u00eda y la densa bruma que cubri\u00f3 las costas asturianas.<\/p>\n<p>En representaci\u00f3n de la Asociaci\u00f3n Asturiana de Campings, Antonio Amieva ha destacado la estabilidad del verano en t\u00e9rminos de rentabilidad, precios y ocupaci\u00f3n, siendo agosto, con una ocupaci\u00f3n del 90 por ciento, el mes m\u00e1s demandado por delante de julio, cuando la ocupaci\u00f3n no super\u00f3 el 55 por ciento. En esta ocasi\u00f3n, los propietarios de campings han observado un incremento en el n\u00famero de turistas extranjeros, siendo el 60 por ciento nacionales y el 40 extranjeros.<\/p>\n<p>&nbsp;<\/p>\n","protected":false},"excerpt":{"rendered":"<p>La mesa de turismo de FADE ha presentado este martes en rueda de prensa los datos de ocupaci\u00f3n en los establecimientos asturianos a lo largo de los meses de julio y agosto. Aunque los representantes de los diferentes sectores han coincidido en que ha sido un \u00abbuen verano\u00bb, han reclamado un mayor compromiso de las [&hellip;]<\/p>\n","protected":false},"author":1,"featured_media":906151,"comment_status":"closed","ping_status":"closed","sticky":false,"template":"","format":"standard","meta":{"footnotes":""},"categories":[12],"tags":[],"class_list":["post-906150","post","type-post","status-publish","format-standard","has-post-thumbnail","hentry","category-actualidad-asturias"],"aioseo_notices":[],"aioseo_head":"\n\t\t<!-- All in One SEO Pro 4.9.6.2 - aioseo.com -->\n\t<meta name=\"description\" content=\"La mesa de turismo de FADE ha presentado este martes en rueda de prensa los datos de ocupaci\u00f3n en los establecimientos asturianos a lo largo de los meses de julio y agosto. Aunque los representantes de los diferentes sectores han coincidido en que ha sido un &quot;buen verano&quot;, han reclamado un mayor compromiso de las\" \/>\n\t<meta name=\"robots\" content=\"max-image-preview:large\" \/>\n\t<meta name=\"author\" content=\"El Digital de Asturias\"\/>\n\t<meta name=\"google-site-verification\" content=\"UA-38556648-1\" \/>\n\t<meta name=\"msvalidate.01\" content=\"7dfe9f3f1b24437ab69f4f2559babe99\" \/>\n\t<meta name=\"keywords\" content=\"actualidad asturias\" \/>\n\t<link rel=\"canonical\" href=\"https:\/\/www.eldigitaldeasturias.com\/noticias\/la-mesa-de-turismo-de-fade-valora-positivamente-el-verano-2016\/\" \/>\n\t<meta name=\"generator\" content=\"All in One SEO Pro (AIOSEO) 4.9.6.2\" \/>\n\t\t<meta property=\"og:locale\" content=\"es_ES\" \/>\n\t\t<meta property=\"og:site_name\" content=\"El Digital de Asturias\" \/>\n\t\t<meta property=\"og:type\" content=\"article\" \/>\n\t\t<meta property=\"og:title\" content=\"La mesa de turismo de FADE valora positivamente el verano 2016 - El Digital de Asturias\" \/>\n\t\t<meta property=\"og:description\" content=\"La mesa de turismo de FADE ha presentado este martes en rueda de prensa los datos de ocupaci\u00f3n en los establecimientos asturianos a lo largo de los meses de julio y agosto. Aunque los representantes de los diferentes sectores han coincidido en que ha sido un &quot;buen verano&quot;, han reclamado un mayor compromiso de las\" \/>\n\t\t<meta property=\"og:url\" content=\"https:\/\/www.eldigitaldeasturias.com\/noticias\/la-mesa-de-turismo-de-fade-valora-positivamente-el-verano-2016\/\" \/>\n\t\t<meta property=\"og:image\" content=\"https:\/\/www.eldigitaldeasturias.com\/noticias\/wp-content\/uploads\/2016\/09\/fotonoticia_20160906140554_800.jpg\" \/>\n\t\t<meta property=\"og:image:secure_url\" content=\"https:\/\/www.eldigitaldeasturias.com\/noticias\/wp-content\/uploads\/2016\/09\/fotonoticia_20160906140554_800.jpg\" \/>\n\t\t<meta property=\"og:image:width\" content=\"800\" \/>\n\t\t<meta property=\"og:image:height\" content=\"600\" \/>\n\t\t<meta property=\"article:tag\" content=\"actualidad asturias\" \/>\n\t\t<meta property=\"article:published_time\" content=\"2016-09-06T20:29:17+00:00\" \/>\n\t\t<meta property=\"article:modified_time\" content=\"2016-09-06T20:29:17+00:00\" \/>\n\t\t<meta property=\"article:publisher\" content=\"https:\/\/facebook.com\/eldigitaldeasturias\" \/>\n\t\t<meta name=\"twitter:card\" content=\"summary_large_image\" \/>\n\t\t<meta name=\"twitter:title\" content=\"La mesa de turismo de FADE valora positivamente el verano 2016 - El Digital de Asturias\" \/>\n\t\t<meta name=\"twitter:description\" content=\"La mesa de turismo de FADE ha presentado este martes en rueda de prensa los datos de ocupaci\u00f3n en los establecimientos asturianos a lo largo de los meses de julio y agosto. Aunque los representantes de los diferentes sectores han coincidido en que ha sido un &quot;buen verano&quot;, han reclamado un mayor compromiso de las\" \/>\n\t\t<meta name=\"twitter:image\" content=\"https:\/\/www.eldigitaldeasturias.com\/noticias\/wp-content\/uploads\/2016\/09\/fotonoticia_20160906140554_800.jpg\" \/>\n\t\t<meta name=\"twitter:label1\" content=\"Escrito por\" \/>\n\t\t<meta name=\"twitter:data1\" content=\"El Digital de Asturias\" \/>\n\t\t<meta name=\"twitter:label2\" content=\"Tiempo de lectura estimado\" \/>\n\t\t<meta name=\"twitter:data2\" content=\"3 minutos\" \/>\n\t\t<script type=\"application\/ld+json\" class=\"aioseo-schema\">\n\t\t\t{\"@context\":\"https:\\\/\\\/schema.org\",\"@graph\":[{\"@type\":\"BlogPosting\",\"@id\":\"https:\\\/\\\/www.eldigitaldeasturias.com\\\/noticias\\\/la-mesa-de-turismo-de-fade-valora-positivamente-el-verano-2016\\\/#blogposting\",\"name\":\"La mesa de turismo de FADE valora positivamente el verano 2016 - El Digital de Asturias\",\"headline\":\"La mesa de turismo de FADE valora positivamente el verano 2016\",\"author\":{\"@id\":\"https:\\\/\\\/www.eldigitaldeasturias.com\\\/noticias\\\/author\\\/admin\\\/#author\"},\"publisher\":{\"@id\":\"https:\\\/\\\/www.eldigitaldeasturias.com\\\/noticias\\\/#organization\"},\"image\":{\"@type\":\"ImageObject\",\"url\":\"https:\\\/\\\/www.eldigitaldeasturias.com\\\/noticias\\\/wp-content\\\/uploads\\\/2016\\\/09\\\/fotonoticia_20160906140554_800.jpg\",\"width\":800,\"height\":600},\"datePublished\":\"2016-09-06T21:29:17+02:00\",\"dateModified\":\"2016-09-06T21:29:17+02:00\",\"inLanguage\":\"es-ES\",\"mainEntityOfPage\":{\"@id\":\"https:\\\/\\\/www.eldigitaldeasturias.com\\\/noticias\\\/la-mesa-de-turismo-de-fade-valora-positivamente-el-verano-2016\\\/#webpage\"},\"isPartOf\":{\"@id\":\"https:\\\/\\\/www.eldigitaldeasturias.com\\\/noticias\\\/la-mesa-de-turismo-de-fade-valora-positivamente-el-verano-2016\\\/#webpage\"},\"articleSection\":\"Actualidad Asturias\"},{\"@type\":\"BreadcrumbList\",\"@id\":\"https:\\\/\\\/www.eldigitaldeasturias.com\\\/noticias\\\/la-mesa-de-turismo-de-fade-valora-positivamente-el-verano-2016\\\/#breadcrumblist\",\"itemListElement\":[{\"@type\":\"ListItem\",\"@id\":\"https:\\\/\\\/www.eldigitaldeasturias.com\\\/noticias#listItem\",\"position\":1,\"name\":\"Home\",\"item\":\"https:\\\/\\\/www.eldigitaldeasturias.com\\\/noticias\",\"nextItem\":{\"@type\":\"ListItem\",\"@id\":\"https:\\\/\\\/www.eldigitaldeasturias.com\\\/noticias\\\/category\\\/actualidad-asturias\\\/#listItem\",\"name\":\"Actualidad Asturias\"}},{\"@type\":\"ListItem\",\"@id\":\"https:\\\/\\\/www.eldigitaldeasturias.com\\\/noticias\\\/category\\\/actualidad-asturias\\\/#listItem\",\"position\":2,\"name\":\"Actualidad Asturias\",\"item\":\"https:\\\/\\\/www.eldigitaldeasturias.com\\\/noticias\\\/category\\\/actualidad-asturias\\\/\",\"nextItem\":{\"@type\":\"ListItem\",\"@id\":\"https:\\\/\\\/www.eldigitaldeasturias.com\\\/noticias\\\/la-mesa-de-turismo-de-fade-valora-positivamente-el-verano-2016\\\/#listItem\",\"name\":\"La mesa de turismo de FADE valora positivamente el verano 2016\"},\"previousItem\":{\"@type\":\"ListItem\",\"@id\":\"https:\\\/\\\/www.eldigitaldeasturias.com\\\/noticias#listItem\",\"name\":\"Home\"}},{\"@type\":\"ListItem\",\"@id\":\"https:\\\/\\\/www.eldigitaldeasturias.com\\\/noticias\\\/la-mesa-de-turismo-de-fade-valora-positivamente-el-verano-2016\\\/#listItem\",\"position\":3,\"name\":\"La mesa de turismo de FADE valora positivamente el verano 2016\",\"previousItem\":{\"@type\":\"ListItem\",\"@id\":\"https:\\\/\\\/www.eldigitaldeasturias.com\\\/noticias\\\/category\\\/actualidad-asturias\\\/#listItem\",\"name\":\"Actualidad Asturias\"}}]},{\"@type\":\"Organization\",\"@id\":\"https:\\\/\\\/www.eldigitaldeasturias.com\\\/noticias\\\/#organization\",\"name\":\"El Digital de Asturias\",\"description\":\"Hemeroteca\",\"url\":\"https:\\\/\\\/www.eldigitaldeasturias.com\\\/noticias\\\/\",\"email\":\"info@eldigitaldeasturias.com\",\"telephone\":\"+34652131393\",\"logo\":{\"@type\":\"ImageObject\",\"url\":\"https:\\\/\\\/www.eldigitaldeasturias.com\\\/noticias\\\/wp-content\\\/uploads\\\/2020\\\/12\\\/EDA.jpg\",\"@id\":\"https:\\\/\\\/www.eldigitaldeasturias.com\\\/noticias\\\/la-mesa-de-turismo-de-fade-valora-positivamente-el-verano-2016\\\/#organizationLogo\",\"width\":649,\"height\":297},\"image\":{\"@id\":\"https:\\\/\\\/www.eldigitaldeasturias.com\\\/noticias\\\/la-mesa-de-turismo-de-fade-valora-positivamente-el-verano-2016\\\/#organizationLogo\"},\"sameAs\":[\"https:\\\/\\\/facebook.com\\\/eldigitaldeasturias\",\"https:\\\/\\\/www.youtube.com\\\/channel\\\/UCZP-2wLEB9Rv6erhFmqVnvg\"],\"address\":{\"@id\":\"https:\\\/\\\/www.eldigitaldeasturias.com\\\/noticias\\\/#postaladdress\",\"@type\":\"PostalAddress\",\"streetAddress\":\"san antonio 4,\",\"postalCode\":\"33430\",\"addressLocality\":\"Cand\\u00e1s\",\"addressRegion\":\"Asturias\",\"addressCountry\":\"ES\"}},{\"@type\":\"Person\",\"@id\":\"https:\\\/\\\/www.eldigitaldeasturias.com\\\/noticias\\\/author\\\/admin\\\/#author\",\"url\":\"https:\\\/\\\/www.eldigitaldeasturias.com\\\/noticias\\\/author\\\/admin\\\/\",\"name\":\"El Digital de Asturias\",\"image\":{\"@type\":\"ImageObject\",\"@id\":\"https:\\\/\\\/www.eldigitaldeasturias.com\\\/noticias\\\/la-mesa-de-turismo-de-fade-valora-positivamente-el-verano-2016\\\/#authorImage\",\"url\":\"https:\\\/\\\/www.eldigitaldeasturias.com\\\/noticias\\\/wp-content\\\/litespeed\\\/avatar\\\/18677e78aa0546b92d9dbf31ec7d7668.jpg?ver=1777290358\",\"width\":96,\"height\":96,\"caption\":\"El Digital de Asturias\"}},{\"@type\":\"WebPage\",\"@id\":\"https:\\\/\\\/www.eldigitaldeasturias.com\\\/noticias\\\/la-mesa-de-turismo-de-fade-valora-positivamente-el-verano-2016\\\/#webpage\",\"url\":\"https:\\\/\\\/www.eldigitaldeasturias.com\\\/noticias\\\/la-mesa-de-turismo-de-fade-valora-positivamente-el-verano-2016\\\/\",\"name\":\"La mesa de turismo de FADE valora positivamente el verano 2016 - El Digital de Asturias\",\"description\":\"La mesa de turismo de FADE ha presentado este martes en rueda de prensa los datos de ocupaci\\u00f3n en los establecimientos asturianos a lo largo de los meses de julio y agosto. Aunque los representantes de los diferentes sectores han coincidido en que ha sido un \\\"buen verano\\\", han reclamado un mayor compromiso de las\",\"inLanguage\":\"es-ES\",\"isPartOf\":{\"@id\":\"https:\\\/\\\/www.eldigitaldeasturias.com\\\/noticias\\\/#website\"},\"breadcrumb\":{\"@id\":\"https:\\\/\\\/www.eldigitaldeasturias.com\\\/noticias\\\/la-mesa-de-turismo-de-fade-valora-positivamente-el-verano-2016\\\/#breadcrumblist\"},\"author\":{\"@id\":\"https:\\\/\\\/www.eldigitaldeasturias.com\\\/noticias\\\/author\\\/admin\\\/#author\"},\"creator\":{\"@id\":\"https:\\\/\\\/www.eldigitaldeasturias.com\\\/noticias\\\/author\\\/admin\\\/#author\"},\"image\":{\"@type\":\"ImageObject\",\"url\":\"https:\\\/\\\/www.eldigitaldeasturias.com\\\/noticias\\\/wp-content\\\/uploads\\\/2016\\\/09\\\/fotonoticia_20160906140554_800.jpg\",\"@id\":\"https:\\\/\\\/www.eldigitaldeasturias.com\\\/noticias\\\/la-mesa-de-turismo-de-fade-valora-positivamente-el-verano-2016\\\/#mainImage\",\"width\":800,\"height\":600},\"primaryImageOfPage\":{\"@id\":\"https:\\\/\\\/www.eldigitaldeasturias.com\\\/noticias\\\/la-mesa-de-turismo-de-fade-valora-positivamente-el-verano-2016\\\/#mainImage\"},\"datePublished\":\"2016-09-06T21:29:17+02:00\",\"dateModified\":\"2016-09-06T21:29:17+02:00\"},{\"@type\":\"WebSite\",\"@id\":\"https:\\\/\\\/www.eldigitaldeasturias.com\\\/noticias\\\/#website\",\"url\":\"https:\\\/\\\/www.eldigitaldeasturias.com\\\/noticias\\\/\",\"name\":\"El Digital de Asturias - Diario de actualidad y noticias\",\"alternateName\":\"El Digital de Asturias - Diario de actualidad y noticias\",\"description\":\"Hemeroteca\",\"inLanguage\":\"es-ES\",\"publisher\":{\"@id\":\"https:\\\/\\\/www.eldigitaldeasturias.com\\\/noticias\\\/#organization\"}}]}\n\t\t<\/script>\n\t\t<!-- All in One SEO Pro -->\r\n\t\t<title>La mesa de turismo de FADE valora positivamente el verano 2016 - El Digital de Asturias<\/title>\n\n","aioseo_head_json":{"title":"La mesa de turismo de FADE valora positivamente el verano 2016 - El Digital de Asturias","description":"La mesa de turismo de FADE ha presentado este martes en rueda de prensa los datos de ocupaci\u00f3n en los establecimientos asturianos a lo largo de los meses de julio y agosto. Aunque los representantes de los diferentes sectores han coincidido en que ha sido un \"buen verano\", han reclamado un mayor compromiso de las","canonical_url":"https:\/\/www.eldigitaldeasturias.com\/noticias\/la-mesa-de-turismo-de-fade-valora-positivamente-el-verano-2016\/","robots":"max-image-preview:large","keywords":"actualidad asturias","webmasterTools":{"google-site-verification":"UA-38556648-1","msvalidate.01":"7dfe9f3f1b24437ab69f4f2559babe99","miscellaneous":""},"schema":{"@context":"https:\/\/schema.org","@graph":[{"@type":"BlogPosting","@id":"https:\/\/www.eldigitaldeasturias.com\/noticias\/la-mesa-de-turismo-de-fade-valora-positivamente-el-verano-2016\/#blogposting","name":"La mesa de turismo de FADE valora positivamente el verano 2016 - El Digital de Asturias","headline":"La mesa de turismo de FADE valora positivamente el verano 2016","author":{"@id":"https:\/\/www.eldigitaldeasturias.com\/noticias\/author\/admin\/#author"},"publisher":{"@id":"https:\/\/www.eldigitaldeasturias.com\/noticias\/#organization"},"image":{"@type":"ImageObject","url":"https:\/\/www.eldigitaldeasturias.com\/noticias\/wp-content\/uploads\/2016\/09\/fotonoticia_20160906140554_800.jpg","width":800,"height":600},"datePublished":"2016-09-06T21:29:17+02:00","dateModified":"2016-09-06T21:29:17+02:00","inLanguage":"es-ES","mainEntityOfPage":{"@id":"https:\/\/www.eldigitaldeasturias.com\/noticias\/la-mesa-de-turismo-de-fade-valora-positivamente-el-verano-2016\/#webpage"},"isPartOf":{"@id":"https:\/\/www.eldigitaldeasturias.com\/noticias\/la-mesa-de-turismo-de-fade-valora-positivamente-el-verano-2016\/#webpage"},"articleSection":"Actualidad Asturias"},{"@type":"BreadcrumbList","@id":"https:\/\/www.eldigitaldeasturias.com\/noticias\/la-mesa-de-turismo-de-fade-valora-positivamente-el-verano-2016\/#breadcrumblist","itemListElement":[{"@type":"ListItem","@id":"https:\/\/www.eldigitaldeasturias.com\/noticias#listItem","position":1,"name":"Home","item":"https:\/\/www.eldigitaldeasturias.com\/noticias","nextItem":{"@type":"ListItem","@id":"https:\/\/www.eldigitaldeasturias.com\/noticias\/category\/actualidad-asturias\/#listItem","name":"Actualidad Asturias"}},{"@type":"ListItem","@id":"https:\/\/www.eldigitaldeasturias.com\/noticias\/category\/actualidad-asturias\/#listItem","position":2,"name":"Actualidad Asturias","item":"https:\/\/www.eldigitaldeasturias.com\/noticias\/category\/actualidad-asturias\/","nextItem":{"@type":"ListItem","@id":"https:\/\/www.eldigitaldeasturias.com\/noticias\/la-mesa-de-turismo-de-fade-valora-positivamente-el-verano-2016\/#listItem","name":"La mesa de turismo de FADE valora positivamente el verano 2016"},"previousItem":{"@type":"ListItem","@id":"https:\/\/www.eldigitaldeasturias.com\/noticias#listItem","name":"Home"}},{"@type":"ListItem","@id":"https:\/\/www.eldigitaldeasturias.com\/noticias\/la-mesa-de-turismo-de-fade-valora-positivamente-el-verano-2016\/#listItem","position":3,"name":"La mesa de turismo de FADE valora positivamente el verano 2016","previousItem":{"@type":"ListItem","@id":"https:\/\/www.eldigitaldeasturias.com\/noticias\/category\/actualidad-asturias\/#listItem","name":"Actualidad Asturias"}}]},{"@type":"Organization","@id":"https:\/\/www.eldigitaldeasturias.com\/noticias\/#organization","name":"El Digital de Asturias","description":"Hemeroteca","url":"https:\/\/www.eldigitaldeasturias.com\/noticias\/","email":"info@eldigitaldeasturias.com","telephone":"+34652131393","logo":{"@type":"ImageObject","url":"https:\/\/www.eldigitaldeasturias.com\/noticias\/wp-content\/uploads\/2020\/12\/EDA.jpg","@id":"https:\/\/www.eldigitaldeasturias.com\/noticias\/la-mesa-de-turismo-de-fade-valora-positivamente-el-verano-2016\/#organizationLogo","width":649,"height":297},"image":{"@id":"https:\/\/www.eldigitaldeasturias.com\/noticias\/la-mesa-de-turismo-de-fade-valora-positivamente-el-verano-2016\/#organizationLogo"},"sameAs":["https:\/\/facebook.com\/eldigitaldeasturias","https:\/\/www.youtube.com\/channel\/UCZP-2wLEB9Rv6erhFmqVnvg"],"address":{"@id":"https:\/\/www.eldigitaldeasturias.com\/noticias\/#postaladdress","@type":"PostalAddress","streetAddress":"san antonio 4,","postalCode":"33430","addressLocality":"Cand\u00e1s","addressRegion":"Asturias","addressCountry":"ES"}},{"@type":"Person","@id":"https:\/\/www.eldigitaldeasturias.com\/noticias\/author\/admin\/#author","url":"https:\/\/www.eldigitaldeasturias.com\/noticias\/author\/admin\/","name":"El Digital de Asturias","image":{"@type":"ImageObject","@id":"https:\/\/www.eldigitaldeasturias.com\/noticias\/la-mesa-de-turismo-de-fade-valora-positivamente-el-verano-2016\/#authorImage","url":"https:\/\/www.eldigitaldeasturias.com\/noticias\/wp-content\/litespeed\/avatar\/18677e78aa0546b92d9dbf31ec7d7668.jpg?ver=1777290358","width":96,"height":96,"caption":"El Digital de Asturias"}},{"@type":"WebPage","@id":"https:\/\/www.eldigitaldeasturias.com\/noticias\/la-mesa-de-turismo-de-fade-valora-positivamente-el-verano-2016\/#webpage","url":"https:\/\/www.eldigitaldeasturias.com\/noticias\/la-mesa-de-turismo-de-fade-valora-positivamente-el-verano-2016\/","name":"La mesa de turismo de FADE valora positivamente el verano 2016 - El Digital de Asturias","description":"La mesa de turismo de FADE ha presentado este martes en rueda de prensa los datos de ocupaci\u00f3n en los establecimientos asturianos a lo largo de los meses de julio y agosto. Aunque los representantes de los diferentes sectores han coincidido en que ha sido un \"buen verano\", han reclamado un mayor compromiso de las","inLanguage":"es-ES","isPartOf":{"@id":"https:\/\/www.eldigitaldeasturias.com\/noticias\/#website"},"breadcrumb":{"@id":"https:\/\/www.eldigitaldeasturias.com\/noticias\/la-mesa-de-turismo-de-fade-valora-positivamente-el-verano-2016\/#breadcrumblist"},"author":{"@id":"https:\/\/www.eldigitaldeasturias.com\/noticias\/author\/admin\/#author"},"creator":{"@id":"https:\/\/www.eldigitaldeasturias.com\/noticias\/author\/admin\/#author"},"image":{"@type":"ImageObject","url":"https:\/\/www.eldigitaldeasturias.com\/noticias\/wp-content\/uploads\/2016\/09\/fotonoticia_20160906140554_800.jpg","@id":"https:\/\/www.eldigitaldeasturias.com\/noticias\/la-mesa-de-turismo-de-fade-valora-positivamente-el-verano-2016\/#mainImage","width":800,"height":600},"primaryImageOfPage":{"@id":"https:\/\/www.eldigitaldeasturias.com\/noticias\/la-mesa-de-turismo-de-fade-valora-positivamente-el-verano-2016\/#mainImage"},"datePublished":"2016-09-06T21:29:17+02:00","dateModified":"2016-09-06T21:29:17+02:00"},{"@type":"WebSite","@id":"https:\/\/www.eldigitaldeasturias.com\/noticias\/#website","url":"https:\/\/www.eldigitaldeasturias.com\/noticias\/","name":"El Digital de Asturias - Diario de actualidad y noticias","alternateName":"El Digital de Asturias - Diario de actualidad y noticias","description":"Hemeroteca","inLanguage":"es-ES","publisher":{"@id":"https:\/\/www.eldigitaldeasturias.com\/noticias\/#organization"}}]},"og:locale":"es_ES","og:site_name":"El Digital de Asturias","og:type":"article","og:title":"La mesa de turismo de FADE valora positivamente el verano 2016 - El Digital de Asturias","og:description":"La mesa de turismo de FADE ha presentado este martes en rueda de prensa los datos de ocupaci\u00f3n en los establecimientos asturianos a lo largo de los meses de julio y agosto. Aunque los representantes de los diferentes sectores han coincidido en que ha sido un &quot;buen verano&quot;, han reclamado un mayor compromiso de las","og:url":"https:\/\/www.eldigitaldeasturias.com\/noticias\/la-mesa-de-turismo-de-fade-valora-positivamente-el-verano-2016\/","og:image":"https:\/\/www.eldigitaldeasturias.com\/noticias\/wp-content\/uploads\/2016\/09\/fotonoticia_20160906140554_800.jpg","og:image:secure_url":"https:\/\/www.eldigitaldeasturias.com\/noticias\/wp-content\/uploads\/2016\/09\/fotonoticia_20160906140554_800.jpg","og:image:width":800,"og:image:height":600,"article:tag":["actualidad asturias"],"article:published_time":"2016-09-06T20:29:17+00:00","article:modified_time":"2016-09-06T20:29:17+00:00","article:publisher":"https:\/\/facebook.com\/eldigitaldeasturias","twitter:card":"summary_large_image","twitter:title":"La mesa de turismo de FADE valora positivamente el verano 2016 - El Digital de Asturias","twitter:description":"La mesa de turismo de FADE ha presentado este martes en rueda de prensa los datos de ocupaci\u00f3n en los establecimientos asturianos a lo largo de los meses de julio y agosto. Aunque los representantes de los diferentes sectores han coincidido en que ha sido un &quot;buen verano&quot;, han reclamado un mayor compromiso de las","twitter:image":"https:\/\/www.eldigitaldeasturias.com\/noticias\/wp-content\/uploads\/2016\/09\/fotonoticia_20160906140554_800.jpg","twitter:label1":"Escrito por","twitter:data1":"El Digital de Asturias","twitter:label2":"Tiempo de lectura estimado","twitter:data2":"3 minutos"},"aioseo_meta_data":{"post_id":"906150","title":null,"description":null,"keywords":null,"keyphrases":null,"primary_term":null,"canonical_url":null,"og_title":null,"og_description":null,"og_object_type":"default","og_image_type":"default","og_image_url":null,"og_image_width":null,"og_image_height":null,"og_image_custom_url":null,"og_image_custom_fields":null,"og_video":null,"og_custom_url":null,"og_article_section":null,"og_article_tags":null,"twitter_use_og":false,"twitter_card":"default","twitter_image_type":"default","twitter_image_url":null,"twitter_image_custom_url":null,"twitter_image_custom_fields":null,"twitter_title":null,"twitter_description":null,"schema":{"blockGraphs":[],"customGraphs":[],"default":{"data":{"Article":[],"Course":[],"Dataset":[],"FAQPage":[],"Movie":[],"Person":[],"Product":[],"ProductReview":[],"Car":[],"Recipe":[],"Service":[],"SoftwareApplication":[],"WebPage":[]},"graphName":"","isEnabled":true},"graphs":[],"defaultGraph":"","defaultPostTypeGraph":""},"schema_type":null,"schema_type_options":null,"pillar_content":false,"robots_default":true,"robots_noindex":false,"robots_noarchive":false,"robots_nosnippet":false,"robots_nofollow":false,"robots_noimageindex":false,"robots_noodp":false,"robots_notranslate":false,"robots_max_snippet":null,"robots_max_videopreview":null,"robots_max_imagepreview":"large","priority":null,"frequency":null,"local_seo":null,"seo_analyzer_scan_date":"2025-11-30 08:03:11","breadcrumb_settings":null,"limit_modified_date":false,"open_ai":null,"ai":null,"created":"2020-12-21 14:01:57","updated":"2025-11-30 08:03:11"},"aioseo_breadcrumb":"<div class=\"aioseo-breadcrumbs\"><span class=\"aioseo-breadcrumb\">\n\t<a href=\"https:\/\/www.eldigitaldeasturias.com\/noticias\" title=\"Home\">Home<\/a>\n<\/span><span class=\"aioseo-breadcrumb-separator\">\u2013<\/span><span class=\"aioseo-breadcrumb\">\n\t<a href=\"https:\/\/www.eldigitaldeasturias.com\/noticias\/category\/actualidad-asturias\/\" title=\"Actualidad Asturias\">Actualidad Asturias<\/a>\n<\/span><span class=\"aioseo-breadcrumb-separator\">\u2013<\/span><span class=\"aioseo-breadcrumb\">\n\t<a href=\"https:\/\/www.eldigitaldeasturias.com\/noticias\/la-mesa-de-turismo-de-fade-valora-positivamente-el-verano-2016\/\" title=\"La mesa de turismo de FADE valora positivamente el verano 2016\">La mesa de turismo de FADE valora positivamente el verano 2016<\/a>\n<\/span><\/div>","aioseo_breadcrumb_json":[{"label":"Home","link":"https:\/\/www.eldigitaldeasturias.com\/noticias"},{"label":"Actualidad Asturias","link":"https:\/\/www.eldigitaldeasturias.com\/noticias\/category\/actualidad-asturias\/"},{"label":"La mesa de turismo de FADE valora positivamente el verano 2016","link":"https:\/\/www.eldigitaldeasturias.com\/noticias\/la-mesa-de-turismo-de-fade-valora-positivamente-el-verano-2016\/"}],"_links":{"self":[{"href":"https:\/\/www.eldigitaldeasturias.com\/noticias\/wp-json\/wp\/v2\/posts\/906150","targetHints":{"allow":["GET"]}}],"collection":[{"href":"https:\/\/www.eldigitaldeasturias.com\/noticias\/wp-json\/wp\/v2\/posts"}],"about":[{"href":"https:\/\/www.eldigitaldeasturias.com\/noticias\/wp-json\/wp\/v2\/types\/post"}],"author":[{"embeddable":true,"href":"https:\/\/www.eldigitaldeasturias.com\/noticias\/wp-json\/wp\/v2\/users\/1"}],"replies":[{"embeddable":true,"href":"https:\/\/www.eldigitaldeasturias.com\/noticias\/wp-json\/wp\/v2\/comments?post=906150"}],"version-history":[{"count":0,"href":"https:\/\/www.eldigitaldeasturias.com\/noticias\/wp-json\/wp\/v2\/posts\/906150\/revisions"}],"wp:featuredmedia":[{"embeddable":true,"href":"https:\/\/www.eldigitaldeasturias.com\/noticias\/wp-json\/wp\/v2\/media\/906151"}],"wp:attachment":[{"href":"https:\/\/www.eldigitaldeasturias.com\/noticias\/wp-json\/wp\/v2\/media?parent=906150"}],"wp:term":[{"taxonomy":"category","embeddable":true,"href":"https:\/\/www.eldigitaldeasturias.com\/noticias\/wp-json\/wp\/v2\/categories?post=906150"},{"taxonomy":"post_tag","embeddable":true,"href":"https:\/\/www.eldigitaldeasturias.com\/noticias\/wp-json\/wp\/v2\/tags?post=906150"}],"curies":[{"name":"wp","href":"https:\/\/api.w.org\/{rel}","templated":true}]}}