{"id":906147,"date":"2016-09-06T21:26:48","date_gmt":"2016-09-06T20:26:48","guid":{"rendered":"http:\/\/www.eldigitaldeasturias.com\/noticias\/?p=906147"},"modified":"2016-09-06T21:26:48","modified_gmt":"2016-09-06T20:26:48","slug":"cristina-coto-javier-fernandez-sigue-sin-mover-un-dedo-en-el-seno-del-psoe","status":"publish","type":"post","link":"https:\/\/www.eldigitaldeasturias.com\/noticias\/cristina-coto-javier-fernandez-sigue-sin-mover-un-dedo-en-el-seno-del-psoe\/","title":{"rendered":"Cristina Coto: \u201cJavier Fern\u00e1ndez  sigue sin mover un dedo en el seno del PSOE\u201d"},"content":{"rendered":"<p><img loading=\"lazy\" decoding=\"async\" class=\"alignleft size-medium wp-image-906148\" src=\"https:\/\/www.eldigitaldeasturias.com\/noticias\/wp-content\/uploads\/2016\/09\/fotonoticia_20160906135856_800-360x240.jpg\" alt=\"fotonoticia_20160906135856_800\" width=\"360\" height=\"240\" srcset=\"https:\/\/www.eldigitaldeasturias.com\/noticias\/wp-content\/uploads\/2016\/09\/fotonoticia_20160906135856_800-360x240.jpg 360w, https:\/\/www.eldigitaldeasturias.com\/noticias\/wp-content\/uploads\/2016\/09\/fotonoticia_20160906135856_800-768x512.jpg 768w, https:\/\/www.eldigitaldeasturias.com\/noticias\/wp-content\/uploads\/2016\/09\/fotonoticia_20160906135856_800-650x433.jpg 650w, https:\/\/www.eldigitaldeasturias.com\/noticias\/wp-content\/uploads\/2016\/09\/fotonoticia_20160906135856_800-84x55.jpg 84w, https:\/\/www.eldigitaldeasturias.com\/noticias\/wp-content\/uploads\/2016\/09\/fotonoticia_20160906135856_800-49x32.jpg 49w, https:\/\/www.eldigitaldeasturias.com\/noticias\/wp-content\/uploads\/2016\/09\/fotonoticia_20160906135856_800.jpg 800w\" sizes=\"auto, (max-width: 360px) 100vw, 360px\" \/>La presidenta de Foro, Cristina Coto, ha acusado este martes al presidente del Gobierno de Asturias, Javier Fern\u00e1ndez de no mover un dedo en el PSOE para evitar los \u00absabotajes\u00bb de Pedro S\u00e1nchez que pueden llevar a los espa\u00f1oles a unas terceras elecciones generales en diciembre.<\/p>\n<p>Coto, en rueda de prensa tras la reuni\u00f3n de la comisi\u00f3n directiva de Foro, ha se\u00f1alado que Javier Fern\u00e1ndez \u00abcontempla el lamentable panorama con declaraciones para la galer\u00eda pero sin mover un dedo en el seno del PSOE. La situaci\u00f3n se hace cada d\u00eda m\u00e1s insostenible\u00bb.<\/p>\n<p>Sostiene que despu\u00e9s de dos elecciones en las que el PSOE ha ido cosechando los peores resultados de su historia es cuesti\u00f3n ya por s\u00ed misma para realizar alg\u00fan tipo de respuesta que enderece el rumbo del partido. \u00abPero es a\u00fan m\u00e1s injustificable que en la Comunidad Aut\u00f3noma con peores datos de despoblaci\u00f3n, de crecimiento econ\u00f3mico y de creaci\u00f3n de empleo el Presidente del Principado permanezca inoperante ante las instituciones como la Junta General del Principado y en el seno de su partido, en vez de reclamar una soluci\u00f3n urgente para remediar la par\u00e1lisis pol\u00edtica de Espa\u00f1a, cuya llave tiene el secretario general, Pedro S\u00e1nchez, enrocado en una cadena de &#8216;noes'\u00bb, a\u00f1ade.<\/p>\n<p>&nbsp;<\/p>\n","protected":false},"excerpt":{"rendered":"<p>La presidenta de Foro, Cristina Coto, ha acusado este martes al presidente del Gobierno de Asturias, Javier Fern\u00e1ndez de no mover un dedo en el PSOE para evitar los \u00absabotajes\u00bb de Pedro S\u00e1nchez que pueden llevar a los espa\u00f1oles a unas terceras elecciones generales en diciembre. Coto, en rueda de prensa tras la reuni\u00f3n de [&hellip;]<\/p>\n","protected":false},"author":1,"featured_media":906148,"comment_status":"closed","ping_status":"closed","sticky":false,"template":"","format":"standard","meta":{"footnotes":""},"categories":[12],"tags":[],"class_list":["post-906147","post","type-post","status-publish","format-standard","has-post-thumbnail","hentry","category-actualidad-asturias"],"aioseo_notices":[],"aioseo_head":"\n\t\t<!-- All in One SEO Pro 4.9.6.2 - aioseo.com -->\n\t<meta name=\"description\" content=\"La presidenta de Foro, Cristina Coto, ha acusado este martes al presidente del Gobierno de Asturias, Javier Fern\u00e1ndez de no mover un dedo en el PSOE para evitar los &quot;sabotajes&quot; de Pedro S\u00e1nchez que pueden llevar a los espa\u00f1oles a unas terceras elecciones generales en diciembre. Coto, en rueda de prensa tras la reuni\u00f3n de\" \/>\n\t<meta name=\"robots\" content=\"max-image-preview:large\" \/>\n\t<meta name=\"author\" content=\"El Digital de Asturias\"\/>\n\t<meta name=\"google-site-verification\" content=\"UA-38556648-1\" \/>\n\t<meta name=\"msvalidate.01\" content=\"7dfe9f3f1b24437ab69f4f2559babe99\" \/>\n\t<meta name=\"keywords\" content=\"actualidad asturias\" \/>\n\t<link rel=\"canonical\" href=\"https:\/\/www.eldigitaldeasturias.com\/noticias\/cristina-coto-javier-fernandez-sigue-sin-mover-un-dedo-en-el-seno-del-psoe\/\" \/>\n\t<meta name=\"generator\" content=\"All in One SEO Pro (AIOSEO) 4.9.6.2\" \/>\n\t\t<meta property=\"og:locale\" content=\"es_ES\" \/>\n\t\t<meta property=\"og:site_name\" content=\"El Digital de Asturias\" \/>\n\t\t<meta property=\"og:type\" content=\"article\" \/>\n\t\t<meta property=\"og:title\" content=\"Cristina Coto: \u201cJavier Fern\u00e1ndez sigue sin mover un dedo en el seno del PSOE\u201d - El Digital de Asturias\" \/>\n\t\t<meta property=\"og:description\" content=\"La presidenta de Foro, Cristina Coto, ha acusado este martes al presidente del Gobierno de Asturias, Javier Fern\u00e1ndez de no mover un dedo en el PSOE para evitar los &quot;sabotajes&quot; de Pedro S\u00e1nchez que pueden llevar a los espa\u00f1oles a unas terceras elecciones generales en diciembre. Coto, en rueda de prensa tras la reuni\u00f3n de\" \/>\n\t\t<meta property=\"og:url\" content=\"https:\/\/www.eldigitaldeasturias.com\/noticias\/cristina-coto-javier-fernandez-sigue-sin-mover-un-dedo-en-el-seno-del-psoe\/\" \/>\n\t\t<meta property=\"og:image\" content=\"https:\/\/www.eldigitaldeasturias.com\/noticias\/wp-content\/uploads\/2016\/09\/fotonoticia_20160906135856_800.jpg\" \/>\n\t\t<meta property=\"og:image:secure_url\" content=\"https:\/\/www.eldigitaldeasturias.com\/noticias\/wp-content\/uploads\/2016\/09\/fotonoticia_20160906135856_800.jpg\" \/>\n\t\t<meta property=\"og:image:width\" content=\"800\" \/>\n\t\t<meta property=\"og:image:height\" content=\"533\" \/>\n\t\t<meta property=\"article:tag\" content=\"actualidad asturias\" \/>\n\t\t<meta property=\"article:published_time\" content=\"2016-09-06T20:26:48+00:00\" \/>\n\t\t<meta property=\"article:modified_time\" content=\"2016-09-06T20:26:48+00:00\" \/>\n\t\t<meta property=\"article:publisher\" content=\"https:\/\/facebook.com\/eldigitaldeasturias\" \/>\n\t\t<meta name=\"twitter:card\" content=\"summary_large_image\" \/>\n\t\t<meta name=\"twitter:title\" content=\"Cristina Coto: \u201cJavier Fern\u00e1ndez sigue sin mover un dedo en el seno del PSOE\u201d - El Digital de Asturias\" \/>\n\t\t<meta name=\"twitter:description\" content=\"La presidenta de Foro, Cristina Coto, ha acusado este martes al presidente del Gobierno de Asturias, Javier Fern\u00e1ndez de no mover un dedo en el PSOE para evitar los &quot;sabotajes&quot; de Pedro S\u00e1nchez que pueden llevar a los espa\u00f1oles a unas terceras elecciones generales en diciembre. Coto, en rueda de prensa tras la reuni\u00f3n de\" \/>\n\t\t<meta name=\"twitter:image\" content=\"https:\/\/www.eldigitaldeasturias.com\/noticias\/wp-content\/uploads\/2016\/09\/fotonoticia_20160906135856_800.jpg\" \/>\n\t\t<meta name=\"twitter:label1\" content=\"Escrito por\" \/>\n\t\t<meta name=\"twitter:data1\" content=\"El Digital de Asturias\" \/>\n\t\t<meta name=\"twitter:label2\" content=\"Tiempo de lectura estimado\" \/>\n\t\t<meta name=\"twitter:data2\" content=\"1 minuto\" \/>\n\t\t<script type=\"application\/ld+json\" class=\"aioseo-schema\">\n\t\t\t{\"@context\":\"https:\\\/\\\/schema.org\",\"@graph\":[{\"@type\":\"BlogPosting\",\"@id\":\"https:\\\/\\\/www.eldigitaldeasturias.com\\\/noticias\\\/cristina-coto-javier-fernandez-sigue-sin-mover-un-dedo-en-el-seno-del-psoe\\\/#blogposting\",\"name\":\"Cristina Coto: \\u201cJavier Fern\\u00e1ndez sigue sin mover un dedo en el seno del PSOE\\u201d - El Digital de Asturias\",\"headline\":\"Cristina Coto: \\u201cJavier Fern\\u00e1ndez  sigue sin mover un dedo en el seno del PSOE\\u201d\",\"author\":{\"@id\":\"https:\\\/\\\/www.eldigitaldeasturias.com\\\/noticias\\\/author\\\/admin\\\/#author\"},\"publisher\":{\"@id\":\"https:\\\/\\\/www.eldigitaldeasturias.com\\\/noticias\\\/#organization\"},\"image\":{\"@type\":\"ImageObject\",\"url\":\"https:\\\/\\\/www.eldigitaldeasturias.com\\\/noticias\\\/wp-content\\\/uploads\\\/2016\\\/09\\\/fotonoticia_20160906135856_800.jpg\",\"width\":800,\"height\":533},\"datePublished\":\"2016-09-06T21:26:48+02:00\",\"dateModified\":\"2016-09-06T21:26:48+02:00\",\"inLanguage\":\"es-ES\",\"mainEntityOfPage\":{\"@id\":\"https:\\\/\\\/www.eldigitaldeasturias.com\\\/noticias\\\/cristina-coto-javier-fernandez-sigue-sin-mover-un-dedo-en-el-seno-del-psoe\\\/#webpage\"},\"isPartOf\":{\"@id\":\"https:\\\/\\\/www.eldigitaldeasturias.com\\\/noticias\\\/cristina-coto-javier-fernandez-sigue-sin-mover-un-dedo-en-el-seno-del-psoe\\\/#webpage\"},\"articleSection\":\"Actualidad Asturias\"},{\"@type\":\"BreadcrumbList\",\"@id\":\"https:\\\/\\\/www.eldigitaldeasturias.com\\\/noticias\\\/cristina-coto-javier-fernandez-sigue-sin-mover-un-dedo-en-el-seno-del-psoe\\\/#breadcrumblist\",\"itemListElement\":[{\"@type\":\"ListItem\",\"@id\":\"https:\\\/\\\/www.eldigitaldeasturias.com\\\/noticias#listItem\",\"position\":1,\"name\":\"Home\",\"item\":\"https:\\\/\\\/www.eldigitaldeasturias.com\\\/noticias\",\"nextItem\":{\"@type\":\"ListItem\",\"@id\":\"https:\\\/\\\/www.eldigitaldeasturias.com\\\/noticias\\\/category\\\/actualidad-asturias\\\/#listItem\",\"name\":\"Actualidad Asturias\"}},{\"@type\":\"ListItem\",\"@id\":\"https:\\\/\\\/www.eldigitaldeasturias.com\\\/noticias\\\/category\\\/actualidad-asturias\\\/#listItem\",\"position\":2,\"name\":\"Actualidad Asturias\",\"item\":\"https:\\\/\\\/www.eldigitaldeasturias.com\\\/noticias\\\/category\\\/actualidad-asturias\\\/\",\"nextItem\":{\"@type\":\"ListItem\",\"@id\":\"https:\\\/\\\/www.eldigitaldeasturias.com\\\/noticias\\\/cristina-coto-javier-fernandez-sigue-sin-mover-un-dedo-en-el-seno-del-psoe\\\/#listItem\",\"name\":\"Cristina Coto: \\u201cJavier Fern\\u00e1ndez  sigue sin mover un dedo en el seno del PSOE\\u201d\"},\"previousItem\":{\"@type\":\"ListItem\",\"@id\":\"https:\\\/\\\/www.eldigitaldeasturias.com\\\/noticias#listItem\",\"name\":\"Home\"}},{\"@type\":\"ListItem\",\"@id\":\"https:\\\/\\\/www.eldigitaldeasturias.com\\\/noticias\\\/cristina-coto-javier-fernandez-sigue-sin-mover-un-dedo-en-el-seno-del-psoe\\\/#listItem\",\"position\":3,\"name\":\"Cristina Coto: \\u201cJavier Fern\\u00e1ndez  sigue sin mover un dedo en el seno del PSOE\\u201d\",\"previousItem\":{\"@type\":\"ListItem\",\"@id\":\"https:\\\/\\\/www.eldigitaldeasturias.com\\\/noticias\\\/category\\\/actualidad-asturias\\\/#listItem\",\"name\":\"Actualidad Asturias\"}}]},{\"@type\":\"Organization\",\"@id\":\"https:\\\/\\\/www.eldigitaldeasturias.com\\\/noticias\\\/#organization\",\"name\":\"El Digital de Asturias\",\"description\":\"Hemeroteca\",\"url\":\"https:\\\/\\\/www.eldigitaldeasturias.com\\\/noticias\\\/\",\"email\":\"info@eldigitaldeasturias.com\",\"telephone\":\"+34652131393\",\"logo\":{\"@type\":\"ImageObject\",\"url\":\"https:\\\/\\\/www.eldigitaldeasturias.com\\\/noticias\\\/wp-content\\\/uploads\\\/2020\\\/12\\\/EDA.jpg\",\"@id\":\"https:\\\/\\\/www.eldigitaldeasturias.com\\\/noticias\\\/cristina-coto-javier-fernandez-sigue-sin-mover-un-dedo-en-el-seno-del-psoe\\\/#organizationLogo\",\"width\":649,\"height\":297},\"image\":{\"@id\":\"https:\\\/\\\/www.eldigitaldeasturias.com\\\/noticias\\\/cristina-coto-javier-fernandez-sigue-sin-mover-un-dedo-en-el-seno-del-psoe\\\/#organizationLogo\"},\"sameAs\":[\"https:\\\/\\\/facebook.com\\\/eldigitaldeasturias\",\"https:\\\/\\\/www.youtube.com\\\/channel\\\/UCZP-2wLEB9Rv6erhFmqVnvg\"],\"address\":{\"@id\":\"https:\\\/\\\/www.eldigitaldeasturias.com\\\/noticias\\\/#postaladdress\",\"@type\":\"PostalAddress\",\"streetAddress\":\"san antonio 4,\",\"postalCode\":\"33430\",\"addressLocality\":\"Cand\\u00e1s\",\"addressRegion\":\"Asturias\",\"addressCountry\":\"ES\"}},{\"@type\":\"Person\",\"@id\":\"https:\\\/\\\/www.eldigitaldeasturias.com\\\/noticias\\\/author\\\/admin\\\/#author\",\"url\":\"https:\\\/\\\/www.eldigitaldeasturias.com\\\/noticias\\\/author\\\/admin\\\/\",\"name\":\"El Digital de Asturias\",\"image\":{\"@type\":\"ImageObject\",\"@id\":\"https:\\\/\\\/www.eldigitaldeasturias.com\\\/noticias\\\/cristina-coto-javier-fernandez-sigue-sin-mover-un-dedo-en-el-seno-del-psoe\\\/#authorImage\",\"url\":\"https:\\\/\\\/www.eldigitaldeasturias.com\\\/noticias\\\/wp-content\\\/litespeed\\\/avatar\\\/18677e78aa0546b92d9dbf31ec7d7668.jpg?ver=1777290358\",\"width\":96,\"height\":96,\"caption\":\"El Digital de Asturias\"}},{\"@type\":\"WebPage\",\"@id\":\"https:\\\/\\\/www.eldigitaldeasturias.com\\\/noticias\\\/cristina-coto-javier-fernandez-sigue-sin-mover-un-dedo-en-el-seno-del-psoe\\\/#webpage\",\"url\":\"https:\\\/\\\/www.eldigitaldeasturias.com\\\/noticias\\\/cristina-coto-javier-fernandez-sigue-sin-mover-un-dedo-en-el-seno-del-psoe\\\/\",\"name\":\"Cristina Coto: \\u201cJavier Fern\\u00e1ndez sigue sin mover un dedo en el seno del PSOE\\u201d - El Digital de Asturias\",\"description\":\"La presidenta de Foro, Cristina Coto, ha acusado este martes al presidente del Gobierno de Asturias, Javier Fern\\u00e1ndez de no mover un dedo en el PSOE para evitar los \\\"sabotajes\\\" de Pedro S\\u00e1nchez que pueden llevar a los espa\\u00f1oles a unas terceras elecciones generales en diciembre. Coto, en rueda de prensa tras la reuni\\u00f3n de\",\"inLanguage\":\"es-ES\",\"isPartOf\":{\"@id\":\"https:\\\/\\\/www.eldigitaldeasturias.com\\\/noticias\\\/#website\"},\"breadcrumb\":{\"@id\":\"https:\\\/\\\/www.eldigitaldeasturias.com\\\/noticias\\\/cristina-coto-javier-fernandez-sigue-sin-mover-un-dedo-en-el-seno-del-psoe\\\/#breadcrumblist\"},\"author\":{\"@id\":\"https:\\\/\\\/www.eldigitaldeasturias.com\\\/noticias\\\/author\\\/admin\\\/#author\"},\"creator\":{\"@id\":\"https:\\\/\\\/www.eldigitaldeasturias.com\\\/noticias\\\/author\\\/admin\\\/#author\"},\"image\":{\"@type\":\"ImageObject\",\"url\":\"https:\\\/\\\/www.eldigitaldeasturias.com\\\/noticias\\\/wp-content\\\/uploads\\\/2016\\\/09\\\/fotonoticia_20160906135856_800.jpg\",\"@id\":\"https:\\\/\\\/www.eldigitaldeasturias.com\\\/noticias\\\/cristina-coto-javier-fernandez-sigue-sin-mover-un-dedo-en-el-seno-del-psoe\\\/#mainImage\",\"width\":800,\"height\":533},\"primaryImageOfPage\":{\"@id\":\"https:\\\/\\\/www.eldigitaldeasturias.com\\\/noticias\\\/cristina-coto-javier-fernandez-sigue-sin-mover-un-dedo-en-el-seno-del-psoe\\\/#mainImage\"},\"datePublished\":\"2016-09-06T21:26:48+02:00\",\"dateModified\":\"2016-09-06T21:26:48+02:00\"},{\"@type\":\"WebSite\",\"@id\":\"https:\\\/\\\/www.eldigitaldeasturias.com\\\/noticias\\\/#website\",\"url\":\"https:\\\/\\\/www.eldigitaldeasturias.com\\\/noticias\\\/\",\"name\":\"El Digital de Asturias - Diario de actualidad y noticias\",\"alternateName\":\"El Digital de Asturias - Diario de actualidad y noticias\",\"description\":\"Hemeroteca\",\"inLanguage\":\"es-ES\",\"publisher\":{\"@id\":\"https:\\\/\\\/www.eldigitaldeasturias.com\\\/noticias\\\/#organization\"}}]}\n\t\t<\/script>\n\t\t<!-- All in One SEO Pro -->\r\n\t\t<title>Cristina Coto: \u201cJavier Fern\u00e1ndez sigue sin mover un dedo en el seno del PSOE\u201d - El Digital de Asturias<\/title>\n\n","aioseo_head_json":{"title":"Cristina Coto: \u201cJavier Fern\u00e1ndez sigue sin mover un dedo en el seno del PSOE\u201d - El Digital de Asturias","description":"La presidenta de Foro, Cristina Coto, ha acusado este martes al presidente del Gobierno de Asturias, Javier Fern\u00e1ndez de no mover un dedo en el PSOE para evitar los \"sabotajes\" de Pedro S\u00e1nchez que pueden llevar a los espa\u00f1oles a unas terceras elecciones generales en diciembre. Coto, en rueda de prensa tras la reuni\u00f3n de","canonical_url":"https:\/\/www.eldigitaldeasturias.com\/noticias\/cristina-coto-javier-fernandez-sigue-sin-mover-un-dedo-en-el-seno-del-psoe\/","robots":"max-image-preview:large","keywords":"actualidad asturias","webmasterTools":{"google-site-verification":"UA-38556648-1","msvalidate.01":"7dfe9f3f1b24437ab69f4f2559babe99","miscellaneous":""},"schema":{"@context":"https:\/\/schema.org","@graph":[{"@type":"BlogPosting","@id":"https:\/\/www.eldigitaldeasturias.com\/noticias\/cristina-coto-javier-fernandez-sigue-sin-mover-un-dedo-en-el-seno-del-psoe\/#blogposting","name":"Cristina Coto: \u201cJavier Fern\u00e1ndez sigue sin mover un dedo en el seno del PSOE\u201d - El Digital de Asturias","headline":"Cristina Coto: \u201cJavier Fern\u00e1ndez  sigue sin mover un dedo en el seno del PSOE\u201d","author":{"@id":"https:\/\/www.eldigitaldeasturias.com\/noticias\/author\/admin\/#author"},"publisher":{"@id":"https:\/\/www.eldigitaldeasturias.com\/noticias\/#organization"},"image":{"@type":"ImageObject","url":"https:\/\/www.eldigitaldeasturias.com\/noticias\/wp-content\/uploads\/2016\/09\/fotonoticia_20160906135856_800.jpg","width":800,"height":533},"datePublished":"2016-09-06T21:26:48+02:00","dateModified":"2016-09-06T21:26:48+02:00","inLanguage":"es-ES","mainEntityOfPage":{"@id":"https:\/\/www.eldigitaldeasturias.com\/noticias\/cristina-coto-javier-fernandez-sigue-sin-mover-un-dedo-en-el-seno-del-psoe\/#webpage"},"isPartOf":{"@id":"https:\/\/www.eldigitaldeasturias.com\/noticias\/cristina-coto-javier-fernandez-sigue-sin-mover-un-dedo-en-el-seno-del-psoe\/#webpage"},"articleSection":"Actualidad Asturias"},{"@type":"BreadcrumbList","@id":"https:\/\/www.eldigitaldeasturias.com\/noticias\/cristina-coto-javier-fernandez-sigue-sin-mover-un-dedo-en-el-seno-del-psoe\/#breadcrumblist","itemListElement":[{"@type":"ListItem","@id":"https:\/\/www.eldigitaldeasturias.com\/noticias#listItem","position":1,"name":"Home","item":"https:\/\/www.eldigitaldeasturias.com\/noticias","nextItem":{"@type":"ListItem","@id":"https:\/\/www.eldigitaldeasturias.com\/noticias\/category\/actualidad-asturias\/#listItem","name":"Actualidad Asturias"}},{"@type":"ListItem","@id":"https:\/\/www.eldigitaldeasturias.com\/noticias\/category\/actualidad-asturias\/#listItem","position":2,"name":"Actualidad Asturias","item":"https:\/\/www.eldigitaldeasturias.com\/noticias\/category\/actualidad-asturias\/","nextItem":{"@type":"ListItem","@id":"https:\/\/www.eldigitaldeasturias.com\/noticias\/cristina-coto-javier-fernandez-sigue-sin-mover-un-dedo-en-el-seno-del-psoe\/#listItem","name":"Cristina Coto: \u201cJavier Fern\u00e1ndez  sigue sin mover un dedo en el seno del PSOE\u201d"},"previousItem":{"@type":"ListItem","@id":"https:\/\/www.eldigitaldeasturias.com\/noticias#listItem","name":"Home"}},{"@type":"ListItem","@id":"https:\/\/www.eldigitaldeasturias.com\/noticias\/cristina-coto-javier-fernandez-sigue-sin-mover-un-dedo-en-el-seno-del-psoe\/#listItem","position":3,"name":"Cristina Coto: \u201cJavier Fern\u00e1ndez  sigue sin mover un dedo en el seno del PSOE\u201d","previousItem":{"@type":"ListItem","@id":"https:\/\/www.eldigitaldeasturias.com\/noticias\/category\/actualidad-asturias\/#listItem","name":"Actualidad Asturias"}}]},{"@type":"Organization","@id":"https:\/\/www.eldigitaldeasturias.com\/noticias\/#organization","name":"El Digital de Asturias","description":"Hemeroteca","url":"https:\/\/www.eldigitaldeasturias.com\/noticias\/","email":"info@eldigitaldeasturias.com","telephone":"+34652131393","logo":{"@type":"ImageObject","url":"https:\/\/www.eldigitaldeasturias.com\/noticias\/wp-content\/uploads\/2020\/12\/EDA.jpg","@id":"https:\/\/www.eldigitaldeasturias.com\/noticias\/cristina-coto-javier-fernandez-sigue-sin-mover-un-dedo-en-el-seno-del-psoe\/#organizationLogo","width":649,"height":297},"image":{"@id":"https:\/\/www.eldigitaldeasturias.com\/noticias\/cristina-coto-javier-fernandez-sigue-sin-mover-un-dedo-en-el-seno-del-psoe\/#organizationLogo"},"sameAs":["https:\/\/facebook.com\/eldigitaldeasturias","https:\/\/www.youtube.com\/channel\/UCZP-2wLEB9Rv6erhFmqVnvg"],"address":{"@id":"https:\/\/www.eldigitaldeasturias.com\/noticias\/#postaladdress","@type":"PostalAddress","streetAddress":"san antonio 4,","postalCode":"33430","addressLocality":"Cand\u00e1s","addressRegion":"Asturias","addressCountry":"ES"}},{"@type":"Person","@id":"https:\/\/www.eldigitaldeasturias.com\/noticias\/author\/admin\/#author","url":"https:\/\/www.eldigitaldeasturias.com\/noticias\/author\/admin\/","name":"El Digital de Asturias","image":{"@type":"ImageObject","@id":"https:\/\/www.eldigitaldeasturias.com\/noticias\/cristina-coto-javier-fernandez-sigue-sin-mover-un-dedo-en-el-seno-del-psoe\/#authorImage","url":"https:\/\/www.eldigitaldeasturias.com\/noticias\/wp-content\/litespeed\/avatar\/18677e78aa0546b92d9dbf31ec7d7668.jpg?ver=1777290358","width":96,"height":96,"caption":"El Digital de Asturias"}},{"@type":"WebPage","@id":"https:\/\/www.eldigitaldeasturias.com\/noticias\/cristina-coto-javier-fernandez-sigue-sin-mover-un-dedo-en-el-seno-del-psoe\/#webpage","url":"https:\/\/www.eldigitaldeasturias.com\/noticias\/cristina-coto-javier-fernandez-sigue-sin-mover-un-dedo-en-el-seno-del-psoe\/","name":"Cristina Coto: \u201cJavier Fern\u00e1ndez sigue sin mover un dedo en el seno del PSOE\u201d - El Digital de Asturias","description":"La presidenta de Foro, Cristina Coto, ha acusado este martes al presidente del Gobierno de Asturias, Javier Fern\u00e1ndez de no mover un dedo en el PSOE para evitar los \"sabotajes\" de Pedro S\u00e1nchez que pueden llevar a los espa\u00f1oles a unas terceras elecciones generales en diciembre. Coto, en rueda de prensa tras la reuni\u00f3n de","inLanguage":"es-ES","isPartOf":{"@id":"https:\/\/www.eldigitaldeasturias.com\/noticias\/#website"},"breadcrumb":{"@id":"https:\/\/www.eldigitaldeasturias.com\/noticias\/cristina-coto-javier-fernandez-sigue-sin-mover-un-dedo-en-el-seno-del-psoe\/#breadcrumblist"},"author":{"@id":"https:\/\/www.eldigitaldeasturias.com\/noticias\/author\/admin\/#author"},"creator":{"@id":"https:\/\/www.eldigitaldeasturias.com\/noticias\/author\/admin\/#author"},"image":{"@type":"ImageObject","url":"https:\/\/www.eldigitaldeasturias.com\/noticias\/wp-content\/uploads\/2016\/09\/fotonoticia_20160906135856_800.jpg","@id":"https:\/\/www.eldigitaldeasturias.com\/noticias\/cristina-coto-javier-fernandez-sigue-sin-mover-un-dedo-en-el-seno-del-psoe\/#mainImage","width":800,"height":533},"primaryImageOfPage":{"@id":"https:\/\/www.eldigitaldeasturias.com\/noticias\/cristina-coto-javier-fernandez-sigue-sin-mover-un-dedo-en-el-seno-del-psoe\/#mainImage"},"datePublished":"2016-09-06T21:26:48+02:00","dateModified":"2016-09-06T21:26:48+02:00"},{"@type":"WebSite","@id":"https:\/\/www.eldigitaldeasturias.com\/noticias\/#website","url":"https:\/\/www.eldigitaldeasturias.com\/noticias\/","name":"El Digital de Asturias - Diario de actualidad y noticias","alternateName":"El Digital de Asturias - Diario de actualidad y noticias","description":"Hemeroteca","inLanguage":"es-ES","publisher":{"@id":"https:\/\/www.eldigitaldeasturias.com\/noticias\/#organization"}}]},"og:locale":"es_ES","og:site_name":"El Digital de Asturias","og:type":"article","og:title":"Cristina Coto: \u201cJavier Fern\u00e1ndez sigue sin mover un dedo en el seno del PSOE\u201d - El Digital de Asturias","og:description":"La presidenta de Foro, Cristina Coto, ha acusado este martes al presidente del Gobierno de Asturias, Javier Fern\u00e1ndez de no mover un dedo en el PSOE para evitar los &quot;sabotajes&quot; de Pedro S\u00e1nchez que pueden llevar a los espa\u00f1oles a unas terceras elecciones generales en diciembre. Coto, en rueda de prensa tras la reuni\u00f3n de","og:url":"https:\/\/www.eldigitaldeasturias.com\/noticias\/cristina-coto-javier-fernandez-sigue-sin-mover-un-dedo-en-el-seno-del-psoe\/","og:image":"https:\/\/www.eldigitaldeasturias.com\/noticias\/wp-content\/uploads\/2016\/09\/fotonoticia_20160906135856_800.jpg","og:image:secure_url":"https:\/\/www.eldigitaldeasturias.com\/noticias\/wp-content\/uploads\/2016\/09\/fotonoticia_20160906135856_800.jpg","og:image:width":800,"og:image:height":533,"article:tag":["actualidad asturias"],"article:published_time":"2016-09-06T20:26:48+00:00","article:modified_time":"2016-09-06T20:26:48+00:00","article:publisher":"https:\/\/facebook.com\/eldigitaldeasturias","twitter:card":"summary_large_image","twitter:title":"Cristina Coto: \u201cJavier Fern\u00e1ndez sigue sin mover un dedo en el seno del PSOE\u201d - El Digital de Asturias","twitter:description":"La presidenta de Foro, Cristina Coto, ha acusado este martes al presidente del Gobierno de Asturias, Javier Fern\u00e1ndez de no mover un dedo en el PSOE para evitar los &quot;sabotajes&quot; de Pedro S\u00e1nchez que pueden llevar a los espa\u00f1oles a unas terceras elecciones generales en diciembre. Coto, en rueda de prensa tras la reuni\u00f3n de","twitter:image":"https:\/\/www.eldigitaldeasturias.com\/noticias\/wp-content\/uploads\/2016\/09\/fotonoticia_20160906135856_800.jpg","twitter:label1":"Escrito por","twitter:data1":"El Digital de Asturias","twitter:label2":"Tiempo de lectura estimado","twitter:data2":"1 minuto"},"aioseo_meta_data":{"post_id":"906147","title":null,"description":null,"keywords":null,"keyphrases":null,"primary_term":null,"canonical_url":null,"og_title":null,"og_description":null,"og_object_type":"default","og_image_type":"default","og_image_url":null,"og_image_width":null,"og_image_height":null,"og_image_custom_url":null,"og_image_custom_fields":null,"og_video":null,"og_custom_url":null,"og_article_section":null,"og_article_tags":null,"twitter_use_og":false,"twitter_card":"default","twitter_image_type":"default","twitter_image_url":null,"twitter_image_custom_url":null,"twitter_image_custom_fields":null,"twitter_title":null,"twitter_description":null,"schema":{"blockGraphs":[],"customGraphs":[],"default":{"data":{"Article":[],"Course":[],"Dataset":[],"FAQPage":[],"Movie":[],"Person":[],"Product":[],"ProductReview":[],"Car":[],"Recipe":[],"Service":[],"SoftwareApplication":[],"WebPage":[]},"graphName":"","isEnabled":true},"graphs":[],"defaultGraph":"","defaultPostTypeGraph":""},"schema_type":null,"schema_type_options":null,"pillar_content":false,"robots_default":true,"robots_noindex":false,"robots_noarchive":false,"robots_nosnippet":false,"robots_nofollow":false,"robots_noimageindex":false,"robots_noodp":false,"robots_notranslate":false,"robots_max_snippet":null,"robots_max_videopreview":null,"robots_max_imagepreview":"large","priority":null,"frequency":null,"local_seo":null,"seo_analyzer_scan_date":"2025-11-30 08:03:10","breadcrumb_settings":null,"limit_modified_date":false,"open_ai":null,"ai":null,"created":"2020-12-21 14:01:57","updated":"2025-11-30 08:03:10"},"aioseo_breadcrumb":"<div class=\"aioseo-breadcrumbs\"><span class=\"aioseo-breadcrumb\">\n\t<a href=\"https:\/\/www.eldigitaldeasturias.com\/noticias\" title=\"Home\">Home<\/a>\n<\/span><span class=\"aioseo-breadcrumb-separator\">\u2013<\/span><span class=\"aioseo-breadcrumb\">\n\t<a href=\"https:\/\/www.eldigitaldeasturias.com\/noticias\/category\/actualidad-asturias\/\" title=\"Actualidad Asturias\">Actualidad Asturias<\/a>\n<\/span><span class=\"aioseo-breadcrumb-separator\">\u2013<\/span><span class=\"aioseo-breadcrumb\">\n\t<a href=\"https:\/\/www.eldigitaldeasturias.com\/noticias\/cristina-coto-javier-fernandez-sigue-sin-mover-un-dedo-en-el-seno-del-psoe\/\" title=\"Cristina Coto: \u201cJavier Fern\u00e1ndez  sigue sin mover un dedo en el seno del PSOE\u201d\">Cristina Coto: \u201cJavier Fern\u00e1ndez  sigue sin mover un dedo en el seno del PSOE\u201d<\/a>\n<\/span><\/div>","aioseo_breadcrumb_json":[{"label":"Home","link":"https:\/\/www.eldigitaldeasturias.com\/noticias"},{"label":"Actualidad Asturias","link":"https:\/\/www.eldigitaldeasturias.com\/noticias\/category\/actualidad-asturias\/"},{"label":"Cristina Coto: \u201cJavier Fern\u00e1ndez  sigue sin mover un dedo en el seno del PSOE\u201d","link":"https:\/\/www.eldigitaldeasturias.com\/noticias\/cristina-coto-javier-fernandez-sigue-sin-mover-un-dedo-en-el-seno-del-psoe\/"}],"_links":{"self":[{"href":"https:\/\/www.eldigitaldeasturias.com\/noticias\/wp-json\/wp\/v2\/posts\/906147","targetHints":{"allow":["GET"]}}],"collection":[{"href":"https:\/\/www.eldigitaldeasturias.com\/noticias\/wp-json\/wp\/v2\/posts"}],"about":[{"href":"https:\/\/www.eldigitaldeasturias.com\/noticias\/wp-json\/wp\/v2\/types\/post"}],"author":[{"embeddable":true,"href":"https:\/\/www.eldigitaldeasturias.com\/noticias\/wp-json\/wp\/v2\/users\/1"}],"replies":[{"embeddable":true,"href":"https:\/\/www.eldigitaldeasturias.com\/noticias\/wp-json\/wp\/v2\/comments?post=906147"}],"version-history":[{"count":0,"href":"https:\/\/www.eldigitaldeasturias.com\/noticias\/wp-json\/wp\/v2\/posts\/906147\/revisions"}],"wp:featuredmedia":[{"embeddable":true,"href":"https:\/\/www.eldigitaldeasturias.com\/noticias\/wp-json\/wp\/v2\/media\/906148"}],"wp:attachment":[{"href":"https:\/\/www.eldigitaldeasturias.com\/noticias\/wp-json\/wp\/v2\/media?parent=906147"}],"wp:term":[{"taxonomy":"category","embeddable":true,"href":"https:\/\/www.eldigitaldeasturias.com\/noticias\/wp-json\/wp\/v2\/categories?post=906147"},{"taxonomy":"post_tag","embeddable":true,"href":"https:\/\/www.eldigitaldeasturias.com\/noticias\/wp-json\/wp\/v2\/tags?post=906147"}],"curies":[{"name":"wp","href":"https:\/\/api.w.org\/{rel}","templated":true}]}}