{"id":906136,"date":"2016-09-06T21:02:58","date_gmt":"2016-09-06T20:02:58","guid":{"rendered":"http:\/\/www.eldigitaldeasturias.com\/noticias\/?p=906136"},"modified":"2016-09-06T21:02:58","modified_gmt":"2016-09-06T20:02:58","slug":"el-principado-contratara-a-una-empresa-para-el-mantenimiento-y-explotacion-de-los-tuneles-asturianos","status":"publish","type":"post","link":"https:\/\/www.eldigitaldeasturias.com\/noticias\/el-principado-contratara-a-una-empresa-para-el-mantenimiento-y-explotacion-de-los-tuneles-asturianos\/","title":{"rendered":"El Principado contratar\u00e1 a una empresa para el mantenimiento y explotaci\u00f3n de los t\u00faneles asturianos"},"content":{"rendered":"<p><img loading=\"lazy\" decoding=\"async\" class=\"alignleft size-medium wp-image-906137\" src=\"https:\/\/www.eldigitaldeasturias.com\/noticias\/wp-content\/uploads\/2016\/09\/fotonoticia_20160906133232_800-360x203.jpg\" alt=\"fotonoticia_20160906133232_800\" width=\"360\" height=\"203\" srcset=\"https:\/\/www.eldigitaldeasturias.com\/noticias\/wp-content\/uploads\/2016\/09\/fotonoticia_20160906133232_800-360x203.jpg 360w, https:\/\/www.eldigitaldeasturias.com\/noticias\/wp-content\/uploads\/2016\/09\/fotonoticia_20160906133232_800-768x433.jpg 768w, https:\/\/www.eldigitaldeasturias.com\/noticias\/wp-content\/uploads\/2016\/09\/fotonoticia_20160906133232_800-650x366.jpg 650w, https:\/\/www.eldigitaldeasturias.com\/noticias\/wp-content\/uploads\/2016\/09\/fotonoticia_20160906133232_800.jpg 800w\" sizes=\"auto, (max-width: 360px) 100vw, 360px\" \/>La Consejer\u00eda de Infraestructuras, Ordenaci\u00f3n del Territorio y Medio Ambiente ha iniciado el expediente para contratar el mantenimiento y explotaci\u00f3n de los t\u00faneles de Ra\u00f1adoiro, La Monxina, Ria\u00f1o (Cadaval), La Zorera y San Tirso. El contrato, con un presupuesto de m\u00e1s de 1,1 millones para un periodo de 24 meses, prev\u00e9 dar continuidad al servicio actual a partir de diciembre.<\/p>\n<p>La consejera, Bel\u00e9n Fern\u00e1ndez, y el director general de Infraestructuras y Transportes, Jos\u00e9 Mar\u00eda Pertierra, han visitado este martes el Centro de Control de Ria\u00f1o, puesto en servicio tras la finalizaci\u00f3n de las obras de duplicaci\u00f3n de calzada de la carretera Avil\u00e9s-Puerto de Tarna, y desde el que se controla el paso de 25 millones de veh\u00edculos al a\u00f1o.<\/p>\n<p>El centro permite visualizar las im\u00e1genes captadas por las c\u00e1maras de Ria\u00f1o (Cadaval), del Hospital Central (HUCA), Ra\u00f1adoiro, y de los accesos al t\u00fanel de La Zorera, as\u00ed como gestionar posibles incidencias mediante un programa inform\u00e1tico. En los t\u00faneles de Ria\u00f1o, HUCA y Ra\u00f1adoiro tambi\u00e9n se ha instalado un sistema de detecci\u00f3n autom\u00e1tica de incidentes.<\/p>\n<p>La consejera ha explicado que ante el aumento de t\u00faneles con control automatizado, el Gobierno consider\u00f3 necesario centralizar la supervisi\u00f3n y el control en un \u00fanico lugar. Ese objetivo supuso un reto, ya que se trataba de distintos sistemas con equipos diferentes.<\/p>\n<p>Tras su entrada en funcionamiento en agosto de 2014 han ido incorpor\u00e1ndose otras instalaciones: en primer lugar, en 2015, las asociadas al t\u00fanel del Ra\u00f1adoiro en la AS-15, Cornellana-Puerto Cerredo y los accesos al HUCA en la OV-7, y, ya en 2016, las de los t\u00faneles de San Tirso y La Zorera en la Autov\u00eda Minera (AS-I), que une Mieres y Gij\u00f3n.<\/p>\n<p>Fern\u00e1ndez ha anunciado que la previsi\u00f3n es ir incorporando otros 17 t\u00faneles (de los 72 con que cuenta la red asturiana) que suman una longitud de 5.460 metros, con lo que quedar\u00eda garantizado el control de los m\u00e1s singulares por caracter\u00edsticas geom\u00e9tricas y tr\u00e1fico.<\/p>\n<p>En concreto, se asumir\u00eda el mantenimiento y la explotaci\u00f3n del resto de los t\u00faneles de la autov\u00eda minera AS-I (ocho, que suman 1.242 metros); el de la AS-114, en la variante de Cangas de On\u00eds; los de Fastia y Devoyu, en la AS-117, Ria\u00f1o-Puerto de Tarna; los cuatro de la AS-118, Luanco y Veri\u00f1a y los de El Corbero y La Cruz, en la &#8216;Y&#8217; de Bimenes. Una vez hayan finalizado estas incorporaciones, el centro pasar\u00e1 a controlar 67 millones de veh\u00edculos cada a\u00f1o.<\/p>\n<p>El equipo necesario para garantizar la explotaci\u00f3n y el mantenimiento de todos estos t\u00faneles est\u00e1 constituido por un responsable; cinco operadores de consola, cuya funci\u00f3n es la de garantizar el servicio de vigilancia durante las 24 horas del d\u00eda y personal para realizar labores de prevenci\u00f3n y vigilancia de las instalaciones.<\/p>\n<p>&nbsp;<\/p>\n<p>&nbsp;<\/p>\n","protected":false},"excerpt":{"rendered":"<p>La Consejer\u00eda de Infraestructuras, Ordenaci\u00f3n del Territorio y Medio Ambiente ha iniciado el expediente para contratar el mantenimiento y explotaci\u00f3n de los t\u00faneles de Ra\u00f1adoiro, La Monxina, Ria\u00f1o (Cadaval), La Zorera y San Tirso. El contrato, con un presupuesto de m\u00e1s de 1,1 millones para un periodo de 24 meses, prev\u00e9 dar continuidad al servicio [&hellip;]<\/p>\n","protected":false},"author":1,"featured_media":906137,"comment_status":"closed","ping_status":"closed","sticky":false,"template":"","format":"standard","meta":{"footnotes":""},"categories":[12],"tags":[],"class_list":["post-906136","post","type-post","status-publish","format-standard","has-post-thumbnail","hentry","category-actualidad-asturias"],"aioseo_notices":[],"aioseo_head":"\n\t\t<!-- All in One SEO Pro 4.9.6.2 - aioseo.com -->\n\t<meta name=\"description\" content=\"La Consejer\u00eda de Infraestructuras, Ordenaci\u00f3n del Territorio y Medio Ambiente ha iniciado el expediente para contratar el mantenimiento y explotaci\u00f3n de los t\u00faneles de Ra\u00f1adoiro, La Monxina, Ria\u00f1o (Cadaval), La Zorera y San Tirso. El contrato, con un presupuesto de m\u00e1s de 1,1 millones para un periodo de 24 meses, prev\u00e9 dar continuidad al servicio\" \/>\n\t<meta name=\"robots\" content=\"max-image-preview:large\" \/>\n\t<meta name=\"author\" content=\"El Digital de Asturias\"\/>\n\t<meta name=\"google-site-verification\" content=\"UA-38556648-1\" \/>\n\t<meta name=\"msvalidate.01\" content=\"7dfe9f3f1b24437ab69f4f2559babe99\" \/>\n\t<meta name=\"keywords\" content=\"actualidad asturias\" \/>\n\t<link rel=\"canonical\" href=\"https:\/\/www.eldigitaldeasturias.com\/noticias\/el-principado-contratara-a-una-empresa-para-el-mantenimiento-y-explotacion-de-los-tuneles-asturianos\/\" \/>\n\t<meta name=\"generator\" content=\"All in One SEO Pro (AIOSEO) 4.9.6.2\" \/>\n\t\t<meta property=\"og:locale\" content=\"es_ES\" \/>\n\t\t<meta property=\"og:site_name\" content=\"El Digital de Asturias\" \/>\n\t\t<meta property=\"og:type\" content=\"article\" \/>\n\t\t<meta property=\"og:title\" content=\"El Principado contratar\u00e1 a una empresa para el mantenimiento y explotaci\u00f3n de los t\u00faneles asturianos - El Digital de Asturias\" \/>\n\t\t<meta property=\"og:description\" content=\"La Consejer\u00eda de Infraestructuras, Ordenaci\u00f3n del Territorio y Medio Ambiente ha iniciado el expediente para contratar el mantenimiento y explotaci\u00f3n de los t\u00faneles de Ra\u00f1adoiro, La Monxina, Ria\u00f1o (Cadaval), La Zorera y San Tirso. El contrato, con un presupuesto de m\u00e1s de 1,1 millones para un periodo de 24 meses, prev\u00e9 dar continuidad al servicio\" \/>\n\t\t<meta property=\"og:url\" content=\"https:\/\/www.eldigitaldeasturias.com\/noticias\/el-principado-contratara-a-una-empresa-para-el-mantenimiento-y-explotacion-de-los-tuneles-asturianos\/\" \/>\n\t\t<meta property=\"og:image\" content=\"https:\/\/www.eldigitaldeasturias.com\/noticias\/wp-content\/uploads\/2016\/09\/fotonoticia_20160906133232_800.jpg\" \/>\n\t\t<meta property=\"og:image:secure_url\" content=\"https:\/\/www.eldigitaldeasturias.com\/noticias\/wp-content\/uploads\/2016\/09\/fotonoticia_20160906133232_800.jpg\" \/>\n\t\t<meta property=\"og:image:width\" content=\"800\" \/>\n\t\t<meta property=\"og:image:height\" content=\"451\" \/>\n\t\t<meta property=\"article:tag\" content=\"actualidad asturias\" \/>\n\t\t<meta property=\"article:published_time\" content=\"2016-09-06T20:02:58+00:00\" \/>\n\t\t<meta property=\"article:modified_time\" content=\"2016-09-06T20:02:58+00:00\" \/>\n\t\t<meta property=\"article:publisher\" content=\"https:\/\/facebook.com\/eldigitaldeasturias\" \/>\n\t\t<meta name=\"twitter:card\" content=\"summary_large_image\" \/>\n\t\t<meta name=\"twitter:title\" content=\"El Principado contratar\u00e1 a una empresa para el mantenimiento y explotaci\u00f3n de los t\u00faneles asturianos - El Digital de Asturias\" \/>\n\t\t<meta name=\"twitter:description\" content=\"La Consejer\u00eda de Infraestructuras, Ordenaci\u00f3n del Territorio y Medio Ambiente ha iniciado el expediente para contratar el mantenimiento y explotaci\u00f3n de los t\u00faneles de Ra\u00f1adoiro, La Monxina, Ria\u00f1o (Cadaval), La Zorera y San Tirso. El contrato, con un presupuesto de m\u00e1s de 1,1 millones para un periodo de 24 meses, prev\u00e9 dar continuidad al servicio\" \/>\n\t\t<meta name=\"twitter:image\" content=\"https:\/\/www.eldigitaldeasturias.com\/noticias\/wp-content\/uploads\/2016\/09\/fotonoticia_20160906133232_800.jpg\" \/>\n\t\t<meta name=\"twitter:label1\" content=\"Escrito por\" \/>\n\t\t<meta name=\"twitter:data1\" content=\"El Digital de Asturias\" \/>\n\t\t<meta name=\"twitter:label2\" content=\"Tiempo de lectura estimado\" \/>\n\t\t<meta name=\"twitter:data2\" content=\"3 minutos\" \/>\n\t\t<script type=\"application\/ld+json\" class=\"aioseo-schema\">\n\t\t\t{\"@context\":\"https:\\\/\\\/schema.org\",\"@graph\":[{\"@type\":\"BlogPosting\",\"@id\":\"https:\\\/\\\/www.eldigitaldeasturias.com\\\/noticias\\\/el-principado-contratara-a-una-empresa-para-el-mantenimiento-y-explotacion-de-los-tuneles-asturianos\\\/#blogposting\",\"name\":\"El Principado contratar\\u00e1 a una empresa para el mantenimiento y explotaci\\u00f3n de los t\\u00faneles asturianos - El Digital de Asturias\",\"headline\":\"El Principado contratar\\u00e1 a una empresa para el mantenimiento y explotaci\\u00f3n de los t\\u00faneles asturianos\",\"author\":{\"@id\":\"https:\\\/\\\/www.eldigitaldeasturias.com\\\/noticias\\\/author\\\/admin\\\/#author\"},\"publisher\":{\"@id\":\"https:\\\/\\\/www.eldigitaldeasturias.com\\\/noticias\\\/#organization\"},\"image\":{\"@type\":\"ImageObject\",\"url\":\"https:\\\/\\\/www.eldigitaldeasturias.com\\\/noticias\\\/wp-content\\\/uploads\\\/2016\\\/09\\\/fotonoticia_20160906133232_800.jpg\",\"width\":800,\"height\":451},\"datePublished\":\"2016-09-06T21:02:58+02:00\",\"dateModified\":\"2016-09-06T21:02:58+02:00\",\"inLanguage\":\"es-ES\",\"mainEntityOfPage\":{\"@id\":\"https:\\\/\\\/www.eldigitaldeasturias.com\\\/noticias\\\/el-principado-contratara-a-una-empresa-para-el-mantenimiento-y-explotacion-de-los-tuneles-asturianos\\\/#webpage\"},\"isPartOf\":{\"@id\":\"https:\\\/\\\/www.eldigitaldeasturias.com\\\/noticias\\\/el-principado-contratara-a-una-empresa-para-el-mantenimiento-y-explotacion-de-los-tuneles-asturianos\\\/#webpage\"},\"articleSection\":\"Actualidad Asturias\"},{\"@type\":\"BreadcrumbList\",\"@id\":\"https:\\\/\\\/www.eldigitaldeasturias.com\\\/noticias\\\/el-principado-contratara-a-una-empresa-para-el-mantenimiento-y-explotacion-de-los-tuneles-asturianos\\\/#breadcrumblist\",\"itemListElement\":[{\"@type\":\"ListItem\",\"@id\":\"https:\\\/\\\/www.eldigitaldeasturias.com\\\/noticias#listItem\",\"position\":1,\"name\":\"Home\",\"item\":\"https:\\\/\\\/www.eldigitaldeasturias.com\\\/noticias\",\"nextItem\":{\"@type\":\"ListItem\",\"@id\":\"https:\\\/\\\/www.eldigitaldeasturias.com\\\/noticias\\\/category\\\/actualidad-asturias\\\/#listItem\",\"name\":\"Actualidad Asturias\"}},{\"@type\":\"ListItem\",\"@id\":\"https:\\\/\\\/www.eldigitaldeasturias.com\\\/noticias\\\/category\\\/actualidad-asturias\\\/#listItem\",\"position\":2,\"name\":\"Actualidad Asturias\",\"item\":\"https:\\\/\\\/www.eldigitaldeasturias.com\\\/noticias\\\/category\\\/actualidad-asturias\\\/\",\"nextItem\":{\"@type\":\"ListItem\",\"@id\":\"https:\\\/\\\/www.eldigitaldeasturias.com\\\/noticias\\\/el-principado-contratara-a-una-empresa-para-el-mantenimiento-y-explotacion-de-los-tuneles-asturianos\\\/#listItem\",\"name\":\"El Principado contratar\\u00e1 a una empresa para el mantenimiento y explotaci\\u00f3n de los t\\u00faneles asturianos\"},\"previousItem\":{\"@type\":\"ListItem\",\"@id\":\"https:\\\/\\\/www.eldigitaldeasturias.com\\\/noticias#listItem\",\"name\":\"Home\"}},{\"@type\":\"ListItem\",\"@id\":\"https:\\\/\\\/www.eldigitaldeasturias.com\\\/noticias\\\/el-principado-contratara-a-una-empresa-para-el-mantenimiento-y-explotacion-de-los-tuneles-asturianos\\\/#listItem\",\"position\":3,\"name\":\"El Principado contratar\\u00e1 a una empresa para el mantenimiento y explotaci\\u00f3n de los t\\u00faneles asturianos\",\"previousItem\":{\"@type\":\"ListItem\",\"@id\":\"https:\\\/\\\/www.eldigitaldeasturias.com\\\/noticias\\\/category\\\/actualidad-asturias\\\/#listItem\",\"name\":\"Actualidad Asturias\"}}]},{\"@type\":\"Organization\",\"@id\":\"https:\\\/\\\/www.eldigitaldeasturias.com\\\/noticias\\\/#organization\",\"name\":\"El Digital de Asturias\",\"description\":\"Hemeroteca\",\"url\":\"https:\\\/\\\/www.eldigitaldeasturias.com\\\/noticias\\\/\",\"email\":\"info@eldigitaldeasturias.com\",\"telephone\":\"+34652131393\",\"logo\":{\"@type\":\"ImageObject\",\"url\":\"https:\\\/\\\/www.eldigitaldeasturias.com\\\/noticias\\\/wp-content\\\/uploads\\\/2020\\\/12\\\/EDA.jpg\",\"@id\":\"https:\\\/\\\/www.eldigitaldeasturias.com\\\/noticias\\\/el-principado-contratara-a-una-empresa-para-el-mantenimiento-y-explotacion-de-los-tuneles-asturianos\\\/#organizationLogo\",\"width\":649,\"height\":297},\"image\":{\"@id\":\"https:\\\/\\\/www.eldigitaldeasturias.com\\\/noticias\\\/el-principado-contratara-a-una-empresa-para-el-mantenimiento-y-explotacion-de-los-tuneles-asturianos\\\/#organizationLogo\"},\"sameAs\":[\"https:\\\/\\\/facebook.com\\\/eldigitaldeasturias\",\"https:\\\/\\\/www.youtube.com\\\/channel\\\/UCZP-2wLEB9Rv6erhFmqVnvg\"],\"address\":{\"@id\":\"https:\\\/\\\/www.eldigitaldeasturias.com\\\/noticias\\\/#postaladdress\",\"@type\":\"PostalAddress\",\"streetAddress\":\"san antonio 4,\",\"postalCode\":\"33430\",\"addressLocality\":\"Cand\\u00e1s\",\"addressRegion\":\"Asturias\",\"addressCountry\":\"ES\"}},{\"@type\":\"Person\",\"@id\":\"https:\\\/\\\/www.eldigitaldeasturias.com\\\/noticias\\\/author\\\/admin\\\/#author\",\"url\":\"https:\\\/\\\/www.eldigitaldeasturias.com\\\/noticias\\\/author\\\/admin\\\/\",\"name\":\"El Digital de Asturias\",\"image\":{\"@type\":\"ImageObject\",\"@id\":\"https:\\\/\\\/www.eldigitaldeasturias.com\\\/noticias\\\/el-principado-contratara-a-una-empresa-para-el-mantenimiento-y-explotacion-de-los-tuneles-asturianos\\\/#authorImage\",\"url\":\"https:\\\/\\\/www.eldigitaldeasturias.com\\\/noticias\\\/wp-content\\\/litespeed\\\/avatar\\\/18677e78aa0546b92d9dbf31ec7d7668.jpg?ver=1777290358\",\"width\":96,\"height\":96,\"caption\":\"El Digital de Asturias\"}},{\"@type\":\"WebPage\",\"@id\":\"https:\\\/\\\/www.eldigitaldeasturias.com\\\/noticias\\\/el-principado-contratara-a-una-empresa-para-el-mantenimiento-y-explotacion-de-los-tuneles-asturianos\\\/#webpage\",\"url\":\"https:\\\/\\\/www.eldigitaldeasturias.com\\\/noticias\\\/el-principado-contratara-a-una-empresa-para-el-mantenimiento-y-explotacion-de-los-tuneles-asturianos\\\/\",\"name\":\"El Principado contratar\\u00e1 a una empresa para el mantenimiento y explotaci\\u00f3n de los t\\u00faneles asturianos - El Digital de Asturias\",\"description\":\"La Consejer\\u00eda de Infraestructuras, Ordenaci\\u00f3n del Territorio y Medio Ambiente ha iniciado el expediente para contratar el mantenimiento y explotaci\\u00f3n de los t\\u00faneles de Ra\\u00f1adoiro, La Monxina, Ria\\u00f1o (Cadaval), La Zorera y San Tirso. El contrato, con un presupuesto de m\\u00e1s de 1,1 millones para un periodo de 24 meses, prev\\u00e9 dar continuidad al servicio\",\"inLanguage\":\"es-ES\",\"isPartOf\":{\"@id\":\"https:\\\/\\\/www.eldigitaldeasturias.com\\\/noticias\\\/#website\"},\"breadcrumb\":{\"@id\":\"https:\\\/\\\/www.eldigitaldeasturias.com\\\/noticias\\\/el-principado-contratara-a-una-empresa-para-el-mantenimiento-y-explotacion-de-los-tuneles-asturianos\\\/#breadcrumblist\"},\"author\":{\"@id\":\"https:\\\/\\\/www.eldigitaldeasturias.com\\\/noticias\\\/author\\\/admin\\\/#author\"},\"creator\":{\"@id\":\"https:\\\/\\\/www.eldigitaldeasturias.com\\\/noticias\\\/author\\\/admin\\\/#author\"},\"image\":{\"@type\":\"ImageObject\",\"url\":\"https:\\\/\\\/www.eldigitaldeasturias.com\\\/noticias\\\/wp-content\\\/uploads\\\/2016\\\/09\\\/fotonoticia_20160906133232_800.jpg\",\"@id\":\"https:\\\/\\\/www.eldigitaldeasturias.com\\\/noticias\\\/el-principado-contratara-a-una-empresa-para-el-mantenimiento-y-explotacion-de-los-tuneles-asturianos\\\/#mainImage\",\"width\":800,\"height\":451},\"primaryImageOfPage\":{\"@id\":\"https:\\\/\\\/www.eldigitaldeasturias.com\\\/noticias\\\/el-principado-contratara-a-una-empresa-para-el-mantenimiento-y-explotacion-de-los-tuneles-asturianos\\\/#mainImage\"},\"datePublished\":\"2016-09-06T21:02:58+02:00\",\"dateModified\":\"2016-09-06T21:02:58+02:00\"},{\"@type\":\"WebSite\",\"@id\":\"https:\\\/\\\/www.eldigitaldeasturias.com\\\/noticias\\\/#website\",\"url\":\"https:\\\/\\\/www.eldigitaldeasturias.com\\\/noticias\\\/\",\"name\":\"El Digital de Asturias - Diario de actualidad y noticias\",\"alternateName\":\"El Digital de Asturias - Diario de actualidad y noticias\",\"description\":\"Hemeroteca\",\"inLanguage\":\"es-ES\",\"publisher\":{\"@id\":\"https:\\\/\\\/www.eldigitaldeasturias.com\\\/noticias\\\/#organization\"}}]}\n\t\t<\/script>\n\t\t<!-- All in One SEO Pro -->\r\n\t\t<title>El Principado contratar\u00e1 a una empresa para el mantenimiento y explotaci\u00f3n de los t\u00faneles asturianos - El Digital de Asturias<\/title>\n\n","aioseo_head_json":{"title":"El Principado contratar\u00e1 a una empresa para el mantenimiento y explotaci\u00f3n de los t\u00faneles asturianos - El Digital de Asturias","description":"La Consejer\u00eda de Infraestructuras, Ordenaci\u00f3n del Territorio y Medio Ambiente ha iniciado el expediente para contratar el mantenimiento y explotaci\u00f3n de los t\u00faneles de Ra\u00f1adoiro, La Monxina, Ria\u00f1o (Cadaval), La Zorera y San Tirso. El contrato, con un presupuesto de m\u00e1s de 1,1 millones para un periodo de 24 meses, prev\u00e9 dar continuidad al servicio","canonical_url":"https:\/\/www.eldigitaldeasturias.com\/noticias\/el-principado-contratara-a-una-empresa-para-el-mantenimiento-y-explotacion-de-los-tuneles-asturianos\/","robots":"max-image-preview:large","keywords":"actualidad asturias","webmasterTools":{"google-site-verification":"UA-38556648-1","msvalidate.01":"7dfe9f3f1b24437ab69f4f2559babe99","miscellaneous":""},"schema":{"@context":"https:\/\/schema.org","@graph":[{"@type":"BlogPosting","@id":"https:\/\/www.eldigitaldeasturias.com\/noticias\/el-principado-contratara-a-una-empresa-para-el-mantenimiento-y-explotacion-de-los-tuneles-asturianos\/#blogposting","name":"El Principado contratar\u00e1 a una empresa para el mantenimiento y explotaci\u00f3n de los t\u00faneles asturianos - El Digital de Asturias","headline":"El Principado contratar\u00e1 a una empresa para el mantenimiento y explotaci\u00f3n de los t\u00faneles asturianos","author":{"@id":"https:\/\/www.eldigitaldeasturias.com\/noticias\/author\/admin\/#author"},"publisher":{"@id":"https:\/\/www.eldigitaldeasturias.com\/noticias\/#organization"},"image":{"@type":"ImageObject","url":"https:\/\/www.eldigitaldeasturias.com\/noticias\/wp-content\/uploads\/2016\/09\/fotonoticia_20160906133232_800.jpg","width":800,"height":451},"datePublished":"2016-09-06T21:02:58+02:00","dateModified":"2016-09-06T21:02:58+02:00","inLanguage":"es-ES","mainEntityOfPage":{"@id":"https:\/\/www.eldigitaldeasturias.com\/noticias\/el-principado-contratara-a-una-empresa-para-el-mantenimiento-y-explotacion-de-los-tuneles-asturianos\/#webpage"},"isPartOf":{"@id":"https:\/\/www.eldigitaldeasturias.com\/noticias\/el-principado-contratara-a-una-empresa-para-el-mantenimiento-y-explotacion-de-los-tuneles-asturianos\/#webpage"},"articleSection":"Actualidad Asturias"},{"@type":"BreadcrumbList","@id":"https:\/\/www.eldigitaldeasturias.com\/noticias\/el-principado-contratara-a-una-empresa-para-el-mantenimiento-y-explotacion-de-los-tuneles-asturianos\/#breadcrumblist","itemListElement":[{"@type":"ListItem","@id":"https:\/\/www.eldigitaldeasturias.com\/noticias#listItem","position":1,"name":"Home","item":"https:\/\/www.eldigitaldeasturias.com\/noticias","nextItem":{"@type":"ListItem","@id":"https:\/\/www.eldigitaldeasturias.com\/noticias\/category\/actualidad-asturias\/#listItem","name":"Actualidad Asturias"}},{"@type":"ListItem","@id":"https:\/\/www.eldigitaldeasturias.com\/noticias\/category\/actualidad-asturias\/#listItem","position":2,"name":"Actualidad Asturias","item":"https:\/\/www.eldigitaldeasturias.com\/noticias\/category\/actualidad-asturias\/","nextItem":{"@type":"ListItem","@id":"https:\/\/www.eldigitaldeasturias.com\/noticias\/el-principado-contratara-a-una-empresa-para-el-mantenimiento-y-explotacion-de-los-tuneles-asturianos\/#listItem","name":"El Principado contratar\u00e1 a una empresa para el mantenimiento y explotaci\u00f3n de los t\u00faneles asturianos"},"previousItem":{"@type":"ListItem","@id":"https:\/\/www.eldigitaldeasturias.com\/noticias#listItem","name":"Home"}},{"@type":"ListItem","@id":"https:\/\/www.eldigitaldeasturias.com\/noticias\/el-principado-contratara-a-una-empresa-para-el-mantenimiento-y-explotacion-de-los-tuneles-asturianos\/#listItem","position":3,"name":"El Principado contratar\u00e1 a una empresa para el mantenimiento y explotaci\u00f3n de los t\u00faneles asturianos","previousItem":{"@type":"ListItem","@id":"https:\/\/www.eldigitaldeasturias.com\/noticias\/category\/actualidad-asturias\/#listItem","name":"Actualidad Asturias"}}]},{"@type":"Organization","@id":"https:\/\/www.eldigitaldeasturias.com\/noticias\/#organization","name":"El Digital de Asturias","description":"Hemeroteca","url":"https:\/\/www.eldigitaldeasturias.com\/noticias\/","email":"info@eldigitaldeasturias.com","telephone":"+34652131393","logo":{"@type":"ImageObject","url":"https:\/\/www.eldigitaldeasturias.com\/noticias\/wp-content\/uploads\/2020\/12\/EDA.jpg","@id":"https:\/\/www.eldigitaldeasturias.com\/noticias\/el-principado-contratara-a-una-empresa-para-el-mantenimiento-y-explotacion-de-los-tuneles-asturianos\/#organizationLogo","width":649,"height":297},"image":{"@id":"https:\/\/www.eldigitaldeasturias.com\/noticias\/el-principado-contratara-a-una-empresa-para-el-mantenimiento-y-explotacion-de-los-tuneles-asturianos\/#organizationLogo"},"sameAs":["https:\/\/facebook.com\/eldigitaldeasturias","https:\/\/www.youtube.com\/channel\/UCZP-2wLEB9Rv6erhFmqVnvg"],"address":{"@id":"https:\/\/www.eldigitaldeasturias.com\/noticias\/#postaladdress","@type":"PostalAddress","streetAddress":"san antonio 4,","postalCode":"33430","addressLocality":"Cand\u00e1s","addressRegion":"Asturias","addressCountry":"ES"}},{"@type":"Person","@id":"https:\/\/www.eldigitaldeasturias.com\/noticias\/author\/admin\/#author","url":"https:\/\/www.eldigitaldeasturias.com\/noticias\/author\/admin\/","name":"El Digital de Asturias","image":{"@type":"ImageObject","@id":"https:\/\/www.eldigitaldeasturias.com\/noticias\/el-principado-contratara-a-una-empresa-para-el-mantenimiento-y-explotacion-de-los-tuneles-asturianos\/#authorImage","url":"https:\/\/www.eldigitaldeasturias.com\/noticias\/wp-content\/litespeed\/avatar\/18677e78aa0546b92d9dbf31ec7d7668.jpg?ver=1777290358","width":96,"height":96,"caption":"El Digital de Asturias"}},{"@type":"WebPage","@id":"https:\/\/www.eldigitaldeasturias.com\/noticias\/el-principado-contratara-a-una-empresa-para-el-mantenimiento-y-explotacion-de-los-tuneles-asturianos\/#webpage","url":"https:\/\/www.eldigitaldeasturias.com\/noticias\/el-principado-contratara-a-una-empresa-para-el-mantenimiento-y-explotacion-de-los-tuneles-asturianos\/","name":"El Principado contratar\u00e1 a una empresa para el mantenimiento y explotaci\u00f3n de los t\u00faneles asturianos - El Digital de Asturias","description":"La Consejer\u00eda de Infraestructuras, Ordenaci\u00f3n del Territorio y Medio Ambiente ha iniciado el expediente para contratar el mantenimiento y explotaci\u00f3n de los t\u00faneles de Ra\u00f1adoiro, La Monxina, Ria\u00f1o (Cadaval), La Zorera y San Tirso. El contrato, con un presupuesto de m\u00e1s de 1,1 millones para un periodo de 24 meses, prev\u00e9 dar continuidad al servicio","inLanguage":"es-ES","isPartOf":{"@id":"https:\/\/www.eldigitaldeasturias.com\/noticias\/#website"},"breadcrumb":{"@id":"https:\/\/www.eldigitaldeasturias.com\/noticias\/el-principado-contratara-a-una-empresa-para-el-mantenimiento-y-explotacion-de-los-tuneles-asturianos\/#breadcrumblist"},"author":{"@id":"https:\/\/www.eldigitaldeasturias.com\/noticias\/author\/admin\/#author"},"creator":{"@id":"https:\/\/www.eldigitaldeasturias.com\/noticias\/author\/admin\/#author"},"image":{"@type":"ImageObject","url":"https:\/\/www.eldigitaldeasturias.com\/noticias\/wp-content\/uploads\/2016\/09\/fotonoticia_20160906133232_800.jpg","@id":"https:\/\/www.eldigitaldeasturias.com\/noticias\/el-principado-contratara-a-una-empresa-para-el-mantenimiento-y-explotacion-de-los-tuneles-asturianos\/#mainImage","width":800,"height":451},"primaryImageOfPage":{"@id":"https:\/\/www.eldigitaldeasturias.com\/noticias\/el-principado-contratara-a-una-empresa-para-el-mantenimiento-y-explotacion-de-los-tuneles-asturianos\/#mainImage"},"datePublished":"2016-09-06T21:02:58+02:00","dateModified":"2016-09-06T21:02:58+02:00"},{"@type":"WebSite","@id":"https:\/\/www.eldigitaldeasturias.com\/noticias\/#website","url":"https:\/\/www.eldigitaldeasturias.com\/noticias\/","name":"El Digital de Asturias - Diario de actualidad y noticias","alternateName":"El Digital de Asturias - Diario de actualidad y noticias","description":"Hemeroteca","inLanguage":"es-ES","publisher":{"@id":"https:\/\/www.eldigitaldeasturias.com\/noticias\/#organization"}}]},"og:locale":"es_ES","og:site_name":"El Digital de Asturias","og:type":"article","og:title":"El Principado contratar\u00e1 a una empresa para el mantenimiento y explotaci\u00f3n de los t\u00faneles asturianos - El Digital de Asturias","og:description":"La Consejer\u00eda de Infraestructuras, Ordenaci\u00f3n del Territorio y Medio Ambiente ha iniciado el expediente para contratar el mantenimiento y explotaci\u00f3n de los t\u00faneles de Ra\u00f1adoiro, La Monxina, Ria\u00f1o (Cadaval), La Zorera y San Tirso. El contrato, con un presupuesto de m\u00e1s de 1,1 millones para un periodo de 24 meses, prev\u00e9 dar continuidad al servicio","og:url":"https:\/\/www.eldigitaldeasturias.com\/noticias\/el-principado-contratara-a-una-empresa-para-el-mantenimiento-y-explotacion-de-los-tuneles-asturianos\/","og:image":"https:\/\/www.eldigitaldeasturias.com\/noticias\/wp-content\/uploads\/2016\/09\/fotonoticia_20160906133232_800.jpg","og:image:secure_url":"https:\/\/www.eldigitaldeasturias.com\/noticias\/wp-content\/uploads\/2016\/09\/fotonoticia_20160906133232_800.jpg","og:image:width":800,"og:image:height":451,"article:tag":["actualidad asturias"],"article:published_time":"2016-09-06T20:02:58+00:00","article:modified_time":"2016-09-06T20:02:58+00:00","article:publisher":"https:\/\/facebook.com\/eldigitaldeasturias","twitter:card":"summary_large_image","twitter:title":"El Principado contratar\u00e1 a una empresa para el mantenimiento y explotaci\u00f3n de los t\u00faneles asturianos - El Digital de Asturias","twitter:description":"La Consejer\u00eda de Infraestructuras, Ordenaci\u00f3n del Territorio y Medio Ambiente ha iniciado el expediente para contratar el mantenimiento y explotaci\u00f3n de los t\u00faneles de Ra\u00f1adoiro, La Monxina, Ria\u00f1o (Cadaval), La Zorera y San Tirso. El contrato, con un presupuesto de m\u00e1s de 1,1 millones para un periodo de 24 meses, prev\u00e9 dar continuidad al servicio","twitter:image":"https:\/\/www.eldigitaldeasturias.com\/noticias\/wp-content\/uploads\/2016\/09\/fotonoticia_20160906133232_800.jpg","twitter:label1":"Escrito por","twitter:data1":"El Digital de Asturias","twitter:label2":"Tiempo de lectura estimado","twitter:data2":"3 minutos"},"aioseo_meta_data":{"post_id":"906136","title":null,"description":null,"keywords":null,"keyphrases":null,"primary_term":null,"canonical_url":null,"og_title":null,"og_description":null,"og_object_type":"default","og_image_type":"default","og_image_url":null,"og_image_width":null,"og_image_height":null,"og_image_custom_url":null,"og_image_custom_fields":null,"og_video":null,"og_custom_url":null,"og_article_section":null,"og_article_tags":null,"twitter_use_og":false,"twitter_card":"default","twitter_image_type":"default","twitter_image_url":null,"twitter_image_custom_url":null,"twitter_image_custom_fields":null,"twitter_title":null,"twitter_description":null,"schema":{"blockGraphs":[],"customGraphs":[],"default":{"data":{"Article":[],"Course":[],"Dataset":[],"FAQPage":[],"Movie":[],"Person":[],"Product":[],"ProductReview":[],"Car":[],"Recipe":[],"Service":[],"SoftwareApplication":[],"WebPage":[]},"graphName":"","isEnabled":true},"graphs":[],"defaultGraph":"","defaultPostTypeGraph":""},"schema_type":null,"schema_type_options":null,"pillar_content":false,"robots_default":true,"robots_noindex":false,"robots_noarchive":false,"robots_nosnippet":false,"robots_nofollow":false,"robots_noimageindex":false,"robots_noodp":false,"robots_notranslate":false,"robots_max_snippet":null,"robots_max_videopreview":null,"robots_max_imagepreview":"large","priority":null,"frequency":null,"local_seo":null,"seo_analyzer_scan_date":"2025-11-30 08:00:17","breadcrumb_settings":null,"limit_modified_date":false,"open_ai":null,"ai":null,"created":"2020-12-21 14:01:57","updated":"2025-11-30 08:00:17"},"aioseo_breadcrumb":"<div class=\"aioseo-breadcrumbs\"><span class=\"aioseo-breadcrumb\">\n\t<a href=\"https:\/\/www.eldigitaldeasturias.com\/noticias\" title=\"Home\">Home<\/a>\n<\/span><span class=\"aioseo-breadcrumb-separator\">\u2013<\/span><span class=\"aioseo-breadcrumb\">\n\t<a href=\"https:\/\/www.eldigitaldeasturias.com\/noticias\/category\/actualidad-asturias\/\" title=\"Actualidad Asturias\">Actualidad Asturias<\/a>\n<\/span><span class=\"aioseo-breadcrumb-separator\">\u2013<\/span><span class=\"aioseo-breadcrumb\">\n\t<a href=\"https:\/\/www.eldigitaldeasturias.com\/noticias\/el-principado-contratara-a-una-empresa-para-el-mantenimiento-y-explotacion-de-los-tuneles-asturianos\/\" title=\"El Principado contratar\u00e1 a una empresa para el mantenimiento y explotaci\u00f3n de los t\u00faneles asturianos\">El Principado contratar\u00e1 a una empresa para el mantenimiento y explotaci\u00f3n de los t\u00faneles asturianos<\/a>\n<\/span><\/div>","aioseo_breadcrumb_json":[{"label":"Home","link":"https:\/\/www.eldigitaldeasturias.com\/noticias"},{"label":"Actualidad Asturias","link":"https:\/\/www.eldigitaldeasturias.com\/noticias\/category\/actualidad-asturias\/"},{"label":"El Principado contratar\u00e1 a una empresa para el mantenimiento y explotaci\u00f3n de los t\u00faneles asturianos","link":"https:\/\/www.eldigitaldeasturias.com\/noticias\/el-principado-contratara-a-una-empresa-para-el-mantenimiento-y-explotacion-de-los-tuneles-asturianos\/"}],"_links":{"self":[{"href":"https:\/\/www.eldigitaldeasturias.com\/noticias\/wp-json\/wp\/v2\/posts\/906136","targetHints":{"allow":["GET"]}}],"collection":[{"href":"https:\/\/www.eldigitaldeasturias.com\/noticias\/wp-json\/wp\/v2\/posts"}],"about":[{"href":"https:\/\/www.eldigitaldeasturias.com\/noticias\/wp-json\/wp\/v2\/types\/post"}],"author":[{"embeddable":true,"href":"https:\/\/www.eldigitaldeasturias.com\/noticias\/wp-json\/wp\/v2\/users\/1"}],"replies":[{"embeddable":true,"href":"https:\/\/www.eldigitaldeasturias.com\/noticias\/wp-json\/wp\/v2\/comments?post=906136"}],"version-history":[{"count":0,"href":"https:\/\/www.eldigitaldeasturias.com\/noticias\/wp-json\/wp\/v2\/posts\/906136\/revisions"}],"wp:featuredmedia":[{"embeddable":true,"href":"https:\/\/www.eldigitaldeasturias.com\/noticias\/wp-json\/wp\/v2\/media\/906137"}],"wp:attachment":[{"href":"https:\/\/www.eldigitaldeasturias.com\/noticias\/wp-json\/wp\/v2\/media?parent=906136"}],"wp:term":[{"taxonomy":"category","embeddable":true,"href":"https:\/\/www.eldigitaldeasturias.com\/noticias\/wp-json\/wp\/v2\/categories?post=906136"},{"taxonomy":"post_tag","embeddable":true,"href":"https:\/\/www.eldigitaldeasturias.com\/noticias\/wp-json\/wp\/v2\/tags?post=906136"}],"curies":[{"name":"wp","href":"https:\/\/api.w.org\/{rel}","templated":true}]}}