{"id":906133,"date":"2016-09-06T20:33:53","date_gmt":"2016-09-06T19:33:53","guid":{"rendered":"http:\/\/www.eldigitaldeasturias.com\/noticias\/?p=906133"},"modified":"2016-09-06T20:33:53","modified_gmt":"2016-09-06T19:33:53","slug":"ugt-no-aceptara-ningun-nuevo-recorte-en-el-sistema-publico-de-pensiones","status":"publish","type":"post","link":"https:\/\/www.eldigitaldeasturias.com\/noticias\/ugt-no-aceptara-ningun-nuevo-recorte-en-el-sistema-publico-de-pensiones\/","title":{"rendered":"UGT no aceptar\u00e1 ning\u00fan nuevo recorte en el sistema p\u00fablico de pensiones"},"content":{"rendered":"<p><img loading=\"lazy\" decoding=\"async\" class=\"alignleft size-medium wp-image-906134\" src=\"https:\/\/www.eldigitaldeasturias.com\/noticias\/wp-content\/uploads\/2016\/09\/fotonoticia_20160906131914_800-360x239.jpg\" alt=\"fotonoticia_20160906131914_800\" width=\"360\" height=\"239\" srcset=\"https:\/\/www.eldigitaldeasturias.com\/noticias\/wp-content\/uploads\/2016\/09\/fotonoticia_20160906131914_800-360x239.jpg 360w, https:\/\/www.eldigitaldeasturias.com\/noticias\/wp-content\/uploads\/2016\/09\/fotonoticia_20160906131914_800-768x509.jpg 768w, https:\/\/www.eldigitaldeasturias.com\/noticias\/wp-content\/uploads\/2016\/09\/fotonoticia_20160906131914_800-650x431.jpg 650w, https:\/\/www.eldigitaldeasturias.com\/noticias\/wp-content\/uploads\/2016\/09\/fotonoticia_20160906131914_800-84x55.jpg 84w, https:\/\/www.eldigitaldeasturias.com\/noticias\/wp-content\/uploads\/2016\/09\/fotonoticia_20160906131914_800-49x32.jpg 49w, https:\/\/www.eldigitaldeasturias.com\/noticias\/wp-content\/uploads\/2016\/09\/fotonoticia_20160906131914_800.jpg 800w\" sizes=\"auto, (max-width: 360px) 100vw, 360px\" \/>UGT, a trav\u00e9s de su Uni\u00f3n de Jubilados y Pensionistas, ha iniciado desde ese martes, y para todo el mes de septiembre, una campa\u00f1a informativa para concienciar a la sociedad del problema econ\u00f3mico de las pensiones, provocado a su juicio \u00abpor la pol\u00edtica econ\u00f3mica impuesta por el Gobierno del PP\u00bb.<\/p>\n<p>En una nota, el sindicato, que advierte de que \u00abno aceptar\u00e1 ning\u00fan nuevo recorte en el sistema p\u00fablico de pensiones\u00bb, considera que el problema del mismo no es de gastos, sino de ingresos, por lo que apela al consenso y ve necesario buscar mecanismos alternativos de financiaci\u00f3n, v\u00eda impuestos.<\/p>\n<p>Bajo el lema \u00ab\u00a1No te quedes parado, la pensi\u00f3n es tu derecho, tu bienestar y el de los tuyos. Defi\u00e9ndela!\u00bb, la Uni\u00f3n de Jubilados y Pensionistas de UGT junto con la Comisi\u00f3n Ejecutiva Confederal del sindicato, inicia una campa\u00f1a informativa para alertar sobre el deterioro del sistema de pensiones en los \u00faltimos cuatro a\u00f1os, \u00abante las decisiones y reformas adoptadas por el Gobierno del PP e informar de las propuestas de UGT para salvaguardar y reforzar el sistema\u00bb.<\/p>\n<p>Esta campa\u00f1a, que tendr\u00e1 lugar en toda Espa\u00f1a, contempla la celebraci\u00f3n de asambleas informativas y acciones de reparto de propaganda a pie de calle, como en centros de salud, residencias, centros comerciales, bocas de metro y paradas de autob\u00fas, y finalizar\u00e1 coincidiendo con el D\u00eda Internacional de las Personas Mayores, que se celebra el 1 de octubre.<\/p>\n<p><strong>USO \u00abABUSIVO\u00bb DEL FONDO DE RESERVA.<\/strong><\/p>\n<p>La Uni\u00f3n de Jubilados y Pensionistas de UGT denuncia el uso \u00ababusivo\u00bb que el Gobierno del PP ha hecho del Fondo de Reserva de la Seguridad Social, ya que \u00abel 1 de julio y sin informaci\u00f3n previa, el Gobierno en funciones sac\u00f3 8.700 millones de euros del Fondo de Reserva de la Seguridad Social y el d\u00eda 20 de este mismo mes, retir\u00f3 1.000 millones de euros, esta vez para liquidar el IRPF de las pensiones. D<\/p>\n<p>As\u00ed, lamenta que se haya pasado de contar con un Fondo de Reserva de 66.815 millones de euros en 2011 a 24.207 millones de euros actualmente. \u00abEl fondo apenas tiene recursos ya para afrontar tres n\u00f3minas mensuales y de seguir a este ritmo se agotar\u00e1 el a\u00f1o que viene, en 2017\u00bb, advierte.<\/p>\n<p>De igual forma, UGT alerta de que pese a la \u00abrecuperaci\u00f3n\u00bb, la Seguridad Social camina en 2016 hacia el d\u00e9ficit m\u00e1s abultado de su historia. La afiliaci\u00f3n crece (3,4% hasta junio) pero los ingresos no lo hacen igual (0,77%).<\/p>\n<p>Un grupo de investigadores de la Universidad de Valencia calcula que en 12 meses los gastos superar\u00e1n a los ingresos en m\u00e1s de 17.350 millones, 750 millones m\u00e1s que al cierre del a\u00f1o 2015. En esta l\u00ednea, apunta que \u00abfalla la financiaci\u00f3n del Sistema y esto se debe entre otras razones a las reformas laborales, que han facilitado la destrucci\u00f3n de empleo, han precarizado el trabajo y devaluado los salarios\u00bb.<\/p>\n<p>El sindicato denuncia, adem\u00e1s, que se deje de subvencionar la contrataci\u00f3n con cargo a la caja de la Seguridad Social, pues esta pr\u00e1ctica \u00abno est\u00e1 creando empleo y s\u00f3lo es una mera transferencia de rentas a las empresas\u00bb.<\/p>\n<p>Otros datos que recuerda UGT son el del descenso del n\u00famero de afiliados en un 11% entre el a\u00f1o 2007 a 2015 (se ha pasado de 19.396.291 personas afiliadas a 17.308.400). Y, aunque en este a\u00f1o se inicia un ligero repunte en la afiliaci\u00f3n, esto no se traduce en un incremento de las cotizaciones por afiliado, porque los nuevos empleos \u00abparciales, temporales y precarios\u00bb que se crean, causan la disminuci\u00f3n de las bases medias.<\/p>\n<p><strong>PIDE RECUPERAR EL PACTO DE TOLEDO Y EL DI\u00c1LOGO SOCIAL.<\/strong><\/p>\n<p>De esta forma, UGT considera que hay que recuperar el Pacto de Toledo y el di\u00e1logo social en materia de pensiones, lo que en suopini\u00f3n implica derogar la \u00faltima reforma del Gobierno del PP pues la aplicaci\u00f3n del \u00cdndice de Revalorizaci\u00f3n supone \u00abuna p\u00e9rdida creciente de capacidad adquisitiva de los pensionistas actuales y futuros (se calcula que en el medio y largo la pensi\u00f3n se reduzca entre un 15% y un 26%)\u00bb.<\/p>\n<p>Por ello, pide recuperar el \u00cdndice de Precios al Consumo como la referencia para la revalorizaci\u00f3n de las pensiones, en el sentido que reflejaba el antiguo art\u00edculo 48 de la Ley de la Seguridad Social 1\/1994, as\u00ed como derogar el Factor de Sostenibilidad.<\/p>\n<p>Asimismo, aboga por reconducir la regulaci\u00f3n de la jubilaci\u00f3n anticipada a la establecida en el Acuerdo Econ\u00f3mico y Social de febrero de 2011, suscrito por los interlocutores sociales y el Gobierno y trasladada posteriormente a la ley 27\/2011, de 1 de agosto, \u00abm\u00e1s proporcional, justa y equitativa\u00bb.<\/p>\n<p>Tambi\u00e9n por recuperar la utilidad y virtualidad de la jubilaci\u00f3n parcial y el contrato de relevo como medida de fomento del empleo, permitiendo acceder a la misma a partir de los 60 a\u00f1os de edad y eliminando cualquier tipo de penalizaci\u00f3n o traba que pueda dificultar un incremento de su utilizaci\u00f3n.<\/p>\n<p>&nbsp;<\/p>\n","protected":false},"excerpt":{"rendered":"<p>UGT, a trav\u00e9s de su Uni\u00f3n de Jubilados y Pensionistas, ha iniciado desde ese martes, y para todo el mes de septiembre, una campa\u00f1a informativa para concienciar a la sociedad del problema econ\u00f3mico de las pensiones, provocado a su juicio \u00abpor la pol\u00edtica econ\u00f3mica impuesta por el Gobierno del PP\u00bb. En una nota, el sindicato, [&hellip;]<\/p>\n","protected":false},"author":1,"featured_media":906134,"comment_status":"closed","ping_status":"closed","sticky":false,"template":"","format":"standard","meta":{"footnotes":""},"categories":[1],"tags":[],"class_list":["post-906133","post","type-post","status-publish","format-standard","has-post-thumbnail","hentry","category-actualidad"],"aioseo_notices":[],"aioseo_head":"\n\t\t<!-- All in One SEO Pro 4.9.6.2 - aioseo.com -->\n\t<meta name=\"description\" content=\"UGT, a trav\u00e9s de su Uni\u00f3n de Jubilados y Pensionistas, ha iniciado desde ese martes, y para todo el mes de septiembre, una campa\u00f1a informativa para concienciar a la sociedad del problema econ\u00f3mico de las pensiones, provocado a su juicio &quot;por la pol\u00edtica econ\u00f3mica impuesta por el Gobierno del PP&quot;. En una nota, el sindicato,\" \/>\n\t<meta name=\"robots\" content=\"max-image-preview:large\" \/>\n\t<meta name=\"author\" content=\"El Digital de Asturias\"\/>\n\t<meta name=\"google-site-verification\" content=\"UA-38556648-1\" \/>\n\t<meta name=\"msvalidate.01\" content=\"7dfe9f3f1b24437ab69f4f2559babe99\" \/>\n\t<meta name=\"keywords\" content=\"actualidad\" \/>\n\t<link rel=\"canonical\" href=\"https:\/\/www.eldigitaldeasturias.com\/noticias\/ugt-no-aceptara-ningun-nuevo-recorte-en-el-sistema-publico-de-pensiones\/\" \/>\n\t<meta name=\"generator\" content=\"All in One SEO Pro (AIOSEO) 4.9.6.2\" \/>\n\t\t<meta property=\"og:locale\" content=\"es_ES\" \/>\n\t\t<meta property=\"og:site_name\" content=\"El Digital de Asturias\" \/>\n\t\t<meta property=\"og:type\" content=\"article\" \/>\n\t\t<meta property=\"og:title\" content=\"UGT no aceptar\u00e1 ning\u00fan nuevo recorte en el sistema p\u00fablico de pensiones - El Digital de Asturias\" \/>\n\t\t<meta property=\"og:description\" content=\"UGT, a trav\u00e9s de su Uni\u00f3n de Jubilados y Pensionistas, ha iniciado desde ese martes, y para todo el mes de septiembre, una campa\u00f1a informativa para concienciar a la sociedad del problema econ\u00f3mico de las pensiones, provocado a su juicio &quot;por la pol\u00edtica econ\u00f3mica impuesta por el Gobierno del PP&quot;. En una nota, el sindicato,\" \/>\n\t\t<meta property=\"og:url\" content=\"https:\/\/www.eldigitaldeasturias.com\/noticias\/ugt-no-aceptara-ningun-nuevo-recorte-en-el-sistema-publico-de-pensiones\/\" \/>\n\t\t<meta property=\"og:image\" content=\"https:\/\/www.eldigitaldeasturias.com\/noticias\/wp-content\/uploads\/2016\/09\/fotonoticia_20160906131914_800.jpg\" \/>\n\t\t<meta property=\"og:image:secure_url\" content=\"https:\/\/www.eldigitaldeasturias.com\/noticias\/wp-content\/uploads\/2016\/09\/fotonoticia_20160906131914_800.jpg\" \/>\n\t\t<meta property=\"og:image:width\" content=\"800\" \/>\n\t\t<meta property=\"og:image:height\" content=\"530\" \/>\n\t\t<meta property=\"article:tag\" content=\"actualidad\" \/>\n\t\t<meta property=\"article:published_time\" content=\"2016-09-06T19:33:53+00:00\" \/>\n\t\t<meta property=\"article:modified_time\" content=\"2016-09-06T19:33:53+00:00\" \/>\n\t\t<meta property=\"article:publisher\" content=\"https:\/\/facebook.com\/eldigitaldeasturias\" \/>\n\t\t<meta name=\"twitter:card\" content=\"summary_large_image\" \/>\n\t\t<meta name=\"twitter:title\" content=\"UGT no aceptar\u00e1 ning\u00fan nuevo recorte en el sistema p\u00fablico de pensiones - El Digital de Asturias\" \/>\n\t\t<meta name=\"twitter:description\" content=\"UGT, a trav\u00e9s de su Uni\u00f3n de Jubilados y Pensionistas, ha iniciado desde ese martes, y para todo el mes de septiembre, una campa\u00f1a informativa para concienciar a la sociedad del problema econ\u00f3mico de las pensiones, provocado a su juicio &quot;por la pol\u00edtica econ\u00f3mica impuesta por el Gobierno del PP&quot;. En una nota, el sindicato,\" \/>\n\t\t<meta name=\"twitter:image\" content=\"https:\/\/www.eldigitaldeasturias.com\/noticias\/wp-content\/uploads\/2016\/09\/fotonoticia_20160906131914_800.jpg\" \/>\n\t\t<meta name=\"twitter:label1\" content=\"Escrito por\" \/>\n\t\t<meta name=\"twitter:data1\" content=\"El Digital de Asturias\" \/>\n\t\t<meta name=\"twitter:label2\" content=\"Tiempo de lectura estimado\" \/>\n\t\t<meta name=\"twitter:data2\" content=\"4 minutos\" \/>\n\t\t<script type=\"application\/ld+json\" class=\"aioseo-schema\">\n\t\t\t{\"@context\":\"https:\\\/\\\/schema.org\",\"@graph\":[{\"@type\":\"BlogPosting\",\"@id\":\"https:\\\/\\\/www.eldigitaldeasturias.com\\\/noticias\\\/ugt-no-aceptara-ningun-nuevo-recorte-en-el-sistema-publico-de-pensiones\\\/#blogposting\",\"name\":\"UGT no aceptar\\u00e1 ning\\u00fan nuevo recorte en el sistema p\\u00fablico de pensiones - El Digital de Asturias\",\"headline\":\"UGT no aceptar\\u00e1 ning\\u00fan nuevo recorte en el sistema p\\u00fablico de pensiones\",\"author\":{\"@id\":\"https:\\\/\\\/www.eldigitaldeasturias.com\\\/noticias\\\/author\\\/admin\\\/#author\"},\"publisher\":{\"@id\":\"https:\\\/\\\/www.eldigitaldeasturias.com\\\/noticias\\\/#organization\"},\"image\":{\"@type\":\"ImageObject\",\"url\":\"https:\\\/\\\/www.eldigitaldeasturias.com\\\/noticias\\\/wp-content\\\/uploads\\\/2016\\\/09\\\/fotonoticia_20160906131914_800.jpg\",\"width\":800,\"height\":530},\"datePublished\":\"2016-09-06T20:33:53+02:00\",\"dateModified\":\"2016-09-06T20:33:53+02:00\",\"inLanguage\":\"es-ES\",\"mainEntityOfPage\":{\"@id\":\"https:\\\/\\\/www.eldigitaldeasturias.com\\\/noticias\\\/ugt-no-aceptara-ningun-nuevo-recorte-en-el-sistema-publico-de-pensiones\\\/#webpage\"},\"isPartOf\":{\"@id\":\"https:\\\/\\\/www.eldigitaldeasturias.com\\\/noticias\\\/ugt-no-aceptara-ningun-nuevo-recorte-en-el-sistema-publico-de-pensiones\\\/#webpage\"},\"articleSection\":\"Actualidad\"},{\"@type\":\"BreadcrumbList\",\"@id\":\"https:\\\/\\\/www.eldigitaldeasturias.com\\\/noticias\\\/ugt-no-aceptara-ningun-nuevo-recorte-en-el-sistema-publico-de-pensiones\\\/#breadcrumblist\",\"itemListElement\":[{\"@type\":\"ListItem\",\"@id\":\"https:\\\/\\\/www.eldigitaldeasturias.com\\\/noticias#listItem\",\"position\":1,\"name\":\"Home\",\"item\":\"https:\\\/\\\/www.eldigitaldeasturias.com\\\/noticias\",\"nextItem\":{\"@type\":\"ListItem\",\"@id\":\"https:\\\/\\\/www.eldigitaldeasturias.com\\\/noticias\\\/category\\\/actualidad\\\/#listItem\",\"name\":\"Actualidad\"}},{\"@type\":\"ListItem\",\"@id\":\"https:\\\/\\\/www.eldigitaldeasturias.com\\\/noticias\\\/category\\\/actualidad\\\/#listItem\",\"position\":2,\"name\":\"Actualidad\",\"item\":\"https:\\\/\\\/www.eldigitaldeasturias.com\\\/noticias\\\/category\\\/actualidad\\\/\",\"nextItem\":{\"@type\":\"ListItem\",\"@id\":\"https:\\\/\\\/www.eldigitaldeasturias.com\\\/noticias\\\/ugt-no-aceptara-ningun-nuevo-recorte-en-el-sistema-publico-de-pensiones\\\/#listItem\",\"name\":\"UGT no aceptar\\u00e1 ning\\u00fan nuevo recorte en el sistema p\\u00fablico de pensiones\"},\"previousItem\":{\"@type\":\"ListItem\",\"@id\":\"https:\\\/\\\/www.eldigitaldeasturias.com\\\/noticias#listItem\",\"name\":\"Home\"}},{\"@type\":\"ListItem\",\"@id\":\"https:\\\/\\\/www.eldigitaldeasturias.com\\\/noticias\\\/ugt-no-aceptara-ningun-nuevo-recorte-en-el-sistema-publico-de-pensiones\\\/#listItem\",\"position\":3,\"name\":\"UGT no aceptar\\u00e1 ning\\u00fan nuevo recorte en el sistema p\\u00fablico de pensiones\",\"previousItem\":{\"@type\":\"ListItem\",\"@id\":\"https:\\\/\\\/www.eldigitaldeasturias.com\\\/noticias\\\/category\\\/actualidad\\\/#listItem\",\"name\":\"Actualidad\"}}]},{\"@type\":\"Organization\",\"@id\":\"https:\\\/\\\/www.eldigitaldeasturias.com\\\/noticias\\\/#organization\",\"name\":\"El Digital de Asturias\",\"description\":\"Hemeroteca\",\"url\":\"https:\\\/\\\/www.eldigitaldeasturias.com\\\/noticias\\\/\",\"email\":\"info@eldigitaldeasturias.com\",\"telephone\":\"+34652131393\",\"logo\":{\"@type\":\"ImageObject\",\"url\":\"https:\\\/\\\/www.eldigitaldeasturias.com\\\/noticias\\\/wp-content\\\/uploads\\\/2020\\\/12\\\/EDA.jpg\",\"@id\":\"https:\\\/\\\/www.eldigitaldeasturias.com\\\/noticias\\\/ugt-no-aceptara-ningun-nuevo-recorte-en-el-sistema-publico-de-pensiones\\\/#organizationLogo\",\"width\":649,\"height\":297},\"image\":{\"@id\":\"https:\\\/\\\/www.eldigitaldeasturias.com\\\/noticias\\\/ugt-no-aceptara-ningun-nuevo-recorte-en-el-sistema-publico-de-pensiones\\\/#organizationLogo\"},\"sameAs\":[\"https:\\\/\\\/facebook.com\\\/eldigitaldeasturias\",\"https:\\\/\\\/www.youtube.com\\\/channel\\\/UCZP-2wLEB9Rv6erhFmqVnvg\"],\"address\":{\"@id\":\"https:\\\/\\\/www.eldigitaldeasturias.com\\\/noticias\\\/#postaladdress\",\"@type\":\"PostalAddress\",\"streetAddress\":\"san antonio 4,\",\"postalCode\":\"33430\",\"addressLocality\":\"Cand\\u00e1s\",\"addressRegion\":\"Asturias\",\"addressCountry\":\"ES\"}},{\"@type\":\"Person\",\"@id\":\"https:\\\/\\\/www.eldigitaldeasturias.com\\\/noticias\\\/author\\\/admin\\\/#author\",\"url\":\"https:\\\/\\\/www.eldigitaldeasturias.com\\\/noticias\\\/author\\\/admin\\\/\",\"name\":\"El Digital de Asturias\",\"image\":{\"@type\":\"ImageObject\",\"@id\":\"https:\\\/\\\/www.eldigitaldeasturias.com\\\/noticias\\\/ugt-no-aceptara-ningun-nuevo-recorte-en-el-sistema-publico-de-pensiones\\\/#authorImage\",\"url\":\"https:\\\/\\\/www.eldigitaldeasturias.com\\\/noticias\\\/wp-content\\\/litespeed\\\/avatar\\\/18677e78aa0546b92d9dbf31ec7d7668.jpg?ver=1777290358\",\"width\":96,\"height\":96,\"caption\":\"El Digital de Asturias\"}},{\"@type\":\"WebPage\",\"@id\":\"https:\\\/\\\/www.eldigitaldeasturias.com\\\/noticias\\\/ugt-no-aceptara-ningun-nuevo-recorte-en-el-sistema-publico-de-pensiones\\\/#webpage\",\"url\":\"https:\\\/\\\/www.eldigitaldeasturias.com\\\/noticias\\\/ugt-no-aceptara-ningun-nuevo-recorte-en-el-sistema-publico-de-pensiones\\\/\",\"name\":\"UGT no aceptar\\u00e1 ning\\u00fan nuevo recorte en el sistema p\\u00fablico de pensiones - El Digital de Asturias\",\"description\":\"UGT, a trav\\u00e9s de su Uni\\u00f3n de Jubilados y Pensionistas, ha iniciado desde ese martes, y para todo el mes de septiembre, una campa\\u00f1a informativa para concienciar a la sociedad del problema econ\\u00f3mico de las pensiones, provocado a su juicio \\\"por la pol\\u00edtica econ\\u00f3mica impuesta por el Gobierno del PP\\\". En una nota, el sindicato,\",\"inLanguage\":\"es-ES\",\"isPartOf\":{\"@id\":\"https:\\\/\\\/www.eldigitaldeasturias.com\\\/noticias\\\/#website\"},\"breadcrumb\":{\"@id\":\"https:\\\/\\\/www.eldigitaldeasturias.com\\\/noticias\\\/ugt-no-aceptara-ningun-nuevo-recorte-en-el-sistema-publico-de-pensiones\\\/#breadcrumblist\"},\"author\":{\"@id\":\"https:\\\/\\\/www.eldigitaldeasturias.com\\\/noticias\\\/author\\\/admin\\\/#author\"},\"creator\":{\"@id\":\"https:\\\/\\\/www.eldigitaldeasturias.com\\\/noticias\\\/author\\\/admin\\\/#author\"},\"image\":{\"@type\":\"ImageObject\",\"url\":\"https:\\\/\\\/www.eldigitaldeasturias.com\\\/noticias\\\/wp-content\\\/uploads\\\/2016\\\/09\\\/fotonoticia_20160906131914_800.jpg\",\"@id\":\"https:\\\/\\\/www.eldigitaldeasturias.com\\\/noticias\\\/ugt-no-aceptara-ningun-nuevo-recorte-en-el-sistema-publico-de-pensiones\\\/#mainImage\",\"width\":800,\"height\":530},\"primaryImageOfPage\":{\"@id\":\"https:\\\/\\\/www.eldigitaldeasturias.com\\\/noticias\\\/ugt-no-aceptara-ningun-nuevo-recorte-en-el-sistema-publico-de-pensiones\\\/#mainImage\"},\"datePublished\":\"2016-09-06T20:33:53+02:00\",\"dateModified\":\"2016-09-06T20:33:53+02:00\"},{\"@type\":\"WebSite\",\"@id\":\"https:\\\/\\\/www.eldigitaldeasturias.com\\\/noticias\\\/#website\",\"url\":\"https:\\\/\\\/www.eldigitaldeasturias.com\\\/noticias\\\/\",\"name\":\"El Digital de Asturias - Diario de actualidad y noticias\",\"alternateName\":\"El Digital de Asturias - Diario de actualidad y noticias\",\"description\":\"Hemeroteca\",\"inLanguage\":\"es-ES\",\"publisher\":{\"@id\":\"https:\\\/\\\/www.eldigitaldeasturias.com\\\/noticias\\\/#organization\"}}]}\n\t\t<\/script>\n\t\t<!-- All in One SEO Pro -->\r\n\t\t<title>UGT no aceptar\u00e1 ning\u00fan nuevo recorte en el sistema p\u00fablico de pensiones - El Digital de Asturias<\/title>\n\n","aioseo_head_json":{"title":"UGT no aceptar\u00e1 ning\u00fan nuevo recorte en el sistema p\u00fablico de pensiones - El Digital de Asturias","description":"UGT, a trav\u00e9s de su Uni\u00f3n de Jubilados y Pensionistas, ha iniciado desde ese martes, y para todo el mes de septiembre, una campa\u00f1a informativa para concienciar a la sociedad del problema econ\u00f3mico de las pensiones, provocado a su juicio \"por la pol\u00edtica econ\u00f3mica impuesta por el Gobierno del PP\". En una nota, el sindicato,","canonical_url":"https:\/\/www.eldigitaldeasturias.com\/noticias\/ugt-no-aceptara-ningun-nuevo-recorte-en-el-sistema-publico-de-pensiones\/","robots":"max-image-preview:large","keywords":"actualidad","webmasterTools":{"google-site-verification":"UA-38556648-1","msvalidate.01":"7dfe9f3f1b24437ab69f4f2559babe99","miscellaneous":""},"schema":{"@context":"https:\/\/schema.org","@graph":[{"@type":"BlogPosting","@id":"https:\/\/www.eldigitaldeasturias.com\/noticias\/ugt-no-aceptara-ningun-nuevo-recorte-en-el-sistema-publico-de-pensiones\/#blogposting","name":"UGT no aceptar\u00e1 ning\u00fan nuevo recorte en el sistema p\u00fablico de pensiones - El Digital de Asturias","headline":"UGT no aceptar\u00e1 ning\u00fan nuevo recorte en el sistema p\u00fablico de pensiones","author":{"@id":"https:\/\/www.eldigitaldeasturias.com\/noticias\/author\/admin\/#author"},"publisher":{"@id":"https:\/\/www.eldigitaldeasturias.com\/noticias\/#organization"},"image":{"@type":"ImageObject","url":"https:\/\/www.eldigitaldeasturias.com\/noticias\/wp-content\/uploads\/2016\/09\/fotonoticia_20160906131914_800.jpg","width":800,"height":530},"datePublished":"2016-09-06T20:33:53+02:00","dateModified":"2016-09-06T20:33:53+02:00","inLanguage":"es-ES","mainEntityOfPage":{"@id":"https:\/\/www.eldigitaldeasturias.com\/noticias\/ugt-no-aceptara-ningun-nuevo-recorte-en-el-sistema-publico-de-pensiones\/#webpage"},"isPartOf":{"@id":"https:\/\/www.eldigitaldeasturias.com\/noticias\/ugt-no-aceptara-ningun-nuevo-recorte-en-el-sistema-publico-de-pensiones\/#webpage"},"articleSection":"Actualidad"},{"@type":"BreadcrumbList","@id":"https:\/\/www.eldigitaldeasturias.com\/noticias\/ugt-no-aceptara-ningun-nuevo-recorte-en-el-sistema-publico-de-pensiones\/#breadcrumblist","itemListElement":[{"@type":"ListItem","@id":"https:\/\/www.eldigitaldeasturias.com\/noticias#listItem","position":1,"name":"Home","item":"https:\/\/www.eldigitaldeasturias.com\/noticias","nextItem":{"@type":"ListItem","@id":"https:\/\/www.eldigitaldeasturias.com\/noticias\/category\/actualidad\/#listItem","name":"Actualidad"}},{"@type":"ListItem","@id":"https:\/\/www.eldigitaldeasturias.com\/noticias\/category\/actualidad\/#listItem","position":2,"name":"Actualidad","item":"https:\/\/www.eldigitaldeasturias.com\/noticias\/category\/actualidad\/","nextItem":{"@type":"ListItem","@id":"https:\/\/www.eldigitaldeasturias.com\/noticias\/ugt-no-aceptara-ningun-nuevo-recorte-en-el-sistema-publico-de-pensiones\/#listItem","name":"UGT no aceptar\u00e1 ning\u00fan nuevo recorte en el sistema p\u00fablico de pensiones"},"previousItem":{"@type":"ListItem","@id":"https:\/\/www.eldigitaldeasturias.com\/noticias#listItem","name":"Home"}},{"@type":"ListItem","@id":"https:\/\/www.eldigitaldeasturias.com\/noticias\/ugt-no-aceptara-ningun-nuevo-recorte-en-el-sistema-publico-de-pensiones\/#listItem","position":3,"name":"UGT no aceptar\u00e1 ning\u00fan nuevo recorte en el sistema p\u00fablico de pensiones","previousItem":{"@type":"ListItem","@id":"https:\/\/www.eldigitaldeasturias.com\/noticias\/category\/actualidad\/#listItem","name":"Actualidad"}}]},{"@type":"Organization","@id":"https:\/\/www.eldigitaldeasturias.com\/noticias\/#organization","name":"El Digital de Asturias","description":"Hemeroteca","url":"https:\/\/www.eldigitaldeasturias.com\/noticias\/","email":"info@eldigitaldeasturias.com","telephone":"+34652131393","logo":{"@type":"ImageObject","url":"https:\/\/www.eldigitaldeasturias.com\/noticias\/wp-content\/uploads\/2020\/12\/EDA.jpg","@id":"https:\/\/www.eldigitaldeasturias.com\/noticias\/ugt-no-aceptara-ningun-nuevo-recorte-en-el-sistema-publico-de-pensiones\/#organizationLogo","width":649,"height":297},"image":{"@id":"https:\/\/www.eldigitaldeasturias.com\/noticias\/ugt-no-aceptara-ningun-nuevo-recorte-en-el-sistema-publico-de-pensiones\/#organizationLogo"},"sameAs":["https:\/\/facebook.com\/eldigitaldeasturias","https:\/\/www.youtube.com\/channel\/UCZP-2wLEB9Rv6erhFmqVnvg"],"address":{"@id":"https:\/\/www.eldigitaldeasturias.com\/noticias\/#postaladdress","@type":"PostalAddress","streetAddress":"san antonio 4,","postalCode":"33430","addressLocality":"Cand\u00e1s","addressRegion":"Asturias","addressCountry":"ES"}},{"@type":"Person","@id":"https:\/\/www.eldigitaldeasturias.com\/noticias\/author\/admin\/#author","url":"https:\/\/www.eldigitaldeasturias.com\/noticias\/author\/admin\/","name":"El Digital de Asturias","image":{"@type":"ImageObject","@id":"https:\/\/www.eldigitaldeasturias.com\/noticias\/ugt-no-aceptara-ningun-nuevo-recorte-en-el-sistema-publico-de-pensiones\/#authorImage","url":"https:\/\/www.eldigitaldeasturias.com\/noticias\/wp-content\/litespeed\/avatar\/18677e78aa0546b92d9dbf31ec7d7668.jpg?ver=1777290358","width":96,"height":96,"caption":"El Digital de Asturias"}},{"@type":"WebPage","@id":"https:\/\/www.eldigitaldeasturias.com\/noticias\/ugt-no-aceptara-ningun-nuevo-recorte-en-el-sistema-publico-de-pensiones\/#webpage","url":"https:\/\/www.eldigitaldeasturias.com\/noticias\/ugt-no-aceptara-ningun-nuevo-recorte-en-el-sistema-publico-de-pensiones\/","name":"UGT no aceptar\u00e1 ning\u00fan nuevo recorte en el sistema p\u00fablico de pensiones - El Digital de Asturias","description":"UGT, a trav\u00e9s de su Uni\u00f3n de Jubilados y Pensionistas, ha iniciado desde ese martes, y para todo el mes de septiembre, una campa\u00f1a informativa para concienciar a la sociedad del problema econ\u00f3mico de las pensiones, provocado a su juicio \"por la pol\u00edtica econ\u00f3mica impuesta por el Gobierno del PP\". En una nota, el sindicato,","inLanguage":"es-ES","isPartOf":{"@id":"https:\/\/www.eldigitaldeasturias.com\/noticias\/#website"},"breadcrumb":{"@id":"https:\/\/www.eldigitaldeasturias.com\/noticias\/ugt-no-aceptara-ningun-nuevo-recorte-en-el-sistema-publico-de-pensiones\/#breadcrumblist"},"author":{"@id":"https:\/\/www.eldigitaldeasturias.com\/noticias\/author\/admin\/#author"},"creator":{"@id":"https:\/\/www.eldigitaldeasturias.com\/noticias\/author\/admin\/#author"},"image":{"@type":"ImageObject","url":"https:\/\/www.eldigitaldeasturias.com\/noticias\/wp-content\/uploads\/2016\/09\/fotonoticia_20160906131914_800.jpg","@id":"https:\/\/www.eldigitaldeasturias.com\/noticias\/ugt-no-aceptara-ningun-nuevo-recorte-en-el-sistema-publico-de-pensiones\/#mainImage","width":800,"height":530},"primaryImageOfPage":{"@id":"https:\/\/www.eldigitaldeasturias.com\/noticias\/ugt-no-aceptara-ningun-nuevo-recorte-en-el-sistema-publico-de-pensiones\/#mainImage"},"datePublished":"2016-09-06T20:33:53+02:00","dateModified":"2016-09-06T20:33:53+02:00"},{"@type":"WebSite","@id":"https:\/\/www.eldigitaldeasturias.com\/noticias\/#website","url":"https:\/\/www.eldigitaldeasturias.com\/noticias\/","name":"El Digital de Asturias - Diario de actualidad y noticias","alternateName":"El Digital de Asturias - Diario de actualidad y noticias","description":"Hemeroteca","inLanguage":"es-ES","publisher":{"@id":"https:\/\/www.eldigitaldeasturias.com\/noticias\/#organization"}}]},"og:locale":"es_ES","og:site_name":"El Digital de Asturias","og:type":"article","og:title":"UGT no aceptar\u00e1 ning\u00fan nuevo recorte en el sistema p\u00fablico de pensiones - El Digital de Asturias","og:description":"UGT, a trav\u00e9s de su Uni\u00f3n de Jubilados y Pensionistas, ha iniciado desde ese martes, y para todo el mes de septiembre, una campa\u00f1a informativa para concienciar a la sociedad del problema econ\u00f3mico de las pensiones, provocado a su juicio &quot;por la pol\u00edtica econ\u00f3mica impuesta por el Gobierno del PP&quot;. En una nota, el sindicato,","og:url":"https:\/\/www.eldigitaldeasturias.com\/noticias\/ugt-no-aceptara-ningun-nuevo-recorte-en-el-sistema-publico-de-pensiones\/","og:image":"https:\/\/www.eldigitaldeasturias.com\/noticias\/wp-content\/uploads\/2016\/09\/fotonoticia_20160906131914_800.jpg","og:image:secure_url":"https:\/\/www.eldigitaldeasturias.com\/noticias\/wp-content\/uploads\/2016\/09\/fotonoticia_20160906131914_800.jpg","og:image:width":800,"og:image:height":530,"article:tag":["actualidad"],"article:published_time":"2016-09-06T19:33:53+00:00","article:modified_time":"2016-09-06T19:33:53+00:00","article:publisher":"https:\/\/facebook.com\/eldigitaldeasturias","twitter:card":"summary_large_image","twitter:title":"UGT no aceptar\u00e1 ning\u00fan nuevo recorte en el sistema p\u00fablico de pensiones - El Digital de Asturias","twitter:description":"UGT, a trav\u00e9s de su Uni\u00f3n de Jubilados y Pensionistas, ha iniciado desde ese martes, y para todo el mes de septiembre, una campa\u00f1a informativa para concienciar a la sociedad del problema econ\u00f3mico de las pensiones, provocado a su juicio &quot;por la pol\u00edtica econ\u00f3mica impuesta por el Gobierno del PP&quot;. En una nota, el sindicato,","twitter:image":"https:\/\/www.eldigitaldeasturias.com\/noticias\/wp-content\/uploads\/2016\/09\/fotonoticia_20160906131914_800.jpg","twitter:label1":"Escrito por","twitter:data1":"El Digital de Asturias","twitter:label2":"Tiempo de lectura estimado","twitter:data2":"4 minutos"},"aioseo_meta_data":{"post_id":"906133","title":null,"description":null,"keywords":null,"keyphrases":null,"primary_term":null,"canonical_url":null,"og_title":null,"og_description":null,"og_object_type":"default","og_image_type":"default","og_image_url":null,"og_image_width":null,"og_image_height":null,"og_image_custom_url":null,"og_image_custom_fields":null,"og_video":null,"og_custom_url":null,"og_article_section":null,"og_article_tags":null,"twitter_use_og":false,"twitter_card":"default","twitter_image_type":"default","twitter_image_url":null,"twitter_image_custom_url":null,"twitter_image_custom_fields":null,"twitter_title":null,"twitter_description":null,"schema":{"blockGraphs":[],"customGraphs":[],"default":{"data":{"Article":[],"Course":[],"Dataset":[],"FAQPage":[],"Movie":[],"Person":[],"Product":[],"ProductReview":[],"Car":[],"Recipe":[],"Service":[],"SoftwareApplication":[],"WebPage":[]},"graphName":"","isEnabled":true},"graphs":[],"defaultGraph":"","defaultPostTypeGraph":""},"schema_type":null,"schema_type_options":null,"pillar_content":false,"robots_default":true,"robots_noindex":false,"robots_noarchive":false,"robots_nosnippet":false,"robots_nofollow":false,"robots_noimageindex":false,"robots_noodp":false,"robots_notranslate":false,"robots_max_snippet":null,"robots_max_videopreview":null,"robots_max_imagepreview":"large","priority":null,"frequency":null,"local_seo":null,"seo_analyzer_scan_date":"2025-11-30 07:58:14","breadcrumb_settings":null,"limit_modified_date":false,"open_ai":null,"ai":null,"created":"2020-12-21 14:01:57","updated":"2025-11-30 07:58:14"},"aioseo_breadcrumb":"<div class=\"aioseo-breadcrumbs\"><span class=\"aioseo-breadcrumb\">\n\t<a href=\"https:\/\/www.eldigitaldeasturias.com\/noticias\" title=\"Home\">Home<\/a>\n<\/span><span class=\"aioseo-breadcrumb-separator\">\u2013<\/span><span class=\"aioseo-breadcrumb\">\n\t<a href=\"https:\/\/www.eldigitaldeasturias.com\/noticias\/category\/actualidad\/\" title=\"Actualidad\">Actualidad<\/a>\n<\/span><span class=\"aioseo-breadcrumb-separator\">\u2013<\/span><span class=\"aioseo-breadcrumb\">\n\t<a href=\"https:\/\/www.eldigitaldeasturias.com\/noticias\/ugt-no-aceptara-ningun-nuevo-recorte-en-el-sistema-publico-de-pensiones\/\" title=\"UGT no aceptar\u00e1 ning\u00fan nuevo recorte en el sistema p\u00fablico de pensiones\">UGT no aceptar\u00e1 ning\u00fan nuevo recorte en el sistema p\u00fablico de pensiones<\/a>\n<\/span><\/div>","aioseo_breadcrumb_json":[{"label":"Home","link":"https:\/\/www.eldigitaldeasturias.com\/noticias"},{"label":"Actualidad","link":"https:\/\/www.eldigitaldeasturias.com\/noticias\/category\/actualidad\/"},{"label":"UGT no aceptar\u00e1 ning\u00fan nuevo recorte en el sistema p\u00fablico de pensiones","link":"https:\/\/www.eldigitaldeasturias.com\/noticias\/ugt-no-aceptara-ningun-nuevo-recorte-en-el-sistema-publico-de-pensiones\/"}],"_links":{"self":[{"href":"https:\/\/www.eldigitaldeasturias.com\/noticias\/wp-json\/wp\/v2\/posts\/906133","targetHints":{"allow":["GET"]}}],"collection":[{"href":"https:\/\/www.eldigitaldeasturias.com\/noticias\/wp-json\/wp\/v2\/posts"}],"about":[{"href":"https:\/\/www.eldigitaldeasturias.com\/noticias\/wp-json\/wp\/v2\/types\/post"}],"author":[{"embeddable":true,"href":"https:\/\/www.eldigitaldeasturias.com\/noticias\/wp-json\/wp\/v2\/users\/1"}],"replies":[{"embeddable":true,"href":"https:\/\/www.eldigitaldeasturias.com\/noticias\/wp-json\/wp\/v2\/comments?post=906133"}],"version-history":[{"count":0,"href":"https:\/\/www.eldigitaldeasturias.com\/noticias\/wp-json\/wp\/v2\/posts\/906133\/revisions"}],"wp:featuredmedia":[{"embeddable":true,"href":"https:\/\/www.eldigitaldeasturias.com\/noticias\/wp-json\/wp\/v2\/media\/906134"}],"wp:attachment":[{"href":"https:\/\/www.eldigitaldeasturias.com\/noticias\/wp-json\/wp\/v2\/media?parent=906133"}],"wp:term":[{"taxonomy":"category","embeddable":true,"href":"https:\/\/www.eldigitaldeasturias.com\/noticias\/wp-json\/wp\/v2\/categories?post=906133"},{"taxonomy":"post_tag","embeddable":true,"href":"https:\/\/www.eldigitaldeasturias.com\/noticias\/wp-json\/wp\/v2\/tags?post=906133"}],"curies":[{"name":"wp","href":"https:\/\/api.w.org\/{rel}","templated":true}]}}