{"id":906130,"date":"2016-09-06T20:30:48","date_gmt":"2016-09-06T19:30:48","guid":{"rendered":"http:\/\/www.eldigitaldeasturias.com\/noticias\/?p=906130"},"modified":"2016-09-06T20:30:48","modified_gmt":"2016-09-06T19:30:48","slug":"javier-fernandez-destaca-la-labor-extraordinaria-de-aldeas-infantiles-sos","status":"publish","type":"post","link":"https:\/\/www.eldigitaldeasturias.com\/noticias\/javier-fernandez-destaca-la-labor-extraordinaria-de-aldeas-infantiles-sos\/","title":{"rendered":"Javier Fern\u00e1ndez destaca la \u00ablabor extraordinaria\u201d de Aldeas Infantiles SOS"},"content":{"rendered":"<p><img loading=\"lazy\" decoding=\"async\" class=\"alignleft size-medium wp-image-906131\" src=\"https:\/\/www.eldigitaldeasturias.com\/noticias\/wp-content\/uploads\/2016\/09\/fotonoticia_20160906131814_800-360x240.jpg\" alt=\"fotonoticia_20160906131814_800\" width=\"360\" height=\"240\" srcset=\"https:\/\/www.eldigitaldeasturias.com\/noticias\/wp-content\/uploads\/2016\/09\/fotonoticia_20160906131814_800-360x240.jpg 360w, https:\/\/www.eldigitaldeasturias.com\/noticias\/wp-content\/uploads\/2016\/09\/fotonoticia_20160906131814_800-768x512.jpg 768w, https:\/\/www.eldigitaldeasturias.com\/noticias\/wp-content\/uploads\/2016\/09\/fotonoticia_20160906131814_800-650x433.jpg 650w, https:\/\/www.eldigitaldeasturias.com\/noticias\/wp-content\/uploads\/2016\/09\/fotonoticia_20160906131814_800-84x55.jpg 84w, https:\/\/www.eldigitaldeasturias.com\/noticias\/wp-content\/uploads\/2016\/09\/fotonoticia_20160906131814_800-49x32.jpg 49w, https:\/\/www.eldigitaldeasturias.com\/noticias\/wp-content\/uploads\/2016\/09\/fotonoticia_20160906131814_800.jpg 800w\" sizes=\"auto, (max-width: 360px) 100vw, 360px\" \/>El presidente del Principado, Javier Fern\u00e1ndez, ha manifestado este martes que Aldeas Infantiles SOS ha sido galardonada con el Premio Princesa de Asturias de la Concordia 2016 por su \u00ablabor extraordinaria con los ni\u00f1os\u00bb. Fern\u00e1ndez ha destacado que este galard\u00f3n se le ha concedido a la ONG \u00aben un momento muy simb\u00f3lico\u00bb, donde se est\u00e1n produciendo emigraciones que \u00abafectan de manera muy especial a la infancia, a los ni\u00f1os\u00bb.<\/p>\n<p>En el acta del premio, que Javier Fern\u00e1ndez ha le\u00eddo como presidente del jurado, se ha resaltado la concesi\u00f3n del galard\u00f3n a Aldeas Infantiles SOS por \u00absu contribuci\u00f3n, durante m\u00e1s de setenta a\u00f1os y en 134 pa\u00edses, a la protecci\u00f3n de los ni\u00f1os, a trav\u00e9s de principios pioneros y que cobran a\u00fan mayor vigencia en momentos en los que los conflictos internacionales ponen en especial riesgo a los m\u00e1s vulnerables\u00bb.<\/p>\n<p>El presidente del Principado ha recalcado que en momentos como estos \u00abla labor de entidades\u00bb como Aldeas Infantiles \u00abtiene una implicaci\u00f3n especial\u00bb.<\/p>\n<p>Otro miembro del Jurado y patrono de la Fundaci\u00f3n Princesa, el presidente ejecutivo de ThyssenKrupp Elevator, Andreas Schierenbeck, ha explicado a los medios que las deliberaciones del jurado han sido una \u00abdiscusi\u00f3n muy interesante\u00bb porque este a\u00f1o hab\u00eda \u00abuna lista de candidatos muy larga y muy impresionante\u00bb. Schierenbeck ha pedido que m\u00e1s pa\u00edses se sumen a los 134 que ya trabajan con una ONG que \u00abestuvo trabajando muchos, muchos a\u00f1os para ganar este premio\u00bb.<\/p>\n<p>El empresario asturmexicano, Antonio Su\u00e1rez, ha desvelado que los momentos actuales donde se est\u00e1n viviendo situaciones cr\u00edticas con la \u00abinmigraci\u00f3n y con los ni\u00f1os desamparados\u00bb, motivado por conflictos como el de Siria, ha ayudado a esta candidatura \u00aba conseguir los \u00faltimos votos para ganar\u00bb el premio.<\/p>\n<p>Por \u00faltimo, el presidente de la Junta General del Principado, Pedro Sanjurjo, ha explicado que Aldeas Infantiles ha merecido el reconocimiento del jurado por su \u00ablabor extraordinaria\u00bb. Adem\u00e1s, ha se\u00f1alado que la ONG da \u00abcobijo y hogar\u00bb a los ni\u00f1os que \u00abno tienen familia\u00bb. \u00abHoy m\u00e1s que nunca ese mensaje de concordia es necesario para proteger a los m\u00e1s vulnerables que son los ni\u00f1os y ni\u00f1as del mundo que sufren las consecuencias de la guerra\u00bb, ha concluido.<\/p>\n<p>&nbsp;<\/p>\n<p>&nbsp;<\/p>\n","protected":false},"excerpt":{"rendered":"<p>El presidente del Principado, Javier Fern\u00e1ndez, ha manifestado este martes que Aldeas Infantiles SOS ha sido galardonada con el Premio Princesa de Asturias de la Concordia 2016 por su \u00ablabor extraordinaria con los ni\u00f1os\u00bb. Fern\u00e1ndez ha destacado que este galard\u00f3n se le ha concedido a la ONG \u00aben un momento muy simb\u00f3lico\u00bb, donde se est\u00e1n [&hellip;]<\/p>\n","protected":false},"author":1,"featured_media":906131,"comment_status":"closed","ping_status":"closed","sticky":false,"template":"","format":"standard","meta":{"footnotes":""},"categories":[12],"tags":[],"class_list":["post-906130","post","type-post","status-publish","format-standard","has-post-thumbnail","hentry","category-actualidad-asturias"],"aioseo_notices":[],"aioseo_head":"\n\t\t<!-- All in One SEO Pro 4.9.6.2 - aioseo.com -->\n\t<meta name=\"description\" content=\"El presidente del Principado, Javier Fern\u00e1ndez, ha manifestado este martes que Aldeas Infantiles SOS ha sido galardonada con el Premio Princesa de Asturias de la Concordia 2016 por su &quot;labor extraordinaria con los ni\u00f1os&quot;. Fern\u00e1ndez ha destacado que este galard\u00f3n se le ha concedido a la ONG &quot;en un momento muy simb\u00f3lico&quot;, donde se est\u00e1n\" \/>\n\t<meta name=\"robots\" content=\"max-image-preview:large\" \/>\n\t<meta name=\"author\" content=\"El Digital de Asturias\"\/>\n\t<meta name=\"google-site-verification\" content=\"UA-38556648-1\" \/>\n\t<meta name=\"msvalidate.01\" content=\"7dfe9f3f1b24437ab69f4f2559babe99\" \/>\n\t<meta name=\"keywords\" content=\"actualidad asturias\" \/>\n\t<link rel=\"canonical\" href=\"https:\/\/www.eldigitaldeasturias.com\/noticias\/javier-fernandez-destaca-la-labor-extraordinaria-de-aldeas-infantiles-sos\/\" \/>\n\t<meta name=\"generator\" content=\"All in One SEO Pro (AIOSEO) 4.9.6.2\" \/>\n\t\t<meta property=\"og:locale\" content=\"es_ES\" \/>\n\t\t<meta property=\"og:site_name\" content=\"El Digital de Asturias\" \/>\n\t\t<meta property=\"og:type\" content=\"article\" \/>\n\t\t<meta property=\"og:title\" content=\"Javier Fern\u00e1ndez destaca la \u00ablabor extraordinaria\u201d de Aldeas Infantiles SOS - El Digital de Asturias\" \/>\n\t\t<meta property=\"og:description\" content=\"El presidente del Principado, Javier Fern\u00e1ndez, ha manifestado este martes que Aldeas Infantiles SOS ha sido galardonada con el Premio Princesa de Asturias de la Concordia 2016 por su &quot;labor extraordinaria con los ni\u00f1os&quot;. Fern\u00e1ndez ha destacado que este galard\u00f3n se le ha concedido a la ONG &quot;en un momento muy simb\u00f3lico&quot;, donde se est\u00e1n\" \/>\n\t\t<meta property=\"og:url\" content=\"https:\/\/www.eldigitaldeasturias.com\/noticias\/javier-fernandez-destaca-la-labor-extraordinaria-de-aldeas-infantiles-sos\/\" \/>\n\t\t<meta property=\"og:image\" content=\"https:\/\/www.eldigitaldeasturias.com\/noticias\/wp-content\/uploads\/2016\/09\/fotonoticia_20160906131814_800.jpg\" \/>\n\t\t<meta property=\"og:image:secure_url\" content=\"https:\/\/www.eldigitaldeasturias.com\/noticias\/wp-content\/uploads\/2016\/09\/fotonoticia_20160906131814_800.jpg\" \/>\n\t\t<meta property=\"og:image:width\" content=\"800\" \/>\n\t\t<meta property=\"og:image:height\" content=\"533\" \/>\n\t\t<meta property=\"article:tag\" content=\"actualidad asturias\" \/>\n\t\t<meta property=\"article:published_time\" content=\"2016-09-06T19:30:48+00:00\" \/>\n\t\t<meta property=\"article:modified_time\" content=\"2016-09-06T19:30:48+00:00\" \/>\n\t\t<meta property=\"article:publisher\" content=\"https:\/\/facebook.com\/eldigitaldeasturias\" \/>\n\t\t<meta name=\"twitter:card\" content=\"summary_large_image\" \/>\n\t\t<meta name=\"twitter:title\" content=\"Javier Fern\u00e1ndez destaca la \u00ablabor extraordinaria\u201d de Aldeas Infantiles SOS - El Digital de Asturias\" \/>\n\t\t<meta name=\"twitter:description\" content=\"El presidente del Principado, Javier Fern\u00e1ndez, ha manifestado este martes que Aldeas Infantiles SOS ha sido galardonada con el Premio Princesa de Asturias de la Concordia 2016 por su &quot;labor extraordinaria con los ni\u00f1os&quot;. Fern\u00e1ndez ha destacado que este galard\u00f3n se le ha concedido a la ONG &quot;en un momento muy simb\u00f3lico&quot;, donde se est\u00e1n\" \/>\n\t\t<meta name=\"twitter:image\" content=\"https:\/\/www.eldigitaldeasturias.com\/noticias\/wp-content\/uploads\/2016\/09\/fotonoticia_20160906131814_800.jpg\" \/>\n\t\t<meta name=\"twitter:label1\" content=\"Escrito por\" \/>\n\t\t<meta name=\"twitter:data1\" content=\"El Digital de Asturias\" \/>\n\t\t<meta name=\"twitter:label2\" content=\"Tiempo de lectura estimado\" \/>\n\t\t<meta name=\"twitter:data2\" content=\"2 minutos\" \/>\n\t\t<script type=\"application\/ld+json\" class=\"aioseo-schema\">\n\t\t\t{\"@context\":\"https:\\\/\\\/schema.org\",\"@graph\":[{\"@type\":\"BlogPosting\",\"@id\":\"https:\\\/\\\/www.eldigitaldeasturias.com\\\/noticias\\\/javier-fernandez-destaca-la-labor-extraordinaria-de-aldeas-infantiles-sos\\\/#blogposting\",\"name\":\"Javier Fern\\u00e1ndez destaca la \\u00ablabor extraordinaria\\u201d de Aldeas Infantiles SOS - El Digital de Asturias\",\"headline\":\"Javier Fern\\u00e1ndez destaca la \\u00ablabor extraordinaria\\u201d de Aldeas Infantiles SOS\",\"author\":{\"@id\":\"https:\\\/\\\/www.eldigitaldeasturias.com\\\/noticias\\\/author\\\/admin\\\/#author\"},\"publisher\":{\"@id\":\"https:\\\/\\\/www.eldigitaldeasturias.com\\\/noticias\\\/#organization\"},\"image\":{\"@type\":\"ImageObject\",\"url\":\"https:\\\/\\\/www.eldigitaldeasturias.com\\\/noticias\\\/wp-content\\\/uploads\\\/2016\\\/09\\\/fotonoticia_20160906131814_800.jpg\",\"width\":800,\"height\":533},\"datePublished\":\"2016-09-06T20:30:48+02:00\",\"dateModified\":\"2016-09-06T20:30:48+02:00\",\"inLanguage\":\"es-ES\",\"mainEntityOfPage\":{\"@id\":\"https:\\\/\\\/www.eldigitaldeasturias.com\\\/noticias\\\/javier-fernandez-destaca-la-labor-extraordinaria-de-aldeas-infantiles-sos\\\/#webpage\"},\"isPartOf\":{\"@id\":\"https:\\\/\\\/www.eldigitaldeasturias.com\\\/noticias\\\/javier-fernandez-destaca-la-labor-extraordinaria-de-aldeas-infantiles-sos\\\/#webpage\"},\"articleSection\":\"Actualidad Asturias\"},{\"@type\":\"BreadcrumbList\",\"@id\":\"https:\\\/\\\/www.eldigitaldeasturias.com\\\/noticias\\\/javier-fernandez-destaca-la-labor-extraordinaria-de-aldeas-infantiles-sos\\\/#breadcrumblist\",\"itemListElement\":[{\"@type\":\"ListItem\",\"@id\":\"https:\\\/\\\/www.eldigitaldeasturias.com\\\/noticias#listItem\",\"position\":1,\"name\":\"Home\",\"item\":\"https:\\\/\\\/www.eldigitaldeasturias.com\\\/noticias\",\"nextItem\":{\"@type\":\"ListItem\",\"@id\":\"https:\\\/\\\/www.eldigitaldeasturias.com\\\/noticias\\\/category\\\/actualidad-asturias\\\/#listItem\",\"name\":\"Actualidad Asturias\"}},{\"@type\":\"ListItem\",\"@id\":\"https:\\\/\\\/www.eldigitaldeasturias.com\\\/noticias\\\/category\\\/actualidad-asturias\\\/#listItem\",\"position\":2,\"name\":\"Actualidad Asturias\",\"item\":\"https:\\\/\\\/www.eldigitaldeasturias.com\\\/noticias\\\/category\\\/actualidad-asturias\\\/\",\"nextItem\":{\"@type\":\"ListItem\",\"@id\":\"https:\\\/\\\/www.eldigitaldeasturias.com\\\/noticias\\\/javier-fernandez-destaca-la-labor-extraordinaria-de-aldeas-infantiles-sos\\\/#listItem\",\"name\":\"Javier Fern\\u00e1ndez destaca la \\u00ablabor extraordinaria\\u201d de Aldeas Infantiles SOS\"},\"previousItem\":{\"@type\":\"ListItem\",\"@id\":\"https:\\\/\\\/www.eldigitaldeasturias.com\\\/noticias#listItem\",\"name\":\"Home\"}},{\"@type\":\"ListItem\",\"@id\":\"https:\\\/\\\/www.eldigitaldeasturias.com\\\/noticias\\\/javier-fernandez-destaca-la-labor-extraordinaria-de-aldeas-infantiles-sos\\\/#listItem\",\"position\":3,\"name\":\"Javier Fern\\u00e1ndez destaca la \\u00ablabor extraordinaria\\u201d de Aldeas Infantiles SOS\",\"previousItem\":{\"@type\":\"ListItem\",\"@id\":\"https:\\\/\\\/www.eldigitaldeasturias.com\\\/noticias\\\/category\\\/actualidad-asturias\\\/#listItem\",\"name\":\"Actualidad Asturias\"}}]},{\"@type\":\"Organization\",\"@id\":\"https:\\\/\\\/www.eldigitaldeasturias.com\\\/noticias\\\/#organization\",\"name\":\"El Digital de Asturias\",\"description\":\"Hemeroteca\",\"url\":\"https:\\\/\\\/www.eldigitaldeasturias.com\\\/noticias\\\/\",\"email\":\"info@eldigitaldeasturias.com\",\"telephone\":\"+34652131393\",\"logo\":{\"@type\":\"ImageObject\",\"url\":\"https:\\\/\\\/www.eldigitaldeasturias.com\\\/noticias\\\/wp-content\\\/uploads\\\/2020\\\/12\\\/EDA.jpg\",\"@id\":\"https:\\\/\\\/www.eldigitaldeasturias.com\\\/noticias\\\/javier-fernandez-destaca-la-labor-extraordinaria-de-aldeas-infantiles-sos\\\/#organizationLogo\",\"width\":649,\"height\":297},\"image\":{\"@id\":\"https:\\\/\\\/www.eldigitaldeasturias.com\\\/noticias\\\/javier-fernandez-destaca-la-labor-extraordinaria-de-aldeas-infantiles-sos\\\/#organizationLogo\"},\"sameAs\":[\"https:\\\/\\\/facebook.com\\\/eldigitaldeasturias\",\"https:\\\/\\\/www.youtube.com\\\/channel\\\/UCZP-2wLEB9Rv6erhFmqVnvg\"],\"address\":{\"@id\":\"https:\\\/\\\/www.eldigitaldeasturias.com\\\/noticias\\\/#postaladdress\",\"@type\":\"PostalAddress\",\"streetAddress\":\"san antonio 4,\",\"postalCode\":\"33430\",\"addressLocality\":\"Cand\\u00e1s\",\"addressRegion\":\"Asturias\",\"addressCountry\":\"ES\"}},{\"@type\":\"Person\",\"@id\":\"https:\\\/\\\/www.eldigitaldeasturias.com\\\/noticias\\\/author\\\/admin\\\/#author\",\"url\":\"https:\\\/\\\/www.eldigitaldeasturias.com\\\/noticias\\\/author\\\/admin\\\/\",\"name\":\"El Digital de Asturias\",\"image\":{\"@type\":\"ImageObject\",\"@id\":\"https:\\\/\\\/www.eldigitaldeasturias.com\\\/noticias\\\/javier-fernandez-destaca-la-labor-extraordinaria-de-aldeas-infantiles-sos\\\/#authorImage\",\"url\":\"https:\\\/\\\/www.eldigitaldeasturias.com\\\/noticias\\\/wp-content\\\/litespeed\\\/avatar\\\/18677e78aa0546b92d9dbf31ec7d7668.jpg?ver=1777290358\",\"width\":96,\"height\":96,\"caption\":\"El Digital de Asturias\"}},{\"@type\":\"WebPage\",\"@id\":\"https:\\\/\\\/www.eldigitaldeasturias.com\\\/noticias\\\/javier-fernandez-destaca-la-labor-extraordinaria-de-aldeas-infantiles-sos\\\/#webpage\",\"url\":\"https:\\\/\\\/www.eldigitaldeasturias.com\\\/noticias\\\/javier-fernandez-destaca-la-labor-extraordinaria-de-aldeas-infantiles-sos\\\/\",\"name\":\"Javier Fern\\u00e1ndez destaca la \\u00ablabor extraordinaria\\u201d de Aldeas Infantiles SOS - El Digital de Asturias\",\"description\":\"El presidente del Principado, Javier Fern\\u00e1ndez, ha manifestado este martes que Aldeas Infantiles SOS ha sido galardonada con el Premio Princesa de Asturias de la Concordia 2016 por su \\\"labor extraordinaria con los ni\\u00f1os\\\". Fern\\u00e1ndez ha destacado que este galard\\u00f3n se le ha concedido a la ONG \\\"en un momento muy simb\\u00f3lico\\\", donde se est\\u00e1n\",\"inLanguage\":\"es-ES\",\"isPartOf\":{\"@id\":\"https:\\\/\\\/www.eldigitaldeasturias.com\\\/noticias\\\/#website\"},\"breadcrumb\":{\"@id\":\"https:\\\/\\\/www.eldigitaldeasturias.com\\\/noticias\\\/javier-fernandez-destaca-la-labor-extraordinaria-de-aldeas-infantiles-sos\\\/#breadcrumblist\"},\"author\":{\"@id\":\"https:\\\/\\\/www.eldigitaldeasturias.com\\\/noticias\\\/author\\\/admin\\\/#author\"},\"creator\":{\"@id\":\"https:\\\/\\\/www.eldigitaldeasturias.com\\\/noticias\\\/author\\\/admin\\\/#author\"},\"image\":{\"@type\":\"ImageObject\",\"url\":\"https:\\\/\\\/www.eldigitaldeasturias.com\\\/noticias\\\/wp-content\\\/uploads\\\/2016\\\/09\\\/fotonoticia_20160906131814_800.jpg\",\"@id\":\"https:\\\/\\\/www.eldigitaldeasturias.com\\\/noticias\\\/javier-fernandez-destaca-la-labor-extraordinaria-de-aldeas-infantiles-sos\\\/#mainImage\",\"width\":800,\"height\":533},\"primaryImageOfPage\":{\"@id\":\"https:\\\/\\\/www.eldigitaldeasturias.com\\\/noticias\\\/javier-fernandez-destaca-la-labor-extraordinaria-de-aldeas-infantiles-sos\\\/#mainImage\"},\"datePublished\":\"2016-09-06T20:30:48+02:00\",\"dateModified\":\"2016-09-06T20:30:48+02:00\"},{\"@type\":\"WebSite\",\"@id\":\"https:\\\/\\\/www.eldigitaldeasturias.com\\\/noticias\\\/#website\",\"url\":\"https:\\\/\\\/www.eldigitaldeasturias.com\\\/noticias\\\/\",\"name\":\"El Digital de Asturias - Diario de actualidad y noticias\",\"alternateName\":\"El Digital de Asturias - Diario de actualidad y noticias\",\"description\":\"Hemeroteca\",\"inLanguage\":\"es-ES\",\"publisher\":{\"@id\":\"https:\\\/\\\/www.eldigitaldeasturias.com\\\/noticias\\\/#organization\"}}]}\n\t\t<\/script>\n\t\t<!-- All in One SEO Pro -->\r\n\t\t<title>Javier Fern\u00e1ndez destaca la \u00ablabor extraordinaria\u201d de Aldeas Infantiles SOS - El Digital de Asturias<\/title>\n\n","aioseo_head_json":{"title":"Javier Fern\u00e1ndez destaca la \u00ablabor extraordinaria\u201d de Aldeas Infantiles SOS - El Digital de Asturias","description":"El presidente del Principado, Javier Fern\u00e1ndez, ha manifestado este martes que Aldeas Infantiles SOS ha sido galardonada con el Premio Princesa de Asturias de la Concordia 2016 por su \"labor extraordinaria con los ni\u00f1os\". Fern\u00e1ndez ha destacado que este galard\u00f3n se le ha concedido a la ONG \"en un momento muy simb\u00f3lico\", donde se est\u00e1n","canonical_url":"https:\/\/www.eldigitaldeasturias.com\/noticias\/javier-fernandez-destaca-la-labor-extraordinaria-de-aldeas-infantiles-sos\/","robots":"max-image-preview:large","keywords":"actualidad asturias","webmasterTools":{"google-site-verification":"UA-38556648-1","msvalidate.01":"7dfe9f3f1b24437ab69f4f2559babe99","miscellaneous":""},"schema":{"@context":"https:\/\/schema.org","@graph":[{"@type":"BlogPosting","@id":"https:\/\/www.eldigitaldeasturias.com\/noticias\/javier-fernandez-destaca-la-labor-extraordinaria-de-aldeas-infantiles-sos\/#blogposting","name":"Javier Fern\u00e1ndez destaca la \u00ablabor extraordinaria\u201d de Aldeas Infantiles SOS - El Digital de Asturias","headline":"Javier Fern\u00e1ndez destaca la \u00ablabor extraordinaria\u201d de Aldeas Infantiles SOS","author":{"@id":"https:\/\/www.eldigitaldeasturias.com\/noticias\/author\/admin\/#author"},"publisher":{"@id":"https:\/\/www.eldigitaldeasturias.com\/noticias\/#organization"},"image":{"@type":"ImageObject","url":"https:\/\/www.eldigitaldeasturias.com\/noticias\/wp-content\/uploads\/2016\/09\/fotonoticia_20160906131814_800.jpg","width":800,"height":533},"datePublished":"2016-09-06T20:30:48+02:00","dateModified":"2016-09-06T20:30:48+02:00","inLanguage":"es-ES","mainEntityOfPage":{"@id":"https:\/\/www.eldigitaldeasturias.com\/noticias\/javier-fernandez-destaca-la-labor-extraordinaria-de-aldeas-infantiles-sos\/#webpage"},"isPartOf":{"@id":"https:\/\/www.eldigitaldeasturias.com\/noticias\/javier-fernandez-destaca-la-labor-extraordinaria-de-aldeas-infantiles-sos\/#webpage"},"articleSection":"Actualidad Asturias"},{"@type":"BreadcrumbList","@id":"https:\/\/www.eldigitaldeasturias.com\/noticias\/javier-fernandez-destaca-la-labor-extraordinaria-de-aldeas-infantiles-sos\/#breadcrumblist","itemListElement":[{"@type":"ListItem","@id":"https:\/\/www.eldigitaldeasturias.com\/noticias#listItem","position":1,"name":"Home","item":"https:\/\/www.eldigitaldeasturias.com\/noticias","nextItem":{"@type":"ListItem","@id":"https:\/\/www.eldigitaldeasturias.com\/noticias\/category\/actualidad-asturias\/#listItem","name":"Actualidad Asturias"}},{"@type":"ListItem","@id":"https:\/\/www.eldigitaldeasturias.com\/noticias\/category\/actualidad-asturias\/#listItem","position":2,"name":"Actualidad Asturias","item":"https:\/\/www.eldigitaldeasturias.com\/noticias\/category\/actualidad-asturias\/","nextItem":{"@type":"ListItem","@id":"https:\/\/www.eldigitaldeasturias.com\/noticias\/javier-fernandez-destaca-la-labor-extraordinaria-de-aldeas-infantiles-sos\/#listItem","name":"Javier Fern\u00e1ndez destaca la \u00ablabor extraordinaria\u201d de Aldeas Infantiles SOS"},"previousItem":{"@type":"ListItem","@id":"https:\/\/www.eldigitaldeasturias.com\/noticias#listItem","name":"Home"}},{"@type":"ListItem","@id":"https:\/\/www.eldigitaldeasturias.com\/noticias\/javier-fernandez-destaca-la-labor-extraordinaria-de-aldeas-infantiles-sos\/#listItem","position":3,"name":"Javier Fern\u00e1ndez destaca la \u00ablabor extraordinaria\u201d de Aldeas Infantiles SOS","previousItem":{"@type":"ListItem","@id":"https:\/\/www.eldigitaldeasturias.com\/noticias\/category\/actualidad-asturias\/#listItem","name":"Actualidad Asturias"}}]},{"@type":"Organization","@id":"https:\/\/www.eldigitaldeasturias.com\/noticias\/#organization","name":"El Digital de Asturias","description":"Hemeroteca","url":"https:\/\/www.eldigitaldeasturias.com\/noticias\/","email":"info@eldigitaldeasturias.com","telephone":"+34652131393","logo":{"@type":"ImageObject","url":"https:\/\/www.eldigitaldeasturias.com\/noticias\/wp-content\/uploads\/2020\/12\/EDA.jpg","@id":"https:\/\/www.eldigitaldeasturias.com\/noticias\/javier-fernandez-destaca-la-labor-extraordinaria-de-aldeas-infantiles-sos\/#organizationLogo","width":649,"height":297},"image":{"@id":"https:\/\/www.eldigitaldeasturias.com\/noticias\/javier-fernandez-destaca-la-labor-extraordinaria-de-aldeas-infantiles-sos\/#organizationLogo"},"sameAs":["https:\/\/facebook.com\/eldigitaldeasturias","https:\/\/www.youtube.com\/channel\/UCZP-2wLEB9Rv6erhFmqVnvg"],"address":{"@id":"https:\/\/www.eldigitaldeasturias.com\/noticias\/#postaladdress","@type":"PostalAddress","streetAddress":"san antonio 4,","postalCode":"33430","addressLocality":"Cand\u00e1s","addressRegion":"Asturias","addressCountry":"ES"}},{"@type":"Person","@id":"https:\/\/www.eldigitaldeasturias.com\/noticias\/author\/admin\/#author","url":"https:\/\/www.eldigitaldeasturias.com\/noticias\/author\/admin\/","name":"El Digital de Asturias","image":{"@type":"ImageObject","@id":"https:\/\/www.eldigitaldeasturias.com\/noticias\/javier-fernandez-destaca-la-labor-extraordinaria-de-aldeas-infantiles-sos\/#authorImage","url":"https:\/\/www.eldigitaldeasturias.com\/noticias\/wp-content\/litespeed\/avatar\/18677e78aa0546b92d9dbf31ec7d7668.jpg?ver=1777290358","width":96,"height":96,"caption":"El Digital de Asturias"}},{"@type":"WebPage","@id":"https:\/\/www.eldigitaldeasturias.com\/noticias\/javier-fernandez-destaca-la-labor-extraordinaria-de-aldeas-infantiles-sos\/#webpage","url":"https:\/\/www.eldigitaldeasturias.com\/noticias\/javier-fernandez-destaca-la-labor-extraordinaria-de-aldeas-infantiles-sos\/","name":"Javier Fern\u00e1ndez destaca la \u00ablabor extraordinaria\u201d de Aldeas Infantiles SOS - El Digital de Asturias","description":"El presidente del Principado, Javier Fern\u00e1ndez, ha manifestado este martes que Aldeas Infantiles SOS ha sido galardonada con el Premio Princesa de Asturias de la Concordia 2016 por su \"labor extraordinaria con los ni\u00f1os\". Fern\u00e1ndez ha destacado que este galard\u00f3n se le ha concedido a la ONG \"en un momento muy simb\u00f3lico\", donde se est\u00e1n","inLanguage":"es-ES","isPartOf":{"@id":"https:\/\/www.eldigitaldeasturias.com\/noticias\/#website"},"breadcrumb":{"@id":"https:\/\/www.eldigitaldeasturias.com\/noticias\/javier-fernandez-destaca-la-labor-extraordinaria-de-aldeas-infantiles-sos\/#breadcrumblist"},"author":{"@id":"https:\/\/www.eldigitaldeasturias.com\/noticias\/author\/admin\/#author"},"creator":{"@id":"https:\/\/www.eldigitaldeasturias.com\/noticias\/author\/admin\/#author"},"image":{"@type":"ImageObject","url":"https:\/\/www.eldigitaldeasturias.com\/noticias\/wp-content\/uploads\/2016\/09\/fotonoticia_20160906131814_800.jpg","@id":"https:\/\/www.eldigitaldeasturias.com\/noticias\/javier-fernandez-destaca-la-labor-extraordinaria-de-aldeas-infantiles-sos\/#mainImage","width":800,"height":533},"primaryImageOfPage":{"@id":"https:\/\/www.eldigitaldeasturias.com\/noticias\/javier-fernandez-destaca-la-labor-extraordinaria-de-aldeas-infantiles-sos\/#mainImage"},"datePublished":"2016-09-06T20:30:48+02:00","dateModified":"2016-09-06T20:30:48+02:00"},{"@type":"WebSite","@id":"https:\/\/www.eldigitaldeasturias.com\/noticias\/#website","url":"https:\/\/www.eldigitaldeasturias.com\/noticias\/","name":"El Digital de Asturias - Diario de actualidad y noticias","alternateName":"El Digital de Asturias - Diario de actualidad y noticias","description":"Hemeroteca","inLanguage":"es-ES","publisher":{"@id":"https:\/\/www.eldigitaldeasturias.com\/noticias\/#organization"}}]},"og:locale":"es_ES","og:site_name":"El Digital de Asturias","og:type":"article","og:title":"Javier Fern\u00e1ndez destaca la \u00ablabor extraordinaria\u201d de Aldeas Infantiles SOS - El Digital de Asturias","og:description":"El presidente del Principado, Javier Fern\u00e1ndez, ha manifestado este martes que Aldeas Infantiles SOS ha sido galardonada con el Premio Princesa de Asturias de la Concordia 2016 por su &quot;labor extraordinaria con los ni\u00f1os&quot;. Fern\u00e1ndez ha destacado que este galard\u00f3n se le ha concedido a la ONG &quot;en un momento muy simb\u00f3lico&quot;, donde se est\u00e1n","og:url":"https:\/\/www.eldigitaldeasturias.com\/noticias\/javier-fernandez-destaca-la-labor-extraordinaria-de-aldeas-infantiles-sos\/","og:image":"https:\/\/www.eldigitaldeasturias.com\/noticias\/wp-content\/uploads\/2016\/09\/fotonoticia_20160906131814_800.jpg","og:image:secure_url":"https:\/\/www.eldigitaldeasturias.com\/noticias\/wp-content\/uploads\/2016\/09\/fotonoticia_20160906131814_800.jpg","og:image:width":800,"og:image:height":533,"article:tag":["actualidad asturias"],"article:published_time":"2016-09-06T19:30:48+00:00","article:modified_time":"2016-09-06T19:30:48+00:00","article:publisher":"https:\/\/facebook.com\/eldigitaldeasturias","twitter:card":"summary_large_image","twitter:title":"Javier Fern\u00e1ndez destaca la \u00ablabor extraordinaria\u201d de Aldeas Infantiles SOS - El Digital de Asturias","twitter:description":"El presidente del Principado, Javier Fern\u00e1ndez, ha manifestado este martes que Aldeas Infantiles SOS ha sido galardonada con el Premio Princesa de Asturias de la Concordia 2016 por su &quot;labor extraordinaria con los ni\u00f1os&quot;. Fern\u00e1ndez ha destacado que este galard\u00f3n se le ha concedido a la ONG &quot;en un momento muy simb\u00f3lico&quot;, donde se est\u00e1n","twitter:image":"https:\/\/www.eldigitaldeasturias.com\/noticias\/wp-content\/uploads\/2016\/09\/fotonoticia_20160906131814_800.jpg","twitter:label1":"Escrito por","twitter:data1":"El Digital de Asturias","twitter:label2":"Tiempo de lectura estimado","twitter:data2":"2 minutos"},"aioseo_meta_data":{"post_id":"906130","title":null,"description":null,"keywords":null,"keyphrases":null,"primary_term":null,"canonical_url":null,"og_title":null,"og_description":null,"og_object_type":"default","og_image_type":"default","og_image_url":null,"og_image_width":null,"og_image_height":null,"og_image_custom_url":null,"og_image_custom_fields":null,"og_video":null,"og_custom_url":null,"og_article_section":null,"og_article_tags":null,"twitter_use_og":false,"twitter_card":"default","twitter_image_type":"default","twitter_image_url":null,"twitter_image_custom_url":null,"twitter_image_custom_fields":null,"twitter_title":null,"twitter_description":null,"schema":{"blockGraphs":[],"customGraphs":[],"default":{"data":{"Article":[],"Course":[],"Dataset":[],"FAQPage":[],"Movie":[],"Person":[],"Product":[],"ProductReview":[],"Car":[],"Recipe":[],"Service":[],"SoftwareApplication":[],"WebPage":[]},"graphName":"","isEnabled":true},"graphs":[],"defaultGraph":"","defaultPostTypeGraph":""},"schema_type":null,"schema_type_options":null,"pillar_content":false,"robots_default":true,"robots_noindex":false,"robots_noarchive":false,"robots_nosnippet":false,"robots_nofollow":false,"robots_noimageindex":false,"robots_noodp":false,"robots_notranslate":false,"robots_max_snippet":null,"robots_max_videopreview":null,"robots_max_imagepreview":"large","priority":null,"frequency":null,"local_seo":null,"seo_analyzer_scan_date":"2025-11-30 07:58:13","breadcrumb_settings":null,"limit_modified_date":false,"open_ai":null,"ai":null,"created":"2020-12-21 14:01:57","updated":"2025-11-30 07:58:13"},"aioseo_breadcrumb":"<div class=\"aioseo-breadcrumbs\"><span class=\"aioseo-breadcrumb\">\n\t<a href=\"https:\/\/www.eldigitaldeasturias.com\/noticias\" title=\"Home\">Home<\/a>\n<\/span><span class=\"aioseo-breadcrumb-separator\">\u2013<\/span><span class=\"aioseo-breadcrumb\">\n\t<a href=\"https:\/\/www.eldigitaldeasturias.com\/noticias\/category\/actualidad-asturias\/\" title=\"Actualidad Asturias\">Actualidad Asturias<\/a>\n<\/span><span class=\"aioseo-breadcrumb-separator\">\u2013<\/span><span class=\"aioseo-breadcrumb\">\n\t<a href=\"https:\/\/www.eldigitaldeasturias.com\/noticias\/javier-fernandez-destaca-la-labor-extraordinaria-de-aldeas-infantiles-sos\/\" title=\"Javier Fern\u00e1ndez destaca la \u00ablabor extraordinaria\u201d de Aldeas Infantiles SOS\">Javier Fern\u00e1ndez destaca la \u00ablabor extraordinaria\u201d de Aldeas Infantiles SOS<\/a>\n<\/span><\/div>","aioseo_breadcrumb_json":[{"label":"Home","link":"https:\/\/www.eldigitaldeasturias.com\/noticias"},{"label":"Actualidad Asturias","link":"https:\/\/www.eldigitaldeasturias.com\/noticias\/category\/actualidad-asturias\/"},{"label":"Javier Fern\u00e1ndez destaca la \u00ablabor extraordinaria\u201d de Aldeas Infantiles SOS","link":"https:\/\/www.eldigitaldeasturias.com\/noticias\/javier-fernandez-destaca-la-labor-extraordinaria-de-aldeas-infantiles-sos\/"}],"_links":{"self":[{"href":"https:\/\/www.eldigitaldeasturias.com\/noticias\/wp-json\/wp\/v2\/posts\/906130","targetHints":{"allow":["GET"]}}],"collection":[{"href":"https:\/\/www.eldigitaldeasturias.com\/noticias\/wp-json\/wp\/v2\/posts"}],"about":[{"href":"https:\/\/www.eldigitaldeasturias.com\/noticias\/wp-json\/wp\/v2\/types\/post"}],"author":[{"embeddable":true,"href":"https:\/\/www.eldigitaldeasturias.com\/noticias\/wp-json\/wp\/v2\/users\/1"}],"replies":[{"embeddable":true,"href":"https:\/\/www.eldigitaldeasturias.com\/noticias\/wp-json\/wp\/v2\/comments?post=906130"}],"version-history":[{"count":0,"href":"https:\/\/www.eldigitaldeasturias.com\/noticias\/wp-json\/wp\/v2\/posts\/906130\/revisions"}],"wp:featuredmedia":[{"embeddable":true,"href":"https:\/\/www.eldigitaldeasturias.com\/noticias\/wp-json\/wp\/v2\/media\/906131"}],"wp:attachment":[{"href":"https:\/\/www.eldigitaldeasturias.com\/noticias\/wp-json\/wp\/v2\/media?parent=906130"}],"wp:term":[{"taxonomy":"category","embeddable":true,"href":"https:\/\/www.eldigitaldeasturias.com\/noticias\/wp-json\/wp\/v2\/categories?post=906130"},{"taxonomy":"post_tag","embeddable":true,"href":"https:\/\/www.eldigitaldeasturias.com\/noticias\/wp-json\/wp\/v2\/tags?post=906130"}],"curies":[{"name":"wp","href":"https:\/\/api.w.org\/{rel}","templated":true}]}}