{"id":906127,"date":"2016-09-06T20:28:07","date_gmt":"2016-09-06T19:28:07","guid":{"rendered":"http:\/\/www.eldigitaldeasturias.com\/noticias\/?p=906127"},"modified":"2016-09-06T20:28:07","modified_gmt":"2016-09-06T19:28:07","slug":"el-psoe-de-gijon-llevara-nuevas-iniciativas-al-proximo-pleno","status":"publish","type":"post","link":"https:\/\/www.eldigitaldeasturias.com\/noticias\/el-psoe-de-gijon-llevara-nuevas-iniciativas-al-proximo-pleno\/","title":{"rendered":"El PSOE de Gij\u00f3n llevar\u00e1 nuevas iniciativas al pr\u00f3ximo Pleno"},"content":{"rendered":"<p><img loading=\"lazy\" decoding=\"async\" class=\"alignleft size-medium wp-image-906128\" src=\"https:\/\/www.eldigitaldeasturias.com\/noticias\/wp-content\/uploads\/2016\/09\/fotonoticia_20160906131159_800-240x320.jpg\" alt=\"fotonoticia_20160906131159_800\" width=\"240\" height=\"320\" srcset=\"https:\/\/www.eldigitaldeasturias.com\/noticias\/wp-content\/uploads\/2016\/09\/fotonoticia_20160906131159_800-240x320.jpg 240w, https:\/\/www.eldigitaldeasturias.com\/noticias\/wp-content\/uploads\/2016\/09\/fotonoticia_20160906131159_800-768x1024.jpg 768w, https:\/\/www.eldigitaldeasturias.com\/noticias\/wp-content\/uploads\/2016\/09\/fotonoticia_20160906131159_800-487x650.jpg 487w, https:\/\/www.eldigitaldeasturias.com\/noticias\/wp-content\/uploads\/2016\/09\/fotonoticia_20160906131159_800.jpg 800w\" sizes=\"auto, (max-width: 240px) 100vw, 240px\" \/>El portavoz del Grupo Municipal Socialista en el Ayuntamiento de Gij\u00f3n, Jos\u00e9 Mar\u00eda P\u00e9rez, llevar\u00e1 una proposici\u00f3n al pr\u00f3ximo Pleno para la mejora en el control y planificaci\u00f3n de la contrataci\u00f3n municipal. En concreto, propone que se ordene todo el proceso de contrataci\u00f3n, se corrijan problemas y se establezcan medidas de control necesarias para que haya un buen resultado y se rentabilice el dinero p\u00fablico.<\/p>\n<p>Asimismo, ha definido como \u00abcaos\u00bb el servicio de contrataci\u00f3n de estos \u00faltimos a\u00f1os, y ha aludido, en rueda de prensa en el Consistorio, al caso de la decana del Colegio de Arquitectos que particip\u00f3 en el proceso de contrataci\u00f3n de la redacci\u00f3n del Plan General de Ordenaci\u00f3n (PGO) que finalmente se adjudic\u00f3 a la empresa en la que trabaja su marido.<\/p>\n<p>En cuanto a las mejoras en la planificaci\u00f3n, se trata de evitar vac\u00edos y problemas como el del servicio mantenimiento viario, que finaliz\u00f3 un contrato sin que se firmara a\u00fan el siguiente, a lo que se suma que una de las empresas recurri\u00f3 la adjudicaci\u00f3n. Adem\u00e1s, ha citado que la empresa adjudicataria del citado servicio no empezar\u00e1 a trabajar hasta dentro de un mes, de ah\u00ed que sea necesario un mayor control.<\/p>\n<p>Tambi\u00e9n ha citado la adjudicaci\u00f3n de obras de la calle Aguado y de Marqu\u00e9s de San Esteban, que se tuvieron que rescindir por retrasos en la empresa que iba a hacerlas, ya que dispon\u00eda de los mismos medios materiales y humanos para hacer tres reformas viarias paralelamente. P\u00e9rez ha pedido que se informe a los grupos municipales de los plazos de las obras a ejecutar.<\/p>\n<p>&nbsp;<\/p>\n","protected":false},"excerpt":{"rendered":"<p>El portavoz del Grupo Municipal Socialista en el Ayuntamiento de Gij\u00f3n, Jos\u00e9 Mar\u00eda P\u00e9rez, llevar\u00e1 una proposici\u00f3n al pr\u00f3ximo Pleno para la mejora en el control y planificaci\u00f3n de la contrataci\u00f3n municipal. En concreto, propone que se ordene todo el proceso de contrataci\u00f3n, se corrijan problemas y se establezcan medidas de control necesarias para que [&hellip;]<\/p>\n","protected":false},"author":1,"featured_media":906128,"comment_status":"closed","ping_status":"closed","sticky":false,"template":"","format":"standard","meta":{"footnotes":""},"categories":[12],"tags":[],"class_list":["post-906127","post","type-post","status-publish","format-standard","has-post-thumbnail","hentry","category-actualidad-asturias"],"aioseo_notices":[],"aioseo_head":"\n\t\t<!-- All in One SEO Pro 4.9.6.2 - aioseo.com -->\n\t<meta name=\"description\" content=\"El portavoz del Grupo Municipal Socialista en el Ayuntamiento de Gij\u00f3n, Jos\u00e9 Mar\u00eda P\u00e9rez, llevar\u00e1 una proposici\u00f3n al pr\u00f3ximo Pleno para la mejora en el control y planificaci\u00f3n de la contrataci\u00f3n municipal. En concreto, propone que se ordene todo el proceso de contrataci\u00f3n, se corrijan problemas y se establezcan medidas de control necesarias para que\" \/>\n\t<meta name=\"robots\" content=\"max-image-preview:large\" \/>\n\t<meta name=\"author\" content=\"El Digital de Asturias\"\/>\n\t<meta name=\"google-site-verification\" content=\"UA-38556648-1\" \/>\n\t<meta name=\"msvalidate.01\" content=\"7dfe9f3f1b24437ab69f4f2559babe99\" \/>\n\t<meta name=\"keywords\" content=\"actualidad asturias\" \/>\n\t<link rel=\"canonical\" href=\"https:\/\/www.eldigitaldeasturias.com\/noticias\/el-psoe-de-gijon-llevara-nuevas-iniciativas-al-proximo-pleno\/\" \/>\n\t<meta name=\"generator\" content=\"All in One SEO Pro (AIOSEO) 4.9.6.2\" \/>\n\t\t<meta property=\"og:locale\" content=\"es_ES\" \/>\n\t\t<meta property=\"og:site_name\" content=\"El Digital de Asturias\" \/>\n\t\t<meta property=\"og:type\" content=\"article\" \/>\n\t\t<meta property=\"og:title\" content=\"El PSOE de Gij\u00f3n llevar\u00e1 nuevas iniciativas al pr\u00f3ximo Pleno - El Digital de Asturias\" \/>\n\t\t<meta property=\"og:description\" content=\"El portavoz del Grupo Municipal Socialista en el Ayuntamiento de Gij\u00f3n, Jos\u00e9 Mar\u00eda P\u00e9rez, llevar\u00e1 una proposici\u00f3n al pr\u00f3ximo Pleno para la mejora en el control y planificaci\u00f3n de la contrataci\u00f3n municipal. En concreto, propone que se ordene todo el proceso de contrataci\u00f3n, se corrijan problemas y se establezcan medidas de control necesarias para que\" \/>\n\t\t<meta property=\"og:url\" content=\"https:\/\/www.eldigitaldeasturias.com\/noticias\/el-psoe-de-gijon-llevara-nuevas-iniciativas-al-proximo-pleno\/\" \/>\n\t\t<meta property=\"og:image\" content=\"https:\/\/www.eldigitaldeasturias.com\/noticias\/wp-content\/uploads\/2016\/09\/fotonoticia_20160906131159_800.jpg\" \/>\n\t\t<meta property=\"og:image:secure_url\" content=\"https:\/\/www.eldigitaldeasturias.com\/noticias\/wp-content\/uploads\/2016\/09\/fotonoticia_20160906131159_800.jpg\" \/>\n\t\t<meta property=\"og:image:width\" content=\"800\" \/>\n\t\t<meta property=\"og:image:height\" content=\"1067\" \/>\n\t\t<meta property=\"article:tag\" content=\"actualidad asturias\" \/>\n\t\t<meta property=\"article:published_time\" content=\"2016-09-06T19:28:07+00:00\" \/>\n\t\t<meta property=\"article:modified_time\" content=\"2016-09-06T19:28:07+00:00\" \/>\n\t\t<meta property=\"article:publisher\" content=\"https:\/\/facebook.com\/eldigitaldeasturias\" \/>\n\t\t<meta name=\"twitter:card\" content=\"summary_large_image\" \/>\n\t\t<meta name=\"twitter:title\" content=\"El PSOE de Gij\u00f3n llevar\u00e1 nuevas iniciativas al pr\u00f3ximo Pleno - El Digital de Asturias\" \/>\n\t\t<meta name=\"twitter:description\" content=\"El portavoz del Grupo Municipal Socialista en el Ayuntamiento de Gij\u00f3n, Jos\u00e9 Mar\u00eda P\u00e9rez, llevar\u00e1 una proposici\u00f3n al pr\u00f3ximo Pleno para la mejora en el control y planificaci\u00f3n de la contrataci\u00f3n municipal. En concreto, propone que se ordene todo el proceso de contrataci\u00f3n, se corrijan problemas y se establezcan medidas de control necesarias para que\" \/>\n\t\t<meta name=\"twitter:image\" content=\"https:\/\/www.eldigitaldeasturias.com\/noticias\/wp-content\/uploads\/2016\/09\/fotonoticia_20160906131159_800.jpg\" \/>\n\t\t<meta name=\"twitter:label1\" content=\"Escrito por\" \/>\n\t\t<meta name=\"twitter:data1\" content=\"El Digital de Asturias\" \/>\n\t\t<meta name=\"twitter:label2\" content=\"Tiempo de lectura estimado\" \/>\n\t\t<meta name=\"twitter:data2\" content=\"1 minuto\" \/>\n\t\t<script type=\"application\/ld+json\" class=\"aioseo-schema\">\n\t\t\t{\"@context\":\"https:\\\/\\\/schema.org\",\"@graph\":[{\"@type\":\"BlogPosting\",\"@id\":\"https:\\\/\\\/www.eldigitaldeasturias.com\\\/noticias\\\/el-psoe-de-gijon-llevara-nuevas-iniciativas-al-proximo-pleno\\\/#blogposting\",\"name\":\"El PSOE de Gij\\u00f3n llevar\\u00e1 nuevas iniciativas al pr\\u00f3ximo Pleno - El Digital de Asturias\",\"headline\":\"El PSOE de Gij\\u00f3n llevar\\u00e1 nuevas iniciativas al pr\\u00f3ximo Pleno\",\"author\":{\"@id\":\"https:\\\/\\\/www.eldigitaldeasturias.com\\\/noticias\\\/author\\\/admin\\\/#author\"},\"publisher\":{\"@id\":\"https:\\\/\\\/www.eldigitaldeasturias.com\\\/noticias\\\/#organization\"},\"image\":{\"@type\":\"ImageObject\",\"url\":\"https:\\\/\\\/www.eldigitaldeasturias.com\\\/noticias\\\/wp-content\\\/uploads\\\/2016\\\/09\\\/fotonoticia_20160906131159_800.jpg\",\"width\":800,\"height\":1067},\"datePublished\":\"2016-09-06T20:28:07+02:00\",\"dateModified\":\"2016-09-06T20:28:07+02:00\",\"inLanguage\":\"es-ES\",\"mainEntityOfPage\":{\"@id\":\"https:\\\/\\\/www.eldigitaldeasturias.com\\\/noticias\\\/el-psoe-de-gijon-llevara-nuevas-iniciativas-al-proximo-pleno\\\/#webpage\"},\"isPartOf\":{\"@id\":\"https:\\\/\\\/www.eldigitaldeasturias.com\\\/noticias\\\/el-psoe-de-gijon-llevara-nuevas-iniciativas-al-proximo-pleno\\\/#webpage\"},\"articleSection\":\"Actualidad Asturias\"},{\"@type\":\"BreadcrumbList\",\"@id\":\"https:\\\/\\\/www.eldigitaldeasturias.com\\\/noticias\\\/el-psoe-de-gijon-llevara-nuevas-iniciativas-al-proximo-pleno\\\/#breadcrumblist\",\"itemListElement\":[{\"@type\":\"ListItem\",\"@id\":\"https:\\\/\\\/www.eldigitaldeasturias.com\\\/noticias#listItem\",\"position\":1,\"name\":\"Home\",\"item\":\"https:\\\/\\\/www.eldigitaldeasturias.com\\\/noticias\",\"nextItem\":{\"@type\":\"ListItem\",\"@id\":\"https:\\\/\\\/www.eldigitaldeasturias.com\\\/noticias\\\/category\\\/actualidad-asturias\\\/#listItem\",\"name\":\"Actualidad Asturias\"}},{\"@type\":\"ListItem\",\"@id\":\"https:\\\/\\\/www.eldigitaldeasturias.com\\\/noticias\\\/category\\\/actualidad-asturias\\\/#listItem\",\"position\":2,\"name\":\"Actualidad Asturias\",\"item\":\"https:\\\/\\\/www.eldigitaldeasturias.com\\\/noticias\\\/category\\\/actualidad-asturias\\\/\",\"nextItem\":{\"@type\":\"ListItem\",\"@id\":\"https:\\\/\\\/www.eldigitaldeasturias.com\\\/noticias\\\/el-psoe-de-gijon-llevara-nuevas-iniciativas-al-proximo-pleno\\\/#listItem\",\"name\":\"El PSOE de Gij\\u00f3n llevar\\u00e1 nuevas iniciativas al pr\\u00f3ximo Pleno\"},\"previousItem\":{\"@type\":\"ListItem\",\"@id\":\"https:\\\/\\\/www.eldigitaldeasturias.com\\\/noticias#listItem\",\"name\":\"Home\"}},{\"@type\":\"ListItem\",\"@id\":\"https:\\\/\\\/www.eldigitaldeasturias.com\\\/noticias\\\/el-psoe-de-gijon-llevara-nuevas-iniciativas-al-proximo-pleno\\\/#listItem\",\"position\":3,\"name\":\"El PSOE de Gij\\u00f3n llevar\\u00e1 nuevas iniciativas al pr\\u00f3ximo Pleno\",\"previousItem\":{\"@type\":\"ListItem\",\"@id\":\"https:\\\/\\\/www.eldigitaldeasturias.com\\\/noticias\\\/category\\\/actualidad-asturias\\\/#listItem\",\"name\":\"Actualidad Asturias\"}}]},{\"@type\":\"Organization\",\"@id\":\"https:\\\/\\\/www.eldigitaldeasturias.com\\\/noticias\\\/#organization\",\"name\":\"El Digital de Asturias\",\"description\":\"Hemeroteca\",\"url\":\"https:\\\/\\\/www.eldigitaldeasturias.com\\\/noticias\\\/\",\"email\":\"info@eldigitaldeasturias.com\",\"telephone\":\"+34652131393\",\"logo\":{\"@type\":\"ImageObject\",\"url\":\"https:\\\/\\\/www.eldigitaldeasturias.com\\\/noticias\\\/wp-content\\\/uploads\\\/2020\\\/12\\\/EDA.jpg\",\"@id\":\"https:\\\/\\\/www.eldigitaldeasturias.com\\\/noticias\\\/el-psoe-de-gijon-llevara-nuevas-iniciativas-al-proximo-pleno\\\/#organizationLogo\",\"width\":649,\"height\":297},\"image\":{\"@id\":\"https:\\\/\\\/www.eldigitaldeasturias.com\\\/noticias\\\/el-psoe-de-gijon-llevara-nuevas-iniciativas-al-proximo-pleno\\\/#organizationLogo\"},\"sameAs\":[\"https:\\\/\\\/facebook.com\\\/eldigitaldeasturias\",\"https:\\\/\\\/www.youtube.com\\\/channel\\\/UCZP-2wLEB9Rv6erhFmqVnvg\"],\"address\":{\"@id\":\"https:\\\/\\\/www.eldigitaldeasturias.com\\\/noticias\\\/#postaladdress\",\"@type\":\"PostalAddress\",\"streetAddress\":\"san antonio 4,\",\"postalCode\":\"33430\",\"addressLocality\":\"Cand\\u00e1s\",\"addressRegion\":\"Asturias\",\"addressCountry\":\"ES\"}},{\"@type\":\"Person\",\"@id\":\"https:\\\/\\\/www.eldigitaldeasturias.com\\\/noticias\\\/author\\\/admin\\\/#author\",\"url\":\"https:\\\/\\\/www.eldigitaldeasturias.com\\\/noticias\\\/author\\\/admin\\\/\",\"name\":\"El Digital de Asturias\",\"image\":{\"@type\":\"ImageObject\",\"@id\":\"https:\\\/\\\/www.eldigitaldeasturias.com\\\/noticias\\\/el-psoe-de-gijon-llevara-nuevas-iniciativas-al-proximo-pleno\\\/#authorImage\",\"url\":\"https:\\\/\\\/www.eldigitaldeasturias.com\\\/noticias\\\/wp-content\\\/litespeed\\\/avatar\\\/18677e78aa0546b92d9dbf31ec7d7668.jpg?ver=1777290358\",\"width\":96,\"height\":96,\"caption\":\"El Digital de Asturias\"}},{\"@type\":\"WebPage\",\"@id\":\"https:\\\/\\\/www.eldigitaldeasturias.com\\\/noticias\\\/el-psoe-de-gijon-llevara-nuevas-iniciativas-al-proximo-pleno\\\/#webpage\",\"url\":\"https:\\\/\\\/www.eldigitaldeasturias.com\\\/noticias\\\/el-psoe-de-gijon-llevara-nuevas-iniciativas-al-proximo-pleno\\\/\",\"name\":\"El PSOE de Gij\\u00f3n llevar\\u00e1 nuevas iniciativas al pr\\u00f3ximo Pleno - El Digital de Asturias\",\"description\":\"El portavoz del Grupo Municipal Socialista en el Ayuntamiento de Gij\\u00f3n, Jos\\u00e9 Mar\\u00eda P\\u00e9rez, llevar\\u00e1 una proposici\\u00f3n al pr\\u00f3ximo Pleno para la mejora en el control y planificaci\\u00f3n de la contrataci\\u00f3n municipal. En concreto, propone que se ordene todo el proceso de contrataci\\u00f3n, se corrijan problemas y se establezcan medidas de control necesarias para que\",\"inLanguage\":\"es-ES\",\"isPartOf\":{\"@id\":\"https:\\\/\\\/www.eldigitaldeasturias.com\\\/noticias\\\/#website\"},\"breadcrumb\":{\"@id\":\"https:\\\/\\\/www.eldigitaldeasturias.com\\\/noticias\\\/el-psoe-de-gijon-llevara-nuevas-iniciativas-al-proximo-pleno\\\/#breadcrumblist\"},\"author\":{\"@id\":\"https:\\\/\\\/www.eldigitaldeasturias.com\\\/noticias\\\/author\\\/admin\\\/#author\"},\"creator\":{\"@id\":\"https:\\\/\\\/www.eldigitaldeasturias.com\\\/noticias\\\/author\\\/admin\\\/#author\"},\"image\":{\"@type\":\"ImageObject\",\"url\":\"https:\\\/\\\/www.eldigitaldeasturias.com\\\/noticias\\\/wp-content\\\/uploads\\\/2016\\\/09\\\/fotonoticia_20160906131159_800.jpg\",\"@id\":\"https:\\\/\\\/www.eldigitaldeasturias.com\\\/noticias\\\/el-psoe-de-gijon-llevara-nuevas-iniciativas-al-proximo-pleno\\\/#mainImage\",\"width\":800,\"height\":1067},\"primaryImageOfPage\":{\"@id\":\"https:\\\/\\\/www.eldigitaldeasturias.com\\\/noticias\\\/el-psoe-de-gijon-llevara-nuevas-iniciativas-al-proximo-pleno\\\/#mainImage\"},\"datePublished\":\"2016-09-06T20:28:07+02:00\",\"dateModified\":\"2016-09-06T20:28:07+02:00\"},{\"@type\":\"WebSite\",\"@id\":\"https:\\\/\\\/www.eldigitaldeasturias.com\\\/noticias\\\/#website\",\"url\":\"https:\\\/\\\/www.eldigitaldeasturias.com\\\/noticias\\\/\",\"name\":\"El Digital de Asturias - Diario de actualidad y noticias\",\"alternateName\":\"El Digital de Asturias - Diario de actualidad y noticias\",\"description\":\"Hemeroteca\",\"inLanguage\":\"es-ES\",\"publisher\":{\"@id\":\"https:\\\/\\\/www.eldigitaldeasturias.com\\\/noticias\\\/#organization\"}}]}\n\t\t<\/script>\n\t\t<!-- All in One SEO Pro -->\r\n\t\t<title>El PSOE de Gij\u00f3n llevar\u00e1 nuevas iniciativas al pr\u00f3ximo Pleno - El Digital de Asturias<\/title>\n\n","aioseo_head_json":{"title":"El PSOE de Gij\u00f3n llevar\u00e1 nuevas iniciativas al pr\u00f3ximo Pleno - El Digital de Asturias","description":"El portavoz del Grupo Municipal Socialista en el Ayuntamiento de Gij\u00f3n, Jos\u00e9 Mar\u00eda P\u00e9rez, llevar\u00e1 una proposici\u00f3n al pr\u00f3ximo Pleno para la mejora en el control y planificaci\u00f3n de la contrataci\u00f3n municipal. En concreto, propone que se ordene todo el proceso de contrataci\u00f3n, se corrijan problemas y se establezcan medidas de control necesarias para que","canonical_url":"https:\/\/www.eldigitaldeasturias.com\/noticias\/el-psoe-de-gijon-llevara-nuevas-iniciativas-al-proximo-pleno\/","robots":"max-image-preview:large","keywords":"actualidad asturias","webmasterTools":{"google-site-verification":"UA-38556648-1","msvalidate.01":"7dfe9f3f1b24437ab69f4f2559babe99","miscellaneous":""},"schema":{"@context":"https:\/\/schema.org","@graph":[{"@type":"BlogPosting","@id":"https:\/\/www.eldigitaldeasturias.com\/noticias\/el-psoe-de-gijon-llevara-nuevas-iniciativas-al-proximo-pleno\/#blogposting","name":"El PSOE de Gij\u00f3n llevar\u00e1 nuevas iniciativas al pr\u00f3ximo Pleno - El Digital de Asturias","headline":"El PSOE de Gij\u00f3n llevar\u00e1 nuevas iniciativas al pr\u00f3ximo Pleno","author":{"@id":"https:\/\/www.eldigitaldeasturias.com\/noticias\/author\/admin\/#author"},"publisher":{"@id":"https:\/\/www.eldigitaldeasturias.com\/noticias\/#organization"},"image":{"@type":"ImageObject","url":"https:\/\/www.eldigitaldeasturias.com\/noticias\/wp-content\/uploads\/2016\/09\/fotonoticia_20160906131159_800.jpg","width":800,"height":1067},"datePublished":"2016-09-06T20:28:07+02:00","dateModified":"2016-09-06T20:28:07+02:00","inLanguage":"es-ES","mainEntityOfPage":{"@id":"https:\/\/www.eldigitaldeasturias.com\/noticias\/el-psoe-de-gijon-llevara-nuevas-iniciativas-al-proximo-pleno\/#webpage"},"isPartOf":{"@id":"https:\/\/www.eldigitaldeasturias.com\/noticias\/el-psoe-de-gijon-llevara-nuevas-iniciativas-al-proximo-pleno\/#webpage"},"articleSection":"Actualidad Asturias"},{"@type":"BreadcrumbList","@id":"https:\/\/www.eldigitaldeasturias.com\/noticias\/el-psoe-de-gijon-llevara-nuevas-iniciativas-al-proximo-pleno\/#breadcrumblist","itemListElement":[{"@type":"ListItem","@id":"https:\/\/www.eldigitaldeasturias.com\/noticias#listItem","position":1,"name":"Home","item":"https:\/\/www.eldigitaldeasturias.com\/noticias","nextItem":{"@type":"ListItem","@id":"https:\/\/www.eldigitaldeasturias.com\/noticias\/category\/actualidad-asturias\/#listItem","name":"Actualidad Asturias"}},{"@type":"ListItem","@id":"https:\/\/www.eldigitaldeasturias.com\/noticias\/category\/actualidad-asturias\/#listItem","position":2,"name":"Actualidad Asturias","item":"https:\/\/www.eldigitaldeasturias.com\/noticias\/category\/actualidad-asturias\/","nextItem":{"@type":"ListItem","@id":"https:\/\/www.eldigitaldeasturias.com\/noticias\/el-psoe-de-gijon-llevara-nuevas-iniciativas-al-proximo-pleno\/#listItem","name":"El PSOE de Gij\u00f3n llevar\u00e1 nuevas iniciativas al pr\u00f3ximo Pleno"},"previousItem":{"@type":"ListItem","@id":"https:\/\/www.eldigitaldeasturias.com\/noticias#listItem","name":"Home"}},{"@type":"ListItem","@id":"https:\/\/www.eldigitaldeasturias.com\/noticias\/el-psoe-de-gijon-llevara-nuevas-iniciativas-al-proximo-pleno\/#listItem","position":3,"name":"El PSOE de Gij\u00f3n llevar\u00e1 nuevas iniciativas al pr\u00f3ximo Pleno","previousItem":{"@type":"ListItem","@id":"https:\/\/www.eldigitaldeasturias.com\/noticias\/category\/actualidad-asturias\/#listItem","name":"Actualidad Asturias"}}]},{"@type":"Organization","@id":"https:\/\/www.eldigitaldeasturias.com\/noticias\/#organization","name":"El Digital de Asturias","description":"Hemeroteca","url":"https:\/\/www.eldigitaldeasturias.com\/noticias\/","email":"info@eldigitaldeasturias.com","telephone":"+34652131393","logo":{"@type":"ImageObject","url":"https:\/\/www.eldigitaldeasturias.com\/noticias\/wp-content\/uploads\/2020\/12\/EDA.jpg","@id":"https:\/\/www.eldigitaldeasturias.com\/noticias\/el-psoe-de-gijon-llevara-nuevas-iniciativas-al-proximo-pleno\/#organizationLogo","width":649,"height":297},"image":{"@id":"https:\/\/www.eldigitaldeasturias.com\/noticias\/el-psoe-de-gijon-llevara-nuevas-iniciativas-al-proximo-pleno\/#organizationLogo"},"sameAs":["https:\/\/facebook.com\/eldigitaldeasturias","https:\/\/www.youtube.com\/channel\/UCZP-2wLEB9Rv6erhFmqVnvg"],"address":{"@id":"https:\/\/www.eldigitaldeasturias.com\/noticias\/#postaladdress","@type":"PostalAddress","streetAddress":"san antonio 4,","postalCode":"33430","addressLocality":"Cand\u00e1s","addressRegion":"Asturias","addressCountry":"ES"}},{"@type":"Person","@id":"https:\/\/www.eldigitaldeasturias.com\/noticias\/author\/admin\/#author","url":"https:\/\/www.eldigitaldeasturias.com\/noticias\/author\/admin\/","name":"El Digital de Asturias","image":{"@type":"ImageObject","@id":"https:\/\/www.eldigitaldeasturias.com\/noticias\/el-psoe-de-gijon-llevara-nuevas-iniciativas-al-proximo-pleno\/#authorImage","url":"https:\/\/www.eldigitaldeasturias.com\/noticias\/wp-content\/litespeed\/avatar\/18677e78aa0546b92d9dbf31ec7d7668.jpg?ver=1777290358","width":96,"height":96,"caption":"El Digital de Asturias"}},{"@type":"WebPage","@id":"https:\/\/www.eldigitaldeasturias.com\/noticias\/el-psoe-de-gijon-llevara-nuevas-iniciativas-al-proximo-pleno\/#webpage","url":"https:\/\/www.eldigitaldeasturias.com\/noticias\/el-psoe-de-gijon-llevara-nuevas-iniciativas-al-proximo-pleno\/","name":"El PSOE de Gij\u00f3n llevar\u00e1 nuevas iniciativas al pr\u00f3ximo Pleno - El Digital de Asturias","description":"El portavoz del Grupo Municipal Socialista en el Ayuntamiento de Gij\u00f3n, Jos\u00e9 Mar\u00eda P\u00e9rez, llevar\u00e1 una proposici\u00f3n al pr\u00f3ximo Pleno para la mejora en el control y planificaci\u00f3n de la contrataci\u00f3n municipal. En concreto, propone que se ordene todo el proceso de contrataci\u00f3n, se corrijan problemas y se establezcan medidas de control necesarias para que","inLanguage":"es-ES","isPartOf":{"@id":"https:\/\/www.eldigitaldeasturias.com\/noticias\/#website"},"breadcrumb":{"@id":"https:\/\/www.eldigitaldeasturias.com\/noticias\/el-psoe-de-gijon-llevara-nuevas-iniciativas-al-proximo-pleno\/#breadcrumblist"},"author":{"@id":"https:\/\/www.eldigitaldeasturias.com\/noticias\/author\/admin\/#author"},"creator":{"@id":"https:\/\/www.eldigitaldeasturias.com\/noticias\/author\/admin\/#author"},"image":{"@type":"ImageObject","url":"https:\/\/www.eldigitaldeasturias.com\/noticias\/wp-content\/uploads\/2016\/09\/fotonoticia_20160906131159_800.jpg","@id":"https:\/\/www.eldigitaldeasturias.com\/noticias\/el-psoe-de-gijon-llevara-nuevas-iniciativas-al-proximo-pleno\/#mainImage","width":800,"height":1067},"primaryImageOfPage":{"@id":"https:\/\/www.eldigitaldeasturias.com\/noticias\/el-psoe-de-gijon-llevara-nuevas-iniciativas-al-proximo-pleno\/#mainImage"},"datePublished":"2016-09-06T20:28:07+02:00","dateModified":"2016-09-06T20:28:07+02:00"},{"@type":"WebSite","@id":"https:\/\/www.eldigitaldeasturias.com\/noticias\/#website","url":"https:\/\/www.eldigitaldeasturias.com\/noticias\/","name":"El Digital de Asturias - Diario de actualidad y noticias","alternateName":"El Digital de Asturias - Diario de actualidad y noticias","description":"Hemeroteca","inLanguage":"es-ES","publisher":{"@id":"https:\/\/www.eldigitaldeasturias.com\/noticias\/#organization"}}]},"og:locale":"es_ES","og:site_name":"El Digital de Asturias","og:type":"article","og:title":"El PSOE de Gij\u00f3n llevar\u00e1 nuevas iniciativas al pr\u00f3ximo Pleno - El Digital de Asturias","og:description":"El portavoz del Grupo Municipal Socialista en el Ayuntamiento de Gij\u00f3n, Jos\u00e9 Mar\u00eda P\u00e9rez, llevar\u00e1 una proposici\u00f3n al pr\u00f3ximo Pleno para la mejora en el control y planificaci\u00f3n de la contrataci\u00f3n municipal. En concreto, propone que se ordene todo el proceso de contrataci\u00f3n, se corrijan problemas y se establezcan medidas de control necesarias para que","og:url":"https:\/\/www.eldigitaldeasturias.com\/noticias\/el-psoe-de-gijon-llevara-nuevas-iniciativas-al-proximo-pleno\/","og:image":"https:\/\/www.eldigitaldeasturias.com\/noticias\/wp-content\/uploads\/2016\/09\/fotonoticia_20160906131159_800.jpg","og:image:secure_url":"https:\/\/www.eldigitaldeasturias.com\/noticias\/wp-content\/uploads\/2016\/09\/fotonoticia_20160906131159_800.jpg","og:image:width":800,"og:image:height":1067,"article:tag":["actualidad asturias"],"article:published_time":"2016-09-06T19:28:07+00:00","article:modified_time":"2016-09-06T19:28:07+00:00","article:publisher":"https:\/\/facebook.com\/eldigitaldeasturias","twitter:card":"summary_large_image","twitter:title":"El PSOE de Gij\u00f3n llevar\u00e1 nuevas iniciativas al pr\u00f3ximo Pleno - El Digital de Asturias","twitter:description":"El portavoz del Grupo Municipal Socialista en el Ayuntamiento de Gij\u00f3n, Jos\u00e9 Mar\u00eda P\u00e9rez, llevar\u00e1 una proposici\u00f3n al pr\u00f3ximo Pleno para la mejora en el control y planificaci\u00f3n de la contrataci\u00f3n municipal. En concreto, propone que se ordene todo el proceso de contrataci\u00f3n, se corrijan problemas y se establezcan medidas de control necesarias para que","twitter:image":"https:\/\/www.eldigitaldeasturias.com\/noticias\/wp-content\/uploads\/2016\/09\/fotonoticia_20160906131159_800.jpg","twitter:label1":"Escrito por","twitter:data1":"El Digital de Asturias","twitter:label2":"Tiempo de lectura estimado","twitter:data2":"1 minuto"},"aioseo_meta_data":{"post_id":"906127","title":null,"description":null,"keywords":null,"keyphrases":null,"primary_term":null,"canonical_url":null,"og_title":null,"og_description":null,"og_object_type":"default","og_image_type":"default","og_image_url":null,"og_image_width":null,"og_image_height":null,"og_image_custom_url":null,"og_image_custom_fields":null,"og_video":null,"og_custom_url":null,"og_article_section":null,"og_article_tags":null,"twitter_use_og":false,"twitter_card":"default","twitter_image_type":"default","twitter_image_url":null,"twitter_image_custom_url":null,"twitter_image_custom_fields":null,"twitter_title":null,"twitter_description":null,"schema":{"blockGraphs":[],"customGraphs":[],"default":{"data":{"Article":[],"Course":[],"Dataset":[],"FAQPage":[],"Movie":[],"Person":[],"Product":[],"ProductReview":[],"Car":[],"Recipe":[],"Service":[],"SoftwareApplication":[],"WebPage":[]},"graphName":"","isEnabled":true},"graphs":[],"defaultGraph":"","defaultPostTypeGraph":""},"schema_type":null,"schema_type_options":null,"pillar_content":false,"robots_default":true,"robots_noindex":false,"robots_noarchive":false,"robots_nosnippet":false,"robots_nofollow":false,"robots_noimageindex":false,"robots_noodp":false,"robots_notranslate":false,"robots_max_snippet":null,"robots_max_videopreview":null,"robots_max_imagepreview":"large","priority":null,"frequency":null,"local_seo":null,"seo_analyzer_scan_date":"2025-11-30 07:58:12","breadcrumb_settings":null,"limit_modified_date":false,"open_ai":null,"ai":null,"created":"2020-12-21 14:01:57","updated":"2025-11-30 07:58:12"},"aioseo_breadcrumb":"<div class=\"aioseo-breadcrumbs\"><span class=\"aioseo-breadcrumb\">\n\t<a href=\"https:\/\/www.eldigitaldeasturias.com\/noticias\" title=\"Home\">Home<\/a>\n<\/span><span class=\"aioseo-breadcrumb-separator\">\u2013<\/span><span class=\"aioseo-breadcrumb\">\n\t<a href=\"https:\/\/www.eldigitaldeasturias.com\/noticias\/category\/actualidad-asturias\/\" title=\"Actualidad Asturias\">Actualidad Asturias<\/a>\n<\/span><span class=\"aioseo-breadcrumb-separator\">\u2013<\/span><span class=\"aioseo-breadcrumb\">\n\t<a href=\"https:\/\/www.eldigitaldeasturias.com\/noticias\/el-psoe-de-gijon-llevara-nuevas-iniciativas-al-proximo-pleno\/\" title=\"El PSOE de Gij\u00f3n llevar\u00e1 nuevas iniciativas al pr\u00f3ximo Pleno\">El PSOE de Gij\u00f3n llevar\u00e1 nuevas iniciativas al pr\u00f3ximo Pleno<\/a>\n<\/span><\/div>","aioseo_breadcrumb_json":[{"label":"Home","link":"https:\/\/www.eldigitaldeasturias.com\/noticias"},{"label":"Actualidad Asturias","link":"https:\/\/www.eldigitaldeasturias.com\/noticias\/category\/actualidad-asturias\/"},{"label":"El PSOE de Gij\u00f3n llevar\u00e1 nuevas iniciativas al pr\u00f3ximo Pleno","link":"https:\/\/www.eldigitaldeasturias.com\/noticias\/el-psoe-de-gijon-llevara-nuevas-iniciativas-al-proximo-pleno\/"}],"_links":{"self":[{"href":"https:\/\/www.eldigitaldeasturias.com\/noticias\/wp-json\/wp\/v2\/posts\/906127","targetHints":{"allow":["GET"]}}],"collection":[{"href":"https:\/\/www.eldigitaldeasturias.com\/noticias\/wp-json\/wp\/v2\/posts"}],"about":[{"href":"https:\/\/www.eldigitaldeasturias.com\/noticias\/wp-json\/wp\/v2\/types\/post"}],"author":[{"embeddable":true,"href":"https:\/\/www.eldigitaldeasturias.com\/noticias\/wp-json\/wp\/v2\/users\/1"}],"replies":[{"embeddable":true,"href":"https:\/\/www.eldigitaldeasturias.com\/noticias\/wp-json\/wp\/v2\/comments?post=906127"}],"version-history":[{"count":0,"href":"https:\/\/www.eldigitaldeasturias.com\/noticias\/wp-json\/wp\/v2\/posts\/906127\/revisions"}],"wp:featuredmedia":[{"embeddable":true,"href":"https:\/\/www.eldigitaldeasturias.com\/noticias\/wp-json\/wp\/v2\/media\/906128"}],"wp:attachment":[{"href":"https:\/\/www.eldigitaldeasturias.com\/noticias\/wp-json\/wp\/v2\/media?parent=906127"}],"wp:term":[{"taxonomy":"category","embeddable":true,"href":"https:\/\/www.eldigitaldeasturias.com\/noticias\/wp-json\/wp\/v2\/categories?post=906127"},{"taxonomy":"post_tag","embeddable":true,"href":"https:\/\/www.eldigitaldeasturias.com\/noticias\/wp-json\/wp\/v2\/tags?post=906127"}],"curies":[{"name":"wp","href":"https:\/\/api.w.org\/{rel}","templated":true}]}}