{"id":906123,"date":"2016-09-06T19:36:37","date_gmt":"2016-09-06T18:36:37","guid":{"rendered":"http:\/\/www.eldigitaldeasturias.com\/noticias\/?p=906123"},"modified":"2016-09-06T19:36:37","modified_gmt":"2016-09-06T18:36:37","slug":"un-dia-menos-para-gh17-el-8-de-septiembre-pegate-a-la-tele","status":"publish","type":"post","link":"https:\/\/www.eldigitaldeasturias.com\/noticias\/un-dia-menos-para-gh17-el-8-de-septiembre-pegate-a-la-tele\/","title":{"rendered":"Un d\u00eda menos para GH17, el 8 de septiembre \u201cp\u00e9gate\u201d a la tele"},"content":{"rendered":"<p><img loading=\"lazy\" decoding=\"async\" class=\"alignleft size-full wp-image-2010\" src=\"https:\/\/www.eldigitaldeasturias.com\/noticias\/wp-content\/uploads\/2013\/09\/TELE-ARCHIVO.jpg\" alt=\"TELE-ARCHIVO\" width=\"350\" height=\"233\" \/>Como dec\u00eda un amigo m\u00edo en mis tiempos mozos, cuando hac\u00edamos la mili (a muchos quiz\u00e1s os suene a chino lo de la mili), hoy ya no quedan d\u00edas quedan horas queridos lavadoras\u2026 y eso es bueno o muy bueno para todos los fans del formato.<\/p>\n<p>En las \u00faltimas semanas, d\u00edas y horas son muchos los sitios web que aportan informaci\u00f3n sobre la nueva edici\u00f3n, GH17 es noticia, pero la verdad es que \u201cpuede que nada sea lo que dicen ser\u201d, tiempo al tiempo y mucha paciencia.<\/p>\n<p>De momento sabemos dia y hora, sabemos el canal, sabemos d\u00f3nde estar\u00e1 la casa\u2026 \u00bfo no?, aunque tambi\u00e9n quien dice que puede haber cambios de ubicaci\u00f3n, \u00bflo veis posible?, puede que s\u00ed o puede que no\u2026. Pero yo creo que ser\u00eda demasiado \u201carroz para un solo pollo\u201d y que no habr\u00e1 ese cambio que alguien me comento tomando un caf\u00e9\u2026<\/p>\n<p>Sabemos que JJ ser\u00e1 el nuevo maestro de ceremonias, y tambi\u00e9n sabemos que \u201cveremos cosas nunca vistas\u201d, \u00bfhabr\u00e1 Telecinco encontrado vida inteligente m\u00e1s all\u00e1 de nuestro planeta?, \u00bfTendremos nuevos animales televisivos?.. o quiz\u00e1s en esta edici\u00f3n descubriremos algo que hasta ahora nuestros ojos nunca vieron en el mundo real.<\/p>\n<p>El programa promete, la campa\u00f1a de marketing es buena o muy buena y lo \u00fanico malo es que se est\u00e1n creando una serie de expectativas que quiz\u00e1s luego no den la talla, es lo malo de los cambios\u2026 pero es lo bueno de la ilusi\u00f3n, y para esta edici\u00f3n entre los miles de seguidores de GH la palabra \u201cilusi\u00f3n\u201d es muy importante, pues el jueves en muchas casas \u201cla tele amiga ser\u00e1 lo \u00fanico que se escuche y se vea\u201d, eso s\u00ed\u2026 acompa\u00f1ada de las redes sociales (que no falten)<\/p>\n<p>Podr\u00edamos hacer un barrido y resumen de todo lo que se comenta por la red de redes, pero seguro que ya lo has hecho, y que habr\u00e1s le\u00eddo de todo, yo lo \u00fanico que te puede decir es que el jueves \u201cte pegues a la tele\u201d, por qu\u00e9 GH17 marcar\u00e1 un antes y un despu\u00e9s en el formato, \u00bfpara bien o para mal? Ya lo iremos viendo y destripando\u2026.<\/p>\n<p>El jueves todos tenemos una cita en la casa\u2026. \u00bfser\u00e1 en la casa no?<\/p>\n<p>Os seguiremos informando\u2026.<\/p>\n<p>&nbsp;<\/p>\n<p>&nbsp;<\/p>\n","protected":false},"excerpt":{"rendered":"<p>Como dec\u00eda un amigo m\u00edo en mis tiempos mozos, cuando hac\u00edamos la mili (a muchos quiz\u00e1s os suene a chino lo de la mili), hoy ya no quedan d\u00edas quedan horas queridos lavadoras\u2026 y eso es bueno o muy bueno para todos los fans del formato. En las \u00faltimas semanas, d\u00edas y horas son muchos [&hellip;]<\/p>\n","protected":false},"author":1,"featured_media":886231,"comment_status":"closed","ping_status":"closed","sticky":false,"template":"","format":"standard","meta":{"footnotes":""},"categories":[1],"tags":[],"class_list":["post-906123","post","type-post","status-publish","format-standard","has-post-thumbnail","hentry","category-actualidad"],"aioseo_notices":[],"aioseo_head":"\n\t\t<!-- All in One SEO Pro 4.9.6.2 - aioseo.com -->\n\t<meta name=\"description\" content=\"Como dec\u00eda un amigo m\u00edo en mis tiempos mozos, cuando hac\u00edamos la mili (a muchos quiz\u00e1s os suene a chino lo de la mili), hoy ya no quedan d\u00edas quedan horas queridos lavadoras\u2026 y eso es bueno o muy bueno para todos los fans del formato. En las \u00faltimas semanas, d\u00edas y horas son muchos\" \/>\n\t<meta name=\"robots\" content=\"max-image-preview:large\" \/>\n\t<meta name=\"author\" content=\"El Digital de Asturias\"\/>\n\t<meta name=\"google-site-verification\" content=\"UA-38556648-1\" \/>\n\t<meta name=\"msvalidate.01\" content=\"7dfe9f3f1b24437ab69f4f2559babe99\" \/>\n\t<meta name=\"keywords\" content=\"actualidad\" \/>\n\t<link rel=\"canonical\" href=\"https:\/\/www.eldigitaldeasturias.com\/noticias\/un-dia-menos-para-gh17-el-8-de-septiembre-pegate-a-la-tele\/\" \/>\n\t<meta name=\"generator\" content=\"All in One SEO Pro (AIOSEO) 4.9.6.2\" \/>\n\t\t<meta property=\"og:locale\" content=\"es_ES\" \/>\n\t\t<meta property=\"og:site_name\" content=\"El Digital de Asturias\" \/>\n\t\t<meta property=\"og:type\" content=\"article\" \/>\n\t\t<meta property=\"og:title\" content=\"Un d\u00eda menos para GH17, el 8 de septiembre \u201cp\u00e9gate\u201d a la tele - El Digital de Asturias\" \/>\n\t\t<meta property=\"og:description\" content=\"Como dec\u00eda un amigo m\u00edo en mis tiempos mozos, cuando hac\u00edamos la mili (a muchos quiz\u00e1s os suene a chino lo de la mili), hoy ya no quedan d\u00edas quedan horas queridos lavadoras\u2026 y eso es bueno o muy bueno para todos los fans del formato. En las \u00faltimas semanas, d\u00edas y horas son muchos\" \/>\n\t\t<meta property=\"og:url\" content=\"https:\/\/www.eldigitaldeasturias.com\/noticias\/un-dia-menos-para-gh17-el-8-de-septiembre-pegate-a-la-tele\/\" \/>\n\t\t<meta property=\"og:image\" content=\"https:\/\/www.eldigitaldeasturias.com\/noticias\/wp-content\/uploads\/2016\/05\/internet1-655x360.jpg\" \/>\n\t\t<meta property=\"og:image:secure_url\" content=\"https:\/\/www.eldigitaldeasturias.com\/noticias\/wp-content\/uploads\/2016\/05\/internet1-655x360.jpg\" \/>\n\t\t<meta property=\"og:image:width\" content=\"655\" \/>\n\t\t<meta property=\"og:image:height\" content=\"360\" \/>\n\t\t<meta property=\"article:tag\" content=\"actualidad\" \/>\n\t\t<meta property=\"article:published_time\" content=\"2016-09-06T18:36:37+00:00\" \/>\n\t\t<meta property=\"article:modified_time\" content=\"2016-09-06T18:36:37+00:00\" \/>\n\t\t<meta property=\"article:publisher\" content=\"https:\/\/facebook.com\/eldigitaldeasturias\" \/>\n\t\t<meta name=\"twitter:card\" content=\"summary_large_image\" \/>\n\t\t<meta name=\"twitter:title\" content=\"Un d\u00eda menos para GH17, el 8 de septiembre \u201cp\u00e9gate\u201d a la tele - El Digital de Asturias\" \/>\n\t\t<meta name=\"twitter:description\" content=\"Como dec\u00eda un amigo m\u00edo en mis tiempos mozos, cuando hac\u00edamos la mili (a muchos quiz\u00e1s os suene a chino lo de la mili), hoy ya no quedan d\u00edas quedan horas queridos lavadoras\u2026 y eso es bueno o muy bueno para todos los fans del formato. En las \u00faltimas semanas, d\u00edas y horas son muchos\" \/>\n\t\t<meta name=\"twitter:image\" content=\"https:\/\/www.eldigitaldeasturias.com\/noticias\/wp-content\/uploads\/2016\/05\/internet1-655x360.jpg\" \/>\n\t\t<meta name=\"twitter:label1\" content=\"Escrito por\" \/>\n\t\t<meta name=\"twitter:data1\" content=\"El Digital de Asturias\" \/>\n\t\t<meta name=\"twitter:label2\" content=\"Tiempo de lectura estimado\" \/>\n\t\t<meta name=\"twitter:data2\" content=\"2 minutos\" \/>\n\t\t<script type=\"application\/ld+json\" class=\"aioseo-schema\">\n\t\t\t{\"@context\":\"https:\\\/\\\/schema.org\",\"@graph\":[{\"@type\":\"BlogPosting\",\"@id\":\"https:\\\/\\\/www.eldigitaldeasturias.com\\\/noticias\\\/un-dia-menos-para-gh17-el-8-de-septiembre-pegate-a-la-tele\\\/#blogposting\",\"name\":\"Un d\\u00eda menos para GH17, el 8 de septiembre \\u201cp\\u00e9gate\\u201d a la tele - El Digital de Asturias\",\"headline\":\"Un d\\u00eda menos para GH17, el 8 de septiembre \\u201cp\\u00e9gate\\u201d a la tele\",\"author\":{\"@id\":\"https:\\\/\\\/www.eldigitaldeasturias.com\\\/noticias\\\/author\\\/admin\\\/#author\"},\"publisher\":{\"@id\":\"https:\\\/\\\/www.eldigitaldeasturias.com\\\/noticias\\\/#organization\"},\"image\":{\"@type\":\"ImageObject\",\"url\":\"https:\\\/\\\/www.eldigitaldeasturias.com\\\/noticias\\\/wp-content\\\/uploads\\\/2016\\\/05\\\/internet1-655x360.jpg\",\"width\":655,\"height\":360},\"datePublished\":\"2016-09-06T19:36:37+02:00\",\"dateModified\":\"2016-09-06T19:36:37+02:00\",\"inLanguage\":\"es-ES\",\"mainEntityOfPage\":{\"@id\":\"https:\\\/\\\/www.eldigitaldeasturias.com\\\/noticias\\\/un-dia-menos-para-gh17-el-8-de-septiembre-pegate-a-la-tele\\\/#webpage\"},\"isPartOf\":{\"@id\":\"https:\\\/\\\/www.eldigitaldeasturias.com\\\/noticias\\\/un-dia-menos-para-gh17-el-8-de-septiembre-pegate-a-la-tele\\\/#webpage\"},\"articleSection\":\"Actualidad\"},{\"@type\":\"BreadcrumbList\",\"@id\":\"https:\\\/\\\/www.eldigitaldeasturias.com\\\/noticias\\\/un-dia-menos-para-gh17-el-8-de-septiembre-pegate-a-la-tele\\\/#breadcrumblist\",\"itemListElement\":[{\"@type\":\"ListItem\",\"@id\":\"https:\\\/\\\/www.eldigitaldeasturias.com\\\/noticias#listItem\",\"position\":1,\"name\":\"Home\",\"item\":\"https:\\\/\\\/www.eldigitaldeasturias.com\\\/noticias\",\"nextItem\":{\"@type\":\"ListItem\",\"@id\":\"https:\\\/\\\/www.eldigitaldeasturias.com\\\/noticias\\\/category\\\/actualidad\\\/#listItem\",\"name\":\"Actualidad\"}},{\"@type\":\"ListItem\",\"@id\":\"https:\\\/\\\/www.eldigitaldeasturias.com\\\/noticias\\\/category\\\/actualidad\\\/#listItem\",\"position\":2,\"name\":\"Actualidad\",\"item\":\"https:\\\/\\\/www.eldigitaldeasturias.com\\\/noticias\\\/category\\\/actualidad\\\/\",\"nextItem\":{\"@type\":\"ListItem\",\"@id\":\"https:\\\/\\\/www.eldigitaldeasturias.com\\\/noticias\\\/un-dia-menos-para-gh17-el-8-de-septiembre-pegate-a-la-tele\\\/#listItem\",\"name\":\"Un d\\u00eda menos para GH17, el 8 de septiembre \\u201cp\\u00e9gate\\u201d a la tele\"},\"previousItem\":{\"@type\":\"ListItem\",\"@id\":\"https:\\\/\\\/www.eldigitaldeasturias.com\\\/noticias#listItem\",\"name\":\"Home\"}},{\"@type\":\"ListItem\",\"@id\":\"https:\\\/\\\/www.eldigitaldeasturias.com\\\/noticias\\\/un-dia-menos-para-gh17-el-8-de-septiembre-pegate-a-la-tele\\\/#listItem\",\"position\":3,\"name\":\"Un d\\u00eda menos para GH17, el 8 de septiembre \\u201cp\\u00e9gate\\u201d a la tele\",\"previousItem\":{\"@type\":\"ListItem\",\"@id\":\"https:\\\/\\\/www.eldigitaldeasturias.com\\\/noticias\\\/category\\\/actualidad\\\/#listItem\",\"name\":\"Actualidad\"}}]},{\"@type\":\"Organization\",\"@id\":\"https:\\\/\\\/www.eldigitaldeasturias.com\\\/noticias\\\/#organization\",\"name\":\"El Digital de Asturias\",\"description\":\"Hemeroteca\",\"url\":\"https:\\\/\\\/www.eldigitaldeasturias.com\\\/noticias\\\/\",\"email\":\"info@eldigitaldeasturias.com\",\"telephone\":\"+34652131393\",\"logo\":{\"@type\":\"ImageObject\",\"url\":\"https:\\\/\\\/www.eldigitaldeasturias.com\\\/noticias\\\/wp-content\\\/uploads\\\/2020\\\/12\\\/EDA.jpg\",\"@id\":\"https:\\\/\\\/www.eldigitaldeasturias.com\\\/noticias\\\/un-dia-menos-para-gh17-el-8-de-septiembre-pegate-a-la-tele\\\/#organizationLogo\",\"width\":649,\"height\":297},\"image\":{\"@id\":\"https:\\\/\\\/www.eldigitaldeasturias.com\\\/noticias\\\/un-dia-menos-para-gh17-el-8-de-septiembre-pegate-a-la-tele\\\/#organizationLogo\"},\"sameAs\":[\"https:\\\/\\\/facebook.com\\\/eldigitaldeasturias\",\"https:\\\/\\\/www.youtube.com\\\/channel\\\/UCZP-2wLEB9Rv6erhFmqVnvg\"],\"address\":{\"@id\":\"https:\\\/\\\/www.eldigitaldeasturias.com\\\/noticias\\\/#postaladdress\",\"@type\":\"PostalAddress\",\"streetAddress\":\"san antonio 4,\",\"postalCode\":\"33430\",\"addressLocality\":\"Cand\\u00e1s\",\"addressRegion\":\"Asturias\",\"addressCountry\":\"ES\"}},{\"@type\":\"Person\",\"@id\":\"https:\\\/\\\/www.eldigitaldeasturias.com\\\/noticias\\\/author\\\/admin\\\/#author\",\"url\":\"https:\\\/\\\/www.eldigitaldeasturias.com\\\/noticias\\\/author\\\/admin\\\/\",\"name\":\"El Digital de Asturias\",\"image\":{\"@type\":\"ImageObject\",\"@id\":\"https:\\\/\\\/www.eldigitaldeasturias.com\\\/noticias\\\/un-dia-menos-para-gh17-el-8-de-septiembre-pegate-a-la-tele\\\/#authorImage\",\"url\":\"https:\\\/\\\/www.eldigitaldeasturias.com\\\/noticias\\\/wp-content\\\/litespeed\\\/avatar\\\/18677e78aa0546b92d9dbf31ec7d7668.jpg?ver=1777290358\",\"width\":96,\"height\":96,\"caption\":\"El Digital de Asturias\"}},{\"@type\":\"WebPage\",\"@id\":\"https:\\\/\\\/www.eldigitaldeasturias.com\\\/noticias\\\/un-dia-menos-para-gh17-el-8-de-septiembre-pegate-a-la-tele\\\/#webpage\",\"url\":\"https:\\\/\\\/www.eldigitaldeasturias.com\\\/noticias\\\/un-dia-menos-para-gh17-el-8-de-septiembre-pegate-a-la-tele\\\/\",\"name\":\"Un d\\u00eda menos para GH17, el 8 de septiembre \\u201cp\\u00e9gate\\u201d a la tele - El Digital de Asturias\",\"description\":\"Como dec\\u00eda un amigo m\\u00edo en mis tiempos mozos, cuando hac\\u00edamos la mili (a muchos quiz\\u00e1s os suene a chino lo de la mili), hoy ya no quedan d\\u00edas quedan horas queridos lavadoras\\u2026 y eso es bueno o muy bueno para todos los fans del formato. En las \\u00faltimas semanas, d\\u00edas y horas son muchos\",\"inLanguage\":\"es-ES\",\"isPartOf\":{\"@id\":\"https:\\\/\\\/www.eldigitaldeasturias.com\\\/noticias\\\/#website\"},\"breadcrumb\":{\"@id\":\"https:\\\/\\\/www.eldigitaldeasturias.com\\\/noticias\\\/un-dia-menos-para-gh17-el-8-de-septiembre-pegate-a-la-tele\\\/#breadcrumblist\"},\"author\":{\"@id\":\"https:\\\/\\\/www.eldigitaldeasturias.com\\\/noticias\\\/author\\\/admin\\\/#author\"},\"creator\":{\"@id\":\"https:\\\/\\\/www.eldigitaldeasturias.com\\\/noticias\\\/author\\\/admin\\\/#author\"},\"image\":{\"@type\":\"ImageObject\",\"url\":\"https:\\\/\\\/www.eldigitaldeasturias.com\\\/noticias\\\/wp-content\\\/uploads\\\/2016\\\/05\\\/internet1-655x360.jpg\",\"@id\":\"https:\\\/\\\/www.eldigitaldeasturias.com\\\/noticias\\\/un-dia-menos-para-gh17-el-8-de-septiembre-pegate-a-la-tele\\\/#mainImage\",\"width\":655,\"height\":360},\"primaryImageOfPage\":{\"@id\":\"https:\\\/\\\/www.eldigitaldeasturias.com\\\/noticias\\\/un-dia-menos-para-gh17-el-8-de-septiembre-pegate-a-la-tele\\\/#mainImage\"},\"datePublished\":\"2016-09-06T19:36:37+02:00\",\"dateModified\":\"2016-09-06T19:36:37+02:00\"},{\"@type\":\"WebSite\",\"@id\":\"https:\\\/\\\/www.eldigitaldeasturias.com\\\/noticias\\\/#website\",\"url\":\"https:\\\/\\\/www.eldigitaldeasturias.com\\\/noticias\\\/\",\"name\":\"El Digital de Asturias - Diario de actualidad y noticias\",\"alternateName\":\"El Digital de Asturias - Diario de actualidad y noticias\",\"description\":\"Hemeroteca\",\"inLanguage\":\"es-ES\",\"publisher\":{\"@id\":\"https:\\\/\\\/www.eldigitaldeasturias.com\\\/noticias\\\/#organization\"}}]}\n\t\t<\/script>\n\t\t<!-- All in One SEO Pro -->\r\n\t\t<title>Un d\u00eda menos para GH17, el 8 de septiembre \u201cp\u00e9gate\u201d a la tele - El Digital de Asturias<\/title>\n\n","aioseo_head_json":{"title":"Un d\u00eda menos para GH17, el 8 de septiembre \u201cp\u00e9gate\u201d a la tele - El Digital de Asturias","description":"Como dec\u00eda un amigo m\u00edo en mis tiempos mozos, cuando hac\u00edamos la mili (a muchos quiz\u00e1s os suene a chino lo de la mili), hoy ya no quedan d\u00edas quedan horas queridos lavadoras\u2026 y eso es bueno o muy bueno para todos los fans del formato. En las \u00faltimas semanas, d\u00edas y horas son muchos","canonical_url":"https:\/\/www.eldigitaldeasturias.com\/noticias\/un-dia-menos-para-gh17-el-8-de-septiembre-pegate-a-la-tele\/","robots":"max-image-preview:large","keywords":"actualidad","webmasterTools":{"google-site-verification":"UA-38556648-1","msvalidate.01":"7dfe9f3f1b24437ab69f4f2559babe99","miscellaneous":""},"schema":{"@context":"https:\/\/schema.org","@graph":[{"@type":"BlogPosting","@id":"https:\/\/www.eldigitaldeasturias.com\/noticias\/un-dia-menos-para-gh17-el-8-de-septiembre-pegate-a-la-tele\/#blogposting","name":"Un d\u00eda menos para GH17, el 8 de septiembre \u201cp\u00e9gate\u201d a la tele - El Digital de Asturias","headline":"Un d\u00eda menos para GH17, el 8 de septiembre \u201cp\u00e9gate\u201d a la tele","author":{"@id":"https:\/\/www.eldigitaldeasturias.com\/noticias\/author\/admin\/#author"},"publisher":{"@id":"https:\/\/www.eldigitaldeasturias.com\/noticias\/#organization"},"image":{"@type":"ImageObject","url":"https:\/\/www.eldigitaldeasturias.com\/noticias\/wp-content\/uploads\/2016\/05\/internet1-655x360.jpg","width":655,"height":360},"datePublished":"2016-09-06T19:36:37+02:00","dateModified":"2016-09-06T19:36:37+02:00","inLanguage":"es-ES","mainEntityOfPage":{"@id":"https:\/\/www.eldigitaldeasturias.com\/noticias\/un-dia-menos-para-gh17-el-8-de-septiembre-pegate-a-la-tele\/#webpage"},"isPartOf":{"@id":"https:\/\/www.eldigitaldeasturias.com\/noticias\/un-dia-menos-para-gh17-el-8-de-septiembre-pegate-a-la-tele\/#webpage"},"articleSection":"Actualidad"},{"@type":"BreadcrumbList","@id":"https:\/\/www.eldigitaldeasturias.com\/noticias\/un-dia-menos-para-gh17-el-8-de-septiembre-pegate-a-la-tele\/#breadcrumblist","itemListElement":[{"@type":"ListItem","@id":"https:\/\/www.eldigitaldeasturias.com\/noticias#listItem","position":1,"name":"Home","item":"https:\/\/www.eldigitaldeasturias.com\/noticias","nextItem":{"@type":"ListItem","@id":"https:\/\/www.eldigitaldeasturias.com\/noticias\/category\/actualidad\/#listItem","name":"Actualidad"}},{"@type":"ListItem","@id":"https:\/\/www.eldigitaldeasturias.com\/noticias\/category\/actualidad\/#listItem","position":2,"name":"Actualidad","item":"https:\/\/www.eldigitaldeasturias.com\/noticias\/category\/actualidad\/","nextItem":{"@type":"ListItem","@id":"https:\/\/www.eldigitaldeasturias.com\/noticias\/un-dia-menos-para-gh17-el-8-de-septiembre-pegate-a-la-tele\/#listItem","name":"Un d\u00eda menos para GH17, el 8 de septiembre \u201cp\u00e9gate\u201d a la tele"},"previousItem":{"@type":"ListItem","@id":"https:\/\/www.eldigitaldeasturias.com\/noticias#listItem","name":"Home"}},{"@type":"ListItem","@id":"https:\/\/www.eldigitaldeasturias.com\/noticias\/un-dia-menos-para-gh17-el-8-de-septiembre-pegate-a-la-tele\/#listItem","position":3,"name":"Un d\u00eda menos para GH17, el 8 de septiembre \u201cp\u00e9gate\u201d a la tele","previousItem":{"@type":"ListItem","@id":"https:\/\/www.eldigitaldeasturias.com\/noticias\/category\/actualidad\/#listItem","name":"Actualidad"}}]},{"@type":"Organization","@id":"https:\/\/www.eldigitaldeasturias.com\/noticias\/#organization","name":"El Digital de Asturias","description":"Hemeroteca","url":"https:\/\/www.eldigitaldeasturias.com\/noticias\/","email":"info@eldigitaldeasturias.com","telephone":"+34652131393","logo":{"@type":"ImageObject","url":"https:\/\/www.eldigitaldeasturias.com\/noticias\/wp-content\/uploads\/2020\/12\/EDA.jpg","@id":"https:\/\/www.eldigitaldeasturias.com\/noticias\/un-dia-menos-para-gh17-el-8-de-septiembre-pegate-a-la-tele\/#organizationLogo","width":649,"height":297},"image":{"@id":"https:\/\/www.eldigitaldeasturias.com\/noticias\/un-dia-menos-para-gh17-el-8-de-septiembre-pegate-a-la-tele\/#organizationLogo"},"sameAs":["https:\/\/facebook.com\/eldigitaldeasturias","https:\/\/www.youtube.com\/channel\/UCZP-2wLEB9Rv6erhFmqVnvg"],"address":{"@id":"https:\/\/www.eldigitaldeasturias.com\/noticias\/#postaladdress","@type":"PostalAddress","streetAddress":"san antonio 4,","postalCode":"33430","addressLocality":"Cand\u00e1s","addressRegion":"Asturias","addressCountry":"ES"}},{"@type":"Person","@id":"https:\/\/www.eldigitaldeasturias.com\/noticias\/author\/admin\/#author","url":"https:\/\/www.eldigitaldeasturias.com\/noticias\/author\/admin\/","name":"El Digital de Asturias","image":{"@type":"ImageObject","@id":"https:\/\/www.eldigitaldeasturias.com\/noticias\/un-dia-menos-para-gh17-el-8-de-septiembre-pegate-a-la-tele\/#authorImage","url":"https:\/\/www.eldigitaldeasturias.com\/noticias\/wp-content\/litespeed\/avatar\/18677e78aa0546b92d9dbf31ec7d7668.jpg?ver=1777290358","width":96,"height":96,"caption":"El Digital de Asturias"}},{"@type":"WebPage","@id":"https:\/\/www.eldigitaldeasturias.com\/noticias\/un-dia-menos-para-gh17-el-8-de-septiembre-pegate-a-la-tele\/#webpage","url":"https:\/\/www.eldigitaldeasturias.com\/noticias\/un-dia-menos-para-gh17-el-8-de-septiembre-pegate-a-la-tele\/","name":"Un d\u00eda menos para GH17, el 8 de septiembre \u201cp\u00e9gate\u201d a la tele - El Digital de Asturias","description":"Como dec\u00eda un amigo m\u00edo en mis tiempos mozos, cuando hac\u00edamos la mili (a muchos quiz\u00e1s os suene a chino lo de la mili), hoy ya no quedan d\u00edas quedan horas queridos lavadoras\u2026 y eso es bueno o muy bueno para todos los fans del formato. En las \u00faltimas semanas, d\u00edas y horas son muchos","inLanguage":"es-ES","isPartOf":{"@id":"https:\/\/www.eldigitaldeasturias.com\/noticias\/#website"},"breadcrumb":{"@id":"https:\/\/www.eldigitaldeasturias.com\/noticias\/un-dia-menos-para-gh17-el-8-de-septiembre-pegate-a-la-tele\/#breadcrumblist"},"author":{"@id":"https:\/\/www.eldigitaldeasturias.com\/noticias\/author\/admin\/#author"},"creator":{"@id":"https:\/\/www.eldigitaldeasturias.com\/noticias\/author\/admin\/#author"},"image":{"@type":"ImageObject","url":"https:\/\/www.eldigitaldeasturias.com\/noticias\/wp-content\/uploads\/2016\/05\/internet1-655x360.jpg","@id":"https:\/\/www.eldigitaldeasturias.com\/noticias\/un-dia-menos-para-gh17-el-8-de-septiembre-pegate-a-la-tele\/#mainImage","width":655,"height":360},"primaryImageOfPage":{"@id":"https:\/\/www.eldigitaldeasturias.com\/noticias\/un-dia-menos-para-gh17-el-8-de-septiembre-pegate-a-la-tele\/#mainImage"},"datePublished":"2016-09-06T19:36:37+02:00","dateModified":"2016-09-06T19:36:37+02:00"},{"@type":"WebSite","@id":"https:\/\/www.eldigitaldeasturias.com\/noticias\/#website","url":"https:\/\/www.eldigitaldeasturias.com\/noticias\/","name":"El Digital de Asturias - Diario de actualidad y noticias","alternateName":"El Digital de Asturias - Diario de actualidad y noticias","description":"Hemeroteca","inLanguage":"es-ES","publisher":{"@id":"https:\/\/www.eldigitaldeasturias.com\/noticias\/#organization"}}]},"og:locale":"es_ES","og:site_name":"El Digital de Asturias","og:type":"article","og:title":"Un d\u00eda menos para GH17, el 8 de septiembre \u201cp\u00e9gate\u201d a la tele - El Digital de Asturias","og:description":"Como dec\u00eda un amigo m\u00edo en mis tiempos mozos, cuando hac\u00edamos la mili (a muchos quiz\u00e1s os suene a chino lo de la mili), hoy ya no quedan d\u00edas quedan horas queridos lavadoras\u2026 y eso es bueno o muy bueno para todos los fans del formato. En las \u00faltimas semanas, d\u00edas y horas son muchos","og:url":"https:\/\/www.eldigitaldeasturias.com\/noticias\/un-dia-menos-para-gh17-el-8-de-septiembre-pegate-a-la-tele\/","og:image":"https:\/\/www.eldigitaldeasturias.com\/noticias\/wp-content\/uploads\/2016\/05\/internet1-655x360.jpg","og:image:secure_url":"https:\/\/www.eldigitaldeasturias.com\/noticias\/wp-content\/uploads\/2016\/05\/internet1-655x360.jpg","og:image:width":655,"og:image:height":360,"article:tag":["actualidad"],"article:published_time":"2016-09-06T18:36:37+00:00","article:modified_time":"2016-09-06T18:36:37+00:00","article:publisher":"https:\/\/facebook.com\/eldigitaldeasturias","twitter:card":"summary_large_image","twitter:title":"Un d\u00eda menos para GH17, el 8 de septiembre \u201cp\u00e9gate\u201d a la tele - El Digital de Asturias","twitter:description":"Como dec\u00eda un amigo m\u00edo en mis tiempos mozos, cuando hac\u00edamos la mili (a muchos quiz\u00e1s os suene a chino lo de la mili), hoy ya no quedan d\u00edas quedan horas queridos lavadoras\u2026 y eso es bueno o muy bueno para todos los fans del formato. En las \u00faltimas semanas, d\u00edas y horas son muchos","twitter:image":"https:\/\/www.eldigitaldeasturias.com\/noticias\/wp-content\/uploads\/2016\/05\/internet1-655x360.jpg","twitter:label1":"Escrito por","twitter:data1":"El Digital de Asturias","twitter:label2":"Tiempo de lectura estimado","twitter:data2":"2 minutos"},"aioseo_meta_data":{"post_id":"906123","title":null,"description":null,"keywords":null,"keyphrases":null,"primary_term":null,"canonical_url":null,"og_title":null,"og_description":null,"og_object_type":"default","og_image_type":"default","og_image_url":null,"og_image_width":null,"og_image_height":null,"og_image_custom_url":null,"og_image_custom_fields":null,"og_video":null,"og_custom_url":null,"og_article_section":null,"og_article_tags":null,"twitter_use_og":false,"twitter_card":"default","twitter_image_type":"default","twitter_image_url":null,"twitter_image_custom_url":null,"twitter_image_custom_fields":null,"twitter_title":null,"twitter_description":null,"schema":{"blockGraphs":[],"customGraphs":[],"default":{"data":{"Article":[],"Course":[],"Dataset":[],"FAQPage":[],"Movie":[],"Person":[],"Product":[],"ProductReview":[],"Car":[],"Recipe":[],"Service":[],"SoftwareApplication":[],"WebPage":[]},"graphName":"","isEnabled":true},"graphs":[],"defaultGraph":"","defaultPostTypeGraph":""},"schema_type":null,"schema_type_options":null,"pillar_content":false,"robots_default":true,"robots_noindex":false,"robots_noarchive":false,"robots_nosnippet":false,"robots_nofollow":false,"robots_noimageindex":false,"robots_noodp":false,"robots_notranslate":false,"robots_max_snippet":null,"robots_max_videopreview":null,"robots_max_imagepreview":"large","priority":null,"frequency":null,"local_seo":null,"seo_analyzer_scan_date":"2025-11-30 07:56:12","breadcrumb_settings":null,"limit_modified_date":false,"open_ai":null,"ai":null,"created":"2020-12-21 14:01:57","updated":"2025-11-30 07:56:12"},"aioseo_breadcrumb":"<div class=\"aioseo-breadcrumbs\"><span class=\"aioseo-breadcrumb\">\n\t<a href=\"https:\/\/www.eldigitaldeasturias.com\/noticias\" title=\"Home\">Home<\/a>\n<\/span><span class=\"aioseo-breadcrumb-separator\">\u2013<\/span><span class=\"aioseo-breadcrumb\">\n\t<a href=\"https:\/\/www.eldigitaldeasturias.com\/noticias\/category\/actualidad\/\" title=\"Actualidad\">Actualidad<\/a>\n<\/span><span class=\"aioseo-breadcrumb-separator\">\u2013<\/span><span class=\"aioseo-breadcrumb\">\n\t<a href=\"https:\/\/www.eldigitaldeasturias.com\/noticias\/un-dia-menos-para-gh17-el-8-de-septiembre-pegate-a-la-tele\/\" title=\"Un d\u00eda menos para GH17, el 8 de septiembre \u201cp\u00e9gate\u201d a la tele\">Un d\u00eda menos para GH17, el 8 de septiembre \u201cp\u00e9gate\u201d a la tele<\/a>\n<\/span><\/div>","aioseo_breadcrumb_json":[{"label":"Home","link":"https:\/\/www.eldigitaldeasturias.com\/noticias"},{"label":"Actualidad","link":"https:\/\/www.eldigitaldeasturias.com\/noticias\/category\/actualidad\/"},{"label":"Un d\u00eda menos para GH17, el 8 de septiembre \u201cp\u00e9gate\u201d a la tele","link":"https:\/\/www.eldigitaldeasturias.com\/noticias\/un-dia-menos-para-gh17-el-8-de-septiembre-pegate-a-la-tele\/"}],"_links":{"self":[{"href":"https:\/\/www.eldigitaldeasturias.com\/noticias\/wp-json\/wp\/v2\/posts\/906123","targetHints":{"allow":["GET"]}}],"collection":[{"href":"https:\/\/www.eldigitaldeasturias.com\/noticias\/wp-json\/wp\/v2\/posts"}],"about":[{"href":"https:\/\/www.eldigitaldeasturias.com\/noticias\/wp-json\/wp\/v2\/types\/post"}],"author":[{"embeddable":true,"href":"https:\/\/www.eldigitaldeasturias.com\/noticias\/wp-json\/wp\/v2\/users\/1"}],"replies":[{"embeddable":true,"href":"https:\/\/www.eldigitaldeasturias.com\/noticias\/wp-json\/wp\/v2\/comments?post=906123"}],"version-history":[{"count":0,"href":"https:\/\/www.eldigitaldeasturias.com\/noticias\/wp-json\/wp\/v2\/posts\/906123\/revisions"}],"wp:featuredmedia":[{"embeddable":true,"href":"https:\/\/www.eldigitaldeasturias.com\/noticias\/wp-json\/wp\/v2\/media\/886231"}],"wp:attachment":[{"href":"https:\/\/www.eldigitaldeasturias.com\/noticias\/wp-json\/wp\/v2\/media?parent=906123"}],"wp:term":[{"taxonomy":"category","embeddable":true,"href":"https:\/\/www.eldigitaldeasturias.com\/noticias\/wp-json\/wp\/v2\/categories?post=906123"},{"taxonomy":"post_tag","embeddable":true,"href":"https:\/\/www.eldigitaldeasturias.com\/noticias\/wp-json\/wp\/v2\/tags?post=906123"}],"curies":[{"name":"wp","href":"https:\/\/api.w.org\/{rel}","templated":true}]}}