{"id":906120,"date":"2016-09-06T19:17:19","date_gmt":"2016-09-06T18:17:19","guid":{"rendered":"http:\/\/www.eldigitaldeasturias.com\/noticias\/?p=906120"},"modified":"2016-09-06T19:17:19","modified_gmt":"2016-09-06T18:17:19","slug":"gaspar-llamazares-el-cambio-debe-ser-global","status":"publish","type":"post","link":"https:\/\/www.eldigitaldeasturias.com\/noticias\/gaspar-llamazares-el-cambio-debe-ser-global\/","title":{"rendered":"Gaspar Llamazares: \u00abEl cambio debe ser global\u00bb"},"content":{"rendered":"<p><img loading=\"lazy\" decoding=\"async\" class=\"alignleft size-medium wp-image-906121\" src=\"https:\/\/www.eldigitaldeasturias.com\/noticias\/wp-content\/uploads\/2016\/09\/fotonoticia_20160906125323_800-360x270.jpg\" alt=\"fotonoticia_20160906125323_800\" width=\"360\" height=\"270\" srcset=\"https:\/\/www.eldigitaldeasturias.com\/noticias\/wp-content\/uploads\/2016\/09\/fotonoticia_20160906125323_800-360x270.jpg 360w, https:\/\/www.eldigitaldeasturias.com\/noticias\/wp-content\/uploads\/2016\/09\/fotonoticia_20160906125323_800-768x576.jpg 768w, https:\/\/www.eldigitaldeasturias.com\/noticias\/wp-content\/uploads\/2016\/09\/fotonoticia_20160906125323_800-650x488.jpg 650w, https:\/\/www.eldigitaldeasturias.com\/noticias\/wp-content\/uploads\/2016\/09\/fotonoticia_20160906125323_800-125x95.jpg 125w, https:\/\/www.eldigitaldeasturias.com\/noticias\/wp-content\/uploads\/2016\/09\/fotonoticia_20160906125323_800-100x75.jpg 100w, https:\/\/www.eldigitaldeasturias.com\/noticias\/wp-content\/uploads\/2016\/09\/fotonoticia_20160906125323_800.jpg 800w\" sizes=\"auto, (max-width: 360px) 100vw, 360px\" \/>El portavoz de IU en la Junta General del Principado, Gaspar Llamazares, ha criticado la posici\u00f3n del presidente de Asturias, Javier Fern\u00e1ndez, respecto a la pol\u00edtica de pactos y llam\u00f3 la atenci\u00f3n sobre la incongruencia de, por un lado, dejar pasar a Mariano Rajoy en Madrid, y, por otro, plantear acuerdos por la izquierda en Asturias.<\/p>\n<p>El presidente del Principado manifest\u00f3 ayer su rechazo a que el PSOE pueda pactar con independentistas para formar Gobierno en Espa\u00f1a y advirti\u00f3 de que, se vaya o no a unas terceras elecciones, \u00abson grandes las posibilidades de que la pr\u00f3xima legislatura sea mucho m\u00e1s inestable que este extra\u00f1o interregno en funciones en el que la sociedad est\u00e1 demostrando una extraordinaria madurez para autoadministrarse\u00bb.<\/p>\n<p>En respuesta a las declaraciones sobre la situaci\u00f3n abierta tanto en lo referente al Gobierno del Estado como el de la Comunidad Aut\u00f3noma del jefe del ejecutivo regional, Llamazares fue tajante: \u00abla peor opci\u00f3n para los trabajadores y para Asturias no son las terceras elecciones; la peor opci\u00f3n es el continuismo y la degradaci\u00f3n del Gobierno del PP\u00bb.<\/p>\n<p>Para el diputado, tampoco es comprensible que Javier Fern\u00e1ndez restrinja las opciones para un gran bloque m\u00e1s porque la alternativa que se est\u00e1 planteando, enfatiza, \u00abser\u00eda nucleada con la izquierda, con IU-Podemos y tambi\u00e9n abierta a otros apoyos\u00bb. Para Llamazares, \u00abno se puede dejar pasar al PP en Espa\u00f1a y promover un cambio de izquierdas en Asturias. El cambio debe ser global\u00bb.<\/p>\n<p>Para Llamazares la posici\u00f3n de Javier Fern\u00e1ndez vendr\u00eda a ser contradictoria o dif\u00edcil de casar: \u00abNo puede estar en misa y repicando. Por una parte, favoreciendo un cambio de izquierdas en Asturias y, por otro lado, promoviendo la continuidad de Rajoy a nivel del Estado. No se puede mezclar el agua y el aceite\u00bb, a\u00f1ade.<\/p>\n<p>&nbsp;<\/p>\n","protected":false},"excerpt":{"rendered":"<p>El portavoz de IU en la Junta General del Principado, Gaspar Llamazares, ha criticado la posici\u00f3n del presidente de Asturias, Javier Fern\u00e1ndez, respecto a la pol\u00edtica de pactos y llam\u00f3 la atenci\u00f3n sobre la incongruencia de, por un lado, dejar pasar a Mariano Rajoy en Madrid, y, por otro, plantear acuerdos por la izquierda en [&hellip;]<\/p>\n","protected":false},"author":1,"featured_media":906121,"comment_status":"closed","ping_status":"closed","sticky":false,"template":"","format":"standard","meta":{"footnotes":""},"categories":[12],"tags":[],"class_list":["post-906120","post","type-post","status-publish","format-standard","has-post-thumbnail","hentry","category-actualidad-asturias"],"aioseo_notices":[],"aioseo_head":"\n\t\t<!-- All in One SEO Pro 4.9.6.2 - aioseo.com -->\n\t<meta name=\"description\" content=\"El portavoz de IU en la Junta General del Principado, Gaspar Llamazares, ha criticado la posici\u00f3n del presidente de Asturias, Javier Fern\u00e1ndez, respecto a la pol\u00edtica de pactos y llam\u00f3 la atenci\u00f3n sobre la incongruencia de, por un lado, dejar pasar a Mariano Rajoy en Madrid, y, por otro, plantear acuerdos por la izquierda en\" \/>\n\t<meta name=\"robots\" content=\"max-image-preview:large\" \/>\n\t<meta name=\"author\" content=\"El Digital de Asturias\"\/>\n\t<meta name=\"google-site-verification\" content=\"UA-38556648-1\" \/>\n\t<meta name=\"msvalidate.01\" content=\"7dfe9f3f1b24437ab69f4f2559babe99\" \/>\n\t<meta name=\"keywords\" content=\"actualidad asturias\" \/>\n\t<link rel=\"canonical\" href=\"https:\/\/www.eldigitaldeasturias.com\/noticias\/gaspar-llamazares-el-cambio-debe-ser-global\/\" \/>\n\t<meta name=\"generator\" content=\"All in One SEO Pro (AIOSEO) 4.9.6.2\" \/>\n\t\t<meta property=\"og:locale\" content=\"es_ES\" \/>\n\t\t<meta property=\"og:site_name\" content=\"El Digital de Asturias\" \/>\n\t\t<meta property=\"og:type\" content=\"article\" \/>\n\t\t<meta property=\"og:title\" content=\"Gaspar Llamazares: \u00abEl cambio debe ser global\u00bb - El Digital de Asturias\" \/>\n\t\t<meta property=\"og:description\" content=\"El portavoz de IU en la Junta General del Principado, Gaspar Llamazares, ha criticado la posici\u00f3n del presidente de Asturias, Javier Fern\u00e1ndez, respecto a la pol\u00edtica de pactos y llam\u00f3 la atenci\u00f3n sobre la incongruencia de, por un lado, dejar pasar a Mariano Rajoy en Madrid, y, por otro, plantear acuerdos por la izquierda en\" \/>\n\t\t<meta property=\"og:url\" content=\"https:\/\/www.eldigitaldeasturias.com\/noticias\/gaspar-llamazares-el-cambio-debe-ser-global\/\" \/>\n\t\t<meta property=\"og:image\" content=\"https:\/\/www.eldigitaldeasturias.com\/noticias\/wp-content\/uploads\/2016\/09\/fotonoticia_20160906125323_800.jpg\" \/>\n\t\t<meta property=\"og:image:secure_url\" content=\"https:\/\/www.eldigitaldeasturias.com\/noticias\/wp-content\/uploads\/2016\/09\/fotonoticia_20160906125323_800.jpg\" \/>\n\t\t<meta property=\"og:image:width\" content=\"800\" \/>\n\t\t<meta property=\"og:image:height\" content=\"600\" \/>\n\t\t<meta property=\"article:tag\" content=\"actualidad asturias\" \/>\n\t\t<meta property=\"article:published_time\" content=\"2016-09-06T18:17:19+00:00\" \/>\n\t\t<meta property=\"article:modified_time\" content=\"2016-09-06T18:17:19+00:00\" \/>\n\t\t<meta property=\"article:publisher\" content=\"https:\/\/facebook.com\/eldigitaldeasturias\" \/>\n\t\t<meta name=\"twitter:card\" content=\"summary_large_image\" \/>\n\t\t<meta name=\"twitter:title\" content=\"Gaspar Llamazares: \u00abEl cambio debe ser global\u00bb - El Digital de Asturias\" \/>\n\t\t<meta name=\"twitter:description\" content=\"El portavoz de IU en la Junta General del Principado, Gaspar Llamazares, ha criticado la posici\u00f3n del presidente de Asturias, Javier Fern\u00e1ndez, respecto a la pol\u00edtica de pactos y llam\u00f3 la atenci\u00f3n sobre la incongruencia de, por un lado, dejar pasar a Mariano Rajoy en Madrid, y, por otro, plantear acuerdos por la izquierda en\" \/>\n\t\t<meta name=\"twitter:image\" content=\"https:\/\/www.eldigitaldeasturias.com\/noticias\/wp-content\/uploads\/2016\/09\/fotonoticia_20160906125323_800.jpg\" \/>\n\t\t<meta name=\"twitter:label1\" content=\"Escrito por\" \/>\n\t\t<meta name=\"twitter:data1\" content=\"El Digital de Asturias\" \/>\n\t\t<meta name=\"twitter:label2\" content=\"Tiempo de lectura estimado\" \/>\n\t\t<meta name=\"twitter:data2\" content=\"2 minutos\" \/>\n\t\t<script type=\"application\/ld+json\" class=\"aioseo-schema\">\n\t\t\t{\"@context\":\"https:\\\/\\\/schema.org\",\"@graph\":[{\"@type\":\"BlogPosting\",\"@id\":\"https:\\\/\\\/www.eldigitaldeasturias.com\\\/noticias\\\/gaspar-llamazares-el-cambio-debe-ser-global\\\/#blogposting\",\"name\":\"Gaspar Llamazares: \\u00abEl cambio debe ser global\\u00bb - El Digital de Asturias\",\"headline\":\"Gaspar Llamazares: \\u00abEl cambio debe ser global\\u00bb\",\"author\":{\"@id\":\"https:\\\/\\\/www.eldigitaldeasturias.com\\\/noticias\\\/author\\\/admin\\\/#author\"},\"publisher\":{\"@id\":\"https:\\\/\\\/www.eldigitaldeasturias.com\\\/noticias\\\/#organization\"},\"image\":{\"@type\":\"ImageObject\",\"url\":\"https:\\\/\\\/www.eldigitaldeasturias.com\\\/noticias\\\/wp-content\\\/uploads\\\/2016\\\/09\\\/fotonoticia_20160906125323_800.jpg\",\"width\":800,\"height\":600},\"datePublished\":\"2016-09-06T19:17:19+02:00\",\"dateModified\":\"2016-09-06T19:17:19+02:00\",\"inLanguage\":\"es-ES\",\"mainEntityOfPage\":{\"@id\":\"https:\\\/\\\/www.eldigitaldeasturias.com\\\/noticias\\\/gaspar-llamazares-el-cambio-debe-ser-global\\\/#webpage\"},\"isPartOf\":{\"@id\":\"https:\\\/\\\/www.eldigitaldeasturias.com\\\/noticias\\\/gaspar-llamazares-el-cambio-debe-ser-global\\\/#webpage\"},\"articleSection\":\"Actualidad Asturias\"},{\"@type\":\"BreadcrumbList\",\"@id\":\"https:\\\/\\\/www.eldigitaldeasturias.com\\\/noticias\\\/gaspar-llamazares-el-cambio-debe-ser-global\\\/#breadcrumblist\",\"itemListElement\":[{\"@type\":\"ListItem\",\"@id\":\"https:\\\/\\\/www.eldigitaldeasturias.com\\\/noticias#listItem\",\"position\":1,\"name\":\"Home\",\"item\":\"https:\\\/\\\/www.eldigitaldeasturias.com\\\/noticias\",\"nextItem\":{\"@type\":\"ListItem\",\"@id\":\"https:\\\/\\\/www.eldigitaldeasturias.com\\\/noticias\\\/category\\\/actualidad-asturias\\\/#listItem\",\"name\":\"Actualidad Asturias\"}},{\"@type\":\"ListItem\",\"@id\":\"https:\\\/\\\/www.eldigitaldeasturias.com\\\/noticias\\\/category\\\/actualidad-asturias\\\/#listItem\",\"position\":2,\"name\":\"Actualidad Asturias\",\"item\":\"https:\\\/\\\/www.eldigitaldeasturias.com\\\/noticias\\\/category\\\/actualidad-asturias\\\/\",\"nextItem\":{\"@type\":\"ListItem\",\"@id\":\"https:\\\/\\\/www.eldigitaldeasturias.com\\\/noticias\\\/gaspar-llamazares-el-cambio-debe-ser-global\\\/#listItem\",\"name\":\"Gaspar Llamazares: \\u00abEl cambio debe ser global\\u00bb\"},\"previousItem\":{\"@type\":\"ListItem\",\"@id\":\"https:\\\/\\\/www.eldigitaldeasturias.com\\\/noticias#listItem\",\"name\":\"Home\"}},{\"@type\":\"ListItem\",\"@id\":\"https:\\\/\\\/www.eldigitaldeasturias.com\\\/noticias\\\/gaspar-llamazares-el-cambio-debe-ser-global\\\/#listItem\",\"position\":3,\"name\":\"Gaspar Llamazares: \\u00abEl cambio debe ser global\\u00bb\",\"previousItem\":{\"@type\":\"ListItem\",\"@id\":\"https:\\\/\\\/www.eldigitaldeasturias.com\\\/noticias\\\/category\\\/actualidad-asturias\\\/#listItem\",\"name\":\"Actualidad Asturias\"}}]},{\"@type\":\"Organization\",\"@id\":\"https:\\\/\\\/www.eldigitaldeasturias.com\\\/noticias\\\/#organization\",\"name\":\"El Digital de Asturias\",\"description\":\"Hemeroteca\",\"url\":\"https:\\\/\\\/www.eldigitaldeasturias.com\\\/noticias\\\/\",\"email\":\"info@eldigitaldeasturias.com\",\"telephone\":\"+34652131393\",\"logo\":{\"@type\":\"ImageObject\",\"url\":\"https:\\\/\\\/www.eldigitaldeasturias.com\\\/noticias\\\/wp-content\\\/uploads\\\/2020\\\/12\\\/EDA.jpg\",\"@id\":\"https:\\\/\\\/www.eldigitaldeasturias.com\\\/noticias\\\/gaspar-llamazares-el-cambio-debe-ser-global\\\/#organizationLogo\",\"width\":649,\"height\":297},\"image\":{\"@id\":\"https:\\\/\\\/www.eldigitaldeasturias.com\\\/noticias\\\/gaspar-llamazares-el-cambio-debe-ser-global\\\/#organizationLogo\"},\"sameAs\":[\"https:\\\/\\\/facebook.com\\\/eldigitaldeasturias\",\"https:\\\/\\\/www.youtube.com\\\/channel\\\/UCZP-2wLEB9Rv6erhFmqVnvg\"],\"address\":{\"@id\":\"https:\\\/\\\/www.eldigitaldeasturias.com\\\/noticias\\\/#postaladdress\",\"@type\":\"PostalAddress\",\"streetAddress\":\"san antonio 4,\",\"postalCode\":\"33430\",\"addressLocality\":\"Cand\\u00e1s\",\"addressRegion\":\"Asturias\",\"addressCountry\":\"ES\"}},{\"@type\":\"Person\",\"@id\":\"https:\\\/\\\/www.eldigitaldeasturias.com\\\/noticias\\\/author\\\/admin\\\/#author\",\"url\":\"https:\\\/\\\/www.eldigitaldeasturias.com\\\/noticias\\\/author\\\/admin\\\/\",\"name\":\"El Digital de Asturias\",\"image\":{\"@type\":\"ImageObject\",\"@id\":\"https:\\\/\\\/www.eldigitaldeasturias.com\\\/noticias\\\/gaspar-llamazares-el-cambio-debe-ser-global\\\/#authorImage\",\"url\":\"https:\\\/\\\/www.eldigitaldeasturias.com\\\/noticias\\\/wp-content\\\/litespeed\\\/avatar\\\/18677e78aa0546b92d9dbf31ec7d7668.jpg?ver=1777290358\",\"width\":96,\"height\":96,\"caption\":\"El Digital de Asturias\"}},{\"@type\":\"WebPage\",\"@id\":\"https:\\\/\\\/www.eldigitaldeasturias.com\\\/noticias\\\/gaspar-llamazares-el-cambio-debe-ser-global\\\/#webpage\",\"url\":\"https:\\\/\\\/www.eldigitaldeasturias.com\\\/noticias\\\/gaspar-llamazares-el-cambio-debe-ser-global\\\/\",\"name\":\"Gaspar Llamazares: \\u00abEl cambio debe ser global\\u00bb - El Digital de Asturias\",\"description\":\"El portavoz de IU en la Junta General del Principado, Gaspar Llamazares, ha criticado la posici\\u00f3n del presidente de Asturias, Javier Fern\\u00e1ndez, respecto a la pol\\u00edtica de pactos y llam\\u00f3 la atenci\\u00f3n sobre la incongruencia de, por un lado, dejar pasar a Mariano Rajoy en Madrid, y, por otro, plantear acuerdos por la izquierda en\",\"inLanguage\":\"es-ES\",\"isPartOf\":{\"@id\":\"https:\\\/\\\/www.eldigitaldeasturias.com\\\/noticias\\\/#website\"},\"breadcrumb\":{\"@id\":\"https:\\\/\\\/www.eldigitaldeasturias.com\\\/noticias\\\/gaspar-llamazares-el-cambio-debe-ser-global\\\/#breadcrumblist\"},\"author\":{\"@id\":\"https:\\\/\\\/www.eldigitaldeasturias.com\\\/noticias\\\/author\\\/admin\\\/#author\"},\"creator\":{\"@id\":\"https:\\\/\\\/www.eldigitaldeasturias.com\\\/noticias\\\/author\\\/admin\\\/#author\"},\"image\":{\"@type\":\"ImageObject\",\"url\":\"https:\\\/\\\/www.eldigitaldeasturias.com\\\/noticias\\\/wp-content\\\/uploads\\\/2016\\\/09\\\/fotonoticia_20160906125323_800.jpg\",\"@id\":\"https:\\\/\\\/www.eldigitaldeasturias.com\\\/noticias\\\/gaspar-llamazares-el-cambio-debe-ser-global\\\/#mainImage\",\"width\":800,\"height\":600},\"primaryImageOfPage\":{\"@id\":\"https:\\\/\\\/www.eldigitaldeasturias.com\\\/noticias\\\/gaspar-llamazares-el-cambio-debe-ser-global\\\/#mainImage\"},\"datePublished\":\"2016-09-06T19:17:19+02:00\",\"dateModified\":\"2016-09-06T19:17:19+02:00\"},{\"@type\":\"WebSite\",\"@id\":\"https:\\\/\\\/www.eldigitaldeasturias.com\\\/noticias\\\/#website\",\"url\":\"https:\\\/\\\/www.eldigitaldeasturias.com\\\/noticias\\\/\",\"name\":\"El Digital de Asturias - Diario de actualidad y noticias\",\"alternateName\":\"El Digital de Asturias - Diario de actualidad y noticias\",\"description\":\"Hemeroteca\",\"inLanguage\":\"es-ES\",\"publisher\":{\"@id\":\"https:\\\/\\\/www.eldigitaldeasturias.com\\\/noticias\\\/#organization\"}}]}\n\t\t<\/script>\n\t\t<!-- All in One SEO Pro -->\r\n\t\t<title>Gaspar Llamazares: \u00abEl cambio debe ser global\u00bb - El Digital de Asturias<\/title>\n\n","aioseo_head_json":{"title":"Gaspar Llamazares: \u00abEl cambio debe ser global\u00bb - El Digital de Asturias","description":"El portavoz de IU en la Junta General del Principado, Gaspar Llamazares, ha criticado la posici\u00f3n del presidente de Asturias, Javier Fern\u00e1ndez, respecto a la pol\u00edtica de pactos y llam\u00f3 la atenci\u00f3n sobre la incongruencia de, por un lado, dejar pasar a Mariano Rajoy en Madrid, y, por otro, plantear acuerdos por la izquierda en","canonical_url":"https:\/\/www.eldigitaldeasturias.com\/noticias\/gaspar-llamazares-el-cambio-debe-ser-global\/","robots":"max-image-preview:large","keywords":"actualidad asturias","webmasterTools":{"google-site-verification":"UA-38556648-1","msvalidate.01":"7dfe9f3f1b24437ab69f4f2559babe99","miscellaneous":""},"schema":{"@context":"https:\/\/schema.org","@graph":[{"@type":"BlogPosting","@id":"https:\/\/www.eldigitaldeasturias.com\/noticias\/gaspar-llamazares-el-cambio-debe-ser-global\/#blogposting","name":"Gaspar Llamazares: \u00abEl cambio debe ser global\u00bb - El Digital de Asturias","headline":"Gaspar Llamazares: \u00abEl cambio debe ser global\u00bb","author":{"@id":"https:\/\/www.eldigitaldeasturias.com\/noticias\/author\/admin\/#author"},"publisher":{"@id":"https:\/\/www.eldigitaldeasturias.com\/noticias\/#organization"},"image":{"@type":"ImageObject","url":"https:\/\/www.eldigitaldeasturias.com\/noticias\/wp-content\/uploads\/2016\/09\/fotonoticia_20160906125323_800.jpg","width":800,"height":600},"datePublished":"2016-09-06T19:17:19+02:00","dateModified":"2016-09-06T19:17:19+02:00","inLanguage":"es-ES","mainEntityOfPage":{"@id":"https:\/\/www.eldigitaldeasturias.com\/noticias\/gaspar-llamazares-el-cambio-debe-ser-global\/#webpage"},"isPartOf":{"@id":"https:\/\/www.eldigitaldeasturias.com\/noticias\/gaspar-llamazares-el-cambio-debe-ser-global\/#webpage"},"articleSection":"Actualidad Asturias"},{"@type":"BreadcrumbList","@id":"https:\/\/www.eldigitaldeasturias.com\/noticias\/gaspar-llamazares-el-cambio-debe-ser-global\/#breadcrumblist","itemListElement":[{"@type":"ListItem","@id":"https:\/\/www.eldigitaldeasturias.com\/noticias#listItem","position":1,"name":"Home","item":"https:\/\/www.eldigitaldeasturias.com\/noticias","nextItem":{"@type":"ListItem","@id":"https:\/\/www.eldigitaldeasturias.com\/noticias\/category\/actualidad-asturias\/#listItem","name":"Actualidad Asturias"}},{"@type":"ListItem","@id":"https:\/\/www.eldigitaldeasturias.com\/noticias\/category\/actualidad-asturias\/#listItem","position":2,"name":"Actualidad Asturias","item":"https:\/\/www.eldigitaldeasturias.com\/noticias\/category\/actualidad-asturias\/","nextItem":{"@type":"ListItem","@id":"https:\/\/www.eldigitaldeasturias.com\/noticias\/gaspar-llamazares-el-cambio-debe-ser-global\/#listItem","name":"Gaspar Llamazares: \u00abEl cambio debe ser global\u00bb"},"previousItem":{"@type":"ListItem","@id":"https:\/\/www.eldigitaldeasturias.com\/noticias#listItem","name":"Home"}},{"@type":"ListItem","@id":"https:\/\/www.eldigitaldeasturias.com\/noticias\/gaspar-llamazares-el-cambio-debe-ser-global\/#listItem","position":3,"name":"Gaspar Llamazares: \u00abEl cambio debe ser global\u00bb","previousItem":{"@type":"ListItem","@id":"https:\/\/www.eldigitaldeasturias.com\/noticias\/category\/actualidad-asturias\/#listItem","name":"Actualidad Asturias"}}]},{"@type":"Organization","@id":"https:\/\/www.eldigitaldeasturias.com\/noticias\/#organization","name":"El Digital de Asturias","description":"Hemeroteca","url":"https:\/\/www.eldigitaldeasturias.com\/noticias\/","email":"info@eldigitaldeasturias.com","telephone":"+34652131393","logo":{"@type":"ImageObject","url":"https:\/\/www.eldigitaldeasturias.com\/noticias\/wp-content\/uploads\/2020\/12\/EDA.jpg","@id":"https:\/\/www.eldigitaldeasturias.com\/noticias\/gaspar-llamazares-el-cambio-debe-ser-global\/#organizationLogo","width":649,"height":297},"image":{"@id":"https:\/\/www.eldigitaldeasturias.com\/noticias\/gaspar-llamazares-el-cambio-debe-ser-global\/#organizationLogo"},"sameAs":["https:\/\/facebook.com\/eldigitaldeasturias","https:\/\/www.youtube.com\/channel\/UCZP-2wLEB9Rv6erhFmqVnvg"],"address":{"@id":"https:\/\/www.eldigitaldeasturias.com\/noticias\/#postaladdress","@type":"PostalAddress","streetAddress":"san antonio 4,","postalCode":"33430","addressLocality":"Cand\u00e1s","addressRegion":"Asturias","addressCountry":"ES"}},{"@type":"Person","@id":"https:\/\/www.eldigitaldeasturias.com\/noticias\/author\/admin\/#author","url":"https:\/\/www.eldigitaldeasturias.com\/noticias\/author\/admin\/","name":"El Digital de Asturias","image":{"@type":"ImageObject","@id":"https:\/\/www.eldigitaldeasturias.com\/noticias\/gaspar-llamazares-el-cambio-debe-ser-global\/#authorImage","url":"https:\/\/www.eldigitaldeasturias.com\/noticias\/wp-content\/litespeed\/avatar\/18677e78aa0546b92d9dbf31ec7d7668.jpg?ver=1777290358","width":96,"height":96,"caption":"El Digital de Asturias"}},{"@type":"WebPage","@id":"https:\/\/www.eldigitaldeasturias.com\/noticias\/gaspar-llamazares-el-cambio-debe-ser-global\/#webpage","url":"https:\/\/www.eldigitaldeasturias.com\/noticias\/gaspar-llamazares-el-cambio-debe-ser-global\/","name":"Gaspar Llamazares: \u00abEl cambio debe ser global\u00bb - El Digital de Asturias","description":"El portavoz de IU en la Junta General del Principado, Gaspar Llamazares, ha criticado la posici\u00f3n del presidente de Asturias, Javier Fern\u00e1ndez, respecto a la pol\u00edtica de pactos y llam\u00f3 la atenci\u00f3n sobre la incongruencia de, por un lado, dejar pasar a Mariano Rajoy en Madrid, y, por otro, plantear acuerdos por la izquierda en","inLanguage":"es-ES","isPartOf":{"@id":"https:\/\/www.eldigitaldeasturias.com\/noticias\/#website"},"breadcrumb":{"@id":"https:\/\/www.eldigitaldeasturias.com\/noticias\/gaspar-llamazares-el-cambio-debe-ser-global\/#breadcrumblist"},"author":{"@id":"https:\/\/www.eldigitaldeasturias.com\/noticias\/author\/admin\/#author"},"creator":{"@id":"https:\/\/www.eldigitaldeasturias.com\/noticias\/author\/admin\/#author"},"image":{"@type":"ImageObject","url":"https:\/\/www.eldigitaldeasturias.com\/noticias\/wp-content\/uploads\/2016\/09\/fotonoticia_20160906125323_800.jpg","@id":"https:\/\/www.eldigitaldeasturias.com\/noticias\/gaspar-llamazares-el-cambio-debe-ser-global\/#mainImage","width":800,"height":600},"primaryImageOfPage":{"@id":"https:\/\/www.eldigitaldeasturias.com\/noticias\/gaspar-llamazares-el-cambio-debe-ser-global\/#mainImage"},"datePublished":"2016-09-06T19:17:19+02:00","dateModified":"2016-09-06T19:17:19+02:00"},{"@type":"WebSite","@id":"https:\/\/www.eldigitaldeasturias.com\/noticias\/#website","url":"https:\/\/www.eldigitaldeasturias.com\/noticias\/","name":"El Digital de Asturias - Diario de actualidad y noticias","alternateName":"El Digital de Asturias - Diario de actualidad y noticias","description":"Hemeroteca","inLanguage":"es-ES","publisher":{"@id":"https:\/\/www.eldigitaldeasturias.com\/noticias\/#organization"}}]},"og:locale":"es_ES","og:site_name":"El Digital de Asturias","og:type":"article","og:title":"Gaspar Llamazares: \u00abEl cambio debe ser global\u00bb - El Digital de Asturias","og:description":"El portavoz de IU en la Junta General del Principado, Gaspar Llamazares, ha criticado la posici\u00f3n del presidente de Asturias, Javier Fern\u00e1ndez, respecto a la pol\u00edtica de pactos y llam\u00f3 la atenci\u00f3n sobre la incongruencia de, por un lado, dejar pasar a Mariano Rajoy en Madrid, y, por otro, plantear acuerdos por la izquierda en","og:url":"https:\/\/www.eldigitaldeasturias.com\/noticias\/gaspar-llamazares-el-cambio-debe-ser-global\/","og:image":"https:\/\/www.eldigitaldeasturias.com\/noticias\/wp-content\/uploads\/2016\/09\/fotonoticia_20160906125323_800.jpg","og:image:secure_url":"https:\/\/www.eldigitaldeasturias.com\/noticias\/wp-content\/uploads\/2016\/09\/fotonoticia_20160906125323_800.jpg","og:image:width":800,"og:image:height":600,"article:tag":["actualidad asturias"],"article:published_time":"2016-09-06T18:17:19+00:00","article:modified_time":"2016-09-06T18:17:19+00:00","article:publisher":"https:\/\/facebook.com\/eldigitaldeasturias","twitter:card":"summary_large_image","twitter:title":"Gaspar Llamazares: \u00abEl cambio debe ser global\u00bb - El Digital de Asturias","twitter:description":"El portavoz de IU en la Junta General del Principado, Gaspar Llamazares, ha criticado la posici\u00f3n del presidente de Asturias, Javier Fern\u00e1ndez, respecto a la pol\u00edtica de pactos y llam\u00f3 la atenci\u00f3n sobre la incongruencia de, por un lado, dejar pasar a Mariano Rajoy en Madrid, y, por otro, plantear acuerdos por la izquierda en","twitter:image":"https:\/\/www.eldigitaldeasturias.com\/noticias\/wp-content\/uploads\/2016\/09\/fotonoticia_20160906125323_800.jpg","twitter:label1":"Escrito por","twitter:data1":"El Digital de Asturias","twitter:label2":"Tiempo de lectura estimado","twitter:data2":"2 minutos"},"aioseo_meta_data":{"post_id":"906120","title":null,"description":null,"keywords":null,"keyphrases":null,"primary_term":null,"canonical_url":null,"og_title":null,"og_description":null,"og_object_type":"default","og_image_type":"default","og_image_url":null,"og_image_width":null,"og_image_height":null,"og_image_custom_url":null,"og_image_custom_fields":null,"og_video":null,"og_custom_url":null,"og_article_section":null,"og_article_tags":null,"twitter_use_og":false,"twitter_card":"default","twitter_image_type":"default","twitter_image_url":null,"twitter_image_custom_url":null,"twitter_image_custom_fields":null,"twitter_title":null,"twitter_description":null,"schema":{"blockGraphs":[],"customGraphs":[],"default":{"data":{"Article":[],"Course":[],"Dataset":[],"FAQPage":[],"Movie":[],"Person":[],"Product":[],"ProductReview":[],"Car":[],"Recipe":[],"Service":[],"SoftwareApplication":[],"WebPage":[]},"graphName":"","isEnabled":true},"graphs":[],"defaultGraph":"","defaultPostTypeGraph":""},"schema_type":null,"schema_type_options":null,"pillar_content":false,"robots_default":true,"robots_noindex":false,"robots_noarchive":false,"robots_nosnippet":false,"robots_nofollow":false,"robots_noimageindex":false,"robots_noodp":false,"robots_notranslate":false,"robots_max_snippet":null,"robots_max_videopreview":null,"robots_max_imagepreview":"large","priority":null,"frequency":null,"local_seo":null,"seo_analyzer_scan_date":"2025-11-30 07:56:11","breadcrumb_settings":null,"limit_modified_date":false,"open_ai":null,"ai":null,"created":"2020-12-21 14:01:57","updated":"2025-11-30 07:56:11"},"aioseo_breadcrumb":"<div class=\"aioseo-breadcrumbs\"><span class=\"aioseo-breadcrumb\">\n\t<a href=\"https:\/\/www.eldigitaldeasturias.com\/noticias\" title=\"Home\">Home<\/a>\n<\/span><span class=\"aioseo-breadcrumb-separator\">\u2013<\/span><span class=\"aioseo-breadcrumb\">\n\t<a href=\"https:\/\/www.eldigitaldeasturias.com\/noticias\/category\/actualidad-asturias\/\" title=\"Actualidad Asturias\">Actualidad Asturias<\/a>\n<\/span><span class=\"aioseo-breadcrumb-separator\">\u2013<\/span><span class=\"aioseo-breadcrumb\">\n\t<a href=\"https:\/\/www.eldigitaldeasturias.com\/noticias\/gaspar-llamazares-el-cambio-debe-ser-global\/\" title=\"Gaspar Llamazares: \u00abEl cambio debe ser global\u00bb\">Gaspar Llamazares: \u00abEl cambio debe ser global\u00bb<\/a>\n<\/span><\/div>","aioseo_breadcrumb_json":[{"label":"Home","link":"https:\/\/www.eldigitaldeasturias.com\/noticias"},{"label":"Actualidad Asturias","link":"https:\/\/www.eldigitaldeasturias.com\/noticias\/category\/actualidad-asturias\/"},{"label":"Gaspar Llamazares: \u00abEl cambio debe ser global\u00bb","link":"https:\/\/www.eldigitaldeasturias.com\/noticias\/gaspar-llamazares-el-cambio-debe-ser-global\/"}],"_links":{"self":[{"href":"https:\/\/www.eldigitaldeasturias.com\/noticias\/wp-json\/wp\/v2\/posts\/906120","targetHints":{"allow":["GET"]}}],"collection":[{"href":"https:\/\/www.eldigitaldeasturias.com\/noticias\/wp-json\/wp\/v2\/posts"}],"about":[{"href":"https:\/\/www.eldigitaldeasturias.com\/noticias\/wp-json\/wp\/v2\/types\/post"}],"author":[{"embeddable":true,"href":"https:\/\/www.eldigitaldeasturias.com\/noticias\/wp-json\/wp\/v2\/users\/1"}],"replies":[{"embeddable":true,"href":"https:\/\/www.eldigitaldeasturias.com\/noticias\/wp-json\/wp\/v2\/comments?post=906120"}],"version-history":[{"count":0,"href":"https:\/\/www.eldigitaldeasturias.com\/noticias\/wp-json\/wp\/v2\/posts\/906120\/revisions"}],"wp:featuredmedia":[{"embeddable":true,"href":"https:\/\/www.eldigitaldeasturias.com\/noticias\/wp-json\/wp\/v2\/media\/906121"}],"wp:attachment":[{"href":"https:\/\/www.eldigitaldeasturias.com\/noticias\/wp-json\/wp\/v2\/media?parent=906120"}],"wp:term":[{"taxonomy":"category","embeddable":true,"href":"https:\/\/www.eldigitaldeasturias.com\/noticias\/wp-json\/wp\/v2\/categories?post=906120"},{"taxonomy":"post_tag","embeddable":true,"href":"https:\/\/www.eldigitaldeasturias.com\/noticias\/wp-json\/wp\/v2\/tags?post=906120"}],"curies":[{"name":"wp","href":"https:\/\/api.w.org\/{rel}","templated":true}]}}