{"id":906117,"date":"2016-09-06T19:09:46","date_gmt":"2016-09-06T18:09:46","guid":{"rendered":"http:\/\/www.eldigitaldeasturias.com\/noticias\/?p=906117"},"modified":"2016-09-06T19:09:46","modified_gmt":"2016-09-06T18:09:47","slug":"confirmados-4-casos-de-zika-en-asturias-264-en-espana","status":"publish","type":"post","link":"https:\/\/www.eldigitaldeasturias.com\/noticias\/confirmados-4-casos-de-zika-en-asturias-264-en-espana\/","title":{"rendered":"Confirmados 4 casos de Zika en Asturias, 264 en Espa\u00f1a"},"content":{"rendered":"<p><img loading=\"lazy\" decoding=\"async\" class=\"alignleft size-medium wp-image-906118\" src=\"https:\/\/www.eldigitaldeasturias.com\/noticias\/wp-content\/uploads\/2016\/09\/fotonoticia_20160906111944_800-360x241.jpg\" alt=\"fotonoticia_20160906111944_800\" width=\"360\" height=\"241\" srcset=\"https:\/\/www.eldigitaldeasturias.com\/noticias\/wp-content\/uploads\/2016\/09\/fotonoticia_20160906111944_800-360x241.jpg 360w, https:\/\/www.eldigitaldeasturias.com\/noticias\/wp-content\/uploads\/2016\/09\/fotonoticia_20160906111944_800-768x515.jpg 768w, https:\/\/www.eldigitaldeasturias.com\/noticias\/wp-content\/uploads\/2016\/09\/fotonoticia_20160906111944_800-650x436.jpg 650w, https:\/\/www.eldigitaldeasturias.com\/noticias\/wp-content\/uploads\/2016\/09\/fotonoticia_20160906111944_800-84x55.jpg 84w, https:\/\/www.eldigitaldeasturias.com\/noticias\/wp-content\/uploads\/2016\/09\/fotonoticia_20160906111944_800-260x175.jpg 260w, https:\/\/www.eldigitaldeasturias.com\/noticias\/wp-content\/uploads\/2016\/09\/fotonoticia_20160906111944_800-49x32.jpg 49w, https:\/\/www.eldigitaldeasturias.com\/noticias\/wp-content\/uploads\/2016\/09\/fotonoticia_20160906111944_800.jpg 800w\" sizes=\"auto, (max-width: 360px) 100vw, 360px\" \/>El Ministerio de Sanidad, Servicios Sociales e Igualdad ha elevado a 264 el n\u00famero de casos de infecci\u00f3n por Zika confirmados en Espa\u00f1a, cuatro de ellos en Asturias, y diez m\u00e1s que los 247 registrados hasta la semana pasada; mientras que se mantiene en 39 el n\u00famero de mujeres que estaban embarazadas en el momento de la toma de las muestras.<\/p>\n<p>Seg\u00fan el \u00faltimo informe de la Red Nacional de Vigilancia Epidemiol\u00f3gica publicado este lunes 5 de septiembre, todos son casos importados, en personas procedentes o que hab\u00edan visitado pa\u00edses afectados, salvo el caso aut\u00f3ctono de transmisi\u00f3n por v\u00eda sexual detectado el pasado mes de julio en la Comunidad de Madrid, donde no se ha detectado la presencia del mosquito &#8216;Aedes albopictus&#8217;.<\/p>\n<p>En concreto, 103 de los casos confirmados de infecci\u00f3n por virus Zika se han notificado en Catalu\u00f1a, 61 en Madrid, 18 en Arag\u00f3n, 14 en Castilla y Le\u00f3n, 10 en Galicia, 10 en la Comunidad Valenciana, 11 en Andaluc\u00eda, 6 en La Rioja, 7 en el Pa\u00eds Vasco, 5 en Navarra, 5 en Baleares, 4 en Canarias, 4 en Asturias, 2 en Murcia y 1 en Castilla-La Mancha.<\/p>\n<p>Asimismo, Sanidad mantiene en dos los casos que se han detectado Zika cong\u00e9nito despu\u00e9s de que en ambas ocasiones las madres se infectaran en zonas de riesgo, informa Sanidad, que en colaboraci\u00f3n con el Instituto de Salud Carlos III y las comunidades aut\u00f3nomas ha establecido una vigilancia de casos importados.<\/p>\n<p>PROTOCOLO DE SANIDAD<\/p>\n<p>A primeros de a\u00f1o el Ministerio y los gobiernos auton\u00f3micos acordaron en la Comisi\u00f3n de Salud P\u00fablica del Sistema Nacional de Salud (SNS) la aprobaci\u00f3n de un protocolo de vigilancia epidemiol\u00f3gica del Zika y un plan de preparaci\u00f3n y respuesta para \u00e9stas y otras enfermedades transmitidas por mosquitos, que en abril fue ratificado en el Consejo Interterritorial.<\/p>\n<p>Entre otras cuestiones, se recomienda a cualquier persona que haya estado en alguna zona en la que exista el virus posponer ocho semanas desde su regreso las relaciones sexuales sin protecci\u00f3n con mujeres que est\u00e9n embarazadas o tengan intenci\u00f3n de serlo, para evitar un posible contagio a trav\u00e9s del semen y dado el posible riesgo de microcefalia fetal que todav\u00eda no se ha confirmado.<\/p>\n<p>Las mujeres embarazadas que hayan viajado a pa\u00edses de riesgo por virus Zika se someter\u00e1n a an\u00e1lisis de sangre y orina si al regresar a Espa\u00f1a presentan alguna sintomatolog\u00eda indicativa de la infecci\u00f3n, seg\u00fan el protocolo de seguimiento acordado con la Sociedad Espa\u00f1ola de Ginecolog\u00eda y Obstetricia (SEGO).<\/p>\n<p>Y en caso de confirmarse la presencia del virus, se realizar\u00e1n ecograf\u00edas seriadas para controlar el crecimiento y, sobre todo, la morfolog\u00eda fetal cada dos semanas, siendo imprescindible el concurso de obstetras avanzados en el diagn\u00f3stico ecogr\u00e1fico prenatal y en la sospecha diagn\u00f3stica de infecci\u00f3n fetal.<\/p>\n<p>&nbsp;<\/p>\n","protected":false},"excerpt":{"rendered":"<p>El Ministerio de Sanidad, Servicios Sociales e Igualdad ha elevado a 264 el n\u00famero de casos de infecci\u00f3n por Zika confirmados en Espa\u00f1a, cuatro de ellos en Asturias, y diez m\u00e1s que los 247 registrados hasta la semana pasada; mientras que se mantiene en 39 el n\u00famero de mujeres que estaban embarazadas en el momento [&hellip;]<\/p>\n","protected":false},"author":1,"featured_media":906118,"comment_status":"closed","ping_status":"closed","sticky":false,"template":"","format":"standard","meta":{"footnotes":""},"categories":[28],"tags":[],"class_list":["post-906117","post","type-post","status-publish","format-standard","has-post-thumbnail","hentry","category-sociedad"],"aioseo_notices":[],"aioseo_head":"\n\t\t<!-- All in One SEO Pro 4.9.6.2 - aioseo.com -->\n\t<meta name=\"description\" content=\"El Ministerio de Sanidad, Servicios Sociales e Igualdad ha elevado a 264 el n\u00famero de casos de infecci\u00f3n por Zika confirmados en Espa\u00f1a, cuatro de ellos en Asturias, y diez m\u00e1s que los 247 registrados hasta la semana pasada; mientras que se mantiene en 39 el n\u00famero de mujeres que estaban embarazadas en el momento\" \/>\n\t<meta name=\"robots\" content=\"max-image-preview:large\" \/>\n\t<meta name=\"author\" content=\"El Digital de Asturias\"\/>\n\t<meta name=\"google-site-verification\" content=\"UA-38556648-1\" \/>\n\t<meta name=\"msvalidate.01\" content=\"7dfe9f3f1b24437ab69f4f2559babe99\" \/>\n\t<meta name=\"keywords\" content=\"sociedad\" \/>\n\t<link rel=\"canonical\" href=\"https:\/\/www.eldigitaldeasturias.com\/noticias\/confirmados-4-casos-de-zika-en-asturias-264-en-espana\/\" \/>\n\t<meta name=\"generator\" content=\"All in One SEO Pro (AIOSEO) 4.9.6.2\" \/>\n\t\t<meta property=\"og:locale\" content=\"es_ES\" \/>\n\t\t<meta property=\"og:site_name\" content=\"El Digital de Asturias\" \/>\n\t\t<meta property=\"og:type\" content=\"article\" \/>\n\t\t<meta property=\"og:title\" content=\"Confirmados 4 casos de Zika en Asturias, 264 en Espa\u00f1a - El Digital de Asturias\" \/>\n\t\t<meta property=\"og:description\" content=\"El Ministerio de Sanidad, Servicios Sociales e Igualdad ha elevado a 264 el n\u00famero de casos de infecci\u00f3n por Zika confirmados en Espa\u00f1a, cuatro de ellos en Asturias, y diez m\u00e1s que los 247 registrados hasta la semana pasada; mientras que se mantiene en 39 el n\u00famero de mujeres que estaban embarazadas en el momento\" \/>\n\t\t<meta property=\"og:url\" content=\"https:\/\/www.eldigitaldeasturias.com\/noticias\/confirmados-4-casos-de-zika-en-asturias-264-en-espana\/\" \/>\n\t\t<meta property=\"og:image\" content=\"https:\/\/www.eldigitaldeasturias.com\/noticias\/wp-content\/uploads\/2016\/09\/fotonoticia_20160906111944_800.jpg\" \/>\n\t\t<meta property=\"og:image:secure_url\" content=\"https:\/\/www.eldigitaldeasturias.com\/noticias\/wp-content\/uploads\/2016\/09\/fotonoticia_20160906111944_800.jpg\" \/>\n\t\t<meta property=\"og:image:width\" content=\"800\" \/>\n\t\t<meta property=\"og:image:height\" content=\"536\" \/>\n\t\t<meta property=\"article:tag\" content=\"sociedad\" \/>\n\t\t<meta property=\"article:published_time\" content=\"2016-09-06T18:09:46+00:00\" \/>\n\t\t<meta property=\"article:modified_time\" content=\"2016-09-06T18:09:47+00:00\" \/>\n\t\t<meta property=\"article:publisher\" content=\"https:\/\/facebook.com\/eldigitaldeasturias\" \/>\n\t\t<meta name=\"twitter:card\" content=\"summary_large_image\" \/>\n\t\t<meta name=\"twitter:title\" content=\"Confirmados 4 casos de Zika en Asturias, 264 en Espa\u00f1a - El Digital de Asturias\" \/>\n\t\t<meta name=\"twitter:description\" content=\"El Ministerio de Sanidad, Servicios Sociales e Igualdad ha elevado a 264 el n\u00famero de casos de infecci\u00f3n por Zika confirmados en Espa\u00f1a, cuatro de ellos en Asturias, y diez m\u00e1s que los 247 registrados hasta la semana pasada; mientras que se mantiene en 39 el n\u00famero de mujeres que estaban embarazadas en el momento\" \/>\n\t\t<meta name=\"twitter:image\" content=\"https:\/\/www.eldigitaldeasturias.com\/noticias\/wp-content\/uploads\/2016\/09\/fotonoticia_20160906111944_800.jpg\" \/>\n\t\t<meta name=\"twitter:label1\" content=\"Escrito por\" \/>\n\t\t<meta name=\"twitter:data1\" content=\"El Digital de Asturias\" \/>\n\t\t<meta name=\"twitter:label2\" content=\"Tiempo de lectura estimado\" \/>\n\t\t<meta name=\"twitter:data2\" content=\"2 minutos\" \/>\n\t\t<script type=\"application\/ld+json\" class=\"aioseo-schema\">\n\t\t\t{\"@context\":\"https:\\\/\\\/schema.org\",\"@graph\":[{\"@type\":\"BlogPosting\",\"@id\":\"https:\\\/\\\/www.eldigitaldeasturias.com\\\/noticias\\\/confirmados-4-casos-de-zika-en-asturias-264-en-espana\\\/#blogposting\",\"name\":\"Confirmados 4 casos de Zika en Asturias, 264 en Espa\\u00f1a - El Digital de Asturias\",\"headline\":\"Confirmados 4 casos de Zika en Asturias, 264 en Espa\\u00f1a\",\"author\":{\"@id\":\"https:\\\/\\\/www.eldigitaldeasturias.com\\\/noticias\\\/author\\\/admin\\\/#author\"},\"publisher\":{\"@id\":\"https:\\\/\\\/www.eldigitaldeasturias.com\\\/noticias\\\/#organization\"},\"image\":{\"@type\":\"ImageObject\",\"url\":\"https:\\\/\\\/www.eldigitaldeasturias.com\\\/noticias\\\/wp-content\\\/uploads\\\/2016\\\/09\\\/fotonoticia_20160906111944_800.jpg\",\"width\":800,\"height\":536},\"datePublished\":\"2016-09-06T19:09:46+02:00\",\"dateModified\":\"2016-09-06T19:09:46+02:00\",\"inLanguage\":\"es-ES\",\"mainEntityOfPage\":{\"@id\":\"https:\\\/\\\/www.eldigitaldeasturias.com\\\/noticias\\\/confirmados-4-casos-de-zika-en-asturias-264-en-espana\\\/#webpage\"},\"isPartOf\":{\"@id\":\"https:\\\/\\\/www.eldigitaldeasturias.com\\\/noticias\\\/confirmados-4-casos-de-zika-en-asturias-264-en-espana\\\/#webpage\"},\"articleSection\":\"Sociedad\"},{\"@type\":\"BreadcrumbList\",\"@id\":\"https:\\\/\\\/www.eldigitaldeasturias.com\\\/noticias\\\/confirmados-4-casos-de-zika-en-asturias-264-en-espana\\\/#breadcrumblist\",\"itemListElement\":[{\"@type\":\"ListItem\",\"@id\":\"https:\\\/\\\/www.eldigitaldeasturias.com\\\/noticias#listItem\",\"position\":1,\"name\":\"Home\",\"item\":\"https:\\\/\\\/www.eldigitaldeasturias.com\\\/noticias\",\"nextItem\":{\"@type\":\"ListItem\",\"@id\":\"https:\\\/\\\/www.eldigitaldeasturias.com\\\/noticias\\\/category\\\/sociedad\\\/#listItem\",\"name\":\"Sociedad\"}},{\"@type\":\"ListItem\",\"@id\":\"https:\\\/\\\/www.eldigitaldeasturias.com\\\/noticias\\\/category\\\/sociedad\\\/#listItem\",\"position\":2,\"name\":\"Sociedad\",\"item\":\"https:\\\/\\\/www.eldigitaldeasturias.com\\\/noticias\\\/category\\\/sociedad\\\/\",\"nextItem\":{\"@type\":\"ListItem\",\"@id\":\"https:\\\/\\\/www.eldigitaldeasturias.com\\\/noticias\\\/confirmados-4-casos-de-zika-en-asturias-264-en-espana\\\/#listItem\",\"name\":\"Confirmados 4 casos de Zika en Asturias, 264 en Espa\\u00f1a\"},\"previousItem\":{\"@type\":\"ListItem\",\"@id\":\"https:\\\/\\\/www.eldigitaldeasturias.com\\\/noticias#listItem\",\"name\":\"Home\"}},{\"@type\":\"ListItem\",\"@id\":\"https:\\\/\\\/www.eldigitaldeasturias.com\\\/noticias\\\/confirmados-4-casos-de-zika-en-asturias-264-en-espana\\\/#listItem\",\"position\":3,\"name\":\"Confirmados 4 casos de Zika en Asturias, 264 en Espa\\u00f1a\",\"previousItem\":{\"@type\":\"ListItem\",\"@id\":\"https:\\\/\\\/www.eldigitaldeasturias.com\\\/noticias\\\/category\\\/sociedad\\\/#listItem\",\"name\":\"Sociedad\"}}]},{\"@type\":\"Organization\",\"@id\":\"https:\\\/\\\/www.eldigitaldeasturias.com\\\/noticias\\\/#organization\",\"name\":\"El Digital de Asturias\",\"description\":\"Hemeroteca\",\"url\":\"https:\\\/\\\/www.eldigitaldeasturias.com\\\/noticias\\\/\",\"email\":\"info@eldigitaldeasturias.com\",\"telephone\":\"+34652131393\",\"logo\":{\"@type\":\"ImageObject\",\"url\":\"https:\\\/\\\/www.eldigitaldeasturias.com\\\/noticias\\\/wp-content\\\/uploads\\\/2020\\\/12\\\/EDA.jpg\",\"@id\":\"https:\\\/\\\/www.eldigitaldeasturias.com\\\/noticias\\\/confirmados-4-casos-de-zika-en-asturias-264-en-espana\\\/#organizationLogo\",\"width\":649,\"height\":297},\"image\":{\"@id\":\"https:\\\/\\\/www.eldigitaldeasturias.com\\\/noticias\\\/confirmados-4-casos-de-zika-en-asturias-264-en-espana\\\/#organizationLogo\"},\"sameAs\":[\"https:\\\/\\\/facebook.com\\\/eldigitaldeasturias\",\"https:\\\/\\\/www.youtube.com\\\/channel\\\/UCZP-2wLEB9Rv6erhFmqVnvg\"],\"address\":{\"@id\":\"https:\\\/\\\/www.eldigitaldeasturias.com\\\/noticias\\\/#postaladdress\",\"@type\":\"PostalAddress\",\"streetAddress\":\"san antonio 4,\",\"postalCode\":\"33430\",\"addressLocality\":\"Cand\\u00e1s\",\"addressRegion\":\"Asturias\",\"addressCountry\":\"ES\"}},{\"@type\":\"Person\",\"@id\":\"https:\\\/\\\/www.eldigitaldeasturias.com\\\/noticias\\\/author\\\/admin\\\/#author\",\"url\":\"https:\\\/\\\/www.eldigitaldeasturias.com\\\/noticias\\\/author\\\/admin\\\/\",\"name\":\"El Digital de Asturias\",\"image\":{\"@type\":\"ImageObject\",\"@id\":\"https:\\\/\\\/www.eldigitaldeasturias.com\\\/noticias\\\/confirmados-4-casos-de-zika-en-asturias-264-en-espana\\\/#authorImage\",\"url\":\"https:\\\/\\\/www.eldigitaldeasturias.com\\\/noticias\\\/wp-content\\\/litespeed\\\/avatar\\\/18677e78aa0546b92d9dbf31ec7d7668.jpg?ver=1777290358\",\"width\":96,\"height\":96,\"caption\":\"El Digital de Asturias\"}},{\"@type\":\"WebPage\",\"@id\":\"https:\\\/\\\/www.eldigitaldeasturias.com\\\/noticias\\\/confirmados-4-casos-de-zika-en-asturias-264-en-espana\\\/#webpage\",\"url\":\"https:\\\/\\\/www.eldigitaldeasturias.com\\\/noticias\\\/confirmados-4-casos-de-zika-en-asturias-264-en-espana\\\/\",\"name\":\"Confirmados 4 casos de Zika en Asturias, 264 en Espa\\u00f1a - El Digital de Asturias\",\"description\":\"El Ministerio de Sanidad, Servicios Sociales e Igualdad ha elevado a 264 el n\\u00famero de casos de infecci\\u00f3n por Zika confirmados en Espa\\u00f1a, cuatro de ellos en Asturias, y diez m\\u00e1s que los 247 registrados hasta la semana pasada; mientras que se mantiene en 39 el n\\u00famero de mujeres que estaban embarazadas en el momento\",\"inLanguage\":\"es-ES\",\"isPartOf\":{\"@id\":\"https:\\\/\\\/www.eldigitaldeasturias.com\\\/noticias\\\/#website\"},\"breadcrumb\":{\"@id\":\"https:\\\/\\\/www.eldigitaldeasturias.com\\\/noticias\\\/confirmados-4-casos-de-zika-en-asturias-264-en-espana\\\/#breadcrumblist\"},\"author\":{\"@id\":\"https:\\\/\\\/www.eldigitaldeasturias.com\\\/noticias\\\/author\\\/admin\\\/#author\"},\"creator\":{\"@id\":\"https:\\\/\\\/www.eldigitaldeasturias.com\\\/noticias\\\/author\\\/admin\\\/#author\"},\"image\":{\"@type\":\"ImageObject\",\"url\":\"https:\\\/\\\/www.eldigitaldeasturias.com\\\/noticias\\\/wp-content\\\/uploads\\\/2016\\\/09\\\/fotonoticia_20160906111944_800.jpg\",\"@id\":\"https:\\\/\\\/www.eldigitaldeasturias.com\\\/noticias\\\/confirmados-4-casos-de-zika-en-asturias-264-en-espana\\\/#mainImage\",\"width\":800,\"height\":536},\"primaryImageOfPage\":{\"@id\":\"https:\\\/\\\/www.eldigitaldeasturias.com\\\/noticias\\\/confirmados-4-casos-de-zika-en-asturias-264-en-espana\\\/#mainImage\"},\"datePublished\":\"2016-09-06T19:09:46+02:00\",\"dateModified\":\"2016-09-06T19:09:46+02:00\"},{\"@type\":\"WebSite\",\"@id\":\"https:\\\/\\\/www.eldigitaldeasturias.com\\\/noticias\\\/#website\",\"url\":\"https:\\\/\\\/www.eldigitaldeasturias.com\\\/noticias\\\/\",\"name\":\"El Digital de Asturias - Diario de actualidad y noticias\",\"alternateName\":\"El Digital de Asturias - Diario de actualidad y noticias\",\"description\":\"Hemeroteca\",\"inLanguage\":\"es-ES\",\"publisher\":{\"@id\":\"https:\\\/\\\/www.eldigitaldeasturias.com\\\/noticias\\\/#organization\"}}]}\n\t\t<\/script>\n\t\t<!-- All in One SEO Pro -->\r\n\t\t<title>Confirmados 4 casos de Zika en Asturias, 264 en Espa\u00f1a - El Digital de Asturias<\/title>\n\n","aioseo_head_json":{"title":"Confirmados 4 casos de Zika en Asturias, 264 en Espa\u00f1a - El Digital de Asturias","description":"El Ministerio de Sanidad, Servicios Sociales e Igualdad ha elevado a 264 el n\u00famero de casos de infecci\u00f3n por Zika confirmados en Espa\u00f1a, cuatro de ellos en Asturias, y diez m\u00e1s que los 247 registrados hasta la semana pasada; mientras que se mantiene en 39 el n\u00famero de mujeres que estaban embarazadas en el momento","canonical_url":"https:\/\/www.eldigitaldeasturias.com\/noticias\/confirmados-4-casos-de-zika-en-asturias-264-en-espana\/","robots":"max-image-preview:large","keywords":"sociedad","webmasterTools":{"google-site-verification":"UA-38556648-1","msvalidate.01":"7dfe9f3f1b24437ab69f4f2559babe99","miscellaneous":""},"schema":{"@context":"https:\/\/schema.org","@graph":[{"@type":"BlogPosting","@id":"https:\/\/www.eldigitaldeasturias.com\/noticias\/confirmados-4-casos-de-zika-en-asturias-264-en-espana\/#blogposting","name":"Confirmados 4 casos de Zika en Asturias, 264 en Espa\u00f1a - El Digital de Asturias","headline":"Confirmados 4 casos de Zika en Asturias, 264 en Espa\u00f1a","author":{"@id":"https:\/\/www.eldigitaldeasturias.com\/noticias\/author\/admin\/#author"},"publisher":{"@id":"https:\/\/www.eldigitaldeasturias.com\/noticias\/#organization"},"image":{"@type":"ImageObject","url":"https:\/\/www.eldigitaldeasturias.com\/noticias\/wp-content\/uploads\/2016\/09\/fotonoticia_20160906111944_800.jpg","width":800,"height":536},"datePublished":"2016-09-06T19:09:46+02:00","dateModified":"2016-09-06T19:09:46+02:00","inLanguage":"es-ES","mainEntityOfPage":{"@id":"https:\/\/www.eldigitaldeasturias.com\/noticias\/confirmados-4-casos-de-zika-en-asturias-264-en-espana\/#webpage"},"isPartOf":{"@id":"https:\/\/www.eldigitaldeasturias.com\/noticias\/confirmados-4-casos-de-zika-en-asturias-264-en-espana\/#webpage"},"articleSection":"Sociedad"},{"@type":"BreadcrumbList","@id":"https:\/\/www.eldigitaldeasturias.com\/noticias\/confirmados-4-casos-de-zika-en-asturias-264-en-espana\/#breadcrumblist","itemListElement":[{"@type":"ListItem","@id":"https:\/\/www.eldigitaldeasturias.com\/noticias#listItem","position":1,"name":"Home","item":"https:\/\/www.eldigitaldeasturias.com\/noticias","nextItem":{"@type":"ListItem","@id":"https:\/\/www.eldigitaldeasturias.com\/noticias\/category\/sociedad\/#listItem","name":"Sociedad"}},{"@type":"ListItem","@id":"https:\/\/www.eldigitaldeasturias.com\/noticias\/category\/sociedad\/#listItem","position":2,"name":"Sociedad","item":"https:\/\/www.eldigitaldeasturias.com\/noticias\/category\/sociedad\/","nextItem":{"@type":"ListItem","@id":"https:\/\/www.eldigitaldeasturias.com\/noticias\/confirmados-4-casos-de-zika-en-asturias-264-en-espana\/#listItem","name":"Confirmados 4 casos de Zika en Asturias, 264 en Espa\u00f1a"},"previousItem":{"@type":"ListItem","@id":"https:\/\/www.eldigitaldeasturias.com\/noticias#listItem","name":"Home"}},{"@type":"ListItem","@id":"https:\/\/www.eldigitaldeasturias.com\/noticias\/confirmados-4-casos-de-zika-en-asturias-264-en-espana\/#listItem","position":3,"name":"Confirmados 4 casos de Zika en Asturias, 264 en Espa\u00f1a","previousItem":{"@type":"ListItem","@id":"https:\/\/www.eldigitaldeasturias.com\/noticias\/category\/sociedad\/#listItem","name":"Sociedad"}}]},{"@type":"Organization","@id":"https:\/\/www.eldigitaldeasturias.com\/noticias\/#organization","name":"El Digital de Asturias","description":"Hemeroteca","url":"https:\/\/www.eldigitaldeasturias.com\/noticias\/","email":"info@eldigitaldeasturias.com","telephone":"+34652131393","logo":{"@type":"ImageObject","url":"https:\/\/www.eldigitaldeasturias.com\/noticias\/wp-content\/uploads\/2020\/12\/EDA.jpg","@id":"https:\/\/www.eldigitaldeasturias.com\/noticias\/confirmados-4-casos-de-zika-en-asturias-264-en-espana\/#organizationLogo","width":649,"height":297},"image":{"@id":"https:\/\/www.eldigitaldeasturias.com\/noticias\/confirmados-4-casos-de-zika-en-asturias-264-en-espana\/#organizationLogo"},"sameAs":["https:\/\/facebook.com\/eldigitaldeasturias","https:\/\/www.youtube.com\/channel\/UCZP-2wLEB9Rv6erhFmqVnvg"],"address":{"@id":"https:\/\/www.eldigitaldeasturias.com\/noticias\/#postaladdress","@type":"PostalAddress","streetAddress":"san antonio 4,","postalCode":"33430","addressLocality":"Cand\u00e1s","addressRegion":"Asturias","addressCountry":"ES"}},{"@type":"Person","@id":"https:\/\/www.eldigitaldeasturias.com\/noticias\/author\/admin\/#author","url":"https:\/\/www.eldigitaldeasturias.com\/noticias\/author\/admin\/","name":"El Digital de Asturias","image":{"@type":"ImageObject","@id":"https:\/\/www.eldigitaldeasturias.com\/noticias\/confirmados-4-casos-de-zika-en-asturias-264-en-espana\/#authorImage","url":"https:\/\/www.eldigitaldeasturias.com\/noticias\/wp-content\/litespeed\/avatar\/18677e78aa0546b92d9dbf31ec7d7668.jpg?ver=1777290358","width":96,"height":96,"caption":"El Digital de Asturias"}},{"@type":"WebPage","@id":"https:\/\/www.eldigitaldeasturias.com\/noticias\/confirmados-4-casos-de-zika-en-asturias-264-en-espana\/#webpage","url":"https:\/\/www.eldigitaldeasturias.com\/noticias\/confirmados-4-casos-de-zika-en-asturias-264-en-espana\/","name":"Confirmados 4 casos de Zika en Asturias, 264 en Espa\u00f1a - El Digital de Asturias","description":"El Ministerio de Sanidad, Servicios Sociales e Igualdad ha elevado a 264 el n\u00famero de casos de infecci\u00f3n por Zika confirmados en Espa\u00f1a, cuatro de ellos en Asturias, y diez m\u00e1s que los 247 registrados hasta la semana pasada; mientras que se mantiene en 39 el n\u00famero de mujeres que estaban embarazadas en el momento","inLanguage":"es-ES","isPartOf":{"@id":"https:\/\/www.eldigitaldeasturias.com\/noticias\/#website"},"breadcrumb":{"@id":"https:\/\/www.eldigitaldeasturias.com\/noticias\/confirmados-4-casos-de-zika-en-asturias-264-en-espana\/#breadcrumblist"},"author":{"@id":"https:\/\/www.eldigitaldeasturias.com\/noticias\/author\/admin\/#author"},"creator":{"@id":"https:\/\/www.eldigitaldeasturias.com\/noticias\/author\/admin\/#author"},"image":{"@type":"ImageObject","url":"https:\/\/www.eldigitaldeasturias.com\/noticias\/wp-content\/uploads\/2016\/09\/fotonoticia_20160906111944_800.jpg","@id":"https:\/\/www.eldigitaldeasturias.com\/noticias\/confirmados-4-casos-de-zika-en-asturias-264-en-espana\/#mainImage","width":800,"height":536},"primaryImageOfPage":{"@id":"https:\/\/www.eldigitaldeasturias.com\/noticias\/confirmados-4-casos-de-zika-en-asturias-264-en-espana\/#mainImage"},"datePublished":"2016-09-06T19:09:46+02:00","dateModified":"2016-09-06T19:09:46+02:00"},{"@type":"WebSite","@id":"https:\/\/www.eldigitaldeasturias.com\/noticias\/#website","url":"https:\/\/www.eldigitaldeasturias.com\/noticias\/","name":"El Digital de Asturias - Diario de actualidad y noticias","alternateName":"El Digital de Asturias - Diario de actualidad y noticias","description":"Hemeroteca","inLanguage":"es-ES","publisher":{"@id":"https:\/\/www.eldigitaldeasturias.com\/noticias\/#organization"}}]},"og:locale":"es_ES","og:site_name":"El Digital de Asturias","og:type":"article","og:title":"Confirmados 4 casos de Zika en Asturias, 264 en Espa\u00f1a - El Digital de Asturias","og:description":"El Ministerio de Sanidad, Servicios Sociales e Igualdad ha elevado a 264 el n\u00famero de casos de infecci\u00f3n por Zika confirmados en Espa\u00f1a, cuatro de ellos en Asturias, y diez m\u00e1s que los 247 registrados hasta la semana pasada; mientras que se mantiene en 39 el n\u00famero de mujeres que estaban embarazadas en el momento","og:url":"https:\/\/www.eldigitaldeasturias.com\/noticias\/confirmados-4-casos-de-zika-en-asturias-264-en-espana\/","og:image":"https:\/\/www.eldigitaldeasturias.com\/noticias\/wp-content\/uploads\/2016\/09\/fotonoticia_20160906111944_800.jpg","og:image:secure_url":"https:\/\/www.eldigitaldeasturias.com\/noticias\/wp-content\/uploads\/2016\/09\/fotonoticia_20160906111944_800.jpg","og:image:width":800,"og:image:height":536,"article:tag":["sociedad"],"article:published_time":"2016-09-06T18:09:46+00:00","article:modified_time":"2016-09-06T18:09:47+00:00","article:publisher":"https:\/\/facebook.com\/eldigitaldeasturias","twitter:card":"summary_large_image","twitter:title":"Confirmados 4 casos de Zika en Asturias, 264 en Espa\u00f1a - El Digital de Asturias","twitter:description":"El Ministerio de Sanidad, Servicios Sociales e Igualdad ha elevado a 264 el n\u00famero de casos de infecci\u00f3n por Zika confirmados en Espa\u00f1a, cuatro de ellos en Asturias, y diez m\u00e1s que los 247 registrados hasta la semana pasada; mientras que se mantiene en 39 el n\u00famero de mujeres que estaban embarazadas en el momento","twitter:image":"https:\/\/www.eldigitaldeasturias.com\/noticias\/wp-content\/uploads\/2016\/09\/fotonoticia_20160906111944_800.jpg","twitter:label1":"Escrito por","twitter:data1":"El Digital de Asturias","twitter:label2":"Tiempo de lectura estimado","twitter:data2":"2 minutos"},"aioseo_meta_data":{"post_id":"906117","title":null,"description":null,"keywords":null,"keyphrases":null,"primary_term":null,"canonical_url":null,"og_title":null,"og_description":null,"og_object_type":"default","og_image_type":"default","og_image_url":null,"og_image_width":null,"og_image_height":null,"og_image_custom_url":null,"og_image_custom_fields":null,"og_video":null,"og_custom_url":null,"og_article_section":null,"og_article_tags":null,"twitter_use_og":false,"twitter_card":"default","twitter_image_type":"default","twitter_image_url":null,"twitter_image_custom_url":null,"twitter_image_custom_fields":null,"twitter_title":null,"twitter_description":null,"schema":{"blockGraphs":[],"customGraphs":[],"default":{"data":{"Article":[],"Course":[],"Dataset":[],"FAQPage":[],"Movie":[],"Person":[],"Product":[],"ProductReview":[],"Car":[],"Recipe":[],"Service":[],"SoftwareApplication":[],"WebPage":[]},"graphName":"","isEnabled":true},"graphs":[],"defaultGraph":"","defaultPostTypeGraph":""},"schema_type":null,"schema_type_options":null,"pillar_content":false,"robots_default":true,"robots_noindex":false,"robots_noarchive":false,"robots_nosnippet":false,"robots_nofollow":false,"robots_noimageindex":false,"robots_noodp":false,"robots_notranslate":false,"robots_max_snippet":null,"robots_max_videopreview":null,"robots_max_imagepreview":"large","priority":null,"frequency":null,"local_seo":null,"seo_analyzer_scan_date":"2025-11-30 07:56:11","breadcrumb_settings":null,"limit_modified_date":false,"open_ai":null,"ai":null,"created":"2020-12-21 14:01:57","updated":"2025-11-30 07:56:11"},"aioseo_breadcrumb":"<div class=\"aioseo-breadcrumbs\"><span class=\"aioseo-breadcrumb\">\n\t<a href=\"https:\/\/www.eldigitaldeasturias.com\/noticias\" title=\"Home\">Home<\/a>\n<\/span><span class=\"aioseo-breadcrumb-separator\">\u2013<\/span><span class=\"aioseo-breadcrumb\">\n\t<a href=\"https:\/\/www.eldigitaldeasturias.com\/noticias\/category\/sociedad\/\" title=\"Sociedad\">Sociedad<\/a>\n<\/span><span class=\"aioseo-breadcrumb-separator\">\u2013<\/span><span class=\"aioseo-breadcrumb\">\n\t<a href=\"https:\/\/www.eldigitaldeasturias.com\/noticias\/confirmados-4-casos-de-zika-en-asturias-264-en-espana\/\" title=\"Confirmados 4 casos de Zika en Asturias, 264 en Espa\u00f1a\">Confirmados 4 casos de Zika en Asturias, 264 en Espa\u00f1a<\/a>\n<\/span><\/div>","aioseo_breadcrumb_json":[{"label":"Home","link":"https:\/\/www.eldigitaldeasturias.com\/noticias"},{"label":"Sociedad","link":"https:\/\/www.eldigitaldeasturias.com\/noticias\/category\/sociedad\/"},{"label":"Confirmados 4 casos de Zika en Asturias, 264 en Espa\u00f1a","link":"https:\/\/www.eldigitaldeasturias.com\/noticias\/confirmados-4-casos-de-zika-en-asturias-264-en-espana\/"}],"_links":{"self":[{"href":"https:\/\/www.eldigitaldeasturias.com\/noticias\/wp-json\/wp\/v2\/posts\/906117","targetHints":{"allow":["GET"]}}],"collection":[{"href":"https:\/\/www.eldigitaldeasturias.com\/noticias\/wp-json\/wp\/v2\/posts"}],"about":[{"href":"https:\/\/www.eldigitaldeasturias.com\/noticias\/wp-json\/wp\/v2\/types\/post"}],"author":[{"embeddable":true,"href":"https:\/\/www.eldigitaldeasturias.com\/noticias\/wp-json\/wp\/v2\/users\/1"}],"replies":[{"embeddable":true,"href":"https:\/\/www.eldigitaldeasturias.com\/noticias\/wp-json\/wp\/v2\/comments?post=906117"}],"version-history":[{"count":0,"href":"https:\/\/www.eldigitaldeasturias.com\/noticias\/wp-json\/wp\/v2\/posts\/906117\/revisions"}],"wp:featuredmedia":[{"embeddable":true,"href":"https:\/\/www.eldigitaldeasturias.com\/noticias\/wp-json\/wp\/v2\/media\/906118"}],"wp:attachment":[{"href":"https:\/\/www.eldigitaldeasturias.com\/noticias\/wp-json\/wp\/v2\/media?parent=906117"}],"wp:term":[{"taxonomy":"category","embeddable":true,"href":"https:\/\/www.eldigitaldeasturias.com\/noticias\/wp-json\/wp\/v2\/categories?post=906117"},{"taxonomy":"post_tag","embeddable":true,"href":"https:\/\/www.eldigitaldeasturias.com\/noticias\/wp-json\/wp\/v2\/tags?post=906117"}],"curies":[{"name":"wp","href":"https:\/\/api.w.org\/{rel}","templated":true}]}}