{"id":906114,"date":"2016-09-06T19:06:54","date_gmt":"2016-09-06T18:06:54","guid":{"rendered":"http:\/\/www.eldigitaldeasturias.com\/noticias\/?p=906114"},"modified":"2016-09-06T19:06:54","modified_gmt":"2016-09-06T18:06:54","slug":"podemos-asturias-califica-la-gestion-de-vipasa-como-mala-o-muy-mala","status":"publish","type":"post","link":"https:\/\/www.eldigitaldeasturias.com\/noticias\/podemos-asturias-califica-la-gestion-de-vipasa-como-mala-o-muy-mala\/","title":{"rendered":"Podemos Asturias califica la gesti\u00f3n de Vipasa como \u00abmala o muy mala\u00bb"},"content":{"rendered":"<p><img loading=\"lazy\" decoding=\"async\" class=\"alignleft size-medium wp-image-906115\" src=\"https:\/\/www.eldigitaldeasturias.com\/noticias\/wp-content\/uploads\/2016\/09\/fotonoticia_20160906110027_800-360x180.jpg\" alt=\"fotonoticia_20160906110027_800\" width=\"360\" height=\"180\" srcset=\"https:\/\/www.eldigitaldeasturias.com\/noticias\/wp-content\/uploads\/2016\/09\/fotonoticia_20160906110027_800-360x180.jpg 360w, https:\/\/www.eldigitaldeasturias.com\/noticias\/wp-content\/uploads\/2016\/09\/fotonoticia_20160906110027_800-768x385.jpg 768w, https:\/\/www.eldigitaldeasturias.com\/noticias\/wp-content\/uploads\/2016\/09\/fotonoticia_20160906110027_800-650x326.jpg 650w, https:\/\/www.eldigitaldeasturias.com\/noticias\/wp-content\/uploads\/2016\/09\/fotonoticia_20160906110027_800.jpg 800w\" sizes=\"auto, (max-width: 360px) 100vw, 360px\" \/>Podemos Asturias calificado este martes a la empresa p\u00fablica Viviendas del Principado de Asturias S.A. (Vipasa) como el \u00abpeor casero\u00bb que un inquilino asturiano puede tener. La formaci\u00f3n morada ha alertado sobre \u00ablas numerosas quejas recibidas por la falta de mantenimiento y reparaci\u00f3n\u00bb que han recibido por parte de los usuarios de la compa\u00f1\u00eda que administra el parque de vivienda del Principado.<\/p>\n<p>En un comunicado, Podemos Asturias ha anunciado que preguntaran a la consejera Pilar Varela sobre qu\u00e9 acciones tienen previstas desde la Consejer\u00eda de Servicios y Derechos Sociales para garantizar el derecho de las inquilinas a disfrutar de una vivienda adecuada y en condiciones de habitabilidad.<\/p>\n<p>Las deficiencias denunciadas por los inquilinos incluyen humedades, grietas, puertas y ventanas rotas, filtraciones de agua, plagas de cucarachas y ratones, calderas averiadas, cortes de luz por un sistema el\u00e9ctrico obsoleto, saltos de alarmas, garajes sin uso que se convierten en basureros, zonas comunes que suponen un riesgo para la integridad f\u00edsica, agujeros en techos y paredes, falta de baldosas o puertas contra incendios deterioradas.<\/p>\n<p>Adem\u00e1s, desde Podemos han se\u00f1alado que estos problemas no se dan en \u00abun bloque de edificios concreto\u00bb, sino que se encuentran en viviendas \u00aba lo largo y ancho\u00bb de todo el Principado. \u00abDesde Candamo, Mieres, San Mart\u00edn del Rey Aurelio, Aller, La Corredoria (Oviedo), Roces, Montevil o Minipisos de la Laboral (Gij\u00f3n)\u00bb, han detallado.<\/p>\n<p>Por \u00faltimo, han afirmado que lo \u00abpeor\u00bb es que muchas de estas deficiencias \u00abobedecen a aver\u00edas que llevan a\u00f1os sin resolverse\u00bb con quejas enviadas a Vipasa por los inquilinos \u00absin obtener respuesta\u00bb. En ese sentido, han se\u00f1alado la \u00abperplejidad\u00bb de los usuarios ante la &#8216;Memoria de 2015&#8217; de la empresa donde los resultados de la encuesta de satisfacci\u00f3n s\u00f3lo registran un 9% de valoraciones de la gesti\u00f3n de Vipasa como \u00abmala o muy mala\u00bb.<\/p>\n<p>&nbsp;<\/p>\n","protected":false},"excerpt":{"rendered":"<p>Podemos Asturias calificado este martes a la empresa p\u00fablica Viviendas del Principado de Asturias S.A. (Vipasa) como el \u00abpeor casero\u00bb que un inquilino asturiano puede tener. La formaci\u00f3n morada ha alertado sobre \u00ablas numerosas quejas recibidas por la falta de mantenimiento y reparaci\u00f3n\u00bb que han recibido por parte de los usuarios de la compa\u00f1\u00eda que [&hellip;]<\/p>\n","protected":false},"author":1,"featured_media":906115,"comment_status":"closed","ping_status":"closed","sticky":false,"template":"","format":"standard","meta":{"footnotes":""},"categories":[12],"tags":[],"class_list":["post-906114","post","type-post","status-publish","format-standard","has-post-thumbnail","hentry","category-actualidad-asturias"],"aioseo_notices":[],"aioseo_head":"\n\t\t<!-- All in One SEO Pro 4.9.6.2 - aioseo.com -->\n\t<meta name=\"description\" content=\"Podemos Asturias calificado este martes a la empresa p\u00fablica Viviendas del Principado de Asturias S.A. (Vipasa) como el &quot;peor casero&quot; que un inquilino asturiano puede tener. La formaci\u00f3n morada ha alertado sobre &quot;las numerosas quejas recibidas por la falta de mantenimiento y reparaci\u00f3n&quot; que han recibido por parte de los usuarios de la compa\u00f1\u00eda que\" \/>\n\t<meta name=\"robots\" content=\"max-image-preview:large\" \/>\n\t<meta name=\"author\" content=\"El Digital de Asturias\"\/>\n\t<meta name=\"google-site-verification\" content=\"UA-38556648-1\" \/>\n\t<meta name=\"msvalidate.01\" content=\"7dfe9f3f1b24437ab69f4f2559babe99\" \/>\n\t<meta name=\"keywords\" content=\"actualidad asturias\" \/>\n\t<link rel=\"canonical\" href=\"https:\/\/www.eldigitaldeasturias.com\/noticias\/podemos-asturias-califica-la-gestion-de-vipasa-como-mala-o-muy-mala\/\" \/>\n\t<meta name=\"generator\" content=\"All in One SEO Pro (AIOSEO) 4.9.6.2\" \/>\n\t\t<meta property=\"og:locale\" content=\"es_ES\" \/>\n\t\t<meta property=\"og:site_name\" content=\"El Digital de Asturias\" \/>\n\t\t<meta property=\"og:type\" content=\"article\" \/>\n\t\t<meta property=\"og:title\" content=\"Podemos Asturias califica la gesti\u00f3n de Vipasa como \u00abmala o muy mala\u00bb - El Digital de Asturias\" \/>\n\t\t<meta property=\"og:description\" content=\"Podemos Asturias calificado este martes a la empresa p\u00fablica Viviendas del Principado de Asturias S.A. (Vipasa) como el &quot;peor casero&quot; que un inquilino asturiano puede tener. La formaci\u00f3n morada ha alertado sobre &quot;las numerosas quejas recibidas por la falta de mantenimiento y reparaci\u00f3n&quot; que han recibido por parte de los usuarios de la compa\u00f1\u00eda que\" \/>\n\t\t<meta property=\"og:url\" content=\"https:\/\/www.eldigitaldeasturias.com\/noticias\/podemos-asturias-califica-la-gestion-de-vipasa-como-mala-o-muy-mala\/\" \/>\n\t\t<meta property=\"og:image\" content=\"https:\/\/www.eldigitaldeasturias.com\/noticias\/wp-content\/uploads\/2016\/09\/fotonoticia_20160906110027_800.jpg\" \/>\n\t\t<meta property=\"og:image:secure_url\" content=\"https:\/\/www.eldigitaldeasturias.com\/noticias\/wp-content\/uploads\/2016\/09\/fotonoticia_20160906110027_800.jpg\" \/>\n\t\t<meta property=\"og:image:width\" content=\"800\" \/>\n\t\t<meta property=\"og:image:height\" content=\"401\" \/>\n\t\t<meta property=\"article:tag\" content=\"actualidad asturias\" \/>\n\t\t<meta property=\"article:published_time\" content=\"2016-09-06T18:06:54+00:00\" \/>\n\t\t<meta property=\"article:modified_time\" content=\"2016-09-06T18:06:54+00:00\" \/>\n\t\t<meta property=\"article:publisher\" content=\"https:\/\/facebook.com\/eldigitaldeasturias\" \/>\n\t\t<meta name=\"twitter:card\" content=\"summary_large_image\" \/>\n\t\t<meta name=\"twitter:title\" content=\"Podemos Asturias califica la gesti\u00f3n de Vipasa como \u00abmala o muy mala\u00bb - El Digital de Asturias\" \/>\n\t\t<meta name=\"twitter:description\" content=\"Podemos Asturias calificado este martes a la empresa p\u00fablica Viviendas del Principado de Asturias S.A. (Vipasa) como el &quot;peor casero&quot; que un inquilino asturiano puede tener. La formaci\u00f3n morada ha alertado sobre &quot;las numerosas quejas recibidas por la falta de mantenimiento y reparaci\u00f3n&quot; que han recibido por parte de los usuarios de la compa\u00f1\u00eda que\" \/>\n\t\t<meta name=\"twitter:image\" content=\"https:\/\/www.eldigitaldeasturias.com\/noticias\/wp-content\/uploads\/2016\/09\/fotonoticia_20160906110027_800.jpg\" \/>\n\t\t<meta name=\"twitter:label1\" content=\"Escrito por\" \/>\n\t\t<meta name=\"twitter:data1\" content=\"El Digital de Asturias\" \/>\n\t\t<meta name=\"twitter:label2\" content=\"Tiempo de lectura estimado\" \/>\n\t\t<meta name=\"twitter:data2\" content=\"2 minutos\" \/>\n\t\t<script type=\"application\/ld+json\" class=\"aioseo-schema\">\n\t\t\t{\"@context\":\"https:\\\/\\\/schema.org\",\"@graph\":[{\"@type\":\"BlogPosting\",\"@id\":\"https:\\\/\\\/www.eldigitaldeasturias.com\\\/noticias\\\/podemos-asturias-califica-la-gestion-de-vipasa-como-mala-o-muy-mala\\\/#blogposting\",\"name\":\"Podemos Asturias califica la gesti\\u00f3n de Vipasa como \\u00abmala o muy mala\\u00bb - El Digital de Asturias\",\"headline\":\"Podemos Asturias califica la gesti\\u00f3n de Vipasa como \\u00abmala o muy mala\\u00bb\",\"author\":{\"@id\":\"https:\\\/\\\/www.eldigitaldeasturias.com\\\/noticias\\\/author\\\/admin\\\/#author\"},\"publisher\":{\"@id\":\"https:\\\/\\\/www.eldigitaldeasturias.com\\\/noticias\\\/#organization\"},\"image\":{\"@type\":\"ImageObject\",\"url\":\"https:\\\/\\\/www.eldigitaldeasturias.com\\\/noticias\\\/wp-content\\\/uploads\\\/2016\\\/09\\\/fotonoticia_20160906110027_800.jpg\",\"width\":800,\"height\":401},\"datePublished\":\"2016-09-06T19:06:54+02:00\",\"dateModified\":\"2016-09-06T19:06:54+02:00\",\"inLanguage\":\"es-ES\",\"mainEntityOfPage\":{\"@id\":\"https:\\\/\\\/www.eldigitaldeasturias.com\\\/noticias\\\/podemos-asturias-califica-la-gestion-de-vipasa-como-mala-o-muy-mala\\\/#webpage\"},\"isPartOf\":{\"@id\":\"https:\\\/\\\/www.eldigitaldeasturias.com\\\/noticias\\\/podemos-asturias-califica-la-gestion-de-vipasa-como-mala-o-muy-mala\\\/#webpage\"},\"articleSection\":\"Actualidad Asturias\"},{\"@type\":\"BreadcrumbList\",\"@id\":\"https:\\\/\\\/www.eldigitaldeasturias.com\\\/noticias\\\/podemos-asturias-califica-la-gestion-de-vipasa-como-mala-o-muy-mala\\\/#breadcrumblist\",\"itemListElement\":[{\"@type\":\"ListItem\",\"@id\":\"https:\\\/\\\/www.eldigitaldeasturias.com\\\/noticias#listItem\",\"position\":1,\"name\":\"Home\",\"item\":\"https:\\\/\\\/www.eldigitaldeasturias.com\\\/noticias\",\"nextItem\":{\"@type\":\"ListItem\",\"@id\":\"https:\\\/\\\/www.eldigitaldeasturias.com\\\/noticias\\\/category\\\/actualidad-asturias\\\/#listItem\",\"name\":\"Actualidad Asturias\"}},{\"@type\":\"ListItem\",\"@id\":\"https:\\\/\\\/www.eldigitaldeasturias.com\\\/noticias\\\/category\\\/actualidad-asturias\\\/#listItem\",\"position\":2,\"name\":\"Actualidad Asturias\",\"item\":\"https:\\\/\\\/www.eldigitaldeasturias.com\\\/noticias\\\/category\\\/actualidad-asturias\\\/\",\"nextItem\":{\"@type\":\"ListItem\",\"@id\":\"https:\\\/\\\/www.eldigitaldeasturias.com\\\/noticias\\\/podemos-asturias-califica-la-gestion-de-vipasa-como-mala-o-muy-mala\\\/#listItem\",\"name\":\"Podemos Asturias califica la gesti\\u00f3n de Vipasa como \\u00abmala o muy mala\\u00bb\"},\"previousItem\":{\"@type\":\"ListItem\",\"@id\":\"https:\\\/\\\/www.eldigitaldeasturias.com\\\/noticias#listItem\",\"name\":\"Home\"}},{\"@type\":\"ListItem\",\"@id\":\"https:\\\/\\\/www.eldigitaldeasturias.com\\\/noticias\\\/podemos-asturias-califica-la-gestion-de-vipasa-como-mala-o-muy-mala\\\/#listItem\",\"position\":3,\"name\":\"Podemos Asturias califica la gesti\\u00f3n de Vipasa como \\u00abmala o muy mala\\u00bb\",\"previousItem\":{\"@type\":\"ListItem\",\"@id\":\"https:\\\/\\\/www.eldigitaldeasturias.com\\\/noticias\\\/category\\\/actualidad-asturias\\\/#listItem\",\"name\":\"Actualidad Asturias\"}}]},{\"@type\":\"Organization\",\"@id\":\"https:\\\/\\\/www.eldigitaldeasturias.com\\\/noticias\\\/#organization\",\"name\":\"El Digital de Asturias\",\"description\":\"Hemeroteca\",\"url\":\"https:\\\/\\\/www.eldigitaldeasturias.com\\\/noticias\\\/\",\"email\":\"info@eldigitaldeasturias.com\",\"telephone\":\"+34652131393\",\"logo\":{\"@type\":\"ImageObject\",\"url\":\"https:\\\/\\\/www.eldigitaldeasturias.com\\\/noticias\\\/wp-content\\\/uploads\\\/2020\\\/12\\\/EDA.jpg\",\"@id\":\"https:\\\/\\\/www.eldigitaldeasturias.com\\\/noticias\\\/podemos-asturias-califica-la-gestion-de-vipasa-como-mala-o-muy-mala\\\/#organizationLogo\",\"width\":649,\"height\":297},\"image\":{\"@id\":\"https:\\\/\\\/www.eldigitaldeasturias.com\\\/noticias\\\/podemos-asturias-califica-la-gestion-de-vipasa-como-mala-o-muy-mala\\\/#organizationLogo\"},\"sameAs\":[\"https:\\\/\\\/facebook.com\\\/eldigitaldeasturias\",\"https:\\\/\\\/www.youtube.com\\\/channel\\\/UCZP-2wLEB9Rv6erhFmqVnvg\"],\"address\":{\"@id\":\"https:\\\/\\\/www.eldigitaldeasturias.com\\\/noticias\\\/#postaladdress\",\"@type\":\"PostalAddress\",\"streetAddress\":\"san antonio 4,\",\"postalCode\":\"33430\",\"addressLocality\":\"Cand\\u00e1s\",\"addressRegion\":\"Asturias\",\"addressCountry\":\"ES\"}},{\"@type\":\"Person\",\"@id\":\"https:\\\/\\\/www.eldigitaldeasturias.com\\\/noticias\\\/author\\\/admin\\\/#author\",\"url\":\"https:\\\/\\\/www.eldigitaldeasturias.com\\\/noticias\\\/author\\\/admin\\\/\",\"name\":\"El Digital de Asturias\",\"image\":{\"@type\":\"ImageObject\",\"@id\":\"https:\\\/\\\/www.eldigitaldeasturias.com\\\/noticias\\\/podemos-asturias-califica-la-gestion-de-vipasa-como-mala-o-muy-mala\\\/#authorImage\",\"url\":\"https:\\\/\\\/www.eldigitaldeasturias.com\\\/noticias\\\/wp-content\\\/litespeed\\\/avatar\\\/18677e78aa0546b92d9dbf31ec7d7668.jpg?ver=1777290358\",\"width\":96,\"height\":96,\"caption\":\"El Digital de Asturias\"}},{\"@type\":\"WebPage\",\"@id\":\"https:\\\/\\\/www.eldigitaldeasturias.com\\\/noticias\\\/podemos-asturias-califica-la-gestion-de-vipasa-como-mala-o-muy-mala\\\/#webpage\",\"url\":\"https:\\\/\\\/www.eldigitaldeasturias.com\\\/noticias\\\/podemos-asturias-califica-la-gestion-de-vipasa-como-mala-o-muy-mala\\\/\",\"name\":\"Podemos Asturias califica la gesti\\u00f3n de Vipasa como \\u00abmala o muy mala\\u00bb - El Digital de Asturias\",\"description\":\"Podemos Asturias calificado este martes a la empresa p\\u00fablica Viviendas del Principado de Asturias S.A. (Vipasa) como el \\\"peor casero\\\" que un inquilino asturiano puede tener. La formaci\\u00f3n morada ha alertado sobre \\\"las numerosas quejas recibidas por la falta de mantenimiento y reparaci\\u00f3n\\\" que han recibido por parte de los usuarios de la compa\\u00f1\\u00eda que\",\"inLanguage\":\"es-ES\",\"isPartOf\":{\"@id\":\"https:\\\/\\\/www.eldigitaldeasturias.com\\\/noticias\\\/#website\"},\"breadcrumb\":{\"@id\":\"https:\\\/\\\/www.eldigitaldeasturias.com\\\/noticias\\\/podemos-asturias-califica-la-gestion-de-vipasa-como-mala-o-muy-mala\\\/#breadcrumblist\"},\"author\":{\"@id\":\"https:\\\/\\\/www.eldigitaldeasturias.com\\\/noticias\\\/author\\\/admin\\\/#author\"},\"creator\":{\"@id\":\"https:\\\/\\\/www.eldigitaldeasturias.com\\\/noticias\\\/author\\\/admin\\\/#author\"},\"image\":{\"@type\":\"ImageObject\",\"url\":\"https:\\\/\\\/www.eldigitaldeasturias.com\\\/noticias\\\/wp-content\\\/uploads\\\/2016\\\/09\\\/fotonoticia_20160906110027_800.jpg\",\"@id\":\"https:\\\/\\\/www.eldigitaldeasturias.com\\\/noticias\\\/podemos-asturias-califica-la-gestion-de-vipasa-como-mala-o-muy-mala\\\/#mainImage\",\"width\":800,\"height\":401},\"primaryImageOfPage\":{\"@id\":\"https:\\\/\\\/www.eldigitaldeasturias.com\\\/noticias\\\/podemos-asturias-califica-la-gestion-de-vipasa-como-mala-o-muy-mala\\\/#mainImage\"},\"datePublished\":\"2016-09-06T19:06:54+02:00\",\"dateModified\":\"2016-09-06T19:06:54+02:00\"},{\"@type\":\"WebSite\",\"@id\":\"https:\\\/\\\/www.eldigitaldeasturias.com\\\/noticias\\\/#website\",\"url\":\"https:\\\/\\\/www.eldigitaldeasturias.com\\\/noticias\\\/\",\"name\":\"El Digital de Asturias - Diario de actualidad y noticias\",\"alternateName\":\"El Digital de Asturias - Diario de actualidad y noticias\",\"description\":\"Hemeroteca\",\"inLanguage\":\"es-ES\",\"publisher\":{\"@id\":\"https:\\\/\\\/www.eldigitaldeasturias.com\\\/noticias\\\/#organization\"}}]}\n\t\t<\/script>\n\t\t<!-- All in One SEO Pro -->\r\n\t\t<title>Podemos Asturias califica la gesti\u00f3n de Vipasa como \u00abmala o muy mala\u00bb - El Digital de Asturias<\/title>\n\n","aioseo_head_json":{"title":"Podemos Asturias califica la gesti\u00f3n de Vipasa como \u00abmala o muy mala\u00bb - El Digital de Asturias","description":"Podemos Asturias calificado este martes a la empresa p\u00fablica Viviendas del Principado de Asturias S.A. (Vipasa) como el \"peor casero\" que un inquilino asturiano puede tener. La formaci\u00f3n morada ha alertado sobre \"las numerosas quejas recibidas por la falta de mantenimiento y reparaci\u00f3n\" que han recibido por parte de los usuarios de la compa\u00f1\u00eda que","canonical_url":"https:\/\/www.eldigitaldeasturias.com\/noticias\/podemos-asturias-califica-la-gestion-de-vipasa-como-mala-o-muy-mala\/","robots":"max-image-preview:large","keywords":"actualidad asturias","webmasterTools":{"google-site-verification":"UA-38556648-1","msvalidate.01":"7dfe9f3f1b24437ab69f4f2559babe99","miscellaneous":""},"schema":{"@context":"https:\/\/schema.org","@graph":[{"@type":"BlogPosting","@id":"https:\/\/www.eldigitaldeasturias.com\/noticias\/podemos-asturias-califica-la-gestion-de-vipasa-como-mala-o-muy-mala\/#blogposting","name":"Podemos Asturias califica la gesti\u00f3n de Vipasa como \u00abmala o muy mala\u00bb - El Digital de Asturias","headline":"Podemos Asturias califica la gesti\u00f3n de Vipasa como \u00abmala o muy mala\u00bb","author":{"@id":"https:\/\/www.eldigitaldeasturias.com\/noticias\/author\/admin\/#author"},"publisher":{"@id":"https:\/\/www.eldigitaldeasturias.com\/noticias\/#organization"},"image":{"@type":"ImageObject","url":"https:\/\/www.eldigitaldeasturias.com\/noticias\/wp-content\/uploads\/2016\/09\/fotonoticia_20160906110027_800.jpg","width":800,"height":401},"datePublished":"2016-09-06T19:06:54+02:00","dateModified":"2016-09-06T19:06:54+02:00","inLanguage":"es-ES","mainEntityOfPage":{"@id":"https:\/\/www.eldigitaldeasturias.com\/noticias\/podemos-asturias-califica-la-gestion-de-vipasa-como-mala-o-muy-mala\/#webpage"},"isPartOf":{"@id":"https:\/\/www.eldigitaldeasturias.com\/noticias\/podemos-asturias-califica-la-gestion-de-vipasa-como-mala-o-muy-mala\/#webpage"},"articleSection":"Actualidad Asturias"},{"@type":"BreadcrumbList","@id":"https:\/\/www.eldigitaldeasturias.com\/noticias\/podemos-asturias-califica-la-gestion-de-vipasa-como-mala-o-muy-mala\/#breadcrumblist","itemListElement":[{"@type":"ListItem","@id":"https:\/\/www.eldigitaldeasturias.com\/noticias#listItem","position":1,"name":"Home","item":"https:\/\/www.eldigitaldeasturias.com\/noticias","nextItem":{"@type":"ListItem","@id":"https:\/\/www.eldigitaldeasturias.com\/noticias\/category\/actualidad-asturias\/#listItem","name":"Actualidad Asturias"}},{"@type":"ListItem","@id":"https:\/\/www.eldigitaldeasturias.com\/noticias\/category\/actualidad-asturias\/#listItem","position":2,"name":"Actualidad Asturias","item":"https:\/\/www.eldigitaldeasturias.com\/noticias\/category\/actualidad-asturias\/","nextItem":{"@type":"ListItem","@id":"https:\/\/www.eldigitaldeasturias.com\/noticias\/podemos-asturias-califica-la-gestion-de-vipasa-como-mala-o-muy-mala\/#listItem","name":"Podemos Asturias califica la gesti\u00f3n de Vipasa como \u00abmala o muy mala\u00bb"},"previousItem":{"@type":"ListItem","@id":"https:\/\/www.eldigitaldeasturias.com\/noticias#listItem","name":"Home"}},{"@type":"ListItem","@id":"https:\/\/www.eldigitaldeasturias.com\/noticias\/podemos-asturias-califica-la-gestion-de-vipasa-como-mala-o-muy-mala\/#listItem","position":3,"name":"Podemos Asturias califica la gesti\u00f3n de Vipasa como \u00abmala o muy mala\u00bb","previousItem":{"@type":"ListItem","@id":"https:\/\/www.eldigitaldeasturias.com\/noticias\/category\/actualidad-asturias\/#listItem","name":"Actualidad Asturias"}}]},{"@type":"Organization","@id":"https:\/\/www.eldigitaldeasturias.com\/noticias\/#organization","name":"El Digital de Asturias","description":"Hemeroteca","url":"https:\/\/www.eldigitaldeasturias.com\/noticias\/","email":"info@eldigitaldeasturias.com","telephone":"+34652131393","logo":{"@type":"ImageObject","url":"https:\/\/www.eldigitaldeasturias.com\/noticias\/wp-content\/uploads\/2020\/12\/EDA.jpg","@id":"https:\/\/www.eldigitaldeasturias.com\/noticias\/podemos-asturias-califica-la-gestion-de-vipasa-como-mala-o-muy-mala\/#organizationLogo","width":649,"height":297},"image":{"@id":"https:\/\/www.eldigitaldeasturias.com\/noticias\/podemos-asturias-califica-la-gestion-de-vipasa-como-mala-o-muy-mala\/#organizationLogo"},"sameAs":["https:\/\/facebook.com\/eldigitaldeasturias","https:\/\/www.youtube.com\/channel\/UCZP-2wLEB9Rv6erhFmqVnvg"],"address":{"@id":"https:\/\/www.eldigitaldeasturias.com\/noticias\/#postaladdress","@type":"PostalAddress","streetAddress":"san antonio 4,","postalCode":"33430","addressLocality":"Cand\u00e1s","addressRegion":"Asturias","addressCountry":"ES"}},{"@type":"Person","@id":"https:\/\/www.eldigitaldeasturias.com\/noticias\/author\/admin\/#author","url":"https:\/\/www.eldigitaldeasturias.com\/noticias\/author\/admin\/","name":"El Digital de Asturias","image":{"@type":"ImageObject","@id":"https:\/\/www.eldigitaldeasturias.com\/noticias\/podemos-asturias-califica-la-gestion-de-vipasa-como-mala-o-muy-mala\/#authorImage","url":"https:\/\/www.eldigitaldeasturias.com\/noticias\/wp-content\/litespeed\/avatar\/18677e78aa0546b92d9dbf31ec7d7668.jpg?ver=1777290358","width":96,"height":96,"caption":"El Digital de Asturias"}},{"@type":"WebPage","@id":"https:\/\/www.eldigitaldeasturias.com\/noticias\/podemos-asturias-califica-la-gestion-de-vipasa-como-mala-o-muy-mala\/#webpage","url":"https:\/\/www.eldigitaldeasturias.com\/noticias\/podemos-asturias-califica-la-gestion-de-vipasa-como-mala-o-muy-mala\/","name":"Podemos Asturias califica la gesti\u00f3n de Vipasa como \u00abmala o muy mala\u00bb - El Digital de Asturias","description":"Podemos Asturias calificado este martes a la empresa p\u00fablica Viviendas del Principado de Asturias S.A. (Vipasa) como el \"peor casero\" que un inquilino asturiano puede tener. La formaci\u00f3n morada ha alertado sobre \"las numerosas quejas recibidas por la falta de mantenimiento y reparaci\u00f3n\" que han recibido por parte de los usuarios de la compa\u00f1\u00eda que","inLanguage":"es-ES","isPartOf":{"@id":"https:\/\/www.eldigitaldeasturias.com\/noticias\/#website"},"breadcrumb":{"@id":"https:\/\/www.eldigitaldeasturias.com\/noticias\/podemos-asturias-califica-la-gestion-de-vipasa-como-mala-o-muy-mala\/#breadcrumblist"},"author":{"@id":"https:\/\/www.eldigitaldeasturias.com\/noticias\/author\/admin\/#author"},"creator":{"@id":"https:\/\/www.eldigitaldeasturias.com\/noticias\/author\/admin\/#author"},"image":{"@type":"ImageObject","url":"https:\/\/www.eldigitaldeasturias.com\/noticias\/wp-content\/uploads\/2016\/09\/fotonoticia_20160906110027_800.jpg","@id":"https:\/\/www.eldigitaldeasturias.com\/noticias\/podemos-asturias-califica-la-gestion-de-vipasa-como-mala-o-muy-mala\/#mainImage","width":800,"height":401},"primaryImageOfPage":{"@id":"https:\/\/www.eldigitaldeasturias.com\/noticias\/podemos-asturias-califica-la-gestion-de-vipasa-como-mala-o-muy-mala\/#mainImage"},"datePublished":"2016-09-06T19:06:54+02:00","dateModified":"2016-09-06T19:06:54+02:00"},{"@type":"WebSite","@id":"https:\/\/www.eldigitaldeasturias.com\/noticias\/#website","url":"https:\/\/www.eldigitaldeasturias.com\/noticias\/","name":"El Digital de Asturias - Diario de actualidad y noticias","alternateName":"El Digital de Asturias - Diario de actualidad y noticias","description":"Hemeroteca","inLanguage":"es-ES","publisher":{"@id":"https:\/\/www.eldigitaldeasturias.com\/noticias\/#organization"}}]},"og:locale":"es_ES","og:site_name":"El Digital de Asturias","og:type":"article","og:title":"Podemos Asturias califica la gesti\u00f3n de Vipasa como \u00abmala o muy mala\u00bb - El Digital de Asturias","og:description":"Podemos Asturias calificado este martes a la empresa p\u00fablica Viviendas del Principado de Asturias S.A. (Vipasa) como el &quot;peor casero&quot; que un inquilino asturiano puede tener. La formaci\u00f3n morada ha alertado sobre &quot;las numerosas quejas recibidas por la falta de mantenimiento y reparaci\u00f3n&quot; que han recibido por parte de los usuarios de la compa\u00f1\u00eda que","og:url":"https:\/\/www.eldigitaldeasturias.com\/noticias\/podemos-asturias-califica-la-gestion-de-vipasa-como-mala-o-muy-mala\/","og:image":"https:\/\/www.eldigitaldeasturias.com\/noticias\/wp-content\/uploads\/2016\/09\/fotonoticia_20160906110027_800.jpg","og:image:secure_url":"https:\/\/www.eldigitaldeasturias.com\/noticias\/wp-content\/uploads\/2016\/09\/fotonoticia_20160906110027_800.jpg","og:image:width":800,"og:image:height":401,"article:tag":["actualidad asturias"],"article:published_time":"2016-09-06T18:06:54+00:00","article:modified_time":"2016-09-06T18:06:54+00:00","article:publisher":"https:\/\/facebook.com\/eldigitaldeasturias","twitter:card":"summary_large_image","twitter:title":"Podemos Asturias califica la gesti\u00f3n de Vipasa como \u00abmala o muy mala\u00bb - El Digital de Asturias","twitter:description":"Podemos Asturias calificado este martes a la empresa p\u00fablica Viviendas del Principado de Asturias S.A. (Vipasa) como el &quot;peor casero&quot; que un inquilino asturiano puede tener. La formaci\u00f3n morada ha alertado sobre &quot;las numerosas quejas recibidas por la falta de mantenimiento y reparaci\u00f3n&quot; que han recibido por parte de los usuarios de la compa\u00f1\u00eda que","twitter:image":"https:\/\/www.eldigitaldeasturias.com\/noticias\/wp-content\/uploads\/2016\/09\/fotonoticia_20160906110027_800.jpg","twitter:label1":"Escrito por","twitter:data1":"El Digital de Asturias","twitter:label2":"Tiempo de lectura estimado","twitter:data2":"2 minutos"},"aioseo_meta_data":{"post_id":"906114","title":null,"description":null,"keywords":null,"keyphrases":null,"primary_term":null,"canonical_url":null,"og_title":null,"og_description":null,"og_object_type":"default","og_image_type":"default","og_image_url":null,"og_image_width":null,"og_image_height":null,"og_image_custom_url":null,"og_image_custom_fields":null,"og_video":null,"og_custom_url":null,"og_article_section":null,"og_article_tags":null,"twitter_use_og":false,"twitter_card":"default","twitter_image_type":"default","twitter_image_url":null,"twitter_image_custom_url":null,"twitter_image_custom_fields":null,"twitter_title":null,"twitter_description":null,"schema":{"blockGraphs":[],"customGraphs":[],"default":{"data":{"Article":[],"Course":[],"Dataset":[],"FAQPage":[],"Movie":[],"Person":[],"Product":[],"ProductReview":[],"Car":[],"Recipe":[],"Service":[],"SoftwareApplication":[],"WebPage":[]},"graphName":"","isEnabled":true},"graphs":[],"defaultGraph":"","defaultPostTypeGraph":""},"schema_type":null,"schema_type_options":null,"pillar_content":false,"robots_default":true,"robots_noindex":false,"robots_noarchive":false,"robots_nosnippet":false,"robots_nofollow":false,"robots_noimageindex":false,"robots_noodp":false,"robots_notranslate":false,"robots_max_snippet":null,"robots_max_videopreview":null,"robots_max_imagepreview":"large","priority":null,"frequency":null,"local_seo":null,"seo_analyzer_scan_date":"2025-11-30 07:56:10","breadcrumb_settings":null,"limit_modified_date":false,"open_ai":null,"ai":null,"created":"2020-12-21 14:01:57","updated":"2025-11-30 07:56:10"},"aioseo_breadcrumb":"<div class=\"aioseo-breadcrumbs\"><span class=\"aioseo-breadcrumb\">\n\t<a href=\"https:\/\/www.eldigitaldeasturias.com\/noticias\" title=\"Home\">Home<\/a>\n<\/span><span class=\"aioseo-breadcrumb-separator\">\u2013<\/span><span class=\"aioseo-breadcrumb\">\n\t<a href=\"https:\/\/www.eldigitaldeasturias.com\/noticias\/category\/actualidad-asturias\/\" title=\"Actualidad Asturias\">Actualidad Asturias<\/a>\n<\/span><span class=\"aioseo-breadcrumb-separator\">\u2013<\/span><span class=\"aioseo-breadcrumb\">\n\t<a href=\"https:\/\/www.eldigitaldeasturias.com\/noticias\/podemos-asturias-califica-la-gestion-de-vipasa-como-mala-o-muy-mala\/\" title=\"Podemos Asturias califica la gesti\u00f3n de Vipasa como \u00abmala o muy mala\u00bb\">Podemos Asturias califica la gesti\u00f3n de Vipasa como \u00abmala o muy mala\u00bb<\/a>\n<\/span><\/div>","aioseo_breadcrumb_json":[{"label":"Home","link":"https:\/\/www.eldigitaldeasturias.com\/noticias"},{"label":"Actualidad Asturias","link":"https:\/\/www.eldigitaldeasturias.com\/noticias\/category\/actualidad-asturias\/"},{"label":"Podemos Asturias califica la gesti\u00f3n de Vipasa como \u00abmala o muy mala\u00bb","link":"https:\/\/www.eldigitaldeasturias.com\/noticias\/podemos-asturias-califica-la-gestion-de-vipasa-como-mala-o-muy-mala\/"}],"_links":{"self":[{"href":"https:\/\/www.eldigitaldeasturias.com\/noticias\/wp-json\/wp\/v2\/posts\/906114","targetHints":{"allow":["GET"]}}],"collection":[{"href":"https:\/\/www.eldigitaldeasturias.com\/noticias\/wp-json\/wp\/v2\/posts"}],"about":[{"href":"https:\/\/www.eldigitaldeasturias.com\/noticias\/wp-json\/wp\/v2\/types\/post"}],"author":[{"embeddable":true,"href":"https:\/\/www.eldigitaldeasturias.com\/noticias\/wp-json\/wp\/v2\/users\/1"}],"replies":[{"embeddable":true,"href":"https:\/\/www.eldigitaldeasturias.com\/noticias\/wp-json\/wp\/v2\/comments?post=906114"}],"version-history":[{"count":0,"href":"https:\/\/www.eldigitaldeasturias.com\/noticias\/wp-json\/wp\/v2\/posts\/906114\/revisions"}],"wp:featuredmedia":[{"embeddable":true,"href":"https:\/\/www.eldigitaldeasturias.com\/noticias\/wp-json\/wp\/v2\/media\/906115"}],"wp:attachment":[{"href":"https:\/\/www.eldigitaldeasturias.com\/noticias\/wp-json\/wp\/v2\/media?parent=906114"}],"wp:term":[{"taxonomy":"category","embeddable":true,"href":"https:\/\/www.eldigitaldeasturias.com\/noticias\/wp-json\/wp\/v2\/categories?post=906114"},{"taxonomy":"post_tag","embeddable":true,"href":"https:\/\/www.eldigitaldeasturias.com\/noticias\/wp-json\/wp\/v2\/tags?post=906114"}],"curies":[{"name":"wp","href":"https:\/\/api.w.org\/{rel}","templated":true}]}}