{"id":906105,"date":"2016-09-06T18:54:29","date_gmt":"2016-09-06T17:54:29","guid":{"rendered":"http:\/\/www.eldigitaldeasturias.com\/noticias\/?p=906105"},"modified":"2016-09-06T18:54:29","modified_gmt":"2016-09-06T17:54:29","slug":"la-decoracion-nordica-esta-de-moda","status":"publish","type":"post","link":"https:\/\/www.eldigitaldeasturias.com\/noticias\/la-decoracion-nordica-esta-de-moda\/","title":{"rendered":"La decoraci\u00f3n n\u00f3rdica est\u00e1 de moda"},"content":{"rendered":"<p><img loading=\"lazy\" decoding=\"async\" class=\"alignleft size-medium wp-image-906106\" src=\"https:\/\/www.eldigitaldeasturias.com\/noticias\/wp-content\/uploads\/2016\/09\/suelo-nordico-360x203.jpg\" alt=\"suelo-nordico\" width=\"360\" height=\"203\" srcset=\"https:\/\/www.eldigitaldeasturias.com\/noticias\/wp-content\/uploads\/2016\/09\/suelo-nordico-360x203.jpg 360w, https:\/\/www.eldigitaldeasturias.com\/noticias\/wp-content\/uploads\/2016\/09\/suelo-nordico-650x366.jpg 650w, https:\/\/www.eldigitaldeasturias.com\/noticias\/wp-content\/uploads\/2016\/09\/suelo-nordico.jpg 720w\" sizes=\"auto, (max-width: 360px) 100vw, 360px\" \/>\u00bfQuieres tener una casa t\u00edpicamente n\u00f3rdica? Pues entonces no deber\u00e1s descuidar ning\u00fan factor: colores, materiales, muebles, complementos, objetos decorativos\u2026 Para pon\u00e9rtelo m\u00e1s sencillo, en Decorablog dan un mont\u00f3n de consejos e ideas interesantes.<\/p>\n<p>Mucha gente cree que por apostar por el color blanco para paredes, techos y muebles, e incluir elementos de madera ya lo tienen todo hecho, pero lo cierto es que para conseguir que una vivienda transmita el esp\u00edritu n\u00f3rdico tambi\u00e9n es esencial acertar con el resto de elementos. Por eso, hoy queremos hablarte de los suelos m\u00e1s adecuados para este estilo.<\/p>\n<p>\u00bfTe gustar\u00eda acompa\u00f1arnos?<\/p>\n<p><strong>Madera natural<\/strong><\/p>\n<p>Como no pod\u00eda ser de otra manera, tenemos que comenzar hablando de los suelos de madera natural, que son los m\u00e1s t\u00edpicos del estilo n\u00f3rdico, ya que proporcionan la calidez necesaria en este tipo de ambientes. Y es que no hay que olvidar que este estilo proviene de los pa\u00edses escandinavos, en los que las temperaturas son bajas gran parte del a\u00f1o. Adem\u00e1s, la madera ayuda a contrarrestar la frialdad del blanco. En cuanto a los tipos de madera, podr\u00e1s optar por diferentes opciones. Por ejemplo, en los pa\u00edses n\u00f3rdicos es habitual encontrar suelos de madera sin tratar, ya sea en grandes lamas o en listones estrechos. Por supuesto, tambi\u00e9n es muy t\u00edpica la madera envejecida. Por otro lado, queremos comentar que no es necesario que apuestes por la madera natural, ya que hoy en d\u00eda es posible encontrar en el mercado pavimentos sint\u00e9ticos que ofrecen un resultado espectacular.<\/p>\n<p><strong>Colores de la madera<\/strong><\/p>\n<p>Independientemente de que escojas suelos de madera natural o sint\u00e9tica, deber\u00e1s elegir el color a conciencia. As\u00ed, debes saber que los suelos de madera te\u00f1idos de blanco son bastante comunes en los pa\u00edses del norte de Europa. Lo que conseguir\u00e1s con este tipo de suelos es potenciar la luminosidad y ampliar el espacio visualmente. Adem\u00e1s, tambi\u00e9n es buena idea apostar por los colores gris\u00e1ceos. Si te decantas por el color natural de la madera, debes saber que los m\u00e1s adecuados son los tonos claros, aunque tambi\u00e9n puedes escoger alguna madera algo m\u00e1s oscura.<\/p>\n<p><strong>Baldosas hidr\u00e1ulicas<\/strong><\/p>\n<p>Aunque lo m\u00e1s normal es apostar por los suelos de madera, tambi\u00e9n puedes apostar por uno de los pavimentos del momento. Nos estamos refiriendo a las baldosas hidr\u00e1ulicas, que se est\u00e1n poniendo de moda en hogares de estilo r\u00fastico, vintage, n\u00f3rdico\u2026 Eso s\u00ed, como se trata de un pavimento con mucha personalidad, lo ideal es no utilizarlo en exceso, sino solo en algunas zonas. Por ejemplo, puede ser una buena idea utilizarlo en estancias como la cocina o el ba\u00f1o. Adem\u00e1s, puede ser ideal para resaltar algunas zonas de la vivienda. De hecho, quedan fenomenalmente bien combinados con la madera.<\/p>\n<p><strong>Alfombras<\/strong><\/p>\n<p>Por \u00faltimo, queremos comentar que, independientemente del pavimento por el que te decantes, hay un elemento que no podr\u00e1 faltar en los suelos de tu hogar si quieres que transmita un aut\u00e9ntico esp\u00edritu n\u00f3rdico. Nos estamos refiriendo a las alfombras, que juegan un papel fundamental, ya que proporcionan calidez y color. Eso s\u00ed, aunque en los ambientes escandinavos son muy t\u00edpicos los modelos con prints geom\u00e9tricos, si finalmente te decantas por las baldosas hidr\u00e1ulicas es mejor que apuestes por modelos lisos. En cuanto a tejidos, debes tener en cuenta que se llevan las de lana y las de pelo largo, si bien es cierto que este tipo de alfombras solo son adecuadas para el invierno.<\/p>\n<p><em>El contenido de este comunicado fue publicado primero en la web de Decorablog<\/em><\/p>\n<p>FUENTE COMUNICAE<\/p>\n","protected":false},"excerpt":{"rendered":"<p>\u00bfQuieres tener una casa t\u00edpicamente n\u00f3rdica? Pues entonces no deber\u00e1s descuidar ning\u00fan factor: colores, materiales, muebles, complementos, objetos decorativos\u2026 Para pon\u00e9rtelo m\u00e1s sencillo, en Decorablog dan un mont\u00f3n de consejos e ideas interesantes. Mucha gente cree que por apostar por el color blanco para paredes, techos y muebles, e incluir elementos de madera ya lo [&hellip;]<\/p>\n","protected":false},"author":1,"featured_media":906106,"comment_status":"closed","ping_status":"closed","sticky":false,"template":"","format":"standard","meta":{"footnotes":""},"categories":[50],"tags":[],"class_list":["post-906105","post","type-post","status-publish","format-standard","has-post-thumbnail","hentry","category-revista-de-ocio"],"aioseo_notices":[],"aioseo_head":"\n\t\t<!-- All in One SEO Pro 4.9.6.2 - aioseo.com -->\n\t<meta name=\"description\" content=\"\u00bfQuieres tener una casa t\u00edpicamente n\u00f3rdica? Pues entonces no deber\u00e1s descuidar ning\u00fan factor: colores, materiales, muebles, complementos, objetos decorativos\u2026 Para pon\u00e9rtelo m\u00e1s sencillo, en Decorablog dan un mont\u00f3n de consejos e ideas interesantes. Mucha gente cree que por apostar por el color blanco para paredes, techos y muebles, e incluir elementos de madera ya lo\" \/>\n\t<meta name=\"robots\" content=\"max-image-preview:large\" \/>\n\t<meta name=\"author\" content=\"El Digital de Asturias\"\/>\n\t<meta name=\"google-site-verification\" content=\"UA-38556648-1\" \/>\n\t<meta name=\"msvalidate.01\" content=\"7dfe9f3f1b24437ab69f4f2559babe99\" \/>\n\t<meta name=\"keywords\" content=\"revista de ocio\" \/>\n\t<link rel=\"canonical\" href=\"https:\/\/www.eldigitaldeasturias.com\/noticias\/la-decoracion-nordica-esta-de-moda\/\" \/>\n\t<meta name=\"generator\" content=\"All in One SEO Pro (AIOSEO) 4.9.6.2\" \/>\n\t\t<meta property=\"og:locale\" content=\"es_ES\" \/>\n\t\t<meta property=\"og:site_name\" content=\"El Digital de Asturias\" \/>\n\t\t<meta property=\"og:type\" content=\"article\" \/>\n\t\t<meta property=\"og:title\" content=\"La decoraci\u00f3n n\u00f3rdica est\u00e1 de moda - El Digital de Asturias\" \/>\n\t\t<meta property=\"og:description\" content=\"\u00bfQuieres tener una casa t\u00edpicamente n\u00f3rdica? Pues entonces no deber\u00e1s descuidar ning\u00fan factor: colores, materiales, muebles, complementos, objetos decorativos\u2026 Para pon\u00e9rtelo m\u00e1s sencillo, en Decorablog dan un mont\u00f3n de consejos e ideas interesantes. Mucha gente cree que por apostar por el color blanco para paredes, techos y muebles, e incluir elementos de madera ya lo\" \/>\n\t\t<meta property=\"og:url\" content=\"https:\/\/www.eldigitaldeasturias.com\/noticias\/la-decoracion-nordica-esta-de-moda\/\" \/>\n\t\t<meta property=\"og:image\" content=\"https:\/\/www.eldigitaldeasturias.com\/noticias\/wp-content\/uploads\/2016\/09\/suelo-nordico.jpg\" \/>\n\t\t<meta property=\"og:image:secure_url\" content=\"https:\/\/www.eldigitaldeasturias.com\/noticias\/wp-content\/uploads\/2016\/09\/suelo-nordico.jpg\" \/>\n\t\t<meta property=\"og:image:width\" content=\"720\" \/>\n\t\t<meta property=\"og:image:height\" content=\"405\" \/>\n\t\t<meta property=\"article:tag\" content=\"revista de ocio\" \/>\n\t\t<meta property=\"article:published_time\" content=\"2016-09-06T17:54:29+00:00\" \/>\n\t\t<meta property=\"article:modified_time\" content=\"2016-09-06T17:54:29+00:00\" \/>\n\t\t<meta property=\"article:publisher\" content=\"https:\/\/facebook.com\/eldigitaldeasturias\" \/>\n\t\t<meta name=\"twitter:card\" content=\"summary_large_image\" \/>\n\t\t<meta name=\"twitter:title\" content=\"La decoraci\u00f3n n\u00f3rdica est\u00e1 de moda - El Digital de Asturias\" \/>\n\t\t<meta name=\"twitter:description\" content=\"\u00bfQuieres tener una casa t\u00edpicamente n\u00f3rdica? Pues entonces no deber\u00e1s descuidar ning\u00fan factor: colores, materiales, muebles, complementos, objetos decorativos\u2026 Para pon\u00e9rtelo m\u00e1s sencillo, en Decorablog dan un mont\u00f3n de consejos e ideas interesantes. Mucha gente cree que por apostar por el color blanco para paredes, techos y muebles, e incluir elementos de madera ya lo\" \/>\n\t\t<meta name=\"twitter:image\" content=\"https:\/\/www.eldigitaldeasturias.com\/noticias\/wp-content\/uploads\/2016\/09\/suelo-nordico.jpg\" \/>\n\t\t<meta name=\"twitter:label1\" content=\"Escrito por\" \/>\n\t\t<meta name=\"twitter:data1\" content=\"El Digital de Asturias\" \/>\n\t\t<meta name=\"twitter:label2\" content=\"Tiempo de lectura estimado\" \/>\n\t\t<meta name=\"twitter:data2\" content=\"3 minutos\" \/>\n\t\t<script type=\"application\/ld+json\" class=\"aioseo-schema\">\n\t\t\t{\"@context\":\"https:\\\/\\\/schema.org\",\"@graph\":[{\"@type\":\"BlogPosting\",\"@id\":\"https:\\\/\\\/www.eldigitaldeasturias.com\\\/noticias\\\/la-decoracion-nordica-esta-de-moda\\\/#blogposting\",\"name\":\"La decoraci\\u00f3n n\\u00f3rdica est\\u00e1 de moda - El Digital de Asturias\",\"headline\":\"La decoraci\\u00f3n n\\u00f3rdica est\\u00e1 de moda\",\"author\":{\"@id\":\"https:\\\/\\\/www.eldigitaldeasturias.com\\\/noticias\\\/author\\\/admin\\\/#author\"},\"publisher\":{\"@id\":\"https:\\\/\\\/www.eldigitaldeasturias.com\\\/noticias\\\/#organization\"},\"image\":{\"@type\":\"ImageObject\",\"url\":\"https:\\\/\\\/www.eldigitaldeasturias.com\\\/noticias\\\/wp-content\\\/uploads\\\/2016\\\/09\\\/suelo-nordico.jpg\",\"width\":720,\"height\":405},\"datePublished\":\"2016-09-06T18:54:29+02:00\",\"dateModified\":\"2016-09-06T18:54:29+02:00\",\"inLanguage\":\"es-ES\",\"mainEntityOfPage\":{\"@id\":\"https:\\\/\\\/www.eldigitaldeasturias.com\\\/noticias\\\/la-decoracion-nordica-esta-de-moda\\\/#webpage\"},\"isPartOf\":{\"@id\":\"https:\\\/\\\/www.eldigitaldeasturias.com\\\/noticias\\\/la-decoracion-nordica-esta-de-moda\\\/#webpage\"},\"articleSection\":\"Revista de Ocio\"},{\"@type\":\"BreadcrumbList\",\"@id\":\"https:\\\/\\\/www.eldigitaldeasturias.com\\\/noticias\\\/la-decoracion-nordica-esta-de-moda\\\/#breadcrumblist\",\"itemListElement\":[{\"@type\":\"ListItem\",\"@id\":\"https:\\\/\\\/www.eldigitaldeasturias.com\\\/noticias#listItem\",\"position\":1,\"name\":\"Home\",\"item\":\"https:\\\/\\\/www.eldigitaldeasturias.com\\\/noticias\",\"nextItem\":{\"@type\":\"ListItem\",\"@id\":\"https:\\\/\\\/www.eldigitaldeasturias.com\\\/noticias\\\/category\\\/revista-de-ocio\\\/#listItem\",\"name\":\"Revista de Ocio\"}},{\"@type\":\"ListItem\",\"@id\":\"https:\\\/\\\/www.eldigitaldeasturias.com\\\/noticias\\\/category\\\/revista-de-ocio\\\/#listItem\",\"position\":2,\"name\":\"Revista de Ocio\",\"item\":\"https:\\\/\\\/www.eldigitaldeasturias.com\\\/noticias\\\/category\\\/revista-de-ocio\\\/\",\"nextItem\":{\"@type\":\"ListItem\",\"@id\":\"https:\\\/\\\/www.eldigitaldeasturias.com\\\/noticias\\\/la-decoracion-nordica-esta-de-moda\\\/#listItem\",\"name\":\"La decoraci\\u00f3n n\\u00f3rdica est\\u00e1 de moda\"},\"previousItem\":{\"@type\":\"ListItem\",\"@id\":\"https:\\\/\\\/www.eldigitaldeasturias.com\\\/noticias#listItem\",\"name\":\"Home\"}},{\"@type\":\"ListItem\",\"@id\":\"https:\\\/\\\/www.eldigitaldeasturias.com\\\/noticias\\\/la-decoracion-nordica-esta-de-moda\\\/#listItem\",\"position\":3,\"name\":\"La decoraci\\u00f3n n\\u00f3rdica est\\u00e1 de moda\",\"previousItem\":{\"@type\":\"ListItem\",\"@id\":\"https:\\\/\\\/www.eldigitaldeasturias.com\\\/noticias\\\/category\\\/revista-de-ocio\\\/#listItem\",\"name\":\"Revista de Ocio\"}}]},{\"@type\":\"Organization\",\"@id\":\"https:\\\/\\\/www.eldigitaldeasturias.com\\\/noticias\\\/#organization\",\"name\":\"El Digital de Asturias\",\"description\":\"Hemeroteca\",\"url\":\"https:\\\/\\\/www.eldigitaldeasturias.com\\\/noticias\\\/\",\"email\":\"info@eldigitaldeasturias.com\",\"telephone\":\"+34652131393\",\"logo\":{\"@type\":\"ImageObject\",\"url\":\"https:\\\/\\\/www.eldigitaldeasturias.com\\\/noticias\\\/wp-content\\\/uploads\\\/2020\\\/12\\\/EDA.jpg\",\"@id\":\"https:\\\/\\\/www.eldigitaldeasturias.com\\\/noticias\\\/la-decoracion-nordica-esta-de-moda\\\/#organizationLogo\",\"width\":649,\"height\":297},\"image\":{\"@id\":\"https:\\\/\\\/www.eldigitaldeasturias.com\\\/noticias\\\/la-decoracion-nordica-esta-de-moda\\\/#organizationLogo\"},\"sameAs\":[\"https:\\\/\\\/facebook.com\\\/eldigitaldeasturias\",\"https:\\\/\\\/www.youtube.com\\\/channel\\\/UCZP-2wLEB9Rv6erhFmqVnvg\"],\"address\":{\"@id\":\"https:\\\/\\\/www.eldigitaldeasturias.com\\\/noticias\\\/#postaladdress\",\"@type\":\"PostalAddress\",\"streetAddress\":\"san antonio 4,\",\"postalCode\":\"33430\",\"addressLocality\":\"Cand\\u00e1s\",\"addressRegion\":\"Asturias\",\"addressCountry\":\"ES\"}},{\"@type\":\"Person\",\"@id\":\"https:\\\/\\\/www.eldigitaldeasturias.com\\\/noticias\\\/author\\\/admin\\\/#author\",\"url\":\"https:\\\/\\\/www.eldigitaldeasturias.com\\\/noticias\\\/author\\\/admin\\\/\",\"name\":\"El Digital de Asturias\",\"image\":{\"@type\":\"ImageObject\",\"@id\":\"https:\\\/\\\/www.eldigitaldeasturias.com\\\/noticias\\\/la-decoracion-nordica-esta-de-moda\\\/#authorImage\",\"url\":\"https:\\\/\\\/www.eldigitaldeasturias.com\\\/noticias\\\/wp-content\\\/litespeed\\\/avatar\\\/18677e78aa0546b92d9dbf31ec7d7668.jpg?ver=1777290358\",\"width\":96,\"height\":96,\"caption\":\"El Digital de Asturias\"}},{\"@type\":\"WebPage\",\"@id\":\"https:\\\/\\\/www.eldigitaldeasturias.com\\\/noticias\\\/la-decoracion-nordica-esta-de-moda\\\/#webpage\",\"url\":\"https:\\\/\\\/www.eldigitaldeasturias.com\\\/noticias\\\/la-decoracion-nordica-esta-de-moda\\\/\",\"name\":\"La decoraci\\u00f3n n\\u00f3rdica est\\u00e1 de moda - El Digital de Asturias\",\"description\":\"\\u00bfQuieres tener una casa t\\u00edpicamente n\\u00f3rdica? Pues entonces no deber\\u00e1s descuidar ning\\u00fan factor: colores, materiales, muebles, complementos, objetos decorativos\\u2026 Para pon\\u00e9rtelo m\\u00e1s sencillo, en Decorablog dan un mont\\u00f3n de consejos e ideas interesantes. Mucha gente cree que por apostar por el color blanco para paredes, techos y muebles, e incluir elementos de madera ya lo\",\"inLanguage\":\"es-ES\",\"isPartOf\":{\"@id\":\"https:\\\/\\\/www.eldigitaldeasturias.com\\\/noticias\\\/#website\"},\"breadcrumb\":{\"@id\":\"https:\\\/\\\/www.eldigitaldeasturias.com\\\/noticias\\\/la-decoracion-nordica-esta-de-moda\\\/#breadcrumblist\"},\"author\":{\"@id\":\"https:\\\/\\\/www.eldigitaldeasturias.com\\\/noticias\\\/author\\\/admin\\\/#author\"},\"creator\":{\"@id\":\"https:\\\/\\\/www.eldigitaldeasturias.com\\\/noticias\\\/author\\\/admin\\\/#author\"},\"image\":{\"@type\":\"ImageObject\",\"url\":\"https:\\\/\\\/www.eldigitaldeasturias.com\\\/noticias\\\/wp-content\\\/uploads\\\/2016\\\/09\\\/suelo-nordico.jpg\",\"@id\":\"https:\\\/\\\/www.eldigitaldeasturias.com\\\/noticias\\\/la-decoracion-nordica-esta-de-moda\\\/#mainImage\",\"width\":720,\"height\":405},\"primaryImageOfPage\":{\"@id\":\"https:\\\/\\\/www.eldigitaldeasturias.com\\\/noticias\\\/la-decoracion-nordica-esta-de-moda\\\/#mainImage\"},\"datePublished\":\"2016-09-06T18:54:29+02:00\",\"dateModified\":\"2016-09-06T18:54:29+02:00\"},{\"@type\":\"WebSite\",\"@id\":\"https:\\\/\\\/www.eldigitaldeasturias.com\\\/noticias\\\/#website\",\"url\":\"https:\\\/\\\/www.eldigitaldeasturias.com\\\/noticias\\\/\",\"name\":\"El Digital de Asturias - Diario de actualidad y noticias\",\"alternateName\":\"El Digital de Asturias - Diario de actualidad y noticias\",\"description\":\"Hemeroteca\",\"inLanguage\":\"es-ES\",\"publisher\":{\"@id\":\"https:\\\/\\\/www.eldigitaldeasturias.com\\\/noticias\\\/#organization\"}}]}\n\t\t<\/script>\n\t\t<!-- All in One SEO Pro -->\r\n\t\t<title>La decoraci\u00f3n n\u00f3rdica est\u00e1 de moda - El Digital de Asturias<\/title>\n\n","aioseo_head_json":{"title":"La decoraci\u00f3n n\u00f3rdica est\u00e1 de moda - El Digital de Asturias","description":"\u00bfQuieres tener una casa t\u00edpicamente n\u00f3rdica? Pues entonces no deber\u00e1s descuidar ning\u00fan factor: colores, materiales, muebles, complementos, objetos decorativos\u2026 Para pon\u00e9rtelo m\u00e1s sencillo, en Decorablog dan un mont\u00f3n de consejos e ideas interesantes. Mucha gente cree que por apostar por el color blanco para paredes, techos y muebles, e incluir elementos de madera ya lo","canonical_url":"https:\/\/www.eldigitaldeasturias.com\/noticias\/la-decoracion-nordica-esta-de-moda\/","robots":"max-image-preview:large","keywords":"revista de ocio","webmasterTools":{"google-site-verification":"UA-38556648-1","msvalidate.01":"7dfe9f3f1b24437ab69f4f2559babe99","miscellaneous":""},"schema":{"@context":"https:\/\/schema.org","@graph":[{"@type":"BlogPosting","@id":"https:\/\/www.eldigitaldeasturias.com\/noticias\/la-decoracion-nordica-esta-de-moda\/#blogposting","name":"La decoraci\u00f3n n\u00f3rdica est\u00e1 de moda - El Digital de Asturias","headline":"La decoraci\u00f3n n\u00f3rdica est\u00e1 de moda","author":{"@id":"https:\/\/www.eldigitaldeasturias.com\/noticias\/author\/admin\/#author"},"publisher":{"@id":"https:\/\/www.eldigitaldeasturias.com\/noticias\/#organization"},"image":{"@type":"ImageObject","url":"https:\/\/www.eldigitaldeasturias.com\/noticias\/wp-content\/uploads\/2016\/09\/suelo-nordico.jpg","width":720,"height":405},"datePublished":"2016-09-06T18:54:29+02:00","dateModified":"2016-09-06T18:54:29+02:00","inLanguage":"es-ES","mainEntityOfPage":{"@id":"https:\/\/www.eldigitaldeasturias.com\/noticias\/la-decoracion-nordica-esta-de-moda\/#webpage"},"isPartOf":{"@id":"https:\/\/www.eldigitaldeasturias.com\/noticias\/la-decoracion-nordica-esta-de-moda\/#webpage"},"articleSection":"Revista de Ocio"},{"@type":"BreadcrumbList","@id":"https:\/\/www.eldigitaldeasturias.com\/noticias\/la-decoracion-nordica-esta-de-moda\/#breadcrumblist","itemListElement":[{"@type":"ListItem","@id":"https:\/\/www.eldigitaldeasturias.com\/noticias#listItem","position":1,"name":"Home","item":"https:\/\/www.eldigitaldeasturias.com\/noticias","nextItem":{"@type":"ListItem","@id":"https:\/\/www.eldigitaldeasturias.com\/noticias\/category\/revista-de-ocio\/#listItem","name":"Revista de Ocio"}},{"@type":"ListItem","@id":"https:\/\/www.eldigitaldeasturias.com\/noticias\/category\/revista-de-ocio\/#listItem","position":2,"name":"Revista de Ocio","item":"https:\/\/www.eldigitaldeasturias.com\/noticias\/category\/revista-de-ocio\/","nextItem":{"@type":"ListItem","@id":"https:\/\/www.eldigitaldeasturias.com\/noticias\/la-decoracion-nordica-esta-de-moda\/#listItem","name":"La decoraci\u00f3n n\u00f3rdica est\u00e1 de moda"},"previousItem":{"@type":"ListItem","@id":"https:\/\/www.eldigitaldeasturias.com\/noticias#listItem","name":"Home"}},{"@type":"ListItem","@id":"https:\/\/www.eldigitaldeasturias.com\/noticias\/la-decoracion-nordica-esta-de-moda\/#listItem","position":3,"name":"La decoraci\u00f3n n\u00f3rdica est\u00e1 de moda","previousItem":{"@type":"ListItem","@id":"https:\/\/www.eldigitaldeasturias.com\/noticias\/category\/revista-de-ocio\/#listItem","name":"Revista de Ocio"}}]},{"@type":"Organization","@id":"https:\/\/www.eldigitaldeasturias.com\/noticias\/#organization","name":"El Digital de Asturias","description":"Hemeroteca","url":"https:\/\/www.eldigitaldeasturias.com\/noticias\/","email":"info@eldigitaldeasturias.com","telephone":"+34652131393","logo":{"@type":"ImageObject","url":"https:\/\/www.eldigitaldeasturias.com\/noticias\/wp-content\/uploads\/2020\/12\/EDA.jpg","@id":"https:\/\/www.eldigitaldeasturias.com\/noticias\/la-decoracion-nordica-esta-de-moda\/#organizationLogo","width":649,"height":297},"image":{"@id":"https:\/\/www.eldigitaldeasturias.com\/noticias\/la-decoracion-nordica-esta-de-moda\/#organizationLogo"},"sameAs":["https:\/\/facebook.com\/eldigitaldeasturias","https:\/\/www.youtube.com\/channel\/UCZP-2wLEB9Rv6erhFmqVnvg"],"address":{"@id":"https:\/\/www.eldigitaldeasturias.com\/noticias\/#postaladdress","@type":"PostalAddress","streetAddress":"san antonio 4,","postalCode":"33430","addressLocality":"Cand\u00e1s","addressRegion":"Asturias","addressCountry":"ES"}},{"@type":"Person","@id":"https:\/\/www.eldigitaldeasturias.com\/noticias\/author\/admin\/#author","url":"https:\/\/www.eldigitaldeasturias.com\/noticias\/author\/admin\/","name":"El Digital de Asturias","image":{"@type":"ImageObject","@id":"https:\/\/www.eldigitaldeasturias.com\/noticias\/la-decoracion-nordica-esta-de-moda\/#authorImage","url":"https:\/\/www.eldigitaldeasturias.com\/noticias\/wp-content\/litespeed\/avatar\/18677e78aa0546b92d9dbf31ec7d7668.jpg?ver=1777290358","width":96,"height":96,"caption":"El Digital de Asturias"}},{"@type":"WebPage","@id":"https:\/\/www.eldigitaldeasturias.com\/noticias\/la-decoracion-nordica-esta-de-moda\/#webpage","url":"https:\/\/www.eldigitaldeasturias.com\/noticias\/la-decoracion-nordica-esta-de-moda\/","name":"La decoraci\u00f3n n\u00f3rdica est\u00e1 de moda - El Digital de Asturias","description":"\u00bfQuieres tener una casa t\u00edpicamente n\u00f3rdica? Pues entonces no deber\u00e1s descuidar ning\u00fan factor: colores, materiales, muebles, complementos, objetos decorativos\u2026 Para pon\u00e9rtelo m\u00e1s sencillo, en Decorablog dan un mont\u00f3n de consejos e ideas interesantes. Mucha gente cree que por apostar por el color blanco para paredes, techos y muebles, e incluir elementos de madera ya lo","inLanguage":"es-ES","isPartOf":{"@id":"https:\/\/www.eldigitaldeasturias.com\/noticias\/#website"},"breadcrumb":{"@id":"https:\/\/www.eldigitaldeasturias.com\/noticias\/la-decoracion-nordica-esta-de-moda\/#breadcrumblist"},"author":{"@id":"https:\/\/www.eldigitaldeasturias.com\/noticias\/author\/admin\/#author"},"creator":{"@id":"https:\/\/www.eldigitaldeasturias.com\/noticias\/author\/admin\/#author"},"image":{"@type":"ImageObject","url":"https:\/\/www.eldigitaldeasturias.com\/noticias\/wp-content\/uploads\/2016\/09\/suelo-nordico.jpg","@id":"https:\/\/www.eldigitaldeasturias.com\/noticias\/la-decoracion-nordica-esta-de-moda\/#mainImage","width":720,"height":405},"primaryImageOfPage":{"@id":"https:\/\/www.eldigitaldeasturias.com\/noticias\/la-decoracion-nordica-esta-de-moda\/#mainImage"},"datePublished":"2016-09-06T18:54:29+02:00","dateModified":"2016-09-06T18:54:29+02:00"},{"@type":"WebSite","@id":"https:\/\/www.eldigitaldeasturias.com\/noticias\/#website","url":"https:\/\/www.eldigitaldeasturias.com\/noticias\/","name":"El Digital de Asturias - Diario de actualidad y noticias","alternateName":"El Digital de Asturias - Diario de actualidad y noticias","description":"Hemeroteca","inLanguage":"es-ES","publisher":{"@id":"https:\/\/www.eldigitaldeasturias.com\/noticias\/#organization"}}]},"og:locale":"es_ES","og:site_name":"El Digital de Asturias","og:type":"article","og:title":"La decoraci\u00f3n n\u00f3rdica est\u00e1 de moda - El Digital de Asturias","og:description":"\u00bfQuieres tener una casa t\u00edpicamente n\u00f3rdica? Pues entonces no deber\u00e1s descuidar ning\u00fan factor: colores, materiales, muebles, complementos, objetos decorativos\u2026 Para pon\u00e9rtelo m\u00e1s sencillo, en Decorablog dan un mont\u00f3n de consejos e ideas interesantes. Mucha gente cree que por apostar por el color blanco para paredes, techos y muebles, e incluir elementos de madera ya lo","og:url":"https:\/\/www.eldigitaldeasturias.com\/noticias\/la-decoracion-nordica-esta-de-moda\/","og:image":"https:\/\/www.eldigitaldeasturias.com\/noticias\/wp-content\/uploads\/2016\/09\/suelo-nordico.jpg","og:image:secure_url":"https:\/\/www.eldigitaldeasturias.com\/noticias\/wp-content\/uploads\/2016\/09\/suelo-nordico.jpg","og:image:width":720,"og:image:height":405,"article:tag":["revista de ocio"],"article:published_time":"2016-09-06T17:54:29+00:00","article:modified_time":"2016-09-06T17:54:29+00:00","article:publisher":"https:\/\/facebook.com\/eldigitaldeasturias","twitter:card":"summary_large_image","twitter:title":"La decoraci\u00f3n n\u00f3rdica est\u00e1 de moda - El Digital de Asturias","twitter:description":"\u00bfQuieres tener una casa t\u00edpicamente n\u00f3rdica? Pues entonces no deber\u00e1s descuidar ning\u00fan factor: colores, materiales, muebles, complementos, objetos decorativos\u2026 Para pon\u00e9rtelo m\u00e1s sencillo, en Decorablog dan un mont\u00f3n de consejos e ideas interesantes. Mucha gente cree que por apostar por el color blanco para paredes, techos y muebles, e incluir elementos de madera ya lo","twitter:image":"https:\/\/www.eldigitaldeasturias.com\/noticias\/wp-content\/uploads\/2016\/09\/suelo-nordico.jpg","twitter:label1":"Escrito por","twitter:data1":"El Digital de Asturias","twitter:label2":"Tiempo de lectura estimado","twitter:data2":"3 minutos"},"aioseo_meta_data":{"post_id":"906105","title":null,"description":null,"keywords":null,"keyphrases":null,"primary_term":null,"canonical_url":null,"og_title":null,"og_description":null,"og_object_type":"default","og_image_type":"default","og_image_url":null,"og_image_width":null,"og_image_height":null,"og_image_custom_url":null,"og_image_custom_fields":null,"og_video":null,"og_custom_url":null,"og_article_section":null,"og_article_tags":null,"twitter_use_og":false,"twitter_card":"default","twitter_image_type":"default","twitter_image_url":null,"twitter_image_custom_url":null,"twitter_image_custom_fields":null,"twitter_title":null,"twitter_description":null,"schema":{"blockGraphs":[],"customGraphs":[],"default":{"data":{"Article":[],"Course":[],"Dataset":[],"FAQPage":[],"Movie":[],"Person":[],"Product":[],"ProductReview":[],"Car":[],"Recipe":[],"Service":[],"SoftwareApplication":[],"WebPage":[]},"graphName":"","isEnabled":true},"graphs":[],"defaultGraph":"","defaultPostTypeGraph":""},"schema_type":null,"schema_type_options":null,"pillar_content":false,"robots_default":true,"robots_noindex":false,"robots_noarchive":false,"robots_nosnippet":false,"robots_nofollow":false,"robots_noimageindex":false,"robots_noodp":false,"robots_notranslate":false,"robots_max_snippet":null,"robots_max_videopreview":null,"robots_max_imagepreview":"large","priority":null,"frequency":null,"local_seo":null,"seo_analyzer_scan_date":"2025-11-30 07:54:14","breadcrumb_settings":null,"limit_modified_date":false,"open_ai":null,"ai":null,"created":"2020-12-21 14:01:57","updated":"2025-11-30 07:54:14"},"aioseo_breadcrumb":"<div class=\"aioseo-breadcrumbs\"><span class=\"aioseo-breadcrumb\">\n\t<a href=\"https:\/\/www.eldigitaldeasturias.com\/noticias\" title=\"Home\">Home<\/a>\n<\/span><span class=\"aioseo-breadcrumb-separator\">\u2013<\/span><span class=\"aioseo-breadcrumb\">\n\t<a href=\"https:\/\/www.eldigitaldeasturias.com\/noticias\/category\/revista-de-ocio\/\" title=\"Revista de Ocio\">Revista de Ocio<\/a>\n<\/span><span class=\"aioseo-breadcrumb-separator\">\u2013<\/span><span class=\"aioseo-breadcrumb\">\n\t<a href=\"https:\/\/www.eldigitaldeasturias.com\/noticias\/la-decoracion-nordica-esta-de-moda\/\" title=\"La decoraci\u00f3n n\u00f3rdica est\u00e1 de moda\">La decoraci\u00f3n n\u00f3rdica est\u00e1 de moda<\/a>\n<\/span><\/div>","aioseo_breadcrumb_json":[{"label":"Home","link":"https:\/\/www.eldigitaldeasturias.com\/noticias"},{"label":"Revista de Ocio","link":"https:\/\/www.eldigitaldeasturias.com\/noticias\/category\/revista-de-ocio\/"},{"label":"La decoraci\u00f3n n\u00f3rdica est\u00e1 de moda","link":"https:\/\/www.eldigitaldeasturias.com\/noticias\/la-decoracion-nordica-esta-de-moda\/"}],"_links":{"self":[{"href":"https:\/\/www.eldigitaldeasturias.com\/noticias\/wp-json\/wp\/v2\/posts\/906105","targetHints":{"allow":["GET"]}}],"collection":[{"href":"https:\/\/www.eldigitaldeasturias.com\/noticias\/wp-json\/wp\/v2\/posts"}],"about":[{"href":"https:\/\/www.eldigitaldeasturias.com\/noticias\/wp-json\/wp\/v2\/types\/post"}],"author":[{"embeddable":true,"href":"https:\/\/www.eldigitaldeasturias.com\/noticias\/wp-json\/wp\/v2\/users\/1"}],"replies":[{"embeddable":true,"href":"https:\/\/www.eldigitaldeasturias.com\/noticias\/wp-json\/wp\/v2\/comments?post=906105"}],"version-history":[{"count":0,"href":"https:\/\/www.eldigitaldeasturias.com\/noticias\/wp-json\/wp\/v2\/posts\/906105\/revisions"}],"wp:featuredmedia":[{"embeddable":true,"href":"https:\/\/www.eldigitaldeasturias.com\/noticias\/wp-json\/wp\/v2\/media\/906106"}],"wp:attachment":[{"href":"https:\/\/www.eldigitaldeasturias.com\/noticias\/wp-json\/wp\/v2\/media?parent=906105"}],"wp:term":[{"taxonomy":"category","embeddable":true,"href":"https:\/\/www.eldigitaldeasturias.com\/noticias\/wp-json\/wp\/v2\/categories?post=906105"},{"taxonomy":"post_tag","embeddable":true,"href":"https:\/\/www.eldigitaldeasturias.com\/noticias\/wp-json\/wp\/v2\/tags?post=906105"}],"curies":[{"name":"wp","href":"https:\/\/api.w.org\/{rel}","templated":true}]}}