{"id":906100,"date":"2016-09-06T18:48:01","date_gmt":"2016-09-06T17:48:01","guid":{"rendered":"http:\/\/www.eldigitaldeasturias.com\/noticias\/?p=906100"},"modified":"2016-09-06T18:48:01","modified_gmt":"2016-09-06T17:48:01","slug":"inauguracion-del-30o-encuentro-de-telecomunicaciones-y-economia-digital","status":"publish","type":"post","link":"https:\/\/www.eldigitaldeasturias.com\/noticias\/inauguracion-del-30o-encuentro-de-telecomunicaciones-y-economia-digital\/","title":{"rendered":"Inauguraci\u00f3n del 30\u00ba Encuentro de Telecomunicaciones y Econom\u00eda Digital"},"content":{"rendered":"<p><img loading=\"lazy\" decoding=\"async\" class=\"alignleft size-medium wp-image-886231\" src=\"https:\/\/www.eldigitaldeasturias.com\/noticias\/wp-content\/uploads\/2016\/05\/internet1-655x360-360x198.jpg\" alt=\"internet1-655x360\" width=\"360\" height=\"198\" srcset=\"https:\/\/www.eldigitaldeasturias.com\/noticias\/wp-content\/uploads\/2016\/05\/internet1-655x360-360x198.jpg 360w, https:\/\/www.eldigitaldeasturias.com\/noticias\/wp-content\/uploads\/2016\/05\/internet1-655x360-480x264.jpg 480w, https:\/\/www.eldigitaldeasturias.com\/noticias\/wp-content\/uploads\/2016\/05\/internet1-655x360-20x11.jpg 20w, https:\/\/www.eldigitaldeasturias.com\/noticias\/wp-content\/uploads\/2016\/05\/internet1-655x360.jpg 655w\" sizes=\"auto, (max-width: 360px) 100vw, 360px\" \/>El secretario de Estado de Telecomunicaciones y para la Sociedad de la Informaci\u00f3n (SETSI), V\u00edctor Calvo Sotelo, inaugur\u00f3 el 30\u00ba Encuentro de Telecomunicaciones y Econom\u00eda Digital, que se celebra en el marco de la Universidad Internacional Men\u00e9ndez Pelayo de Santander. El acto, organizado por la Asociaci\u00f3n de Empresas de Electr\u00f3nica, Tecnolog\u00edas de la Informaci\u00f3n, Telecomunicaciones y Contenidos Digitales (AMETIC) y la Fundaci\u00f3n Telef\u00f3nica, congrega en la capital c\u00e1ntabra a expertos del sector TIC bajo el lema \u00abConstruyendo una Espa\u00f1a Digital\u00bb.<\/p>\n<p>Calvo Sotelo comenz\u00f3 su intervenci\u00f3n destacando el intenso trabajo realizado durante estos a\u00f1os y destac\u00f3 que \u00abla transformaci\u00f3n digital de nuestro pa\u00eds avanza a buen ritmo\u00bb se\u00f1alando la cuarta posici\u00f3n que ocupa Espa\u00f1a seg\u00fan el DESI, un indicador utilizado por la Comisi\u00f3n Europea para medir la Digitalizaci\u00f3n de la Econom\u00eda y Sociedad de los estados miembros. Espa\u00f1a ha sido el cuarto pa\u00eds que m\u00e1s ha crecido en el \u00faltimo a\u00f1o. El representante del Gobierno de Espa\u00f1a centr\u00f3 su intervenci\u00f3n en las actuaciones realizadas durante la pasada legislatura en materia de conectividad, sociedad de la informaci\u00f3n y ciudades inteligentes.<\/p>\n<p><strong>Conectividad<\/strong><\/p>\n<p>El secretario de Estado destac\u00f3 el despliegue de diferentes iniciativas p\u00fablicas que han dado respaldo al esfuerzo inversor de los agentes privados y gracias al mismo Espa\u00f1a dispone hoy de la red de fibra \u00f3ptica m\u00e1s extensa de Europa con 22,5 millones de accesos instalados frente a los 15,3 millones de hace un a\u00f1o y 1,6 millones de 2012. El 13,8% de las conexiones a Internet en Espa\u00f1a son ya de m\u00e1s de 100 Mbps y la penetraci\u00f3n de banda ancha m\u00f3vil del 80%. Calvo Sotelo explic\u00f3 que \u00absobre la piedra angular de la conectividad, se est\u00e1n desarrollando diversos proyectos que est\u00e1n contribuyendo al desarrollo sostenible de nuestro pa\u00eds\u00bb.<\/p>\n<p><strong>Sociedad de la Informaci\u00f3n y Ciudades Inteligentes<\/strong><\/p>\n<p>El secretario de Estado aprovech\u00f3 su presencia en Santander para destacar los resultados obtenidos hasta la fecha dentro del Plan Nacional de Ciudades Inteligentes: 145 millones de euros de presupuesto, 25 proyectos nacionales en un sector que crece a un ritmo del 20% anual y que tiene a Espa\u00f1a como referente mundial seg\u00fan ha reconocido recientemente la Uni\u00f3n Internacional de Telecomunicaciones (UIT). El m\u00e1ximo responsable de la SETSI indic\u00f3 que \u00abeste a\u00f1o se ha dotado con 80 millones de euros de presupuesto a la ya tradicional l\u00ednea de ayudas para la I+D+i en el sector TIC, incluyendo la Industria Conectada 4.0 como una de sus prioridades tem\u00e1ticas\u00bb.<\/p>\n<p><strong>Desaf\u00edos nacionales y Mercado \u00danico Digital<\/strong><\/p>\n<p>Calvo Sotelo cerr\u00f3 la inauguraci\u00f3n de la edici\u00f3n n\u00famero 30 del Encuentro Telecomunicaciones con un repaso a los 5 desaf\u00edos nacionales: universalizaci\u00f3n de la cobertura de la banda ancha r\u00e1pida, la seguridad de las redes y de los servicios prestados sobre ellas, impulso a la adopci\u00f3n de las TIC, m\u00e1s formaci\u00f3n digital y facilitar el emprendimiento. Y como broche final una menci\u00f3n al Mercado \u00danico Digital, cuya creaci\u00f3n \u00abes s\u00f3lo el medio para reforzar el peso Europa en el mundo. Necesitamos que surja en nuestro continente un vibrante ecosistema basado en las nuevas tecnolog\u00edas que rivalice y compita con los dos grandes mercados a nuestro este y oeste y sit\u00fae a Europa y a nuestro pa\u00eds en el mapa mundial de lo digital\u00bb.<\/p>\n<p>El contenido de este comunicado fue publicado primero en la web de Red.es<\/p>\n<p>FUENTE COMUNICAE<\/p>\n<p>&nbsp;<\/p>\n","protected":false},"excerpt":{"rendered":"<p>El secretario de Estado de Telecomunicaciones y para la Sociedad de la Informaci\u00f3n (SETSI), V\u00edctor Calvo Sotelo, inaugur\u00f3 el 30\u00ba Encuentro de Telecomunicaciones y Econom\u00eda Digital, que se celebra en el marco de la Universidad Internacional Men\u00e9ndez Pelayo de Santander. El acto, organizado por la Asociaci\u00f3n de Empresas de Electr\u00f3nica, Tecnolog\u00edas de la Informaci\u00f3n, Telecomunicaciones [&hellip;]<\/p>\n","protected":false},"author":1,"featured_media":886231,"comment_status":"closed","ping_status":"closed","sticky":false,"template":"","format":"standard","meta":{"footnotes":""},"categories":[50],"tags":[],"class_list":["post-906100","post","type-post","status-publish","format-standard","has-post-thumbnail","hentry","category-revista-de-ocio"],"aioseo_notices":[],"aioseo_head":"\n\t\t<!-- All in One SEO Pro 4.9.6.2 - aioseo.com -->\n\t<meta name=\"description\" content=\"El secretario de Estado de Telecomunicaciones y para la Sociedad de la Informaci\u00f3n (SETSI), V\u00edctor Calvo Sotelo, inaugur\u00f3 el 30\u00ba Encuentro de Telecomunicaciones y Econom\u00eda Digital, que se celebra en el marco de la Universidad Internacional Men\u00e9ndez Pelayo de Santander. El acto, organizado por la Asociaci\u00f3n de Empresas de Electr\u00f3nica, Tecnolog\u00edas de la Informaci\u00f3n, Telecomunicaciones\" \/>\n\t<meta name=\"robots\" content=\"max-image-preview:large\" \/>\n\t<meta name=\"author\" content=\"El Digital de Asturias\"\/>\n\t<meta name=\"google-site-verification\" content=\"UA-38556648-1\" \/>\n\t<meta name=\"msvalidate.01\" content=\"7dfe9f3f1b24437ab69f4f2559babe99\" \/>\n\t<meta name=\"keywords\" content=\"revista de ocio\" \/>\n\t<link rel=\"canonical\" href=\"https:\/\/www.eldigitaldeasturias.com\/noticias\/inauguracion-del-30o-encuentro-de-telecomunicaciones-y-economia-digital\/\" \/>\n\t<meta name=\"generator\" content=\"All in One SEO Pro (AIOSEO) 4.9.6.2\" \/>\n\t\t<meta property=\"og:locale\" content=\"es_ES\" \/>\n\t\t<meta property=\"og:site_name\" content=\"El Digital de Asturias\" \/>\n\t\t<meta property=\"og:type\" content=\"article\" \/>\n\t\t<meta property=\"og:title\" content=\"Inauguraci\u00f3n del 30\u00ba Encuentro de Telecomunicaciones y Econom\u00eda Digital - El Digital de Asturias\" \/>\n\t\t<meta property=\"og:description\" content=\"El secretario de Estado de Telecomunicaciones y para la Sociedad de la Informaci\u00f3n (SETSI), V\u00edctor Calvo Sotelo, inaugur\u00f3 el 30\u00ba Encuentro de Telecomunicaciones y Econom\u00eda Digital, que se celebra en el marco de la Universidad Internacional Men\u00e9ndez Pelayo de Santander. El acto, organizado por la Asociaci\u00f3n de Empresas de Electr\u00f3nica, Tecnolog\u00edas de la Informaci\u00f3n, Telecomunicaciones\" \/>\n\t\t<meta property=\"og:url\" content=\"https:\/\/www.eldigitaldeasturias.com\/noticias\/inauguracion-del-30o-encuentro-de-telecomunicaciones-y-economia-digital\/\" \/>\n\t\t<meta property=\"og:image\" content=\"https:\/\/www.eldigitaldeasturias.com\/noticias\/wp-content\/uploads\/2016\/05\/internet1-655x360.jpg\" \/>\n\t\t<meta property=\"og:image:secure_url\" content=\"https:\/\/www.eldigitaldeasturias.com\/noticias\/wp-content\/uploads\/2016\/05\/internet1-655x360.jpg\" \/>\n\t\t<meta property=\"og:image:width\" content=\"655\" \/>\n\t\t<meta property=\"og:image:height\" content=\"360\" \/>\n\t\t<meta property=\"article:tag\" content=\"revista de ocio\" \/>\n\t\t<meta property=\"article:published_time\" content=\"2016-09-06T17:48:01+00:00\" \/>\n\t\t<meta property=\"article:modified_time\" content=\"2016-09-06T17:48:01+00:00\" \/>\n\t\t<meta property=\"article:publisher\" content=\"https:\/\/facebook.com\/eldigitaldeasturias\" \/>\n\t\t<meta name=\"twitter:card\" content=\"summary_large_image\" \/>\n\t\t<meta name=\"twitter:title\" content=\"Inauguraci\u00f3n del 30\u00ba Encuentro de Telecomunicaciones y Econom\u00eda Digital - El Digital de Asturias\" \/>\n\t\t<meta name=\"twitter:description\" content=\"El secretario de Estado de Telecomunicaciones y para la Sociedad de la Informaci\u00f3n (SETSI), V\u00edctor Calvo Sotelo, inaugur\u00f3 el 30\u00ba Encuentro de Telecomunicaciones y Econom\u00eda Digital, que se celebra en el marco de la Universidad Internacional Men\u00e9ndez Pelayo de Santander. El acto, organizado por la Asociaci\u00f3n de Empresas de Electr\u00f3nica, Tecnolog\u00edas de la Informaci\u00f3n, Telecomunicaciones\" \/>\n\t\t<meta name=\"twitter:image\" content=\"https:\/\/www.eldigitaldeasturias.com\/noticias\/wp-content\/uploads\/2016\/05\/internet1-655x360.jpg\" \/>\n\t\t<meta name=\"twitter:label1\" content=\"Escrito por\" \/>\n\t\t<meta name=\"twitter:data1\" content=\"El Digital de Asturias\" \/>\n\t\t<meta name=\"twitter:label2\" content=\"Tiempo de lectura estimado\" \/>\n\t\t<meta name=\"twitter:data2\" content=\"3 minutos\" \/>\n\t\t<script type=\"application\/ld+json\" class=\"aioseo-schema\">\n\t\t\t{\"@context\":\"https:\\\/\\\/schema.org\",\"@graph\":[{\"@type\":\"BlogPosting\",\"@id\":\"https:\\\/\\\/www.eldigitaldeasturias.com\\\/noticias\\\/inauguracion-del-30o-encuentro-de-telecomunicaciones-y-economia-digital\\\/#blogposting\",\"name\":\"Inauguraci\\u00f3n del 30\\u00ba Encuentro de Telecomunicaciones y Econom\\u00eda Digital - El Digital de Asturias\",\"headline\":\"Inauguraci\\u00f3n del 30\\u00ba Encuentro de Telecomunicaciones y Econom\\u00eda Digital\",\"author\":{\"@id\":\"https:\\\/\\\/www.eldigitaldeasturias.com\\\/noticias\\\/author\\\/admin\\\/#author\"},\"publisher\":{\"@id\":\"https:\\\/\\\/www.eldigitaldeasturias.com\\\/noticias\\\/#organization\"},\"image\":{\"@type\":\"ImageObject\",\"url\":\"https:\\\/\\\/www.eldigitaldeasturias.com\\\/noticias\\\/wp-content\\\/uploads\\\/2016\\\/05\\\/internet1-655x360.jpg\",\"width\":655,\"height\":360},\"datePublished\":\"2016-09-06T18:48:01+02:00\",\"dateModified\":\"2016-09-06T18:48:01+02:00\",\"inLanguage\":\"es-ES\",\"mainEntityOfPage\":{\"@id\":\"https:\\\/\\\/www.eldigitaldeasturias.com\\\/noticias\\\/inauguracion-del-30o-encuentro-de-telecomunicaciones-y-economia-digital\\\/#webpage\"},\"isPartOf\":{\"@id\":\"https:\\\/\\\/www.eldigitaldeasturias.com\\\/noticias\\\/inauguracion-del-30o-encuentro-de-telecomunicaciones-y-economia-digital\\\/#webpage\"},\"articleSection\":\"Revista de Ocio\"},{\"@type\":\"BreadcrumbList\",\"@id\":\"https:\\\/\\\/www.eldigitaldeasturias.com\\\/noticias\\\/inauguracion-del-30o-encuentro-de-telecomunicaciones-y-economia-digital\\\/#breadcrumblist\",\"itemListElement\":[{\"@type\":\"ListItem\",\"@id\":\"https:\\\/\\\/www.eldigitaldeasturias.com\\\/noticias#listItem\",\"position\":1,\"name\":\"Home\",\"item\":\"https:\\\/\\\/www.eldigitaldeasturias.com\\\/noticias\",\"nextItem\":{\"@type\":\"ListItem\",\"@id\":\"https:\\\/\\\/www.eldigitaldeasturias.com\\\/noticias\\\/category\\\/revista-de-ocio\\\/#listItem\",\"name\":\"Revista de Ocio\"}},{\"@type\":\"ListItem\",\"@id\":\"https:\\\/\\\/www.eldigitaldeasturias.com\\\/noticias\\\/category\\\/revista-de-ocio\\\/#listItem\",\"position\":2,\"name\":\"Revista de Ocio\",\"item\":\"https:\\\/\\\/www.eldigitaldeasturias.com\\\/noticias\\\/category\\\/revista-de-ocio\\\/\",\"nextItem\":{\"@type\":\"ListItem\",\"@id\":\"https:\\\/\\\/www.eldigitaldeasturias.com\\\/noticias\\\/inauguracion-del-30o-encuentro-de-telecomunicaciones-y-economia-digital\\\/#listItem\",\"name\":\"Inauguraci\\u00f3n del 30\\u00ba Encuentro de Telecomunicaciones y Econom\\u00eda Digital\"},\"previousItem\":{\"@type\":\"ListItem\",\"@id\":\"https:\\\/\\\/www.eldigitaldeasturias.com\\\/noticias#listItem\",\"name\":\"Home\"}},{\"@type\":\"ListItem\",\"@id\":\"https:\\\/\\\/www.eldigitaldeasturias.com\\\/noticias\\\/inauguracion-del-30o-encuentro-de-telecomunicaciones-y-economia-digital\\\/#listItem\",\"position\":3,\"name\":\"Inauguraci\\u00f3n del 30\\u00ba Encuentro de Telecomunicaciones y Econom\\u00eda Digital\",\"previousItem\":{\"@type\":\"ListItem\",\"@id\":\"https:\\\/\\\/www.eldigitaldeasturias.com\\\/noticias\\\/category\\\/revista-de-ocio\\\/#listItem\",\"name\":\"Revista de Ocio\"}}]},{\"@type\":\"Organization\",\"@id\":\"https:\\\/\\\/www.eldigitaldeasturias.com\\\/noticias\\\/#organization\",\"name\":\"El Digital de Asturias\",\"description\":\"Hemeroteca\",\"url\":\"https:\\\/\\\/www.eldigitaldeasturias.com\\\/noticias\\\/\",\"email\":\"info@eldigitaldeasturias.com\",\"telephone\":\"+34652131393\",\"logo\":{\"@type\":\"ImageObject\",\"url\":\"https:\\\/\\\/www.eldigitaldeasturias.com\\\/noticias\\\/wp-content\\\/uploads\\\/2020\\\/12\\\/EDA.jpg\",\"@id\":\"https:\\\/\\\/www.eldigitaldeasturias.com\\\/noticias\\\/inauguracion-del-30o-encuentro-de-telecomunicaciones-y-economia-digital\\\/#organizationLogo\",\"width\":649,\"height\":297},\"image\":{\"@id\":\"https:\\\/\\\/www.eldigitaldeasturias.com\\\/noticias\\\/inauguracion-del-30o-encuentro-de-telecomunicaciones-y-economia-digital\\\/#organizationLogo\"},\"sameAs\":[\"https:\\\/\\\/facebook.com\\\/eldigitaldeasturias\",\"https:\\\/\\\/www.youtube.com\\\/channel\\\/UCZP-2wLEB9Rv6erhFmqVnvg\"],\"address\":{\"@id\":\"https:\\\/\\\/www.eldigitaldeasturias.com\\\/noticias\\\/#postaladdress\",\"@type\":\"PostalAddress\",\"streetAddress\":\"san antonio 4,\",\"postalCode\":\"33430\",\"addressLocality\":\"Cand\\u00e1s\",\"addressRegion\":\"Asturias\",\"addressCountry\":\"ES\"}},{\"@type\":\"Person\",\"@id\":\"https:\\\/\\\/www.eldigitaldeasturias.com\\\/noticias\\\/author\\\/admin\\\/#author\",\"url\":\"https:\\\/\\\/www.eldigitaldeasturias.com\\\/noticias\\\/author\\\/admin\\\/\",\"name\":\"El Digital de Asturias\",\"image\":{\"@type\":\"ImageObject\",\"@id\":\"https:\\\/\\\/www.eldigitaldeasturias.com\\\/noticias\\\/inauguracion-del-30o-encuentro-de-telecomunicaciones-y-economia-digital\\\/#authorImage\",\"url\":\"https:\\\/\\\/www.eldigitaldeasturias.com\\\/noticias\\\/wp-content\\\/litespeed\\\/avatar\\\/18677e78aa0546b92d9dbf31ec7d7668.jpg?ver=1777290358\",\"width\":96,\"height\":96,\"caption\":\"El Digital de Asturias\"}},{\"@type\":\"WebPage\",\"@id\":\"https:\\\/\\\/www.eldigitaldeasturias.com\\\/noticias\\\/inauguracion-del-30o-encuentro-de-telecomunicaciones-y-economia-digital\\\/#webpage\",\"url\":\"https:\\\/\\\/www.eldigitaldeasturias.com\\\/noticias\\\/inauguracion-del-30o-encuentro-de-telecomunicaciones-y-economia-digital\\\/\",\"name\":\"Inauguraci\\u00f3n del 30\\u00ba Encuentro de Telecomunicaciones y Econom\\u00eda Digital - El Digital de Asturias\",\"description\":\"El secretario de Estado de Telecomunicaciones y para la Sociedad de la Informaci\\u00f3n (SETSI), V\\u00edctor Calvo Sotelo, inaugur\\u00f3 el 30\\u00ba Encuentro de Telecomunicaciones y Econom\\u00eda Digital, que se celebra en el marco de la Universidad Internacional Men\\u00e9ndez Pelayo de Santander. El acto, organizado por la Asociaci\\u00f3n de Empresas de Electr\\u00f3nica, Tecnolog\\u00edas de la Informaci\\u00f3n, Telecomunicaciones\",\"inLanguage\":\"es-ES\",\"isPartOf\":{\"@id\":\"https:\\\/\\\/www.eldigitaldeasturias.com\\\/noticias\\\/#website\"},\"breadcrumb\":{\"@id\":\"https:\\\/\\\/www.eldigitaldeasturias.com\\\/noticias\\\/inauguracion-del-30o-encuentro-de-telecomunicaciones-y-economia-digital\\\/#breadcrumblist\"},\"author\":{\"@id\":\"https:\\\/\\\/www.eldigitaldeasturias.com\\\/noticias\\\/author\\\/admin\\\/#author\"},\"creator\":{\"@id\":\"https:\\\/\\\/www.eldigitaldeasturias.com\\\/noticias\\\/author\\\/admin\\\/#author\"},\"image\":{\"@type\":\"ImageObject\",\"url\":\"https:\\\/\\\/www.eldigitaldeasturias.com\\\/noticias\\\/wp-content\\\/uploads\\\/2016\\\/05\\\/internet1-655x360.jpg\",\"@id\":\"https:\\\/\\\/www.eldigitaldeasturias.com\\\/noticias\\\/inauguracion-del-30o-encuentro-de-telecomunicaciones-y-economia-digital\\\/#mainImage\",\"width\":655,\"height\":360},\"primaryImageOfPage\":{\"@id\":\"https:\\\/\\\/www.eldigitaldeasturias.com\\\/noticias\\\/inauguracion-del-30o-encuentro-de-telecomunicaciones-y-economia-digital\\\/#mainImage\"},\"datePublished\":\"2016-09-06T18:48:01+02:00\",\"dateModified\":\"2016-09-06T18:48:01+02:00\"},{\"@type\":\"WebSite\",\"@id\":\"https:\\\/\\\/www.eldigitaldeasturias.com\\\/noticias\\\/#website\",\"url\":\"https:\\\/\\\/www.eldigitaldeasturias.com\\\/noticias\\\/\",\"name\":\"El Digital de Asturias - Diario de actualidad y noticias\",\"alternateName\":\"El Digital de Asturias - Diario de actualidad y noticias\",\"description\":\"Hemeroteca\",\"inLanguage\":\"es-ES\",\"publisher\":{\"@id\":\"https:\\\/\\\/www.eldigitaldeasturias.com\\\/noticias\\\/#organization\"}}]}\n\t\t<\/script>\n\t\t<!-- All in One SEO Pro -->\r\n\t\t<title>Inauguraci\u00f3n del 30\u00ba Encuentro de Telecomunicaciones y Econom\u00eda Digital - El Digital de Asturias<\/title>\n\n","aioseo_head_json":{"title":"Inauguraci\u00f3n del 30\u00ba Encuentro de Telecomunicaciones y Econom\u00eda Digital - El Digital de Asturias","description":"El secretario de Estado de Telecomunicaciones y para la Sociedad de la Informaci\u00f3n (SETSI), V\u00edctor Calvo Sotelo, inaugur\u00f3 el 30\u00ba Encuentro de Telecomunicaciones y Econom\u00eda Digital, que se celebra en el marco de la Universidad Internacional Men\u00e9ndez Pelayo de Santander. El acto, organizado por la Asociaci\u00f3n de Empresas de Electr\u00f3nica, Tecnolog\u00edas de la Informaci\u00f3n, Telecomunicaciones","canonical_url":"https:\/\/www.eldigitaldeasturias.com\/noticias\/inauguracion-del-30o-encuentro-de-telecomunicaciones-y-economia-digital\/","robots":"max-image-preview:large","keywords":"revista de ocio","webmasterTools":{"google-site-verification":"UA-38556648-1","msvalidate.01":"7dfe9f3f1b24437ab69f4f2559babe99","miscellaneous":""},"schema":{"@context":"https:\/\/schema.org","@graph":[{"@type":"BlogPosting","@id":"https:\/\/www.eldigitaldeasturias.com\/noticias\/inauguracion-del-30o-encuentro-de-telecomunicaciones-y-economia-digital\/#blogposting","name":"Inauguraci\u00f3n del 30\u00ba Encuentro de Telecomunicaciones y Econom\u00eda Digital - El Digital de Asturias","headline":"Inauguraci\u00f3n del 30\u00ba Encuentro de Telecomunicaciones y Econom\u00eda Digital","author":{"@id":"https:\/\/www.eldigitaldeasturias.com\/noticias\/author\/admin\/#author"},"publisher":{"@id":"https:\/\/www.eldigitaldeasturias.com\/noticias\/#organization"},"image":{"@type":"ImageObject","url":"https:\/\/www.eldigitaldeasturias.com\/noticias\/wp-content\/uploads\/2016\/05\/internet1-655x360.jpg","width":655,"height":360},"datePublished":"2016-09-06T18:48:01+02:00","dateModified":"2016-09-06T18:48:01+02:00","inLanguage":"es-ES","mainEntityOfPage":{"@id":"https:\/\/www.eldigitaldeasturias.com\/noticias\/inauguracion-del-30o-encuentro-de-telecomunicaciones-y-economia-digital\/#webpage"},"isPartOf":{"@id":"https:\/\/www.eldigitaldeasturias.com\/noticias\/inauguracion-del-30o-encuentro-de-telecomunicaciones-y-economia-digital\/#webpage"},"articleSection":"Revista de Ocio"},{"@type":"BreadcrumbList","@id":"https:\/\/www.eldigitaldeasturias.com\/noticias\/inauguracion-del-30o-encuentro-de-telecomunicaciones-y-economia-digital\/#breadcrumblist","itemListElement":[{"@type":"ListItem","@id":"https:\/\/www.eldigitaldeasturias.com\/noticias#listItem","position":1,"name":"Home","item":"https:\/\/www.eldigitaldeasturias.com\/noticias","nextItem":{"@type":"ListItem","@id":"https:\/\/www.eldigitaldeasturias.com\/noticias\/category\/revista-de-ocio\/#listItem","name":"Revista de Ocio"}},{"@type":"ListItem","@id":"https:\/\/www.eldigitaldeasturias.com\/noticias\/category\/revista-de-ocio\/#listItem","position":2,"name":"Revista de Ocio","item":"https:\/\/www.eldigitaldeasturias.com\/noticias\/category\/revista-de-ocio\/","nextItem":{"@type":"ListItem","@id":"https:\/\/www.eldigitaldeasturias.com\/noticias\/inauguracion-del-30o-encuentro-de-telecomunicaciones-y-economia-digital\/#listItem","name":"Inauguraci\u00f3n del 30\u00ba Encuentro de Telecomunicaciones y Econom\u00eda Digital"},"previousItem":{"@type":"ListItem","@id":"https:\/\/www.eldigitaldeasturias.com\/noticias#listItem","name":"Home"}},{"@type":"ListItem","@id":"https:\/\/www.eldigitaldeasturias.com\/noticias\/inauguracion-del-30o-encuentro-de-telecomunicaciones-y-economia-digital\/#listItem","position":3,"name":"Inauguraci\u00f3n del 30\u00ba Encuentro de Telecomunicaciones y Econom\u00eda Digital","previousItem":{"@type":"ListItem","@id":"https:\/\/www.eldigitaldeasturias.com\/noticias\/category\/revista-de-ocio\/#listItem","name":"Revista de Ocio"}}]},{"@type":"Organization","@id":"https:\/\/www.eldigitaldeasturias.com\/noticias\/#organization","name":"El Digital de Asturias","description":"Hemeroteca","url":"https:\/\/www.eldigitaldeasturias.com\/noticias\/","email":"info@eldigitaldeasturias.com","telephone":"+34652131393","logo":{"@type":"ImageObject","url":"https:\/\/www.eldigitaldeasturias.com\/noticias\/wp-content\/uploads\/2020\/12\/EDA.jpg","@id":"https:\/\/www.eldigitaldeasturias.com\/noticias\/inauguracion-del-30o-encuentro-de-telecomunicaciones-y-economia-digital\/#organizationLogo","width":649,"height":297},"image":{"@id":"https:\/\/www.eldigitaldeasturias.com\/noticias\/inauguracion-del-30o-encuentro-de-telecomunicaciones-y-economia-digital\/#organizationLogo"},"sameAs":["https:\/\/facebook.com\/eldigitaldeasturias","https:\/\/www.youtube.com\/channel\/UCZP-2wLEB9Rv6erhFmqVnvg"],"address":{"@id":"https:\/\/www.eldigitaldeasturias.com\/noticias\/#postaladdress","@type":"PostalAddress","streetAddress":"san antonio 4,","postalCode":"33430","addressLocality":"Cand\u00e1s","addressRegion":"Asturias","addressCountry":"ES"}},{"@type":"Person","@id":"https:\/\/www.eldigitaldeasturias.com\/noticias\/author\/admin\/#author","url":"https:\/\/www.eldigitaldeasturias.com\/noticias\/author\/admin\/","name":"El Digital de Asturias","image":{"@type":"ImageObject","@id":"https:\/\/www.eldigitaldeasturias.com\/noticias\/inauguracion-del-30o-encuentro-de-telecomunicaciones-y-economia-digital\/#authorImage","url":"https:\/\/www.eldigitaldeasturias.com\/noticias\/wp-content\/litespeed\/avatar\/18677e78aa0546b92d9dbf31ec7d7668.jpg?ver=1777290358","width":96,"height":96,"caption":"El Digital de Asturias"}},{"@type":"WebPage","@id":"https:\/\/www.eldigitaldeasturias.com\/noticias\/inauguracion-del-30o-encuentro-de-telecomunicaciones-y-economia-digital\/#webpage","url":"https:\/\/www.eldigitaldeasturias.com\/noticias\/inauguracion-del-30o-encuentro-de-telecomunicaciones-y-economia-digital\/","name":"Inauguraci\u00f3n del 30\u00ba Encuentro de Telecomunicaciones y Econom\u00eda Digital - El Digital de Asturias","description":"El secretario de Estado de Telecomunicaciones y para la Sociedad de la Informaci\u00f3n (SETSI), V\u00edctor Calvo Sotelo, inaugur\u00f3 el 30\u00ba Encuentro de Telecomunicaciones y Econom\u00eda Digital, que se celebra en el marco de la Universidad Internacional Men\u00e9ndez Pelayo de Santander. El acto, organizado por la Asociaci\u00f3n de Empresas de Electr\u00f3nica, Tecnolog\u00edas de la Informaci\u00f3n, Telecomunicaciones","inLanguage":"es-ES","isPartOf":{"@id":"https:\/\/www.eldigitaldeasturias.com\/noticias\/#website"},"breadcrumb":{"@id":"https:\/\/www.eldigitaldeasturias.com\/noticias\/inauguracion-del-30o-encuentro-de-telecomunicaciones-y-economia-digital\/#breadcrumblist"},"author":{"@id":"https:\/\/www.eldigitaldeasturias.com\/noticias\/author\/admin\/#author"},"creator":{"@id":"https:\/\/www.eldigitaldeasturias.com\/noticias\/author\/admin\/#author"},"image":{"@type":"ImageObject","url":"https:\/\/www.eldigitaldeasturias.com\/noticias\/wp-content\/uploads\/2016\/05\/internet1-655x360.jpg","@id":"https:\/\/www.eldigitaldeasturias.com\/noticias\/inauguracion-del-30o-encuentro-de-telecomunicaciones-y-economia-digital\/#mainImage","width":655,"height":360},"primaryImageOfPage":{"@id":"https:\/\/www.eldigitaldeasturias.com\/noticias\/inauguracion-del-30o-encuentro-de-telecomunicaciones-y-economia-digital\/#mainImage"},"datePublished":"2016-09-06T18:48:01+02:00","dateModified":"2016-09-06T18:48:01+02:00"},{"@type":"WebSite","@id":"https:\/\/www.eldigitaldeasturias.com\/noticias\/#website","url":"https:\/\/www.eldigitaldeasturias.com\/noticias\/","name":"El Digital de Asturias - Diario de actualidad y noticias","alternateName":"El Digital de Asturias - Diario de actualidad y noticias","description":"Hemeroteca","inLanguage":"es-ES","publisher":{"@id":"https:\/\/www.eldigitaldeasturias.com\/noticias\/#organization"}}]},"og:locale":"es_ES","og:site_name":"El Digital de Asturias","og:type":"article","og:title":"Inauguraci\u00f3n del 30\u00ba Encuentro de Telecomunicaciones y Econom\u00eda Digital - El Digital de Asturias","og:description":"El secretario de Estado de Telecomunicaciones y para la Sociedad de la Informaci\u00f3n (SETSI), V\u00edctor Calvo Sotelo, inaugur\u00f3 el 30\u00ba Encuentro de Telecomunicaciones y Econom\u00eda Digital, que se celebra en el marco de la Universidad Internacional Men\u00e9ndez Pelayo de Santander. El acto, organizado por la Asociaci\u00f3n de Empresas de Electr\u00f3nica, Tecnolog\u00edas de la Informaci\u00f3n, Telecomunicaciones","og:url":"https:\/\/www.eldigitaldeasturias.com\/noticias\/inauguracion-del-30o-encuentro-de-telecomunicaciones-y-economia-digital\/","og:image":"https:\/\/www.eldigitaldeasturias.com\/noticias\/wp-content\/uploads\/2016\/05\/internet1-655x360.jpg","og:image:secure_url":"https:\/\/www.eldigitaldeasturias.com\/noticias\/wp-content\/uploads\/2016\/05\/internet1-655x360.jpg","og:image:width":655,"og:image:height":360,"article:tag":["revista de ocio"],"article:published_time":"2016-09-06T17:48:01+00:00","article:modified_time":"2016-09-06T17:48:01+00:00","article:publisher":"https:\/\/facebook.com\/eldigitaldeasturias","twitter:card":"summary_large_image","twitter:title":"Inauguraci\u00f3n del 30\u00ba Encuentro de Telecomunicaciones y Econom\u00eda Digital - El Digital de Asturias","twitter:description":"El secretario de Estado de Telecomunicaciones y para la Sociedad de la Informaci\u00f3n (SETSI), V\u00edctor Calvo Sotelo, inaugur\u00f3 el 30\u00ba Encuentro de Telecomunicaciones y Econom\u00eda Digital, que se celebra en el marco de la Universidad Internacional Men\u00e9ndez Pelayo de Santander. El acto, organizado por la Asociaci\u00f3n de Empresas de Electr\u00f3nica, Tecnolog\u00edas de la Informaci\u00f3n, Telecomunicaciones","twitter:image":"https:\/\/www.eldigitaldeasturias.com\/noticias\/wp-content\/uploads\/2016\/05\/internet1-655x360.jpg","twitter:label1":"Escrito por","twitter:data1":"El Digital de Asturias","twitter:label2":"Tiempo de lectura estimado","twitter:data2":"3 minutos"},"aioseo_meta_data":{"post_id":"906100","title":null,"description":null,"keywords":null,"keyphrases":null,"primary_term":null,"canonical_url":null,"og_title":null,"og_description":null,"og_object_type":"default","og_image_type":"default","og_image_url":null,"og_image_width":null,"og_image_height":null,"og_image_custom_url":null,"og_image_custom_fields":null,"og_video":null,"og_custom_url":null,"og_article_section":null,"og_article_tags":null,"twitter_use_og":false,"twitter_card":"default","twitter_image_type":"default","twitter_image_url":null,"twitter_image_custom_url":null,"twitter_image_custom_fields":null,"twitter_title":null,"twitter_description":null,"schema":{"blockGraphs":[],"customGraphs":[],"default":{"data":{"Article":[],"Course":[],"Dataset":[],"FAQPage":[],"Movie":[],"Person":[],"Product":[],"ProductReview":[],"Car":[],"Recipe":[],"Service":[],"SoftwareApplication":[],"WebPage":[]},"graphName":"","isEnabled":true},"graphs":[],"defaultGraph":"","defaultPostTypeGraph":""},"schema_type":null,"schema_type_options":null,"pillar_content":false,"robots_default":true,"robots_noindex":false,"robots_noarchive":false,"robots_nosnippet":false,"robots_nofollow":false,"robots_noimageindex":false,"robots_noodp":false,"robots_notranslate":false,"robots_max_snippet":null,"robots_max_videopreview":null,"robots_max_imagepreview":"large","priority":null,"frequency":null,"local_seo":null,"seo_analyzer_scan_date":"2025-11-30 07:52:18","breadcrumb_settings":null,"limit_modified_date":false,"open_ai":null,"ai":null,"created":"2020-12-21 14:01:57","updated":"2025-11-30 07:52:18"},"aioseo_breadcrumb":"<div class=\"aioseo-breadcrumbs\"><span class=\"aioseo-breadcrumb\">\n\t<a href=\"https:\/\/www.eldigitaldeasturias.com\/noticias\" title=\"Home\">Home<\/a>\n<\/span><span class=\"aioseo-breadcrumb-separator\">\u2013<\/span><span class=\"aioseo-breadcrumb\">\n\t<a href=\"https:\/\/www.eldigitaldeasturias.com\/noticias\/category\/revista-de-ocio\/\" title=\"Revista de Ocio\">Revista de Ocio<\/a>\n<\/span><span class=\"aioseo-breadcrumb-separator\">\u2013<\/span><span class=\"aioseo-breadcrumb\">\n\t<a href=\"https:\/\/www.eldigitaldeasturias.com\/noticias\/inauguracion-del-30o-encuentro-de-telecomunicaciones-y-economia-digital\/\" title=\"Inauguraci\u00f3n del 30\u00ba Encuentro de Telecomunicaciones y Econom\u00eda Digital\">Inauguraci\u00f3n del 30\u00ba Encuentro de Telecomunicaciones y Econom\u00eda Digital<\/a>\n<\/span><\/div>","aioseo_breadcrumb_json":[{"label":"Home","link":"https:\/\/www.eldigitaldeasturias.com\/noticias"},{"label":"Revista de Ocio","link":"https:\/\/www.eldigitaldeasturias.com\/noticias\/category\/revista-de-ocio\/"},{"label":"Inauguraci\u00f3n del 30\u00ba Encuentro de Telecomunicaciones y Econom\u00eda Digital","link":"https:\/\/www.eldigitaldeasturias.com\/noticias\/inauguracion-del-30o-encuentro-de-telecomunicaciones-y-economia-digital\/"}],"_links":{"self":[{"href":"https:\/\/www.eldigitaldeasturias.com\/noticias\/wp-json\/wp\/v2\/posts\/906100","targetHints":{"allow":["GET"]}}],"collection":[{"href":"https:\/\/www.eldigitaldeasturias.com\/noticias\/wp-json\/wp\/v2\/posts"}],"about":[{"href":"https:\/\/www.eldigitaldeasturias.com\/noticias\/wp-json\/wp\/v2\/types\/post"}],"author":[{"embeddable":true,"href":"https:\/\/www.eldigitaldeasturias.com\/noticias\/wp-json\/wp\/v2\/users\/1"}],"replies":[{"embeddable":true,"href":"https:\/\/www.eldigitaldeasturias.com\/noticias\/wp-json\/wp\/v2\/comments?post=906100"}],"version-history":[{"count":0,"href":"https:\/\/www.eldigitaldeasturias.com\/noticias\/wp-json\/wp\/v2\/posts\/906100\/revisions"}],"wp:featuredmedia":[{"embeddable":true,"href":"https:\/\/www.eldigitaldeasturias.com\/noticias\/wp-json\/wp\/v2\/media\/886231"}],"wp:attachment":[{"href":"https:\/\/www.eldigitaldeasturias.com\/noticias\/wp-json\/wp\/v2\/media?parent=906100"}],"wp:term":[{"taxonomy":"category","embeddable":true,"href":"https:\/\/www.eldigitaldeasturias.com\/noticias\/wp-json\/wp\/v2\/categories?post=906100"},{"taxonomy":"post_tag","embeddable":true,"href":"https:\/\/www.eldigitaldeasturias.com\/noticias\/wp-json\/wp\/v2\/tags?post=906100"}],"curies":[{"name":"wp","href":"https:\/\/api.w.org\/{rel}","templated":true}]}}