{"id":905992,"date":"2016-09-06T00:34:14","date_gmt":"2016-09-05T23:34:14","guid":{"rendered":"http:\/\/www.eldigitaldeasturias.com\/noticias\/?p=905992"},"modified":"2016-09-06T00:34:14","modified_gmt":"2016-09-05T23:34:14","slug":"miguel-arias-canete-se-podria-seguir-usando-el-carbon-si-se-neutralizan-las-emisiones","status":"publish","type":"post","link":"https:\/\/www.eldigitaldeasturias.com\/noticias\/miguel-arias-canete-se-podria-seguir-usando-el-carbon-si-se-neutralizan-las-emisiones\/","title":{"rendered":"Miguel Arias Ca\u00f1ete: \u201cSe podr\u00eda seguir usando el carb\u00f3n si se neutralizan las emisiones\u201d"},"content":{"rendered":"<p><img loading=\"lazy\" decoding=\"async\" class=\"alignleft size-medium wp-image-905993\" src=\"https:\/\/www.eldigitaldeasturias.com\/noticias\/wp-content\/uploads\/2016\/09\/fotonoticia_20160905142718_800-360x256.jpg\" alt=\"fotonoticia_20160905142718_800\" width=\"360\" height=\"256\" srcset=\"https:\/\/www.eldigitaldeasturias.com\/noticias\/wp-content\/uploads\/2016\/09\/fotonoticia_20160905142718_800-360x256.jpg 360w, https:\/\/www.eldigitaldeasturias.com\/noticias\/wp-content\/uploads\/2016\/09\/fotonoticia_20160905142718_800-768x545.jpg 768w, https:\/\/www.eldigitaldeasturias.com\/noticias\/wp-content\/uploads\/2016\/09\/fotonoticia_20160905142718_800-650x462.jpg 650w, https:\/\/www.eldigitaldeasturias.com\/noticias\/wp-content\/uploads\/2016\/09\/fotonoticia_20160905142718_800.jpg 800w\" sizes=\"auto, (max-width: 360px) 100vw, 360px\" \/>El comisario europeo de Energ\u00eda y Cambio Clim\u00e1tico, Miguel Arias Ca\u00f1ete, ha considerado este lunes que se podr\u00eda seguir usando el carb\u00f3n como fuente de energ\u00eda si se consiguen neutralizar totalmente las emisiones de CO2 y ha sentenciado a este respecto que el futuro de un sector depende del futuro de la tecnolog\u00eda. \u00abSe podr\u00eda seguir usando si se neutralizan las emisiones\u00bb, ha precisado.<\/p>\n<p>Arias Ca\u00f1ete, que ha pronunciado este lunes una conferencia en Valladolid sobre &#8216;El coste de la energ\u00eda en las labores agr\u00edcolas&#8217; en el marco de las VII Jornadas Cooperativismo Agrario, ha reconocido que se trata de un asunto complicado ya que Acuerdo del Clima de Par\u00eds tiene como principal objetivo \u00abemisiones cero\u00bb a finalizar este siglo, un reto que afecta a todos los sectores, incluido el del carb\u00f3n.<\/p>\n<p>El comisario europeo ha aclarado tambi\u00e9n que cuando se habla de descarbonizaci\u00f3n de la econom\u00eda se trata en cualquier caso de una estrategia \u00aba lo largo del tiempo\u00bb que no suceder\u00e1 \u00abni ma\u00f1ana ni pasado\u00bb al mismo tiempo que ha apelado a la competencia de los estados miembros que pueden hacer \u00ablo que quieran\u00bb en la definici\u00f3n de su mix energ\u00e9tico en ese objetivo \u00abclaro\u00bb del \u00abambicioso\u00bb reto de reducci\u00f3n de emisiones de di\u00f3xido de carbono fijado en Par\u00eds y suscrito por 175 pa\u00edses para frenar el actual calentamiento global.<\/p>\n<p>Miguel Arias Ca\u00f1ete ha significado tambi\u00e9n los avances que se est\u00e1n produciendo en la tecnolog\u00eda de captura y de secuestro de di\u00f3xido de carbono para a\u00f1adir que lo que hay que decidir tambi\u00e9n es d\u00f3nde se inyecta ese CO2 capturado.<\/p>\n<p>El comisario europeo ha advertido tambi\u00e9n de que la transici\u00f3n hacia las energ\u00edas limpias no va a parar porque es \u00abirreversible\u00bb y se tienden a dejar las fuentes de energ\u00eda f\u00f3siles. En respuesta a una pregunta de uno de los asistentes ha explicado que la UE trabaja tambi\u00e9n en la proyecci\u00f3n del uso de gas natural licuado, \u00abel combustible f\u00f3sil m\u00e1s limpio\u00bb, y que se puede aprovechar mejor como fuente de aprovisionamiento energ\u00e9tico y no s\u00f3lo el proveniente de gaseoducto.<\/p>\n<p><strong>POSIBILIDADES DEL TTIP<\/strong><\/p>\n<p>Por otro lado y preguntado por el Tratado Transatl\u00e1ntico de Comercio e Inversiones (TTIP), ha explicado que se trabaja en estos momentos en un cap\u00edtulo de energ\u00eda en materia de fragmentaci\u00f3n hidr\u00e1ulica que a\u00fan no est\u00e1 cerrado ni decidido pero que, de salir adelante, permitir\u00eda acceder a esa t\u00e9cnica en las mismas condiciones que los americanos, algo que \u00abser\u00eda positivo\u00bb para Europa.<\/p>\n<p>Arias Ca\u00f1ete ha se ha fijado como reto tambi\u00e9n conseguir un mercado de energ\u00eda \u00fanico en Europa y que funcione para hacer frente a situaciones como la de Espa\u00f1a, a la que se ha referido como una \u00abisla energ\u00e9tica\u00bb sin interconexiones que favorecer\u00edan un mercado de precios y esos precios m\u00e1s bajos.<\/p>\n<p>\u00abHay que preparar el mercado para competir con el exterior\u00bb, ha reivindicado el comisario europeo en ese objetivo de garantizar el suministro energ\u00e9tico, crear redes de gas y de trabajar por tarifas m\u00e1s baratas para todos los sectores, donde, a nivel de mercado interior, se debe tender, seg\u00fan sus palabras, al desarrollo de las energ\u00edas renovables y a una mayor eficiencia energ\u00e9tica en aspectos como el bombeo en los riegos.<\/p>\n<p>Del mismo modo, ha asegurado desconocer si el actual Gobierno en funciones va a eliminar el denominado impuesto al sol y, como comisario europeo, ha abogado por regular la autogeneraci\u00f3n y el autoconsumo con pautas homog\u00e9neas para todo el mundo.<\/p>\n<p>Desde la m\u00e1xima \u00abprudencia\u00bb y respecto a la soberan\u00eda de cada estado miembro en pol\u00edtica tarifaria, ha considerado tambi\u00e9n que en la factura hay muchos conceptos ajenos a la producci\u00f3n de energ\u00eda y ha apostado por reflejar el coste de la producci\u00f3n y eliminar impuestos que se tendr\u00edan que incluir en los presupuestos generales del estado \u00aby no en la tarifa\u00bb.<\/p>\n<p>A lo largo de su alocuci\u00f3n, el comisario europeo ha reivindicado la necesidad de poner en la agenda de todos los pa\u00edses el elemento del cambio clim\u00e1tico ya que va a modificar el modelo econ\u00f3mico y social del mundo \u00aby m\u00e1s pronto de lo que el ciudadano cree\u00bb y ha hecho especial hincapi\u00e9 en introducir este asunto en el debate agrario a trav\u00e9s de \u00abcompromisos razonables\u00bb para el sector y apoyo para que los agricultores y los ganaderos sean un \u00abagente activo\u00bb en esa lucha contra el cambio clim\u00e1tico.<\/p>\n<p>Miguel Arias Ca\u00f1ete ha apostado en todo momento por la definici\u00f3n de pol\u00edticas de estado y de generaci\u00f3n en generaci\u00f3n &#8211;ha rechazado las cortoplacistas pensadas para las pr\u00f3ximas elecciones&#8211; ante la \u00abgran ocasi\u00f3n\u00bb que representa, a su juicio, el Acuerdo del Clima de Par\u00eds para luchar contra el cambio clim\u00e1tico que, seg\u00fan ha advertido, \u00abes una realidad\u00bb.<\/p>\n<p>\u00abSi no hacemos nada el destrozo a nuestro planeta ser\u00e1 importante\u00bb, ha sentenciado el comisario europeo que ha apelado a estudios que sit\u00faan el calentamiento global del planeta entre 4 y 5 grados m\u00e1s de no cumplirse \u00aba rajatabla\u00bb los compromisos asumidos en Par\u00eds lo que derivar\u00eda en un escenario de temperaturas medias en verano de entre 44 y 45 grados con los consiguientes riesgos de cat\u00e1strofes, desertizaci\u00f3n de terrenos o cambio de ritmo del crecimiento vegetativo de las plantas.<\/p>\n<p>&nbsp;<\/p>\n","protected":false},"excerpt":{"rendered":"<p>El comisario europeo de Energ\u00eda y Cambio Clim\u00e1tico, Miguel Arias Ca\u00f1ete, ha considerado este lunes que se podr\u00eda seguir usando el carb\u00f3n como fuente de energ\u00eda si se consiguen neutralizar totalmente las emisiones de CO2 y ha sentenciado a este respecto que el futuro de un sector depende del futuro de la tecnolog\u00eda. \u00abSe podr\u00eda [&hellip;]<\/p>\n","protected":false},"author":1,"featured_media":905993,"comment_status":"closed","ping_status":"closed","sticky":false,"template":"","format":"standard","meta":{"footnotes":""},"categories":[1],"tags":[],"class_list":["post-905992","post","type-post","status-publish","format-standard","has-post-thumbnail","hentry","category-actualidad"],"aioseo_notices":[],"aioseo_head":"\n\t\t<!-- All in One SEO Pro 4.9.6.2 - aioseo.com -->\n\t<meta name=\"description\" content=\"El comisario europeo de Energ\u00eda y Cambio Clim\u00e1tico, Miguel Arias Ca\u00f1ete, ha considerado este lunes que se podr\u00eda seguir usando el carb\u00f3n como fuente de energ\u00eda si se consiguen neutralizar totalmente las emisiones de CO2 y ha sentenciado a este respecto que el futuro de un sector depende del futuro de la tecnolog\u00eda. &quot;Se podr\u00eda\" \/>\n\t<meta name=\"robots\" content=\"max-image-preview:large\" \/>\n\t<meta name=\"author\" content=\"El Digital de Asturias\"\/>\n\t<meta name=\"google-site-verification\" content=\"UA-38556648-1\" \/>\n\t<meta name=\"msvalidate.01\" content=\"7dfe9f3f1b24437ab69f4f2559babe99\" \/>\n\t<meta name=\"keywords\" content=\"actualidad\" \/>\n\t<link rel=\"canonical\" href=\"https:\/\/www.eldigitaldeasturias.com\/noticias\/miguel-arias-canete-se-podria-seguir-usando-el-carbon-si-se-neutralizan-las-emisiones\/\" \/>\n\t<meta name=\"generator\" content=\"All in One SEO Pro (AIOSEO) 4.9.6.2\" \/>\n\t\t<meta property=\"og:locale\" content=\"es_ES\" \/>\n\t\t<meta property=\"og:site_name\" content=\"El Digital de Asturias\" \/>\n\t\t<meta property=\"og:type\" content=\"article\" \/>\n\t\t<meta property=\"og:title\" content=\"Miguel Arias Ca\u00f1ete: \u201cSe podr\u00eda seguir usando el carb\u00f3n si se neutralizan las emisiones\u201d - El Digital de Asturias\" \/>\n\t\t<meta property=\"og:description\" content=\"El comisario europeo de Energ\u00eda y Cambio Clim\u00e1tico, Miguel Arias Ca\u00f1ete, ha considerado este lunes que se podr\u00eda seguir usando el carb\u00f3n como fuente de energ\u00eda si se consiguen neutralizar totalmente las emisiones de CO2 y ha sentenciado a este respecto que el futuro de un sector depende del futuro de la tecnolog\u00eda. &quot;Se podr\u00eda\" \/>\n\t\t<meta property=\"og:url\" content=\"https:\/\/www.eldigitaldeasturias.com\/noticias\/miguel-arias-canete-se-podria-seguir-usando-el-carbon-si-se-neutralizan-las-emisiones\/\" \/>\n\t\t<meta property=\"og:image\" content=\"https:\/\/www.eldigitaldeasturias.com\/noticias\/wp-content\/uploads\/2016\/09\/fotonoticia_20160905142718_800.jpg\" \/>\n\t\t<meta property=\"og:image:secure_url\" content=\"https:\/\/www.eldigitaldeasturias.com\/noticias\/wp-content\/uploads\/2016\/09\/fotonoticia_20160905142718_800.jpg\" \/>\n\t\t<meta property=\"og:image:width\" content=\"800\" \/>\n\t\t<meta property=\"og:image:height\" content=\"568\" \/>\n\t\t<meta property=\"article:tag\" content=\"actualidad\" \/>\n\t\t<meta property=\"article:published_time\" content=\"2016-09-05T23:34:14+00:00\" \/>\n\t\t<meta property=\"article:modified_time\" content=\"2016-09-05T23:34:14+00:00\" \/>\n\t\t<meta property=\"article:publisher\" content=\"https:\/\/facebook.com\/eldigitaldeasturias\" \/>\n\t\t<meta name=\"twitter:card\" content=\"summary_large_image\" \/>\n\t\t<meta name=\"twitter:title\" content=\"Miguel Arias Ca\u00f1ete: \u201cSe podr\u00eda seguir usando el carb\u00f3n si se neutralizan las emisiones\u201d - El Digital de Asturias\" \/>\n\t\t<meta name=\"twitter:description\" content=\"El comisario europeo de Energ\u00eda y Cambio Clim\u00e1tico, Miguel Arias Ca\u00f1ete, ha considerado este lunes que se podr\u00eda seguir usando el carb\u00f3n como fuente de energ\u00eda si se consiguen neutralizar totalmente las emisiones de CO2 y ha sentenciado a este respecto que el futuro de un sector depende del futuro de la tecnolog\u00eda. &quot;Se podr\u00eda\" \/>\n\t\t<meta name=\"twitter:image\" content=\"https:\/\/www.eldigitaldeasturias.com\/noticias\/wp-content\/uploads\/2016\/09\/fotonoticia_20160905142718_800.jpg\" \/>\n\t\t<meta name=\"twitter:label1\" content=\"Escrito por\" \/>\n\t\t<meta name=\"twitter:data1\" content=\"El Digital de Asturias\" \/>\n\t\t<meta name=\"twitter:label2\" content=\"Tiempo de lectura estimado\" \/>\n\t\t<meta name=\"twitter:data2\" content=\"5 minutos\" \/>\n\t\t<script type=\"application\/ld+json\" class=\"aioseo-schema\">\n\t\t\t{\"@context\":\"https:\\\/\\\/schema.org\",\"@graph\":[{\"@type\":\"BlogPosting\",\"@id\":\"https:\\\/\\\/www.eldigitaldeasturias.com\\\/noticias\\\/miguel-arias-canete-se-podria-seguir-usando-el-carbon-si-se-neutralizan-las-emisiones\\\/#blogposting\",\"name\":\"Miguel Arias Ca\\u00f1ete: \\u201cSe podr\\u00eda seguir usando el carb\\u00f3n si se neutralizan las emisiones\\u201d - El Digital de Asturias\",\"headline\":\"Miguel Arias Ca\\u00f1ete: \\u201cSe podr\\u00eda seguir usando el carb\\u00f3n si se neutralizan las emisiones\\u201d\",\"author\":{\"@id\":\"https:\\\/\\\/www.eldigitaldeasturias.com\\\/noticias\\\/author\\\/admin\\\/#author\"},\"publisher\":{\"@id\":\"https:\\\/\\\/www.eldigitaldeasturias.com\\\/noticias\\\/#organization\"},\"image\":{\"@type\":\"ImageObject\",\"url\":\"https:\\\/\\\/www.eldigitaldeasturias.com\\\/noticias\\\/wp-content\\\/uploads\\\/2016\\\/09\\\/fotonoticia_20160905142718_800.jpg\",\"width\":800,\"height\":568},\"datePublished\":\"2016-09-06T00:34:14+02:00\",\"dateModified\":\"2016-09-06T00:34:14+02:00\",\"inLanguage\":\"es-ES\",\"mainEntityOfPage\":{\"@id\":\"https:\\\/\\\/www.eldigitaldeasturias.com\\\/noticias\\\/miguel-arias-canete-se-podria-seguir-usando-el-carbon-si-se-neutralizan-las-emisiones\\\/#webpage\"},\"isPartOf\":{\"@id\":\"https:\\\/\\\/www.eldigitaldeasturias.com\\\/noticias\\\/miguel-arias-canete-se-podria-seguir-usando-el-carbon-si-se-neutralizan-las-emisiones\\\/#webpage\"},\"articleSection\":\"Actualidad\"},{\"@type\":\"BreadcrumbList\",\"@id\":\"https:\\\/\\\/www.eldigitaldeasturias.com\\\/noticias\\\/miguel-arias-canete-se-podria-seguir-usando-el-carbon-si-se-neutralizan-las-emisiones\\\/#breadcrumblist\",\"itemListElement\":[{\"@type\":\"ListItem\",\"@id\":\"https:\\\/\\\/www.eldigitaldeasturias.com\\\/noticias#listItem\",\"position\":1,\"name\":\"Home\",\"item\":\"https:\\\/\\\/www.eldigitaldeasturias.com\\\/noticias\",\"nextItem\":{\"@type\":\"ListItem\",\"@id\":\"https:\\\/\\\/www.eldigitaldeasturias.com\\\/noticias\\\/category\\\/actualidad\\\/#listItem\",\"name\":\"Actualidad\"}},{\"@type\":\"ListItem\",\"@id\":\"https:\\\/\\\/www.eldigitaldeasturias.com\\\/noticias\\\/category\\\/actualidad\\\/#listItem\",\"position\":2,\"name\":\"Actualidad\",\"item\":\"https:\\\/\\\/www.eldigitaldeasturias.com\\\/noticias\\\/category\\\/actualidad\\\/\",\"nextItem\":{\"@type\":\"ListItem\",\"@id\":\"https:\\\/\\\/www.eldigitaldeasturias.com\\\/noticias\\\/miguel-arias-canete-se-podria-seguir-usando-el-carbon-si-se-neutralizan-las-emisiones\\\/#listItem\",\"name\":\"Miguel Arias Ca\\u00f1ete: \\u201cSe podr\\u00eda seguir usando el carb\\u00f3n si se neutralizan las emisiones\\u201d\"},\"previousItem\":{\"@type\":\"ListItem\",\"@id\":\"https:\\\/\\\/www.eldigitaldeasturias.com\\\/noticias#listItem\",\"name\":\"Home\"}},{\"@type\":\"ListItem\",\"@id\":\"https:\\\/\\\/www.eldigitaldeasturias.com\\\/noticias\\\/miguel-arias-canete-se-podria-seguir-usando-el-carbon-si-se-neutralizan-las-emisiones\\\/#listItem\",\"position\":3,\"name\":\"Miguel Arias Ca\\u00f1ete: \\u201cSe podr\\u00eda seguir usando el carb\\u00f3n si se neutralizan las emisiones\\u201d\",\"previousItem\":{\"@type\":\"ListItem\",\"@id\":\"https:\\\/\\\/www.eldigitaldeasturias.com\\\/noticias\\\/category\\\/actualidad\\\/#listItem\",\"name\":\"Actualidad\"}}]},{\"@type\":\"Organization\",\"@id\":\"https:\\\/\\\/www.eldigitaldeasturias.com\\\/noticias\\\/#organization\",\"name\":\"El Digital de Asturias\",\"description\":\"Hemeroteca\",\"url\":\"https:\\\/\\\/www.eldigitaldeasturias.com\\\/noticias\\\/\",\"email\":\"info@eldigitaldeasturias.com\",\"telephone\":\"+34652131393\",\"logo\":{\"@type\":\"ImageObject\",\"url\":\"https:\\\/\\\/www.eldigitaldeasturias.com\\\/noticias\\\/wp-content\\\/uploads\\\/2020\\\/12\\\/EDA.jpg\",\"@id\":\"https:\\\/\\\/www.eldigitaldeasturias.com\\\/noticias\\\/miguel-arias-canete-se-podria-seguir-usando-el-carbon-si-se-neutralizan-las-emisiones\\\/#organizationLogo\",\"width\":649,\"height\":297},\"image\":{\"@id\":\"https:\\\/\\\/www.eldigitaldeasturias.com\\\/noticias\\\/miguel-arias-canete-se-podria-seguir-usando-el-carbon-si-se-neutralizan-las-emisiones\\\/#organizationLogo\"},\"sameAs\":[\"https:\\\/\\\/facebook.com\\\/eldigitaldeasturias\",\"https:\\\/\\\/www.youtube.com\\\/channel\\\/UCZP-2wLEB9Rv6erhFmqVnvg\"],\"address\":{\"@id\":\"https:\\\/\\\/www.eldigitaldeasturias.com\\\/noticias\\\/#postaladdress\",\"@type\":\"PostalAddress\",\"streetAddress\":\"san antonio 4,\",\"postalCode\":\"33430\",\"addressLocality\":\"Cand\\u00e1s\",\"addressRegion\":\"Asturias\",\"addressCountry\":\"ES\"}},{\"@type\":\"Person\",\"@id\":\"https:\\\/\\\/www.eldigitaldeasturias.com\\\/noticias\\\/author\\\/admin\\\/#author\",\"url\":\"https:\\\/\\\/www.eldigitaldeasturias.com\\\/noticias\\\/author\\\/admin\\\/\",\"name\":\"El Digital de Asturias\",\"image\":{\"@type\":\"ImageObject\",\"@id\":\"https:\\\/\\\/www.eldigitaldeasturias.com\\\/noticias\\\/miguel-arias-canete-se-podria-seguir-usando-el-carbon-si-se-neutralizan-las-emisiones\\\/#authorImage\",\"url\":\"https:\\\/\\\/www.eldigitaldeasturias.com\\\/noticias\\\/wp-content\\\/litespeed\\\/avatar\\\/18677e78aa0546b92d9dbf31ec7d7668.jpg?ver=1777290358\",\"width\":96,\"height\":96,\"caption\":\"El Digital de Asturias\"}},{\"@type\":\"WebPage\",\"@id\":\"https:\\\/\\\/www.eldigitaldeasturias.com\\\/noticias\\\/miguel-arias-canete-se-podria-seguir-usando-el-carbon-si-se-neutralizan-las-emisiones\\\/#webpage\",\"url\":\"https:\\\/\\\/www.eldigitaldeasturias.com\\\/noticias\\\/miguel-arias-canete-se-podria-seguir-usando-el-carbon-si-se-neutralizan-las-emisiones\\\/\",\"name\":\"Miguel Arias Ca\\u00f1ete: \\u201cSe podr\\u00eda seguir usando el carb\\u00f3n si se neutralizan las emisiones\\u201d - El Digital de Asturias\",\"description\":\"El comisario europeo de Energ\\u00eda y Cambio Clim\\u00e1tico, Miguel Arias Ca\\u00f1ete, ha considerado este lunes que se podr\\u00eda seguir usando el carb\\u00f3n como fuente de energ\\u00eda si se consiguen neutralizar totalmente las emisiones de CO2 y ha sentenciado a este respecto que el futuro de un sector depende del futuro de la tecnolog\\u00eda. \\\"Se podr\\u00eda\",\"inLanguage\":\"es-ES\",\"isPartOf\":{\"@id\":\"https:\\\/\\\/www.eldigitaldeasturias.com\\\/noticias\\\/#website\"},\"breadcrumb\":{\"@id\":\"https:\\\/\\\/www.eldigitaldeasturias.com\\\/noticias\\\/miguel-arias-canete-se-podria-seguir-usando-el-carbon-si-se-neutralizan-las-emisiones\\\/#breadcrumblist\"},\"author\":{\"@id\":\"https:\\\/\\\/www.eldigitaldeasturias.com\\\/noticias\\\/author\\\/admin\\\/#author\"},\"creator\":{\"@id\":\"https:\\\/\\\/www.eldigitaldeasturias.com\\\/noticias\\\/author\\\/admin\\\/#author\"},\"image\":{\"@type\":\"ImageObject\",\"url\":\"https:\\\/\\\/www.eldigitaldeasturias.com\\\/noticias\\\/wp-content\\\/uploads\\\/2016\\\/09\\\/fotonoticia_20160905142718_800.jpg\",\"@id\":\"https:\\\/\\\/www.eldigitaldeasturias.com\\\/noticias\\\/miguel-arias-canete-se-podria-seguir-usando-el-carbon-si-se-neutralizan-las-emisiones\\\/#mainImage\",\"width\":800,\"height\":568},\"primaryImageOfPage\":{\"@id\":\"https:\\\/\\\/www.eldigitaldeasturias.com\\\/noticias\\\/miguel-arias-canete-se-podria-seguir-usando-el-carbon-si-se-neutralizan-las-emisiones\\\/#mainImage\"},\"datePublished\":\"2016-09-06T00:34:14+02:00\",\"dateModified\":\"2016-09-06T00:34:14+02:00\"},{\"@type\":\"WebSite\",\"@id\":\"https:\\\/\\\/www.eldigitaldeasturias.com\\\/noticias\\\/#website\",\"url\":\"https:\\\/\\\/www.eldigitaldeasturias.com\\\/noticias\\\/\",\"name\":\"El Digital de Asturias - Diario de actualidad y noticias\",\"alternateName\":\"El Digital de Asturias - Diario de actualidad y noticias\",\"description\":\"Hemeroteca\",\"inLanguage\":\"es-ES\",\"publisher\":{\"@id\":\"https:\\\/\\\/www.eldigitaldeasturias.com\\\/noticias\\\/#organization\"}}]}\n\t\t<\/script>\n\t\t<!-- All in One SEO Pro -->\r\n\t\t<title>Miguel Arias Ca\u00f1ete: \u201cSe podr\u00eda seguir usando el carb\u00f3n si se neutralizan las emisiones\u201d - El Digital de Asturias<\/title>\n\n","aioseo_head_json":{"title":"Miguel Arias Ca\u00f1ete: \u201cSe podr\u00eda seguir usando el carb\u00f3n si se neutralizan las emisiones\u201d - El Digital de Asturias","description":"El comisario europeo de Energ\u00eda y Cambio Clim\u00e1tico, Miguel Arias Ca\u00f1ete, ha considerado este lunes que se podr\u00eda seguir usando el carb\u00f3n como fuente de energ\u00eda si se consiguen neutralizar totalmente las emisiones de CO2 y ha sentenciado a este respecto que el futuro de un sector depende del futuro de la tecnolog\u00eda. \"Se podr\u00eda","canonical_url":"https:\/\/www.eldigitaldeasturias.com\/noticias\/miguel-arias-canete-se-podria-seguir-usando-el-carbon-si-se-neutralizan-las-emisiones\/","robots":"max-image-preview:large","keywords":"actualidad","webmasterTools":{"google-site-verification":"UA-38556648-1","msvalidate.01":"7dfe9f3f1b24437ab69f4f2559babe99","miscellaneous":""},"schema":{"@context":"https:\/\/schema.org","@graph":[{"@type":"BlogPosting","@id":"https:\/\/www.eldigitaldeasturias.com\/noticias\/miguel-arias-canete-se-podria-seguir-usando-el-carbon-si-se-neutralizan-las-emisiones\/#blogposting","name":"Miguel Arias Ca\u00f1ete: \u201cSe podr\u00eda seguir usando el carb\u00f3n si se neutralizan las emisiones\u201d - El Digital de Asturias","headline":"Miguel Arias Ca\u00f1ete: \u201cSe podr\u00eda seguir usando el carb\u00f3n si se neutralizan las emisiones\u201d","author":{"@id":"https:\/\/www.eldigitaldeasturias.com\/noticias\/author\/admin\/#author"},"publisher":{"@id":"https:\/\/www.eldigitaldeasturias.com\/noticias\/#organization"},"image":{"@type":"ImageObject","url":"https:\/\/www.eldigitaldeasturias.com\/noticias\/wp-content\/uploads\/2016\/09\/fotonoticia_20160905142718_800.jpg","width":800,"height":568},"datePublished":"2016-09-06T00:34:14+02:00","dateModified":"2016-09-06T00:34:14+02:00","inLanguage":"es-ES","mainEntityOfPage":{"@id":"https:\/\/www.eldigitaldeasturias.com\/noticias\/miguel-arias-canete-se-podria-seguir-usando-el-carbon-si-se-neutralizan-las-emisiones\/#webpage"},"isPartOf":{"@id":"https:\/\/www.eldigitaldeasturias.com\/noticias\/miguel-arias-canete-se-podria-seguir-usando-el-carbon-si-se-neutralizan-las-emisiones\/#webpage"},"articleSection":"Actualidad"},{"@type":"BreadcrumbList","@id":"https:\/\/www.eldigitaldeasturias.com\/noticias\/miguel-arias-canete-se-podria-seguir-usando-el-carbon-si-se-neutralizan-las-emisiones\/#breadcrumblist","itemListElement":[{"@type":"ListItem","@id":"https:\/\/www.eldigitaldeasturias.com\/noticias#listItem","position":1,"name":"Home","item":"https:\/\/www.eldigitaldeasturias.com\/noticias","nextItem":{"@type":"ListItem","@id":"https:\/\/www.eldigitaldeasturias.com\/noticias\/category\/actualidad\/#listItem","name":"Actualidad"}},{"@type":"ListItem","@id":"https:\/\/www.eldigitaldeasturias.com\/noticias\/category\/actualidad\/#listItem","position":2,"name":"Actualidad","item":"https:\/\/www.eldigitaldeasturias.com\/noticias\/category\/actualidad\/","nextItem":{"@type":"ListItem","@id":"https:\/\/www.eldigitaldeasturias.com\/noticias\/miguel-arias-canete-se-podria-seguir-usando-el-carbon-si-se-neutralizan-las-emisiones\/#listItem","name":"Miguel Arias Ca\u00f1ete: \u201cSe podr\u00eda seguir usando el carb\u00f3n si se neutralizan las emisiones\u201d"},"previousItem":{"@type":"ListItem","@id":"https:\/\/www.eldigitaldeasturias.com\/noticias#listItem","name":"Home"}},{"@type":"ListItem","@id":"https:\/\/www.eldigitaldeasturias.com\/noticias\/miguel-arias-canete-se-podria-seguir-usando-el-carbon-si-se-neutralizan-las-emisiones\/#listItem","position":3,"name":"Miguel Arias Ca\u00f1ete: \u201cSe podr\u00eda seguir usando el carb\u00f3n si se neutralizan las emisiones\u201d","previousItem":{"@type":"ListItem","@id":"https:\/\/www.eldigitaldeasturias.com\/noticias\/category\/actualidad\/#listItem","name":"Actualidad"}}]},{"@type":"Organization","@id":"https:\/\/www.eldigitaldeasturias.com\/noticias\/#organization","name":"El Digital de Asturias","description":"Hemeroteca","url":"https:\/\/www.eldigitaldeasturias.com\/noticias\/","email":"info@eldigitaldeasturias.com","telephone":"+34652131393","logo":{"@type":"ImageObject","url":"https:\/\/www.eldigitaldeasturias.com\/noticias\/wp-content\/uploads\/2020\/12\/EDA.jpg","@id":"https:\/\/www.eldigitaldeasturias.com\/noticias\/miguel-arias-canete-se-podria-seguir-usando-el-carbon-si-se-neutralizan-las-emisiones\/#organizationLogo","width":649,"height":297},"image":{"@id":"https:\/\/www.eldigitaldeasturias.com\/noticias\/miguel-arias-canete-se-podria-seguir-usando-el-carbon-si-se-neutralizan-las-emisiones\/#organizationLogo"},"sameAs":["https:\/\/facebook.com\/eldigitaldeasturias","https:\/\/www.youtube.com\/channel\/UCZP-2wLEB9Rv6erhFmqVnvg"],"address":{"@id":"https:\/\/www.eldigitaldeasturias.com\/noticias\/#postaladdress","@type":"PostalAddress","streetAddress":"san antonio 4,","postalCode":"33430","addressLocality":"Cand\u00e1s","addressRegion":"Asturias","addressCountry":"ES"}},{"@type":"Person","@id":"https:\/\/www.eldigitaldeasturias.com\/noticias\/author\/admin\/#author","url":"https:\/\/www.eldigitaldeasturias.com\/noticias\/author\/admin\/","name":"El Digital de Asturias","image":{"@type":"ImageObject","@id":"https:\/\/www.eldigitaldeasturias.com\/noticias\/miguel-arias-canete-se-podria-seguir-usando-el-carbon-si-se-neutralizan-las-emisiones\/#authorImage","url":"https:\/\/www.eldigitaldeasturias.com\/noticias\/wp-content\/litespeed\/avatar\/18677e78aa0546b92d9dbf31ec7d7668.jpg?ver=1777290358","width":96,"height":96,"caption":"El Digital de Asturias"}},{"@type":"WebPage","@id":"https:\/\/www.eldigitaldeasturias.com\/noticias\/miguel-arias-canete-se-podria-seguir-usando-el-carbon-si-se-neutralizan-las-emisiones\/#webpage","url":"https:\/\/www.eldigitaldeasturias.com\/noticias\/miguel-arias-canete-se-podria-seguir-usando-el-carbon-si-se-neutralizan-las-emisiones\/","name":"Miguel Arias Ca\u00f1ete: \u201cSe podr\u00eda seguir usando el carb\u00f3n si se neutralizan las emisiones\u201d - El Digital de Asturias","description":"El comisario europeo de Energ\u00eda y Cambio Clim\u00e1tico, Miguel Arias Ca\u00f1ete, ha considerado este lunes que se podr\u00eda seguir usando el carb\u00f3n como fuente de energ\u00eda si se consiguen neutralizar totalmente las emisiones de CO2 y ha sentenciado a este respecto que el futuro de un sector depende del futuro de la tecnolog\u00eda. \"Se podr\u00eda","inLanguage":"es-ES","isPartOf":{"@id":"https:\/\/www.eldigitaldeasturias.com\/noticias\/#website"},"breadcrumb":{"@id":"https:\/\/www.eldigitaldeasturias.com\/noticias\/miguel-arias-canete-se-podria-seguir-usando-el-carbon-si-se-neutralizan-las-emisiones\/#breadcrumblist"},"author":{"@id":"https:\/\/www.eldigitaldeasturias.com\/noticias\/author\/admin\/#author"},"creator":{"@id":"https:\/\/www.eldigitaldeasturias.com\/noticias\/author\/admin\/#author"},"image":{"@type":"ImageObject","url":"https:\/\/www.eldigitaldeasturias.com\/noticias\/wp-content\/uploads\/2016\/09\/fotonoticia_20160905142718_800.jpg","@id":"https:\/\/www.eldigitaldeasturias.com\/noticias\/miguel-arias-canete-se-podria-seguir-usando-el-carbon-si-se-neutralizan-las-emisiones\/#mainImage","width":800,"height":568},"primaryImageOfPage":{"@id":"https:\/\/www.eldigitaldeasturias.com\/noticias\/miguel-arias-canete-se-podria-seguir-usando-el-carbon-si-se-neutralizan-las-emisiones\/#mainImage"},"datePublished":"2016-09-06T00:34:14+02:00","dateModified":"2016-09-06T00:34:14+02:00"},{"@type":"WebSite","@id":"https:\/\/www.eldigitaldeasturias.com\/noticias\/#website","url":"https:\/\/www.eldigitaldeasturias.com\/noticias\/","name":"El Digital de Asturias - Diario de actualidad y noticias","alternateName":"El Digital de Asturias - Diario de actualidad y noticias","description":"Hemeroteca","inLanguage":"es-ES","publisher":{"@id":"https:\/\/www.eldigitaldeasturias.com\/noticias\/#organization"}}]},"og:locale":"es_ES","og:site_name":"El Digital de Asturias","og:type":"article","og:title":"Miguel Arias Ca\u00f1ete: \u201cSe podr\u00eda seguir usando el carb\u00f3n si se neutralizan las emisiones\u201d - El Digital de Asturias","og:description":"El comisario europeo de Energ\u00eda y Cambio Clim\u00e1tico, Miguel Arias Ca\u00f1ete, ha considerado este lunes que se podr\u00eda seguir usando el carb\u00f3n como fuente de energ\u00eda si se consiguen neutralizar totalmente las emisiones de CO2 y ha sentenciado a este respecto que el futuro de un sector depende del futuro de la tecnolog\u00eda. &quot;Se podr\u00eda","og:url":"https:\/\/www.eldigitaldeasturias.com\/noticias\/miguel-arias-canete-se-podria-seguir-usando-el-carbon-si-se-neutralizan-las-emisiones\/","og:image":"https:\/\/www.eldigitaldeasturias.com\/noticias\/wp-content\/uploads\/2016\/09\/fotonoticia_20160905142718_800.jpg","og:image:secure_url":"https:\/\/www.eldigitaldeasturias.com\/noticias\/wp-content\/uploads\/2016\/09\/fotonoticia_20160905142718_800.jpg","og:image:width":800,"og:image:height":568,"article:tag":["actualidad"],"article:published_time":"2016-09-05T23:34:14+00:00","article:modified_time":"2016-09-05T23:34:14+00:00","article:publisher":"https:\/\/facebook.com\/eldigitaldeasturias","twitter:card":"summary_large_image","twitter:title":"Miguel Arias Ca\u00f1ete: \u201cSe podr\u00eda seguir usando el carb\u00f3n si se neutralizan las emisiones\u201d - El Digital de Asturias","twitter:description":"El comisario europeo de Energ\u00eda y Cambio Clim\u00e1tico, Miguel Arias Ca\u00f1ete, ha considerado este lunes que se podr\u00eda seguir usando el carb\u00f3n como fuente de energ\u00eda si se consiguen neutralizar totalmente las emisiones de CO2 y ha sentenciado a este respecto que el futuro de un sector depende del futuro de la tecnolog\u00eda. &quot;Se podr\u00eda","twitter:image":"https:\/\/www.eldigitaldeasturias.com\/noticias\/wp-content\/uploads\/2016\/09\/fotonoticia_20160905142718_800.jpg","twitter:label1":"Escrito por","twitter:data1":"El Digital de Asturias","twitter:label2":"Tiempo de lectura estimado","twitter:data2":"5 minutos"},"aioseo_meta_data":{"post_id":"905992","title":null,"description":null,"keywords":null,"keyphrases":null,"primary_term":null,"canonical_url":null,"og_title":null,"og_description":null,"og_object_type":"default","og_image_type":"default","og_image_url":null,"og_image_width":null,"og_image_height":null,"og_image_custom_url":null,"og_image_custom_fields":null,"og_video":null,"og_custom_url":null,"og_article_section":null,"og_article_tags":null,"twitter_use_og":false,"twitter_card":"default","twitter_image_type":"default","twitter_image_url":null,"twitter_image_custom_url":null,"twitter_image_custom_fields":null,"twitter_title":null,"twitter_description":null,"schema":{"blockGraphs":[],"customGraphs":[],"default":{"data":{"Article":[],"Course":[],"Dataset":[],"FAQPage":[],"Movie":[],"Person":[],"Product":[],"ProductReview":[],"Car":[],"Recipe":[],"Service":[],"SoftwareApplication":[],"WebPage":[]},"graphName":"","isEnabled":true},"graphs":[],"defaultGraph":"","defaultPostTypeGraph":""},"schema_type":null,"schema_type_options":null,"pillar_content":false,"robots_default":true,"robots_noindex":false,"robots_noarchive":false,"robots_nosnippet":false,"robots_nofollow":false,"robots_noimageindex":false,"robots_noodp":false,"robots_notranslate":false,"robots_max_snippet":null,"robots_max_videopreview":null,"robots_max_imagepreview":"large","priority":null,"frequency":null,"local_seo":null,"seo_analyzer_scan_date":"2025-11-30 07:30:22","breadcrumb_settings":null,"limit_modified_date":false,"open_ai":null,"ai":null,"created":"2020-12-21 14:02:05","updated":"2025-11-30 07:30:22"},"aioseo_breadcrumb":"<div class=\"aioseo-breadcrumbs\"><span class=\"aioseo-breadcrumb\">\n\t<a href=\"https:\/\/www.eldigitaldeasturias.com\/noticias\" title=\"Home\">Home<\/a>\n<\/span><span class=\"aioseo-breadcrumb-separator\">\u2013<\/span><span class=\"aioseo-breadcrumb\">\n\t<a href=\"https:\/\/www.eldigitaldeasturias.com\/noticias\/category\/actualidad\/\" title=\"Actualidad\">Actualidad<\/a>\n<\/span><span class=\"aioseo-breadcrumb-separator\">\u2013<\/span><span class=\"aioseo-breadcrumb\">\n\t<a href=\"https:\/\/www.eldigitaldeasturias.com\/noticias\/miguel-arias-canete-se-podria-seguir-usando-el-carbon-si-se-neutralizan-las-emisiones\/\" title=\"Miguel Arias Ca\u00f1ete: \u201cSe podr\u00eda seguir usando el carb\u00f3n si se neutralizan las emisiones\u201d\">Miguel Arias Ca\u00f1ete: \u201cSe podr\u00eda seguir usando el carb\u00f3n si se neutralizan las emisiones\u201d<\/a>\n<\/span><\/div>","aioseo_breadcrumb_json":[{"label":"Home","link":"https:\/\/www.eldigitaldeasturias.com\/noticias"},{"label":"Actualidad","link":"https:\/\/www.eldigitaldeasturias.com\/noticias\/category\/actualidad\/"},{"label":"Miguel Arias Ca\u00f1ete: \u201cSe podr\u00eda seguir usando el carb\u00f3n si se neutralizan las emisiones\u201d","link":"https:\/\/www.eldigitaldeasturias.com\/noticias\/miguel-arias-canete-se-podria-seguir-usando-el-carbon-si-se-neutralizan-las-emisiones\/"}],"_links":{"self":[{"href":"https:\/\/www.eldigitaldeasturias.com\/noticias\/wp-json\/wp\/v2\/posts\/905992","targetHints":{"allow":["GET"]}}],"collection":[{"href":"https:\/\/www.eldigitaldeasturias.com\/noticias\/wp-json\/wp\/v2\/posts"}],"about":[{"href":"https:\/\/www.eldigitaldeasturias.com\/noticias\/wp-json\/wp\/v2\/types\/post"}],"author":[{"embeddable":true,"href":"https:\/\/www.eldigitaldeasturias.com\/noticias\/wp-json\/wp\/v2\/users\/1"}],"replies":[{"embeddable":true,"href":"https:\/\/www.eldigitaldeasturias.com\/noticias\/wp-json\/wp\/v2\/comments?post=905992"}],"version-history":[{"count":0,"href":"https:\/\/www.eldigitaldeasturias.com\/noticias\/wp-json\/wp\/v2\/posts\/905992\/revisions"}],"wp:featuredmedia":[{"embeddable":true,"href":"https:\/\/www.eldigitaldeasturias.com\/noticias\/wp-json\/wp\/v2\/media\/905993"}],"wp:attachment":[{"href":"https:\/\/www.eldigitaldeasturias.com\/noticias\/wp-json\/wp\/v2\/media?parent=905992"}],"wp:term":[{"taxonomy":"category","embeddable":true,"href":"https:\/\/www.eldigitaldeasturias.com\/noticias\/wp-json\/wp\/v2\/categories?post=905992"},{"taxonomy":"post_tag","embeddable":true,"href":"https:\/\/www.eldigitaldeasturias.com\/noticias\/wp-json\/wp\/v2\/tags?post=905992"}],"curies":[{"name":"wp","href":"https:\/\/api.w.org\/{rel}","templated":true}]}}