{"id":905989,"date":"2016-09-06T00:31:40","date_gmt":"2016-09-05T23:31:40","guid":{"rendered":"http:\/\/www.eldigitaldeasturias.com\/noticias\/?p=905989"},"modified":"2016-09-06T00:31:40","modified_gmt":"2016-09-05T23:31:40","slug":"edp-pone-en-funcionamiento-su-planta-de-desnitrificacion-en-abono","status":"publish","type":"post","link":"https:\/\/www.eldigitaldeasturias.com\/noticias\/edp-pone-en-funcionamiento-su-planta-de-desnitrificacion-en-abono\/","title":{"rendered":"EDP pone en funcionamiento su planta de desnitrificaci\u00f3n en Abo\u00f1o"},"content":{"rendered":"<p><img loading=\"lazy\" decoding=\"async\" class=\"alignleft size-medium wp-image-905990\" src=\"https:\/\/www.eldigitaldeasturias.com\/noticias\/wp-content\/uploads\/2016\/09\/fotonoticia_20160905140346_800-360x235.jpg\" alt=\"fotonoticia_20160905140346_800\" width=\"360\" height=\"235\" srcset=\"https:\/\/www.eldigitaldeasturias.com\/noticias\/wp-content\/uploads\/2016\/09\/fotonoticia_20160905140346_800-360x235.jpg 360w, https:\/\/www.eldigitaldeasturias.com\/noticias\/wp-content\/uploads\/2016\/09\/fotonoticia_20160905140346_800-768x501.jpg 768w, https:\/\/www.eldigitaldeasturias.com\/noticias\/wp-content\/uploads\/2016\/09\/fotonoticia_20160905140346_800-650x424.jpg 650w, https:\/\/www.eldigitaldeasturias.com\/noticias\/wp-content\/uploads\/2016\/09\/fotonoticia_20160905140346_800-84x55.jpg 84w, https:\/\/www.eldigitaldeasturias.com\/noticias\/wp-content\/uploads\/2016\/09\/fotonoticia_20160905140346_800-49x32.jpg 49w, https:\/\/www.eldigitaldeasturias.com\/noticias\/wp-content\/uploads\/2016\/09\/fotonoticia_20160905140346_800-460x300.jpg 460w, https:\/\/www.eldigitaldeasturias.com\/noticias\/wp-content\/uploads\/2016\/09\/fotonoticia_20160905140346_800.jpg 800w\" sizes=\"auto, (max-width: 360px) 100vw, 360px\" \/>La primera planta de desnitrificaci\u00f3n de Espa\u00f1a, en la Central T\u00e9rmica de Abo\u00f1o, ha empezado a funcionar en pruebas. EDP acaba de conectar la nueva instalaci\u00f3n al grupo 2 de la central, tras una breve parada en la que se han ultimado todos los trabajos necesarios para que est\u00e9 operativa. \u00abEstamos orgullosos de haber concluido la obra de la primera planta de desnitrificaci\u00f3n de Espa\u00f1a, cumpliendo calendario y presupuesto. Abo\u00f1o ser\u00e1 de nuevo una instalaci\u00f3n pionera. En 2007, fue la primera en poner en marcha una planta de desulfuraci\u00f3n y ahora da un paso m\u00e1s con la planta de desnitrificaci\u00f3n\u00bb, ha destacado el consejero delegado de EDP Espa\u00f1a, Miguel Stilwell d&#8217;Andrade.<\/p>\n<p>Durante las pr\u00f3ximas semanas, EDP completar\u00e1 la fase de pruebas y puesta a punto, que permitir\u00e1 que la planta est\u00e9 en pleno funcionamiento a finales de octubre. En este tiempo, la compa\u00f1\u00eda realizar\u00e1 ajustes en los equipos y sistemas de la nueva instalaci\u00f3n, reduciendo la emisi\u00f3n de \u00f3xidos de nitr\u00f3geno desde el primer d\u00eda.<\/p>\n<p>La operaci\u00f3n de la Central T\u00e9rmica de Abo\u00f1o con la planta de desnitrificaci\u00f3n permitir\u00e1 la generaci\u00f3n de energ\u00eda el\u00e9ctrica con carb\u00f3n, reduciendo las emisiones de \u00f3xidos de nitr\u00f3geno hasta en un 80%. Para ello, EDP ha invertido en este proyecto unos 90 millones de euros -incluyendo la planta de similares caracter\u00edsticas que est\u00e1 construyendo en la central de Soto de Ribera-, tras elegir la mejor tecnolog\u00eda disponible en el mercado, que contempla la transposici\u00f3n a Espa\u00f1a de la Directiva de la Uni\u00f3n Europea de Emisiones Industriales 2010\/75.<\/p>\n<p><strong>REDUCEN LAS EMISIONES DE LOS \u00d3XIDOS DE NITR\u00d3GENO<\/strong><\/p>\n<p>Las plantas de desnitrificaci\u00f3n reducen las emisiones de los \u00f3xidos de nitr\u00f3geno (NOx) presentes en los gases procedentes de la combusti\u00f3n del carb\u00f3n en la caldera. Estos gases pasan por un reactor, en el que se produce la transformaci\u00f3n de los \u00f3xidos de nitr\u00f3geno en vapor de agua y nitr\u00f3geno, sustancias no perjudiciales para el medio ambiente. De esta manera se pueden reducir las emisiones hasta en un 80%.<\/p>\n<p>La puesta en funcionamiento de la planta de desnitrificaci\u00f3n de Abo\u00f1o supone un paso m\u00e1s en el proyecto que EDP aprob\u00f3 en noviembre de 2014 para sus centrales de Soto de Ribera y Abo\u00f1o, adjudicado al consorcio formado por TSK y Mitsubishi Hitachi Power Systems.<\/p>\n<p>Los adjudicatarios del proyecto concluyeron el montaje de la planta de desnitrificaci\u00f3n a principios de agosto.<\/p>\n<p>En la construcci\u00f3n se han invertido m\u00e1s de 400.000 horas-hombre y han sido necesarias m\u00e1s de 3.000 toneladas de elementos met\u00e1licos para poder poner en pie la nueva instalaci\u00f3n, m\u00e1s de seis veces el peso del Elogio del Horizonte gijon\u00e9s. S\u00f3lo en la estructura se han colocado 1.400 toneladas y otras 1.000 en el reactor catal\u00edtico.<\/p>\n<p>En esta obra se han utilizado las mayores gr\u00faas de Asturias, con una capacidad de 70 toneladas a 110 metros de altura y un radio de 80 metros. Adem\u00e1s, la planta de desnitrificaci\u00f3n de Abo\u00f1o cuenta con m\u00e1s de 13.100 metros cuadrados de aislamiento t\u00e9rmico.<\/p>\n<p>Desde el inicio de las obras, m\u00e1s de 140 empresas diferentes, en su gran parte asturianas, han tomado parte en los diferentes trabajos. Han llegado a trabajar 300 personas, adem\u00e1s del equipo de la propia central.<\/p>\n<p>Adem\u00e1s, entre abril y junio de este a\u00f1o Abo\u00f1o se someti\u00f3 a una revisi\u00f3n general, en la que EDP invirti\u00f3 m\u00e1s de 20 millones de euros. Durante esta revisi\u00f3n, en la central trabajaron m\u00e1s de 1.000 personas. Estas cifras suponen un importante reto para la organizaci\u00f3n por las complejidades t\u00e9cnicas, preventivas y medioambientales que implica la concurrencia en el tiempo de un elevado n\u00famero de tareas y personas.<\/p>\n<p>Mientras en Abo\u00f1o se inicia la puesta en funcionamiento, en la central de Soto de Ribera contin\u00faan los trabajos de construcci\u00f3n de una planta de similares caracter\u00edsticas, que estar\u00e1 concluida en los primeros meses del pr\u00f3ximo a\u00f1o. La obra avanza al ritmo previsto.<\/p>\n<p>Tras este proyecto, EDP habr\u00e1 invertido m\u00e1s de 200 millones de euros en la \u00faltima d\u00e9cada en mejoras ambientales de sus centrales de generaci\u00f3n en Asturias. Este nivel de inversi\u00f3n, as\u00ed como la eficiencia en operaci\u00f3n y mantenimiento de los grupos de generaci\u00f3n, convierte a las centrales de EDP en las m\u00e1s eficientes del pa\u00eds.<br \/>\nLa construcci\u00f3n de estas dos plantas de desnitrificaci\u00f3n supone una importante inyecci\u00f3n econ\u00f3mica para el Principado de Asturias.<\/p>\n<p>&nbsp;<\/p>\n<p>&nbsp;<\/p>\n","protected":false},"excerpt":{"rendered":"<p>La primera planta de desnitrificaci\u00f3n de Espa\u00f1a, en la Central T\u00e9rmica de Abo\u00f1o, ha empezado a funcionar en pruebas. EDP acaba de conectar la nueva instalaci\u00f3n al grupo 2 de la central, tras una breve parada en la que se han ultimado todos los trabajos necesarios para que est\u00e9 operativa. \u00abEstamos orgullosos de haber concluido [&hellip;]<\/p>\n","protected":false},"author":1,"featured_media":905990,"comment_status":"closed","ping_status":"closed","sticky":false,"template":"","format":"standard","meta":{"footnotes":""},"categories":[1],"tags":[],"class_list":["post-905989","post","type-post","status-publish","format-standard","has-post-thumbnail","hentry","category-actualidad"],"aioseo_notices":[],"aioseo_head":"\n\t\t<!-- All in One SEO Pro 4.9.6.2 - aioseo.com -->\n\t<meta name=\"description\" content=\"La primera planta de desnitrificaci\u00f3n de Espa\u00f1a, en la Central T\u00e9rmica de Abo\u00f1o, ha empezado a funcionar en pruebas. EDP acaba de conectar la nueva instalaci\u00f3n al grupo 2 de la central, tras una breve parada en la que se han ultimado todos los trabajos necesarios para que est\u00e9 operativa. &quot;Estamos orgullosos de haber concluido\" \/>\n\t<meta name=\"robots\" content=\"max-image-preview:large\" \/>\n\t<meta name=\"author\" content=\"El Digital de Asturias\"\/>\n\t<meta name=\"google-site-verification\" content=\"UA-38556648-1\" \/>\n\t<meta name=\"msvalidate.01\" content=\"7dfe9f3f1b24437ab69f4f2559babe99\" \/>\n\t<meta name=\"keywords\" content=\"actualidad\" \/>\n\t<link rel=\"canonical\" href=\"https:\/\/www.eldigitaldeasturias.com\/noticias\/edp-pone-en-funcionamiento-su-planta-de-desnitrificacion-en-abono\/\" \/>\n\t<meta name=\"generator\" content=\"All in One SEO Pro (AIOSEO) 4.9.6.2\" \/>\n\t\t<meta property=\"og:locale\" content=\"es_ES\" \/>\n\t\t<meta property=\"og:site_name\" content=\"El Digital de Asturias\" \/>\n\t\t<meta property=\"og:type\" content=\"article\" \/>\n\t\t<meta property=\"og:title\" content=\"EDP pone en funcionamiento su planta de desnitrificaci\u00f3n en Abo\u00f1o - El Digital de Asturias\" \/>\n\t\t<meta property=\"og:description\" content=\"La primera planta de desnitrificaci\u00f3n de Espa\u00f1a, en la Central T\u00e9rmica de Abo\u00f1o, ha empezado a funcionar en pruebas. EDP acaba de conectar la nueva instalaci\u00f3n al grupo 2 de la central, tras una breve parada en la que se han ultimado todos los trabajos necesarios para que est\u00e9 operativa. &quot;Estamos orgullosos de haber concluido\" \/>\n\t\t<meta property=\"og:url\" content=\"https:\/\/www.eldigitaldeasturias.com\/noticias\/edp-pone-en-funcionamiento-su-planta-de-desnitrificacion-en-abono\/\" \/>\n\t\t<meta property=\"og:image\" content=\"https:\/\/www.eldigitaldeasturias.com\/noticias\/wp-content\/uploads\/2016\/09\/fotonoticia_20160905140346_800.jpg\" \/>\n\t\t<meta property=\"og:image:secure_url\" content=\"https:\/\/www.eldigitaldeasturias.com\/noticias\/wp-content\/uploads\/2016\/09\/fotonoticia_20160905140346_800.jpg\" \/>\n\t\t<meta property=\"og:image:width\" content=\"800\" \/>\n\t\t<meta property=\"og:image:height\" content=\"522\" \/>\n\t\t<meta property=\"article:tag\" content=\"actualidad\" \/>\n\t\t<meta property=\"article:published_time\" content=\"2016-09-05T23:31:40+00:00\" \/>\n\t\t<meta property=\"article:modified_time\" content=\"2016-09-05T23:31:40+00:00\" \/>\n\t\t<meta property=\"article:publisher\" content=\"https:\/\/facebook.com\/eldigitaldeasturias\" \/>\n\t\t<meta name=\"twitter:card\" content=\"summary_large_image\" \/>\n\t\t<meta name=\"twitter:title\" content=\"EDP pone en funcionamiento su planta de desnitrificaci\u00f3n en Abo\u00f1o - El Digital de Asturias\" \/>\n\t\t<meta name=\"twitter:description\" content=\"La primera planta de desnitrificaci\u00f3n de Espa\u00f1a, en la Central T\u00e9rmica de Abo\u00f1o, ha empezado a funcionar en pruebas. EDP acaba de conectar la nueva instalaci\u00f3n al grupo 2 de la central, tras una breve parada en la que se han ultimado todos los trabajos necesarios para que est\u00e9 operativa. &quot;Estamos orgullosos de haber concluido\" \/>\n\t\t<meta name=\"twitter:image\" content=\"https:\/\/www.eldigitaldeasturias.com\/noticias\/wp-content\/uploads\/2016\/09\/fotonoticia_20160905140346_800.jpg\" \/>\n\t\t<meta name=\"twitter:label1\" content=\"Escrito por\" \/>\n\t\t<meta name=\"twitter:data1\" content=\"El Digital de Asturias\" \/>\n\t\t<meta name=\"twitter:label2\" content=\"Tiempo de lectura estimado\" \/>\n\t\t<meta name=\"twitter:data2\" content=\"4 minutos\" \/>\n\t\t<script type=\"application\/ld+json\" class=\"aioseo-schema\">\n\t\t\t{\"@context\":\"https:\\\/\\\/schema.org\",\"@graph\":[{\"@type\":\"BlogPosting\",\"@id\":\"https:\\\/\\\/www.eldigitaldeasturias.com\\\/noticias\\\/edp-pone-en-funcionamiento-su-planta-de-desnitrificacion-en-abono\\\/#blogposting\",\"name\":\"EDP pone en funcionamiento su planta de desnitrificaci\\u00f3n en Abo\\u00f1o - El Digital de Asturias\",\"headline\":\"EDP pone en funcionamiento su planta de desnitrificaci\\u00f3n en Abo\\u00f1o\",\"author\":{\"@id\":\"https:\\\/\\\/www.eldigitaldeasturias.com\\\/noticias\\\/author\\\/admin\\\/#author\"},\"publisher\":{\"@id\":\"https:\\\/\\\/www.eldigitaldeasturias.com\\\/noticias\\\/#organization\"},\"image\":{\"@type\":\"ImageObject\",\"url\":\"https:\\\/\\\/www.eldigitaldeasturias.com\\\/noticias\\\/wp-content\\\/uploads\\\/2016\\\/09\\\/fotonoticia_20160905140346_800.jpg\",\"width\":800,\"height\":522},\"datePublished\":\"2016-09-06T00:31:40+02:00\",\"dateModified\":\"2016-09-06T00:31:40+02:00\",\"inLanguage\":\"es-ES\",\"mainEntityOfPage\":{\"@id\":\"https:\\\/\\\/www.eldigitaldeasturias.com\\\/noticias\\\/edp-pone-en-funcionamiento-su-planta-de-desnitrificacion-en-abono\\\/#webpage\"},\"isPartOf\":{\"@id\":\"https:\\\/\\\/www.eldigitaldeasturias.com\\\/noticias\\\/edp-pone-en-funcionamiento-su-planta-de-desnitrificacion-en-abono\\\/#webpage\"},\"articleSection\":\"Actualidad\"},{\"@type\":\"BreadcrumbList\",\"@id\":\"https:\\\/\\\/www.eldigitaldeasturias.com\\\/noticias\\\/edp-pone-en-funcionamiento-su-planta-de-desnitrificacion-en-abono\\\/#breadcrumblist\",\"itemListElement\":[{\"@type\":\"ListItem\",\"@id\":\"https:\\\/\\\/www.eldigitaldeasturias.com\\\/noticias#listItem\",\"position\":1,\"name\":\"Home\",\"item\":\"https:\\\/\\\/www.eldigitaldeasturias.com\\\/noticias\",\"nextItem\":{\"@type\":\"ListItem\",\"@id\":\"https:\\\/\\\/www.eldigitaldeasturias.com\\\/noticias\\\/category\\\/actualidad\\\/#listItem\",\"name\":\"Actualidad\"}},{\"@type\":\"ListItem\",\"@id\":\"https:\\\/\\\/www.eldigitaldeasturias.com\\\/noticias\\\/category\\\/actualidad\\\/#listItem\",\"position\":2,\"name\":\"Actualidad\",\"item\":\"https:\\\/\\\/www.eldigitaldeasturias.com\\\/noticias\\\/category\\\/actualidad\\\/\",\"nextItem\":{\"@type\":\"ListItem\",\"@id\":\"https:\\\/\\\/www.eldigitaldeasturias.com\\\/noticias\\\/edp-pone-en-funcionamiento-su-planta-de-desnitrificacion-en-abono\\\/#listItem\",\"name\":\"EDP pone en funcionamiento su planta de desnitrificaci\\u00f3n en Abo\\u00f1o\"},\"previousItem\":{\"@type\":\"ListItem\",\"@id\":\"https:\\\/\\\/www.eldigitaldeasturias.com\\\/noticias#listItem\",\"name\":\"Home\"}},{\"@type\":\"ListItem\",\"@id\":\"https:\\\/\\\/www.eldigitaldeasturias.com\\\/noticias\\\/edp-pone-en-funcionamiento-su-planta-de-desnitrificacion-en-abono\\\/#listItem\",\"position\":3,\"name\":\"EDP pone en funcionamiento su planta de desnitrificaci\\u00f3n en Abo\\u00f1o\",\"previousItem\":{\"@type\":\"ListItem\",\"@id\":\"https:\\\/\\\/www.eldigitaldeasturias.com\\\/noticias\\\/category\\\/actualidad\\\/#listItem\",\"name\":\"Actualidad\"}}]},{\"@type\":\"Organization\",\"@id\":\"https:\\\/\\\/www.eldigitaldeasturias.com\\\/noticias\\\/#organization\",\"name\":\"El Digital de Asturias\",\"description\":\"Hemeroteca\",\"url\":\"https:\\\/\\\/www.eldigitaldeasturias.com\\\/noticias\\\/\",\"email\":\"info@eldigitaldeasturias.com\",\"telephone\":\"+34652131393\",\"logo\":{\"@type\":\"ImageObject\",\"url\":\"https:\\\/\\\/www.eldigitaldeasturias.com\\\/noticias\\\/wp-content\\\/uploads\\\/2020\\\/12\\\/EDA.jpg\",\"@id\":\"https:\\\/\\\/www.eldigitaldeasturias.com\\\/noticias\\\/edp-pone-en-funcionamiento-su-planta-de-desnitrificacion-en-abono\\\/#organizationLogo\",\"width\":649,\"height\":297},\"image\":{\"@id\":\"https:\\\/\\\/www.eldigitaldeasturias.com\\\/noticias\\\/edp-pone-en-funcionamiento-su-planta-de-desnitrificacion-en-abono\\\/#organizationLogo\"},\"sameAs\":[\"https:\\\/\\\/facebook.com\\\/eldigitaldeasturias\",\"https:\\\/\\\/www.youtube.com\\\/channel\\\/UCZP-2wLEB9Rv6erhFmqVnvg\"],\"address\":{\"@id\":\"https:\\\/\\\/www.eldigitaldeasturias.com\\\/noticias\\\/#postaladdress\",\"@type\":\"PostalAddress\",\"streetAddress\":\"san antonio 4,\",\"postalCode\":\"33430\",\"addressLocality\":\"Cand\\u00e1s\",\"addressRegion\":\"Asturias\",\"addressCountry\":\"ES\"}},{\"@type\":\"Person\",\"@id\":\"https:\\\/\\\/www.eldigitaldeasturias.com\\\/noticias\\\/author\\\/admin\\\/#author\",\"url\":\"https:\\\/\\\/www.eldigitaldeasturias.com\\\/noticias\\\/author\\\/admin\\\/\",\"name\":\"El Digital de Asturias\",\"image\":{\"@type\":\"ImageObject\",\"@id\":\"https:\\\/\\\/www.eldigitaldeasturias.com\\\/noticias\\\/edp-pone-en-funcionamiento-su-planta-de-desnitrificacion-en-abono\\\/#authorImage\",\"url\":\"https:\\\/\\\/www.eldigitaldeasturias.com\\\/noticias\\\/wp-content\\\/litespeed\\\/avatar\\\/18677e78aa0546b92d9dbf31ec7d7668.jpg?ver=1777290358\",\"width\":96,\"height\":96,\"caption\":\"El Digital de Asturias\"}},{\"@type\":\"WebPage\",\"@id\":\"https:\\\/\\\/www.eldigitaldeasturias.com\\\/noticias\\\/edp-pone-en-funcionamiento-su-planta-de-desnitrificacion-en-abono\\\/#webpage\",\"url\":\"https:\\\/\\\/www.eldigitaldeasturias.com\\\/noticias\\\/edp-pone-en-funcionamiento-su-planta-de-desnitrificacion-en-abono\\\/\",\"name\":\"EDP pone en funcionamiento su planta de desnitrificaci\\u00f3n en Abo\\u00f1o - El Digital de Asturias\",\"description\":\"La primera planta de desnitrificaci\\u00f3n de Espa\\u00f1a, en la Central T\\u00e9rmica de Abo\\u00f1o, ha empezado a funcionar en pruebas. EDP acaba de conectar la nueva instalaci\\u00f3n al grupo 2 de la central, tras una breve parada en la que se han ultimado todos los trabajos necesarios para que est\\u00e9 operativa. \\\"Estamos orgullosos de haber concluido\",\"inLanguage\":\"es-ES\",\"isPartOf\":{\"@id\":\"https:\\\/\\\/www.eldigitaldeasturias.com\\\/noticias\\\/#website\"},\"breadcrumb\":{\"@id\":\"https:\\\/\\\/www.eldigitaldeasturias.com\\\/noticias\\\/edp-pone-en-funcionamiento-su-planta-de-desnitrificacion-en-abono\\\/#breadcrumblist\"},\"author\":{\"@id\":\"https:\\\/\\\/www.eldigitaldeasturias.com\\\/noticias\\\/author\\\/admin\\\/#author\"},\"creator\":{\"@id\":\"https:\\\/\\\/www.eldigitaldeasturias.com\\\/noticias\\\/author\\\/admin\\\/#author\"},\"image\":{\"@type\":\"ImageObject\",\"url\":\"https:\\\/\\\/www.eldigitaldeasturias.com\\\/noticias\\\/wp-content\\\/uploads\\\/2016\\\/09\\\/fotonoticia_20160905140346_800.jpg\",\"@id\":\"https:\\\/\\\/www.eldigitaldeasturias.com\\\/noticias\\\/edp-pone-en-funcionamiento-su-planta-de-desnitrificacion-en-abono\\\/#mainImage\",\"width\":800,\"height\":522},\"primaryImageOfPage\":{\"@id\":\"https:\\\/\\\/www.eldigitaldeasturias.com\\\/noticias\\\/edp-pone-en-funcionamiento-su-planta-de-desnitrificacion-en-abono\\\/#mainImage\"},\"datePublished\":\"2016-09-06T00:31:40+02:00\",\"dateModified\":\"2016-09-06T00:31:40+02:00\"},{\"@type\":\"WebSite\",\"@id\":\"https:\\\/\\\/www.eldigitaldeasturias.com\\\/noticias\\\/#website\",\"url\":\"https:\\\/\\\/www.eldigitaldeasturias.com\\\/noticias\\\/\",\"name\":\"El Digital de Asturias - Diario de actualidad y noticias\",\"alternateName\":\"El Digital de Asturias - Diario de actualidad y noticias\",\"description\":\"Hemeroteca\",\"inLanguage\":\"es-ES\",\"publisher\":{\"@id\":\"https:\\\/\\\/www.eldigitaldeasturias.com\\\/noticias\\\/#organization\"}}]}\n\t\t<\/script>\n\t\t<!-- All in One SEO Pro -->\r\n\t\t<title>EDP pone en funcionamiento su planta de desnitrificaci\u00f3n en Abo\u00f1o - El Digital de Asturias<\/title>\n\n","aioseo_head_json":{"title":"EDP pone en funcionamiento su planta de desnitrificaci\u00f3n en Abo\u00f1o - El Digital de Asturias","description":"La primera planta de desnitrificaci\u00f3n de Espa\u00f1a, en la Central T\u00e9rmica de Abo\u00f1o, ha empezado a funcionar en pruebas. EDP acaba de conectar la nueva instalaci\u00f3n al grupo 2 de la central, tras una breve parada en la que se han ultimado todos los trabajos necesarios para que est\u00e9 operativa. \"Estamos orgullosos de haber concluido","canonical_url":"https:\/\/www.eldigitaldeasturias.com\/noticias\/edp-pone-en-funcionamiento-su-planta-de-desnitrificacion-en-abono\/","robots":"max-image-preview:large","keywords":"actualidad","webmasterTools":{"google-site-verification":"UA-38556648-1","msvalidate.01":"7dfe9f3f1b24437ab69f4f2559babe99","miscellaneous":""},"schema":{"@context":"https:\/\/schema.org","@graph":[{"@type":"BlogPosting","@id":"https:\/\/www.eldigitaldeasturias.com\/noticias\/edp-pone-en-funcionamiento-su-planta-de-desnitrificacion-en-abono\/#blogposting","name":"EDP pone en funcionamiento su planta de desnitrificaci\u00f3n en Abo\u00f1o - El Digital de Asturias","headline":"EDP pone en funcionamiento su planta de desnitrificaci\u00f3n en Abo\u00f1o","author":{"@id":"https:\/\/www.eldigitaldeasturias.com\/noticias\/author\/admin\/#author"},"publisher":{"@id":"https:\/\/www.eldigitaldeasturias.com\/noticias\/#organization"},"image":{"@type":"ImageObject","url":"https:\/\/www.eldigitaldeasturias.com\/noticias\/wp-content\/uploads\/2016\/09\/fotonoticia_20160905140346_800.jpg","width":800,"height":522},"datePublished":"2016-09-06T00:31:40+02:00","dateModified":"2016-09-06T00:31:40+02:00","inLanguage":"es-ES","mainEntityOfPage":{"@id":"https:\/\/www.eldigitaldeasturias.com\/noticias\/edp-pone-en-funcionamiento-su-planta-de-desnitrificacion-en-abono\/#webpage"},"isPartOf":{"@id":"https:\/\/www.eldigitaldeasturias.com\/noticias\/edp-pone-en-funcionamiento-su-planta-de-desnitrificacion-en-abono\/#webpage"},"articleSection":"Actualidad"},{"@type":"BreadcrumbList","@id":"https:\/\/www.eldigitaldeasturias.com\/noticias\/edp-pone-en-funcionamiento-su-planta-de-desnitrificacion-en-abono\/#breadcrumblist","itemListElement":[{"@type":"ListItem","@id":"https:\/\/www.eldigitaldeasturias.com\/noticias#listItem","position":1,"name":"Home","item":"https:\/\/www.eldigitaldeasturias.com\/noticias","nextItem":{"@type":"ListItem","@id":"https:\/\/www.eldigitaldeasturias.com\/noticias\/category\/actualidad\/#listItem","name":"Actualidad"}},{"@type":"ListItem","@id":"https:\/\/www.eldigitaldeasturias.com\/noticias\/category\/actualidad\/#listItem","position":2,"name":"Actualidad","item":"https:\/\/www.eldigitaldeasturias.com\/noticias\/category\/actualidad\/","nextItem":{"@type":"ListItem","@id":"https:\/\/www.eldigitaldeasturias.com\/noticias\/edp-pone-en-funcionamiento-su-planta-de-desnitrificacion-en-abono\/#listItem","name":"EDP pone en funcionamiento su planta de desnitrificaci\u00f3n en Abo\u00f1o"},"previousItem":{"@type":"ListItem","@id":"https:\/\/www.eldigitaldeasturias.com\/noticias#listItem","name":"Home"}},{"@type":"ListItem","@id":"https:\/\/www.eldigitaldeasturias.com\/noticias\/edp-pone-en-funcionamiento-su-planta-de-desnitrificacion-en-abono\/#listItem","position":3,"name":"EDP pone en funcionamiento su planta de desnitrificaci\u00f3n en Abo\u00f1o","previousItem":{"@type":"ListItem","@id":"https:\/\/www.eldigitaldeasturias.com\/noticias\/category\/actualidad\/#listItem","name":"Actualidad"}}]},{"@type":"Organization","@id":"https:\/\/www.eldigitaldeasturias.com\/noticias\/#organization","name":"El Digital de Asturias","description":"Hemeroteca","url":"https:\/\/www.eldigitaldeasturias.com\/noticias\/","email":"info@eldigitaldeasturias.com","telephone":"+34652131393","logo":{"@type":"ImageObject","url":"https:\/\/www.eldigitaldeasturias.com\/noticias\/wp-content\/uploads\/2020\/12\/EDA.jpg","@id":"https:\/\/www.eldigitaldeasturias.com\/noticias\/edp-pone-en-funcionamiento-su-planta-de-desnitrificacion-en-abono\/#organizationLogo","width":649,"height":297},"image":{"@id":"https:\/\/www.eldigitaldeasturias.com\/noticias\/edp-pone-en-funcionamiento-su-planta-de-desnitrificacion-en-abono\/#organizationLogo"},"sameAs":["https:\/\/facebook.com\/eldigitaldeasturias","https:\/\/www.youtube.com\/channel\/UCZP-2wLEB9Rv6erhFmqVnvg"],"address":{"@id":"https:\/\/www.eldigitaldeasturias.com\/noticias\/#postaladdress","@type":"PostalAddress","streetAddress":"san antonio 4,","postalCode":"33430","addressLocality":"Cand\u00e1s","addressRegion":"Asturias","addressCountry":"ES"}},{"@type":"Person","@id":"https:\/\/www.eldigitaldeasturias.com\/noticias\/author\/admin\/#author","url":"https:\/\/www.eldigitaldeasturias.com\/noticias\/author\/admin\/","name":"El Digital de Asturias","image":{"@type":"ImageObject","@id":"https:\/\/www.eldigitaldeasturias.com\/noticias\/edp-pone-en-funcionamiento-su-planta-de-desnitrificacion-en-abono\/#authorImage","url":"https:\/\/www.eldigitaldeasturias.com\/noticias\/wp-content\/litespeed\/avatar\/18677e78aa0546b92d9dbf31ec7d7668.jpg?ver=1777290358","width":96,"height":96,"caption":"El Digital de Asturias"}},{"@type":"WebPage","@id":"https:\/\/www.eldigitaldeasturias.com\/noticias\/edp-pone-en-funcionamiento-su-planta-de-desnitrificacion-en-abono\/#webpage","url":"https:\/\/www.eldigitaldeasturias.com\/noticias\/edp-pone-en-funcionamiento-su-planta-de-desnitrificacion-en-abono\/","name":"EDP pone en funcionamiento su planta de desnitrificaci\u00f3n en Abo\u00f1o - El Digital de Asturias","description":"La primera planta de desnitrificaci\u00f3n de Espa\u00f1a, en la Central T\u00e9rmica de Abo\u00f1o, ha empezado a funcionar en pruebas. EDP acaba de conectar la nueva instalaci\u00f3n al grupo 2 de la central, tras una breve parada en la que se han ultimado todos los trabajos necesarios para que est\u00e9 operativa. \"Estamos orgullosos de haber concluido","inLanguage":"es-ES","isPartOf":{"@id":"https:\/\/www.eldigitaldeasturias.com\/noticias\/#website"},"breadcrumb":{"@id":"https:\/\/www.eldigitaldeasturias.com\/noticias\/edp-pone-en-funcionamiento-su-planta-de-desnitrificacion-en-abono\/#breadcrumblist"},"author":{"@id":"https:\/\/www.eldigitaldeasturias.com\/noticias\/author\/admin\/#author"},"creator":{"@id":"https:\/\/www.eldigitaldeasturias.com\/noticias\/author\/admin\/#author"},"image":{"@type":"ImageObject","url":"https:\/\/www.eldigitaldeasturias.com\/noticias\/wp-content\/uploads\/2016\/09\/fotonoticia_20160905140346_800.jpg","@id":"https:\/\/www.eldigitaldeasturias.com\/noticias\/edp-pone-en-funcionamiento-su-planta-de-desnitrificacion-en-abono\/#mainImage","width":800,"height":522},"primaryImageOfPage":{"@id":"https:\/\/www.eldigitaldeasturias.com\/noticias\/edp-pone-en-funcionamiento-su-planta-de-desnitrificacion-en-abono\/#mainImage"},"datePublished":"2016-09-06T00:31:40+02:00","dateModified":"2016-09-06T00:31:40+02:00"},{"@type":"WebSite","@id":"https:\/\/www.eldigitaldeasturias.com\/noticias\/#website","url":"https:\/\/www.eldigitaldeasturias.com\/noticias\/","name":"El Digital de Asturias - Diario de actualidad y noticias","alternateName":"El Digital de Asturias - Diario de actualidad y noticias","description":"Hemeroteca","inLanguage":"es-ES","publisher":{"@id":"https:\/\/www.eldigitaldeasturias.com\/noticias\/#organization"}}]},"og:locale":"es_ES","og:site_name":"El Digital de Asturias","og:type":"article","og:title":"EDP pone en funcionamiento su planta de desnitrificaci\u00f3n en Abo\u00f1o - El Digital de Asturias","og:description":"La primera planta de desnitrificaci\u00f3n de Espa\u00f1a, en la Central T\u00e9rmica de Abo\u00f1o, ha empezado a funcionar en pruebas. EDP acaba de conectar la nueva instalaci\u00f3n al grupo 2 de la central, tras una breve parada en la que se han ultimado todos los trabajos necesarios para que est\u00e9 operativa. &quot;Estamos orgullosos de haber concluido","og:url":"https:\/\/www.eldigitaldeasturias.com\/noticias\/edp-pone-en-funcionamiento-su-planta-de-desnitrificacion-en-abono\/","og:image":"https:\/\/www.eldigitaldeasturias.com\/noticias\/wp-content\/uploads\/2016\/09\/fotonoticia_20160905140346_800.jpg","og:image:secure_url":"https:\/\/www.eldigitaldeasturias.com\/noticias\/wp-content\/uploads\/2016\/09\/fotonoticia_20160905140346_800.jpg","og:image:width":800,"og:image:height":522,"article:tag":["actualidad"],"article:published_time":"2016-09-05T23:31:40+00:00","article:modified_time":"2016-09-05T23:31:40+00:00","article:publisher":"https:\/\/facebook.com\/eldigitaldeasturias","twitter:card":"summary_large_image","twitter:title":"EDP pone en funcionamiento su planta de desnitrificaci\u00f3n en Abo\u00f1o - El Digital de Asturias","twitter:description":"La primera planta de desnitrificaci\u00f3n de Espa\u00f1a, en la Central T\u00e9rmica de Abo\u00f1o, ha empezado a funcionar en pruebas. EDP acaba de conectar la nueva instalaci\u00f3n al grupo 2 de la central, tras una breve parada en la que se han ultimado todos los trabajos necesarios para que est\u00e9 operativa. &quot;Estamos orgullosos de haber concluido","twitter:image":"https:\/\/www.eldigitaldeasturias.com\/noticias\/wp-content\/uploads\/2016\/09\/fotonoticia_20160905140346_800.jpg","twitter:label1":"Escrito por","twitter:data1":"El Digital de Asturias","twitter:label2":"Tiempo de lectura estimado","twitter:data2":"4 minutos"},"aioseo_meta_data":{"post_id":"905989","title":null,"description":null,"keywords":null,"keyphrases":null,"primary_term":null,"canonical_url":null,"og_title":null,"og_description":null,"og_object_type":"default","og_image_type":"default","og_image_url":null,"og_image_width":null,"og_image_height":null,"og_image_custom_url":null,"og_image_custom_fields":null,"og_video":null,"og_custom_url":null,"og_article_section":null,"og_article_tags":null,"twitter_use_og":false,"twitter_card":"default","twitter_image_type":"default","twitter_image_url":null,"twitter_image_custom_url":null,"twitter_image_custom_fields":null,"twitter_title":null,"twitter_description":null,"schema":{"blockGraphs":[],"customGraphs":[],"default":{"data":{"Article":[],"Course":[],"Dataset":[],"FAQPage":[],"Movie":[],"Person":[],"Product":[],"ProductReview":[],"Car":[],"Recipe":[],"Service":[],"SoftwareApplication":[],"WebPage":[]},"graphName":"","isEnabled":true},"graphs":[],"defaultGraph":"","defaultPostTypeGraph":""},"schema_type":null,"schema_type_options":null,"pillar_content":false,"robots_default":true,"robots_noindex":false,"robots_noarchive":false,"robots_nosnippet":false,"robots_nofollow":false,"robots_noimageindex":false,"robots_noodp":false,"robots_notranslate":false,"robots_max_snippet":null,"robots_max_videopreview":null,"robots_max_imagepreview":"large","priority":null,"frequency":null,"local_seo":null,"seo_analyzer_scan_date":"2025-11-30 07:30:21","breadcrumb_settings":null,"limit_modified_date":false,"open_ai":null,"ai":null,"created":"2020-12-21 14:02:05","updated":"2025-11-30 07:30:21"},"aioseo_breadcrumb":"<div class=\"aioseo-breadcrumbs\"><span class=\"aioseo-breadcrumb\">\n\t<a href=\"https:\/\/www.eldigitaldeasturias.com\/noticias\" title=\"Home\">Home<\/a>\n<\/span><span class=\"aioseo-breadcrumb-separator\">\u2013<\/span><span class=\"aioseo-breadcrumb\">\n\t<a href=\"https:\/\/www.eldigitaldeasturias.com\/noticias\/category\/actualidad\/\" title=\"Actualidad\">Actualidad<\/a>\n<\/span><span class=\"aioseo-breadcrumb-separator\">\u2013<\/span><span class=\"aioseo-breadcrumb\">\n\t<a href=\"https:\/\/www.eldigitaldeasturias.com\/noticias\/edp-pone-en-funcionamiento-su-planta-de-desnitrificacion-en-abono\/\" title=\"EDP pone en funcionamiento su planta de desnitrificaci\u00f3n en Abo\u00f1o\">EDP pone en funcionamiento su planta de desnitrificaci\u00f3n en Abo\u00f1o<\/a>\n<\/span><\/div>","aioseo_breadcrumb_json":[{"label":"Home","link":"https:\/\/www.eldigitaldeasturias.com\/noticias"},{"label":"Actualidad","link":"https:\/\/www.eldigitaldeasturias.com\/noticias\/category\/actualidad\/"},{"label":"EDP pone en funcionamiento su planta de desnitrificaci\u00f3n en Abo\u00f1o","link":"https:\/\/www.eldigitaldeasturias.com\/noticias\/edp-pone-en-funcionamiento-su-planta-de-desnitrificacion-en-abono\/"}],"_links":{"self":[{"href":"https:\/\/www.eldigitaldeasturias.com\/noticias\/wp-json\/wp\/v2\/posts\/905989","targetHints":{"allow":["GET"]}}],"collection":[{"href":"https:\/\/www.eldigitaldeasturias.com\/noticias\/wp-json\/wp\/v2\/posts"}],"about":[{"href":"https:\/\/www.eldigitaldeasturias.com\/noticias\/wp-json\/wp\/v2\/types\/post"}],"author":[{"embeddable":true,"href":"https:\/\/www.eldigitaldeasturias.com\/noticias\/wp-json\/wp\/v2\/users\/1"}],"replies":[{"embeddable":true,"href":"https:\/\/www.eldigitaldeasturias.com\/noticias\/wp-json\/wp\/v2\/comments?post=905989"}],"version-history":[{"count":0,"href":"https:\/\/www.eldigitaldeasturias.com\/noticias\/wp-json\/wp\/v2\/posts\/905989\/revisions"}],"wp:featuredmedia":[{"embeddable":true,"href":"https:\/\/www.eldigitaldeasturias.com\/noticias\/wp-json\/wp\/v2\/media\/905990"}],"wp:attachment":[{"href":"https:\/\/www.eldigitaldeasturias.com\/noticias\/wp-json\/wp\/v2\/media?parent=905989"}],"wp:term":[{"taxonomy":"category","embeddable":true,"href":"https:\/\/www.eldigitaldeasturias.com\/noticias\/wp-json\/wp\/v2\/categories?post=905989"},{"taxonomy":"post_tag","embeddable":true,"href":"https:\/\/www.eldigitaldeasturias.com\/noticias\/wp-json\/wp\/v2\/tags?post=905989"}],"curies":[{"name":"wp","href":"https:\/\/api.w.org\/{rel}","templated":true}]}}