{"id":905986,"date":"2016-09-06T00:28:13","date_gmt":"2016-09-05T23:28:13","guid":{"rendered":"http:\/\/www.eldigitaldeasturias.com\/noticias\/?p=905986"},"modified":"2016-09-06T00:28:13","modified_gmt":"2016-09-05T23:28:13","slug":"fernando-lastra-recuerda-a-podemos-que-ya-hay-una-negociacion-presupuestaria-en-marcha","status":"publish","type":"post","link":"https:\/\/www.eldigitaldeasturias.com\/noticias\/fernando-lastra-recuerda-a-podemos-que-ya-hay-una-negociacion-presupuestaria-en-marcha\/","title":{"rendered":"Fernando Lastra recuerda a Podemos que ya hay una negociaci\u00f3n presupuestaria en marcha"},"content":{"rendered":"<p><img loading=\"lazy\" decoding=\"async\" class=\"alignleft size-medium wp-image-905987\" src=\"https:\/\/www.eldigitaldeasturias.com\/noticias\/wp-content\/uploads\/2016\/09\/fotonoticia_20160905140054_800-360x240.jpg\" alt=\"fotonoticia_20160905140054_800\" width=\"360\" height=\"240\" srcset=\"https:\/\/www.eldigitaldeasturias.com\/noticias\/wp-content\/uploads\/2016\/09\/fotonoticia_20160905140054_800-360x240.jpg 360w, https:\/\/www.eldigitaldeasturias.com\/noticias\/wp-content\/uploads\/2016\/09\/fotonoticia_20160905140054_800-768x513.jpg 768w, https:\/\/www.eldigitaldeasturias.com\/noticias\/wp-content\/uploads\/2016\/09\/fotonoticia_20160905140054_800-650x434.jpg 650w, https:\/\/www.eldigitaldeasturias.com\/noticias\/wp-content\/uploads\/2016\/09\/fotonoticia_20160905140054_800-84x55.jpg 84w, https:\/\/www.eldigitaldeasturias.com\/noticias\/wp-content\/uploads\/2016\/09\/fotonoticia_20160905140054_800-49x32.jpg 49w, https:\/\/www.eldigitaldeasturias.com\/noticias\/wp-content\/uploads\/2016\/09\/fotonoticia_20160905140054_800.jpg 800w\" sizes=\"auto, (max-width: 360px) 100vw, 360px\" \/>El portavoz del PSOE en la Junta General del Principado de Asturias (JGPA), Fernando Lastra, ha querido recordar este lunes a Podemos que ya existe una negociaci\u00f3n presupuestaria en marcha y haa instado a la formaci\u00f3n morada a que explique cu\u00e1les son las objeciones a la oferta en materia fiscal que se le hizo desde el PSOE en junio.<\/p>\n<p>Lastra se ha pronunciado en estos t\u00e9rminos ante los medios de comunicaci\u00f3n en los pasillos del parlamento asturiano, donde previamente el portavoz de Podemos, Emilio Le\u00f3n, pusiera en duda la voluntad de di\u00e1logo sobre los presupuestos regionales de 2017 por parte del presidente asturiano, el socialista Javier Fern\u00e1ndez.<\/p>\n<p>\u00abHay una propuesta para acordar presupuesto, en la que nosotros nos mantenemos con m\u00e1ximo rigor, les estamos trasladando informaci\u00f3n\u00bb, ha apuntado el parlamentario socialista. Ha a\u00f1adido que no han recibido respuesta por parte de Podemos en relaci\u00f3n a cu\u00e1les son sus objeciones.<\/p>\n<p>En su opini\u00f3n, para hablar de presupuestos es importante empezar discutiendo sobre los ingresos, tal y como ha planteado el PSOE, para despu\u00e9s avanzar en lo que se refiere a la orientaci\u00f3n del gasto.<\/p>\n<p>Por otro lado, preguntado sobre si considera viable un acuerdo de investidura para que el secretario general del PSOE, Pedro S\u00e1nchez, sea presidente de gobierno con el apoyo de Ciudadanos y Podemos, Lastra ha preferido evitar responder. \u00abYa tendr\u00e9 momento para opinar de lo nacional, no es este\u00bb, se ha limitado a decir.<\/p>\n<p>&nbsp;<\/p>\n","protected":false},"excerpt":{"rendered":"<p>El portavoz del PSOE en la Junta General del Principado de Asturias (JGPA), Fernando Lastra, ha querido recordar este lunes a Podemos que ya existe una negociaci\u00f3n presupuestaria en marcha y haa instado a la formaci\u00f3n morada a que explique cu\u00e1les son las objeciones a la oferta en materia fiscal que se le hizo desde [&hellip;]<\/p>\n","protected":false},"author":1,"featured_media":905987,"comment_status":"closed","ping_status":"closed","sticky":false,"template":"","format":"standard","meta":{"footnotes":""},"categories":[12],"tags":[],"class_list":["post-905986","post","type-post","status-publish","format-standard","has-post-thumbnail","hentry","category-actualidad-asturias"],"aioseo_notices":[],"aioseo_head":"\n\t\t<!-- All in One SEO Pro 4.9.6.2 - aioseo.com -->\n\t<meta name=\"description\" content=\"El portavoz del PSOE en la Junta General del Principado de Asturias (JGPA), Fernando Lastra, ha querido recordar este lunes a Podemos que ya existe una negociaci\u00f3n presupuestaria en marcha y haa instado a la formaci\u00f3n morada a que explique cu\u00e1les son las objeciones a la oferta en materia fiscal que se le hizo desde\" \/>\n\t<meta name=\"robots\" content=\"max-image-preview:large\" \/>\n\t<meta name=\"author\" content=\"El Digital de Asturias\"\/>\n\t<meta name=\"google-site-verification\" content=\"UA-38556648-1\" \/>\n\t<meta name=\"msvalidate.01\" content=\"7dfe9f3f1b24437ab69f4f2559babe99\" \/>\n\t<meta name=\"keywords\" content=\"actualidad asturias\" \/>\n\t<link rel=\"canonical\" href=\"https:\/\/www.eldigitaldeasturias.com\/noticias\/fernando-lastra-recuerda-a-podemos-que-ya-hay-una-negociacion-presupuestaria-en-marcha\/\" \/>\n\t<meta name=\"generator\" content=\"All in One SEO Pro (AIOSEO) 4.9.6.2\" \/>\n\t\t<meta property=\"og:locale\" content=\"es_ES\" \/>\n\t\t<meta property=\"og:site_name\" content=\"El Digital de Asturias\" \/>\n\t\t<meta property=\"og:type\" content=\"article\" \/>\n\t\t<meta property=\"og:title\" content=\"Fernando Lastra recuerda a Podemos que ya hay una negociaci\u00f3n presupuestaria en marcha - El Digital de Asturias\" \/>\n\t\t<meta property=\"og:description\" content=\"El portavoz del PSOE en la Junta General del Principado de Asturias (JGPA), Fernando Lastra, ha querido recordar este lunes a Podemos que ya existe una negociaci\u00f3n presupuestaria en marcha y haa instado a la formaci\u00f3n morada a que explique cu\u00e1les son las objeciones a la oferta en materia fiscal que se le hizo desde\" \/>\n\t\t<meta property=\"og:url\" content=\"https:\/\/www.eldigitaldeasturias.com\/noticias\/fernando-lastra-recuerda-a-podemos-que-ya-hay-una-negociacion-presupuestaria-en-marcha\/\" \/>\n\t\t<meta property=\"og:image\" content=\"https:\/\/www.eldigitaldeasturias.com\/noticias\/wp-content\/uploads\/2016\/09\/fotonoticia_20160905140054_800.jpg\" \/>\n\t\t<meta property=\"og:image:secure_url\" content=\"https:\/\/www.eldigitaldeasturias.com\/noticias\/wp-content\/uploads\/2016\/09\/fotonoticia_20160905140054_800.jpg\" \/>\n\t\t<meta property=\"og:image:width\" content=\"800\" \/>\n\t\t<meta property=\"og:image:height\" content=\"534\" \/>\n\t\t<meta property=\"article:tag\" content=\"actualidad asturias\" \/>\n\t\t<meta property=\"article:published_time\" content=\"2016-09-05T23:28:13+00:00\" \/>\n\t\t<meta property=\"article:modified_time\" content=\"2016-09-05T23:28:13+00:00\" \/>\n\t\t<meta property=\"article:publisher\" content=\"https:\/\/facebook.com\/eldigitaldeasturias\" \/>\n\t\t<meta name=\"twitter:card\" content=\"summary_large_image\" \/>\n\t\t<meta name=\"twitter:title\" content=\"Fernando Lastra recuerda a Podemos que ya hay una negociaci\u00f3n presupuestaria en marcha - El Digital de Asturias\" \/>\n\t\t<meta name=\"twitter:description\" content=\"El portavoz del PSOE en la Junta General del Principado de Asturias (JGPA), Fernando Lastra, ha querido recordar este lunes a Podemos que ya existe una negociaci\u00f3n presupuestaria en marcha y haa instado a la formaci\u00f3n morada a que explique cu\u00e1les son las objeciones a la oferta en materia fiscal que se le hizo desde\" \/>\n\t\t<meta name=\"twitter:image\" content=\"https:\/\/www.eldigitaldeasturias.com\/noticias\/wp-content\/uploads\/2016\/09\/fotonoticia_20160905140054_800.jpg\" \/>\n\t\t<meta name=\"twitter:label1\" content=\"Escrito por\" \/>\n\t\t<meta name=\"twitter:data1\" content=\"El Digital de Asturias\" \/>\n\t\t<meta name=\"twitter:label2\" content=\"Tiempo de lectura estimado\" \/>\n\t\t<meta name=\"twitter:data2\" content=\"1 minuto\" \/>\n\t\t<script type=\"application\/ld+json\" class=\"aioseo-schema\">\n\t\t\t{\"@context\":\"https:\\\/\\\/schema.org\",\"@graph\":[{\"@type\":\"BlogPosting\",\"@id\":\"https:\\\/\\\/www.eldigitaldeasturias.com\\\/noticias\\\/fernando-lastra-recuerda-a-podemos-que-ya-hay-una-negociacion-presupuestaria-en-marcha\\\/#blogposting\",\"name\":\"Fernando Lastra recuerda a Podemos que ya hay una negociaci\\u00f3n presupuestaria en marcha - El Digital de Asturias\",\"headline\":\"Fernando Lastra recuerda a Podemos que ya hay una negociaci\\u00f3n presupuestaria en marcha\",\"author\":{\"@id\":\"https:\\\/\\\/www.eldigitaldeasturias.com\\\/noticias\\\/author\\\/admin\\\/#author\"},\"publisher\":{\"@id\":\"https:\\\/\\\/www.eldigitaldeasturias.com\\\/noticias\\\/#organization\"},\"image\":{\"@type\":\"ImageObject\",\"url\":\"https:\\\/\\\/www.eldigitaldeasturias.com\\\/noticias\\\/wp-content\\\/uploads\\\/2016\\\/09\\\/fotonoticia_20160905140054_800.jpg\",\"width\":800,\"height\":534},\"datePublished\":\"2016-09-06T00:28:13+02:00\",\"dateModified\":\"2016-09-06T00:28:13+02:00\",\"inLanguage\":\"es-ES\",\"mainEntityOfPage\":{\"@id\":\"https:\\\/\\\/www.eldigitaldeasturias.com\\\/noticias\\\/fernando-lastra-recuerda-a-podemos-que-ya-hay-una-negociacion-presupuestaria-en-marcha\\\/#webpage\"},\"isPartOf\":{\"@id\":\"https:\\\/\\\/www.eldigitaldeasturias.com\\\/noticias\\\/fernando-lastra-recuerda-a-podemos-que-ya-hay-una-negociacion-presupuestaria-en-marcha\\\/#webpage\"},\"articleSection\":\"Actualidad Asturias\"},{\"@type\":\"BreadcrumbList\",\"@id\":\"https:\\\/\\\/www.eldigitaldeasturias.com\\\/noticias\\\/fernando-lastra-recuerda-a-podemos-que-ya-hay-una-negociacion-presupuestaria-en-marcha\\\/#breadcrumblist\",\"itemListElement\":[{\"@type\":\"ListItem\",\"@id\":\"https:\\\/\\\/www.eldigitaldeasturias.com\\\/noticias#listItem\",\"position\":1,\"name\":\"Home\",\"item\":\"https:\\\/\\\/www.eldigitaldeasturias.com\\\/noticias\",\"nextItem\":{\"@type\":\"ListItem\",\"@id\":\"https:\\\/\\\/www.eldigitaldeasturias.com\\\/noticias\\\/category\\\/actualidad-asturias\\\/#listItem\",\"name\":\"Actualidad Asturias\"}},{\"@type\":\"ListItem\",\"@id\":\"https:\\\/\\\/www.eldigitaldeasturias.com\\\/noticias\\\/category\\\/actualidad-asturias\\\/#listItem\",\"position\":2,\"name\":\"Actualidad Asturias\",\"item\":\"https:\\\/\\\/www.eldigitaldeasturias.com\\\/noticias\\\/category\\\/actualidad-asturias\\\/\",\"nextItem\":{\"@type\":\"ListItem\",\"@id\":\"https:\\\/\\\/www.eldigitaldeasturias.com\\\/noticias\\\/fernando-lastra-recuerda-a-podemos-que-ya-hay-una-negociacion-presupuestaria-en-marcha\\\/#listItem\",\"name\":\"Fernando Lastra recuerda a Podemos que ya hay una negociaci\\u00f3n presupuestaria en marcha\"},\"previousItem\":{\"@type\":\"ListItem\",\"@id\":\"https:\\\/\\\/www.eldigitaldeasturias.com\\\/noticias#listItem\",\"name\":\"Home\"}},{\"@type\":\"ListItem\",\"@id\":\"https:\\\/\\\/www.eldigitaldeasturias.com\\\/noticias\\\/fernando-lastra-recuerda-a-podemos-que-ya-hay-una-negociacion-presupuestaria-en-marcha\\\/#listItem\",\"position\":3,\"name\":\"Fernando Lastra recuerda a Podemos que ya hay una negociaci\\u00f3n presupuestaria en marcha\",\"previousItem\":{\"@type\":\"ListItem\",\"@id\":\"https:\\\/\\\/www.eldigitaldeasturias.com\\\/noticias\\\/category\\\/actualidad-asturias\\\/#listItem\",\"name\":\"Actualidad Asturias\"}}]},{\"@type\":\"Organization\",\"@id\":\"https:\\\/\\\/www.eldigitaldeasturias.com\\\/noticias\\\/#organization\",\"name\":\"El Digital de Asturias\",\"description\":\"Hemeroteca\",\"url\":\"https:\\\/\\\/www.eldigitaldeasturias.com\\\/noticias\\\/\",\"email\":\"info@eldigitaldeasturias.com\",\"telephone\":\"+34652131393\",\"logo\":{\"@type\":\"ImageObject\",\"url\":\"https:\\\/\\\/www.eldigitaldeasturias.com\\\/noticias\\\/wp-content\\\/uploads\\\/2020\\\/12\\\/EDA.jpg\",\"@id\":\"https:\\\/\\\/www.eldigitaldeasturias.com\\\/noticias\\\/fernando-lastra-recuerda-a-podemos-que-ya-hay-una-negociacion-presupuestaria-en-marcha\\\/#organizationLogo\",\"width\":649,\"height\":297},\"image\":{\"@id\":\"https:\\\/\\\/www.eldigitaldeasturias.com\\\/noticias\\\/fernando-lastra-recuerda-a-podemos-que-ya-hay-una-negociacion-presupuestaria-en-marcha\\\/#organizationLogo\"},\"sameAs\":[\"https:\\\/\\\/facebook.com\\\/eldigitaldeasturias\",\"https:\\\/\\\/www.youtube.com\\\/channel\\\/UCZP-2wLEB9Rv6erhFmqVnvg\"],\"address\":{\"@id\":\"https:\\\/\\\/www.eldigitaldeasturias.com\\\/noticias\\\/#postaladdress\",\"@type\":\"PostalAddress\",\"streetAddress\":\"san antonio 4,\",\"postalCode\":\"33430\",\"addressLocality\":\"Cand\\u00e1s\",\"addressRegion\":\"Asturias\",\"addressCountry\":\"ES\"}},{\"@type\":\"Person\",\"@id\":\"https:\\\/\\\/www.eldigitaldeasturias.com\\\/noticias\\\/author\\\/admin\\\/#author\",\"url\":\"https:\\\/\\\/www.eldigitaldeasturias.com\\\/noticias\\\/author\\\/admin\\\/\",\"name\":\"El Digital de Asturias\",\"image\":{\"@type\":\"ImageObject\",\"@id\":\"https:\\\/\\\/www.eldigitaldeasturias.com\\\/noticias\\\/fernando-lastra-recuerda-a-podemos-que-ya-hay-una-negociacion-presupuestaria-en-marcha\\\/#authorImage\",\"url\":\"https:\\\/\\\/www.eldigitaldeasturias.com\\\/noticias\\\/wp-content\\\/litespeed\\\/avatar\\\/18677e78aa0546b92d9dbf31ec7d7668.jpg?ver=1777290358\",\"width\":96,\"height\":96,\"caption\":\"El Digital de Asturias\"}},{\"@type\":\"WebPage\",\"@id\":\"https:\\\/\\\/www.eldigitaldeasturias.com\\\/noticias\\\/fernando-lastra-recuerda-a-podemos-que-ya-hay-una-negociacion-presupuestaria-en-marcha\\\/#webpage\",\"url\":\"https:\\\/\\\/www.eldigitaldeasturias.com\\\/noticias\\\/fernando-lastra-recuerda-a-podemos-que-ya-hay-una-negociacion-presupuestaria-en-marcha\\\/\",\"name\":\"Fernando Lastra recuerda a Podemos que ya hay una negociaci\\u00f3n presupuestaria en marcha - El Digital de Asturias\",\"description\":\"El portavoz del PSOE en la Junta General del Principado de Asturias (JGPA), Fernando Lastra, ha querido recordar este lunes a Podemos que ya existe una negociaci\\u00f3n presupuestaria en marcha y haa instado a la formaci\\u00f3n morada a que explique cu\\u00e1les son las objeciones a la oferta en materia fiscal que se le hizo desde\",\"inLanguage\":\"es-ES\",\"isPartOf\":{\"@id\":\"https:\\\/\\\/www.eldigitaldeasturias.com\\\/noticias\\\/#website\"},\"breadcrumb\":{\"@id\":\"https:\\\/\\\/www.eldigitaldeasturias.com\\\/noticias\\\/fernando-lastra-recuerda-a-podemos-que-ya-hay-una-negociacion-presupuestaria-en-marcha\\\/#breadcrumblist\"},\"author\":{\"@id\":\"https:\\\/\\\/www.eldigitaldeasturias.com\\\/noticias\\\/author\\\/admin\\\/#author\"},\"creator\":{\"@id\":\"https:\\\/\\\/www.eldigitaldeasturias.com\\\/noticias\\\/author\\\/admin\\\/#author\"},\"image\":{\"@type\":\"ImageObject\",\"url\":\"https:\\\/\\\/www.eldigitaldeasturias.com\\\/noticias\\\/wp-content\\\/uploads\\\/2016\\\/09\\\/fotonoticia_20160905140054_800.jpg\",\"@id\":\"https:\\\/\\\/www.eldigitaldeasturias.com\\\/noticias\\\/fernando-lastra-recuerda-a-podemos-que-ya-hay-una-negociacion-presupuestaria-en-marcha\\\/#mainImage\",\"width\":800,\"height\":534},\"primaryImageOfPage\":{\"@id\":\"https:\\\/\\\/www.eldigitaldeasturias.com\\\/noticias\\\/fernando-lastra-recuerda-a-podemos-que-ya-hay-una-negociacion-presupuestaria-en-marcha\\\/#mainImage\"},\"datePublished\":\"2016-09-06T00:28:13+02:00\",\"dateModified\":\"2016-09-06T00:28:13+02:00\"},{\"@type\":\"WebSite\",\"@id\":\"https:\\\/\\\/www.eldigitaldeasturias.com\\\/noticias\\\/#website\",\"url\":\"https:\\\/\\\/www.eldigitaldeasturias.com\\\/noticias\\\/\",\"name\":\"El Digital de Asturias - Diario de actualidad y noticias\",\"alternateName\":\"El Digital de Asturias - Diario de actualidad y noticias\",\"description\":\"Hemeroteca\",\"inLanguage\":\"es-ES\",\"publisher\":{\"@id\":\"https:\\\/\\\/www.eldigitaldeasturias.com\\\/noticias\\\/#organization\"}}]}\n\t\t<\/script>\n\t\t<!-- All in One SEO Pro -->\r\n\t\t<title>Fernando Lastra recuerda a Podemos que ya hay una negociaci\u00f3n presupuestaria en marcha - El Digital de Asturias<\/title>\n\n","aioseo_head_json":{"title":"Fernando Lastra recuerda a Podemos que ya hay una negociaci\u00f3n presupuestaria en marcha - El Digital de Asturias","description":"El portavoz del PSOE en la Junta General del Principado de Asturias (JGPA), Fernando Lastra, ha querido recordar este lunes a Podemos que ya existe una negociaci\u00f3n presupuestaria en marcha y haa instado a la formaci\u00f3n morada a que explique cu\u00e1les son las objeciones a la oferta en materia fiscal que se le hizo desde","canonical_url":"https:\/\/www.eldigitaldeasturias.com\/noticias\/fernando-lastra-recuerda-a-podemos-que-ya-hay-una-negociacion-presupuestaria-en-marcha\/","robots":"max-image-preview:large","keywords":"actualidad asturias","webmasterTools":{"google-site-verification":"UA-38556648-1","msvalidate.01":"7dfe9f3f1b24437ab69f4f2559babe99","miscellaneous":""},"schema":{"@context":"https:\/\/schema.org","@graph":[{"@type":"BlogPosting","@id":"https:\/\/www.eldigitaldeasturias.com\/noticias\/fernando-lastra-recuerda-a-podemos-que-ya-hay-una-negociacion-presupuestaria-en-marcha\/#blogposting","name":"Fernando Lastra recuerda a Podemos que ya hay una negociaci\u00f3n presupuestaria en marcha - El Digital de Asturias","headline":"Fernando Lastra recuerda a Podemos que ya hay una negociaci\u00f3n presupuestaria en marcha","author":{"@id":"https:\/\/www.eldigitaldeasturias.com\/noticias\/author\/admin\/#author"},"publisher":{"@id":"https:\/\/www.eldigitaldeasturias.com\/noticias\/#organization"},"image":{"@type":"ImageObject","url":"https:\/\/www.eldigitaldeasturias.com\/noticias\/wp-content\/uploads\/2016\/09\/fotonoticia_20160905140054_800.jpg","width":800,"height":534},"datePublished":"2016-09-06T00:28:13+02:00","dateModified":"2016-09-06T00:28:13+02:00","inLanguage":"es-ES","mainEntityOfPage":{"@id":"https:\/\/www.eldigitaldeasturias.com\/noticias\/fernando-lastra-recuerda-a-podemos-que-ya-hay-una-negociacion-presupuestaria-en-marcha\/#webpage"},"isPartOf":{"@id":"https:\/\/www.eldigitaldeasturias.com\/noticias\/fernando-lastra-recuerda-a-podemos-que-ya-hay-una-negociacion-presupuestaria-en-marcha\/#webpage"},"articleSection":"Actualidad Asturias"},{"@type":"BreadcrumbList","@id":"https:\/\/www.eldigitaldeasturias.com\/noticias\/fernando-lastra-recuerda-a-podemos-que-ya-hay-una-negociacion-presupuestaria-en-marcha\/#breadcrumblist","itemListElement":[{"@type":"ListItem","@id":"https:\/\/www.eldigitaldeasturias.com\/noticias#listItem","position":1,"name":"Home","item":"https:\/\/www.eldigitaldeasturias.com\/noticias","nextItem":{"@type":"ListItem","@id":"https:\/\/www.eldigitaldeasturias.com\/noticias\/category\/actualidad-asturias\/#listItem","name":"Actualidad Asturias"}},{"@type":"ListItem","@id":"https:\/\/www.eldigitaldeasturias.com\/noticias\/category\/actualidad-asturias\/#listItem","position":2,"name":"Actualidad Asturias","item":"https:\/\/www.eldigitaldeasturias.com\/noticias\/category\/actualidad-asturias\/","nextItem":{"@type":"ListItem","@id":"https:\/\/www.eldigitaldeasturias.com\/noticias\/fernando-lastra-recuerda-a-podemos-que-ya-hay-una-negociacion-presupuestaria-en-marcha\/#listItem","name":"Fernando Lastra recuerda a Podemos que ya hay una negociaci\u00f3n presupuestaria en marcha"},"previousItem":{"@type":"ListItem","@id":"https:\/\/www.eldigitaldeasturias.com\/noticias#listItem","name":"Home"}},{"@type":"ListItem","@id":"https:\/\/www.eldigitaldeasturias.com\/noticias\/fernando-lastra-recuerda-a-podemos-que-ya-hay-una-negociacion-presupuestaria-en-marcha\/#listItem","position":3,"name":"Fernando Lastra recuerda a Podemos que ya hay una negociaci\u00f3n presupuestaria en marcha","previousItem":{"@type":"ListItem","@id":"https:\/\/www.eldigitaldeasturias.com\/noticias\/category\/actualidad-asturias\/#listItem","name":"Actualidad Asturias"}}]},{"@type":"Organization","@id":"https:\/\/www.eldigitaldeasturias.com\/noticias\/#organization","name":"El Digital de Asturias","description":"Hemeroteca","url":"https:\/\/www.eldigitaldeasturias.com\/noticias\/","email":"info@eldigitaldeasturias.com","telephone":"+34652131393","logo":{"@type":"ImageObject","url":"https:\/\/www.eldigitaldeasturias.com\/noticias\/wp-content\/uploads\/2020\/12\/EDA.jpg","@id":"https:\/\/www.eldigitaldeasturias.com\/noticias\/fernando-lastra-recuerda-a-podemos-que-ya-hay-una-negociacion-presupuestaria-en-marcha\/#organizationLogo","width":649,"height":297},"image":{"@id":"https:\/\/www.eldigitaldeasturias.com\/noticias\/fernando-lastra-recuerda-a-podemos-que-ya-hay-una-negociacion-presupuestaria-en-marcha\/#organizationLogo"},"sameAs":["https:\/\/facebook.com\/eldigitaldeasturias","https:\/\/www.youtube.com\/channel\/UCZP-2wLEB9Rv6erhFmqVnvg"],"address":{"@id":"https:\/\/www.eldigitaldeasturias.com\/noticias\/#postaladdress","@type":"PostalAddress","streetAddress":"san antonio 4,","postalCode":"33430","addressLocality":"Cand\u00e1s","addressRegion":"Asturias","addressCountry":"ES"}},{"@type":"Person","@id":"https:\/\/www.eldigitaldeasturias.com\/noticias\/author\/admin\/#author","url":"https:\/\/www.eldigitaldeasturias.com\/noticias\/author\/admin\/","name":"El Digital de Asturias","image":{"@type":"ImageObject","@id":"https:\/\/www.eldigitaldeasturias.com\/noticias\/fernando-lastra-recuerda-a-podemos-que-ya-hay-una-negociacion-presupuestaria-en-marcha\/#authorImage","url":"https:\/\/www.eldigitaldeasturias.com\/noticias\/wp-content\/litespeed\/avatar\/18677e78aa0546b92d9dbf31ec7d7668.jpg?ver=1777290358","width":96,"height":96,"caption":"El Digital de Asturias"}},{"@type":"WebPage","@id":"https:\/\/www.eldigitaldeasturias.com\/noticias\/fernando-lastra-recuerda-a-podemos-que-ya-hay-una-negociacion-presupuestaria-en-marcha\/#webpage","url":"https:\/\/www.eldigitaldeasturias.com\/noticias\/fernando-lastra-recuerda-a-podemos-que-ya-hay-una-negociacion-presupuestaria-en-marcha\/","name":"Fernando Lastra recuerda a Podemos que ya hay una negociaci\u00f3n presupuestaria en marcha - El Digital de Asturias","description":"El portavoz del PSOE en la Junta General del Principado de Asturias (JGPA), Fernando Lastra, ha querido recordar este lunes a Podemos que ya existe una negociaci\u00f3n presupuestaria en marcha y haa instado a la formaci\u00f3n morada a que explique cu\u00e1les son las objeciones a la oferta en materia fiscal que se le hizo desde","inLanguage":"es-ES","isPartOf":{"@id":"https:\/\/www.eldigitaldeasturias.com\/noticias\/#website"},"breadcrumb":{"@id":"https:\/\/www.eldigitaldeasturias.com\/noticias\/fernando-lastra-recuerda-a-podemos-que-ya-hay-una-negociacion-presupuestaria-en-marcha\/#breadcrumblist"},"author":{"@id":"https:\/\/www.eldigitaldeasturias.com\/noticias\/author\/admin\/#author"},"creator":{"@id":"https:\/\/www.eldigitaldeasturias.com\/noticias\/author\/admin\/#author"},"image":{"@type":"ImageObject","url":"https:\/\/www.eldigitaldeasturias.com\/noticias\/wp-content\/uploads\/2016\/09\/fotonoticia_20160905140054_800.jpg","@id":"https:\/\/www.eldigitaldeasturias.com\/noticias\/fernando-lastra-recuerda-a-podemos-que-ya-hay-una-negociacion-presupuestaria-en-marcha\/#mainImage","width":800,"height":534},"primaryImageOfPage":{"@id":"https:\/\/www.eldigitaldeasturias.com\/noticias\/fernando-lastra-recuerda-a-podemos-que-ya-hay-una-negociacion-presupuestaria-en-marcha\/#mainImage"},"datePublished":"2016-09-06T00:28:13+02:00","dateModified":"2016-09-06T00:28:13+02:00"},{"@type":"WebSite","@id":"https:\/\/www.eldigitaldeasturias.com\/noticias\/#website","url":"https:\/\/www.eldigitaldeasturias.com\/noticias\/","name":"El Digital de Asturias - Diario de actualidad y noticias","alternateName":"El Digital de Asturias - Diario de actualidad y noticias","description":"Hemeroteca","inLanguage":"es-ES","publisher":{"@id":"https:\/\/www.eldigitaldeasturias.com\/noticias\/#organization"}}]},"og:locale":"es_ES","og:site_name":"El Digital de Asturias","og:type":"article","og:title":"Fernando Lastra recuerda a Podemos que ya hay una negociaci\u00f3n presupuestaria en marcha - El Digital de Asturias","og:description":"El portavoz del PSOE en la Junta General del Principado de Asturias (JGPA), Fernando Lastra, ha querido recordar este lunes a Podemos que ya existe una negociaci\u00f3n presupuestaria en marcha y haa instado a la formaci\u00f3n morada a que explique cu\u00e1les son las objeciones a la oferta en materia fiscal que se le hizo desde","og:url":"https:\/\/www.eldigitaldeasturias.com\/noticias\/fernando-lastra-recuerda-a-podemos-que-ya-hay-una-negociacion-presupuestaria-en-marcha\/","og:image":"https:\/\/www.eldigitaldeasturias.com\/noticias\/wp-content\/uploads\/2016\/09\/fotonoticia_20160905140054_800.jpg","og:image:secure_url":"https:\/\/www.eldigitaldeasturias.com\/noticias\/wp-content\/uploads\/2016\/09\/fotonoticia_20160905140054_800.jpg","og:image:width":800,"og:image:height":534,"article:tag":["actualidad asturias"],"article:published_time":"2016-09-05T23:28:13+00:00","article:modified_time":"2016-09-05T23:28:13+00:00","article:publisher":"https:\/\/facebook.com\/eldigitaldeasturias","twitter:card":"summary_large_image","twitter:title":"Fernando Lastra recuerda a Podemos que ya hay una negociaci\u00f3n presupuestaria en marcha - El Digital de Asturias","twitter:description":"El portavoz del PSOE en la Junta General del Principado de Asturias (JGPA), Fernando Lastra, ha querido recordar este lunes a Podemos que ya existe una negociaci\u00f3n presupuestaria en marcha y haa instado a la formaci\u00f3n morada a que explique cu\u00e1les son las objeciones a la oferta en materia fiscal que se le hizo desde","twitter:image":"https:\/\/www.eldigitaldeasturias.com\/noticias\/wp-content\/uploads\/2016\/09\/fotonoticia_20160905140054_800.jpg","twitter:label1":"Escrito por","twitter:data1":"El Digital de Asturias","twitter:label2":"Tiempo de lectura estimado","twitter:data2":"1 minuto"},"aioseo_meta_data":{"post_id":"905986","title":null,"description":null,"keywords":null,"keyphrases":null,"primary_term":null,"canonical_url":null,"og_title":null,"og_description":null,"og_object_type":"default","og_image_type":"default","og_image_url":null,"og_image_width":null,"og_image_height":null,"og_image_custom_url":null,"og_image_custom_fields":null,"og_video":null,"og_custom_url":null,"og_article_section":null,"og_article_tags":null,"twitter_use_og":false,"twitter_card":"default","twitter_image_type":"default","twitter_image_url":null,"twitter_image_custom_url":null,"twitter_image_custom_fields":null,"twitter_title":null,"twitter_description":null,"schema":{"blockGraphs":[],"customGraphs":[],"default":{"data":{"Article":[],"Course":[],"Dataset":[],"FAQPage":[],"Movie":[],"Person":[],"Product":[],"ProductReview":[],"Car":[],"Recipe":[],"Service":[],"SoftwareApplication":[],"WebPage":[]},"graphName":"","isEnabled":true},"graphs":[],"defaultGraph":"","defaultPostTypeGraph":""},"schema_type":null,"schema_type_options":null,"pillar_content":false,"robots_default":true,"robots_noindex":false,"robots_noarchive":false,"robots_nosnippet":false,"robots_nofollow":false,"robots_noimageindex":false,"robots_noodp":false,"robots_notranslate":false,"robots_max_snippet":null,"robots_max_videopreview":null,"robots_max_imagepreview":"large","priority":null,"frequency":null,"local_seo":null,"seo_analyzer_scan_date":"2025-11-30 07:28:10","breadcrumb_settings":null,"limit_modified_date":false,"open_ai":null,"ai":null,"created":"2020-12-21 14:02:05","updated":"2025-11-30 07:28:10"},"aioseo_breadcrumb":"<div class=\"aioseo-breadcrumbs\"><span class=\"aioseo-breadcrumb\">\n\t<a href=\"https:\/\/www.eldigitaldeasturias.com\/noticias\" title=\"Home\">Home<\/a>\n<\/span><span class=\"aioseo-breadcrumb-separator\">\u2013<\/span><span class=\"aioseo-breadcrumb\">\n\t<a href=\"https:\/\/www.eldigitaldeasturias.com\/noticias\/category\/actualidad-asturias\/\" title=\"Actualidad Asturias\">Actualidad Asturias<\/a>\n<\/span><span class=\"aioseo-breadcrumb-separator\">\u2013<\/span><span class=\"aioseo-breadcrumb\">\n\t<a href=\"https:\/\/www.eldigitaldeasturias.com\/noticias\/fernando-lastra-recuerda-a-podemos-que-ya-hay-una-negociacion-presupuestaria-en-marcha\/\" title=\"Fernando Lastra recuerda a Podemos que ya hay una negociaci\u00f3n presupuestaria en marcha\">Fernando Lastra recuerda a Podemos que ya hay una negociaci\u00f3n presupuestaria en marcha<\/a>\n<\/span><\/div>","aioseo_breadcrumb_json":[{"label":"Home","link":"https:\/\/www.eldigitaldeasturias.com\/noticias"},{"label":"Actualidad Asturias","link":"https:\/\/www.eldigitaldeasturias.com\/noticias\/category\/actualidad-asturias\/"},{"label":"Fernando Lastra recuerda a Podemos que ya hay una negociaci\u00f3n presupuestaria en marcha","link":"https:\/\/www.eldigitaldeasturias.com\/noticias\/fernando-lastra-recuerda-a-podemos-que-ya-hay-una-negociacion-presupuestaria-en-marcha\/"}],"_links":{"self":[{"href":"https:\/\/www.eldigitaldeasturias.com\/noticias\/wp-json\/wp\/v2\/posts\/905986","targetHints":{"allow":["GET"]}}],"collection":[{"href":"https:\/\/www.eldigitaldeasturias.com\/noticias\/wp-json\/wp\/v2\/posts"}],"about":[{"href":"https:\/\/www.eldigitaldeasturias.com\/noticias\/wp-json\/wp\/v2\/types\/post"}],"author":[{"embeddable":true,"href":"https:\/\/www.eldigitaldeasturias.com\/noticias\/wp-json\/wp\/v2\/users\/1"}],"replies":[{"embeddable":true,"href":"https:\/\/www.eldigitaldeasturias.com\/noticias\/wp-json\/wp\/v2\/comments?post=905986"}],"version-history":[{"count":0,"href":"https:\/\/www.eldigitaldeasturias.com\/noticias\/wp-json\/wp\/v2\/posts\/905986\/revisions"}],"wp:featuredmedia":[{"embeddable":true,"href":"https:\/\/www.eldigitaldeasturias.com\/noticias\/wp-json\/wp\/v2\/media\/905987"}],"wp:attachment":[{"href":"https:\/\/www.eldigitaldeasturias.com\/noticias\/wp-json\/wp\/v2\/media?parent=905986"}],"wp:term":[{"taxonomy":"category","embeddable":true,"href":"https:\/\/www.eldigitaldeasturias.com\/noticias\/wp-json\/wp\/v2\/categories?post=905986"},{"taxonomy":"post_tag","embeddable":true,"href":"https:\/\/www.eldigitaldeasturias.com\/noticias\/wp-json\/wp\/v2\/tags?post=905986"}],"curies":[{"name":"wp","href":"https:\/\/api.w.org\/{rel}","templated":true}]}}