{"id":905974,"date":"2016-09-06T00:19:53","date_gmt":"2016-09-05T23:19:53","guid":{"rendered":"http:\/\/www.eldigitaldeasturias.com\/noticias\/?p=905974"},"modified":"2016-09-06T00:19:53","modified_gmt":"2016-09-05T23:19:53","slug":"emilio-leon-pone-en-duda-la-voluntad-de-dialogo-de-javier-fernandez-para-los-presupuestos","status":"publish","type":"post","link":"https:\/\/www.eldigitaldeasturias.com\/noticias\/emilio-leon-pone-en-duda-la-voluntad-de-dialogo-de-javier-fernandez-para-los-presupuestos\/","title":{"rendered":"Emilio Le\u00f3n pone en duda la voluntad de di\u00e1logo de Javier Fern\u00e1ndez para los presupuestos"},"content":{"rendered":"<p><img loading=\"lazy\" decoding=\"async\" class=\"alignleft size-medium wp-image-905975\" src=\"https:\/\/www.eldigitaldeasturias.com\/noticias\/wp-content\/uploads\/2016\/09\/fotonoticia_20160905132024_800-360x270.jpg\" alt=\"fotonoticia_20160905132024_800\" width=\"360\" height=\"270\" srcset=\"https:\/\/www.eldigitaldeasturias.com\/noticias\/wp-content\/uploads\/2016\/09\/fotonoticia_20160905132024_800-360x270.jpg 360w, https:\/\/www.eldigitaldeasturias.com\/noticias\/wp-content\/uploads\/2016\/09\/fotonoticia_20160905132024_800-768x576.jpg 768w, https:\/\/www.eldigitaldeasturias.com\/noticias\/wp-content\/uploads\/2016\/09\/fotonoticia_20160905132024_800-650x488.jpg 650w, https:\/\/www.eldigitaldeasturias.com\/noticias\/wp-content\/uploads\/2016\/09\/fotonoticia_20160905132024_800-125x95.jpg 125w, https:\/\/www.eldigitaldeasturias.com\/noticias\/wp-content\/uploads\/2016\/09\/fotonoticia_20160905132024_800-100x75.jpg 100w, https:\/\/www.eldigitaldeasturias.com\/noticias\/wp-content\/uploads\/2016\/09\/fotonoticia_20160905132024_800.jpg 800w\" sizes=\"auto, (max-width: 360px) 100vw, 360px\" \/>El portavoz de Podemos en la Junta General del Principado de Asturias (JGPA), Emilio Le\u00f3n, ha dicho este lunes que todo apunta a que el actual presidente asturiano y bar\u00f3n socialista, Javier Fern\u00e1ndez, se sentir\u00eda \u00abm\u00e1s a gusto\u00bb con un gobierno de PP y Ciudadanos, algo que influir\u00eda en la negociaci\u00f3n de los presupuestos asturianos.<\/p>\n<p>En declaraciones a los periodistas tras la Junta de Portavoces, Le\u00f3n ha comentado que parece que Fern\u00e1ndez pretende exportar el modelo asturiano \u00abde la inercia\u00bb y que est\u00e1 m\u00e1s c\u00f3modo con \u00abpol\u00edticas sin iniciativas\u00bb. Seg\u00fan el dirigente de Podemos, Javier Fern\u00e1ndez est\u00e1 a punto de conseguir \u00abque se imponga una gestora en el PSOE o que el propio gobierno espa\u00f1ol sea una gestora\u00bb.<\/p>\n<p>Ha animado al presidente asturiano a \u00absalir de despacho de Su\u00e1rez de la Riva\u00bb porque Asturias \u00abnecesita un gobierno que de verdad quiera sacar adelante unos presupuestos y no esperar que Mariano Rajoy gobierne en Espa\u00f1a para prorrogar las cuentas o para que la presidenta del PP asturiano, Mercedes Fern\u00e1ndez, le rescate\u00bb.<\/p>\n<p>De esta manera, ha puesto en duda la voluntad de di\u00e1logo sobre los presupuestos de Javier Fern\u00e1ndez y ha dicho que como la Federaci\u00f3n Socialista Asturiana mantenga la misma actitud que el pasado a\u00f1o, Javier Fern\u00e1ndez \u00abtendr\u00e1 tanto \u00e9xito con Podemos como un zombi haciendo autostop en la carretera\u00bb .<\/p>\n<p><strong>PEDRO S\u00c1NCHEZ<\/strong><\/p>\n<p>Preguntado sobre si ve viable un acuerdo de investidura entre PSOE, Podemos y Ciudadanos para que Pedro S\u00e1nchez sea presidente, Le\u00f3n ha dicho que el secretario general del PSOE \u00abno es alternativa\u00bb y no le ve con capacidad de liderar un proyecto.<\/p>\n<p>\u00abMe da la sensaci\u00f3n de que est\u00e1 ganando tiempo\u00bb o \u00ablo que necesita Espa\u00f1a es un presidente, no un funambulista\u00bb, han sido frases que ha dedicado a S\u00e1nchez. A juicio del parlamentario asturiano de Podemos, Espa\u00f1a necesita pol\u00edticas decididas de cambio, porque lo contrario ser\u00eda dar continuidad a un bipartidismo \u00abque est\u00e1 jugando a anestesiar a la poblaci\u00f3n repitiendo elecciones\u00bb.<\/p>\n<p><strong>LLAMAZARES<\/strong><\/p>\n<p>Volviendo a la pol\u00edtica asturiana, el portavoz de IU Gaspar Llamazares tambi\u00e9n ha querido hacer un llamamiento a Javier Fern\u00e1ndez ante el \u00abriesgo de paralizaci\u00f3n\u00bb de Asturias. Le ha pedido p\u00fablicamente que lidere un proceso para lograr un bloque de izquierda que d\u00e9 estabilidad al ejecutivo aut\u00f3nomo y ponga en marcha pol\u00edticas de progreso.<\/p>\n<p>\u00abEstamos en estos momentos entre un Gobierno en funciones que ha paralizado las principales prioridades de Asturias, por ejemplo en relaci\u00f3n a la Variante de Pajares, y un Gobierno de gesti\u00f3n en minor\u00eda, que no tiene mayor\u00eda en el Parlamento y, por tanto, que tiene una situaci\u00f3n muy dif\u00edcil\u00bb, se\u00f1al\u00f3 Llamazares.<\/p>\n<p>Apost\u00f3 as\u00ed por una \u00abnegociaci\u00f3n tripartita\u00bb en Asturias para lograr una mayor\u00eda progresista y ha pedido al presidente asturiano socialista que \u00abasuma la responsabilidad de lograr esa mayor\u00eda parlamentaria que es imprescindible para que no entremos en pr\u00f3rroga permanente\u00bb.<\/p>\n<p>Esta posici\u00f3n ser\u00e1 la que defienda IU en el pr\u00f3ximo debate tradicional con motivo del D\u00eda de Asturias. Un debate que, a juicio de Llamazares, tendr\u00e1 que esclarecer si esta legislatura ser\u00e1 \u00abde cambio\u00bb o \u00abperdida\u00bb.<\/p>\n<p>&nbsp;<\/p>\n<p>&nbsp;<\/p>\n","protected":false},"excerpt":{"rendered":"<p>El portavoz de Podemos en la Junta General del Principado de Asturias (JGPA), Emilio Le\u00f3n, ha dicho este lunes que todo apunta a que el actual presidente asturiano y bar\u00f3n socialista, Javier Fern\u00e1ndez, se sentir\u00eda \u00abm\u00e1s a gusto\u00bb con un gobierno de PP y Ciudadanos, algo que influir\u00eda en la negociaci\u00f3n de los presupuestos asturianos. [&hellip;]<\/p>\n","protected":false},"author":1,"featured_media":905975,"comment_status":"closed","ping_status":"closed","sticky":false,"template":"","format":"standard","meta":{"footnotes":""},"categories":[12],"tags":[],"class_list":["post-905974","post","type-post","status-publish","format-standard","has-post-thumbnail","hentry","category-actualidad-asturias"],"aioseo_notices":[],"aioseo_head":"\n\t\t<!-- All in One SEO Pro 4.9.6.2 - aioseo.com -->\n\t<meta name=\"description\" content=\"El portavoz de Podemos en la Junta General del Principado de Asturias (JGPA), Emilio Le\u00f3n, ha dicho este lunes que todo apunta a que el actual presidente asturiano y bar\u00f3n socialista, Javier Fern\u00e1ndez, se sentir\u00eda &quot;m\u00e1s a gusto&quot; con un gobierno de PP y Ciudadanos, algo que influir\u00eda en la negociaci\u00f3n de los presupuestos asturianos.\" \/>\n\t<meta name=\"robots\" content=\"max-image-preview:large\" \/>\n\t<meta name=\"author\" content=\"El Digital de Asturias\"\/>\n\t<meta name=\"google-site-verification\" content=\"UA-38556648-1\" \/>\n\t<meta name=\"msvalidate.01\" content=\"7dfe9f3f1b24437ab69f4f2559babe99\" \/>\n\t<meta name=\"keywords\" content=\"actualidad asturias\" \/>\n\t<link rel=\"canonical\" href=\"https:\/\/www.eldigitaldeasturias.com\/noticias\/emilio-leon-pone-en-duda-la-voluntad-de-dialogo-de-javier-fernandez-para-los-presupuestos\/\" \/>\n\t<meta name=\"generator\" content=\"All in One SEO Pro (AIOSEO) 4.9.6.2\" \/>\n\t\t<meta property=\"og:locale\" content=\"es_ES\" \/>\n\t\t<meta property=\"og:site_name\" content=\"El Digital de Asturias\" \/>\n\t\t<meta property=\"og:type\" content=\"article\" \/>\n\t\t<meta property=\"og:title\" content=\"Emilio Le\u00f3n pone en duda la voluntad de di\u00e1logo de Javier Fern\u00e1ndez para los presupuestos - El Digital de Asturias\" \/>\n\t\t<meta property=\"og:description\" content=\"El portavoz de Podemos en la Junta General del Principado de Asturias (JGPA), Emilio Le\u00f3n, ha dicho este lunes que todo apunta a que el actual presidente asturiano y bar\u00f3n socialista, Javier Fern\u00e1ndez, se sentir\u00eda &quot;m\u00e1s a gusto&quot; con un gobierno de PP y Ciudadanos, algo que influir\u00eda en la negociaci\u00f3n de los presupuestos asturianos.\" \/>\n\t\t<meta property=\"og:url\" content=\"https:\/\/www.eldigitaldeasturias.com\/noticias\/emilio-leon-pone-en-duda-la-voluntad-de-dialogo-de-javier-fernandez-para-los-presupuestos\/\" \/>\n\t\t<meta property=\"og:image\" content=\"https:\/\/www.eldigitaldeasturias.com\/noticias\/wp-content\/uploads\/2016\/09\/fotonoticia_20160905132024_800.jpg\" \/>\n\t\t<meta property=\"og:image:secure_url\" content=\"https:\/\/www.eldigitaldeasturias.com\/noticias\/wp-content\/uploads\/2016\/09\/fotonoticia_20160905132024_800.jpg\" \/>\n\t\t<meta property=\"og:image:width\" content=\"800\" \/>\n\t\t<meta property=\"og:image:height\" content=\"600\" \/>\n\t\t<meta property=\"article:tag\" content=\"actualidad asturias\" \/>\n\t\t<meta property=\"article:published_time\" content=\"2016-09-05T23:19:53+00:00\" \/>\n\t\t<meta property=\"article:modified_time\" content=\"2016-09-05T23:19:53+00:00\" \/>\n\t\t<meta property=\"article:publisher\" content=\"https:\/\/facebook.com\/eldigitaldeasturias\" \/>\n\t\t<meta name=\"twitter:card\" content=\"summary_large_image\" \/>\n\t\t<meta name=\"twitter:title\" content=\"Emilio Le\u00f3n pone en duda la voluntad de di\u00e1logo de Javier Fern\u00e1ndez para los presupuestos - El Digital de Asturias\" \/>\n\t\t<meta name=\"twitter:description\" content=\"El portavoz de Podemos en la Junta General del Principado de Asturias (JGPA), Emilio Le\u00f3n, ha dicho este lunes que todo apunta a que el actual presidente asturiano y bar\u00f3n socialista, Javier Fern\u00e1ndez, se sentir\u00eda &quot;m\u00e1s a gusto&quot; con un gobierno de PP y Ciudadanos, algo que influir\u00eda en la negociaci\u00f3n de los presupuestos asturianos.\" \/>\n\t\t<meta name=\"twitter:image\" content=\"https:\/\/www.eldigitaldeasturias.com\/noticias\/wp-content\/uploads\/2016\/09\/fotonoticia_20160905132024_800.jpg\" \/>\n\t\t<meta name=\"twitter:label1\" content=\"Escrito por\" \/>\n\t\t<meta name=\"twitter:data1\" content=\"El Digital de Asturias\" \/>\n\t\t<meta name=\"twitter:label2\" content=\"Tiempo de lectura estimado\" \/>\n\t\t<meta name=\"twitter:data2\" content=\"3 minutos\" \/>\n\t\t<script type=\"application\/ld+json\" class=\"aioseo-schema\">\n\t\t\t{\"@context\":\"https:\\\/\\\/schema.org\",\"@graph\":[{\"@type\":\"BlogPosting\",\"@id\":\"https:\\\/\\\/www.eldigitaldeasturias.com\\\/noticias\\\/emilio-leon-pone-en-duda-la-voluntad-de-dialogo-de-javier-fernandez-para-los-presupuestos\\\/#blogposting\",\"name\":\"Emilio Le\\u00f3n pone en duda la voluntad de di\\u00e1logo de Javier Fern\\u00e1ndez para los presupuestos - El Digital de Asturias\",\"headline\":\"Emilio Le\\u00f3n pone en duda la voluntad de di\\u00e1logo de Javier Fern\\u00e1ndez para los presupuestos\",\"author\":{\"@id\":\"https:\\\/\\\/www.eldigitaldeasturias.com\\\/noticias\\\/author\\\/admin\\\/#author\"},\"publisher\":{\"@id\":\"https:\\\/\\\/www.eldigitaldeasturias.com\\\/noticias\\\/#organization\"},\"image\":{\"@type\":\"ImageObject\",\"url\":\"https:\\\/\\\/www.eldigitaldeasturias.com\\\/noticias\\\/wp-content\\\/uploads\\\/2016\\\/09\\\/fotonoticia_20160905132024_800.jpg\",\"width\":800,\"height\":600},\"datePublished\":\"2016-09-06T00:19:53+02:00\",\"dateModified\":\"2016-09-06T00:19:53+02:00\",\"inLanguage\":\"es-ES\",\"mainEntityOfPage\":{\"@id\":\"https:\\\/\\\/www.eldigitaldeasturias.com\\\/noticias\\\/emilio-leon-pone-en-duda-la-voluntad-de-dialogo-de-javier-fernandez-para-los-presupuestos\\\/#webpage\"},\"isPartOf\":{\"@id\":\"https:\\\/\\\/www.eldigitaldeasturias.com\\\/noticias\\\/emilio-leon-pone-en-duda-la-voluntad-de-dialogo-de-javier-fernandez-para-los-presupuestos\\\/#webpage\"},\"articleSection\":\"Actualidad Asturias\"},{\"@type\":\"BreadcrumbList\",\"@id\":\"https:\\\/\\\/www.eldigitaldeasturias.com\\\/noticias\\\/emilio-leon-pone-en-duda-la-voluntad-de-dialogo-de-javier-fernandez-para-los-presupuestos\\\/#breadcrumblist\",\"itemListElement\":[{\"@type\":\"ListItem\",\"@id\":\"https:\\\/\\\/www.eldigitaldeasturias.com\\\/noticias#listItem\",\"position\":1,\"name\":\"Home\",\"item\":\"https:\\\/\\\/www.eldigitaldeasturias.com\\\/noticias\",\"nextItem\":{\"@type\":\"ListItem\",\"@id\":\"https:\\\/\\\/www.eldigitaldeasturias.com\\\/noticias\\\/category\\\/actualidad-asturias\\\/#listItem\",\"name\":\"Actualidad Asturias\"}},{\"@type\":\"ListItem\",\"@id\":\"https:\\\/\\\/www.eldigitaldeasturias.com\\\/noticias\\\/category\\\/actualidad-asturias\\\/#listItem\",\"position\":2,\"name\":\"Actualidad Asturias\",\"item\":\"https:\\\/\\\/www.eldigitaldeasturias.com\\\/noticias\\\/category\\\/actualidad-asturias\\\/\",\"nextItem\":{\"@type\":\"ListItem\",\"@id\":\"https:\\\/\\\/www.eldigitaldeasturias.com\\\/noticias\\\/emilio-leon-pone-en-duda-la-voluntad-de-dialogo-de-javier-fernandez-para-los-presupuestos\\\/#listItem\",\"name\":\"Emilio Le\\u00f3n pone en duda la voluntad de di\\u00e1logo de Javier Fern\\u00e1ndez para los presupuestos\"},\"previousItem\":{\"@type\":\"ListItem\",\"@id\":\"https:\\\/\\\/www.eldigitaldeasturias.com\\\/noticias#listItem\",\"name\":\"Home\"}},{\"@type\":\"ListItem\",\"@id\":\"https:\\\/\\\/www.eldigitaldeasturias.com\\\/noticias\\\/emilio-leon-pone-en-duda-la-voluntad-de-dialogo-de-javier-fernandez-para-los-presupuestos\\\/#listItem\",\"position\":3,\"name\":\"Emilio Le\\u00f3n pone en duda la voluntad de di\\u00e1logo de Javier Fern\\u00e1ndez para los presupuestos\",\"previousItem\":{\"@type\":\"ListItem\",\"@id\":\"https:\\\/\\\/www.eldigitaldeasturias.com\\\/noticias\\\/category\\\/actualidad-asturias\\\/#listItem\",\"name\":\"Actualidad Asturias\"}}]},{\"@type\":\"Organization\",\"@id\":\"https:\\\/\\\/www.eldigitaldeasturias.com\\\/noticias\\\/#organization\",\"name\":\"El Digital de Asturias\",\"description\":\"Hemeroteca\",\"url\":\"https:\\\/\\\/www.eldigitaldeasturias.com\\\/noticias\\\/\",\"email\":\"info@eldigitaldeasturias.com\",\"telephone\":\"+34652131393\",\"logo\":{\"@type\":\"ImageObject\",\"url\":\"https:\\\/\\\/www.eldigitaldeasturias.com\\\/noticias\\\/wp-content\\\/uploads\\\/2020\\\/12\\\/EDA.jpg\",\"@id\":\"https:\\\/\\\/www.eldigitaldeasturias.com\\\/noticias\\\/emilio-leon-pone-en-duda-la-voluntad-de-dialogo-de-javier-fernandez-para-los-presupuestos\\\/#organizationLogo\",\"width\":649,\"height\":297},\"image\":{\"@id\":\"https:\\\/\\\/www.eldigitaldeasturias.com\\\/noticias\\\/emilio-leon-pone-en-duda-la-voluntad-de-dialogo-de-javier-fernandez-para-los-presupuestos\\\/#organizationLogo\"},\"sameAs\":[\"https:\\\/\\\/facebook.com\\\/eldigitaldeasturias\",\"https:\\\/\\\/www.youtube.com\\\/channel\\\/UCZP-2wLEB9Rv6erhFmqVnvg\"],\"address\":{\"@id\":\"https:\\\/\\\/www.eldigitaldeasturias.com\\\/noticias\\\/#postaladdress\",\"@type\":\"PostalAddress\",\"streetAddress\":\"san antonio 4,\",\"postalCode\":\"33430\",\"addressLocality\":\"Cand\\u00e1s\",\"addressRegion\":\"Asturias\",\"addressCountry\":\"ES\"}},{\"@type\":\"Person\",\"@id\":\"https:\\\/\\\/www.eldigitaldeasturias.com\\\/noticias\\\/author\\\/admin\\\/#author\",\"url\":\"https:\\\/\\\/www.eldigitaldeasturias.com\\\/noticias\\\/author\\\/admin\\\/\",\"name\":\"El Digital de Asturias\",\"image\":{\"@type\":\"ImageObject\",\"@id\":\"https:\\\/\\\/www.eldigitaldeasturias.com\\\/noticias\\\/emilio-leon-pone-en-duda-la-voluntad-de-dialogo-de-javier-fernandez-para-los-presupuestos\\\/#authorImage\",\"url\":\"https:\\\/\\\/www.eldigitaldeasturias.com\\\/noticias\\\/wp-content\\\/litespeed\\\/avatar\\\/18677e78aa0546b92d9dbf31ec7d7668.jpg?ver=1777290358\",\"width\":96,\"height\":96,\"caption\":\"El Digital de Asturias\"}},{\"@type\":\"WebPage\",\"@id\":\"https:\\\/\\\/www.eldigitaldeasturias.com\\\/noticias\\\/emilio-leon-pone-en-duda-la-voluntad-de-dialogo-de-javier-fernandez-para-los-presupuestos\\\/#webpage\",\"url\":\"https:\\\/\\\/www.eldigitaldeasturias.com\\\/noticias\\\/emilio-leon-pone-en-duda-la-voluntad-de-dialogo-de-javier-fernandez-para-los-presupuestos\\\/\",\"name\":\"Emilio Le\\u00f3n pone en duda la voluntad de di\\u00e1logo de Javier Fern\\u00e1ndez para los presupuestos - El Digital de Asturias\",\"description\":\"El portavoz de Podemos en la Junta General del Principado de Asturias (JGPA), Emilio Le\\u00f3n, ha dicho este lunes que todo apunta a que el actual presidente asturiano y bar\\u00f3n socialista, Javier Fern\\u00e1ndez, se sentir\\u00eda \\\"m\\u00e1s a gusto\\\" con un gobierno de PP y Ciudadanos, algo que influir\\u00eda en la negociaci\\u00f3n de los presupuestos asturianos.\",\"inLanguage\":\"es-ES\",\"isPartOf\":{\"@id\":\"https:\\\/\\\/www.eldigitaldeasturias.com\\\/noticias\\\/#website\"},\"breadcrumb\":{\"@id\":\"https:\\\/\\\/www.eldigitaldeasturias.com\\\/noticias\\\/emilio-leon-pone-en-duda-la-voluntad-de-dialogo-de-javier-fernandez-para-los-presupuestos\\\/#breadcrumblist\"},\"author\":{\"@id\":\"https:\\\/\\\/www.eldigitaldeasturias.com\\\/noticias\\\/author\\\/admin\\\/#author\"},\"creator\":{\"@id\":\"https:\\\/\\\/www.eldigitaldeasturias.com\\\/noticias\\\/author\\\/admin\\\/#author\"},\"image\":{\"@type\":\"ImageObject\",\"url\":\"https:\\\/\\\/www.eldigitaldeasturias.com\\\/noticias\\\/wp-content\\\/uploads\\\/2016\\\/09\\\/fotonoticia_20160905132024_800.jpg\",\"@id\":\"https:\\\/\\\/www.eldigitaldeasturias.com\\\/noticias\\\/emilio-leon-pone-en-duda-la-voluntad-de-dialogo-de-javier-fernandez-para-los-presupuestos\\\/#mainImage\",\"width\":800,\"height\":600},\"primaryImageOfPage\":{\"@id\":\"https:\\\/\\\/www.eldigitaldeasturias.com\\\/noticias\\\/emilio-leon-pone-en-duda-la-voluntad-de-dialogo-de-javier-fernandez-para-los-presupuestos\\\/#mainImage\"},\"datePublished\":\"2016-09-06T00:19:53+02:00\",\"dateModified\":\"2016-09-06T00:19:53+02:00\"},{\"@type\":\"WebSite\",\"@id\":\"https:\\\/\\\/www.eldigitaldeasturias.com\\\/noticias\\\/#website\",\"url\":\"https:\\\/\\\/www.eldigitaldeasturias.com\\\/noticias\\\/\",\"name\":\"El Digital de Asturias - Diario de actualidad y noticias\",\"alternateName\":\"El Digital de Asturias - Diario de actualidad y noticias\",\"description\":\"Hemeroteca\",\"inLanguage\":\"es-ES\",\"publisher\":{\"@id\":\"https:\\\/\\\/www.eldigitaldeasturias.com\\\/noticias\\\/#organization\"}}]}\n\t\t<\/script>\n\t\t<!-- All in One SEO Pro -->\r\n\t\t<title>Emilio Le\u00f3n pone en duda la voluntad de di\u00e1logo de Javier Fern\u00e1ndez para los presupuestos - El Digital de Asturias<\/title>\n\n","aioseo_head_json":{"title":"Emilio Le\u00f3n pone en duda la voluntad de di\u00e1logo de Javier Fern\u00e1ndez para los presupuestos - El Digital de Asturias","description":"El portavoz de Podemos en la Junta General del Principado de Asturias (JGPA), Emilio Le\u00f3n, ha dicho este lunes que todo apunta a que el actual presidente asturiano y bar\u00f3n socialista, Javier Fern\u00e1ndez, se sentir\u00eda \"m\u00e1s a gusto\" con un gobierno de PP y Ciudadanos, algo que influir\u00eda en la negociaci\u00f3n de los presupuestos asturianos.","canonical_url":"https:\/\/www.eldigitaldeasturias.com\/noticias\/emilio-leon-pone-en-duda-la-voluntad-de-dialogo-de-javier-fernandez-para-los-presupuestos\/","robots":"max-image-preview:large","keywords":"actualidad asturias","webmasterTools":{"google-site-verification":"UA-38556648-1","msvalidate.01":"7dfe9f3f1b24437ab69f4f2559babe99","miscellaneous":""},"schema":{"@context":"https:\/\/schema.org","@graph":[{"@type":"BlogPosting","@id":"https:\/\/www.eldigitaldeasturias.com\/noticias\/emilio-leon-pone-en-duda-la-voluntad-de-dialogo-de-javier-fernandez-para-los-presupuestos\/#blogposting","name":"Emilio Le\u00f3n pone en duda la voluntad de di\u00e1logo de Javier Fern\u00e1ndez para los presupuestos - El Digital de Asturias","headline":"Emilio Le\u00f3n pone en duda la voluntad de di\u00e1logo de Javier Fern\u00e1ndez para los presupuestos","author":{"@id":"https:\/\/www.eldigitaldeasturias.com\/noticias\/author\/admin\/#author"},"publisher":{"@id":"https:\/\/www.eldigitaldeasturias.com\/noticias\/#organization"},"image":{"@type":"ImageObject","url":"https:\/\/www.eldigitaldeasturias.com\/noticias\/wp-content\/uploads\/2016\/09\/fotonoticia_20160905132024_800.jpg","width":800,"height":600},"datePublished":"2016-09-06T00:19:53+02:00","dateModified":"2016-09-06T00:19:53+02:00","inLanguage":"es-ES","mainEntityOfPage":{"@id":"https:\/\/www.eldigitaldeasturias.com\/noticias\/emilio-leon-pone-en-duda-la-voluntad-de-dialogo-de-javier-fernandez-para-los-presupuestos\/#webpage"},"isPartOf":{"@id":"https:\/\/www.eldigitaldeasturias.com\/noticias\/emilio-leon-pone-en-duda-la-voluntad-de-dialogo-de-javier-fernandez-para-los-presupuestos\/#webpage"},"articleSection":"Actualidad Asturias"},{"@type":"BreadcrumbList","@id":"https:\/\/www.eldigitaldeasturias.com\/noticias\/emilio-leon-pone-en-duda-la-voluntad-de-dialogo-de-javier-fernandez-para-los-presupuestos\/#breadcrumblist","itemListElement":[{"@type":"ListItem","@id":"https:\/\/www.eldigitaldeasturias.com\/noticias#listItem","position":1,"name":"Home","item":"https:\/\/www.eldigitaldeasturias.com\/noticias","nextItem":{"@type":"ListItem","@id":"https:\/\/www.eldigitaldeasturias.com\/noticias\/category\/actualidad-asturias\/#listItem","name":"Actualidad Asturias"}},{"@type":"ListItem","@id":"https:\/\/www.eldigitaldeasturias.com\/noticias\/category\/actualidad-asturias\/#listItem","position":2,"name":"Actualidad Asturias","item":"https:\/\/www.eldigitaldeasturias.com\/noticias\/category\/actualidad-asturias\/","nextItem":{"@type":"ListItem","@id":"https:\/\/www.eldigitaldeasturias.com\/noticias\/emilio-leon-pone-en-duda-la-voluntad-de-dialogo-de-javier-fernandez-para-los-presupuestos\/#listItem","name":"Emilio Le\u00f3n pone en duda la voluntad de di\u00e1logo de Javier Fern\u00e1ndez para los presupuestos"},"previousItem":{"@type":"ListItem","@id":"https:\/\/www.eldigitaldeasturias.com\/noticias#listItem","name":"Home"}},{"@type":"ListItem","@id":"https:\/\/www.eldigitaldeasturias.com\/noticias\/emilio-leon-pone-en-duda-la-voluntad-de-dialogo-de-javier-fernandez-para-los-presupuestos\/#listItem","position":3,"name":"Emilio Le\u00f3n pone en duda la voluntad de di\u00e1logo de Javier Fern\u00e1ndez para los presupuestos","previousItem":{"@type":"ListItem","@id":"https:\/\/www.eldigitaldeasturias.com\/noticias\/category\/actualidad-asturias\/#listItem","name":"Actualidad Asturias"}}]},{"@type":"Organization","@id":"https:\/\/www.eldigitaldeasturias.com\/noticias\/#organization","name":"El Digital de Asturias","description":"Hemeroteca","url":"https:\/\/www.eldigitaldeasturias.com\/noticias\/","email":"info@eldigitaldeasturias.com","telephone":"+34652131393","logo":{"@type":"ImageObject","url":"https:\/\/www.eldigitaldeasturias.com\/noticias\/wp-content\/uploads\/2020\/12\/EDA.jpg","@id":"https:\/\/www.eldigitaldeasturias.com\/noticias\/emilio-leon-pone-en-duda-la-voluntad-de-dialogo-de-javier-fernandez-para-los-presupuestos\/#organizationLogo","width":649,"height":297},"image":{"@id":"https:\/\/www.eldigitaldeasturias.com\/noticias\/emilio-leon-pone-en-duda-la-voluntad-de-dialogo-de-javier-fernandez-para-los-presupuestos\/#organizationLogo"},"sameAs":["https:\/\/facebook.com\/eldigitaldeasturias","https:\/\/www.youtube.com\/channel\/UCZP-2wLEB9Rv6erhFmqVnvg"],"address":{"@id":"https:\/\/www.eldigitaldeasturias.com\/noticias\/#postaladdress","@type":"PostalAddress","streetAddress":"san antonio 4,","postalCode":"33430","addressLocality":"Cand\u00e1s","addressRegion":"Asturias","addressCountry":"ES"}},{"@type":"Person","@id":"https:\/\/www.eldigitaldeasturias.com\/noticias\/author\/admin\/#author","url":"https:\/\/www.eldigitaldeasturias.com\/noticias\/author\/admin\/","name":"El Digital de Asturias","image":{"@type":"ImageObject","@id":"https:\/\/www.eldigitaldeasturias.com\/noticias\/emilio-leon-pone-en-duda-la-voluntad-de-dialogo-de-javier-fernandez-para-los-presupuestos\/#authorImage","url":"https:\/\/www.eldigitaldeasturias.com\/noticias\/wp-content\/litespeed\/avatar\/18677e78aa0546b92d9dbf31ec7d7668.jpg?ver=1777290358","width":96,"height":96,"caption":"El Digital de Asturias"}},{"@type":"WebPage","@id":"https:\/\/www.eldigitaldeasturias.com\/noticias\/emilio-leon-pone-en-duda-la-voluntad-de-dialogo-de-javier-fernandez-para-los-presupuestos\/#webpage","url":"https:\/\/www.eldigitaldeasturias.com\/noticias\/emilio-leon-pone-en-duda-la-voluntad-de-dialogo-de-javier-fernandez-para-los-presupuestos\/","name":"Emilio Le\u00f3n pone en duda la voluntad de di\u00e1logo de Javier Fern\u00e1ndez para los presupuestos - El Digital de Asturias","description":"El portavoz de Podemos en la Junta General del Principado de Asturias (JGPA), Emilio Le\u00f3n, ha dicho este lunes que todo apunta a que el actual presidente asturiano y bar\u00f3n socialista, Javier Fern\u00e1ndez, se sentir\u00eda \"m\u00e1s a gusto\" con un gobierno de PP y Ciudadanos, algo que influir\u00eda en la negociaci\u00f3n de los presupuestos asturianos.","inLanguage":"es-ES","isPartOf":{"@id":"https:\/\/www.eldigitaldeasturias.com\/noticias\/#website"},"breadcrumb":{"@id":"https:\/\/www.eldigitaldeasturias.com\/noticias\/emilio-leon-pone-en-duda-la-voluntad-de-dialogo-de-javier-fernandez-para-los-presupuestos\/#breadcrumblist"},"author":{"@id":"https:\/\/www.eldigitaldeasturias.com\/noticias\/author\/admin\/#author"},"creator":{"@id":"https:\/\/www.eldigitaldeasturias.com\/noticias\/author\/admin\/#author"},"image":{"@type":"ImageObject","url":"https:\/\/www.eldigitaldeasturias.com\/noticias\/wp-content\/uploads\/2016\/09\/fotonoticia_20160905132024_800.jpg","@id":"https:\/\/www.eldigitaldeasturias.com\/noticias\/emilio-leon-pone-en-duda-la-voluntad-de-dialogo-de-javier-fernandez-para-los-presupuestos\/#mainImage","width":800,"height":600},"primaryImageOfPage":{"@id":"https:\/\/www.eldigitaldeasturias.com\/noticias\/emilio-leon-pone-en-duda-la-voluntad-de-dialogo-de-javier-fernandez-para-los-presupuestos\/#mainImage"},"datePublished":"2016-09-06T00:19:53+02:00","dateModified":"2016-09-06T00:19:53+02:00"},{"@type":"WebSite","@id":"https:\/\/www.eldigitaldeasturias.com\/noticias\/#website","url":"https:\/\/www.eldigitaldeasturias.com\/noticias\/","name":"El Digital de Asturias - Diario de actualidad y noticias","alternateName":"El Digital de Asturias - Diario de actualidad y noticias","description":"Hemeroteca","inLanguage":"es-ES","publisher":{"@id":"https:\/\/www.eldigitaldeasturias.com\/noticias\/#organization"}}]},"og:locale":"es_ES","og:site_name":"El Digital de Asturias","og:type":"article","og:title":"Emilio Le\u00f3n pone en duda la voluntad de di\u00e1logo de Javier Fern\u00e1ndez para los presupuestos - El Digital de Asturias","og:description":"El portavoz de Podemos en la Junta General del Principado de Asturias (JGPA), Emilio Le\u00f3n, ha dicho este lunes que todo apunta a que el actual presidente asturiano y bar\u00f3n socialista, Javier Fern\u00e1ndez, se sentir\u00eda &quot;m\u00e1s a gusto&quot; con un gobierno de PP y Ciudadanos, algo que influir\u00eda en la negociaci\u00f3n de los presupuestos asturianos.","og:url":"https:\/\/www.eldigitaldeasturias.com\/noticias\/emilio-leon-pone-en-duda-la-voluntad-de-dialogo-de-javier-fernandez-para-los-presupuestos\/","og:image":"https:\/\/www.eldigitaldeasturias.com\/noticias\/wp-content\/uploads\/2016\/09\/fotonoticia_20160905132024_800.jpg","og:image:secure_url":"https:\/\/www.eldigitaldeasturias.com\/noticias\/wp-content\/uploads\/2016\/09\/fotonoticia_20160905132024_800.jpg","og:image:width":800,"og:image:height":600,"article:tag":["actualidad asturias"],"article:published_time":"2016-09-05T23:19:53+00:00","article:modified_time":"2016-09-05T23:19:53+00:00","article:publisher":"https:\/\/facebook.com\/eldigitaldeasturias","twitter:card":"summary_large_image","twitter:title":"Emilio Le\u00f3n pone en duda la voluntad de di\u00e1logo de Javier Fern\u00e1ndez para los presupuestos - El Digital de Asturias","twitter:description":"El portavoz de Podemos en la Junta General del Principado de Asturias (JGPA), Emilio Le\u00f3n, ha dicho este lunes que todo apunta a que el actual presidente asturiano y bar\u00f3n socialista, Javier Fern\u00e1ndez, se sentir\u00eda &quot;m\u00e1s a gusto&quot; con un gobierno de PP y Ciudadanos, algo que influir\u00eda en la negociaci\u00f3n de los presupuestos asturianos.","twitter:image":"https:\/\/www.eldigitaldeasturias.com\/noticias\/wp-content\/uploads\/2016\/09\/fotonoticia_20160905132024_800.jpg","twitter:label1":"Escrito por","twitter:data1":"El Digital de Asturias","twitter:label2":"Tiempo de lectura estimado","twitter:data2":"3 minutos"},"aioseo_meta_data":{"post_id":"905974","title":null,"description":null,"keywords":null,"keyphrases":null,"primary_term":null,"canonical_url":null,"og_title":null,"og_description":null,"og_object_type":"default","og_image_type":"default","og_image_url":null,"og_image_width":null,"og_image_height":null,"og_image_custom_url":null,"og_image_custom_fields":null,"og_video":null,"og_custom_url":null,"og_article_section":null,"og_article_tags":null,"twitter_use_og":false,"twitter_card":"default","twitter_image_type":"default","twitter_image_url":null,"twitter_image_custom_url":null,"twitter_image_custom_fields":null,"twitter_title":null,"twitter_description":null,"schema":{"blockGraphs":[],"customGraphs":[],"default":{"data":{"Article":[],"Course":[],"Dataset":[],"FAQPage":[],"Movie":[],"Person":[],"Product":[],"ProductReview":[],"Car":[],"Recipe":[],"Service":[],"SoftwareApplication":[],"WebPage":[]},"graphName":"","isEnabled":true},"graphs":[],"defaultGraph":"","defaultPostTypeGraph":""},"schema_type":null,"schema_type_options":null,"pillar_content":false,"robots_default":true,"robots_noindex":false,"robots_noarchive":false,"robots_nosnippet":false,"robots_nofollow":false,"robots_noimageindex":false,"robots_noodp":false,"robots_notranslate":false,"robots_max_snippet":null,"robots_max_videopreview":null,"robots_max_imagepreview":"large","priority":null,"frequency":null,"local_seo":null,"seo_analyzer_scan_date":"2025-11-30 07:25:21","breadcrumb_settings":null,"limit_modified_date":false,"open_ai":null,"ai":null,"created":"2020-12-21 14:02:05","updated":"2025-11-30 07:25:21"},"aioseo_breadcrumb":"<div class=\"aioseo-breadcrumbs\"><span class=\"aioseo-breadcrumb\">\n\t<a href=\"https:\/\/www.eldigitaldeasturias.com\/noticias\" title=\"Home\">Home<\/a>\n<\/span><span class=\"aioseo-breadcrumb-separator\">\u2013<\/span><span class=\"aioseo-breadcrumb\">\n\t<a href=\"https:\/\/www.eldigitaldeasturias.com\/noticias\/category\/actualidad-asturias\/\" title=\"Actualidad Asturias\">Actualidad Asturias<\/a>\n<\/span><span class=\"aioseo-breadcrumb-separator\">\u2013<\/span><span class=\"aioseo-breadcrumb\">\n\t<a href=\"https:\/\/www.eldigitaldeasturias.com\/noticias\/emilio-leon-pone-en-duda-la-voluntad-de-dialogo-de-javier-fernandez-para-los-presupuestos\/\" title=\"Emilio Le\u00f3n pone en duda la voluntad de di\u00e1logo de Javier Fern\u00e1ndez para los presupuestos\">Emilio Le\u00f3n pone en duda la voluntad de di\u00e1logo de Javier Fern\u00e1ndez para los presupuestos<\/a>\n<\/span><\/div>","aioseo_breadcrumb_json":[{"label":"Home","link":"https:\/\/www.eldigitaldeasturias.com\/noticias"},{"label":"Actualidad Asturias","link":"https:\/\/www.eldigitaldeasturias.com\/noticias\/category\/actualidad-asturias\/"},{"label":"Emilio Le\u00f3n pone en duda la voluntad de di\u00e1logo de Javier Fern\u00e1ndez para los presupuestos","link":"https:\/\/www.eldigitaldeasturias.com\/noticias\/emilio-leon-pone-en-duda-la-voluntad-de-dialogo-de-javier-fernandez-para-los-presupuestos\/"}],"_links":{"self":[{"href":"https:\/\/www.eldigitaldeasturias.com\/noticias\/wp-json\/wp\/v2\/posts\/905974","targetHints":{"allow":["GET"]}}],"collection":[{"href":"https:\/\/www.eldigitaldeasturias.com\/noticias\/wp-json\/wp\/v2\/posts"}],"about":[{"href":"https:\/\/www.eldigitaldeasturias.com\/noticias\/wp-json\/wp\/v2\/types\/post"}],"author":[{"embeddable":true,"href":"https:\/\/www.eldigitaldeasturias.com\/noticias\/wp-json\/wp\/v2\/users\/1"}],"replies":[{"embeddable":true,"href":"https:\/\/www.eldigitaldeasturias.com\/noticias\/wp-json\/wp\/v2\/comments?post=905974"}],"version-history":[{"count":0,"href":"https:\/\/www.eldigitaldeasturias.com\/noticias\/wp-json\/wp\/v2\/posts\/905974\/revisions"}],"wp:featuredmedia":[{"embeddable":true,"href":"https:\/\/www.eldigitaldeasturias.com\/noticias\/wp-json\/wp\/v2\/media\/905975"}],"wp:attachment":[{"href":"https:\/\/www.eldigitaldeasturias.com\/noticias\/wp-json\/wp\/v2\/media?parent=905974"}],"wp:term":[{"taxonomy":"category","embeddable":true,"href":"https:\/\/www.eldigitaldeasturias.com\/noticias\/wp-json\/wp\/v2\/categories?post=905974"},{"taxonomy":"post_tag","embeddable":true,"href":"https:\/\/www.eldigitaldeasturias.com\/noticias\/wp-json\/wp\/v2\/tags?post=905974"}],"curies":[{"name":"wp","href":"https:\/\/api.w.org\/{rel}","templated":true}]}}